{"id":2775,"date":"2019-04-12T07:15:12","date_gmt":"2019-04-12T07:15:12","guid":{"rendered":"https:\/\/allasorias.hu\/hirek\/?p=2775"},"modified":"2022-12-23T09:53:14","modified_gmt":"2022-12-23T09:53:14","slug":"beindult-a-toborzas-a-debreceni-bmw-nel","status":"publish","type":"post","link":"https:\/\/allasorias.hu\/hirek\/beindult-a-toborzas-a-debreceni-bmw-nel\/","title":{"rendered":"Beindult a toborz\u00e1s a debreceni BMW-n\u00e9l"},"content":{"rendered":"<p><strong>A debreceni BMW gy\u00e1r karrieroldala m\u00e1r nyitott az \u00e9rdekl\u0151d\u0151k fel\u00e9, h\u00e1rom \u00faj poz\u00edci\u00f3val ind\u00edtottak. A h\u00e1romb\u00f3l k\u00e9t poz\u00edci\u00f3 is szem\u00e9ly\u00fcgyi fels\u0151vezet\u0151nek hirdet \u00e1ll\u00e1st, ami egyet jelenhet: amint megvannak a megfelel\u0151 szem\u00e9lyek, a bajor gy\u00e1rt\u00f3 beind\u00edtja a nagy\u00fczemi munkaer\u0151felv\u00e9telt.<\/strong><\/p>\n<p>A BMW karrieroldal\u00e1n olvashat\u00f3, hogy a gy\u00e1r j\u00f6vend\u0151beli dolgoz\u00f3i a v\u00e1llalatn\u00e1l \u00fatt\u00f6r\u0151 munk\u00e1t v\u00e9gezhetnek olyan ter\u00fcleteken, mint az \u00f6nvezet\u0151 j\u00e1rm\u0171vek, a mesters\u00e9ges intelligencia \u00e9s az e-mobilit\u00e1s. A debreceni \u00fczemmel kapcsolatban kor\u00e1bban azt k\u00f6z\u00f6lte a gy\u00e1r vezet\u00e9se, hogy ak\u00e1r \u00e9vente 150 ezer darab j\u00e1rm\u0171 gy\u00e1rt\u00e1s\u00e1ra lesz kapacit\u00e1s. Ehhez legal\u00e1bb ezer dolgoz\u00f3ra lesz sz\u00fcks\u00e9g\u00fck. A megfelel\u0151 mennyis\u00e9g\u0171 \u00e9s tud\u00e1s\u00fa dolgoz\u00f3k felv\u00e9tel\u00e9nek els\u0151 felt\u00e9tele az az ember, aki a toborz\u00e1st vezeti, \u00e9s ennek a szakembernek a felkut\u00e1sa m\u00e1r meg is kezd\u0151d\u00f6tt. A BMW karrieroldal &#8222;Head of HR Services&#8221; \u00e9s &#8222;Head of HR Management&#8221; poz\u00edci\u00f3ra keres embert: mindk\u00e9t \u00e1ll\u00e1shirdet\u00e9sben komoly szakmai tapasztalatot v\u00e1rnak szem\u00e9ly\u00fcgyi ter\u00fcleten \u00e9s vezet\u0151k\u00e9nt egyar\u00e1nt. Angol nyelv\u0171 \u00f6n\u00e9letrajzokat k\u00e9rnek, \u00e9s a le\u00edr\u00e1sban szint\u00e9n az angol \u00e9s a magyar nyelv ismerete az elv\u00e1rt, \u00e9rdekes, hogy a n\u00e9met csak el\u0151nyt jelent a p\u00e1ly\u00e1z\u00f3n\u00e1l, de nem felt\u00e9tel. A harmadik meghirdetett \u00e1ll\u00e1s a &#8222;Head of occupational safety and ergonomics&#8221;, a leend\u0151 munkav\u00e9delmi \u00e9s a munkafolyamatok\u00e9rt felel\u0151s vezet\u0151nek szint\u00e9n nem kell tudnia n\u00e9met\u00fcl, ellenben legal\u00e1bb n\u00e9gy\u00e9ves szakmai tapasztalatot kell felmutatni, tov\u00e1bb\u00e1 magasfok\u00fa szakmai ismereteket a magyar biztons\u00e1gi szabv\u00e1nyok ter\u00e9n. A gy\u00e1r els\u0151 ember\u00e9t m\u00e1r kinevezt\u00e9k, Michele Melchiorre gazdag szakmai m\u00faltat tud felmutatni. Dolgozott a Semperit gumigy\u00e1rt\u00f3n\u00e1l, a DaimlerChrysler AG-n\u00e1l, az FCA Fiat Chrysler Automobiles-n\u00e1l, de megfordult az Airbusn\u00e1l \u00e9s a Bombardiern\u00e9l is.<\/p>\n<p>Forr\u00e1s: autopro.hu<\/p>\n","protected":false},"excerpt":{"rendered":"<p>A debreceni BMW gy\u00e1r karrieroldala m\u00e1r nyitott az \u00e9rdekl\u0151d\u0151k fel\u00e9, h\u00e1rom \u00faj poz\u00edci\u00f3val ind\u00edtottak. A h\u00e1romb\u00f3l k\u00e9t poz\u00edci\u00f3 is szem\u00e9ly\u00fcgyi fels\u0151vezet\u0151nek hirdet \u00e1ll\u00e1st, ami egyet jelenhet: amint megvannak a megfelel\u0151 szem\u00e9lyek, a bajor gy\u00e1rt\u00f3 beind\u00edtja a nagy\u00fczemi munkaer\u0151felv\u00e9telt. A BMW karrieroldal\u00e1n olvashat\u00f3, hogy a gy\u00e1r j\u00f6vend\u0151beli dolgoz\u00f3i a v\u00e1llalatn\u00e1l \u00fatt\u00f6r\u0151 munk\u00e1t v\u00e9gezhetnek olyan ter\u00fcleteken, mint [&hellip;]<\/p>\n","protected":false},"author":1,"featured_media":6090,"comment_status":"open","ping_status":"open","sticky":false,"template":"","format":"standard","meta":{"_monsterinsights_skip_tracking":false,"footnotes":""},"categories":[1,198,199,200],"tags":[],"class_list":["post-2775","post","type-post","status-publish","format-standard","has-post-thumbnail","hentry","category-allaskereses","category-gazdasag","category-karrier","category-munkaeropiac"],"aioseo_notices":[],"aioseo_head":"\n\t\t<!-- All in One SEO 5.0.0.1 - aioseo.com -->\n\t<meta name=\"description\" content=\"A debreceni BMW gy\u00e1r karrieroldala m\u00e1r nyitott az \u00e9rdekl\u0151d\u0151k fel\u00e9, h\u00e1rom \u00faj poz\u00edci\u00f3val ind\u00edtottak. A h\u00e1romb\u00f3l k\u00e9t poz\u00edci\u00f3 is szem\u00e9ly\u00fcgyi fels\u0151vezet\u0151nek hirdet \u00e1ll\u00e1st, ami egyet jelenhet: amint megvannak a megfelel\u0151 szem\u00e9lyek, a bajor gy\u00e1rt\u00f3 beind\u00edtja a nagy\u00fczemi munkaer\u0151felv\u00e9telt. A BMW karrieroldal\u00e1n olvashat\u00f3, hogy a gy\u00e1r j\u00f6vend\u0151beli dolgoz\u00f3i a v\u00e1llalatn\u00e1l \u00fatt\u00f6r\u0151 munk\u00e1t v\u00e9gezhetnek olyan ter\u00fcleteken, mint\" \/>\n\t<meta name=\"robots\" content=\"max-image-preview:large\" \/>\n\t<meta name=\"author\" content=\"Juh\u00e1sz P\u00e9ter\"\/>\n\t<link rel=\"canonical\" href=\"https:\/\/allasorias.hu\/hirek\/beindult-a-toborzas-a-debreceni-bmw-nel\/\" \/>\n\t<meta name=\"generator\" content=\"All in One SEO (AIOSEO) 5.0.0.1\" \/>\n\t\t<meta property=\"og:locale\" content=\"hu_HU\" \/>\n\t\t<meta property=\"og:site_name\" content=\"AllasOrias.hu | H\u00edrek-lapszemle | \u00dczleti h\u00edrek az \u00e1ll\u00e1s \u00e9s a munka vil\u00e1g\u00e1b\u00f3l\" \/>\n\t\t<meta property=\"og:type\" content=\"article\" \/>\n\t\t<meta property=\"og:title\" content=\"Beindult a toborz\u00e1s a debreceni BMW-n\u00e9l | AllasOrias.hu | H\u00edrek-lapszemle\" \/>\n\t\t<meta property=\"og:description\" content=\"A debreceni BMW gy\u00e1r karrieroldala m\u00e1r nyitott az \u00e9rdekl\u0151d\u0151k fel\u00e9, h\u00e1rom \u00faj poz\u00edci\u00f3val ind\u00edtottak. A h\u00e1romb\u00f3l k\u00e9t poz\u00edci\u00f3 is szem\u00e9ly\u00fcgyi fels\u0151vezet\u0151nek hirdet \u00e1ll\u00e1st, ami egyet jelenhet: amint megvannak a megfelel\u0151 szem\u00e9lyek, a bajor gy\u00e1rt\u00f3 beind\u00edtja a nagy\u00fczemi munkaer\u0151felv\u00e9telt. A BMW karrieroldal\u00e1n olvashat\u00f3, hogy a gy\u00e1r j\u00f6vend\u0151beli dolgoz\u00f3i a v\u00e1llalatn\u00e1l \u00fatt\u00f6r\u0151 munk\u00e1t v\u00e9gezhetnek olyan ter\u00fcleteken, mint\" \/>\n\t\t<meta property=\"og:url\" content=\"https:\/\/allasorias.hu\/hirek\/beindult-a-toborzas-a-debreceni-bmw-nel\/\" \/>\n\t\t<meta property=\"og:image\" content=\"https:\/\/allasorias.hu\/hirek\/wp-content\/uploads\/2019\/04\/BMW_Tiexi_Factory.jpg\" \/>\n\t\t<meta property=\"og:image:secure_url\" content=\"https:\/\/allasorias.hu\/hirek\/wp-content\/uploads\/2019\/04\/BMW_Tiexi_Factory.jpg\" \/>\n\t\t<meta property=\"og:image:width\" content=\"1000\" \/>\n\t\t<meta property=\"og:image:height\" content=\"656\" \/>\n\t\t<meta property=\"article:published_time\" content=\"2019-04-12T07:15:12+00:00\" \/>\n\t\t<meta property=\"article:modified_time\" content=\"2022-12-23T09:53:14+00:00\" \/>\n\t\t<meta property=\"article:publisher\" content=\"https:\/\/www.facebook.com\/allasorias\" \/>\n\t\t<meta name=\"twitter:card\" content=\"summary_large_image\" \/>\n\t\t<meta name=\"twitter:title\" content=\"Beindult a toborz\u00e1s a debreceni BMW-n\u00e9l | AllasOrias.hu | H\u00edrek-lapszemle\" \/>\n\t\t<meta name=\"twitter:description\" content=\"A debreceni BMW gy\u00e1r karrieroldala m\u00e1r nyitott az \u00e9rdekl\u0151d\u0151k fel\u00e9, h\u00e1rom \u00faj poz\u00edci\u00f3val ind\u00edtottak. A h\u00e1romb\u00f3l k\u00e9t poz\u00edci\u00f3 is szem\u00e9ly\u00fcgyi fels\u0151vezet\u0151nek hirdet \u00e1ll\u00e1st, ami egyet jelenhet: amint megvannak a megfelel\u0151 szem\u00e9lyek, a bajor gy\u00e1rt\u00f3 beind\u00edtja a nagy\u00fczemi munkaer\u0151felv\u00e9telt. A BMW karrieroldal\u00e1n olvashat\u00f3, hogy a gy\u00e1r j\u00f6vend\u0151beli dolgoz\u00f3i a v\u00e1llalatn\u00e1l \u00fatt\u00f6r\u0151 munk\u00e1t v\u00e9gezhetnek olyan ter\u00fcleteken, mint\" \/>\n\t\t<meta name=\"twitter:image\" content=\"https:\/\/allasorias.hu\/hirek\/wp-content\/uploads\/2019\/04\/BMW_Tiexi_Factory.jpg\" \/>\n\t\t<meta name=\"twitter:label1\" content=\"Written by\" \/>\n\t\t<meta name=\"twitter:data1\" content=\"Juh\u00e1sz P\u00e9ter\" \/>\n\t\t<meta name=\"twitter:label2\" content=\"Est. reading time\" \/>\n\t\t<meta name=\"twitter:data2\" content=\"2 minutes\" \/>\n\t\t<script type=\"application\/ld+json\" class=\"aioseo-schema\">\n\t\t\t{\"@context\":\"https:\\\/\\\/schema.org\",\"@graph\":[{\"@type\":\"Article\",\"@id\":\"https:\\\/\\\/allasorias.hu\\\/hirek\\\/beindult-a-toborzas-a-debreceni-bmw-nel\\\/#article\",\"name\":\"Beindult a toborz\\u00e1s a debreceni BMW-n\\u00e9l | AllasOrias.hu | H\\u00edrek-lapszemle\",\"headline\":\"Beindult a toborz\\u00e1s a debreceni BMW-n\\u00e9l\",\"author\":{\"@id\":\"https:\\\/\\\/allasorias.hu\\\/hirek\\\/author\\\/admin-allasorias\\\/#author\"},\"publisher\":{\"@id\":\"https:\\\/\\\/allasorias.hu\\\/hirek\\\/#organization\"},\"image\":{\"@type\":\"ImageObject\",\"url\":\"https:\\\/\\\/allasorias.hu\\\/hirek\\\/wp-content\\\/uploads\\\/2019\\\/04\\\/BMW_Tiexi_Factory.jpg\",\"width\":1000,\"height\":656},\"datePublished\":\"2019-04-12T07:15:12+02:00\",\"dateModified\":\"2022-12-23T09:53:14+02:00\",\"inLanguage\":\"hu-HU\",\"mainEntityOfPage\":{\"@id\":\"https:\\\/\\\/allasorias.hu\\\/hirek\\\/beindult-a-toborzas-a-debreceni-bmw-nel\\\/#webpage\"},\"isPartOf\":{\"@id\":\"https:\\\/\\\/allasorias.hu\\\/hirek\\\/beindult-a-toborzas-a-debreceni-bmw-nel\\\/#webpage\"},\"articleSection\":\"\\u00c1ll\\u00e1skeres\\u00e9s, Gazdas\\u00e1g, Karrier, Munkaer\\u0151piac\"},{\"@type\":\"BreadcrumbList\",\"@id\":\"https:\\\/\\\/allasorias.hu\\\/hirek\\\/beindult-a-toborzas-a-debreceni-bmw-nel\\\/#breadcrumblist\",\"itemListElement\":[{\"@type\":\"ListItem\",\"@id\":\"https:\\\/\\\/allasorias.hu\\\/hirek#listItem\",\"position\":1,\"name\":\"Home\",\"item\":\"https:\\\/\\\/allasorias.hu\\\/hirek\",\"nextItem\":{\"@type\":\"ListItem\",\"@id\":\"https:\\\/\\\/allasorias.hu\\\/hirek\\\/temak\\\/allaskereses\\\/#listItem\",\"name\":\"\\u00c1ll\\u00e1skeres\\u00e9s\"}},{\"@type\":\"ListItem\",\"@id\":\"https:\\\/\\\/allasorias.hu\\\/hirek\\\/temak\\\/allaskereses\\\/#listItem\",\"position\":2,\"name\":\"\\u00c1ll\\u00e1skeres\\u00e9s\",\"item\":\"https:\\\/\\\/allasorias.hu\\\/hirek\\\/temak\\\/allaskereses\\\/\",\"nextItem\":{\"@type\":\"ListItem\",\"@id\":\"https:\\\/\\\/allasorias.hu\\\/hirek\\\/beindult-a-toborzas-a-debreceni-bmw-nel\\\/#listItem\",\"name\":\"Beindult a toborz\\u00e1s a debreceni BMW-n\\u00e9l\"},\"previousItem\":{\"@type\":\"ListItem\",\"@id\":\"https:\\\/\\\/allasorias.hu\\\/hirek#listItem\",\"name\":\"Home\"}},{\"@type\":\"ListItem\",\"@id\":\"https:\\\/\\\/allasorias.hu\\\/hirek\\\/beindult-a-toborzas-a-debreceni-bmw-nel\\\/#listItem\",\"position\":3,\"name\":\"Beindult a toborz\\u00e1s a debreceni BMW-n\\u00e9l\",\"previousItem\":{\"@type\":\"ListItem\",\"@id\":\"https:\\\/\\\/allasorias.hu\\\/hirek\\\/temak\\\/allaskereses\\\/#listItem\",\"name\":\"\\u00c1ll\\u00e1skeres\\u00e9s\"}}]},{\"@type\":\"Organization\",\"@id\":\"https:\\\/\\\/allasorias.hu\\\/hirek\\\/#organization\",\"name\":\"AllasOrias.hu | H\\u00edrek-lapszemle\",\"description\":\"\\u00dczleti h\\u00edrek az \\u00e1ll\\u00e1s \\u00e9s a munka vil\\u00e1g\\u00e1b\\u00f3l\",\"url\":\"https:\\\/\\\/allasorias.hu\\\/hirek\\\/\",\"logo\":{\"@type\":\"ImageObject\",\"url\":\"https:\\\/\\\/allasorias.hu\\\/hirek\\\/wp-content\\\/uploads\\\/2022\\\/10\\\/allasorias_site_facebok_logo.png\",\"@id\":\"https:\\\/\\\/allasorias.hu\\\/hirek\\\/beindult-a-toborzas-a-debreceni-bmw-nel\\\/#organizationLogo\"},\"image\":{\"@id\":\"https:\\\/\\\/allasorias.hu\\\/hirek\\\/beindult-a-toborzas-a-debreceni-bmw-nel\\\/#organizationLogo\"},\"sameAs\":[\"https:\\\/\\\/www.facebook.com\\\/allasorias\",\"https:\\\/\\\/www.linkedin.com\\\/company\\\/allasorias\"]},{\"@type\":\"Person\",\"@id\":\"https:\\\/\\\/allasorias.hu\\\/hirek\\\/author\\\/admin-allasorias\\\/#author\",\"url\":\"https:\\\/\\\/allasorias.hu\\\/hirek\\\/author\\\/admin-allasorias\\\/\",\"name\":\"Juh\\u00e1sz P\\u00e9ter\",\"image\":{\"@type\":\"ImageObject\",\"@id\":\"https:\\\/\\\/allasorias.hu\\\/hirek\\\/beindult-a-toborzas-a-debreceni-bmw-nel\\\/#authorImage\",\"url\":\"https:\\\/\\\/secure.gravatar.com\\\/avatar\\\/36e6bcb83148978b992977cb0f54d22feb0cce8a0a849a9410532bb2623ba4c6?s=96&d=mm&r=g\",\"width\":96,\"height\":96,\"caption\":\"Juh\\u00e1sz P\\u00e9ter\"}},{\"@type\":\"WebPage\",\"@id\":\"https:\\\/\\\/allasorias.hu\\\/hirek\\\/beindult-a-toborzas-a-debreceni-bmw-nel\\\/#webpage\",\"url\":\"https:\\\/\\\/allasorias.hu\\\/hirek\\\/beindult-a-toborzas-a-debreceni-bmw-nel\\\/\",\"name\":\"Beindult a toborz\\u00e1s a debreceni BMW-n\\u00e9l | AllasOrias.hu | H\\u00edrek-lapszemle\",\"description\":\"A debreceni BMW gy\\u00e1r karrieroldala m\\u00e1r nyitott az \\u00e9rdekl\\u0151d\\u0151k fel\\u00e9, h\\u00e1rom \\u00faj poz\\u00edci\\u00f3val ind\\u00edtottak. A h\\u00e1romb\\u00f3l k\\u00e9t poz\\u00edci\\u00f3 is szem\\u00e9ly\\u00fcgyi fels\\u0151vezet\\u0151nek hirdet \\u00e1ll\\u00e1st, ami egyet jelenhet: amint megvannak a megfelel\\u0151 szem\\u00e9lyek, a bajor gy\\u00e1rt\\u00f3 beind\\u00edtja a nagy\\u00fczemi munkaer\\u0151felv\\u00e9telt. A BMW karrieroldal\\u00e1n olvashat\\u00f3, hogy a gy\\u00e1r j\\u00f6vend\\u0151beli dolgoz\\u00f3i a v\\u00e1llalatn\\u00e1l \\u00fatt\\u00f6r\\u0151 munk\\u00e1t v\\u00e9gezhetnek olyan ter\\u00fcleteken, mint\",\"inLanguage\":\"hu-HU\",\"isPartOf\":{\"@id\":\"https:\\\/\\\/allasorias.hu\\\/hirek\\\/#website\"},\"breadcrumb\":{\"@id\":\"https:\\\/\\\/allasorias.hu\\\/hirek\\\/beindult-a-toborzas-a-debreceni-bmw-nel\\\/#breadcrumblist\"},\"author\":{\"@id\":\"https:\\\/\\\/allasorias.hu\\\/hirek\\\/author\\\/admin-allasorias\\\/#author\"},\"creator\":{\"@id\":\"https:\\\/\\\/allasorias.hu\\\/hirek\\\/author\\\/admin-allasorias\\\/#author\"},\"image\":{\"@type\":\"ImageObject\",\"url\":\"https:\\\/\\\/allasorias.hu\\\/hirek\\\/wp-content\\\/uploads\\\/2019\\\/04\\\/BMW_Tiexi_Factory.jpg\",\"@id\":\"https:\\\/\\\/allasorias.hu\\\/hirek\\\/beindult-a-toborzas-a-debreceni-bmw-nel\\\/#mainImage\",\"width\":1000,\"height\":656},\"primaryImageOfPage\":{\"@id\":\"https:\\\/\\\/allasorias.hu\\\/hirek\\\/beindult-a-toborzas-a-debreceni-bmw-nel\\\/#mainImage\"},\"datePublished\":\"2019-04-12T07:15:12+02:00\",\"dateModified\":\"2022-12-23T09:53:14+02:00\"},{\"@type\":\"WebSite\",\"@id\":\"https:\\\/\\\/allasorias.hu\\\/hirek\\\/#website\",\"url\":\"https:\\\/\\\/allasorias.hu\\\/hirek\\\/\",\"name\":\"AllasOrias.hu | H\\u00edrek-lapszemle\",\"description\":\"\\u00dczleti h\\u00edrek az \\u00e1ll\\u00e1s \\u00e9s a munka vil\\u00e1g\\u00e1b\\u00f3l\",\"inLanguage\":\"hu-HU\",\"publisher\":{\"@id\":\"https:\\\/\\\/allasorias.hu\\\/hirek\\\/#organization\"}}]}\n\t\t<\/script>\n\t\t<!-- All in One SEO -->\n\n","aioseo_head_json":{"title":"Beindult a toborz\u00e1s a debreceni BMW-n\u00e9l | AllasOrias.hu | H\u00edrek-lapszemle","description":"A debreceni BMW gy\u00e1r karrieroldala m\u00e1r nyitott az \u00e9rdekl\u0151d\u0151k fel\u00e9, h\u00e1rom \u00faj poz\u00edci\u00f3val ind\u00edtottak. A h\u00e1romb\u00f3l k\u00e9t poz\u00edci\u00f3 is szem\u00e9ly\u00fcgyi fels\u0151vezet\u0151nek hirdet \u00e1ll\u00e1st, ami egyet jelenhet: amint megvannak a megfelel\u0151 szem\u00e9lyek, a bajor gy\u00e1rt\u00f3 beind\u00edtja a nagy\u00fczemi munkaer\u0151felv\u00e9telt. A BMW karrieroldal\u00e1n olvashat\u00f3, hogy a gy\u00e1r j\u00f6vend\u0151beli dolgoz\u00f3i a v\u00e1llalatn\u00e1l \u00fatt\u00f6r\u0151 munk\u00e1t v\u00e9gezhetnek olyan ter\u00fcleteken, mint","canonical_url":"https:\/\/allasorias.hu\/hirek\/beindult-a-toborzas-a-debreceni-bmw-nel\/","robots":"max-image-preview:large","keywords":"","webmasterTools":{"miscellaneous":""},"schema":{"@context":"https:\/\/schema.org","@graph":[{"@type":"Article","@id":"https:\/\/allasorias.hu\/hirek\/beindult-a-toborzas-a-debreceni-bmw-nel\/#article","name":"Beindult a toborz\u00e1s a debreceni BMW-n\u00e9l | AllasOrias.hu | H\u00edrek-lapszemle","headline":"Beindult a toborz\u00e1s a debreceni BMW-n\u00e9l","author":{"@id":"https:\/\/allasorias.hu\/hirek\/author\/admin-allasorias\/#author"},"publisher":{"@id":"https:\/\/allasorias.hu\/hirek\/#organization"},"image":{"@type":"ImageObject","url":"https:\/\/allasorias.hu\/hirek\/wp-content\/uploads\/2019\/04\/BMW_Tiexi_Factory.jpg","width":1000,"height":656},"datePublished":"2019-04-12T07:15:12+02:00","dateModified":"2022-12-23T09:53:14+02:00","inLanguage":"hu-HU","mainEntityOfPage":{"@id":"https:\/\/allasorias.hu\/hirek\/beindult-a-toborzas-a-debreceni-bmw-nel\/#webpage"},"isPartOf":{"@id":"https:\/\/allasorias.hu\/hirek\/beindult-a-toborzas-a-debreceni-bmw-nel\/#webpage"},"articleSection":"\u00c1ll\u00e1skeres\u00e9s, Gazdas\u00e1g, Karrier, Munkaer\u0151piac"},{"@type":"BreadcrumbList","@id":"https:\/\/allasorias.hu\/hirek\/beindult-a-toborzas-a-debreceni-bmw-nel\/#breadcrumblist","itemListElement":[{"@type":"ListItem","@id":"https:\/\/allasorias.hu\/hirek#listItem","position":1,"name":"Home","item":"https:\/\/allasorias.hu\/hirek","nextItem":{"@type":"ListItem","@id":"https:\/\/allasorias.hu\/hirek\/temak\/allaskereses\/#listItem","name":"\u00c1ll\u00e1skeres\u00e9s"}},{"@type":"ListItem","@id":"https:\/\/allasorias.hu\/hirek\/temak\/allaskereses\/#listItem","position":2,"name":"\u00c1ll\u00e1skeres\u00e9s","item":"https:\/\/allasorias.hu\/hirek\/temak\/allaskereses\/","nextItem":{"@type":"ListItem","@id":"https:\/\/allasorias.hu\/hirek\/beindult-a-toborzas-a-debreceni-bmw-nel\/#listItem","name":"Beindult a toborz\u00e1s a debreceni BMW-n\u00e9l"},"previousItem":{"@type":"ListItem","@id":"https:\/\/allasorias.hu\/hirek#listItem","name":"Home"}},{"@type":"ListItem","@id":"https:\/\/allasorias.hu\/hirek\/beindult-a-toborzas-a-debreceni-bmw-nel\/#listItem","position":3,"name":"Beindult a toborz\u00e1s a debreceni BMW-n\u00e9l","previousItem":{"@type":"ListItem","@id":"https:\/\/allasorias.hu\/hirek\/temak\/allaskereses\/#listItem","name":"\u00c1ll\u00e1skeres\u00e9s"}}]},{"@type":"Organization","@id":"https:\/\/allasorias.hu\/hirek\/#organization","name":"AllasOrias.hu | H\u00edrek-lapszemle","description":"\u00dczleti h\u00edrek az \u00e1ll\u00e1s \u00e9s a munka vil\u00e1g\u00e1b\u00f3l","url":"https:\/\/allasorias.hu\/hirek\/","logo":{"@type":"ImageObject","url":"https:\/\/allasorias.hu\/hirek\/wp-content\/uploads\/2022\/10\/allasorias_site_facebok_logo.png","@id":"https:\/\/allasorias.hu\/hirek\/beindult-a-toborzas-a-debreceni-bmw-nel\/#organizationLogo"},"image":{"@id":"https:\/\/allasorias.hu\/hirek\/beindult-a-toborzas-a-debreceni-bmw-nel\/#organizationLogo"},"sameAs":["https:\/\/www.facebook.com\/allasorias","https:\/\/www.linkedin.com\/company\/allasorias"]},{"@type":"Person","@id":"https:\/\/allasorias.hu\/hirek\/author\/admin-allasorias\/#author","url":"https:\/\/allasorias.hu\/hirek\/author\/admin-allasorias\/","name":"Juh\u00e1sz P\u00e9ter","image":{"@type":"ImageObject","@id":"https:\/\/allasorias.hu\/hirek\/beindult-a-toborzas-a-debreceni-bmw-nel\/#authorImage","url":"https:\/\/secure.gravatar.com\/avatar\/36e6bcb83148978b992977cb0f54d22feb0cce8a0a849a9410532bb2623ba4c6?s=96&d=mm&r=g","width":96,"height":96,"caption":"Juh\u00e1sz P\u00e9ter"}},{"@type":"WebPage","@id":"https:\/\/allasorias.hu\/hirek\/beindult-a-toborzas-a-debreceni-bmw-nel\/#webpage","url":"https:\/\/allasorias.hu\/hirek\/beindult-a-toborzas-a-debreceni-bmw-nel\/","name":"Beindult a toborz\u00e1s a debreceni BMW-n\u00e9l | AllasOrias.hu | H\u00edrek-lapszemle","description":"A debreceni BMW gy\u00e1r karrieroldala m\u00e1r nyitott az \u00e9rdekl\u0151d\u0151k fel\u00e9, h\u00e1rom \u00faj poz\u00edci\u00f3val ind\u00edtottak. A h\u00e1romb\u00f3l k\u00e9t poz\u00edci\u00f3 is szem\u00e9ly\u00fcgyi fels\u0151vezet\u0151nek hirdet \u00e1ll\u00e1st, ami egyet jelenhet: amint megvannak a megfelel\u0151 szem\u00e9lyek, a bajor gy\u00e1rt\u00f3 beind\u00edtja a nagy\u00fczemi munkaer\u0151felv\u00e9telt. A BMW karrieroldal\u00e1n olvashat\u00f3, hogy a gy\u00e1r j\u00f6vend\u0151beli dolgoz\u00f3i a v\u00e1llalatn\u00e1l \u00fatt\u00f6r\u0151 munk\u00e1t v\u00e9gezhetnek olyan ter\u00fcleteken, mint","inLanguage":"hu-HU","isPartOf":{"@id":"https:\/\/allasorias.hu\/hirek\/#website"},"breadcrumb":{"@id":"https:\/\/allasorias.hu\/hirek\/beindult-a-toborzas-a-debreceni-bmw-nel\/#breadcrumblist"},"author":{"@id":"https:\/\/allasorias.hu\/hirek\/author\/admin-allasorias\/#author"},"creator":{"@id":"https:\/\/allasorias.hu\/hirek\/author\/admin-allasorias\/#author"},"image":{"@type":"ImageObject","url":"https:\/\/allasorias.hu\/hirek\/wp-content\/uploads\/2019\/04\/BMW_Tiexi_Factory.jpg","@id":"https:\/\/allasorias.hu\/hirek\/beindult-a-toborzas-a-debreceni-bmw-nel\/#mainImage","width":1000,"height":656},"primaryImageOfPage":{"@id":"https:\/\/allasorias.hu\/hirek\/beindult-a-toborzas-a-debreceni-bmw-nel\/#mainImage"},"datePublished":"2019-04-12T07:15:12+02:00","dateModified":"2022-12-23T09:53:14+02:00"},{"@type":"WebSite","@id":"https:\/\/allasorias.hu\/hirek\/#website","url":"https:\/\/allasorias.hu\/hirek\/","name":"AllasOrias.hu | H\u00edrek-lapszemle","description":"\u00dczleti h\u00edrek az \u00e1ll\u00e1s \u00e9s a munka vil\u00e1g\u00e1b\u00f3l","inLanguage":"hu-HU","publisher":{"@id":"https:\/\/allasorias.hu\/hirek\/#organization"}}]},"og:locale":"hu_HU","og:site_name":"AllasOrias.hu | H\u00edrek-lapszemle | \u00dczleti h\u00edrek az \u00e1ll\u00e1s \u00e9s a munka vil\u00e1g\u00e1b\u00f3l","og:type":"article","og:title":"Beindult a toborz\u00e1s a debreceni BMW-n\u00e9l | AllasOrias.hu | H\u00edrek-lapszemle","og:description":"A debreceni BMW gy\u00e1r karrieroldala m\u00e1r nyitott az \u00e9rdekl\u0151d\u0151k fel\u00e9, h\u00e1rom \u00faj poz\u00edci\u00f3val ind\u00edtottak. A h\u00e1romb\u00f3l k\u00e9t poz\u00edci\u00f3 is szem\u00e9ly\u00fcgyi fels\u0151vezet\u0151nek hirdet \u00e1ll\u00e1st, ami egyet jelenhet: amint megvannak a megfelel\u0151 szem\u00e9lyek, a bajor gy\u00e1rt\u00f3 beind\u00edtja a nagy\u00fczemi munkaer\u0151felv\u00e9telt. A BMW karrieroldal\u00e1n olvashat\u00f3, hogy a gy\u00e1r j\u00f6vend\u0151beli dolgoz\u00f3i a v\u00e1llalatn\u00e1l \u00fatt\u00f6r\u0151 munk\u00e1t v\u00e9gezhetnek olyan ter\u00fcleteken, mint","og:url":"https:\/\/allasorias.hu\/hirek\/beindult-a-toborzas-a-debreceni-bmw-nel\/","og:image":"https:\/\/allasorias.hu\/hirek\/wp-content\/uploads\/2019\/04\/BMW_Tiexi_Factory.jpg","og:image:secure_url":"https:\/\/allasorias.hu\/hirek\/wp-content\/uploads\/2019\/04\/BMW_Tiexi_Factory.jpg","og:image:width":1000,"og:image:height":656,"article:published_time":"2019-04-12T07:15:12+00:00","article:modified_time":"2022-12-23T09:53:14+00:00","article:publisher":"https:\/\/www.facebook.com\/allasorias","twitter:card":"summary_large_image","twitter:title":"Beindult a toborz\u00e1s a debreceni BMW-n\u00e9l | AllasOrias.hu | H\u00edrek-lapszemle","twitter:description":"A debreceni BMW gy\u00e1r karrieroldala m\u00e1r nyitott az \u00e9rdekl\u0151d\u0151k fel\u00e9, h\u00e1rom \u00faj poz\u00edci\u00f3val ind\u00edtottak. A h\u00e1romb\u00f3l k\u00e9t poz\u00edci\u00f3 is szem\u00e9ly\u00fcgyi fels\u0151vezet\u0151nek hirdet \u00e1ll\u00e1st, ami egyet jelenhet: amint megvannak a megfelel\u0151 szem\u00e9lyek, a bajor gy\u00e1rt\u00f3 beind\u00edtja a nagy\u00fczemi munkaer\u0151felv\u00e9telt. A BMW karrieroldal\u00e1n olvashat\u00f3, hogy a gy\u00e1r j\u00f6vend\u0151beli dolgoz\u00f3i a v\u00e1llalatn\u00e1l \u00fatt\u00f6r\u0151 munk\u00e1t v\u00e9gezhetnek olyan ter\u00fcleteken, mint","twitter:image":"https:\/\/allasorias.hu\/hirek\/wp-content\/uploads\/2019\/04\/BMW_Tiexi_Factory.jpg","twitter:label1":"Written by","twitter:data1":"Juh\u00e1sz P\u00e9ter","twitter:label2":"Est. reading time","twitter:data2":"2 minutes"},"aioseo_meta_data":{"post_id":"2775","title":null,"description":null,"keywords":[],"keyphrases":{"focus":{"keyphrase":"","score":0,"analysis":{"keyphraseInTitle":{"score":0,"maxScore":9,"error":1}}},"additional":[]},"primary_term":null,"canonical_url":null,"og_title":null,"og_description":null,"og_object_type":"default","og_image_type":"default","og_image_url":null,"og_image_width":null,"og_image_height":null,"og_image_custom_url":null,"og_image_custom_fields":null,"og_video":"","og_custom_url":null,"og_article_section":null,"og_article_tags":[],"twitter_use_og":false,"twitter_card":"default","twitter_image_type":"default","twitter_image_url":null,"twitter_image_custom_url":null,"twitter_image_custom_fields":null,"twitter_title":null,"twitter_description":null,"schema":{"blockGraphs":[],"customGraphs":[],"default":{"data":{"Article":[],"Course":[],"Dataset":[],"FAQPage":[],"Movie":[],"Person":[],"Product":[],"ProductReview":[],"Car":[],"Recipe":[],"Service":[],"SoftwareApplication":[],"WebPage":[]},"graphName":"Article","isEnabled":true},"graphs":[],"defaultGraph":"","defaultPostTypeGraph":""},"schema_type":null,"schema_type_options":null,"pillar_content":false,"robots_default":true,"robots_noindex":false,"robots_noarchive":false,"robots_nosnippet":false,"robots_nofollow":false,"robots_noimageindex":false,"robots_noodp":false,"robots_notranslate":false,"robots_max_snippet":"-1","robots_max_videopreview":"-1","robots_max_imagepreview":"large","priority":null,"frequency":"default","location":null,"local_seo":null,"breadcrumb_settings":null,"limit_modified_date":false,"ai":null,"created":"2021-02-01 21:14:05","updated":"2025-10-02 11:04:36","seo_analyzer_scan_date":null,"focus_keyword":null,"additional_keywords":null,"truseo_locale":null},"aioseo_breadcrumb":"<div class=\"aioseo-breadcrumbs\"><span class=\"aioseo-breadcrumb\">\n\t\t\t<a href=\"https:\/\/allasorias.hu\/hirek\" title=\"Home\">Home<\/a>\n\t\t<\/span><span class=\"aioseo-breadcrumb-separator\">&raquo;<\/span><span class=\"aioseo-breadcrumb\">\n\t\t\t<a href=\"https:\/\/allasorias.hu\/hirek\/temak\/allaskereses\/\" title=\"\u00c1ll\u00e1skeres\u00e9s\">\u00c1ll\u00e1skeres\u00e9s<\/a>\n\t\t<\/span><span class=\"aioseo-breadcrumb-separator\">&raquo;<\/span><span class=\"aioseo-breadcrumb\">\n\t\t\tBeindult a toborz\u00e1s a debreceni BMW-n\u00e9l\n\t\t<\/span><\/div>","aioseo_breadcrumb_json":[{"label":"Home","link":"https:\/\/allasorias.hu\/hirek"},{"label":"\u00c1ll\u00e1skeres\u00e9s","link":"https:\/\/allasorias.hu\/hirek\/temak\/allaskereses\/"},{"label":"Beindult a toborz\u00e1s a debreceni BMW-n\u00e9l","link":"https:\/\/allasorias.hu\/hirek\/beindult-a-toborzas-a-debreceni-bmw-nel\/"}],"_links":{"self":[{"href":"https:\/\/allasorias.hu\/hirek\/wp-json\/wp\/v2\/posts\/2775","targetHints":{"allow":["GET"]}}],"collection":[{"href":"https:\/\/allasorias.hu\/hirek\/wp-json\/wp\/v2\/posts"}],"about":[{"href":"https:\/\/allasorias.hu\/hirek\/wp-json\/wp\/v2\/types\/post"}],"author":[{"embeddable":true,"href":"https:\/\/allasorias.hu\/hirek\/wp-json\/wp\/v2\/users\/1"}],"replies":[{"embeddable":true,"href":"https:\/\/allasorias.hu\/hirek\/wp-json\/wp\/v2\/comments?post=2775"}],"version-history":[{"count":1,"href":"https:\/\/allasorias.hu\/hirek\/wp-json\/wp\/v2\/posts\/2775\/revisions"}],"predecessor-version":[{"id":2777,"href":"https:\/\/allasorias.hu\/hirek\/wp-json\/wp\/v2\/posts\/2775\/revisions\/2777"}],"wp:featuredmedia":[{"embeddable":true,"href":"https:\/\/allasorias.hu\/hirek\/wp-json\/wp\/v2\/media\/6090"}],"wp:attachment":[{"href":"https:\/\/allasorias.hu\/hirek\/wp-json\/wp\/v2\/media?parent=2775"}],"wp:term":[{"taxonomy":"category","embeddable":true,"href":"https:\/\/allasorias.hu\/hirek\/wp-json\/wp\/v2\/categories?post=2775"},{"taxonomy":"post_tag","embeddable":true,"href":"https:\/\/allasorias.hu\/hirek\/wp-json\/wp\/v2\/tags?post=2775"}],"curies":[{"name":"wp","href":"https:\/\/api.w.org\/{rel}","templated":true}]}}