{"id":2773,"date":"2019-04-12T07:12:03","date_gmt":"2019-04-12T07:12:03","guid":{"rendered":"https:\/\/allasorias.hu\/hirek\/?p=2773"},"modified":"2019-04-12T07:12:03","modified_gmt":"2019-04-12T07:12:03","slug":"egyezsegre-jutottak-a-dolgozokkal-a-chinoin-gyarban","status":"publish","type":"post","link":"https:\/\/allasorias.hu\/hirek\/egyezsegre-jutottak-a-dolgozokkal-a-chinoin-gyarban\/","title":{"rendered":"Egyezs\u00e9gre jutottak a dolgoz\u00f3kkal a Chinoin gy\u00e1rban"},"content":{"rendered":"<p><strong>Siker\u00fclt meg\u00e1llapodni a munkav\u00e1llal\u00f3k \u00e9s a Sanofi csoporthoz tartoz\u00f3 Chinoin vezet\u00e9s\u00e9nek a b\u00e9rekr\u0151l. Sz\u00e9kely Tam\u00e1s, a \u00a0Magyar Vegyipari, Energiaipari \u00e9s Rokon Szakm\u00e1kban Dolgoz\u00f3k Szakszervezeti Sz\u00f6vets\u00e9g eln\u00f6ke \u00a0elmondta: a dolgoz\u00f3knak a szakszervezet \u00e1ll\u00e1spontja szerint siker\u00fclt jelent\u0151s b\u00e9rfejleszt\u00e9st el\u00e9rni\u00fck. <\/strong><\/p>\n<p>A meg\u00e1llapod\u00e1s n\u00e9gynapos, \u00f6sszesen k\u00f6zel 50 \u00f3r\u00e1s, a c\u00e9gvezet\u00e9s r\u00e9sz\u00e9r\u0151l is konstrukt\u00edv maratoni t\u00e1rgyal\u00e1sokat k\u00f6vet\u0151en sz\u00fcletett meg cs\u00fct\u00f6rt\u00f6k este a VDSZ \u00e9s a Chinoin-Sanofi k\u00f6z\u00f6tt. A meg\u00e1llapod\u00e1s \u00e9rtelm\u00e9ben m\u00e1rcius 1-re visszamen\u0151leg s\u00e1vosan, a k\u00fcl\u00f6nb\u00f6z\u0151 fizet\u00e9si kateg\u00f3ri\u00e1knak megfelel\u0151en 21.000.-, 18.500.- \u00e9s 9.000.- os havi b\u00e9remel\u00e9sben r\u00e9szes\u00fclnek a munkav\u00e1llal\u00f3k a Chinoinn\u00e1l \u00e9s a Sanofin\u00e1l a c\u00e9g kor\u00e1bban m\u00e1r egyoldal\u00faan bejelentett 3%-os b\u00e9remel\u00e9s\u00e9n fel\u00fcl \u2013 mondta el a szakszervezet eln\u00f6ke a M\u00e9rc\u00e9nek. A meg\u00e1llapod\u00e1s egyik fontos eredm\u00e9nye, hogy az \u00e9rv\u00e9nyes a k\u00f6lcs\u00f6nz\u00f6tt munkaer\u0151re is. Mivel siker\u00fclt meg\u00e1llapodni a munk\u00e1ltat\u00f3val, \u00edgy nem tartj\u00e1k meg a hat\u00e1rozatlan idej\u0171 sztr\u00e1jkot sem a v\u00e1llalat dolgoz\u00f3i, a VDSZ \u00e1ltal kezdem\u00e9nyezett kollekt\u00edv munka\u00fcgyi vit\u00e1t a felek lez\u00e1rtnak tekintik. A Sanofi csoporthoz tartoz\u00f3 Chinoin dolgoz\u00f3i kedden 13 \u00e9s 15 \u00f3ra k\u00f6z\u00f6tt tartottak k\u00e9t \u00f3r\u00e1s figyelmeztet\u0151 sztr\u00e1jkot a c\u00e9g h\u00e1rom telephely\u00e9n, Budapesten, a Csanyik-v\u00f6lgyben \u00e9s Veresegyh\u00e1zon. A negyedik telephelyen, Nagyt\u00e9t\u00e9nyben szolidarit\u00e1si sztr\u00e1jkot tartottak a dolgoz\u00f3k a figyelmeztet\u0151 sztr\u00e1jk ideje alatt.<\/p>\n<p>Forr\u00e1s:\u00a0 merce.hu<\/p>\n","protected":false},"excerpt":{"rendered":"<p>Siker\u00fclt meg\u00e1llapodni a munkav\u00e1llal\u00f3k \u00e9s a Sanofi csoporthoz tartoz\u00f3 Chinoin vezet\u00e9s\u00e9nek a b\u00e9rekr\u0151l. Sz\u00e9kely Tam\u00e1s, a \u00a0Magyar Vegyipari, Energiaipari \u00e9s Rokon Szakm\u00e1kban Dolgoz\u00f3k Szakszervezeti Sz\u00f6vets\u00e9g eln\u00f6ke \u00a0elmondta: a dolgoz\u00f3knak a szakszervezet \u00e1ll\u00e1spontja szerint siker\u00fclt jelent\u0151s b\u00e9rfejleszt\u00e9st el\u00e9rni\u00fck. A meg\u00e1llapod\u00e1s n\u00e9gynapos, \u00f6sszesen k\u00f6zel 50 \u00f3r\u00e1s, a c\u00e9gvezet\u00e9s r\u00e9sz\u00e9r\u0151l is konstrukt\u00edv maratoni t\u00e1rgyal\u00e1sokat k\u00f6vet\u0151en sz\u00fcletett meg cs\u00fct\u00f6rt\u00f6k [&hellip;]<\/p>\n","protected":false},"author":1,"featured_media":2573,"comment_status":"open","ping_status":"open","sticky":false,"template":"","format":"standard","meta":{"_monsterinsights_skip_tracking":false,"footnotes":""},"categories":[198],"tags":[],"class_list":["post-2773","post","type-post","status-publish","format-standard","has-post-thumbnail","hentry","category-gazdasag"],"aioseo_notices":[],"aioseo_head":"\n\t\t<!-- All in One SEO 5.0.0.1 - aioseo.com -->\n\t<meta name=\"description\" content=\"Siker\u00fclt meg\u00e1llapodni a munkav\u00e1llal\u00f3k \u00e9s a Sanofi csoporthoz tartoz\u00f3 Chinoin vezet\u00e9s\u00e9nek a b\u00e9rekr\u0151l. Sz\u00e9kely Tam\u00e1s, a Magyar Vegyipari, Energiaipari \u00e9s Rokon Szakm\u00e1kban Dolgoz\u00f3k Szakszervezeti Sz\u00f6vets\u00e9g eln\u00f6ke elmondta: a dolgoz\u00f3knak a szakszervezet \u00e1ll\u00e1spontja szerint siker\u00fclt jelent\u0151s b\u00e9rfejleszt\u00e9st el\u00e9rni\u00fck. A meg\u00e1llapod\u00e1s n\u00e9gynapos, \u00f6sszesen k\u00f6zel 50 \u00f3r\u00e1s, a c\u00e9gvezet\u00e9s r\u00e9sz\u00e9r\u0151l is konstrukt\u00edv maratoni t\u00e1rgyal\u00e1sokat k\u00f6vet\u0151en sz\u00fcletett meg cs\u00fct\u00f6rt\u00f6k\" \/>\n\t<meta name=\"robots\" content=\"max-image-preview:large\" \/>\n\t<meta name=\"author\" content=\"Juh\u00e1sz P\u00e9ter\"\/>\n\t<link rel=\"canonical\" href=\"https:\/\/allasorias.hu\/hirek\/egyezsegre-jutottak-a-dolgozokkal-a-chinoin-gyarban\/\" \/>\n\t<meta name=\"generator\" content=\"All in One SEO (AIOSEO) 5.0.0.1\" \/>\n\t\t<meta property=\"og:locale\" content=\"hu_HU\" \/>\n\t\t<meta property=\"og:site_name\" content=\"AllasOrias.hu | H\u00edrek-lapszemle | \u00dczleti h\u00edrek az \u00e1ll\u00e1s \u00e9s a munka vil\u00e1g\u00e1b\u00f3l\" \/>\n\t\t<meta property=\"og:type\" content=\"article\" \/>\n\t\t<meta property=\"og:title\" content=\"Egyezs\u00e9gre jutottak a dolgoz\u00f3kkal a Chinoin gy\u00e1rban | AllasOrias.hu | H\u00edrek-lapszemle\" \/>\n\t\t<meta property=\"og:description\" content=\"Siker\u00fclt meg\u00e1llapodni a munkav\u00e1llal\u00f3k \u00e9s a Sanofi csoporthoz tartoz\u00f3 Chinoin vezet\u00e9s\u00e9nek a b\u00e9rekr\u0151l. Sz\u00e9kely Tam\u00e1s, a Magyar Vegyipari, Energiaipari \u00e9s Rokon Szakm\u00e1kban Dolgoz\u00f3k Szakszervezeti Sz\u00f6vets\u00e9g eln\u00f6ke elmondta: a dolgoz\u00f3knak a szakszervezet \u00e1ll\u00e1spontja szerint siker\u00fclt jelent\u0151s b\u00e9rfejleszt\u00e9st el\u00e9rni\u00fck. A meg\u00e1llapod\u00e1s n\u00e9gynapos, \u00f6sszesen k\u00f6zel 50 \u00f3r\u00e1s, a c\u00e9gvezet\u00e9s r\u00e9sz\u00e9r\u0151l is konstrukt\u00edv maratoni t\u00e1rgyal\u00e1sokat k\u00f6vet\u0151en sz\u00fcletett meg cs\u00fct\u00f6rt\u00f6k\" \/>\n\t\t<meta property=\"og:url\" content=\"https:\/\/allasorias.hu\/hirek\/egyezsegre-jutottak-a-dolgozokkal-a-chinoin-gyarban\/\" \/>\n\t\t<meta property=\"og:image\" content=\"https:\/\/allasorias.hu\/hirek\/wp-content\/uploads\/2019\/02\/pexels-photo-1059109.jpeg\" \/>\n\t\t<meta property=\"og:image:secure_url\" content=\"https:\/\/allasorias.hu\/hirek\/wp-content\/uploads\/2019\/02\/pexels-photo-1059109.jpeg\" \/>\n\t\t<meta property=\"og:image:width\" content=\"640\" \/>\n\t\t<meta property=\"og:image:height\" content=\"426\" \/>\n\t\t<meta property=\"article:published_time\" content=\"2019-04-12T07:12:03+00:00\" \/>\n\t\t<meta property=\"article:modified_time\" content=\"2019-04-12T07:12:03+00:00\" \/>\n\t\t<meta property=\"article:publisher\" content=\"https:\/\/www.facebook.com\/allasorias\" \/>\n\t\t<meta name=\"twitter:card\" content=\"summary_large_image\" \/>\n\t\t<meta name=\"twitter:title\" content=\"Egyezs\u00e9gre jutottak a dolgoz\u00f3kkal a Chinoin gy\u00e1rban | AllasOrias.hu | H\u00edrek-lapszemle\" \/>\n\t\t<meta name=\"twitter:description\" content=\"Siker\u00fclt meg\u00e1llapodni a munkav\u00e1llal\u00f3k \u00e9s a Sanofi csoporthoz tartoz\u00f3 Chinoin vezet\u00e9s\u00e9nek a b\u00e9rekr\u0151l. Sz\u00e9kely Tam\u00e1s, a Magyar Vegyipari, Energiaipari \u00e9s Rokon Szakm\u00e1kban Dolgoz\u00f3k Szakszervezeti Sz\u00f6vets\u00e9g eln\u00f6ke elmondta: a dolgoz\u00f3knak a szakszervezet \u00e1ll\u00e1spontja szerint siker\u00fclt jelent\u0151s b\u00e9rfejleszt\u00e9st el\u00e9rni\u00fck. A meg\u00e1llapod\u00e1s n\u00e9gynapos, \u00f6sszesen k\u00f6zel 50 \u00f3r\u00e1s, a c\u00e9gvezet\u00e9s r\u00e9sz\u00e9r\u0151l is konstrukt\u00edv maratoni t\u00e1rgyal\u00e1sokat k\u00f6vet\u0151en sz\u00fcletett meg cs\u00fct\u00f6rt\u00f6k\" \/>\n\t\t<meta name=\"twitter:image\" content=\"https:\/\/allasorias.hu\/hirek\/wp-content\/uploads\/2019\/02\/pexels-photo-1059109.jpeg\" \/>\n\t\t<meta name=\"twitter:label1\" content=\"Written by\" \/>\n\t\t<meta name=\"twitter:data1\" content=\"Juh\u00e1sz P\u00e9ter\" \/>\n\t\t<meta name=\"twitter:label2\" content=\"Est. reading time\" \/>\n\t\t<meta name=\"twitter:data2\" content=\"2 minutes\" \/>\n\t\t<script type=\"application\/ld+json\" class=\"aioseo-schema\">\n\t\t\t{\"@context\":\"https:\\\/\\\/schema.org\",\"@graph\":[{\"@type\":\"Article\",\"@id\":\"https:\\\/\\\/allasorias.hu\\\/hirek\\\/egyezsegre-jutottak-a-dolgozokkal-a-chinoin-gyarban\\\/#article\",\"name\":\"Egyezs\\u00e9gre jutottak a dolgoz\\u00f3kkal a Chinoin gy\\u00e1rban | AllasOrias.hu | H\\u00edrek-lapszemle\",\"headline\":\"Egyezs\\u00e9gre jutottak a dolgoz\\u00f3kkal a Chinoin gy\\u00e1rban\",\"author\":{\"@id\":\"https:\\\/\\\/allasorias.hu\\\/hirek\\\/author\\\/admin-allasorias\\\/#author\"},\"publisher\":{\"@id\":\"https:\\\/\\\/allasorias.hu\\\/hirek\\\/#organization\"},\"image\":{\"@type\":\"ImageObject\",\"url\":\"https:\\\/\\\/allasorias.hu\\\/hirek\\\/wp-content\\\/uploads\\\/2019\\\/02\\\/pexels-photo-1059109.jpeg\",\"width\":640,\"height\":426},\"datePublished\":\"2019-04-12T07:12:03+02:00\",\"dateModified\":\"2019-04-12T07:12:03+02:00\",\"inLanguage\":\"hu-HU\",\"mainEntityOfPage\":{\"@id\":\"https:\\\/\\\/allasorias.hu\\\/hirek\\\/egyezsegre-jutottak-a-dolgozokkal-a-chinoin-gyarban\\\/#webpage\"},\"isPartOf\":{\"@id\":\"https:\\\/\\\/allasorias.hu\\\/hirek\\\/egyezsegre-jutottak-a-dolgozokkal-a-chinoin-gyarban\\\/#webpage\"},\"articleSection\":\"Gazdas\\u00e1g\"},{\"@type\":\"BreadcrumbList\",\"@id\":\"https:\\\/\\\/allasorias.hu\\\/hirek\\\/egyezsegre-jutottak-a-dolgozokkal-a-chinoin-gyarban\\\/#breadcrumblist\",\"itemListElement\":[{\"@type\":\"ListItem\",\"@id\":\"https:\\\/\\\/allasorias.hu\\\/hirek#listItem\",\"position\":1,\"name\":\"Home\",\"item\":\"https:\\\/\\\/allasorias.hu\\\/hirek\",\"nextItem\":{\"@type\":\"ListItem\",\"@id\":\"https:\\\/\\\/allasorias.hu\\\/hirek\\\/temak\\\/gazdasag\\\/#listItem\",\"name\":\"Gazdas\\u00e1g\"}},{\"@type\":\"ListItem\",\"@id\":\"https:\\\/\\\/allasorias.hu\\\/hirek\\\/temak\\\/gazdasag\\\/#listItem\",\"position\":2,\"name\":\"Gazdas\\u00e1g\",\"item\":\"https:\\\/\\\/allasorias.hu\\\/hirek\\\/temak\\\/gazdasag\\\/\",\"nextItem\":{\"@type\":\"ListItem\",\"@id\":\"https:\\\/\\\/allasorias.hu\\\/hirek\\\/egyezsegre-jutottak-a-dolgozokkal-a-chinoin-gyarban\\\/#listItem\",\"name\":\"Egyezs\\u00e9gre jutottak a dolgoz\\u00f3kkal a Chinoin gy\\u00e1rban\"},\"previousItem\":{\"@type\":\"ListItem\",\"@id\":\"https:\\\/\\\/allasorias.hu\\\/hirek#listItem\",\"name\":\"Home\"}},{\"@type\":\"ListItem\",\"@id\":\"https:\\\/\\\/allasorias.hu\\\/hirek\\\/egyezsegre-jutottak-a-dolgozokkal-a-chinoin-gyarban\\\/#listItem\",\"position\":3,\"name\":\"Egyezs\\u00e9gre jutottak a dolgoz\\u00f3kkal a Chinoin gy\\u00e1rban\",\"previousItem\":{\"@type\":\"ListItem\",\"@id\":\"https:\\\/\\\/allasorias.hu\\\/hirek\\\/temak\\\/gazdasag\\\/#listItem\",\"name\":\"Gazdas\\u00e1g\"}}]},{\"@type\":\"Organization\",\"@id\":\"https:\\\/\\\/allasorias.hu\\\/hirek\\\/#organization\",\"name\":\"AllasOrias.hu | H\\u00edrek-lapszemle\",\"description\":\"\\u00dczleti h\\u00edrek az \\u00e1ll\\u00e1s \\u00e9s a munka vil\\u00e1g\\u00e1b\\u00f3l\",\"url\":\"https:\\\/\\\/allasorias.hu\\\/hirek\\\/\",\"logo\":{\"@type\":\"ImageObject\",\"url\":\"https:\\\/\\\/allasorias.hu\\\/hirek\\\/wp-content\\\/uploads\\\/2022\\\/10\\\/allasorias_site_facebok_logo.png\",\"@id\":\"https:\\\/\\\/allasorias.hu\\\/hirek\\\/egyezsegre-jutottak-a-dolgozokkal-a-chinoin-gyarban\\\/#organizationLogo\"},\"image\":{\"@id\":\"https:\\\/\\\/allasorias.hu\\\/hirek\\\/egyezsegre-jutottak-a-dolgozokkal-a-chinoin-gyarban\\\/#organizationLogo\"},\"sameAs\":[\"https:\\\/\\\/www.facebook.com\\\/allasorias\",\"https:\\\/\\\/www.linkedin.com\\\/company\\\/allasorias\"]},{\"@type\":\"Person\",\"@id\":\"https:\\\/\\\/allasorias.hu\\\/hirek\\\/author\\\/admin-allasorias\\\/#author\",\"url\":\"https:\\\/\\\/allasorias.hu\\\/hirek\\\/author\\\/admin-allasorias\\\/\",\"name\":\"Juh\\u00e1sz P\\u00e9ter\",\"image\":{\"@type\":\"ImageObject\",\"@id\":\"https:\\\/\\\/allasorias.hu\\\/hirek\\\/egyezsegre-jutottak-a-dolgozokkal-a-chinoin-gyarban\\\/#authorImage\",\"url\":\"https:\\\/\\\/secure.gravatar.com\\\/avatar\\\/36e6bcb83148978b992977cb0f54d22feb0cce8a0a849a9410532bb2623ba4c6?s=96&d=mm&r=g\",\"width\":96,\"height\":96,\"caption\":\"Juh\\u00e1sz P\\u00e9ter\"}},{\"@type\":\"WebPage\",\"@id\":\"https:\\\/\\\/allasorias.hu\\\/hirek\\\/egyezsegre-jutottak-a-dolgozokkal-a-chinoin-gyarban\\\/#webpage\",\"url\":\"https:\\\/\\\/allasorias.hu\\\/hirek\\\/egyezsegre-jutottak-a-dolgozokkal-a-chinoin-gyarban\\\/\",\"name\":\"Egyezs\\u00e9gre jutottak a dolgoz\\u00f3kkal a Chinoin gy\\u00e1rban | AllasOrias.hu | H\\u00edrek-lapszemle\",\"description\":\"Siker\\u00fclt meg\\u00e1llapodni a munkav\\u00e1llal\\u00f3k \\u00e9s a Sanofi csoporthoz tartoz\\u00f3 Chinoin vezet\\u00e9s\\u00e9nek a b\\u00e9rekr\\u0151l. Sz\\u00e9kely Tam\\u00e1s, a Magyar Vegyipari, Energiaipari \\u00e9s Rokon Szakm\\u00e1kban Dolgoz\\u00f3k Szakszervezeti Sz\\u00f6vets\\u00e9g eln\\u00f6ke elmondta: a dolgoz\\u00f3knak a szakszervezet \\u00e1ll\\u00e1spontja szerint siker\\u00fclt jelent\\u0151s b\\u00e9rfejleszt\\u00e9st el\\u00e9rni\\u00fck. A meg\\u00e1llapod\\u00e1s n\\u00e9gynapos, \\u00f6sszesen k\\u00f6zel 50 \\u00f3r\\u00e1s, a c\\u00e9gvezet\\u00e9s r\\u00e9sz\\u00e9r\\u0151l is konstrukt\\u00edv maratoni t\\u00e1rgyal\\u00e1sokat k\\u00f6vet\\u0151en sz\\u00fcletett meg cs\\u00fct\\u00f6rt\\u00f6k\",\"inLanguage\":\"hu-HU\",\"isPartOf\":{\"@id\":\"https:\\\/\\\/allasorias.hu\\\/hirek\\\/#website\"},\"breadcrumb\":{\"@id\":\"https:\\\/\\\/allasorias.hu\\\/hirek\\\/egyezsegre-jutottak-a-dolgozokkal-a-chinoin-gyarban\\\/#breadcrumblist\"},\"author\":{\"@id\":\"https:\\\/\\\/allasorias.hu\\\/hirek\\\/author\\\/admin-allasorias\\\/#author\"},\"creator\":{\"@id\":\"https:\\\/\\\/allasorias.hu\\\/hirek\\\/author\\\/admin-allasorias\\\/#author\"},\"image\":{\"@type\":\"ImageObject\",\"url\":\"https:\\\/\\\/allasorias.hu\\\/hirek\\\/wp-content\\\/uploads\\\/2019\\\/02\\\/pexels-photo-1059109.jpeg\",\"@id\":\"https:\\\/\\\/allasorias.hu\\\/hirek\\\/egyezsegre-jutottak-a-dolgozokkal-a-chinoin-gyarban\\\/#mainImage\",\"width\":640,\"height\":426},\"primaryImageOfPage\":{\"@id\":\"https:\\\/\\\/allasorias.hu\\\/hirek\\\/egyezsegre-jutottak-a-dolgozokkal-a-chinoin-gyarban\\\/#mainImage\"},\"datePublished\":\"2019-04-12T07:12:03+02:00\",\"dateModified\":\"2019-04-12T07:12:03+02:00\"},{\"@type\":\"WebSite\",\"@id\":\"https:\\\/\\\/allasorias.hu\\\/hirek\\\/#website\",\"url\":\"https:\\\/\\\/allasorias.hu\\\/hirek\\\/\",\"name\":\"AllasOrias.hu | H\\u00edrek-lapszemle\",\"description\":\"\\u00dczleti h\\u00edrek az \\u00e1ll\\u00e1s \\u00e9s a munka vil\\u00e1g\\u00e1b\\u00f3l\",\"inLanguage\":\"hu-HU\",\"publisher\":{\"@id\":\"https:\\\/\\\/allasorias.hu\\\/hirek\\\/#organization\"}}]}\n\t\t<\/script>\n\t\t<!-- All in One SEO -->\n\n","aioseo_head_json":{"title":"Egyezs\u00e9gre jutottak a dolgoz\u00f3kkal a Chinoin gy\u00e1rban | AllasOrias.hu | H\u00edrek-lapszemle","description":"Siker\u00fclt meg\u00e1llapodni a munkav\u00e1llal\u00f3k \u00e9s a Sanofi csoporthoz tartoz\u00f3 Chinoin vezet\u00e9s\u00e9nek a b\u00e9rekr\u0151l. Sz\u00e9kely Tam\u00e1s, a Magyar Vegyipari, Energiaipari \u00e9s Rokon Szakm\u00e1kban Dolgoz\u00f3k Szakszervezeti Sz\u00f6vets\u00e9g eln\u00f6ke elmondta: a dolgoz\u00f3knak a szakszervezet \u00e1ll\u00e1spontja szerint siker\u00fclt jelent\u0151s b\u00e9rfejleszt\u00e9st el\u00e9rni\u00fck. A meg\u00e1llapod\u00e1s n\u00e9gynapos, \u00f6sszesen k\u00f6zel 50 \u00f3r\u00e1s, a c\u00e9gvezet\u00e9s r\u00e9sz\u00e9r\u0151l is konstrukt\u00edv maratoni t\u00e1rgyal\u00e1sokat k\u00f6vet\u0151en sz\u00fcletett meg cs\u00fct\u00f6rt\u00f6k","canonical_url":"https:\/\/allasorias.hu\/hirek\/egyezsegre-jutottak-a-dolgozokkal-a-chinoin-gyarban\/","robots":"max-image-preview:large","keywords":"","webmasterTools":{"miscellaneous":""},"schema":{"@context":"https:\/\/schema.org","@graph":[{"@type":"Article","@id":"https:\/\/allasorias.hu\/hirek\/egyezsegre-jutottak-a-dolgozokkal-a-chinoin-gyarban\/#article","name":"Egyezs\u00e9gre jutottak a dolgoz\u00f3kkal a Chinoin gy\u00e1rban | AllasOrias.hu | H\u00edrek-lapszemle","headline":"Egyezs\u00e9gre jutottak a dolgoz\u00f3kkal a Chinoin gy\u00e1rban","author":{"@id":"https:\/\/allasorias.hu\/hirek\/author\/admin-allasorias\/#author"},"publisher":{"@id":"https:\/\/allasorias.hu\/hirek\/#organization"},"image":{"@type":"ImageObject","url":"https:\/\/allasorias.hu\/hirek\/wp-content\/uploads\/2019\/02\/pexels-photo-1059109.jpeg","width":640,"height":426},"datePublished":"2019-04-12T07:12:03+02:00","dateModified":"2019-04-12T07:12:03+02:00","inLanguage":"hu-HU","mainEntityOfPage":{"@id":"https:\/\/allasorias.hu\/hirek\/egyezsegre-jutottak-a-dolgozokkal-a-chinoin-gyarban\/#webpage"},"isPartOf":{"@id":"https:\/\/allasorias.hu\/hirek\/egyezsegre-jutottak-a-dolgozokkal-a-chinoin-gyarban\/#webpage"},"articleSection":"Gazdas\u00e1g"},{"@type":"BreadcrumbList","@id":"https:\/\/allasorias.hu\/hirek\/egyezsegre-jutottak-a-dolgozokkal-a-chinoin-gyarban\/#breadcrumblist","itemListElement":[{"@type":"ListItem","@id":"https:\/\/allasorias.hu\/hirek#listItem","position":1,"name":"Home","item":"https:\/\/allasorias.hu\/hirek","nextItem":{"@type":"ListItem","@id":"https:\/\/allasorias.hu\/hirek\/temak\/gazdasag\/#listItem","name":"Gazdas\u00e1g"}},{"@type":"ListItem","@id":"https:\/\/allasorias.hu\/hirek\/temak\/gazdasag\/#listItem","position":2,"name":"Gazdas\u00e1g","item":"https:\/\/allasorias.hu\/hirek\/temak\/gazdasag\/","nextItem":{"@type":"ListItem","@id":"https:\/\/allasorias.hu\/hirek\/egyezsegre-jutottak-a-dolgozokkal-a-chinoin-gyarban\/#listItem","name":"Egyezs\u00e9gre jutottak a dolgoz\u00f3kkal a Chinoin gy\u00e1rban"},"previousItem":{"@type":"ListItem","@id":"https:\/\/allasorias.hu\/hirek#listItem","name":"Home"}},{"@type":"ListItem","@id":"https:\/\/allasorias.hu\/hirek\/egyezsegre-jutottak-a-dolgozokkal-a-chinoin-gyarban\/#listItem","position":3,"name":"Egyezs\u00e9gre jutottak a dolgoz\u00f3kkal a Chinoin gy\u00e1rban","previousItem":{"@type":"ListItem","@id":"https:\/\/allasorias.hu\/hirek\/temak\/gazdasag\/#listItem","name":"Gazdas\u00e1g"}}]},{"@type":"Organization","@id":"https:\/\/allasorias.hu\/hirek\/#organization","name":"AllasOrias.hu | H\u00edrek-lapszemle","description":"\u00dczleti h\u00edrek az \u00e1ll\u00e1s \u00e9s a munka vil\u00e1g\u00e1b\u00f3l","url":"https:\/\/allasorias.hu\/hirek\/","logo":{"@type":"ImageObject","url":"https:\/\/allasorias.hu\/hirek\/wp-content\/uploads\/2022\/10\/allasorias_site_facebok_logo.png","@id":"https:\/\/allasorias.hu\/hirek\/egyezsegre-jutottak-a-dolgozokkal-a-chinoin-gyarban\/#organizationLogo"},"image":{"@id":"https:\/\/allasorias.hu\/hirek\/egyezsegre-jutottak-a-dolgozokkal-a-chinoin-gyarban\/#organizationLogo"},"sameAs":["https:\/\/www.facebook.com\/allasorias","https:\/\/www.linkedin.com\/company\/allasorias"]},{"@type":"Person","@id":"https:\/\/allasorias.hu\/hirek\/author\/admin-allasorias\/#author","url":"https:\/\/allasorias.hu\/hirek\/author\/admin-allasorias\/","name":"Juh\u00e1sz P\u00e9ter","image":{"@type":"ImageObject","@id":"https:\/\/allasorias.hu\/hirek\/egyezsegre-jutottak-a-dolgozokkal-a-chinoin-gyarban\/#authorImage","url":"https:\/\/secure.gravatar.com\/avatar\/36e6bcb83148978b992977cb0f54d22feb0cce8a0a849a9410532bb2623ba4c6?s=96&d=mm&r=g","width":96,"height":96,"caption":"Juh\u00e1sz P\u00e9ter"}},{"@type":"WebPage","@id":"https:\/\/allasorias.hu\/hirek\/egyezsegre-jutottak-a-dolgozokkal-a-chinoin-gyarban\/#webpage","url":"https:\/\/allasorias.hu\/hirek\/egyezsegre-jutottak-a-dolgozokkal-a-chinoin-gyarban\/","name":"Egyezs\u00e9gre jutottak a dolgoz\u00f3kkal a Chinoin gy\u00e1rban | AllasOrias.hu | H\u00edrek-lapszemle","description":"Siker\u00fclt meg\u00e1llapodni a munkav\u00e1llal\u00f3k \u00e9s a Sanofi csoporthoz tartoz\u00f3 Chinoin vezet\u00e9s\u00e9nek a b\u00e9rekr\u0151l. Sz\u00e9kely Tam\u00e1s, a Magyar Vegyipari, Energiaipari \u00e9s Rokon Szakm\u00e1kban Dolgoz\u00f3k Szakszervezeti Sz\u00f6vets\u00e9g eln\u00f6ke elmondta: a dolgoz\u00f3knak a szakszervezet \u00e1ll\u00e1spontja szerint siker\u00fclt jelent\u0151s b\u00e9rfejleszt\u00e9st el\u00e9rni\u00fck. A meg\u00e1llapod\u00e1s n\u00e9gynapos, \u00f6sszesen k\u00f6zel 50 \u00f3r\u00e1s, a c\u00e9gvezet\u00e9s r\u00e9sz\u00e9r\u0151l is konstrukt\u00edv maratoni t\u00e1rgyal\u00e1sokat k\u00f6vet\u0151en sz\u00fcletett meg cs\u00fct\u00f6rt\u00f6k","inLanguage":"hu-HU","isPartOf":{"@id":"https:\/\/allasorias.hu\/hirek\/#website"},"breadcrumb":{"@id":"https:\/\/allasorias.hu\/hirek\/egyezsegre-jutottak-a-dolgozokkal-a-chinoin-gyarban\/#breadcrumblist"},"author":{"@id":"https:\/\/allasorias.hu\/hirek\/author\/admin-allasorias\/#author"},"creator":{"@id":"https:\/\/allasorias.hu\/hirek\/author\/admin-allasorias\/#author"},"image":{"@type":"ImageObject","url":"https:\/\/allasorias.hu\/hirek\/wp-content\/uploads\/2019\/02\/pexels-photo-1059109.jpeg","@id":"https:\/\/allasorias.hu\/hirek\/egyezsegre-jutottak-a-dolgozokkal-a-chinoin-gyarban\/#mainImage","width":640,"height":426},"primaryImageOfPage":{"@id":"https:\/\/allasorias.hu\/hirek\/egyezsegre-jutottak-a-dolgozokkal-a-chinoin-gyarban\/#mainImage"},"datePublished":"2019-04-12T07:12:03+02:00","dateModified":"2019-04-12T07:12:03+02:00"},{"@type":"WebSite","@id":"https:\/\/allasorias.hu\/hirek\/#website","url":"https:\/\/allasorias.hu\/hirek\/","name":"AllasOrias.hu | H\u00edrek-lapszemle","description":"\u00dczleti h\u00edrek az \u00e1ll\u00e1s \u00e9s a munka vil\u00e1g\u00e1b\u00f3l","inLanguage":"hu-HU","publisher":{"@id":"https:\/\/allasorias.hu\/hirek\/#organization"}}]},"og:locale":"hu_HU","og:site_name":"AllasOrias.hu | H\u00edrek-lapszemle | \u00dczleti h\u00edrek az \u00e1ll\u00e1s \u00e9s a munka vil\u00e1g\u00e1b\u00f3l","og:type":"article","og:title":"Egyezs\u00e9gre jutottak a dolgoz\u00f3kkal a Chinoin gy\u00e1rban | AllasOrias.hu | H\u00edrek-lapszemle","og:description":"Siker\u00fclt meg\u00e1llapodni a munkav\u00e1llal\u00f3k \u00e9s a Sanofi csoporthoz tartoz\u00f3 Chinoin vezet\u00e9s\u00e9nek a b\u00e9rekr\u0151l. Sz\u00e9kely Tam\u00e1s, a Magyar Vegyipari, Energiaipari \u00e9s Rokon Szakm\u00e1kban Dolgoz\u00f3k Szakszervezeti Sz\u00f6vets\u00e9g eln\u00f6ke elmondta: a dolgoz\u00f3knak a szakszervezet \u00e1ll\u00e1spontja szerint siker\u00fclt jelent\u0151s b\u00e9rfejleszt\u00e9st el\u00e9rni\u00fck. A meg\u00e1llapod\u00e1s n\u00e9gynapos, \u00f6sszesen k\u00f6zel 50 \u00f3r\u00e1s, a c\u00e9gvezet\u00e9s r\u00e9sz\u00e9r\u0151l is konstrukt\u00edv maratoni t\u00e1rgyal\u00e1sokat k\u00f6vet\u0151en sz\u00fcletett meg cs\u00fct\u00f6rt\u00f6k","og:url":"https:\/\/allasorias.hu\/hirek\/egyezsegre-jutottak-a-dolgozokkal-a-chinoin-gyarban\/","og:image":"https:\/\/allasorias.hu\/hirek\/wp-content\/uploads\/2019\/02\/pexels-photo-1059109.jpeg","og:image:secure_url":"https:\/\/allasorias.hu\/hirek\/wp-content\/uploads\/2019\/02\/pexels-photo-1059109.jpeg","og:image:width":640,"og:image:height":426,"article:published_time":"2019-04-12T07:12:03+00:00","article:modified_time":"2019-04-12T07:12:03+00:00","article:publisher":"https:\/\/www.facebook.com\/allasorias","twitter:card":"summary_large_image","twitter:title":"Egyezs\u00e9gre jutottak a dolgoz\u00f3kkal a Chinoin gy\u00e1rban | AllasOrias.hu | H\u00edrek-lapszemle","twitter:description":"Siker\u00fclt meg\u00e1llapodni a munkav\u00e1llal\u00f3k \u00e9s a Sanofi csoporthoz tartoz\u00f3 Chinoin vezet\u00e9s\u00e9nek a b\u00e9rekr\u0151l. Sz\u00e9kely Tam\u00e1s, a Magyar Vegyipari, Energiaipari \u00e9s Rokon Szakm\u00e1kban Dolgoz\u00f3k Szakszervezeti Sz\u00f6vets\u00e9g eln\u00f6ke elmondta: a dolgoz\u00f3knak a szakszervezet \u00e1ll\u00e1spontja szerint siker\u00fclt jelent\u0151s b\u00e9rfejleszt\u00e9st el\u00e9rni\u00fck. A meg\u00e1llapod\u00e1s n\u00e9gynapos, \u00f6sszesen k\u00f6zel 50 \u00f3r\u00e1s, a c\u00e9gvezet\u00e9s r\u00e9sz\u00e9r\u0151l is konstrukt\u00edv maratoni t\u00e1rgyal\u00e1sokat k\u00f6vet\u0151en sz\u00fcletett meg cs\u00fct\u00f6rt\u00f6k","twitter:image":"https:\/\/allasorias.hu\/hirek\/wp-content\/uploads\/2019\/02\/pexels-photo-1059109.jpeg","twitter:label1":"Written by","twitter:data1":"Juh\u00e1sz P\u00e9ter","twitter:label2":"Est. reading time","twitter:data2":"2 minutes"},"aioseo_meta_data":{"post_id":"2773","title":null,"description":null,"keywords":null,"keyphrases":null,"primary_term":null,"canonical_url":null,"og_title":null,"og_description":null,"og_object_type":"default","og_image_type":"default","og_image_url":null,"og_image_width":null,"og_image_height":null,"og_image_custom_url":null,"og_image_custom_fields":null,"og_video":null,"og_custom_url":null,"og_article_section":null,"og_article_tags":null,"twitter_use_og":false,"twitter_card":"default","twitter_image_type":"default","twitter_image_url":null,"twitter_image_custom_url":null,"twitter_image_custom_fields":null,"twitter_title":null,"twitter_description":null,"schema":{"blockGraphs":[],"customGraphs":[],"default":{"data":{"Article":[],"Course":[],"Dataset":[],"FAQPage":[],"Movie":[],"Person":[],"Product":[],"ProductReview":[],"Car":[],"Recipe":[],"Service":[],"SoftwareApplication":[],"WebPage":[]},"graphName":"","isEnabled":true},"graphs":[],"defaultGraph":"","defaultPostTypeGraph":""},"schema_type":null,"schema_type_options":null,"pillar_content":false,"robots_default":true,"robots_noindex":false,"robots_noarchive":false,"robots_nosnippet":false,"robots_nofollow":false,"robots_noimageindex":false,"robots_noodp":false,"robots_notranslate":false,"robots_max_snippet":null,"robots_max_videopreview":null,"robots_max_imagepreview":"large","priority":null,"frequency":null,"location":null,"local_seo":null,"breadcrumb_settings":null,"limit_modified_date":false,"ai":null,"created":"2021-02-01 21:14:05","updated":"2025-10-02 11:03:21","seo_analyzer_scan_date":null,"focus_keyword":null,"additional_keywords":null,"truseo_locale":null},"aioseo_breadcrumb":"<div class=\"aioseo-breadcrumbs\"><span class=\"aioseo-breadcrumb\">\n\t\t\t<a href=\"https:\/\/allasorias.hu\/hirek\" title=\"Home\">Home<\/a>\n\t\t<\/span><span class=\"aioseo-breadcrumb-separator\">&raquo;<\/span><span class=\"aioseo-breadcrumb\">\n\t\t\t<a href=\"https:\/\/allasorias.hu\/hirek\/temak\/gazdasag\/\" title=\"Gazdas\u00e1g\">Gazdas\u00e1g<\/a>\n\t\t<\/span><span class=\"aioseo-breadcrumb-separator\">&raquo;<\/span><span class=\"aioseo-breadcrumb\">\n\t\t\tEgyezs\u00e9gre jutottak a dolgoz\u00f3kkal a Chinoin gy\u00e1rban\n\t\t<\/span><\/div>","aioseo_breadcrumb_json":[{"label":"Home","link":"https:\/\/allasorias.hu\/hirek"},{"label":"Gazdas\u00e1g","link":"https:\/\/allasorias.hu\/hirek\/temak\/gazdasag\/"},{"label":"Egyezs\u00e9gre jutottak a dolgoz\u00f3kkal a Chinoin gy\u00e1rban","link":"https:\/\/allasorias.hu\/hirek\/egyezsegre-jutottak-a-dolgozokkal-a-chinoin-gyarban\/"}],"_links":{"self":[{"href":"https:\/\/allasorias.hu\/hirek\/wp-json\/wp\/v2\/posts\/2773","targetHints":{"allow":["GET"]}}],"collection":[{"href":"https:\/\/allasorias.hu\/hirek\/wp-json\/wp\/v2\/posts"}],"about":[{"href":"https:\/\/allasorias.hu\/hirek\/wp-json\/wp\/v2\/types\/post"}],"author":[{"embeddable":true,"href":"https:\/\/allasorias.hu\/hirek\/wp-json\/wp\/v2\/users\/1"}],"replies":[{"embeddable":true,"href":"https:\/\/allasorias.hu\/hirek\/wp-json\/wp\/v2\/comments?post=2773"}],"version-history":[{"count":1,"href":"https:\/\/allasorias.hu\/hirek\/wp-json\/wp\/v2\/posts\/2773\/revisions"}],"predecessor-version":[{"id":2774,"href":"https:\/\/allasorias.hu\/hirek\/wp-json\/wp\/v2\/posts\/2773\/revisions\/2774"}],"wp:featuredmedia":[{"embeddable":true,"href":"https:\/\/allasorias.hu\/hirek\/wp-json\/wp\/v2\/media\/2573"}],"wp:attachment":[{"href":"https:\/\/allasorias.hu\/hirek\/wp-json\/wp\/v2\/media?parent=2773"}],"wp:term":[{"taxonomy":"category","embeddable":true,"href":"https:\/\/allasorias.hu\/hirek\/wp-json\/wp\/v2\/categories?post=2773"},{"taxonomy":"post_tag","embeddable":true,"href":"https:\/\/allasorias.hu\/hirek\/wp-json\/wp\/v2\/tags?post=2773"}],"curies":[{"name":"wp","href":"https:\/\/api.w.org\/{rel}","templated":true}]}}