{"id":2769,"date":"2019-04-11T12:32:44","date_gmt":"2019-04-11T12:32:44","guid":{"rendered":"https:\/\/allasorias.hu\/hirek\/?p=2769"},"modified":"2019-04-11T12:33:20","modified_gmt":"2019-04-11T12:33:20","slug":"nagyon-kelendo-az-ukran-munkaero","status":"publish","type":"post","link":"https:\/\/allasorias.hu\/hirek\/nagyon-kelendo-az-ukran-munkaero\/","title":{"rendered":"Nagyon kelend\u0151 az ukr\u00e1n munkaer\u0151"},"content":{"rendered":"<p><strong>Eddig a lengyel \u00e9s a cseh munkaer\u0151 volt a legkeresettebb, azonban Vars\u00f3t m\u00e1r most az aggasztja, hogy a munkaer\u0151piaci szab\u00e1lyoz\u00e1s folyamatban l\u00e9v\u0151 liberaliz\u00e1l\u00e1s\u00e1val a n\u00e9metek elsz\u00edvj\u00e1k az ukr\u00e1nok legk\u00e9pzettebb r\u00e9teg\u00e9t. \u00c9rdekes m\u00f3don \u0151ket politikai \u00e9rtelemben egyik orsz\u00e1gban sem sorolj\u00e1k a migr\u00e1nsok k\u00f6z\u00e9.<\/strong><\/p>\n<p style=\"text-align: justify;\">Minden kor\u00e1bbin\u00e1l t\u00f6bb, mintegy 1,5 milli\u00f3 k\u00fclf\u00f6ldi munkav\u00e1llal\u00f3 \u00e9rkezett tavaly Lengyelorsz\u00e1gba. A t\u00f6bbs\u00e9g\u00fckben Ukrajn\u00e1b\u00f3l \u00e9rkez\u0151 \u201egazdas\u00e1gi migr\u00e1nsok\u201d sz\u00e1ma 40 sz\u00e1zal\u00e9kkal meghaladta az el\u0151z\u0151 \u00e9vit. A vend\u00e9gmunk\u00e1sokra a lengyel gazdas\u00e1gnak nagy sz\u00fcks\u00e9ge van, ez\u00e9rt azt\u00e1n a szak\u00e9rt\u0151k aggodalommal figyelt\u00e9k, hogy id\u00e9n, az esztend\u0151 elej\u00e9n a n\u00f6veked\u00e9s cs\u00f6kken\u0151 trendbe fordult. 2019 els\u0151 h\u00f3napj\u00e1ban 558 ezer regisztr\u00e1lt k\u00fclf\u00f6ldi munkav\u00e1llal\u00f3 tart\u00f3zkodott az orsz\u00e1gban, 11 ezerrel kevesebb, mint decemberben. A sz\u00e1m apad\u00e1s\u00e1t a legt\u00f6bben k\u00e9t okra vezetik vissza. Egyr\u00e9szt az ukrajnai gazdas\u00e1gi helyzet javul\u00e1s\u00e1ra, m\u00e1sr\u00e9szt a n\u00e9met munkaer\u0151piac megny\u00edl\u00e1s\u00e1ra. A nyugati szomsz\u00e9dn\u00e1l a munkav\u00e1llal\u00e1st egyszer\u0171s\u00edt\u0151 szab\u00e1lyok nagy val\u00f3sz\u00edn\u0171s\u00e9ggel csak j\u00f6v\u0151re l\u00e9pnek \u00e9letbe, a lengyelek azonban m\u00e1r most tartanak a k\u00e9pzett ukr\u00e1n munkaer\u0151 elsz\u00edv\u00e1s\u00e1t\u00f3l. A Lengyel V\u00e1llalkoz\u00f3k \u00e9s Munkaad\u00f3k Sz\u00f6vets\u00e9ge sz\u00e1m\u00edt\u00e1sai szerint a munkaer\u0151piac n\u00e9metorsz\u00e1gi liberaliz\u00e1l\u00e1sa mintegy 500 ezer ukr\u00e1n dolgoz\u00f3t visz el Lengyelorsz\u00e1gb\u00f3l, ami ak\u00e1r harmad\u00e1val is cs\u00f6kkentheti a lengyel GDP n\u00f6veked\u00e9s\u00e9t. S hogy ez a f\u00e9lelem nem alaptalan, mutatja a Work Service felm\u00e9r\u00e9se is: az ukr\u00e1n vend\u00e9gmunk\u00e1sok 59 sz\u00e1zal\u00e9ka dolgozna sz\u00edvesebben az Oder\u00e1n t\u00fal. Persze, ha tehetn\u00e9. K\u00e9t k\u00e9sz\u00fcl\u0151 t\u00f6rv\u00e9ny azonban bel\u00e1that\u00f3 id\u0151n bel\u00fcl megnyitja el\u0151tt\u00fck az utat, hiszen megk\u00f6nny\u00edti a leg\u00e1lis munkav\u00e1llal\u00e1st mindazok sz\u00e1m\u00e1ra, akik k\u00e9pesek integr\u00e1l\u00f3dni a n\u00e9met munkaer\u0151piacra. A lengyel korm\u00e1ny gazdas\u00e1gi okokb\u00f3l v\u00e1rja a k\u00fclf\u00f6ldi munkav\u00e1llal\u00f3kat, mindemellett semmik\u00e9ppen sem akar migr\u00e1nsbar\u00e1tnak t\u0171nni \u2013 ugyanis a PiS \u00edgy elvesz\u00edten\u00e9 a nacionalista \u00e9rzelm\u0171ek szavazatait. Ez\u00e9rt azt\u00e1n egyszerre laza \u00e9s vontatott is a b\u00fcrokr\u00e1cia. A munkav\u00e1llal\u00e1si enged\u00e9lyre f\u00e9l-, m\u00edg a leteleped\u00e9sire sokszor k\u00e9t \u00e9vet is v\u00e1rni kell.<\/p>\n<p>Forr\u00e1s: magyarhang.org<\/p>\n","protected":false},"excerpt":{"rendered":"<p>Eddig a lengyel \u00e9s a cseh munkaer\u0151 volt a legkeresettebb, azonban Vars\u00f3t m\u00e1r most az aggasztja, hogy a munkaer\u0151piaci szab\u00e1lyoz\u00e1s folyamatban l\u00e9v\u0151 liberaliz\u00e1l\u00e1s\u00e1val a n\u00e9metek elsz\u00edvj\u00e1k az ukr\u00e1nok legk\u00e9pzettebb r\u00e9teg\u00e9t. \u00c9rdekes m\u00f3don \u0151ket politikai \u00e9rtelemben egyik orsz\u00e1gban sem sorolj\u00e1k a migr\u00e1nsok k\u00f6z\u00e9. Minden kor\u00e1bbin\u00e1l t\u00f6bb, mintegy 1,5 milli\u00f3 k\u00fclf\u00f6ldi munkav\u00e1llal\u00f3 \u00e9rkezett tavaly Lengyelorsz\u00e1gba. A t\u00f6bbs\u00e9g\u00fckben [&hellip;]<\/p>\n","protected":false},"author":1,"featured_media":2772,"comment_status":"open","ping_status":"open","sticky":false,"template":"","format":"standard","meta":{"_monsterinsights_skip_tracking":false,"footnotes":""},"categories":[198,201,200],"tags":[],"class_list":["post-2769","post","type-post","status-publish","format-standard","has-post-thumbnail","hentry","category-gazdasag","category-kulfold","category-munkaeropiac"],"aioseo_notices":[],"aioseo_head":"\n\t\t<!-- All in One SEO 5.0.0.1 - aioseo.com -->\n\t<meta name=\"description\" content=\"Eddig a lengyel \u00e9s a cseh munkaer\u0151 volt a legkeresettebb, azonban Vars\u00f3t m\u00e1r most az aggasztja, hogy a munkaer\u0151piaci szab\u00e1lyoz\u00e1s folyamatban l\u00e9v\u0151 liberaliz\u00e1l\u00e1s\u00e1val a n\u00e9metek elsz\u00edvj\u00e1k az ukr\u00e1nok legk\u00e9pzettebb r\u00e9teg\u00e9t. \u00c9rdekes m\u00f3don \u0151ket politikai \u00e9rtelemben egyik orsz\u00e1gban sem sorolj\u00e1k a migr\u00e1nsok k\u00f6z\u00e9. Minden kor\u00e1bbin\u00e1l t\u00f6bb, mintegy 1,5 milli\u00f3 k\u00fclf\u00f6ldi munkav\u00e1llal\u00f3 \u00e9rkezett tavaly Lengyelorsz\u00e1gba. A t\u00f6bbs\u00e9g\u00fckben\" \/>\n\t<meta name=\"robots\" content=\"max-image-preview:large\" \/>\n\t<meta name=\"author\" content=\"Juh\u00e1sz P\u00e9ter\"\/>\n\t<link rel=\"canonical\" href=\"https:\/\/allasorias.hu\/hirek\/nagyon-kelendo-az-ukran-munkaero\/\" \/>\n\t<meta name=\"generator\" content=\"All in One SEO (AIOSEO) 5.0.0.1\" \/>\n\t\t<meta property=\"og:locale\" content=\"hu_HU\" \/>\n\t\t<meta property=\"og:site_name\" content=\"AllasOrias.hu | H\u00edrek-lapszemle | \u00dczleti h\u00edrek az \u00e1ll\u00e1s \u00e9s a munka vil\u00e1g\u00e1b\u00f3l\" \/>\n\t\t<meta property=\"og:type\" content=\"article\" \/>\n\t\t<meta property=\"og:title\" content=\"Nagyon kelend\u0151 az ukr\u00e1n munkaer\u0151 | AllasOrias.hu | H\u00edrek-lapszemle\" \/>\n\t\t<meta property=\"og:description\" content=\"Eddig a lengyel \u00e9s a cseh munkaer\u0151 volt a legkeresettebb, azonban Vars\u00f3t m\u00e1r most az aggasztja, hogy a munkaer\u0151piaci szab\u00e1lyoz\u00e1s folyamatban l\u00e9v\u0151 liberaliz\u00e1l\u00e1s\u00e1val a n\u00e9metek elsz\u00edvj\u00e1k az ukr\u00e1nok legk\u00e9pzettebb r\u00e9teg\u00e9t. \u00c9rdekes m\u00f3don \u0151ket politikai \u00e9rtelemben egyik orsz\u00e1gban sem sorolj\u00e1k a migr\u00e1nsok k\u00f6z\u00e9. Minden kor\u00e1bbin\u00e1l t\u00f6bb, mintegy 1,5 milli\u00f3 k\u00fclf\u00f6ldi munkav\u00e1llal\u00f3 \u00e9rkezett tavaly Lengyelorsz\u00e1gba. A t\u00f6bbs\u00e9g\u00fckben\" \/>\n\t\t<meta property=\"og:url\" content=\"https:\/\/allasorias.hu\/hirek\/nagyon-kelendo-az-ukran-munkaero\/\" \/>\n\t\t<meta property=\"og:image\" content=\"https:\/\/allasorias.hu\/hirek\/wp-content\/uploads\/2019\/04\/ukran.jpg\" \/>\n\t\t<meta property=\"og:image:secure_url\" content=\"https:\/\/allasorias.hu\/hirek\/wp-content\/uploads\/2019\/04\/ukran.jpg\" \/>\n\t\t<meta property=\"og:image:width\" content=\"640\" \/>\n\t\t<meta property=\"og:image:height\" content=\"480\" \/>\n\t\t<meta property=\"article:published_time\" content=\"2019-04-11T12:32:44+00:00\" \/>\n\t\t<meta property=\"article:modified_time\" content=\"2019-04-11T12:33:20+00:00\" \/>\n\t\t<meta property=\"article:publisher\" content=\"https:\/\/www.facebook.com\/allasorias\" \/>\n\t\t<meta name=\"twitter:card\" content=\"summary_large_image\" \/>\n\t\t<meta name=\"twitter:title\" content=\"Nagyon kelend\u0151 az ukr\u00e1n munkaer\u0151 | AllasOrias.hu | H\u00edrek-lapszemle\" \/>\n\t\t<meta name=\"twitter:description\" content=\"Eddig a lengyel \u00e9s a cseh munkaer\u0151 volt a legkeresettebb, azonban Vars\u00f3t m\u00e1r most az aggasztja, hogy a munkaer\u0151piaci szab\u00e1lyoz\u00e1s folyamatban l\u00e9v\u0151 liberaliz\u00e1l\u00e1s\u00e1val a n\u00e9metek elsz\u00edvj\u00e1k az ukr\u00e1nok legk\u00e9pzettebb r\u00e9teg\u00e9t. \u00c9rdekes m\u00f3don \u0151ket politikai \u00e9rtelemben egyik orsz\u00e1gban sem sorolj\u00e1k a migr\u00e1nsok k\u00f6z\u00e9. Minden kor\u00e1bbin\u00e1l t\u00f6bb, mintegy 1,5 milli\u00f3 k\u00fclf\u00f6ldi munkav\u00e1llal\u00f3 \u00e9rkezett tavaly Lengyelorsz\u00e1gba. A t\u00f6bbs\u00e9g\u00fckben\" \/>\n\t\t<meta name=\"twitter:image\" content=\"https:\/\/allasorias.hu\/hirek\/wp-content\/uploads\/2019\/04\/ukran.jpg\" \/>\n\t\t<meta name=\"twitter:label1\" content=\"Written by\" \/>\n\t\t<meta name=\"twitter:data1\" content=\"Juh\u00e1sz P\u00e9ter\" \/>\n\t\t<meta name=\"twitter:label2\" content=\"Est. reading time\" \/>\n\t\t<meta name=\"twitter:data2\" content=\"2 minutes\" \/>\n\t\t<script type=\"application\/ld+json\" class=\"aioseo-schema\">\n\t\t\t{\"@context\":\"https:\\\/\\\/schema.org\",\"@graph\":[{\"@type\":\"Article\",\"@id\":\"https:\\\/\\\/allasorias.hu\\\/hirek\\\/nagyon-kelendo-az-ukran-munkaero\\\/#article\",\"name\":\"Nagyon kelend\\u0151 az ukr\\u00e1n munkaer\\u0151 | AllasOrias.hu | H\\u00edrek-lapszemle\",\"headline\":\"Nagyon kelend\\u0151 az ukr\\u00e1n munkaer\\u0151\",\"author\":{\"@id\":\"https:\\\/\\\/allasorias.hu\\\/hirek\\\/author\\\/admin-allasorias\\\/#author\"},\"publisher\":{\"@id\":\"https:\\\/\\\/allasorias.hu\\\/hirek\\\/#organization\"},\"image\":{\"@type\":\"ImageObject\",\"url\":\"https:\\\/\\\/allasorias.hu\\\/hirek\\\/wp-content\\\/uploads\\\/2019\\\/04\\\/ukran.jpg\",\"width\":640,\"height\":480,\"caption\":\"Flag International Ukraine\"},\"datePublished\":\"2019-04-11T12:32:44+02:00\",\"dateModified\":\"2019-04-11T12:33:20+02:00\",\"inLanguage\":\"hu-HU\",\"mainEntityOfPage\":{\"@id\":\"https:\\\/\\\/allasorias.hu\\\/hirek\\\/nagyon-kelendo-az-ukran-munkaero\\\/#webpage\"},\"isPartOf\":{\"@id\":\"https:\\\/\\\/allasorias.hu\\\/hirek\\\/nagyon-kelendo-az-ukran-munkaero\\\/#webpage\"},\"articleSection\":\"Gazdas\\u00e1g, K\\u00fclf\\u00f6ld, Munkaer\\u0151piac\"},{\"@type\":\"BreadcrumbList\",\"@id\":\"https:\\\/\\\/allasorias.hu\\\/hirek\\\/nagyon-kelendo-az-ukran-munkaero\\\/#breadcrumblist\",\"itemListElement\":[{\"@type\":\"ListItem\",\"@id\":\"https:\\\/\\\/allasorias.hu\\\/hirek#listItem\",\"position\":1,\"name\":\"Home\",\"item\":\"https:\\\/\\\/allasorias.hu\\\/hirek\",\"nextItem\":{\"@type\":\"ListItem\",\"@id\":\"https:\\\/\\\/allasorias.hu\\\/hirek\\\/temak\\\/gazdasag\\\/#listItem\",\"name\":\"Gazdas\\u00e1g\"}},{\"@type\":\"ListItem\",\"@id\":\"https:\\\/\\\/allasorias.hu\\\/hirek\\\/temak\\\/gazdasag\\\/#listItem\",\"position\":2,\"name\":\"Gazdas\\u00e1g\",\"item\":\"https:\\\/\\\/allasorias.hu\\\/hirek\\\/temak\\\/gazdasag\\\/\",\"nextItem\":{\"@type\":\"ListItem\",\"@id\":\"https:\\\/\\\/allasorias.hu\\\/hirek\\\/nagyon-kelendo-az-ukran-munkaero\\\/#listItem\",\"name\":\"Nagyon kelend\\u0151 az ukr\\u00e1n munkaer\\u0151\"},\"previousItem\":{\"@type\":\"ListItem\",\"@id\":\"https:\\\/\\\/allasorias.hu\\\/hirek#listItem\",\"name\":\"Home\"}},{\"@type\":\"ListItem\",\"@id\":\"https:\\\/\\\/allasorias.hu\\\/hirek\\\/nagyon-kelendo-az-ukran-munkaero\\\/#listItem\",\"position\":3,\"name\":\"Nagyon kelend\\u0151 az ukr\\u00e1n munkaer\\u0151\",\"previousItem\":{\"@type\":\"ListItem\",\"@id\":\"https:\\\/\\\/allasorias.hu\\\/hirek\\\/temak\\\/gazdasag\\\/#listItem\",\"name\":\"Gazdas\\u00e1g\"}}]},{\"@type\":\"Organization\",\"@id\":\"https:\\\/\\\/allasorias.hu\\\/hirek\\\/#organization\",\"name\":\"AllasOrias.hu | H\\u00edrek-lapszemle\",\"description\":\"\\u00dczleti h\\u00edrek az \\u00e1ll\\u00e1s \\u00e9s a munka vil\\u00e1g\\u00e1b\\u00f3l\",\"url\":\"https:\\\/\\\/allasorias.hu\\\/hirek\\\/\",\"logo\":{\"@type\":\"ImageObject\",\"url\":\"https:\\\/\\\/allasorias.hu\\\/hirek\\\/wp-content\\\/uploads\\\/2022\\\/10\\\/allasorias_site_facebok_logo.png\",\"@id\":\"https:\\\/\\\/allasorias.hu\\\/hirek\\\/nagyon-kelendo-az-ukran-munkaero\\\/#organizationLogo\"},\"image\":{\"@id\":\"https:\\\/\\\/allasorias.hu\\\/hirek\\\/nagyon-kelendo-az-ukran-munkaero\\\/#organizationLogo\"},\"sameAs\":[\"https:\\\/\\\/www.facebook.com\\\/allasorias\",\"https:\\\/\\\/www.linkedin.com\\\/company\\\/allasorias\"]},{\"@type\":\"Person\",\"@id\":\"https:\\\/\\\/allasorias.hu\\\/hirek\\\/author\\\/admin-allasorias\\\/#author\",\"url\":\"https:\\\/\\\/allasorias.hu\\\/hirek\\\/author\\\/admin-allasorias\\\/\",\"name\":\"Juh\\u00e1sz P\\u00e9ter\",\"image\":{\"@type\":\"ImageObject\",\"@id\":\"https:\\\/\\\/allasorias.hu\\\/hirek\\\/nagyon-kelendo-az-ukran-munkaero\\\/#authorImage\",\"url\":\"https:\\\/\\\/secure.gravatar.com\\\/avatar\\\/36e6bcb83148978b992977cb0f54d22feb0cce8a0a849a9410532bb2623ba4c6?s=96&d=mm&r=g\",\"width\":96,\"height\":96,\"caption\":\"Juh\\u00e1sz P\\u00e9ter\"}},{\"@type\":\"WebPage\",\"@id\":\"https:\\\/\\\/allasorias.hu\\\/hirek\\\/nagyon-kelendo-az-ukran-munkaero\\\/#webpage\",\"url\":\"https:\\\/\\\/allasorias.hu\\\/hirek\\\/nagyon-kelendo-az-ukran-munkaero\\\/\",\"name\":\"Nagyon kelend\\u0151 az ukr\\u00e1n munkaer\\u0151 | AllasOrias.hu | H\\u00edrek-lapszemle\",\"description\":\"Eddig a lengyel \\u00e9s a cseh munkaer\\u0151 volt a legkeresettebb, azonban Vars\\u00f3t m\\u00e1r most az aggasztja, hogy a munkaer\\u0151piaci szab\\u00e1lyoz\\u00e1s folyamatban l\\u00e9v\\u0151 liberaliz\\u00e1l\\u00e1s\\u00e1val a n\\u00e9metek elsz\\u00edvj\\u00e1k az ukr\\u00e1nok legk\\u00e9pzettebb r\\u00e9teg\\u00e9t. \\u00c9rdekes m\\u00f3don \\u0151ket politikai \\u00e9rtelemben egyik orsz\\u00e1gban sem sorolj\\u00e1k a migr\\u00e1nsok k\\u00f6z\\u00e9. Minden kor\\u00e1bbin\\u00e1l t\\u00f6bb, mintegy 1,5 milli\\u00f3 k\\u00fclf\\u00f6ldi munkav\\u00e1llal\\u00f3 \\u00e9rkezett tavaly Lengyelorsz\\u00e1gba. A t\\u00f6bbs\\u00e9g\\u00fckben\",\"inLanguage\":\"hu-HU\",\"isPartOf\":{\"@id\":\"https:\\\/\\\/allasorias.hu\\\/hirek\\\/#website\"},\"breadcrumb\":{\"@id\":\"https:\\\/\\\/allasorias.hu\\\/hirek\\\/nagyon-kelendo-az-ukran-munkaero\\\/#breadcrumblist\"},\"author\":{\"@id\":\"https:\\\/\\\/allasorias.hu\\\/hirek\\\/author\\\/admin-allasorias\\\/#author\"},\"creator\":{\"@id\":\"https:\\\/\\\/allasorias.hu\\\/hirek\\\/author\\\/admin-allasorias\\\/#author\"},\"image\":{\"@type\":\"ImageObject\",\"url\":\"https:\\\/\\\/allasorias.hu\\\/hirek\\\/wp-content\\\/uploads\\\/2019\\\/04\\\/ukran.jpg\",\"@id\":\"https:\\\/\\\/allasorias.hu\\\/hirek\\\/nagyon-kelendo-az-ukran-munkaero\\\/#mainImage\",\"width\":640,\"height\":480,\"caption\":\"Flag International Ukraine\"},\"primaryImageOfPage\":{\"@id\":\"https:\\\/\\\/allasorias.hu\\\/hirek\\\/nagyon-kelendo-az-ukran-munkaero\\\/#mainImage\"},\"datePublished\":\"2019-04-11T12:32:44+02:00\",\"dateModified\":\"2019-04-11T12:33:20+02:00\"},{\"@type\":\"WebSite\",\"@id\":\"https:\\\/\\\/allasorias.hu\\\/hirek\\\/#website\",\"url\":\"https:\\\/\\\/allasorias.hu\\\/hirek\\\/\",\"name\":\"AllasOrias.hu | H\\u00edrek-lapszemle\",\"description\":\"\\u00dczleti h\\u00edrek az \\u00e1ll\\u00e1s \\u00e9s a munka vil\\u00e1g\\u00e1b\\u00f3l\",\"inLanguage\":\"hu-HU\",\"publisher\":{\"@id\":\"https:\\\/\\\/allasorias.hu\\\/hirek\\\/#organization\"}}]}\n\t\t<\/script>\n\t\t<!-- All in One SEO -->\n\n","aioseo_head_json":{"title":"Nagyon kelend\u0151 az ukr\u00e1n munkaer\u0151 | AllasOrias.hu | H\u00edrek-lapszemle","description":"Eddig a lengyel \u00e9s a cseh munkaer\u0151 volt a legkeresettebb, azonban Vars\u00f3t m\u00e1r most az aggasztja, hogy a munkaer\u0151piaci szab\u00e1lyoz\u00e1s folyamatban l\u00e9v\u0151 liberaliz\u00e1l\u00e1s\u00e1val a n\u00e9metek elsz\u00edvj\u00e1k az ukr\u00e1nok legk\u00e9pzettebb r\u00e9teg\u00e9t. \u00c9rdekes m\u00f3don \u0151ket politikai \u00e9rtelemben egyik orsz\u00e1gban sem sorolj\u00e1k a migr\u00e1nsok k\u00f6z\u00e9. Minden kor\u00e1bbin\u00e1l t\u00f6bb, mintegy 1,5 milli\u00f3 k\u00fclf\u00f6ldi munkav\u00e1llal\u00f3 \u00e9rkezett tavaly Lengyelorsz\u00e1gba. A t\u00f6bbs\u00e9g\u00fckben","canonical_url":"https:\/\/allasorias.hu\/hirek\/nagyon-kelendo-az-ukran-munkaero\/","robots":"max-image-preview:large","keywords":"","webmasterTools":{"miscellaneous":""},"schema":{"@context":"https:\/\/schema.org","@graph":[{"@type":"Article","@id":"https:\/\/allasorias.hu\/hirek\/nagyon-kelendo-az-ukran-munkaero\/#article","name":"Nagyon kelend\u0151 az ukr\u00e1n munkaer\u0151 | AllasOrias.hu | H\u00edrek-lapszemle","headline":"Nagyon kelend\u0151 az ukr\u00e1n munkaer\u0151","author":{"@id":"https:\/\/allasorias.hu\/hirek\/author\/admin-allasorias\/#author"},"publisher":{"@id":"https:\/\/allasorias.hu\/hirek\/#organization"},"image":{"@type":"ImageObject","url":"https:\/\/allasorias.hu\/hirek\/wp-content\/uploads\/2019\/04\/ukran.jpg","width":640,"height":480,"caption":"Flag International Ukraine"},"datePublished":"2019-04-11T12:32:44+02:00","dateModified":"2019-04-11T12:33:20+02:00","inLanguage":"hu-HU","mainEntityOfPage":{"@id":"https:\/\/allasorias.hu\/hirek\/nagyon-kelendo-az-ukran-munkaero\/#webpage"},"isPartOf":{"@id":"https:\/\/allasorias.hu\/hirek\/nagyon-kelendo-az-ukran-munkaero\/#webpage"},"articleSection":"Gazdas\u00e1g, K\u00fclf\u00f6ld, Munkaer\u0151piac"},{"@type":"BreadcrumbList","@id":"https:\/\/allasorias.hu\/hirek\/nagyon-kelendo-az-ukran-munkaero\/#breadcrumblist","itemListElement":[{"@type":"ListItem","@id":"https:\/\/allasorias.hu\/hirek#listItem","position":1,"name":"Home","item":"https:\/\/allasorias.hu\/hirek","nextItem":{"@type":"ListItem","@id":"https:\/\/allasorias.hu\/hirek\/temak\/gazdasag\/#listItem","name":"Gazdas\u00e1g"}},{"@type":"ListItem","@id":"https:\/\/allasorias.hu\/hirek\/temak\/gazdasag\/#listItem","position":2,"name":"Gazdas\u00e1g","item":"https:\/\/allasorias.hu\/hirek\/temak\/gazdasag\/","nextItem":{"@type":"ListItem","@id":"https:\/\/allasorias.hu\/hirek\/nagyon-kelendo-az-ukran-munkaero\/#listItem","name":"Nagyon kelend\u0151 az ukr\u00e1n munkaer\u0151"},"previousItem":{"@type":"ListItem","@id":"https:\/\/allasorias.hu\/hirek#listItem","name":"Home"}},{"@type":"ListItem","@id":"https:\/\/allasorias.hu\/hirek\/nagyon-kelendo-az-ukran-munkaero\/#listItem","position":3,"name":"Nagyon kelend\u0151 az ukr\u00e1n munkaer\u0151","previousItem":{"@type":"ListItem","@id":"https:\/\/allasorias.hu\/hirek\/temak\/gazdasag\/#listItem","name":"Gazdas\u00e1g"}}]},{"@type":"Organization","@id":"https:\/\/allasorias.hu\/hirek\/#organization","name":"AllasOrias.hu | H\u00edrek-lapszemle","description":"\u00dczleti h\u00edrek az \u00e1ll\u00e1s \u00e9s a munka vil\u00e1g\u00e1b\u00f3l","url":"https:\/\/allasorias.hu\/hirek\/","logo":{"@type":"ImageObject","url":"https:\/\/allasorias.hu\/hirek\/wp-content\/uploads\/2022\/10\/allasorias_site_facebok_logo.png","@id":"https:\/\/allasorias.hu\/hirek\/nagyon-kelendo-az-ukran-munkaero\/#organizationLogo"},"image":{"@id":"https:\/\/allasorias.hu\/hirek\/nagyon-kelendo-az-ukran-munkaero\/#organizationLogo"},"sameAs":["https:\/\/www.facebook.com\/allasorias","https:\/\/www.linkedin.com\/company\/allasorias"]},{"@type":"Person","@id":"https:\/\/allasorias.hu\/hirek\/author\/admin-allasorias\/#author","url":"https:\/\/allasorias.hu\/hirek\/author\/admin-allasorias\/","name":"Juh\u00e1sz P\u00e9ter","image":{"@type":"ImageObject","@id":"https:\/\/allasorias.hu\/hirek\/nagyon-kelendo-az-ukran-munkaero\/#authorImage","url":"https:\/\/secure.gravatar.com\/avatar\/36e6bcb83148978b992977cb0f54d22feb0cce8a0a849a9410532bb2623ba4c6?s=96&d=mm&r=g","width":96,"height":96,"caption":"Juh\u00e1sz P\u00e9ter"}},{"@type":"WebPage","@id":"https:\/\/allasorias.hu\/hirek\/nagyon-kelendo-az-ukran-munkaero\/#webpage","url":"https:\/\/allasorias.hu\/hirek\/nagyon-kelendo-az-ukran-munkaero\/","name":"Nagyon kelend\u0151 az ukr\u00e1n munkaer\u0151 | AllasOrias.hu | H\u00edrek-lapszemle","description":"Eddig a lengyel \u00e9s a cseh munkaer\u0151 volt a legkeresettebb, azonban Vars\u00f3t m\u00e1r most az aggasztja, hogy a munkaer\u0151piaci szab\u00e1lyoz\u00e1s folyamatban l\u00e9v\u0151 liberaliz\u00e1l\u00e1s\u00e1val a n\u00e9metek elsz\u00edvj\u00e1k az ukr\u00e1nok legk\u00e9pzettebb r\u00e9teg\u00e9t. \u00c9rdekes m\u00f3don \u0151ket politikai \u00e9rtelemben egyik orsz\u00e1gban sem sorolj\u00e1k a migr\u00e1nsok k\u00f6z\u00e9. Minden kor\u00e1bbin\u00e1l t\u00f6bb, mintegy 1,5 milli\u00f3 k\u00fclf\u00f6ldi munkav\u00e1llal\u00f3 \u00e9rkezett tavaly Lengyelorsz\u00e1gba. A t\u00f6bbs\u00e9g\u00fckben","inLanguage":"hu-HU","isPartOf":{"@id":"https:\/\/allasorias.hu\/hirek\/#website"},"breadcrumb":{"@id":"https:\/\/allasorias.hu\/hirek\/nagyon-kelendo-az-ukran-munkaero\/#breadcrumblist"},"author":{"@id":"https:\/\/allasorias.hu\/hirek\/author\/admin-allasorias\/#author"},"creator":{"@id":"https:\/\/allasorias.hu\/hirek\/author\/admin-allasorias\/#author"},"image":{"@type":"ImageObject","url":"https:\/\/allasorias.hu\/hirek\/wp-content\/uploads\/2019\/04\/ukran.jpg","@id":"https:\/\/allasorias.hu\/hirek\/nagyon-kelendo-az-ukran-munkaero\/#mainImage","width":640,"height":480,"caption":"Flag International Ukraine"},"primaryImageOfPage":{"@id":"https:\/\/allasorias.hu\/hirek\/nagyon-kelendo-az-ukran-munkaero\/#mainImage"},"datePublished":"2019-04-11T12:32:44+02:00","dateModified":"2019-04-11T12:33:20+02:00"},{"@type":"WebSite","@id":"https:\/\/allasorias.hu\/hirek\/#website","url":"https:\/\/allasorias.hu\/hirek\/","name":"AllasOrias.hu | H\u00edrek-lapszemle","description":"\u00dczleti h\u00edrek az \u00e1ll\u00e1s \u00e9s a munka vil\u00e1g\u00e1b\u00f3l","inLanguage":"hu-HU","publisher":{"@id":"https:\/\/allasorias.hu\/hirek\/#organization"}}]},"og:locale":"hu_HU","og:site_name":"AllasOrias.hu | H\u00edrek-lapszemle | \u00dczleti h\u00edrek az \u00e1ll\u00e1s \u00e9s a munka vil\u00e1g\u00e1b\u00f3l","og:type":"article","og:title":"Nagyon kelend\u0151 az ukr\u00e1n munkaer\u0151 | AllasOrias.hu | H\u00edrek-lapszemle","og:description":"Eddig a lengyel \u00e9s a cseh munkaer\u0151 volt a legkeresettebb, azonban Vars\u00f3t m\u00e1r most az aggasztja, hogy a munkaer\u0151piaci szab\u00e1lyoz\u00e1s folyamatban l\u00e9v\u0151 liberaliz\u00e1l\u00e1s\u00e1val a n\u00e9metek elsz\u00edvj\u00e1k az ukr\u00e1nok legk\u00e9pzettebb r\u00e9teg\u00e9t. \u00c9rdekes m\u00f3don \u0151ket politikai \u00e9rtelemben egyik orsz\u00e1gban sem sorolj\u00e1k a migr\u00e1nsok k\u00f6z\u00e9. Minden kor\u00e1bbin\u00e1l t\u00f6bb, mintegy 1,5 milli\u00f3 k\u00fclf\u00f6ldi munkav\u00e1llal\u00f3 \u00e9rkezett tavaly Lengyelorsz\u00e1gba. A t\u00f6bbs\u00e9g\u00fckben","og:url":"https:\/\/allasorias.hu\/hirek\/nagyon-kelendo-az-ukran-munkaero\/","og:image":"https:\/\/allasorias.hu\/hirek\/wp-content\/uploads\/2019\/04\/ukran.jpg","og:image:secure_url":"https:\/\/allasorias.hu\/hirek\/wp-content\/uploads\/2019\/04\/ukran.jpg","og:image:width":640,"og:image:height":480,"article:published_time":"2019-04-11T12:32:44+00:00","article:modified_time":"2019-04-11T12:33:20+00:00","article:publisher":"https:\/\/www.facebook.com\/allasorias","twitter:card":"summary_large_image","twitter:title":"Nagyon kelend\u0151 az ukr\u00e1n munkaer\u0151 | AllasOrias.hu | H\u00edrek-lapszemle","twitter:description":"Eddig a lengyel \u00e9s a cseh munkaer\u0151 volt a legkeresettebb, azonban Vars\u00f3t m\u00e1r most az aggasztja, hogy a munkaer\u0151piaci szab\u00e1lyoz\u00e1s folyamatban l\u00e9v\u0151 liberaliz\u00e1l\u00e1s\u00e1val a n\u00e9metek elsz\u00edvj\u00e1k az ukr\u00e1nok legk\u00e9pzettebb r\u00e9teg\u00e9t. \u00c9rdekes m\u00f3don \u0151ket politikai \u00e9rtelemben egyik orsz\u00e1gban sem sorolj\u00e1k a migr\u00e1nsok k\u00f6z\u00e9. Minden kor\u00e1bbin\u00e1l t\u00f6bb, mintegy 1,5 milli\u00f3 k\u00fclf\u00f6ldi munkav\u00e1llal\u00f3 \u00e9rkezett tavaly Lengyelorsz\u00e1gba. A t\u00f6bbs\u00e9g\u00fckben","twitter:image":"https:\/\/allasorias.hu\/hirek\/wp-content\/uploads\/2019\/04\/ukran.jpg","twitter:label1":"Written by","twitter:data1":"Juh\u00e1sz P\u00e9ter","twitter:label2":"Est. reading time","twitter:data2":"2 minutes"},"aioseo_meta_data":{"post_id":"2769","title":null,"description":null,"keywords":null,"keyphrases":null,"primary_term":null,"canonical_url":null,"og_title":null,"og_description":null,"og_object_type":"default","og_image_type":"default","og_image_url":null,"og_image_width":null,"og_image_height":null,"og_image_custom_url":null,"og_image_custom_fields":null,"og_video":null,"og_custom_url":null,"og_article_section":null,"og_article_tags":null,"twitter_use_og":false,"twitter_card":"default","twitter_image_type":"default","twitter_image_url":null,"twitter_image_custom_url":null,"twitter_image_custom_fields":null,"twitter_title":null,"twitter_description":null,"schema":{"blockGraphs":[],"customGraphs":[],"default":{"data":{"Article":[],"Course":[],"Dataset":[],"FAQPage":[],"Movie":[],"Person":[],"Product":[],"ProductReview":[],"Car":[],"Recipe":[],"Service":[],"SoftwareApplication":[],"WebPage":[]},"graphName":"","isEnabled":true},"graphs":[],"defaultGraph":"","defaultPostTypeGraph":""},"schema_type":null,"schema_type_options":null,"pillar_content":false,"robots_default":true,"robots_noindex":false,"robots_noarchive":false,"robots_nosnippet":false,"robots_nofollow":false,"robots_noimageindex":false,"robots_noodp":false,"robots_notranslate":false,"robots_max_snippet":null,"robots_max_videopreview":null,"robots_max_imagepreview":"large","priority":null,"frequency":null,"location":null,"local_seo":null,"breadcrumb_settings":null,"limit_modified_date":false,"ai":null,"created":"2021-02-01 21:14:05","updated":"2025-10-02 11:03:21","seo_analyzer_scan_date":null,"focus_keyword":null,"additional_keywords":null,"truseo_locale":null},"aioseo_breadcrumb":"<div class=\"aioseo-breadcrumbs\"><span class=\"aioseo-breadcrumb\">\n\t\t\t<a href=\"https:\/\/allasorias.hu\/hirek\" title=\"Home\">Home<\/a>\n\t\t<\/span><span class=\"aioseo-breadcrumb-separator\">&raquo;<\/span><span class=\"aioseo-breadcrumb\">\n\t\t\t<a href=\"https:\/\/allasorias.hu\/hirek\/temak\/gazdasag\/\" title=\"Gazdas\u00e1g\">Gazdas\u00e1g<\/a>\n\t\t<\/span><span class=\"aioseo-breadcrumb-separator\">&raquo;<\/span><span class=\"aioseo-breadcrumb\">\n\t\t\tNagyon kelend\u0151 az ukr\u00e1n munkaer\u0151\n\t\t<\/span><\/div>","aioseo_breadcrumb_json":[{"label":"Home","link":"https:\/\/allasorias.hu\/hirek"},{"label":"Gazdas\u00e1g","link":"https:\/\/allasorias.hu\/hirek\/temak\/gazdasag\/"},{"label":"Nagyon kelend\u0151 az ukr\u00e1n munkaer\u0151","link":"https:\/\/allasorias.hu\/hirek\/nagyon-kelendo-az-ukran-munkaero\/"}],"_links":{"self":[{"href":"https:\/\/allasorias.hu\/hirek\/wp-json\/wp\/v2\/posts\/2769","targetHints":{"allow":["GET"]}}],"collection":[{"href":"https:\/\/allasorias.hu\/hirek\/wp-json\/wp\/v2\/posts"}],"about":[{"href":"https:\/\/allasorias.hu\/hirek\/wp-json\/wp\/v2\/types\/post"}],"author":[{"embeddable":true,"href":"https:\/\/allasorias.hu\/hirek\/wp-json\/wp\/v2\/users\/1"}],"replies":[{"embeddable":true,"href":"https:\/\/allasorias.hu\/hirek\/wp-json\/wp\/v2\/comments?post=2769"}],"version-history":[{"count":1,"href":"https:\/\/allasorias.hu\/hirek\/wp-json\/wp\/v2\/posts\/2769\/revisions"}],"predecessor-version":[{"id":2771,"href":"https:\/\/allasorias.hu\/hirek\/wp-json\/wp\/v2\/posts\/2769\/revisions\/2771"}],"wp:featuredmedia":[{"embeddable":true,"href":"https:\/\/allasorias.hu\/hirek\/wp-json\/wp\/v2\/media\/2772"}],"wp:attachment":[{"href":"https:\/\/allasorias.hu\/hirek\/wp-json\/wp\/v2\/media?parent=2769"}],"wp:term":[{"taxonomy":"category","embeddable":true,"href":"https:\/\/allasorias.hu\/hirek\/wp-json\/wp\/v2\/categories?post=2769"},{"taxonomy":"post_tag","embeddable":true,"href":"https:\/\/allasorias.hu\/hirek\/wp-json\/wp\/v2\/tags?post=2769"}],"curies":[{"name":"wp","href":"https:\/\/api.w.org\/{rel}","templated":true}]}}