{"id":2767,"date":"2019-04-11T12:28:15","date_gmt":"2019-04-11T12:28:15","guid":{"rendered":"https:\/\/allasorias.hu\/hirek\/?p=2767"},"modified":"2019-04-11T12:28:15","modified_gmt":"2019-04-11T12:28:15","slug":"felgyorsult-a-munkaeroaramlas","status":"publish","type":"post","link":"https:\/\/allasorias.hu\/hirek\/felgyorsult-a-munkaeroaramlas\/","title":{"rendered":"Felgyorsult a munkaer\u0151\u00e1raml\u00e1s"},"content":{"rendered":"<p><strong>Er\u0151s\u00f6dik Magyarorsz\u00e1gon az orsz\u00e1gon bel\u00fcli munkaer\u0151mobilit\u00e1s. A Tolna, N\u00f3gr\u00e1d, Heves \u00e9s B\u00e9k\u00e9s megy\u00e9ben \u00e9l\u0151k p\u00e9ld\u00e1ul 50 sz\u00e1zal\u00e9kban m\u00e1s r\u00e9gi\u00f3kban m\u0171k\u00f6d\u0151 v\u00e1llalatokhoz adj\u00e1k be p\u00e1ly\u00e1zataikat. A folyamatnak nem kedvez a jelenlegi ingatlanpiaci helyzet.<\/strong><\/p>\n<p>Mindezen folyamatok mellett pozit\u00edvum, hogy a hazai munkaer\u0151 nemzetk\u00f6zi mobilit\u00e1si hajland\u00f3s\u00e1ga ugyanis cs\u00f6kkent az elm\u00falt \u00e9vekben. Am\u00edg Nyugat-Magyarorsz\u00e1gon gyakorlatilag nincs munkan\u00e9lk\u00fclis\u00e9g, addig a keleti orsz\u00e1gr\u00e9szben ez el\u00e9rheti a 8-9 sz\u00e1zal\u00e9kot is. Az az \u00e1ltal\u00e1nos n\u00e9zet viszont v\u00e1ltozni l\u00e1tszik, hogy nem sz\u00edvesen k\u00f6lt\u00f6z\u00fcnk\/utazunk egy-egy \u00e1ll\u00e1s miatt az orsz\u00e1g hat\u00e1rain bel\u00fcl, m\u00e9g akkor sem, ha egy kifejezetten j\u00f3 lehet\u0151s\u00e9gr\u0151l van sz\u00f3. A magyarok 52 sz\u00e1zal\u00e9ka ugyanazon a telep\u00fcl\u00e9sen, 23 sz\u00e1zal\u00e9ka ugyanabban a megy\u00e9ben lakik, mint a sz\u00fclet\u00e9sekor, a lak\u00f3hely stabilit\u00e1sa a k\u00f6zs\u00e9gek lak\u00f3ira ink\u00e1bb jellemz\u0151, mint a v\u00e1rosiakra \u2013 ez der\u00fclt ki a KSH kis n\u00e9psz\u00e1ml\u00e1s\u00e1s\u00e1nak 2016-os adataib\u00f3l. Hat\u00e1rozottan k\u00f6rvonalaz\u00f3dik egy m\u00e1sik ir\u00e1ny is, mely szerint m\u00e1r nem csak Budapestre, hanem Budapestr\u0151l kifel\u00e9 is \u00e1ramlik munkaer\u0151. Sz\u00e1mukra az\u00e9rt Pest megye a legvonz\u00f3bb, alighanem az agglomer\u00e1ci\u00f3ba t\u00f6rt\u00e9n\u0151 k\u00f6lt\u00f6z\u00e9s miatt is. A f\u0151v\u00e1rosb\u00f3l t\u00e1vozni k\u00edv\u00e1n\u00f3 munkaer\u0151 eset\u00e9ben Pest megye mellett Fej\u00e9r megye is egyre gyakrabban sz\u00f3ba j\u00f6n. Ez az\u00e9rt Budapesthez val\u00f3 k\u00f6zels\u00e9g\u00e9vel magyar\u00e1zhat\u00f3. A 3. megye, ahova a legt\u00f6bb budapesti jel\u00f6lt jelentkezik, Gy\u0151r-Moson-Sopron. Ez a r\u00e9gi\u00f3 f\u0151k\u00e9nt Ausztria k\u00f6zels\u00e9g\u00e9nek \u00e9s az itt tal\u00e1lhat\u00f3 ipari k\u00f6zpontoknak k\u00f6sz\u00f6nheti n\u00e9pszer\u0171s\u00e9g\u00e9t. Ha Budapest agglomer\u00e1ci\u00f3j\u00e1t\u00f3l \u00e9s k\u00f6rny\u00e9k\u00e9t\u0151l eltekint\u00fcnk, akkor a megy\u00e9k k\u00f6z\u00f6tt \u201ev\u00e1ndorl\u00e1sban\u201d is megfigyelhet\u0151 \u00e9l\u00e9nk\u00fcl\u00e9s, f\u0151leg a 25-40 \u00e9v k\u00f6z\u00f6tti koroszt\u00e1lyn\u00e1l. A legjobban \u201emozgathat\u00f3\u201d jel\u00f6ltek Tolna, N\u00f3gr\u00e1d, Heves \u00e9s B\u00e9k\u00e9s megy\u00e9ben vannak, \u0151k 50 sz\u00e1zal\u00e9kban m\u00e1s megy\u00e9kbe adj\u00e1k le a p\u00e1ly\u00e1zataikat. A legt\u00f6bben persze az orsz\u00e1gos tendenci\u00e1val egybees\u0151en budapesti \u00e1ll\u00e1sokra jelentkeznek. A legnagyobb mobilit\u00e1si hajland\u00f3s\u00e1g a szakmunk\u00e1t (39%) \u00e9s fizikai seg\u00e9dmunk\u00e1t (34%), illetve betan\u00edtott munk\u00e1t (36%) v\u00e9gz\u0151k k\u00f6r\u00e9ben tapasztalhat\u00f3. Az adminisztr\u00e1ci\u00f3s, asszisztensi irodai munk\u00e1t (15%), az \u00e9rt\u00e9kes\u00edt\u00e9s, kereskedelem ter\u00e9n (14%), a gy\u00e1rt\u00e1sban, termel\u00e9sben r\u00e9sztvev\u0151k (12%) \u00e9s a sz\u00e1ll\u00edt\u00e1s, beszerz\u00e9s, logisztika (8%) poz\u00edci\u00f3kra is egyre gyakrabban p\u00e1ly\u00e1znak megy\u00e9ken \u00e1t\u00edvelve.<\/p>\n<p>Forr\u00e1s: piacesprofit.hu<\/p>\n","protected":false},"excerpt":{"rendered":"<p>Er\u0151s\u00f6dik Magyarorsz\u00e1gon az orsz\u00e1gon bel\u00fcli munkaer\u0151mobilit\u00e1s. A Tolna, N\u00f3gr\u00e1d, Heves \u00e9s B\u00e9k\u00e9s megy\u00e9ben \u00e9l\u0151k p\u00e9ld\u00e1ul 50 sz\u00e1zal\u00e9kban m\u00e1s r\u00e9gi\u00f3kban m\u0171k\u00f6d\u0151 v\u00e1llalatokhoz adj\u00e1k be p\u00e1ly\u00e1zataikat. A folyamatnak nem kedvez a jelenlegi ingatlanpiaci helyzet. Mindezen folyamatok mellett pozit\u00edvum, hogy a hazai munkaer\u0151 nemzetk\u00f6zi mobilit\u00e1si hajland\u00f3s\u00e1ga ugyanis cs\u00f6kkent az elm\u00falt \u00e9vekben. Am\u00edg Nyugat-Magyarorsz\u00e1gon gyakorlatilag nincs munkan\u00e9lk\u00fclis\u00e9g, addig a [&hellip;]<\/p>\n","protected":false},"author":1,"featured_media":2230,"comment_status":"open","ping_status":"open","sticky":false,"template":"","format":"standard","meta":{"_monsterinsights_skip_tracking":false,"footnotes":""},"categories":[198,200],"tags":[],"class_list":["post-2767","post","type-post","status-publish","format-standard","has-post-thumbnail","hentry","category-gazdasag","category-munkaeropiac"],"aioseo_notices":[],"aioseo_head":"\n\t\t<!-- All in One SEO 5.0.0.1 - aioseo.com -->\n\t<meta name=\"description\" content=\"Er\u0151s\u00f6dik Magyarorsz\u00e1gon az orsz\u00e1gon bel\u00fcli munkaer\u0151mobilit\u00e1s. A Tolna, N\u00f3gr\u00e1d, Heves \u00e9s B\u00e9k\u00e9s megy\u00e9ben \u00e9l\u0151k p\u00e9ld\u00e1ul 50 sz\u00e1zal\u00e9kban m\u00e1s r\u00e9gi\u00f3kban m\u0171k\u00f6d\u0151 v\u00e1llalatokhoz adj\u00e1k be p\u00e1ly\u00e1zataikat. A folyamatnak nem kedvez a jelenlegi ingatlanpiaci helyzet. Mindezen folyamatok mellett pozit\u00edvum, hogy a hazai munkaer\u0151 nemzetk\u00f6zi mobilit\u00e1si hajland\u00f3s\u00e1ga ugyanis cs\u00f6kkent az elm\u00falt \u00e9vekben. Am\u00edg Nyugat-Magyarorsz\u00e1gon gyakorlatilag nincs munkan\u00e9lk\u00fclis\u00e9g, addig a\" \/>\n\t<meta name=\"robots\" content=\"max-image-preview:large\" \/>\n\t<meta name=\"author\" content=\"Juh\u00e1sz P\u00e9ter\"\/>\n\t<link rel=\"canonical\" href=\"https:\/\/allasorias.hu\/hirek\/felgyorsult-a-munkaeroaramlas\/\" \/>\n\t<meta name=\"generator\" content=\"All in One SEO (AIOSEO) 5.0.0.1\" \/>\n\t\t<meta property=\"og:locale\" content=\"hu_HU\" \/>\n\t\t<meta property=\"og:site_name\" content=\"AllasOrias.hu | H\u00edrek-lapszemle | \u00dczleti h\u00edrek az \u00e1ll\u00e1s \u00e9s a munka vil\u00e1g\u00e1b\u00f3l\" \/>\n\t\t<meta property=\"og:type\" content=\"article\" \/>\n\t\t<meta property=\"og:title\" content=\"Felgyorsult a munkaer\u0151\u00e1raml\u00e1s | AllasOrias.hu | H\u00edrek-lapszemle\" \/>\n\t\t<meta property=\"og:description\" content=\"Er\u0151s\u00f6dik Magyarorsz\u00e1gon az orsz\u00e1gon bel\u00fcli munkaer\u0151mobilit\u00e1s. A Tolna, N\u00f3gr\u00e1d, Heves \u00e9s B\u00e9k\u00e9s megy\u00e9ben \u00e9l\u0151k p\u00e9ld\u00e1ul 50 sz\u00e1zal\u00e9kban m\u00e1s r\u00e9gi\u00f3kban m\u0171k\u00f6d\u0151 v\u00e1llalatokhoz adj\u00e1k be p\u00e1ly\u00e1zataikat. A folyamatnak nem kedvez a jelenlegi ingatlanpiaci helyzet. Mindezen folyamatok mellett pozit\u00edvum, hogy a hazai munkaer\u0151 nemzetk\u00f6zi mobilit\u00e1si hajland\u00f3s\u00e1ga ugyanis cs\u00f6kkent az elm\u00falt \u00e9vekben. Am\u00edg Nyugat-Magyarorsz\u00e1gon gyakorlatilag nincs munkan\u00e9lk\u00fclis\u00e9g, addig a\" \/>\n\t\t<meta property=\"og:url\" content=\"https:\/\/allasorias.hu\/hirek\/felgyorsult-a-munkaeroaramlas\/\" \/>\n\t\t<meta property=\"og:image\" content=\"https:\/\/allasorias.hu\/hirek\/wp-content\/uploads\/2018\/11\/t\u00f6meg.jpg\" \/>\n\t\t<meta property=\"og:image:secure_url\" content=\"https:\/\/allasorias.hu\/hirek\/wp-content\/uploads\/2018\/11\/t\u00f6meg.jpg\" \/>\n\t\t<meta property=\"og:image:width\" content=\"640\" \/>\n\t\t<meta property=\"og:image:height\" content=\"423\" \/>\n\t\t<meta property=\"article:published_time\" content=\"2019-04-11T12:28:15+00:00\" \/>\n\t\t<meta property=\"article:modified_time\" content=\"2019-04-11T12:28:15+00:00\" \/>\n\t\t<meta property=\"article:publisher\" content=\"https:\/\/www.facebook.com\/allasorias\" \/>\n\t\t<meta name=\"twitter:card\" content=\"summary_large_image\" \/>\n\t\t<meta name=\"twitter:title\" content=\"Felgyorsult a munkaer\u0151\u00e1raml\u00e1s | AllasOrias.hu | H\u00edrek-lapszemle\" \/>\n\t\t<meta name=\"twitter:description\" content=\"Er\u0151s\u00f6dik Magyarorsz\u00e1gon az orsz\u00e1gon bel\u00fcli munkaer\u0151mobilit\u00e1s. A Tolna, N\u00f3gr\u00e1d, Heves \u00e9s B\u00e9k\u00e9s megy\u00e9ben \u00e9l\u0151k p\u00e9ld\u00e1ul 50 sz\u00e1zal\u00e9kban m\u00e1s r\u00e9gi\u00f3kban m\u0171k\u00f6d\u0151 v\u00e1llalatokhoz adj\u00e1k be p\u00e1ly\u00e1zataikat. A folyamatnak nem kedvez a jelenlegi ingatlanpiaci helyzet. Mindezen folyamatok mellett pozit\u00edvum, hogy a hazai munkaer\u0151 nemzetk\u00f6zi mobilit\u00e1si hajland\u00f3s\u00e1ga ugyanis cs\u00f6kkent az elm\u00falt \u00e9vekben. Am\u00edg Nyugat-Magyarorsz\u00e1gon gyakorlatilag nincs munkan\u00e9lk\u00fclis\u00e9g, addig a\" \/>\n\t\t<meta name=\"twitter:image\" content=\"https:\/\/allasorias.hu\/hirek\/wp-content\/uploads\/2018\/11\/t\u00f6meg.jpg\" \/>\n\t\t<meta name=\"twitter:label1\" content=\"Written by\" \/>\n\t\t<meta name=\"twitter:data1\" content=\"Juh\u00e1sz P\u00e9ter\" \/>\n\t\t<meta name=\"twitter:label2\" content=\"Est. reading time\" \/>\n\t\t<meta name=\"twitter:data2\" content=\"2 minutes\" \/>\n\t\t<script type=\"application\/ld+json\" class=\"aioseo-schema\">\n\t\t\t{\"@context\":\"https:\\\/\\\/schema.org\",\"@graph\":[{\"@type\":\"Article\",\"@id\":\"https:\\\/\\\/allasorias.hu\\\/hirek\\\/felgyorsult-a-munkaeroaramlas\\\/#article\",\"name\":\"Felgyorsult a munkaer\\u0151\\u00e1raml\\u00e1s | AllasOrias.hu | H\\u00edrek-lapszemle\",\"headline\":\"Felgyorsult a munkaer\\u0151\\u00e1raml\\u00e1s\",\"author\":{\"@id\":\"https:\\\/\\\/allasorias.hu\\\/hirek\\\/author\\\/admin-allasorias\\\/#author\"},\"publisher\":{\"@id\":\"https:\\\/\\\/allasorias.hu\\\/hirek\\\/#organization\"},\"image\":{\"@type\":\"ImageObject\",\"url\":\"https:\\\/\\\/allasorias.hu\\\/hirek\\\/wp-content\\\/uploads\\\/2018\\\/11\\\/t\\u00f6meg.jpg\",\"width\":640,\"height\":423},\"datePublished\":\"2019-04-11T12:28:15+02:00\",\"dateModified\":\"2019-04-11T12:28:15+02:00\",\"inLanguage\":\"hu-HU\",\"mainEntityOfPage\":{\"@id\":\"https:\\\/\\\/allasorias.hu\\\/hirek\\\/felgyorsult-a-munkaeroaramlas\\\/#webpage\"},\"isPartOf\":{\"@id\":\"https:\\\/\\\/allasorias.hu\\\/hirek\\\/felgyorsult-a-munkaeroaramlas\\\/#webpage\"},\"articleSection\":\"Gazdas\\u00e1g, Munkaer\\u0151piac\"},{\"@type\":\"BreadcrumbList\",\"@id\":\"https:\\\/\\\/allasorias.hu\\\/hirek\\\/felgyorsult-a-munkaeroaramlas\\\/#breadcrumblist\",\"itemListElement\":[{\"@type\":\"ListItem\",\"@id\":\"https:\\\/\\\/allasorias.hu\\\/hirek#listItem\",\"position\":1,\"name\":\"Home\",\"item\":\"https:\\\/\\\/allasorias.hu\\\/hirek\",\"nextItem\":{\"@type\":\"ListItem\",\"@id\":\"https:\\\/\\\/allasorias.hu\\\/hirek\\\/temak\\\/gazdasag\\\/#listItem\",\"name\":\"Gazdas\\u00e1g\"}},{\"@type\":\"ListItem\",\"@id\":\"https:\\\/\\\/allasorias.hu\\\/hirek\\\/temak\\\/gazdasag\\\/#listItem\",\"position\":2,\"name\":\"Gazdas\\u00e1g\",\"item\":\"https:\\\/\\\/allasorias.hu\\\/hirek\\\/temak\\\/gazdasag\\\/\",\"nextItem\":{\"@type\":\"ListItem\",\"@id\":\"https:\\\/\\\/allasorias.hu\\\/hirek\\\/felgyorsult-a-munkaeroaramlas\\\/#listItem\",\"name\":\"Felgyorsult a munkaer\\u0151\\u00e1raml\\u00e1s\"},\"previousItem\":{\"@type\":\"ListItem\",\"@id\":\"https:\\\/\\\/allasorias.hu\\\/hirek#listItem\",\"name\":\"Home\"}},{\"@type\":\"ListItem\",\"@id\":\"https:\\\/\\\/allasorias.hu\\\/hirek\\\/felgyorsult-a-munkaeroaramlas\\\/#listItem\",\"position\":3,\"name\":\"Felgyorsult a munkaer\\u0151\\u00e1raml\\u00e1s\",\"previousItem\":{\"@type\":\"ListItem\",\"@id\":\"https:\\\/\\\/allasorias.hu\\\/hirek\\\/temak\\\/gazdasag\\\/#listItem\",\"name\":\"Gazdas\\u00e1g\"}}]},{\"@type\":\"Organization\",\"@id\":\"https:\\\/\\\/allasorias.hu\\\/hirek\\\/#organization\",\"name\":\"AllasOrias.hu | H\\u00edrek-lapszemle\",\"description\":\"\\u00dczleti h\\u00edrek az \\u00e1ll\\u00e1s \\u00e9s a munka vil\\u00e1g\\u00e1b\\u00f3l\",\"url\":\"https:\\\/\\\/allasorias.hu\\\/hirek\\\/\",\"logo\":{\"@type\":\"ImageObject\",\"url\":\"https:\\\/\\\/allasorias.hu\\\/hirek\\\/wp-content\\\/uploads\\\/2022\\\/10\\\/allasorias_site_facebok_logo.png\",\"@id\":\"https:\\\/\\\/allasorias.hu\\\/hirek\\\/felgyorsult-a-munkaeroaramlas\\\/#organizationLogo\"},\"image\":{\"@id\":\"https:\\\/\\\/allasorias.hu\\\/hirek\\\/felgyorsult-a-munkaeroaramlas\\\/#organizationLogo\"},\"sameAs\":[\"https:\\\/\\\/www.facebook.com\\\/allasorias\",\"https:\\\/\\\/www.linkedin.com\\\/company\\\/allasorias\"]},{\"@type\":\"Person\",\"@id\":\"https:\\\/\\\/allasorias.hu\\\/hirek\\\/author\\\/admin-allasorias\\\/#author\",\"url\":\"https:\\\/\\\/allasorias.hu\\\/hirek\\\/author\\\/admin-allasorias\\\/\",\"name\":\"Juh\\u00e1sz P\\u00e9ter\",\"image\":{\"@type\":\"ImageObject\",\"@id\":\"https:\\\/\\\/allasorias.hu\\\/hirek\\\/felgyorsult-a-munkaeroaramlas\\\/#authorImage\",\"url\":\"https:\\\/\\\/secure.gravatar.com\\\/avatar\\\/36e6bcb83148978b992977cb0f54d22feb0cce8a0a849a9410532bb2623ba4c6?s=96&d=mm&r=g\",\"width\":96,\"height\":96,\"caption\":\"Juh\\u00e1sz P\\u00e9ter\"}},{\"@type\":\"WebPage\",\"@id\":\"https:\\\/\\\/allasorias.hu\\\/hirek\\\/felgyorsult-a-munkaeroaramlas\\\/#webpage\",\"url\":\"https:\\\/\\\/allasorias.hu\\\/hirek\\\/felgyorsult-a-munkaeroaramlas\\\/\",\"name\":\"Felgyorsult a munkaer\\u0151\\u00e1raml\\u00e1s | AllasOrias.hu | H\\u00edrek-lapszemle\",\"description\":\"Er\\u0151s\\u00f6dik Magyarorsz\\u00e1gon az orsz\\u00e1gon bel\\u00fcli munkaer\\u0151mobilit\\u00e1s. A Tolna, N\\u00f3gr\\u00e1d, Heves \\u00e9s B\\u00e9k\\u00e9s megy\\u00e9ben \\u00e9l\\u0151k p\\u00e9ld\\u00e1ul 50 sz\\u00e1zal\\u00e9kban m\\u00e1s r\\u00e9gi\\u00f3kban m\\u0171k\\u00f6d\\u0151 v\\u00e1llalatokhoz adj\\u00e1k be p\\u00e1ly\\u00e1zataikat. A folyamatnak nem kedvez a jelenlegi ingatlanpiaci helyzet. Mindezen folyamatok mellett pozit\\u00edvum, hogy a hazai munkaer\\u0151 nemzetk\\u00f6zi mobilit\\u00e1si hajland\\u00f3s\\u00e1ga ugyanis cs\\u00f6kkent az elm\\u00falt \\u00e9vekben. Am\\u00edg Nyugat-Magyarorsz\\u00e1gon gyakorlatilag nincs munkan\\u00e9lk\\u00fclis\\u00e9g, addig a\",\"inLanguage\":\"hu-HU\",\"isPartOf\":{\"@id\":\"https:\\\/\\\/allasorias.hu\\\/hirek\\\/#website\"},\"breadcrumb\":{\"@id\":\"https:\\\/\\\/allasorias.hu\\\/hirek\\\/felgyorsult-a-munkaeroaramlas\\\/#breadcrumblist\"},\"author\":{\"@id\":\"https:\\\/\\\/allasorias.hu\\\/hirek\\\/author\\\/admin-allasorias\\\/#author\"},\"creator\":{\"@id\":\"https:\\\/\\\/allasorias.hu\\\/hirek\\\/author\\\/admin-allasorias\\\/#author\"},\"image\":{\"@type\":\"ImageObject\",\"url\":\"https:\\\/\\\/allasorias.hu\\\/hirek\\\/wp-content\\\/uploads\\\/2018\\\/11\\\/t\\u00f6meg.jpg\",\"@id\":\"https:\\\/\\\/allasorias.hu\\\/hirek\\\/felgyorsult-a-munkaeroaramlas\\\/#mainImage\",\"width\":640,\"height\":423},\"primaryImageOfPage\":{\"@id\":\"https:\\\/\\\/allasorias.hu\\\/hirek\\\/felgyorsult-a-munkaeroaramlas\\\/#mainImage\"},\"datePublished\":\"2019-04-11T12:28:15+02:00\",\"dateModified\":\"2019-04-11T12:28:15+02:00\"},{\"@type\":\"WebSite\",\"@id\":\"https:\\\/\\\/allasorias.hu\\\/hirek\\\/#website\",\"url\":\"https:\\\/\\\/allasorias.hu\\\/hirek\\\/\",\"name\":\"AllasOrias.hu | H\\u00edrek-lapszemle\",\"description\":\"\\u00dczleti h\\u00edrek az \\u00e1ll\\u00e1s \\u00e9s a munka vil\\u00e1g\\u00e1b\\u00f3l\",\"inLanguage\":\"hu-HU\",\"publisher\":{\"@id\":\"https:\\\/\\\/allasorias.hu\\\/hirek\\\/#organization\"}}]}\n\t\t<\/script>\n\t\t<!-- All in One SEO -->\n\n","aioseo_head_json":{"title":"Felgyorsult a munkaer\u0151\u00e1raml\u00e1s | AllasOrias.hu | H\u00edrek-lapszemle","description":"Er\u0151s\u00f6dik Magyarorsz\u00e1gon az orsz\u00e1gon bel\u00fcli munkaer\u0151mobilit\u00e1s. A Tolna, N\u00f3gr\u00e1d, Heves \u00e9s B\u00e9k\u00e9s megy\u00e9ben \u00e9l\u0151k p\u00e9ld\u00e1ul 50 sz\u00e1zal\u00e9kban m\u00e1s r\u00e9gi\u00f3kban m\u0171k\u00f6d\u0151 v\u00e1llalatokhoz adj\u00e1k be p\u00e1ly\u00e1zataikat. A folyamatnak nem kedvez a jelenlegi ingatlanpiaci helyzet. Mindezen folyamatok mellett pozit\u00edvum, hogy a hazai munkaer\u0151 nemzetk\u00f6zi mobilit\u00e1si hajland\u00f3s\u00e1ga ugyanis cs\u00f6kkent az elm\u00falt \u00e9vekben. Am\u00edg Nyugat-Magyarorsz\u00e1gon gyakorlatilag nincs munkan\u00e9lk\u00fclis\u00e9g, addig a","canonical_url":"https:\/\/allasorias.hu\/hirek\/felgyorsult-a-munkaeroaramlas\/","robots":"max-image-preview:large","keywords":"","webmasterTools":{"miscellaneous":""},"schema":{"@context":"https:\/\/schema.org","@graph":[{"@type":"Article","@id":"https:\/\/allasorias.hu\/hirek\/felgyorsult-a-munkaeroaramlas\/#article","name":"Felgyorsult a munkaer\u0151\u00e1raml\u00e1s | AllasOrias.hu | H\u00edrek-lapszemle","headline":"Felgyorsult a munkaer\u0151\u00e1raml\u00e1s","author":{"@id":"https:\/\/allasorias.hu\/hirek\/author\/admin-allasorias\/#author"},"publisher":{"@id":"https:\/\/allasorias.hu\/hirek\/#organization"},"image":{"@type":"ImageObject","url":"https:\/\/allasorias.hu\/hirek\/wp-content\/uploads\/2018\/11\/t\u00f6meg.jpg","width":640,"height":423},"datePublished":"2019-04-11T12:28:15+02:00","dateModified":"2019-04-11T12:28:15+02:00","inLanguage":"hu-HU","mainEntityOfPage":{"@id":"https:\/\/allasorias.hu\/hirek\/felgyorsult-a-munkaeroaramlas\/#webpage"},"isPartOf":{"@id":"https:\/\/allasorias.hu\/hirek\/felgyorsult-a-munkaeroaramlas\/#webpage"},"articleSection":"Gazdas\u00e1g, Munkaer\u0151piac"},{"@type":"BreadcrumbList","@id":"https:\/\/allasorias.hu\/hirek\/felgyorsult-a-munkaeroaramlas\/#breadcrumblist","itemListElement":[{"@type":"ListItem","@id":"https:\/\/allasorias.hu\/hirek#listItem","position":1,"name":"Home","item":"https:\/\/allasorias.hu\/hirek","nextItem":{"@type":"ListItem","@id":"https:\/\/allasorias.hu\/hirek\/temak\/gazdasag\/#listItem","name":"Gazdas\u00e1g"}},{"@type":"ListItem","@id":"https:\/\/allasorias.hu\/hirek\/temak\/gazdasag\/#listItem","position":2,"name":"Gazdas\u00e1g","item":"https:\/\/allasorias.hu\/hirek\/temak\/gazdasag\/","nextItem":{"@type":"ListItem","@id":"https:\/\/allasorias.hu\/hirek\/felgyorsult-a-munkaeroaramlas\/#listItem","name":"Felgyorsult a munkaer\u0151\u00e1raml\u00e1s"},"previousItem":{"@type":"ListItem","@id":"https:\/\/allasorias.hu\/hirek#listItem","name":"Home"}},{"@type":"ListItem","@id":"https:\/\/allasorias.hu\/hirek\/felgyorsult-a-munkaeroaramlas\/#listItem","position":3,"name":"Felgyorsult a munkaer\u0151\u00e1raml\u00e1s","previousItem":{"@type":"ListItem","@id":"https:\/\/allasorias.hu\/hirek\/temak\/gazdasag\/#listItem","name":"Gazdas\u00e1g"}}]},{"@type":"Organization","@id":"https:\/\/allasorias.hu\/hirek\/#organization","name":"AllasOrias.hu | H\u00edrek-lapszemle","description":"\u00dczleti h\u00edrek az \u00e1ll\u00e1s \u00e9s a munka vil\u00e1g\u00e1b\u00f3l","url":"https:\/\/allasorias.hu\/hirek\/","logo":{"@type":"ImageObject","url":"https:\/\/allasorias.hu\/hirek\/wp-content\/uploads\/2022\/10\/allasorias_site_facebok_logo.png","@id":"https:\/\/allasorias.hu\/hirek\/felgyorsult-a-munkaeroaramlas\/#organizationLogo"},"image":{"@id":"https:\/\/allasorias.hu\/hirek\/felgyorsult-a-munkaeroaramlas\/#organizationLogo"},"sameAs":["https:\/\/www.facebook.com\/allasorias","https:\/\/www.linkedin.com\/company\/allasorias"]},{"@type":"Person","@id":"https:\/\/allasorias.hu\/hirek\/author\/admin-allasorias\/#author","url":"https:\/\/allasorias.hu\/hirek\/author\/admin-allasorias\/","name":"Juh\u00e1sz P\u00e9ter","image":{"@type":"ImageObject","@id":"https:\/\/allasorias.hu\/hirek\/felgyorsult-a-munkaeroaramlas\/#authorImage","url":"https:\/\/secure.gravatar.com\/avatar\/36e6bcb83148978b992977cb0f54d22feb0cce8a0a849a9410532bb2623ba4c6?s=96&d=mm&r=g","width":96,"height":96,"caption":"Juh\u00e1sz P\u00e9ter"}},{"@type":"WebPage","@id":"https:\/\/allasorias.hu\/hirek\/felgyorsult-a-munkaeroaramlas\/#webpage","url":"https:\/\/allasorias.hu\/hirek\/felgyorsult-a-munkaeroaramlas\/","name":"Felgyorsult a munkaer\u0151\u00e1raml\u00e1s | AllasOrias.hu | H\u00edrek-lapszemle","description":"Er\u0151s\u00f6dik Magyarorsz\u00e1gon az orsz\u00e1gon bel\u00fcli munkaer\u0151mobilit\u00e1s. A Tolna, N\u00f3gr\u00e1d, Heves \u00e9s B\u00e9k\u00e9s megy\u00e9ben \u00e9l\u0151k p\u00e9ld\u00e1ul 50 sz\u00e1zal\u00e9kban m\u00e1s r\u00e9gi\u00f3kban m\u0171k\u00f6d\u0151 v\u00e1llalatokhoz adj\u00e1k be p\u00e1ly\u00e1zataikat. A folyamatnak nem kedvez a jelenlegi ingatlanpiaci helyzet. Mindezen folyamatok mellett pozit\u00edvum, hogy a hazai munkaer\u0151 nemzetk\u00f6zi mobilit\u00e1si hajland\u00f3s\u00e1ga ugyanis cs\u00f6kkent az elm\u00falt \u00e9vekben. Am\u00edg Nyugat-Magyarorsz\u00e1gon gyakorlatilag nincs munkan\u00e9lk\u00fclis\u00e9g, addig a","inLanguage":"hu-HU","isPartOf":{"@id":"https:\/\/allasorias.hu\/hirek\/#website"},"breadcrumb":{"@id":"https:\/\/allasorias.hu\/hirek\/felgyorsult-a-munkaeroaramlas\/#breadcrumblist"},"author":{"@id":"https:\/\/allasorias.hu\/hirek\/author\/admin-allasorias\/#author"},"creator":{"@id":"https:\/\/allasorias.hu\/hirek\/author\/admin-allasorias\/#author"},"image":{"@type":"ImageObject","url":"https:\/\/allasorias.hu\/hirek\/wp-content\/uploads\/2018\/11\/t\u00f6meg.jpg","@id":"https:\/\/allasorias.hu\/hirek\/felgyorsult-a-munkaeroaramlas\/#mainImage","width":640,"height":423},"primaryImageOfPage":{"@id":"https:\/\/allasorias.hu\/hirek\/felgyorsult-a-munkaeroaramlas\/#mainImage"},"datePublished":"2019-04-11T12:28:15+02:00","dateModified":"2019-04-11T12:28:15+02:00"},{"@type":"WebSite","@id":"https:\/\/allasorias.hu\/hirek\/#website","url":"https:\/\/allasorias.hu\/hirek\/","name":"AllasOrias.hu | H\u00edrek-lapszemle","description":"\u00dczleti h\u00edrek az \u00e1ll\u00e1s \u00e9s a munka vil\u00e1g\u00e1b\u00f3l","inLanguage":"hu-HU","publisher":{"@id":"https:\/\/allasorias.hu\/hirek\/#organization"}}]},"og:locale":"hu_HU","og:site_name":"AllasOrias.hu | H\u00edrek-lapszemle | \u00dczleti h\u00edrek az \u00e1ll\u00e1s \u00e9s a munka vil\u00e1g\u00e1b\u00f3l","og:type":"article","og:title":"Felgyorsult a munkaer\u0151\u00e1raml\u00e1s | AllasOrias.hu | H\u00edrek-lapszemle","og:description":"Er\u0151s\u00f6dik Magyarorsz\u00e1gon az orsz\u00e1gon bel\u00fcli munkaer\u0151mobilit\u00e1s. A Tolna, N\u00f3gr\u00e1d, Heves \u00e9s B\u00e9k\u00e9s megy\u00e9ben \u00e9l\u0151k p\u00e9ld\u00e1ul 50 sz\u00e1zal\u00e9kban m\u00e1s r\u00e9gi\u00f3kban m\u0171k\u00f6d\u0151 v\u00e1llalatokhoz adj\u00e1k be p\u00e1ly\u00e1zataikat. A folyamatnak nem kedvez a jelenlegi ingatlanpiaci helyzet. Mindezen folyamatok mellett pozit\u00edvum, hogy a hazai munkaer\u0151 nemzetk\u00f6zi mobilit\u00e1si hajland\u00f3s\u00e1ga ugyanis cs\u00f6kkent az elm\u00falt \u00e9vekben. Am\u00edg Nyugat-Magyarorsz\u00e1gon gyakorlatilag nincs munkan\u00e9lk\u00fclis\u00e9g, addig a","og:url":"https:\/\/allasorias.hu\/hirek\/felgyorsult-a-munkaeroaramlas\/","og:image":"https:\/\/allasorias.hu\/hirek\/wp-content\/uploads\/2018\/11\/t\u00f6meg.jpg","og:image:secure_url":"https:\/\/allasorias.hu\/hirek\/wp-content\/uploads\/2018\/11\/t\u00f6meg.jpg","og:image:width":640,"og:image:height":423,"article:published_time":"2019-04-11T12:28:15+00:00","article:modified_time":"2019-04-11T12:28:15+00:00","article:publisher":"https:\/\/www.facebook.com\/allasorias","twitter:card":"summary_large_image","twitter:title":"Felgyorsult a munkaer\u0151\u00e1raml\u00e1s | AllasOrias.hu | H\u00edrek-lapszemle","twitter:description":"Er\u0151s\u00f6dik Magyarorsz\u00e1gon az orsz\u00e1gon bel\u00fcli munkaer\u0151mobilit\u00e1s. A Tolna, N\u00f3gr\u00e1d, Heves \u00e9s B\u00e9k\u00e9s megy\u00e9ben \u00e9l\u0151k p\u00e9ld\u00e1ul 50 sz\u00e1zal\u00e9kban m\u00e1s r\u00e9gi\u00f3kban m\u0171k\u00f6d\u0151 v\u00e1llalatokhoz adj\u00e1k be p\u00e1ly\u00e1zataikat. A folyamatnak nem kedvez a jelenlegi ingatlanpiaci helyzet. Mindezen folyamatok mellett pozit\u00edvum, hogy a hazai munkaer\u0151 nemzetk\u00f6zi mobilit\u00e1si hajland\u00f3s\u00e1ga ugyanis cs\u00f6kkent az elm\u00falt \u00e9vekben. Am\u00edg Nyugat-Magyarorsz\u00e1gon gyakorlatilag nincs munkan\u00e9lk\u00fclis\u00e9g, addig a","twitter:image":"https:\/\/allasorias.hu\/hirek\/wp-content\/uploads\/2018\/11\/t\u00f6meg.jpg","twitter:label1":"Written by","twitter:data1":"Juh\u00e1sz P\u00e9ter","twitter:label2":"Est. reading time","twitter:data2":"2 minutes"},"aioseo_meta_data":{"post_id":"2767","title":null,"description":null,"keywords":null,"keyphrases":null,"primary_term":null,"canonical_url":null,"og_title":null,"og_description":null,"og_object_type":"default","og_image_type":"default","og_image_url":null,"og_image_width":null,"og_image_height":null,"og_image_custom_url":null,"og_image_custom_fields":null,"og_video":null,"og_custom_url":null,"og_article_section":null,"og_article_tags":null,"twitter_use_og":false,"twitter_card":"default","twitter_image_type":"default","twitter_image_url":null,"twitter_image_custom_url":null,"twitter_image_custom_fields":null,"twitter_title":null,"twitter_description":null,"schema":{"blockGraphs":[],"customGraphs":[],"default":{"data":{"Article":[],"Course":[],"Dataset":[],"FAQPage":[],"Movie":[],"Person":[],"Product":[],"ProductReview":[],"Car":[],"Recipe":[],"Service":[],"SoftwareApplication":[],"WebPage":[]},"graphName":"","isEnabled":true},"graphs":[]},"schema_type":null,"schema_type_options":null,"pillar_content":false,"robots_default":true,"robots_noindex":false,"robots_noarchive":false,"robots_nosnippet":false,"robots_nofollow":false,"robots_noimageindex":false,"robots_noodp":false,"robots_notranslate":false,"robots_max_snippet":null,"robots_max_videopreview":null,"robots_max_imagepreview":"large","priority":null,"frequency":null,"location":null,"local_seo":null,"breadcrumb_settings":null,"limit_modified_date":false,"ai":null,"created":"2021-02-01 21:14:05","updated":"2025-10-02 11:03:21","seo_analyzer_scan_date":null,"focus_keyword":null,"additional_keywords":null,"truseo_locale":null},"aioseo_breadcrumb":"<div class=\"aioseo-breadcrumbs\"><span class=\"aioseo-breadcrumb\">\n\t\t\t<a href=\"https:\/\/allasorias.hu\/hirek\" title=\"Home\">Home<\/a>\n\t\t<\/span><span class=\"aioseo-breadcrumb-separator\">&raquo;<\/span><span class=\"aioseo-breadcrumb\">\n\t\t\t<a href=\"https:\/\/allasorias.hu\/hirek\/temak\/gazdasag\/\" title=\"Gazdas\u00e1g\">Gazdas\u00e1g<\/a>\n\t\t<\/span><span class=\"aioseo-breadcrumb-separator\">&raquo;<\/span><span class=\"aioseo-breadcrumb\">\n\t\t\tFelgyorsult a munkaer\u0151\u00e1raml\u00e1s\n\t\t<\/span><\/div>","aioseo_breadcrumb_json":[{"label":"Home","link":"https:\/\/allasorias.hu\/hirek"},{"label":"Gazdas\u00e1g","link":"https:\/\/allasorias.hu\/hirek\/temak\/gazdasag\/"},{"label":"Felgyorsult a munkaer\u0151\u00e1raml\u00e1s","link":"https:\/\/allasorias.hu\/hirek\/felgyorsult-a-munkaeroaramlas\/"}],"_links":{"self":[{"href":"https:\/\/allasorias.hu\/hirek\/wp-json\/wp\/v2\/posts\/2767","targetHints":{"allow":["GET"]}}],"collection":[{"href":"https:\/\/allasorias.hu\/hirek\/wp-json\/wp\/v2\/posts"}],"about":[{"href":"https:\/\/allasorias.hu\/hirek\/wp-json\/wp\/v2\/types\/post"}],"author":[{"embeddable":true,"href":"https:\/\/allasorias.hu\/hirek\/wp-json\/wp\/v2\/users\/1"}],"replies":[{"embeddable":true,"href":"https:\/\/allasorias.hu\/hirek\/wp-json\/wp\/v2\/comments?post=2767"}],"version-history":[{"count":1,"href":"https:\/\/allasorias.hu\/hirek\/wp-json\/wp\/v2\/posts\/2767\/revisions"}],"predecessor-version":[{"id":2768,"href":"https:\/\/allasorias.hu\/hirek\/wp-json\/wp\/v2\/posts\/2767\/revisions\/2768"}],"wp:featuredmedia":[{"embeddable":true,"href":"https:\/\/allasorias.hu\/hirek\/wp-json\/wp\/v2\/media\/2230"}],"wp:attachment":[{"href":"https:\/\/allasorias.hu\/hirek\/wp-json\/wp\/v2\/media?parent=2767"}],"wp:term":[{"taxonomy":"category","embeddable":true,"href":"https:\/\/allasorias.hu\/hirek\/wp-json\/wp\/v2\/categories?post=2767"},{"taxonomy":"post_tag","embeddable":true,"href":"https:\/\/allasorias.hu\/hirek\/wp-json\/wp\/v2\/tags?post=2767"}],"curies":[{"name":"wp","href":"https:\/\/api.w.org\/{rel}","templated":true}]}}