{"id":2763,"date":"2019-04-10T07:25:49","date_gmt":"2019-04-10T07:25:49","guid":{"rendered":"https:\/\/allasorias.hu\/hirek\/?p=2763"},"modified":"2019-04-10T07:25:49","modified_gmt":"2019-04-10T07:25:49","slug":"versenykepes-tudast-a-szakkepzesben","status":"publish","type":"post","link":"https:\/\/allasorias.hu\/hirek\/versenykepes-tudast-a-szakkepzesben\/","title":{"rendered":"Versenyk\u00e9pes tud\u00e1st a szakk\u00e9pz\u00e9sben"},"content":{"rendered":"<p><strong>Fejleszteni sz\u00fcks\u00e9ges a szakk\u00e9pz\u00e9st, a kiker\u00fcl\u0151 szakembereknek a munkaer\u0151piacon versenyk\u00e9pes tud\u00e1ssal kell rendelkezni\u00fck hangzott el azon a tal\u00e1lkoz\u00f3n, melyen az innov\u00e1ci\u00f3s \u00e9s technol\u00f3giai miniszter el\u0151sz\u00f6r fogadta a szakk\u00e9pz\u00e9si centrumok m\u00e1rciusban kinevezett kancell\u00e1rjait. <\/strong><\/p>\n<p>A miniszter besz\u00e9d\u00e9ben kiemelte: a szakk\u00e9pz\u00e9si rendszer v\u00e1llalati, kamarai ig\u00e9nyekhez igazod\u00f3 fejleszt\u00e9s\u00e9vel a korm\u00e1ny \u00fajabb l\u00e9p\u00e9st tesz a munkaalap\u00fa t\u00e1rsadalom megteremt\u00e9se fel\u00e9. Ehhez j\u00f3l felszerelt iskol\u00e1kra, korszer\u0171 tanm\u0171helyekre \u00e9s naprak\u00e9sz tud\u00e1ssal rendelkez\u0151 szakmai tan\u00e1rokra van sz\u00fcks\u00e9g. A meger\u0151s\u00f6d\u0151 szakk\u00e9pz\u00e9s stabil gazdas\u00e1gi h\u00e1tter\u00e9t hivatott biztos\u00edtani az \u00fajonnan bevezetett kancell\u00e1ri rendszer. A r\u00e9sztvev\u0151k megismerhett\u00e9k a Szakk\u00e9pz\u00e9s 4.0 strat\u00e9gia legf\u0151bb elemeit, a 21. sz\u00e1zadi szakk\u00e9pz\u00e9s kialak\u00edt\u00e1s\u00e1nak gazdas\u00e1gi szerepl\u0151kkel k\u00f6z\u00f6sen kijel\u00f6lt ir\u00e1ny\u00e1t. Palkovics L\u00e1szl\u00f3 a kancell\u00e1rokt\u00f3l a szakk\u00e9pz\u00e9si centrumok felel\u0151s, \u00e1tl\u00e1that\u00f3 \u00e9s professzion\u00e1lis gazd\u00e1lkod\u00e1s\u00e1t v\u00e1rja el. M\u0171k\u00f6d\u00e9s\u00fck alapvet\u0151 c\u00e9lja, hogy menedzserszeml\u00e9lettel t\u00e1mogass\u00e1k a centrumok f\u0151igazgat\u00f3it els\u0151dleges feladatuk ell\u00e1t\u00e1s\u00e1ban, az int\u00e9zm\u00e9nyek oktat\u00e1si sz\u00ednvonal\u00e1nak hat\u00e9kony fel\u00fcgyelet\u00e9ben. A kancell\u00e1ri rendszer bevezet\u00e9se garanci\u00e1t jelent a k\u00f6zp\u00e9nzekkel val\u00f3 felel\u0151s, \u00e1tl\u00e1that\u00f3 \u00e9s elsz\u00e1moltathat\u00f3 gazd\u00e1lkod\u00e1sra is.<\/p>\n<p>Forr\u00e1s: kormany.hu<\/p>\n","protected":false},"excerpt":{"rendered":"<p>Fejleszteni sz\u00fcks\u00e9ges a szakk\u00e9pz\u00e9st, a kiker\u00fcl\u0151 szakembereknek a munkaer\u0151piacon versenyk\u00e9pes tud\u00e1ssal kell rendelkezni\u00fck hangzott el azon a tal\u00e1lkoz\u00f3n, melyen az innov\u00e1ci\u00f3s \u00e9s technol\u00f3giai miniszter el\u0151sz\u00f6r fogadta a szakk\u00e9pz\u00e9si centrumok m\u00e1rciusban kinevezett kancell\u00e1rjait. A miniszter besz\u00e9d\u00e9ben kiemelte: a szakk\u00e9pz\u00e9si rendszer v\u00e1llalati, kamarai ig\u00e9nyekhez igazod\u00f3 fejleszt\u00e9s\u00e9vel a korm\u00e1ny \u00fajabb l\u00e9p\u00e9st tesz a munkaalap\u00fa t\u00e1rsadalom megteremt\u00e9se fel\u00e9. Ehhez [&hellip;]<\/p>\n","protected":false},"author":1,"featured_media":2009,"comment_status":"open","ping_status":"open","sticky":false,"template":"","format":"standard","meta":{"_monsterinsights_skip_tracking":false,"footnotes":""},"categories":[1,198,200],"tags":[],"class_list":["post-2763","post","type-post","status-publish","format-standard","has-post-thumbnail","hentry","category-allaskereses","category-gazdasag","category-munkaeropiac"],"aioseo_notices":[],"aioseo_head":"\n\t\t<!-- All in One SEO 5.0.0.1 - aioseo.com -->\n\t<meta name=\"description\" content=\"Fejleszteni sz\u00fcks\u00e9ges a szakk\u00e9pz\u00e9st, a kiker\u00fcl\u0151 szakembereknek a munkaer\u0151piacon versenyk\u00e9pes tud\u00e1ssal kell rendelkezni\u00fck hangzott el azon a tal\u00e1lkoz\u00f3n, melyen az innov\u00e1ci\u00f3s \u00e9s technol\u00f3giai miniszter el\u0151sz\u00f6r fogadta a szakk\u00e9pz\u00e9si centrumok m\u00e1rciusban kinevezett kancell\u00e1rjait. A miniszter besz\u00e9d\u00e9ben kiemelte: a szakk\u00e9pz\u00e9si rendszer v\u00e1llalati, kamarai ig\u00e9nyekhez igazod\u00f3 fejleszt\u00e9s\u00e9vel a korm\u00e1ny \u00fajabb l\u00e9p\u00e9st tesz a munkaalap\u00fa t\u00e1rsadalom megteremt\u00e9se fel\u00e9. Ehhez\" \/>\n\t<meta name=\"robots\" content=\"max-image-preview:large\" \/>\n\t<meta name=\"author\" content=\"Juh\u00e1sz P\u00e9ter\"\/>\n\t<link rel=\"canonical\" href=\"https:\/\/allasorias.hu\/hirek\/versenykepes-tudast-a-szakkepzesben\/\" \/>\n\t<meta name=\"generator\" content=\"All in One SEO (AIOSEO) 5.0.0.1\" \/>\n\t\t<meta property=\"og:locale\" content=\"hu_HU\" \/>\n\t\t<meta property=\"og:site_name\" content=\"AllasOrias.hu | H\u00edrek-lapszemle | \u00dczleti h\u00edrek az \u00e1ll\u00e1s \u00e9s a munka vil\u00e1g\u00e1b\u00f3l\" \/>\n\t\t<meta property=\"og:type\" content=\"article\" \/>\n\t\t<meta property=\"og:title\" content=\"Versenyk\u00e9pes tud\u00e1st a szakk\u00e9pz\u00e9sben | AllasOrias.hu | H\u00edrek-lapszemle\" \/>\n\t\t<meta property=\"og:description\" content=\"Fejleszteni sz\u00fcks\u00e9ges a szakk\u00e9pz\u00e9st, a kiker\u00fcl\u0151 szakembereknek a munkaer\u0151piacon versenyk\u00e9pes tud\u00e1ssal kell rendelkezni\u00fck hangzott el azon a tal\u00e1lkoz\u00f3n, melyen az innov\u00e1ci\u00f3s \u00e9s technol\u00f3giai miniszter el\u0151sz\u00f6r fogadta a szakk\u00e9pz\u00e9si centrumok m\u00e1rciusban kinevezett kancell\u00e1rjait. A miniszter besz\u00e9d\u00e9ben kiemelte: a szakk\u00e9pz\u00e9si rendszer v\u00e1llalati, kamarai ig\u00e9nyekhez igazod\u00f3 fejleszt\u00e9s\u00e9vel a korm\u00e1ny \u00fajabb l\u00e9p\u00e9st tesz a munkaalap\u00fa t\u00e1rsadalom megteremt\u00e9se fel\u00e9. Ehhez\" \/>\n\t\t<meta property=\"og:url\" content=\"https:\/\/allasorias.hu\/hirek\/versenykepes-tudast-a-szakkepzesben\/\" \/>\n\t\t<meta property=\"og:image\" content=\"https:\/\/allasorias.hu\/hirek\/wp-content\/uploads\/2018\/10\/Business-Views.jpg\" \/>\n\t\t<meta property=\"og:image:secure_url\" content=\"https:\/\/allasorias.hu\/hirek\/wp-content\/uploads\/2018\/10\/Business-Views.jpg\" \/>\n\t\t<meta property=\"og:image:width\" content=\"800\" \/>\n\t\t<meta property=\"og:image:height\" content=\"567\" \/>\n\t\t<meta property=\"article:published_time\" content=\"2019-04-10T07:25:49+00:00\" \/>\n\t\t<meta property=\"article:modified_time\" content=\"2019-04-10T07:25:49+00:00\" \/>\n\t\t<meta property=\"article:publisher\" content=\"https:\/\/www.facebook.com\/allasorias\" \/>\n\t\t<meta name=\"twitter:card\" content=\"summary_large_image\" \/>\n\t\t<meta name=\"twitter:title\" content=\"Versenyk\u00e9pes tud\u00e1st a szakk\u00e9pz\u00e9sben | AllasOrias.hu | H\u00edrek-lapszemle\" \/>\n\t\t<meta name=\"twitter:description\" content=\"Fejleszteni sz\u00fcks\u00e9ges a szakk\u00e9pz\u00e9st, a kiker\u00fcl\u0151 szakembereknek a munkaer\u0151piacon versenyk\u00e9pes tud\u00e1ssal kell rendelkezni\u00fck hangzott el azon a tal\u00e1lkoz\u00f3n, melyen az innov\u00e1ci\u00f3s \u00e9s technol\u00f3giai miniszter el\u0151sz\u00f6r fogadta a szakk\u00e9pz\u00e9si centrumok m\u00e1rciusban kinevezett kancell\u00e1rjait. A miniszter besz\u00e9d\u00e9ben kiemelte: a szakk\u00e9pz\u00e9si rendszer v\u00e1llalati, kamarai ig\u00e9nyekhez igazod\u00f3 fejleszt\u00e9s\u00e9vel a korm\u00e1ny \u00fajabb l\u00e9p\u00e9st tesz a munkaalap\u00fa t\u00e1rsadalom megteremt\u00e9se fel\u00e9. Ehhez\" \/>\n\t\t<meta name=\"twitter:image\" content=\"https:\/\/allasorias.hu\/hirek\/wp-content\/uploads\/2018\/10\/Business-Views.jpg\" \/>\n\t\t<meta name=\"twitter:label1\" content=\"Written by\" \/>\n\t\t<meta name=\"twitter:data1\" content=\"Juh\u00e1sz P\u00e9ter\" \/>\n\t\t<meta name=\"twitter:label2\" content=\"Est. reading time\" \/>\n\t\t<meta name=\"twitter:data2\" content=\"1 minute\" \/>\n\t\t<script type=\"application\/ld+json\" class=\"aioseo-schema\">\n\t\t\t{\"@context\":\"https:\\\/\\\/schema.org\",\"@graph\":[{\"@type\":\"Article\",\"@id\":\"https:\\\/\\\/allasorias.hu\\\/hirek\\\/versenykepes-tudast-a-szakkepzesben\\\/#article\",\"name\":\"Versenyk\\u00e9pes tud\\u00e1st a szakk\\u00e9pz\\u00e9sben | AllasOrias.hu | H\\u00edrek-lapszemle\",\"headline\":\"Versenyk\\u00e9pes tud\\u00e1st a szakk\\u00e9pz\\u00e9sben\",\"author\":{\"@id\":\"https:\\\/\\\/allasorias.hu\\\/hirek\\\/author\\\/admin-allasorias\\\/#author\"},\"publisher\":{\"@id\":\"https:\\\/\\\/allasorias.hu\\\/hirek\\\/#organization\"},\"image\":{\"@type\":\"ImageObject\",\"url\":\"https:\\\/\\\/allasorias.hu\\\/hirek\\\/wp-content\\\/uploads\\\/2018\\\/10\\\/Business-Views.jpg\",\"width\":800,\"height\":567},\"datePublished\":\"2019-04-10T07:25:49+02:00\",\"dateModified\":\"2019-04-10T07:25:49+02:00\",\"inLanguage\":\"hu-HU\",\"mainEntityOfPage\":{\"@id\":\"https:\\\/\\\/allasorias.hu\\\/hirek\\\/versenykepes-tudast-a-szakkepzesben\\\/#webpage\"},\"isPartOf\":{\"@id\":\"https:\\\/\\\/allasorias.hu\\\/hirek\\\/versenykepes-tudast-a-szakkepzesben\\\/#webpage\"},\"articleSection\":\"\\u00c1ll\\u00e1skeres\\u00e9s, Gazdas\\u00e1g, Munkaer\\u0151piac\"},{\"@type\":\"BreadcrumbList\",\"@id\":\"https:\\\/\\\/allasorias.hu\\\/hirek\\\/versenykepes-tudast-a-szakkepzesben\\\/#breadcrumblist\",\"itemListElement\":[{\"@type\":\"ListItem\",\"@id\":\"https:\\\/\\\/allasorias.hu\\\/hirek#listItem\",\"position\":1,\"name\":\"Home\",\"item\":\"https:\\\/\\\/allasorias.hu\\\/hirek\",\"nextItem\":{\"@type\":\"ListItem\",\"@id\":\"https:\\\/\\\/allasorias.hu\\\/hirek\\\/temak\\\/allaskereses\\\/#listItem\",\"name\":\"\\u00c1ll\\u00e1skeres\\u00e9s\"}},{\"@type\":\"ListItem\",\"@id\":\"https:\\\/\\\/allasorias.hu\\\/hirek\\\/temak\\\/allaskereses\\\/#listItem\",\"position\":2,\"name\":\"\\u00c1ll\\u00e1skeres\\u00e9s\",\"item\":\"https:\\\/\\\/allasorias.hu\\\/hirek\\\/temak\\\/allaskereses\\\/\",\"nextItem\":{\"@type\":\"ListItem\",\"@id\":\"https:\\\/\\\/allasorias.hu\\\/hirek\\\/versenykepes-tudast-a-szakkepzesben\\\/#listItem\",\"name\":\"Versenyk\\u00e9pes tud\\u00e1st a szakk\\u00e9pz\\u00e9sben\"},\"previousItem\":{\"@type\":\"ListItem\",\"@id\":\"https:\\\/\\\/allasorias.hu\\\/hirek#listItem\",\"name\":\"Home\"}},{\"@type\":\"ListItem\",\"@id\":\"https:\\\/\\\/allasorias.hu\\\/hirek\\\/versenykepes-tudast-a-szakkepzesben\\\/#listItem\",\"position\":3,\"name\":\"Versenyk\\u00e9pes tud\\u00e1st a szakk\\u00e9pz\\u00e9sben\",\"previousItem\":{\"@type\":\"ListItem\",\"@id\":\"https:\\\/\\\/allasorias.hu\\\/hirek\\\/temak\\\/allaskereses\\\/#listItem\",\"name\":\"\\u00c1ll\\u00e1skeres\\u00e9s\"}}]},{\"@type\":\"Organization\",\"@id\":\"https:\\\/\\\/allasorias.hu\\\/hirek\\\/#organization\",\"name\":\"AllasOrias.hu | H\\u00edrek-lapszemle\",\"description\":\"\\u00dczleti h\\u00edrek az \\u00e1ll\\u00e1s \\u00e9s a munka vil\\u00e1g\\u00e1b\\u00f3l\",\"url\":\"https:\\\/\\\/allasorias.hu\\\/hirek\\\/\",\"logo\":{\"@type\":\"ImageObject\",\"url\":\"https:\\\/\\\/allasorias.hu\\\/hirek\\\/wp-content\\\/uploads\\\/2022\\\/10\\\/allasorias_site_facebok_logo.png\",\"@id\":\"https:\\\/\\\/allasorias.hu\\\/hirek\\\/versenykepes-tudast-a-szakkepzesben\\\/#organizationLogo\"},\"image\":{\"@id\":\"https:\\\/\\\/allasorias.hu\\\/hirek\\\/versenykepes-tudast-a-szakkepzesben\\\/#organizationLogo\"},\"sameAs\":[\"https:\\\/\\\/www.facebook.com\\\/allasorias\",\"https:\\\/\\\/www.linkedin.com\\\/company\\\/allasorias\"]},{\"@type\":\"Person\",\"@id\":\"https:\\\/\\\/allasorias.hu\\\/hirek\\\/author\\\/admin-allasorias\\\/#author\",\"url\":\"https:\\\/\\\/allasorias.hu\\\/hirek\\\/author\\\/admin-allasorias\\\/\",\"name\":\"Juh\\u00e1sz P\\u00e9ter\",\"image\":{\"@type\":\"ImageObject\",\"@id\":\"https:\\\/\\\/allasorias.hu\\\/hirek\\\/versenykepes-tudast-a-szakkepzesben\\\/#authorImage\",\"url\":\"https:\\\/\\\/secure.gravatar.com\\\/avatar\\\/36e6bcb83148978b992977cb0f54d22feb0cce8a0a849a9410532bb2623ba4c6?s=96&d=mm&r=g\",\"width\":96,\"height\":96,\"caption\":\"Juh\\u00e1sz P\\u00e9ter\"}},{\"@type\":\"WebPage\",\"@id\":\"https:\\\/\\\/allasorias.hu\\\/hirek\\\/versenykepes-tudast-a-szakkepzesben\\\/#webpage\",\"url\":\"https:\\\/\\\/allasorias.hu\\\/hirek\\\/versenykepes-tudast-a-szakkepzesben\\\/\",\"name\":\"Versenyk\\u00e9pes tud\\u00e1st a szakk\\u00e9pz\\u00e9sben | AllasOrias.hu | H\\u00edrek-lapszemle\",\"description\":\"Fejleszteni sz\\u00fcks\\u00e9ges a szakk\\u00e9pz\\u00e9st, a kiker\\u00fcl\\u0151 szakembereknek a munkaer\\u0151piacon versenyk\\u00e9pes tud\\u00e1ssal kell rendelkezni\\u00fck hangzott el azon a tal\\u00e1lkoz\\u00f3n, melyen az innov\\u00e1ci\\u00f3s \\u00e9s technol\\u00f3giai miniszter el\\u0151sz\\u00f6r fogadta a szakk\\u00e9pz\\u00e9si centrumok m\\u00e1rciusban kinevezett kancell\\u00e1rjait. A miniszter besz\\u00e9d\\u00e9ben kiemelte: a szakk\\u00e9pz\\u00e9si rendszer v\\u00e1llalati, kamarai ig\\u00e9nyekhez igazod\\u00f3 fejleszt\\u00e9s\\u00e9vel a korm\\u00e1ny \\u00fajabb l\\u00e9p\\u00e9st tesz a munkaalap\\u00fa t\\u00e1rsadalom megteremt\\u00e9se fel\\u00e9. Ehhez\",\"inLanguage\":\"hu-HU\",\"isPartOf\":{\"@id\":\"https:\\\/\\\/allasorias.hu\\\/hirek\\\/#website\"},\"breadcrumb\":{\"@id\":\"https:\\\/\\\/allasorias.hu\\\/hirek\\\/versenykepes-tudast-a-szakkepzesben\\\/#breadcrumblist\"},\"author\":{\"@id\":\"https:\\\/\\\/allasorias.hu\\\/hirek\\\/author\\\/admin-allasorias\\\/#author\"},\"creator\":{\"@id\":\"https:\\\/\\\/allasorias.hu\\\/hirek\\\/author\\\/admin-allasorias\\\/#author\"},\"image\":{\"@type\":\"ImageObject\",\"url\":\"https:\\\/\\\/allasorias.hu\\\/hirek\\\/wp-content\\\/uploads\\\/2018\\\/10\\\/Business-Views.jpg\",\"@id\":\"https:\\\/\\\/allasorias.hu\\\/hirek\\\/versenykepes-tudast-a-szakkepzesben\\\/#mainImage\",\"width\":800,\"height\":567},\"primaryImageOfPage\":{\"@id\":\"https:\\\/\\\/allasorias.hu\\\/hirek\\\/versenykepes-tudast-a-szakkepzesben\\\/#mainImage\"},\"datePublished\":\"2019-04-10T07:25:49+02:00\",\"dateModified\":\"2019-04-10T07:25:49+02:00\"},{\"@type\":\"WebSite\",\"@id\":\"https:\\\/\\\/allasorias.hu\\\/hirek\\\/#website\",\"url\":\"https:\\\/\\\/allasorias.hu\\\/hirek\\\/\",\"name\":\"AllasOrias.hu | H\\u00edrek-lapszemle\",\"description\":\"\\u00dczleti h\\u00edrek az \\u00e1ll\\u00e1s \\u00e9s a munka vil\\u00e1g\\u00e1b\\u00f3l\",\"inLanguage\":\"hu-HU\",\"publisher\":{\"@id\":\"https:\\\/\\\/allasorias.hu\\\/hirek\\\/#organization\"}}]}\n\t\t<\/script>\n\t\t<!-- All in One SEO -->\n\n","aioseo_head_json":{"title":"Versenyk\u00e9pes tud\u00e1st a szakk\u00e9pz\u00e9sben | AllasOrias.hu | H\u00edrek-lapszemle","description":"Fejleszteni sz\u00fcks\u00e9ges a szakk\u00e9pz\u00e9st, a kiker\u00fcl\u0151 szakembereknek a munkaer\u0151piacon versenyk\u00e9pes tud\u00e1ssal kell rendelkezni\u00fck hangzott el azon a tal\u00e1lkoz\u00f3n, melyen az innov\u00e1ci\u00f3s \u00e9s technol\u00f3giai miniszter el\u0151sz\u00f6r fogadta a szakk\u00e9pz\u00e9si centrumok m\u00e1rciusban kinevezett kancell\u00e1rjait. A miniszter besz\u00e9d\u00e9ben kiemelte: a szakk\u00e9pz\u00e9si rendszer v\u00e1llalati, kamarai ig\u00e9nyekhez igazod\u00f3 fejleszt\u00e9s\u00e9vel a korm\u00e1ny \u00fajabb l\u00e9p\u00e9st tesz a munkaalap\u00fa t\u00e1rsadalom megteremt\u00e9se fel\u00e9. Ehhez","canonical_url":"https:\/\/allasorias.hu\/hirek\/versenykepes-tudast-a-szakkepzesben\/","robots":"max-image-preview:large","keywords":"","webmasterTools":{"miscellaneous":""},"schema":{"@context":"https:\/\/schema.org","@graph":[{"@type":"Article","@id":"https:\/\/allasorias.hu\/hirek\/versenykepes-tudast-a-szakkepzesben\/#article","name":"Versenyk\u00e9pes tud\u00e1st a szakk\u00e9pz\u00e9sben | AllasOrias.hu | H\u00edrek-lapszemle","headline":"Versenyk\u00e9pes tud\u00e1st a szakk\u00e9pz\u00e9sben","author":{"@id":"https:\/\/allasorias.hu\/hirek\/author\/admin-allasorias\/#author"},"publisher":{"@id":"https:\/\/allasorias.hu\/hirek\/#organization"},"image":{"@type":"ImageObject","url":"https:\/\/allasorias.hu\/hirek\/wp-content\/uploads\/2018\/10\/Business-Views.jpg","width":800,"height":567},"datePublished":"2019-04-10T07:25:49+02:00","dateModified":"2019-04-10T07:25:49+02:00","inLanguage":"hu-HU","mainEntityOfPage":{"@id":"https:\/\/allasorias.hu\/hirek\/versenykepes-tudast-a-szakkepzesben\/#webpage"},"isPartOf":{"@id":"https:\/\/allasorias.hu\/hirek\/versenykepes-tudast-a-szakkepzesben\/#webpage"},"articleSection":"\u00c1ll\u00e1skeres\u00e9s, Gazdas\u00e1g, Munkaer\u0151piac"},{"@type":"BreadcrumbList","@id":"https:\/\/allasorias.hu\/hirek\/versenykepes-tudast-a-szakkepzesben\/#breadcrumblist","itemListElement":[{"@type":"ListItem","@id":"https:\/\/allasorias.hu\/hirek#listItem","position":1,"name":"Home","item":"https:\/\/allasorias.hu\/hirek","nextItem":{"@type":"ListItem","@id":"https:\/\/allasorias.hu\/hirek\/temak\/allaskereses\/#listItem","name":"\u00c1ll\u00e1skeres\u00e9s"}},{"@type":"ListItem","@id":"https:\/\/allasorias.hu\/hirek\/temak\/allaskereses\/#listItem","position":2,"name":"\u00c1ll\u00e1skeres\u00e9s","item":"https:\/\/allasorias.hu\/hirek\/temak\/allaskereses\/","nextItem":{"@type":"ListItem","@id":"https:\/\/allasorias.hu\/hirek\/versenykepes-tudast-a-szakkepzesben\/#listItem","name":"Versenyk\u00e9pes tud\u00e1st a szakk\u00e9pz\u00e9sben"},"previousItem":{"@type":"ListItem","@id":"https:\/\/allasorias.hu\/hirek#listItem","name":"Home"}},{"@type":"ListItem","@id":"https:\/\/allasorias.hu\/hirek\/versenykepes-tudast-a-szakkepzesben\/#listItem","position":3,"name":"Versenyk\u00e9pes tud\u00e1st a szakk\u00e9pz\u00e9sben","previousItem":{"@type":"ListItem","@id":"https:\/\/allasorias.hu\/hirek\/temak\/allaskereses\/#listItem","name":"\u00c1ll\u00e1skeres\u00e9s"}}]},{"@type":"Organization","@id":"https:\/\/allasorias.hu\/hirek\/#organization","name":"AllasOrias.hu | H\u00edrek-lapszemle","description":"\u00dczleti h\u00edrek az \u00e1ll\u00e1s \u00e9s a munka vil\u00e1g\u00e1b\u00f3l","url":"https:\/\/allasorias.hu\/hirek\/","logo":{"@type":"ImageObject","url":"https:\/\/allasorias.hu\/hirek\/wp-content\/uploads\/2022\/10\/allasorias_site_facebok_logo.png","@id":"https:\/\/allasorias.hu\/hirek\/versenykepes-tudast-a-szakkepzesben\/#organizationLogo"},"image":{"@id":"https:\/\/allasorias.hu\/hirek\/versenykepes-tudast-a-szakkepzesben\/#organizationLogo"},"sameAs":["https:\/\/www.facebook.com\/allasorias","https:\/\/www.linkedin.com\/company\/allasorias"]},{"@type":"Person","@id":"https:\/\/allasorias.hu\/hirek\/author\/admin-allasorias\/#author","url":"https:\/\/allasorias.hu\/hirek\/author\/admin-allasorias\/","name":"Juh\u00e1sz P\u00e9ter","image":{"@type":"ImageObject","@id":"https:\/\/allasorias.hu\/hirek\/versenykepes-tudast-a-szakkepzesben\/#authorImage","url":"https:\/\/secure.gravatar.com\/avatar\/36e6bcb83148978b992977cb0f54d22feb0cce8a0a849a9410532bb2623ba4c6?s=96&d=mm&r=g","width":96,"height":96,"caption":"Juh\u00e1sz P\u00e9ter"}},{"@type":"WebPage","@id":"https:\/\/allasorias.hu\/hirek\/versenykepes-tudast-a-szakkepzesben\/#webpage","url":"https:\/\/allasorias.hu\/hirek\/versenykepes-tudast-a-szakkepzesben\/","name":"Versenyk\u00e9pes tud\u00e1st a szakk\u00e9pz\u00e9sben | AllasOrias.hu | H\u00edrek-lapszemle","description":"Fejleszteni sz\u00fcks\u00e9ges a szakk\u00e9pz\u00e9st, a kiker\u00fcl\u0151 szakembereknek a munkaer\u0151piacon versenyk\u00e9pes tud\u00e1ssal kell rendelkezni\u00fck hangzott el azon a tal\u00e1lkoz\u00f3n, melyen az innov\u00e1ci\u00f3s \u00e9s technol\u00f3giai miniszter el\u0151sz\u00f6r fogadta a szakk\u00e9pz\u00e9si centrumok m\u00e1rciusban kinevezett kancell\u00e1rjait. A miniszter besz\u00e9d\u00e9ben kiemelte: a szakk\u00e9pz\u00e9si rendszer v\u00e1llalati, kamarai ig\u00e9nyekhez igazod\u00f3 fejleszt\u00e9s\u00e9vel a korm\u00e1ny \u00fajabb l\u00e9p\u00e9st tesz a munkaalap\u00fa t\u00e1rsadalom megteremt\u00e9se fel\u00e9. Ehhez","inLanguage":"hu-HU","isPartOf":{"@id":"https:\/\/allasorias.hu\/hirek\/#website"},"breadcrumb":{"@id":"https:\/\/allasorias.hu\/hirek\/versenykepes-tudast-a-szakkepzesben\/#breadcrumblist"},"author":{"@id":"https:\/\/allasorias.hu\/hirek\/author\/admin-allasorias\/#author"},"creator":{"@id":"https:\/\/allasorias.hu\/hirek\/author\/admin-allasorias\/#author"},"image":{"@type":"ImageObject","url":"https:\/\/allasorias.hu\/hirek\/wp-content\/uploads\/2018\/10\/Business-Views.jpg","@id":"https:\/\/allasorias.hu\/hirek\/versenykepes-tudast-a-szakkepzesben\/#mainImage","width":800,"height":567},"primaryImageOfPage":{"@id":"https:\/\/allasorias.hu\/hirek\/versenykepes-tudast-a-szakkepzesben\/#mainImage"},"datePublished":"2019-04-10T07:25:49+02:00","dateModified":"2019-04-10T07:25:49+02:00"},{"@type":"WebSite","@id":"https:\/\/allasorias.hu\/hirek\/#website","url":"https:\/\/allasorias.hu\/hirek\/","name":"AllasOrias.hu | H\u00edrek-lapszemle","description":"\u00dczleti h\u00edrek az \u00e1ll\u00e1s \u00e9s a munka vil\u00e1g\u00e1b\u00f3l","inLanguage":"hu-HU","publisher":{"@id":"https:\/\/allasorias.hu\/hirek\/#organization"}}]},"og:locale":"hu_HU","og:site_name":"AllasOrias.hu | H\u00edrek-lapszemle | \u00dczleti h\u00edrek az \u00e1ll\u00e1s \u00e9s a munka vil\u00e1g\u00e1b\u00f3l","og:type":"article","og:title":"Versenyk\u00e9pes tud\u00e1st a szakk\u00e9pz\u00e9sben | AllasOrias.hu | H\u00edrek-lapszemle","og:description":"Fejleszteni sz\u00fcks\u00e9ges a szakk\u00e9pz\u00e9st, a kiker\u00fcl\u0151 szakembereknek a munkaer\u0151piacon versenyk\u00e9pes tud\u00e1ssal kell rendelkezni\u00fck hangzott el azon a tal\u00e1lkoz\u00f3n, melyen az innov\u00e1ci\u00f3s \u00e9s technol\u00f3giai miniszter el\u0151sz\u00f6r fogadta a szakk\u00e9pz\u00e9si centrumok m\u00e1rciusban kinevezett kancell\u00e1rjait. A miniszter besz\u00e9d\u00e9ben kiemelte: a szakk\u00e9pz\u00e9si rendszer v\u00e1llalati, kamarai ig\u00e9nyekhez igazod\u00f3 fejleszt\u00e9s\u00e9vel a korm\u00e1ny \u00fajabb l\u00e9p\u00e9st tesz a munkaalap\u00fa t\u00e1rsadalom megteremt\u00e9se fel\u00e9. Ehhez","og:url":"https:\/\/allasorias.hu\/hirek\/versenykepes-tudast-a-szakkepzesben\/","og:image":"https:\/\/allasorias.hu\/hirek\/wp-content\/uploads\/2018\/10\/Business-Views.jpg","og:image:secure_url":"https:\/\/allasorias.hu\/hirek\/wp-content\/uploads\/2018\/10\/Business-Views.jpg","og:image:width":800,"og:image:height":567,"article:published_time":"2019-04-10T07:25:49+00:00","article:modified_time":"2019-04-10T07:25:49+00:00","article:publisher":"https:\/\/www.facebook.com\/allasorias","twitter:card":"summary_large_image","twitter:title":"Versenyk\u00e9pes tud\u00e1st a szakk\u00e9pz\u00e9sben | AllasOrias.hu | H\u00edrek-lapszemle","twitter:description":"Fejleszteni sz\u00fcks\u00e9ges a szakk\u00e9pz\u00e9st, a kiker\u00fcl\u0151 szakembereknek a munkaer\u0151piacon versenyk\u00e9pes tud\u00e1ssal kell rendelkezni\u00fck hangzott el azon a tal\u00e1lkoz\u00f3n, melyen az innov\u00e1ci\u00f3s \u00e9s technol\u00f3giai miniszter el\u0151sz\u00f6r fogadta a szakk\u00e9pz\u00e9si centrumok m\u00e1rciusban kinevezett kancell\u00e1rjait. A miniszter besz\u00e9d\u00e9ben kiemelte: a szakk\u00e9pz\u00e9si rendszer v\u00e1llalati, kamarai ig\u00e9nyekhez igazod\u00f3 fejleszt\u00e9s\u00e9vel a korm\u00e1ny \u00fajabb l\u00e9p\u00e9st tesz a munkaalap\u00fa t\u00e1rsadalom megteremt\u00e9se fel\u00e9. Ehhez","twitter:image":"https:\/\/allasorias.hu\/hirek\/wp-content\/uploads\/2018\/10\/Business-Views.jpg","twitter:label1":"Written by","twitter:data1":"Juh\u00e1sz P\u00e9ter","twitter:label2":"Est. reading time","twitter:data2":"1 minute"},"aioseo_meta_data":{"post_id":"2763","title":null,"description":null,"keywords":null,"keyphrases":null,"primary_term":null,"canonical_url":null,"og_title":null,"og_description":null,"og_object_type":"default","og_image_type":"default","og_image_url":null,"og_image_width":null,"og_image_height":null,"og_image_custom_url":null,"og_image_custom_fields":null,"og_video":null,"og_custom_url":null,"og_article_section":null,"og_article_tags":null,"twitter_use_og":false,"twitter_card":"default","twitter_image_type":"default","twitter_image_url":null,"twitter_image_custom_url":null,"twitter_image_custom_fields":null,"twitter_title":null,"twitter_description":null,"schema":{"blockGraphs":[],"customGraphs":[],"default":{"data":{"Article":[],"Course":[],"Dataset":[],"FAQPage":[],"Movie":[],"Person":[],"Product":[],"ProductReview":[],"Car":[],"Recipe":[],"Service":[],"SoftwareApplication":[],"WebPage":[]},"graphName":"","isEnabled":true},"graphs":[]},"schema_type":null,"schema_type_options":null,"pillar_content":false,"robots_default":true,"robots_noindex":false,"robots_noarchive":false,"robots_nosnippet":false,"robots_nofollow":false,"robots_noimageindex":false,"robots_noodp":false,"robots_notranslate":false,"robots_max_snippet":null,"robots_max_videopreview":null,"robots_max_imagepreview":"large","priority":null,"frequency":null,"location":null,"local_seo":null,"breadcrumb_settings":null,"limit_modified_date":false,"ai":null,"created":"2021-02-01 21:14:05","updated":"2025-10-02 11:03:20","seo_analyzer_scan_date":null,"focus_keyword":null,"additional_keywords":null,"truseo_locale":null},"aioseo_breadcrumb":"<div class=\"aioseo-breadcrumbs\"><span class=\"aioseo-breadcrumb\">\n\t\t\t<a href=\"https:\/\/allasorias.hu\/hirek\" title=\"Home\">Home<\/a>\n\t\t<\/span><span class=\"aioseo-breadcrumb-separator\">&raquo;<\/span><span class=\"aioseo-breadcrumb\">\n\t\t\t<a href=\"https:\/\/allasorias.hu\/hirek\/temak\/allaskereses\/\" title=\"\u00c1ll\u00e1skeres\u00e9s\">\u00c1ll\u00e1skeres\u00e9s<\/a>\n\t\t<\/span><span class=\"aioseo-breadcrumb-separator\">&raquo;<\/span><span class=\"aioseo-breadcrumb\">\n\t\t\tVersenyk\u00e9pes tud\u00e1st a szakk\u00e9pz\u00e9sben\n\t\t<\/span><\/div>","aioseo_breadcrumb_json":[{"label":"Home","link":"https:\/\/allasorias.hu\/hirek"},{"label":"\u00c1ll\u00e1skeres\u00e9s","link":"https:\/\/allasorias.hu\/hirek\/temak\/allaskereses\/"},{"label":"Versenyk\u00e9pes tud\u00e1st a szakk\u00e9pz\u00e9sben","link":"https:\/\/allasorias.hu\/hirek\/versenykepes-tudast-a-szakkepzesben\/"}],"_links":{"self":[{"href":"https:\/\/allasorias.hu\/hirek\/wp-json\/wp\/v2\/posts\/2763","targetHints":{"allow":["GET"]}}],"collection":[{"href":"https:\/\/allasorias.hu\/hirek\/wp-json\/wp\/v2\/posts"}],"about":[{"href":"https:\/\/allasorias.hu\/hirek\/wp-json\/wp\/v2\/types\/post"}],"author":[{"embeddable":true,"href":"https:\/\/allasorias.hu\/hirek\/wp-json\/wp\/v2\/users\/1"}],"replies":[{"embeddable":true,"href":"https:\/\/allasorias.hu\/hirek\/wp-json\/wp\/v2\/comments?post=2763"}],"version-history":[{"count":1,"href":"https:\/\/allasorias.hu\/hirek\/wp-json\/wp\/v2\/posts\/2763\/revisions"}],"predecessor-version":[{"id":2764,"href":"https:\/\/allasorias.hu\/hirek\/wp-json\/wp\/v2\/posts\/2763\/revisions\/2764"}],"wp:featuredmedia":[{"embeddable":true,"href":"https:\/\/allasorias.hu\/hirek\/wp-json\/wp\/v2\/media\/2009"}],"wp:attachment":[{"href":"https:\/\/allasorias.hu\/hirek\/wp-json\/wp\/v2\/media?parent=2763"}],"wp:term":[{"taxonomy":"category","embeddable":true,"href":"https:\/\/allasorias.hu\/hirek\/wp-json\/wp\/v2\/categories?post=2763"},{"taxonomy":"post_tag","embeddable":true,"href":"https:\/\/allasorias.hu\/hirek\/wp-json\/wp\/v2\/tags?post=2763"}],"curies":[{"name":"wp","href":"https:\/\/api.w.org\/{rel}","templated":true}]}}