{"id":2760,"date":"2019-04-09T08:04:45","date_gmt":"2019-04-09T08:04:45","guid":{"rendered":"https:\/\/allasorias.hu\/hirek\/?p=2760"},"modified":"2019-04-09T08:04:45","modified_gmt":"2019-04-09T08:04:45","slug":"allasborze-mindenkinek","status":"publish","type":"post","link":"https:\/\/allasorias.hu\/hirek\/allasborze-mindenkinek\/","title":{"rendered":"\u00c1ll\u00e1sb\u00f6rze mindenkinek"},"content":{"rendered":"<p><strong>A Szent Istv\u00e1n Egyetemen G\u00f6d\u00f6ll\u0151n 2019. \u00e1prilis 10-\u00e9n 10 \u00f3rakor lesz az \u00e1ll\u00e1sb\u00f6rze. Az ilyen jelleg\u0171 rendezv\u00e9nyek \u00a0csaknem m\u00e1sf\u00e9l \u00e9vtizede kapcsol\u00f3dnak a magyarorsz\u00e1gi fels\u0151oktat\u00e1si rendszerhez. A mostanin t\u00f6bb mint 50 ki\u00e1ll\u00edt\u00f3val, k\u00f6zel 800 \u00e1ll\u00e1saj\u00e1nlattal, sz\u00e1mtalan gyakornoki lehet\u0151s\u00e9ggel \u00e9s k\u00fcl\u00f6nleges programokkal v\u00e1rj\u00e1k az \u00e9rdekl\u0151d\u0151ket. \u00a0<\/strong><\/p>\n<p>A nagyszab\u00e1s\u00fa esem\u00e9nyen \u00a0a leend\u0151 munk\u00e1ltat\u00f3k verbuv\u00e1lhatnak a fiatal v\u00e9gz\u0151s\u00f6k k\u00f6z\u00f6tt, m\u00edg az egyetemi hallgat\u00f3k a diploma ut\u00e1ni elhelyezked\u00e9si lehet\u0151s\u00e9gekr\u0151l t\u00e1j\u00e9koz\u00f3dhatnak. A szem\u00e9lyes kapcsolatfelv\u00e9tel sor\u00e1n a lelend\u0151 munkav\u00e1llal\u00f3k komplexebb k\u00e9pet kaphatnak a munkaer\u0151piacr\u00f3l. Multinacion\u00e1lis v\u00e1llalatok, kis- \u00e9s k\u00f6z\u00e9pv\u00e1llalkoz\u00e1sok, \u00e1llami szervezetek, di\u00e1ksz\u00f6vetkezetek \u00e9s tan\u00e1csad\u00f3 c\u00e9gek v\u00e1rj\u00e1k aj\u00e1nlataikkal a hallgat\u00f3kat, valamint a munkahelyet v\u00e1ltani sz\u00e1nd\u00e9koz\u00f3kat. Olyan ki\u00e1ll\u00edt\u00f3k is megjelennek, akik alap- vagy k\u00f6z\u00e9pfok\u00fa v\u00e9gzetts\u00e9g\u0171 munkav\u00e1llal\u00f3kat keresnek.<\/p>\n<p>&nbsp;<\/p>\n<p>Forr\u00e1s: agrarszektor.hu<\/p>\n","protected":false},"excerpt":{"rendered":"<p>A Szent Istv\u00e1n Egyetemen G\u00f6d\u00f6ll\u0151n 2019. \u00e1prilis 10-\u00e9n 10 \u00f3rakor lesz az \u00e1ll\u00e1sb\u00f6rze. Az ilyen jelleg\u0171 rendezv\u00e9nyek \u00a0csaknem m\u00e1sf\u00e9l \u00e9vtizede kapcsol\u00f3dnak a magyarorsz\u00e1gi fels\u0151oktat\u00e1si rendszerhez. A mostanin t\u00f6bb mint 50 ki\u00e1ll\u00edt\u00f3val, k\u00f6zel 800 \u00e1ll\u00e1saj\u00e1nlattal, sz\u00e1mtalan gyakornoki lehet\u0151s\u00e9ggel \u00e9s k\u00fcl\u00f6nleges programokkal v\u00e1rj\u00e1k az \u00e9rdekl\u0151d\u0151ket. \u00a0 A nagyszab\u00e1s\u00fa esem\u00e9nyen \u00a0a leend\u0151 munk\u00e1ltat\u00f3k verbuv\u00e1lhatnak a fiatal v\u00e9gz\u0151s\u00f6k k\u00f6z\u00f6tt, [&hellip;]<\/p>\n","protected":false},"author":1,"featured_media":2761,"comment_status":"open","ping_status":"open","sticky":false,"template":"","format":"standard","meta":{"_monsterinsights_skip_tracking":false,"footnotes":""},"categories":[1,200],"tags":[],"class_list":["post-2760","post","type-post","status-publish","format-standard","has-post-thumbnail","hentry","category-allaskereses","category-munkaeropiac"],"aioseo_notices":[],"aioseo_head":"\n\t\t<!-- All in One SEO 5.0.0.1 - aioseo.com -->\n\t<meta name=\"description\" content=\"A Szent Istv\u00e1n Egyetemen G\u00f6d\u00f6ll\u0151n 2019. \u00e1prilis 10-\u00e9n 10 \u00f3rakor lesz az \u00e1ll\u00e1sb\u00f6rze. Az ilyen jelleg\u0171 rendezv\u00e9nyek csaknem m\u00e1sf\u00e9l \u00e9vtizede kapcsol\u00f3dnak a magyarorsz\u00e1gi fels\u0151oktat\u00e1si rendszerhez. A mostanin t\u00f6bb mint 50 ki\u00e1ll\u00edt\u00f3val, k\u00f6zel 800 \u00e1ll\u00e1saj\u00e1nlattal, sz\u00e1mtalan gyakornoki lehet\u0151s\u00e9ggel \u00e9s k\u00fcl\u00f6nleges programokkal v\u00e1rj\u00e1k az \u00e9rdekl\u0151d\u0151ket. A nagyszab\u00e1s\u00fa esem\u00e9nyen a leend\u0151 munk\u00e1ltat\u00f3k verbuv\u00e1lhatnak a fiatal v\u00e9gz\u0151s\u00f6k k\u00f6z\u00f6tt,\" \/>\n\t<meta name=\"robots\" content=\"max-image-preview:large\" \/>\n\t<meta name=\"author\" content=\"Juh\u00e1sz P\u00e9ter\"\/>\n\t<link rel=\"canonical\" href=\"https:\/\/allasorias.hu\/hirek\/allasborze-mindenkinek\/\" \/>\n\t<meta name=\"generator\" content=\"All in One SEO (AIOSEO) 5.0.0.1\" \/>\n\t\t<meta property=\"og:locale\" content=\"hu_HU\" \/>\n\t\t<meta property=\"og:site_name\" content=\"AllasOrias.hu | H\u00edrek-lapszemle | \u00dczleti h\u00edrek az \u00e1ll\u00e1s \u00e9s a munka vil\u00e1g\u00e1b\u00f3l\" \/>\n\t\t<meta property=\"og:type\" content=\"article\" \/>\n\t\t<meta property=\"og:title\" content=\"\u00c1ll\u00e1sb\u00f6rze mindenkinek | AllasOrias.hu | H\u00edrek-lapszemle\" \/>\n\t\t<meta property=\"og:description\" content=\"A Szent Istv\u00e1n Egyetemen G\u00f6d\u00f6ll\u0151n 2019. \u00e1prilis 10-\u00e9n 10 \u00f3rakor lesz az \u00e1ll\u00e1sb\u00f6rze. Az ilyen jelleg\u0171 rendezv\u00e9nyek csaknem m\u00e1sf\u00e9l \u00e9vtizede kapcsol\u00f3dnak a magyarorsz\u00e1gi fels\u0151oktat\u00e1si rendszerhez. A mostanin t\u00f6bb mint 50 ki\u00e1ll\u00edt\u00f3val, k\u00f6zel 800 \u00e1ll\u00e1saj\u00e1nlattal, sz\u00e1mtalan gyakornoki lehet\u0151s\u00e9ggel \u00e9s k\u00fcl\u00f6nleges programokkal v\u00e1rj\u00e1k az \u00e9rdekl\u0151d\u0151ket. A nagyszab\u00e1s\u00fa esem\u00e9nyen a leend\u0151 munk\u00e1ltat\u00f3k verbuv\u00e1lhatnak a fiatal v\u00e9gz\u0151s\u00f6k k\u00f6z\u00f6tt,\" \/>\n\t\t<meta property=\"og:url\" content=\"https:\/\/allasorias.hu\/hirek\/allasborze-mindenkinek\/\" \/>\n\t\t<meta property=\"og:image\" content=\"https:\/\/allasorias.hu\/hirek\/wp-content\/uploads\/2019\/04\/feedback-2990424_640.jpg\" \/>\n\t\t<meta property=\"og:image:secure_url\" content=\"https:\/\/allasorias.hu\/hirek\/wp-content\/uploads\/2019\/04\/feedback-2990424_640.jpg\" \/>\n\t\t<meta property=\"og:image:width\" content=\"640\" \/>\n\t\t<meta property=\"og:image:height\" content=\"426\" \/>\n\t\t<meta property=\"article:published_time\" content=\"2019-04-09T08:04:45+00:00\" \/>\n\t\t<meta property=\"article:modified_time\" content=\"2019-04-09T08:04:45+00:00\" \/>\n\t\t<meta property=\"article:publisher\" content=\"https:\/\/www.facebook.com\/allasorias\" \/>\n\t\t<meta name=\"twitter:card\" content=\"summary_large_image\" \/>\n\t\t<meta name=\"twitter:title\" content=\"\u00c1ll\u00e1sb\u00f6rze mindenkinek | AllasOrias.hu | H\u00edrek-lapszemle\" \/>\n\t\t<meta name=\"twitter:description\" content=\"A Szent Istv\u00e1n Egyetemen G\u00f6d\u00f6ll\u0151n 2019. \u00e1prilis 10-\u00e9n 10 \u00f3rakor lesz az \u00e1ll\u00e1sb\u00f6rze. Az ilyen jelleg\u0171 rendezv\u00e9nyek csaknem m\u00e1sf\u00e9l \u00e9vtizede kapcsol\u00f3dnak a magyarorsz\u00e1gi fels\u0151oktat\u00e1si rendszerhez. A mostanin t\u00f6bb mint 50 ki\u00e1ll\u00edt\u00f3val, k\u00f6zel 800 \u00e1ll\u00e1saj\u00e1nlattal, sz\u00e1mtalan gyakornoki lehet\u0151s\u00e9ggel \u00e9s k\u00fcl\u00f6nleges programokkal v\u00e1rj\u00e1k az \u00e9rdekl\u0151d\u0151ket. A nagyszab\u00e1s\u00fa esem\u00e9nyen a leend\u0151 munk\u00e1ltat\u00f3k verbuv\u00e1lhatnak a fiatal v\u00e9gz\u0151s\u00f6k k\u00f6z\u00f6tt,\" \/>\n\t\t<meta name=\"twitter:image\" content=\"https:\/\/allasorias.hu\/hirek\/wp-content\/uploads\/2019\/04\/feedback-2990424_640.jpg\" \/>\n\t\t<meta name=\"twitter:label1\" content=\"Written by\" \/>\n\t\t<meta name=\"twitter:data1\" content=\"Juh\u00e1sz P\u00e9ter\" \/>\n\t\t<meta name=\"twitter:label2\" content=\"Est. reading time\" \/>\n\t\t<meta name=\"twitter:data2\" content=\"1 minute\" \/>\n\t\t<script type=\"application\/ld+json\" class=\"aioseo-schema\">\n\t\t\t{\"@context\":\"https:\\\/\\\/schema.org\",\"@graph\":[{\"@type\":\"Article\",\"@id\":\"https:\\\/\\\/allasorias.hu\\\/hirek\\\/allasborze-mindenkinek\\\/#article\",\"name\":\"\\u00c1ll\\u00e1sb\\u00f6rze mindenkinek | AllasOrias.hu | H\\u00edrek-lapszemle\",\"headline\":\"\\u00c1ll\\u00e1sb\\u00f6rze mindenkinek\",\"author\":{\"@id\":\"https:\\\/\\\/allasorias.hu\\\/hirek\\\/author\\\/admin-allasorias\\\/#author\"},\"publisher\":{\"@id\":\"https:\\\/\\\/allasorias.hu\\\/hirek\\\/#organization\"},\"image\":{\"@type\":\"ImageObject\",\"url\":\"https:\\\/\\\/allasorias.hu\\\/hirek\\\/wp-content\\\/uploads\\\/2019\\\/04\\\/feedback-2990424_640.jpg\",\"width\":640,\"height\":426},\"datePublished\":\"2019-04-09T08:04:45+02:00\",\"dateModified\":\"2019-04-09T08:04:45+02:00\",\"inLanguage\":\"hu-HU\",\"mainEntityOfPage\":{\"@id\":\"https:\\\/\\\/allasorias.hu\\\/hirek\\\/allasborze-mindenkinek\\\/#webpage\"},\"isPartOf\":{\"@id\":\"https:\\\/\\\/allasorias.hu\\\/hirek\\\/allasborze-mindenkinek\\\/#webpage\"},\"articleSection\":\"\\u00c1ll\\u00e1skeres\\u00e9s, Munkaer\\u0151piac\"},{\"@type\":\"BreadcrumbList\",\"@id\":\"https:\\\/\\\/allasorias.hu\\\/hirek\\\/allasborze-mindenkinek\\\/#breadcrumblist\",\"itemListElement\":[{\"@type\":\"ListItem\",\"@id\":\"https:\\\/\\\/allasorias.hu\\\/hirek#listItem\",\"position\":1,\"name\":\"Home\",\"item\":\"https:\\\/\\\/allasorias.hu\\\/hirek\",\"nextItem\":{\"@type\":\"ListItem\",\"@id\":\"https:\\\/\\\/allasorias.hu\\\/hirek\\\/temak\\\/allaskereses\\\/#listItem\",\"name\":\"\\u00c1ll\\u00e1skeres\\u00e9s\"}},{\"@type\":\"ListItem\",\"@id\":\"https:\\\/\\\/allasorias.hu\\\/hirek\\\/temak\\\/allaskereses\\\/#listItem\",\"position\":2,\"name\":\"\\u00c1ll\\u00e1skeres\\u00e9s\",\"item\":\"https:\\\/\\\/allasorias.hu\\\/hirek\\\/temak\\\/allaskereses\\\/\",\"nextItem\":{\"@type\":\"ListItem\",\"@id\":\"https:\\\/\\\/allasorias.hu\\\/hirek\\\/allasborze-mindenkinek\\\/#listItem\",\"name\":\"\\u00c1ll\\u00e1sb\\u00f6rze mindenkinek\"},\"previousItem\":{\"@type\":\"ListItem\",\"@id\":\"https:\\\/\\\/allasorias.hu\\\/hirek#listItem\",\"name\":\"Home\"}},{\"@type\":\"ListItem\",\"@id\":\"https:\\\/\\\/allasorias.hu\\\/hirek\\\/allasborze-mindenkinek\\\/#listItem\",\"position\":3,\"name\":\"\\u00c1ll\\u00e1sb\\u00f6rze mindenkinek\",\"previousItem\":{\"@type\":\"ListItem\",\"@id\":\"https:\\\/\\\/allasorias.hu\\\/hirek\\\/temak\\\/allaskereses\\\/#listItem\",\"name\":\"\\u00c1ll\\u00e1skeres\\u00e9s\"}}]},{\"@type\":\"Organization\",\"@id\":\"https:\\\/\\\/allasorias.hu\\\/hirek\\\/#organization\",\"name\":\"AllasOrias.hu | H\\u00edrek-lapszemle\",\"description\":\"\\u00dczleti h\\u00edrek az \\u00e1ll\\u00e1s \\u00e9s a munka vil\\u00e1g\\u00e1b\\u00f3l\",\"url\":\"https:\\\/\\\/allasorias.hu\\\/hirek\\\/\",\"logo\":{\"@type\":\"ImageObject\",\"url\":\"https:\\\/\\\/allasorias.hu\\\/hirek\\\/wp-content\\\/uploads\\\/2022\\\/10\\\/allasorias_site_facebok_logo.png\",\"@id\":\"https:\\\/\\\/allasorias.hu\\\/hirek\\\/allasborze-mindenkinek\\\/#organizationLogo\"},\"image\":{\"@id\":\"https:\\\/\\\/allasorias.hu\\\/hirek\\\/allasborze-mindenkinek\\\/#organizationLogo\"},\"sameAs\":[\"https:\\\/\\\/www.facebook.com\\\/allasorias\",\"https:\\\/\\\/www.linkedin.com\\\/company\\\/allasorias\"]},{\"@type\":\"Person\",\"@id\":\"https:\\\/\\\/allasorias.hu\\\/hirek\\\/author\\\/admin-allasorias\\\/#author\",\"url\":\"https:\\\/\\\/allasorias.hu\\\/hirek\\\/author\\\/admin-allasorias\\\/\",\"name\":\"Juh\\u00e1sz P\\u00e9ter\",\"image\":{\"@type\":\"ImageObject\",\"@id\":\"https:\\\/\\\/allasorias.hu\\\/hirek\\\/allasborze-mindenkinek\\\/#authorImage\",\"url\":\"https:\\\/\\\/secure.gravatar.com\\\/avatar\\\/36e6bcb83148978b992977cb0f54d22feb0cce8a0a849a9410532bb2623ba4c6?s=96&d=mm&r=g\",\"width\":96,\"height\":96,\"caption\":\"Juh\\u00e1sz P\\u00e9ter\"}},{\"@type\":\"WebPage\",\"@id\":\"https:\\\/\\\/allasorias.hu\\\/hirek\\\/allasborze-mindenkinek\\\/#webpage\",\"url\":\"https:\\\/\\\/allasorias.hu\\\/hirek\\\/allasborze-mindenkinek\\\/\",\"name\":\"\\u00c1ll\\u00e1sb\\u00f6rze mindenkinek | AllasOrias.hu | H\\u00edrek-lapszemle\",\"description\":\"A Szent Istv\\u00e1n Egyetemen G\\u00f6d\\u00f6ll\\u0151n 2019. \\u00e1prilis 10-\\u00e9n 10 \\u00f3rakor lesz az \\u00e1ll\\u00e1sb\\u00f6rze. Az ilyen jelleg\\u0171 rendezv\\u00e9nyek csaknem m\\u00e1sf\\u00e9l \\u00e9vtizede kapcsol\\u00f3dnak a magyarorsz\\u00e1gi fels\\u0151oktat\\u00e1si rendszerhez. A mostanin t\\u00f6bb mint 50 ki\\u00e1ll\\u00edt\\u00f3val, k\\u00f6zel 800 \\u00e1ll\\u00e1saj\\u00e1nlattal, sz\\u00e1mtalan gyakornoki lehet\\u0151s\\u00e9ggel \\u00e9s k\\u00fcl\\u00f6nleges programokkal v\\u00e1rj\\u00e1k az \\u00e9rdekl\\u0151d\\u0151ket. A nagyszab\\u00e1s\\u00fa esem\\u00e9nyen a leend\\u0151 munk\\u00e1ltat\\u00f3k verbuv\\u00e1lhatnak a fiatal v\\u00e9gz\\u0151s\\u00f6k k\\u00f6z\\u00f6tt,\",\"inLanguage\":\"hu-HU\",\"isPartOf\":{\"@id\":\"https:\\\/\\\/allasorias.hu\\\/hirek\\\/#website\"},\"breadcrumb\":{\"@id\":\"https:\\\/\\\/allasorias.hu\\\/hirek\\\/allasborze-mindenkinek\\\/#breadcrumblist\"},\"author\":{\"@id\":\"https:\\\/\\\/allasorias.hu\\\/hirek\\\/author\\\/admin-allasorias\\\/#author\"},\"creator\":{\"@id\":\"https:\\\/\\\/allasorias.hu\\\/hirek\\\/author\\\/admin-allasorias\\\/#author\"},\"image\":{\"@type\":\"ImageObject\",\"url\":\"https:\\\/\\\/allasorias.hu\\\/hirek\\\/wp-content\\\/uploads\\\/2019\\\/04\\\/feedback-2990424_640.jpg\",\"@id\":\"https:\\\/\\\/allasorias.hu\\\/hirek\\\/allasborze-mindenkinek\\\/#mainImage\",\"width\":640,\"height\":426},\"primaryImageOfPage\":{\"@id\":\"https:\\\/\\\/allasorias.hu\\\/hirek\\\/allasborze-mindenkinek\\\/#mainImage\"},\"datePublished\":\"2019-04-09T08:04:45+02:00\",\"dateModified\":\"2019-04-09T08:04:45+02:00\"},{\"@type\":\"WebSite\",\"@id\":\"https:\\\/\\\/allasorias.hu\\\/hirek\\\/#website\",\"url\":\"https:\\\/\\\/allasorias.hu\\\/hirek\\\/\",\"name\":\"AllasOrias.hu | H\\u00edrek-lapszemle\",\"description\":\"\\u00dczleti h\\u00edrek az \\u00e1ll\\u00e1s \\u00e9s a munka vil\\u00e1g\\u00e1b\\u00f3l\",\"inLanguage\":\"hu-HU\",\"publisher\":{\"@id\":\"https:\\\/\\\/allasorias.hu\\\/hirek\\\/#organization\"}}]}\n\t\t<\/script>\n\t\t<!-- All in One SEO -->\n\n","aioseo_head_json":{"title":"\u00c1ll\u00e1sb\u00f6rze mindenkinek | AllasOrias.hu | H\u00edrek-lapszemle","description":"A Szent Istv\u00e1n Egyetemen G\u00f6d\u00f6ll\u0151n 2019. \u00e1prilis 10-\u00e9n 10 \u00f3rakor lesz az \u00e1ll\u00e1sb\u00f6rze. Az ilyen jelleg\u0171 rendezv\u00e9nyek csaknem m\u00e1sf\u00e9l \u00e9vtizede kapcsol\u00f3dnak a magyarorsz\u00e1gi fels\u0151oktat\u00e1si rendszerhez. A mostanin t\u00f6bb mint 50 ki\u00e1ll\u00edt\u00f3val, k\u00f6zel 800 \u00e1ll\u00e1saj\u00e1nlattal, sz\u00e1mtalan gyakornoki lehet\u0151s\u00e9ggel \u00e9s k\u00fcl\u00f6nleges programokkal v\u00e1rj\u00e1k az \u00e9rdekl\u0151d\u0151ket. A nagyszab\u00e1s\u00fa esem\u00e9nyen a leend\u0151 munk\u00e1ltat\u00f3k verbuv\u00e1lhatnak a fiatal v\u00e9gz\u0151s\u00f6k k\u00f6z\u00f6tt,","canonical_url":"https:\/\/allasorias.hu\/hirek\/allasborze-mindenkinek\/","robots":"max-image-preview:large","keywords":"","webmasterTools":{"miscellaneous":""},"schema":{"@context":"https:\/\/schema.org","@graph":[{"@type":"Article","@id":"https:\/\/allasorias.hu\/hirek\/allasborze-mindenkinek\/#article","name":"\u00c1ll\u00e1sb\u00f6rze mindenkinek | AllasOrias.hu | H\u00edrek-lapszemle","headline":"\u00c1ll\u00e1sb\u00f6rze mindenkinek","author":{"@id":"https:\/\/allasorias.hu\/hirek\/author\/admin-allasorias\/#author"},"publisher":{"@id":"https:\/\/allasorias.hu\/hirek\/#organization"},"image":{"@type":"ImageObject","url":"https:\/\/allasorias.hu\/hirek\/wp-content\/uploads\/2019\/04\/feedback-2990424_640.jpg","width":640,"height":426},"datePublished":"2019-04-09T08:04:45+02:00","dateModified":"2019-04-09T08:04:45+02:00","inLanguage":"hu-HU","mainEntityOfPage":{"@id":"https:\/\/allasorias.hu\/hirek\/allasborze-mindenkinek\/#webpage"},"isPartOf":{"@id":"https:\/\/allasorias.hu\/hirek\/allasborze-mindenkinek\/#webpage"},"articleSection":"\u00c1ll\u00e1skeres\u00e9s, Munkaer\u0151piac"},{"@type":"BreadcrumbList","@id":"https:\/\/allasorias.hu\/hirek\/allasborze-mindenkinek\/#breadcrumblist","itemListElement":[{"@type":"ListItem","@id":"https:\/\/allasorias.hu\/hirek#listItem","position":1,"name":"Home","item":"https:\/\/allasorias.hu\/hirek","nextItem":{"@type":"ListItem","@id":"https:\/\/allasorias.hu\/hirek\/temak\/allaskereses\/#listItem","name":"\u00c1ll\u00e1skeres\u00e9s"}},{"@type":"ListItem","@id":"https:\/\/allasorias.hu\/hirek\/temak\/allaskereses\/#listItem","position":2,"name":"\u00c1ll\u00e1skeres\u00e9s","item":"https:\/\/allasorias.hu\/hirek\/temak\/allaskereses\/","nextItem":{"@type":"ListItem","@id":"https:\/\/allasorias.hu\/hirek\/allasborze-mindenkinek\/#listItem","name":"\u00c1ll\u00e1sb\u00f6rze mindenkinek"},"previousItem":{"@type":"ListItem","@id":"https:\/\/allasorias.hu\/hirek#listItem","name":"Home"}},{"@type":"ListItem","@id":"https:\/\/allasorias.hu\/hirek\/allasborze-mindenkinek\/#listItem","position":3,"name":"\u00c1ll\u00e1sb\u00f6rze mindenkinek","previousItem":{"@type":"ListItem","@id":"https:\/\/allasorias.hu\/hirek\/temak\/allaskereses\/#listItem","name":"\u00c1ll\u00e1skeres\u00e9s"}}]},{"@type":"Organization","@id":"https:\/\/allasorias.hu\/hirek\/#organization","name":"AllasOrias.hu | H\u00edrek-lapszemle","description":"\u00dczleti h\u00edrek az \u00e1ll\u00e1s \u00e9s a munka vil\u00e1g\u00e1b\u00f3l","url":"https:\/\/allasorias.hu\/hirek\/","logo":{"@type":"ImageObject","url":"https:\/\/allasorias.hu\/hirek\/wp-content\/uploads\/2022\/10\/allasorias_site_facebok_logo.png","@id":"https:\/\/allasorias.hu\/hirek\/allasborze-mindenkinek\/#organizationLogo"},"image":{"@id":"https:\/\/allasorias.hu\/hirek\/allasborze-mindenkinek\/#organizationLogo"},"sameAs":["https:\/\/www.facebook.com\/allasorias","https:\/\/www.linkedin.com\/company\/allasorias"]},{"@type":"Person","@id":"https:\/\/allasorias.hu\/hirek\/author\/admin-allasorias\/#author","url":"https:\/\/allasorias.hu\/hirek\/author\/admin-allasorias\/","name":"Juh\u00e1sz P\u00e9ter","image":{"@type":"ImageObject","@id":"https:\/\/allasorias.hu\/hirek\/allasborze-mindenkinek\/#authorImage","url":"https:\/\/secure.gravatar.com\/avatar\/36e6bcb83148978b992977cb0f54d22feb0cce8a0a849a9410532bb2623ba4c6?s=96&d=mm&r=g","width":96,"height":96,"caption":"Juh\u00e1sz P\u00e9ter"}},{"@type":"WebPage","@id":"https:\/\/allasorias.hu\/hirek\/allasborze-mindenkinek\/#webpage","url":"https:\/\/allasorias.hu\/hirek\/allasborze-mindenkinek\/","name":"\u00c1ll\u00e1sb\u00f6rze mindenkinek | AllasOrias.hu | H\u00edrek-lapszemle","description":"A Szent Istv\u00e1n Egyetemen G\u00f6d\u00f6ll\u0151n 2019. \u00e1prilis 10-\u00e9n 10 \u00f3rakor lesz az \u00e1ll\u00e1sb\u00f6rze. Az ilyen jelleg\u0171 rendezv\u00e9nyek csaknem m\u00e1sf\u00e9l \u00e9vtizede kapcsol\u00f3dnak a magyarorsz\u00e1gi fels\u0151oktat\u00e1si rendszerhez. A mostanin t\u00f6bb mint 50 ki\u00e1ll\u00edt\u00f3val, k\u00f6zel 800 \u00e1ll\u00e1saj\u00e1nlattal, sz\u00e1mtalan gyakornoki lehet\u0151s\u00e9ggel \u00e9s k\u00fcl\u00f6nleges programokkal v\u00e1rj\u00e1k az \u00e9rdekl\u0151d\u0151ket. A nagyszab\u00e1s\u00fa esem\u00e9nyen a leend\u0151 munk\u00e1ltat\u00f3k verbuv\u00e1lhatnak a fiatal v\u00e9gz\u0151s\u00f6k k\u00f6z\u00f6tt,","inLanguage":"hu-HU","isPartOf":{"@id":"https:\/\/allasorias.hu\/hirek\/#website"},"breadcrumb":{"@id":"https:\/\/allasorias.hu\/hirek\/allasborze-mindenkinek\/#breadcrumblist"},"author":{"@id":"https:\/\/allasorias.hu\/hirek\/author\/admin-allasorias\/#author"},"creator":{"@id":"https:\/\/allasorias.hu\/hirek\/author\/admin-allasorias\/#author"},"image":{"@type":"ImageObject","url":"https:\/\/allasorias.hu\/hirek\/wp-content\/uploads\/2019\/04\/feedback-2990424_640.jpg","@id":"https:\/\/allasorias.hu\/hirek\/allasborze-mindenkinek\/#mainImage","width":640,"height":426},"primaryImageOfPage":{"@id":"https:\/\/allasorias.hu\/hirek\/allasborze-mindenkinek\/#mainImage"},"datePublished":"2019-04-09T08:04:45+02:00","dateModified":"2019-04-09T08:04:45+02:00"},{"@type":"WebSite","@id":"https:\/\/allasorias.hu\/hirek\/#website","url":"https:\/\/allasorias.hu\/hirek\/","name":"AllasOrias.hu | H\u00edrek-lapszemle","description":"\u00dczleti h\u00edrek az \u00e1ll\u00e1s \u00e9s a munka vil\u00e1g\u00e1b\u00f3l","inLanguage":"hu-HU","publisher":{"@id":"https:\/\/allasorias.hu\/hirek\/#organization"}}]},"og:locale":"hu_HU","og:site_name":"AllasOrias.hu | H\u00edrek-lapszemle | \u00dczleti h\u00edrek az \u00e1ll\u00e1s \u00e9s a munka vil\u00e1g\u00e1b\u00f3l","og:type":"article","og:title":"\u00c1ll\u00e1sb\u00f6rze mindenkinek | AllasOrias.hu | H\u00edrek-lapszemle","og:description":"A Szent Istv\u00e1n Egyetemen G\u00f6d\u00f6ll\u0151n 2019. \u00e1prilis 10-\u00e9n 10 \u00f3rakor lesz az \u00e1ll\u00e1sb\u00f6rze. Az ilyen jelleg\u0171 rendezv\u00e9nyek csaknem m\u00e1sf\u00e9l \u00e9vtizede kapcsol\u00f3dnak a magyarorsz\u00e1gi fels\u0151oktat\u00e1si rendszerhez. A mostanin t\u00f6bb mint 50 ki\u00e1ll\u00edt\u00f3val, k\u00f6zel 800 \u00e1ll\u00e1saj\u00e1nlattal, sz\u00e1mtalan gyakornoki lehet\u0151s\u00e9ggel \u00e9s k\u00fcl\u00f6nleges programokkal v\u00e1rj\u00e1k az \u00e9rdekl\u0151d\u0151ket. A nagyszab\u00e1s\u00fa esem\u00e9nyen a leend\u0151 munk\u00e1ltat\u00f3k verbuv\u00e1lhatnak a fiatal v\u00e9gz\u0151s\u00f6k k\u00f6z\u00f6tt,","og:url":"https:\/\/allasorias.hu\/hirek\/allasborze-mindenkinek\/","og:image":"https:\/\/allasorias.hu\/hirek\/wp-content\/uploads\/2019\/04\/feedback-2990424_640.jpg","og:image:secure_url":"https:\/\/allasorias.hu\/hirek\/wp-content\/uploads\/2019\/04\/feedback-2990424_640.jpg","og:image:width":640,"og:image:height":426,"article:published_time":"2019-04-09T08:04:45+00:00","article:modified_time":"2019-04-09T08:04:45+00:00","article:publisher":"https:\/\/www.facebook.com\/allasorias","twitter:card":"summary_large_image","twitter:title":"\u00c1ll\u00e1sb\u00f6rze mindenkinek | AllasOrias.hu | H\u00edrek-lapszemle","twitter:description":"A Szent Istv\u00e1n Egyetemen G\u00f6d\u00f6ll\u0151n 2019. \u00e1prilis 10-\u00e9n 10 \u00f3rakor lesz az \u00e1ll\u00e1sb\u00f6rze. Az ilyen jelleg\u0171 rendezv\u00e9nyek csaknem m\u00e1sf\u00e9l \u00e9vtizede kapcsol\u00f3dnak a magyarorsz\u00e1gi fels\u0151oktat\u00e1si rendszerhez. A mostanin t\u00f6bb mint 50 ki\u00e1ll\u00edt\u00f3val, k\u00f6zel 800 \u00e1ll\u00e1saj\u00e1nlattal, sz\u00e1mtalan gyakornoki lehet\u0151s\u00e9ggel \u00e9s k\u00fcl\u00f6nleges programokkal v\u00e1rj\u00e1k az \u00e9rdekl\u0151d\u0151ket. A nagyszab\u00e1s\u00fa esem\u00e9nyen a leend\u0151 munk\u00e1ltat\u00f3k verbuv\u00e1lhatnak a fiatal v\u00e9gz\u0151s\u00f6k k\u00f6z\u00f6tt,","twitter:image":"https:\/\/allasorias.hu\/hirek\/wp-content\/uploads\/2019\/04\/feedback-2990424_640.jpg","twitter:label1":"Written by","twitter:data1":"Juh\u00e1sz P\u00e9ter","twitter:label2":"Est. reading time","twitter:data2":"1 minute"},"aioseo_meta_data":{"post_id":"2760","title":null,"description":null,"keywords":null,"keyphrases":null,"primary_term":null,"canonical_url":null,"og_title":null,"og_description":null,"og_object_type":"default","og_image_type":"default","og_image_url":null,"og_image_width":null,"og_image_height":null,"og_image_custom_url":null,"og_image_custom_fields":null,"og_video":null,"og_custom_url":null,"og_article_section":null,"og_article_tags":null,"twitter_use_og":false,"twitter_card":"default","twitter_image_type":"default","twitter_image_url":null,"twitter_image_custom_url":null,"twitter_image_custom_fields":null,"twitter_title":null,"twitter_description":null,"schema":{"blockGraphs":[],"customGraphs":[],"default":{"data":{"Article":[],"Course":[],"Dataset":[],"FAQPage":[],"Movie":[],"Person":[],"Product":[],"ProductReview":[],"Car":[],"Recipe":[],"Service":[],"SoftwareApplication":[],"WebPage":[]},"graphName":"","isEnabled":true},"graphs":[]},"schema_type":null,"schema_type_options":null,"pillar_content":false,"robots_default":true,"robots_noindex":false,"robots_noarchive":false,"robots_nosnippet":false,"robots_nofollow":false,"robots_noimageindex":false,"robots_noodp":false,"robots_notranslate":false,"robots_max_snippet":null,"robots_max_videopreview":null,"robots_max_imagepreview":"large","priority":null,"frequency":null,"location":null,"local_seo":null,"breadcrumb_settings":null,"limit_modified_date":false,"ai":null,"created":"2021-02-01 21:14:05","updated":"2025-10-02 11:03:20","seo_analyzer_scan_date":null,"focus_keyword":null,"additional_keywords":null,"truseo_locale":null},"aioseo_breadcrumb":"<div class=\"aioseo-breadcrumbs\"><span class=\"aioseo-breadcrumb\">\n\t\t\t<a href=\"https:\/\/allasorias.hu\/hirek\" title=\"Home\">Home<\/a>\n\t\t<\/span><span class=\"aioseo-breadcrumb-separator\">&raquo;<\/span><span class=\"aioseo-breadcrumb\">\n\t\t\t<a href=\"https:\/\/allasorias.hu\/hirek\/temak\/allaskereses\/\" title=\"\u00c1ll\u00e1skeres\u00e9s\">\u00c1ll\u00e1skeres\u00e9s<\/a>\n\t\t<\/span><span class=\"aioseo-breadcrumb-separator\">&raquo;<\/span><span class=\"aioseo-breadcrumb\">\n\t\t\t\u00c1ll\u00e1sb\u00f6rze mindenkinek\n\t\t<\/span><\/div>","aioseo_breadcrumb_json":[{"label":"Home","link":"https:\/\/allasorias.hu\/hirek"},{"label":"\u00c1ll\u00e1skeres\u00e9s","link":"https:\/\/allasorias.hu\/hirek\/temak\/allaskereses\/"},{"label":"\u00c1ll\u00e1sb\u00f6rze mindenkinek","link":"https:\/\/allasorias.hu\/hirek\/allasborze-mindenkinek\/"}],"_links":{"self":[{"href":"https:\/\/allasorias.hu\/hirek\/wp-json\/wp\/v2\/posts\/2760","targetHints":{"allow":["GET"]}}],"collection":[{"href":"https:\/\/allasorias.hu\/hirek\/wp-json\/wp\/v2\/posts"}],"about":[{"href":"https:\/\/allasorias.hu\/hirek\/wp-json\/wp\/v2\/types\/post"}],"author":[{"embeddable":true,"href":"https:\/\/allasorias.hu\/hirek\/wp-json\/wp\/v2\/users\/1"}],"replies":[{"embeddable":true,"href":"https:\/\/allasorias.hu\/hirek\/wp-json\/wp\/v2\/comments?post=2760"}],"version-history":[{"count":1,"href":"https:\/\/allasorias.hu\/hirek\/wp-json\/wp\/v2\/posts\/2760\/revisions"}],"predecessor-version":[{"id":2762,"href":"https:\/\/allasorias.hu\/hirek\/wp-json\/wp\/v2\/posts\/2760\/revisions\/2762"}],"wp:featuredmedia":[{"embeddable":true,"href":"https:\/\/allasorias.hu\/hirek\/wp-json\/wp\/v2\/media\/2761"}],"wp:attachment":[{"href":"https:\/\/allasorias.hu\/hirek\/wp-json\/wp\/v2\/media?parent=2760"}],"wp:term":[{"taxonomy":"category","embeddable":true,"href":"https:\/\/allasorias.hu\/hirek\/wp-json\/wp\/v2\/categories?post=2760"},{"taxonomy":"post_tag","embeddable":true,"href":"https:\/\/allasorias.hu\/hirek\/wp-json\/wp\/v2\/tags?post=2760"}],"curies":[{"name":"wp","href":"https:\/\/api.w.org\/{rel}","templated":true}]}}