{"id":2756,"date":"2019-04-08T09:21:20","date_gmt":"2019-04-08T09:21:20","guid":{"rendered":"https:\/\/allasorias.hu\/hirek\/?p=2756"},"modified":"2019-04-08T09:21:20","modified_gmt":"2019-04-08T09:21:20","slug":"a-fuvarozok-helyzeten-javitanak-az-uj-szabalyok","status":"publish","type":"post","link":"https:\/\/allasorias.hu\/hirek\/a-fuvarozok-helyzeten-javitanak-az-uj-szabalyok\/","title":{"rendered":"A fuvaroz\u00f3k helyzet\u00e9n jav\u00edtanak az \u00faj szab\u00e1lyok"},"content":{"rendered":"<p><strong>Sok a szab\u00e1lytalans\u00e1g \u00e9s rosszak a munkak\u00f6r\u00fclm\u00e9nyek a fuvaroz\u00f3kn\u00e1l, ez\u00e9rt az uni\u00f3 \u00e1ll\u00e1sfoglal\u00e1sban r\u00f6gz\u00edtette a sz\u00fcks\u00e9ges v\u00e1ltoztat\u00e1sokat. T\u00f6bbek k\u00f6z\u00f6tt a sof\u0151r\u00f6k kik\u00fcldet\u00e9s\u00e9nek, \u00e9s a pihen\u0151idej\u00e9nek m\u00f3dos\u00edt\u00e1s\u00e1t szab\u00e1lyozz\u00e1k. <\/strong><\/p>\n<p>A tervezett v\u00e1ltoztat\u00e1sokat \u00a0az Eur\u00f3pai Parlament \u00a0t\u00e1rgyal\u00f3deleg\u00e1ci\u00f3ja beterjeszti a szakminisztereket t\u00f6m\u00f6r\u00edt\u0151 Tan\u00e1ccsal folytatott int\u00e9zm\u00e9nyk\u00f6zi egyeztet\u00e9sre. Tisztess\u00e9gesebb versenyt s\u00fcrgetnek \u00e9s fell\u00e9p\u00e9st a jogszer\u0171tlens\u00e9gek ellen a nemzetk\u00f6zi fuvaroz\u00e1sban. A Parlament a szab\u00e1lyt megszeg\u0151 fuvaroz\u00f3k egyszer\u0171bb kisz\u0171r\u00e9se \u00e9rdek\u00e9ben a kabot\u00e1zs keret\u00e9ben elv\u00e9gzett fuvarokra jelenleg \u00e9rv\u00e9nyes sz\u00e1mszer\u0171 korl\u00e1tot h\u00e1rom napos id\u0151korl\u00e1ttal szeretn\u00e9 felv\u00e1ltani, \u00e9s k\u00f6telez\u0151v\u00e9 tenn\u00e9 a hat\u00e1r\u00e1tl\u00e9p\u00e9s r\u00f6gz\u00edt\u00e9s\u00e9t a j\u00e1rm\u0171 tachogr\u00e1fj\u00e1ban. Azt javasolj\u00e1k, hogy a rendszerszer\u0171 kabot\u00e1zs elker\u00fcl\u00e9se \u00e9rdek\u00e9ben kamionoknak 60 \u00f3r\u00e1t saj\u00e1t orsz\u00e1gukban kelljen t\u00f6lteni, miel\u0151tt \u00fajabb kabot\u00e1zsra indulnak. A sof\u0151r\u00f6k kik\u00fcldet\u00e9s\u00e9re vonatkoz\u00f3 uni\u00f3s szab\u00e1lyok a rendk\u00edv\u00fcl mobil sz\u00e1ll\u00edtm\u00e1nyoz\u00e1si \u00e1gazatban is egy\u00e9rtelm\u0171s\u00edtik a kik\u00fcld\u00f6tt munkav\u00e1llal\u00f3kra vonatkoz\u00f3 szab\u00e1lyokat. A szab\u00e1lyz\u00e1s c\u00e9lja, hogy cs\u00f6kkentse az elt\u00e9r\u0151 nemzeti megk\u00f6zel\u00edt\u00e9sekb\u0151l fakad\u00f3 pap\u00edrmunk\u00e1t, \u00e9s tisztess\u00e9ges b\u00e9rt biztos\u00edtson a sof\u0151r\u00f6knek. A k\u00e9pvisel\u0151k a sof\u0151r\u00f6k munk\u00e1j\u00e1nak megk\u00f6nny\u00edt\u00e9se \u00e9s a k\u00f6z\u00fati ellen\u0151rz\u00e9sek ritk\u00edt\u00e1sa c\u00e9lj\u00e1b\u00f3l digit\u00e1lis technol\u00f3gi\u00e1k alkalmaz\u00e1s\u00e1t s\u00fcrgetik. A Parlament szerint a vizsg\u00e1latokat \u00e9s ellen\u0151rz\u00e9seket a nagy kock\u00e1zatot jelent\u0151 v\u00e1llalkoz\u00e1sokra kell \u00f6sszpontos\u00edtani, cs\u00f6kkentve a t\u00f6rv\u00e9nytisztel\u0151 c\u00e9gekre nehezed\u0151 adminisztrat\u00edv nyom\u00e1st. A k\u00e9pvisel\u0151k emellett olyan v\u00e1ltoz\u00e1sokat is elfogadtak, amelyek jav\u00edtan\u00e1k a sof\u0151r\u00f6k pihen\u00e9si k\u00f6r\u00fclm\u00e9nyeit. A k\u00fcl\u00f6n\u00f6sen hossz\u00fa fuvarok visszaszor\u00edt\u00e1sa \u00e9rdek\u00e9ben a v\u00e1llalatoknak \u00fagy kell \u00f6ssze\u00e1ll\u00edtaniuk a menetrendeket, hogy a sof\u0151r\u00f6k rendszeresen, de legal\u00e1bb n\u00e9gyhetente otthon t\u00f6lthess\u00e9k el a heti pihen\u0151t. A heti pihen\u0151t pedig a kamionon k\u00edv\u00fcl kell elt\u00f6lteni.<\/p>\n<p>&nbsp;<\/p>\n<p>Forr\u00e1s: magyarmezogazdasag.hu<\/p>\n","protected":false},"excerpt":{"rendered":"<p>Sok a szab\u00e1lytalans\u00e1g \u00e9s rosszak a munkak\u00f6r\u00fclm\u00e9nyek a fuvaroz\u00f3kn\u00e1l, ez\u00e9rt az uni\u00f3 \u00e1ll\u00e1sfoglal\u00e1sban r\u00f6gz\u00edtette a sz\u00fcks\u00e9ges v\u00e1ltoztat\u00e1sokat. T\u00f6bbek k\u00f6z\u00f6tt a sof\u0151r\u00f6k kik\u00fcldet\u00e9s\u00e9nek, \u00e9s a pihen\u0151idej\u00e9nek m\u00f3dos\u00edt\u00e1s\u00e1t szab\u00e1lyozz\u00e1k. A tervezett v\u00e1ltoztat\u00e1sokat \u00a0az Eur\u00f3pai Parlament \u00a0t\u00e1rgyal\u00f3deleg\u00e1ci\u00f3ja beterjeszti a szakminisztereket t\u00f6m\u00f6r\u00edt\u0151 Tan\u00e1ccsal folytatott int\u00e9zm\u00e9nyk\u00f6zi egyeztet\u00e9sre. Tisztess\u00e9gesebb versenyt s\u00fcrgetnek \u00e9s fell\u00e9p\u00e9st a jogszer\u0171tlens\u00e9gek ellen a nemzetk\u00f6zi fuvaroz\u00e1sban. A Parlament [&hellip;]<\/p>\n","protected":false},"author":1,"featured_media":2313,"comment_status":"open","ping_status":"open","sticky":false,"template":"","format":"standard","meta":{"_monsterinsights_skip_tracking":false,"_monsterinsights_sitenote_active":false,"_monsterinsights_sitenote_note":"","_monsterinsights_sitenote_category":0,"footnotes":""},"categories":[1,200],"tags":[],"class_list":["post-2756","post","type-post","status-publish","format-standard","has-post-thumbnail","hentry","category-allaskereses","category-munkaeropiac"],"aioseo_notices":[],"_links":{"self":[{"href":"https:\/\/allasorias.hu\/hirek\/wp-json\/wp\/v2\/posts\/2756","targetHints":{"allow":["GET"]}}],"collection":[{"href":"https:\/\/allasorias.hu\/hirek\/wp-json\/wp\/v2\/posts"}],"about":[{"href":"https:\/\/allasorias.hu\/hirek\/wp-json\/wp\/v2\/types\/post"}],"author":[{"embeddable":true,"href":"https:\/\/allasorias.hu\/hirek\/wp-json\/wp\/v2\/users\/1"}],"replies":[{"embeddable":true,"href":"https:\/\/allasorias.hu\/hirek\/wp-json\/wp\/v2\/comments?post=2756"}],"version-history":[{"count":1,"href":"https:\/\/allasorias.hu\/hirek\/wp-json\/wp\/v2\/posts\/2756\/revisions"}],"predecessor-version":[{"id":2757,"href":"https:\/\/allasorias.hu\/hirek\/wp-json\/wp\/v2\/posts\/2756\/revisions\/2757"}],"wp:featuredmedia":[{"embeddable":true,"href":"https:\/\/allasorias.hu\/hirek\/wp-json\/wp\/v2\/media\/2313"}],"wp:attachment":[{"href":"https:\/\/allasorias.hu\/hirek\/wp-json\/wp\/v2\/media?parent=2756"}],"wp:term":[{"taxonomy":"category","embeddable":true,"href":"https:\/\/allasorias.hu\/hirek\/wp-json\/wp\/v2\/categories?post=2756"},{"taxonomy":"post_tag","embeddable":true,"href":"https:\/\/allasorias.hu\/hirek\/wp-json\/wp\/v2\/tags?post=2756"}],"curies":[{"name":"wp","href":"https:\/\/api.w.org\/{rel}","templated":true}]}}