{"id":2749,"date":"2019-04-05T08:25:46","date_gmt":"2019-04-05T08:25:46","guid":{"rendered":"https:\/\/allasorias.hu\/hirek\/?p=2749"},"modified":"2019-04-05T08:25:46","modified_gmt":"2019-04-05T08:25:46","slug":"kedvezo-szabalyozas-a-munka-es-a-csaladi-elet-osszhangjaban","status":"publish","type":"post","link":"https:\/\/allasorias.hu\/hirek\/kedvezo-szabalyozas-a-munka-es-a-csaladi-elet-osszhangjaban\/","title":{"rendered":"Kedvez\u0151 szab\u00e1lyoz\u00e1s a munka \u00e9s a csal\u00e1di \u00e9let \u00f6sszhangj\u00e1ban"},"content":{"rendered":"<p><strong>Az Eur\u00f3pai Parlament pozit\u00edv szab\u00e1lyoz\u00e1sokat fogadott el, amelyek seg\u00edtik a \u00a0munka \u00e9s a csal\u00e1di \u00e9let \u00f6sszeegyeztet\u00e9s\u00e9t. Az ap\u00e1knak vagy a vel\u00fck egyenrang\u00fa t\u00e1rssz\u00fcl\u0151knek legal\u00e1bb 10 munkanapos apas\u00e1gi szabads\u00e1got kell biztos\u00edtani gyermek\u00fck sz\u00fclet\u00e9se, \u00f6r\u00f6kbe fogad\u00e1s\u00e1nak id\u0151szak\u00e1ban vagy halva sz\u00fclet\u00e9se eset\u00e9n. Magyarorsz\u00e1gon jelenleg 5 nap az apas\u00e1gi szabads\u00e1g id\u0151tartama.<\/strong><\/p>\n<p>Mindezek mellett alanyi jogon, mindk\u00e9t sz\u00fcl\u0151nek k\u00e9t h\u00f3napnyi, \u00e1t nem ruh\u00e1zhat\u00f3 \u00e9s fizetett sz\u00fcl\u0151i szabads\u00e1got kell biztos\u00edtani, \u00edgy lehet\u0151v\u00e9 t\u00e9ve a gyermekgondoz\u00e1si feladatok kiegyens\u00falyozottabb eloszt\u00e1s\u00e1t a csal\u00e1dban. Az Eur\u00f3pai Parlament \u00fcl\u00e9s\u00e9n 490 szavazattal, 82 ellenszavazat \u00e9s 48 tart\u00f3zkod\u00e1s mellett elfogadta a tag\u00e1llamok szakminisztereivel inform\u00e1lisan m\u00e1r leegyeztetett, az apas\u00e1gi szabads\u00e1gra \u00e9s az \u00e1t nem ruh\u00e1zhat\u00f3 sz\u00fcl\u0151i szabads\u00e1gra vonatkoz\u00f3 \u00faj szab\u00e1lyokat a mag\u00e1n\u00e9let \u00e9s a munka egyens\u00faly\u00e1nak megteremt\u00e9se jegy\u00e9ben. A szab\u00e1lyoz\u00e1s emellett meger\u0151s\u00edti az apa, vagy a vele egyenrang\u00fa t\u00e1rssz\u00fcl\u0151 szerep\u00e9t a csal\u00e1dban. Mindez kedvez\u0151 a gyerekek \u00e9s a csal\u00e1di \u00e9let szempontj\u00e1b\u00f3l, el\u0151seg\u00edti a nemek k\u00f6z\u00f6tti egyenl\u0151s\u00e9get, \u00e9s t\u00fckr\u00f6zi a t\u00e1rsadalomban v\u00e9gbemen\u0151 v\u00e1ltoz\u00e1st \u2013 \u00edrja k\u00f6zlem\u00e9ny\u00e9ben az Eur\u00f3pai Parlament. Az \u00faj szab\u00e1lyoz\u00e1s szerint minden ap\u00e1nak vagy vele egyenrang\u00fa t\u00e1rssz\u00fcl\u0151nek (ahol a nemzeti szab\u00e1lyoz\u00e1s ilyet meghat\u00e1roz) joga van legal\u00e1bb t\u00edz munkanapig tart\u00f3 apas\u00e1gi szabads\u00e1gra gyermeke sz\u00fclet\u00e9s\u00e9nek, \u00f6r\u00f6kbefogad\u00e1s\u00e1nak id\u0151szak\u00e1ban, vagy halvasz\u00fclet\u00e9s eset\u00e9n. Ezalatt az id\u0151szak alatt a betegszabads\u00e1g idej\u00e9n j\u00e1r\u00f3 b\u00e9rt kell kapnia. A k\u00e9pvisel\u0151k k\u00e9t h\u00f3napnyi, \u00e1t nem ruh\u00e1zhat\u00f3 \u00e9s fizetett sz\u00fcl\u0151i szabads\u00e1ggal is kieg\u00e9sz\u00edtett\u00e9k a jogszab\u00e1lyt. A sz\u00fcl\u0151i szabads\u00e1g alanyi jogon (vagyis mindk\u00e9t sz\u00fcl\u0151nek) j\u00e1r, \u00edgy lehet\u0151v\u00e9 teszi a gyermekgondoz\u00e1si feladatok kiegyens\u00falyozottabb eloszt\u00e1s\u00e1t a csal\u00e1dban. A tag\u00e1llamok hat\u00e1rozz\u00e1k meg a minimum sz\u00fcl\u0151i szabads\u00e1g ideje alatt j\u00e1r\u00f3 b\u00e9r vagy juttat\u00e1s megfelel\u0151 m\u00e9rt\u00e9k\u00e9t. A sz\u00fcl\u0151i szabads\u00e1g rendszerint bev\u00e9telkies\u00e9ssel j\u00e1r a csal\u00e1d sz\u00e1m\u00e1ra, ez\u00e9rt a tag\u00e1llamoknak \u00fagy kell meg\u00e1llap\u00edtaniuk a szabads\u00e1g ideje alatt j\u00e1r\u00f3 b\u00e9r vagy juttat\u00e1s m\u00e9rt\u00e9k\u00e9t, hogy a jobban keres\u0151 sz\u00fcl\u0151nek (aki gyakran a f\u00e9rfi) is m\u00f3dja legyen \u00e9lni a szabads\u00e1ghoz val\u00f3 jog\u00e1val. A tag\u00e1llamoknak a rokonukat szem\u00e9lyesen gondoz\u00f3, vagy a vel\u00fck egy h\u00e1ztart\u00e1sban \u00e9l\u0151, s\u00falyosan beteg, vagy \u00e9letkor\u00e1b\u00f3l fakad\u00f3an gondoz\u00e1sra szorul\u00f3 szem\u00e9lyt ell\u00e1t\u00f3 munkaer\u0151 sz\u00e1m\u00e1ra \u00e9vente \u00f6t nap gondoz\u00f3i szabads\u00e1got kell adni.<\/p>\n<p>Forr\u00e1s: adozona.hu<\/p>\n","protected":false},"excerpt":{"rendered":"<p>Az Eur\u00f3pai Parlament pozit\u00edv szab\u00e1lyoz\u00e1sokat fogadott el, amelyek seg\u00edtik a \u00a0munka \u00e9s a csal\u00e1di \u00e9let \u00f6sszeegyeztet\u00e9s\u00e9t. Az ap\u00e1knak vagy a vel\u00fck egyenrang\u00fa t\u00e1rssz\u00fcl\u0151knek legal\u00e1bb 10 munkanapos apas\u00e1gi szabads\u00e1got kell biztos\u00edtani gyermek\u00fck sz\u00fclet\u00e9se, \u00f6r\u00f6kbe fogad\u00e1s\u00e1nak id\u0151szak\u00e1ban vagy halva sz\u00fclet\u00e9se eset\u00e9n. Magyarorsz\u00e1gon jelenleg 5 nap az apas\u00e1gi szabads\u00e1g id\u0151tartama. Mindezek mellett alanyi jogon, mindk\u00e9t sz\u00fcl\u0151nek k\u00e9t h\u00f3napnyi, [&hellip;]<\/p>\n","protected":false},"author":1,"featured_media":2750,"comment_status":"open","ping_status":"open","sticky":false,"template":"","format":"standard","meta":{"_monsterinsights_skip_tracking":false,"footnotes":""},"categories":[198,200],"tags":[],"class_list":["post-2749","post","type-post","status-publish","format-standard","has-post-thumbnail","hentry","category-gazdasag","category-munkaeropiac"],"aioseo_notices":[],"aioseo_head":"\n\t\t<!-- All in One SEO 5.0.0.1 - aioseo.com -->\n\t<meta name=\"description\" content=\"Az Eur\u00f3pai Parlament pozit\u00edv szab\u00e1lyoz\u00e1sokat fogadott el, amelyek seg\u00edtik a munka \u00e9s a csal\u00e1di \u00e9let \u00f6sszeegyeztet\u00e9s\u00e9t. Az ap\u00e1knak vagy a vel\u00fck egyenrang\u00fa t\u00e1rssz\u00fcl\u0151knek legal\u00e1bb 10 munkanapos apas\u00e1gi szabads\u00e1got kell biztos\u00edtani gyermek\u00fck sz\u00fclet\u00e9se, \u00f6r\u00f6kbe fogad\u00e1s\u00e1nak id\u0151szak\u00e1ban vagy halva sz\u00fclet\u00e9se eset\u00e9n. Magyarorsz\u00e1gon jelenleg 5 nap az apas\u00e1gi szabads\u00e1g id\u0151tartama. Mindezek mellett alanyi jogon, mindk\u00e9t sz\u00fcl\u0151nek k\u00e9t h\u00f3napnyi,\" \/>\n\t<meta name=\"robots\" content=\"max-image-preview:large\" \/>\n\t<meta name=\"author\" content=\"Juh\u00e1sz P\u00e9ter\"\/>\n\t<link rel=\"canonical\" href=\"https:\/\/allasorias.hu\/hirek\/kedvezo-szabalyozas-a-munka-es-a-csaladi-elet-osszhangjaban\/\" \/>\n\t<meta name=\"generator\" content=\"All in One SEO (AIOSEO) 5.0.0.1\" \/>\n\t\t<meta property=\"og:locale\" content=\"hu_HU\" \/>\n\t\t<meta property=\"og:site_name\" content=\"AllasOrias.hu | H\u00edrek-lapszemle | \u00dczleti h\u00edrek az \u00e1ll\u00e1s \u00e9s a munka vil\u00e1g\u00e1b\u00f3l\" \/>\n\t\t<meta property=\"og:type\" content=\"article\" \/>\n\t\t<meta property=\"og:title\" content=\"Kedvez\u0151 szab\u00e1lyoz\u00e1s a munka \u00e9s a csal\u00e1di \u00e9let \u00f6sszhangj\u00e1ban | AllasOrias.hu | H\u00edrek-lapszemle\" \/>\n\t\t<meta property=\"og:description\" content=\"Az Eur\u00f3pai Parlament pozit\u00edv szab\u00e1lyoz\u00e1sokat fogadott el, amelyek seg\u00edtik a munka \u00e9s a csal\u00e1di \u00e9let \u00f6sszeegyeztet\u00e9s\u00e9t. Az ap\u00e1knak vagy a vel\u00fck egyenrang\u00fa t\u00e1rssz\u00fcl\u0151knek legal\u00e1bb 10 munkanapos apas\u00e1gi szabads\u00e1got kell biztos\u00edtani gyermek\u00fck sz\u00fclet\u00e9se, \u00f6r\u00f6kbe fogad\u00e1s\u00e1nak id\u0151szak\u00e1ban vagy halva sz\u00fclet\u00e9se eset\u00e9n. Magyarorsz\u00e1gon jelenleg 5 nap az apas\u00e1gi szabads\u00e1g id\u0151tartama. Mindezek mellett alanyi jogon, mindk\u00e9t sz\u00fcl\u0151nek k\u00e9t h\u00f3napnyi,\" \/>\n\t\t<meta property=\"og:url\" content=\"https:\/\/allasorias.hu\/hirek\/kedvezo-szabalyozas-a-munka-es-a-csaladi-elet-osszhangjaban\/\" \/>\n\t\t<meta property=\"og:image\" content=\"https:\/\/allasorias.hu\/hirek\/wp-content\/uploads\/2019\/04\/people-3120717_640.jpg\" \/>\n\t\t<meta property=\"og:image:secure_url\" content=\"https:\/\/allasorias.hu\/hirek\/wp-content\/uploads\/2019\/04\/people-3120717_640.jpg\" \/>\n\t\t<meta property=\"og:image:width\" content=\"640\" \/>\n\t\t<meta property=\"og:image:height\" content=\"426\" \/>\n\t\t<meta property=\"article:published_time\" content=\"2019-04-05T08:25:46+00:00\" \/>\n\t\t<meta property=\"article:modified_time\" content=\"2019-04-05T08:25:46+00:00\" \/>\n\t\t<meta property=\"article:publisher\" content=\"https:\/\/www.facebook.com\/allasorias\" \/>\n\t\t<meta name=\"twitter:card\" content=\"summary_large_image\" \/>\n\t\t<meta name=\"twitter:title\" content=\"Kedvez\u0151 szab\u00e1lyoz\u00e1s a munka \u00e9s a csal\u00e1di \u00e9let \u00f6sszhangj\u00e1ban | AllasOrias.hu | H\u00edrek-lapszemle\" \/>\n\t\t<meta name=\"twitter:description\" content=\"Az Eur\u00f3pai Parlament pozit\u00edv szab\u00e1lyoz\u00e1sokat fogadott el, amelyek seg\u00edtik a munka \u00e9s a csal\u00e1di \u00e9let \u00f6sszeegyeztet\u00e9s\u00e9t. Az ap\u00e1knak vagy a vel\u00fck egyenrang\u00fa t\u00e1rssz\u00fcl\u0151knek legal\u00e1bb 10 munkanapos apas\u00e1gi szabads\u00e1got kell biztos\u00edtani gyermek\u00fck sz\u00fclet\u00e9se, \u00f6r\u00f6kbe fogad\u00e1s\u00e1nak id\u0151szak\u00e1ban vagy halva sz\u00fclet\u00e9se eset\u00e9n. Magyarorsz\u00e1gon jelenleg 5 nap az apas\u00e1gi szabads\u00e1g id\u0151tartama. Mindezek mellett alanyi jogon, mindk\u00e9t sz\u00fcl\u0151nek k\u00e9t h\u00f3napnyi,\" \/>\n\t\t<meta name=\"twitter:image\" content=\"https:\/\/allasorias.hu\/hirek\/wp-content\/uploads\/2019\/04\/people-3120717_640.jpg\" \/>\n\t\t<meta name=\"twitter:label1\" content=\"Written by\" \/>\n\t\t<meta name=\"twitter:data1\" content=\"Juh\u00e1sz P\u00e9ter\" \/>\n\t\t<meta name=\"twitter:label2\" content=\"Est. reading time\" \/>\n\t\t<meta name=\"twitter:data2\" content=\"3 minutes\" \/>\n\t\t<script type=\"application\/ld+json\" class=\"aioseo-schema\">\n\t\t\t{\"@context\":\"https:\\\/\\\/schema.org\",\"@graph\":[{\"@type\":\"Article\",\"@id\":\"https:\\\/\\\/allasorias.hu\\\/hirek\\\/kedvezo-szabalyozas-a-munka-es-a-csaladi-elet-osszhangjaban\\\/#article\",\"name\":\"Kedvez\\u0151 szab\\u00e1lyoz\\u00e1s a munka \\u00e9s a csal\\u00e1di \\u00e9let \\u00f6sszhangj\\u00e1ban | AllasOrias.hu | H\\u00edrek-lapszemle\",\"headline\":\"Kedvez\\u0151 szab\\u00e1lyoz\\u00e1s a munka \\u00e9s a csal\\u00e1di \\u00e9let \\u00f6sszhangj\\u00e1ban\",\"author\":{\"@id\":\"https:\\\/\\\/allasorias.hu\\\/hirek\\\/author\\\/admin-allasorias\\\/#author\"},\"publisher\":{\"@id\":\"https:\\\/\\\/allasorias.hu\\\/hirek\\\/#organization\"},\"image\":{\"@type\":\"ImageObject\",\"url\":\"https:\\\/\\\/allasorias.hu\\\/hirek\\\/wp-content\\\/uploads\\\/2019\\\/04\\\/people-3120717_640.jpg\",\"width\":640,\"height\":426},\"datePublished\":\"2019-04-05T08:25:46+02:00\",\"dateModified\":\"2019-04-05T08:25:46+02:00\",\"inLanguage\":\"hu-HU\",\"mainEntityOfPage\":{\"@id\":\"https:\\\/\\\/allasorias.hu\\\/hirek\\\/kedvezo-szabalyozas-a-munka-es-a-csaladi-elet-osszhangjaban\\\/#webpage\"},\"isPartOf\":{\"@id\":\"https:\\\/\\\/allasorias.hu\\\/hirek\\\/kedvezo-szabalyozas-a-munka-es-a-csaladi-elet-osszhangjaban\\\/#webpage\"},\"articleSection\":\"Gazdas\\u00e1g, Munkaer\\u0151piac\"},{\"@type\":\"BreadcrumbList\",\"@id\":\"https:\\\/\\\/allasorias.hu\\\/hirek\\\/kedvezo-szabalyozas-a-munka-es-a-csaladi-elet-osszhangjaban\\\/#breadcrumblist\",\"itemListElement\":[{\"@type\":\"ListItem\",\"@id\":\"https:\\\/\\\/allasorias.hu\\\/hirek#listItem\",\"position\":1,\"name\":\"Home\",\"item\":\"https:\\\/\\\/allasorias.hu\\\/hirek\",\"nextItem\":{\"@type\":\"ListItem\",\"@id\":\"https:\\\/\\\/allasorias.hu\\\/hirek\\\/temak\\\/gazdasag\\\/#listItem\",\"name\":\"Gazdas\\u00e1g\"}},{\"@type\":\"ListItem\",\"@id\":\"https:\\\/\\\/allasorias.hu\\\/hirek\\\/temak\\\/gazdasag\\\/#listItem\",\"position\":2,\"name\":\"Gazdas\\u00e1g\",\"item\":\"https:\\\/\\\/allasorias.hu\\\/hirek\\\/temak\\\/gazdasag\\\/\",\"nextItem\":{\"@type\":\"ListItem\",\"@id\":\"https:\\\/\\\/allasorias.hu\\\/hirek\\\/kedvezo-szabalyozas-a-munka-es-a-csaladi-elet-osszhangjaban\\\/#listItem\",\"name\":\"Kedvez\\u0151 szab\\u00e1lyoz\\u00e1s a munka \\u00e9s a csal\\u00e1di \\u00e9let \\u00f6sszhangj\\u00e1ban\"},\"previousItem\":{\"@type\":\"ListItem\",\"@id\":\"https:\\\/\\\/allasorias.hu\\\/hirek#listItem\",\"name\":\"Home\"}},{\"@type\":\"ListItem\",\"@id\":\"https:\\\/\\\/allasorias.hu\\\/hirek\\\/kedvezo-szabalyozas-a-munka-es-a-csaladi-elet-osszhangjaban\\\/#listItem\",\"position\":3,\"name\":\"Kedvez\\u0151 szab\\u00e1lyoz\\u00e1s a munka \\u00e9s a csal\\u00e1di \\u00e9let \\u00f6sszhangj\\u00e1ban\",\"previousItem\":{\"@type\":\"ListItem\",\"@id\":\"https:\\\/\\\/allasorias.hu\\\/hirek\\\/temak\\\/gazdasag\\\/#listItem\",\"name\":\"Gazdas\\u00e1g\"}}]},{\"@type\":\"Organization\",\"@id\":\"https:\\\/\\\/allasorias.hu\\\/hirek\\\/#organization\",\"name\":\"AllasOrias.hu | H\\u00edrek-lapszemle\",\"description\":\"\\u00dczleti h\\u00edrek az \\u00e1ll\\u00e1s \\u00e9s a munka vil\\u00e1g\\u00e1b\\u00f3l\",\"url\":\"https:\\\/\\\/allasorias.hu\\\/hirek\\\/\",\"logo\":{\"@type\":\"ImageObject\",\"url\":\"https:\\\/\\\/allasorias.hu\\\/hirek\\\/wp-content\\\/uploads\\\/2022\\\/10\\\/allasorias_site_facebok_logo.png\",\"@id\":\"https:\\\/\\\/allasorias.hu\\\/hirek\\\/kedvezo-szabalyozas-a-munka-es-a-csaladi-elet-osszhangjaban\\\/#organizationLogo\"},\"image\":{\"@id\":\"https:\\\/\\\/allasorias.hu\\\/hirek\\\/kedvezo-szabalyozas-a-munka-es-a-csaladi-elet-osszhangjaban\\\/#organizationLogo\"},\"sameAs\":[\"https:\\\/\\\/www.facebook.com\\\/allasorias\",\"https:\\\/\\\/www.linkedin.com\\\/company\\\/allasorias\"]},{\"@type\":\"Person\",\"@id\":\"https:\\\/\\\/allasorias.hu\\\/hirek\\\/author\\\/admin-allasorias\\\/#author\",\"url\":\"https:\\\/\\\/allasorias.hu\\\/hirek\\\/author\\\/admin-allasorias\\\/\",\"name\":\"Juh\\u00e1sz P\\u00e9ter\",\"image\":{\"@type\":\"ImageObject\",\"@id\":\"https:\\\/\\\/allasorias.hu\\\/hirek\\\/kedvezo-szabalyozas-a-munka-es-a-csaladi-elet-osszhangjaban\\\/#authorImage\",\"url\":\"https:\\\/\\\/secure.gravatar.com\\\/avatar\\\/36e6bcb83148978b992977cb0f54d22feb0cce8a0a849a9410532bb2623ba4c6?s=96&d=mm&r=g\",\"width\":96,\"height\":96,\"caption\":\"Juh\\u00e1sz P\\u00e9ter\"}},{\"@type\":\"WebPage\",\"@id\":\"https:\\\/\\\/allasorias.hu\\\/hirek\\\/kedvezo-szabalyozas-a-munka-es-a-csaladi-elet-osszhangjaban\\\/#webpage\",\"url\":\"https:\\\/\\\/allasorias.hu\\\/hirek\\\/kedvezo-szabalyozas-a-munka-es-a-csaladi-elet-osszhangjaban\\\/\",\"name\":\"Kedvez\\u0151 szab\\u00e1lyoz\\u00e1s a munka \\u00e9s a csal\\u00e1di \\u00e9let \\u00f6sszhangj\\u00e1ban | AllasOrias.hu | H\\u00edrek-lapszemle\",\"description\":\"Az Eur\\u00f3pai Parlament pozit\\u00edv szab\\u00e1lyoz\\u00e1sokat fogadott el, amelyek seg\\u00edtik a munka \\u00e9s a csal\\u00e1di \\u00e9let \\u00f6sszeegyeztet\\u00e9s\\u00e9t. Az ap\\u00e1knak vagy a vel\\u00fck egyenrang\\u00fa t\\u00e1rssz\\u00fcl\\u0151knek legal\\u00e1bb 10 munkanapos apas\\u00e1gi szabads\\u00e1got kell biztos\\u00edtani gyermek\\u00fck sz\\u00fclet\\u00e9se, \\u00f6r\\u00f6kbe fogad\\u00e1s\\u00e1nak id\\u0151szak\\u00e1ban vagy halva sz\\u00fclet\\u00e9se eset\\u00e9n. Magyarorsz\\u00e1gon jelenleg 5 nap az apas\\u00e1gi szabads\\u00e1g id\\u0151tartama. Mindezek mellett alanyi jogon, mindk\\u00e9t sz\\u00fcl\\u0151nek k\\u00e9t h\\u00f3napnyi,\",\"inLanguage\":\"hu-HU\",\"isPartOf\":{\"@id\":\"https:\\\/\\\/allasorias.hu\\\/hirek\\\/#website\"},\"breadcrumb\":{\"@id\":\"https:\\\/\\\/allasorias.hu\\\/hirek\\\/kedvezo-szabalyozas-a-munka-es-a-csaladi-elet-osszhangjaban\\\/#breadcrumblist\"},\"author\":{\"@id\":\"https:\\\/\\\/allasorias.hu\\\/hirek\\\/author\\\/admin-allasorias\\\/#author\"},\"creator\":{\"@id\":\"https:\\\/\\\/allasorias.hu\\\/hirek\\\/author\\\/admin-allasorias\\\/#author\"},\"image\":{\"@type\":\"ImageObject\",\"url\":\"https:\\\/\\\/allasorias.hu\\\/hirek\\\/wp-content\\\/uploads\\\/2019\\\/04\\\/people-3120717_640.jpg\",\"@id\":\"https:\\\/\\\/allasorias.hu\\\/hirek\\\/kedvezo-szabalyozas-a-munka-es-a-csaladi-elet-osszhangjaban\\\/#mainImage\",\"width\":640,\"height\":426},\"primaryImageOfPage\":{\"@id\":\"https:\\\/\\\/allasorias.hu\\\/hirek\\\/kedvezo-szabalyozas-a-munka-es-a-csaladi-elet-osszhangjaban\\\/#mainImage\"},\"datePublished\":\"2019-04-05T08:25:46+02:00\",\"dateModified\":\"2019-04-05T08:25:46+02:00\"},{\"@type\":\"WebSite\",\"@id\":\"https:\\\/\\\/allasorias.hu\\\/hirek\\\/#website\",\"url\":\"https:\\\/\\\/allasorias.hu\\\/hirek\\\/\",\"name\":\"AllasOrias.hu | H\\u00edrek-lapszemle\",\"description\":\"\\u00dczleti h\\u00edrek az \\u00e1ll\\u00e1s \\u00e9s a munka vil\\u00e1g\\u00e1b\\u00f3l\",\"inLanguage\":\"hu-HU\",\"publisher\":{\"@id\":\"https:\\\/\\\/allasorias.hu\\\/hirek\\\/#organization\"}}]}\n\t\t<\/script>\n\t\t<!-- All in One SEO -->\n\n","aioseo_head_json":{"title":"Kedvez\u0151 szab\u00e1lyoz\u00e1s a munka \u00e9s a csal\u00e1di \u00e9let \u00f6sszhangj\u00e1ban | AllasOrias.hu | H\u00edrek-lapszemle","description":"Az Eur\u00f3pai Parlament pozit\u00edv szab\u00e1lyoz\u00e1sokat fogadott el, amelyek seg\u00edtik a munka \u00e9s a csal\u00e1di \u00e9let \u00f6sszeegyeztet\u00e9s\u00e9t. Az ap\u00e1knak vagy a vel\u00fck egyenrang\u00fa t\u00e1rssz\u00fcl\u0151knek legal\u00e1bb 10 munkanapos apas\u00e1gi szabads\u00e1got kell biztos\u00edtani gyermek\u00fck sz\u00fclet\u00e9se, \u00f6r\u00f6kbe fogad\u00e1s\u00e1nak id\u0151szak\u00e1ban vagy halva sz\u00fclet\u00e9se eset\u00e9n. Magyarorsz\u00e1gon jelenleg 5 nap az apas\u00e1gi szabads\u00e1g id\u0151tartama. Mindezek mellett alanyi jogon, mindk\u00e9t sz\u00fcl\u0151nek k\u00e9t h\u00f3napnyi,","canonical_url":"https:\/\/allasorias.hu\/hirek\/kedvezo-szabalyozas-a-munka-es-a-csaladi-elet-osszhangjaban\/","robots":"max-image-preview:large","keywords":"","webmasterTools":{"miscellaneous":""},"schema":{"@context":"https:\/\/schema.org","@graph":[{"@type":"Article","@id":"https:\/\/allasorias.hu\/hirek\/kedvezo-szabalyozas-a-munka-es-a-csaladi-elet-osszhangjaban\/#article","name":"Kedvez\u0151 szab\u00e1lyoz\u00e1s a munka \u00e9s a csal\u00e1di \u00e9let \u00f6sszhangj\u00e1ban | AllasOrias.hu | H\u00edrek-lapszemle","headline":"Kedvez\u0151 szab\u00e1lyoz\u00e1s a munka \u00e9s a csal\u00e1di \u00e9let \u00f6sszhangj\u00e1ban","author":{"@id":"https:\/\/allasorias.hu\/hirek\/author\/admin-allasorias\/#author"},"publisher":{"@id":"https:\/\/allasorias.hu\/hirek\/#organization"},"image":{"@type":"ImageObject","url":"https:\/\/allasorias.hu\/hirek\/wp-content\/uploads\/2019\/04\/people-3120717_640.jpg","width":640,"height":426},"datePublished":"2019-04-05T08:25:46+02:00","dateModified":"2019-04-05T08:25:46+02:00","inLanguage":"hu-HU","mainEntityOfPage":{"@id":"https:\/\/allasorias.hu\/hirek\/kedvezo-szabalyozas-a-munka-es-a-csaladi-elet-osszhangjaban\/#webpage"},"isPartOf":{"@id":"https:\/\/allasorias.hu\/hirek\/kedvezo-szabalyozas-a-munka-es-a-csaladi-elet-osszhangjaban\/#webpage"},"articleSection":"Gazdas\u00e1g, Munkaer\u0151piac"},{"@type":"BreadcrumbList","@id":"https:\/\/allasorias.hu\/hirek\/kedvezo-szabalyozas-a-munka-es-a-csaladi-elet-osszhangjaban\/#breadcrumblist","itemListElement":[{"@type":"ListItem","@id":"https:\/\/allasorias.hu\/hirek#listItem","position":1,"name":"Home","item":"https:\/\/allasorias.hu\/hirek","nextItem":{"@type":"ListItem","@id":"https:\/\/allasorias.hu\/hirek\/temak\/gazdasag\/#listItem","name":"Gazdas\u00e1g"}},{"@type":"ListItem","@id":"https:\/\/allasorias.hu\/hirek\/temak\/gazdasag\/#listItem","position":2,"name":"Gazdas\u00e1g","item":"https:\/\/allasorias.hu\/hirek\/temak\/gazdasag\/","nextItem":{"@type":"ListItem","@id":"https:\/\/allasorias.hu\/hirek\/kedvezo-szabalyozas-a-munka-es-a-csaladi-elet-osszhangjaban\/#listItem","name":"Kedvez\u0151 szab\u00e1lyoz\u00e1s a munka \u00e9s a csal\u00e1di \u00e9let \u00f6sszhangj\u00e1ban"},"previousItem":{"@type":"ListItem","@id":"https:\/\/allasorias.hu\/hirek#listItem","name":"Home"}},{"@type":"ListItem","@id":"https:\/\/allasorias.hu\/hirek\/kedvezo-szabalyozas-a-munka-es-a-csaladi-elet-osszhangjaban\/#listItem","position":3,"name":"Kedvez\u0151 szab\u00e1lyoz\u00e1s a munka \u00e9s a csal\u00e1di \u00e9let \u00f6sszhangj\u00e1ban","previousItem":{"@type":"ListItem","@id":"https:\/\/allasorias.hu\/hirek\/temak\/gazdasag\/#listItem","name":"Gazdas\u00e1g"}}]},{"@type":"Organization","@id":"https:\/\/allasorias.hu\/hirek\/#organization","name":"AllasOrias.hu | H\u00edrek-lapszemle","description":"\u00dczleti h\u00edrek az \u00e1ll\u00e1s \u00e9s a munka vil\u00e1g\u00e1b\u00f3l","url":"https:\/\/allasorias.hu\/hirek\/","logo":{"@type":"ImageObject","url":"https:\/\/allasorias.hu\/hirek\/wp-content\/uploads\/2022\/10\/allasorias_site_facebok_logo.png","@id":"https:\/\/allasorias.hu\/hirek\/kedvezo-szabalyozas-a-munka-es-a-csaladi-elet-osszhangjaban\/#organizationLogo"},"image":{"@id":"https:\/\/allasorias.hu\/hirek\/kedvezo-szabalyozas-a-munka-es-a-csaladi-elet-osszhangjaban\/#organizationLogo"},"sameAs":["https:\/\/www.facebook.com\/allasorias","https:\/\/www.linkedin.com\/company\/allasorias"]},{"@type":"Person","@id":"https:\/\/allasorias.hu\/hirek\/author\/admin-allasorias\/#author","url":"https:\/\/allasorias.hu\/hirek\/author\/admin-allasorias\/","name":"Juh\u00e1sz P\u00e9ter","image":{"@type":"ImageObject","@id":"https:\/\/allasorias.hu\/hirek\/kedvezo-szabalyozas-a-munka-es-a-csaladi-elet-osszhangjaban\/#authorImage","url":"https:\/\/secure.gravatar.com\/avatar\/36e6bcb83148978b992977cb0f54d22feb0cce8a0a849a9410532bb2623ba4c6?s=96&d=mm&r=g","width":96,"height":96,"caption":"Juh\u00e1sz P\u00e9ter"}},{"@type":"WebPage","@id":"https:\/\/allasorias.hu\/hirek\/kedvezo-szabalyozas-a-munka-es-a-csaladi-elet-osszhangjaban\/#webpage","url":"https:\/\/allasorias.hu\/hirek\/kedvezo-szabalyozas-a-munka-es-a-csaladi-elet-osszhangjaban\/","name":"Kedvez\u0151 szab\u00e1lyoz\u00e1s a munka \u00e9s a csal\u00e1di \u00e9let \u00f6sszhangj\u00e1ban | AllasOrias.hu | H\u00edrek-lapszemle","description":"Az Eur\u00f3pai Parlament pozit\u00edv szab\u00e1lyoz\u00e1sokat fogadott el, amelyek seg\u00edtik a munka \u00e9s a csal\u00e1di \u00e9let \u00f6sszeegyeztet\u00e9s\u00e9t. Az ap\u00e1knak vagy a vel\u00fck egyenrang\u00fa t\u00e1rssz\u00fcl\u0151knek legal\u00e1bb 10 munkanapos apas\u00e1gi szabads\u00e1got kell biztos\u00edtani gyermek\u00fck sz\u00fclet\u00e9se, \u00f6r\u00f6kbe fogad\u00e1s\u00e1nak id\u0151szak\u00e1ban vagy halva sz\u00fclet\u00e9se eset\u00e9n. Magyarorsz\u00e1gon jelenleg 5 nap az apas\u00e1gi szabads\u00e1g id\u0151tartama. Mindezek mellett alanyi jogon, mindk\u00e9t sz\u00fcl\u0151nek k\u00e9t h\u00f3napnyi,","inLanguage":"hu-HU","isPartOf":{"@id":"https:\/\/allasorias.hu\/hirek\/#website"},"breadcrumb":{"@id":"https:\/\/allasorias.hu\/hirek\/kedvezo-szabalyozas-a-munka-es-a-csaladi-elet-osszhangjaban\/#breadcrumblist"},"author":{"@id":"https:\/\/allasorias.hu\/hirek\/author\/admin-allasorias\/#author"},"creator":{"@id":"https:\/\/allasorias.hu\/hirek\/author\/admin-allasorias\/#author"},"image":{"@type":"ImageObject","url":"https:\/\/allasorias.hu\/hirek\/wp-content\/uploads\/2019\/04\/people-3120717_640.jpg","@id":"https:\/\/allasorias.hu\/hirek\/kedvezo-szabalyozas-a-munka-es-a-csaladi-elet-osszhangjaban\/#mainImage","width":640,"height":426},"primaryImageOfPage":{"@id":"https:\/\/allasorias.hu\/hirek\/kedvezo-szabalyozas-a-munka-es-a-csaladi-elet-osszhangjaban\/#mainImage"},"datePublished":"2019-04-05T08:25:46+02:00","dateModified":"2019-04-05T08:25:46+02:00"},{"@type":"WebSite","@id":"https:\/\/allasorias.hu\/hirek\/#website","url":"https:\/\/allasorias.hu\/hirek\/","name":"AllasOrias.hu | H\u00edrek-lapszemle","description":"\u00dczleti h\u00edrek az \u00e1ll\u00e1s \u00e9s a munka vil\u00e1g\u00e1b\u00f3l","inLanguage":"hu-HU","publisher":{"@id":"https:\/\/allasorias.hu\/hirek\/#organization"}}]},"og:locale":"hu_HU","og:site_name":"AllasOrias.hu | H\u00edrek-lapszemle | \u00dczleti h\u00edrek az \u00e1ll\u00e1s \u00e9s a munka vil\u00e1g\u00e1b\u00f3l","og:type":"article","og:title":"Kedvez\u0151 szab\u00e1lyoz\u00e1s a munka \u00e9s a csal\u00e1di \u00e9let \u00f6sszhangj\u00e1ban | AllasOrias.hu | H\u00edrek-lapszemle","og:description":"Az Eur\u00f3pai Parlament pozit\u00edv szab\u00e1lyoz\u00e1sokat fogadott el, amelyek seg\u00edtik a munka \u00e9s a csal\u00e1di \u00e9let \u00f6sszeegyeztet\u00e9s\u00e9t. Az ap\u00e1knak vagy a vel\u00fck egyenrang\u00fa t\u00e1rssz\u00fcl\u0151knek legal\u00e1bb 10 munkanapos apas\u00e1gi szabads\u00e1got kell biztos\u00edtani gyermek\u00fck sz\u00fclet\u00e9se, \u00f6r\u00f6kbe fogad\u00e1s\u00e1nak id\u0151szak\u00e1ban vagy halva sz\u00fclet\u00e9se eset\u00e9n. Magyarorsz\u00e1gon jelenleg 5 nap az apas\u00e1gi szabads\u00e1g id\u0151tartama. Mindezek mellett alanyi jogon, mindk\u00e9t sz\u00fcl\u0151nek k\u00e9t h\u00f3napnyi,","og:url":"https:\/\/allasorias.hu\/hirek\/kedvezo-szabalyozas-a-munka-es-a-csaladi-elet-osszhangjaban\/","og:image":"https:\/\/allasorias.hu\/hirek\/wp-content\/uploads\/2019\/04\/people-3120717_640.jpg","og:image:secure_url":"https:\/\/allasorias.hu\/hirek\/wp-content\/uploads\/2019\/04\/people-3120717_640.jpg","og:image:width":640,"og:image:height":426,"article:published_time":"2019-04-05T08:25:46+00:00","article:modified_time":"2019-04-05T08:25:46+00:00","article:publisher":"https:\/\/www.facebook.com\/allasorias","twitter:card":"summary_large_image","twitter:title":"Kedvez\u0151 szab\u00e1lyoz\u00e1s a munka \u00e9s a csal\u00e1di \u00e9let \u00f6sszhangj\u00e1ban | AllasOrias.hu | H\u00edrek-lapszemle","twitter:description":"Az Eur\u00f3pai Parlament pozit\u00edv szab\u00e1lyoz\u00e1sokat fogadott el, amelyek seg\u00edtik a munka \u00e9s a csal\u00e1di \u00e9let \u00f6sszeegyeztet\u00e9s\u00e9t. Az ap\u00e1knak vagy a vel\u00fck egyenrang\u00fa t\u00e1rssz\u00fcl\u0151knek legal\u00e1bb 10 munkanapos apas\u00e1gi szabads\u00e1got kell biztos\u00edtani gyermek\u00fck sz\u00fclet\u00e9se, \u00f6r\u00f6kbe fogad\u00e1s\u00e1nak id\u0151szak\u00e1ban vagy halva sz\u00fclet\u00e9se eset\u00e9n. Magyarorsz\u00e1gon jelenleg 5 nap az apas\u00e1gi szabads\u00e1g id\u0151tartama. Mindezek mellett alanyi jogon, mindk\u00e9t sz\u00fcl\u0151nek k\u00e9t h\u00f3napnyi,","twitter:image":"https:\/\/allasorias.hu\/hirek\/wp-content\/uploads\/2019\/04\/people-3120717_640.jpg","twitter:label1":"Written by","twitter:data1":"Juh\u00e1sz P\u00e9ter","twitter:label2":"Est. reading time","twitter:data2":"3 minutes"},"aioseo_meta_data":{"post_id":"2749","title":null,"description":null,"keywords":null,"keyphrases":null,"primary_term":null,"canonical_url":null,"og_title":null,"og_description":null,"og_object_type":"default","og_image_type":"default","og_image_url":null,"og_image_width":null,"og_image_height":null,"og_image_custom_url":null,"og_image_custom_fields":null,"og_video":null,"og_custom_url":null,"og_article_section":null,"og_article_tags":null,"twitter_use_og":false,"twitter_card":"default","twitter_image_type":"default","twitter_image_url":null,"twitter_image_custom_url":null,"twitter_image_custom_fields":null,"twitter_title":null,"twitter_description":null,"schema":{"blockGraphs":[],"customGraphs":[],"default":{"data":{"Article":[],"Course":[],"Dataset":[],"FAQPage":[],"Movie":[],"Person":[],"Product":[],"ProductReview":[],"Car":[],"Recipe":[],"Service":[],"SoftwareApplication":[],"WebPage":[]},"graphName":"","isEnabled":true},"graphs":[]},"schema_type":null,"schema_type_options":null,"pillar_content":false,"robots_default":true,"robots_noindex":false,"robots_noarchive":false,"robots_nosnippet":false,"robots_nofollow":false,"robots_noimageindex":false,"robots_noodp":false,"robots_notranslate":false,"robots_max_snippet":null,"robots_max_videopreview":null,"robots_max_imagepreview":"large","priority":null,"frequency":null,"location":null,"local_seo":null,"breadcrumb_settings":null,"limit_modified_date":false,"ai":null,"created":"2021-02-01 21:13:46","updated":"2025-10-02 10:50:28","seo_analyzer_scan_date":null,"focus_keyword":null,"additional_keywords":null,"truseo_locale":null},"aioseo_breadcrumb":"<div class=\"aioseo-breadcrumbs\"><span class=\"aioseo-breadcrumb\">\n\t\t\t<a href=\"https:\/\/allasorias.hu\/hirek\" title=\"Home\">Home<\/a>\n\t\t<\/span><span class=\"aioseo-breadcrumb-separator\">&raquo;<\/span><span class=\"aioseo-breadcrumb\">\n\t\t\t<a href=\"https:\/\/allasorias.hu\/hirek\/temak\/gazdasag\/\" title=\"Gazdas\u00e1g\">Gazdas\u00e1g<\/a>\n\t\t<\/span><span class=\"aioseo-breadcrumb-separator\">&raquo;<\/span><span class=\"aioseo-breadcrumb\">\n\t\t\tKedvez\u0151 szab\u00e1lyoz\u00e1s a munka \u00e9s a csal\u00e1di \u00e9let \u00f6sszhangj\u00e1ban\n\t\t<\/span><\/div>","aioseo_breadcrumb_json":[{"label":"Home","link":"https:\/\/allasorias.hu\/hirek"},{"label":"Gazdas\u00e1g","link":"https:\/\/allasorias.hu\/hirek\/temak\/gazdasag\/"},{"label":"Kedvez\u0151 szab\u00e1lyoz\u00e1s a munka \u00e9s a csal\u00e1di \u00e9let \u00f6sszhangj\u00e1ban","link":"https:\/\/allasorias.hu\/hirek\/kedvezo-szabalyozas-a-munka-es-a-csaladi-elet-osszhangjaban\/"}],"_links":{"self":[{"href":"https:\/\/allasorias.hu\/hirek\/wp-json\/wp\/v2\/posts\/2749","targetHints":{"allow":["GET"]}}],"collection":[{"href":"https:\/\/allasorias.hu\/hirek\/wp-json\/wp\/v2\/posts"}],"about":[{"href":"https:\/\/allasorias.hu\/hirek\/wp-json\/wp\/v2\/types\/post"}],"author":[{"embeddable":true,"href":"https:\/\/allasorias.hu\/hirek\/wp-json\/wp\/v2\/users\/1"}],"replies":[{"embeddable":true,"href":"https:\/\/allasorias.hu\/hirek\/wp-json\/wp\/v2\/comments?post=2749"}],"version-history":[{"count":1,"href":"https:\/\/allasorias.hu\/hirek\/wp-json\/wp\/v2\/posts\/2749\/revisions"}],"predecessor-version":[{"id":2751,"href":"https:\/\/allasorias.hu\/hirek\/wp-json\/wp\/v2\/posts\/2749\/revisions\/2751"}],"wp:featuredmedia":[{"embeddable":true,"href":"https:\/\/allasorias.hu\/hirek\/wp-json\/wp\/v2\/media\/2750"}],"wp:attachment":[{"href":"https:\/\/allasorias.hu\/hirek\/wp-json\/wp\/v2\/media?parent=2749"}],"wp:term":[{"taxonomy":"category","embeddable":true,"href":"https:\/\/allasorias.hu\/hirek\/wp-json\/wp\/v2\/categories?post=2749"},{"taxonomy":"post_tag","embeddable":true,"href":"https:\/\/allasorias.hu\/hirek\/wp-json\/wp\/v2\/tags?post=2749"}],"curies":[{"name":"wp","href":"https:\/\/api.w.org\/{rel}","templated":true}]}}