{"id":2739,"date":"2019-04-04T08:52:45","date_gmt":"2019-04-04T08:52:45","guid":{"rendered":"https:\/\/allasorias.hu\/hirek\/?p=2739"},"modified":"2019-04-04T08:54:09","modified_gmt":"2019-04-04T08:54:09","slug":"kontenervarosban-lako-vendegmunkasok-tiszaujvarosban","status":"publish","type":"post","link":"https:\/\/allasorias.hu\/hirek\/kontenervarosban-lako-vendegmunkasok-tiszaujvarosban\/","title":{"rendered":"Kont\u00e9nerv\u00e1rosban lak\u00f3 vend\u00e9gmunk\u00e1sok Tisza\u00fajv\u00e1rosban?"},"content":{"rendered":"<p><strong>Elterjedt a h\u00edr, hogy t\u00f6bb ezer t\u00f6r\u00f6k vend\u00e9gmunk\u00e1s \u00e9p\u00edti majd a MOL \u00faj \u00fczem\u00e9t Tisza\u00fajv\u00e1rosban. Jakab P\u00e9ter, a Jobbik frakci\u00f3vezet\u0151-helyettese k\u00e9rdezte Bod\u00f3 S\u00e1ndor \u00e1llamtitk\u00e1rt, hogy igaz-e a h\u00edr, miszerint \u00a03000 t\u00f6r\u00f6k vend\u00e9gmunk\u00e1s \u00e9rkezik Tisza\u00fajv\u00e1rosba a Mol \u00faj \u00fczem\u00e9nek \u00e9p\u00edt\u00e9s\u00e9re. Az \u00e1llamtitk\u00e1r azt mondta, csak akkor j\u00f6nnek harmadik orsz\u00e1gb\u00f3l munkav\u00e1llal\u00f3k, ha ugyanarra a poz\u00edci\u00f3ra nincsenek EU-s jelentkez\u0151k. <\/strong><\/p>\n<p>Az \u00c1tl\u00e1tsz\u00f3 megkereste a Molt, ahonnan azt a v\u00e1laszt kapta, hogy a projekt a cs\u00facsid\u0151szakban val\u00f3ban megk\u00f6zel\u00edt\u0151leg 3000 munk\u00e1st fog foglalkoztatni. 2030-ig sz\u00f3l\u00f3 strat\u00e9gi\u00e1jukban ugyanis v\u00e1llalt\u00e1k, hogy 4,5 milli\u00e1rd doll\u00e1r \u00e9rt\u00e9kben petrolk\u00e9miai beruh\u00e1z\u00e1sokat hajtanak v\u00e9gre, jelent\u0151s r\u00e9szben Borsod-Aba\u00faj-Zempl\u00e9n megy\u00e9ben. Azt \u00edrt\u00e1k: c\u00e9lunk, hogy l\u00e9trehozzuk Kelet-K\u00f6z\u00e9p-Eur\u00f3pa legnagyobb vegyipari komplexum\u00e1t. E fejleszt\u00e9si strat\u00e9gia egyik m\u00e9rf\u00f6ldk\u00f6ve a 2021-ig megval\u00f3sul\u00f3 Poliol Projekt, ami c\u00e9gcsoportunk legnagyobb organikus beruh\u00e1z\u00e1sa, \u00e9s \u00f6sszess\u00e9g\u00e9ben k\u00f6zel 1,2 milli\u00e1rd eur\u00f3ba ker\u00fcl. A Mol-csoport t\u00f6rt\u00e9net\u00e9nek legnagyobb beruh\u00e1z\u00e1s\u00e1r\u00f3l van sz\u00f3, amit saj\u00e1t er\u0151b\u0151l hajt v\u00e9gre, \u00e9s amelynek m\u00e9rete region\u00e1lis szinten is kimagasl\u00f3. Ehhez mobil lak\u00f3parkot is \u00e9p\u00edtenek a v\u00e1rosban, hogy a k\u00fclf\u00f6ldi munk\u00e1soknak legyen hol lakniuk. A Mol a k\u00fclf\u00f6ldiek alkalmaz\u00e1s\u00e1t azzal indokolta, hogy \u201ea magyar kivitelez\u0151i kapacit\u00e1sok jelenleg k\u00fcl\u00f6n\u00f6sen korl\u00e1tozottak\u201d. A c\u00e9g a beruh\u00e1z\u00e1s\u00e1val p\u00e1rhuzamosan fokozott biztons\u00e1gi int\u00e9zked\u00e9seket is hoz, k\u00f6z\u00f6sen Tisza\u00fajv\u00e1ros vezet\u00e9s\u00e9vel: a v\u00e1ros bevezet\u0151 \u00fatjaira kamer\u00e1kat telep\u00edtenek, \u00e9s t\u00f6bb lesz a rend\u0151r is a k\u00f6rny\u00e9ken.<\/p>\n<p>Forr\u00e1s: hvg.hu<\/p>\n","protected":false},"excerpt":{"rendered":"<p>Elterjedt a h\u00edr, hogy t\u00f6bb ezer t\u00f6r\u00f6k vend\u00e9gmunk\u00e1s \u00e9p\u00edti majd a MOL \u00faj \u00fczem\u00e9t Tisza\u00fajv\u00e1rosban. Jakab P\u00e9ter, a Jobbik frakci\u00f3vezet\u0151-helyettese k\u00e9rdezte Bod\u00f3 S\u00e1ndor \u00e1llamtitk\u00e1rt, hogy igaz-e a h\u00edr, miszerint \u00a03000 t\u00f6r\u00f6k vend\u00e9gmunk\u00e1s \u00e9rkezik Tisza\u00fajv\u00e1rosba a Mol \u00faj \u00fczem\u00e9nek \u00e9p\u00edt\u00e9s\u00e9re. Az \u00e1llamtitk\u00e1r azt mondta, csak akkor j\u00f6nnek harmadik orsz\u00e1gb\u00f3l munkav\u00e1llal\u00f3k, ha ugyanarra a poz\u00edci\u00f3ra nincsenek EU-s [&hellip;]<\/p>\n","protected":false},"author":1,"featured_media":2735,"comment_status":"open","ping_status":"open","sticky":false,"template":"","format":"standard","meta":{"_monsterinsights_skip_tracking":false,"footnotes":""},"categories":[198,201,200],"tags":[],"class_list":["post-2739","post","type-post","status-publish","format-standard","has-post-thumbnail","hentry","category-gazdasag","category-kulfold","category-munkaeropiac"],"aioseo_notices":[],"aioseo_head":"\n\t\t<!-- All in One SEO 5.0.0.1 - aioseo.com -->\n\t<meta name=\"description\" content=\"Elterjedt a h\u00edr, hogy t\u00f6bb ezer t\u00f6r\u00f6k vend\u00e9gmunk\u00e1s \u00e9p\u00edti majd a MOL \u00faj \u00fczem\u00e9t Tisza\u00fajv\u00e1rosban. Jakab P\u00e9ter, a Jobbik frakci\u00f3vezet\u0151-helyettese k\u00e9rdezte Bod\u00f3 S\u00e1ndor \u00e1llamtitk\u00e1rt, hogy igaz-e a h\u00edr, miszerint 3000 t\u00f6r\u00f6k vend\u00e9gmunk\u00e1s \u00e9rkezik Tisza\u00fajv\u00e1rosba a Mol \u00faj \u00fczem\u00e9nek \u00e9p\u00edt\u00e9s\u00e9re. Az \u00e1llamtitk\u00e1r azt mondta, csak akkor j\u00f6nnek harmadik orsz\u00e1gb\u00f3l munkav\u00e1llal\u00f3k, ha ugyanarra a poz\u00edci\u00f3ra nincsenek EU-s\" \/>\n\t<meta name=\"robots\" content=\"max-image-preview:large\" \/>\n\t<meta name=\"author\" content=\"Juh\u00e1sz P\u00e9ter\"\/>\n\t<link rel=\"canonical\" href=\"https:\/\/allasorias.hu\/hirek\/kontenervarosban-lako-vendegmunkasok-tiszaujvarosban\/\" \/>\n\t<meta name=\"generator\" content=\"All in One SEO (AIOSEO) 5.0.0.1\" \/>\n\t\t<meta property=\"og:locale\" content=\"hu_HU\" \/>\n\t\t<meta property=\"og:site_name\" content=\"AllasOrias.hu | H\u00edrek-lapszemle | \u00dczleti h\u00edrek az \u00e1ll\u00e1s \u00e9s a munka vil\u00e1g\u00e1b\u00f3l\" \/>\n\t\t<meta property=\"og:type\" content=\"article\" \/>\n\t\t<meta property=\"og:title\" content=\"Kont\u00e9nerv\u00e1rosban lak\u00f3 vend\u00e9gmunk\u00e1sok Tisza\u00fajv\u00e1rosban? | AllasOrias.hu | H\u00edrek-lapszemle\" \/>\n\t\t<meta property=\"og:description\" content=\"Elterjedt a h\u00edr, hogy t\u00f6bb ezer t\u00f6r\u00f6k vend\u00e9gmunk\u00e1s \u00e9p\u00edti majd a MOL \u00faj \u00fczem\u00e9t Tisza\u00fajv\u00e1rosban. Jakab P\u00e9ter, a Jobbik frakci\u00f3vezet\u0151-helyettese k\u00e9rdezte Bod\u00f3 S\u00e1ndor \u00e1llamtitk\u00e1rt, hogy igaz-e a h\u00edr, miszerint 3000 t\u00f6r\u00f6k vend\u00e9gmunk\u00e1s \u00e9rkezik Tisza\u00fajv\u00e1rosba a Mol \u00faj \u00fczem\u00e9nek \u00e9p\u00edt\u00e9s\u00e9re. Az \u00e1llamtitk\u00e1r azt mondta, csak akkor j\u00f6nnek harmadik orsz\u00e1gb\u00f3l munkav\u00e1llal\u00f3k, ha ugyanarra a poz\u00edci\u00f3ra nincsenek EU-s\" \/>\n\t\t<meta property=\"og:url\" content=\"https:\/\/allasorias.hu\/hirek\/kontenervarosban-lako-vendegmunkasok-tiszaujvarosban\/\" \/>\n\t\t<meta property=\"og:image\" content=\"https:\/\/allasorias.hu\/hirek\/wp-content\/uploads\/2019\/04\/active-adults-bars-583392-1.jpg\" \/>\n\t\t<meta property=\"og:image:secure_url\" content=\"https:\/\/allasorias.hu\/hirek\/wp-content\/uploads\/2019\/04\/active-adults-bars-583392-1.jpg\" \/>\n\t\t<meta property=\"og:image:width\" content=\"1280\" \/>\n\t\t<meta property=\"og:image:height\" content=\"738\" \/>\n\t\t<meta property=\"article:published_time\" content=\"2019-04-04T08:52:45+00:00\" \/>\n\t\t<meta property=\"article:modified_time\" content=\"2019-04-04T08:54:09+00:00\" \/>\n\t\t<meta property=\"article:publisher\" content=\"https:\/\/www.facebook.com\/allasorias\" \/>\n\t\t<meta name=\"twitter:card\" content=\"summary_large_image\" \/>\n\t\t<meta name=\"twitter:title\" content=\"Kont\u00e9nerv\u00e1rosban lak\u00f3 vend\u00e9gmunk\u00e1sok Tisza\u00fajv\u00e1rosban? | AllasOrias.hu | H\u00edrek-lapszemle\" \/>\n\t\t<meta name=\"twitter:description\" content=\"Elterjedt a h\u00edr, hogy t\u00f6bb ezer t\u00f6r\u00f6k vend\u00e9gmunk\u00e1s \u00e9p\u00edti majd a MOL \u00faj \u00fczem\u00e9t Tisza\u00fajv\u00e1rosban. Jakab P\u00e9ter, a Jobbik frakci\u00f3vezet\u0151-helyettese k\u00e9rdezte Bod\u00f3 S\u00e1ndor \u00e1llamtitk\u00e1rt, hogy igaz-e a h\u00edr, miszerint 3000 t\u00f6r\u00f6k vend\u00e9gmunk\u00e1s \u00e9rkezik Tisza\u00fajv\u00e1rosba a Mol \u00faj \u00fczem\u00e9nek \u00e9p\u00edt\u00e9s\u00e9re. Az \u00e1llamtitk\u00e1r azt mondta, csak akkor j\u00f6nnek harmadik orsz\u00e1gb\u00f3l munkav\u00e1llal\u00f3k, ha ugyanarra a poz\u00edci\u00f3ra nincsenek EU-s\" \/>\n\t\t<meta name=\"twitter:image\" content=\"https:\/\/allasorias.hu\/hirek\/wp-content\/uploads\/2019\/04\/active-adults-bars-583392-1.jpg\" \/>\n\t\t<meta name=\"twitter:label1\" content=\"Written by\" \/>\n\t\t<meta name=\"twitter:data1\" content=\"Juh\u00e1sz P\u00e9ter\" \/>\n\t\t<meta name=\"twitter:label2\" content=\"Est. reading time\" \/>\n\t\t<meta name=\"twitter:data2\" content=\"2 minutes\" \/>\n\t\t<script type=\"application\/ld+json\" class=\"aioseo-schema\">\n\t\t\t{\"@context\":\"https:\\\/\\\/schema.org\",\"@graph\":[{\"@type\":\"Article\",\"@id\":\"https:\\\/\\\/allasorias.hu\\\/hirek\\\/kontenervarosban-lako-vendegmunkasok-tiszaujvarosban\\\/#article\",\"name\":\"Kont\\u00e9nerv\\u00e1rosban lak\\u00f3 vend\\u00e9gmunk\\u00e1sok Tisza\\u00fajv\\u00e1rosban? | AllasOrias.hu | H\\u00edrek-lapszemle\",\"headline\":\"Kont\\u00e9nerv\\u00e1rosban lak\\u00f3 vend\\u00e9gmunk\\u00e1sok Tisza\\u00fajv\\u00e1rosban?\",\"author\":{\"@id\":\"https:\\\/\\\/allasorias.hu\\\/hirek\\\/author\\\/admin-allasorias\\\/#author\"},\"publisher\":{\"@id\":\"https:\\\/\\\/allasorias.hu\\\/hirek\\\/#organization\"},\"image\":{\"@type\":\"ImageObject\",\"url\":\"https:\\\/\\\/allasorias.hu\\\/hirek\\\/wp-content\\\/uploads\\\/2019\\\/04\\\/active-adults-bars-583392-1.jpg\",\"width\":1280,\"height\":738},\"datePublished\":\"2019-04-04T08:52:45+02:00\",\"dateModified\":\"2019-04-04T08:54:09+02:00\",\"inLanguage\":\"hu-HU\",\"mainEntityOfPage\":{\"@id\":\"https:\\\/\\\/allasorias.hu\\\/hirek\\\/kontenervarosban-lako-vendegmunkasok-tiszaujvarosban\\\/#webpage\"},\"isPartOf\":{\"@id\":\"https:\\\/\\\/allasorias.hu\\\/hirek\\\/kontenervarosban-lako-vendegmunkasok-tiszaujvarosban\\\/#webpage\"},\"articleSection\":\"Gazdas\\u00e1g, K\\u00fclf\\u00f6ld, Munkaer\\u0151piac\"},{\"@type\":\"BreadcrumbList\",\"@id\":\"https:\\\/\\\/allasorias.hu\\\/hirek\\\/kontenervarosban-lako-vendegmunkasok-tiszaujvarosban\\\/#breadcrumblist\",\"itemListElement\":[{\"@type\":\"ListItem\",\"@id\":\"https:\\\/\\\/allasorias.hu\\\/hirek#listItem\",\"position\":1,\"name\":\"Home\",\"item\":\"https:\\\/\\\/allasorias.hu\\\/hirek\",\"nextItem\":{\"@type\":\"ListItem\",\"@id\":\"https:\\\/\\\/allasorias.hu\\\/hirek\\\/temak\\\/gazdasag\\\/#listItem\",\"name\":\"Gazdas\\u00e1g\"}},{\"@type\":\"ListItem\",\"@id\":\"https:\\\/\\\/allasorias.hu\\\/hirek\\\/temak\\\/gazdasag\\\/#listItem\",\"position\":2,\"name\":\"Gazdas\\u00e1g\",\"item\":\"https:\\\/\\\/allasorias.hu\\\/hirek\\\/temak\\\/gazdasag\\\/\",\"nextItem\":{\"@type\":\"ListItem\",\"@id\":\"https:\\\/\\\/allasorias.hu\\\/hirek\\\/kontenervarosban-lako-vendegmunkasok-tiszaujvarosban\\\/#listItem\",\"name\":\"Kont\\u00e9nerv\\u00e1rosban lak\\u00f3 vend\\u00e9gmunk\\u00e1sok Tisza\\u00fajv\\u00e1rosban?\"},\"previousItem\":{\"@type\":\"ListItem\",\"@id\":\"https:\\\/\\\/allasorias.hu\\\/hirek#listItem\",\"name\":\"Home\"}},{\"@type\":\"ListItem\",\"@id\":\"https:\\\/\\\/allasorias.hu\\\/hirek\\\/kontenervarosban-lako-vendegmunkasok-tiszaujvarosban\\\/#listItem\",\"position\":3,\"name\":\"Kont\\u00e9nerv\\u00e1rosban lak\\u00f3 vend\\u00e9gmunk\\u00e1sok Tisza\\u00fajv\\u00e1rosban?\",\"previousItem\":{\"@type\":\"ListItem\",\"@id\":\"https:\\\/\\\/allasorias.hu\\\/hirek\\\/temak\\\/gazdasag\\\/#listItem\",\"name\":\"Gazdas\\u00e1g\"}}]},{\"@type\":\"Organization\",\"@id\":\"https:\\\/\\\/allasorias.hu\\\/hirek\\\/#organization\",\"name\":\"AllasOrias.hu | H\\u00edrek-lapszemle\",\"description\":\"\\u00dczleti h\\u00edrek az \\u00e1ll\\u00e1s \\u00e9s a munka vil\\u00e1g\\u00e1b\\u00f3l\",\"url\":\"https:\\\/\\\/allasorias.hu\\\/hirek\\\/\",\"logo\":{\"@type\":\"ImageObject\",\"url\":\"https:\\\/\\\/allasorias.hu\\\/hirek\\\/wp-content\\\/uploads\\\/2022\\\/10\\\/allasorias_site_facebok_logo.png\",\"@id\":\"https:\\\/\\\/allasorias.hu\\\/hirek\\\/kontenervarosban-lako-vendegmunkasok-tiszaujvarosban\\\/#organizationLogo\"},\"image\":{\"@id\":\"https:\\\/\\\/allasorias.hu\\\/hirek\\\/kontenervarosban-lako-vendegmunkasok-tiszaujvarosban\\\/#organizationLogo\"},\"sameAs\":[\"https:\\\/\\\/www.facebook.com\\\/allasorias\",\"https:\\\/\\\/www.linkedin.com\\\/company\\\/allasorias\"]},{\"@type\":\"Person\",\"@id\":\"https:\\\/\\\/allasorias.hu\\\/hirek\\\/author\\\/admin-allasorias\\\/#author\",\"url\":\"https:\\\/\\\/allasorias.hu\\\/hirek\\\/author\\\/admin-allasorias\\\/\",\"name\":\"Juh\\u00e1sz P\\u00e9ter\",\"image\":{\"@type\":\"ImageObject\",\"@id\":\"https:\\\/\\\/allasorias.hu\\\/hirek\\\/kontenervarosban-lako-vendegmunkasok-tiszaujvarosban\\\/#authorImage\",\"url\":\"https:\\\/\\\/secure.gravatar.com\\\/avatar\\\/36e6bcb83148978b992977cb0f54d22feb0cce8a0a849a9410532bb2623ba4c6?s=96&d=mm&r=g\",\"width\":96,\"height\":96,\"caption\":\"Juh\\u00e1sz P\\u00e9ter\"}},{\"@type\":\"WebPage\",\"@id\":\"https:\\\/\\\/allasorias.hu\\\/hirek\\\/kontenervarosban-lako-vendegmunkasok-tiszaujvarosban\\\/#webpage\",\"url\":\"https:\\\/\\\/allasorias.hu\\\/hirek\\\/kontenervarosban-lako-vendegmunkasok-tiszaujvarosban\\\/\",\"name\":\"Kont\\u00e9nerv\\u00e1rosban lak\\u00f3 vend\\u00e9gmunk\\u00e1sok Tisza\\u00fajv\\u00e1rosban? | AllasOrias.hu | H\\u00edrek-lapszemle\",\"description\":\"Elterjedt a h\\u00edr, hogy t\\u00f6bb ezer t\\u00f6r\\u00f6k vend\\u00e9gmunk\\u00e1s \\u00e9p\\u00edti majd a MOL \\u00faj \\u00fczem\\u00e9t Tisza\\u00fajv\\u00e1rosban. Jakab P\\u00e9ter, a Jobbik frakci\\u00f3vezet\\u0151-helyettese k\\u00e9rdezte Bod\\u00f3 S\\u00e1ndor \\u00e1llamtitk\\u00e1rt, hogy igaz-e a h\\u00edr, miszerint 3000 t\\u00f6r\\u00f6k vend\\u00e9gmunk\\u00e1s \\u00e9rkezik Tisza\\u00fajv\\u00e1rosba a Mol \\u00faj \\u00fczem\\u00e9nek \\u00e9p\\u00edt\\u00e9s\\u00e9re. Az \\u00e1llamtitk\\u00e1r azt mondta, csak akkor j\\u00f6nnek harmadik orsz\\u00e1gb\\u00f3l munkav\\u00e1llal\\u00f3k, ha ugyanarra a poz\\u00edci\\u00f3ra nincsenek EU-s\",\"inLanguage\":\"hu-HU\",\"isPartOf\":{\"@id\":\"https:\\\/\\\/allasorias.hu\\\/hirek\\\/#website\"},\"breadcrumb\":{\"@id\":\"https:\\\/\\\/allasorias.hu\\\/hirek\\\/kontenervarosban-lako-vendegmunkasok-tiszaujvarosban\\\/#breadcrumblist\"},\"author\":{\"@id\":\"https:\\\/\\\/allasorias.hu\\\/hirek\\\/author\\\/admin-allasorias\\\/#author\"},\"creator\":{\"@id\":\"https:\\\/\\\/allasorias.hu\\\/hirek\\\/author\\\/admin-allasorias\\\/#author\"},\"image\":{\"@type\":\"ImageObject\",\"url\":\"https:\\\/\\\/allasorias.hu\\\/hirek\\\/wp-content\\\/uploads\\\/2019\\\/04\\\/active-adults-bars-583392-1.jpg\",\"@id\":\"https:\\\/\\\/allasorias.hu\\\/hirek\\\/kontenervarosban-lako-vendegmunkasok-tiszaujvarosban\\\/#mainImage\",\"width\":1280,\"height\":738},\"primaryImageOfPage\":{\"@id\":\"https:\\\/\\\/allasorias.hu\\\/hirek\\\/kontenervarosban-lako-vendegmunkasok-tiszaujvarosban\\\/#mainImage\"},\"datePublished\":\"2019-04-04T08:52:45+02:00\",\"dateModified\":\"2019-04-04T08:54:09+02:00\"},{\"@type\":\"WebSite\",\"@id\":\"https:\\\/\\\/allasorias.hu\\\/hirek\\\/#website\",\"url\":\"https:\\\/\\\/allasorias.hu\\\/hirek\\\/\",\"name\":\"AllasOrias.hu | H\\u00edrek-lapszemle\",\"description\":\"\\u00dczleti h\\u00edrek az \\u00e1ll\\u00e1s \\u00e9s a munka vil\\u00e1g\\u00e1b\\u00f3l\",\"inLanguage\":\"hu-HU\",\"publisher\":{\"@id\":\"https:\\\/\\\/allasorias.hu\\\/hirek\\\/#organization\"}}]}\n\t\t<\/script>\n\t\t<!-- All in One SEO -->\n\n","aioseo_head_json":{"title":"Kont\u00e9nerv\u00e1rosban lak\u00f3 vend\u00e9gmunk\u00e1sok Tisza\u00fajv\u00e1rosban? | AllasOrias.hu | H\u00edrek-lapszemle","description":"Elterjedt a h\u00edr, hogy t\u00f6bb ezer t\u00f6r\u00f6k vend\u00e9gmunk\u00e1s \u00e9p\u00edti majd a MOL \u00faj \u00fczem\u00e9t Tisza\u00fajv\u00e1rosban. Jakab P\u00e9ter, a Jobbik frakci\u00f3vezet\u0151-helyettese k\u00e9rdezte Bod\u00f3 S\u00e1ndor \u00e1llamtitk\u00e1rt, hogy igaz-e a h\u00edr, miszerint 3000 t\u00f6r\u00f6k vend\u00e9gmunk\u00e1s \u00e9rkezik Tisza\u00fajv\u00e1rosba a Mol \u00faj \u00fczem\u00e9nek \u00e9p\u00edt\u00e9s\u00e9re. Az \u00e1llamtitk\u00e1r azt mondta, csak akkor j\u00f6nnek harmadik orsz\u00e1gb\u00f3l munkav\u00e1llal\u00f3k, ha ugyanarra a poz\u00edci\u00f3ra nincsenek EU-s","canonical_url":"https:\/\/allasorias.hu\/hirek\/kontenervarosban-lako-vendegmunkasok-tiszaujvarosban\/","robots":"max-image-preview:large","keywords":"","webmasterTools":{"miscellaneous":""},"schema":{"@context":"https:\/\/schema.org","@graph":[{"@type":"Article","@id":"https:\/\/allasorias.hu\/hirek\/kontenervarosban-lako-vendegmunkasok-tiszaujvarosban\/#article","name":"Kont\u00e9nerv\u00e1rosban lak\u00f3 vend\u00e9gmunk\u00e1sok Tisza\u00fajv\u00e1rosban? | AllasOrias.hu | H\u00edrek-lapszemle","headline":"Kont\u00e9nerv\u00e1rosban lak\u00f3 vend\u00e9gmunk\u00e1sok Tisza\u00fajv\u00e1rosban?","author":{"@id":"https:\/\/allasorias.hu\/hirek\/author\/admin-allasorias\/#author"},"publisher":{"@id":"https:\/\/allasorias.hu\/hirek\/#organization"},"image":{"@type":"ImageObject","url":"https:\/\/allasorias.hu\/hirek\/wp-content\/uploads\/2019\/04\/active-adults-bars-583392-1.jpg","width":1280,"height":738},"datePublished":"2019-04-04T08:52:45+02:00","dateModified":"2019-04-04T08:54:09+02:00","inLanguage":"hu-HU","mainEntityOfPage":{"@id":"https:\/\/allasorias.hu\/hirek\/kontenervarosban-lako-vendegmunkasok-tiszaujvarosban\/#webpage"},"isPartOf":{"@id":"https:\/\/allasorias.hu\/hirek\/kontenervarosban-lako-vendegmunkasok-tiszaujvarosban\/#webpage"},"articleSection":"Gazdas\u00e1g, K\u00fclf\u00f6ld, Munkaer\u0151piac"},{"@type":"BreadcrumbList","@id":"https:\/\/allasorias.hu\/hirek\/kontenervarosban-lako-vendegmunkasok-tiszaujvarosban\/#breadcrumblist","itemListElement":[{"@type":"ListItem","@id":"https:\/\/allasorias.hu\/hirek#listItem","position":1,"name":"Home","item":"https:\/\/allasorias.hu\/hirek","nextItem":{"@type":"ListItem","@id":"https:\/\/allasorias.hu\/hirek\/temak\/gazdasag\/#listItem","name":"Gazdas\u00e1g"}},{"@type":"ListItem","@id":"https:\/\/allasorias.hu\/hirek\/temak\/gazdasag\/#listItem","position":2,"name":"Gazdas\u00e1g","item":"https:\/\/allasorias.hu\/hirek\/temak\/gazdasag\/","nextItem":{"@type":"ListItem","@id":"https:\/\/allasorias.hu\/hirek\/kontenervarosban-lako-vendegmunkasok-tiszaujvarosban\/#listItem","name":"Kont\u00e9nerv\u00e1rosban lak\u00f3 vend\u00e9gmunk\u00e1sok Tisza\u00fajv\u00e1rosban?"},"previousItem":{"@type":"ListItem","@id":"https:\/\/allasorias.hu\/hirek#listItem","name":"Home"}},{"@type":"ListItem","@id":"https:\/\/allasorias.hu\/hirek\/kontenervarosban-lako-vendegmunkasok-tiszaujvarosban\/#listItem","position":3,"name":"Kont\u00e9nerv\u00e1rosban lak\u00f3 vend\u00e9gmunk\u00e1sok Tisza\u00fajv\u00e1rosban?","previousItem":{"@type":"ListItem","@id":"https:\/\/allasorias.hu\/hirek\/temak\/gazdasag\/#listItem","name":"Gazdas\u00e1g"}}]},{"@type":"Organization","@id":"https:\/\/allasorias.hu\/hirek\/#organization","name":"AllasOrias.hu | H\u00edrek-lapszemle","description":"\u00dczleti h\u00edrek az \u00e1ll\u00e1s \u00e9s a munka vil\u00e1g\u00e1b\u00f3l","url":"https:\/\/allasorias.hu\/hirek\/","logo":{"@type":"ImageObject","url":"https:\/\/allasorias.hu\/hirek\/wp-content\/uploads\/2022\/10\/allasorias_site_facebok_logo.png","@id":"https:\/\/allasorias.hu\/hirek\/kontenervarosban-lako-vendegmunkasok-tiszaujvarosban\/#organizationLogo"},"image":{"@id":"https:\/\/allasorias.hu\/hirek\/kontenervarosban-lako-vendegmunkasok-tiszaujvarosban\/#organizationLogo"},"sameAs":["https:\/\/www.facebook.com\/allasorias","https:\/\/www.linkedin.com\/company\/allasorias"]},{"@type":"Person","@id":"https:\/\/allasorias.hu\/hirek\/author\/admin-allasorias\/#author","url":"https:\/\/allasorias.hu\/hirek\/author\/admin-allasorias\/","name":"Juh\u00e1sz P\u00e9ter","image":{"@type":"ImageObject","@id":"https:\/\/allasorias.hu\/hirek\/kontenervarosban-lako-vendegmunkasok-tiszaujvarosban\/#authorImage","url":"https:\/\/secure.gravatar.com\/avatar\/36e6bcb83148978b992977cb0f54d22feb0cce8a0a849a9410532bb2623ba4c6?s=96&d=mm&r=g","width":96,"height":96,"caption":"Juh\u00e1sz P\u00e9ter"}},{"@type":"WebPage","@id":"https:\/\/allasorias.hu\/hirek\/kontenervarosban-lako-vendegmunkasok-tiszaujvarosban\/#webpage","url":"https:\/\/allasorias.hu\/hirek\/kontenervarosban-lako-vendegmunkasok-tiszaujvarosban\/","name":"Kont\u00e9nerv\u00e1rosban lak\u00f3 vend\u00e9gmunk\u00e1sok Tisza\u00fajv\u00e1rosban? | AllasOrias.hu | H\u00edrek-lapszemle","description":"Elterjedt a h\u00edr, hogy t\u00f6bb ezer t\u00f6r\u00f6k vend\u00e9gmunk\u00e1s \u00e9p\u00edti majd a MOL \u00faj \u00fczem\u00e9t Tisza\u00fajv\u00e1rosban. Jakab P\u00e9ter, a Jobbik frakci\u00f3vezet\u0151-helyettese k\u00e9rdezte Bod\u00f3 S\u00e1ndor \u00e1llamtitk\u00e1rt, hogy igaz-e a h\u00edr, miszerint 3000 t\u00f6r\u00f6k vend\u00e9gmunk\u00e1s \u00e9rkezik Tisza\u00fajv\u00e1rosba a Mol \u00faj \u00fczem\u00e9nek \u00e9p\u00edt\u00e9s\u00e9re. Az \u00e1llamtitk\u00e1r azt mondta, csak akkor j\u00f6nnek harmadik orsz\u00e1gb\u00f3l munkav\u00e1llal\u00f3k, ha ugyanarra a poz\u00edci\u00f3ra nincsenek EU-s","inLanguage":"hu-HU","isPartOf":{"@id":"https:\/\/allasorias.hu\/hirek\/#website"},"breadcrumb":{"@id":"https:\/\/allasorias.hu\/hirek\/kontenervarosban-lako-vendegmunkasok-tiszaujvarosban\/#breadcrumblist"},"author":{"@id":"https:\/\/allasorias.hu\/hirek\/author\/admin-allasorias\/#author"},"creator":{"@id":"https:\/\/allasorias.hu\/hirek\/author\/admin-allasorias\/#author"},"image":{"@type":"ImageObject","url":"https:\/\/allasorias.hu\/hirek\/wp-content\/uploads\/2019\/04\/active-adults-bars-583392-1.jpg","@id":"https:\/\/allasorias.hu\/hirek\/kontenervarosban-lako-vendegmunkasok-tiszaujvarosban\/#mainImage","width":1280,"height":738},"primaryImageOfPage":{"@id":"https:\/\/allasorias.hu\/hirek\/kontenervarosban-lako-vendegmunkasok-tiszaujvarosban\/#mainImage"},"datePublished":"2019-04-04T08:52:45+02:00","dateModified":"2019-04-04T08:54:09+02:00"},{"@type":"WebSite","@id":"https:\/\/allasorias.hu\/hirek\/#website","url":"https:\/\/allasorias.hu\/hirek\/","name":"AllasOrias.hu | H\u00edrek-lapszemle","description":"\u00dczleti h\u00edrek az \u00e1ll\u00e1s \u00e9s a munka vil\u00e1g\u00e1b\u00f3l","inLanguage":"hu-HU","publisher":{"@id":"https:\/\/allasorias.hu\/hirek\/#organization"}}]},"og:locale":"hu_HU","og:site_name":"AllasOrias.hu | H\u00edrek-lapszemle | \u00dczleti h\u00edrek az \u00e1ll\u00e1s \u00e9s a munka vil\u00e1g\u00e1b\u00f3l","og:type":"article","og:title":"Kont\u00e9nerv\u00e1rosban lak\u00f3 vend\u00e9gmunk\u00e1sok Tisza\u00fajv\u00e1rosban? | AllasOrias.hu | H\u00edrek-lapszemle","og:description":"Elterjedt a h\u00edr, hogy t\u00f6bb ezer t\u00f6r\u00f6k vend\u00e9gmunk\u00e1s \u00e9p\u00edti majd a MOL \u00faj \u00fczem\u00e9t Tisza\u00fajv\u00e1rosban. Jakab P\u00e9ter, a Jobbik frakci\u00f3vezet\u0151-helyettese k\u00e9rdezte Bod\u00f3 S\u00e1ndor \u00e1llamtitk\u00e1rt, hogy igaz-e a h\u00edr, miszerint 3000 t\u00f6r\u00f6k vend\u00e9gmunk\u00e1s \u00e9rkezik Tisza\u00fajv\u00e1rosba a Mol \u00faj \u00fczem\u00e9nek \u00e9p\u00edt\u00e9s\u00e9re. Az \u00e1llamtitk\u00e1r azt mondta, csak akkor j\u00f6nnek harmadik orsz\u00e1gb\u00f3l munkav\u00e1llal\u00f3k, ha ugyanarra a poz\u00edci\u00f3ra nincsenek EU-s","og:url":"https:\/\/allasorias.hu\/hirek\/kontenervarosban-lako-vendegmunkasok-tiszaujvarosban\/","og:image":"https:\/\/allasorias.hu\/hirek\/wp-content\/uploads\/2019\/04\/active-adults-bars-583392-1.jpg","og:image:secure_url":"https:\/\/allasorias.hu\/hirek\/wp-content\/uploads\/2019\/04\/active-adults-bars-583392-1.jpg","og:image:width":1280,"og:image:height":738,"article:published_time":"2019-04-04T08:52:45+00:00","article:modified_time":"2019-04-04T08:54:09+00:00","article:publisher":"https:\/\/www.facebook.com\/allasorias","twitter:card":"summary_large_image","twitter:title":"Kont\u00e9nerv\u00e1rosban lak\u00f3 vend\u00e9gmunk\u00e1sok Tisza\u00fajv\u00e1rosban? | AllasOrias.hu | H\u00edrek-lapszemle","twitter:description":"Elterjedt a h\u00edr, hogy t\u00f6bb ezer t\u00f6r\u00f6k vend\u00e9gmunk\u00e1s \u00e9p\u00edti majd a MOL \u00faj \u00fczem\u00e9t Tisza\u00fajv\u00e1rosban. Jakab P\u00e9ter, a Jobbik frakci\u00f3vezet\u0151-helyettese k\u00e9rdezte Bod\u00f3 S\u00e1ndor \u00e1llamtitk\u00e1rt, hogy igaz-e a h\u00edr, miszerint 3000 t\u00f6r\u00f6k vend\u00e9gmunk\u00e1s \u00e9rkezik Tisza\u00fajv\u00e1rosba a Mol \u00faj \u00fczem\u00e9nek \u00e9p\u00edt\u00e9s\u00e9re. Az \u00e1llamtitk\u00e1r azt mondta, csak akkor j\u00f6nnek harmadik orsz\u00e1gb\u00f3l munkav\u00e1llal\u00f3k, ha ugyanarra a poz\u00edci\u00f3ra nincsenek EU-s","twitter:image":"https:\/\/allasorias.hu\/hirek\/wp-content\/uploads\/2019\/04\/active-adults-bars-583392-1.jpg","twitter:label1":"Written by","twitter:data1":"Juh\u00e1sz P\u00e9ter","twitter:label2":"Est. reading time","twitter:data2":"2 minutes"},"aioseo_meta_data":{"post_id":"2739","title":null,"description":null,"keywords":null,"keyphrases":null,"primary_term":null,"canonical_url":null,"og_title":null,"og_description":null,"og_object_type":"default","og_image_type":"default","og_image_url":null,"og_image_width":null,"og_image_height":null,"og_image_custom_url":null,"og_image_custom_fields":null,"og_video":null,"og_custom_url":null,"og_article_section":null,"og_article_tags":null,"twitter_use_og":false,"twitter_card":"default","twitter_image_type":"default","twitter_image_url":null,"twitter_image_custom_url":null,"twitter_image_custom_fields":null,"twitter_title":null,"twitter_description":null,"schema":{"blockGraphs":[],"customGraphs":[],"default":{"data":{"Article":[],"Course":[],"Dataset":[],"FAQPage":[],"Movie":[],"Person":[],"Product":[],"ProductReview":[],"Car":[],"Recipe":[],"Service":[],"SoftwareApplication":[],"WebPage":[]},"graphName":"","isEnabled":true},"graphs":[],"defaultGraph":"","defaultPostTypeGraph":""},"schema_type":null,"schema_type_options":null,"pillar_content":false,"robots_default":true,"robots_noindex":false,"robots_noarchive":false,"robots_nosnippet":false,"robots_nofollow":false,"robots_noimageindex":false,"robots_noodp":false,"robots_notranslate":false,"robots_max_snippet":null,"robots_max_videopreview":null,"robots_max_imagepreview":"large","priority":null,"frequency":null,"location":null,"local_seo":null,"breadcrumb_settings":null,"limit_modified_date":false,"ai":null,"created":"2021-02-01 21:13:46","updated":"2025-10-02 10:29:47","seo_analyzer_scan_date":null,"focus_keyword":null,"additional_keywords":null,"truseo_locale":null},"aioseo_breadcrumb":"<div class=\"aioseo-breadcrumbs\"><span class=\"aioseo-breadcrumb\">\n\t\t\t<a href=\"https:\/\/allasorias.hu\/hirek\" title=\"Home\">Home<\/a>\n\t\t<\/span><span class=\"aioseo-breadcrumb-separator\">&raquo;<\/span><span class=\"aioseo-breadcrumb\">\n\t\t\t<a href=\"https:\/\/allasorias.hu\/hirek\/temak\/gazdasag\/\" title=\"Gazdas\u00e1g\">Gazdas\u00e1g<\/a>\n\t\t<\/span><span class=\"aioseo-breadcrumb-separator\">&raquo;<\/span><span class=\"aioseo-breadcrumb\">\n\t\t\tKont\u00e9nerv\u00e1rosban lak\u00f3 vend\u00e9gmunk\u00e1sok Tisza\u00fajv\u00e1rosban?\n\t\t<\/span><\/div>","aioseo_breadcrumb_json":[{"label":"Home","link":"https:\/\/allasorias.hu\/hirek"},{"label":"Gazdas\u00e1g","link":"https:\/\/allasorias.hu\/hirek\/temak\/gazdasag\/"},{"label":"Kont\u00e9nerv\u00e1rosban lak\u00f3 vend\u00e9gmunk\u00e1sok Tisza\u00fajv\u00e1rosban?","link":"https:\/\/allasorias.hu\/hirek\/kontenervarosban-lako-vendegmunkasok-tiszaujvarosban\/"}],"_links":{"self":[{"href":"https:\/\/allasorias.hu\/hirek\/wp-json\/wp\/v2\/posts\/2739","targetHints":{"allow":["GET"]}}],"collection":[{"href":"https:\/\/allasorias.hu\/hirek\/wp-json\/wp\/v2\/posts"}],"about":[{"href":"https:\/\/allasorias.hu\/hirek\/wp-json\/wp\/v2\/types\/post"}],"author":[{"embeddable":true,"href":"https:\/\/allasorias.hu\/hirek\/wp-json\/wp\/v2\/users\/1"}],"replies":[{"embeddable":true,"href":"https:\/\/allasorias.hu\/hirek\/wp-json\/wp\/v2\/comments?post=2739"}],"version-history":[{"count":1,"href":"https:\/\/allasorias.hu\/hirek\/wp-json\/wp\/v2\/posts\/2739\/revisions"}],"predecessor-version":[{"id":2741,"href":"https:\/\/allasorias.hu\/hirek\/wp-json\/wp\/v2\/posts\/2739\/revisions\/2741"}],"wp:featuredmedia":[{"embeddable":true,"href":"https:\/\/allasorias.hu\/hirek\/wp-json\/wp\/v2\/media\/2735"}],"wp:attachment":[{"href":"https:\/\/allasorias.hu\/hirek\/wp-json\/wp\/v2\/media?parent=2739"}],"wp:term":[{"taxonomy":"category","embeddable":true,"href":"https:\/\/allasorias.hu\/hirek\/wp-json\/wp\/v2\/categories?post=2739"},{"taxonomy":"post_tag","embeddable":true,"href":"https:\/\/allasorias.hu\/hirek\/wp-json\/wp\/v2\/tags?post=2739"}],"curies":[{"name":"wp","href":"https:\/\/api.w.org\/{rel}","templated":true}]}}