{"id":2732,"date":"2019-04-03T08:51:49","date_gmt":"2019-04-03T08:51:49","guid":{"rendered":"https:\/\/allasorias.hu\/hirek\/?p=2732"},"modified":"2019-04-04T08:55:29","modified_gmt":"2019-04-04T08:55:29","slug":"kell-a-kulfoldi-munkaero","status":"publish","type":"post","link":"https:\/\/allasorias.hu\/hirek\/kell-a-kulfoldi-munkaero\/","title":{"rendered":"Kell a k\u00fclf\u00f6ldi munkaer\u0151?"},"content":{"rendered":"<p><strong>A munkaer\u0151hi\u00e1ny egyre t\u00f6bb c\u00e9get k\u00e9nyszer\u00edt olyan megold\u00e1sokra, amelyekr\u0151l k\u00f6zben is kider\u00fclhet, hogy nem \u00e9ppen j\u00f3 megold\u00e1s. Sok c\u00e9g pr\u00f3b\u00e1lkozik a k\u00fclf\u00f6ldi munkaer\u0151 alkalmaz\u00e1s\u00e1val,\u00a0 s b\u00e1r \u00f6sszess\u00e9g\u00e9ben j\u00f3k a tapasztalatok, fontos figyelni n\u00e9h\u00e1ny jelens\u00e9gre.<\/strong><\/p>\n<p>A \u00a0k\u00fclf\u00f6ldi munkav\u00e1llal\u00f3k foglalkoztat\u00e1sa el\u0151t\u00e9rbe ker\u00fclhet olyan gy\u00e1rban, ahol nehezek a munkak\u00f6r\u00fclm\u00e9nyek, p\u00e9ld\u00e1ul v\u00e9gig kell \u00e1llni a 12 \u00f3r\u00e1s m\u0171szakot, extra hidegben vagy melegben kell dolgozni, rendk\u00edv\u00fcl monoton a munka. Ezeken a helyeken a magyar munkav\u00e1llal\u00f3kat nem siker\u00fcl foglalkoztatni. Csik\u00f3s-Nagy Katalin fluktu\u00e1ci\u00f3kezel\u00e9s szak\u00e9rt\u0151, a HR-Evolution \u00fcgyvezet\u0151je szerint a jelenlegi munkaer\u0151-piaci helyzetben megv\u00e1logatj\u00e1k a munkav\u00e1llal\u00f3k, hogy milyen felt\u00e9telek k\u00f6z\u00f6tt akarnak dolgozni, \u00e9s ezen m\u00e9g egy kicsit magasabb fizet\u00e9s sem v\u00e1ltoztat. N\u00f6veli a probl\u00e9m\u00e1t, hogy \u00a0ha a v\u00e1llalat intenz\u00edv n\u00f6veked\u00e9si f\u00e1zisban van, \u00e9s t\u00f6bb sz\u00e1z embert kell hirtelen felvennie. Ilyen esetben t\u00f6k\u00e9letes megold\u00e1s k\u00fclf\u00f6ldi munkaer\u0151t alkalmazni. Magas fluktu\u00e1ci\u00f3n\u00e1l ez vesz\u00e9lyes. Ha nincsenek extr\u00e9m k\u00f6r\u00fclm\u00e9nyek, \u00e9s csak 10-20 f\u0151 munkaer\u0151 sz\u00fcks\u00e9glete van a v\u00e1llalatnak havonta, nem javasolt k\u00fclf\u00f6ldiek foglalkoztat\u00e1sa. Rengeteg plusz terhet r\u00f3 a munk\u00e1ltat\u00f3ra \u00e9s nagy felk\u00e9sz\u00fclts\u00e9get ig\u00e9nyel a k\u00fclf\u00f6ldi dolgoz\u00f3k alkalmaz\u00e1sa.Gondolni kell az elsz\u00e1ll\u00e1soltat\u00e1sra, enged\u00e9lyek beszerz\u00e9s\u00e9re, nyelvi neh\u00e9zs\u00e9gek megold\u00e1s\u00e1ra \u00e9s a bels\u0151, kultur\u00e1lis fogadtat\u00e1sra, beilleszt\u00e9sre. Ha ezekre nincs felk\u00e9sz\u00fclve egy v\u00e1llalat, \u00f6ngyilkoss\u00e1g belev\u00e1gnia a k\u00fclf\u00f6ldiek alkalmaz\u00e1s\u00e1ba, t\u00f6bb bajt okozhat vele, mint amennyit megold. Ha j\u00f3k a munkak\u00f6r\u00fclm\u00e9nyek de nagy az elv\u00e1ndorl\u00e1s a v\u00e1llalatunkn\u00e1l, akkor bel\u00fclr\u0151l kell rendet rakni \u00e9s nem k\u00fclf\u00f6ldiekhez ny\u00falni. Csik\u00f3s-Nagy Katalin szerint ugyanis a fluktu\u00e1ci\u00f3 nem sz\u0171nik meg, am\u00edg a kiv\u00e1lt\u00f3 oka meg nem sz\u0171nik. Ha egy c\u00e9g vend\u00e9gmunk\u00e1sokkal pr\u00f3b\u00e1lja megoldani a fluktu\u00e1ci\u00f3t ahelyett, hogy az okokra f\u00f3kusz\u00e1lna az k\u00f6nnyen ellent\u00e9tes hat\u00e1st v\u00e1lthat ki. Ugyanis a legnagyobb megtart\u00f3 er\u0151 a j\u00f3 csapat, de ahol t\u00fal nagy az \u00e1tj\u00e1r\u00f3h\u00e1z, j\u00f6nnek-mennek az emberek, ott nem tud val\u00f3di csapat kialakulni. El\u0151sz\u00f6r azt kell megvizsg\u00e1lni mi okozza a fluktu\u00e1ci\u00f3t \u00e9s megold\u00e1st kell keresni r\u00e1. Szem el\u0151tt kell tartva a dolgoz\u00f3k ig\u00e9nyeit \u00e9s elv\u00e1r\u00e1sait, rugalmass\u00e1ggal, alkalmazkod\u00e1ssal \u00e9s k\u00f6z\u00f6s gondolkod\u00e1ssal minden probl\u00e9m\u00e1ra van megold\u00e1s. Csak a legkritikusabb probl\u00e9m\u00e1k kezel\u00e9s\u00e9re tett l\u00e9p\u00e9sek ut\u00e1n javasolt k\u00fclf\u00f6ldi vend\u00e9gmunk\u00e1sok alkalmaz\u00e1sa, k\u00f6r\u00fcltekint\u0151 beilleszt\u0151 program \u00e9s bels\u0151 kommunik\u00e1ci\u00f3 mellett.<\/p>\n<p>Forr\u00e1s: profitline.hu<\/p>\n","protected":false},"excerpt":{"rendered":"<p>A munkaer\u0151hi\u00e1ny egyre t\u00f6bb c\u00e9get k\u00e9nyszer\u00edt olyan megold\u00e1sokra, amelyekr\u0151l k\u00f6zben is kider\u00fclhet, hogy nem \u00e9ppen j\u00f3 megold\u00e1s. Sok c\u00e9g pr\u00f3b\u00e1lkozik a k\u00fclf\u00f6ldi munkaer\u0151 alkalmaz\u00e1s\u00e1val,\u00a0 s b\u00e1r \u00f6sszess\u00e9g\u00e9ben j\u00f3k a tapasztalatok, fontos figyelni n\u00e9h\u00e1ny jelens\u00e9gre. A \u00a0k\u00fclf\u00f6ldi munkav\u00e1llal\u00f3k foglalkoztat\u00e1sa el\u0151t\u00e9rbe ker\u00fclhet olyan gy\u00e1rban, ahol nehezek a munkak\u00f6r\u00fclm\u00e9nyek, p\u00e9ld\u00e1ul v\u00e9gig kell \u00e1llni a 12 \u00f3r\u00e1s m\u0171szakot, extra [&hellip;]<\/p>\n","protected":false},"author":1,"featured_media":2351,"comment_status":"open","ping_status":"open","sticky":false,"template":"","format":"standard","meta":{"_monsterinsights_skip_tracking":false,"footnotes":""},"categories":[1,201,200],"tags":[],"class_list":["post-2732","post","type-post","status-publish","format-standard","has-post-thumbnail","hentry","category-allaskereses","category-kulfold","category-munkaeropiac"],"aioseo_notices":[],"aioseo_head":"\n\t\t<!-- All in One SEO 5.0.0.1 - aioseo.com -->\n\t<meta name=\"description\" content=\"A munkaer\u0151hi\u00e1ny egyre t\u00f6bb c\u00e9get k\u00e9nyszer\u00edt olyan megold\u00e1sokra, amelyekr\u0151l k\u00f6zben is kider\u00fclhet, hogy nem \u00e9ppen j\u00f3 megold\u00e1s. Sok c\u00e9g pr\u00f3b\u00e1lkozik a k\u00fclf\u00f6ldi munkaer\u0151 alkalmaz\u00e1s\u00e1val, s b\u00e1r \u00f6sszess\u00e9g\u00e9ben j\u00f3k a tapasztalatok, fontos figyelni n\u00e9h\u00e1ny jelens\u00e9gre. A k\u00fclf\u00f6ldi munkav\u00e1llal\u00f3k foglalkoztat\u00e1sa el\u0151t\u00e9rbe ker\u00fclhet olyan gy\u00e1rban, ahol nehezek a munkak\u00f6r\u00fclm\u00e9nyek, p\u00e9ld\u00e1ul v\u00e9gig kell \u00e1llni a 12 \u00f3r\u00e1s m\u0171szakot, extra\" \/>\n\t<meta name=\"robots\" content=\"max-image-preview:large\" \/>\n\t<meta name=\"author\" content=\"Juh\u00e1sz P\u00e9ter\"\/>\n\t<link rel=\"canonical\" href=\"https:\/\/allasorias.hu\/hirek\/kell-a-kulfoldi-munkaero\/\" \/>\n\t<meta name=\"generator\" content=\"All in One SEO (AIOSEO) 5.0.0.1\" \/>\n\t\t<meta property=\"og:locale\" content=\"hu_HU\" \/>\n\t\t<meta property=\"og:site_name\" content=\"AllasOrias.hu | H\u00edrek-lapszemle | \u00dczleti h\u00edrek az \u00e1ll\u00e1s \u00e9s a munka vil\u00e1g\u00e1b\u00f3l\" \/>\n\t\t<meta property=\"og:type\" content=\"article\" \/>\n\t\t<meta property=\"og:title\" content=\"Kell a k\u00fclf\u00f6ldi munkaer\u0151? | AllasOrias.hu | H\u00edrek-lapszemle\" \/>\n\t\t<meta property=\"og:description\" content=\"A munkaer\u0151hi\u00e1ny egyre t\u00f6bb c\u00e9get k\u00e9nyszer\u00edt olyan megold\u00e1sokra, amelyekr\u0151l k\u00f6zben is kider\u00fclhet, hogy nem \u00e9ppen j\u00f3 megold\u00e1s. Sok c\u00e9g pr\u00f3b\u00e1lkozik a k\u00fclf\u00f6ldi munkaer\u0151 alkalmaz\u00e1s\u00e1val, s b\u00e1r \u00f6sszess\u00e9g\u00e9ben j\u00f3k a tapasztalatok, fontos figyelni n\u00e9h\u00e1ny jelens\u00e9gre. A k\u00fclf\u00f6ldi munkav\u00e1llal\u00f3k foglalkoztat\u00e1sa el\u0151t\u00e9rbe ker\u00fclhet olyan gy\u00e1rban, ahol nehezek a munkak\u00f6r\u00fclm\u00e9nyek, p\u00e9ld\u00e1ul v\u00e9gig kell \u00e1llni a 12 \u00f3r\u00e1s m\u0171szakot, extra\" \/>\n\t\t<meta property=\"og:url\" content=\"https:\/\/allasorias.hu\/hirek\/kell-a-kulfoldi-munkaero\/\" \/>\n\t\t<meta property=\"og:image\" content=\"https:\/\/allasorias.hu\/hirek\/wp-content\/uploads\/2018\/12\/pexels-photo-356079.jpeg\" \/>\n\t\t<meta property=\"og:image:secure_url\" content=\"https:\/\/allasorias.hu\/hirek\/wp-content\/uploads\/2018\/12\/pexels-photo-356079.jpeg\" \/>\n\t\t<meta property=\"og:image:width\" content=\"640\" \/>\n\t\t<meta property=\"og:image:height\" content=\"387\" \/>\n\t\t<meta property=\"article:published_time\" content=\"2019-04-03T08:51:49+00:00\" \/>\n\t\t<meta property=\"article:modified_time\" content=\"2019-04-04T08:55:29+00:00\" \/>\n\t\t<meta property=\"article:publisher\" content=\"https:\/\/www.facebook.com\/allasorias\" \/>\n\t\t<meta name=\"twitter:card\" content=\"summary_large_image\" \/>\n\t\t<meta name=\"twitter:title\" content=\"Kell a k\u00fclf\u00f6ldi munkaer\u0151? | AllasOrias.hu | H\u00edrek-lapszemle\" \/>\n\t\t<meta name=\"twitter:description\" content=\"A munkaer\u0151hi\u00e1ny egyre t\u00f6bb c\u00e9get k\u00e9nyszer\u00edt olyan megold\u00e1sokra, amelyekr\u0151l k\u00f6zben is kider\u00fclhet, hogy nem \u00e9ppen j\u00f3 megold\u00e1s. Sok c\u00e9g pr\u00f3b\u00e1lkozik a k\u00fclf\u00f6ldi munkaer\u0151 alkalmaz\u00e1s\u00e1val, s b\u00e1r \u00f6sszess\u00e9g\u00e9ben j\u00f3k a tapasztalatok, fontos figyelni n\u00e9h\u00e1ny jelens\u00e9gre. A k\u00fclf\u00f6ldi munkav\u00e1llal\u00f3k foglalkoztat\u00e1sa el\u0151t\u00e9rbe ker\u00fclhet olyan gy\u00e1rban, ahol nehezek a munkak\u00f6r\u00fclm\u00e9nyek, p\u00e9ld\u00e1ul v\u00e9gig kell \u00e1llni a 12 \u00f3r\u00e1s m\u0171szakot, extra\" \/>\n\t\t<meta name=\"twitter:image\" content=\"https:\/\/allasorias.hu\/hirek\/wp-content\/uploads\/2018\/12\/pexels-photo-356079.jpeg\" \/>\n\t\t<meta name=\"twitter:label1\" content=\"Written by\" \/>\n\t\t<meta name=\"twitter:data1\" content=\"Juh\u00e1sz P\u00e9ter\" \/>\n\t\t<meta name=\"twitter:label2\" content=\"Est. reading time\" \/>\n\t\t<meta name=\"twitter:data2\" content=\"3 minutes\" \/>\n\t\t<script type=\"application\/ld+json\" class=\"aioseo-schema\">\n\t\t\t{\"@context\":\"https:\\\/\\\/schema.org\",\"@graph\":[{\"@type\":\"Article\",\"@id\":\"https:\\\/\\\/allasorias.hu\\\/hirek\\\/kell-a-kulfoldi-munkaero\\\/#article\",\"name\":\"Kell a k\\u00fclf\\u00f6ldi munkaer\\u0151? | AllasOrias.hu | H\\u00edrek-lapszemle\",\"headline\":\"Kell a k\\u00fclf\\u00f6ldi munkaer\\u0151?\",\"author\":{\"@id\":\"https:\\\/\\\/allasorias.hu\\\/hirek\\\/author\\\/admin-allasorias\\\/#author\"},\"publisher\":{\"@id\":\"https:\\\/\\\/allasorias.hu\\\/hirek\\\/#organization\"},\"image\":{\"@type\":\"ImageObject\",\"url\":\"https:\\\/\\\/allasorias.hu\\\/hirek\\\/wp-content\\\/uploads\\\/2018\\\/12\\\/pexels-photo-356079.jpeg\",\"width\":640,\"height\":387},\"datePublished\":\"2019-04-03T08:51:49+02:00\",\"dateModified\":\"2019-04-04T08:55:29+02:00\",\"inLanguage\":\"hu-HU\",\"mainEntityOfPage\":{\"@id\":\"https:\\\/\\\/allasorias.hu\\\/hirek\\\/kell-a-kulfoldi-munkaero\\\/#webpage\"},\"isPartOf\":{\"@id\":\"https:\\\/\\\/allasorias.hu\\\/hirek\\\/kell-a-kulfoldi-munkaero\\\/#webpage\"},\"articleSection\":\"\\u00c1ll\\u00e1skeres\\u00e9s, K\\u00fclf\\u00f6ld, Munkaer\\u0151piac\"},{\"@type\":\"BreadcrumbList\",\"@id\":\"https:\\\/\\\/allasorias.hu\\\/hirek\\\/kell-a-kulfoldi-munkaero\\\/#breadcrumblist\",\"itemListElement\":[{\"@type\":\"ListItem\",\"@id\":\"https:\\\/\\\/allasorias.hu\\\/hirek#listItem\",\"position\":1,\"name\":\"Home\",\"item\":\"https:\\\/\\\/allasorias.hu\\\/hirek\",\"nextItem\":{\"@type\":\"ListItem\",\"@id\":\"https:\\\/\\\/allasorias.hu\\\/hirek\\\/temak\\\/allaskereses\\\/#listItem\",\"name\":\"\\u00c1ll\\u00e1skeres\\u00e9s\"}},{\"@type\":\"ListItem\",\"@id\":\"https:\\\/\\\/allasorias.hu\\\/hirek\\\/temak\\\/allaskereses\\\/#listItem\",\"position\":2,\"name\":\"\\u00c1ll\\u00e1skeres\\u00e9s\",\"item\":\"https:\\\/\\\/allasorias.hu\\\/hirek\\\/temak\\\/allaskereses\\\/\",\"nextItem\":{\"@type\":\"ListItem\",\"@id\":\"https:\\\/\\\/allasorias.hu\\\/hirek\\\/kell-a-kulfoldi-munkaero\\\/#listItem\",\"name\":\"Kell a k\\u00fclf\\u00f6ldi munkaer\\u0151?\"},\"previousItem\":{\"@type\":\"ListItem\",\"@id\":\"https:\\\/\\\/allasorias.hu\\\/hirek#listItem\",\"name\":\"Home\"}},{\"@type\":\"ListItem\",\"@id\":\"https:\\\/\\\/allasorias.hu\\\/hirek\\\/kell-a-kulfoldi-munkaero\\\/#listItem\",\"position\":3,\"name\":\"Kell a k\\u00fclf\\u00f6ldi munkaer\\u0151?\",\"previousItem\":{\"@type\":\"ListItem\",\"@id\":\"https:\\\/\\\/allasorias.hu\\\/hirek\\\/temak\\\/allaskereses\\\/#listItem\",\"name\":\"\\u00c1ll\\u00e1skeres\\u00e9s\"}}]},{\"@type\":\"Organization\",\"@id\":\"https:\\\/\\\/allasorias.hu\\\/hirek\\\/#organization\",\"name\":\"AllasOrias.hu | H\\u00edrek-lapszemle\",\"description\":\"\\u00dczleti h\\u00edrek az \\u00e1ll\\u00e1s \\u00e9s a munka vil\\u00e1g\\u00e1b\\u00f3l\",\"url\":\"https:\\\/\\\/allasorias.hu\\\/hirek\\\/\",\"logo\":{\"@type\":\"ImageObject\",\"url\":\"https:\\\/\\\/allasorias.hu\\\/hirek\\\/wp-content\\\/uploads\\\/2022\\\/10\\\/allasorias_site_facebok_logo.png\",\"@id\":\"https:\\\/\\\/allasorias.hu\\\/hirek\\\/kell-a-kulfoldi-munkaero\\\/#organizationLogo\"},\"image\":{\"@id\":\"https:\\\/\\\/allasorias.hu\\\/hirek\\\/kell-a-kulfoldi-munkaero\\\/#organizationLogo\"},\"sameAs\":[\"https:\\\/\\\/www.facebook.com\\\/allasorias\",\"https:\\\/\\\/www.linkedin.com\\\/company\\\/allasorias\"]},{\"@type\":\"Person\",\"@id\":\"https:\\\/\\\/allasorias.hu\\\/hirek\\\/author\\\/admin-allasorias\\\/#author\",\"url\":\"https:\\\/\\\/allasorias.hu\\\/hirek\\\/author\\\/admin-allasorias\\\/\",\"name\":\"Juh\\u00e1sz P\\u00e9ter\",\"image\":{\"@type\":\"ImageObject\",\"@id\":\"https:\\\/\\\/allasorias.hu\\\/hirek\\\/kell-a-kulfoldi-munkaero\\\/#authorImage\",\"url\":\"https:\\\/\\\/secure.gravatar.com\\\/avatar\\\/36e6bcb83148978b992977cb0f54d22feb0cce8a0a849a9410532bb2623ba4c6?s=96&d=mm&r=g\",\"width\":96,\"height\":96,\"caption\":\"Juh\\u00e1sz P\\u00e9ter\"}},{\"@type\":\"WebPage\",\"@id\":\"https:\\\/\\\/allasorias.hu\\\/hirek\\\/kell-a-kulfoldi-munkaero\\\/#webpage\",\"url\":\"https:\\\/\\\/allasorias.hu\\\/hirek\\\/kell-a-kulfoldi-munkaero\\\/\",\"name\":\"Kell a k\\u00fclf\\u00f6ldi munkaer\\u0151? | AllasOrias.hu | H\\u00edrek-lapszemle\",\"description\":\"A munkaer\\u0151hi\\u00e1ny egyre t\\u00f6bb c\\u00e9get k\\u00e9nyszer\\u00edt olyan megold\\u00e1sokra, amelyekr\\u0151l k\\u00f6zben is kider\\u00fclhet, hogy nem \\u00e9ppen j\\u00f3 megold\\u00e1s. Sok c\\u00e9g pr\\u00f3b\\u00e1lkozik a k\\u00fclf\\u00f6ldi munkaer\\u0151 alkalmaz\\u00e1s\\u00e1val, s b\\u00e1r \\u00f6sszess\\u00e9g\\u00e9ben j\\u00f3k a tapasztalatok, fontos figyelni n\\u00e9h\\u00e1ny jelens\\u00e9gre. A k\\u00fclf\\u00f6ldi munkav\\u00e1llal\\u00f3k foglalkoztat\\u00e1sa el\\u0151t\\u00e9rbe ker\\u00fclhet olyan gy\\u00e1rban, ahol nehezek a munkak\\u00f6r\\u00fclm\\u00e9nyek, p\\u00e9ld\\u00e1ul v\\u00e9gig kell \\u00e1llni a 12 \\u00f3r\\u00e1s m\\u0171szakot, extra\",\"inLanguage\":\"hu-HU\",\"isPartOf\":{\"@id\":\"https:\\\/\\\/allasorias.hu\\\/hirek\\\/#website\"},\"breadcrumb\":{\"@id\":\"https:\\\/\\\/allasorias.hu\\\/hirek\\\/kell-a-kulfoldi-munkaero\\\/#breadcrumblist\"},\"author\":{\"@id\":\"https:\\\/\\\/allasorias.hu\\\/hirek\\\/author\\\/admin-allasorias\\\/#author\"},\"creator\":{\"@id\":\"https:\\\/\\\/allasorias.hu\\\/hirek\\\/author\\\/admin-allasorias\\\/#author\"},\"image\":{\"@type\":\"ImageObject\",\"url\":\"https:\\\/\\\/allasorias.hu\\\/hirek\\\/wp-content\\\/uploads\\\/2018\\\/12\\\/pexels-photo-356079.jpeg\",\"@id\":\"https:\\\/\\\/allasorias.hu\\\/hirek\\\/kell-a-kulfoldi-munkaero\\\/#mainImage\",\"width\":640,\"height\":387},\"primaryImageOfPage\":{\"@id\":\"https:\\\/\\\/allasorias.hu\\\/hirek\\\/kell-a-kulfoldi-munkaero\\\/#mainImage\"},\"datePublished\":\"2019-04-03T08:51:49+02:00\",\"dateModified\":\"2019-04-04T08:55:29+02:00\"},{\"@type\":\"WebSite\",\"@id\":\"https:\\\/\\\/allasorias.hu\\\/hirek\\\/#website\",\"url\":\"https:\\\/\\\/allasorias.hu\\\/hirek\\\/\",\"name\":\"AllasOrias.hu | H\\u00edrek-lapszemle\",\"description\":\"\\u00dczleti h\\u00edrek az \\u00e1ll\\u00e1s \\u00e9s a munka vil\\u00e1g\\u00e1b\\u00f3l\",\"inLanguage\":\"hu-HU\",\"publisher\":{\"@id\":\"https:\\\/\\\/allasorias.hu\\\/hirek\\\/#organization\"}}]}\n\t\t<\/script>\n\t\t<!-- All in One SEO -->\n\n","aioseo_head_json":{"title":"Kell a k\u00fclf\u00f6ldi munkaer\u0151? | AllasOrias.hu | H\u00edrek-lapszemle","description":"A munkaer\u0151hi\u00e1ny egyre t\u00f6bb c\u00e9get k\u00e9nyszer\u00edt olyan megold\u00e1sokra, amelyekr\u0151l k\u00f6zben is kider\u00fclhet, hogy nem \u00e9ppen j\u00f3 megold\u00e1s. Sok c\u00e9g pr\u00f3b\u00e1lkozik a k\u00fclf\u00f6ldi munkaer\u0151 alkalmaz\u00e1s\u00e1val, s b\u00e1r \u00f6sszess\u00e9g\u00e9ben j\u00f3k a tapasztalatok, fontos figyelni n\u00e9h\u00e1ny jelens\u00e9gre. A k\u00fclf\u00f6ldi munkav\u00e1llal\u00f3k foglalkoztat\u00e1sa el\u0151t\u00e9rbe ker\u00fclhet olyan gy\u00e1rban, ahol nehezek a munkak\u00f6r\u00fclm\u00e9nyek, p\u00e9ld\u00e1ul v\u00e9gig kell \u00e1llni a 12 \u00f3r\u00e1s m\u0171szakot, extra","canonical_url":"https:\/\/allasorias.hu\/hirek\/kell-a-kulfoldi-munkaero\/","robots":"max-image-preview:large","keywords":"","webmasterTools":{"miscellaneous":""},"schema":{"@context":"https:\/\/schema.org","@graph":[{"@type":"Article","@id":"https:\/\/allasorias.hu\/hirek\/kell-a-kulfoldi-munkaero\/#article","name":"Kell a k\u00fclf\u00f6ldi munkaer\u0151? | AllasOrias.hu | H\u00edrek-lapszemle","headline":"Kell a k\u00fclf\u00f6ldi munkaer\u0151?","author":{"@id":"https:\/\/allasorias.hu\/hirek\/author\/admin-allasorias\/#author"},"publisher":{"@id":"https:\/\/allasorias.hu\/hirek\/#organization"},"image":{"@type":"ImageObject","url":"https:\/\/allasorias.hu\/hirek\/wp-content\/uploads\/2018\/12\/pexels-photo-356079.jpeg","width":640,"height":387},"datePublished":"2019-04-03T08:51:49+02:00","dateModified":"2019-04-04T08:55:29+02:00","inLanguage":"hu-HU","mainEntityOfPage":{"@id":"https:\/\/allasorias.hu\/hirek\/kell-a-kulfoldi-munkaero\/#webpage"},"isPartOf":{"@id":"https:\/\/allasorias.hu\/hirek\/kell-a-kulfoldi-munkaero\/#webpage"},"articleSection":"\u00c1ll\u00e1skeres\u00e9s, K\u00fclf\u00f6ld, Munkaer\u0151piac"},{"@type":"BreadcrumbList","@id":"https:\/\/allasorias.hu\/hirek\/kell-a-kulfoldi-munkaero\/#breadcrumblist","itemListElement":[{"@type":"ListItem","@id":"https:\/\/allasorias.hu\/hirek#listItem","position":1,"name":"Home","item":"https:\/\/allasorias.hu\/hirek","nextItem":{"@type":"ListItem","@id":"https:\/\/allasorias.hu\/hirek\/temak\/allaskereses\/#listItem","name":"\u00c1ll\u00e1skeres\u00e9s"}},{"@type":"ListItem","@id":"https:\/\/allasorias.hu\/hirek\/temak\/allaskereses\/#listItem","position":2,"name":"\u00c1ll\u00e1skeres\u00e9s","item":"https:\/\/allasorias.hu\/hirek\/temak\/allaskereses\/","nextItem":{"@type":"ListItem","@id":"https:\/\/allasorias.hu\/hirek\/kell-a-kulfoldi-munkaero\/#listItem","name":"Kell a k\u00fclf\u00f6ldi munkaer\u0151?"},"previousItem":{"@type":"ListItem","@id":"https:\/\/allasorias.hu\/hirek#listItem","name":"Home"}},{"@type":"ListItem","@id":"https:\/\/allasorias.hu\/hirek\/kell-a-kulfoldi-munkaero\/#listItem","position":3,"name":"Kell a k\u00fclf\u00f6ldi munkaer\u0151?","previousItem":{"@type":"ListItem","@id":"https:\/\/allasorias.hu\/hirek\/temak\/allaskereses\/#listItem","name":"\u00c1ll\u00e1skeres\u00e9s"}}]},{"@type":"Organization","@id":"https:\/\/allasorias.hu\/hirek\/#organization","name":"AllasOrias.hu | H\u00edrek-lapszemle","description":"\u00dczleti h\u00edrek az \u00e1ll\u00e1s \u00e9s a munka vil\u00e1g\u00e1b\u00f3l","url":"https:\/\/allasorias.hu\/hirek\/","logo":{"@type":"ImageObject","url":"https:\/\/allasorias.hu\/hirek\/wp-content\/uploads\/2022\/10\/allasorias_site_facebok_logo.png","@id":"https:\/\/allasorias.hu\/hirek\/kell-a-kulfoldi-munkaero\/#organizationLogo"},"image":{"@id":"https:\/\/allasorias.hu\/hirek\/kell-a-kulfoldi-munkaero\/#organizationLogo"},"sameAs":["https:\/\/www.facebook.com\/allasorias","https:\/\/www.linkedin.com\/company\/allasorias"]},{"@type":"Person","@id":"https:\/\/allasorias.hu\/hirek\/author\/admin-allasorias\/#author","url":"https:\/\/allasorias.hu\/hirek\/author\/admin-allasorias\/","name":"Juh\u00e1sz P\u00e9ter","image":{"@type":"ImageObject","@id":"https:\/\/allasorias.hu\/hirek\/kell-a-kulfoldi-munkaero\/#authorImage","url":"https:\/\/secure.gravatar.com\/avatar\/36e6bcb83148978b992977cb0f54d22feb0cce8a0a849a9410532bb2623ba4c6?s=96&d=mm&r=g","width":96,"height":96,"caption":"Juh\u00e1sz P\u00e9ter"}},{"@type":"WebPage","@id":"https:\/\/allasorias.hu\/hirek\/kell-a-kulfoldi-munkaero\/#webpage","url":"https:\/\/allasorias.hu\/hirek\/kell-a-kulfoldi-munkaero\/","name":"Kell a k\u00fclf\u00f6ldi munkaer\u0151? | AllasOrias.hu | H\u00edrek-lapszemle","description":"A munkaer\u0151hi\u00e1ny egyre t\u00f6bb c\u00e9get k\u00e9nyszer\u00edt olyan megold\u00e1sokra, amelyekr\u0151l k\u00f6zben is kider\u00fclhet, hogy nem \u00e9ppen j\u00f3 megold\u00e1s. Sok c\u00e9g pr\u00f3b\u00e1lkozik a k\u00fclf\u00f6ldi munkaer\u0151 alkalmaz\u00e1s\u00e1val, s b\u00e1r \u00f6sszess\u00e9g\u00e9ben j\u00f3k a tapasztalatok, fontos figyelni n\u00e9h\u00e1ny jelens\u00e9gre. A k\u00fclf\u00f6ldi munkav\u00e1llal\u00f3k foglalkoztat\u00e1sa el\u0151t\u00e9rbe ker\u00fclhet olyan gy\u00e1rban, ahol nehezek a munkak\u00f6r\u00fclm\u00e9nyek, p\u00e9ld\u00e1ul v\u00e9gig kell \u00e1llni a 12 \u00f3r\u00e1s m\u0171szakot, extra","inLanguage":"hu-HU","isPartOf":{"@id":"https:\/\/allasorias.hu\/hirek\/#website"},"breadcrumb":{"@id":"https:\/\/allasorias.hu\/hirek\/kell-a-kulfoldi-munkaero\/#breadcrumblist"},"author":{"@id":"https:\/\/allasorias.hu\/hirek\/author\/admin-allasorias\/#author"},"creator":{"@id":"https:\/\/allasorias.hu\/hirek\/author\/admin-allasorias\/#author"},"image":{"@type":"ImageObject","url":"https:\/\/allasorias.hu\/hirek\/wp-content\/uploads\/2018\/12\/pexels-photo-356079.jpeg","@id":"https:\/\/allasorias.hu\/hirek\/kell-a-kulfoldi-munkaero\/#mainImage","width":640,"height":387},"primaryImageOfPage":{"@id":"https:\/\/allasorias.hu\/hirek\/kell-a-kulfoldi-munkaero\/#mainImage"},"datePublished":"2019-04-03T08:51:49+02:00","dateModified":"2019-04-04T08:55:29+02:00"},{"@type":"WebSite","@id":"https:\/\/allasorias.hu\/hirek\/#website","url":"https:\/\/allasorias.hu\/hirek\/","name":"AllasOrias.hu | H\u00edrek-lapszemle","description":"\u00dczleti h\u00edrek az \u00e1ll\u00e1s \u00e9s a munka vil\u00e1g\u00e1b\u00f3l","inLanguage":"hu-HU","publisher":{"@id":"https:\/\/allasorias.hu\/hirek\/#organization"}}]},"og:locale":"hu_HU","og:site_name":"AllasOrias.hu | H\u00edrek-lapszemle | \u00dczleti h\u00edrek az \u00e1ll\u00e1s \u00e9s a munka vil\u00e1g\u00e1b\u00f3l","og:type":"article","og:title":"Kell a k\u00fclf\u00f6ldi munkaer\u0151? | AllasOrias.hu | H\u00edrek-lapszemle","og:description":"A munkaer\u0151hi\u00e1ny egyre t\u00f6bb c\u00e9get k\u00e9nyszer\u00edt olyan megold\u00e1sokra, amelyekr\u0151l k\u00f6zben is kider\u00fclhet, hogy nem \u00e9ppen j\u00f3 megold\u00e1s. Sok c\u00e9g pr\u00f3b\u00e1lkozik a k\u00fclf\u00f6ldi munkaer\u0151 alkalmaz\u00e1s\u00e1val, s b\u00e1r \u00f6sszess\u00e9g\u00e9ben j\u00f3k a tapasztalatok, fontos figyelni n\u00e9h\u00e1ny jelens\u00e9gre. A k\u00fclf\u00f6ldi munkav\u00e1llal\u00f3k foglalkoztat\u00e1sa el\u0151t\u00e9rbe ker\u00fclhet olyan gy\u00e1rban, ahol nehezek a munkak\u00f6r\u00fclm\u00e9nyek, p\u00e9ld\u00e1ul v\u00e9gig kell \u00e1llni a 12 \u00f3r\u00e1s m\u0171szakot, extra","og:url":"https:\/\/allasorias.hu\/hirek\/kell-a-kulfoldi-munkaero\/","og:image":"https:\/\/allasorias.hu\/hirek\/wp-content\/uploads\/2018\/12\/pexels-photo-356079.jpeg","og:image:secure_url":"https:\/\/allasorias.hu\/hirek\/wp-content\/uploads\/2018\/12\/pexels-photo-356079.jpeg","og:image:width":640,"og:image:height":387,"article:published_time":"2019-04-03T08:51:49+00:00","article:modified_time":"2019-04-04T08:55:29+00:00","article:publisher":"https:\/\/www.facebook.com\/allasorias","twitter:card":"summary_large_image","twitter:title":"Kell a k\u00fclf\u00f6ldi munkaer\u0151? | AllasOrias.hu | H\u00edrek-lapszemle","twitter:description":"A munkaer\u0151hi\u00e1ny egyre t\u00f6bb c\u00e9get k\u00e9nyszer\u00edt olyan megold\u00e1sokra, amelyekr\u0151l k\u00f6zben is kider\u00fclhet, hogy nem \u00e9ppen j\u00f3 megold\u00e1s. Sok c\u00e9g pr\u00f3b\u00e1lkozik a k\u00fclf\u00f6ldi munkaer\u0151 alkalmaz\u00e1s\u00e1val, s b\u00e1r \u00f6sszess\u00e9g\u00e9ben j\u00f3k a tapasztalatok, fontos figyelni n\u00e9h\u00e1ny jelens\u00e9gre. A k\u00fclf\u00f6ldi munkav\u00e1llal\u00f3k foglalkoztat\u00e1sa el\u0151t\u00e9rbe ker\u00fclhet olyan gy\u00e1rban, ahol nehezek a munkak\u00f6r\u00fclm\u00e9nyek, p\u00e9ld\u00e1ul v\u00e9gig kell \u00e1llni a 12 \u00f3r\u00e1s m\u0171szakot, extra","twitter:image":"https:\/\/allasorias.hu\/hirek\/wp-content\/uploads\/2018\/12\/pexels-photo-356079.jpeg","twitter:label1":"Written by","twitter:data1":"Juh\u00e1sz P\u00e9ter","twitter:label2":"Est. reading time","twitter:data2":"3 minutes"},"aioseo_meta_data":{"post_id":"2732","title":null,"description":null,"keywords":null,"keyphrases":null,"primary_term":null,"canonical_url":null,"og_title":null,"og_description":null,"og_object_type":"default","og_image_type":"default","og_image_url":null,"og_image_width":null,"og_image_height":null,"og_image_custom_url":null,"og_image_custom_fields":null,"og_video":null,"og_custom_url":null,"og_article_section":null,"og_article_tags":null,"twitter_use_og":false,"twitter_card":"default","twitter_image_type":"default","twitter_image_url":null,"twitter_image_custom_url":null,"twitter_image_custom_fields":null,"twitter_title":null,"twitter_description":null,"schema":{"blockGraphs":[],"customGraphs":[],"default":{"data":{"Article":[],"Course":[],"Dataset":[],"FAQPage":[],"Movie":[],"Person":[],"Product":[],"ProductReview":[],"Car":[],"Recipe":[],"Service":[],"SoftwareApplication":[],"WebPage":[]},"graphName":"","isEnabled":true},"graphs":[],"defaultGraph":"","defaultPostTypeGraph":""},"schema_type":null,"schema_type_options":null,"pillar_content":false,"robots_default":true,"robots_noindex":false,"robots_noarchive":false,"robots_nosnippet":false,"robots_nofollow":false,"robots_noimageindex":false,"robots_noodp":false,"robots_notranslate":false,"robots_max_snippet":null,"robots_max_videopreview":null,"robots_max_imagepreview":"large","priority":null,"frequency":null,"location":null,"local_seo":null,"breadcrumb_settings":null,"limit_modified_date":false,"ai":null,"created":"2021-02-01 21:13:46","updated":"2025-10-02 10:29:47","seo_analyzer_scan_date":null,"focus_keyword":null,"additional_keywords":null,"truseo_locale":null},"aioseo_breadcrumb":"<div class=\"aioseo-breadcrumbs\"><span class=\"aioseo-breadcrumb\">\n\t\t\t<a href=\"https:\/\/allasorias.hu\/hirek\" title=\"Home\">Home<\/a>\n\t\t<\/span><span class=\"aioseo-breadcrumb-separator\">&raquo;<\/span><span class=\"aioseo-breadcrumb\">\n\t\t\t<a href=\"https:\/\/allasorias.hu\/hirek\/temak\/allaskereses\/\" title=\"\u00c1ll\u00e1skeres\u00e9s\">\u00c1ll\u00e1skeres\u00e9s<\/a>\n\t\t<\/span><span class=\"aioseo-breadcrumb-separator\">&raquo;<\/span><span class=\"aioseo-breadcrumb\">\n\t\t\tKell a k\u00fclf\u00f6ldi munkaer\u0151?\n\t\t<\/span><\/div>","aioseo_breadcrumb_json":[{"label":"Home","link":"https:\/\/allasorias.hu\/hirek"},{"label":"\u00c1ll\u00e1skeres\u00e9s","link":"https:\/\/allasorias.hu\/hirek\/temak\/allaskereses\/"},{"label":"Kell a k\u00fclf\u00f6ldi munkaer\u0151?","link":"https:\/\/allasorias.hu\/hirek\/kell-a-kulfoldi-munkaero\/"}],"_links":{"self":[{"href":"https:\/\/allasorias.hu\/hirek\/wp-json\/wp\/v2\/posts\/2732","targetHints":{"allow":["GET"]}}],"collection":[{"href":"https:\/\/allasorias.hu\/hirek\/wp-json\/wp\/v2\/posts"}],"about":[{"href":"https:\/\/allasorias.hu\/hirek\/wp-json\/wp\/v2\/types\/post"}],"author":[{"embeddable":true,"href":"https:\/\/allasorias.hu\/hirek\/wp-json\/wp\/v2\/users\/1"}],"replies":[{"embeddable":true,"href":"https:\/\/allasorias.hu\/hirek\/wp-json\/wp\/v2\/comments?post=2732"}],"version-history":[{"count":1,"href":"https:\/\/allasorias.hu\/hirek\/wp-json\/wp\/v2\/posts\/2732\/revisions"}],"predecessor-version":[{"id":2734,"href":"https:\/\/allasorias.hu\/hirek\/wp-json\/wp\/v2\/posts\/2732\/revisions\/2734"}],"wp:featuredmedia":[{"embeddable":true,"href":"https:\/\/allasorias.hu\/hirek\/wp-json\/wp\/v2\/media\/2351"}],"wp:attachment":[{"href":"https:\/\/allasorias.hu\/hirek\/wp-json\/wp\/v2\/media?parent=2732"}],"wp:term":[{"taxonomy":"category","embeddable":true,"href":"https:\/\/allasorias.hu\/hirek\/wp-json\/wp\/v2\/categories?post=2732"},{"taxonomy":"post_tag","embeddable":true,"href":"https:\/\/allasorias.hu\/hirek\/wp-json\/wp\/v2\/tags?post=2732"}],"curies":[{"name":"wp","href":"https:\/\/api.w.org\/{rel}","templated":true}]}}