{"id":2725,"date":"2019-04-02T10:47:04","date_gmt":"2019-04-02T10:47:04","guid":{"rendered":"https:\/\/allasorias.hu\/hirek\/?p=2725"},"modified":"2025-05-07T10:41:04","modified_gmt":"2025-05-07T08:41:04","slug":"megtartani-a-munkaerot","status":"publish","type":"post","link":"https:\/\/allasorias.hu\/hirek\/megtartani-a-munkaerot\/","title":{"rendered":"Fontos megtartani a munkaer\u0151t"},"content":{"rendered":"<p><strong>A munkaad\u00f3k igyekeznek megtenni minden t\u0151l\u00fck telhet\u0151t, hogy megtarts\u00e1k a munkaer\u0151t, f\u0151k\u00e9nt ha\u00a0 a megfelel\u0151 v\u00e9gzetts\u00e9ggel, szaktud\u00e1ssal \u00e9s tapasztalattal rendelkezik. Tudni kell azonban, hogy a munkav\u00e1llal\u00f3knak melyek a val\u00f3s ig\u00e9nyeik, elv\u00e1r\u00e1saik a munkaad\u00f3val szemben.<\/strong><\/p>\n<p style=\"text-align: justify;\">A v\u00e1llalatok\u00a0 egyre ink\u00e1bb elkezdtek nyitott\u00e1 v\u00e1lni a munkav\u00e1llal\u00f3i \u00e9lm\u00e9ny fogalm\u00e1nak meg\u00e9rt\u00e9s\u00e9re, \u00e9s k\u00fcl\u00f6nb\u00f6z\u0151 gyakorlatban alkalmazhat\u00f3 eszk\u00f6zeinek, saj\u00e1t m\u0171k\u00f6d\u00e9s\u00fckbe val\u00f3 integr\u00e1l\u00e1s\u00e1ra. A munkav\u00e1llal\u00f3i \u00e9lm\u00e9ny a HR minden egyes ter\u00fclet\u00e9re kiterjed, \u00e9s a teljes munkav\u00e1llal\u00f3i \u00e9letciklust v\u00e9gig k\u00f6veti. A c\u00e9lok k\u00f6z\u00e9 tartozik a munk\u00e1ltat\u00f3 k\u00f6ztudatba val\u00f3 beintegr\u00e1l\u00e1sa, a pozit\u00edv meg\u00edt\u00e9l\u00e9s kialak\u00edt\u00e1sa, a potenci\u00e1lis munkav\u00e1llal\u00f3k figyelm\u00e9nek felkelt\u00e9se \u00e9s bevonz\u00e1sa, valamint a motiv\u00e1lts\u00e1g, el\u00e9gedetts\u00e9g \u00e9s munk\u00e1ltat\u00f3 fel\u00e9 val\u00f3 elk\u00f6telez\u0151d\u00e9s megteremt\u00e9se. A munkav\u00e1llal\u00f3i \u00e9lm\u00e9ny megteremt\u00e9s\u00e9nek igen gazdag eszk\u00f6zt\u00e1ra van. Ami minden eszk\u00f6z\u00e9re \u00e1ltal\u00e1nosan elmondhat\u00f3, hogy mindegyik konkr\u00e9t munkav\u00e9gz\u00e9shez, vagy munkahelyhez kapcsol\u00f3dik. M\u00edg a j\u00f3l\u00e9t megteremt\u00e9s\u00e9nek eszk\u00f6zei els\u0151 sorban a j\u00f3l\u00e9ti- \u00e9s juttat\u00e1si csomag elemeit \u00e9rintik, a munk\u00e1ltat\u00f3i m\u00e1rka\u00e9p\u00edt\u00e9shez pedig legink\u00e1bb a k\u00fcl\u00f6nb\u00f6z\u0151 kommunik\u00e1ci\u00f3s fel\u00fcletek kapcsol\u00f3dnak, a munkav\u00e1llal\u00f3i \u00e9lm\u00e9ny eszk\u00f6zei a munk\u00e1hoz kapcsol\u00f3d\u00f3 munkav\u00e1llal\u00f3i ig\u00e9nyek min\u00e9l jobb kiszolg\u00e1l\u00e1s\u00e1t hivatottak el\u0151seg\u00edteni. A munkav\u00e1llal\u00f3i j\u00f3l\u00e9t biztos\u00edt\u00e1sa \u00e9rdek\u00e9ben, teh\u00e1t a k\u00f6vetkez\u0151 eszk\u00f6z\u00f6ket lehet alkalmazni: Eg\u00e9szs\u00e9gmeg\u0151rz\u00e9s (pl.: sz\u0171r\u0151vizsg\u00e1latok, \u00e9letm\u00f3d tan\u00e1csad\u00e1s), k\u00f6z\u00f6ss\u00e9g\u00e9p\u00edt\u00e9s, cafeteria elemek, melyek az eg\u00e9szs\u00e9gmeg\u0151rz\u00e9st, \u00e9s a j\u00f3 k\u00f6z\u00e9rzetet t\u00e1mogatj\u00e1k. A munk\u00e1ltat\u00f3 m\u00e1rka\u00e9p\u00edt\u00e9s eszk\u00f6zei k\u00f6z\u00e9 tartoznak: k\u00f6z\u00f6ss\u00e9gi m\u00e9dia fel\u00fcletek akt\u00edv haszn\u00e1lata, m\u00e9di\u00e1ban val\u00f3 megjelen\u00e9s, az el\u00e9rt eredm\u00e9nyekhez, szakmai esem\u00e9nyekhez, elismer\u00e9sekhez kapcsol\u00f3d\u00f3an, j\u00f3t\u00e9kony, k\u00f6zhaszn\u00fa, tehets\u00e9ggondoz\u00f3 tev\u00e9kenys\u00e9gekben val\u00f3 \u00a0r\u00e9szv\u00e9tel, vagy ezek szponzor\u00e1ci\u00f3ja.<\/p>\n<p>Forr\u00e1s:hrportal.hu<\/p>\n","protected":false},"excerpt":{"rendered":"<p>A munkaad\u00f3k igyekeznek megtenni minden t\u0151l\u00fck telhet\u0151t, hogy megtarts\u00e1k a munkaer\u0151t, f\u0151k\u00e9nt ha\u00a0 a megfelel\u0151 v\u00e9gzetts\u00e9ggel, szaktud\u00e1ssal \u00e9s tapasztalattal rendelkezik. Tudni kell azonban, hogy a munkav\u00e1llal\u00f3knak melyek a val\u00f3s ig\u00e9nyeik, elv\u00e1r\u00e1saik a munkaad\u00f3val szemben. A v\u00e1llalatok\u00a0 egyre ink\u00e1bb elkezdtek nyitott\u00e1 v\u00e1lni a munkav\u00e1llal\u00f3i \u00e9lm\u00e9ny fogalm\u00e1nak meg\u00e9rt\u00e9s\u00e9re, \u00e9s k\u00fcl\u00f6nb\u00f6z\u0151 gyakorlatban alkalmazhat\u00f3 eszk\u00f6zeinek, saj\u00e1t m\u0171k\u00f6d\u00e9s\u00fckbe val\u00f3 integr\u00e1l\u00e1s\u00e1ra. [&hellip;]<\/p>\n","protected":false},"author":1,"featured_media":2200,"comment_status":"closed","ping_status":"closed","sticky":false,"template":"","format":"standard","meta":{"_monsterinsights_skip_tracking":false,"footnotes":""},"categories":[198,200],"tags":[],"class_list":["post-2725","post","type-post","status-publish","format-standard","has-post-thumbnail","hentry","category-gazdasag","category-munkaeropiac"],"aioseo_notices":[],"aioseo_head":"\n\t\t<!-- All in One SEO 5.0.0.1 - aioseo.com -->\n\t<meta name=\"description\" content=\"A munkaad\u00f3k igyekeznek megtenni minden t\u0151l\u00fck telhet\u0151t, hogy megtarts\u00e1k a munkaer\u0151t, f\u0151k\u00e9nt ha a megfelel\u0151 v\u00e9gzetts\u00e9ggel, szaktud\u00e1ssal \u00e9s tapasztalattal rendelkezik. Tudni kell azonban, hogy a munkav\u00e1llal\u00f3knak melyek a val\u00f3s ig\u00e9nyeik, elv\u00e1r\u00e1saik a munkaad\u00f3val szemben. A v\u00e1llalatok egyre ink\u00e1bb elkezdtek nyitott\u00e1 v\u00e1lni a munkav\u00e1llal\u00f3i \u00e9lm\u00e9ny fogalm\u00e1nak meg\u00e9rt\u00e9s\u00e9re, \u00e9s k\u00fcl\u00f6nb\u00f6z\u0151 gyakorlatban alkalmazhat\u00f3 eszk\u00f6zeinek, saj\u00e1t m\u0171k\u00f6d\u00e9s\u00fckbe val\u00f3 integr\u00e1l\u00e1s\u00e1ra.\" \/>\n\t<meta name=\"robots\" content=\"max-image-preview:large\" \/>\n\t<meta name=\"author\" content=\"Juh\u00e1sz P\u00e9ter\"\/>\n\t<link rel=\"canonical\" href=\"https:\/\/allasorias.hu\/hirek\/megtartani-a-munkaerot\/\" \/>\n\t<meta name=\"generator\" content=\"All in One SEO (AIOSEO) 5.0.0.1\" \/>\n\t\t<meta property=\"og:locale\" content=\"hu_HU\" \/>\n\t\t<meta property=\"og:site_name\" content=\"AllasOrias.hu | H\u00edrek-lapszemle | \u00dczleti h\u00edrek az \u00e1ll\u00e1s \u00e9s a munka vil\u00e1g\u00e1b\u00f3l\" \/>\n\t\t<meta property=\"og:type\" content=\"article\" \/>\n\t\t<meta property=\"og:title\" content=\"Fontos megtartani a munkaer\u0151t | AllasOrias.hu | H\u00edrek-lapszemle\" \/>\n\t\t<meta property=\"og:description\" content=\"A munkaad\u00f3k igyekeznek megtenni minden t\u0151l\u00fck telhet\u0151t, hogy megtarts\u00e1k a munkaer\u0151t, f\u0151k\u00e9nt ha a megfelel\u0151 v\u00e9gzetts\u00e9ggel, szaktud\u00e1ssal \u00e9s tapasztalattal rendelkezik. Tudni kell azonban, hogy a munkav\u00e1llal\u00f3knak melyek a val\u00f3s ig\u00e9nyeik, elv\u00e1r\u00e1saik a munkaad\u00f3val szemben. A v\u00e1llalatok egyre ink\u00e1bb elkezdtek nyitott\u00e1 v\u00e1lni a munkav\u00e1llal\u00f3i \u00e9lm\u00e9ny fogalm\u00e1nak meg\u00e9rt\u00e9s\u00e9re, \u00e9s k\u00fcl\u00f6nb\u00f6z\u0151 gyakorlatban alkalmazhat\u00f3 eszk\u00f6zeinek, saj\u00e1t m\u0171k\u00f6d\u00e9s\u00fckbe val\u00f3 integr\u00e1l\u00e1s\u00e1ra.\" \/>\n\t\t<meta property=\"og:url\" content=\"https:\/\/allasorias.hu\/hirek\/megtartani-a-munkaerot\/\" \/>\n\t\t<meta property=\"og:image\" content=\"https:\/\/allasorias.hu\/hirek\/wp-content\/uploads\/2018\/11\/pexels-photo-684387.jpeg\" \/>\n\t\t<meta property=\"og:image:secure_url\" content=\"https:\/\/allasorias.hu\/hirek\/wp-content\/uploads\/2018\/11\/pexels-photo-684387.jpeg\" \/>\n\t\t<meta property=\"og:image:width\" content=\"640\" \/>\n\t\t<meta property=\"og:image:height\" content=\"423\" \/>\n\t\t<meta property=\"article:published_time\" content=\"2019-04-02T10:47:04+00:00\" \/>\n\t\t<meta property=\"article:modified_time\" content=\"2025-05-07T08:41:04+00:00\" \/>\n\t\t<meta property=\"article:publisher\" content=\"https:\/\/www.facebook.com\/allasorias\" \/>\n\t\t<meta name=\"twitter:card\" content=\"summary_large_image\" \/>\n\t\t<meta name=\"twitter:title\" content=\"Fontos megtartani a munkaer\u0151t | AllasOrias.hu | H\u00edrek-lapszemle\" \/>\n\t\t<meta name=\"twitter:description\" content=\"A munkaad\u00f3k igyekeznek megtenni minden t\u0151l\u00fck telhet\u0151t, hogy megtarts\u00e1k a munkaer\u0151t, f\u0151k\u00e9nt ha a megfelel\u0151 v\u00e9gzetts\u00e9ggel, szaktud\u00e1ssal \u00e9s tapasztalattal rendelkezik. Tudni kell azonban, hogy a munkav\u00e1llal\u00f3knak melyek a val\u00f3s ig\u00e9nyeik, elv\u00e1r\u00e1saik a munkaad\u00f3val szemben. A v\u00e1llalatok egyre ink\u00e1bb elkezdtek nyitott\u00e1 v\u00e1lni a munkav\u00e1llal\u00f3i \u00e9lm\u00e9ny fogalm\u00e1nak meg\u00e9rt\u00e9s\u00e9re, \u00e9s k\u00fcl\u00f6nb\u00f6z\u0151 gyakorlatban alkalmazhat\u00f3 eszk\u00f6zeinek, saj\u00e1t m\u0171k\u00f6d\u00e9s\u00fckbe val\u00f3 integr\u00e1l\u00e1s\u00e1ra.\" \/>\n\t\t<meta name=\"twitter:image\" content=\"https:\/\/allasorias.hu\/hirek\/wp-content\/uploads\/2018\/11\/pexels-photo-684387.jpeg\" \/>\n\t\t<meta name=\"twitter:label1\" content=\"Written by\" \/>\n\t\t<meta name=\"twitter:data1\" content=\"Juh\u00e1sz P\u00e9ter\" \/>\n\t\t<meta name=\"twitter:label2\" content=\"Est. reading time\" \/>\n\t\t<meta name=\"twitter:data2\" content=\"2 minutes\" \/>\n\t\t<script type=\"application\/ld+json\" class=\"aioseo-schema\">\n\t\t\t{\"@context\":\"https:\\\/\\\/schema.org\",\"@graph\":[{\"@type\":\"Article\",\"@id\":\"https:\\\/\\\/allasorias.hu\\\/hirek\\\/megtartani-a-munkaerot\\\/#article\",\"name\":\"Fontos megtartani a munkaer\\u0151t | AllasOrias.hu | H\\u00edrek-lapszemle\",\"headline\":\"Fontos megtartani a munkaer\\u0151t\",\"author\":{\"@id\":\"https:\\\/\\\/allasorias.hu\\\/hirek\\\/author\\\/admin-allasorias\\\/#author\"},\"publisher\":{\"@id\":\"https:\\\/\\\/allasorias.hu\\\/hirek\\\/#organization\"},\"image\":{\"@type\":\"ImageObject\",\"url\":\"https:\\\/\\\/allasorias.hu\\\/hirek\\\/wp-content\\\/uploads\\\/2018\\\/11\\\/pexels-photo-684387.jpeg\",\"width\":640,\"height\":423},\"datePublished\":\"2019-04-02T10:47:04+02:00\",\"dateModified\":\"2025-05-07T10:41:04+02:00\",\"inLanguage\":\"hu-HU\",\"mainEntityOfPage\":{\"@id\":\"https:\\\/\\\/allasorias.hu\\\/hirek\\\/megtartani-a-munkaerot\\\/#webpage\"},\"isPartOf\":{\"@id\":\"https:\\\/\\\/allasorias.hu\\\/hirek\\\/megtartani-a-munkaerot\\\/#webpage\"},\"articleSection\":\"Gazdas\\u00e1g, Munkaer\\u0151piac\"},{\"@type\":\"BreadcrumbList\",\"@id\":\"https:\\\/\\\/allasorias.hu\\\/hirek\\\/megtartani-a-munkaerot\\\/#breadcrumblist\",\"itemListElement\":[{\"@type\":\"ListItem\",\"@id\":\"https:\\\/\\\/allasorias.hu\\\/hirek#listItem\",\"position\":1,\"name\":\"Home\",\"item\":\"https:\\\/\\\/allasorias.hu\\\/hirek\",\"nextItem\":{\"@type\":\"ListItem\",\"@id\":\"https:\\\/\\\/allasorias.hu\\\/hirek\\\/temak\\\/gazdasag\\\/#listItem\",\"name\":\"Gazdas\\u00e1g\"}},{\"@type\":\"ListItem\",\"@id\":\"https:\\\/\\\/allasorias.hu\\\/hirek\\\/temak\\\/gazdasag\\\/#listItem\",\"position\":2,\"name\":\"Gazdas\\u00e1g\",\"item\":\"https:\\\/\\\/allasorias.hu\\\/hirek\\\/temak\\\/gazdasag\\\/\",\"nextItem\":{\"@type\":\"ListItem\",\"@id\":\"https:\\\/\\\/allasorias.hu\\\/hirek\\\/megtartani-a-munkaerot\\\/#listItem\",\"name\":\"Fontos megtartani a munkaer\\u0151t\"},\"previousItem\":{\"@type\":\"ListItem\",\"@id\":\"https:\\\/\\\/allasorias.hu\\\/hirek#listItem\",\"name\":\"Home\"}},{\"@type\":\"ListItem\",\"@id\":\"https:\\\/\\\/allasorias.hu\\\/hirek\\\/megtartani-a-munkaerot\\\/#listItem\",\"position\":3,\"name\":\"Fontos megtartani a munkaer\\u0151t\",\"previousItem\":{\"@type\":\"ListItem\",\"@id\":\"https:\\\/\\\/allasorias.hu\\\/hirek\\\/temak\\\/gazdasag\\\/#listItem\",\"name\":\"Gazdas\\u00e1g\"}}]},{\"@type\":\"Organization\",\"@id\":\"https:\\\/\\\/allasorias.hu\\\/hirek\\\/#organization\",\"name\":\"AllasOrias.hu | H\\u00edrek-lapszemle\",\"description\":\"\\u00dczleti h\\u00edrek az \\u00e1ll\\u00e1s \\u00e9s a munka vil\\u00e1g\\u00e1b\\u00f3l\",\"url\":\"https:\\\/\\\/allasorias.hu\\\/hirek\\\/\",\"logo\":{\"@type\":\"ImageObject\",\"url\":\"https:\\\/\\\/allasorias.hu\\\/hirek\\\/wp-content\\\/uploads\\\/2022\\\/10\\\/allasorias_site_facebok_logo.png\",\"@id\":\"https:\\\/\\\/allasorias.hu\\\/hirek\\\/megtartani-a-munkaerot\\\/#organizationLogo\"},\"image\":{\"@id\":\"https:\\\/\\\/allasorias.hu\\\/hirek\\\/megtartani-a-munkaerot\\\/#organizationLogo\"},\"sameAs\":[\"https:\\\/\\\/www.facebook.com\\\/allasorias\",\"https:\\\/\\\/www.linkedin.com\\\/company\\\/allasorias\"]},{\"@type\":\"Person\",\"@id\":\"https:\\\/\\\/allasorias.hu\\\/hirek\\\/author\\\/admin-allasorias\\\/#author\",\"url\":\"https:\\\/\\\/allasorias.hu\\\/hirek\\\/author\\\/admin-allasorias\\\/\",\"name\":\"Juh\\u00e1sz P\\u00e9ter\",\"image\":{\"@type\":\"ImageObject\",\"@id\":\"https:\\\/\\\/allasorias.hu\\\/hirek\\\/megtartani-a-munkaerot\\\/#authorImage\",\"url\":\"https:\\\/\\\/secure.gravatar.com\\\/avatar\\\/36e6bcb83148978b992977cb0f54d22feb0cce8a0a849a9410532bb2623ba4c6?s=96&d=mm&r=g\",\"width\":96,\"height\":96,\"caption\":\"Juh\\u00e1sz P\\u00e9ter\"}},{\"@type\":\"WebPage\",\"@id\":\"https:\\\/\\\/allasorias.hu\\\/hirek\\\/megtartani-a-munkaerot\\\/#webpage\",\"url\":\"https:\\\/\\\/allasorias.hu\\\/hirek\\\/megtartani-a-munkaerot\\\/\",\"name\":\"Fontos megtartani a munkaer\\u0151t | AllasOrias.hu | H\\u00edrek-lapszemle\",\"description\":\"A munkaad\\u00f3k igyekeznek megtenni minden t\\u0151l\\u00fck telhet\\u0151t, hogy megtarts\\u00e1k a munkaer\\u0151t, f\\u0151k\\u00e9nt ha a megfelel\\u0151 v\\u00e9gzetts\\u00e9ggel, szaktud\\u00e1ssal \\u00e9s tapasztalattal rendelkezik. Tudni kell azonban, hogy a munkav\\u00e1llal\\u00f3knak melyek a val\\u00f3s ig\\u00e9nyeik, elv\\u00e1r\\u00e1saik a munkaad\\u00f3val szemben. A v\\u00e1llalatok egyre ink\\u00e1bb elkezdtek nyitott\\u00e1 v\\u00e1lni a munkav\\u00e1llal\\u00f3i \\u00e9lm\\u00e9ny fogalm\\u00e1nak meg\\u00e9rt\\u00e9s\\u00e9re, \\u00e9s k\\u00fcl\\u00f6nb\\u00f6z\\u0151 gyakorlatban alkalmazhat\\u00f3 eszk\\u00f6zeinek, saj\\u00e1t m\\u0171k\\u00f6d\\u00e9s\\u00fckbe val\\u00f3 integr\\u00e1l\\u00e1s\\u00e1ra.\",\"inLanguage\":\"hu-HU\",\"isPartOf\":{\"@id\":\"https:\\\/\\\/allasorias.hu\\\/hirek\\\/#website\"},\"breadcrumb\":{\"@id\":\"https:\\\/\\\/allasorias.hu\\\/hirek\\\/megtartani-a-munkaerot\\\/#breadcrumblist\"},\"author\":{\"@id\":\"https:\\\/\\\/allasorias.hu\\\/hirek\\\/author\\\/admin-allasorias\\\/#author\"},\"creator\":{\"@id\":\"https:\\\/\\\/allasorias.hu\\\/hirek\\\/author\\\/admin-allasorias\\\/#author\"},\"image\":{\"@type\":\"ImageObject\",\"url\":\"https:\\\/\\\/allasorias.hu\\\/hirek\\\/wp-content\\\/uploads\\\/2018\\\/11\\\/pexels-photo-684387.jpeg\",\"@id\":\"https:\\\/\\\/allasorias.hu\\\/hirek\\\/megtartani-a-munkaerot\\\/#mainImage\",\"width\":640,\"height\":423},\"primaryImageOfPage\":{\"@id\":\"https:\\\/\\\/allasorias.hu\\\/hirek\\\/megtartani-a-munkaerot\\\/#mainImage\"},\"datePublished\":\"2019-04-02T10:47:04+02:00\",\"dateModified\":\"2025-05-07T10:41:04+02:00\"},{\"@type\":\"WebSite\",\"@id\":\"https:\\\/\\\/allasorias.hu\\\/hirek\\\/#website\",\"url\":\"https:\\\/\\\/allasorias.hu\\\/hirek\\\/\",\"name\":\"AllasOrias.hu | H\\u00edrek-lapszemle\",\"description\":\"\\u00dczleti h\\u00edrek az \\u00e1ll\\u00e1s \\u00e9s a munka vil\\u00e1g\\u00e1b\\u00f3l\",\"inLanguage\":\"hu-HU\",\"publisher\":{\"@id\":\"https:\\\/\\\/allasorias.hu\\\/hirek\\\/#organization\"}}]}\n\t\t<\/script>\n\t\t<!-- All in One SEO -->\n\n","aioseo_head_json":{"title":"Fontos megtartani a munkaer\u0151t | AllasOrias.hu | H\u00edrek-lapszemle","description":"A munkaad\u00f3k igyekeznek megtenni minden t\u0151l\u00fck telhet\u0151t, hogy megtarts\u00e1k a munkaer\u0151t, f\u0151k\u00e9nt ha a megfelel\u0151 v\u00e9gzetts\u00e9ggel, szaktud\u00e1ssal \u00e9s tapasztalattal rendelkezik. Tudni kell azonban, hogy a munkav\u00e1llal\u00f3knak melyek a val\u00f3s ig\u00e9nyeik, elv\u00e1r\u00e1saik a munkaad\u00f3val szemben. A v\u00e1llalatok egyre ink\u00e1bb elkezdtek nyitott\u00e1 v\u00e1lni a munkav\u00e1llal\u00f3i \u00e9lm\u00e9ny fogalm\u00e1nak meg\u00e9rt\u00e9s\u00e9re, \u00e9s k\u00fcl\u00f6nb\u00f6z\u0151 gyakorlatban alkalmazhat\u00f3 eszk\u00f6zeinek, saj\u00e1t m\u0171k\u00f6d\u00e9s\u00fckbe val\u00f3 integr\u00e1l\u00e1s\u00e1ra.","canonical_url":"https:\/\/allasorias.hu\/hirek\/megtartani-a-munkaerot\/","robots":"max-image-preview:large","keywords":"","webmasterTools":{"miscellaneous":""},"schema":{"@context":"https:\/\/schema.org","@graph":[{"@type":"Article","@id":"https:\/\/allasorias.hu\/hirek\/megtartani-a-munkaerot\/#article","name":"Fontos megtartani a munkaer\u0151t | AllasOrias.hu | H\u00edrek-lapszemle","headline":"Fontos megtartani a munkaer\u0151t","author":{"@id":"https:\/\/allasorias.hu\/hirek\/author\/admin-allasorias\/#author"},"publisher":{"@id":"https:\/\/allasorias.hu\/hirek\/#organization"},"image":{"@type":"ImageObject","url":"https:\/\/allasorias.hu\/hirek\/wp-content\/uploads\/2018\/11\/pexels-photo-684387.jpeg","width":640,"height":423},"datePublished":"2019-04-02T10:47:04+02:00","dateModified":"2025-05-07T10:41:04+02:00","inLanguage":"hu-HU","mainEntityOfPage":{"@id":"https:\/\/allasorias.hu\/hirek\/megtartani-a-munkaerot\/#webpage"},"isPartOf":{"@id":"https:\/\/allasorias.hu\/hirek\/megtartani-a-munkaerot\/#webpage"},"articleSection":"Gazdas\u00e1g, Munkaer\u0151piac"},{"@type":"BreadcrumbList","@id":"https:\/\/allasorias.hu\/hirek\/megtartani-a-munkaerot\/#breadcrumblist","itemListElement":[{"@type":"ListItem","@id":"https:\/\/allasorias.hu\/hirek#listItem","position":1,"name":"Home","item":"https:\/\/allasorias.hu\/hirek","nextItem":{"@type":"ListItem","@id":"https:\/\/allasorias.hu\/hirek\/temak\/gazdasag\/#listItem","name":"Gazdas\u00e1g"}},{"@type":"ListItem","@id":"https:\/\/allasorias.hu\/hirek\/temak\/gazdasag\/#listItem","position":2,"name":"Gazdas\u00e1g","item":"https:\/\/allasorias.hu\/hirek\/temak\/gazdasag\/","nextItem":{"@type":"ListItem","@id":"https:\/\/allasorias.hu\/hirek\/megtartani-a-munkaerot\/#listItem","name":"Fontos megtartani a munkaer\u0151t"},"previousItem":{"@type":"ListItem","@id":"https:\/\/allasorias.hu\/hirek#listItem","name":"Home"}},{"@type":"ListItem","@id":"https:\/\/allasorias.hu\/hirek\/megtartani-a-munkaerot\/#listItem","position":3,"name":"Fontos megtartani a munkaer\u0151t","previousItem":{"@type":"ListItem","@id":"https:\/\/allasorias.hu\/hirek\/temak\/gazdasag\/#listItem","name":"Gazdas\u00e1g"}}]},{"@type":"Organization","@id":"https:\/\/allasorias.hu\/hirek\/#organization","name":"AllasOrias.hu | H\u00edrek-lapszemle","description":"\u00dczleti h\u00edrek az \u00e1ll\u00e1s \u00e9s a munka vil\u00e1g\u00e1b\u00f3l","url":"https:\/\/allasorias.hu\/hirek\/","logo":{"@type":"ImageObject","url":"https:\/\/allasorias.hu\/hirek\/wp-content\/uploads\/2022\/10\/allasorias_site_facebok_logo.png","@id":"https:\/\/allasorias.hu\/hirek\/megtartani-a-munkaerot\/#organizationLogo"},"image":{"@id":"https:\/\/allasorias.hu\/hirek\/megtartani-a-munkaerot\/#organizationLogo"},"sameAs":["https:\/\/www.facebook.com\/allasorias","https:\/\/www.linkedin.com\/company\/allasorias"]},{"@type":"Person","@id":"https:\/\/allasorias.hu\/hirek\/author\/admin-allasorias\/#author","url":"https:\/\/allasorias.hu\/hirek\/author\/admin-allasorias\/","name":"Juh\u00e1sz P\u00e9ter","image":{"@type":"ImageObject","@id":"https:\/\/allasorias.hu\/hirek\/megtartani-a-munkaerot\/#authorImage","url":"https:\/\/secure.gravatar.com\/avatar\/36e6bcb83148978b992977cb0f54d22feb0cce8a0a849a9410532bb2623ba4c6?s=96&d=mm&r=g","width":96,"height":96,"caption":"Juh\u00e1sz P\u00e9ter"}},{"@type":"WebPage","@id":"https:\/\/allasorias.hu\/hirek\/megtartani-a-munkaerot\/#webpage","url":"https:\/\/allasorias.hu\/hirek\/megtartani-a-munkaerot\/","name":"Fontos megtartani a munkaer\u0151t | AllasOrias.hu | H\u00edrek-lapszemle","description":"A munkaad\u00f3k igyekeznek megtenni minden t\u0151l\u00fck telhet\u0151t, hogy megtarts\u00e1k a munkaer\u0151t, f\u0151k\u00e9nt ha a megfelel\u0151 v\u00e9gzetts\u00e9ggel, szaktud\u00e1ssal \u00e9s tapasztalattal rendelkezik. Tudni kell azonban, hogy a munkav\u00e1llal\u00f3knak melyek a val\u00f3s ig\u00e9nyeik, elv\u00e1r\u00e1saik a munkaad\u00f3val szemben. A v\u00e1llalatok egyre ink\u00e1bb elkezdtek nyitott\u00e1 v\u00e1lni a munkav\u00e1llal\u00f3i \u00e9lm\u00e9ny fogalm\u00e1nak meg\u00e9rt\u00e9s\u00e9re, \u00e9s k\u00fcl\u00f6nb\u00f6z\u0151 gyakorlatban alkalmazhat\u00f3 eszk\u00f6zeinek, saj\u00e1t m\u0171k\u00f6d\u00e9s\u00fckbe val\u00f3 integr\u00e1l\u00e1s\u00e1ra.","inLanguage":"hu-HU","isPartOf":{"@id":"https:\/\/allasorias.hu\/hirek\/#website"},"breadcrumb":{"@id":"https:\/\/allasorias.hu\/hirek\/megtartani-a-munkaerot\/#breadcrumblist"},"author":{"@id":"https:\/\/allasorias.hu\/hirek\/author\/admin-allasorias\/#author"},"creator":{"@id":"https:\/\/allasorias.hu\/hirek\/author\/admin-allasorias\/#author"},"image":{"@type":"ImageObject","url":"https:\/\/allasorias.hu\/hirek\/wp-content\/uploads\/2018\/11\/pexels-photo-684387.jpeg","@id":"https:\/\/allasorias.hu\/hirek\/megtartani-a-munkaerot\/#mainImage","width":640,"height":423},"primaryImageOfPage":{"@id":"https:\/\/allasorias.hu\/hirek\/megtartani-a-munkaerot\/#mainImage"},"datePublished":"2019-04-02T10:47:04+02:00","dateModified":"2025-05-07T10:41:04+02:00"},{"@type":"WebSite","@id":"https:\/\/allasorias.hu\/hirek\/#website","url":"https:\/\/allasorias.hu\/hirek\/","name":"AllasOrias.hu | H\u00edrek-lapszemle","description":"\u00dczleti h\u00edrek az \u00e1ll\u00e1s \u00e9s a munka vil\u00e1g\u00e1b\u00f3l","inLanguage":"hu-HU","publisher":{"@id":"https:\/\/allasorias.hu\/hirek\/#organization"}}]},"og:locale":"hu_HU","og:site_name":"AllasOrias.hu | H\u00edrek-lapszemle | \u00dczleti h\u00edrek az \u00e1ll\u00e1s \u00e9s a munka vil\u00e1g\u00e1b\u00f3l","og:type":"article","og:title":"Fontos megtartani a munkaer\u0151t | AllasOrias.hu | H\u00edrek-lapszemle","og:description":"A munkaad\u00f3k igyekeznek megtenni minden t\u0151l\u00fck telhet\u0151t, hogy megtarts\u00e1k a munkaer\u0151t, f\u0151k\u00e9nt ha a megfelel\u0151 v\u00e9gzetts\u00e9ggel, szaktud\u00e1ssal \u00e9s tapasztalattal rendelkezik. Tudni kell azonban, hogy a munkav\u00e1llal\u00f3knak melyek a val\u00f3s ig\u00e9nyeik, elv\u00e1r\u00e1saik a munkaad\u00f3val szemben. A v\u00e1llalatok egyre ink\u00e1bb elkezdtek nyitott\u00e1 v\u00e1lni a munkav\u00e1llal\u00f3i \u00e9lm\u00e9ny fogalm\u00e1nak meg\u00e9rt\u00e9s\u00e9re, \u00e9s k\u00fcl\u00f6nb\u00f6z\u0151 gyakorlatban alkalmazhat\u00f3 eszk\u00f6zeinek, saj\u00e1t m\u0171k\u00f6d\u00e9s\u00fckbe val\u00f3 integr\u00e1l\u00e1s\u00e1ra.","og:url":"https:\/\/allasorias.hu\/hirek\/megtartani-a-munkaerot\/","og:image":"https:\/\/allasorias.hu\/hirek\/wp-content\/uploads\/2018\/11\/pexels-photo-684387.jpeg","og:image:secure_url":"https:\/\/allasorias.hu\/hirek\/wp-content\/uploads\/2018\/11\/pexels-photo-684387.jpeg","og:image:width":640,"og:image:height":423,"article:published_time":"2019-04-02T10:47:04+00:00","article:modified_time":"2025-05-07T08:41:04+00:00","article:publisher":"https:\/\/www.facebook.com\/allasorias","twitter:card":"summary_large_image","twitter:title":"Fontos megtartani a munkaer\u0151t | AllasOrias.hu | H\u00edrek-lapszemle","twitter:description":"A munkaad\u00f3k igyekeznek megtenni minden t\u0151l\u00fck telhet\u0151t, hogy megtarts\u00e1k a munkaer\u0151t, f\u0151k\u00e9nt ha a megfelel\u0151 v\u00e9gzetts\u00e9ggel, szaktud\u00e1ssal \u00e9s tapasztalattal rendelkezik. Tudni kell azonban, hogy a munkav\u00e1llal\u00f3knak melyek a val\u00f3s ig\u00e9nyeik, elv\u00e1r\u00e1saik a munkaad\u00f3val szemben. A v\u00e1llalatok egyre ink\u00e1bb elkezdtek nyitott\u00e1 v\u00e1lni a munkav\u00e1llal\u00f3i \u00e9lm\u00e9ny fogalm\u00e1nak meg\u00e9rt\u00e9s\u00e9re, \u00e9s k\u00fcl\u00f6nb\u00f6z\u0151 gyakorlatban alkalmazhat\u00f3 eszk\u00f6zeinek, saj\u00e1t m\u0171k\u00f6d\u00e9s\u00fckbe val\u00f3 integr\u00e1l\u00e1s\u00e1ra.","twitter:image":"https:\/\/allasorias.hu\/hirek\/wp-content\/uploads\/2018\/11\/pexels-photo-684387.jpeg","twitter:label1":"Written by","twitter:data1":"Juh\u00e1sz P\u00e9ter","twitter:label2":"Est. reading time","twitter:data2":"2 minutes"},"aioseo_meta_data":{"post_id":"2725","title":null,"description":null,"keywords":null,"keyphrases":{"focus":{"keyphrase":"","score":0,"analysis":{"keyphraseInTitle":{"score":0,"maxScore":9,"error":1}}},"additional":[]},"primary_term":null,"canonical_url":null,"og_title":null,"og_description":null,"og_object_type":"default","og_image_type":"default","og_image_url":null,"og_image_width":null,"og_image_height":null,"og_image_custom_url":null,"og_image_custom_fields":null,"og_video":"","og_custom_url":null,"og_article_section":null,"og_article_tags":null,"twitter_use_og":false,"twitter_card":"default","twitter_image_type":"default","twitter_image_url":null,"twitter_image_custom_url":null,"twitter_image_custom_fields":null,"twitter_title":null,"twitter_description":null,"schema":{"blockGraphs":[],"customGraphs":[],"default":{"data":{"Article":[],"Course":[],"Dataset":[],"FAQPage":[],"Movie":[],"Person":[],"Product":[],"ProductReview":[],"Car":[],"Recipe":[],"Service":[],"SoftwareApplication":[],"WebPage":[]},"graphName":"Article","isEnabled":true},"graphs":[],"defaultGraph":"","defaultPostTypeGraph":""},"schema_type":null,"schema_type_options":null,"pillar_content":false,"robots_default":true,"robots_noindex":false,"robots_noarchive":false,"robots_nosnippet":false,"robots_nofollow":false,"robots_noimageindex":false,"robots_noodp":false,"robots_notranslate":false,"robots_max_snippet":"-1","robots_max_videopreview":"-1","robots_max_imagepreview":"large","priority":null,"frequency":"default","location":null,"local_seo":null,"breadcrumb_settings":null,"limit_modified_date":false,"ai":null,"created":"2021-02-01 21:13:46","updated":"2025-10-02 10:29:47","seo_analyzer_scan_date":null,"focus_keyword":null,"additional_keywords":null,"truseo_locale":null},"aioseo_breadcrumb":"<div class=\"aioseo-breadcrumbs\"><span class=\"aioseo-breadcrumb\">\n\t\t\t<a href=\"https:\/\/allasorias.hu\/hirek\" title=\"Home\">Home<\/a>\n\t\t<\/span><span class=\"aioseo-breadcrumb-separator\">&raquo;<\/span><span class=\"aioseo-breadcrumb\">\n\t\t\t<a href=\"https:\/\/allasorias.hu\/hirek\/temak\/gazdasag\/\" title=\"Gazdas\u00e1g\">Gazdas\u00e1g<\/a>\n\t\t<\/span><span class=\"aioseo-breadcrumb-separator\">&raquo;<\/span><span class=\"aioseo-breadcrumb\">\n\t\t\tFontos megtartani a munkaer\u0151t\n\t\t<\/span><\/div>","aioseo_breadcrumb_json":[{"label":"Home","link":"https:\/\/allasorias.hu\/hirek"},{"label":"Gazdas\u00e1g","link":"https:\/\/allasorias.hu\/hirek\/temak\/gazdasag\/"},{"label":"Fontos megtartani a munkaer\u0151t","link":"https:\/\/allasorias.hu\/hirek\/megtartani-a-munkaerot\/"}],"_links":{"self":[{"href":"https:\/\/allasorias.hu\/hirek\/wp-json\/wp\/v2\/posts\/2725","targetHints":{"allow":["GET"]}}],"collection":[{"href":"https:\/\/allasorias.hu\/hirek\/wp-json\/wp\/v2\/posts"}],"about":[{"href":"https:\/\/allasorias.hu\/hirek\/wp-json\/wp\/v2\/types\/post"}],"author":[{"embeddable":true,"href":"https:\/\/allasorias.hu\/hirek\/wp-json\/wp\/v2\/users\/1"}],"replies":[{"embeddable":true,"href":"https:\/\/allasorias.hu\/hirek\/wp-json\/wp\/v2\/comments?post=2725"}],"version-history":[{"count":2,"href":"https:\/\/allasorias.hu\/hirek\/wp-json\/wp\/v2\/posts\/2725\/revisions"}],"predecessor-version":[{"id":8386,"href":"https:\/\/allasorias.hu\/hirek\/wp-json\/wp\/v2\/posts\/2725\/revisions\/8386"}],"wp:featuredmedia":[{"embeddable":true,"href":"https:\/\/allasorias.hu\/hirek\/wp-json\/wp\/v2\/media\/2200"}],"wp:attachment":[{"href":"https:\/\/allasorias.hu\/hirek\/wp-json\/wp\/v2\/media?parent=2725"}],"wp:term":[{"taxonomy":"category","embeddable":true,"href":"https:\/\/allasorias.hu\/hirek\/wp-json\/wp\/v2\/categories?post=2725"},{"taxonomy":"post_tag","embeddable":true,"href":"https:\/\/allasorias.hu\/hirek\/wp-json\/wp\/v2\/tags?post=2725"}],"curies":[{"name":"wp","href":"https:\/\/api.w.org\/{rel}","templated":true}]}}