{"id":2721,"date":"2019-04-01T09:20:51","date_gmt":"2019-04-01T09:20:51","guid":{"rendered":"https:\/\/allasorias.hu\/hirek\/?p=2721"},"modified":"2019-04-01T09:20:51","modified_gmt":"2019-04-01T09:20:51","slug":"hamarosan-beindul-a-diakmunka","status":"publish","type":"post","link":"https:\/\/allasorias.hu\/hirek\/hamarosan-beindul-a-diakmunka\/","title":{"rendered":"Hamarosan beindul a di\u00e1kmunka"},"content":{"rendered":"<p><strong>A fiataloknak elv\u00e1r\u00e1saik vannak a b\u00e9reket illet\u0151en, a di\u00e1kok nagy r\u00e9sze olyan munk\u00e1t keres, mellyel \u00f3r\u00e1nk\u00e9nt ezer Ft f\u00f6l\u00f6tti \u00f6sszeget kereshet. Vannak ter\u00fcletek, ahol nagy a t\u00faljelentkez\u00e9s, ez\u00e9rt az adott c\u00e9g t\u00f6bbk\u00f6r\u00f6s interj\u00fa sor\u00e1n d\u00f6nti el, hogy ki lesz a megfelel\u0151 munkav\u00e1llal\u00f3 &#8211; mondta el a Vil\u00e1ggazdas\u00e1gnak Kolozsv\u00e1ry J\u00falia, a M\u0170ISZ Iskolasz\u00f6vetkezet munkat\u00e1rsa.<\/strong><\/p>\n<p>Az iskolasz\u00f6vetkezet tapasztalatai szerint a ny\u00e1ri id\u0151szakban a k\u00f6z\u00e9piskol\u00e1kb\u00f3l felszabadul\u00f3 di\u00e1kok vannak t\u00f6bbs\u00e9gben, akik \u00e1ltal\u00e1ban a szaktud\u00e1st nem ig\u00e9nyl\u0151 munk\u00e1kat r\u00e9szes\u00edtik el\u0151nyben. A szakember a b\u00e9rekkel kapcsolatban kiemelte: a megb\u00edz\u00f3 c\u00e9gek heti minimum h\u00fasz \u00f3r\u00e1t v\u00e1rnak el a jelentkez\u0151t\u0151l. Egyes c\u00e9gek ink\u00e1bb ny\u00e1ron hajland\u00f3k emelni a b\u00e9reken, sokan pedig egy\u00e9b juttat\u00e1st biztos\u00edtanak, a di\u00e1kok p\u00e9ld\u00e1ul utaz\u00e1si t\u00e1mogat\u00e1st kapnak. Majzik N\u00e1ndor, a Mel\u00f3-Di\u00e1k Iskolasz\u00f6vetkezet c\u00e9gvezet\u0151je k\u00f6z\u00f6lte: a havi \u00e1tlagos ledolgozott \u00f3rasz\u00e1m az iskolasz\u00f6vetkezetn\u00e9l 40-60 \u00f3ra k\u00f6r\u00fcl alakul, de nagy a sz\u00f3r\u00e1s: vannak, akik csak \u00f6t-t\u00edz \u00f3r\u00e1t dolgoznak. Baksay-Szab\u00f3 \u00c1d\u00e1m, az Y Gener\u00e1ci\u00f3 Iskolasz\u00f6vetkezet igazgat\u00f3s\u00e1gi tagja is hasonl\u00f3 helyzetr\u0151l sz\u00e1molt be. A sz\u00f6vetkezetn\u00e9l tavasszal nagyj\u00e1b\u00f3l 20 sz\u00e1zal\u00e9kkal n\u0151 meg a munk\u00e1t keres\u0151k sz\u00e1ma.<\/p>\n<p>Forr\u00e1s: hrportal.hu<\/p>\n","protected":false},"excerpt":{"rendered":"<p>A fiataloknak elv\u00e1r\u00e1saik vannak a b\u00e9reket illet\u0151en, a di\u00e1kok nagy r\u00e9sze olyan munk\u00e1t keres, mellyel \u00f3r\u00e1nk\u00e9nt ezer Ft f\u00f6l\u00f6tti \u00f6sszeget kereshet. Vannak ter\u00fcletek, ahol nagy a t\u00faljelentkez\u00e9s, ez\u00e9rt az adott c\u00e9g t\u00f6bbk\u00f6r\u00f6s interj\u00fa sor\u00e1n d\u00f6nti el, hogy ki lesz a megfelel\u0151 munkav\u00e1llal\u00f3 &#8211; mondta el a Vil\u00e1ggazdas\u00e1gnak Kolozsv\u00e1ry J\u00falia, a M\u0170ISZ Iskolasz\u00f6vetkezet munkat\u00e1rsa. Az iskolasz\u00f6vetkezet [&hellip;]<\/p>\n","protected":false},"author":1,"featured_media":2408,"comment_status":"open","ping_status":"open","sticky":false,"template":"","format":"standard","meta":{"_monsterinsights_skip_tracking":false,"footnotes":""},"categories":[1,200],"tags":[],"class_list":["post-2721","post","type-post","status-publish","format-standard","has-post-thumbnail","hentry","category-allaskereses","category-munkaeropiac"],"aioseo_notices":[],"aioseo_head":"\n\t\t<!-- All in One SEO 5.0.0.1 - aioseo.com -->\n\t<meta name=\"description\" content=\"A fiataloknak elv\u00e1r\u00e1saik vannak a b\u00e9reket illet\u0151en, a di\u00e1kok nagy r\u00e9sze olyan munk\u00e1t keres, mellyel \u00f3r\u00e1nk\u00e9nt ezer Ft f\u00f6l\u00f6tti \u00f6sszeget kereshet. Vannak ter\u00fcletek, ahol nagy a t\u00faljelentkez\u00e9s, ez\u00e9rt az adott c\u00e9g t\u00f6bbk\u00f6r\u00f6s interj\u00fa sor\u00e1n d\u00f6nti el, hogy ki lesz a megfelel\u0151 munkav\u00e1llal\u00f3 - mondta el a Vil\u00e1ggazdas\u00e1gnak Kolozsv\u00e1ry J\u00falia, a M\u0170ISZ Iskolasz\u00f6vetkezet munkat\u00e1rsa. Az iskolasz\u00f6vetkezet\" \/>\n\t<meta name=\"robots\" content=\"max-image-preview:large\" \/>\n\t<meta name=\"author\" content=\"Juh\u00e1sz P\u00e9ter\"\/>\n\t<link rel=\"canonical\" href=\"https:\/\/allasorias.hu\/hirek\/hamarosan-beindul-a-diakmunka\/\" \/>\n\t<meta name=\"generator\" content=\"All in One SEO (AIOSEO) 5.0.0.1\" \/>\n\t\t<meta property=\"og:locale\" content=\"hu_HU\" \/>\n\t\t<meta property=\"og:site_name\" content=\"AllasOrias.hu | H\u00edrek-lapszemle | \u00dczleti h\u00edrek az \u00e1ll\u00e1s \u00e9s a munka vil\u00e1g\u00e1b\u00f3l\" \/>\n\t\t<meta property=\"og:type\" content=\"article\" \/>\n\t\t<meta property=\"og:title\" content=\"Hamarosan beindul a di\u00e1kmunka | AllasOrias.hu | H\u00edrek-lapszemle\" \/>\n\t\t<meta property=\"og:description\" content=\"A fiataloknak elv\u00e1r\u00e1saik vannak a b\u00e9reket illet\u0151en, a di\u00e1kok nagy r\u00e9sze olyan munk\u00e1t keres, mellyel \u00f3r\u00e1nk\u00e9nt ezer Ft f\u00f6l\u00f6tti \u00f6sszeget kereshet. Vannak ter\u00fcletek, ahol nagy a t\u00faljelentkez\u00e9s, ez\u00e9rt az adott c\u00e9g t\u00f6bbk\u00f6r\u00f6s interj\u00fa sor\u00e1n d\u00f6nti el, hogy ki lesz a megfelel\u0151 munkav\u00e1llal\u00f3 - mondta el a Vil\u00e1ggazdas\u00e1gnak Kolozsv\u00e1ry J\u00falia, a M\u0170ISZ Iskolasz\u00f6vetkezet munkat\u00e1rsa. Az iskolasz\u00f6vetkezet\" \/>\n\t\t<meta property=\"og:url\" content=\"https:\/\/allasorias.hu\/hirek\/hamarosan-beindul-a-diakmunka\/\" \/>\n\t\t<meta property=\"og:image\" content=\"https:\/\/allasorias.hu\/hirek\/wp-content\/uploads\/2019\/01\/ThinkstockPhotos-498016694.jpg\" \/>\n\t\t<meta property=\"og:image:secure_url\" content=\"https:\/\/allasorias.hu\/hirek\/wp-content\/uploads\/2019\/01\/ThinkstockPhotos-498016694.jpg\" \/>\n\t\t<meta property=\"og:image:width\" content=\"800\" \/>\n\t\t<meta property=\"og:image:height\" content=\"534\" \/>\n\t\t<meta property=\"article:published_time\" content=\"2019-04-01T09:20:51+00:00\" \/>\n\t\t<meta property=\"article:modified_time\" content=\"2019-04-01T09:20:51+00:00\" \/>\n\t\t<meta property=\"article:publisher\" content=\"https:\/\/www.facebook.com\/allasorias\" \/>\n\t\t<meta name=\"twitter:card\" content=\"summary_large_image\" \/>\n\t\t<meta name=\"twitter:title\" content=\"Hamarosan beindul a di\u00e1kmunka | AllasOrias.hu | H\u00edrek-lapszemle\" \/>\n\t\t<meta name=\"twitter:description\" content=\"A fiataloknak elv\u00e1r\u00e1saik vannak a b\u00e9reket illet\u0151en, a di\u00e1kok nagy r\u00e9sze olyan munk\u00e1t keres, mellyel \u00f3r\u00e1nk\u00e9nt ezer Ft f\u00f6l\u00f6tti \u00f6sszeget kereshet. Vannak ter\u00fcletek, ahol nagy a t\u00faljelentkez\u00e9s, ez\u00e9rt az adott c\u00e9g t\u00f6bbk\u00f6r\u00f6s interj\u00fa sor\u00e1n d\u00f6nti el, hogy ki lesz a megfelel\u0151 munkav\u00e1llal\u00f3 - mondta el a Vil\u00e1ggazdas\u00e1gnak Kolozsv\u00e1ry J\u00falia, a M\u0170ISZ Iskolasz\u00f6vetkezet munkat\u00e1rsa. Az iskolasz\u00f6vetkezet\" \/>\n\t\t<meta name=\"twitter:image\" content=\"https:\/\/allasorias.hu\/hirek\/wp-content\/uploads\/2019\/01\/ThinkstockPhotos-498016694.jpg\" \/>\n\t\t<meta name=\"twitter:label1\" content=\"Written by\" \/>\n\t\t<meta name=\"twitter:data1\" content=\"Juh\u00e1sz P\u00e9ter\" \/>\n\t\t<meta name=\"twitter:label2\" content=\"Est. reading time\" \/>\n\t\t<meta name=\"twitter:data2\" content=\"1 minute\" \/>\n\t\t<script type=\"application\/ld+json\" class=\"aioseo-schema\">\n\t\t\t{\"@context\":\"https:\\\/\\\/schema.org\",\"@graph\":[{\"@type\":\"Article\",\"@id\":\"https:\\\/\\\/allasorias.hu\\\/hirek\\\/hamarosan-beindul-a-diakmunka\\\/#article\",\"name\":\"Hamarosan beindul a di\\u00e1kmunka | AllasOrias.hu | H\\u00edrek-lapszemle\",\"headline\":\"Hamarosan beindul a di\\u00e1kmunka\",\"author\":{\"@id\":\"https:\\\/\\\/allasorias.hu\\\/hirek\\\/author\\\/admin-allasorias\\\/#author\"},\"publisher\":{\"@id\":\"https:\\\/\\\/allasorias.hu\\\/hirek\\\/#organization\"},\"image\":{\"@type\":\"ImageObject\",\"url\":\"https:\\\/\\\/allasorias.hu\\\/hirek\\\/wp-content\\\/uploads\\\/2019\\\/01\\\/ThinkstockPhotos-498016694.jpg\",\"width\":800,\"height\":534,\"caption\":\"Portrait of a young sales clerk in a market store\"},\"datePublished\":\"2019-04-01T09:20:51+02:00\",\"dateModified\":\"2019-04-01T09:20:51+02:00\",\"inLanguage\":\"hu-HU\",\"mainEntityOfPage\":{\"@id\":\"https:\\\/\\\/allasorias.hu\\\/hirek\\\/hamarosan-beindul-a-diakmunka\\\/#webpage\"},\"isPartOf\":{\"@id\":\"https:\\\/\\\/allasorias.hu\\\/hirek\\\/hamarosan-beindul-a-diakmunka\\\/#webpage\"},\"articleSection\":\"\\u00c1ll\\u00e1skeres\\u00e9s, Munkaer\\u0151piac\"},{\"@type\":\"BreadcrumbList\",\"@id\":\"https:\\\/\\\/allasorias.hu\\\/hirek\\\/hamarosan-beindul-a-diakmunka\\\/#breadcrumblist\",\"itemListElement\":[{\"@type\":\"ListItem\",\"@id\":\"https:\\\/\\\/allasorias.hu\\\/hirek#listItem\",\"position\":1,\"name\":\"Home\",\"item\":\"https:\\\/\\\/allasorias.hu\\\/hirek\",\"nextItem\":{\"@type\":\"ListItem\",\"@id\":\"https:\\\/\\\/allasorias.hu\\\/hirek\\\/temak\\\/allaskereses\\\/#listItem\",\"name\":\"\\u00c1ll\\u00e1skeres\\u00e9s\"}},{\"@type\":\"ListItem\",\"@id\":\"https:\\\/\\\/allasorias.hu\\\/hirek\\\/temak\\\/allaskereses\\\/#listItem\",\"position\":2,\"name\":\"\\u00c1ll\\u00e1skeres\\u00e9s\",\"item\":\"https:\\\/\\\/allasorias.hu\\\/hirek\\\/temak\\\/allaskereses\\\/\",\"nextItem\":{\"@type\":\"ListItem\",\"@id\":\"https:\\\/\\\/allasorias.hu\\\/hirek\\\/hamarosan-beindul-a-diakmunka\\\/#listItem\",\"name\":\"Hamarosan beindul a di\\u00e1kmunka\"},\"previousItem\":{\"@type\":\"ListItem\",\"@id\":\"https:\\\/\\\/allasorias.hu\\\/hirek#listItem\",\"name\":\"Home\"}},{\"@type\":\"ListItem\",\"@id\":\"https:\\\/\\\/allasorias.hu\\\/hirek\\\/hamarosan-beindul-a-diakmunka\\\/#listItem\",\"position\":3,\"name\":\"Hamarosan beindul a di\\u00e1kmunka\",\"previousItem\":{\"@type\":\"ListItem\",\"@id\":\"https:\\\/\\\/allasorias.hu\\\/hirek\\\/temak\\\/allaskereses\\\/#listItem\",\"name\":\"\\u00c1ll\\u00e1skeres\\u00e9s\"}}]},{\"@type\":\"Organization\",\"@id\":\"https:\\\/\\\/allasorias.hu\\\/hirek\\\/#organization\",\"name\":\"AllasOrias.hu | H\\u00edrek-lapszemle\",\"description\":\"\\u00dczleti h\\u00edrek az \\u00e1ll\\u00e1s \\u00e9s a munka vil\\u00e1g\\u00e1b\\u00f3l\",\"url\":\"https:\\\/\\\/allasorias.hu\\\/hirek\\\/\",\"logo\":{\"@type\":\"ImageObject\",\"url\":\"https:\\\/\\\/allasorias.hu\\\/hirek\\\/wp-content\\\/uploads\\\/2022\\\/10\\\/allasorias_site_facebok_logo.png\",\"@id\":\"https:\\\/\\\/allasorias.hu\\\/hirek\\\/hamarosan-beindul-a-diakmunka\\\/#organizationLogo\"},\"image\":{\"@id\":\"https:\\\/\\\/allasorias.hu\\\/hirek\\\/hamarosan-beindul-a-diakmunka\\\/#organizationLogo\"},\"sameAs\":[\"https:\\\/\\\/www.facebook.com\\\/allasorias\",\"https:\\\/\\\/www.linkedin.com\\\/company\\\/allasorias\"]},{\"@type\":\"Person\",\"@id\":\"https:\\\/\\\/allasorias.hu\\\/hirek\\\/author\\\/admin-allasorias\\\/#author\",\"url\":\"https:\\\/\\\/allasorias.hu\\\/hirek\\\/author\\\/admin-allasorias\\\/\",\"name\":\"Juh\\u00e1sz P\\u00e9ter\",\"image\":{\"@type\":\"ImageObject\",\"@id\":\"https:\\\/\\\/allasorias.hu\\\/hirek\\\/hamarosan-beindul-a-diakmunka\\\/#authorImage\",\"url\":\"https:\\\/\\\/secure.gravatar.com\\\/avatar\\\/36e6bcb83148978b992977cb0f54d22feb0cce8a0a849a9410532bb2623ba4c6?s=96&d=mm&r=g\",\"width\":96,\"height\":96,\"caption\":\"Juh\\u00e1sz P\\u00e9ter\"}},{\"@type\":\"WebPage\",\"@id\":\"https:\\\/\\\/allasorias.hu\\\/hirek\\\/hamarosan-beindul-a-diakmunka\\\/#webpage\",\"url\":\"https:\\\/\\\/allasorias.hu\\\/hirek\\\/hamarosan-beindul-a-diakmunka\\\/\",\"name\":\"Hamarosan beindul a di\\u00e1kmunka | AllasOrias.hu | H\\u00edrek-lapszemle\",\"description\":\"A fiataloknak elv\\u00e1r\\u00e1saik vannak a b\\u00e9reket illet\\u0151en, a di\\u00e1kok nagy r\\u00e9sze olyan munk\\u00e1t keres, mellyel \\u00f3r\\u00e1nk\\u00e9nt ezer Ft f\\u00f6l\\u00f6tti \\u00f6sszeget kereshet. Vannak ter\\u00fcletek, ahol nagy a t\\u00faljelentkez\\u00e9s, ez\\u00e9rt az adott c\\u00e9g t\\u00f6bbk\\u00f6r\\u00f6s interj\\u00fa sor\\u00e1n d\\u00f6nti el, hogy ki lesz a megfelel\\u0151 munkav\\u00e1llal\\u00f3 - mondta el a Vil\\u00e1ggazdas\\u00e1gnak Kolozsv\\u00e1ry J\\u00falia, a M\\u0170ISZ Iskolasz\\u00f6vetkezet munkat\\u00e1rsa. Az iskolasz\\u00f6vetkezet\",\"inLanguage\":\"hu-HU\",\"isPartOf\":{\"@id\":\"https:\\\/\\\/allasorias.hu\\\/hirek\\\/#website\"},\"breadcrumb\":{\"@id\":\"https:\\\/\\\/allasorias.hu\\\/hirek\\\/hamarosan-beindul-a-diakmunka\\\/#breadcrumblist\"},\"author\":{\"@id\":\"https:\\\/\\\/allasorias.hu\\\/hirek\\\/author\\\/admin-allasorias\\\/#author\"},\"creator\":{\"@id\":\"https:\\\/\\\/allasorias.hu\\\/hirek\\\/author\\\/admin-allasorias\\\/#author\"},\"image\":{\"@type\":\"ImageObject\",\"url\":\"https:\\\/\\\/allasorias.hu\\\/hirek\\\/wp-content\\\/uploads\\\/2019\\\/01\\\/ThinkstockPhotos-498016694.jpg\",\"@id\":\"https:\\\/\\\/allasorias.hu\\\/hirek\\\/hamarosan-beindul-a-diakmunka\\\/#mainImage\",\"width\":800,\"height\":534,\"caption\":\"Portrait of a young sales clerk in a market store\"},\"primaryImageOfPage\":{\"@id\":\"https:\\\/\\\/allasorias.hu\\\/hirek\\\/hamarosan-beindul-a-diakmunka\\\/#mainImage\"},\"datePublished\":\"2019-04-01T09:20:51+02:00\",\"dateModified\":\"2019-04-01T09:20:51+02:00\"},{\"@type\":\"WebSite\",\"@id\":\"https:\\\/\\\/allasorias.hu\\\/hirek\\\/#website\",\"url\":\"https:\\\/\\\/allasorias.hu\\\/hirek\\\/\",\"name\":\"AllasOrias.hu | H\\u00edrek-lapszemle\",\"description\":\"\\u00dczleti h\\u00edrek az \\u00e1ll\\u00e1s \\u00e9s a munka vil\\u00e1g\\u00e1b\\u00f3l\",\"inLanguage\":\"hu-HU\",\"publisher\":{\"@id\":\"https:\\\/\\\/allasorias.hu\\\/hirek\\\/#organization\"}}]}\n\t\t<\/script>\n\t\t<!-- All in One SEO -->\n\n","aioseo_head_json":{"title":"Hamarosan beindul a di\u00e1kmunka | AllasOrias.hu | H\u00edrek-lapszemle","description":"A fiataloknak elv\u00e1r\u00e1saik vannak a b\u00e9reket illet\u0151en, a di\u00e1kok nagy r\u00e9sze olyan munk\u00e1t keres, mellyel \u00f3r\u00e1nk\u00e9nt ezer Ft f\u00f6l\u00f6tti \u00f6sszeget kereshet. Vannak ter\u00fcletek, ahol nagy a t\u00faljelentkez\u00e9s, ez\u00e9rt az adott c\u00e9g t\u00f6bbk\u00f6r\u00f6s interj\u00fa sor\u00e1n d\u00f6nti el, hogy ki lesz a megfelel\u0151 munkav\u00e1llal\u00f3 - mondta el a Vil\u00e1ggazdas\u00e1gnak Kolozsv\u00e1ry J\u00falia, a M\u0170ISZ Iskolasz\u00f6vetkezet munkat\u00e1rsa. Az iskolasz\u00f6vetkezet","canonical_url":"https:\/\/allasorias.hu\/hirek\/hamarosan-beindul-a-diakmunka\/","robots":"max-image-preview:large","keywords":"","webmasterTools":{"miscellaneous":""},"schema":{"@context":"https:\/\/schema.org","@graph":[{"@type":"Article","@id":"https:\/\/allasorias.hu\/hirek\/hamarosan-beindul-a-diakmunka\/#article","name":"Hamarosan beindul a di\u00e1kmunka | AllasOrias.hu | H\u00edrek-lapszemle","headline":"Hamarosan beindul a di\u00e1kmunka","author":{"@id":"https:\/\/allasorias.hu\/hirek\/author\/admin-allasorias\/#author"},"publisher":{"@id":"https:\/\/allasorias.hu\/hirek\/#organization"},"image":{"@type":"ImageObject","url":"https:\/\/allasorias.hu\/hirek\/wp-content\/uploads\/2019\/01\/ThinkstockPhotos-498016694.jpg","width":800,"height":534,"caption":"Portrait of a young sales clerk in a market store"},"datePublished":"2019-04-01T09:20:51+02:00","dateModified":"2019-04-01T09:20:51+02:00","inLanguage":"hu-HU","mainEntityOfPage":{"@id":"https:\/\/allasorias.hu\/hirek\/hamarosan-beindul-a-diakmunka\/#webpage"},"isPartOf":{"@id":"https:\/\/allasorias.hu\/hirek\/hamarosan-beindul-a-diakmunka\/#webpage"},"articleSection":"\u00c1ll\u00e1skeres\u00e9s, Munkaer\u0151piac"},{"@type":"BreadcrumbList","@id":"https:\/\/allasorias.hu\/hirek\/hamarosan-beindul-a-diakmunka\/#breadcrumblist","itemListElement":[{"@type":"ListItem","@id":"https:\/\/allasorias.hu\/hirek#listItem","position":1,"name":"Home","item":"https:\/\/allasorias.hu\/hirek","nextItem":{"@type":"ListItem","@id":"https:\/\/allasorias.hu\/hirek\/temak\/allaskereses\/#listItem","name":"\u00c1ll\u00e1skeres\u00e9s"}},{"@type":"ListItem","@id":"https:\/\/allasorias.hu\/hirek\/temak\/allaskereses\/#listItem","position":2,"name":"\u00c1ll\u00e1skeres\u00e9s","item":"https:\/\/allasorias.hu\/hirek\/temak\/allaskereses\/","nextItem":{"@type":"ListItem","@id":"https:\/\/allasorias.hu\/hirek\/hamarosan-beindul-a-diakmunka\/#listItem","name":"Hamarosan beindul a di\u00e1kmunka"},"previousItem":{"@type":"ListItem","@id":"https:\/\/allasorias.hu\/hirek#listItem","name":"Home"}},{"@type":"ListItem","@id":"https:\/\/allasorias.hu\/hirek\/hamarosan-beindul-a-diakmunka\/#listItem","position":3,"name":"Hamarosan beindul a di\u00e1kmunka","previousItem":{"@type":"ListItem","@id":"https:\/\/allasorias.hu\/hirek\/temak\/allaskereses\/#listItem","name":"\u00c1ll\u00e1skeres\u00e9s"}}]},{"@type":"Organization","@id":"https:\/\/allasorias.hu\/hirek\/#organization","name":"AllasOrias.hu | H\u00edrek-lapszemle","description":"\u00dczleti h\u00edrek az \u00e1ll\u00e1s \u00e9s a munka vil\u00e1g\u00e1b\u00f3l","url":"https:\/\/allasorias.hu\/hirek\/","logo":{"@type":"ImageObject","url":"https:\/\/allasorias.hu\/hirek\/wp-content\/uploads\/2022\/10\/allasorias_site_facebok_logo.png","@id":"https:\/\/allasorias.hu\/hirek\/hamarosan-beindul-a-diakmunka\/#organizationLogo"},"image":{"@id":"https:\/\/allasorias.hu\/hirek\/hamarosan-beindul-a-diakmunka\/#organizationLogo"},"sameAs":["https:\/\/www.facebook.com\/allasorias","https:\/\/www.linkedin.com\/company\/allasorias"]},{"@type":"Person","@id":"https:\/\/allasorias.hu\/hirek\/author\/admin-allasorias\/#author","url":"https:\/\/allasorias.hu\/hirek\/author\/admin-allasorias\/","name":"Juh\u00e1sz P\u00e9ter","image":{"@type":"ImageObject","@id":"https:\/\/allasorias.hu\/hirek\/hamarosan-beindul-a-diakmunka\/#authorImage","url":"https:\/\/secure.gravatar.com\/avatar\/36e6bcb83148978b992977cb0f54d22feb0cce8a0a849a9410532bb2623ba4c6?s=96&d=mm&r=g","width":96,"height":96,"caption":"Juh\u00e1sz P\u00e9ter"}},{"@type":"WebPage","@id":"https:\/\/allasorias.hu\/hirek\/hamarosan-beindul-a-diakmunka\/#webpage","url":"https:\/\/allasorias.hu\/hirek\/hamarosan-beindul-a-diakmunka\/","name":"Hamarosan beindul a di\u00e1kmunka | AllasOrias.hu | H\u00edrek-lapszemle","description":"A fiataloknak elv\u00e1r\u00e1saik vannak a b\u00e9reket illet\u0151en, a di\u00e1kok nagy r\u00e9sze olyan munk\u00e1t keres, mellyel \u00f3r\u00e1nk\u00e9nt ezer Ft f\u00f6l\u00f6tti \u00f6sszeget kereshet. Vannak ter\u00fcletek, ahol nagy a t\u00faljelentkez\u00e9s, ez\u00e9rt az adott c\u00e9g t\u00f6bbk\u00f6r\u00f6s interj\u00fa sor\u00e1n d\u00f6nti el, hogy ki lesz a megfelel\u0151 munkav\u00e1llal\u00f3 - mondta el a Vil\u00e1ggazdas\u00e1gnak Kolozsv\u00e1ry J\u00falia, a M\u0170ISZ Iskolasz\u00f6vetkezet munkat\u00e1rsa. Az iskolasz\u00f6vetkezet","inLanguage":"hu-HU","isPartOf":{"@id":"https:\/\/allasorias.hu\/hirek\/#website"},"breadcrumb":{"@id":"https:\/\/allasorias.hu\/hirek\/hamarosan-beindul-a-diakmunka\/#breadcrumblist"},"author":{"@id":"https:\/\/allasorias.hu\/hirek\/author\/admin-allasorias\/#author"},"creator":{"@id":"https:\/\/allasorias.hu\/hirek\/author\/admin-allasorias\/#author"},"image":{"@type":"ImageObject","url":"https:\/\/allasorias.hu\/hirek\/wp-content\/uploads\/2019\/01\/ThinkstockPhotos-498016694.jpg","@id":"https:\/\/allasorias.hu\/hirek\/hamarosan-beindul-a-diakmunka\/#mainImage","width":800,"height":534,"caption":"Portrait of a young sales clerk in a market store"},"primaryImageOfPage":{"@id":"https:\/\/allasorias.hu\/hirek\/hamarosan-beindul-a-diakmunka\/#mainImage"},"datePublished":"2019-04-01T09:20:51+02:00","dateModified":"2019-04-01T09:20:51+02:00"},{"@type":"WebSite","@id":"https:\/\/allasorias.hu\/hirek\/#website","url":"https:\/\/allasorias.hu\/hirek\/","name":"AllasOrias.hu | H\u00edrek-lapszemle","description":"\u00dczleti h\u00edrek az \u00e1ll\u00e1s \u00e9s a munka vil\u00e1g\u00e1b\u00f3l","inLanguage":"hu-HU","publisher":{"@id":"https:\/\/allasorias.hu\/hirek\/#organization"}}]},"og:locale":"hu_HU","og:site_name":"AllasOrias.hu | H\u00edrek-lapszemle | \u00dczleti h\u00edrek az \u00e1ll\u00e1s \u00e9s a munka vil\u00e1g\u00e1b\u00f3l","og:type":"article","og:title":"Hamarosan beindul a di\u00e1kmunka | AllasOrias.hu | H\u00edrek-lapszemle","og:description":"A fiataloknak elv\u00e1r\u00e1saik vannak a b\u00e9reket illet\u0151en, a di\u00e1kok nagy r\u00e9sze olyan munk\u00e1t keres, mellyel \u00f3r\u00e1nk\u00e9nt ezer Ft f\u00f6l\u00f6tti \u00f6sszeget kereshet. Vannak ter\u00fcletek, ahol nagy a t\u00faljelentkez\u00e9s, ez\u00e9rt az adott c\u00e9g t\u00f6bbk\u00f6r\u00f6s interj\u00fa sor\u00e1n d\u00f6nti el, hogy ki lesz a megfelel\u0151 munkav\u00e1llal\u00f3 - mondta el a Vil\u00e1ggazdas\u00e1gnak Kolozsv\u00e1ry J\u00falia, a M\u0170ISZ Iskolasz\u00f6vetkezet munkat\u00e1rsa. Az iskolasz\u00f6vetkezet","og:url":"https:\/\/allasorias.hu\/hirek\/hamarosan-beindul-a-diakmunka\/","og:image":"https:\/\/allasorias.hu\/hirek\/wp-content\/uploads\/2019\/01\/ThinkstockPhotos-498016694.jpg","og:image:secure_url":"https:\/\/allasorias.hu\/hirek\/wp-content\/uploads\/2019\/01\/ThinkstockPhotos-498016694.jpg","og:image:width":800,"og:image:height":534,"article:published_time":"2019-04-01T09:20:51+00:00","article:modified_time":"2019-04-01T09:20:51+00:00","article:publisher":"https:\/\/www.facebook.com\/allasorias","twitter:card":"summary_large_image","twitter:title":"Hamarosan beindul a di\u00e1kmunka | AllasOrias.hu | H\u00edrek-lapszemle","twitter:description":"A fiataloknak elv\u00e1r\u00e1saik vannak a b\u00e9reket illet\u0151en, a di\u00e1kok nagy r\u00e9sze olyan munk\u00e1t keres, mellyel \u00f3r\u00e1nk\u00e9nt ezer Ft f\u00f6l\u00f6tti \u00f6sszeget kereshet. Vannak ter\u00fcletek, ahol nagy a t\u00faljelentkez\u00e9s, ez\u00e9rt az adott c\u00e9g t\u00f6bbk\u00f6r\u00f6s interj\u00fa sor\u00e1n d\u00f6nti el, hogy ki lesz a megfelel\u0151 munkav\u00e1llal\u00f3 - mondta el a Vil\u00e1ggazdas\u00e1gnak Kolozsv\u00e1ry J\u00falia, a M\u0170ISZ Iskolasz\u00f6vetkezet munkat\u00e1rsa. Az iskolasz\u00f6vetkezet","twitter:image":"https:\/\/allasorias.hu\/hirek\/wp-content\/uploads\/2019\/01\/ThinkstockPhotos-498016694.jpg","twitter:label1":"Written by","twitter:data1":"Juh\u00e1sz P\u00e9ter","twitter:label2":"Est. reading time","twitter:data2":"1 minute"},"aioseo_meta_data":{"post_id":"2721","title":null,"description":null,"keywords":null,"keyphrases":null,"primary_term":null,"canonical_url":null,"og_title":null,"og_description":null,"og_object_type":"default","og_image_type":"default","og_image_url":null,"og_image_width":null,"og_image_height":null,"og_image_custom_url":null,"og_image_custom_fields":null,"og_video":null,"og_custom_url":null,"og_article_section":null,"og_article_tags":null,"twitter_use_og":false,"twitter_card":"default","twitter_image_type":"default","twitter_image_url":null,"twitter_image_custom_url":null,"twitter_image_custom_fields":null,"twitter_title":null,"twitter_description":null,"schema":{"blockGraphs":[],"customGraphs":[],"default":{"data":{"Article":[],"Course":[],"Dataset":[],"FAQPage":[],"Movie":[],"Person":[],"Product":[],"ProductReview":[],"Car":[],"Recipe":[],"Service":[],"SoftwareApplication":[],"WebPage":[]},"graphName":"","isEnabled":true},"graphs":[],"defaultGraph":"","defaultPostTypeGraph":""},"schema_type":null,"schema_type_options":null,"pillar_content":false,"robots_default":true,"robots_noindex":false,"robots_noarchive":false,"robots_nosnippet":false,"robots_nofollow":false,"robots_noimageindex":false,"robots_noodp":false,"robots_notranslate":false,"robots_max_snippet":null,"robots_max_videopreview":null,"robots_max_imagepreview":"large","priority":null,"frequency":null,"location":null,"local_seo":null,"breadcrumb_settings":null,"limit_modified_date":false,"ai":null,"created":"2021-02-01 21:13:46","updated":"2025-10-02 10:27:42","seo_analyzer_scan_date":null,"focus_keyword":null,"additional_keywords":null,"truseo_locale":null},"aioseo_breadcrumb":"<div class=\"aioseo-breadcrumbs\"><span class=\"aioseo-breadcrumb\">\n\t\t\t<a href=\"https:\/\/allasorias.hu\/hirek\" title=\"Home\">Home<\/a>\n\t\t<\/span><span class=\"aioseo-breadcrumb-separator\">&raquo;<\/span><span class=\"aioseo-breadcrumb\">\n\t\t\t<a href=\"https:\/\/allasorias.hu\/hirek\/temak\/allaskereses\/\" title=\"\u00c1ll\u00e1skeres\u00e9s\">\u00c1ll\u00e1skeres\u00e9s<\/a>\n\t\t<\/span><span class=\"aioseo-breadcrumb-separator\">&raquo;<\/span><span class=\"aioseo-breadcrumb\">\n\t\t\tHamarosan beindul a di\u00e1kmunka\n\t\t<\/span><\/div>","aioseo_breadcrumb_json":[{"label":"Home","link":"https:\/\/allasorias.hu\/hirek"},{"label":"\u00c1ll\u00e1skeres\u00e9s","link":"https:\/\/allasorias.hu\/hirek\/temak\/allaskereses\/"},{"label":"Hamarosan beindul a di\u00e1kmunka","link":"https:\/\/allasorias.hu\/hirek\/hamarosan-beindul-a-diakmunka\/"}],"_links":{"self":[{"href":"https:\/\/allasorias.hu\/hirek\/wp-json\/wp\/v2\/posts\/2721","targetHints":{"allow":["GET"]}}],"collection":[{"href":"https:\/\/allasorias.hu\/hirek\/wp-json\/wp\/v2\/posts"}],"about":[{"href":"https:\/\/allasorias.hu\/hirek\/wp-json\/wp\/v2\/types\/post"}],"author":[{"embeddable":true,"href":"https:\/\/allasorias.hu\/hirek\/wp-json\/wp\/v2\/users\/1"}],"replies":[{"embeddable":true,"href":"https:\/\/allasorias.hu\/hirek\/wp-json\/wp\/v2\/comments?post=2721"}],"version-history":[{"count":1,"href":"https:\/\/allasorias.hu\/hirek\/wp-json\/wp\/v2\/posts\/2721\/revisions"}],"predecessor-version":[{"id":2722,"href":"https:\/\/allasorias.hu\/hirek\/wp-json\/wp\/v2\/posts\/2721\/revisions\/2722"}],"wp:featuredmedia":[{"embeddable":true,"href":"https:\/\/allasorias.hu\/hirek\/wp-json\/wp\/v2\/media\/2408"}],"wp:attachment":[{"href":"https:\/\/allasorias.hu\/hirek\/wp-json\/wp\/v2\/media?parent=2721"}],"wp:term":[{"taxonomy":"category","embeddable":true,"href":"https:\/\/allasorias.hu\/hirek\/wp-json\/wp\/v2\/categories?post=2721"},{"taxonomy":"post_tag","embeddable":true,"href":"https:\/\/allasorias.hu\/hirek\/wp-json\/wp\/v2\/tags?post=2721"}],"curies":[{"name":"wp","href":"https:\/\/api.w.org\/{rel}","templated":true}]}}