{"id":2693,"date":"2019-03-25T09:35:43","date_gmt":"2019-03-25T09:35:43","guid":{"rendered":"https:\/\/allasorias.hu\/hirek\/?p=2693"},"modified":"2019-03-25T09:35:43","modified_gmt":"2019-03-25T09:35:43","slug":"tovabbra-is-keves-a-munkaero-mar-a-bereket-is-nyiltan-kiirjak","status":"publish","type":"post","link":"https:\/\/allasorias.hu\/hirek\/tovabbra-is-keves-a-munkaero-mar-a-bereket-is-nyiltan-kiirjak\/","title":{"rendered":"Tov\u00e1bbra is kev\u00e9s a munkaer\u0151 \u2013 m\u00e1r a b\u00e9reket is ny\u00edltan ki\u00edrj\u00e1k"},"content":{"rendered":"<p><strong>Mindenhol keresik a munkaer\u0151t, minden eszk\u00f6zt megragadnak a munkahelyek a hirdet\u00e9sekre. Ak\u00e1r az utc\u00e1n is hirdetnek, plak\u00e1tokon. Budapesten p\u00e9ld\u00e1ul \u00a0k\u00f6zter\u00fclet-fel\u00fcgyel\u0151ket keres\u0151 utcai hirdet\u00e9st is l\u00e1thatunk, \u00e9rdekes, eddig szokatlan m\u00f3dszerrel a b\u00e9reket is ny\u00edltan ki\u00edrj\u00e1k.<\/strong><\/p>\n<p>A felm\u00e9r\u00e9sek szerint t\u00f6bb mint 80 ezer munkav\u00e1llal\u00f3ra lenne sz\u00fcks\u00e9g azonnal a magyar gazdas\u00e1gban, \u00edgy a munk\u00e1ltat\u00f3k minden eszk\u00f6zt megragadnak, hogy megsz\u00f3l\u00edts\u00e1k a potenci\u00e1lis jel\u00f6lteket. Ma m\u00e1r nem csak a gyors\u00e9ttermek, a BKV \u00e9s a k\u00f3rh\u00e1zak keresnek az utc\u00e1n dolgoz\u00f3kat, hanem a F\u0151v\u00e1rosi \u00d6nkorm\u00e1nyzati Rend\u00e9szeti Igazgat\u00f3s\u00e9g, azaz a F\u00f6ri is. V\u00e1rosszerte rengeteg helyen lehet tal\u00e1lkozni a F\u00f6ri plak\u00e1tjaival, amelyeken arra buzd\u00edtj\u00e1k a j\u00e1r\u00f3kel\u0151ket, hogy dolgozzanak a v\u00e1ros\u00e9rt. A karrieroldalukr\u00f3l kider\u00fcl, hogy nem csak k\u00f6zter\u00fclet-fel\u00fcgyel\u0151ket keresnek, hanem \u00e1llatorvost is az Illatos \u00fati telepre, \u00e1llatgondoz\u00f3t \u00e9s takar\u00edt\u00f3t is. Az oldalon nem olvashat\u00f3, de a hirdet\u00e9sb\u0151l kider\u00fcl, hogy brutt\u00f3 257 500 forintot lehet keresni havonta,\u00a0 a k\u00f6ztisztvisel\u0151i jogviszony mell\u00e9 pedig \u00e9vi brutt\u00f3 200 ezer forintnyi cafeteria is j\u00e1r, valamint utaz\u00e1si kedvezm\u00e9ny \u00e9s egy\u00e9b p\u00f3tl\u00e9kok, juttat\u00e1sok. A k\u00f6zter\u00fclet-fel\u00fcgyel\u0151 munkak\u00f6r bet\u00f6lt\u00e9s\u00e9hez sz\u00fcks\u00e9ges szakk\u00e9pes\u00edt\u00e9s megszerz\u00e9s\u00e9t a F\u00d6RI Oktat\u00e1si K\u00f6zpontja 300 \u00f3r\u00e1s (120 \u00f3ra elm\u00e9let \u00e9s 180 \u00f3ra gyakorlat) OKJ-s k\u00f6zter\u00fclet-fel\u00fcgyel\u0151i tanfolyam keret\u00e9ben biztos\u00edtja a jelentkez\u0151k sz\u00e1m\u00e1ra. A k\u00e9pz\u00e9s teljesen ingyenes, munkaviszonynak sz\u00e1m\u00edt \u00e9s minim\u00e1lb\u00e9r j\u00e1r ezalatt az id\u0151 alatt a tanul\u00f3knak. Az \u00e9retts\u00e9gi vizsga alapk\u00f6vetelm\u00e9ny. Nem csoda, hogy a F\u00f6ri az utc\u00e1n is hirdet, hiszen rengeteg k\u00f6zter\u00fclet-fel\u00fcgyel\u0151i \u00e1ll\u00e1st lehet tal\u00e1lni az online karrieroldalakon is, a K\u00f6zig\u00e1ll\u00e1son pedig jelenleg 23 akt\u00edv hirdet\u00e9s van, nem csak Budapesten, de vid\u00e9ken is keresik az embereket.<\/p>\n<p>&nbsp;<\/p>\n<p>Forr\u00e1s: szakszervezetek.hu, P\u00e9nzcentrum<\/p>\n","protected":false},"excerpt":{"rendered":"<p>Mindenhol keresik a munkaer\u0151t, minden eszk\u00f6zt megragadnak a munkahelyek a hirdet\u00e9sekre. Ak\u00e1r az utc\u00e1n is hirdetnek, plak\u00e1tokon. Budapesten p\u00e9ld\u00e1ul \u00a0k\u00f6zter\u00fclet-fel\u00fcgyel\u0151ket keres\u0151 utcai hirdet\u00e9st is l\u00e1thatunk, \u00e9rdekes, eddig szokatlan m\u00f3dszerrel a b\u00e9reket is ny\u00edltan ki\u00edrj\u00e1k. A felm\u00e9r\u00e9sek szerint t\u00f6bb mint 80 ezer munkav\u00e1llal\u00f3ra lenne sz\u00fcks\u00e9g azonnal a magyar gazdas\u00e1gban, \u00edgy a munk\u00e1ltat\u00f3k minden eszk\u00f6zt megragadnak, hogy [&hellip;]<\/p>\n","protected":false},"author":1,"featured_media":2101,"comment_status":"open","ping_status":"open","sticky":false,"template":"","format":"standard","meta":{"_monsterinsights_skip_tracking":false,"footnotes":""},"categories":[1,198,203,200],"tags":[],"class_list":["post-2693","post","type-post","status-publish","format-standard","has-post-thumbnail","hentry","category-allaskereses","category-gazdasag","category-hianyszakmak","category-munkaeropiac"],"aioseo_notices":[],"aioseo_head":"\n\t\t<!-- All in One SEO 5.0.0.1 - aioseo.com -->\n\t<meta name=\"description\" content=\"Mindenhol keresik a munkaer\u0151t, minden eszk\u00f6zt megragadnak a munkahelyek a hirdet\u00e9sekre. Ak\u00e1r az utc\u00e1n is hirdetnek, plak\u00e1tokon. Budapesten p\u00e9ld\u00e1ul k\u00f6zter\u00fclet-fel\u00fcgyel\u0151ket keres\u0151 utcai hirdet\u00e9st is l\u00e1thatunk, \u00e9rdekes, eddig szokatlan m\u00f3dszerrel a b\u00e9reket is ny\u00edltan ki\u00edrj\u00e1k. A felm\u00e9r\u00e9sek szerint t\u00f6bb mint 80 ezer munkav\u00e1llal\u00f3ra lenne sz\u00fcks\u00e9g azonnal a magyar gazdas\u00e1gban, \u00edgy a munk\u00e1ltat\u00f3k minden eszk\u00f6zt megragadnak, hogy\" \/>\n\t<meta name=\"robots\" content=\"max-image-preview:large\" \/>\n\t<meta name=\"author\" content=\"Juh\u00e1sz P\u00e9ter\"\/>\n\t<link rel=\"canonical\" href=\"https:\/\/allasorias.hu\/hirek\/tovabbra-is-keves-a-munkaero-mar-a-bereket-is-nyiltan-kiirjak\/\" \/>\n\t<meta name=\"generator\" content=\"All in One SEO (AIOSEO) 5.0.0.1\" \/>\n\t\t<meta property=\"og:locale\" content=\"hu_HU\" \/>\n\t\t<meta property=\"og:site_name\" content=\"AllasOrias.hu | H\u00edrek-lapszemle | \u00dczleti h\u00edrek az \u00e1ll\u00e1s \u00e9s a munka vil\u00e1g\u00e1b\u00f3l\" \/>\n\t\t<meta property=\"og:type\" content=\"article\" \/>\n\t\t<meta property=\"og:title\" content=\"Tov\u00e1bbra is kev\u00e9s a munkaer\u0151 \u2013 m\u00e1r a b\u00e9reket is ny\u00edltan ki\u00edrj\u00e1k | AllasOrias.hu | H\u00edrek-lapszemle\" \/>\n\t\t<meta property=\"og:description\" content=\"Mindenhol keresik a munkaer\u0151t, minden eszk\u00f6zt megragadnak a munkahelyek a hirdet\u00e9sekre. Ak\u00e1r az utc\u00e1n is hirdetnek, plak\u00e1tokon. Budapesten p\u00e9ld\u00e1ul k\u00f6zter\u00fclet-fel\u00fcgyel\u0151ket keres\u0151 utcai hirdet\u00e9st is l\u00e1thatunk, \u00e9rdekes, eddig szokatlan m\u00f3dszerrel a b\u00e9reket is ny\u00edltan ki\u00edrj\u00e1k. A felm\u00e9r\u00e9sek szerint t\u00f6bb mint 80 ezer munkav\u00e1llal\u00f3ra lenne sz\u00fcks\u00e9g azonnal a magyar gazdas\u00e1gban, \u00edgy a munk\u00e1ltat\u00f3k minden eszk\u00f6zt megragadnak, hogy\" \/>\n\t\t<meta property=\"og:url\" content=\"https:\/\/allasorias.hu\/hirek\/tovabbra-is-keves-a-munkaero-mar-a-bereket-is-nyiltan-kiirjak\/\" \/>\n\t\t<meta property=\"og:image\" content=\"https:\/\/allasorias.hu\/hirek\/wp-content\/uploads\/2018\/11\/turn-on-2925962_640.jpg\" \/>\n\t\t<meta property=\"og:image:secure_url\" content=\"https:\/\/allasorias.hu\/hirek\/wp-content\/uploads\/2018\/11\/turn-on-2925962_640.jpg\" \/>\n\t\t<meta property=\"og:image:width\" content=\"640\" \/>\n\t\t<meta property=\"og:image:height\" content=\"400\" \/>\n\t\t<meta property=\"article:published_time\" content=\"2019-03-25T09:35:43+00:00\" \/>\n\t\t<meta property=\"article:modified_time\" content=\"2019-03-25T09:35:43+00:00\" \/>\n\t\t<meta property=\"article:publisher\" content=\"https:\/\/www.facebook.com\/allasorias\" \/>\n\t\t<meta name=\"twitter:card\" content=\"summary_large_image\" \/>\n\t\t<meta name=\"twitter:title\" content=\"Tov\u00e1bbra is kev\u00e9s a munkaer\u0151 \u2013 m\u00e1r a b\u00e9reket is ny\u00edltan ki\u00edrj\u00e1k | AllasOrias.hu | H\u00edrek-lapszemle\" \/>\n\t\t<meta name=\"twitter:description\" content=\"Mindenhol keresik a munkaer\u0151t, minden eszk\u00f6zt megragadnak a munkahelyek a hirdet\u00e9sekre. Ak\u00e1r az utc\u00e1n is hirdetnek, plak\u00e1tokon. Budapesten p\u00e9ld\u00e1ul k\u00f6zter\u00fclet-fel\u00fcgyel\u0151ket keres\u0151 utcai hirdet\u00e9st is l\u00e1thatunk, \u00e9rdekes, eddig szokatlan m\u00f3dszerrel a b\u00e9reket is ny\u00edltan ki\u00edrj\u00e1k. A felm\u00e9r\u00e9sek szerint t\u00f6bb mint 80 ezer munkav\u00e1llal\u00f3ra lenne sz\u00fcks\u00e9g azonnal a magyar gazdas\u00e1gban, \u00edgy a munk\u00e1ltat\u00f3k minden eszk\u00f6zt megragadnak, hogy\" \/>\n\t\t<meta name=\"twitter:image\" content=\"https:\/\/allasorias.hu\/hirek\/wp-content\/uploads\/2018\/11\/turn-on-2925962_640.jpg\" \/>\n\t\t<meta name=\"twitter:label1\" content=\"Written by\" \/>\n\t\t<meta name=\"twitter:data1\" content=\"Juh\u00e1sz P\u00e9ter\" \/>\n\t\t<meta name=\"twitter:label2\" content=\"Est. reading time\" \/>\n\t\t<meta name=\"twitter:data2\" content=\"2 minutes\" \/>\n\t\t<script type=\"application\/ld+json\" class=\"aioseo-schema\">\n\t\t\t{\"@context\":\"https:\\\/\\\/schema.org\",\"@graph\":[{\"@type\":\"Article\",\"@id\":\"https:\\\/\\\/allasorias.hu\\\/hirek\\\/tovabbra-is-keves-a-munkaero-mar-a-bereket-is-nyiltan-kiirjak\\\/#article\",\"name\":\"Tov\\u00e1bbra is kev\\u00e9s a munkaer\\u0151 \\u2013 m\\u00e1r a b\\u00e9reket is ny\\u00edltan ki\\u00edrj\\u00e1k | AllasOrias.hu | H\\u00edrek-lapszemle\",\"headline\":\"Tov\\u00e1bbra is kev\\u00e9s a munkaer\\u0151 \\u2013 m\\u00e1r a b\\u00e9reket is ny\\u00edltan ki\\u00edrj\\u00e1k\",\"author\":{\"@id\":\"https:\\\/\\\/allasorias.hu\\\/hirek\\\/author\\\/admin-allasorias\\\/#author\"},\"publisher\":{\"@id\":\"https:\\\/\\\/allasorias.hu\\\/hirek\\\/#organization\"},\"image\":{\"@type\":\"ImageObject\",\"url\":\"https:\\\/\\\/allasorias.hu\\\/hirek\\\/wp-content\\\/uploads\\\/2018\\\/11\\\/turn-on-2925962_640.jpg\",\"width\":640,\"height\":400},\"datePublished\":\"2019-03-25T09:35:43+02:00\",\"dateModified\":\"2019-03-25T09:35:43+02:00\",\"inLanguage\":\"hu-HU\",\"commentCount\":1,\"mainEntityOfPage\":{\"@id\":\"https:\\\/\\\/allasorias.hu\\\/hirek\\\/tovabbra-is-keves-a-munkaero-mar-a-bereket-is-nyiltan-kiirjak\\\/#webpage\"},\"isPartOf\":{\"@id\":\"https:\\\/\\\/allasorias.hu\\\/hirek\\\/tovabbra-is-keves-a-munkaero-mar-a-bereket-is-nyiltan-kiirjak\\\/#webpage\"},\"articleSection\":\"\\u00c1ll\\u00e1skeres\\u00e9s, Gazdas\\u00e1g, Hi\\u00e1nyszakm\\u00e1k, Munkaer\\u0151piac\"},{\"@type\":\"BreadcrumbList\",\"@id\":\"https:\\\/\\\/allasorias.hu\\\/hirek\\\/tovabbra-is-keves-a-munkaero-mar-a-bereket-is-nyiltan-kiirjak\\\/#breadcrumblist\",\"itemListElement\":[{\"@type\":\"ListItem\",\"@id\":\"https:\\\/\\\/allasorias.hu\\\/hirek#listItem\",\"position\":1,\"name\":\"Home\",\"item\":\"https:\\\/\\\/allasorias.hu\\\/hirek\",\"nextItem\":{\"@type\":\"ListItem\",\"@id\":\"https:\\\/\\\/allasorias.hu\\\/hirek\\\/temak\\\/allaskereses\\\/#listItem\",\"name\":\"\\u00c1ll\\u00e1skeres\\u00e9s\"}},{\"@type\":\"ListItem\",\"@id\":\"https:\\\/\\\/allasorias.hu\\\/hirek\\\/temak\\\/allaskereses\\\/#listItem\",\"position\":2,\"name\":\"\\u00c1ll\\u00e1skeres\\u00e9s\",\"item\":\"https:\\\/\\\/allasorias.hu\\\/hirek\\\/temak\\\/allaskereses\\\/\",\"nextItem\":{\"@type\":\"ListItem\",\"@id\":\"https:\\\/\\\/allasorias.hu\\\/hirek\\\/tovabbra-is-keves-a-munkaero-mar-a-bereket-is-nyiltan-kiirjak\\\/#listItem\",\"name\":\"Tov\\u00e1bbra is kev\\u00e9s a munkaer\\u0151 \\u2013 m\\u00e1r a b\\u00e9reket is ny\\u00edltan ki\\u00edrj\\u00e1k\"},\"previousItem\":{\"@type\":\"ListItem\",\"@id\":\"https:\\\/\\\/allasorias.hu\\\/hirek#listItem\",\"name\":\"Home\"}},{\"@type\":\"ListItem\",\"@id\":\"https:\\\/\\\/allasorias.hu\\\/hirek\\\/tovabbra-is-keves-a-munkaero-mar-a-bereket-is-nyiltan-kiirjak\\\/#listItem\",\"position\":3,\"name\":\"Tov\\u00e1bbra is kev\\u00e9s a munkaer\\u0151 \\u2013 m\\u00e1r a b\\u00e9reket is ny\\u00edltan ki\\u00edrj\\u00e1k\",\"previousItem\":{\"@type\":\"ListItem\",\"@id\":\"https:\\\/\\\/allasorias.hu\\\/hirek\\\/temak\\\/allaskereses\\\/#listItem\",\"name\":\"\\u00c1ll\\u00e1skeres\\u00e9s\"}}]},{\"@type\":\"Organization\",\"@id\":\"https:\\\/\\\/allasorias.hu\\\/hirek\\\/#organization\",\"name\":\"AllasOrias.hu | H\\u00edrek-lapszemle\",\"description\":\"\\u00dczleti h\\u00edrek az \\u00e1ll\\u00e1s \\u00e9s a munka vil\\u00e1g\\u00e1b\\u00f3l\",\"url\":\"https:\\\/\\\/allasorias.hu\\\/hirek\\\/\",\"logo\":{\"@type\":\"ImageObject\",\"url\":\"https:\\\/\\\/allasorias.hu\\\/hirek\\\/wp-content\\\/uploads\\\/2022\\\/10\\\/allasorias_site_facebok_logo.png\",\"@id\":\"https:\\\/\\\/allasorias.hu\\\/hirek\\\/tovabbra-is-keves-a-munkaero-mar-a-bereket-is-nyiltan-kiirjak\\\/#organizationLogo\"},\"image\":{\"@id\":\"https:\\\/\\\/allasorias.hu\\\/hirek\\\/tovabbra-is-keves-a-munkaero-mar-a-bereket-is-nyiltan-kiirjak\\\/#organizationLogo\"},\"sameAs\":[\"https:\\\/\\\/www.facebook.com\\\/allasorias\",\"https:\\\/\\\/www.linkedin.com\\\/company\\\/allasorias\"]},{\"@type\":\"Person\",\"@id\":\"https:\\\/\\\/allasorias.hu\\\/hirek\\\/author\\\/admin-allasorias\\\/#author\",\"url\":\"https:\\\/\\\/allasorias.hu\\\/hirek\\\/author\\\/admin-allasorias\\\/\",\"name\":\"Juh\\u00e1sz P\\u00e9ter\",\"image\":{\"@type\":\"ImageObject\",\"@id\":\"https:\\\/\\\/allasorias.hu\\\/hirek\\\/tovabbra-is-keves-a-munkaero-mar-a-bereket-is-nyiltan-kiirjak\\\/#authorImage\",\"url\":\"https:\\\/\\\/secure.gravatar.com\\\/avatar\\\/36e6bcb83148978b992977cb0f54d22feb0cce8a0a849a9410532bb2623ba4c6?s=96&d=mm&r=g\",\"width\":96,\"height\":96,\"caption\":\"Juh\\u00e1sz P\\u00e9ter\"}},{\"@type\":\"WebPage\",\"@id\":\"https:\\\/\\\/allasorias.hu\\\/hirek\\\/tovabbra-is-keves-a-munkaero-mar-a-bereket-is-nyiltan-kiirjak\\\/#webpage\",\"url\":\"https:\\\/\\\/allasorias.hu\\\/hirek\\\/tovabbra-is-keves-a-munkaero-mar-a-bereket-is-nyiltan-kiirjak\\\/\",\"name\":\"Tov\\u00e1bbra is kev\\u00e9s a munkaer\\u0151 \\u2013 m\\u00e1r a b\\u00e9reket is ny\\u00edltan ki\\u00edrj\\u00e1k | AllasOrias.hu | H\\u00edrek-lapszemle\",\"description\":\"Mindenhol keresik a munkaer\\u0151t, minden eszk\\u00f6zt megragadnak a munkahelyek a hirdet\\u00e9sekre. Ak\\u00e1r az utc\\u00e1n is hirdetnek, plak\\u00e1tokon. Budapesten p\\u00e9ld\\u00e1ul k\\u00f6zter\\u00fclet-fel\\u00fcgyel\\u0151ket keres\\u0151 utcai hirdet\\u00e9st is l\\u00e1thatunk, \\u00e9rdekes, eddig szokatlan m\\u00f3dszerrel a b\\u00e9reket is ny\\u00edltan ki\\u00edrj\\u00e1k. A felm\\u00e9r\\u00e9sek szerint t\\u00f6bb mint 80 ezer munkav\\u00e1llal\\u00f3ra lenne sz\\u00fcks\\u00e9g azonnal a magyar gazdas\\u00e1gban, \\u00edgy a munk\\u00e1ltat\\u00f3k minden eszk\\u00f6zt megragadnak, hogy\",\"inLanguage\":\"hu-HU\",\"isPartOf\":{\"@id\":\"https:\\\/\\\/allasorias.hu\\\/hirek\\\/#website\"},\"breadcrumb\":{\"@id\":\"https:\\\/\\\/allasorias.hu\\\/hirek\\\/tovabbra-is-keves-a-munkaero-mar-a-bereket-is-nyiltan-kiirjak\\\/#breadcrumblist\"},\"author\":{\"@id\":\"https:\\\/\\\/allasorias.hu\\\/hirek\\\/author\\\/admin-allasorias\\\/#author\"},\"creator\":{\"@id\":\"https:\\\/\\\/allasorias.hu\\\/hirek\\\/author\\\/admin-allasorias\\\/#author\"},\"image\":{\"@type\":\"ImageObject\",\"url\":\"https:\\\/\\\/allasorias.hu\\\/hirek\\\/wp-content\\\/uploads\\\/2018\\\/11\\\/turn-on-2925962_640.jpg\",\"@id\":\"https:\\\/\\\/allasorias.hu\\\/hirek\\\/tovabbra-is-keves-a-munkaero-mar-a-bereket-is-nyiltan-kiirjak\\\/#mainImage\",\"width\":640,\"height\":400},\"primaryImageOfPage\":{\"@id\":\"https:\\\/\\\/allasorias.hu\\\/hirek\\\/tovabbra-is-keves-a-munkaero-mar-a-bereket-is-nyiltan-kiirjak\\\/#mainImage\"},\"datePublished\":\"2019-03-25T09:35:43+02:00\",\"dateModified\":\"2019-03-25T09:35:43+02:00\"},{\"@type\":\"WebSite\",\"@id\":\"https:\\\/\\\/allasorias.hu\\\/hirek\\\/#website\",\"url\":\"https:\\\/\\\/allasorias.hu\\\/hirek\\\/\",\"name\":\"AllasOrias.hu | H\\u00edrek-lapszemle\",\"description\":\"\\u00dczleti h\\u00edrek az \\u00e1ll\\u00e1s \\u00e9s a munka vil\\u00e1g\\u00e1b\\u00f3l\",\"inLanguage\":\"hu-HU\",\"publisher\":{\"@id\":\"https:\\\/\\\/allasorias.hu\\\/hirek\\\/#organization\"}}]}\n\t\t<\/script>\n\t\t<!-- All in One SEO -->\n\n","aioseo_head_json":{"title":"Tov\u00e1bbra is kev\u00e9s a munkaer\u0151 \u2013 m\u00e1r a b\u00e9reket is ny\u00edltan ki\u00edrj\u00e1k | AllasOrias.hu | H\u00edrek-lapszemle","description":"Mindenhol keresik a munkaer\u0151t, minden eszk\u00f6zt megragadnak a munkahelyek a hirdet\u00e9sekre. Ak\u00e1r az utc\u00e1n is hirdetnek, plak\u00e1tokon. Budapesten p\u00e9ld\u00e1ul k\u00f6zter\u00fclet-fel\u00fcgyel\u0151ket keres\u0151 utcai hirdet\u00e9st is l\u00e1thatunk, \u00e9rdekes, eddig szokatlan m\u00f3dszerrel a b\u00e9reket is ny\u00edltan ki\u00edrj\u00e1k. A felm\u00e9r\u00e9sek szerint t\u00f6bb mint 80 ezer munkav\u00e1llal\u00f3ra lenne sz\u00fcks\u00e9g azonnal a magyar gazdas\u00e1gban, \u00edgy a munk\u00e1ltat\u00f3k minden eszk\u00f6zt megragadnak, hogy","canonical_url":"https:\/\/allasorias.hu\/hirek\/tovabbra-is-keves-a-munkaero-mar-a-bereket-is-nyiltan-kiirjak\/","robots":"max-image-preview:large","keywords":"","webmasterTools":{"miscellaneous":""},"schema":{"@context":"https:\/\/schema.org","@graph":[{"@type":"Article","@id":"https:\/\/allasorias.hu\/hirek\/tovabbra-is-keves-a-munkaero-mar-a-bereket-is-nyiltan-kiirjak\/#article","name":"Tov\u00e1bbra is kev\u00e9s a munkaer\u0151 \u2013 m\u00e1r a b\u00e9reket is ny\u00edltan ki\u00edrj\u00e1k | AllasOrias.hu | H\u00edrek-lapszemle","headline":"Tov\u00e1bbra is kev\u00e9s a munkaer\u0151 \u2013 m\u00e1r a b\u00e9reket is ny\u00edltan ki\u00edrj\u00e1k","author":{"@id":"https:\/\/allasorias.hu\/hirek\/author\/admin-allasorias\/#author"},"publisher":{"@id":"https:\/\/allasorias.hu\/hirek\/#organization"},"image":{"@type":"ImageObject","url":"https:\/\/allasorias.hu\/hirek\/wp-content\/uploads\/2018\/11\/turn-on-2925962_640.jpg","width":640,"height":400},"datePublished":"2019-03-25T09:35:43+02:00","dateModified":"2019-03-25T09:35:43+02:00","inLanguage":"hu-HU","commentCount":1,"mainEntityOfPage":{"@id":"https:\/\/allasorias.hu\/hirek\/tovabbra-is-keves-a-munkaero-mar-a-bereket-is-nyiltan-kiirjak\/#webpage"},"isPartOf":{"@id":"https:\/\/allasorias.hu\/hirek\/tovabbra-is-keves-a-munkaero-mar-a-bereket-is-nyiltan-kiirjak\/#webpage"},"articleSection":"\u00c1ll\u00e1skeres\u00e9s, Gazdas\u00e1g, Hi\u00e1nyszakm\u00e1k, Munkaer\u0151piac"},{"@type":"BreadcrumbList","@id":"https:\/\/allasorias.hu\/hirek\/tovabbra-is-keves-a-munkaero-mar-a-bereket-is-nyiltan-kiirjak\/#breadcrumblist","itemListElement":[{"@type":"ListItem","@id":"https:\/\/allasorias.hu\/hirek#listItem","position":1,"name":"Home","item":"https:\/\/allasorias.hu\/hirek","nextItem":{"@type":"ListItem","@id":"https:\/\/allasorias.hu\/hirek\/temak\/allaskereses\/#listItem","name":"\u00c1ll\u00e1skeres\u00e9s"}},{"@type":"ListItem","@id":"https:\/\/allasorias.hu\/hirek\/temak\/allaskereses\/#listItem","position":2,"name":"\u00c1ll\u00e1skeres\u00e9s","item":"https:\/\/allasorias.hu\/hirek\/temak\/allaskereses\/","nextItem":{"@type":"ListItem","@id":"https:\/\/allasorias.hu\/hirek\/tovabbra-is-keves-a-munkaero-mar-a-bereket-is-nyiltan-kiirjak\/#listItem","name":"Tov\u00e1bbra is kev\u00e9s a munkaer\u0151 \u2013 m\u00e1r a b\u00e9reket is ny\u00edltan ki\u00edrj\u00e1k"},"previousItem":{"@type":"ListItem","@id":"https:\/\/allasorias.hu\/hirek#listItem","name":"Home"}},{"@type":"ListItem","@id":"https:\/\/allasorias.hu\/hirek\/tovabbra-is-keves-a-munkaero-mar-a-bereket-is-nyiltan-kiirjak\/#listItem","position":3,"name":"Tov\u00e1bbra is kev\u00e9s a munkaer\u0151 \u2013 m\u00e1r a b\u00e9reket is ny\u00edltan ki\u00edrj\u00e1k","previousItem":{"@type":"ListItem","@id":"https:\/\/allasorias.hu\/hirek\/temak\/allaskereses\/#listItem","name":"\u00c1ll\u00e1skeres\u00e9s"}}]},{"@type":"Organization","@id":"https:\/\/allasorias.hu\/hirek\/#organization","name":"AllasOrias.hu | H\u00edrek-lapszemle","description":"\u00dczleti h\u00edrek az \u00e1ll\u00e1s \u00e9s a munka vil\u00e1g\u00e1b\u00f3l","url":"https:\/\/allasorias.hu\/hirek\/","logo":{"@type":"ImageObject","url":"https:\/\/allasorias.hu\/hirek\/wp-content\/uploads\/2022\/10\/allasorias_site_facebok_logo.png","@id":"https:\/\/allasorias.hu\/hirek\/tovabbra-is-keves-a-munkaero-mar-a-bereket-is-nyiltan-kiirjak\/#organizationLogo"},"image":{"@id":"https:\/\/allasorias.hu\/hirek\/tovabbra-is-keves-a-munkaero-mar-a-bereket-is-nyiltan-kiirjak\/#organizationLogo"},"sameAs":["https:\/\/www.facebook.com\/allasorias","https:\/\/www.linkedin.com\/company\/allasorias"]},{"@type":"Person","@id":"https:\/\/allasorias.hu\/hirek\/author\/admin-allasorias\/#author","url":"https:\/\/allasorias.hu\/hirek\/author\/admin-allasorias\/","name":"Juh\u00e1sz P\u00e9ter","image":{"@type":"ImageObject","@id":"https:\/\/allasorias.hu\/hirek\/tovabbra-is-keves-a-munkaero-mar-a-bereket-is-nyiltan-kiirjak\/#authorImage","url":"https:\/\/secure.gravatar.com\/avatar\/36e6bcb83148978b992977cb0f54d22feb0cce8a0a849a9410532bb2623ba4c6?s=96&d=mm&r=g","width":96,"height":96,"caption":"Juh\u00e1sz P\u00e9ter"}},{"@type":"WebPage","@id":"https:\/\/allasorias.hu\/hirek\/tovabbra-is-keves-a-munkaero-mar-a-bereket-is-nyiltan-kiirjak\/#webpage","url":"https:\/\/allasorias.hu\/hirek\/tovabbra-is-keves-a-munkaero-mar-a-bereket-is-nyiltan-kiirjak\/","name":"Tov\u00e1bbra is kev\u00e9s a munkaer\u0151 \u2013 m\u00e1r a b\u00e9reket is ny\u00edltan ki\u00edrj\u00e1k | AllasOrias.hu | H\u00edrek-lapszemle","description":"Mindenhol keresik a munkaer\u0151t, minden eszk\u00f6zt megragadnak a munkahelyek a hirdet\u00e9sekre. Ak\u00e1r az utc\u00e1n is hirdetnek, plak\u00e1tokon. Budapesten p\u00e9ld\u00e1ul k\u00f6zter\u00fclet-fel\u00fcgyel\u0151ket keres\u0151 utcai hirdet\u00e9st is l\u00e1thatunk, \u00e9rdekes, eddig szokatlan m\u00f3dszerrel a b\u00e9reket is ny\u00edltan ki\u00edrj\u00e1k. A felm\u00e9r\u00e9sek szerint t\u00f6bb mint 80 ezer munkav\u00e1llal\u00f3ra lenne sz\u00fcks\u00e9g azonnal a magyar gazdas\u00e1gban, \u00edgy a munk\u00e1ltat\u00f3k minden eszk\u00f6zt megragadnak, hogy","inLanguage":"hu-HU","isPartOf":{"@id":"https:\/\/allasorias.hu\/hirek\/#website"},"breadcrumb":{"@id":"https:\/\/allasorias.hu\/hirek\/tovabbra-is-keves-a-munkaero-mar-a-bereket-is-nyiltan-kiirjak\/#breadcrumblist"},"author":{"@id":"https:\/\/allasorias.hu\/hirek\/author\/admin-allasorias\/#author"},"creator":{"@id":"https:\/\/allasorias.hu\/hirek\/author\/admin-allasorias\/#author"},"image":{"@type":"ImageObject","url":"https:\/\/allasorias.hu\/hirek\/wp-content\/uploads\/2018\/11\/turn-on-2925962_640.jpg","@id":"https:\/\/allasorias.hu\/hirek\/tovabbra-is-keves-a-munkaero-mar-a-bereket-is-nyiltan-kiirjak\/#mainImage","width":640,"height":400},"primaryImageOfPage":{"@id":"https:\/\/allasorias.hu\/hirek\/tovabbra-is-keves-a-munkaero-mar-a-bereket-is-nyiltan-kiirjak\/#mainImage"},"datePublished":"2019-03-25T09:35:43+02:00","dateModified":"2019-03-25T09:35:43+02:00"},{"@type":"WebSite","@id":"https:\/\/allasorias.hu\/hirek\/#website","url":"https:\/\/allasorias.hu\/hirek\/","name":"AllasOrias.hu | H\u00edrek-lapszemle","description":"\u00dczleti h\u00edrek az \u00e1ll\u00e1s \u00e9s a munka vil\u00e1g\u00e1b\u00f3l","inLanguage":"hu-HU","publisher":{"@id":"https:\/\/allasorias.hu\/hirek\/#organization"}}]},"og:locale":"hu_HU","og:site_name":"AllasOrias.hu | H\u00edrek-lapszemle | \u00dczleti h\u00edrek az \u00e1ll\u00e1s \u00e9s a munka vil\u00e1g\u00e1b\u00f3l","og:type":"article","og:title":"Tov\u00e1bbra is kev\u00e9s a munkaer\u0151 \u2013 m\u00e1r a b\u00e9reket is ny\u00edltan ki\u00edrj\u00e1k | AllasOrias.hu | H\u00edrek-lapszemle","og:description":"Mindenhol keresik a munkaer\u0151t, minden eszk\u00f6zt megragadnak a munkahelyek a hirdet\u00e9sekre. Ak\u00e1r az utc\u00e1n is hirdetnek, plak\u00e1tokon. Budapesten p\u00e9ld\u00e1ul k\u00f6zter\u00fclet-fel\u00fcgyel\u0151ket keres\u0151 utcai hirdet\u00e9st is l\u00e1thatunk, \u00e9rdekes, eddig szokatlan m\u00f3dszerrel a b\u00e9reket is ny\u00edltan ki\u00edrj\u00e1k. A felm\u00e9r\u00e9sek szerint t\u00f6bb mint 80 ezer munkav\u00e1llal\u00f3ra lenne sz\u00fcks\u00e9g azonnal a magyar gazdas\u00e1gban, \u00edgy a munk\u00e1ltat\u00f3k minden eszk\u00f6zt megragadnak, hogy","og:url":"https:\/\/allasorias.hu\/hirek\/tovabbra-is-keves-a-munkaero-mar-a-bereket-is-nyiltan-kiirjak\/","og:image":"https:\/\/allasorias.hu\/hirek\/wp-content\/uploads\/2018\/11\/turn-on-2925962_640.jpg","og:image:secure_url":"https:\/\/allasorias.hu\/hirek\/wp-content\/uploads\/2018\/11\/turn-on-2925962_640.jpg","og:image:width":640,"og:image:height":400,"article:published_time":"2019-03-25T09:35:43+00:00","article:modified_time":"2019-03-25T09:35:43+00:00","article:publisher":"https:\/\/www.facebook.com\/allasorias","twitter:card":"summary_large_image","twitter:title":"Tov\u00e1bbra is kev\u00e9s a munkaer\u0151 \u2013 m\u00e1r a b\u00e9reket is ny\u00edltan ki\u00edrj\u00e1k | AllasOrias.hu | H\u00edrek-lapszemle","twitter:description":"Mindenhol keresik a munkaer\u0151t, minden eszk\u00f6zt megragadnak a munkahelyek a hirdet\u00e9sekre. Ak\u00e1r az utc\u00e1n is hirdetnek, plak\u00e1tokon. Budapesten p\u00e9ld\u00e1ul k\u00f6zter\u00fclet-fel\u00fcgyel\u0151ket keres\u0151 utcai hirdet\u00e9st is l\u00e1thatunk, \u00e9rdekes, eddig szokatlan m\u00f3dszerrel a b\u00e9reket is ny\u00edltan ki\u00edrj\u00e1k. A felm\u00e9r\u00e9sek szerint t\u00f6bb mint 80 ezer munkav\u00e1llal\u00f3ra lenne sz\u00fcks\u00e9g azonnal a magyar gazdas\u00e1gban, \u00edgy a munk\u00e1ltat\u00f3k minden eszk\u00f6zt megragadnak, hogy","twitter:image":"https:\/\/allasorias.hu\/hirek\/wp-content\/uploads\/2018\/11\/turn-on-2925962_640.jpg","twitter:label1":"Written by","twitter:data1":"Juh\u00e1sz P\u00e9ter","twitter:label2":"Est. reading time","twitter:data2":"2 minutes"},"aioseo_meta_data":{"post_id":"2693","title":null,"description":null,"keywords":null,"keyphrases":null,"primary_term":null,"canonical_url":null,"og_title":null,"og_description":null,"og_object_type":"default","og_image_type":"default","og_image_url":null,"og_image_width":null,"og_image_height":null,"og_image_custom_url":null,"og_image_custom_fields":null,"og_video":null,"og_custom_url":null,"og_article_section":null,"og_article_tags":null,"twitter_use_og":false,"twitter_card":"default","twitter_image_type":"default","twitter_image_url":null,"twitter_image_custom_url":null,"twitter_image_custom_fields":null,"twitter_title":null,"twitter_description":null,"schema":{"blockGraphs":[],"customGraphs":[],"default":{"data":{"Article":[],"Course":[],"Dataset":[],"FAQPage":[],"Movie":[],"Person":[],"Product":[],"ProductReview":[],"Car":[],"Recipe":[],"Service":[],"SoftwareApplication":[],"WebPage":[]},"graphName":"","isEnabled":true},"graphs":[],"defaultGraph":"","defaultPostTypeGraph":""},"schema_type":null,"schema_type_options":null,"pillar_content":false,"robots_default":true,"robots_noindex":false,"robots_noarchive":false,"robots_nosnippet":false,"robots_nofollow":false,"robots_noimageindex":false,"robots_noodp":false,"robots_notranslate":false,"robots_max_snippet":null,"robots_max_videopreview":null,"robots_max_imagepreview":"large","priority":null,"frequency":null,"location":null,"local_seo":null,"breadcrumb_settings":null,"limit_modified_date":false,"ai":null,"created":"2021-02-01 21:13:45","updated":"2025-10-02 10:20:33","seo_analyzer_scan_date":null,"focus_keyword":null,"additional_keywords":null,"truseo_locale":null},"aioseo_breadcrumb":"<div class=\"aioseo-breadcrumbs\"><span class=\"aioseo-breadcrumb\">\n\t\t\t<a href=\"https:\/\/allasorias.hu\/hirek\" title=\"Home\">Home<\/a>\n\t\t<\/span><span class=\"aioseo-breadcrumb-separator\">&raquo;<\/span><span class=\"aioseo-breadcrumb\">\n\t\t\t<a href=\"https:\/\/allasorias.hu\/hirek\/temak\/allaskereses\/\" title=\"\u00c1ll\u00e1skeres\u00e9s\">\u00c1ll\u00e1skeres\u00e9s<\/a>\n\t\t<\/span><span class=\"aioseo-breadcrumb-separator\">&raquo;<\/span><span class=\"aioseo-breadcrumb\">\n\t\t\tTov\u00e1bbra is kev\u00e9s a munkaer\u0151 \u2013 m\u00e1r a b\u00e9reket is ny\u00edltan ki\u00edrj\u00e1k\n\t\t<\/span><\/div>","aioseo_breadcrumb_json":[{"label":"Home","link":"https:\/\/allasorias.hu\/hirek"},{"label":"\u00c1ll\u00e1skeres\u00e9s","link":"https:\/\/allasorias.hu\/hirek\/temak\/allaskereses\/"},{"label":"Tov\u00e1bbra is kev\u00e9s a munkaer\u0151 \u2013 m\u00e1r a b\u00e9reket is ny\u00edltan ki\u00edrj\u00e1k","link":"https:\/\/allasorias.hu\/hirek\/tovabbra-is-keves-a-munkaero-mar-a-bereket-is-nyiltan-kiirjak\/"}],"_links":{"self":[{"href":"https:\/\/allasorias.hu\/hirek\/wp-json\/wp\/v2\/posts\/2693","targetHints":{"allow":["GET"]}}],"collection":[{"href":"https:\/\/allasorias.hu\/hirek\/wp-json\/wp\/v2\/posts"}],"about":[{"href":"https:\/\/allasorias.hu\/hirek\/wp-json\/wp\/v2\/types\/post"}],"author":[{"embeddable":true,"href":"https:\/\/allasorias.hu\/hirek\/wp-json\/wp\/v2\/users\/1"}],"replies":[{"embeddable":true,"href":"https:\/\/allasorias.hu\/hirek\/wp-json\/wp\/v2\/comments?post=2693"}],"version-history":[{"count":1,"href":"https:\/\/allasorias.hu\/hirek\/wp-json\/wp\/v2\/posts\/2693\/revisions"}],"predecessor-version":[{"id":2694,"href":"https:\/\/allasorias.hu\/hirek\/wp-json\/wp\/v2\/posts\/2693\/revisions\/2694"}],"wp:featuredmedia":[{"embeddable":true,"href":"https:\/\/allasorias.hu\/hirek\/wp-json\/wp\/v2\/media\/2101"}],"wp:attachment":[{"href":"https:\/\/allasorias.hu\/hirek\/wp-json\/wp\/v2\/media?parent=2693"}],"wp:term":[{"taxonomy":"category","embeddable":true,"href":"https:\/\/allasorias.hu\/hirek\/wp-json\/wp\/v2\/categories?post=2693"},{"taxonomy":"post_tag","embeddable":true,"href":"https:\/\/allasorias.hu\/hirek\/wp-json\/wp\/v2\/tags?post=2693"}],"curies":[{"name":"wp","href":"https:\/\/api.w.org\/{rel}","templated":true}]}}