{"id":2689,"date":"2019-03-22T10:14:57","date_gmt":"2019-03-22T10:14:57","guid":{"rendered":"https:\/\/allasorias.hu\/hirek\/?p=2689"},"modified":"2019-03-22T10:14:57","modified_gmt":"2019-03-22T10:14:57","slug":"jonnek-a-robotok","status":"publish","type":"post","link":"https:\/\/allasorias.hu\/hirek\/jonnek-a-robotok\/","title":{"rendered":"J\u00f6nnek a robotok?"},"content":{"rendered":"<p><strong>\u00dcgyf\u00e9lszolg\u00e1lati robot konfer\u00e1lta fel a Magyar Telekom Most F\u00f3rumsorozat\u00e1nak m\u00e1sodik rendezv\u00e9ny\u00e9t. Az \u00e1ll\u00e1spiaci fejleszt\u00e9sekr\u0151l sz\u00f3l\u00f3, az \u00faj megold\u00e1sokban j\u00e1rtas ipar\u00e1gi szerepl\u0151kkel folytatott panelbesz\u00e9lget\u00e9s vezet\u00e9s\u00e9t azonban v\u00e9g\u00fcl emberre b\u00edzt\u00e1k a szervez\u0151k. Vanda, az \u00e9lesben egyszerre m\u00e1r 75 \u00fcgyf\u00e9llel dolgoz\u00f3 digit\u00e1lis \u00fczleti asszisztens nyitotta meg a Most F\u00f3rum m\u00e1sodik rendezv\u00e9ny\u00e9t. A telefonos robot-kisasszony bek\u00f6sz\u00f6n\u00e9s\u00e9vel a Magyar Telekom azt prezent\u00e1lta, hogy nem a k\u00f6zelj\u00f6v\u0151, hanem m\u00e1r-m\u00e1r a jelen, amikor az emberi munkaer\u0151vel versenyre k\u00e9l a mesters\u00e9ges intelligenci\u00e1val dolgoz\u00f3 g\u00e9p. <\/strong><\/p>\n<p>Az esem\u00e9nyen elhangzott: a \u00a0friss el\u0151rejelz\u00e9sek szerint, 20 \u00e9ven bel\u00fcl a digitaliz\u00e1ci\u00f3 hat\u00e1s\u00e1ra vil\u00e1gszerte ak\u00e1r 380 milli\u00f3 embernek &#8211; k\u00f6zt\u00fck a mai magyar munkav\u00e1llal\u00f3k k\u00f6zel fel\u00e9nek &#8211; kell majd p\u00e1ly\u00e1t m\u00f3dos\u00edtania. Akkor is, ha ezzel\u00a0 p\u00e1rhuzamosan egyre \u00e9rt\u00e9kesebb\u00e9 v\u00e1lik majd a kreativit\u00e1s, a konstruktivit\u00e1s, az egy\u00fcttm\u0171k\u00f6d\u00e9si k\u00e9szs\u00e9g &#8211; vagyis minden, ami emberi. Az \u00faj munkaer\u0151 kiv\u00e1laszt\u00e1s\u00e1nak folyamata sok tekintetben m\u00e1r ma is automatiz\u00e1lt: egyre gyakrabban m\u00e1r mesters\u00e9ges intelligencia keresi \u00e9s v\u00e1logatja ki a megfelel\u0151 k\u00e9pess\u00e9gekkel rendelkez\u0151 koll\u00e9g\u00e1kat az egys\u00e9ges\u00edtett, online munkaer\u0151 adatb\u00e1zisokb\u00f3l. Ezt bizony\u00edtotta a Magyar Telekom \u00faj gyakornok-kiv\u00e1laszt\u00f3 programja is, melynek sor\u00e1n mobilapplik\u00e1ci\u00f3k, vide\u00f3interj\u00fak \u00e9s m\u00e1s digit\u00e1lis sz\u0171r\u00e9si megold\u00e1sok felhaszn\u00e1l\u00e1s\u00e1val a v\u00e1llalat 24 \u00f3ra alatt k\u00e9pes volt 27 \u00faj gyakornokot tal\u00e1lni.<\/p>\n<p>Forr\u00e1s: napi.hu<\/p>\n","protected":false},"excerpt":{"rendered":"<p>\u00dcgyf\u00e9lszolg\u00e1lati robot konfer\u00e1lta fel a Magyar Telekom Most F\u00f3rumsorozat\u00e1nak m\u00e1sodik rendezv\u00e9ny\u00e9t. Az \u00e1ll\u00e1spiaci fejleszt\u00e9sekr\u0151l sz\u00f3l\u00f3, az \u00faj megold\u00e1sokban j\u00e1rtas ipar\u00e1gi szerepl\u0151kkel folytatott panelbesz\u00e9lget\u00e9s vezet\u00e9s\u00e9t azonban v\u00e9g\u00fcl emberre b\u00edzt\u00e1k a szervez\u0151k. Vanda, az \u00e9lesben egyszerre m\u00e1r 75 \u00fcgyf\u00e9llel dolgoz\u00f3 digit\u00e1lis \u00fczleti asszisztens nyitotta meg a Most F\u00f3rum m\u00e1sodik rendezv\u00e9ny\u00e9t. A telefonos robot-kisasszony bek\u00f6sz\u00f6n\u00e9s\u00e9vel a Magyar Telekom [&hellip;]<\/p>\n","protected":false},"author":1,"featured_media":2069,"comment_status":"open","ping_status":"open","sticky":false,"template":"","format":"standard","meta":{"_monsterinsights_skip_tracking":false,"footnotes":""},"categories":[1,198,200],"tags":[],"class_list":["post-2689","post","type-post","status-publish","format-standard","has-post-thumbnail","hentry","category-allaskereses","category-gazdasag","category-munkaeropiac"],"aioseo_notices":[],"aioseo_head":"\n\t\t<!-- All in One SEO 5.0.0.1 - aioseo.com -->\n\t<meta name=\"description\" content=\"\u00dcgyf\u00e9lszolg\u00e1lati robot konfer\u00e1lta fel a Magyar Telekom Most F\u00f3rumsorozat\u00e1nak m\u00e1sodik rendezv\u00e9ny\u00e9t. Az \u00e1ll\u00e1spiaci fejleszt\u00e9sekr\u0151l sz\u00f3l\u00f3, az \u00faj megold\u00e1sokban j\u00e1rtas ipar\u00e1gi szerepl\u0151kkel folytatott panelbesz\u00e9lget\u00e9s vezet\u00e9s\u00e9t azonban v\u00e9g\u00fcl emberre b\u00edzt\u00e1k a szervez\u0151k. Vanda, az \u00e9lesben egyszerre m\u00e1r 75 \u00fcgyf\u00e9llel dolgoz\u00f3 digit\u00e1lis \u00fczleti asszisztens nyitotta meg a Most F\u00f3rum m\u00e1sodik rendezv\u00e9ny\u00e9t. A telefonos robot-kisasszony bek\u00f6sz\u00f6n\u00e9s\u00e9vel a Magyar Telekom\" \/>\n\t<meta name=\"robots\" content=\"max-image-preview:large\" \/>\n\t<meta name=\"author\" content=\"Juh\u00e1sz P\u00e9ter\"\/>\n\t<link rel=\"canonical\" href=\"https:\/\/allasorias.hu\/hirek\/jonnek-a-robotok\/\" \/>\n\t<meta name=\"generator\" content=\"All in One SEO (AIOSEO) 5.0.0.1\" \/>\n\t\t<meta property=\"og:locale\" content=\"hu_HU\" \/>\n\t\t<meta property=\"og:site_name\" content=\"AllasOrias.hu | H\u00edrek-lapszemle | \u00dczleti h\u00edrek az \u00e1ll\u00e1s \u00e9s a munka vil\u00e1g\u00e1b\u00f3l\" \/>\n\t\t<meta property=\"og:type\" content=\"article\" \/>\n\t\t<meta property=\"og:title\" content=\"J\u00f6nnek a robotok? | AllasOrias.hu | H\u00edrek-lapszemle\" \/>\n\t\t<meta property=\"og:description\" content=\"\u00dcgyf\u00e9lszolg\u00e1lati robot konfer\u00e1lta fel a Magyar Telekom Most F\u00f3rumsorozat\u00e1nak m\u00e1sodik rendezv\u00e9ny\u00e9t. Az \u00e1ll\u00e1spiaci fejleszt\u00e9sekr\u0151l sz\u00f3l\u00f3, az \u00faj megold\u00e1sokban j\u00e1rtas ipar\u00e1gi szerepl\u0151kkel folytatott panelbesz\u00e9lget\u00e9s vezet\u00e9s\u00e9t azonban v\u00e9g\u00fcl emberre b\u00edzt\u00e1k a szervez\u0151k. Vanda, az \u00e9lesben egyszerre m\u00e1r 75 \u00fcgyf\u00e9llel dolgoz\u00f3 digit\u00e1lis \u00fczleti asszisztens nyitotta meg a Most F\u00f3rum m\u00e1sodik rendezv\u00e9ny\u00e9t. A telefonos robot-kisasszony bek\u00f6sz\u00f6n\u00e9s\u00e9vel a Magyar Telekom\" \/>\n\t\t<meta property=\"og:url\" content=\"https:\/\/allasorias.hu\/hirek\/jonnek-a-robotok\/\" \/>\n\t\t<meta property=\"og:image\" content=\"https:\/\/allasorias.hu\/hirek\/wp-content\/uploads\/2018\/11\/robot-507811_640.jpg\" \/>\n\t\t<meta property=\"og:image:secure_url\" content=\"https:\/\/allasorias.hu\/hirek\/wp-content\/uploads\/2018\/11\/robot-507811_640.jpg\" \/>\n\t\t<meta property=\"og:image:width\" content=\"640\" \/>\n\t\t<meta property=\"og:image:height\" content=\"452\" \/>\n\t\t<meta property=\"article:published_time\" content=\"2019-03-22T10:14:57+00:00\" \/>\n\t\t<meta property=\"article:modified_time\" content=\"2019-03-22T10:14:57+00:00\" \/>\n\t\t<meta property=\"article:publisher\" content=\"https:\/\/www.facebook.com\/allasorias\" \/>\n\t\t<meta name=\"twitter:card\" content=\"summary_large_image\" \/>\n\t\t<meta name=\"twitter:title\" content=\"J\u00f6nnek a robotok? | AllasOrias.hu | H\u00edrek-lapszemle\" \/>\n\t\t<meta name=\"twitter:description\" content=\"\u00dcgyf\u00e9lszolg\u00e1lati robot konfer\u00e1lta fel a Magyar Telekom Most F\u00f3rumsorozat\u00e1nak m\u00e1sodik rendezv\u00e9ny\u00e9t. Az \u00e1ll\u00e1spiaci fejleszt\u00e9sekr\u0151l sz\u00f3l\u00f3, az \u00faj megold\u00e1sokban j\u00e1rtas ipar\u00e1gi szerepl\u0151kkel folytatott panelbesz\u00e9lget\u00e9s vezet\u00e9s\u00e9t azonban v\u00e9g\u00fcl emberre b\u00edzt\u00e1k a szervez\u0151k. Vanda, az \u00e9lesben egyszerre m\u00e1r 75 \u00fcgyf\u00e9llel dolgoz\u00f3 digit\u00e1lis \u00fczleti asszisztens nyitotta meg a Most F\u00f3rum m\u00e1sodik rendezv\u00e9ny\u00e9t. A telefonos robot-kisasszony bek\u00f6sz\u00f6n\u00e9s\u00e9vel a Magyar Telekom\" \/>\n\t\t<meta name=\"twitter:image\" content=\"https:\/\/allasorias.hu\/hirek\/wp-content\/uploads\/2018\/11\/robot-507811_640.jpg\" \/>\n\t\t<meta name=\"twitter:label1\" content=\"Written by\" \/>\n\t\t<meta name=\"twitter:data1\" content=\"Juh\u00e1sz P\u00e9ter\" \/>\n\t\t<meta name=\"twitter:label2\" content=\"Est. reading time\" \/>\n\t\t<meta name=\"twitter:data2\" content=\"1 minute\" \/>\n\t\t<script type=\"application\/ld+json\" class=\"aioseo-schema\">\n\t\t\t{\"@context\":\"https:\\\/\\\/schema.org\",\"@graph\":[{\"@type\":\"Article\",\"@id\":\"https:\\\/\\\/allasorias.hu\\\/hirek\\\/jonnek-a-robotok\\\/#article\",\"name\":\"J\\u00f6nnek a robotok? | AllasOrias.hu | H\\u00edrek-lapszemle\",\"headline\":\"J\\u00f6nnek a robotok?\",\"author\":{\"@id\":\"https:\\\/\\\/allasorias.hu\\\/hirek\\\/author\\\/admin-allasorias\\\/#author\"},\"publisher\":{\"@id\":\"https:\\\/\\\/allasorias.hu\\\/hirek\\\/#organization\"},\"image\":{\"@type\":\"ImageObject\",\"url\":\"https:\\\/\\\/allasorias.hu\\\/hirek\\\/wp-content\\\/uploads\\\/2018\\\/11\\\/robot-507811_640.jpg\",\"width\":640,\"height\":452},\"datePublished\":\"2019-03-22T10:14:57+02:00\",\"dateModified\":\"2019-03-22T10:14:57+02:00\",\"inLanguage\":\"hu-HU\",\"mainEntityOfPage\":{\"@id\":\"https:\\\/\\\/allasorias.hu\\\/hirek\\\/jonnek-a-robotok\\\/#webpage\"},\"isPartOf\":{\"@id\":\"https:\\\/\\\/allasorias.hu\\\/hirek\\\/jonnek-a-robotok\\\/#webpage\"},\"articleSection\":\"\\u00c1ll\\u00e1skeres\\u00e9s, Gazdas\\u00e1g, Munkaer\\u0151piac\"},{\"@type\":\"BreadcrumbList\",\"@id\":\"https:\\\/\\\/allasorias.hu\\\/hirek\\\/jonnek-a-robotok\\\/#breadcrumblist\",\"itemListElement\":[{\"@type\":\"ListItem\",\"@id\":\"https:\\\/\\\/allasorias.hu\\\/hirek#listItem\",\"position\":1,\"name\":\"Home\",\"item\":\"https:\\\/\\\/allasorias.hu\\\/hirek\",\"nextItem\":{\"@type\":\"ListItem\",\"@id\":\"https:\\\/\\\/allasorias.hu\\\/hirek\\\/temak\\\/allaskereses\\\/#listItem\",\"name\":\"\\u00c1ll\\u00e1skeres\\u00e9s\"}},{\"@type\":\"ListItem\",\"@id\":\"https:\\\/\\\/allasorias.hu\\\/hirek\\\/temak\\\/allaskereses\\\/#listItem\",\"position\":2,\"name\":\"\\u00c1ll\\u00e1skeres\\u00e9s\",\"item\":\"https:\\\/\\\/allasorias.hu\\\/hirek\\\/temak\\\/allaskereses\\\/\",\"nextItem\":{\"@type\":\"ListItem\",\"@id\":\"https:\\\/\\\/allasorias.hu\\\/hirek\\\/jonnek-a-robotok\\\/#listItem\",\"name\":\"J\\u00f6nnek a robotok?\"},\"previousItem\":{\"@type\":\"ListItem\",\"@id\":\"https:\\\/\\\/allasorias.hu\\\/hirek#listItem\",\"name\":\"Home\"}},{\"@type\":\"ListItem\",\"@id\":\"https:\\\/\\\/allasorias.hu\\\/hirek\\\/jonnek-a-robotok\\\/#listItem\",\"position\":3,\"name\":\"J\\u00f6nnek a robotok?\",\"previousItem\":{\"@type\":\"ListItem\",\"@id\":\"https:\\\/\\\/allasorias.hu\\\/hirek\\\/temak\\\/allaskereses\\\/#listItem\",\"name\":\"\\u00c1ll\\u00e1skeres\\u00e9s\"}}]},{\"@type\":\"Organization\",\"@id\":\"https:\\\/\\\/allasorias.hu\\\/hirek\\\/#organization\",\"name\":\"AllasOrias.hu | H\\u00edrek-lapszemle\",\"description\":\"\\u00dczleti h\\u00edrek az \\u00e1ll\\u00e1s \\u00e9s a munka vil\\u00e1g\\u00e1b\\u00f3l\",\"url\":\"https:\\\/\\\/allasorias.hu\\\/hirek\\\/\",\"logo\":{\"@type\":\"ImageObject\",\"url\":\"https:\\\/\\\/allasorias.hu\\\/hirek\\\/wp-content\\\/uploads\\\/2022\\\/10\\\/allasorias_site_facebok_logo.png\",\"@id\":\"https:\\\/\\\/allasorias.hu\\\/hirek\\\/jonnek-a-robotok\\\/#organizationLogo\"},\"image\":{\"@id\":\"https:\\\/\\\/allasorias.hu\\\/hirek\\\/jonnek-a-robotok\\\/#organizationLogo\"},\"sameAs\":[\"https:\\\/\\\/www.facebook.com\\\/allasorias\",\"https:\\\/\\\/www.linkedin.com\\\/company\\\/allasorias\"]},{\"@type\":\"Person\",\"@id\":\"https:\\\/\\\/allasorias.hu\\\/hirek\\\/author\\\/admin-allasorias\\\/#author\",\"url\":\"https:\\\/\\\/allasorias.hu\\\/hirek\\\/author\\\/admin-allasorias\\\/\",\"name\":\"Juh\\u00e1sz P\\u00e9ter\",\"image\":{\"@type\":\"ImageObject\",\"@id\":\"https:\\\/\\\/allasorias.hu\\\/hirek\\\/jonnek-a-robotok\\\/#authorImage\",\"url\":\"https:\\\/\\\/secure.gravatar.com\\\/avatar\\\/36e6bcb83148978b992977cb0f54d22feb0cce8a0a849a9410532bb2623ba4c6?s=96&d=mm&r=g\",\"width\":96,\"height\":96,\"caption\":\"Juh\\u00e1sz P\\u00e9ter\"}},{\"@type\":\"WebPage\",\"@id\":\"https:\\\/\\\/allasorias.hu\\\/hirek\\\/jonnek-a-robotok\\\/#webpage\",\"url\":\"https:\\\/\\\/allasorias.hu\\\/hirek\\\/jonnek-a-robotok\\\/\",\"name\":\"J\\u00f6nnek a robotok? | AllasOrias.hu | H\\u00edrek-lapszemle\",\"description\":\"\\u00dcgyf\\u00e9lszolg\\u00e1lati robot konfer\\u00e1lta fel a Magyar Telekom Most F\\u00f3rumsorozat\\u00e1nak m\\u00e1sodik rendezv\\u00e9ny\\u00e9t. Az \\u00e1ll\\u00e1spiaci fejleszt\\u00e9sekr\\u0151l sz\\u00f3l\\u00f3, az \\u00faj megold\\u00e1sokban j\\u00e1rtas ipar\\u00e1gi szerepl\\u0151kkel folytatott panelbesz\\u00e9lget\\u00e9s vezet\\u00e9s\\u00e9t azonban v\\u00e9g\\u00fcl emberre b\\u00edzt\\u00e1k a szervez\\u0151k. Vanda, az \\u00e9lesben egyszerre m\\u00e1r 75 \\u00fcgyf\\u00e9llel dolgoz\\u00f3 digit\\u00e1lis \\u00fczleti asszisztens nyitotta meg a Most F\\u00f3rum m\\u00e1sodik rendezv\\u00e9ny\\u00e9t. A telefonos robot-kisasszony bek\\u00f6sz\\u00f6n\\u00e9s\\u00e9vel a Magyar Telekom\",\"inLanguage\":\"hu-HU\",\"isPartOf\":{\"@id\":\"https:\\\/\\\/allasorias.hu\\\/hirek\\\/#website\"},\"breadcrumb\":{\"@id\":\"https:\\\/\\\/allasorias.hu\\\/hirek\\\/jonnek-a-robotok\\\/#breadcrumblist\"},\"author\":{\"@id\":\"https:\\\/\\\/allasorias.hu\\\/hirek\\\/author\\\/admin-allasorias\\\/#author\"},\"creator\":{\"@id\":\"https:\\\/\\\/allasorias.hu\\\/hirek\\\/author\\\/admin-allasorias\\\/#author\"},\"image\":{\"@type\":\"ImageObject\",\"url\":\"https:\\\/\\\/allasorias.hu\\\/hirek\\\/wp-content\\\/uploads\\\/2018\\\/11\\\/robot-507811_640.jpg\",\"@id\":\"https:\\\/\\\/allasorias.hu\\\/hirek\\\/jonnek-a-robotok\\\/#mainImage\",\"width\":640,\"height\":452},\"primaryImageOfPage\":{\"@id\":\"https:\\\/\\\/allasorias.hu\\\/hirek\\\/jonnek-a-robotok\\\/#mainImage\"},\"datePublished\":\"2019-03-22T10:14:57+02:00\",\"dateModified\":\"2019-03-22T10:14:57+02:00\"},{\"@type\":\"WebSite\",\"@id\":\"https:\\\/\\\/allasorias.hu\\\/hirek\\\/#website\",\"url\":\"https:\\\/\\\/allasorias.hu\\\/hirek\\\/\",\"name\":\"AllasOrias.hu | H\\u00edrek-lapszemle\",\"description\":\"\\u00dczleti h\\u00edrek az \\u00e1ll\\u00e1s \\u00e9s a munka vil\\u00e1g\\u00e1b\\u00f3l\",\"inLanguage\":\"hu-HU\",\"publisher\":{\"@id\":\"https:\\\/\\\/allasorias.hu\\\/hirek\\\/#organization\"}}]}\n\t\t<\/script>\n\t\t<!-- All in One SEO -->\n\n","aioseo_head_json":{"title":"J\u00f6nnek a robotok? | AllasOrias.hu | H\u00edrek-lapszemle","description":"\u00dcgyf\u00e9lszolg\u00e1lati robot konfer\u00e1lta fel a Magyar Telekom Most F\u00f3rumsorozat\u00e1nak m\u00e1sodik rendezv\u00e9ny\u00e9t. Az \u00e1ll\u00e1spiaci fejleszt\u00e9sekr\u0151l sz\u00f3l\u00f3, az \u00faj megold\u00e1sokban j\u00e1rtas ipar\u00e1gi szerepl\u0151kkel folytatott panelbesz\u00e9lget\u00e9s vezet\u00e9s\u00e9t azonban v\u00e9g\u00fcl emberre b\u00edzt\u00e1k a szervez\u0151k. Vanda, az \u00e9lesben egyszerre m\u00e1r 75 \u00fcgyf\u00e9llel dolgoz\u00f3 digit\u00e1lis \u00fczleti asszisztens nyitotta meg a Most F\u00f3rum m\u00e1sodik rendezv\u00e9ny\u00e9t. A telefonos robot-kisasszony bek\u00f6sz\u00f6n\u00e9s\u00e9vel a Magyar Telekom","canonical_url":"https:\/\/allasorias.hu\/hirek\/jonnek-a-robotok\/","robots":"max-image-preview:large","keywords":"","webmasterTools":{"miscellaneous":""},"schema":{"@context":"https:\/\/schema.org","@graph":[{"@type":"Article","@id":"https:\/\/allasorias.hu\/hirek\/jonnek-a-robotok\/#article","name":"J\u00f6nnek a robotok? | AllasOrias.hu | H\u00edrek-lapszemle","headline":"J\u00f6nnek a robotok?","author":{"@id":"https:\/\/allasorias.hu\/hirek\/author\/admin-allasorias\/#author"},"publisher":{"@id":"https:\/\/allasorias.hu\/hirek\/#organization"},"image":{"@type":"ImageObject","url":"https:\/\/allasorias.hu\/hirek\/wp-content\/uploads\/2018\/11\/robot-507811_640.jpg","width":640,"height":452},"datePublished":"2019-03-22T10:14:57+02:00","dateModified":"2019-03-22T10:14:57+02:00","inLanguage":"hu-HU","mainEntityOfPage":{"@id":"https:\/\/allasorias.hu\/hirek\/jonnek-a-robotok\/#webpage"},"isPartOf":{"@id":"https:\/\/allasorias.hu\/hirek\/jonnek-a-robotok\/#webpage"},"articleSection":"\u00c1ll\u00e1skeres\u00e9s, Gazdas\u00e1g, Munkaer\u0151piac"},{"@type":"BreadcrumbList","@id":"https:\/\/allasorias.hu\/hirek\/jonnek-a-robotok\/#breadcrumblist","itemListElement":[{"@type":"ListItem","@id":"https:\/\/allasorias.hu\/hirek#listItem","position":1,"name":"Home","item":"https:\/\/allasorias.hu\/hirek","nextItem":{"@type":"ListItem","@id":"https:\/\/allasorias.hu\/hirek\/temak\/allaskereses\/#listItem","name":"\u00c1ll\u00e1skeres\u00e9s"}},{"@type":"ListItem","@id":"https:\/\/allasorias.hu\/hirek\/temak\/allaskereses\/#listItem","position":2,"name":"\u00c1ll\u00e1skeres\u00e9s","item":"https:\/\/allasorias.hu\/hirek\/temak\/allaskereses\/","nextItem":{"@type":"ListItem","@id":"https:\/\/allasorias.hu\/hirek\/jonnek-a-robotok\/#listItem","name":"J\u00f6nnek a robotok?"},"previousItem":{"@type":"ListItem","@id":"https:\/\/allasorias.hu\/hirek#listItem","name":"Home"}},{"@type":"ListItem","@id":"https:\/\/allasorias.hu\/hirek\/jonnek-a-robotok\/#listItem","position":3,"name":"J\u00f6nnek a robotok?","previousItem":{"@type":"ListItem","@id":"https:\/\/allasorias.hu\/hirek\/temak\/allaskereses\/#listItem","name":"\u00c1ll\u00e1skeres\u00e9s"}}]},{"@type":"Organization","@id":"https:\/\/allasorias.hu\/hirek\/#organization","name":"AllasOrias.hu | H\u00edrek-lapszemle","description":"\u00dczleti h\u00edrek az \u00e1ll\u00e1s \u00e9s a munka vil\u00e1g\u00e1b\u00f3l","url":"https:\/\/allasorias.hu\/hirek\/","logo":{"@type":"ImageObject","url":"https:\/\/allasorias.hu\/hirek\/wp-content\/uploads\/2022\/10\/allasorias_site_facebok_logo.png","@id":"https:\/\/allasorias.hu\/hirek\/jonnek-a-robotok\/#organizationLogo"},"image":{"@id":"https:\/\/allasorias.hu\/hirek\/jonnek-a-robotok\/#organizationLogo"},"sameAs":["https:\/\/www.facebook.com\/allasorias","https:\/\/www.linkedin.com\/company\/allasorias"]},{"@type":"Person","@id":"https:\/\/allasorias.hu\/hirek\/author\/admin-allasorias\/#author","url":"https:\/\/allasorias.hu\/hirek\/author\/admin-allasorias\/","name":"Juh\u00e1sz P\u00e9ter","image":{"@type":"ImageObject","@id":"https:\/\/allasorias.hu\/hirek\/jonnek-a-robotok\/#authorImage","url":"https:\/\/secure.gravatar.com\/avatar\/36e6bcb83148978b992977cb0f54d22feb0cce8a0a849a9410532bb2623ba4c6?s=96&d=mm&r=g","width":96,"height":96,"caption":"Juh\u00e1sz P\u00e9ter"}},{"@type":"WebPage","@id":"https:\/\/allasorias.hu\/hirek\/jonnek-a-robotok\/#webpage","url":"https:\/\/allasorias.hu\/hirek\/jonnek-a-robotok\/","name":"J\u00f6nnek a robotok? | AllasOrias.hu | H\u00edrek-lapszemle","description":"\u00dcgyf\u00e9lszolg\u00e1lati robot konfer\u00e1lta fel a Magyar Telekom Most F\u00f3rumsorozat\u00e1nak m\u00e1sodik rendezv\u00e9ny\u00e9t. Az \u00e1ll\u00e1spiaci fejleszt\u00e9sekr\u0151l sz\u00f3l\u00f3, az \u00faj megold\u00e1sokban j\u00e1rtas ipar\u00e1gi szerepl\u0151kkel folytatott panelbesz\u00e9lget\u00e9s vezet\u00e9s\u00e9t azonban v\u00e9g\u00fcl emberre b\u00edzt\u00e1k a szervez\u0151k. Vanda, az \u00e9lesben egyszerre m\u00e1r 75 \u00fcgyf\u00e9llel dolgoz\u00f3 digit\u00e1lis \u00fczleti asszisztens nyitotta meg a Most F\u00f3rum m\u00e1sodik rendezv\u00e9ny\u00e9t. A telefonos robot-kisasszony bek\u00f6sz\u00f6n\u00e9s\u00e9vel a Magyar Telekom","inLanguage":"hu-HU","isPartOf":{"@id":"https:\/\/allasorias.hu\/hirek\/#website"},"breadcrumb":{"@id":"https:\/\/allasorias.hu\/hirek\/jonnek-a-robotok\/#breadcrumblist"},"author":{"@id":"https:\/\/allasorias.hu\/hirek\/author\/admin-allasorias\/#author"},"creator":{"@id":"https:\/\/allasorias.hu\/hirek\/author\/admin-allasorias\/#author"},"image":{"@type":"ImageObject","url":"https:\/\/allasorias.hu\/hirek\/wp-content\/uploads\/2018\/11\/robot-507811_640.jpg","@id":"https:\/\/allasorias.hu\/hirek\/jonnek-a-robotok\/#mainImage","width":640,"height":452},"primaryImageOfPage":{"@id":"https:\/\/allasorias.hu\/hirek\/jonnek-a-robotok\/#mainImage"},"datePublished":"2019-03-22T10:14:57+02:00","dateModified":"2019-03-22T10:14:57+02:00"},{"@type":"WebSite","@id":"https:\/\/allasorias.hu\/hirek\/#website","url":"https:\/\/allasorias.hu\/hirek\/","name":"AllasOrias.hu | H\u00edrek-lapszemle","description":"\u00dczleti h\u00edrek az \u00e1ll\u00e1s \u00e9s a munka vil\u00e1g\u00e1b\u00f3l","inLanguage":"hu-HU","publisher":{"@id":"https:\/\/allasorias.hu\/hirek\/#organization"}}]},"og:locale":"hu_HU","og:site_name":"AllasOrias.hu | H\u00edrek-lapszemle | \u00dczleti h\u00edrek az \u00e1ll\u00e1s \u00e9s a munka vil\u00e1g\u00e1b\u00f3l","og:type":"article","og:title":"J\u00f6nnek a robotok? | AllasOrias.hu | H\u00edrek-lapszemle","og:description":"\u00dcgyf\u00e9lszolg\u00e1lati robot konfer\u00e1lta fel a Magyar Telekom Most F\u00f3rumsorozat\u00e1nak m\u00e1sodik rendezv\u00e9ny\u00e9t. Az \u00e1ll\u00e1spiaci fejleszt\u00e9sekr\u0151l sz\u00f3l\u00f3, az \u00faj megold\u00e1sokban j\u00e1rtas ipar\u00e1gi szerepl\u0151kkel folytatott panelbesz\u00e9lget\u00e9s vezet\u00e9s\u00e9t azonban v\u00e9g\u00fcl emberre b\u00edzt\u00e1k a szervez\u0151k. Vanda, az \u00e9lesben egyszerre m\u00e1r 75 \u00fcgyf\u00e9llel dolgoz\u00f3 digit\u00e1lis \u00fczleti asszisztens nyitotta meg a Most F\u00f3rum m\u00e1sodik rendezv\u00e9ny\u00e9t. A telefonos robot-kisasszony bek\u00f6sz\u00f6n\u00e9s\u00e9vel a Magyar Telekom","og:url":"https:\/\/allasorias.hu\/hirek\/jonnek-a-robotok\/","og:image":"https:\/\/allasorias.hu\/hirek\/wp-content\/uploads\/2018\/11\/robot-507811_640.jpg","og:image:secure_url":"https:\/\/allasorias.hu\/hirek\/wp-content\/uploads\/2018\/11\/robot-507811_640.jpg","og:image:width":640,"og:image:height":452,"article:published_time":"2019-03-22T10:14:57+00:00","article:modified_time":"2019-03-22T10:14:57+00:00","article:publisher":"https:\/\/www.facebook.com\/allasorias","twitter:card":"summary_large_image","twitter:title":"J\u00f6nnek a robotok? | AllasOrias.hu | H\u00edrek-lapszemle","twitter:description":"\u00dcgyf\u00e9lszolg\u00e1lati robot konfer\u00e1lta fel a Magyar Telekom Most F\u00f3rumsorozat\u00e1nak m\u00e1sodik rendezv\u00e9ny\u00e9t. Az \u00e1ll\u00e1spiaci fejleszt\u00e9sekr\u0151l sz\u00f3l\u00f3, az \u00faj megold\u00e1sokban j\u00e1rtas ipar\u00e1gi szerepl\u0151kkel folytatott panelbesz\u00e9lget\u00e9s vezet\u00e9s\u00e9t azonban v\u00e9g\u00fcl emberre b\u00edzt\u00e1k a szervez\u0151k. Vanda, az \u00e9lesben egyszerre m\u00e1r 75 \u00fcgyf\u00e9llel dolgoz\u00f3 digit\u00e1lis \u00fczleti asszisztens nyitotta meg a Most F\u00f3rum m\u00e1sodik rendezv\u00e9ny\u00e9t. A telefonos robot-kisasszony bek\u00f6sz\u00f6n\u00e9s\u00e9vel a Magyar Telekom","twitter:image":"https:\/\/allasorias.hu\/hirek\/wp-content\/uploads\/2018\/11\/robot-507811_640.jpg","twitter:label1":"Written by","twitter:data1":"Juh\u00e1sz P\u00e9ter","twitter:label2":"Est. reading time","twitter:data2":"1 minute"},"aioseo_meta_data":{"post_id":"2689","title":null,"description":null,"keywords":null,"keyphrases":null,"primary_term":null,"canonical_url":null,"og_title":null,"og_description":null,"og_object_type":"default","og_image_type":"default","og_image_url":null,"og_image_width":null,"og_image_height":null,"og_image_custom_url":null,"og_image_custom_fields":null,"og_video":null,"og_custom_url":null,"og_article_section":null,"og_article_tags":null,"twitter_use_og":false,"twitter_card":"default","twitter_image_type":"default","twitter_image_url":null,"twitter_image_custom_url":null,"twitter_image_custom_fields":null,"twitter_title":null,"twitter_description":null,"schema":{"blockGraphs":[],"customGraphs":[],"default":{"data":{"Article":[],"Course":[],"Dataset":[],"FAQPage":[],"Movie":[],"Person":[],"Product":[],"ProductReview":[],"Car":[],"Recipe":[],"Service":[],"SoftwareApplication":[],"WebPage":[]},"graphName":"","isEnabled":true},"graphs":[],"defaultGraph":"","defaultPostTypeGraph":""},"schema_type":null,"schema_type_options":null,"pillar_content":false,"robots_default":true,"robots_noindex":false,"robots_noarchive":false,"robots_nosnippet":false,"robots_nofollow":false,"robots_noimageindex":false,"robots_noodp":false,"robots_notranslate":false,"robots_max_snippet":null,"robots_max_videopreview":null,"robots_max_imagepreview":"large","priority":null,"frequency":null,"location":null,"local_seo":null,"breadcrumb_settings":null,"limit_modified_date":false,"ai":null,"created":"2021-02-01 21:13:45","updated":"2025-10-02 10:20:33","seo_analyzer_scan_date":null,"focus_keyword":null,"additional_keywords":null,"truseo_locale":null},"aioseo_breadcrumb":"<div class=\"aioseo-breadcrumbs\"><span class=\"aioseo-breadcrumb\">\n\t\t\t<a href=\"https:\/\/allasorias.hu\/hirek\" title=\"Home\">Home<\/a>\n\t\t<\/span><span class=\"aioseo-breadcrumb-separator\">&raquo;<\/span><span class=\"aioseo-breadcrumb\">\n\t\t\t<a href=\"https:\/\/allasorias.hu\/hirek\/temak\/allaskereses\/\" title=\"\u00c1ll\u00e1skeres\u00e9s\">\u00c1ll\u00e1skeres\u00e9s<\/a>\n\t\t<\/span><span class=\"aioseo-breadcrumb-separator\">&raquo;<\/span><span class=\"aioseo-breadcrumb\">\n\t\t\tJ\u00f6nnek a robotok?\n\t\t<\/span><\/div>","aioseo_breadcrumb_json":[{"label":"Home","link":"https:\/\/allasorias.hu\/hirek"},{"label":"\u00c1ll\u00e1skeres\u00e9s","link":"https:\/\/allasorias.hu\/hirek\/temak\/allaskereses\/"},{"label":"J\u00f6nnek a robotok?","link":"https:\/\/allasorias.hu\/hirek\/jonnek-a-robotok\/"}],"_links":{"self":[{"href":"https:\/\/allasorias.hu\/hirek\/wp-json\/wp\/v2\/posts\/2689","targetHints":{"allow":["GET"]}}],"collection":[{"href":"https:\/\/allasorias.hu\/hirek\/wp-json\/wp\/v2\/posts"}],"about":[{"href":"https:\/\/allasorias.hu\/hirek\/wp-json\/wp\/v2\/types\/post"}],"author":[{"embeddable":true,"href":"https:\/\/allasorias.hu\/hirek\/wp-json\/wp\/v2\/users\/1"}],"replies":[{"embeddable":true,"href":"https:\/\/allasorias.hu\/hirek\/wp-json\/wp\/v2\/comments?post=2689"}],"version-history":[{"count":1,"href":"https:\/\/allasorias.hu\/hirek\/wp-json\/wp\/v2\/posts\/2689\/revisions"}],"predecessor-version":[{"id":2690,"href":"https:\/\/allasorias.hu\/hirek\/wp-json\/wp\/v2\/posts\/2689\/revisions\/2690"}],"wp:featuredmedia":[{"embeddable":true,"href":"https:\/\/allasorias.hu\/hirek\/wp-json\/wp\/v2\/media\/2069"}],"wp:attachment":[{"href":"https:\/\/allasorias.hu\/hirek\/wp-json\/wp\/v2\/media?parent=2689"}],"wp:term":[{"taxonomy":"category","embeddable":true,"href":"https:\/\/allasorias.hu\/hirek\/wp-json\/wp\/v2\/categories?post=2689"},{"taxonomy":"post_tag","embeddable":true,"href":"https:\/\/allasorias.hu\/hirek\/wp-json\/wp\/v2\/tags?post=2689"}],"curies":[{"name":"wp","href":"https:\/\/api.w.org\/{rel}","templated":true}]}}