{"id":2683,"date":"2019-03-21T09:27:47","date_gmt":"2019-03-21T09:27:47","guid":{"rendered":"https:\/\/allasorias.hu\/hirek\/?p=2683"},"modified":"2019-03-21T09:28:17","modified_gmt":"2019-03-21T09:28:17","slug":"jobban-kell-ertekelni-a-harmincasokat","status":"publish","type":"post","link":"https:\/\/allasorias.hu\/hirek\/jobban-kell-ertekelni-a-harmincasokat\/","title":{"rendered":"Jobban kell \u00e9rt\u00e9kelni a harmincasokat"},"content":{"rendered":"<p><strong>A digit\u00e1lis vil\u00e1ggal egy\u00fctt n\u0151ttek f\u00f6l az Y gener\u00e1ci\u00f3 tagjai, k\u00e9t \u00e9vtizede akt\u00edvan dolgoznak, m\u00e9g a legfiatalabbak is t\u00f6bb \u00e9ve r\u00e9szesei a munkaer\u0151piacnak. \u0150k m\u00e1r nem felt\u00e9tlen\u00fcl a biztons\u00e1got \u00e9s a rutinszer\u0171s\u00e9get tartj\u00e1k szem el\u0151tt a munkahely v\u00e1laszt\u00e1s sor\u00e1n, ink\u00e1bb k\u00f6z\u00f6ss\u00e9get keresnek, ahol garant\u00e1lt a szem\u00e9lyes n\u00f6veked\u00e9s\u00fck, ahol lehet\u0151s\u00e9g\u00fck van kompetenci\u00e1ikat fejleszteni.<\/strong><\/p>\n<p>A 24.hu szerint ennek tudhat\u00f3 be a gyakoribb \u00e9s k\u00f6nnyebb v\u00e1lt\u00e1s munkahelyeik k\u00f6zt: ha nem kapj\u00e1k meg a sz\u00e1mukra fontos fejl\u0151d\u00e9s lehet\u0151s\u00e9g\u00e9t, tov\u00e1bb l\u00e9pnek, ez\u00e9rt ragadt r\u00e1juk a job-hopper g\u00fanyn\u00e9v. Tudni kell viszont, hogy az Y- \u00e9s Z gener\u00e1ci\u00f3 tagjai gyorsan \u00e9s k\u00f6nnyen tanulnak, fog\u00e9konyak az \u00fajdons\u00e1gokra, j\u00f3l t\u0171rik a v\u00e1ltoz\u00e1sokat \u00e9s simul\u00e9konyak, rugalmasak. Nem riadnak vissza a k\u00fclf\u00f6ldi munkav\u00e9gz\u00e9st\u0151l vagy az ing\u00e1z\u00e1st\u00f3l, a nyelveket pedig gyorsan saj\u00e1t\u00edtj\u00e1k el.<\/p>\n<p>Forr\u00e1s: hrportal.hu<\/p>\n","protected":false},"excerpt":{"rendered":"<p>A digit\u00e1lis vil\u00e1ggal egy\u00fctt n\u0151ttek f\u00f6l az Y gener\u00e1ci\u00f3 tagjai, k\u00e9t \u00e9vtizede akt\u00edvan dolgoznak, m\u00e9g a legfiatalabbak is t\u00f6bb \u00e9ve r\u00e9szesei a munkaer\u0151piacnak. \u0150k m\u00e1r nem felt\u00e9tlen\u00fcl a biztons\u00e1got \u00e9s a rutinszer\u0171s\u00e9get tartj\u00e1k szem el\u0151tt a munkahely v\u00e1laszt\u00e1s sor\u00e1n, ink\u00e1bb k\u00f6z\u00f6ss\u00e9get keresnek, ahol garant\u00e1lt a szem\u00e9lyes n\u00f6veked\u00e9s\u00fck, ahol lehet\u0151s\u00e9g\u00fck van kompetenci\u00e1ikat fejleszteni. A 24.hu szerint [&hellip;]<\/p>\n","protected":false},"author":1,"featured_media":2684,"comment_status":"open","ping_status":"open","sticky":false,"template":"","format":"standard","meta":{"_monsterinsights_skip_tracking":false,"footnotes":""},"categories":[1,200],"tags":[],"class_list":["post-2683","post","type-post","status-publish","format-standard","has-post-thumbnail","hentry","category-allaskereses","category-munkaeropiac"],"aioseo_notices":[],"aioseo_head":"\n\t\t<!-- All in One SEO 5.0.0.1 - aioseo.com -->\n\t<meta name=\"description\" content=\"A digit\u00e1lis vil\u00e1ggal egy\u00fctt n\u0151ttek f\u00f6l az Y gener\u00e1ci\u00f3 tagjai, k\u00e9t \u00e9vtizede akt\u00edvan dolgoznak, m\u00e9g a legfiatalabbak is t\u00f6bb \u00e9ve r\u00e9szesei a munkaer\u0151piacnak. \u0150k m\u00e1r nem felt\u00e9tlen\u00fcl a biztons\u00e1got \u00e9s a rutinszer\u0171s\u00e9get tartj\u00e1k szem el\u0151tt a munkahely v\u00e1laszt\u00e1s sor\u00e1n, ink\u00e1bb k\u00f6z\u00f6ss\u00e9get keresnek, ahol garant\u00e1lt a szem\u00e9lyes n\u00f6veked\u00e9s\u00fck, ahol lehet\u0151s\u00e9g\u00fck van kompetenci\u00e1ikat fejleszteni. A 24.hu szerint\" \/>\n\t<meta name=\"robots\" content=\"max-image-preview:large\" \/>\n\t<meta name=\"author\" content=\"Juh\u00e1sz P\u00e9ter\"\/>\n\t<link rel=\"canonical\" href=\"https:\/\/allasorias.hu\/hirek\/jobban-kell-ertekelni-a-harmincasokat\/\" \/>\n\t<meta name=\"generator\" content=\"All in One SEO (AIOSEO) 5.0.0.1\" \/>\n\t\t<meta property=\"og:locale\" content=\"hu_HU\" \/>\n\t\t<meta property=\"og:site_name\" content=\"AllasOrias.hu | H\u00edrek-lapszemle | \u00dczleti h\u00edrek az \u00e1ll\u00e1s \u00e9s a munka vil\u00e1g\u00e1b\u00f3l\" \/>\n\t\t<meta property=\"og:type\" content=\"article\" \/>\n\t\t<meta property=\"og:title\" content=\"Jobban kell \u00e9rt\u00e9kelni a harmincasokat | AllasOrias.hu | H\u00edrek-lapszemle\" \/>\n\t\t<meta property=\"og:description\" content=\"A digit\u00e1lis vil\u00e1ggal egy\u00fctt n\u0151ttek f\u00f6l az Y gener\u00e1ci\u00f3 tagjai, k\u00e9t \u00e9vtizede akt\u00edvan dolgoznak, m\u00e9g a legfiatalabbak is t\u00f6bb \u00e9ve r\u00e9szesei a munkaer\u0151piacnak. \u0150k m\u00e1r nem felt\u00e9tlen\u00fcl a biztons\u00e1got \u00e9s a rutinszer\u0171s\u00e9get tartj\u00e1k szem el\u0151tt a munkahely v\u00e1laszt\u00e1s sor\u00e1n, ink\u00e1bb k\u00f6z\u00f6ss\u00e9get keresnek, ahol garant\u00e1lt a szem\u00e9lyes n\u00f6veked\u00e9s\u00fck, ahol lehet\u0151s\u00e9g\u00fck van kompetenci\u00e1ikat fejleszteni. A 24.hu szerint\" \/>\n\t\t<meta property=\"og:url\" content=\"https:\/\/allasorias.hu\/hirek\/jobban-kell-ertekelni-a-harmincasokat\/\" \/>\n\t\t<meta property=\"og:image\" content=\"https:\/\/allasorias.hu\/hirek\/wp-content\/uploads\/2019\/03\/zone-30-3421625_960_720.jpg\" \/>\n\t\t<meta property=\"og:image:secure_url\" content=\"https:\/\/allasorias.hu\/hirek\/wp-content\/uploads\/2019\/03\/zone-30-3421625_960_720.jpg\" \/>\n\t\t<meta property=\"og:image:width\" content=\"960\" \/>\n\t\t<meta property=\"og:image:height\" content=\"624\" \/>\n\t\t<meta property=\"article:published_time\" content=\"2019-03-21T09:27:47+00:00\" \/>\n\t\t<meta property=\"article:modified_time\" content=\"2019-03-21T09:28:17+00:00\" \/>\n\t\t<meta property=\"article:publisher\" content=\"https:\/\/www.facebook.com\/allasorias\" \/>\n\t\t<meta name=\"twitter:card\" content=\"summary_large_image\" \/>\n\t\t<meta name=\"twitter:title\" content=\"Jobban kell \u00e9rt\u00e9kelni a harmincasokat | AllasOrias.hu | H\u00edrek-lapszemle\" \/>\n\t\t<meta name=\"twitter:description\" content=\"A digit\u00e1lis vil\u00e1ggal egy\u00fctt n\u0151ttek f\u00f6l az Y gener\u00e1ci\u00f3 tagjai, k\u00e9t \u00e9vtizede akt\u00edvan dolgoznak, m\u00e9g a legfiatalabbak is t\u00f6bb \u00e9ve r\u00e9szesei a munkaer\u0151piacnak. \u0150k m\u00e1r nem felt\u00e9tlen\u00fcl a biztons\u00e1got \u00e9s a rutinszer\u0171s\u00e9get tartj\u00e1k szem el\u0151tt a munkahely v\u00e1laszt\u00e1s sor\u00e1n, ink\u00e1bb k\u00f6z\u00f6ss\u00e9get keresnek, ahol garant\u00e1lt a szem\u00e9lyes n\u00f6veked\u00e9s\u00fck, ahol lehet\u0151s\u00e9g\u00fck van kompetenci\u00e1ikat fejleszteni. A 24.hu szerint\" \/>\n\t\t<meta name=\"twitter:image\" content=\"https:\/\/allasorias.hu\/hirek\/wp-content\/uploads\/2019\/03\/zone-30-3421625_960_720.jpg\" \/>\n\t\t<meta name=\"twitter:label1\" content=\"Written by\" \/>\n\t\t<meta name=\"twitter:data1\" content=\"Juh\u00e1sz P\u00e9ter\" \/>\n\t\t<meta name=\"twitter:label2\" content=\"Est. reading time\" \/>\n\t\t<meta name=\"twitter:data2\" content=\"1 minute\" \/>\n\t\t<script type=\"application\/ld+json\" class=\"aioseo-schema\">\n\t\t\t{\"@context\":\"https:\\\/\\\/schema.org\",\"@graph\":[{\"@type\":\"Article\",\"@id\":\"https:\\\/\\\/allasorias.hu\\\/hirek\\\/jobban-kell-ertekelni-a-harmincasokat\\\/#article\",\"name\":\"Jobban kell \\u00e9rt\\u00e9kelni a harmincasokat | AllasOrias.hu | H\\u00edrek-lapszemle\",\"headline\":\"Jobban kell \\u00e9rt\\u00e9kelni a harmincasokat\",\"author\":{\"@id\":\"https:\\\/\\\/allasorias.hu\\\/hirek\\\/author\\\/admin-allasorias\\\/#author\"},\"publisher\":{\"@id\":\"https:\\\/\\\/allasorias.hu\\\/hirek\\\/#organization\"},\"image\":{\"@type\":\"ImageObject\",\"url\":\"https:\\\/\\\/allasorias.hu\\\/hirek\\\/wp-content\\\/uploads\\\/2019\\\/03\\\/zone-30-3421625_960_720.jpg\",\"width\":960,\"height\":624},\"datePublished\":\"2019-03-21T09:27:47+02:00\",\"dateModified\":\"2019-03-21T09:28:17+02:00\",\"inLanguage\":\"hu-HU\",\"mainEntityOfPage\":{\"@id\":\"https:\\\/\\\/allasorias.hu\\\/hirek\\\/jobban-kell-ertekelni-a-harmincasokat\\\/#webpage\"},\"isPartOf\":{\"@id\":\"https:\\\/\\\/allasorias.hu\\\/hirek\\\/jobban-kell-ertekelni-a-harmincasokat\\\/#webpage\"},\"articleSection\":\"\\u00c1ll\\u00e1skeres\\u00e9s, Munkaer\\u0151piac\"},{\"@type\":\"BreadcrumbList\",\"@id\":\"https:\\\/\\\/allasorias.hu\\\/hirek\\\/jobban-kell-ertekelni-a-harmincasokat\\\/#breadcrumblist\",\"itemListElement\":[{\"@type\":\"ListItem\",\"@id\":\"https:\\\/\\\/allasorias.hu\\\/hirek#listItem\",\"position\":1,\"name\":\"Home\",\"item\":\"https:\\\/\\\/allasorias.hu\\\/hirek\",\"nextItem\":{\"@type\":\"ListItem\",\"@id\":\"https:\\\/\\\/allasorias.hu\\\/hirek\\\/temak\\\/allaskereses\\\/#listItem\",\"name\":\"\\u00c1ll\\u00e1skeres\\u00e9s\"}},{\"@type\":\"ListItem\",\"@id\":\"https:\\\/\\\/allasorias.hu\\\/hirek\\\/temak\\\/allaskereses\\\/#listItem\",\"position\":2,\"name\":\"\\u00c1ll\\u00e1skeres\\u00e9s\",\"item\":\"https:\\\/\\\/allasorias.hu\\\/hirek\\\/temak\\\/allaskereses\\\/\",\"nextItem\":{\"@type\":\"ListItem\",\"@id\":\"https:\\\/\\\/allasorias.hu\\\/hirek\\\/jobban-kell-ertekelni-a-harmincasokat\\\/#listItem\",\"name\":\"Jobban kell \\u00e9rt\\u00e9kelni a harmincasokat\"},\"previousItem\":{\"@type\":\"ListItem\",\"@id\":\"https:\\\/\\\/allasorias.hu\\\/hirek#listItem\",\"name\":\"Home\"}},{\"@type\":\"ListItem\",\"@id\":\"https:\\\/\\\/allasorias.hu\\\/hirek\\\/jobban-kell-ertekelni-a-harmincasokat\\\/#listItem\",\"position\":3,\"name\":\"Jobban kell \\u00e9rt\\u00e9kelni a harmincasokat\",\"previousItem\":{\"@type\":\"ListItem\",\"@id\":\"https:\\\/\\\/allasorias.hu\\\/hirek\\\/temak\\\/allaskereses\\\/#listItem\",\"name\":\"\\u00c1ll\\u00e1skeres\\u00e9s\"}}]},{\"@type\":\"Organization\",\"@id\":\"https:\\\/\\\/allasorias.hu\\\/hirek\\\/#organization\",\"name\":\"AllasOrias.hu | H\\u00edrek-lapszemle\",\"description\":\"\\u00dczleti h\\u00edrek az \\u00e1ll\\u00e1s \\u00e9s a munka vil\\u00e1g\\u00e1b\\u00f3l\",\"url\":\"https:\\\/\\\/allasorias.hu\\\/hirek\\\/\",\"logo\":{\"@type\":\"ImageObject\",\"url\":\"https:\\\/\\\/allasorias.hu\\\/hirek\\\/wp-content\\\/uploads\\\/2022\\\/10\\\/allasorias_site_facebok_logo.png\",\"@id\":\"https:\\\/\\\/allasorias.hu\\\/hirek\\\/jobban-kell-ertekelni-a-harmincasokat\\\/#organizationLogo\"},\"image\":{\"@id\":\"https:\\\/\\\/allasorias.hu\\\/hirek\\\/jobban-kell-ertekelni-a-harmincasokat\\\/#organizationLogo\"},\"sameAs\":[\"https:\\\/\\\/www.facebook.com\\\/allasorias\",\"https:\\\/\\\/www.linkedin.com\\\/company\\\/allasorias\"]},{\"@type\":\"Person\",\"@id\":\"https:\\\/\\\/allasorias.hu\\\/hirek\\\/author\\\/admin-allasorias\\\/#author\",\"url\":\"https:\\\/\\\/allasorias.hu\\\/hirek\\\/author\\\/admin-allasorias\\\/\",\"name\":\"Juh\\u00e1sz P\\u00e9ter\",\"image\":{\"@type\":\"ImageObject\",\"@id\":\"https:\\\/\\\/allasorias.hu\\\/hirek\\\/jobban-kell-ertekelni-a-harmincasokat\\\/#authorImage\",\"url\":\"https:\\\/\\\/secure.gravatar.com\\\/avatar\\\/36e6bcb83148978b992977cb0f54d22feb0cce8a0a849a9410532bb2623ba4c6?s=96&d=mm&r=g\",\"width\":96,\"height\":96,\"caption\":\"Juh\\u00e1sz P\\u00e9ter\"}},{\"@type\":\"WebPage\",\"@id\":\"https:\\\/\\\/allasorias.hu\\\/hirek\\\/jobban-kell-ertekelni-a-harmincasokat\\\/#webpage\",\"url\":\"https:\\\/\\\/allasorias.hu\\\/hirek\\\/jobban-kell-ertekelni-a-harmincasokat\\\/\",\"name\":\"Jobban kell \\u00e9rt\\u00e9kelni a harmincasokat | AllasOrias.hu | H\\u00edrek-lapszemle\",\"description\":\"A digit\\u00e1lis vil\\u00e1ggal egy\\u00fctt n\\u0151ttek f\\u00f6l az Y gener\\u00e1ci\\u00f3 tagjai, k\\u00e9t \\u00e9vtizede akt\\u00edvan dolgoznak, m\\u00e9g a legfiatalabbak is t\\u00f6bb \\u00e9ve r\\u00e9szesei a munkaer\\u0151piacnak. \\u0150k m\\u00e1r nem felt\\u00e9tlen\\u00fcl a biztons\\u00e1got \\u00e9s a rutinszer\\u0171s\\u00e9get tartj\\u00e1k szem el\\u0151tt a munkahely v\\u00e1laszt\\u00e1s sor\\u00e1n, ink\\u00e1bb k\\u00f6z\\u00f6ss\\u00e9get keresnek, ahol garant\\u00e1lt a szem\\u00e9lyes n\\u00f6veked\\u00e9s\\u00fck, ahol lehet\\u0151s\\u00e9g\\u00fck van kompetenci\\u00e1ikat fejleszteni. A 24.hu szerint\",\"inLanguage\":\"hu-HU\",\"isPartOf\":{\"@id\":\"https:\\\/\\\/allasorias.hu\\\/hirek\\\/#website\"},\"breadcrumb\":{\"@id\":\"https:\\\/\\\/allasorias.hu\\\/hirek\\\/jobban-kell-ertekelni-a-harmincasokat\\\/#breadcrumblist\"},\"author\":{\"@id\":\"https:\\\/\\\/allasorias.hu\\\/hirek\\\/author\\\/admin-allasorias\\\/#author\"},\"creator\":{\"@id\":\"https:\\\/\\\/allasorias.hu\\\/hirek\\\/author\\\/admin-allasorias\\\/#author\"},\"image\":{\"@type\":\"ImageObject\",\"url\":\"https:\\\/\\\/allasorias.hu\\\/hirek\\\/wp-content\\\/uploads\\\/2019\\\/03\\\/zone-30-3421625_960_720.jpg\",\"@id\":\"https:\\\/\\\/allasorias.hu\\\/hirek\\\/jobban-kell-ertekelni-a-harmincasokat\\\/#mainImage\",\"width\":960,\"height\":624},\"primaryImageOfPage\":{\"@id\":\"https:\\\/\\\/allasorias.hu\\\/hirek\\\/jobban-kell-ertekelni-a-harmincasokat\\\/#mainImage\"},\"datePublished\":\"2019-03-21T09:27:47+02:00\",\"dateModified\":\"2019-03-21T09:28:17+02:00\"},{\"@type\":\"WebSite\",\"@id\":\"https:\\\/\\\/allasorias.hu\\\/hirek\\\/#website\",\"url\":\"https:\\\/\\\/allasorias.hu\\\/hirek\\\/\",\"name\":\"AllasOrias.hu | H\\u00edrek-lapszemle\",\"description\":\"\\u00dczleti h\\u00edrek az \\u00e1ll\\u00e1s \\u00e9s a munka vil\\u00e1g\\u00e1b\\u00f3l\",\"inLanguage\":\"hu-HU\",\"publisher\":{\"@id\":\"https:\\\/\\\/allasorias.hu\\\/hirek\\\/#organization\"}}]}\n\t\t<\/script>\n\t\t<!-- All in One SEO -->\n\n","aioseo_head_json":{"title":"Jobban kell \u00e9rt\u00e9kelni a harmincasokat | AllasOrias.hu | H\u00edrek-lapszemle","description":"A digit\u00e1lis vil\u00e1ggal egy\u00fctt n\u0151ttek f\u00f6l az Y gener\u00e1ci\u00f3 tagjai, k\u00e9t \u00e9vtizede akt\u00edvan dolgoznak, m\u00e9g a legfiatalabbak is t\u00f6bb \u00e9ve r\u00e9szesei a munkaer\u0151piacnak. \u0150k m\u00e1r nem felt\u00e9tlen\u00fcl a biztons\u00e1got \u00e9s a rutinszer\u0171s\u00e9get tartj\u00e1k szem el\u0151tt a munkahely v\u00e1laszt\u00e1s sor\u00e1n, ink\u00e1bb k\u00f6z\u00f6ss\u00e9get keresnek, ahol garant\u00e1lt a szem\u00e9lyes n\u00f6veked\u00e9s\u00fck, ahol lehet\u0151s\u00e9g\u00fck van kompetenci\u00e1ikat fejleszteni. A 24.hu szerint","canonical_url":"https:\/\/allasorias.hu\/hirek\/jobban-kell-ertekelni-a-harmincasokat\/","robots":"max-image-preview:large","keywords":"","webmasterTools":{"miscellaneous":""},"schema":{"@context":"https:\/\/schema.org","@graph":[{"@type":"Article","@id":"https:\/\/allasorias.hu\/hirek\/jobban-kell-ertekelni-a-harmincasokat\/#article","name":"Jobban kell \u00e9rt\u00e9kelni a harmincasokat | AllasOrias.hu | H\u00edrek-lapszemle","headline":"Jobban kell \u00e9rt\u00e9kelni a harmincasokat","author":{"@id":"https:\/\/allasorias.hu\/hirek\/author\/admin-allasorias\/#author"},"publisher":{"@id":"https:\/\/allasorias.hu\/hirek\/#organization"},"image":{"@type":"ImageObject","url":"https:\/\/allasorias.hu\/hirek\/wp-content\/uploads\/2019\/03\/zone-30-3421625_960_720.jpg","width":960,"height":624},"datePublished":"2019-03-21T09:27:47+02:00","dateModified":"2019-03-21T09:28:17+02:00","inLanguage":"hu-HU","mainEntityOfPage":{"@id":"https:\/\/allasorias.hu\/hirek\/jobban-kell-ertekelni-a-harmincasokat\/#webpage"},"isPartOf":{"@id":"https:\/\/allasorias.hu\/hirek\/jobban-kell-ertekelni-a-harmincasokat\/#webpage"},"articleSection":"\u00c1ll\u00e1skeres\u00e9s, Munkaer\u0151piac"},{"@type":"BreadcrumbList","@id":"https:\/\/allasorias.hu\/hirek\/jobban-kell-ertekelni-a-harmincasokat\/#breadcrumblist","itemListElement":[{"@type":"ListItem","@id":"https:\/\/allasorias.hu\/hirek#listItem","position":1,"name":"Home","item":"https:\/\/allasorias.hu\/hirek","nextItem":{"@type":"ListItem","@id":"https:\/\/allasorias.hu\/hirek\/temak\/allaskereses\/#listItem","name":"\u00c1ll\u00e1skeres\u00e9s"}},{"@type":"ListItem","@id":"https:\/\/allasorias.hu\/hirek\/temak\/allaskereses\/#listItem","position":2,"name":"\u00c1ll\u00e1skeres\u00e9s","item":"https:\/\/allasorias.hu\/hirek\/temak\/allaskereses\/","nextItem":{"@type":"ListItem","@id":"https:\/\/allasorias.hu\/hirek\/jobban-kell-ertekelni-a-harmincasokat\/#listItem","name":"Jobban kell \u00e9rt\u00e9kelni a harmincasokat"},"previousItem":{"@type":"ListItem","@id":"https:\/\/allasorias.hu\/hirek#listItem","name":"Home"}},{"@type":"ListItem","@id":"https:\/\/allasorias.hu\/hirek\/jobban-kell-ertekelni-a-harmincasokat\/#listItem","position":3,"name":"Jobban kell \u00e9rt\u00e9kelni a harmincasokat","previousItem":{"@type":"ListItem","@id":"https:\/\/allasorias.hu\/hirek\/temak\/allaskereses\/#listItem","name":"\u00c1ll\u00e1skeres\u00e9s"}}]},{"@type":"Organization","@id":"https:\/\/allasorias.hu\/hirek\/#organization","name":"AllasOrias.hu | H\u00edrek-lapszemle","description":"\u00dczleti h\u00edrek az \u00e1ll\u00e1s \u00e9s a munka vil\u00e1g\u00e1b\u00f3l","url":"https:\/\/allasorias.hu\/hirek\/","logo":{"@type":"ImageObject","url":"https:\/\/allasorias.hu\/hirek\/wp-content\/uploads\/2022\/10\/allasorias_site_facebok_logo.png","@id":"https:\/\/allasorias.hu\/hirek\/jobban-kell-ertekelni-a-harmincasokat\/#organizationLogo"},"image":{"@id":"https:\/\/allasorias.hu\/hirek\/jobban-kell-ertekelni-a-harmincasokat\/#organizationLogo"},"sameAs":["https:\/\/www.facebook.com\/allasorias","https:\/\/www.linkedin.com\/company\/allasorias"]},{"@type":"Person","@id":"https:\/\/allasorias.hu\/hirek\/author\/admin-allasorias\/#author","url":"https:\/\/allasorias.hu\/hirek\/author\/admin-allasorias\/","name":"Juh\u00e1sz P\u00e9ter","image":{"@type":"ImageObject","@id":"https:\/\/allasorias.hu\/hirek\/jobban-kell-ertekelni-a-harmincasokat\/#authorImage","url":"https:\/\/secure.gravatar.com\/avatar\/36e6bcb83148978b992977cb0f54d22feb0cce8a0a849a9410532bb2623ba4c6?s=96&d=mm&r=g","width":96,"height":96,"caption":"Juh\u00e1sz P\u00e9ter"}},{"@type":"WebPage","@id":"https:\/\/allasorias.hu\/hirek\/jobban-kell-ertekelni-a-harmincasokat\/#webpage","url":"https:\/\/allasorias.hu\/hirek\/jobban-kell-ertekelni-a-harmincasokat\/","name":"Jobban kell \u00e9rt\u00e9kelni a harmincasokat | AllasOrias.hu | H\u00edrek-lapszemle","description":"A digit\u00e1lis vil\u00e1ggal egy\u00fctt n\u0151ttek f\u00f6l az Y gener\u00e1ci\u00f3 tagjai, k\u00e9t \u00e9vtizede akt\u00edvan dolgoznak, m\u00e9g a legfiatalabbak is t\u00f6bb \u00e9ve r\u00e9szesei a munkaer\u0151piacnak. \u0150k m\u00e1r nem felt\u00e9tlen\u00fcl a biztons\u00e1got \u00e9s a rutinszer\u0171s\u00e9get tartj\u00e1k szem el\u0151tt a munkahely v\u00e1laszt\u00e1s sor\u00e1n, ink\u00e1bb k\u00f6z\u00f6ss\u00e9get keresnek, ahol garant\u00e1lt a szem\u00e9lyes n\u00f6veked\u00e9s\u00fck, ahol lehet\u0151s\u00e9g\u00fck van kompetenci\u00e1ikat fejleszteni. A 24.hu szerint","inLanguage":"hu-HU","isPartOf":{"@id":"https:\/\/allasorias.hu\/hirek\/#website"},"breadcrumb":{"@id":"https:\/\/allasorias.hu\/hirek\/jobban-kell-ertekelni-a-harmincasokat\/#breadcrumblist"},"author":{"@id":"https:\/\/allasorias.hu\/hirek\/author\/admin-allasorias\/#author"},"creator":{"@id":"https:\/\/allasorias.hu\/hirek\/author\/admin-allasorias\/#author"},"image":{"@type":"ImageObject","url":"https:\/\/allasorias.hu\/hirek\/wp-content\/uploads\/2019\/03\/zone-30-3421625_960_720.jpg","@id":"https:\/\/allasorias.hu\/hirek\/jobban-kell-ertekelni-a-harmincasokat\/#mainImage","width":960,"height":624},"primaryImageOfPage":{"@id":"https:\/\/allasorias.hu\/hirek\/jobban-kell-ertekelni-a-harmincasokat\/#mainImage"},"datePublished":"2019-03-21T09:27:47+02:00","dateModified":"2019-03-21T09:28:17+02:00"},{"@type":"WebSite","@id":"https:\/\/allasorias.hu\/hirek\/#website","url":"https:\/\/allasorias.hu\/hirek\/","name":"AllasOrias.hu | H\u00edrek-lapszemle","description":"\u00dczleti h\u00edrek az \u00e1ll\u00e1s \u00e9s a munka vil\u00e1g\u00e1b\u00f3l","inLanguage":"hu-HU","publisher":{"@id":"https:\/\/allasorias.hu\/hirek\/#organization"}}]},"og:locale":"hu_HU","og:site_name":"AllasOrias.hu | H\u00edrek-lapszemle | \u00dczleti h\u00edrek az \u00e1ll\u00e1s \u00e9s a munka vil\u00e1g\u00e1b\u00f3l","og:type":"article","og:title":"Jobban kell \u00e9rt\u00e9kelni a harmincasokat | AllasOrias.hu | H\u00edrek-lapszemle","og:description":"A digit\u00e1lis vil\u00e1ggal egy\u00fctt n\u0151ttek f\u00f6l az Y gener\u00e1ci\u00f3 tagjai, k\u00e9t \u00e9vtizede akt\u00edvan dolgoznak, m\u00e9g a legfiatalabbak is t\u00f6bb \u00e9ve r\u00e9szesei a munkaer\u0151piacnak. \u0150k m\u00e1r nem felt\u00e9tlen\u00fcl a biztons\u00e1got \u00e9s a rutinszer\u0171s\u00e9get tartj\u00e1k szem el\u0151tt a munkahely v\u00e1laszt\u00e1s sor\u00e1n, ink\u00e1bb k\u00f6z\u00f6ss\u00e9get keresnek, ahol garant\u00e1lt a szem\u00e9lyes n\u00f6veked\u00e9s\u00fck, ahol lehet\u0151s\u00e9g\u00fck van kompetenci\u00e1ikat fejleszteni. A 24.hu szerint","og:url":"https:\/\/allasorias.hu\/hirek\/jobban-kell-ertekelni-a-harmincasokat\/","og:image":"https:\/\/allasorias.hu\/hirek\/wp-content\/uploads\/2019\/03\/zone-30-3421625_960_720.jpg","og:image:secure_url":"https:\/\/allasorias.hu\/hirek\/wp-content\/uploads\/2019\/03\/zone-30-3421625_960_720.jpg","og:image:width":960,"og:image:height":624,"article:published_time":"2019-03-21T09:27:47+00:00","article:modified_time":"2019-03-21T09:28:17+00:00","article:publisher":"https:\/\/www.facebook.com\/allasorias","twitter:card":"summary_large_image","twitter:title":"Jobban kell \u00e9rt\u00e9kelni a harmincasokat | AllasOrias.hu | H\u00edrek-lapszemle","twitter:description":"A digit\u00e1lis vil\u00e1ggal egy\u00fctt n\u0151ttek f\u00f6l az Y gener\u00e1ci\u00f3 tagjai, k\u00e9t \u00e9vtizede akt\u00edvan dolgoznak, m\u00e9g a legfiatalabbak is t\u00f6bb \u00e9ve r\u00e9szesei a munkaer\u0151piacnak. \u0150k m\u00e1r nem felt\u00e9tlen\u00fcl a biztons\u00e1got \u00e9s a rutinszer\u0171s\u00e9get tartj\u00e1k szem el\u0151tt a munkahely v\u00e1laszt\u00e1s sor\u00e1n, ink\u00e1bb k\u00f6z\u00f6ss\u00e9get keresnek, ahol garant\u00e1lt a szem\u00e9lyes n\u00f6veked\u00e9s\u00fck, ahol lehet\u0151s\u00e9g\u00fck van kompetenci\u00e1ikat fejleszteni. A 24.hu szerint","twitter:image":"https:\/\/allasorias.hu\/hirek\/wp-content\/uploads\/2019\/03\/zone-30-3421625_960_720.jpg","twitter:label1":"Written by","twitter:data1":"Juh\u00e1sz P\u00e9ter","twitter:label2":"Est. reading time","twitter:data2":"1 minute"},"aioseo_meta_data":{"post_id":"2683","title":null,"description":null,"keywords":null,"keyphrases":null,"primary_term":null,"canonical_url":null,"og_title":null,"og_description":null,"og_object_type":"default","og_image_type":"default","og_image_url":null,"og_image_width":null,"og_image_height":null,"og_image_custom_url":null,"og_image_custom_fields":null,"og_video":null,"og_custom_url":null,"og_article_section":null,"og_article_tags":null,"twitter_use_og":false,"twitter_card":"default","twitter_image_type":"default","twitter_image_url":null,"twitter_image_custom_url":null,"twitter_image_custom_fields":null,"twitter_title":null,"twitter_description":null,"schema":{"blockGraphs":[],"customGraphs":[],"default":{"data":{"Article":[],"Course":[],"Dataset":[],"FAQPage":[],"Movie":[],"Person":[],"Product":[],"ProductReview":[],"Car":[],"Recipe":[],"Service":[],"SoftwareApplication":[],"WebPage":[]},"graphName":"","isEnabled":true},"graphs":[],"defaultGraph":"","defaultPostTypeGraph":""},"schema_type":null,"schema_type_options":null,"pillar_content":false,"robots_default":true,"robots_noindex":false,"robots_noarchive":false,"robots_nosnippet":false,"robots_nofollow":false,"robots_noimageindex":false,"robots_noodp":false,"robots_notranslate":false,"robots_max_snippet":null,"robots_max_videopreview":null,"robots_max_imagepreview":"large","priority":null,"frequency":null,"location":null,"local_seo":null,"breadcrumb_settings":null,"limit_modified_date":false,"ai":null,"created":"2021-02-01 21:13:45","updated":"2025-10-02 10:18:20","seo_analyzer_scan_date":null,"focus_keyword":null,"additional_keywords":null,"truseo_locale":null},"aioseo_breadcrumb":"<div class=\"aioseo-breadcrumbs\"><span class=\"aioseo-breadcrumb\">\n\t\t\t<a href=\"https:\/\/allasorias.hu\/hirek\" title=\"Home\">Home<\/a>\n\t\t<\/span><span class=\"aioseo-breadcrumb-separator\">&raquo;<\/span><span class=\"aioseo-breadcrumb\">\n\t\t\t<a href=\"https:\/\/allasorias.hu\/hirek\/temak\/allaskereses\/\" title=\"\u00c1ll\u00e1skeres\u00e9s\">\u00c1ll\u00e1skeres\u00e9s<\/a>\n\t\t<\/span><span class=\"aioseo-breadcrumb-separator\">&raquo;<\/span><span class=\"aioseo-breadcrumb\">\n\t\t\tJobban kell \u00e9rt\u00e9kelni a harmincasokat\n\t\t<\/span><\/div>","aioseo_breadcrumb_json":[{"label":"Home","link":"https:\/\/allasorias.hu\/hirek"},{"label":"\u00c1ll\u00e1skeres\u00e9s","link":"https:\/\/allasorias.hu\/hirek\/temak\/allaskereses\/"},{"label":"Jobban kell \u00e9rt\u00e9kelni a harmincasokat","link":"https:\/\/allasorias.hu\/hirek\/jobban-kell-ertekelni-a-harmincasokat\/"}],"_links":{"self":[{"href":"https:\/\/allasorias.hu\/hirek\/wp-json\/wp\/v2\/posts\/2683","targetHints":{"allow":["GET"]}}],"collection":[{"href":"https:\/\/allasorias.hu\/hirek\/wp-json\/wp\/v2\/posts"}],"about":[{"href":"https:\/\/allasorias.hu\/hirek\/wp-json\/wp\/v2\/types\/post"}],"author":[{"embeddable":true,"href":"https:\/\/allasorias.hu\/hirek\/wp-json\/wp\/v2\/users\/1"}],"replies":[{"embeddable":true,"href":"https:\/\/allasorias.hu\/hirek\/wp-json\/wp\/v2\/comments?post=2683"}],"version-history":[{"count":1,"href":"https:\/\/allasorias.hu\/hirek\/wp-json\/wp\/v2\/posts\/2683\/revisions"}],"predecessor-version":[{"id":2685,"href":"https:\/\/allasorias.hu\/hirek\/wp-json\/wp\/v2\/posts\/2683\/revisions\/2685"}],"wp:featuredmedia":[{"embeddable":true,"href":"https:\/\/allasorias.hu\/hirek\/wp-json\/wp\/v2\/media\/2684"}],"wp:attachment":[{"href":"https:\/\/allasorias.hu\/hirek\/wp-json\/wp\/v2\/media?parent=2683"}],"wp:term":[{"taxonomy":"category","embeddable":true,"href":"https:\/\/allasorias.hu\/hirek\/wp-json\/wp\/v2\/categories?post=2683"},{"taxonomy":"post_tag","embeddable":true,"href":"https:\/\/allasorias.hu\/hirek\/wp-json\/wp\/v2\/tags?post=2683"}],"curies":[{"name":"wp","href":"https:\/\/api.w.org\/{rel}","templated":true}]}}