{"id":2679,"date":"2019-03-20T09:54:46","date_gmt":"2019-03-20T09:54:46","guid":{"rendered":"https:\/\/allasorias.hu\/hirek\/?p=2679"},"modified":"2019-03-20T09:54:46","modified_gmt":"2019-03-20T09:54:46","slug":"ismet-jon-a-madarinfluenza","status":"publish","type":"post","link":"https:\/\/allasorias.hu\/hirek\/ismet-jon-a-madarinfluenza\/","title":{"rendered":"Ism\u00e9t j\u00f6n a mad\u00e1rinfluenza"},"content":{"rendered":"<p><strong>A leg\u00fajabb mad\u00e1rinfluenz\u00e1s eseteket Bulg\u00e1ri\u00e1b\u00f3l jelentett\u00e9k, amelynek k\u00fcl\u00f6n\u00f6s jelent\u0151s\u00e9ge, hogy haz\u00e1nk ebbe az ir\u00e1nyba \u00e9l\u00e9nk kereskedelmet folytat. A Nemzeti \u00c9lelmiszerl\u00e1nc-biztons\u00e1gi Hivatal ez\u00faton is felh\u00edvja az \u00e1llattart\u00f3k figyelm\u00e9t a telepek j\u00e1rv\u00e1nyv\u00e9delmi z\u00e1rts\u00e1g\u00e1nak fontoss\u00e1g\u00e1ra.<\/strong><\/p>\n<p>Magyarorsz\u00e1g \u2013 a 2016-2017-es nagy \u00edv\u0171 j\u00e1rv\u00e1ny ut\u00e1n \u2013 2017. augusztus 24-\u00e9n nyerte vissza a mad\u00e1rinfluenza betegs\u00e9gt\u0151l mentes besorol\u00e1s\u00e1t. A v\u00edrus azonban tov\u00e1bbra is vesz\u00e9lyt jelent a baromfi\u00e1llom\u00e1nyokra. Terjeszt\u00e9s\u00e9ben jelent\u0151s szerepe van a vadmadaraknak. Sz\u00f3rv\u00e1nyosan t\u00f6bb eur\u00f3pai orsz\u00e1gban is el\u0151fordultak megbeteged\u00e9sek az elm\u00falt \u00e9vekben. Legut\u00f3bb Bulg\u00e1ri\u00e1b\u00f3l jelentettek eseteket. Az egyik bulg\u00e1riai j\u00e1rv\u00e1nykit\u00f6r\u00e9s kapcs\u00e1n a magyar eredet lehet\u0151s\u00e9ge is felvet\u0151d\u00f6tt, amit azonban az elv\u00e9gzett vizsg\u00e1latok egy\u00e9rtelm\u0171en kiz\u00e1rtak. A nemzetk\u00f6zi tapasztalatok \u00e9s ez ut\u00f3bbi konkr\u00e9t eset is igazolja a megel\u0151z\u00e9s fontoss\u00e1g\u00e1t. \u00c9ppen ez\u00e9rt a N\u00e9bih ism\u00e9telten felh\u00edvja az \u00e1llattart\u00f3k figyelm\u00e9t a telepek j\u00e1rv\u00e1nyv\u00e9delmi z\u00e1rts\u00e1g\u00e1nak fontoss\u00e1g\u00e1ra. A telepek j\u00e1rv\u00e1nyv\u00e9delmi minimumfelt\u00e9teleit a \u2013 jelenleg is \u00e9rv\u00e9nyes \u2013 3\/2017-es orsz\u00e1gos f\u0151\u00e1llatorvosi hat\u00e1rozat tartalmazza. Az itt szerepl\u0151 el\u0151\u00edr\u00e1sok betart\u00e1sa kulcsfontoss\u00e1g\u00fa a szabadtart\u00e1s\u00fa v\u00edzisz\u00e1rnyas-telepek j\u00e1rv\u00e1ny\u00fcgyi biztons\u00e1g\u00e1nak emel\u00e9s\u00e9hez. Az utas\u00edt\u00e1s el\u0151\u00edrja t\u00f6bbek k\u00f6z\u00f6tt, hogy egy telepre kiz\u00e1r\u00f3lag akkora \u00e1llom\u00e1nyt lehet telep\u00edteni, amelyn\u00e9l biztos\u00edthat\u00f3, hogy sz\u00fcks\u00e9g eset\u00e9n minden \u00e1llat bez\u00e1rhat\u00f3 legyen. A betelep\u00edt\u00e9s v\u00e1rhat\u00f3 id\u0151pontj\u00e1r\u00f3l az \u00e1llateg\u00e9szs\u00e9g\u00fcgyi hat\u00f3s\u00e1got el\u0151zetesen \u00edr\u00e1sban t\u00e1j\u00e9koztatni kell. A takarm\u00e1nyt z\u00e1rt, fedett helyen kell tartani. Tov\u00e1bbi el\u0151\u00edr\u00e1s, hogy az etet\u00e9st \u00e9s itat\u00e1st csak teljesen fedett, lehet\u0151leg oldalr\u00f3l is z\u00e1rt helyen v\u00e9gezz\u00e9k, a baromfi\u00e1llom\u00e1ny vadmadarakkal t\u00f6rt\u00e9n\u0151 k\u00f6zvetlen vagy k\u00f6zvetett \u00e9rintkez\u00e9s\u00e9t pedig minden lehets\u00e9ges m\u00f3don meg kell akad\u00e1lyozni.<\/p>\n<p>Forr\u00e1s: agroforum.hu<\/p>\n","protected":false},"excerpt":{"rendered":"<p>A leg\u00fajabb mad\u00e1rinfluenz\u00e1s eseteket Bulg\u00e1ri\u00e1b\u00f3l jelentett\u00e9k, amelynek k\u00fcl\u00f6n\u00f6s jelent\u0151s\u00e9ge, hogy haz\u00e1nk ebbe az ir\u00e1nyba \u00e9l\u00e9nk kereskedelmet folytat. A Nemzeti \u00c9lelmiszerl\u00e1nc-biztons\u00e1gi Hivatal ez\u00faton is felh\u00edvja az \u00e1llattart\u00f3k figyelm\u00e9t a telepek j\u00e1rv\u00e1nyv\u00e9delmi z\u00e1rts\u00e1g\u00e1nak fontoss\u00e1g\u00e1ra. Magyarorsz\u00e1g \u2013 a 2016-2017-es nagy \u00edv\u0171 j\u00e1rv\u00e1ny ut\u00e1n \u2013 2017. augusztus 24-\u00e9n nyerte vissza a mad\u00e1rinfluenza betegs\u00e9gt\u0151l mentes besorol\u00e1s\u00e1t. A v\u00edrus azonban tov\u00e1bbra [&hellip;]<\/p>\n","protected":false},"author":1,"featured_media":2680,"comment_status":"open","ping_status":"open","sticky":false,"template":"","format":"standard","meta":{"_monsterinsights_skip_tracking":false,"footnotes":""},"categories":[201],"tags":[],"class_list":["post-2679","post","type-post","status-publish","format-standard","has-post-thumbnail","hentry","category-kulfold"],"aioseo_notices":[],"aioseo_head":"\n\t\t<!-- All in One SEO 5.0.0.1 - aioseo.com -->\n\t<meta name=\"description\" content=\"A leg\u00fajabb mad\u00e1rinfluenz\u00e1s eseteket Bulg\u00e1ri\u00e1b\u00f3l jelentett\u00e9k, amelynek k\u00fcl\u00f6n\u00f6s jelent\u0151s\u00e9ge, hogy haz\u00e1nk ebbe az ir\u00e1nyba \u00e9l\u00e9nk kereskedelmet folytat. A Nemzeti \u00c9lelmiszerl\u00e1nc-biztons\u00e1gi Hivatal ez\u00faton is felh\u00edvja az \u00e1llattart\u00f3k figyelm\u00e9t a telepek j\u00e1rv\u00e1nyv\u00e9delmi z\u00e1rts\u00e1g\u00e1nak fontoss\u00e1g\u00e1ra. Magyarorsz\u00e1g \u2013 a 2016-2017-es nagy \u00edv\u0171 j\u00e1rv\u00e1ny ut\u00e1n \u2013 2017. augusztus 24-\u00e9n nyerte vissza a mad\u00e1rinfluenza betegs\u00e9gt\u0151l mentes besorol\u00e1s\u00e1t. A v\u00edrus azonban tov\u00e1bbra\" \/>\n\t<meta name=\"robots\" content=\"max-image-preview:large\" \/>\n\t<meta name=\"author\" content=\"Juh\u00e1sz P\u00e9ter\"\/>\n\t<link rel=\"canonical\" href=\"https:\/\/allasorias.hu\/hirek\/ismet-jon-a-madarinfluenza\/\" \/>\n\t<meta name=\"generator\" content=\"All in One SEO (AIOSEO) 5.0.0.1\" \/>\n\t\t<meta property=\"og:locale\" content=\"hu_HU\" \/>\n\t\t<meta property=\"og:site_name\" content=\"AllasOrias.hu | H\u00edrek-lapszemle | \u00dczleti h\u00edrek az \u00e1ll\u00e1s \u00e9s a munka vil\u00e1g\u00e1b\u00f3l\" \/>\n\t\t<meta property=\"og:type\" content=\"article\" \/>\n\t\t<meta property=\"og:title\" content=\"Ism\u00e9t j\u00f6n a mad\u00e1rinfluenza | AllasOrias.hu | H\u00edrek-lapszemle\" \/>\n\t\t<meta property=\"og:description\" content=\"A leg\u00fajabb mad\u00e1rinfluenz\u00e1s eseteket Bulg\u00e1ri\u00e1b\u00f3l jelentett\u00e9k, amelynek k\u00fcl\u00f6n\u00f6s jelent\u0151s\u00e9ge, hogy haz\u00e1nk ebbe az ir\u00e1nyba \u00e9l\u00e9nk kereskedelmet folytat. A Nemzeti \u00c9lelmiszerl\u00e1nc-biztons\u00e1gi Hivatal ez\u00faton is felh\u00edvja az \u00e1llattart\u00f3k figyelm\u00e9t a telepek j\u00e1rv\u00e1nyv\u00e9delmi z\u00e1rts\u00e1g\u00e1nak fontoss\u00e1g\u00e1ra. Magyarorsz\u00e1g \u2013 a 2016-2017-es nagy \u00edv\u0171 j\u00e1rv\u00e1ny ut\u00e1n \u2013 2017. augusztus 24-\u00e9n nyerte vissza a mad\u00e1rinfluenza betegs\u00e9gt\u0151l mentes besorol\u00e1s\u00e1t. A v\u00edrus azonban tov\u00e1bbra\" \/>\n\t\t<meta property=\"og:url\" content=\"https:\/\/allasorias.hu\/hirek\/ismet-jon-a-madarinfluenza\/\" \/>\n\t\t<meta property=\"og:image\" content=\"https:\/\/allasorias.hu\/hirek\/wp-content\/uploads\/2019\/03\/391586.jpg\" \/>\n\t\t<meta property=\"og:image:secure_url\" content=\"https:\/\/allasorias.hu\/hirek\/wp-content\/uploads\/2019\/03\/391586.jpg\" \/>\n\t\t<meta property=\"og:image:width\" content=\"1600\" \/>\n\t\t<meta property=\"og:image:height\" content=\"900\" \/>\n\t\t<meta property=\"article:published_time\" content=\"2019-03-20T09:54:46+00:00\" \/>\n\t\t<meta property=\"article:modified_time\" content=\"2019-03-20T09:54:46+00:00\" \/>\n\t\t<meta property=\"article:publisher\" content=\"https:\/\/www.facebook.com\/allasorias\" \/>\n\t\t<meta name=\"twitter:card\" content=\"summary_large_image\" \/>\n\t\t<meta name=\"twitter:title\" content=\"Ism\u00e9t j\u00f6n a mad\u00e1rinfluenza | AllasOrias.hu | H\u00edrek-lapszemle\" \/>\n\t\t<meta name=\"twitter:description\" content=\"A leg\u00fajabb mad\u00e1rinfluenz\u00e1s eseteket Bulg\u00e1ri\u00e1b\u00f3l jelentett\u00e9k, amelynek k\u00fcl\u00f6n\u00f6s jelent\u0151s\u00e9ge, hogy haz\u00e1nk ebbe az ir\u00e1nyba \u00e9l\u00e9nk kereskedelmet folytat. A Nemzeti \u00c9lelmiszerl\u00e1nc-biztons\u00e1gi Hivatal ez\u00faton is felh\u00edvja az \u00e1llattart\u00f3k figyelm\u00e9t a telepek j\u00e1rv\u00e1nyv\u00e9delmi z\u00e1rts\u00e1g\u00e1nak fontoss\u00e1g\u00e1ra. Magyarorsz\u00e1g \u2013 a 2016-2017-es nagy \u00edv\u0171 j\u00e1rv\u00e1ny ut\u00e1n \u2013 2017. augusztus 24-\u00e9n nyerte vissza a mad\u00e1rinfluenza betegs\u00e9gt\u0151l mentes besorol\u00e1s\u00e1t. A v\u00edrus azonban tov\u00e1bbra\" \/>\n\t\t<meta name=\"twitter:image\" content=\"https:\/\/allasorias.hu\/hirek\/wp-content\/uploads\/2019\/03\/391586.jpg\" \/>\n\t\t<meta name=\"twitter:label1\" content=\"Written by\" \/>\n\t\t<meta name=\"twitter:data1\" content=\"Juh\u00e1sz P\u00e9ter\" \/>\n\t\t<meta name=\"twitter:label2\" content=\"Est. reading time\" \/>\n\t\t<meta name=\"twitter:data2\" content=\"2 minutes\" \/>\n\t\t<script type=\"application\/ld+json\" class=\"aioseo-schema\">\n\t\t\t{\"@context\":\"https:\\\/\\\/schema.org\",\"@graph\":[{\"@type\":\"Article\",\"@id\":\"https:\\\/\\\/allasorias.hu\\\/hirek\\\/ismet-jon-a-madarinfluenza\\\/#article\",\"name\":\"Ism\\u00e9t j\\u00f6n a mad\\u00e1rinfluenza | AllasOrias.hu | H\\u00edrek-lapszemle\",\"headline\":\"Ism\\u00e9t j\\u00f6n a mad\\u00e1rinfluenza\",\"author\":{\"@id\":\"https:\\\/\\\/allasorias.hu\\\/hirek\\\/author\\\/admin-allasorias\\\/#author\"},\"publisher\":{\"@id\":\"https:\\\/\\\/allasorias.hu\\\/hirek\\\/#organization\"},\"image\":{\"@type\":\"ImageObject\",\"url\":\"https:\\\/\\\/allasorias.hu\\\/hirek\\\/wp-content\\\/uploads\\\/2019\\\/03\\\/391586.jpg\",\"width\":1600,\"height\":900},\"datePublished\":\"2019-03-20T09:54:46+02:00\",\"dateModified\":\"2019-03-20T09:54:46+02:00\",\"inLanguage\":\"hu-HU\",\"mainEntityOfPage\":{\"@id\":\"https:\\\/\\\/allasorias.hu\\\/hirek\\\/ismet-jon-a-madarinfluenza\\\/#webpage\"},\"isPartOf\":{\"@id\":\"https:\\\/\\\/allasorias.hu\\\/hirek\\\/ismet-jon-a-madarinfluenza\\\/#webpage\"},\"articleSection\":\"K\\u00fclf\\u00f6ld\"},{\"@type\":\"BreadcrumbList\",\"@id\":\"https:\\\/\\\/allasorias.hu\\\/hirek\\\/ismet-jon-a-madarinfluenza\\\/#breadcrumblist\",\"itemListElement\":[{\"@type\":\"ListItem\",\"@id\":\"https:\\\/\\\/allasorias.hu\\\/hirek#listItem\",\"position\":1,\"name\":\"Home\",\"item\":\"https:\\\/\\\/allasorias.hu\\\/hirek\",\"nextItem\":{\"@type\":\"ListItem\",\"@id\":\"https:\\\/\\\/allasorias.hu\\\/hirek\\\/temak\\\/kulfold\\\/#listItem\",\"name\":\"K\\u00fclf\\u00f6ld\"}},{\"@type\":\"ListItem\",\"@id\":\"https:\\\/\\\/allasorias.hu\\\/hirek\\\/temak\\\/kulfold\\\/#listItem\",\"position\":2,\"name\":\"K\\u00fclf\\u00f6ld\",\"item\":\"https:\\\/\\\/allasorias.hu\\\/hirek\\\/temak\\\/kulfold\\\/\",\"nextItem\":{\"@type\":\"ListItem\",\"@id\":\"https:\\\/\\\/allasorias.hu\\\/hirek\\\/ismet-jon-a-madarinfluenza\\\/#listItem\",\"name\":\"Ism\\u00e9t j\\u00f6n a mad\\u00e1rinfluenza\"},\"previousItem\":{\"@type\":\"ListItem\",\"@id\":\"https:\\\/\\\/allasorias.hu\\\/hirek#listItem\",\"name\":\"Home\"}},{\"@type\":\"ListItem\",\"@id\":\"https:\\\/\\\/allasorias.hu\\\/hirek\\\/ismet-jon-a-madarinfluenza\\\/#listItem\",\"position\":3,\"name\":\"Ism\\u00e9t j\\u00f6n a mad\\u00e1rinfluenza\",\"previousItem\":{\"@type\":\"ListItem\",\"@id\":\"https:\\\/\\\/allasorias.hu\\\/hirek\\\/temak\\\/kulfold\\\/#listItem\",\"name\":\"K\\u00fclf\\u00f6ld\"}}]},{\"@type\":\"Organization\",\"@id\":\"https:\\\/\\\/allasorias.hu\\\/hirek\\\/#organization\",\"name\":\"AllasOrias.hu | H\\u00edrek-lapszemle\",\"description\":\"\\u00dczleti h\\u00edrek az \\u00e1ll\\u00e1s \\u00e9s a munka vil\\u00e1g\\u00e1b\\u00f3l\",\"url\":\"https:\\\/\\\/allasorias.hu\\\/hirek\\\/\",\"logo\":{\"@type\":\"ImageObject\",\"url\":\"https:\\\/\\\/allasorias.hu\\\/hirek\\\/wp-content\\\/uploads\\\/2022\\\/10\\\/allasorias_site_facebok_logo.png\",\"@id\":\"https:\\\/\\\/allasorias.hu\\\/hirek\\\/ismet-jon-a-madarinfluenza\\\/#organizationLogo\"},\"image\":{\"@id\":\"https:\\\/\\\/allasorias.hu\\\/hirek\\\/ismet-jon-a-madarinfluenza\\\/#organizationLogo\"},\"sameAs\":[\"https:\\\/\\\/www.facebook.com\\\/allasorias\",\"https:\\\/\\\/www.linkedin.com\\\/company\\\/allasorias\"]},{\"@type\":\"Person\",\"@id\":\"https:\\\/\\\/allasorias.hu\\\/hirek\\\/author\\\/admin-allasorias\\\/#author\",\"url\":\"https:\\\/\\\/allasorias.hu\\\/hirek\\\/author\\\/admin-allasorias\\\/\",\"name\":\"Juh\\u00e1sz P\\u00e9ter\",\"image\":{\"@type\":\"ImageObject\",\"@id\":\"https:\\\/\\\/allasorias.hu\\\/hirek\\\/ismet-jon-a-madarinfluenza\\\/#authorImage\",\"url\":\"https:\\\/\\\/secure.gravatar.com\\\/avatar\\\/36e6bcb83148978b992977cb0f54d22feb0cce8a0a849a9410532bb2623ba4c6?s=96&d=mm&r=g\",\"width\":96,\"height\":96,\"caption\":\"Juh\\u00e1sz P\\u00e9ter\"}},{\"@type\":\"WebPage\",\"@id\":\"https:\\\/\\\/allasorias.hu\\\/hirek\\\/ismet-jon-a-madarinfluenza\\\/#webpage\",\"url\":\"https:\\\/\\\/allasorias.hu\\\/hirek\\\/ismet-jon-a-madarinfluenza\\\/\",\"name\":\"Ism\\u00e9t j\\u00f6n a mad\\u00e1rinfluenza | AllasOrias.hu | H\\u00edrek-lapszemle\",\"description\":\"A leg\\u00fajabb mad\\u00e1rinfluenz\\u00e1s eseteket Bulg\\u00e1ri\\u00e1b\\u00f3l jelentett\\u00e9k, amelynek k\\u00fcl\\u00f6n\\u00f6s jelent\\u0151s\\u00e9ge, hogy haz\\u00e1nk ebbe az ir\\u00e1nyba \\u00e9l\\u00e9nk kereskedelmet folytat. A Nemzeti \\u00c9lelmiszerl\\u00e1nc-biztons\\u00e1gi Hivatal ez\\u00faton is felh\\u00edvja az \\u00e1llattart\\u00f3k figyelm\\u00e9t a telepek j\\u00e1rv\\u00e1nyv\\u00e9delmi z\\u00e1rts\\u00e1g\\u00e1nak fontoss\\u00e1g\\u00e1ra. Magyarorsz\\u00e1g \\u2013 a 2016-2017-es nagy \\u00edv\\u0171 j\\u00e1rv\\u00e1ny ut\\u00e1n \\u2013 2017. augusztus 24-\\u00e9n nyerte vissza a mad\\u00e1rinfluenza betegs\\u00e9gt\\u0151l mentes besorol\\u00e1s\\u00e1t. A v\\u00edrus azonban tov\\u00e1bbra\",\"inLanguage\":\"hu-HU\",\"isPartOf\":{\"@id\":\"https:\\\/\\\/allasorias.hu\\\/hirek\\\/#website\"},\"breadcrumb\":{\"@id\":\"https:\\\/\\\/allasorias.hu\\\/hirek\\\/ismet-jon-a-madarinfluenza\\\/#breadcrumblist\"},\"author\":{\"@id\":\"https:\\\/\\\/allasorias.hu\\\/hirek\\\/author\\\/admin-allasorias\\\/#author\"},\"creator\":{\"@id\":\"https:\\\/\\\/allasorias.hu\\\/hirek\\\/author\\\/admin-allasorias\\\/#author\"},\"image\":{\"@type\":\"ImageObject\",\"url\":\"https:\\\/\\\/allasorias.hu\\\/hirek\\\/wp-content\\\/uploads\\\/2019\\\/03\\\/391586.jpg\",\"@id\":\"https:\\\/\\\/allasorias.hu\\\/hirek\\\/ismet-jon-a-madarinfluenza\\\/#mainImage\",\"width\":1600,\"height\":900},\"primaryImageOfPage\":{\"@id\":\"https:\\\/\\\/allasorias.hu\\\/hirek\\\/ismet-jon-a-madarinfluenza\\\/#mainImage\"},\"datePublished\":\"2019-03-20T09:54:46+02:00\",\"dateModified\":\"2019-03-20T09:54:46+02:00\"},{\"@type\":\"WebSite\",\"@id\":\"https:\\\/\\\/allasorias.hu\\\/hirek\\\/#website\",\"url\":\"https:\\\/\\\/allasorias.hu\\\/hirek\\\/\",\"name\":\"AllasOrias.hu | H\\u00edrek-lapszemle\",\"description\":\"\\u00dczleti h\\u00edrek az \\u00e1ll\\u00e1s \\u00e9s a munka vil\\u00e1g\\u00e1b\\u00f3l\",\"inLanguage\":\"hu-HU\",\"publisher\":{\"@id\":\"https:\\\/\\\/allasorias.hu\\\/hirek\\\/#organization\"}}]}\n\t\t<\/script>\n\t\t<!-- All in One SEO -->\n\n","aioseo_head_json":{"title":"Ism\u00e9t j\u00f6n a mad\u00e1rinfluenza | AllasOrias.hu | H\u00edrek-lapszemle","description":"A leg\u00fajabb mad\u00e1rinfluenz\u00e1s eseteket Bulg\u00e1ri\u00e1b\u00f3l jelentett\u00e9k, amelynek k\u00fcl\u00f6n\u00f6s jelent\u0151s\u00e9ge, hogy haz\u00e1nk ebbe az ir\u00e1nyba \u00e9l\u00e9nk kereskedelmet folytat. A Nemzeti \u00c9lelmiszerl\u00e1nc-biztons\u00e1gi Hivatal ez\u00faton is felh\u00edvja az \u00e1llattart\u00f3k figyelm\u00e9t a telepek j\u00e1rv\u00e1nyv\u00e9delmi z\u00e1rts\u00e1g\u00e1nak fontoss\u00e1g\u00e1ra. Magyarorsz\u00e1g \u2013 a 2016-2017-es nagy \u00edv\u0171 j\u00e1rv\u00e1ny ut\u00e1n \u2013 2017. augusztus 24-\u00e9n nyerte vissza a mad\u00e1rinfluenza betegs\u00e9gt\u0151l mentes besorol\u00e1s\u00e1t. A v\u00edrus azonban tov\u00e1bbra","canonical_url":"https:\/\/allasorias.hu\/hirek\/ismet-jon-a-madarinfluenza\/","robots":"max-image-preview:large","keywords":"","webmasterTools":{"miscellaneous":""},"schema":{"@context":"https:\/\/schema.org","@graph":[{"@type":"Article","@id":"https:\/\/allasorias.hu\/hirek\/ismet-jon-a-madarinfluenza\/#article","name":"Ism\u00e9t j\u00f6n a mad\u00e1rinfluenza | AllasOrias.hu | H\u00edrek-lapszemle","headline":"Ism\u00e9t j\u00f6n a mad\u00e1rinfluenza","author":{"@id":"https:\/\/allasorias.hu\/hirek\/author\/admin-allasorias\/#author"},"publisher":{"@id":"https:\/\/allasorias.hu\/hirek\/#organization"},"image":{"@type":"ImageObject","url":"https:\/\/allasorias.hu\/hirek\/wp-content\/uploads\/2019\/03\/391586.jpg","width":1600,"height":900},"datePublished":"2019-03-20T09:54:46+02:00","dateModified":"2019-03-20T09:54:46+02:00","inLanguage":"hu-HU","mainEntityOfPage":{"@id":"https:\/\/allasorias.hu\/hirek\/ismet-jon-a-madarinfluenza\/#webpage"},"isPartOf":{"@id":"https:\/\/allasorias.hu\/hirek\/ismet-jon-a-madarinfluenza\/#webpage"},"articleSection":"K\u00fclf\u00f6ld"},{"@type":"BreadcrumbList","@id":"https:\/\/allasorias.hu\/hirek\/ismet-jon-a-madarinfluenza\/#breadcrumblist","itemListElement":[{"@type":"ListItem","@id":"https:\/\/allasorias.hu\/hirek#listItem","position":1,"name":"Home","item":"https:\/\/allasorias.hu\/hirek","nextItem":{"@type":"ListItem","@id":"https:\/\/allasorias.hu\/hirek\/temak\/kulfold\/#listItem","name":"K\u00fclf\u00f6ld"}},{"@type":"ListItem","@id":"https:\/\/allasorias.hu\/hirek\/temak\/kulfold\/#listItem","position":2,"name":"K\u00fclf\u00f6ld","item":"https:\/\/allasorias.hu\/hirek\/temak\/kulfold\/","nextItem":{"@type":"ListItem","@id":"https:\/\/allasorias.hu\/hirek\/ismet-jon-a-madarinfluenza\/#listItem","name":"Ism\u00e9t j\u00f6n a mad\u00e1rinfluenza"},"previousItem":{"@type":"ListItem","@id":"https:\/\/allasorias.hu\/hirek#listItem","name":"Home"}},{"@type":"ListItem","@id":"https:\/\/allasorias.hu\/hirek\/ismet-jon-a-madarinfluenza\/#listItem","position":3,"name":"Ism\u00e9t j\u00f6n a mad\u00e1rinfluenza","previousItem":{"@type":"ListItem","@id":"https:\/\/allasorias.hu\/hirek\/temak\/kulfold\/#listItem","name":"K\u00fclf\u00f6ld"}}]},{"@type":"Organization","@id":"https:\/\/allasorias.hu\/hirek\/#organization","name":"AllasOrias.hu | H\u00edrek-lapszemle","description":"\u00dczleti h\u00edrek az \u00e1ll\u00e1s \u00e9s a munka vil\u00e1g\u00e1b\u00f3l","url":"https:\/\/allasorias.hu\/hirek\/","logo":{"@type":"ImageObject","url":"https:\/\/allasorias.hu\/hirek\/wp-content\/uploads\/2022\/10\/allasorias_site_facebok_logo.png","@id":"https:\/\/allasorias.hu\/hirek\/ismet-jon-a-madarinfluenza\/#organizationLogo"},"image":{"@id":"https:\/\/allasorias.hu\/hirek\/ismet-jon-a-madarinfluenza\/#organizationLogo"},"sameAs":["https:\/\/www.facebook.com\/allasorias","https:\/\/www.linkedin.com\/company\/allasorias"]},{"@type":"Person","@id":"https:\/\/allasorias.hu\/hirek\/author\/admin-allasorias\/#author","url":"https:\/\/allasorias.hu\/hirek\/author\/admin-allasorias\/","name":"Juh\u00e1sz P\u00e9ter","image":{"@type":"ImageObject","@id":"https:\/\/allasorias.hu\/hirek\/ismet-jon-a-madarinfluenza\/#authorImage","url":"https:\/\/secure.gravatar.com\/avatar\/36e6bcb83148978b992977cb0f54d22feb0cce8a0a849a9410532bb2623ba4c6?s=96&d=mm&r=g","width":96,"height":96,"caption":"Juh\u00e1sz P\u00e9ter"}},{"@type":"WebPage","@id":"https:\/\/allasorias.hu\/hirek\/ismet-jon-a-madarinfluenza\/#webpage","url":"https:\/\/allasorias.hu\/hirek\/ismet-jon-a-madarinfluenza\/","name":"Ism\u00e9t j\u00f6n a mad\u00e1rinfluenza | AllasOrias.hu | H\u00edrek-lapszemle","description":"A leg\u00fajabb mad\u00e1rinfluenz\u00e1s eseteket Bulg\u00e1ri\u00e1b\u00f3l jelentett\u00e9k, amelynek k\u00fcl\u00f6n\u00f6s jelent\u0151s\u00e9ge, hogy haz\u00e1nk ebbe az ir\u00e1nyba \u00e9l\u00e9nk kereskedelmet folytat. A Nemzeti \u00c9lelmiszerl\u00e1nc-biztons\u00e1gi Hivatal ez\u00faton is felh\u00edvja az \u00e1llattart\u00f3k figyelm\u00e9t a telepek j\u00e1rv\u00e1nyv\u00e9delmi z\u00e1rts\u00e1g\u00e1nak fontoss\u00e1g\u00e1ra. Magyarorsz\u00e1g \u2013 a 2016-2017-es nagy \u00edv\u0171 j\u00e1rv\u00e1ny ut\u00e1n \u2013 2017. augusztus 24-\u00e9n nyerte vissza a mad\u00e1rinfluenza betegs\u00e9gt\u0151l mentes besorol\u00e1s\u00e1t. A v\u00edrus azonban tov\u00e1bbra","inLanguage":"hu-HU","isPartOf":{"@id":"https:\/\/allasorias.hu\/hirek\/#website"},"breadcrumb":{"@id":"https:\/\/allasorias.hu\/hirek\/ismet-jon-a-madarinfluenza\/#breadcrumblist"},"author":{"@id":"https:\/\/allasorias.hu\/hirek\/author\/admin-allasorias\/#author"},"creator":{"@id":"https:\/\/allasorias.hu\/hirek\/author\/admin-allasorias\/#author"},"image":{"@type":"ImageObject","url":"https:\/\/allasorias.hu\/hirek\/wp-content\/uploads\/2019\/03\/391586.jpg","@id":"https:\/\/allasorias.hu\/hirek\/ismet-jon-a-madarinfluenza\/#mainImage","width":1600,"height":900},"primaryImageOfPage":{"@id":"https:\/\/allasorias.hu\/hirek\/ismet-jon-a-madarinfluenza\/#mainImage"},"datePublished":"2019-03-20T09:54:46+02:00","dateModified":"2019-03-20T09:54:46+02:00"},{"@type":"WebSite","@id":"https:\/\/allasorias.hu\/hirek\/#website","url":"https:\/\/allasorias.hu\/hirek\/","name":"AllasOrias.hu | H\u00edrek-lapszemle","description":"\u00dczleti h\u00edrek az \u00e1ll\u00e1s \u00e9s a munka vil\u00e1g\u00e1b\u00f3l","inLanguage":"hu-HU","publisher":{"@id":"https:\/\/allasorias.hu\/hirek\/#organization"}}]},"og:locale":"hu_HU","og:site_name":"AllasOrias.hu | H\u00edrek-lapszemle | \u00dczleti h\u00edrek az \u00e1ll\u00e1s \u00e9s a munka vil\u00e1g\u00e1b\u00f3l","og:type":"article","og:title":"Ism\u00e9t j\u00f6n a mad\u00e1rinfluenza | AllasOrias.hu | H\u00edrek-lapszemle","og:description":"A leg\u00fajabb mad\u00e1rinfluenz\u00e1s eseteket Bulg\u00e1ri\u00e1b\u00f3l jelentett\u00e9k, amelynek k\u00fcl\u00f6n\u00f6s jelent\u0151s\u00e9ge, hogy haz\u00e1nk ebbe az ir\u00e1nyba \u00e9l\u00e9nk kereskedelmet folytat. A Nemzeti \u00c9lelmiszerl\u00e1nc-biztons\u00e1gi Hivatal ez\u00faton is felh\u00edvja az \u00e1llattart\u00f3k figyelm\u00e9t a telepek j\u00e1rv\u00e1nyv\u00e9delmi z\u00e1rts\u00e1g\u00e1nak fontoss\u00e1g\u00e1ra. Magyarorsz\u00e1g \u2013 a 2016-2017-es nagy \u00edv\u0171 j\u00e1rv\u00e1ny ut\u00e1n \u2013 2017. augusztus 24-\u00e9n nyerte vissza a mad\u00e1rinfluenza betegs\u00e9gt\u0151l mentes besorol\u00e1s\u00e1t. A v\u00edrus azonban tov\u00e1bbra","og:url":"https:\/\/allasorias.hu\/hirek\/ismet-jon-a-madarinfluenza\/","og:image":"https:\/\/allasorias.hu\/hirek\/wp-content\/uploads\/2019\/03\/391586.jpg","og:image:secure_url":"https:\/\/allasorias.hu\/hirek\/wp-content\/uploads\/2019\/03\/391586.jpg","og:image:width":1600,"og:image:height":900,"article:published_time":"2019-03-20T09:54:46+00:00","article:modified_time":"2019-03-20T09:54:46+00:00","article:publisher":"https:\/\/www.facebook.com\/allasorias","twitter:card":"summary_large_image","twitter:title":"Ism\u00e9t j\u00f6n a mad\u00e1rinfluenza | AllasOrias.hu | H\u00edrek-lapszemle","twitter:description":"A leg\u00fajabb mad\u00e1rinfluenz\u00e1s eseteket Bulg\u00e1ri\u00e1b\u00f3l jelentett\u00e9k, amelynek k\u00fcl\u00f6n\u00f6s jelent\u0151s\u00e9ge, hogy haz\u00e1nk ebbe az ir\u00e1nyba \u00e9l\u00e9nk kereskedelmet folytat. A Nemzeti \u00c9lelmiszerl\u00e1nc-biztons\u00e1gi Hivatal ez\u00faton is felh\u00edvja az \u00e1llattart\u00f3k figyelm\u00e9t a telepek j\u00e1rv\u00e1nyv\u00e9delmi z\u00e1rts\u00e1g\u00e1nak fontoss\u00e1g\u00e1ra. Magyarorsz\u00e1g \u2013 a 2016-2017-es nagy \u00edv\u0171 j\u00e1rv\u00e1ny ut\u00e1n \u2013 2017. augusztus 24-\u00e9n nyerte vissza a mad\u00e1rinfluenza betegs\u00e9gt\u0151l mentes besorol\u00e1s\u00e1t. A v\u00edrus azonban tov\u00e1bbra","twitter:image":"https:\/\/allasorias.hu\/hirek\/wp-content\/uploads\/2019\/03\/391586.jpg","twitter:label1":"Written by","twitter:data1":"Juh\u00e1sz P\u00e9ter","twitter:label2":"Est. reading time","twitter:data2":"2 minutes"},"aioseo_meta_data":{"post_id":"2679","title":null,"description":null,"keywords":null,"keyphrases":null,"primary_term":null,"canonical_url":null,"og_title":null,"og_description":null,"og_object_type":"default","og_image_type":"default","og_image_url":null,"og_image_width":null,"og_image_height":null,"og_image_custom_url":null,"og_image_custom_fields":null,"og_video":null,"og_custom_url":null,"og_article_section":null,"og_article_tags":null,"twitter_use_og":false,"twitter_card":"default","twitter_image_type":"default","twitter_image_url":null,"twitter_image_custom_url":null,"twitter_image_custom_fields":null,"twitter_title":null,"twitter_description":null,"schema":{"blockGraphs":[],"customGraphs":[],"default":{"data":{"Article":[],"Course":[],"Dataset":[],"FAQPage":[],"Movie":[],"Person":[],"Product":[],"ProductReview":[],"Car":[],"Recipe":[],"Service":[],"SoftwareApplication":[],"WebPage":[]},"graphName":"","isEnabled":true},"graphs":[],"defaultGraph":"","defaultPostTypeGraph":""},"schema_type":null,"schema_type_options":null,"pillar_content":false,"robots_default":true,"robots_noindex":false,"robots_noarchive":false,"robots_nosnippet":false,"robots_nofollow":false,"robots_noimageindex":false,"robots_noodp":false,"robots_notranslate":false,"robots_max_snippet":null,"robots_max_videopreview":null,"robots_max_imagepreview":"large","priority":null,"frequency":null,"location":null,"local_seo":null,"breadcrumb_settings":null,"limit_modified_date":false,"ai":null,"created":"2021-02-01 21:13:45","updated":"2025-10-02 10:18:20","seo_analyzer_scan_date":null,"focus_keyword":null,"additional_keywords":null,"truseo_locale":null},"aioseo_breadcrumb":"<div class=\"aioseo-breadcrumbs\"><span class=\"aioseo-breadcrumb\">\n\t\t\t<a href=\"https:\/\/allasorias.hu\/hirek\" title=\"Home\">Home<\/a>\n\t\t<\/span><span class=\"aioseo-breadcrumb-separator\">&raquo;<\/span><span class=\"aioseo-breadcrumb\">\n\t\t\t<a href=\"https:\/\/allasorias.hu\/hirek\/temak\/kulfold\/\" title=\"K\u00fclf\u00f6ld\">K\u00fclf\u00f6ld<\/a>\n\t\t<\/span><span class=\"aioseo-breadcrumb-separator\">&raquo;<\/span><span class=\"aioseo-breadcrumb\">\n\t\t\tIsm\u00e9t j\u00f6n a mad\u00e1rinfluenza\n\t\t<\/span><\/div>","aioseo_breadcrumb_json":[{"label":"Home","link":"https:\/\/allasorias.hu\/hirek"},{"label":"K\u00fclf\u00f6ld","link":"https:\/\/allasorias.hu\/hirek\/temak\/kulfold\/"},{"label":"Ism\u00e9t j\u00f6n a mad\u00e1rinfluenza","link":"https:\/\/allasorias.hu\/hirek\/ismet-jon-a-madarinfluenza\/"}],"_links":{"self":[{"href":"https:\/\/allasorias.hu\/hirek\/wp-json\/wp\/v2\/posts\/2679","targetHints":{"allow":["GET"]}}],"collection":[{"href":"https:\/\/allasorias.hu\/hirek\/wp-json\/wp\/v2\/posts"}],"about":[{"href":"https:\/\/allasorias.hu\/hirek\/wp-json\/wp\/v2\/types\/post"}],"author":[{"embeddable":true,"href":"https:\/\/allasorias.hu\/hirek\/wp-json\/wp\/v2\/users\/1"}],"replies":[{"embeddable":true,"href":"https:\/\/allasorias.hu\/hirek\/wp-json\/wp\/v2\/comments?post=2679"}],"version-history":[{"count":1,"href":"https:\/\/allasorias.hu\/hirek\/wp-json\/wp\/v2\/posts\/2679\/revisions"}],"predecessor-version":[{"id":2681,"href":"https:\/\/allasorias.hu\/hirek\/wp-json\/wp\/v2\/posts\/2679\/revisions\/2681"}],"wp:featuredmedia":[{"embeddable":true,"href":"https:\/\/allasorias.hu\/hirek\/wp-json\/wp\/v2\/media\/2680"}],"wp:attachment":[{"href":"https:\/\/allasorias.hu\/hirek\/wp-json\/wp\/v2\/media?parent=2679"}],"wp:term":[{"taxonomy":"category","embeddable":true,"href":"https:\/\/allasorias.hu\/hirek\/wp-json\/wp\/v2\/categories?post=2679"},{"taxonomy":"post_tag","embeddable":true,"href":"https:\/\/allasorias.hu\/hirek\/wp-json\/wp\/v2\/tags?post=2679"}],"curies":[{"name":"wp","href":"https:\/\/api.w.org\/{rel}","templated":true}]}}