{"id":2676,"date":"2019-03-20T09:49:37","date_gmt":"2019-03-20T09:49:37","guid":{"rendered":"https:\/\/allasorias.hu\/hirek\/?p=2676"},"modified":"2019-03-20T09:49:37","modified_gmt":"2019-03-20T09:49:37","slug":"a-magyarok-bevasarloturistak","status":"publish","type":"post","link":"https:\/\/allasorias.hu\/hirek\/a-magyarok-bevasarloturistak\/","title":{"rendered":"A magyarok bev\u00e1s\u00e1rl\u00f3turist\u00e1k"},"content":{"rendered":"<p><strong>Az elm\u00falt \u00e9vben 33 milli\u00e1rd forinttal n\u0151tt a bev\u00e1s\u00e1rl\u00f3 turizmus \u00e1gazat, amib\u0151l az osztr\u00e1k boltok 28 milli\u00e1rdot, a n\u00f6vekm\u00e9ny 85 sz\u00e1zal\u00e9k\u00e1t adt\u00e1k. Mennek a magyarok Ukrajn\u00e1ba is. Azonban Magyarorsz\u00e1gra is j\u00f6nnek a bev\u00e1s\u00e1rl\u00f3 turist\u00e1k, f\u0151k\u00e9nt a szlov\u00e1kok. \u00d6t \u00e9v alatt k\u00e9t \u00e9s f\u00e9lszeres\u00e9re n\u0151tt\u00a0 a magyarok bev\u00e1s\u00e1rl\u00f3turizmusa<\/strong>.<\/p>\n<p>Azt mutatj\u00e1k a statisztik\u00e1k, hogy\u00a0 mik\u00f6zben egyre t\u00f6bb a p\u00e9nz\u00fcnk, egyre t\u00f6bbet utazunk k\u00fclhonba \u00e9s ott egyre t\u00f6bbet is v\u00e1s\u00e1rolunk a bev\u00e1s\u00e1rl\u00f3turizmus keret\u00e9ben. A legt\u00f6bbet egy\u00e9bk\u00e9nt Ausztri\u00e1ban k\u00f6ltenek a magyar bev\u00e1s\u00e1rl\u00f3turist\u00e1k, amely k\u00f6ztudottan nem olcs\u00f3 orsz\u00e1g. Feltehet\u0151en az osztr\u00e1k \u00fczletek k\u00edn\u00e1lat\u00e1ban vannak olyan sz\u00ednfoltok, amelyek\u00e9rt m\u00e9gis meg\u00e9ri felkerekedni. Az osztr\u00e1k boltok adt\u00e1k a magyarok bev\u00e1s\u00e1rl\u00f3turizmus\u00e1nak k\u00f6zel 60 sz\u00e1zal\u00e9k\u00e1t 2018-ban. Emellett sokat j\u00e1rk\u00e1lunk a\u00a0 szlov\u00e1k \u00e9s szerb boltokban is. M\u00e9g Ukrajn\u00e1ba is \u00e1truccanunk v\u00e1s\u00e1rolgatni, de Rom\u00e1ni\u00e1ban, Szlov\u00e9ni\u00e1ban is sokat k\u00f6lt\u00fcnk: 5-5 milli\u00e1rd forintot. Horv\u00e1torsz\u00e1gba viszont csak nyaralni j\u00e1runk. Az egynapos Magyarorsz\u00e1gra ir\u00e1nyul\u00f3 utaz\u00e1sok k\u00f6r\u00e9ben a v\u00e1s\u00e1rl\u00e1si c\u00e9l\u00fa kir\u00e1ndul\u00e1sok sz\u00e1ma 2018-ban 10 milli\u00f3 volt. Ez az \u00f6sszes ide ir\u00e1nyul\u00f3 egynapos utak negyede. A bev\u00e1s\u00e1rl\u00f3turizmus keret\u00e9ben elk\u00f6lt\u00f6ttek a k\u00fclhonb\u00f3l ide \u00e9rkez\u0151 v\u00e1s\u00e1rl\u00f3k 176 milli\u00e1rd forintot, ezen bel\u00fcl \u00e9lelmiszerekre 60 milli\u00e1rdnyit. A magyar boltokba \u00e9rkez\u0151 bev\u00e1s\u00e1rl\u00f3turist\u00e1k k\u00f6z\u00fcl a szlov\u00e1kok vett\u00e9k a legt\u00f6bbet 2018-ban, t\u00f6bb mint 50 milli\u00e1rd forint \u00e9rt\u00e9kben, k\u00fcl\u00f6nf\u00e9le \u00e9lelmiszereket, iparcikkeket. Az osztr\u00e1k v\u00e1s\u00e1rl\u00f3k 40 milli\u00e1rd forint feletti, a rom\u00e1nok valamivel 40 milli\u00e1rd forint alatti \u00f6sszegben k\u00f6ltekeztek n\u00e1lunk tavaly. A m\u00e9rleget n\u00e9zve \u00f6sszess\u00e9g\u00e9ben a magyar kiskeresked\u0151k j\u00e1rtak jobban eddig a bev\u00e1s\u00e1rl\u00f3turizmusb\u00f3l.<\/p>\n<p>Forr\u00e1s: origo.hu<\/p>\n","protected":false},"excerpt":{"rendered":"<p>Az elm\u00falt \u00e9vben 33 milli\u00e1rd forinttal n\u0151tt a bev\u00e1s\u00e1rl\u00f3 turizmus \u00e1gazat, amib\u0151l az osztr\u00e1k boltok 28 milli\u00e1rdot, a n\u00f6vekm\u00e9ny 85 sz\u00e1zal\u00e9k\u00e1t adt\u00e1k. Mennek a magyarok Ukrajn\u00e1ba is. Azonban Magyarorsz\u00e1gra is j\u00f6nnek a bev\u00e1s\u00e1rl\u00f3 turist\u00e1k, f\u0151k\u00e9nt a szlov\u00e1kok. \u00d6t \u00e9v alatt k\u00e9t \u00e9s f\u00e9lszeres\u00e9re n\u0151tt\u00a0 a magyarok bev\u00e1s\u00e1rl\u00f3turizmusa. Azt mutatj\u00e1k a statisztik\u00e1k, hogy\u00a0 mik\u00f6zben egyre t\u00f6bb [&hellip;]<\/p>\n","protected":false},"author":1,"featured_media":2677,"comment_status":"open","ping_status":"open","sticky":false,"template":"","format":"standard","meta":{"_monsterinsights_skip_tracking":false,"footnotes":""},"categories":[198,201],"tags":[],"class_list":["post-2676","post","type-post","status-publish","format-standard","has-post-thumbnail","hentry","category-gazdasag","category-kulfold"],"aioseo_notices":[],"aioseo_head":"\n\t\t<!-- All in One SEO 5.0.0.1 - aioseo.com -->\n\t<meta name=\"description\" content=\"Az elm\u00falt \u00e9vben 33 milli\u00e1rd forinttal n\u0151tt a bev\u00e1s\u00e1rl\u00f3 turizmus \u00e1gazat, amib\u0151l az osztr\u00e1k boltok 28 milli\u00e1rdot, a n\u00f6vekm\u00e9ny 85 sz\u00e1zal\u00e9k\u00e1t adt\u00e1k. Mennek a magyarok Ukrajn\u00e1ba is. Azonban Magyarorsz\u00e1gra is j\u00f6nnek a bev\u00e1s\u00e1rl\u00f3 turist\u00e1k, f\u0151k\u00e9nt a szlov\u00e1kok. \u00d6t \u00e9v alatt k\u00e9t \u00e9s f\u00e9lszeres\u00e9re n\u0151tt a magyarok bev\u00e1s\u00e1rl\u00f3turizmusa. Azt mutatj\u00e1k a statisztik\u00e1k, hogy mik\u00f6zben egyre t\u00f6bb\" \/>\n\t<meta name=\"robots\" content=\"max-image-preview:large\" \/>\n\t<meta name=\"author\" content=\"Juh\u00e1sz P\u00e9ter\"\/>\n\t<link rel=\"canonical\" href=\"https:\/\/allasorias.hu\/hirek\/a-magyarok-bevasarloturistak\/\" \/>\n\t<meta name=\"generator\" content=\"All in One SEO (AIOSEO) 5.0.0.1\" \/>\n\t\t<meta property=\"og:locale\" content=\"hu_HU\" \/>\n\t\t<meta property=\"og:site_name\" content=\"AllasOrias.hu | H\u00edrek-lapszemle | \u00dczleti h\u00edrek az \u00e1ll\u00e1s \u00e9s a munka vil\u00e1g\u00e1b\u00f3l\" \/>\n\t\t<meta property=\"og:type\" content=\"article\" \/>\n\t\t<meta property=\"og:title\" content=\"A magyarok bev\u00e1s\u00e1rl\u00f3turist\u00e1k | AllasOrias.hu | H\u00edrek-lapszemle\" \/>\n\t\t<meta property=\"og:description\" content=\"Az elm\u00falt \u00e9vben 33 milli\u00e1rd forinttal n\u0151tt a bev\u00e1s\u00e1rl\u00f3 turizmus \u00e1gazat, amib\u0151l az osztr\u00e1k boltok 28 milli\u00e1rdot, a n\u00f6vekm\u00e9ny 85 sz\u00e1zal\u00e9k\u00e1t adt\u00e1k. Mennek a magyarok Ukrajn\u00e1ba is. Azonban Magyarorsz\u00e1gra is j\u00f6nnek a bev\u00e1s\u00e1rl\u00f3 turist\u00e1k, f\u0151k\u00e9nt a szlov\u00e1kok. \u00d6t \u00e9v alatt k\u00e9t \u00e9s f\u00e9lszeres\u00e9re n\u0151tt a magyarok bev\u00e1s\u00e1rl\u00f3turizmusa. Azt mutatj\u00e1k a statisztik\u00e1k, hogy mik\u00f6zben egyre t\u00f6bb\" \/>\n\t\t<meta property=\"og:url\" content=\"https:\/\/allasorias.hu\/hirek\/a-magyarok-bevasarloturistak\/\" \/>\n\t\t<meta property=\"og:image\" content=\"https:\/\/allasorias.hu\/hirek\/wp-content\/uploads\/2019\/03\/bags-black-friday-escalator-1368690.jpg\" \/>\n\t\t<meta property=\"og:image:secure_url\" content=\"https:\/\/allasorias.hu\/hirek\/wp-content\/uploads\/2019\/03\/bags-black-friday-escalator-1368690.jpg\" \/>\n\t\t<meta property=\"og:image:width\" content=\"640\" \/>\n\t\t<meta property=\"og:image:height\" content=\"471\" \/>\n\t\t<meta property=\"article:published_time\" content=\"2019-03-20T09:49:37+00:00\" \/>\n\t\t<meta property=\"article:modified_time\" content=\"2019-03-20T09:49:37+00:00\" \/>\n\t\t<meta property=\"article:publisher\" content=\"https:\/\/www.facebook.com\/allasorias\" \/>\n\t\t<meta name=\"twitter:card\" content=\"summary_large_image\" \/>\n\t\t<meta name=\"twitter:title\" content=\"A magyarok bev\u00e1s\u00e1rl\u00f3turist\u00e1k | AllasOrias.hu | H\u00edrek-lapszemle\" \/>\n\t\t<meta name=\"twitter:description\" content=\"Az elm\u00falt \u00e9vben 33 milli\u00e1rd forinttal n\u0151tt a bev\u00e1s\u00e1rl\u00f3 turizmus \u00e1gazat, amib\u0151l az osztr\u00e1k boltok 28 milli\u00e1rdot, a n\u00f6vekm\u00e9ny 85 sz\u00e1zal\u00e9k\u00e1t adt\u00e1k. Mennek a magyarok Ukrajn\u00e1ba is. Azonban Magyarorsz\u00e1gra is j\u00f6nnek a bev\u00e1s\u00e1rl\u00f3 turist\u00e1k, f\u0151k\u00e9nt a szlov\u00e1kok. \u00d6t \u00e9v alatt k\u00e9t \u00e9s f\u00e9lszeres\u00e9re n\u0151tt a magyarok bev\u00e1s\u00e1rl\u00f3turizmusa. Azt mutatj\u00e1k a statisztik\u00e1k, hogy mik\u00f6zben egyre t\u00f6bb\" \/>\n\t\t<meta name=\"twitter:image\" content=\"https:\/\/allasorias.hu\/hirek\/wp-content\/uploads\/2019\/03\/bags-black-friday-escalator-1368690.jpg\" \/>\n\t\t<meta name=\"twitter:label1\" content=\"Written by\" \/>\n\t\t<meta name=\"twitter:data1\" content=\"Juh\u00e1sz P\u00e9ter\" \/>\n\t\t<meta name=\"twitter:label2\" content=\"Est. reading time\" \/>\n\t\t<meta name=\"twitter:data2\" content=\"2 minutes\" \/>\n\t\t<script type=\"application\/ld+json\" class=\"aioseo-schema\">\n\t\t\t{\"@context\":\"https:\\\/\\\/schema.org\",\"@graph\":[{\"@type\":\"Article\",\"@id\":\"https:\\\/\\\/allasorias.hu\\\/hirek\\\/a-magyarok-bevasarloturistak\\\/#article\",\"name\":\"A magyarok bev\\u00e1s\\u00e1rl\\u00f3turist\\u00e1k | AllasOrias.hu | H\\u00edrek-lapszemle\",\"headline\":\"A magyarok bev\\u00e1s\\u00e1rl\\u00f3turist\\u00e1k\",\"author\":{\"@id\":\"https:\\\/\\\/allasorias.hu\\\/hirek\\\/author\\\/admin-allasorias\\\/#author\"},\"publisher\":{\"@id\":\"https:\\\/\\\/allasorias.hu\\\/hirek\\\/#organization\"},\"image\":{\"@type\":\"ImageObject\",\"url\":\"https:\\\/\\\/allasorias.hu\\\/hirek\\\/wp-content\\\/uploads\\\/2019\\\/03\\\/bags-black-friday-escalator-1368690.jpg\",\"width\":640,\"height\":471},\"datePublished\":\"2019-03-20T09:49:37+02:00\",\"dateModified\":\"2019-03-20T09:49:37+02:00\",\"inLanguage\":\"hu-HU\",\"mainEntityOfPage\":{\"@id\":\"https:\\\/\\\/allasorias.hu\\\/hirek\\\/a-magyarok-bevasarloturistak\\\/#webpage\"},\"isPartOf\":{\"@id\":\"https:\\\/\\\/allasorias.hu\\\/hirek\\\/a-magyarok-bevasarloturistak\\\/#webpage\"},\"articleSection\":\"Gazdas\\u00e1g, K\\u00fclf\\u00f6ld\"},{\"@type\":\"BreadcrumbList\",\"@id\":\"https:\\\/\\\/allasorias.hu\\\/hirek\\\/a-magyarok-bevasarloturistak\\\/#breadcrumblist\",\"itemListElement\":[{\"@type\":\"ListItem\",\"@id\":\"https:\\\/\\\/allasorias.hu\\\/hirek#listItem\",\"position\":1,\"name\":\"Home\",\"item\":\"https:\\\/\\\/allasorias.hu\\\/hirek\",\"nextItem\":{\"@type\":\"ListItem\",\"@id\":\"https:\\\/\\\/allasorias.hu\\\/hirek\\\/temak\\\/gazdasag\\\/#listItem\",\"name\":\"Gazdas\\u00e1g\"}},{\"@type\":\"ListItem\",\"@id\":\"https:\\\/\\\/allasorias.hu\\\/hirek\\\/temak\\\/gazdasag\\\/#listItem\",\"position\":2,\"name\":\"Gazdas\\u00e1g\",\"item\":\"https:\\\/\\\/allasorias.hu\\\/hirek\\\/temak\\\/gazdasag\\\/\",\"nextItem\":{\"@type\":\"ListItem\",\"@id\":\"https:\\\/\\\/allasorias.hu\\\/hirek\\\/a-magyarok-bevasarloturistak\\\/#listItem\",\"name\":\"A magyarok bev\\u00e1s\\u00e1rl\\u00f3turist\\u00e1k\"},\"previousItem\":{\"@type\":\"ListItem\",\"@id\":\"https:\\\/\\\/allasorias.hu\\\/hirek#listItem\",\"name\":\"Home\"}},{\"@type\":\"ListItem\",\"@id\":\"https:\\\/\\\/allasorias.hu\\\/hirek\\\/a-magyarok-bevasarloturistak\\\/#listItem\",\"position\":3,\"name\":\"A magyarok bev\\u00e1s\\u00e1rl\\u00f3turist\\u00e1k\",\"previousItem\":{\"@type\":\"ListItem\",\"@id\":\"https:\\\/\\\/allasorias.hu\\\/hirek\\\/temak\\\/gazdasag\\\/#listItem\",\"name\":\"Gazdas\\u00e1g\"}}]},{\"@type\":\"Organization\",\"@id\":\"https:\\\/\\\/allasorias.hu\\\/hirek\\\/#organization\",\"name\":\"AllasOrias.hu | H\\u00edrek-lapszemle\",\"description\":\"\\u00dczleti h\\u00edrek az \\u00e1ll\\u00e1s \\u00e9s a munka vil\\u00e1g\\u00e1b\\u00f3l\",\"url\":\"https:\\\/\\\/allasorias.hu\\\/hirek\\\/\",\"logo\":{\"@type\":\"ImageObject\",\"url\":\"https:\\\/\\\/allasorias.hu\\\/hirek\\\/wp-content\\\/uploads\\\/2022\\\/10\\\/allasorias_site_facebok_logo.png\",\"@id\":\"https:\\\/\\\/allasorias.hu\\\/hirek\\\/a-magyarok-bevasarloturistak\\\/#organizationLogo\"},\"image\":{\"@id\":\"https:\\\/\\\/allasorias.hu\\\/hirek\\\/a-magyarok-bevasarloturistak\\\/#organizationLogo\"},\"sameAs\":[\"https:\\\/\\\/www.facebook.com\\\/allasorias\",\"https:\\\/\\\/www.linkedin.com\\\/company\\\/allasorias\"]},{\"@type\":\"Person\",\"@id\":\"https:\\\/\\\/allasorias.hu\\\/hirek\\\/author\\\/admin-allasorias\\\/#author\",\"url\":\"https:\\\/\\\/allasorias.hu\\\/hirek\\\/author\\\/admin-allasorias\\\/\",\"name\":\"Juh\\u00e1sz P\\u00e9ter\",\"image\":{\"@type\":\"ImageObject\",\"@id\":\"https:\\\/\\\/allasorias.hu\\\/hirek\\\/a-magyarok-bevasarloturistak\\\/#authorImage\",\"url\":\"https:\\\/\\\/secure.gravatar.com\\\/avatar\\\/36e6bcb83148978b992977cb0f54d22feb0cce8a0a849a9410532bb2623ba4c6?s=96&d=mm&r=g\",\"width\":96,\"height\":96,\"caption\":\"Juh\\u00e1sz P\\u00e9ter\"}},{\"@type\":\"WebPage\",\"@id\":\"https:\\\/\\\/allasorias.hu\\\/hirek\\\/a-magyarok-bevasarloturistak\\\/#webpage\",\"url\":\"https:\\\/\\\/allasorias.hu\\\/hirek\\\/a-magyarok-bevasarloturistak\\\/\",\"name\":\"A magyarok bev\\u00e1s\\u00e1rl\\u00f3turist\\u00e1k | AllasOrias.hu | H\\u00edrek-lapszemle\",\"description\":\"Az elm\\u00falt \\u00e9vben 33 milli\\u00e1rd forinttal n\\u0151tt a bev\\u00e1s\\u00e1rl\\u00f3 turizmus \\u00e1gazat, amib\\u0151l az osztr\\u00e1k boltok 28 milli\\u00e1rdot, a n\\u00f6vekm\\u00e9ny 85 sz\\u00e1zal\\u00e9k\\u00e1t adt\\u00e1k. Mennek a magyarok Ukrajn\\u00e1ba is. Azonban Magyarorsz\\u00e1gra is j\\u00f6nnek a bev\\u00e1s\\u00e1rl\\u00f3 turist\\u00e1k, f\\u0151k\\u00e9nt a szlov\\u00e1kok. \\u00d6t \\u00e9v alatt k\\u00e9t \\u00e9s f\\u00e9lszeres\\u00e9re n\\u0151tt a magyarok bev\\u00e1s\\u00e1rl\\u00f3turizmusa. Azt mutatj\\u00e1k a statisztik\\u00e1k, hogy mik\\u00f6zben egyre t\\u00f6bb\",\"inLanguage\":\"hu-HU\",\"isPartOf\":{\"@id\":\"https:\\\/\\\/allasorias.hu\\\/hirek\\\/#website\"},\"breadcrumb\":{\"@id\":\"https:\\\/\\\/allasorias.hu\\\/hirek\\\/a-magyarok-bevasarloturistak\\\/#breadcrumblist\"},\"author\":{\"@id\":\"https:\\\/\\\/allasorias.hu\\\/hirek\\\/author\\\/admin-allasorias\\\/#author\"},\"creator\":{\"@id\":\"https:\\\/\\\/allasorias.hu\\\/hirek\\\/author\\\/admin-allasorias\\\/#author\"},\"image\":{\"@type\":\"ImageObject\",\"url\":\"https:\\\/\\\/allasorias.hu\\\/hirek\\\/wp-content\\\/uploads\\\/2019\\\/03\\\/bags-black-friday-escalator-1368690.jpg\",\"@id\":\"https:\\\/\\\/allasorias.hu\\\/hirek\\\/a-magyarok-bevasarloturistak\\\/#mainImage\",\"width\":640,\"height\":471},\"primaryImageOfPage\":{\"@id\":\"https:\\\/\\\/allasorias.hu\\\/hirek\\\/a-magyarok-bevasarloturistak\\\/#mainImage\"},\"datePublished\":\"2019-03-20T09:49:37+02:00\",\"dateModified\":\"2019-03-20T09:49:37+02:00\"},{\"@type\":\"WebSite\",\"@id\":\"https:\\\/\\\/allasorias.hu\\\/hirek\\\/#website\",\"url\":\"https:\\\/\\\/allasorias.hu\\\/hirek\\\/\",\"name\":\"AllasOrias.hu | H\\u00edrek-lapszemle\",\"description\":\"\\u00dczleti h\\u00edrek az \\u00e1ll\\u00e1s \\u00e9s a munka vil\\u00e1g\\u00e1b\\u00f3l\",\"inLanguage\":\"hu-HU\",\"publisher\":{\"@id\":\"https:\\\/\\\/allasorias.hu\\\/hirek\\\/#organization\"}}]}\n\t\t<\/script>\n\t\t<!-- All in One SEO -->\n\n","aioseo_head_json":{"title":"A magyarok bev\u00e1s\u00e1rl\u00f3turist\u00e1k | AllasOrias.hu | H\u00edrek-lapszemle","description":"Az elm\u00falt \u00e9vben 33 milli\u00e1rd forinttal n\u0151tt a bev\u00e1s\u00e1rl\u00f3 turizmus \u00e1gazat, amib\u0151l az osztr\u00e1k boltok 28 milli\u00e1rdot, a n\u00f6vekm\u00e9ny 85 sz\u00e1zal\u00e9k\u00e1t adt\u00e1k. Mennek a magyarok Ukrajn\u00e1ba is. Azonban Magyarorsz\u00e1gra is j\u00f6nnek a bev\u00e1s\u00e1rl\u00f3 turist\u00e1k, f\u0151k\u00e9nt a szlov\u00e1kok. \u00d6t \u00e9v alatt k\u00e9t \u00e9s f\u00e9lszeres\u00e9re n\u0151tt a magyarok bev\u00e1s\u00e1rl\u00f3turizmusa. Azt mutatj\u00e1k a statisztik\u00e1k, hogy mik\u00f6zben egyre t\u00f6bb","canonical_url":"https:\/\/allasorias.hu\/hirek\/a-magyarok-bevasarloturistak\/","robots":"max-image-preview:large","keywords":"","webmasterTools":{"miscellaneous":""},"schema":{"@context":"https:\/\/schema.org","@graph":[{"@type":"Article","@id":"https:\/\/allasorias.hu\/hirek\/a-magyarok-bevasarloturistak\/#article","name":"A magyarok bev\u00e1s\u00e1rl\u00f3turist\u00e1k | AllasOrias.hu | H\u00edrek-lapszemle","headline":"A magyarok bev\u00e1s\u00e1rl\u00f3turist\u00e1k","author":{"@id":"https:\/\/allasorias.hu\/hirek\/author\/admin-allasorias\/#author"},"publisher":{"@id":"https:\/\/allasorias.hu\/hirek\/#organization"},"image":{"@type":"ImageObject","url":"https:\/\/allasorias.hu\/hirek\/wp-content\/uploads\/2019\/03\/bags-black-friday-escalator-1368690.jpg","width":640,"height":471},"datePublished":"2019-03-20T09:49:37+02:00","dateModified":"2019-03-20T09:49:37+02:00","inLanguage":"hu-HU","mainEntityOfPage":{"@id":"https:\/\/allasorias.hu\/hirek\/a-magyarok-bevasarloturistak\/#webpage"},"isPartOf":{"@id":"https:\/\/allasorias.hu\/hirek\/a-magyarok-bevasarloturistak\/#webpage"},"articleSection":"Gazdas\u00e1g, K\u00fclf\u00f6ld"},{"@type":"BreadcrumbList","@id":"https:\/\/allasorias.hu\/hirek\/a-magyarok-bevasarloturistak\/#breadcrumblist","itemListElement":[{"@type":"ListItem","@id":"https:\/\/allasorias.hu\/hirek#listItem","position":1,"name":"Home","item":"https:\/\/allasorias.hu\/hirek","nextItem":{"@type":"ListItem","@id":"https:\/\/allasorias.hu\/hirek\/temak\/gazdasag\/#listItem","name":"Gazdas\u00e1g"}},{"@type":"ListItem","@id":"https:\/\/allasorias.hu\/hirek\/temak\/gazdasag\/#listItem","position":2,"name":"Gazdas\u00e1g","item":"https:\/\/allasorias.hu\/hirek\/temak\/gazdasag\/","nextItem":{"@type":"ListItem","@id":"https:\/\/allasorias.hu\/hirek\/a-magyarok-bevasarloturistak\/#listItem","name":"A magyarok bev\u00e1s\u00e1rl\u00f3turist\u00e1k"},"previousItem":{"@type":"ListItem","@id":"https:\/\/allasorias.hu\/hirek#listItem","name":"Home"}},{"@type":"ListItem","@id":"https:\/\/allasorias.hu\/hirek\/a-magyarok-bevasarloturistak\/#listItem","position":3,"name":"A magyarok bev\u00e1s\u00e1rl\u00f3turist\u00e1k","previousItem":{"@type":"ListItem","@id":"https:\/\/allasorias.hu\/hirek\/temak\/gazdasag\/#listItem","name":"Gazdas\u00e1g"}}]},{"@type":"Organization","@id":"https:\/\/allasorias.hu\/hirek\/#organization","name":"AllasOrias.hu | H\u00edrek-lapszemle","description":"\u00dczleti h\u00edrek az \u00e1ll\u00e1s \u00e9s a munka vil\u00e1g\u00e1b\u00f3l","url":"https:\/\/allasorias.hu\/hirek\/","logo":{"@type":"ImageObject","url":"https:\/\/allasorias.hu\/hirek\/wp-content\/uploads\/2022\/10\/allasorias_site_facebok_logo.png","@id":"https:\/\/allasorias.hu\/hirek\/a-magyarok-bevasarloturistak\/#organizationLogo"},"image":{"@id":"https:\/\/allasorias.hu\/hirek\/a-magyarok-bevasarloturistak\/#organizationLogo"},"sameAs":["https:\/\/www.facebook.com\/allasorias","https:\/\/www.linkedin.com\/company\/allasorias"]},{"@type":"Person","@id":"https:\/\/allasorias.hu\/hirek\/author\/admin-allasorias\/#author","url":"https:\/\/allasorias.hu\/hirek\/author\/admin-allasorias\/","name":"Juh\u00e1sz P\u00e9ter","image":{"@type":"ImageObject","@id":"https:\/\/allasorias.hu\/hirek\/a-magyarok-bevasarloturistak\/#authorImage","url":"https:\/\/secure.gravatar.com\/avatar\/36e6bcb83148978b992977cb0f54d22feb0cce8a0a849a9410532bb2623ba4c6?s=96&d=mm&r=g","width":96,"height":96,"caption":"Juh\u00e1sz P\u00e9ter"}},{"@type":"WebPage","@id":"https:\/\/allasorias.hu\/hirek\/a-magyarok-bevasarloturistak\/#webpage","url":"https:\/\/allasorias.hu\/hirek\/a-magyarok-bevasarloturistak\/","name":"A magyarok bev\u00e1s\u00e1rl\u00f3turist\u00e1k | AllasOrias.hu | H\u00edrek-lapszemle","description":"Az elm\u00falt \u00e9vben 33 milli\u00e1rd forinttal n\u0151tt a bev\u00e1s\u00e1rl\u00f3 turizmus \u00e1gazat, amib\u0151l az osztr\u00e1k boltok 28 milli\u00e1rdot, a n\u00f6vekm\u00e9ny 85 sz\u00e1zal\u00e9k\u00e1t adt\u00e1k. Mennek a magyarok Ukrajn\u00e1ba is. Azonban Magyarorsz\u00e1gra is j\u00f6nnek a bev\u00e1s\u00e1rl\u00f3 turist\u00e1k, f\u0151k\u00e9nt a szlov\u00e1kok. \u00d6t \u00e9v alatt k\u00e9t \u00e9s f\u00e9lszeres\u00e9re n\u0151tt a magyarok bev\u00e1s\u00e1rl\u00f3turizmusa. Azt mutatj\u00e1k a statisztik\u00e1k, hogy mik\u00f6zben egyre t\u00f6bb","inLanguage":"hu-HU","isPartOf":{"@id":"https:\/\/allasorias.hu\/hirek\/#website"},"breadcrumb":{"@id":"https:\/\/allasorias.hu\/hirek\/a-magyarok-bevasarloturistak\/#breadcrumblist"},"author":{"@id":"https:\/\/allasorias.hu\/hirek\/author\/admin-allasorias\/#author"},"creator":{"@id":"https:\/\/allasorias.hu\/hirek\/author\/admin-allasorias\/#author"},"image":{"@type":"ImageObject","url":"https:\/\/allasorias.hu\/hirek\/wp-content\/uploads\/2019\/03\/bags-black-friday-escalator-1368690.jpg","@id":"https:\/\/allasorias.hu\/hirek\/a-magyarok-bevasarloturistak\/#mainImage","width":640,"height":471},"primaryImageOfPage":{"@id":"https:\/\/allasorias.hu\/hirek\/a-magyarok-bevasarloturistak\/#mainImage"},"datePublished":"2019-03-20T09:49:37+02:00","dateModified":"2019-03-20T09:49:37+02:00"},{"@type":"WebSite","@id":"https:\/\/allasorias.hu\/hirek\/#website","url":"https:\/\/allasorias.hu\/hirek\/","name":"AllasOrias.hu | H\u00edrek-lapszemle","description":"\u00dczleti h\u00edrek az \u00e1ll\u00e1s \u00e9s a munka vil\u00e1g\u00e1b\u00f3l","inLanguage":"hu-HU","publisher":{"@id":"https:\/\/allasorias.hu\/hirek\/#organization"}}]},"og:locale":"hu_HU","og:site_name":"AllasOrias.hu | H\u00edrek-lapszemle | \u00dczleti h\u00edrek az \u00e1ll\u00e1s \u00e9s a munka vil\u00e1g\u00e1b\u00f3l","og:type":"article","og:title":"A magyarok bev\u00e1s\u00e1rl\u00f3turist\u00e1k | AllasOrias.hu | H\u00edrek-lapszemle","og:description":"Az elm\u00falt \u00e9vben 33 milli\u00e1rd forinttal n\u0151tt a bev\u00e1s\u00e1rl\u00f3 turizmus \u00e1gazat, amib\u0151l az osztr\u00e1k boltok 28 milli\u00e1rdot, a n\u00f6vekm\u00e9ny 85 sz\u00e1zal\u00e9k\u00e1t adt\u00e1k. Mennek a magyarok Ukrajn\u00e1ba is. Azonban Magyarorsz\u00e1gra is j\u00f6nnek a bev\u00e1s\u00e1rl\u00f3 turist\u00e1k, f\u0151k\u00e9nt a szlov\u00e1kok. \u00d6t \u00e9v alatt k\u00e9t \u00e9s f\u00e9lszeres\u00e9re n\u0151tt a magyarok bev\u00e1s\u00e1rl\u00f3turizmusa. Azt mutatj\u00e1k a statisztik\u00e1k, hogy mik\u00f6zben egyre t\u00f6bb","og:url":"https:\/\/allasorias.hu\/hirek\/a-magyarok-bevasarloturistak\/","og:image":"https:\/\/allasorias.hu\/hirek\/wp-content\/uploads\/2019\/03\/bags-black-friday-escalator-1368690.jpg","og:image:secure_url":"https:\/\/allasorias.hu\/hirek\/wp-content\/uploads\/2019\/03\/bags-black-friday-escalator-1368690.jpg","og:image:width":640,"og:image:height":471,"article:published_time":"2019-03-20T09:49:37+00:00","article:modified_time":"2019-03-20T09:49:37+00:00","article:publisher":"https:\/\/www.facebook.com\/allasorias","twitter:card":"summary_large_image","twitter:title":"A magyarok bev\u00e1s\u00e1rl\u00f3turist\u00e1k | AllasOrias.hu | H\u00edrek-lapszemle","twitter:description":"Az elm\u00falt \u00e9vben 33 milli\u00e1rd forinttal n\u0151tt a bev\u00e1s\u00e1rl\u00f3 turizmus \u00e1gazat, amib\u0151l az osztr\u00e1k boltok 28 milli\u00e1rdot, a n\u00f6vekm\u00e9ny 85 sz\u00e1zal\u00e9k\u00e1t adt\u00e1k. Mennek a magyarok Ukrajn\u00e1ba is. Azonban Magyarorsz\u00e1gra is j\u00f6nnek a bev\u00e1s\u00e1rl\u00f3 turist\u00e1k, f\u0151k\u00e9nt a szlov\u00e1kok. \u00d6t \u00e9v alatt k\u00e9t \u00e9s f\u00e9lszeres\u00e9re n\u0151tt a magyarok bev\u00e1s\u00e1rl\u00f3turizmusa. Azt mutatj\u00e1k a statisztik\u00e1k, hogy mik\u00f6zben egyre t\u00f6bb","twitter:image":"https:\/\/allasorias.hu\/hirek\/wp-content\/uploads\/2019\/03\/bags-black-friday-escalator-1368690.jpg","twitter:label1":"Written by","twitter:data1":"Juh\u00e1sz P\u00e9ter","twitter:label2":"Est. reading time","twitter:data2":"2 minutes"},"aioseo_meta_data":{"post_id":"2676","title":null,"description":null,"keywords":null,"keyphrases":null,"primary_term":null,"canonical_url":null,"og_title":null,"og_description":null,"og_object_type":"default","og_image_type":"default","og_image_url":null,"og_image_width":null,"og_image_height":null,"og_image_custom_url":null,"og_image_custom_fields":null,"og_video":null,"og_custom_url":null,"og_article_section":null,"og_article_tags":null,"twitter_use_og":false,"twitter_card":"default","twitter_image_type":"default","twitter_image_url":null,"twitter_image_custom_url":null,"twitter_image_custom_fields":null,"twitter_title":null,"twitter_description":null,"schema":{"blockGraphs":[],"customGraphs":[],"default":{"data":{"Article":[],"Course":[],"Dataset":[],"FAQPage":[],"Movie":[],"Person":[],"Product":[],"ProductReview":[],"Car":[],"Recipe":[],"Service":[],"SoftwareApplication":[],"WebPage":[]},"graphName":"","isEnabled":true},"graphs":[],"defaultGraph":"","defaultPostTypeGraph":""},"schema_type":null,"schema_type_options":null,"pillar_content":false,"robots_default":true,"robots_noindex":false,"robots_noarchive":false,"robots_nosnippet":false,"robots_nofollow":false,"robots_noimageindex":false,"robots_noodp":false,"robots_notranslate":false,"robots_max_snippet":null,"robots_max_videopreview":null,"robots_max_imagepreview":"large","priority":null,"frequency":null,"location":null,"local_seo":null,"breadcrumb_settings":null,"limit_modified_date":false,"ai":null,"created":"2021-02-01 21:13:45","updated":"2025-10-02 10:18:20","seo_analyzer_scan_date":null,"focus_keyword":null,"additional_keywords":null,"truseo_locale":null},"aioseo_breadcrumb":"<div class=\"aioseo-breadcrumbs\"><span class=\"aioseo-breadcrumb\">\n\t\t\t<a href=\"https:\/\/allasorias.hu\/hirek\" title=\"Home\">Home<\/a>\n\t\t<\/span><span class=\"aioseo-breadcrumb-separator\">&raquo;<\/span><span class=\"aioseo-breadcrumb\">\n\t\t\t<a href=\"https:\/\/allasorias.hu\/hirek\/temak\/gazdasag\/\" title=\"Gazdas\u00e1g\">Gazdas\u00e1g<\/a>\n\t\t<\/span><span class=\"aioseo-breadcrumb-separator\">&raquo;<\/span><span class=\"aioseo-breadcrumb\">\n\t\t\tA magyarok bev\u00e1s\u00e1rl\u00f3turist\u00e1k\n\t\t<\/span><\/div>","aioseo_breadcrumb_json":[{"label":"Home","link":"https:\/\/allasorias.hu\/hirek"},{"label":"Gazdas\u00e1g","link":"https:\/\/allasorias.hu\/hirek\/temak\/gazdasag\/"},{"label":"A magyarok bev\u00e1s\u00e1rl\u00f3turist\u00e1k","link":"https:\/\/allasorias.hu\/hirek\/a-magyarok-bevasarloturistak\/"}],"_links":{"self":[{"href":"https:\/\/allasorias.hu\/hirek\/wp-json\/wp\/v2\/posts\/2676","targetHints":{"allow":["GET"]}}],"collection":[{"href":"https:\/\/allasorias.hu\/hirek\/wp-json\/wp\/v2\/posts"}],"about":[{"href":"https:\/\/allasorias.hu\/hirek\/wp-json\/wp\/v2\/types\/post"}],"author":[{"embeddable":true,"href":"https:\/\/allasorias.hu\/hirek\/wp-json\/wp\/v2\/users\/1"}],"replies":[{"embeddable":true,"href":"https:\/\/allasorias.hu\/hirek\/wp-json\/wp\/v2\/comments?post=2676"}],"version-history":[{"count":1,"href":"https:\/\/allasorias.hu\/hirek\/wp-json\/wp\/v2\/posts\/2676\/revisions"}],"predecessor-version":[{"id":2678,"href":"https:\/\/allasorias.hu\/hirek\/wp-json\/wp\/v2\/posts\/2676\/revisions\/2678"}],"wp:featuredmedia":[{"embeddable":true,"href":"https:\/\/allasorias.hu\/hirek\/wp-json\/wp\/v2\/media\/2677"}],"wp:attachment":[{"href":"https:\/\/allasorias.hu\/hirek\/wp-json\/wp\/v2\/media?parent=2676"}],"wp:term":[{"taxonomy":"category","embeddable":true,"href":"https:\/\/allasorias.hu\/hirek\/wp-json\/wp\/v2\/categories?post=2676"},{"taxonomy":"post_tag","embeddable":true,"href":"https:\/\/allasorias.hu\/hirek\/wp-json\/wp\/v2\/tags?post=2676"}],"curies":[{"name":"wp","href":"https:\/\/api.w.org\/{rel}","templated":true}]}}