{"id":2670,"date":"2019-03-19T10:09:59","date_gmt":"2019-03-19T10:09:59","guid":{"rendered":"https:\/\/allasorias.hu\/hirek\/?p=2670"},"modified":"2019-03-19T10:09:59","modified_gmt":"2019-03-19T10:09:59","slug":"szemleletvaltas-szukseges-a-foglalkoztatasban","status":"publish","type":"post","link":"https:\/\/allasorias.hu\/hirek\/szemleletvaltas-szukseges-a-foglalkoztatasban\/","title":{"rendered":"Szeml\u00e9letv\u00e1lt\u00e1s sz\u00fcks\u00e9ges a foglalkoztat\u00e1sban"},"content":{"rendered":"<p><strong>A Nemzeti Foglalkoztat\u00e1si Szolg\u00e1lat list\u00e1ja szerint 860-n\u00e1l is t\u00f6bb munkaer\u0151-k\u00f6lcs\u00f6nz\u0151 c\u00e9g m\u0171k\u00f6dik Magyarorsz\u00e1gon. Kor\u00e1bban f\u0151k\u00e9nt olyan v\u00e1llalatok fordultak a k\u00f6lcs\u00f6nz\u0151kh\u00f6z, amelyekn\u00e9l id\u0151szakosan kellett a pluszmunkaer\u0151. A jelenlegi munkaer\u0151hi\u00e1ny miatt t\u00fal macer\u00e1ss\u00e1 v\u00e1lt a munkaer\u0151 felhajt\u00e1sa, ez\u00e9rt egyre t\u00f6bben szabadulnak a ny\u0171gt\u0151l, \u00e9s ink\u00e1bb egy k\u00fcls\u0151s c\u00e9get b\u00edznak meg ennek az int\u00e9z\u00e9s\u00e9vel. <\/strong><\/p>\n<p>2017-ben a Friedrich Ebert Alap\u00edtv\u00e1ny k\u00e9sz\u00edtett egy tanulm\u00e1nyt, amelyben negyven, k\u00f6lcs\u00f6nz\u0151k\u00f6n kereszt\u00fcl foglalkoztatott szem\u00e9lyt k\u00e9rdeztek meg. A v\u00e1laszok alapj\u00e1n arra jutottak, hogy egyfel\u0151l ugyan a mobilt\u00e1st seg\u00edtik a l\u00edzing-c\u00e9gek, ugyanakkor a munkav\u00e1llal\u00f3k j\u00f3val kitettebbek a vissza\u00e9l\u00e9seknek, alacsonyabb b\u00e9rt kaphatnak, mint az alkalmazottak, \u00e9s a felmer\u00fcl\u0151 munkahelyi gondok, vissza\u00e9l\u00e9sek miatt nincs hova fordulniuk. Janu\u00e1r v\u00e9ge \u00f3ta a munka\u00fcgyi ellen\u0151rz\u00e9sek f\u00f3kusz\u00e1ban \u00e9ppen a munkaer\u0151-k\u00f6lcs\u00f6nz\u0151 c\u00e9gek vannak, itt els\u0151sorban a fikt\u00edv k\u00f6lcs\u00f6nz\u00e9st vizsg\u00e1lj\u00e1k, teh\u00e1t f\u0151leg azt n\u00e9zik meg, hogy egy v\u00e1llalat nem a kor\u00e1bbi alkalmazottait foglalkoztatja-e vissza k\u00f6lcs\u00f6nz\u00f6tt munkaer\u0151k\u00e9nt.B\u00e1r a termel\u0151 c\u00e9geknek a k\u00f6lcs\u00f6nz\u00e9s megtakar\u00edt\u00e1st \u00e9s a macer\u00e1t\u00f3l val\u00f3 megszabadul\u00e1st is jelenti, a munkaer\u0151piaci szakemberek szerint ideje volna v\u00e1ltani, \u00e9s ink\u00e1bb magasabb fizet\u00e9ssel, a k\u00f6r\u00fclm\u00e9nyek jav\u00edt\u00e1s\u00e1val nem csak odacs\u00e1b\u00edtani, hanem meg is tartani a munkav\u00e1llal\u00f3kat. \u201eEddig csak fizetgett\u00fcnk, te dolgozgatt\u00e1l, mostant\u00f3l fizet\u00fcnk, te pedig dolgozz\u00e1l\u201d \u2013 ilyen szeml\u00e9letv\u00e1lt\u00e1st javasolt egy m\u00falt h\u00e9ten rendezett szegedi konferenci\u00e1n Baja S\u00e1ndor, az egyik legjelent\u0151sebb nemzetk\u00f6zi h\u00e1l\u00f3zattal rendelkez\u0151 munkaer\u0151-k\u00f6zvet\u00edt\u0151 \u00e9s -k\u00f6lcs\u00f6nz\u0151 c\u00e9g vezet\u0151je. A szakember arr\u00f3l besz\u00e9lt, hogy egy negyvenezer f\u0151s mint\u00e1n alapul\u00f3 kutat\u00e1suk szerint az els\u0151 motiv\u00e1l\u00f3 t\u00e9nyez\u0151 a munkav\u00e1llal\u00f3k sz\u00e1m\u00e1ra a p\u00e9nz, de e mellett a megfelel\u0151 munkav\u00e9gz\u00e9si felt\u00e9telek, k\u00f6r\u00fclm\u00e9nyek biztos\u00edt\u00e1sa, a teljes\u00edtm\u00e9ny elismer\u00e9se is nagy s\u00fallyal esik a latba. Baja szerint szak\u00edtani kell azzal, hogy a munkaad\u00f3k csak ny\u0171gnek tekintik a munkav\u00e1llal\u00f3kat. A munkaer\u0151hi\u00e1ny, \u00e9s ebben nincs semmi \u00fajdons\u00e1g, az eur\u00f3pai orsz\u00e1gokat is s\u00fajtja, Hollandi\u00e1ban \u00e9vente sz\u00e1zezren, N\u00e9metorsz\u00e1gban pedig milli\u00f3k hi\u00e1nyoznak a munkaer\u0151piacr\u00f3l. A Magyarorsz\u00e1gon munk\u00e1t v\u00e1llal\u00f3 szerbek, ukr\u00e1nok is tov\u00e1bb\u00e1llnak, \u00edgy sokkal t\u00f6bb energi\u00e1t kell ford\u00edtani a munkaer\u0151 megtart\u00e1s\u00e1ra is. Az ukr\u00e1nok m\u00e1r lej\u00e1rt lemez, j\u00f6nnek a burmaiak \u00e9s a vietnamiak \u2013 mondta a szakembernek egy Magyarorsz\u00e1gon m\u0171k\u00f6d\u0151 multi hum\u00e1ner\u0151forr\u00e1s-szakembere. Baja S\u00e1ndor szerint m\u00e9g itthon is vannak tartal\u00e9kok, az \u00e1ltala ismert korm\u00e1nyzati adatok azt mutatj\u00e1k, hogy m\u00e9g mindig hatsz\u00e1zezer ember dolgozik feket\u00e9n-sz\u00fcrk\u00e9n.<\/p>\n<p>Forr\u00e1s: hvg.hu<\/p>\n","protected":false},"excerpt":{"rendered":"<p>A Nemzeti Foglalkoztat\u00e1si Szolg\u00e1lat list\u00e1ja szerint 860-n\u00e1l is t\u00f6bb munkaer\u0151-k\u00f6lcs\u00f6nz\u0151 c\u00e9g m\u0171k\u00f6dik Magyarorsz\u00e1gon. Kor\u00e1bban f\u0151k\u00e9nt olyan v\u00e1llalatok fordultak a k\u00f6lcs\u00f6nz\u0151kh\u00f6z, amelyekn\u00e9l id\u0151szakosan kellett a pluszmunkaer\u0151. A jelenlegi munkaer\u0151hi\u00e1ny miatt t\u00fal macer\u00e1ss\u00e1 v\u00e1lt a munkaer\u0151 felhajt\u00e1sa, ez\u00e9rt egyre t\u00f6bben szabadulnak a ny\u0171gt\u0151l, \u00e9s ink\u00e1bb egy k\u00fcls\u0151s c\u00e9get b\u00edznak meg ennek az int\u00e9z\u00e9s\u00e9vel. 2017-ben a Friedrich Ebert [&hellip;]<\/p>\n","protected":false},"author":1,"featured_media":2671,"comment_status":"open","ping_status":"open","sticky":false,"template":"","format":"standard","meta":{"_monsterinsights_skip_tracking":false,"footnotes":""},"categories":[1,200],"tags":[],"class_list":["post-2670","post","type-post","status-publish","format-standard","has-post-thumbnail","hentry","category-allaskereses","category-munkaeropiac"],"aioseo_notices":[],"aioseo_head":"\n\t\t<!-- All in One SEO 5.0.0.1 - aioseo.com -->\n\t<meta name=\"description\" content=\"A Nemzeti Foglalkoztat\u00e1si Szolg\u00e1lat list\u00e1ja szerint 860-n\u00e1l is t\u00f6bb munkaer\u0151-k\u00f6lcs\u00f6nz\u0151 c\u00e9g m\u0171k\u00f6dik Magyarorsz\u00e1gon. Kor\u00e1bban f\u0151k\u00e9nt olyan v\u00e1llalatok fordultak a k\u00f6lcs\u00f6nz\u0151kh\u00f6z, amelyekn\u00e9l id\u0151szakosan kellett a pluszmunkaer\u0151. A jelenlegi munkaer\u0151hi\u00e1ny miatt t\u00fal macer\u00e1ss\u00e1 v\u00e1lt a munkaer\u0151 felhajt\u00e1sa, ez\u00e9rt egyre t\u00f6bben szabadulnak a ny\u0171gt\u0151l, \u00e9s ink\u00e1bb egy k\u00fcls\u0151s c\u00e9get b\u00edznak meg ennek az int\u00e9z\u00e9s\u00e9vel. 2017-ben a Friedrich Ebert\" \/>\n\t<meta name=\"robots\" content=\"max-image-preview:large\" \/>\n\t<meta name=\"author\" content=\"Juh\u00e1sz P\u00e9ter\"\/>\n\t<link rel=\"canonical\" href=\"https:\/\/allasorias.hu\/hirek\/szemleletvaltas-szukseges-a-foglalkoztatasban\/\" \/>\n\t<meta name=\"generator\" content=\"All in One SEO (AIOSEO) 5.0.0.1\" \/>\n\t\t<meta property=\"og:locale\" content=\"hu_HU\" \/>\n\t\t<meta property=\"og:site_name\" content=\"AllasOrias.hu | H\u00edrek-lapszemle | \u00dczleti h\u00edrek az \u00e1ll\u00e1s \u00e9s a munka vil\u00e1g\u00e1b\u00f3l\" \/>\n\t\t<meta property=\"og:type\" content=\"article\" \/>\n\t\t<meta property=\"og:title\" content=\"Szeml\u00e9letv\u00e1lt\u00e1s sz\u00fcks\u00e9ges a foglalkoztat\u00e1sban | AllasOrias.hu | H\u00edrek-lapszemle\" \/>\n\t\t<meta property=\"og:description\" content=\"A Nemzeti Foglalkoztat\u00e1si Szolg\u00e1lat list\u00e1ja szerint 860-n\u00e1l is t\u00f6bb munkaer\u0151-k\u00f6lcs\u00f6nz\u0151 c\u00e9g m\u0171k\u00f6dik Magyarorsz\u00e1gon. Kor\u00e1bban f\u0151k\u00e9nt olyan v\u00e1llalatok fordultak a k\u00f6lcs\u00f6nz\u0151kh\u00f6z, amelyekn\u00e9l id\u0151szakosan kellett a pluszmunkaer\u0151. A jelenlegi munkaer\u0151hi\u00e1ny miatt t\u00fal macer\u00e1ss\u00e1 v\u00e1lt a munkaer\u0151 felhajt\u00e1sa, ez\u00e9rt egyre t\u00f6bben szabadulnak a ny\u0171gt\u0151l, \u00e9s ink\u00e1bb egy k\u00fcls\u0151s c\u00e9get b\u00edznak meg ennek az int\u00e9z\u00e9s\u00e9vel. 2017-ben a Friedrich Ebert\" \/>\n\t\t<meta property=\"og:url\" content=\"https:\/\/allasorias.hu\/hirek\/szemleletvaltas-szukseges-a-foglalkoztatasban\/\" \/>\n\t\t<meta property=\"og:image\" content=\"https:\/\/allasorias.hu\/hirek\/wp-content\/uploads\/2019\/03\/munkaerokolcsonzes.png\" \/>\n\t\t<meta property=\"og:image:secure_url\" content=\"https:\/\/allasorias.hu\/hirek\/wp-content\/uploads\/2019\/03\/munkaerokolcsonzes.png\" \/>\n\t\t<meta property=\"og:image:width\" content=\"594\" \/>\n\t\t<meta property=\"og:image:height\" content=\"282\" \/>\n\t\t<meta property=\"article:published_time\" content=\"2019-03-19T10:09:59+00:00\" \/>\n\t\t<meta property=\"article:modified_time\" content=\"2019-03-19T10:09:59+00:00\" \/>\n\t\t<meta property=\"article:publisher\" content=\"https:\/\/www.facebook.com\/allasorias\" \/>\n\t\t<meta name=\"twitter:card\" content=\"summary_large_image\" \/>\n\t\t<meta name=\"twitter:title\" content=\"Szeml\u00e9letv\u00e1lt\u00e1s sz\u00fcks\u00e9ges a foglalkoztat\u00e1sban | AllasOrias.hu | H\u00edrek-lapszemle\" \/>\n\t\t<meta name=\"twitter:description\" content=\"A Nemzeti Foglalkoztat\u00e1si Szolg\u00e1lat list\u00e1ja szerint 860-n\u00e1l is t\u00f6bb munkaer\u0151-k\u00f6lcs\u00f6nz\u0151 c\u00e9g m\u0171k\u00f6dik Magyarorsz\u00e1gon. Kor\u00e1bban f\u0151k\u00e9nt olyan v\u00e1llalatok fordultak a k\u00f6lcs\u00f6nz\u0151kh\u00f6z, amelyekn\u00e9l id\u0151szakosan kellett a pluszmunkaer\u0151. A jelenlegi munkaer\u0151hi\u00e1ny miatt t\u00fal macer\u00e1ss\u00e1 v\u00e1lt a munkaer\u0151 felhajt\u00e1sa, ez\u00e9rt egyre t\u00f6bben szabadulnak a ny\u0171gt\u0151l, \u00e9s ink\u00e1bb egy k\u00fcls\u0151s c\u00e9get b\u00edznak meg ennek az int\u00e9z\u00e9s\u00e9vel. 2017-ben a Friedrich Ebert\" \/>\n\t\t<meta name=\"twitter:image\" content=\"https:\/\/allasorias.hu\/hirek\/wp-content\/uploads\/2019\/03\/munkaerokolcsonzes.png\" \/>\n\t\t<meta name=\"twitter:label1\" content=\"Written by\" \/>\n\t\t<meta name=\"twitter:data1\" content=\"Juh\u00e1sz P\u00e9ter\" \/>\n\t\t<meta name=\"twitter:label2\" content=\"Est. reading time\" \/>\n\t\t<meta name=\"twitter:data2\" content=\"3 minutes\" \/>\n\t\t<script type=\"application\/ld+json\" class=\"aioseo-schema\">\n\t\t\t{\"@context\":\"https:\\\/\\\/schema.org\",\"@graph\":[{\"@type\":\"Article\",\"@id\":\"https:\\\/\\\/allasorias.hu\\\/hirek\\\/szemleletvaltas-szukseges-a-foglalkoztatasban\\\/#article\",\"name\":\"Szeml\\u00e9letv\\u00e1lt\\u00e1s sz\\u00fcks\\u00e9ges a foglalkoztat\\u00e1sban | AllasOrias.hu | H\\u00edrek-lapszemle\",\"headline\":\"Szeml\\u00e9letv\\u00e1lt\\u00e1s sz\\u00fcks\\u00e9ges a foglalkoztat\\u00e1sban\",\"author\":{\"@id\":\"https:\\\/\\\/allasorias.hu\\\/hirek\\\/author\\\/admin-allasorias\\\/#author\"},\"publisher\":{\"@id\":\"https:\\\/\\\/allasorias.hu\\\/hirek\\\/#organization\"},\"image\":{\"@type\":\"ImageObject\",\"url\":\"https:\\\/\\\/allasorias.hu\\\/hirek\\\/wp-content\\\/uploads\\\/2019\\\/03\\\/munkaerokolcsonzes.png\",\"width\":594,\"height\":282},\"datePublished\":\"2019-03-19T10:09:59+02:00\",\"dateModified\":\"2019-03-19T10:09:59+02:00\",\"inLanguage\":\"hu-HU\",\"mainEntityOfPage\":{\"@id\":\"https:\\\/\\\/allasorias.hu\\\/hirek\\\/szemleletvaltas-szukseges-a-foglalkoztatasban\\\/#webpage\"},\"isPartOf\":{\"@id\":\"https:\\\/\\\/allasorias.hu\\\/hirek\\\/szemleletvaltas-szukseges-a-foglalkoztatasban\\\/#webpage\"},\"articleSection\":\"\\u00c1ll\\u00e1skeres\\u00e9s, Munkaer\\u0151piac\"},{\"@type\":\"BreadcrumbList\",\"@id\":\"https:\\\/\\\/allasorias.hu\\\/hirek\\\/szemleletvaltas-szukseges-a-foglalkoztatasban\\\/#breadcrumblist\",\"itemListElement\":[{\"@type\":\"ListItem\",\"@id\":\"https:\\\/\\\/allasorias.hu\\\/hirek#listItem\",\"position\":1,\"name\":\"Home\",\"item\":\"https:\\\/\\\/allasorias.hu\\\/hirek\",\"nextItem\":{\"@type\":\"ListItem\",\"@id\":\"https:\\\/\\\/allasorias.hu\\\/hirek\\\/temak\\\/allaskereses\\\/#listItem\",\"name\":\"\\u00c1ll\\u00e1skeres\\u00e9s\"}},{\"@type\":\"ListItem\",\"@id\":\"https:\\\/\\\/allasorias.hu\\\/hirek\\\/temak\\\/allaskereses\\\/#listItem\",\"position\":2,\"name\":\"\\u00c1ll\\u00e1skeres\\u00e9s\",\"item\":\"https:\\\/\\\/allasorias.hu\\\/hirek\\\/temak\\\/allaskereses\\\/\",\"nextItem\":{\"@type\":\"ListItem\",\"@id\":\"https:\\\/\\\/allasorias.hu\\\/hirek\\\/szemleletvaltas-szukseges-a-foglalkoztatasban\\\/#listItem\",\"name\":\"Szeml\\u00e9letv\\u00e1lt\\u00e1s sz\\u00fcks\\u00e9ges a foglalkoztat\\u00e1sban\"},\"previousItem\":{\"@type\":\"ListItem\",\"@id\":\"https:\\\/\\\/allasorias.hu\\\/hirek#listItem\",\"name\":\"Home\"}},{\"@type\":\"ListItem\",\"@id\":\"https:\\\/\\\/allasorias.hu\\\/hirek\\\/szemleletvaltas-szukseges-a-foglalkoztatasban\\\/#listItem\",\"position\":3,\"name\":\"Szeml\\u00e9letv\\u00e1lt\\u00e1s sz\\u00fcks\\u00e9ges a foglalkoztat\\u00e1sban\",\"previousItem\":{\"@type\":\"ListItem\",\"@id\":\"https:\\\/\\\/allasorias.hu\\\/hirek\\\/temak\\\/allaskereses\\\/#listItem\",\"name\":\"\\u00c1ll\\u00e1skeres\\u00e9s\"}}]},{\"@type\":\"Organization\",\"@id\":\"https:\\\/\\\/allasorias.hu\\\/hirek\\\/#organization\",\"name\":\"AllasOrias.hu | H\\u00edrek-lapszemle\",\"description\":\"\\u00dczleti h\\u00edrek az \\u00e1ll\\u00e1s \\u00e9s a munka vil\\u00e1g\\u00e1b\\u00f3l\",\"url\":\"https:\\\/\\\/allasorias.hu\\\/hirek\\\/\",\"logo\":{\"@type\":\"ImageObject\",\"url\":\"https:\\\/\\\/allasorias.hu\\\/hirek\\\/wp-content\\\/uploads\\\/2022\\\/10\\\/allasorias_site_facebok_logo.png\",\"@id\":\"https:\\\/\\\/allasorias.hu\\\/hirek\\\/szemleletvaltas-szukseges-a-foglalkoztatasban\\\/#organizationLogo\"},\"image\":{\"@id\":\"https:\\\/\\\/allasorias.hu\\\/hirek\\\/szemleletvaltas-szukseges-a-foglalkoztatasban\\\/#organizationLogo\"},\"sameAs\":[\"https:\\\/\\\/www.facebook.com\\\/allasorias\",\"https:\\\/\\\/www.linkedin.com\\\/company\\\/allasorias\"]},{\"@type\":\"Person\",\"@id\":\"https:\\\/\\\/allasorias.hu\\\/hirek\\\/author\\\/admin-allasorias\\\/#author\",\"url\":\"https:\\\/\\\/allasorias.hu\\\/hirek\\\/author\\\/admin-allasorias\\\/\",\"name\":\"Juh\\u00e1sz P\\u00e9ter\",\"image\":{\"@type\":\"ImageObject\",\"@id\":\"https:\\\/\\\/allasorias.hu\\\/hirek\\\/szemleletvaltas-szukseges-a-foglalkoztatasban\\\/#authorImage\",\"url\":\"https:\\\/\\\/secure.gravatar.com\\\/avatar\\\/36e6bcb83148978b992977cb0f54d22feb0cce8a0a849a9410532bb2623ba4c6?s=96&d=mm&r=g\",\"width\":96,\"height\":96,\"caption\":\"Juh\\u00e1sz P\\u00e9ter\"}},{\"@type\":\"WebPage\",\"@id\":\"https:\\\/\\\/allasorias.hu\\\/hirek\\\/szemleletvaltas-szukseges-a-foglalkoztatasban\\\/#webpage\",\"url\":\"https:\\\/\\\/allasorias.hu\\\/hirek\\\/szemleletvaltas-szukseges-a-foglalkoztatasban\\\/\",\"name\":\"Szeml\\u00e9letv\\u00e1lt\\u00e1s sz\\u00fcks\\u00e9ges a foglalkoztat\\u00e1sban | AllasOrias.hu | H\\u00edrek-lapszemle\",\"description\":\"A Nemzeti Foglalkoztat\\u00e1si Szolg\\u00e1lat list\\u00e1ja szerint 860-n\\u00e1l is t\\u00f6bb munkaer\\u0151-k\\u00f6lcs\\u00f6nz\\u0151 c\\u00e9g m\\u0171k\\u00f6dik Magyarorsz\\u00e1gon. Kor\\u00e1bban f\\u0151k\\u00e9nt olyan v\\u00e1llalatok fordultak a k\\u00f6lcs\\u00f6nz\\u0151kh\\u00f6z, amelyekn\\u00e9l id\\u0151szakosan kellett a pluszmunkaer\\u0151. A jelenlegi munkaer\\u0151hi\\u00e1ny miatt t\\u00fal macer\\u00e1ss\\u00e1 v\\u00e1lt a munkaer\\u0151 felhajt\\u00e1sa, ez\\u00e9rt egyre t\\u00f6bben szabadulnak a ny\\u0171gt\\u0151l, \\u00e9s ink\\u00e1bb egy k\\u00fcls\\u0151s c\\u00e9get b\\u00edznak meg ennek az int\\u00e9z\\u00e9s\\u00e9vel. 2017-ben a Friedrich Ebert\",\"inLanguage\":\"hu-HU\",\"isPartOf\":{\"@id\":\"https:\\\/\\\/allasorias.hu\\\/hirek\\\/#website\"},\"breadcrumb\":{\"@id\":\"https:\\\/\\\/allasorias.hu\\\/hirek\\\/szemleletvaltas-szukseges-a-foglalkoztatasban\\\/#breadcrumblist\"},\"author\":{\"@id\":\"https:\\\/\\\/allasorias.hu\\\/hirek\\\/author\\\/admin-allasorias\\\/#author\"},\"creator\":{\"@id\":\"https:\\\/\\\/allasorias.hu\\\/hirek\\\/author\\\/admin-allasorias\\\/#author\"},\"image\":{\"@type\":\"ImageObject\",\"url\":\"https:\\\/\\\/allasorias.hu\\\/hirek\\\/wp-content\\\/uploads\\\/2019\\\/03\\\/munkaerokolcsonzes.png\",\"@id\":\"https:\\\/\\\/allasorias.hu\\\/hirek\\\/szemleletvaltas-szukseges-a-foglalkoztatasban\\\/#mainImage\",\"width\":594,\"height\":282},\"primaryImageOfPage\":{\"@id\":\"https:\\\/\\\/allasorias.hu\\\/hirek\\\/szemleletvaltas-szukseges-a-foglalkoztatasban\\\/#mainImage\"},\"datePublished\":\"2019-03-19T10:09:59+02:00\",\"dateModified\":\"2019-03-19T10:09:59+02:00\"},{\"@type\":\"WebSite\",\"@id\":\"https:\\\/\\\/allasorias.hu\\\/hirek\\\/#website\",\"url\":\"https:\\\/\\\/allasorias.hu\\\/hirek\\\/\",\"name\":\"AllasOrias.hu | H\\u00edrek-lapszemle\",\"description\":\"\\u00dczleti h\\u00edrek az \\u00e1ll\\u00e1s \\u00e9s a munka vil\\u00e1g\\u00e1b\\u00f3l\",\"inLanguage\":\"hu-HU\",\"publisher\":{\"@id\":\"https:\\\/\\\/allasorias.hu\\\/hirek\\\/#organization\"}}]}\n\t\t<\/script>\n\t\t<!-- All in One SEO -->\n\n","aioseo_head_json":{"title":"Szeml\u00e9letv\u00e1lt\u00e1s sz\u00fcks\u00e9ges a foglalkoztat\u00e1sban | AllasOrias.hu | H\u00edrek-lapszemle","description":"A Nemzeti Foglalkoztat\u00e1si Szolg\u00e1lat list\u00e1ja szerint 860-n\u00e1l is t\u00f6bb munkaer\u0151-k\u00f6lcs\u00f6nz\u0151 c\u00e9g m\u0171k\u00f6dik Magyarorsz\u00e1gon. Kor\u00e1bban f\u0151k\u00e9nt olyan v\u00e1llalatok fordultak a k\u00f6lcs\u00f6nz\u0151kh\u00f6z, amelyekn\u00e9l id\u0151szakosan kellett a pluszmunkaer\u0151. A jelenlegi munkaer\u0151hi\u00e1ny miatt t\u00fal macer\u00e1ss\u00e1 v\u00e1lt a munkaer\u0151 felhajt\u00e1sa, ez\u00e9rt egyre t\u00f6bben szabadulnak a ny\u0171gt\u0151l, \u00e9s ink\u00e1bb egy k\u00fcls\u0151s c\u00e9get b\u00edznak meg ennek az int\u00e9z\u00e9s\u00e9vel. 2017-ben a Friedrich Ebert","canonical_url":"https:\/\/allasorias.hu\/hirek\/szemleletvaltas-szukseges-a-foglalkoztatasban\/","robots":"max-image-preview:large","keywords":"","webmasterTools":{"miscellaneous":""},"schema":{"@context":"https:\/\/schema.org","@graph":[{"@type":"Article","@id":"https:\/\/allasorias.hu\/hirek\/szemleletvaltas-szukseges-a-foglalkoztatasban\/#article","name":"Szeml\u00e9letv\u00e1lt\u00e1s sz\u00fcks\u00e9ges a foglalkoztat\u00e1sban | AllasOrias.hu | H\u00edrek-lapszemle","headline":"Szeml\u00e9letv\u00e1lt\u00e1s sz\u00fcks\u00e9ges a foglalkoztat\u00e1sban","author":{"@id":"https:\/\/allasorias.hu\/hirek\/author\/admin-allasorias\/#author"},"publisher":{"@id":"https:\/\/allasorias.hu\/hirek\/#organization"},"image":{"@type":"ImageObject","url":"https:\/\/allasorias.hu\/hirek\/wp-content\/uploads\/2019\/03\/munkaerokolcsonzes.png","width":594,"height":282},"datePublished":"2019-03-19T10:09:59+02:00","dateModified":"2019-03-19T10:09:59+02:00","inLanguage":"hu-HU","mainEntityOfPage":{"@id":"https:\/\/allasorias.hu\/hirek\/szemleletvaltas-szukseges-a-foglalkoztatasban\/#webpage"},"isPartOf":{"@id":"https:\/\/allasorias.hu\/hirek\/szemleletvaltas-szukseges-a-foglalkoztatasban\/#webpage"},"articleSection":"\u00c1ll\u00e1skeres\u00e9s, Munkaer\u0151piac"},{"@type":"BreadcrumbList","@id":"https:\/\/allasorias.hu\/hirek\/szemleletvaltas-szukseges-a-foglalkoztatasban\/#breadcrumblist","itemListElement":[{"@type":"ListItem","@id":"https:\/\/allasorias.hu\/hirek#listItem","position":1,"name":"Home","item":"https:\/\/allasorias.hu\/hirek","nextItem":{"@type":"ListItem","@id":"https:\/\/allasorias.hu\/hirek\/temak\/allaskereses\/#listItem","name":"\u00c1ll\u00e1skeres\u00e9s"}},{"@type":"ListItem","@id":"https:\/\/allasorias.hu\/hirek\/temak\/allaskereses\/#listItem","position":2,"name":"\u00c1ll\u00e1skeres\u00e9s","item":"https:\/\/allasorias.hu\/hirek\/temak\/allaskereses\/","nextItem":{"@type":"ListItem","@id":"https:\/\/allasorias.hu\/hirek\/szemleletvaltas-szukseges-a-foglalkoztatasban\/#listItem","name":"Szeml\u00e9letv\u00e1lt\u00e1s sz\u00fcks\u00e9ges a foglalkoztat\u00e1sban"},"previousItem":{"@type":"ListItem","@id":"https:\/\/allasorias.hu\/hirek#listItem","name":"Home"}},{"@type":"ListItem","@id":"https:\/\/allasorias.hu\/hirek\/szemleletvaltas-szukseges-a-foglalkoztatasban\/#listItem","position":3,"name":"Szeml\u00e9letv\u00e1lt\u00e1s sz\u00fcks\u00e9ges a foglalkoztat\u00e1sban","previousItem":{"@type":"ListItem","@id":"https:\/\/allasorias.hu\/hirek\/temak\/allaskereses\/#listItem","name":"\u00c1ll\u00e1skeres\u00e9s"}}]},{"@type":"Organization","@id":"https:\/\/allasorias.hu\/hirek\/#organization","name":"AllasOrias.hu | H\u00edrek-lapszemle","description":"\u00dczleti h\u00edrek az \u00e1ll\u00e1s \u00e9s a munka vil\u00e1g\u00e1b\u00f3l","url":"https:\/\/allasorias.hu\/hirek\/","logo":{"@type":"ImageObject","url":"https:\/\/allasorias.hu\/hirek\/wp-content\/uploads\/2022\/10\/allasorias_site_facebok_logo.png","@id":"https:\/\/allasorias.hu\/hirek\/szemleletvaltas-szukseges-a-foglalkoztatasban\/#organizationLogo"},"image":{"@id":"https:\/\/allasorias.hu\/hirek\/szemleletvaltas-szukseges-a-foglalkoztatasban\/#organizationLogo"},"sameAs":["https:\/\/www.facebook.com\/allasorias","https:\/\/www.linkedin.com\/company\/allasorias"]},{"@type":"Person","@id":"https:\/\/allasorias.hu\/hirek\/author\/admin-allasorias\/#author","url":"https:\/\/allasorias.hu\/hirek\/author\/admin-allasorias\/","name":"Juh\u00e1sz P\u00e9ter","image":{"@type":"ImageObject","@id":"https:\/\/allasorias.hu\/hirek\/szemleletvaltas-szukseges-a-foglalkoztatasban\/#authorImage","url":"https:\/\/secure.gravatar.com\/avatar\/36e6bcb83148978b992977cb0f54d22feb0cce8a0a849a9410532bb2623ba4c6?s=96&d=mm&r=g","width":96,"height":96,"caption":"Juh\u00e1sz P\u00e9ter"}},{"@type":"WebPage","@id":"https:\/\/allasorias.hu\/hirek\/szemleletvaltas-szukseges-a-foglalkoztatasban\/#webpage","url":"https:\/\/allasorias.hu\/hirek\/szemleletvaltas-szukseges-a-foglalkoztatasban\/","name":"Szeml\u00e9letv\u00e1lt\u00e1s sz\u00fcks\u00e9ges a foglalkoztat\u00e1sban | AllasOrias.hu | H\u00edrek-lapszemle","description":"A Nemzeti Foglalkoztat\u00e1si Szolg\u00e1lat list\u00e1ja szerint 860-n\u00e1l is t\u00f6bb munkaer\u0151-k\u00f6lcs\u00f6nz\u0151 c\u00e9g m\u0171k\u00f6dik Magyarorsz\u00e1gon. Kor\u00e1bban f\u0151k\u00e9nt olyan v\u00e1llalatok fordultak a k\u00f6lcs\u00f6nz\u0151kh\u00f6z, amelyekn\u00e9l id\u0151szakosan kellett a pluszmunkaer\u0151. A jelenlegi munkaer\u0151hi\u00e1ny miatt t\u00fal macer\u00e1ss\u00e1 v\u00e1lt a munkaer\u0151 felhajt\u00e1sa, ez\u00e9rt egyre t\u00f6bben szabadulnak a ny\u0171gt\u0151l, \u00e9s ink\u00e1bb egy k\u00fcls\u0151s c\u00e9get b\u00edznak meg ennek az int\u00e9z\u00e9s\u00e9vel. 2017-ben a Friedrich Ebert","inLanguage":"hu-HU","isPartOf":{"@id":"https:\/\/allasorias.hu\/hirek\/#website"},"breadcrumb":{"@id":"https:\/\/allasorias.hu\/hirek\/szemleletvaltas-szukseges-a-foglalkoztatasban\/#breadcrumblist"},"author":{"@id":"https:\/\/allasorias.hu\/hirek\/author\/admin-allasorias\/#author"},"creator":{"@id":"https:\/\/allasorias.hu\/hirek\/author\/admin-allasorias\/#author"},"image":{"@type":"ImageObject","url":"https:\/\/allasorias.hu\/hirek\/wp-content\/uploads\/2019\/03\/munkaerokolcsonzes.png","@id":"https:\/\/allasorias.hu\/hirek\/szemleletvaltas-szukseges-a-foglalkoztatasban\/#mainImage","width":594,"height":282},"primaryImageOfPage":{"@id":"https:\/\/allasorias.hu\/hirek\/szemleletvaltas-szukseges-a-foglalkoztatasban\/#mainImage"},"datePublished":"2019-03-19T10:09:59+02:00","dateModified":"2019-03-19T10:09:59+02:00"},{"@type":"WebSite","@id":"https:\/\/allasorias.hu\/hirek\/#website","url":"https:\/\/allasorias.hu\/hirek\/","name":"AllasOrias.hu | H\u00edrek-lapszemle","description":"\u00dczleti h\u00edrek az \u00e1ll\u00e1s \u00e9s a munka vil\u00e1g\u00e1b\u00f3l","inLanguage":"hu-HU","publisher":{"@id":"https:\/\/allasorias.hu\/hirek\/#organization"}}]},"og:locale":"hu_HU","og:site_name":"AllasOrias.hu | H\u00edrek-lapszemle | \u00dczleti h\u00edrek az \u00e1ll\u00e1s \u00e9s a munka vil\u00e1g\u00e1b\u00f3l","og:type":"article","og:title":"Szeml\u00e9letv\u00e1lt\u00e1s sz\u00fcks\u00e9ges a foglalkoztat\u00e1sban | AllasOrias.hu | H\u00edrek-lapszemle","og:description":"A Nemzeti Foglalkoztat\u00e1si Szolg\u00e1lat list\u00e1ja szerint 860-n\u00e1l is t\u00f6bb munkaer\u0151-k\u00f6lcs\u00f6nz\u0151 c\u00e9g m\u0171k\u00f6dik Magyarorsz\u00e1gon. Kor\u00e1bban f\u0151k\u00e9nt olyan v\u00e1llalatok fordultak a k\u00f6lcs\u00f6nz\u0151kh\u00f6z, amelyekn\u00e9l id\u0151szakosan kellett a pluszmunkaer\u0151. A jelenlegi munkaer\u0151hi\u00e1ny miatt t\u00fal macer\u00e1ss\u00e1 v\u00e1lt a munkaer\u0151 felhajt\u00e1sa, ez\u00e9rt egyre t\u00f6bben szabadulnak a ny\u0171gt\u0151l, \u00e9s ink\u00e1bb egy k\u00fcls\u0151s c\u00e9get b\u00edznak meg ennek az int\u00e9z\u00e9s\u00e9vel. 2017-ben a Friedrich Ebert","og:url":"https:\/\/allasorias.hu\/hirek\/szemleletvaltas-szukseges-a-foglalkoztatasban\/","og:image":"https:\/\/allasorias.hu\/hirek\/wp-content\/uploads\/2019\/03\/munkaerokolcsonzes.png","og:image:secure_url":"https:\/\/allasorias.hu\/hirek\/wp-content\/uploads\/2019\/03\/munkaerokolcsonzes.png","og:image:width":594,"og:image:height":282,"article:published_time":"2019-03-19T10:09:59+00:00","article:modified_time":"2019-03-19T10:09:59+00:00","article:publisher":"https:\/\/www.facebook.com\/allasorias","twitter:card":"summary_large_image","twitter:title":"Szeml\u00e9letv\u00e1lt\u00e1s sz\u00fcks\u00e9ges a foglalkoztat\u00e1sban | AllasOrias.hu | H\u00edrek-lapszemle","twitter:description":"A Nemzeti Foglalkoztat\u00e1si Szolg\u00e1lat list\u00e1ja szerint 860-n\u00e1l is t\u00f6bb munkaer\u0151-k\u00f6lcs\u00f6nz\u0151 c\u00e9g m\u0171k\u00f6dik Magyarorsz\u00e1gon. Kor\u00e1bban f\u0151k\u00e9nt olyan v\u00e1llalatok fordultak a k\u00f6lcs\u00f6nz\u0151kh\u00f6z, amelyekn\u00e9l id\u0151szakosan kellett a pluszmunkaer\u0151. A jelenlegi munkaer\u0151hi\u00e1ny miatt t\u00fal macer\u00e1ss\u00e1 v\u00e1lt a munkaer\u0151 felhajt\u00e1sa, ez\u00e9rt egyre t\u00f6bben szabadulnak a ny\u0171gt\u0151l, \u00e9s ink\u00e1bb egy k\u00fcls\u0151s c\u00e9get b\u00edznak meg ennek az int\u00e9z\u00e9s\u00e9vel. 2017-ben a Friedrich Ebert","twitter:image":"https:\/\/allasorias.hu\/hirek\/wp-content\/uploads\/2019\/03\/munkaerokolcsonzes.png","twitter:label1":"Written by","twitter:data1":"Juh\u00e1sz P\u00e9ter","twitter:label2":"Est. reading time","twitter:data2":"3 minutes"},"aioseo_meta_data":{"post_id":"2670","title":null,"description":null,"keywords":null,"keyphrases":null,"primary_term":null,"canonical_url":null,"og_title":null,"og_description":null,"og_object_type":"default","og_image_type":"default","og_image_url":null,"og_image_width":null,"og_image_height":null,"og_image_custom_url":null,"og_image_custom_fields":null,"og_video":null,"og_custom_url":null,"og_article_section":null,"og_article_tags":null,"twitter_use_og":false,"twitter_card":"default","twitter_image_type":"default","twitter_image_url":null,"twitter_image_custom_url":null,"twitter_image_custom_fields":null,"twitter_title":null,"twitter_description":null,"schema":{"blockGraphs":[],"customGraphs":[],"default":{"data":{"Article":[],"Course":[],"Dataset":[],"FAQPage":[],"Movie":[],"Person":[],"Product":[],"ProductReview":[],"Car":[],"Recipe":[],"Service":[],"SoftwareApplication":[],"WebPage":[]},"graphName":"","isEnabled":true},"graphs":[],"defaultGraph":"","defaultPostTypeGraph":""},"schema_type":null,"schema_type_options":null,"pillar_content":false,"robots_default":true,"robots_noindex":false,"robots_noarchive":false,"robots_nosnippet":false,"robots_nofollow":false,"robots_noimageindex":false,"robots_noodp":false,"robots_notranslate":false,"robots_max_snippet":null,"robots_max_videopreview":null,"robots_max_imagepreview":"large","priority":null,"frequency":null,"location":null,"local_seo":null,"breadcrumb_settings":null,"limit_modified_date":false,"ai":null,"created":"2021-02-01 21:13:45","updated":"2025-10-02 10:16:32","seo_analyzer_scan_date":null,"focus_keyword":null,"additional_keywords":null,"truseo_locale":null},"aioseo_breadcrumb":"<div class=\"aioseo-breadcrumbs\"><span class=\"aioseo-breadcrumb\">\n\t\t\t<a href=\"https:\/\/allasorias.hu\/hirek\" title=\"Home\">Home<\/a>\n\t\t<\/span><span class=\"aioseo-breadcrumb-separator\">&raquo;<\/span><span class=\"aioseo-breadcrumb\">\n\t\t\t<a href=\"https:\/\/allasorias.hu\/hirek\/temak\/allaskereses\/\" title=\"\u00c1ll\u00e1skeres\u00e9s\">\u00c1ll\u00e1skeres\u00e9s<\/a>\n\t\t<\/span><span class=\"aioseo-breadcrumb-separator\">&raquo;<\/span><span class=\"aioseo-breadcrumb\">\n\t\t\tSzeml\u00e9letv\u00e1lt\u00e1s sz\u00fcks\u00e9ges a foglalkoztat\u00e1sban\n\t\t<\/span><\/div>","aioseo_breadcrumb_json":[{"label":"Home","link":"https:\/\/allasorias.hu\/hirek"},{"label":"\u00c1ll\u00e1skeres\u00e9s","link":"https:\/\/allasorias.hu\/hirek\/temak\/allaskereses\/"},{"label":"Szeml\u00e9letv\u00e1lt\u00e1s sz\u00fcks\u00e9ges a foglalkoztat\u00e1sban","link":"https:\/\/allasorias.hu\/hirek\/szemleletvaltas-szukseges-a-foglalkoztatasban\/"}],"_links":{"self":[{"href":"https:\/\/allasorias.hu\/hirek\/wp-json\/wp\/v2\/posts\/2670","targetHints":{"allow":["GET"]}}],"collection":[{"href":"https:\/\/allasorias.hu\/hirek\/wp-json\/wp\/v2\/posts"}],"about":[{"href":"https:\/\/allasorias.hu\/hirek\/wp-json\/wp\/v2\/types\/post"}],"author":[{"embeddable":true,"href":"https:\/\/allasorias.hu\/hirek\/wp-json\/wp\/v2\/users\/1"}],"replies":[{"embeddable":true,"href":"https:\/\/allasorias.hu\/hirek\/wp-json\/wp\/v2\/comments?post=2670"}],"version-history":[{"count":1,"href":"https:\/\/allasorias.hu\/hirek\/wp-json\/wp\/v2\/posts\/2670\/revisions"}],"predecessor-version":[{"id":2672,"href":"https:\/\/allasorias.hu\/hirek\/wp-json\/wp\/v2\/posts\/2670\/revisions\/2672"}],"wp:featuredmedia":[{"embeddable":true,"href":"https:\/\/allasorias.hu\/hirek\/wp-json\/wp\/v2\/media\/2671"}],"wp:attachment":[{"href":"https:\/\/allasorias.hu\/hirek\/wp-json\/wp\/v2\/media?parent=2670"}],"wp:term":[{"taxonomy":"category","embeddable":true,"href":"https:\/\/allasorias.hu\/hirek\/wp-json\/wp\/v2\/categories?post=2670"},{"taxonomy":"post_tag","embeddable":true,"href":"https:\/\/allasorias.hu\/hirek\/wp-json\/wp\/v2\/tags?post=2670"}],"curies":[{"name":"wp","href":"https:\/\/api.w.org\/{rel}","templated":true}]}}