{"id":2667,"date":"2019-03-18T12:45:57","date_gmt":"2019-03-18T12:45:57","guid":{"rendered":"https:\/\/allasorias.hu\/hirek\/?p=2667"},"modified":"2019-03-18T12:45:57","modified_gmt":"2019-03-18T12:45:57","slug":"nott-a-munkahelyi-balesetek-szama","status":"publish","type":"post","link":"https:\/\/allasorias.hu\/hirek\/nott-a-munkahelyi-balesetek-szama\/","title":{"rendered":"N\u0151tt a munkahelyi balesetek sz\u00e1ma"},"content":{"rendered":"<p>Betan\u00edtott munk\u00e1sokat alkalmaznak a c\u00e9gek p\u00e9ld\u00e1ul f\u00e9mmegmunk\u00e1l\u00e1sra, mert nagy a munkaer\u0151hi\u00e1ny. Az egyik \u00fczemben a feladatok elsaj\u00e1t\u00edt\u00e1s\u00e1ra kor\u00e1bban k\u00e9t h\u00e9t \u00e1llt rendelkez\u00e9sre, most csup\u00e1n egyetlen nap. Ennek is k\u00f6sz\u00f6nhet\u0151, hogy a roncsol\u00e1sos balesetek sz\u00e1ma 30 sz\u00e1zal\u00e9kkal n\u0151tt. L\u00e1szl\u00f3 Zolt\u00e1n, a Vasas Szakszervezeti Sz\u00f6vets\u00e9g aleln\u00f6ke szerint a munkaer\u0151hi\u00e1ny miatt ugr\u00e1sszer\u0171en emelkedik a munkahelyi balesetek sz\u00e1ma. A N\u00e9pszava \u00f6ssze\u00e1ll\u00edt\u00e1s\u00e1t id\u00e9zve a 24.hu azt \u00edrja, hogy ez nem kuri\u00f3zum, hanem az egyik magyar\u00e1zat arra, hogy mi\u00e9rt n\u0151 az eg\u00e9sz orsz\u00e1gban a munkahelyi balesetek sz\u00e1ma. Kevesebb a mel\u00f3s, a megrendel\u00e9sek pedig halomban \u00e1llnak, a dolgoz\u00f3kat sok helyen t\u00falhajtj\u00e1k, kizsigerelik, a f\u00e1radt ember k\u00f6nnyebben hib\u00e1zik, \u00e9s m\u00e1r ott is a baj.<\/p>\n<p>Forr\u00e1s: propeller.hu<\/p>\n","protected":false},"excerpt":{"rendered":"<p>Betan\u00edtott munk\u00e1sokat alkalmaznak a c\u00e9gek p\u00e9ld\u00e1ul f\u00e9mmegmunk\u00e1l\u00e1sra, mert nagy a munkaer\u0151hi\u00e1ny. Az egyik \u00fczemben a feladatok elsaj\u00e1t\u00edt\u00e1s\u00e1ra kor\u00e1bban k\u00e9t h\u00e9t \u00e1llt rendelkez\u00e9sre, most csup\u00e1n egyetlen nap. Ennek is k\u00f6sz\u00f6nhet\u0151, hogy a roncsol\u00e1sos balesetek sz\u00e1ma 30 sz\u00e1zal\u00e9kkal n\u0151tt. L\u00e1szl\u00f3 Zolt\u00e1n, a Vasas Szakszervezeti Sz\u00f6vets\u00e9g aleln\u00f6ke szerint a munkaer\u0151hi\u00e1ny miatt ugr\u00e1sszer\u0171en emelkedik a munkahelyi balesetek sz\u00e1ma. A [&hellip;]<\/p>\n","protected":false},"author":1,"featured_media":2668,"comment_status":"open","ping_status":"open","sticky":false,"template":"","format":"standard","meta":{"_monsterinsights_skip_tracking":false,"footnotes":""},"categories":[200],"tags":[],"class_list":["post-2667","post","type-post","status-publish","format-standard","has-post-thumbnail","hentry","category-munkaeropiac"],"aioseo_notices":[],"aioseo_head":"\n\t\t<!-- All in One SEO 5.0.0.1 - aioseo.com -->\n\t<meta name=\"description\" content=\"Betan\u00edtott munk\u00e1sokat alkalmaznak a c\u00e9gek p\u00e9ld\u00e1ul f\u00e9mmegmunk\u00e1l\u00e1sra, mert nagy a munkaer\u0151hi\u00e1ny. Az egyik \u00fczemben a feladatok elsaj\u00e1t\u00edt\u00e1s\u00e1ra kor\u00e1bban k\u00e9t h\u00e9t \u00e1llt rendelkez\u00e9sre, most csup\u00e1n egyetlen nap. Ennek is k\u00f6sz\u00f6nhet\u0151, hogy a roncsol\u00e1sos balesetek sz\u00e1ma 30 sz\u00e1zal\u00e9kkal n\u0151tt. L\u00e1szl\u00f3 Zolt\u00e1n, a Vasas Szakszervezeti Sz\u00f6vets\u00e9g aleln\u00f6ke szerint a munkaer\u0151hi\u00e1ny miatt ugr\u00e1sszer\u0171en emelkedik a munkahelyi balesetek sz\u00e1ma. A\" \/>\n\t<meta name=\"robots\" content=\"max-image-preview:large\" \/>\n\t<meta name=\"author\" content=\"Juh\u00e1sz P\u00e9ter\"\/>\n\t<link rel=\"canonical\" href=\"https:\/\/allasorias.hu\/hirek\/nott-a-munkahelyi-balesetek-szama\/\" \/>\n\t<meta name=\"generator\" content=\"All in One SEO (AIOSEO) 5.0.0.1\" \/>\n\t\t<meta property=\"og:locale\" content=\"hu_HU\" \/>\n\t\t<meta property=\"og:site_name\" content=\"AllasOrias.hu | H\u00edrek-lapszemle | \u00dczleti h\u00edrek az \u00e1ll\u00e1s \u00e9s a munka vil\u00e1g\u00e1b\u00f3l\" \/>\n\t\t<meta property=\"og:type\" content=\"article\" \/>\n\t\t<meta property=\"og:title\" content=\"N\u0151tt a munkahelyi balesetek sz\u00e1ma | AllasOrias.hu | H\u00edrek-lapszemle\" \/>\n\t\t<meta property=\"og:description\" content=\"Betan\u00edtott munk\u00e1sokat alkalmaznak a c\u00e9gek p\u00e9ld\u00e1ul f\u00e9mmegmunk\u00e1l\u00e1sra, mert nagy a munkaer\u0151hi\u00e1ny. Az egyik \u00fczemben a feladatok elsaj\u00e1t\u00edt\u00e1s\u00e1ra kor\u00e1bban k\u00e9t h\u00e9t \u00e1llt rendelkez\u00e9sre, most csup\u00e1n egyetlen nap. Ennek is k\u00f6sz\u00f6nhet\u0151, hogy a roncsol\u00e1sos balesetek sz\u00e1ma 30 sz\u00e1zal\u00e9kkal n\u0151tt. L\u00e1szl\u00f3 Zolt\u00e1n, a Vasas Szakszervezeti Sz\u00f6vets\u00e9g aleln\u00f6ke szerint a munkaer\u0151hi\u00e1ny miatt ugr\u00e1sszer\u0171en emelkedik a munkahelyi balesetek sz\u00e1ma. A\" \/>\n\t\t<meta property=\"og:url\" content=\"https:\/\/allasorias.hu\/hirek\/nott-a-munkahelyi-balesetek-szama\/\" \/>\n\t\t<meta property=\"og:image\" content=\"https:\/\/allasorias.hu\/hirek\/wp-content\/uploads\/2019\/03\/safety-shoes-2432467_640.jpg\" \/>\n\t\t<meta property=\"og:image:secure_url\" content=\"https:\/\/allasorias.hu\/hirek\/wp-content\/uploads\/2019\/03\/safety-shoes-2432467_640.jpg\" \/>\n\t\t<meta property=\"og:image:width\" content=\"640\" \/>\n\t\t<meta property=\"og:image:height\" content=\"426\" \/>\n\t\t<meta property=\"article:published_time\" content=\"2019-03-18T12:45:57+00:00\" \/>\n\t\t<meta property=\"article:modified_time\" content=\"2019-03-18T12:45:57+00:00\" \/>\n\t\t<meta property=\"article:publisher\" content=\"https:\/\/www.facebook.com\/allasorias\" \/>\n\t\t<meta name=\"twitter:card\" content=\"summary_large_image\" \/>\n\t\t<meta name=\"twitter:title\" content=\"N\u0151tt a munkahelyi balesetek sz\u00e1ma | AllasOrias.hu | H\u00edrek-lapszemle\" \/>\n\t\t<meta name=\"twitter:description\" content=\"Betan\u00edtott munk\u00e1sokat alkalmaznak a c\u00e9gek p\u00e9ld\u00e1ul f\u00e9mmegmunk\u00e1l\u00e1sra, mert nagy a munkaer\u0151hi\u00e1ny. Az egyik \u00fczemben a feladatok elsaj\u00e1t\u00edt\u00e1s\u00e1ra kor\u00e1bban k\u00e9t h\u00e9t \u00e1llt rendelkez\u00e9sre, most csup\u00e1n egyetlen nap. Ennek is k\u00f6sz\u00f6nhet\u0151, hogy a roncsol\u00e1sos balesetek sz\u00e1ma 30 sz\u00e1zal\u00e9kkal n\u0151tt. L\u00e1szl\u00f3 Zolt\u00e1n, a Vasas Szakszervezeti Sz\u00f6vets\u00e9g aleln\u00f6ke szerint a munkaer\u0151hi\u00e1ny miatt ugr\u00e1sszer\u0171en emelkedik a munkahelyi balesetek sz\u00e1ma. A\" \/>\n\t\t<meta name=\"twitter:image\" content=\"https:\/\/allasorias.hu\/hirek\/wp-content\/uploads\/2019\/03\/safety-shoes-2432467_640.jpg\" \/>\n\t\t<meta name=\"twitter:label1\" content=\"Written by\" \/>\n\t\t<meta name=\"twitter:data1\" content=\"Juh\u00e1sz P\u00e9ter\" \/>\n\t\t<meta name=\"twitter:label2\" content=\"Est. reading time\" \/>\n\t\t<meta name=\"twitter:data2\" content=\"1 minute\" \/>\n\t\t<script type=\"application\/ld+json\" class=\"aioseo-schema\">\n\t\t\t{\"@context\":\"https:\\\/\\\/schema.org\",\"@graph\":[{\"@type\":\"Article\",\"@id\":\"https:\\\/\\\/allasorias.hu\\\/hirek\\\/nott-a-munkahelyi-balesetek-szama\\\/#article\",\"name\":\"N\\u0151tt a munkahelyi balesetek sz\\u00e1ma | AllasOrias.hu | H\\u00edrek-lapszemle\",\"headline\":\"N\\u0151tt a munkahelyi balesetek sz\\u00e1ma\",\"author\":{\"@id\":\"https:\\\/\\\/allasorias.hu\\\/hirek\\\/author\\\/admin-allasorias\\\/#author\"},\"publisher\":{\"@id\":\"https:\\\/\\\/allasorias.hu\\\/hirek\\\/#organization\"},\"image\":{\"@type\":\"ImageObject\",\"url\":\"https:\\\/\\\/allasorias.hu\\\/hirek\\\/wp-content\\\/uploads\\\/2019\\\/03\\\/safety-shoes-2432467_640.jpg\",\"width\":640,\"height\":426},\"datePublished\":\"2019-03-18T12:45:57+02:00\",\"dateModified\":\"2019-03-18T12:45:57+02:00\",\"inLanguage\":\"hu-HU\",\"mainEntityOfPage\":{\"@id\":\"https:\\\/\\\/allasorias.hu\\\/hirek\\\/nott-a-munkahelyi-balesetek-szama\\\/#webpage\"},\"isPartOf\":{\"@id\":\"https:\\\/\\\/allasorias.hu\\\/hirek\\\/nott-a-munkahelyi-balesetek-szama\\\/#webpage\"},\"articleSection\":\"Munkaer\\u0151piac\"},{\"@type\":\"BreadcrumbList\",\"@id\":\"https:\\\/\\\/allasorias.hu\\\/hirek\\\/nott-a-munkahelyi-balesetek-szama\\\/#breadcrumblist\",\"itemListElement\":[{\"@type\":\"ListItem\",\"@id\":\"https:\\\/\\\/allasorias.hu\\\/hirek#listItem\",\"position\":1,\"name\":\"Home\",\"item\":\"https:\\\/\\\/allasorias.hu\\\/hirek\",\"nextItem\":{\"@type\":\"ListItem\",\"@id\":\"https:\\\/\\\/allasorias.hu\\\/hirek\\\/temak\\\/munkaeropiac\\\/#listItem\",\"name\":\"Munkaer\\u0151piac\"}},{\"@type\":\"ListItem\",\"@id\":\"https:\\\/\\\/allasorias.hu\\\/hirek\\\/temak\\\/munkaeropiac\\\/#listItem\",\"position\":2,\"name\":\"Munkaer\\u0151piac\",\"item\":\"https:\\\/\\\/allasorias.hu\\\/hirek\\\/temak\\\/munkaeropiac\\\/\",\"nextItem\":{\"@type\":\"ListItem\",\"@id\":\"https:\\\/\\\/allasorias.hu\\\/hirek\\\/nott-a-munkahelyi-balesetek-szama\\\/#listItem\",\"name\":\"N\\u0151tt a munkahelyi balesetek sz\\u00e1ma\"},\"previousItem\":{\"@type\":\"ListItem\",\"@id\":\"https:\\\/\\\/allasorias.hu\\\/hirek#listItem\",\"name\":\"Home\"}},{\"@type\":\"ListItem\",\"@id\":\"https:\\\/\\\/allasorias.hu\\\/hirek\\\/nott-a-munkahelyi-balesetek-szama\\\/#listItem\",\"position\":3,\"name\":\"N\\u0151tt a munkahelyi balesetek sz\\u00e1ma\",\"previousItem\":{\"@type\":\"ListItem\",\"@id\":\"https:\\\/\\\/allasorias.hu\\\/hirek\\\/temak\\\/munkaeropiac\\\/#listItem\",\"name\":\"Munkaer\\u0151piac\"}}]},{\"@type\":\"Organization\",\"@id\":\"https:\\\/\\\/allasorias.hu\\\/hirek\\\/#organization\",\"name\":\"AllasOrias.hu | H\\u00edrek-lapszemle\",\"description\":\"\\u00dczleti h\\u00edrek az \\u00e1ll\\u00e1s \\u00e9s a munka vil\\u00e1g\\u00e1b\\u00f3l\",\"url\":\"https:\\\/\\\/allasorias.hu\\\/hirek\\\/\",\"logo\":{\"@type\":\"ImageObject\",\"url\":\"https:\\\/\\\/allasorias.hu\\\/hirek\\\/wp-content\\\/uploads\\\/2022\\\/10\\\/allasorias_site_facebok_logo.png\",\"@id\":\"https:\\\/\\\/allasorias.hu\\\/hirek\\\/nott-a-munkahelyi-balesetek-szama\\\/#organizationLogo\"},\"image\":{\"@id\":\"https:\\\/\\\/allasorias.hu\\\/hirek\\\/nott-a-munkahelyi-balesetek-szama\\\/#organizationLogo\"},\"sameAs\":[\"https:\\\/\\\/www.facebook.com\\\/allasorias\",\"https:\\\/\\\/www.linkedin.com\\\/company\\\/allasorias\"]},{\"@type\":\"Person\",\"@id\":\"https:\\\/\\\/allasorias.hu\\\/hirek\\\/author\\\/admin-allasorias\\\/#author\",\"url\":\"https:\\\/\\\/allasorias.hu\\\/hirek\\\/author\\\/admin-allasorias\\\/\",\"name\":\"Juh\\u00e1sz P\\u00e9ter\",\"image\":{\"@type\":\"ImageObject\",\"@id\":\"https:\\\/\\\/allasorias.hu\\\/hirek\\\/nott-a-munkahelyi-balesetek-szama\\\/#authorImage\",\"url\":\"https:\\\/\\\/secure.gravatar.com\\\/avatar\\\/36e6bcb83148978b992977cb0f54d22feb0cce8a0a849a9410532bb2623ba4c6?s=96&d=mm&r=g\",\"width\":96,\"height\":96,\"caption\":\"Juh\\u00e1sz P\\u00e9ter\"}},{\"@type\":\"WebPage\",\"@id\":\"https:\\\/\\\/allasorias.hu\\\/hirek\\\/nott-a-munkahelyi-balesetek-szama\\\/#webpage\",\"url\":\"https:\\\/\\\/allasorias.hu\\\/hirek\\\/nott-a-munkahelyi-balesetek-szama\\\/\",\"name\":\"N\\u0151tt a munkahelyi balesetek sz\\u00e1ma | AllasOrias.hu | H\\u00edrek-lapszemle\",\"description\":\"Betan\\u00edtott munk\\u00e1sokat alkalmaznak a c\\u00e9gek p\\u00e9ld\\u00e1ul f\\u00e9mmegmunk\\u00e1l\\u00e1sra, mert nagy a munkaer\\u0151hi\\u00e1ny. Az egyik \\u00fczemben a feladatok elsaj\\u00e1t\\u00edt\\u00e1s\\u00e1ra kor\\u00e1bban k\\u00e9t h\\u00e9t \\u00e1llt rendelkez\\u00e9sre, most csup\\u00e1n egyetlen nap. Ennek is k\\u00f6sz\\u00f6nhet\\u0151, hogy a roncsol\\u00e1sos balesetek sz\\u00e1ma 30 sz\\u00e1zal\\u00e9kkal n\\u0151tt. L\\u00e1szl\\u00f3 Zolt\\u00e1n, a Vasas Szakszervezeti Sz\\u00f6vets\\u00e9g aleln\\u00f6ke szerint a munkaer\\u0151hi\\u00e1ny miatt ugr\\u00e1sszer\\u0171en emelkedik a munkahelyi balesetek sz\\u00e1ma. A\",\"inLanguage\":\"hu-HU\",\"isPartOf\":{\"@id\":\"https:\\\/\\\/allasorias.hu\\\/hirek\\\/#website\"},\"breadcrumb\":{\"@id\":\"https:\\\/\\\/allasorias.hu\\\/hirek\\\/nott-a-munkahelyi-balesetek-szama\\\/#breadcrumblist\"},\"author\":{\"@id\":\"https:\\\/\\\/allasorias.hu\\\/hirek\\\/author\\\/admin-allasorias\\\/#author\"},\"creator\":{\"@id\":\"https:\\\/\\\/allasorias.hu\\\/hirek\\\/author\\\/admin-allasorias\\\/#author\"},\"image\":{\"@type\":\"ImageObject\",\"url\":\"https:\\\/\\\/allasorias.hu\\\/hirek\\\/wp-content\\\/uploads\\\/2019\\\/03\\\/safety-shoes-2432467_640.jpg\",\"@id\":\"https:\\\/\\\/allasorias.hu\\\/hirek\\\/nott-a-munkahelyi-balesetek-szama\\\/#mainImage\",\"width\":640,\"height\":426},\"primaryImageOfPage\":{\"@id\":\"https:\\\/\\\/allasorias.hu\\\/hirek\\\/nott-a-munkahelyi-balesetek-szama\\\/#mainImage\"},\"datePublished\":\"2019-03-18T12:45:57+02:00\",\"dateModified\":\"2019-03-18T12:45:57+02:00\"},{\"@type\":\"WebSite\",\"@id\":\"https:\\\/\\\/allasorias.hu\\\/hirek\\\/#website\",\"url\":\"https:\\\/\\\/allasorias.hu\\\/hirek\\\/\",\"name\":\"AllasOrias.hu | H\\u00edrek-lapszemle\",\"description\":\"\\u00dczleti h\\u00edrek az \\u00e1ll\\u00e1s \\u00e9s a munka vil\\u00e1g\\u00e1b\\u00f3l\",\"inLanguage\":\"hu-HU\",\"publisher\":{\"@id\":\"https:\\\/\\\/allasorias.hu\\\/hirek\\\/#organization\"}}]}\n\t\t<\/script>\n\t\t<!-- All in One SEO -->\n\n","aioseo_head_json":{"title":"N\u0151tt a munkahelyi balesetek sz\u00e1ma | AllasOrias.hu | H\u00edrek-lapszemle","description":"Betan\u00edtott munk\u00e1sokat alkalmaznak a c\u00e9gek p\u00e9ld\u00e1ul f\u00e9mmegmunk\u00e1l\u00e1sra, mert nagy a munkaer\u0151hi\u00e1ny. Az egyik \u00fczemben a feladatok elsaj\u00e1t\u00edt\u00e1s\u00e1ra kor\u00e1bban k\u00e9t h\u00e9t \u00e1llt rendelkez\u00e9sre, most csup\u00e1n egyetlen nap. Ennek is k\u00f6sz\u00f6nhet\u0151, hogy a roncsol\u00e1sos balesetek sz\u00e1ma 30 sz\u00e1zal\u00e9kkal n\u0151tt. L\u00e1szl\u00f3 Zolt\u00e1n, a Vasas Szakszervezeti Sz\u00f6vets\u00e9g aleln\u00f6ke szerint a munkaer\u0151hi\u00e1ny miatt ugr\u00e1sszer\u0171en emelkedik a munkahelyi balesetek sz\u00e1ma. A","canonical_url":"https:\/\/allasorias.hu\/hirek\/nott-a-munkahelyi-balesetek-szama\/","robots":"max-image-preview:large","keywords":"","webmasterTools":{"miscellaneous":""},"schema":{"@context":"https:\/\/schema.org","@graph":[{"@type":"Article","@id":"https:\/\/allasorias.hu\/hirek\/nott-a-munkahelyi-balesetek-szama\/#article","name":"N\u0151tt a munkahelyi balesetek sz\u00e1ma | AllasOrias.hu | H\u00edrek-lapszemle","headline":"N\u0151tt a munkahelyi balesetek sz\u00e1ma","author":{"@id":"https:\/\/allasorias.hu\/hirek\/author\/admin-allasorias\/#author"},"publisher":{"@id":"https:\/\/allasorias.hu\/hirek\/#organization"},"image":{"@type":"ImageObject","url":"https:\/\/allasorias.hu\/hirek\/wp-content\/uploads\/2019\/03\/safety-shoes-2432467_640.jpg","width":640,"height":426},"datePublished":"2019-03-18T12:45:57+02:00","dateModified":"2019-03-18T12:45:57+02:00","inLanguage":"hu-HU","mainEntityOfPage":{"@id":"https:\/\/allasorias.hu\/hirek\/nott-a-munkahelyi-balesetek-szama\/#webpage"},"isPartOf":{"@id":"https:\/\/allasorias.hu\/hirek\/nott-a-munkahelyi-balesetek-szama\/#webpage"},"articleSection":"Munkaer\u0151piac"},{"@type":"BreadcrumbList","@id":"https:\/\/allasorias.hu\/hirek\/nott-a-munkahelyi-balesetek-szama\/#breadcrumblist","itemListElement":[{"@type":"ListItem","@id":"https:\/\/allasorias.hu\/hirek#listItem","position":1,"name":"Home","item":"https:\/\/allasorias.hu\/hirek","nextItem":{"@type":"ListItem","@id":"https:\/\/allasorias.hu\/hirek\/temak\/munkaeropiac\/#listItem","name":"Munkaer\u0151piac"}},{"@type":"ListItem","@id":"https:\/\/allasorias.hu\/hirek\/temak\/munkaeropiac\/#listItem","position":2,"name":"Munkaer\u0151piac","item":"https:\/\/allasorias.hu\/hirek\/temak\/munkaeropiac\/","nextItem":{"@type":"ListItem","@id":"https:\/\/allasorias.hu\/hirek\/nott-a-munkahelyi-balesetek-szama\/#listItem","name":"N\u0151tt a munkahelyi balesetek sz\u00e1ma"},"previousItem":{"@type":"ListItem","@id":"https:\/\/allasorias.hu\/hirek#listItem","name":"Home"}},{"@type":"ListItem","@id":"https:\/\/allasorias.hu\/hirek\/nott-a-munkahelyi-balesetek-szama\/#listItem","position":3,"name":"N\u0151tt a munkahelyi balesetek sz\u00e1ma","previousItem":{"@type":"ListItem","@id":"https:\/\/allasorias.hu\/hirek\/temak\/munkaeropiac\/#listItem","name":"Munkaer\u0151piac"}}]},{"@type":"Organization","@id":"https:\/\/allasorias.hu\/hirek\/#organization","name":"AllasOrias.hu | H\u00edrek-lapszemle","description":"\u00dczleti h\u00edrek az \u00e1ll\u00e1s \u00e9s a munka vil\u00e1g\u00e1b\u00f3l","url":"https:\/\/allasorias.hu\/hirek\/","logo":{"@type":"ImageObject","url":"https:\/\/allasorias.hu\/hirek\/wp-content\/uploads\/2022\/10\/allasorias_site_facebok_logo.png","@id":"https:\/\/allasorias.hu\/hirek\/nott-a-munkahelyi-balesetek-szama\/#organizationLogo"},"image":{"@id":"https:\/\/allasorias.hu\/hirek\/nott-a-munkahelyi-balesetek-szama\/#organizationLogo"},"sameAs":["https:\/\/www.facebook.com\/allasorias","https:\/\/www.linkedin.com\/company\/allasorias"]},{"@type":"Person","@id":"https:\/\/allasorias.hu\/hirek\/author\/admin-allasorias\/#author","url":"https:\/\/allasorias.hu\/hirek\/author\/admin-allasorias\/","name":"Juh\u00e1sz P\u00e9ter","image":{"@type":"ImageObject","@id":"https:\/\/allasorias.hu\/hirek\/nott-a-munkahelyi-balesetek-szama\/#authorImage","url":"https:\/\/secure.gravatar.com\/avatar\/36e6bcb83148978b992977cb0f54d22feb0cce8a0a849a9410532bb2623ba4c6?s=96&d=mm&r=g","width":96,"height":96,"caption":"Juh\u00e1sz P\u00e9ter"}},{"@type":"WebPage","@id":"https:\/\/allasorias.hu\/hirek\/nott-a-munkahelyi-balesetek-szama\/#webpage","url":"https:\/\/allasorias.hu\/hirek\/nott-a-munkahelyi-balesetek-szama\/","name":"N\u0151tt a munkahelyi balesetek sz\u00e1ma | AllasOrias.hu | H\u00edrek-lapszemle","description":"Betan\u00edtott munk\u00e1sokat alkalmaznak a c\u00e9gek p\u00e9ld\u00e1ul f\u00e9mmegmunk\u00e1l\u00e1sra, mert nagy a munkaer\u0151hi\u00e1ny. Az egyik \u00fczemben a feladatok elsaj\u00e1t\u00edt\u00e1s\u00e1ra kor\u00e1bban k\u00e9t h\u00e9t \u00e1llt rendelkez\u00e9sre, most csup\u00e1n egyetlen nap. Ennek is k\u00f6sz\u00f6nhet\u0151, hogy a roncsol\u00e1sos balesetek sz\u00e1ma 30 sz\u00e1zal\u00e9kkal n\u0151tt. L\u00e1szl\u00f3 Zolt\u00e1n, a Vasas Szakszervezeti Sz\u00f6vets\u00e9g aleln\u00f6ke szerint a munkaer\u0151hi\u00e1ny miatt ugr\u00e1sszer\u0171en emelkedik a munkahelyi balesetek sz\u00e1ma. A","inLanguage":"hu-HU","isPartOf":{"@id":"https:\/\/allasorias.hu\/hirek\/#website"},"breadcrumb":{"@id":"https:\/\/allasorias.hu\/hirek\/nott-a-munkahelyi-balesetek-szama\/#breadcrumblist"},"author":{"@id":"https:\/\/allasorias.hu\/hirek\/author\/admin-allasorias\/#author"},"creator":{"@id":"https:\/\/allasorias.hu\/hirek\/author\/admin-allasorias\/#author"},"image":{"@type":"ImageObject","url":"https:\/\/allasorias.hu\/hirek\/wp-content\/uploads\/2019\/03\/safety-shoes-2432467_640.jpg","@id":"https:\/\/allasorias.hu\/hirek\/nott-a-munkahelyi-balesetek-szama\/#mainImage","width":640,"height":426},"primaryImageOfPage":{"@id":"https:\/\/allasorias.hu\/hirek\/nott-a-munkahelyi-balesetek-szama\/#mainImage"},"datePublished":"2019-03-18T12:45:57+02:00","dateModified":"2019-03-18T12:45:57+02:00"},{"@type":"WebSite","@id":"https:\/\/allasorias.hu\/hirek\/#website","url":"https:\/\/allasorias.hu\/hirek\/","name":"AllasOrias.hu | H\u00edrek-lapszemle","description":"\u00dczleti h\u00edrek az \u00e1ll\u00e1s \u00e9s a munka vil\u00e1g\u00e1b\u00f3l","inLanguage":"hu-HU","publisher":{"@id":"https:\/\/allasorias.hu\/hirek\/#organization"}}]},"og:locale":"hu_HU","og:site_name":"AllasOrias.hu | H\u00edrek-lapszemle | \u00dczleti h\u00edrek az \u00e1ll\u00e1s \u00e9s a munka vil\u00e1g\u00e1b\u00f3l","og:type":"article","og:title":"N\u0151tt a munkahelyi balesetek sz\u00e1ma | AllasOrias.hu | H\u00edrek-lapszemle","og:description":"Betan\u00edtott munk\u00e1sokat alkalmaznak a c\u00e9gek p\u00e9ld\u00e1ul f\u00e9mmegmunk\u00e1l\u00e1sra, mert nagy a munkaer\u0151hi\u00e1ny. Az egyik \u00fczemben a feladatok elsaj\u00e1t\u00edt\u00e1s\u00e1ra kor\u00e1bban k\u00e9t h\u00e9t \u00e1llt rendelkez\u00e9sre, most csup\u00e1n egyetlen nap. Ennek is k\u00f6sz\u00f6nhet\u0151, hogy a roncsol\u00e1sos balesetek sz\u00e1ma 30 sz\u00e1zal\u00e9kkal n\u0151tt. L\u00e1szl\u00f3 Zolt\u00e1n, a Vasas Szakszervezeti Sz\u00f6vets\u00e9g aleln\u00f6ke szerint a munkaer\u0151hi\u00e1ny miatt ugr\u00e1sszer\u0171en emelkedik a munkahelyi balesetek sz\u00e1ma. A","og:url":"https:\/\/allasorias.hu\/hirek\/nott-a-munkahelyi-balesetek-szama\/","og:image":"https:\/\/allasorias.hu\/hirek\/wp-content\/uploads\/2019\/03\/safety-shoes-2432467_640.jpg","og:image:secure_url":"https:\/\/allasorias.hu\/hirek\/wp-content\/uploads\/2019\/03\/safety-shoes-2432467_640.jpg","og:image:width":640,"og:image:height":426,"article:published_time":"2019-03-18T12:45:57+00:00","article:modified_time":"2019-03-18T12:45:57+00:00","article:publisher":"https:\/\/www.facebook.com\/allasorias","twitter:card":"summary_large_image","twitter:title":"N\u0151tt a munkahelyi balesetek sz\u00e1ma | AllasOrias.hu | H\u00edrek-lapszemle","twitter:description":"Betan\u00edtott munk\u00e1sokat alkalmaznak a c\u00e9gek p\u00e9ld\u00e1ul f\u00e9mmegmunk\u00e1l\u00e1sra, mert nagy a munkaer\u0151hi\u00e1ny. Az egyik \u00fczemben a feladatok elsaj\u00e1t\u00edt\u00e1s\u00e1ra kor\u00e1bban k\u00e9t h\u00e9t \u00e1llt rendelkez\u00e9sre, most csup\u00e1n egyetlen nap. Ennek is k\u00f6sz\u00f6nhet\u0151, hogy a roncsol\u00e1sos balesetek sz\u00e1ma 30 sz\u00e1zal\u00e9kkal n\u0151tt. L\u00e1szl\u00f3 Zolt\u00e1n, a Vasas Szakszervezeti Sz\u00f6vets\u00e9g aleln\u00f6ke szerint a munkaer\u0151hi\u00e1ny miatt ugr\u00e1sszer\u0171en emelkedik a munkahelyi balesetek sz\u00e1ma. A","twitter:image":"https:\/\/allasorias.hu\/hirek\/wp-content\/uploads\/2019\/03\/safety-shoes-2432467_640.jpg","twitter:label1":"Written by","twitter:data1":"Juh\u00e1sz P\u00e9ter","twitter:label2":"Est. reading time","twitter:data2":"1 minute"},"aioseo_meta_data":{"post_id":"2667","title":null,"description":null,"keywords":null,"keyphrases":null,"primary_term":null,"canonical_url":null,"og_title":null,"og_description":null,"og_object_type":"default","og_image_type":"default","og_image_url":null,"og_image_width":null,"og_image_height":null,"og_image_custom_url":null,"og_image_custom_fields":null,"og_video":null,"og_custom_url":null,"og_article_section":null,"og_article_tags":null,"twitter_use_og":false,"twitter_card":"default","twitter_image_type":"default","twitter_image_url":null,"twitter_image_custom_url":null,"twitter_image_custom_fields":null,"twitter_title":null,"twitter_description":null,"schema":{"blockGraphs":[],"customGraphs":[],"default":{"data":{"Article":[],"Course":[],"Dataset":[],"FAQPage":[],"Movie":[],"Person":[],"Product":[],"ProductReview":[],"Car":[],"Recipe":[],"Service":[],"SoftwareApplication":[],"WebPage":[]},"graphName":"","isEnabled":true},"graphs":[]},"schema_type":null,"schema_type_options":null,"pillar_content":false,"robots_default":true,"robots_noindex":false,"robots_noarchive":false,"robots_nosnippet":false,"robots_nofollow":false,"robots_noimageindex":false,"robots_noodp":false,"robots_notranslate":false,"robots_max_snippet":null,"robots_max_videopreview":null,"robots_max_imagepreview":"large","priority":null,"frequency":null,"location":null,"local_seo":null,"breadcrumb_settings":null,"limit_modified_date":false,"ai":null,"created":"2021-02-01 21:13:45","updated":"2025-10-02 10:16:32","seo_analyzer_scan_date":null,"focus_keyword":null,"additional_keywords":null,"truseo_locale":null},"aioseo_breadcrumb":"<div class=\"aioseo-breadcrumbs\"><span class=\"aioseo-breadcrumb\">\n\t\t\t<a href=\"https:\/\/allasorias.hu\/hirek\" title=\"Home\">Home<\/a>\n\t\t<\/span><span class=\"aioseo-breadcrumb-separator\">&raquo;<\/span><span class=\"aioseo-breadcrumb\">\n\t\t\t<a href=\"https:\/\/allasorias.hu\/hirek\/temak\/munkaeropiac\/\" title=\"Munkaer\u0151piac\">Munkaer\u0151piac<\/a>\n\t\t<\/span><span class=\"aioseo-breadcrumb-separator\">&raquo;<\/span><span class=\"aioseo-breadcrumb\">\n\t\t\tN\u0151tt a munkahelyi balesetek sz\u00e1ma\n\t\t<\/span><\/div>","aioseo_breadcrumb_json":[{"label":"Home","link":"https:\/\/allasorias.hu\/hirek"},{"label":"Munkaer\u0151piac","link":"https:\/\/allasorias.hu\/hirek\/temak\/munkaeropiac\/"},{"label":"N\u0151tt a munkahelyi balesetek sz\u00e1ma","link":"https:\/\/allasorias.hu\/hirek\/nott-a-munkahelyi-balesetek-szama\/"}],"_links":{"self":[{"href":"https:\/\/allasorias.hu\/hirek\/wp-json\/wp\/v2\/posts\/2667","targetHints":{"allow":["GET"]}}],"collection":[{"href":"https:\/\/allasorias.hu\/hirek\/wp-json\/wp\/v2\/posts"}],"about":[{"href":"https:\/\/allasorias.hu\/hirek\/wp-json\/wp\/v2\/types\/post"}],"author":[{"embeddable":true,"href":"https:\/\/allasorias.hu\/hirek\/wp-json\/wp\/v2\/users\/1"}],"replies":[{"embeddable":true,"href":"https:\/\/allasorias.hu\/hirek\/wp-json\/wp\/v2\/comments?post=2667"}],"version-history":[{"count":1,"href":"https:\/\/allasorias.hu\/hirek\/wp-json\/wp\/v2\/posts\/2667\/revisions"}],"predecessor-version":[{"id":2669,"href":"https:\/\/allasorias.hu\/hirek\/wp-json\/wp\/v2\/posts\/2667\/revisions\/2669"}],"wp:featuredmedia":[{"embeddable":true,"href":"https:\/\/allasorias.hu\/hirek\/wp-json\/wp\/v2\/media\/2668"}],"wp:attachment":[{"href":"https:\/\/allasorias.hu\/hirek\/wp-json\/wp\/v2\/media?parent=2667"}],"wp:term":[{"taxonomy":"category","embeddable":true,"href":"https:\/\/allasorias.hu\/hirek\/wp-json\/wp\/v2\/categories?post=2667"},{"taxonomy":"post_tag","embeddable":true,"href":"https:\/\/allasorias.hu\/hirek\/wp-json\/wp\/v2\/tags?post=2667"}],"curies":[{"name":"wp","href":"https:\/\/api.w.org\/{rel}","templated":true}]}}