{"id":2655,"date":"2019-03-13T10:19:30","date_gmt":"2019-03-13T10:19:30","guid":{"rendered":"https:\/\/allasorias.hu\/hirek\/?p=2655"},"modified":"2019-03-13T10:19:30","modified_gmt":"2019-03-13T10:19:30","slug":"nem-lesz-kamatado-az-allampapiroknal","status":"publish","type":"post","link":"https:\/\/allasorias.hu\/hirek\/nem-lesz-kamatado-az-allampapiroknal\/","title":{"rendered":"Nem lesz kamatad\u00f3 az \u00e1llampap\u00edrokn\u00e1l"},"content":{"rendered":"<p><strong>A j\u00fanius 1. ut\u00e1n kibocs\u00e1tott lakoss\u00e1gi \u00e1llampap\u00edrok eset\u00e9ben elt\u00f6r\u00f6ln\u00e9k a kamatad\u00f3t a tegnap beny\u00fajtott t\u00f6rv\u00e9nyjavaslat szerint. A sz\u00e1m\u00edt\u00e1sok szerint egymilli\u00f3 forint befektet\u00e9ssel \u00e9s az egyes konstrukci\u00f3k saj\u00e1t futamidej\u00e9vel sz\u00e1molva t\u00f6bb t\u00edzezer forintot nyerhet\u00fcnk \u00edgy pluszban. A lakoss\u00e1gi \u00e1llampap\u00edrokkal kapcsolatos tervek \u00e9s ezek hat\u00e1sai kiemelt helyet kapnak m\u00e1rcius 21-ei IWS konferenci\u00e1nkon.<\/strong><\/p>\n<p>A t\u00f6rv\u00e9nyjavaslat szerint a magyar \u00e1llam \u00e1ltal kibocs\u00e1tott \u00e9s kereskedett lakoss\u00e1gi \u00e1llampap\u00edrokb\u00f3l sz\u00e1rmaz\u00f3 j\u00f6vedelem (kamat, hozam) ad\u00f3mentes lesz, de fontos kik\u00f6t\u00e9s, hogy a lakoss\u00e1gi \u00e1llampap\u00edrokb\u00f3l sz\u00e1rmaz\u00f3 j\u00f6vedelem ad\u00f3k\u00f6telezetts\u00e9g al\u00f3li mentes\u00fcl\u00e9s\u00e9t csak a 2019. j\u00fanius 1-j\u00e9t\u0151l kibocs\u00e1tott pap\u00edrok eset\u00e9ben biztos\u00edtan\u00e1k. A piacon el\u00e9rhet\u0151 lakoss\u00e1gi \u00e1llampap\u00edrokkal, egymilli\u00f3 forint befektet\u00e9ssel a Babak\u00f6tv\u00e9nyen k\u00edv\u00fcl minden konstrukci\u00f3 eset\u00e9n t\u00f6bb t\u00edzezer forinttal t\u00f6bb kamat marad a zseb\u00fcnkben j\u00fanius 1. ut\u00e1n, ha elfogadj\u00e1k a javaslatot. A Babak\u00f6tv\u00e9ny eset\u00e9n az\u00e9rt nincs elt\u00e9r\u00e9s, mert a konstrukci\u00f3 m\u00e1r most is kamatad\u00f3mentes. Varga Mih\u00e1ly tegnapi javaslat\u00e1nak egy m\u00e1sik \u00fajdons\u00e1ga, hogy a lakoss\u00e1gi \u00e1llampap\u00edrok \u00e9rt\u00e9kes\u00edt\u00e9s\u00e9t kiterjeszten\u00e9k a lak\u00e1stakar\u00e9kp\u00e9nzt\u00e1rakra is, ezzel az \u00e1llam egy \u00faj \u00e9rt\u00e9kes\u00edt\u00e9si csatorn\u00e1t vonna be. Az MNB nemr\u00e9g arr\u00f3l \u00edrt, hogy a post\u00e1n \u00e9rt\u00e9kes\u00edtett lakoss\u00e1gi \u00e1llampap\u00edrok \u00e9rt\u00e9kes\u00edt\u00e9si k\u00f6r\u00e9t is ki kellene terjeszteni az infl\u00e1ci\u00f3k\u00f6vet\u0151 \u00e1llampap\u00edrokra. Tervben van a kincst\u00e1ri \u00e9rt\u00e9kes\u00edt\u00e9si pontok kib\u0151v\u00edt\u00e9se is, egy\u00e9bk\u00e9nt az ezeken kereszt\u00fcli, illetve a kincst\u00e1ri online v\u00e1s\u00e1rl\u00e1s \u00e9ri meg a legjobban, mivel a kincst\u00e1rn\u00e1l nincs sz\u00e1mlanyit\u00e1si- \u00e9s vezet\u00e9si d\u00edj, tov\u00e1bb\u00e1 a tranzakci\u00f3s illet\u00e9ket sem kell m\u00e1r janu\u00e1rt\u00f3l 1-t\u0151l fizetni a sz\u00e1ml\u00e1r\u00f3l egy m\u00e1sik (saj\u00e1t n\u00e9ven l\u00e9v\u0151) sz\u00e1ml\u00e1ra val\u00f3 kiutal\u00e1s eset\u00e9n (k\u00e9szp\u00e9nzfelv\u00e9tel eset\u00e9n tov\u00e1bbra is meg kell fizetni az illet\u00e9ket).<\/p>\n<p>Forr\u00e1s: portfolio.hu<\/p>\n","protected":false},"excerpt":{"rendered":"<p>A j\u00fanius 1. ut\u00e1n kibocs\u00e1tott lakoss\u00e1gi \u00e1llampap\u00edrok eset\u00e9ben elt\u00f6r\u00f6ln\u00e9k a kamatad\u00f3t a tegnap beny\u00fajtott t\u00f6rv\u00e9nyjavaslat szerint. A sz\u00e1m\u00edt\u00e1sok szerint egymilli\u00f3 forint befektet\u00e9ssel \u00e9s az egyes konstrukci\u00f3k saj\u00e1t futamidej\u00e9vel sz\u00e1molva t\u00f6bb t\u00edzezer forintot nyerhet\u00fcnk \u00edgy pluszban. A lakoss\u00e1gi \u00e1llampap\u00edrokkal kapcsolatos tervek \u00e9s ezek hat\u00e1sai kiemelt helyet kapnak m\u00e1rcius 21-ei IWS konferenci\u00e1nkon. A t\u00f6rv\u00e9nyjavaslat szerint a magyar [&hellip;]<\/p>\n","protected":false},"author":1,"featured_media":2656,"comment_status":"open","ping_status":"open","sticky":false,"template":"","format":"standard","meta":{"_monsterinsights_skip_tracking":false,"footnotes":""},"categories":[198],"tags":[],"class_list":["post-2655","post","type-post","status-publish","format-standard","has-post-thumbnail","hentry","category-gazdasag"],"aioseo_notices":[],"aioseo_head":"\n\t\t<!-- All in One SEO 5.0.0.1 - aioseo.com -->\n\t<meta name=\"description\" content=\"A j\u00fanius 1. ut\u00e1n kibocs\u00e1tott lakoss\u00e1gi \u00e1llampap\u00edrok eset\u00e9ben elt\u00f6r\u00f6ln\u00e9k a kamatad\u00f3t a tegnap beny\u00fajtott t\u00f6rv\u00e9nyjavaslat szerint. A sz\u00e1m\u00edt\u00e1sok szerint egymilli\u00f3 forint befektet\u00e9ssel \u00e9s az egyes konstrukci\u00f3k saj\u00e1t futamidej\u00e9vel sz\u00e1molva t\u00f6bb t\u00edzezer forintot nyerhet\u00fcnk \u00edgy pluszban. A lakoss\u00e1gi \u00e1llampap\u00edrokkal kapcsolatos tervek \u00e9s ezek hat\u00e1sai kiemelt helyet kapnak m\u00e1rcius 21-ei IWS konferenci\u00e1nkon. A t\u00f6rv\u00e9nyjavaslat szerint a magyar\" \/>\n\t<meta name=\"robots\" content=\"max-image-preview:large\" \/>\n\t<meta name=\"author\" content=\"Juh\u00e1sz P\u00e9ter\"\/>\n\t<link rel=\"canonical\" href=\"https:\/\/allasorias.hu\/hirek\/nem-lesz-kamatado-az-allampapiroknal\/\" \/>\n\t<meta name=\"generator\" content=\"All in One SEO (AIOSEO) 5.0.0.1\" \/>\n\t\t<meta property=\"og:locale\" content=\"hu_HU\" \/>\n\t\t<meta property=\"og:site_name\" content=\"AllasOrias.hu | H\u00edrek-lapszemle | \u00dczleti h\u00edrek az \u00e1ll\u00e1s \u00e9s a munka vil\u00e1g\u00e1b\u00f3l\" \/>\n\t\t<meta property=\"og:type\" content=\"article\" \/>\n\t\t<meta property=\"og:title\" content=\"Nem lesz kamatad\u00f3 az \u00e1llampap\u00edrokn\u00e1l | AllasOrias.hu | H\u00edrek-lapszemle\" \/>\n\t\t<meta property=\"og:description\" content=\"A j\u00fanius 1. ut\u00e1n kibocs\u00e1tott lakoss\u00e1gi \u00e1llampap\u00edrok eset\u00e9ben elt\u00f6r\u00f6ln\u00e9k a kamatad\u00f3t a tegnap beny\u00fajtott t\u00f6rv\u00e9nyjavaslat szerint. A sz\u00e1m\u00edt\u00e1sok szerint egymilli\u00f3 forint befektet\u00e9ssel \u00e9s az egyes konstrukci\u00f3k saj\u00e1t futamidej\u00e9vel sz\u00e1molva t\u00f6bb t\u00edzezer forintot nyerhet\u00fcnk \u00edgy pluszban. A lakoss\u00e1gi \u00e1llampap\u00edrokkal kapcsolatos tervek \u00e9s ezek hat\u00e1sai kiemelt helyet kapnak m\u00e1rcius 21-ei IWS konferenci\u00e1nkon. A t\u00f6rv\u00e9nyjavaslat szerint a magyar\" \/>\n\t\t<meta property=\"og:url\" content=\"https:\/\/allasorias.hu\/hirek\/nem-lesz-kamatado-az-allampapiroknal\/\" \/>\n\t\t<meta property=\"og:image\" content=\"https:\/\/allasorias.hu\/hirek\/wp-content\/uploads\/2019\/03\/image.jpg\" \/>\n\t\t<meta property=\"og:image:secure_url\" content=\"https:\/\/allasorias.hu\/hirek\/wp-content\/uploads\/2019\/03\/image.jpg\" \/>\n\t\t<meta property=\"og:image:width\" content=\"800\" \/>\n\t\t<meta property=\"og:image:height\" content=\"370\" \/>\n\t\t<meta property=\"article:published_time\" content=\"2019-03-13T10:19:30+00:00\" \/>\n\t\t<meta property=\"article:modified_time\" content=\"2019-03-13T10:19:30+00:00\" \/>\n\t\t<meta property=\"article:publisher\" content=\"https:\/\/www.facebook.com\/allasorias\" \/>\n\t\t<meta name=\"twitter:card\" content=\"summary_large_image\" \/>\n\t\t<meta name=\"twitter:title\" content=\"Nem lesz kamatad\u00f3 az \u00e1llampap\u00edrokn\u00e1l | AllasOrias.hu | H\u00edrek-lapszemle\" \/>\n\t\t<meta name=\"twitter:description\" content=\"A j\u00fanius 1. ut\u00e1n kibocs\u00e1tott lakoss\u00e1gi \u00e1llampap\u00edrok eset\u00e9ben elt\u00f6r\u00f6ln\u00e9k a kamatad\u00f3t a tegnap beny\u00fajtott t\u00f6rv\u00e9nyjavaslat szerint. A sz\u00e1m\u00edt\u00e1sok szerint egymilli\u00f3 forint befektet\u00e9ssel \u00e9s az egyes konstrukci\u00f3k saj\u00e1t futamidej\u00e9vel sz\u00e1molva t\u00f6bb t\u00edzezer forintot nyerhet\u00fcnk \u00edgy pluszban. A lakoss\u00e1gi \u00e1llampap\u00edrokkal kapcsolatos tervek \u00e9s ezek hat\u00e1sai kiemelt helyet kapnak m\u00e1rcius 21-ei IWS konferenci\u00e1nkon. A t\u00f6rv\u00e9nyjavaslat szerint a magyar\" \/>\n\t\t<meta name=\"twitter:image\" content=\"https:\/\/allasorias.hu\/hirek\/wp-content\/uploads\/2019\/03\/image.jpg\" \/>\n\t\t<meta name=\"twitter:label1\" content=\"Written by\" \/>\n\t\t<meta name=\"twitter:data1\" content=\"Juh\u00e1sz P\u00e9ter\" \/>\n\t\t<meta name=\"twitter:label2\" content=\"Est. reading time\" \/>\n\t\t<meta name=\"twitter:data2\" content=\"2 minutes\" \/>\n\t\t<script type=\"application\/ld+json\" class=\"aioseo-schema\">\n\t\t\t{\"@context\":\"https:\\\/\\\/schema.org\",\"@graph\":[{\"@type\":\"Article\",\"@id\":\"https:\\\/\\\/allasorias.hu\\\/hirek\\\/nem-lesz-kamatado-az-allampapiroknal\\\/#article\",\"name\":\"Nem lesz kamatad\\u00f3 az \\u00e1llampap\\u00edrokn\\u00e1l | AllasOrias.hu | H\\u00edrek-lapszemle\",\"headline\":\"Nem lesz kamatad\\u00f3 az \\u00e1llampap\\u00edrokn\\u00e1l\",\"author\":{\"@id\":\"https:\\\/\\\/allasorias.hu\\\/hirek\\\/author\\\/admin-allasorias\\\/#author\"},\"publisher\":{\"@id\":\"https:\\\/\\\/allasorias.hu\\\/hirek\\\/#organization\"},\"image\":{\"@type\":\"ImageObject\",\"url\":\"https:\\\/\\\/allasorias.hu\\\/hirek\\\/wp-content\\\/uploads\\\/2019\\\/03\\\/image.jpg\",\"width\":800,\"height\":370},\"datePublished\":\"2019-03-13T10:19:30+02:00\",\"dateModified\":\"2019-03-13T10:19:30+02:00\",\"inLanguage\":\"hu-HU\",\"mainEntityOfPage\":{\"@id\":\"https:\\\/\\\/allasorias.hu\\\/hirek\\\/nem-lesz-kamatado-az-allampapiroknal\\\/#webpage\"},\"isPartOf\":{\"@id\":\"https:\\\/\\\/allasorias.hu\\\/hirek\\\/nem-lesz-kamatado-az-allampapiroknal\\\/#webpage\"},\"articleSection\":\"Gazdas\\u00e1g\"},{\"@type\":\"BreadcrumbList\",\"@id\":\"https:\\\/\\\/allasorias.hu\\\/hirek\\\/nem-lesz-kamatado-az-allampapiroknal\\\/#breadcrumblist\",\"itemListElement\":[{\"@type\":\"ListItem\",\"@id\":\"https:\\\/\\\/allasorias.hu\\\/hirek#listItem\",\"position\":1,\"name\":\"Home\",\"item\":\"https:\\\/\\\/allasorias.hu\\\/hirek\",\"nextItem\":{\"@type\":\"ListItem\",\"@id\":\"https:\\\/\\\/allasorias.hu\\\/hirek\\\/temak\\\/gazdasag\\\/#listItem\",\"name\":\"Gazdas\\u00e1g\"}},{\"@type\":\"ListItem\",\"@id\":\"https:\\\/\\\/allasorias.hu\\\/hirek\\\/temak\\\/gazdasag\\\/#listItem\",\"position\":2,\"name\":\"Gazdas\\u00e1g\",\"item\":\"https:\\\/\\\/allasorias.hu\\\/hirek\\\/temak\\\/gazdasag\\\/\",\"nextItem\":{\"@type\":\"ListItem\",\"@id\":\"https:\\\/\\\/allasorias.hu\\\/hirek\\\/nem-lesz-kamatado-az-allampapiroknal\\\/#listItem\",\"name\":\"Nem lesz kamatad\\u00f3 az \\u00e1llampap\\u00edrokn\\u00e1l\"},\"previousItem\":{\"@type\":\"ListItem\",\"@id\":\"https:\\\/\\\/allasorias.hu\\\/hirek#listItem\",\"name\":\"Home\"}},{\"@type\":\"ListItem\",\"@id\":\"https:\\\/\\\/allasorias.hu\\\/hirek\\\/nem-lesz-kamatado-az-allampapiroknal\\\/#listItem\",\"position\":3,\"name\":\"Nem lesz kamatad\\u00f3 az \\u00e1llampap\\u00edrokn\\u00e1l\",\"previousItem\":{\"@type\":\"ListItem\",\"@id\":\"https:\\\/\\\/allasorias.hu\\\/hirek\\\/temak\\\/gazdasag\\\/#listItem\",\"name\":\"Gazdas\\u00e1g\"}}]},{\"@type\":\"Organization\",\"@id\":\"https:\\\/\\\/allasorias.hu\\\/hirek\\\/#organization\",\"name\":\"AllasOrias.hu | H\\u00edrek-lapszemle\",\"description\":\"\\u00dczleti h\\u00edrek az \\u00e1ll\\u00e1s \\u00e9s a munka vil\\u00e1g\\u00e1b\\u00f3l\",\"url\":\"https:\\\/\\\/allasorias.hu\\\/hirek\\\/\",\"logo\":{\"@type\":\"ImageObject\",\"url\":\"https:\\\/\\\/allasorias.hu\\\/hirek\\\/wp-content\\\/uploads\\\/2022\\\/10\\\/allasorias_site_facebok_logo.png\",\"@id\":\"https:\\\/\\\/allasorias.hu\\\/hirek\\\/nem-lesz-kamatado-az-allampapiroknal\\\/#organizationLogo\"},\"image\":{\"@id\":\"https:\\\/\\\/allasorias.hu\\\/hirek\\\/nem-lesz-kamatado-az-allampapiroknal\\\/#organizationLogo\"},\"sameAs\":[\"https:\\\/\\\/www.facebook.com\\\/allasorias\",\"https:\\\/\\\/www.linkedin.com\\\/company\\\/allasorias\"]},{\"@type\":\"Person\",\"@id\":\"https:\\\/\\\/allasorias.hu\\\/hirek\\\/author\\\/admin-allasorias\\\/#author\",\"url\":\"https:\\\/\\\/allasorias.hu\\\/hirek\\\/author\\\/admin-allasorias\\\/\",\"name\":\"Juh\\u00e1sz P\\u00e9ter\",\"image\":{\"@type\":\"ImageObject\",\"@id\":\"https:\\\/\\\/allasorias.hu\\\/hirek\\\/nem-lesz-kamatado-az-allampapiroknal\\\/#authorImage\",\"url\":\"https:\\\/\\\/secure.gravatar.com\\\/avatar\\\/36e6bcb83148978b992977cb0f54d22feb0cce8a0a849a9410532bb2623ba4c6?s=96&d=mm&r=g\",\"width\":96,\"height\":96,\"caption\":\"Juh\\u00e1sz P\\u00e9ter\"}},{\"@type\":\"WebPage\",\"@id\":\"https:\\\/\\\/allasorias.hu\\\/hirek\\\/nem-lesz-kamatado-az-allampapiroknal\\\/#webpage\",\"url\":\"https:\\\/\\\/allasorias.hu\\\/hirek\\\/nem-lesz-kamatado-az-allampapiroknal\\\/\",\"name\":\"Nem lesz kamatad\\u00f3 az \\u00e1llampap\\u00edrokn\\u00e1l | AllasOrias.hu | H\\u00edrek-lapszemle\",\"description\":\"A j\\u00fanius 1. ut\\u00e1n kibocs\\u00e1tott lakoss\\u00e1gi \\u00e1llampap\\u00edrok eset\\u00e9ben elt\\u00f6r\\u00f6ln\\u00e9k a kamatad\\u00f3t a tegnap beny\\u00fajtott t\\u00f6rv\\u00e9nyjavaslat szerint. A sz\\u00e1m\\u00edt\\u00e1sok szerint egymilli\\u00f3 forint befektet\\u00e9ssel \\u00e9s az egyes konstrukci\\u00f3k saj\\u00e1t futamidej\\u00e9vel sz\\u00e1molva t\\u00f6bb t\\u00edzezer forintot nyerhet\\u00fcnk \\u00edgy pluszban. A lakoss\\u00e1gi \\u00e1llampap\\u00edrokkal kapcsolatos tervek \\u00e9s ezek hat\\u00e1sai kiemelt helyet kapnak m\\u00e1rcius 21-ei IWS konferenci\\u00e1nkon. A t\\u00f6rv\\u00e9nyjavaslat szerint a magyar\",\"inLanguage\":\"hu-HU\",\"isPartOf\":{\"@id\":\"https:\\\/\\\/allasorias.hu\\\/hirek\\\/#website\"},\"breadcrumb\":{\"@id\":\"https:\\\/\\\/allasorias.hu\\\/hirek\\\/nem-lesz-kamatado-az-allampapiroknal\\\/#breadcrumblist\"},\"author\":{\"@id\":\"https:\\\/\\\/allasorias.hu\\\/hirek\\\/author\\\/admin-allasorias\\\/#author\"},\"creator\":{\"@id\":\"https:\\\/\\\/allasorias.hu\\\/hirek\\\/author\\\/admin-allasorias\\\/#author\"},\"image\":{\"@type\":\"ImageObject\",\"url\":\"https:\\\/\\\/allasorias.hu\\\/hirek\\\/wp-content\\\/uploads\\\/2019\\\/03\\\/image.jpg\",\"@id\":\"https:\\\/\\\/allasorias.hu\\\/hirek\\\/nem-lesz-kamatado-az-allampapiroknal\\\/#mainImage\",\"width\":800,\"height\":370},\"primaryImageOfPage\":{\"@id\":\"https:\\\/\\\/allasorias.hu\\\/hirek\\\/nem-lesz-kamatado-az-allampapiroknal\\\/#mainImage\"},\"datePublished\":\"2019-03-13T10:19:30+02:00\",\"dateModified\":\"2019-03-13T10:19:30+02:00\"},{\"@type\":\"WebSite\",\"@id\":\"https:\\\/\\\/allasorias.hu\\\/hirek\\\/#website\",\"url\":\"https:\\\/\\\/allasorias.hu\\\/hirek\\\/\",\"name\":\"AllasOrias.hu | H\\u00edrek-lapszemle\",\"description\":\"\\u00dczleti h\\u00edrek az \\u00e1ll\\u00e1s \\u00e9s a munka vil\\u00e1g\\u00e1b\\u00f3l\",\"inLanguage\":\"hu-HU\",\"publisher\":{\"@id\":\"https:\\\/\\\/allasorias.hu\\\/hirek\\\/#organization\"}}]}\n\t\t<\/script>\n\t\t<!-- All in One SEO -->\n\n","aioseo_head_json":{"title":"Nem lesz kamatad\u00f3 az \u00e1llampap\u00edrokn\u00e1l | AllasOrias.hu | H\u00edrek-lapszemle","description":"A j\u00fanius 1. ut\u00e1n kibocs\u00e1tott lakoss\u00e1gi \u00e1llampap\u00edrok eset\u00e9ben elt\u00f6r\u00f6ln\u00e9k a kamatad\u00f3t a tegnap beny\u00fajtott t\u00f6rv\u00e9nyjavaslat szerint. A sz\u00e1m\u00edt\u00e1sok szerint egymilli\u00f3 forint befektet\u00e9ssel \u00e9s az egyes konstrukci\u00f3k saj\u00e1t futamidej\u00e9vel sz\u00e1molva t\u00f6bb t\u00edzezer forintot nyerhet\u00fcnk \u00edgy pluszban. A lakoss\u00e1gi \u00e1llampap\u00edrokkal kapcsolatos tervek \u00e9s ezek hat\u00e1sai kiemelt helyet kapnak m\u00e1rcius 21-ei IWS konferenci\u00e1nkon. A t\u00f6rv\u00e9nyjavaslat szerint a magyar","canonical_url":"https:\/\/allasorias.hu\/hirek\/nem-lesz-kamatado-az-allampapiroknal\/","robots":"max-image-preview:large","keywords":"","webmasterTools":{"miscellaneous":""},"schema":{"@context":"https:\/\/schema.org","@graph":[{"@type":"Article","@id":"https:\/\/allasorias.hu\/hirek\/nem-lesz-kamatado-az-allampapiroknal\/#article","name":"Nem lesz kamatad\u00f3 az \u00e1llampap\u00edrokn\u00e1l | AllasOrias.hu | H\u00edrek-lapszemle","headline":"Nem lesz kamatad\u00f3 az \u00e1llampap\u00edrokn\u00e1l","author":{"@id":"https:\/\/allasorias.hu\/hirek\/author\/admin-allasorias\/#author"},"publisher":{"@id":"https:\/\/allasorias.hu\/hirek\/#organization"},"image":{"@type":"ImageObject","url":"https:\/\/allasorias.hu\/hirek\/wp-content\/uploads\/2019\/03\/image.jpg","width":800,"height":370},"datePublished":"2019-03-13T10:19:30+02:00","dateModified":"2019-03-13T10:19:30+02:00","inLanguage":"hu-HU","mainEntityOfPage":{"@id":"https:\/\/allasorias.hu\/hirek\/nem-lesz-kamatado-az-allampapiroknal\/#webpage"},"isPartOf":{"@id":"https:\/\/allasorias.hu\/hirek\/nem-lesz-kamatado-az-allampapiroknal\/#webpage"},"articleSection":"Gazdas\u00e1g"},{"@type":"BreadcrumbList","@id":"https:\/\/allasorias.hu\/hirek\/nem-lesz-kamatado-az-allampapiroknal\/#breadcrumblist","itemListElement":[{"@type":"ListItem","@id":"https:\/\/allasorias.hu\/hirek#listItem","position":1,"name":"Home","item":"https:\/\/allasorias.hu\/hirek","nextItem":{"@type":"ListItem","@id":"https:\/\/allasorias.hu\/hirek\/temak\/gazdasag\/#listItem","name":"Gazdas\u00e1g"}},{"@type":"ListItem","@id":"https:\/\/allasorias.hu\/hirek\/temak\/gazdasag\/#listItem","position":2,"name":"Gazdas\u00e1g","item":"https:\/\/allasorias.hu\/hirek\/temak\/gazdasag\/","nextItem":{"@type":"ListItem","@id":"https:\/\/allasorias.hu\/hirek\/nem-lesz-kamatado-az-allampapiroknal\/#listItem","name":"Nem lesz kamatad\u00f3 az \u00e1llampap\u00edrokn\u00e1l"},"previousItem":{"@type":"ListItem","@id":"https:\/\/allasorias.hu\/hirek#listItem","name":"Home"}},{"@type":"ListItem","@id":"https:\/\/allasorias.hu\/hirek\/nem-lesz-kamatado-az-allampapiroknal\/#listItem","position":3,"name":"Nem lesz kamatad\u00f3 az \u00e1llampap\u00edrokn\u00e1l","previousItem":{"@type":"ListItem","@id":"https:\/\/allasorias.hu\/hirek\/temak\/gazdasag\/#listItem","name":"Gazdas\u00e1g"}}]},{"@type":"Organization","@id":"https:\/\/allasorias.hu\/hirek\/#organization","name":"AllasOrias.hu | H\u00edrek-lapszemle","description":"\u00dczleti h\u00edrek az \u00e1ll\u00e1s \u00e9s a munka vil\u00e1g\u00e1b\u00f3l","url":"https:\/\/allasorias.hu\/hirek\/","logo":{"@type":"ImageObject","url":"https:\/\/allasorias.hu\/hirek\/wp-content\/uploads\/2022\/10\/allasorias_site_facebok_logo.png","@id":"https:\/\/allasorias.hu\/hirek\/nem-lesz-kamatado-az-allampapiroknal\/#organizationLogo"},"image":{"@id":"https:\/\/allasorias.hu\/hirek\/nem-lesz-kamatado-az-allampapiroknal\/#organizationLogo"},"sameAs":["https:\/\/www.facebook.com\/allasorias","https:\/\/www.linkedin.com\/company\/allasorias"]},{"@type":"Person","@id":"https:\/\/allasorias.hu\/hirek\/author\/admin-allasorias\/#author","url":"https:\/\/allasorias.hu\/hirek\/author\/admin-allasorias\/","name":"Juh\u00e1sz P\u00e9ter","image":{"@type":"ImageObject","@id":"https:\/\/allasorias.hu\/hirek\/nem-lesz-kamatado-az-allampapiroknal\/#authorImage","url":"https:\/\/secure.gravatar.com\/avatar\/36e6bcb83148978b992977cb0f54d22feb0cce8a0a849a9410532bb2623ba4c6?s=96&d=mm&r=g","width":96,"height":96,"caption":"Juh\u00e1sz P\u00e9ter"}},{"@type":"WebPage","@id":"https:\/\/allasorias.hu\/hirek\/nem-lesz-kamatado-az-allampapiroknal\/#webpage","url":"https:\/\/allasorias.hu\/hirek\/nem-lesz-kamatado-az-allampapiroknal\/","name":"Nem lesz kamatad\u00f3 az \u00e1llampap\u00edrokn\u00e1l | AllasOrias.hu | H\u00edrek-lapszemle","description":"A j\u00fanius 1. ut\u00e1n kibocs\u00e1tott lakoss\u00e1gi \u00e1llampap\u00edrok eset\u00e9ben elt\u00f6r\u00f6ln\u00e9k a kamatad\u00f3t a tegnap beny\u00fajtott t\u00f6rv\u00e9nyjavaslat szerint. A sz\u00e1m\u00edt\u00e1sok szerint egymilli\u00f3 forint befektet\u00e9ssel \u00e9s az egyes konstrukci\u00f3k saj\u00e1t futamidej\u00e9vel sz\u00e1molva t\u00f6bb t\u00edzezer forintot nyerhet\u00fcnk \u00edgy pluszban. A lakoss\u00e1gi \u00e1llampap\u00edrokkal kapcsolatos tervek \u00e9s ezek hat\u00e1sai kiemelt helyet kapnak m\u00e1rcius 21-ei IWS konferenci\u00e1nkon. A t\u00f6rv\u00e9nyjavaslat szerint a magyar","inLanguage":"hu-HU","isPartOf":{"@id":"https:\/\/allasorias.hu\/hirek\/#website"},"breadcrumb":{"@id":"https:\/\/allasorias.hu\/hirek\/nem-lesz-kamatado-az-allampapiroknal\/#breadcrumblist"},"author":{"@id":"https:\/\/allasorias.hu\/hirek\/author\/admin-allasorias\/#author"},"creator":{"@id":"https:\/\/allasorias.hu\/hirek\/author\/admin-allasorias\/#author"},"image":{"@type":"ImageObject","url":"https:\/\/allasorias.hu\/hirek\/wp-content\/uploads\/2019\/03\/image.jpg","@id":"https:\/\/allasorias.hu\/hirek\/nem-lesz-kamatado-az-allampapiroknal\/#mainImage","width":800,"height":370},"primaryImageOfPage":{"@id":"https:\/\/allasorias.hu\/hirek\/nem-lesz-kamatado-az-allampapiroknal\/#mainImage"},"datePublished":"2019-03-13T10:19:30+02:00","dateModified":"2019-03-13T10:19:30+02:00"},{"@type":"WebSite","@id":"https:\/\/allasorias.hu\/hirek\/#website","url":"https:\/\/allasorias.hu\/hirek\/","name":"AllasOrias.hu | H\u00edrek-lapszemle","description":"\u00dczleti h\u00edrek az \u00e1ll\u00e1s \u00e9s a munka vil\u00e1g\u00e1b\u00f3l","inLanguage":"hu-HU","publisher":{"@id":"https:\/\/allasorias.hu\/hirek\/#organization"}}]},"og:locale":"hu_HU","og:site_name":"AllasOrias.hu | H\u00edrek-lapszemle | \u00dczleti h\u00edrek az \u00e1ll\u00e1s \u00e9s a munka vil\u00e1g\u00e1b\u00f3l","og:type":"article","og:title":"Nem lesz kamatad\u00f3 az \u00e1llampap\u00edrokn\u00e1l | AllasOrias.hu | H\u00edrek-lapszemle","og:description":"A j\u00fanius 1. ut\u00e1n kibocs\u00e1tott lakoss\u00e1gi \u00e1llampap\u00edrok eset\u00e9ben elt\u00f6r\u00f6ln\u00e9k a kamatad\u00f3t a tegnap beny\u00fajtott t\u00f6rv\u00e9nyjavaslat szerint. A sz\u00e1m\u00edt\u00e1sok szerint egymilli\u00f3 forint befektet\u00e9ssel \u00e9s az egyes konstrukci\u00f3k saj\u00e1t futamidej\u00e9vel sz\u00e1molva t\u00f6bb t\u00edzezer forintot nyerhet\u00fcnk \u00edgy pluszban. A lakoss\u00e1gi \u00e1llampap\u00edrokkal kapcsolatos tervek \u00e9s ezek hat\u00e1sai kiemelt helyet kapnak m\u00e1rcius 21-ei IWS konferenci\u00e1nkon. A t\u00f6rv\u00e9nyjavaslat szerint a magyar","og:url":"https:\/\/allasorias.hu\/hirek\/nem-lesz-kamatado-az-allampapiroknal\/","og:image":"https:\/\/allasorias.hu\/hirek\/wp-content\/uploads\/2019\/03\/image.jpg","og:image:secure_url":"https:\/\/allasorias.hu\/hirek\/wp-content\/uploads\/2019\/03\/image.jpg","og:image:width":800,"og:image:height":370,"article:published_time":"2019-03-13T10:19:30+00:00","article:modified_time":"2019-03-13T10:19:30+00:00","article:publisher":"https:\/\/www.facebook.com\/allasorias","twitter:card":"summary_large_image","twitter:title":"Nem lesz kamatad\u00f3 az \u00e1llampap\u00edrokn\u00e1l | AllasOrias.hu | H\u00edrek-lapszemle","twitter:description":"A j\u00fanius 1. ut\u00e1n kibocs\u00e1tott lakoss\u00e1gi \u00e1llampap\u00edrok eset\u00e9ben elt\u00f6r\u00f6ln\u00e9k a kamatad\u00f3t a tegnap beny\u00fajtott t\u00f6rv\u00e9nyjavaslat szerint. A sz\u00e1m\u00edt\u00e1sok szerint egymilli\u00f3 forint befektet\u00e9ssel \u00e9s az egyes konstrukci\u00f3k saj\u00e1t futamidej\u00e9vel sz\u00e1molva t\u00f6bb t\u00edzezer forintot nyerhet\u00fcnk \u00edgy pluszban. A lakoss\u00e1gi \u00e1llampap\u00edrokkal kapcsolatos tervek \u00e9s ezek hat\u00e1sai kiemelt helyet kapnak m\u00e1rcius 21-ei IWS konferenci\u00e1nkon. A t\u00f6rv\u00e9nyjavaslat szerint a magyar","twitter:image":"https:\/\/allasorias.hu\/hirek\/wp-content\/uploads\/2019\/03\/image.jpg","twitter:label1":"Written by","twitter:data1":"Juh\u00e1sz P\u00e9ter","twitter:label2":"Est. reading time","twitter:data2":"2 minutes"},"aioseo_meta_data":{"post_id":"2655","title":null,"description":null,"keywords":null,"keyphrases":null,"primary_term":null,"canonical_url":null,"og_title":null,"og_description":null,"og_object_type":"default","og_image_type":"default","og_image_url":null,"og_image_width":null,"og_image_height":null,"og_image_custom_url":null,"og_image_custom_fields":null,"og_video":null,"og_custom_url":null,"og_article_section":null,"og_article_tags":null,"twitter_use_og":false,"twitter_card":"default","twitter_image_type":"default","twitter_image_url":null,"twitter_image_custom_url":null,"twitter_image_custom_fields":null,"twitter_title":null,"twitter_description":null,"schema":{"blockGraphs":[],"customGraphs":[],"default":{"data":{"Article":[],"Course":[],"Dataset":[],"FAQPage":[],"Movie":[],"Person":[],"Product":[],"ProductReview":[],"Car":[],"Recipe":[],"Service":[],"SoftwareApplication":[],"WebPage":[]},"graphName":"","isEnabled":true},"graphs":[]},"schema_type":null,"schema_type_options":null,"pillar_content":false,"robots_default":true,"robots_noindex":false,"robots_noarchive":false,"robots_nosnippet":false,"robots_nofollow":false,"robots_noimageindex":false,"robots_noodp":false,"robots_notranslate":false,"robots_max_snippet":null,"robots_max_videopreview":null,"robots_max_imagepreview":"large","priority":null,"frequency":null,"location":null,"local_seo":null,"breadcrumb_settings":null,"limit_modified_date":false,"ai":null,"created":"2021-02-01 21:13:45","updated":"2025-10-02 10:15:26","seo_analyzer_scan_date":null,"focus_keyword":null,"additional_keywords":null,"truseo_locale":null},"aioseo_breadcrumb":"<div class=\"aioseo-breadcrumbs\"><span class=\"aioseo-breadcrumb\">\n\t\t\t<a href=\"https:\/\/allasorias.hu\/hirek\" title=\"Home\">Home<\/a>\n\t\t<\/span><span class=\"aioseo-breadcrumb-separator\">&raquo;<\/span><span class=\"aioseo-breadcrumb\">\n\t\t\t<a href=\"https:\/\/allasorias.hu\/hirek\/temak\/gazdasag\/\" title=\"Gazdas\u00e1g\">Gazdas\u00e1g<\/a>\n\t\t<\/span><span class=\"aioseo-breadcrumb-separator\">&raquo;<\/span><span class=\"aioseo-breadcrumb\">\n\t\t\tNem lesz kamatad\u00f3 az \u00e1llampap\u00edrokn\u00e1l\n\t\t<\/span><\/div>","aioseo_breadcrumb_json":[{"label":"Home","link":"https:\/\/allasorias.hu\/hirek"},{"label":"Gazdas\u00e1g","link":"https:\/\/allasorias.hu\/hirek\/temak\/gazdasag\/"},{"label":"Nem lesz kamatad\u00f3 az \u00e1llampap\u00edrokn\u00e1l","link":"https:\/\/allasorias.hu\/hirek\/nem-lesz-kamatado-az-allampapiroknal\/"}],"_links":{"self":[{"href":"https:\/\/allasorias.hu\/hirek\/wp-json\/wp\/v2\/posts\/2655","targetHints":{"allow":["GET"]}}],"collection":[{"href":"https:\/\/allasorias.hu\/hirek\/wp-json\/wp\/v2\/posts"}],"about":[{"href":"https:\/\/allasorias.hu\/hirek\/wp-json\/wp\/v2\/types\/post"}],"author":[{"embeddable":true,"href":"https:\/\/allasorias.hu\/hirek\/wp-json\/wp\/v2\/users\/1"}],"replies":[{"embeddable":true,"href":"https:\/\/allasorias.hu\/hirek\/wp-json\/wp\/v2\/comments?post=2655"}],"version-history":[{"count":1,"href":"https:\/\/allasorias.hu\/hirek\/wp-json\/wp\/v2\/posts\/2655\/revisions"}],"predecessor-version":[{"id":2657,"href":"https:\/\/allasorias.hu\/hirek\/wp-json\/wp\/v2\/posts\/2655\/revisions\/2657"}],"wp:featuredmedia":[{"embeddable":true,"href":"https:\/\/allasorias.hu\/hirek\/wp-json\/wp\/v2\/media\/2656"}],"wp:attachment":[{"href":"https:\/\/allasorias.hu\/hirek\/wp-json\/wp\/v2\/media?parent=2655"}],"wp:term":[{"taxonomy":"category","embeddable":true,"href":"https:\/\/allasorias.hu\/hirek\/wp-json\/wp\/v2\/categories?post=2655"},{"taxonomy":"post_tag","embeddable":true,"href":"https:\/\/allasorias.hu\/hirek\/wp-json\/wp\/v2\/tags?post=2655"}],"curies":[{"name":"wp","href":"https:\/\/api.w.org\/{rel}","templated":true}]}}