{"id":2653,"date":"2019-03-13T10:17:02","date_gmt":"2019-03-13T10:17:02","guid":{"rendered":"https:\/\/allasorias.hu\/hirek\/?p=2653"},"modified":"2019-03-13T10:17:02","modified_gmt":"2019-03-13T10:17:02","slug":"jelzorendszer-a-munkaeropiacon","status":"publish","type":"post","link":"https:\/\/allasorias.hu\/hirek\/jelzorendszer-a-munkaeropiacon\/","title":{"rendered":"Jelz\u0151rendszer a munkaer\u0151piacon?"},"content":{"rendered":"<p><strong>A szakk\u00e9pz\u00e9st a munkaer\u0151piaci kereslethez kell igaz\u00edtani- ezt m\u00e1r sokszor hangoztatt\u00e1k a szakemberek. A Magyar Kereskedelmi \u00e9s Iparkamara eln\u00f6ke szerint sikeres a magyar szakk\u00e9pz\u00e9s \u00e1talak\u00edt\u00e1sa, \u00a0a t\u00e9rs\u00e9g orsz\u00e1gaib\u00f3l jelent\u0151s az \u00e9rdekl\u0151d\u00e9s a korszer\u0171s\u00edtett rendszer ir\u00e1nt. V\u00e1rakoz\u00e1sa szerint helyre\u00e1llhat a k\u00e9tkezi munka megbecs\u00fcl\u00e9se is, de hangs\u00falyozta, hogy az \u00e1talak\u00edt\u00e1s folyamata nem z\u00e1rult le. Nyugati mint\u00e1ra pedig munkaer\u0151piaci el\u0151rejelz\u0151 rendszert kell ki\u00e9p\u00edteni.<\/strong><\/p>\n<p>A kamara vezet\u0151je elmondta: a szakk\u00e9pz\u00e9s \u00faj tud\u00e1startalmait a gazdas\u00e1g ig\u00e9nyeihez kell igaz\u00edtani. Ennek megfelel\u0151en azt javasolta, hogy a rendszerbe vonj\u00e1k be a v\u00e1llalatokat \u00e9s a szakmai kamar\u00e1kat, a szakoktat\u00f3k \u00e1tv\u00e1ndorl\u00e1s\u00e1t a versenyszf\u00e9r\u00e1ba magasabb fizet\u00e9sekkel m\u00e9rs\u00e9kelj\u00e9k, az oktat\u00e1sban pedig a gazdas\u00e1gi szerepl\u0151k is vegyenek r\u00e9szt. Meg kell vitatni a technikusk\u00e9pz\u00e9s, a szakir\u00e1ny\u00fa tov\u00e1bbk\u00e9pz\u00e9s \u00e9s az \u00f6szt\u00f6nd\u00edjrendszer lehet\u0151s\u00e9geit, nyugati mint\u00e1ra pedig munkaer\u0151piaci el\u0151rejelz\u0151 rendszert kell ki\u00e9p\u00edteni. Ut\u00f3bbit &#8211; tette hozz\u00e1 &#8211; a szakmai kamar\u00e1k t\u00f6k\u00e9letesen el tudn\u00e1k l\u00e1tni \u00e9s k\u00e9szen is \u00e1llnak a feladatra. Hangs\u00falyozta ugyanakkor, hogy a feln\u0151ttk\u00e9pz\u00e9s hat\u00e9konys\u00e1ga nem ar\u00e1nyos a r\u00e1ford\u00edt\u00e1sokkal, noha egy j\u00f3l m\u0171k\u00f6d\u0151 rendszer ak\u00e1r m\u00e1r r\u00f6vid t\u00e1von is enyh\u00edthetn\u00e9 a munkaer\u0151hi\u00e1nyt. Az MKIK eln\u00f6ke kiemelte, hogy a Szakma Szt\u00e1r Fesztiv\u00e1l 2007-es indul\u00e1sa \u00f3ta fel\u00e9rt\u00e9kel\u0151d\u00f6tt az informatika \u00e9s a digit\u00e1lis nyelvtud\u00e1s, az idei rendezv\u00e9nyen pedig a k\u00f6zleked\u00e9s az \u00faj bel\u00e9p\u0151. A Nemzeti Agr\u00e1rgazdas\u00e1gi Kamar\u00e1val egyet\u00e9rt\u00e9sben a rendezv\u00e9ny j\u00f6v\u0151re a mez\u0151gazdas\u00e1ggal \u00e9s az \u00e9lelmiszergazdas\u00e1ggal eg\u00e9sz\u00fcl ki &#8211; tette hozz\u00e1.<\/p>\n<p>Forr\u00e1s: portfolio.hu<\/p>\n","protected":false},"excerpt":{"rendered":"<p>A szakk\u00e9pz\u00e9st a munkaer\u0151piaci kereslethez kell igaz\u00edtani- ezt m\u00e1r sokszor hangoztatt\u00e1k a szakemberek. A Magyar Kereskedelmi \u00e9s Iparkamara eln\u00f6ke szerint sikeres a magyar szakk\u00e9pz\u00e9s \u00e1talak\u00edt\u00e1sa, \u00a0a t\u00e9rs\u00e9g orsz\u00e1gaib\u00f3l jelent\u0151s az \u00e9rdekl\u0151d\u00e9s a korszer\u0171s\u00edtett rendszer ir\u00e1nt. V\u00e1rakoz\u00e1sa szerint helyre\u00e1llhat a k\u00e9tkezi munka megbecs\u00fcl\u00e9se is, de hangs\u00falyozta, hogy az \u00e1talak\u00edt\u00e1s folyamata nem z\u00e1rult le. Nyugati mint\u00e1ra pedig [&hellip;]<\/p>\n","protected":false},"author":1,"featured_media":2295,"comment_status":"open","ping_status":"open","sticky":false,"template":"","format":"standard","meta":{"_monsterinsights_skip_tracking":false,"footnotes":""},"categories":[1,198,200],"tags":[],"class_list":["post-2653","post","type-post","status-publish","format-standard","has-post-thumbnail","hentry","category-allaskereses","category-gazdasag","category-munkaeropiac"],"aioseo_notices":[],"aioseo_head":"\n\t\t<!-- All in One SEO 5.0.0.1 - aioseo.com -->\n\t<meta name=\"description\" content=\"A szakk\u00e9pz\u00e9st a munkaer\u0151piaci kereslethez kell igaz\u00edtani- ezt m\u00e1r sokszor hangoztatt\u00e1k a szakemberek. A Magyar Kereskedelmi \u00e9s Iparkamara eln\u00f6ke szerint sikeres a magyar szakk\u00e9pz\u00e9s \u00e1talak\u00edt\u00e1sa, a t\u00e9rs\u00e9g orsz\u00e1gaib\u00f3l jelent\u0151s az \u00e9rdekl\u0151d\u00e9s a korszer\u0171s\u00edtett rendszer ir\u00e1nt. V\u00e1rakoz\u00e1sa szerint helyre\u00e1llhat a k\u00e9tkezi munka megbecs\u00fcl\u00e9se is, de hangs\u00falyozta, hogy az \u00e1talak\u00edt\u00e1s folyamata nem z\u00e1rult le. Nyugati mint\u00e1ra pedig\" \/>\n\t<meta name=\"robots\" content=\"max-image-preview:large\" \/>\n\t<meta name=\"author\" content=\"Juh\u00e1sz P\u00e9ter\"\/>\n\t<link rel=\"canonical\" href=\"https:\/\/allasorias.hu\/hirek\/jelzorendszer-a-munkaeropiacon\/\" \/>\n\t<meta name=\"generator\" content=\"All in One SEO (AIOSEO) 5.0.0.1\" \/>\n\t\t<meta property=\"og:locale\" content=\"hu_HU\" \/>\n\t\t<meta property=\"og:site_name\" content=\"AllasOrias.hu | H\u00edrek-lapszemle | \u00dczleti h\u00edrek az \u00e1ll\u00e1s \u00e9s a munka vil\u00e1g\u00e1b\u00f3l\" \/>\n\t\t<meta property=\"og:type\" content=\"article\" \/>\n\t\t<meta property=\"og:title\" content=\"Jelz\u0151rendszer a munkaer\u0151piacon? | AllasOrias.hu | H\u00edrek-lapszemle\" \/>\n\t\t<meta property=\"og:description\" content=\"A szakk\u00e9pz\u00e9st a munkaer\u0151piaci kereslethez kell igaz\u00edtani- ezt m\u00e1r sokszor hangoztatt\u00e1k a szakemberek. A Magyar Kereskedelmi \u00e9s Iparkamara eln\u00f6ke szerint sikeres a magyar szakk\u00e9pz\u00e9s \u00e1talak\u00edt\u00e1sa, a t\u00e9rs\u00e9g orsz\u00e1gaib\u00f3l jelent\u0151s az \u00e9rdekl\u0151d\u00e9s a korszer\u0171s\u00edtett rendszer ir\u00e1nt. V\u00e1rakoz\u00e1sa szerint helyre\u00e1llhat a k\u00e9tkezi munka megbecs\u00fcl\u00e9se is, de hangs\u00falyozta, hogy az \u00e1talak\u00edt\u00e1s folyamata nem z\u00e1rult le. Nyugati mint\u00e1ra pedig\" \/>\n\t\t<meta property=\"og:url\" content=\"https:\/\/allasorias.hu\/hirek\/jelzorendszer-a-munkaeropiacon\/\" \/>\n\t\t<meta property=\"og:image\" content=\"https:\/\/allasorias.hu\/hirek\/wp-content\/uploads\/2018\/12\/construction-1510561_640.jpg\" \/>\n\t\t<meta property=\"og:image:secure_url\" content=\"https:\/\/allasorias.hu\/hirek\/wp-content\/uploads\/2018\/12\/construction-1510561_640.jpg\" \/>\n\t\t<meta property=\"og:image:width\" content=\"640\" \/>\n\t\t<meta property=\"og:image:height\" content=\"426\" \/>\n\t\t<meta property=\"article:published_time\" content=\"2019-03-13T10:17:02+00:00\" \/>\n\t\t<meta property=\"article:modified_time\" content=\"2019-03-13T10:17:02+00:00\" \/>\n\t\t<meta property=\"article:publisher\" content=\"https:\/\/www.facebook.com\/allasorias\" \/>\n\t\t<meta name=\"twitter:card\" content=\"summary_large_image\" \/>\n\t\t<meta name=\"twitter:title\" content=\"Jelz\u0151rendszer a munkaer\u0151piacon? | AllasOrias.hu | H\u00edrek-lapszemle\" \/>\n\t\t<meta name=\"twitter:description\" content=\"A szakk\u00e9pz\u00e9st a munkaer\u0151piaci kereslethez kell igaz\u00edtani- ezt m\u00e1r sokszor hangoztatt\u00e1k a szakemberek. A Magyar Kereskedelmi \u00e9s Iparkamara eln\u00f6ke szerint sikeres a magyar szakk\u00e9pz\u00e9s \u00e1talak\u00edt\u00e1sa, a t\u00e9rs\u00e9g orsz\u00e1gaib\u00f3l jelent\u0151s az \u00e9rdekl\u0151d\u00e9s a korszer\u0171s\u00edtett rendszer ir\u00e1nt. V\u00e1rakoz\u00e1sa szerint helyre\u00e1llhat a k\u00e9tkezi munka megbecs\u00fcl\u00e9se is, de hangs\u00falyozta, hogy az \u00e1talak\u00edt\u00e1s folyamata nem z\u00e1rult le. Nyugati mint\u00e1ra pedig\" \/>\n\t\t<meta name=\"twitter:image\" content=\"https:\/\/allasorias.hu\/hirek\/wp-content\/uploads\/2018\/12\/construction-1510561_640.jpg\" \/>\n\t\t<meta name=\"twitter:label1\" content=\"Written by\" \/>\n\t\t<meta name=\"twitter:data1\" content=\"Juh\u00e1sz P\u00e9ter\" \/>\n\t\t<meta name=\"twitter:label2\" content=\"Est. reading time\" \/>\n\t\t<meta name=\"twitter:data2\" content=\"2 minutes\" \/>\n\t\t<script type=\"application\/ld+json\" class=\"aioseo-schema\">\n\t\t\t{\"@context\":\"https:\\\/\\\/schema.org\",\"@graph\":[{\"@type\":\"Article\",\"@id\":\"https:\\\/\\\/allasorias.hu\\\/hirek\\\/jelzorendszer-a-munkaeropiacon\\\/#article\",\"name\":\"Jelz\\u0151rendszer a munkaer\\u0151piacon? | AllasOrias.hu | H\\u00edrek-lapszemle\",\"headline\":\"Jelz\\u0151rendszer a munkaer\\u0151piacon?\",\"author\":{\"@id\":\"https:\\\/\\\/allasorias.hu\\\/hirek\\\/author\\\/admin-allasorias\\\/#author\"},\"publisher\":{\"@id\":\"https:\\\/\\\/allasorias.hu\\\/hirek\\\/#organization\"},\"image\":{\"@type\":\"ImageObject\",\"url\":\"https:\\\/\\\/allasorias.hu\\\/hirek\\\/wp-content\\\/uploads\\\/2018\\\/12\\\/construction-1510561_640.jpg\",\"width\":640,\"height\":426},\"datePublished\":\"2019-03-13T10:17:02+02:00\",\"dateModified\":\"2019-03-13T10:17:02+02:00\",\"inLanguage\":\"hu-HU\",\"mainEntityOfPage\":{\"@id\":\"https:\\\/\\\/allasorias.hu\\\/hirek\\\/jelzorendszer-a-munkaeropiacon\\\/#webpage\"},\"isPartOf\":{\"@id\":\"https:\\\/\\\/allasorias.hu\\\/hirek\\\/jelzorendszer-a-munkaeropiacon\\\/#webpage\"},\"articleSection\":\"\\u00c1ll\\u00e1skeres\\u00e9s, Gazdas\\u00e1g, Munkaer\\u0151piac\"},{\"@type\":\"BreadcrumbList\",\"@id\":\"https:\\\/\\\/allasorias.hu\\\/hirek\\\/jelzorendszer-a-munkaeropiacon\\\/#breadcrumblist\",\"itemListElement\":[{\"@type\":\"ListItem\",\"@id\":\"https:\\\/\\\/allasorias.hu\\\/hirek#listItem\",\"position\":1,\"name\":\"Home\",\"item\":\"https:\\\/\\\/allasorias.hu\\\/hirek\",\"nextItem\":{\"@type\":\"ListItem\",\"@id\":\"https:\\\/\\\/allasorias.hu\\\/hirek\\\/temak\\\/allaskereses\\\/#listItem\",\"name\":\"\\u00c1ll\\u00e1skeres\\u00e9s\"}},{\"@type\":\"ListItem\",\"@id\":\"https:\\\/\\\/allasorias.hu\\\/hirek\\\/temak\\\/allaskereses\\\/#listItem\",\"position\":2,\"name\":\"\\u00c1ll\\u00e1skeres\\u00e9s\",\"item\":\"https:\\\/\\\/allasorias.hu\\\/hirek\\\/temak\\\/allaskereses\\\/\",\"nextItem\":{\"@type\":\"ListItem\",\"@id\":\"https:\\\/\\\/allasorias.hu\\\/hirek\\\/jelzorendszer-a-munkaeropiacon\\\/#listItem\",\"name\":\"Jelz\\u0151rendszer a munkaer\\u0151piacon?\"},\"previousItem\":{\"@type\":\"ListItem\",\"@id\":\"https:\\\/\\\/allasorias.hu\\\/hirek#listItem\",\"name\":\"Home\"}},{\"@type\":\"ListItem\",\"@id\":\"https:\\\/\\\/allasorias.hu\\\/hirek\\\/jelzorendszer-a-munkaeropiacon\\\/#listItem\",\"position\":3,\"name\":\"Jelz\\u0151rendszer a munkaer\\u0151piacon?\",\"previousItem\":{\"@type\":\"ListItem\",\"@id\":\"https:\\\/\\\/allasorias.hu\\\/hirek\\\/temak\\\/allaskereses\\\/#listItem\",\"name\":\"\\u00c1ll\\u00e1skeres\\u00e9s\"}}]},{\"@type\":\"Organization\",\"@id\":\"https:\\\/\\\/allasorias.hu\\\/hirek\\\/#organization\",\"name\":\"AllasOrias.hu | H\\u00edrek-lapszemle\",\"description\":\"\\u00dczleti h\\u00edrek az \\u00e1ll\\u00e1s \\u00e9s a munka vil\\u00e1g\\u00e1b\\u00f3l\",\"url\":\"https:\\\/\\\/allasorias.hu\\\/hirek\\\/\",\"logo\":{\"@type\":\"ImageObject\",\"url\":\"https:\\\/\\\/allasorias.hu\\\/hirek\\\/wp-content\\\/uploads\\\/2022\\\/10\\\/allasorias_site_facebok_logo.png\",\"@id\":\"https:\\\/\\\/allasorias.hu\\\/hirek\\\/jelzorendszer-a-munkaeropiacon\\\/#organizationLogo\"},\"image\":{\"@id\":\"https:\\\/\\\/allasorias.hu\\\/hirek\\\/jelzorendszer-a-munkaeropiacon\\\/#organizationLogo\"},\"sameAs\":[\"https:\\\/\\\/www.facebook.com\\\/allasorias\",\"https:\\\/\\\/www.linkedin.com\\\/company\\\/allasorias\"]},{\"@type\":\"Person\",\"@id\":\"https:\\\/\\\/allasorias.hu\\\/hirek\\\/author\\\/admin-allasorias\\\/#author\",\"url\":\"https:\\\/\\\/allasorias.hu\\\/hirek\\\/author\\\/admin-allasorias\\\/\",\"name\":\"Juh\\u00e1sz P\\u00e9ter\",\"image\":{\"@type\":\"ImageObject\",\"@id\":\"https:\\\/\\\/allasorias.hu\\\/hirek\\\/jelzorendszer-a-munkaeropiacon\\\/#authorImage\",\"url\":\"https:\\\/\\\/secure.gravatar.com\\\/avatar\\\/36e6bcb83148978b992977cb0f54d22feb0cce8a0a849a9410532bb2623ba4c6?s=96&d=mm&r=g\",\"width\":96,\"height\":96,\"caption\":\"Juh\\u00e1sz P\\u00e9ter\"}},{\"@type\":\"WebPage\",\"@id\":\"https:\\\/\\\/allasorias.hu\\\/hirek\\\/jelzorendszer-a-munkaeropiacon\\\/#webpage\",\"url\":\"https:\\\/\\\/allasorias.hu\\\/hirek\\\/jelzorendszer-a-munkaeropiacon\\\/\",\"name\":\"Jelz\\u0151rendszer a munkaer\\u0151piacon? | AllasOrias.hu | H\\u00edrek-lapszemle\",\"description\":\"A szakk\\u00e9pz\\u00e9st a munkaer\\u0151piaci kereslethez kell igaz\\u00edtani- ezt m\\u00e1r sokszor hangoztatt\\u00e1k a szakemberek. A Magyar Kereskedelmi \\u00e9s Iparkamara eln\\u00f6ke szerint sikeres a magyar szakk\\u00e9pz\\u00e9s \\u00e1talak\\u00edt\\u00e1sa, a t\\u00e9rs\\u00e9g orsz\\u00e1gaib\\u00f3l jelent\\u0151s az \\u00e9rdekl\\u0151d\\u00e9s a korszer\\u0171s\\u00edtett rendszer ir\\u00e1nt. V\\u00e1rakoz\\u00e1sa szerint helyre\\u00e1llhat a k\\u00e9tkezi munka megbecs\\u00fcl\\u00e9se is, de hangs\\u00falyozta, hogy az \\u00e1talak\\u00edt\\u00e1s folyamata nem z\\u00e1rult le. Nyugati mint\\u00e1ra pedig\",\"inLanguage\":\"hu-HU\",\"isPartOf\":{\"@id\":\"https:\\\/\\\/allasorias.hu\\\/hirek\\\/#website\"},\"breadcrumb\":{\"@id\":\"https:\\\/\\\/allasorias.hu\\\/hirek\\\/jelzorendszer-a-munkaeropiacon\\\/#breadcrumblist\"},\"author\":{\"@id\":\"https:\\\/\\\/allasorias.hu\\\/hirek\\\/author\\\/admin-allasorias\\\/#author\"},\"creator\":{\"@id\":\"https:\\\/\\\/allasorias.hu\\\/hirek\\\/author\\\/admin-allasorias\\\/#author\"},\"image\":{\"@type\":\"ImageObject\",\"url\":\"https:\\\/\\\/allasorias.hu\\\/hirek\\\/wp-content\\\/uploads\\\/2018\\\/12\\\/construction-1510561_640.jpg\",\"@id\":\"https:\\\/\\\/allasorias.hu\\\/hirek\\\/jelzorendszer-a-munkaeropiacon\\\/#mainImage\",\"width\":640,\"height\":426},\"primaryImageOfPage\":{\"@id\":\"https:\\\/\\\/allasorias.hu\\\/hirek\\\/jelzorendszer-a-munkaeropiacon\\\/#mainImage\"},\"datePublished\":\"2019-03-13T10:17:02+02:00\",\"dateModified\":\"2019-03-13T10:17:02+02:00\"},{\"@type\":\"WebSite\",\"@id\":\"https:\\\/\\\/allasorias.hu\\\/hirek\\\/#website\",\"url\":\"https:\\\/\\\/allasorias.hu\\\/hirek\\\/\",\"name\":\"AllasOrias.hu | H\\u00edrek-lapszemle\",\"description\":\"\\u00dczleti h\\u00edrek az \\u00e1ll\\u00e1s \\u00e9s a munka vil\\u00e1g\\u00e1b\\u00f3l\",\"inLanguage\":\"hu-HU\",\"publisher\":{\"@id\":\"https:\\\/\\\/allasorias.hu\\\/hirek\\\/#organization\"}}]}\n\t\t<\/script>\n\t\t<!-- All in One SEO -->\n\n","aioseo_head_json":{"title":"Jelz\u0151rendszer a munkaer\u0151piacon? | AllasOrias.hu | H\u00edrek-lapszemle","description":"A szakk\u00e9pz\u00e9st a munkaer\u0151piaci kereslethez kell igaz\u00edtani- ezt m\u00e1r sokszor hangoztatt\u00e1k a szakemberek. A Magyar Kereskedelmi \u00e9s Iparkamara eln\u00f6ke szerint sikeres a magyar szakk\u00e9pz\u00e9s \u00e1talak\u00edt\u00e1sa, a t\u00e9rs\u00e9g orsz\u00e1gaib\u00f3l jelent\u0151s az \u00e9rdekl\u0151d\u00e9s a korszer\u0171s\u00edtett rendszer ir\u00e1nt. V\u00e1rakoz\u00e1sa szerint helyre\u00e1llhat a k\u00e9tkezi munka megbecs\u00fcl\u00e9se is, de hangs\u00falyozta, hogy az \u00e1talak\u00edt\u00e1s folyamata nem z\u00e1rult le. Nyugati mint\u00e1ra pedig","canonical_url":"https:\/\/allasorias.hu\/hirek\/jelzorendszer-a-munkaeropiacon\/","robots":"max-image-preview:large","keywords":"","webmasterTools":{"miscellaneous":""},"schema":{"@context":"https:\/\/schema.org","@graph":[{"@type":"Article","@id":"https:\/\/allasorias.hu\/hirek\/jelzorendszer-a-munkaeropiacon\/#article","name":"Jelz\u0151rendszer a munkaer\u0151piacon? | AllasOrias.hu | H\u00edrek-lapszemle","headline":"Jelz\u0151rendszer a munkaer\u0151piacon?","author":{"@id":"https:\/\/allasorias.hu\/hirek\/author\/admin-allasorias\/#author"},"publisher":{"@id":"https:\/\/allasorias.hu\/hirek\/#organization"},"image":{"@type":"ImageObject","url":"https:\/\/allasorias.hu\/hirek\/wp-content\/uploads\/2018\/12\/construction-1510561_640.jpg","width":640,"height":426},"datePublished":"2019-03-13T10:17:02+02:00","dateModified":"2019-03-13T10:17:02+02:00","inLanguage":"hu-HU","mainEntityOfPage":{"@id":"https:\/\/allasorias.hu\/hirek\/jelzorendszer-a-munkaeropiacon\/#webpage"},"isPartOf":{"@id":"https:\/\/allasorias.hu\/hirek\/jelzorendszer-a-munkaeropiacon\/#webpage"},"articleSection":"\u00c1ll\u00e1skeres\u00e9s, Gazdas\u00e1g, Munkaer\u0151piac"},{"@type":"BreadcrumbList","@id":"https:\/\/allasorias.hu\/hirek\/jelzorendszer-a-munkaeropiacon\/#breadcrumblist","itemListElement":[{"@type":"ListItem","@id":"https:\/\/allasorias.hu\/hirek#listItem","position":1,"name":"Home","item":"https:\/\/allasorias.hu\/hirek","nextItem":{"@type":"ListItem","@id":"https:\/\/allasorias.hu\/hirek\/temak\/allaskereses\/#listItem","name":"\u00c1ll\u00e1skeres\u00e9s"}},{"@type":"ListItem","@id":"https:\/\/allasorias.hu\/hirek\/temak\/allaskereses\/#listItem","position":2,"name":"\u00c1ll\u00e1skeres\u00e9s","item":"https:\/\/allasorias.hu\/hirek\/temak\/allaskereses\/","nextItem":{"@type":"ListItem","@id":"https:\/\/allasorias.hu\/hirek\/jelzorendszer-a-munkaeropiacon\/#listItem","name":"Jelz\u0151rendszer a munkaer\u0151piacon?"},"previousItem":{"@type":"ListItem","@id":"https:\/\/allasorias.hu\/hirek#listItem","name":"Home"}},{"@type":"ListItem","@id":"https:\/\/allasorias.hu\/hirek\/jelzorendszer-a-munkaeropiacon\/#listItem","position":3,"name":"Jelz\u0151rendszer a munkaer\u0151piacon?","previousItem":{"@type":"ListItem","@id":"https:\/\/allasorias.hu\/hirek\/temak\/allaskereses\/#listItem","name":"\u00c1ll\u00e1skeres\u00e9s"}}]},{"@type":"Organization","@id":"https:\/\/allasorias.hu\/hirek\/#organization","name":"AllasOrias.hu | H\u00edrek-lapszemle","description":"\u00dczleti h\u00edrek az \u00e1ll\u00e1s \u00e9s a munka vil\u00e1g\u00e1b\u00f3l","url":"https:\/\/allasorias.hu\/hirek\/","logo":{"@type":"ImageObject","url":"https:\/\/allasorias.hu\/hirek\/wp-content\/uploads\/2022\/10\/allasorias_site_facebok_logo.png","@id":"https:\/\/allasorias.hu\/hirek\/jelzorendszer-a-munkaeropiacon\/#organizationLogo"},"image":{"@id":"https:\/\/allasorias.hu\/hirek\/jelzorendszer-a-munkaeropiacon\/#organizationLogo"},"sameAs":["https:\/\/www.facebook.com\/allasorias","https:\/\/www.linkedin.com\/company\/allasorias"]},{"@type":"Person","@id":"https:\/\/allasorias.hu\/hirek\/author\/admin-allasorias\/#author","url":"https:\/\/allasorias.hu\/hirek\/author\/admin-allasorias\/","name":"Juh\u00e1sz P\u00e9ter","image":{"@type":"ImageObject","@id":"https:\/\/allasorias.hu\/hirek\/jelzorendszer-a-munkaeropiacon\/#authorImage","url":"https:\/\/secure.gravatar.com\/avatar\/36e6bcb83148978b992977cb0f54d22feb0cce8a0a849a9410532bb2623ba4c6?s=96&d=mm&r=g","width":96,"height":96,"caption":"Juh\u00e1sz P\u00e9ter"}},{"@type":"WebPage","@id":"https:\/\/allasorias.hu\/hirek\/jelzorendszer-a-munkaeropiacon\/#webpage","url":"https:\/\/allasorias.hu\/hirek\/jelzorendszer-a-munkaeropiacon\/","name":"Jelz\u0151rendszer a munkaer\u0151piacon? | AllasOrias.hu | H\u00edrek-lapszemle","description":"A szakk\u00e9pz\u00e9st a munkaer\u0151piaci kereslethez kell igaz\u00edtani- ezt m\u00e1r sokszor hangoztatt\u00e1k a szakemberek. A Magyar Kereskedelmi \u00e9s Iparkamara eln\u00f6ke szerint sikeres a magyar szakk\u00e9pz\u00e9s \u00e1talak\u00edt\u00e1sa, a t\u00e9rs\u00e9g orsz\u00e1gaib\u00f3l jelent\u0151s az \u00e9rdekl\u0151d\u00e9s a korszer\u0171s\u00edtett rendszer ir\u00e1nt. V\u00e1rakoz\u00e1sa szerint helyre\u00e1llhat a k\u00e9tkezi munka megbecs\u00fcl\u00e9se is, de hangs\u00falyozta, hogy az \u00e1talak\u00edt\u00e1s folyamata nem z\u00e1rult le. Nyugati mint\u00e1ra pedig","inLanguage":"hu-HU","isPartOf":{"@id":"https:\/\/allasorias.hu\/hirek\/#website"},"breadcrumb":{"@id":"https:\/\/allasorias.hu\/hirek\/jelzorendszer-a-munkaeropiacon\/#breadcrumblist"},"author":{"@id":"https:\/\/allasorias.hu\/hirek\/author\/admin-allasorias\/#author"},"creator":{"@id":"https:\/\/allasorias.hu\/hirek\/author\/admin-allasorias\/#author"},"image":{"@type":"ImageObject","url":"https:\/\/allasorias.hu\/hirek\/wp-content\/uploads\/2018\/12\/construction-1510561_640.jpg","@id":"https:\/\/allasorias.hu\/hirek\/jelzorendszer-a-munkaeropiacon\/#mainImage","width":640,"height":426},"primaryImageOfPage":{"@id":"https:\/\/allasorias.hu\/hirek\/jelzorendszer-a-munkaeropiacon\/#mainImage"},"datePublished":"2019-03-13T10:17:02+02:00","dateModified":"2019-03-13T10:17:02+02:00"},{"@type":"WebSite","@id":"https:\/\/allasorias.hu\/hirek\/#website","url":"https:\/\/allasorias.hu\/hirek\/","name":"AllasOrias.hu | H\u00edrek-lapszemle","description":"\u00dczleti h\u00edrek az \u00e1ll\u00e1s \u00e9s a munka vil\u00e1g\u00e1b\u00f3l","inLanguage":"hu-HU","publisher":{"@id":"https:\/\/allasorias.hu\/hirek\/#organization"}}]},"og:locale":"hu_HU","og:site_name":"AllasOrias.hu | H\u00edrek-lapszemle | \u00dczleti h\u00edrek az \u00e1ll\u00e1s \u00e9s a munka vil\u00e1g\u00e1b\u00f3l","og:type":"article","og:title":"Jelz\u0151rendszer a munkaer\u0151piacon? | AllasOrias.hu | H\u00edrek-lapszemle","og:description":"A szakk\u00e9pz\u00e9st a munkaer\u0151piaci kereslethez kell igaz\u00edtani- ezt m\u00e1r sokszor hangoztatt\u00e1k a szakemberek. A Magyar Kereskedelmi \u00e9s Iparkamara eln\u00f6ke szerint sikeres a magyar szakk\u00e9pz\u00e9s \u00e1talak\u00edt\u00e1sa, a t\u00e9rs\u00e9g orsz\u00e1gaib\u00f3l jelent\u0151s az \u00e9rdekl\u0151d\u00e9s a korszer\u0171s\u00edtett rendszer ir\u00e1nt. V\u00e1rakoz\u00e1sa szerint helyre\u00e1llhat a k\u00e9tkezi munka megbecs\u00fcl\u00e9se is, de hangs\u00falyozta, hogy az \u00e1talak\u00edt\u00e1s folyamata nem z\u00e1rult le. Nyugati mint\u00e1ra pedig","og:url":"https:\/\/allasorias.hu\/hirek\/jelzorendszer-a-munkaeropiacon\/","og:image":"https:\/\/allasorias.hu\/hirek\/wp-content\/uploads\/2018\/12\/construction-1510561_640.jpg","og:image:secure_url":"https:\/\/allasorias.hu\/hirek\/wp-content\/uploads\/2018\/12\/construction-1510561_640.jpg","og:image:width":640,"og:image:height":426,"article:published_time":"2019-03-13T10:17:02+00:00","article:modified_time":"2019-03-13T10:17:02+00:00","article:publisher":"https:\/\/www.facebook.com\/allasorias","twitter:card":"summary_large_image","twitter:title":"Jelz\u0151rendszer a munkaer\u0151piacon? | AllasOrias.hu | H\u00edrek-lapszemle","twitter:description":"A szakk\u00e9pz\u00e9st a munkaer\u0151piaci kereslethez kell igaz\u00edtani- ezt m\u00e1r sokszor hangoztatt\u00e1k a szakemberek. A Magyar Kereskedelmi \u00e9s Iparkamara eln\u00f6ke szerint sikeres a magyar szakk\u00e9pz\u00e9s \u00e1talak\u00edt\u00e1sa, a t\u00e9rs\u00e9g orsz\u00e1gaib\u00f3l jelent\u0151s az \u00e9rdekl\u0151d\u00e9s a korszer\u0171s\u00edtett rendszer ir\u00e1nt. V\u00e1rakoz\u00e1sa szerint helyre\u00e1llhat a k\u00e9tkezi munka megbecs\u00fcl\u00e9se is, de hangs\u00falyozta, hogy az \u00e1talak\u00edt\u00e1s folyamata nem z\u00e1rult le. Nyugati mint\u00e1ra pedig","twitter:image":"https:\/\/allasorias.hu\/hirek\/wp-content\/uploads\/2018\/12\/construction-1510561_640.jpg","twitter:label1":"Written by","twitter:data1":"Juh\u00e1sz P\u00e9ter","twitter:label2":"Est. reading time","twitter:data2":"2 minutes"},"aioseo_meta_data":{"post_id":"2653","title":null,"description":null,"keywords":null,"keyphrases":null,"primary_term":null,"canonical_url":null,"og_title":null,"og_description":null,"og_object_type":"default","og_image_type":"default","og_image_url":null,"og_image_width":null,"og_image_height":null,"og_image_custom_url":null,"og_image_custom_fields":null,"og_video":null,"og_custom_url":null,"og_article_section":null,"og_article_tags":null,"twitter_use_og":false,"twitter_card":"default","twitter_image_type":"default","twitter_image_url":null,"twitter_image_custom_url":null,"twitter_image_custom_fields":null,"twitter_title":null,"twitter_description":null,"schema":{"blockGraphs":[],"customGraphs":[],"default":{"data":{"Article":[],"Course":[],"Dataset":[],"FAQPage":[],"Movie":[],"Person":[],"Product":[],"ProductReview":[],"Car":[],"Recipe":[],"Service":[],"SoftwareApplication":[],"WebPage":[]},"graphName":"","isEnabled":true},"graphs":[]},"schema_type":null,"schema_type_options":null,"pillar_content":false,"robots_default":true,"robots_noindex":false,"robots_noarchive":false,"robots_nosnippet":false,"robots_nofollow":false,"robots_noimageindex":false,"robots_noodp":false,"robots_notranslate":false,"robots_max_snippet":null,"robots_max_videopreview":null,"robots_max_imagepreview":"large","priority":null,"frequency":null,"location":null,"local_seo":null,"breadcrumb_settings":null,"limit_modified_date":false,"ai":null,"created":"2021-02-01 21:13:45","updated":"2025-10-02 10:15:26","seo_analyzer_scan_date":null,"focus_keyword":null,"additional_keywords":null,"truseo_locale":null},"aioseo_breadcrumb":"<div class=\"aioseo-breadcrumbs\"><span class=\"aioseo-breadcrumb\">\n\t\t\t<a href=\"https:\/\/allasorias.hu\/hirek\" title=\"Home\">Home<\/a>\n\t\t<\/span><span class=\"aioseo-breadcrumb-separator\">&raquo;<\/span><span class=\"aioseo-breadcrumb\">\n\t\t\t<a href=\"https:\/\/allasorias.hu\/hirek\/temak\/allaskereses\/\" title=\"\u00c1ll\u00e1skeres\u00e9s\">\u00c1ll\u00e1skeres\u00e9s<\/a>\n\t\t<\/span><span class=\"aioseo-breadcrumb-separator\">&raquo;<\/span><span class=\"aioseo-breadcrumb\">\n\t\t\tJelz\u0151rendszer a munkaer\u0151piacon?\n\t\t<\/span><\/div>","aioseo_breadcrumb_json":[{"label":"Home","link":"https:\/\/allasorias.hu\/hirek"},{"label":"\u00c1ll\u00e1skeres\u00e9s","link":"https:\/\/allasorias.hu\/hirek\/temak\/allaskereses\/"},{"label":"Jelz\u0151rendszer a munkaer\u0151piacon?","link":"https:\/\/allasorias.hu\/hirek\/jelzorendszer-a-munkaeropiacon\/"}],"_links":{"self":[{"href":"https:\/\/allasorias.hu\/hirek\/wp-json\/wp\/v2\/posts\/2653","targetHints":{"allow":["GET"]}}],"collection":[{"href":"https:\/\/allasorias.hu\/hirek\/wp-json\/wp\/v2\/posts"}],"about":[{"href":"https:\/\/allasorias.hu\/hirek\/wp-json\/wp\/v2\/types\/post"}],"author":[{"embeddable":true,"href":"https:\/\/allasorias.hu\/hirek\/wp-json\/wp\/v2\/users\/1"}],"replies":[{"embeddable":true,"href":"https:\/\/allasorias.hu\/hirek\/wp-json\/wp\/v2\/comments?post=2653"}],"version-history":[{"count":1,"href":"https:\/\/allasorias.hu\/hirek\/wp-json\/wp\/v2\/posts\/2653\/revisions"}],"predecessor-version":[{"id":2654,"href":"https:\/\/allasorias.hu\/hirek\/wp-json\/wp\/v2\/posts\/2653\/revisions\/2654"}],"wp:featuredmedia":[{"embeddable":true,"href":"https:\/\/allasorias.hu\/hirek\/wp-json\/wp\/v2\/media\/2295"}],"wp:attachment":[{"href":"https:\/\/allasorias.hu\/hirek\/wp-json\/wp\/v2\/media?parent=2653"}],"wp:term":[{"taxonomy":"category","embeddable":true,"href":"https:\/\/allasorias.hu\/hirek\/wp-json\/wp\/v2\/categories?post=2653"},{"taxonomy":"post_tag","embeddable":true,"href":"https:\/\/allasorias.hu\/hirek\/wp-json\/wp\/v2\/tags?post=2653"}],"curies":[{"name":"wp","href":"https:\/\/api.w.org\/{rel}","templated":true}]}}