{"id":2638,"date":"2019-03-08T08:46:12","date_gmt":"2019-03-08T08:46:12","guid":{"rendered":"https:\/\/allasorias.hu\/hirek\/?p=2638"},"modified":"2019-03-08T08:46:12","modified_gmt":"2019-03-08T08:46:12","slug":"lesz-egyszamjegyu-szemelyi-jovedelemado","status":"publish","type":"post","link":"https:\/\/allasorias.hu\/hirek\/lesz-egyszamjegyu-szemelyi-jovedelemado\/","title":{"rendered":"Lesz egysz\u00e1mjegy\u0171 szem\u00e9lyi j\u00f6vedelemad\u00f3?"},"content":{"rendered":"<p><strong>Az MNB versenyk\u00e9pess\u00e9gi programj\u00e1ban olvashat\u00f3, hogy az szja cs\u00f6kkent\u00e9se j\u00f3t tenne a lakoss\u00e1gi \u00e1llampap\u00edr-v\u00e1s\u00e1rl\u00e1soknak, \u00edgy az \u00f6nfinansz\u00edroz\u00e1snak is. K\u00e9ts\u00e9gtelen, hogy az elm\u00falt \u00e9vekben t\u00f6bbf\u00e9le ad\u00f3cs\u00f6kkent\u00e9s t\u00f6rt\u00e9nt, el\u0151sz\u00f6r az szja lett egys\u00e9gesen 16 sz\u00e1zal\u00e9kos, ez k\u00e9s\u0151bb 15-re cs\u00f6kkent, a munk\u00e1t terhel\u0151 ad\u00f3k k\u00f6z\u00fcl a szocho m\u00e9rs\u00e9kl\u0151d\u00f6tt, annak is a munkaad\u00f3k \u00e1ltal fizetend\u0151 r\u00e9sze: ez 27-r\u0151l 19,5 sz\u00e1zal\u00e9kra cs\u00f6kkent.<\/strong><\/p>\n<p style=\"text-align: justify;\">Most \u00fagy t\u0171nik, hogy a legnagyobb egyjegy\u0171 sz\u00e1mnak b\u0171v\u00f6s l\u00e9lektani jelent\u0151s\u00e9ge van d\u00f6nt\u00e9shoz\u00f3 k\u00f6r\u00f6kben, mert az szja eset\u00e9ben is t\u00f6bbsz\u00f6r megc\u00e9lozt\u00e1k m\u00e1r a mostani 15 sz\u00e1zal\u00e9khoz k\u00e9pest meglep\u0151en alacsony sz\u00e1mot. A versenyk\u00e9pess\u00e9gi program nem \u00edrja le pontosan, hogyan kellene m\u00f3dos\u00edtani az eddigi terveken, de az egysz\u00e1mjegy\u0171 szja kulcs szerepel benne. Ha a 6 \u00e9ves ad\u00f3cs\u00f6kkent\u00e9si programban szerepl\u0151 m\u00e9g \u00f6sszesen 8 sz\u00e1zal\u00e9kpontos szocho cs\u00f6kkent\u00e9s \u00e9s a 6 sz\u00e1zal\u00e9kpontos szja cs\u00f6kkent\u00e9s egyszerre val\u00f3sulna meg, az olyan bev\u00e9telkies\u00e9st okozna a k\u00f6lts\u00e9gvet\u00e9snek, ami sehogy nem lenne p\u00f3tolhat\u00f3, \u00e9s a kiad\u00e1sok sem cs\u00f6kkenthet\u0151k ilyen m\u00e9rt\u00e9kben.\u00cdgy v\u00e9lhet\u0151en v\u00e1lasztani kell a kett\u0151 k\u00f6z\u00f6tt. A szocho 2 sz\u00e1zal\u00e9kkal cs\u00f6kken j\u00faliust\u00f3l, ebb\u0151l m\u00e1r nem lenne sz\u00e9p kih\u00e1tr\u00e1lni, viszont a k\u00f6vetkez\u0151 3 \u00e9vre kit\u0171z\u00f6tt, \u00e9s megfelel\u0151 re\u00e1lb\u00e9r-emelked\u00e9shez k\u00f6t\u00f6tt marad\u00e9k 6 sz\u00e1zal\u00e9kpont elmaradhatna, \u00e9s hely\u00e9re bel\u00e9phetne az szja 6 sz\u00e1zal\u00e9kpontos cs\u00f6kkent\u00e9se. A v\u00e9geredm\u00e9ny kicsit nagyobb bev\u00e9telkies\u00e9s lenne (az szja kicsit sz\u00e9lesebb k\u00f6rt \u00e9rint, mint a szocho), de nem akkora, ami felbor\u00edtan\u00e1 az egyens\u00falyt.A k\u00f6lts\u00e9gvet\u00e9s idei v\u00e1rhat\u00f3 bev\u00e9tele a szem\u00e9lyi j\u00f6vedelemad\u00f3b\u00f3l 2300-2400 milli\u00e1rd forint. Ez 9 sz\u00e1zal\u00e9kos ad\u00f3kulcs eset\u00e9n 1400 milli\u00e1rd forint k\u00f6r\u00fcli \u00f6sszegre cs\u00f6kkenne, vagyis ezermilli\u00e1rdos kies\u00e9s \u00e9rn\u00e9 az \u00e1llamot. Ezt kompenz\u00e1lhatja az, ha az szja bev\u00e9telek n\u00f6veked\u00e9si \u00fcteme az eddigiekhez hasonl\u00f3an nagyobb marad, mint a k\u00f6lts\u00e9gvet\u00e9s kiad\u00e1sainak n\u00f6veked\u00e9se, de emellett val\u00f3sz\u00edn\u0171leg komoly kiad\u00e1scs\u00f6kkent\u00e9sre is sz\u00fcks\u00e9g lenne.<\/p>\n<p>Forr\u00e1s: privatbankar.hu<\/p>\n","protected":false},"excerpt":{"rendered":"<p>Az MNB versenyk\u00e9pess\u00e9gi programj\u00e1ban olvashat\u00f3, hogy az szja cs\u00f6kkent\u00e9se j\u00f3t tenne a lakoss\u00e1gi \u00e1llampap\u00edr-v\u00e1s\u00e1rl\u00e1soknak, \u00edgy az \u00f6nfinansz\u00edroz\u00e1snak is. K\u00e9ts\u00e9gtelen, hogy az elm\u00falt \u00e9vekben t\u00f6bbf\u00e9le ad\u00f3cs\u00f6kkent\u00e9s t\u00f6rt\u00e9nt, el\u0151sz\u00f6r az szja lett egys\u00e9gesen 16 sz\u00e1zal\u00e9kos, ez k\u00e9s\u0151bb 15-re cs\u00f6kkent, a munk\u00e1t terhel\u0151 ad\u00f3k k\u00f6z\u00fcl a szocho m\u00e9rs\u00e9kl\u0151d\u00f6tt, annak is a munkaad\u00f3k \u00e1ltal fizetend\u0151 r\u00e9sze: ez 27-r\u0151l 19,5 [&hellip;]<\/p>\n","protected":false},"author":1,"featured_media":2639,"comment_status":"open","ping_status":"open","sticky":false,"template":"","format":"standard","meta":{"_monsterinsights_skip_tracking":false,"footnotes":""},"categories":[198],"tags":[],"class_list":["post-2638","post","type-post","status-publish","format-standard","has-post-thumbnail","hentry","category-gazdasag"],"aioseo_notices":[],"aioseo_head":"\n\t\t<!-- All in One SEO 5.0.0.1 - aioseo.com -->\n\t<meta name=\"description\" content=\"Az MNB versenyk\u00e9pess\u00e9gi programj\u00e1ban olvashat\u00f3, hogy az szja cs\u00f6kkent\u00e9se j\u00f3t tenne a lakoss\u00e1gi \u00e1llampap\u00edr-v\u00e1s\u00e1rl\u00e1soknak, \u00edgy az \u00f6nfinansz\u00edroz\u00e1snak is. K\u00e9ts\u00e9gtelen, hogy az elm\u00falt \u00e9vekben t\u00f6bbf\u00e9le ad\u00f3cs\u00f6kkent\u00e9s t\u00f6rt\u00e9nt, el\u0151sz\u00f6r az szja lett egys\u00e9gesen 16 sz\u00e1zal\u00e9kos, ez k\u00e9s\u0151bb 15-re cs\u00f6kkent, a munk\u00e1t terhel\u0151 ad\u00f3k k\u00f6z\u00fcl a szocho m\u00e9rs\u00e9kl\u0151d\u00f6tt, annak is a munkaad\u00f3k \u00e1ltal fizetend\u0151 r\u00e9sze: ez 27-r\u0151l 19,5\" \/>\n\t<meta name=\"robots\" content=\"max-image-preview:large\" \/>\n\t<meta name=\"author\" content=\"Juh\u00e1sz P\u00e9ter\"\/>\n\t<link rel=\"canonical\" href=\"https:\/\/allasorias.hu\/hirek\/lesz-egyszamjegyu-szemelyi-jovedelemado\/\" \/>\n\t<meta name=\"generator\" content=\"All in One SEO (AIOSEO) 5.0.0.1\" \/>\n\t\t<meta property=\"og:locale\" content=\"hu_HU\" \/>\n\t\t<meta property=\"og:site_name\" content=\"AllasOrias.hu | H\u00edrek-lapszemle | \u00dczleti h\u00edrek az \u00e1ll\u00e1s \u00e9s a munka vil\u00e1g\u00e1b\u00f3l\" \/>\n\t\t<meta property=\"og:type\" content=\"article\" \/>\n\t\t<meta property=\"og:title\" content=\"Lesz egysz\u00e1mjegy\u0171 szem\u00e9lyi j\u00f6vedelemad\u00f3? | AllasOrias.hu | H\u00edrek-lapszemle\" \/>\n\t\t<meta property=\"og:description\" content=\"Az MNB versenyk\u00e9pess\u00e9gi programj\u00e1ban olvashat\u00f3, hogy az szja cs\u00f6kkent\u00e9se j\u00f3t tenne a lakoss\u00e1gi \u00e1llampap\u00edr-v\u00e1s\u00e1rl\u00e1soknak, \u00edgy az \u00f6nfinansz\u00edroz\u00e1snak is. K\u00e9ts\u00e9gtelen, hogy az elm\u00falt \u00e9vekben t\u00f6bbf\u00e9le ad\u00f3cs\u00f6kkent\u00e9s t\u00f6rt\u00e9nt, el\u0151sz\u00f6r az szja lett egys\u00e9gesen 16 sz\u00e1zal\u00e9kos, ez k\u00e9s\u0151bb 15-re cs\u00f6kkent, a munk\u00e1t terhel\u0151 ad\u00f3k k\u00f6z\u00fcl a szocho m\u00e9rs\u00e9kl\u0151d\u00f6tt, annak is a munkaad\u00f3k \u00e1ltal fizetend\u0151 r\u00e9sze: ez 27-r\u0151l 19,5\" \/>\n\t\t<meta property=\"og:url\" content=\"https:\/\/allasorias.hu\/hirek\/lesz-egyszamjegyu-szemelyi-jovedelemado\/\" \/>\n\t\t<meta property=\"og:image\" content=\"https:\/\/allasorias.hu\/hirek\/wp-content\/uploads\/2019\/03\/pexels-photo-209224-1.jpeg\" \/>\n\t\t<meta property=\"og:image:secure_url\" content=\"https:\/\/allasorias.hu\/hirek\/wp-content\/uploads\/2019\/03\/pexels-photo-209224-1.jpeg\" \/>\n\t\t<meta property=\"og:image:width\" content=\"640\" \/>\n\t\t<meta property=\"og:image:height\" content=\"426\" \/>\n\t\t<meta property=\"article:published_time\" content=\"2019-03-08T08:46:12+00:00\" \/>\n\t\t<meta property=\"article:modified_time\" content=\"2019-03-08T08:46:12+00:00\" \/>\n\t\t<meta property=\"article:publisher\" content=\"https:\/\/www.facebook.com\/allasorias\" \/>\n\t\t<meta name=\"twitter:card\" content=\"summary_large_image\" \/>\n\t\t<meta name=\"twitter:title\" content=\"Lesz egysz\u00e1mjegy\u0171 szem\u00e9lyi j\u00f6vedelemad\u00f3? | AllasOrias.hu | H\u00edrek-lapszemle\" \/>\n\t\t<meta name=\"twitter:description\" content=\"Az MNB versenyk\u00e9pess\u00e9gi programj\u00e1ban olvashat\u00f3, hogy az szja cs\u00f6kkent\u00e9se j\u00f3t tenne a lakoss\u00e1gi \u00e1llampap\u00edr-v\u00e1s\u00e1rl\u00e1soknak, \u00edgy az \u00f6nfinansz\u00edroz\u00e1snak is. K\u00e9ts\u00e9gtelen, hogy az elm\u00falt \u00e9vekben t\u00f6bbf\u00e9le ad\u00f3cs\u00f6kkent\u00e9s t\u00f6rt\u00e9nt, el\u0151sz\u00f6r az szja lett egys\u00e9gesen 16 sz\u00e1zal\u00e9kos, ez k\u00e9s\u0151bb 15-re cs\u00f6kkent, a munk\u00e1t terhel\u0151 ad\u00f3k k\u00f6z\u00fcl a szocho m\u00e9rs\u00e9kl\u0151d\u00f6tt, annak is a munkaad\u00f3k \u00e1ltal fizetend\u0151 r\u00e9sze: ez 27-r\u0151l 19,5\" \/>\n\t\t<meta name=\"twitter:image\" content=\"https:\/\/allasorias.hu\/hirek\/wp-content\/uploads\/2019\/03\/pexels-photo-209224-1.jpeg\" \/>\n\t\t<meta name=\"twitter:label1\" content=\"Written by\" \/>\n\t\t<meta name=\"twitter:data1\" content=\"Juh\u00e1sz P\u00e9ter\" \/>\n\t\t<meta name=\"twitter:label2\" content=\"Est. reading time\" \/>\n\t\t<meta name=\"twitter:data2\" content=\"2 minutes\" \/>\n\t\t<script type=\"application\/ld+json\" class=\"aioseo-schema\">\n\t\t\t{\"@context\":\"https:\\\/\\\/schema.org\",\"@graph\":[{\"@type\":\"Article\",\"@id\":\"https:\\\/\\\/allasorias.hu\\\/hirek\\\/lesz-egyszamjegyu-szemelyi-jovedelemado\\\/#article\",\"name\":\"Lesz egysz\\u00e1mjegy\\u0171 szem\\u00e9lyi j\\u00f6vedelemad\\u00f3? | AllasOrias.hu | H\\u00edrek-lapszemle\",\"headline\":\"Lesz egysz\\u00e1mjegy\\u0171 szem\\u00e9lyi j\\u00f6vedelemad\\u00f3?\",\"author\":{\"@id\":\"https:\\\/\\\/allasorias.hu\\\/hirek\\\/author\\\/admin-allasorias\\\/#author\"},\"publisher\":{\"@id\":\"https:\\\/\\\/allasorias.hu\\\/hirek\\\/#organization\"},\"image\":{\"@type\":\"ImageObject\",\"url\":\"https:\\\/\\\/allasorias.hu\\\/hirek\\\/wp-content\\\/uploads\\\/2019\\\/03\\\/pexels-photo-209224-1.jpeg\",\"width\":640,\"height\":426},\"datePublished\":\"2019-03-08T08:46:12+02:00\",\"dateModified\":\"2019-03-08T08:46:12+02:00\",\"inLanguage\":\"hu-HU\",\"mainEntityOfPage\":{\"@id\":\"https:\\\/\\\/allasorias.hu\\\/hirek\\\/lesz-egyszamjegyu-szemelyi-jovedelemado\\\/#webpage\"},\"isPartOf\":{\"@id\":\"https:\\\/\\\/allasorias.hu\\\/hirek\\\/lesz-egyszamjegyu-szemelyi-jovedelemado\\\/#webpage\"},\"articleSection\":\"Gazdas\\u00e1g\"},{\"@type\":\"BreadcrumbList\",\"@id\":\"https:\\\/\\\/allasorias.hu\\\/hirek\\\/lesz-egyszamjegyu-szemelyi-jovedelemado\\\/#breadcrumblist\",\"itemListElement\":[{\"@type\":\"ListItem\",\"@id\":\"https:\\\/\\\/allasorias.hu\\\/hirek#listItem\",\"position\":1,\"name\":\"Home\",\"item\":\"https:\\\/\\\/allasorias.hu\\\/hirek\",\"nextItem\":{\"@type\":\"ListItem\",\"@id\":\"https:\\\/\\\/allasorias.hu\\\/hirek\\\/temak\\\/gazdasag\\\/#listItem\",\"name\":\"Gazdas\\u00e1g\"}},{\"@type\":\"ListItem\",\"@id\":\"https:\\\/\\\/allasorias.hu\\\/hirek\\\/temak\\\/gazdasag\\\/#listItem\",\"position\":2,\"name\":\"Gazdas\\u00e1g\",\"item\":\"https:\\\/\\\/allasorias.hu\\\/hirek\\\/temak\\\/gazdasag\\\/\",\"nextItem\":{\"@type\":\"ListItem\",\"@id\":\"https:\\\/\\\/allasorias.hu\\\/hirek\\\/lesz-egyszamjegyu-szemelyi-jovedelemado\\\/#listItem\",\"name\":\"Lesz egysz\\u00e1mjegy\\u0171 szem\\u00e9lyi j\\u00f6vedelemad\\u00f3?\"},\"previousItem\":{\"@type\":\"ListItem\",\"@id\":\"https:\\\/\\\/allasorias.hu\\\/hirek#listItem\",\"name\":\"Home\"}},{\"@type\":\"ListItem\",\"@id\":\"https:\\\/\\\/allasorias.hu\\\/hirek\\\/lesz-egyszamjegyu-szemelyi-jovedelemado\\\/#listItem\",\"position\":3,\"name\":\"Lesz egysz\\u00e1mjegy\\u0171 szem\\u00e9lyi j\\u00f6vedelemad\\u00f3?\",\"previousItem\":{\"@type\":\"ListItem\",\"@id\":\"https:\\\/\\\/allasorias.hu\\\/hirek\\\/temak\\\/gazdasag\\\/#listItem\",\"name\":\"Gazdas\\u00e1g\"}}]},{\"@type\":\"Organization\",\"@id\":\"https:\\\/\\\/allasorias.hu\\\/hirek\\\/#organization\",\"name\":\"AllasOrias.hu | H\\u00edrek-lapszemle\",\"description\":\"\\u00dczleti h\\u00edrek az \\u00e1ll\\u00e1s \\u00e9s a munka vil\\u00e1g\\u00e1b\\u00f3l\",\"url\":\"https:\\\/\\\/allasorias.hu\\\/hirek\\\/\",\"logo\":{\"@type\":\"ImageObject\",\"url\":\"https:\\\/\\\/allasorias.hu\\\/hirek\\\/wp-content\\\/uploads\\\/2022\\\/10\\\/allasorias_site_facebok_logo.png\",\"@id\":\"https:\\\/\\\/allasorias.hu\\\/hirek\\\/lesz-egyszamjegyu-szemelyi-jovedelemado\\\/#organizationLogo\"},\"image\":{\"@id\":\"https:\\\/\\\/allasorias.hu\\\/hirek\\\/lesz-egyszamjegyu-szemelyi-jovedelemado\\\/#organizationLogo\"},\"sameAs\":[\"https:\\\/\\\/www.facebook.com\\\/allasorias\",\"https:\\\/\\\/www.linkedin.com\\\/company\\\/allasorias\"]},{\"@type\":\"Person\",\"@id\":\"https:\\\/\\\/allasorias.hu\\\/hirek\\\/author\\\/admin-allasorias\\\/#author\",\"url\":\"https:\\\/\\\/allasorias.hu\\\/hirek\\\/author\\\/admin-allasorias\\\/\",\"name\":\"Juh\\u00e1sz P\\u00e9ter\",\"image\":{\"@type\":\"ImageObject\",\"@id\":\"https:\\\/\\\/allasorias.hu\\\/hirek\\\/lesz-egyszamjegyu-szemelyi-jovedelemado\\\/#authorImage\",\"url\":\"https:\\\/\\\/secure.gravatar.com\\\/avatar\\\/36e6bcb83148978b992977cb0f54d22feb0cce8a0a849a9410532bb2623ba4c6?s=96&d=mm&r=g\",\"width\":96,\"height\":96,\"caption\":\"Juh\\u00e1sz P\\u00e9ter\"}},{\"@type\":\"WebPage\",\"@id\":\"https:\\\/\\\/allasorias.hu\\\/hirek\\\/lesz-egyszamjegyu-szemelyi-jovedelemado\\\/#webpage\",\"url\":\"https:\\\/\\\/allasorias.hu\\\/hirek\\\/lesz-egyszamjegyu-szemelyi-jovedelemado\\\/\",\"name\":\"Lesz egysz\\u00e1mjegy\\u0171 szem\\u00e9lyi j\\u00f6vedelemad\\u00f3? | AllasOrias.hu | H\\u00edrek-lapszemle\",\"description\":\"Az MNB versenyk\\u00e9pess\\u00e9gi programj\\u00e1ban olvashat\\u00f3, hogy az szja cs\\u00f6kkent\\u00e9se j\\u00f3t tenne a lakoss\\u00e1gi \\u00e1llampap\\u00edr-v\\u00e1s\\u00e1rl\\u00e1soknak, \\u00edgy az \\u00f6nfinansz\\u00edroz\\u00e1snak is. K\\u00e9ts\\u00e9gtelen, hogy az elm\\u00falt \\u00e9vekben t\\u00f6bbf\\u00e9le ad\\u00f3cs\\u00f6kkent\\u00e9s t\\u00f6rt\\u00e9nt, el\\u0151sz\\u00f6r az szja lett egys\\u00e9gesen 16 sz\\u00e1zal\\u00e9kos, ez k\\u00e9s\\u0151bb 15-re cs\\u00f6kkent, a munk\\u00e1t terhel\\u0151 ad\\u00f3k k\\u00f6z\\u00fcl a szocho m\\u00e9rs\\u00e9kl\\u0151d\\u00f6tt, annak is a munkaad\\u00f3k \\u00e1ltal fizetend\\u0151 r\\u00e9sze: ez 27-r\\u0151l 19,5\",\"inLanguage\":\"hu-HU\",\"isPartOf\":{\"@id\":\"https:\\\/\\\/allasorias.hu\\\/hirek\\\/#website\"},\"breadcrumb\":{\"@id\":\"https:\\\/\\\/allasorias.hu\\\/hirek\\\/lesz-egyszamjegyu-szemelyi-jovedelemado\\\/#breadcrumblist\"},\"author\":{\"@id\":\"https:\\\/\\\/allasorias.hu\\\/hirek\\\/author\\\/admin-allasorias\\\/#author\"},\"creator\":{\"@id\":\"https:\\\/\\\/allasorias.hu\\\/hirek\\\/author\\\/admin-allasorias\\\/#author\"},\"image\":{\"@type\":\"ImageObject\",\"url\":\"https:\\\/\\\/allasorias.hu\\\/hirek\\\/wp-content\\\/uploads\\\/2019\\\/03\\\/pexels-photo-209224-1.jpeg\",\"@id\":\"https:\\\/\\\/allasorias.hu\\\/hirek\\\/lesz-egyszamjegyu-szemelyi-jovedelemado\\\/#mainImage\",\"width\":640,\"height\":426},\"primaryImageOfPage\":{\"@id\":\"https:\\\/\\\/allasorias.hu\\\/hirek\\\/lesz-egyszamjegyu-szemelyi-jovedelemado\\\/#mainImage\"},\"datePublished\":\"2019-03-08T08:46:12+02:00\",\"dateModified\":\"2019-03-08T08:46:12+02:00\"},{\"@type\":\"WebSite\",\"@id\":\"https:\\\/\\\/allasorias.hu\\\/hirek\\\/#website\",\"url\":\"https:\\\/\\\/allasorias.hu\\\/hirek\\\/\",\"name\":\"AllasOrias.hu | H\\u00edrek-lapszemle\",\"description\":\"\\u00dczleti h\\u00edrek az \\u00e1ll\\u00e1s \\u00e9s a munka vil\\u00e1g\\u00e1b\\u00f3l\",\"inLanguage\":\"hu-HU\",\"publisher\":{\"@id\":\"https:\\\/\\\/allasorias.hu\\\/hirek\\\/#organization\"}}]}\n\t\t<\/script>\n\t\t<!-- All in One SEO -->\n\n","aioseo_head_json":{"title":"Lesz egysz\u00e1mjegy\u0171 szem\u00e9lyi j\u00f6vedelemad\u00f3? | AllasOrias.hu | H\u00edrek-lapszemle","description":"Az MNB versenyk\u00e9pess\u00e9gi programj\u00e1ban olvashat\u00f3, hogy az szja cs\u00f6kkent\u00e9se j\u00f3t tenne a lakoss\u00e1gi \u00e1llampap\u00edr-v\u00e1s\u00e1rl\u00e1soknak, \u00edgy az \u00f6nfinansz\u00edroz\u00e1snak is. K\u00e9ts\u00e9gtelen, hogy az elm\u00falt \u00e9vekben t\u00f6bbf\u00e9le ad\u00f3cs\u00f6kkent\u00e9s t\u00f6rt\u00e9nt, el\u0151sz\u00f6r az szja lett egys\u00e9gesen 16 sz\u00e1zal\u00e9kos, ez k\u00e9s\u0151bb 15-re cs\u00f6kkent, a munk\u00e1t terhel\u0151 ad\u00f3k k\u00f6z\u00fcl a szocho m\u00e9rs\u00e9kl\u0151d\u00f6tt, annak is a munkaad\u00f3k \u00e1ltal fizetend\u0151 r\u00e9sze: ez 27-r\u0151l 19,5","canonical_url":"https:\/\/allasorias.hu\/hirek\/lesz-egyszamjegyu-szemelyi-jovedelemado\/","robots":"max-image-preview:large","keywords":"","webmasterTools":{"miscellaneous":""},"schema":{"@context":"https:\/\/schema.org","@graph":[{"@type":"Article","@id":"https:\/\/allasorias.hu\/hirek\/lesz-egyszamjegyu-szemelyi-jovedelemado\/#article","name":"Lesz egysz\u00e1mjegy\u0171 szem\u00e9lyi j\u00f6vedelemad\u00f3? | AllasOrias.hu | H\u00edrek-lapszemle","headline":"Lesz egysz\u00e1mjegy\u0171 szem\u00e9lyi j\u00f6vedelemad\u00f3?","author":{"@id":"https:\/\/allasorias.hu\/hirek\/author\/admin-allasorias\/#author"},"publisher":{"@id":"https:\/\/allasorias.hu\/hirek\/#organization"},"image":{"@type":"ImageObject","url":"https:\/\/allasorias.hu\/hirek\/wp-content\/uploads\/2019\/03\/pexels-photo-209224-1.jpeg","width":640,"height":426},"datePublished":"2019-03-08T08:46:12+02:00","dateModified":"2019-03-08T08:46:12+02:00","inLanguage":"hu-HU","mainEntityOfPage":{"@id":"https:\/\/allasorias.hu\/hirek\/lesz-egyszamjegyu-szemelyi-jovedelemado\/#webpage"},"isPartOf":{"@id":"https:\/\/allasorias.hu\/hirek\/lesz-egyszamjegyu-szemelyi-jovedelemado\/#webpage"},"articleSection":"Gazdas\u00e1g"},{"@type":"BreadcrumbList","@id":"https:\/\/allasorias.hu\/hirek\/lesz-egyszamjegyu-szemelyi-jovedelemado\/#breadcrumblist","itemListElement":[{"@type":"ListItem","@id":"https:\/\/allasorias.hu\/hirek#listItem","position":1,"name":"Home","item":"https:\/\/allasorias.hu\/hirek","nextItem":{"@type":"ListItem","@id":"https:\/\/allasorias.hu\/hirek\/temak\/gazdasag\/#listItem","name":"Gazdas\u00e1g"}},{"@type":"ListItem","@id":"https:\/\/allasorias.hu\/hirek\/temak\/gazdasag\/#listItem","position":2,"name":"Gazdas\u00e1g","item":"https:\/\/allasorias.hu\/hirek\/temak\/gazdasag\/","nextItem":{"@type":"ListItem","@id":"https:\/\/allasorias.hu\/hirek\/lesz-egyszamjegyu-szemelyi-jovedelemado\/#listItem","name":"Lesz egysz\u00e1mjegy\u0171 szem\u00e9lyi j\u00f6vedelemad\u00f3?"},"previousItem":{"@type":"ListItem","@id":"https:\/\/allasorias.hu\/hirek#listItem","name":"Home"}},{"@type":"ListItem","@id":"https:\/\/allasorias.hu\/hirek\/lesz-egyszamjegyu-szemelyi-jovedelemado\/#listItem","position":3,"name":"Lesz egysz\u00e1mjegy\u0171 szem\u00e9lyi j\u00f6vedelemad\u00f3?","previousItem":{"@type":"ListItem","@id":"https:\/\/allasorias.hu\/hirek\/temak\/gazdasag\/#listItem","name":"Gazdas\u00e1g"}}]},{"@type":"Organization","@id":"https:\/\/allasorias.hu\/hirek\/#organization","name":"AllasOrias.hu | H\u00edrek-lapszemle","description":"\u00dczleti h\u00edrek az \u00e1ll\u00e1s \u00e9s a munka vil\u00e1g\u00e1b\u00f3l","url":"https:\/\/allasorias.hu\/hirek\/","logo":{"@type":"ImageObject","url":"https:\/\/allasorias.hu\/hirek\/wp-content\/uploads\/2022\/10\/allasorias_site_facebok_logo.png","@id":"https:\/\/allasorias.hu\/hirek\/lesz-egyszamjegyu-szemelyi-jovedelemado\/#organizationLogo"},"image":{"@id":"https:\/\/allasorias.hu\/hirek\/lesz-egyszamjegyu-szemelyi-jovedelemado\/#organizationLogo"},"sameAs":["https:\/\/www.facebook.com\/allasorias","https:\/\/www.linkedin.com\/company\/allasorias"]},{"@type":"Person","@id":"https:\/\/allasorias.hu\/hirek\/author\/admin-allasorias\/#author","url":"https:\/\/allasorias.hu\/hirek\/author\/admin-allasorias\/","name":"Juh\u00e1sz P\u00e9ter","image":{"@type":"ImageObject","@id":"https:\/\/allasorias.hu\/hirek\/lesz-egyszamjegyu-szemelyi-jovedelemado\/#authorImage","url":"https:\/\/secure.gravatar.com\/avatar\/36e6bcb83148978b992977cb0f54d22feb0cce8a0a849a9410532bb2623ba4c6?s=96&d=mm&r=g","width":96,"height":96,"caption":"Juh\u00e1sz P\u00e9ter"}},{"@type":"WebPage","@id":"https:\/\/allasorias.hu\/hirek\/lesz-egyszamjegyu-szemelyi-jovedelemado\/#webpage","url":"https:\/\/allasorias.hu\/hirek\/lesz-egyszamjegyu-szemelyi-jovedelemado\/","name":"Lesz egysz\u00e1mjegy\u0171 szem\u00e9lyi j\u00f6vedelemad\u00f3? | AllasOrias.hu | H\u00edrek-lapszemle","description":"Az MNB versenyk\u00e9pess\u00e9gi programj\u00e1ban olvashat\u00f3, hogy az szja cs\u00f6kkent\u00e9se j\u00f3t tenne a lakoss\u00e1gi \u00e1llampap\u00edr-v\u00e1s\u00e1rl\u00e1soknak, \u00edgy az \u00f6nfinansz\u00edroz\u00e1snak is. K\u00e9ts\u00e9gtelen, hogy az elm\u00falt \u00e9vekben t\u00f6bbf\u00e9le ad\u00f3cs\u00f6kkent\u00e9s t\u00f6rt\u00e9nt, el\u0151sz\u00f6r az szja lett egys\u00e9gesen 16 sz\u00e1zal\u00e9kos, ez k\u00e9s\u0151bb 15-re cs\u00f6kkent, a munk\u00e1t terhel\u0151 ad\u00f3k k\u00f6z\u00fcl a szocho m\u00e9rs\u00e9kl\u0151d\u00f6tt, annak is a munkaad\u00f3k \u00e1ltal fizetend\u0151 r\u00e9sze: ez 27-r\u0151l 19,5","inLanguage":"hu-HU","isPartOf":{"@id":"https:\/\/allasorias.hu\/hirek\/#website"},"breadcrumb":{"@id":"https:\/\/allasorias.hu\/hirek\/lesz-egyszamjegyu-szemelyi-jovedelemado\/#breadcrumblist"},"author":{"@id":"https:\/\/allasorias.hu\/hirek\/author\/admin-allasorias\/#author"},"creator":{"@id":"https:\/\/allasorias.hu\/hirek\/author\/admin-allasorias\/#author"},"image":{"@type":"ImageObject","url":"https:\/\/allasorias.hu\/hirek\/wp-content\/uploads\/2019\/03\/pexels-photo-209224-1.jpeg","@id":"https:\/\/allasorias.hu\/hirek\/lesz-egyszamjegyu-szemelyi-jovedelemado\/#mainImage","width":640,"height":426},"primaryImageOfPage":{"@id":"https:\/\/allasorias.hu\/hirek\/lesz-egyszamjegyu-szemelyi-jovedelemado\/#mainImage"},"datePublished":"2019-03-08T08:46:12+02:00","dateModified":"2019-03-08T08:46:12+02:00"},{"@type":"WebSite","@id":"https:\/\/allasorias.hu\/hirek\/#website","url":"https:\/\/allasorias.hu\/hirek\/","name":"AllasOrias.hu | H\u00edrek-lapszemle","description":"\u00dczleti h\u00edrek az \u00e1ll\u00e1s \u00e9s a munka vil\u00e1g\u00e1b\u00f3l","inLanguage":"hu-HU","publisher":{"@id":"https:\/\/allasorias.hu\/hirek\/#organization"}}]},"og:locale":"hu_HU","og:site_name":"AllasOrias.hu | H\u00edrek-lapszemle | \u00dczleti h\u00edrek az \u00e1ll\u00e1s \u00e9s a munka vil\u00e1g\u00e1b\u00f3l","og:type":"article","og:title":"Lesz egysz\u00e1mjegy\u0171 szem\u00e9lyi j\u00f6vedelemad\u00f3? | AllasOrias.hu | H\u00edrek-lapszemle","og:description":"Az MNB versenyk\u00e9pess\u00e9gi programj\u00e1ban olvashat\u00f3, hogy az szja cs\u00f6kkent\u00e9se j\u00f3t tenne a lakoss\u00e1gi \u00e1llampap\u00edr-v\u00e1s\u00e1rl\u00e1soknak, \u00edgy az \u00f6nfinansz\u00edroz\u00e1snak is. K\u00e9ts\u00e9gtelen, hogy az elm\u00falt \u00e9vekben t\u00f6bbf\u00e9le ad\u00f3cs\u00f6kkent\u00e9s t\u00f6rt\u00e9nt, el\u0151sz\u00f6r az szja lett egys\u00e9gesen 16 sz\u00e1zal\u00e9kos, ez k\u00e9s\u0151bb 15-re cs\u00f6kkent, a munk\u00e1t terhel\u0151 ad\u00f3k k\u00f6z\u00fcl a szocho m\u00e9rs\u00e9kl\u0151d\u00f6tt, annak is a munkaad\u00f3k \u00e1ltal fizetend\u0151 r\u00e9sze: ez 27-r\u0151l 19,5","og:url":"https:\/\/allasorias.hu\/hirek\/lesz-egyszamjegyu-szemelyi-jovedelemado\/","og:image":"https:\/\/allasorias.hu\/hirek\/wp-content\/uploads\/2019\/03\/pexels-photo-209224-1.jpeg","og:image:secure_url":"https:\/\/allasorias.hu\/hirek\/wp-content\/uploads\/2019\/03\/pexels-photo-209224-1.jpeg","og:image:width":640,"og:image:height":426,"article:published_time":"2019-03-08T08:46:12+00:00","article:modified_time":"2019-03-08T08:46:12+00:00","article:publisher":"https:\/\/www.facebook.com\/allasorias","twitter:card":"summary_large_image","twitter:title":"Lesz egysz\u00e1mjegy\u0171 szem\u00e9lyi j\u00f6vedelemad\u00f3? | AllasOrias.hu | H\u00edrek-lapszemle","twitter:description":"Az MNB versenyk\u00e9pess\u00e9gi programj\u00e1ban olvashat\u00f3, hogy az szja cs\u00f6kkent\u00e9se j\u00f3t tenne a lakoss\u00e1gi \u00e1llampap\u00edr-v\u00e1s\u00e1rl\u00e1soknak, \u00edgy az \u00f6nfinansz\u00edroz\u00e1snak is. K\u00e9ts\u00e9gtelen, hogy az elm\u00falt \u00e9vekben t\u00f6bbf\u00e9le ad\u00f3cs\u00f6kkent\u00e9s t\u00f6rt\u00e9nt, el\u0151sz\u00f6r az szja lett egys\u00e9gesen 16 sz\u00e1zal\u00e9kos, ez k\u00e9s\u0151bb 15-re cs\u00f6kkent, a munk\u00e1t terhel\u0151 ad\u00f3k k\u00f6z\u00fcl a szocho m\u00e9rs\u00e9kl\u0151d\u00f6tt, annak is a munkaad\u00f3k \u00e1ltal fizetend\u0151 r\u00e9sze: ez 27-r\u0151l 19,5","twitter:image":"https:\/\/allasorias.hu\/hirek\/wp-content\/uploads\/2019\/03\/pexels-photo-209224-1.jpeg","twitter:label1":"Written by","twitter:data1":"Juh\u00e1sz P\u00e9ter","twitter:label2":"Est. reading time","twitter:data2":"2 minutes"},"aioseo_meta_data":{"post_id":"2638","title":null,"description":null,"keywords":null,"keyphrases":null,"primary_term":null,"canonical_url":null,"og_title":null,"og_description":null,"og_object_type":"default","og_image_type":"default","og_image_url":null,"og_image_width":null,"og_image_height":null,"og_image_custom_url":null,"og_image_custom_fields":null,"og_video":null,"og_custom_url":null,"og_article_section":null,"og_article_tags":null,"twitter_use_og":false,"twitter_card":"default","twitter_image_type":"default","twitter_image_url":null,"twitter_image_custom_url":null,"twitter_image_custom_fields":null,"twitter_title":null,"twitter_description":null,"schema":{"blockGraphs":[],"customGraphs":[],"default":{"data":{"Article":[],"Course":[],"Dataset":[],"FAQPage":[],"Movie":[],"Person":[],"Product":[],"ProductReview":[],"Car":[],"Recipe":[],"Service":[],"SoftwareApplication":[],"WebPage":[]},"graphName":"","isEnabled":true},"graphs":[],"defaultGraph":"","defaultPostTypeGraph":""},"schema_type":null,"schema_type_options":null,"pillar_content":false,"robots_default":true,"robots_noindex":false,"robots_noarchive":false,"robots_nosnippet":false,"robots_nofollow":false,"robots_noimageindex":false,"robots_noodp":false,"robots_notranslate":false,"robots_max_snippet":null,"robots_max_videopreview":null,"robots_max_imagepreview":"large","priority":null,"frequency":null,"location":null,"local_seo":null,"breadcrumb_settings":null,"limit_modified_date":false,"ai":null,"created":"2021-02-01 21:13:45","updated":"2025-10-02 10:11:45","seo_analyzer_scan_date":null,"focus_keyword":null,"additional_keywords":null,"truseo_locale":null},"aioseo_breadcrumb":"<div class=\"aioseo-breadcrumbs\"><span class=\"aioseo-breadcrumb\">\n\t\t\t<a href=\"https:\/\/allasorias.hu\/hirek\" title=\"Home\">Home<\/a>\n\t\t<\/span><span class=\"aioseo-breadcrumb-separator\">&raquo;<\/span><span class=\"aioseo-breadcrumb\">\n\t\t\t<a href=\"https:\/\/allasorias.hu\/hirek\/temak\/gazdasag\/\" title=\"Gazdas\u00e1g\">Gazdas\u00e1g<\/a>\n\t\t<\/span><span class=\"aioseo-breadcrumb-separator\">&raquo;<\/span><span class=\"aioseo-breadcrumb\">\n\t\t\tLesz egysz\u00e1mjegy\u0171 szem\u00e9lyi j\u00f6vedelemad\u00f3?\n\t\t<\/span><\/div>","aioseo_breadcrumb_json":[{"label":"Home","link":"https:\/\/allasorias.hu\/hirek"},{"label":"Gazdas\u00e1g","link":"https:\/\/allasorias.hu\/hirek\/temak\/gazdasag\/"},{"label":"Lesz egysz\u00e1mjegy\u0171 szem\u00e9lyi j\u00f6vedelemad\u00f3?","link":"https:\/\/allasorias.hu\/hirek\/lesz-egyszamjegyu-szemelyi-jovedelemado\/"}],"_links":{"self":[{"href":"https:\/\/allasorias.hu\/hirek\/wp-json\/wp\/v2\/posts\/2638","targetHints":{"allow":["GET"]}}],"collection":[{"href":"https:\/\/allasorias.hu\/hirek\/wp-json\/wp\/v2\/posts"}],"about":[{"href":"https:\/\/allasorias.hu\/hirek\/wp-json\/wp\/v2\/types\/post"}],"author":[{"embeddable":true,"href":"https:\/\/allasorias.hu\/hirek\/wp-json\/wp\/v2\/users\/1"}],"replies":[{"embeddable":true,"href":"https:\/\/allasorias.hu\/hirek\/wp-json\/wp\/v2\/comments?post=2638"}],"version-history":[{"count":1,"href":"https:\/\/allasorias.hu\/hirek\/wp-json\/wp\/v2\/posts\/2638\/revisions"}],"predecessor-version":[{"id":2640,"href":"https:\/\/allasorias.hu\/hirek\/wp-json\/wp\/v2\/posts\/2638\/revisions\/2640"}],"wp:featuredmedia":[{"embeddable":true,"href":"https:\/\/allasorias.hu\/hirek\/wp-json\/wp\/v2\/media\/2639"}],"wp:attachment":[{"href":"https:\/\/allasorias.hu\/hirek\/wp-json\/wp\/v2\/media?parent=2638"}],"wp:term":[{"taxonomy":"category","embeddable":true,"href":"https:\/\/allasorias.hu\/hirek\/wp-json\/wp\/v2\/categories?post=2638"},{"taxonomy":"post_tag","embeddable":true,"href":"https:\/\/allasorias.hu\/hirek\/wp-json\/wp\/v2\/tags?post=2638"}],"curies":[{"name":"wp","href":"https:\/\/api.w.org\/{rel}","templated":true}]}}