{"id":2633,"date":"2019-03-07T09:41:16","date_gmt":"2019-03-07T09:41:16","guid":{"rendered":"https:\/\/allasorias.hu\/hirek\/?p=2633"},"modified":"2019-03-07T09:41:16","modified_gmt":"2019-03-07T09:41:16","slug":"mi-a-helyzet-a-munkaugyi-ellenorzesekkel","status":"publish","type":"post","link":"https:\/\/allasorias.hu\/hirek\/mi-a-helyzet-a-munkaugyi-ellenorzesekkel\/","title":{"rendered":"Mi a helyzet a munka\u00fcgyi ellen\u0151rz\u00e9sekkel ?"},"content":{"rendered":"<p><strong>A gazdas\u00e1g kifeh\u00e9r\u00edt\u00e9s\u00e9r\u0151l nem nagyon esett sz\u00f3 a korm\u00e1nyf\u0151 gazdas\u00e1gi \u00e9vnyit\u00f3j\u00e1n, ahol az interneten elk\u00e9pzel\u00e9sek \u00e9s k\u00fcl\u00f6n\u00f6sk\u00e9ppen az MNB versenyk\u00e9pess\u00e9gi programja felsz\u00ednre hozott egy vit\u00e1t a munkaer\u0151piaci tartal\u00e9kok mozg\u00f3s\u00edt\u00e1s\u00e1r\u00f3l. <\/strong><\/p>\n<p>Ennek kapcs\u00e1n kev\u00e9s sz\u00f3 esik a gazdas\u00e1g kifeh\u00e9r\u00edt\u00e9se mellett arr\u00f3l, hogy mit lehetne kezdeni a munkak\u00f6r\u00fclm\u00e9nyek jav\u00edt\u00e1s\u00e1val. A munka\u00fcgyi ellen\u0151rz\u00e9s rendszere elvileg kett\u0151s feladatot l\u00e1t el. Egyr\u00e9szt megpr\u00f3b\u00e1lja kisz\u0171rni azokat a foglalkoztat\u00f3kat, akik a jogszab\u00e1lyok megker\u00fcl\u00e9s\u00e9vel cs\u00f6kkentik a k\u00f6zterheiket, ez\u00e1ltal az \u00e1llam m\u0171k\u00f6dtet\u00e9s\u00e9nek terheit \u00e1th\u00e1r\u00edtj\u00e1k m\u00e1s ad\u00f3z\u00f3kra. A m\u00e1sik feladata az, hogy v\u00e9dje a munkav\u00e1llal\u00f3kat a munk\u00e1ltat\u00f3i vissza\u00e9l\u00e9sekkel szemben. Ez ut\u00f3bbi m\u00e9g akkor is igaz, ha bizonyos jogszab\u00e1lys\u00e9rt\u00e9sek eset\u00e9n a munkav\u00e1llal\u00f3 t\u00e9nylegesen tud(hat) arr\u00f3l, hogy nem leg\u00e1lisak a foglalkoztat\u00e1s\u00e1nak k\u00f6r\u00fclm\u00e9nyei. Ugyanis sok esetben a dolgoz\u00f3, ha fel akarna ez ellen l\u00e9pni, akkor sem tudna igaz\u00e1n &#8211; \u00edrja friss elemz\u00e9s\u00e9ben a Policy Agenda. Az \u00e1llam a hat\u00f3s\u00e1gi ellen\u0151rz\u00e9seken kereszt\u00fcl gyakorol nyom\u00e1st a c\u00e9gekre. Ez azonban nem m\u0171k\u00f6dik, ha a foglalkoztat\u00f3k \u00fagy \u00e9rzik, hogy kicsi az es\u00e9lye annak, hogy beleker\u00fcljenek egy ellen\u0151rz\u00e9sbe. 2018 december\u00e9ben a KSH adatai szerint kb. 1,4 milli\u00f3 v\u00e1llalkoz\u00e1s volt, ahol legal\u00e1bb 1 f\u0151t foglalkoztattak. 2018 els\u0151 h\u00e1rom negyed\u00e9vi t\u00e9nyadatai alapj\u00e1n sz\u00e1molva ennek a foglalkoztat\u00f3i k\u00f6rnek az 1,2 sz\u00e1zal\u00e9k\u00e1n\u00e1l volt csup\u00e1n ellen\u0151rz\u00e9s. A gazdas\u00e1gi v\u00e1ls\u00e1g kit\u00f6r\u00e9s\u00e9nek \u00e9v\u00e9ben, 2008-ban ez az ar\u00e1nysz\u00e1m m\u00e9g 3 sz\u00e1zal\u00e9k volt. 10 \u00e9v alatt teh\u00e1t jelent\u0151sen cs\u00f6kkent annak a val\u00f3sz\u00edn\u0171s\u00e9ge, hogy egy c\u00e9g beker\u00fcl az \u00e1llami hat\u00f3s\u00e1g l\u00e1t\u00f3k\u00f6r\u00e9be. Mik\u00f6zben 2008-ban m\u00e9g az egy ellen\u0151rz\u00f6tt munk\u00e1ltat\u00f3ra 9 munkav\u00e1llal\u00f3 jutott, 2018-ban m\u00e1r csak 4. Azaz az ellen\u0151rz\u00e9sek s\u00falypontja \u00e1ttol\u00f3dott a mikro, vagy kisv\u00e1llalkoz\u00e1sokra, \u00e9s m\u00e9g a darabsz\u00e1muk is jelent\u0151sen cs\u00f6kkent. Szeml\u00e9letes p\u00e9lda a munka\u00fcgyi ellen\u0151rz\u00e9s sz\u00fcks\u00e9gess\u00e9g\u00e9re a t\u00fal\u00f3ra ellen\u0151rz\u00e9se. A 2018 v\u00e9g\u00e9n elfogadott Munka T\u00f6rv\u00e9nyk\u00f6nyve m\u00f3dos\u00edt\u00e1s felh\u00edvta a figyelmet a t\u00falmunka k\u00e9rd\u00e9s\u00e9re. Pap\u00edron alig t\u00fal\u00f3r\u00e1zik a magyar munkav\u00e1llal\u00f3. Legal\u00e1bbis a 2016. \u00e9vi egy\u00e9ni b\u00e9r- \u00e9s kereset statisztikai adatok alapj\u00e1n a versenyszf\u00e9r\u00e1ban csup\u00e1n a dolgoz\u00f3k 17 sz\u00e1zal\u00e9ka t\u00fal\u00f3r\u00e1zott, m\u00edg a k\u00f6zszf\u00e9ra eset\u00e9ben ez az ar\u00e1ny 7 sz\u00e1zal\u00e9k volt. Ugyanakkor 2012 \u00e9s 2018 k\u00f6z\u00f6tt 143 ezer dolgoz\u00f3 eset\u00e9ben \u00e1llap\u00edtott\u00e1k meg, hogy a munkaid\u0151-nyilv\u00e1ntart\u00e1s vezet\u00e9s\u00e9vel probl\u00e9m\u00e1k voltak.Ez a vizsg\u00e1lt munkav\u00e1llal\u00f3i l\u00e9tsz\u00e1m 20 sz\u00e1zal\u00e9k\u00e1t jelenti. Term\u00e9szetesen nem lehet ez alapj\u00e1n azt \u00e1ll\u00edtani, hogy a teljes foglalkoztatotti k\u00f6r \u00f6t\u00f6de \u00e9rintett lenne, hiszen a munka\u00fcgyi ellen\u0151rz\u00e9s sokszor a kritikus, a vissza\u00e9l\u00e9sek szempontj\u00e1b\u00f3l fert\u0151z\u00f6tt \u00e1gazatokra koncentr\u00e1l. J\u00f3l mutatja azonban azt, hogy milyen m\u00e9rt\u00e9k\u0171 a probl\u00e9ma. Amennyiben nincs szoros ellen\u0151rz\u00e9s alatt ez a k\u00e9rd\u00e9s, akkor val\u00f3j\u00e1ban mindegy, hogy milyen t\u00fal\u00f3ra- \u00e9s munkaid\u0151szab\u00e1lyok vannak, hiszen ennek be nem tart\u00e1sa kis es\u00e9llyel von szankci\u00f3t maga ut\u00e1n.<\/p>\n<p>Forr\u00e1s: privatbankar.hu<\/p>\n","protected":false},"excerpt":{"rendered":"<p>A gazdas\u00e1g kifeh\u00e9r\u00edt\u00e9s\u00e9r\u0151l nem nagyon esett sz\u00f3 a korm\u00e1nyf\u0151 gazdas\u00e1gi \u00e9vnyit\u00f3j\u00e1n, ahol az interneten elk\u00e9pzel\u00e9sek \u00e9s k\u00fcl\u00f6n\u00f6sk\u00e9ppen az MNB versenyk\u00e9pess\u00e9gi programja felsz\u00ednre hozott egy vit\u00e1t a munkaer\u0151piaci tartal\u00e9kok mozg\u00f3s\u00edt\u00e1s\u00e1r\u00f3l. Ennek kapcs\u00e1n kev\u00e9s sz\u00f3 esik a gazdas\u00e1g kifeh\u00e9r\u00edt\u00e9se mellett arr\u00f3l, hogy mit lehetne kezdeni a munkak\u00f6r\u00fclm\u00e9nyek jav\u00edt\u00e1s\u00e1val. A munka\u00fcgyi ellen\u0151rz\u00e9s rendszere elvileg kett\u0151s feladatot l\u00e1t el. [&hellip;]<\/p>\n","protected":false},"author":1,"featured_media":2351,"comment_status":"open","ping_status":"open","sticky":false,"template":"","format":"standard","meta":{"_monsterinsights_skip_tracking":false,"footnotes":""},"categories":[198],"tags":[],"class_list":["post-2633","post","type-post","status-publish","format-standard","has-post-thumbnail","hentry","category-gazdasag"],"aioseo_notices":[],"aioseo_head":"\n\t\t<!-- All in One SEO 5.0.0.1 - aioseo.com -->\n\t<meta name=\"description\" content=\"A gazdas\u00e1g kifeh\u00e9r\u00edt\u00e9s\u00e9r\u0151l nem nagyon esett sz\u00f3 a korm\u00e1nyf\u0151 gazdas\u00e1gi \u00e9vnyit\u00f3j\u00e1n, ahol az interneten elk\u00e9pzel\u00e9sek \u00e9s k\u00fcl\u00f6n\u00f6sk\u00e9ppen az MNB versenyk\u00e9pess\u00e9gi programja felsz\u00ednre hozott egy vit\u00e1t a munkaer\u0151piaci tartal\u00e9kok mozg\u00f3s\u00edt\u00e1s\u00e1r\u00f3l. Ennek kapcs\u00e1n kev\u00e9s sz\u00f3 esik a gazdas\u00e1g kifeh\u00e9r\u00edt\u00e9se mellett arr\u00f3l, hogy mit lehetne kezdeni a munkak\u00f6r\u00fclm\u00e9nyek jav\u00edt\u00e1s\u00e1val. A munka\u00fcgyi ellen\u0151rz\u00e9s rendszere elvileg kett\u0151s feladatot l\u00e1t el.\" \/>\n\t<meta name=\"robots\" content=\"max-image-preview:large\" \/>\n\t<meta name=\"author\" content=\"Juh\u00e1sz P\u00e9ter\"\/>\n\t<link rel=\"canonical\" href=\"https:\/\/allasorias.hu\/hirek\/mi-a-helyzet-a-munkaugyi-ellenorzesekkel\/\" \/>\n\t<meta name=\"generator\" content=\"All in One SEO (AIOSEO) 5.0.0.1\" \/>\n\t\t<meta property=\"og:locale\" content=\"hu_HU\" \/>\n\t\t<meta property=\"og:site_name\" content=\"AllasOrias.hu | H\u00edrek-lapszemle | \u00dczleti h\u00edrek az \u00e1ll\u00e1s \u00e9s a munka vil\u00e1g\u00e1b\u00f3l\" \/>\n\t\t<meta property=\"og:type\" content=\"article\" \/>\n\t\t<meta property=\"og:title\" content=\"Mi a helyzet a munka\u00fcgyi ellen\u0151rz\u00e9sekkel ? | AllasOrias.hu | H\u00edrek-lapszemle\" \/>\n\t\t<meta property=\"og:description\" content=\"A gazdas\u00e1g kifeh\u00e9r\u00edt\u00e9s\u00e9r\u0151l nem nagyon esett sz\u00f3 a korm\u00e1nyf\u0151 gazdas\u00e1gi \u00e9vnyit\u00f3j\u00e1n, ahol az interneten elk\u00e9pzel\u00e9sek \u00e9s k\u00fcl\u00f6n\u00f6sk\u00e9ppen az MNB versenyk\u00e9pess\u00e9gi programja felsz\u00ednre hozott egy vit\u00e1t a munkaer\u0151piaci tartal\u00e9kok mozg\u00f3s\u00edt\u00e1s\u00e1r\u00f3l. Ennek kapcs\u00e1n kev\u00e9s sz\u00f3 esik a gazdas\u00e1g kifeh\u00e9r\u00edt\u00e9se mellett arr\u00f3l, hogy mit lehetne kezdeni a munkak\u00f6r\u00fclm\u00e9nyek jav\u00edt\u00e1s\u00e1val. A munka\u00fcgyi ellen\u0151rz\u00e9s rendszere elvileg kett\u0151s feladatot l\u00e1t el.\" \/>\n\t\t<meta property=\"og:url\" content=\"https:\/\/allasorias.hu\/hirek\/mi-a-helyzet-a-munkaugyi-ellenorzesekkel\/\" \/>\n\t\t<meta property=\"og:image\" content=\"https:\/\/allasorias.hu\/hirek\/wp-content\/uploads\/2018\/12\/pexels-photo-356079.jpeg\" \/>\n\t\t<meta property=\"og:image:secure_url\" content=\"https:\/\/allasorias.hu\/hirek\/wp-content\/uploads\/2018\/12\/pexels-photo-356079.jpeg\" \/>\n\t\t<meta property=\"og:image:width\" content=\"640\" \/>\n\t\t<meta property=\"og:image:height\" content=\"387\" \/>\n\t\t<meta property=\"article:published_time\" content=\"2019-03-07T09:41:16+00:00\" \/>\n\t\t<meta property=\"article:modified_time\" content=\"2019-03-07T09:41:16+00:00\" \/>\n\t\t<meta property=\"article:publisher\" content=\"https:\/\/www.facebook.com\/allasorias\" \/>\n\t\t<meta name=\"twitter:card\" content=\"summary_large_image\" \/>\n\t\t<meta name=\"twitter:title\" content=\"Mi a helyzet a munka\u00fcgyi ellen\u0151rz\u00e9sekkel ? | AllasOrias.hu | H\u00edrek-lapszemle\" \/>\n\t\t<meta name=\"twitter:description\" content=\"A gazdas\u00e1g kifeh\u00e9r\u00edt\u00e9s\u00e9r\u0151l nem nagyon esett sz\u00f3 a korm\u00e1nyf\u0151 gazdas\u00e1gi \u00e9vnyit\u00f3j\u00e1n, ahol az interneten elk\u00e9pzel\u00e9sek \u00e9s k\u00fcl\u00f6n\u00f6sk\u00e9ppen az MNB versenyk\u00e9pess\u00e9gi programja felsz\u00ednre hozott egy vit\u00e1t a munkaer\u0151piaci tartal\u00e9kok mozg\u00f3s\u00edt\u00e1s\u00e1r\u00f3l. Ennek kapcs\u00e1n kev\u00e9s sz\u00f3 esik a gazdas\u00e1g kifeh\u00e9r\u00edt\u00e9se mellett arr\u00f3l, hogy mit lehetne kezdeni a munkak\u00f6r\u00fclm\u00e9nyek jav\u00edt\u00e1s\u00e1val. A munka\u00fcgyi ellen\u0151rz\u00e9s rendszere elvileg kett\u0151s feladatot l\u00e1t el.\" \/>\n\t\t<meta name=\"twitter:image\" content=\"https:\/\/allasorias.hu\/hirek\/wp-content\/uploads\/2018\/12\/pexels-photo-356079.jpeg\" \/>\n\t\t<meta name=\"twitter:label1\" content=\"Written by\" \/>\n\t\t<meta name=\"twitter:data1\" content=\"Juh\u00e1sz P\u00e9ter\" \/>\n\t\t<meta name=\"twitter:label2\" content=\"Est. reading time\" \/>\n\t\t<meta name=\"twitter:data2\" content=\"3 minutes\" \/>\n\t\t<script type=\"application\/ld+json\" class=\"aioseo-schema\">\n\t\t\t{\"@context\":\"https:\\\/\\\/schema.org\",\"@graph\":[{\"@type\":\"Article\",\"@id\":\"https:\\\/\\\/allasorias.hu\\\/hirek\\\/mi-a-helyzet-a-munkaugyi-ellenorzesekkel\\\/#article\",\"name\":\"Mi a helyzet a munka\\u00fcgyi ellen\\u0151rz\\u00e9sekkel ? | AllasOrias.hu | H\\u00edrek-lapszemle\",\"headline\":\"Mi a helyzet a munka\\u00fcgyi ellen\\u0151rz\\u00e9sekkel ?\",\"author\":{\"@id\":\"https:\\\/\\\/allasorias.hu\\\/hirek\\\/author\\\/admin-allasorias\\\/#author\"},\"publisher\":{\"@id\":\"https:\\\/\\\/allasorias.hu\\\/hirek\\\/#organization\"},\"image\":{\"@type\":\"ImageObject\",\"url\":\"https:\\\/\\\/allasorias.hu\\\/hirek\\\/wp-content\\\/uploads\\\/2018\\\/12\\\/pexels-photo-356079.jpeg\",\"width\":640,\"height\":387},\"datePublished\":\"2019-03-07T09:41:16+02:00\",\"dateModified\":\"2019-03-07T09:41:16+02:00\",\"inLanguage\":\"hu-HU\",\"mainEntityOfPage\":{\"@id\":\"https:\\\/\\\/allasorias.hu\\\/hirek\\\/mi-a-helyzet-a-munkaugyi-ellenorzesekkel\\\/#webpage\"},\"isPartOf\":{\"@id\":\"https:\\\/\\\/allasorias.hu\\\/hirek\\\/mi-a-helyzet-a-munkaugyi-ellenorzesekkel\\\/#webpage\"},\"articleSection\":\"Gazdas\\u00e1g\"},{\"@type\":\"BreadcrumbList\",\"@id\":\"https:\\\/\\\/allasorias.hu\\\/hirek\\\/mi-a-helyzet-a-munkaugyi-ellenorzesekkel\\\/#breadcrumblist\",\"itemListElement\":[{\"@type\":\"ListItem\",\"@id\":\"https:\\\/\\\/allasorias.hu\\\/hirek#listItem\",\"position\":1,\"name\":\"Home\",\"item\":\"https:\\\/\\\/allasorias.hu\\\/hirek\",\"nextItem\":{\"@type\":\"ListItem\",\"@id\":\"https:\\\/\\\/allasorias.hu\\\/hirek\\\/temak\\\/gazdasag\\\/#listItem\",\"name\":\"Gazdas\\u00e1g\"}},{\"@type\":\"ListItem\",\"@id\":\"https:\\\/\\\/allasorias.hu\\\/hirek\\\/temak\\\/gazdasag\\\/#listItem\",\"position\":2,\"name\":\"Gazdas\\u00e1g\",\"item\":\"https:\\\/\\\/allasorias.hu\\\/hirek\\\/temak\\\/gazdasag\\\/\",\"nextItem\":{\"@type\":\"ListItem\",\"@id\":\"https:\\\/\\\/allasorias.hu\\\/hirek\\\/mi-a-helyzet-a-munkaugyi-ellenorzesekkel\\\/#listItem\",\"name\":\"Mi a helyzet a munka\\u00fcgyi ellen\\u0151rz\\u00e9sekkel ?\"},\"previousItem\":{\"@type\":\"ListItem\",\"@id\":\"https:\\\/\\\/allasorias.hu\\\/hirek#listItem\",\"name\":\"Home\"}},{\"@type\":\"ListItem\",\"@id\":\"https:\\\/\\\/allasorias.hu\\\/hirek\\\/mi-a-helyzet-a-munkaugyi-ellenorzesekkel\\\/#listItem\",\"position\":3,\"name\":\"Mi a helyzet a munka\\u00fcgyi ellen\\u0151rz\\u00e9sekkel ?\",\"previousItem\":{\"@type\":\"ListItem\",\"@id\":\"https:\\\/\\\/allasorias.hu\\\/hirek\\\/temak\\\/gazdasag\\\/#listItem\",\"name\":\"Gazdas\\u00e1g\"}}]},{\"@type\":\"Organization\",\"@id\":\"https:\\\/\\\/allasorias.hu\\\/hirek\\\/#organization\",\"name\":\"AllasOrias.hu | H\\u00edrek-lapszemle\",\"description\":\"\\u00dczleti h\\u00edrek az \\u00e1ll\\u00e1s \\u00e9s a munka vil\\u00e1g\\u00e1b\\u00f3l\",\"url\":\"https:\\\/\\\/allasorias.hu\\\/hirek\\\/\",\"logo\":{\"@type\":\"ImageObject\",\"url\":\"https:\\\/\\\/allasorias.hu\\\/hirek\\\/wp-content\\\/uploads\\\/2022\\\/10\\\/allasorias_site_facebok_logo.png\",\"@id\":\"https:\\\/\\\/allasorias.hu\\\/hirek\\\/mi-a-helyzet-a-munkaugyi-ellenorzesekkel\\\/#organizationLogo\"},\"image\":{\"@id\":\"https:\\\/\\\/allasorias.hu\\\/hirek\\\/mi-a-helyzet-a-munkaugyi-ellenorzesekkel\\\/#organizationLogo\"},\"sameAs\":[\"https:\\\/\\\/www.facebook.com\\\/allasorias\",\"https:\\\/\\\/www.linkedin.com\\\/company\\\/allasorias\"]},{\"@type\":\"Person\",\"@id\":\"https:\\\/\\\/allasorias.hu\\\/hirek\\\/author\\\/admin-allasorias\\\/#author\",\"url\":\"https:\\\/\\\/allasorias.hu\\\/hirek\\\/author\\\/admin-allasorias\\\/\",\"name\":\"Juh\\u00e1sz P\\u00e9ter\",\"image\":{\"@type\":\"ImageObject\",\"@id\":\"https:\\\/\\\/allasorias.hu\\\/hirek\\\/mi-a-helyzet-a-munkaugyi-ellenorzesekkel\\\/#authorImage\",\"url\":\"https:\\\/\\\/secure.gravatar.com\\\/avatar\\\/36e6bcb83148978b992977cb0f54d22feb0cce8a0a849a9410532bb2623ba4c6?s=96&d=mm&r=g\",\"width\":96,\"height\":96,\"caption\":\"Juh\\u00e1sz P\\u00e9ter\"}},{\"@type\":\"WebPage\",\"@id\":\"https:\\\/\\\/allasorias.hu\\\/hirek\\\/mi-a-helyzet-a-munkaugyi-ellenorzesekkel\\\/#webpage\",\"url\":\"https:\\\/\\\/allasorias.hu\\\/hirek\\\/mi-a-helyzet-a-munkaugyi-ellenorzesekkel\\\/\",\"name\":\"Mi a helyzet a munka\\u00fcgyi ellen\\u0151rz\\u00e9sekkel ? | AllasOrias.hu | H\\u00edrek-lapszemle\",\"description\":\"A gazdas\\u00e1g kifeh\\u00e9r\\u00edt\\u00e9s\\u00e9r\\u0151l nem nagyon esett sz\\u00f3 a korm\\u00e1nyf\\u0151 gazdas\\u00e1gi \\u00e9vnyit\\u00f3j\\u00e1n, ahol az interneten elk\\u00e9pzel\\u00e9sek \\u00e9s k\\u00fcl\\u00f6n\\u00f6sk\\u00e9ppen az MNB versenyk\\u00e9pess\\u00e9gi programja felsz\\u00ednre hozott egy vit\\u00e1t a munkaer\\u0151piaci tartal\\u00e9kok mozg\\u00f3s\\u00edt\\u00e1s\\u00e1r\\u00f3l. Ennek kapcs\\u00e1n kev\\u00e9s sz\\u00f3 esik a gazdas\\u00e1g kifeh\\u00e9r\\u00edt\\u00e9se mellett arr\\u00f3l, hogy mit lehetne kezdeni a munkak\\u00f6r\\u00fclm\\u00e9nyek jav\\u00edt\\u00e1s\\u00e1val. A munka\\u00fcgyi ellen\\u0151rz\\u00e9s rendszere elvileg kett\\u0151s feladatot l\\u00e1t el.\",\"inLanguage\":\"hu-HU\",\"isPartOf\":{\"@id\":\"https:\\\/\\\/allasorias.hu\\\/hirek\\\/#website\"},\"breadcrumb\":{\"@id\":\"https:\\\/\\\/allasorias.hu\\\/hirek\\\/mi-a-helyzet-a-munkaugyi-ellenorzesekkel\\\/#breadcrumblist\"},\"author\":{\"@id\":\"https:\\\/\\\/allasorias.hu\\\/hirek\\\/author\\\/admin-allasorias\\\/#author\"},\"creator\":{\"@id\":\"https:\\\/\\\/allasorias.hu\\\/hirek\\\/author\\\/admin-allasorias\\\/#author\"},\"image\":{\"@type\":\"ImageObject\",\"url\":\"https:\\\/\\\/allasorias.hu\\\/hirek\\\/wp-content\\\/uploads\\\/2018\\\/12\\\/pexels-photo-356079.jpeg\",\"@id\":\"https:\\\/\\\/allasorias.hu\\\/hirek\\\/mi-a-helyzet-a-munkaugyi-ellenorzesekkel\\\/#mainImage\",\"width\":640,\"height\":387},\"primaryImageOfPage\":{\"@id\":\"https:\\\/\\\/allasorias.hu\\\/hirek\\\/mi-a-helyzet-a-munkaugyi-ellenorzesekkel\\\/#mainImage\"},\"datePublished\":\"2019-03-07T09:41:16+02:00\",\"dateModified\":\"2019-03-07T09:41:16+02:00\"},{\"@type\":\"WebSite\",\"@id\":\"https:\\\/\\\/allasorias.hu\\\/hirek\\\/#website\",\"url\":\"https:\\\/\\\/allasorias.hu\\\/hirek\\\/\",\"name\":\"AllasOrias.hu | H\\u00edrek-lapszemle\",\"description\":\"\\u00dczleti h\\u00edrek az \\u00e1ll\\u00e1s \\u00e9s a munka vil\\u00e1g\\u00e1b\\u00f3l\",\"inLanguage\":\"hu-HU\",\"publisher\":{\"@id\":\"https:\\\/\\\/allasorias.hu\\\/hirek\\\/#organization\"}}]}\n\t\t<\/script>\n\t\t<!-- All in One SEO -->\n\n","aioseo_head_json":{"title":"Mi a helyzet a munka\u00fcgyi ellen\u0151rz\u00e9sekkel ? | AllasOrias.hu | H\u00edrek-lapszemle","description":"A gazdas\u00e1g kifeh\u00e9r\u00edt\u00e9s\u00e9r\u0151l nem nagyon esett sz\u00f3 a korm\u00e1nyf\u0151 gazdas\u00e1gi \u00e9vnyit\u00f3j\u00e1n, ahol az interneten elk\u00e9pzel\u00e9sek \u00e9s k\u00fcl\u00f6n\u00f6sk\u00e9ppen az MNB versenyk\u00e9pess\u00e9gi programja felsz\u00ednre hozott egy vit\u00e1t a munkaer\u0151piaci tartal\u00e9kok mozg\u00f3s\u00edt\u00e1s\u00e1r\u00f3l. Ennek kapcs\u00e1n kev\u00e9s sz\u00f3 esik a gazdas\u00e1g kifeh\u00e9r\u00edt\u00e9se mellett arr\u00f3l, hogy mit lehetne kezdeni a munkak\u00f6r\u00fclm\u00e9nyek jav\u00edt\u00e1s\u00e1val. A munka\u00fcgyi ellen\u0151rz\u00e9s rendszere elvileg kett\u0151s feladatot l\u00e1t el.","canonical_url":"https:\/\/allasorias.hu\/hirek\/mi-a-helyzet-a-munkaugyi-ellenorzesekkel\/","robots":"max-image-preview:large","keywords":"","webmasterTools":{"miscellaneous":""},"schema":{"@context":"https:\/\/schema.org","@graph":[{"@type":"Article","@id":"https:\/\/allasorias.hu\/hirek\/mi-a-helyzet-a-munkaugyi-ellenorzesekkel\/#article","name":"Mi a helyzet a munka\u00fcgyi ellen\u0151rz\u00e9sekkel ? | AllasOrias.hu | H\u00edrek-lapszemle","headline":"Mi a helyzet a munka\u00fcgyi ellen\u0151rz\u00e9sekkel ?","author":{"@id":"https:\/\/allasorias.hu\/hirek\/author\/admin-allasorias\/#author"},"publisher":{"@id":"https:\/\/allasorias.hu\/hirek\/#organization"},"image":{"@type":"ImageObject","url":"https:\/\/allasorias.hu\/hirek\/wp-content\/uploads\/2018\/12\/pexels-photo-356079.jpeg","width":640,"height":387},"datePublished":"2019-03-07T09:41:16+02:00","dateModified":"2019-03-07T09:41:16+02:00","inLanguage":"hu-HU","mainEntityOfPage":{"@id":"https:\/\/allasorias.hu\/hirek\/mi-a-helyzet-a-munkaugyi-ellenorzesekkel\/#webpage"},"isPartOf":{"@id":"https:\/\/allasorias.hu\/hirek\/mi-a-helyzet-a-munkaugyi-ellenorzesekkel\/#webpage"},"articleSection":"Gazdas\u00e1g"},{"@type":"BreadcrumbList","@id":"https:\/\/allasorias.hu\/hirek\/mi-a-helyzet-a-munkaugyi-ellenorzesekkel\/#breadcrumblist","itemListElement":[{"@type":"ListItem","@id":"https:\/\/allasorias.hu\/hirek#listItem","position":1,"name":"Home","item":"https:\/\/allasorias.hu\/hirek","nextItem":{"@type":"ListItem","@id":"https:\/\/allasorias.hu\/hirek\/temak\/gazdasag\/#listItem","name":"Gazdas\u00e1g"}},{"@type":"ListItem","@id":"https:\/\/allasorias.hu\/hirek\/temak\/gazdasag\/#listItem","position":2,"name":"Gazdas\u00e1g","item":"https:\/\/allasorias.hu\/hirek\/temak\/gazdasag\/","nextItem":{"@type":"ListItem","@id":"https:\/\/allasorias.hu\/hirek\/mi-a-helyzet-a-munkaugyi-ellenorzesekkel\/#listItem","name":"Mi a helyzet a munka\u00fcgyi ellen\u0151rz\u00e9sekkel ?"},"previousItem":{"@type":"ListItem","@id":"https:\/\/allasorias.hu\/hirek#listItem","name":"Home"}},{"@type":"ListItem","@id":"https:\/\/allasorias.hu\/hirek\/mi-a-helyzet-a-munkaugyi-ellenorzesekkel\/#listItem","position":3,"name":"Mi a helyzet a munka\u00fcgyi ellen\u0151rz\u00e9sekkel ?","previousItem":{"@type":"ListItem","@id":"https:\/\/allasorias.hu\/hirek\/temak\/gazdasag\/#listItem","name":"Gazdas\u00e1g"}}]},{"@type":"Organization","@id":"https:\/\/allasorias.hu\/hirek\/#organization","name":"AllasOrias.hu | H\u00edrek-lapszemle","description":"\u00dczleti h\u00edrek az \u00e1ll\u00e1s \u00e9s a munka vil\u00e1g\u00e1b\u00f3l","url":"https:\/\/allasorias.hu\/hirek\/","logo":{"@type":"ImageObject","url":"https:\/\/allasorias.hu\/hirek\/wp-content\/uploads\/2022\/10\/allasorias_site_facebok_logo.png","@id":"https:\/\/allasorias.hu\/hirek\/mi-a-helyzet-a-munkaugyi-ellenorzesekkel\/#organizationLogo"},"image":{"@id":"https:\/\/allasorias.hu\/hirek\/mi-a-helyzet-a-munkaugyi-ellenorzesekkel\/#organizationLogo"},"sameAs":["https:\/\/www.facebook.com\/allasorias","https:\/\/www.linkedin.com\/company\/allasorias"]},{"@type":"Person","@id":"https:\/\/allasorias.hu\/hirek\/author\/admin-allasorias\/#author","url":"https:\/\/allasorias.hu\/hirek\/author\/admin-allasorias\/","name":"Juh\u00e1sz P\u00e9ter","image":{"@type":"ImageObject","@id":"https:\/\/allasorias.hu\/hirek\/mi-a-helyzet-a-munkaugyi-ellenorzesekkel\/#authorImage","url":"https:\/\/secure.gravatar.com\/avatar\/36e6bcb83148978b992977cb0f54d22feb0cce8a0a849a9410532bb2623ba4c6?s=96&d=mm&r=g","width":96,"height":96,"caption":"Juh\u00e1sz P\u00e9ter"}},{"@type":"WebPage","@id":"https:\/\/allasorias.hu\/hirek\/mi-a-helyzet-a-munkaugyi-ellenorzesekkel\/#webpage","url":"https:\/\/allasorias.hu\/hirek\/mi-a-helyzet-a-munkaugyi-ellenorzesekkel\/","name":"Mi a helyzet a munka\u00fcgyi ellen\u0151rz\u00e9sekkel ? | AllasOrias.hu | H\u00edrek-lapszemle","description":"A gazdas\u00e1g kifeh\u00e9r\u00edt\u00e9s\u00e9r\u0151l nem nagyon esett sz\u00f3 a korm\u00e1nyf\u0151 gazdas\u00e1gi \u00e9vnyit\u00f3j\u00e1n, ahol az interneten elk\u00e9pzel\u00e9sek \u00e9s k\u00fcl\u00f6n\u00f6sk\u00e9ppen az MNB versenyk\u00e9pess\u00e9gi programja felsz\u00ednre hozott egy vit\u00e1t a munkaer\u0151piaci tartal\u00e9kok mozg\u00f3s\u00edt\u00e1s\u00e1r\u00f3l. Ennek kapcs\u00e1n kev\u00e9s sz\u00f3 esik a gazdas\u00e1g kifeh\u00e9r\u00edt\u00e9se mellett arr\u00f3l, hogy mit lehetne kezdeni a munkak\u00f6r\u00fclm\u00e9nyek jav\u00edt\u00e1s\u00e1val. A munka\u00fcgyi ellen\u0151rz\u00e9s rendszere elvileg kett\u0151s feladatot l\u00e1t el.","inLanguage":"hu-HU","isPartOf":{"@id":"https:\/\/allasorias.hu\/hirek\/#website"},"breadcrumb":{"@id":"https:\/\/allasorias.hu\/hirek\/mi-a-helyzet-a-munkaugyi-ellenorzesekkel\/#breadcrumblist"},"author":{"@id":"https:\/\/allasorias.hu\/hirek\/author\/admin-allasorias\/#author"},"creator":{"@id":"https:\/\/allasorias.hu\/hirek\/author\/admin-allasorias\/#author"},"image":{"@type":"ImageObject","url":"https:\/\/allasorias.hu\/hirek\/wp-content\/uploads\/2018\/12\/pexels-photo-356079.jpeg","@id":"https:\/\/allasorias.hu\/hirek\/mi-a-helyzet-a-munkaugyi-ellenorzesekkel\/#mainImage","width":640,"height":387},"primaryImageOfPage":{"@id":"https:\/\/allasorias.hu\/hirek\/mi-a-helyzet-a-munkaugyi-ellenorzesekkel\/#mainImage"},"datePublished":"2019-03-07T09:41:16+02:00","dateModified":"2019-03-07T09:41:16+02:00"},{"@type":"WebSite","@id":"https:\/\/allasorias.hu\/hirek\/#website","url":"https:\/\/allasorias.hu\/hirek\/","name":"AllasOrias.hu | H\u00edrek-lapszemle","description":"\u00dczleti h\u00edrek az \u00e1ll\u00e1s \u00e9s a munka vil\u00e1g\u00e1b\u00f3l","inLanguage":"hu-HU","publisher":{"@id":"https:\/\/allasorias.hu\/hirek\/#organization"}}]},"og:locale":"hu_HU","og:site_name":"AllasOrias.hu | H\u00edrek-lapszemle | \u00dczleti h\u00edrek az \u00e1ll\u00e1s \u00e9s a munka vil\u00e1g\u00e1b\u00f3l","og:type":"article","og:title":"Mi a helyzet a munka\u00fcgyi ellen\u0151rz\u00e9sekkel ? | AllasOrias.hu | H\u00edrek-lapszemle","og:description":"A gazdas\u00e1g kifeh\u00e9r\u00edt\u00e9s\u00e9r\u0151l nem nagyon esett sz\u00f3 a korm\u00e1nyf\u0151 gazdas\u00e1gi \u00e9vnyit\u00f3j\u00e1n, ahol az interneten elk\u00e9pzel\u00e9sek \u00e9s k\u00fcl\u00f6n\u00f6sk\u00e9ppen az MNB versenyk\u00e9pess\u00e9gi programja felsz\u00ednre hozott egy vit\u00e1t a munkaer\u0151piaci tartal\u00e9kok mozg\u00f3s\u00edt\u00e1s\u00e1r\u00f3l. Ennek kapcs\u00e1n kev\u00e9s sz\u00f3 esik a gazdas\u00e1g kifeh\u00e9r\u00edt\u00e9se mellett arr\u00f3l, hogy mit lehetne kezdeni a munkak\u00f6r\u00fclm\u00e9nyek jav\u00edt\u00e1s\u00e1val. A munka\u00fcgyi ellen\u0151rz\u00e9s rendszere elvileg kett\u0151s feladatot l\u00e1t el.","og:url":"https:\/\/allasorias.hu\/hirek\/mi-a-helyzet-a-munkaugyi-ellenorzesekkel\/","og:image":"https:\/\/allasorias.hu\/hirek\/wp-content\/uploads\/2018\/12\/pexels-photo-356079.jpeg","og:image:secure_url":"https:\/\/allasorias.hu\/hirek\/wp-content\/uploads\/2018\/12\/pexels-photo-356079.jpeg","og:image:width":640,"og:image:height":387,"article:published_time":"2019-03-07T09:41:16+00:00","article:modified_time":"2019-03-07T09:41:16+00:00","article:publisher":"https:\/\/www.facebook.com\/allasorias","twitter:card":"summary_large_image","twitter:title":"Mi a helyzet a munka\u00fcgyi ellen\u0151rz\u00e9sekkel ? | AllasOrias.hu | H\u00edrek-lapszemle","twitter:description":"A gazdas\u00e1g kifeh\u00e9r\u00edt\u00e9s\u00e9r\u0151l nem nagyon esett sz\u00f3 a korm\u00e1nyf\u0151 gazdas\u00e1gi \u00e9vnyit\u00f3j\u00e1n, ahol az interneten elk\u00e9pzel\u00e9sek \u00e9s k\u00fcl\u00f6n\u00f6sk\u00e9ppen az MNB versenyk\u00e9pess\u00e9gi programja felsz\u00ednre hozott egy vit\u00e1t a munkaer\u0151piaci tartal\u00e9kok mozg\u00f3s\u00edt\u00e1s\u00e1r\u00f3l. Ennek kapcs\u00e1n kev\u00e9s sz\u00f3 esik a gazdas\u00e1g kifeh\u00e9r\u00edt\u00e9se mellett arr\u00f3l, hogy mit lehetne kezdeni a munkak\u00f6r\u00fclm\u00e9nyek jav\u00edt\u00e1s\u00e1val. A munka\u00fcgyi ellen\u0151rz\u00e9s rendszere elvileg kett\u0151s feladatot l\u00e1t el.","twitter:image":"https:\/\/allasorias.hu\/hirek\/wp-content\/uploads\/2018\/12\/pexels-photo-356079.jpeg","twitter:label1":"Written by","twitter:data1":"Juh\u00e1sz P\u00e9ter","twitter:label2":"Est. reading time","twitter:data2":"3 minutes"},"aioseo_meta_data":{"post_id":"2633","title":null,"description":null,"keywords":null,"keyphrases":null,"primary_term":null,"canonical_url":null,"og_title":null,"og_description":null,"og_object_type":"default","og_image_type":"default","og_image_url":null,"og_image_width":null,"og_image_height":null,"og_image_custom_url":null,"og_image_custom_fields":null,"og_video":null,"og_custom_url":null,"og_article_section":null,"og_article_tags":null,"twitter_use_og":false,"twitter_card":"default","twitter_image_type":"default","twitter_image_url":null,"twitter_image_custom_url":null,"twitter_image_custom_fields":null,"twitter_title":null,"twitter_description":null,"schema":{"blockGraphs":[],"customGraphs":[],"default":{"data":{"Article":[],"Course":[],"Dataset":[],"FAQPage":[],"Movie":[],"Person":[],"Product":[],"ProductReview":[],"Car":[],"Recipe":[],"Service":[],"SoftwareApplication":[],"WebPage":[]},"graphName":"","isEnabled":true},"graphs":[]},"schema_type":null,"schema_type_options":null,"pillar_content":false,"robots_default":true,"robots_noindex":false,"robots_noarchive":false,"robots_nosnippet":false,"robots_nofollow":false,"robots_noimageindex":false,"robots_noodp":false,"robots_notranslate":false,"robots_max_snippet":null,"robots_max_videopreview":null,"robots_max_imagepreview":"large","priority":null,"frequency":null,"location":null,"local_seo":null,"breadcrumb_settings":null,"limit_modified_date":false,"ai":null,"created":"2021-02-01 21:13:45","updated":"2025-10-02 10:11:45","seo_analyzer_scan_date":null,"focus_keyword":null,"additional_keywords":null,"truseo_locale":null},"aioseo_breadcrumb":"<div class=\"aioseo-breadcrumbs\"><span class=\"aioseo-breadcrumb\">\n\t\t\t<a href=\"https:\/\/allasorias.hu\/hirek\" title=\"Home\">Home<\/a>\n\t\t<\/span><span class=\"aioseo-breadcrumb-separator\">&raquo;<\/span><span class=\"aioseo-breadcrumb\">\n\t\t\t<a href=\"https:\/\/allasorias.hu\/hirek\/temak\/gazdasag\/\" title=\"Gazdas\u00e1g\">Gazdas\u00e1g<\/a>\n\t\t<\/span><span class=\"aioseo-breadcrumb-separator\">&raquo;<\/span><span class=\"aioseo-breadcrumb\">\n\t\t\tMi a helyzet a munka\u00fcgyi ellen\u0151rz\u00e9sekkel ?\n\t\t<\/span><\/div>","aioseo_breadcrumb_json":[{"label":"Home","link":"https:\/\/allasorias.hu\/hirek"},{"label":"Gazdas\u00e1g","link":"https:\/\/allasorias.hu\/hirek\/temak\/gazdasag\/"},{"label":"Mi a helyzet a munka\u00fcgyi ellen\u0151rz\u00e9sekkel ?","link":"https:\/\/allasorias.hu\/hirek\/mi-a-helyzet-a-munkaugyi-ellenorzesekkel\/"}],"_links":{"self":[{"href":"https:\/\/allasorias.hu\/hirek\/wp-json\/wp\/v2\/posts\/2633","targetHints":{"allow":["GET"]}}],"collection":[{"href":"https:\/\/allasorias.hu\/hirek\/wp-json\/wp\/v2\/posts"}],"about":[{"href":"https:\/\/allasorias.hu\/hirek\/wp-json\/wp\/v2\/types\/post"}],"author":[{"embeddable":true,"href":"https:\/\/allasorias.hu\/hirek\/wp-json\/wp\/v2\/users\/1"}],"replies":[{"embeddable":true,"href":"https:\/\/allasorias.hu\/hirek\/wp-json\/wp\/v2\/comments?post=2633"}],"version-history":[{"count":1,"href":"https:\/\/allasorias.hu\/hirek\/wp-json\/wp\/v2\/posts\/2633\/revisions"}],"predecessor-version":[{"id":2634,"href":"https:\/\/allasorias.hu\/hirek\/wp-json\/wp\/v2\/posts\/2633\/revisions\/2634"}],"wp:featuredmedia":[{"embeddable":true,"href":"https:\/\/allasorias.hu\/hirek\/wp-json\/wp\/v2\/media\/2351"}],"wp:attachment":[{"href":"https:\/\/allasorias.hu\/hirek\/wp-json\/wp\/v2\/media?parent=2633"}],"wp:term":[{"taxonomy":"category","embeddable":true,"href":"https:\/\/allasorias.hu\/hirek\/wp-json\/wp\/v2\/categories?post=2633"},{"taxonomy":"post_tag","embeddable":true,"href":"https:\/\/allasorias.hu\/hirek\/wp-json\/wp\/v2\/tags?post=2633"}],"curies":[{"name":"wp","href":"https:\/\/api.w.org\/{rel}","templated":true}]}}