{"id":2630,"date":"2019-03-07T09:04:16","date_gmt":"2019-03-07T09:04:16","guid":{"rendered":"https:\/\/allasorias.hu\/hirek\/?p=2630"},"modified":"2019-03-07T09:04:16","modified_gmt":"2019-03-07T09:04:16","slug":"azonos-feltetelek-az-allami-alkalmazottaknak-es-versenyszferaban-dolgozoknak","status":"publish","type":"post","link":"https:\/\/allasorias.hu\/hirek\/azonos-feltetelek-az-allami-alkalmazottaknak-es-versenyszferaban-dolgozoknak\/","title":{"rendered":"Azonos felt\u00e9telek az \u00e1llami alkalmazottaknak \u00e9s versenyszf\u00e9r\u00e1ban dolgoz\u00f3knak"},"content":{"rendered":"<p><strong>A Korm\u00e1nyzati igazgat\u00e1sr\u00f3l sz\u00f3l\u00f3 t\u00f6rv\u00e9ny szerint a k\u00f6ztisztvisel\u0151kre ugyanazok a szab\u00e1lyok lesznek \u00e9rv\u00e9nyesek, mint minden m\u00e1s emberre a munkaer\u0151piacon. Ugyanis a t\u00f6rv\u00e9ny \u00a0\u00f6sszhangot teremtett a magyar munkaer\u0151piac \u00e1llami \u00e9s mag\u00e1nszektorbeli szerepl\u0151i k\u00f6z\u00f6tt annak \u00e9rdek\u00e9ben, hogy val\u00f3ban biztos\u00edthat\u00f3 legyen a nyolc \u00f3r\u00e1s munkav\u00e9gz\u00e9s id\u0151tartama.<\/strong><\/p>\n<p>A f\u0151v\u00e1rosi \u00e9s megyei korm\u00e1nyhivatalok korm\u00e1nytisztvisel\u0151i 2016-ban b\u00e9remel\u00e9si program keretein bel\u00fcl magasabb munkab\u00e9rt kaptak. A k\u00f6zel 40 milli\u00e1rd forintot kitev\u0151 b\u00e9remel\u00e9si program r\u00e9szek\u00e9nt a fizet\u00e9s\u00fckbe be\u00e9p\u00edt\u00e9sre ker\u00fclt a cafeteria juttat\u00e1s. A korm\u00e1nyk\u00f6ztisztvisel\u0151k alapszabads\u00e1ga val\u00f3ban 20 nap, az alapszabads\u00e1gon t\u00fal azonban p\u00f3tszabads\u00e1gban r\u00e9szes\u00fclnek. A miniszt\u00e9rium korm\u00e1nytisztvisel\u0151je \u00e9vente: korm\u00e1nytan\u00e1csos besorol\u00e1sn\u00e1l h\u00e1rom munkanap p\u00f3tszabads\u00e1got, teh\u00e1t mind\u00f6sszesen 23 nap; vezet\u0151-korm\u00e1nytan\u00e1csos besorol\u00e1sn\u00e1l \u00f6t munkanap p\u00f3tszabads\u00e1got, teh\u00e1t mind\u00f6sszesen 25 nap;korm\u00e1ny-f\u0151tan\u00e1csos besorol\u00e1sn\u00e1l h\u00e9t munkanap p\u00f3tszabads\u00e1got, teh\u00e1t mind\u00f6sszesen 27 nap;vezet\u0151-korm\u00e1nyf\u0151tan\u00e1csos besorol\u00e1sn\u00e1l kilenc munkanap p\u00f3tszabads\u00e1got, teh\u00e1t mind\u00f6sszesen 29 nap szabads\u00e1got vehet ig\u00e9nybe. A korm\u00e1nyzati f\u0151hivatal \u00e9s a k\u00f6zponti hivatal korm\u00e1nytisztvisel\u0151je \u00e9vente: hivatali tan\u00e1csos besorol\u00e1sn\u00e1l h\u00e1rom munkanap p\u00f3tszabads\u00e1got, teh\u00e1t mind\u00f6sszesen 23 nap; vezet\u0151-hivatalitan\u00e1csos besorol\u00e1sn\u00e1l \u00f6t munkanap p\u00f3tszabads\u00e1got teh\u00e1t mind\u00f6sszesen 25 nap;hivatali f\u0151tan\u00e1csos I. besorol\u00e1sn\u00e1l h\u00e9t munkanap, p\u00f3tszabads\u00e1got teh\u00e1t mind\u00f6sszesen 27 nap;hivatali f\u0151tan\u00e1csos II. besorol\u00e1sn\u00e1l nyolc munkanap p\u00f3tszabads\u00e1got, teh\u00e1t mind\u00f6sszesen 238 nap;vezet\u0151-hivatalif\u0151tan\u00e1csos besorol\u00e1sn\u00e1l kilenc munkanap p\u00f3tszabads\u00e1got, teh\u00e1t mind\u00f6sszesen 29 nap szabads\u00e1got vehet ig\u00e9nybe. A fentieken k\u00edv\u00fcl a korm\u00e1ny a csal\u00e1dalap\u00edt\u00e1st is t\u00e1mogatja a p\u00f3tszabads\u00e1ggal, mivel a korm\u00e1nyzati igazgat\u00e1sr\u00f3l sz\u00f3l\u00f3 t\u00f6rv\u00e9ny megemelte a gyermekek ut\u00e1n j\u00e1r\u00f3 p\u00f3tszabads\u00e1gok sz\u00e1m\u00e1t, \u00edgy m\u00e1r egy gyermek eset\u00e9n n\u00e9gy, k\u00e9t gyermek eset\u00e9n nyolc, kett\u0151n\u00e9l t\u00f6bb gyermek eset\u00e9n \u00f6sszesen tizenn\u00e9gy nap vehet\u0151 ig\u00e9nybe. A korm\u00e1nytisztvisel\u0151k jelent\u0151s mennyis\u00e9g\u0171 szabads\u00e1got halmoztak fel 2018. december 31-ig, melyek megv\u00e1lt\u00e1sra ker\u00fcltek \u00f6sszesen 9 milli\u00e1rd 800 milli\u00f3 forint \u00f6sszegben, ez fejenk\u00e9nt \u00e1tlagosan t\u00f6bb, mint f\u00e9lhavi fizet\u00e9st jelent.<\/p>\n<p>Forr\u00e1s: pestisracok.hu<\/p>\n","protected":false},"excerpt":{"rendered":"<p>A Korm\u00e1nyzati igazgat\u00e1sr\u00f3l sz\u00f3l\u00f3 t\u00f6rv\u00e9ny szerint a k\u00f6ztisztvisel\u0151kre ugyanazok a szab\u00e1lyok lesznek \u00e9rv\u00e9nyesek, mint minden m\u00e1s emberre a munkaer\u0151piacon. Ugyanis a t\u00f6rv\u00e9ny \u00a0\u00f6sszhangot teremtett a magyar munkaer\u0151piac \u00e1llami \u00e9s mag\u00e1nszektorbeli szerepl\u0151i k\u00f6z\u00f6tt annak \u00e9rdek\u00e9ben, hogy val\u00f3ban biztos\u00edthat\u00f3 legyen a nyolc \u00f3r\u00e1s munkav\u00e9gz\u00e9s id\u0151tartama. A f\u0151v\u00e1rosi \u00e9s megyei korm\u00e1nyhivatalok korm\u00e1nytisztvisel\u0151i 2016-ban b\u00e9remel\u00e9si program keretein bel\u00fcl magasabb [&hellip;]<\/p>\n","protected":false},"author":1,"featured_media":2631,"comment_status":"open","ping_status":"open","sticky":false,"template":"","format":"standard","meta":{"_monsterinsights_skip_tracking":false,"footnotes":""},"categories":[198,200],"tags":[],"class_list":["post-2630","post","type-post","status-publish","format-standard","has-post-thumbnail","hentry","category-gazdasag","category-munkaeropiac"],"aioseo_notices":[],"aioseo_head":"\n\t\t<!-- All in One SEO 5.0.0.1 - aioseo.com -->\n\t<meta name=\"description\" content=\"A Korm\u00e1nyzati igazgat\u00e1sr\u00f3l sz\u00f3l\u00f3 t\u00f6rv\u00e9ny szerint a k\u00f6ztisztvisel\u0151kre ugyanazok a szab\u00e1lyok lesznek \u00e9rv\u00e9nyesek, mint minden m\u00e1s emberre a munkaer\u0151piacon. Ugyanis a t\u00f6rv\u00e9ny \u00f6sszhangot teremtett a magyar munkaer\u0151piac \u00e1llami \u00e9s mag\u00e1nszektorbeli szerepl\u0151i k\u00f6z\u00f6tt annak \u00e9rdek\u00e9ben, hogy val\u00f3ban biztos\u00edthat\u00f3 legyen a nyolc \u00f3r\u00e1s munkav\u00e9gz\u00e9s id\u0151tartama. A f\u0151v\u00e1rosi \u00e9s megyei korm\u00e1nyhivatalok korm\u00e1nytisztvisel\u0151i 2016-ban b\u00e9remel\u00e9si program keretein bel\u00fcl magasabb\" \/>\n\t<meta name=\"robots\" content=\"max-image-preview:large\" \/>\n\t<meta name=\"author\" content=\"Juh\u00e1sz P\u00e9ter\"\/>\n\t<link rel=\"canonical\" href=\"https:\/\/allasorias.hu\/hirek\/azonos-feltetelek-az-allami-alkalmazottaknak-es-versenyszferaban-dolgozoknak\/\" \/>\n\t<meta name=\"generator\" content=\"All in One SEO (AIOSEO) 5.0.0.1\" \/>\n\t\t<meta property=\"og:locale\" content=\"hu_HU\" \/>\n\t\t<meta property=\"og:site_name\" content=\"AllasOrias.hu | H\u00edrek-lapszemle | \u00dczleti h\u00edrek az \u00e1ll\u00e1s \u00e9s a munka vil\u00e1g\u00e1b\u00f3l\" \/>\n\t\t<meta property=\"og:type\" content=\"article\" \/>\n\t\t<meta property=\"og:title\" content=\"Azonos felt\u00e9telek az \u00e1llami alkalmazottaknak \u00e9s versenyszf\u00e9r\u00e1ban dolgoz\u00f3knak | AllasOrias.hu | H\u00edrek-lapszemle\" \/>\n\t\t<meta property=\"og:description\" content=\"A Korm\u00e1nyzati igazgat\u00e1sr\u00f3l sz\u00f3l\u00f3 t\u00f6rv\u00e9ny szerint a k\u00f6ztisztvisel\u0151kre ugyanazok a szab\u00e1lyok lesznek \u00e9rv\u00e9nyesek, mint minden m\u00e1s emberre a munkaer\u0151piacon. Ugyanis a t\u00f6rv\u00e9ny \u00f6sszhangot teremtett a magyar munkaer\u0151piac \u00e1llami \u00e9s mag\u00e1nszektorbeli szerepl\u0151i k\u00f6z\u00f6tt annak \u00e9rdek\u00e9ben, hogy val\u00f3ban biztos\u00edthat\u00f3 legyen a nyolc \u00f3r\u00e1s munkav\u00e9gz\u00e9s id\u0151tartama. A f\u0151v\u00e1rosi \u00e9s megyei korm\u00e1nyhivatalok korm\u00e1nytisztvisel\u0151i 2016-ban b\u00e9remel\u00e9si program keretein bel\u00fcl magasabb\" \/>\n\t\t<meta property=\"og:url\" content=\"https:\/\/allasorias.hu\/hirek\/azonos-feltetelek-az-allami-alkalmazottaknak-es-versenyszferaban-dolgozoknak\/\" \/>\n\t\t<meta property=\"og:image\" content=\"https:\/\/allasorias.hu\/hirek\/wp-content\/uploads\/2019\/03\/hammer-802302_640.jpg\" \/>\n\t\t<meta property=\"og:image:secure_url\" content=\"https:\/\/allasorias.hu\/hirek\/wp-content\/uploads\/2019\/03\/hammer-802302_640.jpg\" \/>\n\t\t<meta property=\"og:image:width\" content=\"640\" \/>\n\t\t<meta property=\"og:image:height\" content=\"480\" \/>\n\t\t<meta property=\"article:published_time\" content=\"2019-03-07T09:04:16+00:00\" \/>\n\t\t<meta property=\"article:modified_time\" content=\"2019-03-07T09:04:16+00:00\" \/>\n\t\t<meta property=\"article:publisher\" content=\"https:\/\/www.facebook.com\/allasorias\" \/>\n\t\t<meta name=\"twitter:card\" content=\"summary_large_image\" \/>\n\t\t<meta name=\"twitter:title\" content=\"Azonos felt\u00e9telek az \u00e1llami alkalmazottaknak \u00e9s versenyszf\u00e9r\u00e1ban dolgoz\u00f3knak | AllasOrias.hu | H\u00edrek-lapszemle\" \/>\n\t\t<meta name=\"twitter:description\" content=\"A Korm\u00e1nyzati igazgat\u00e1sr\u00f3l sz\u00f3l\u00f3 t\u00f6rv\u00e9ny szerint a k\u00f6ztisztvisel\u0151kre ugyanazok a szab\u00e1lyok lesznek \u00e9rv\u00e9nyesek, mint minden m\u00e1s emberre a munkaer\u0151piacon. Ugyanis a t\u00f6rv\u00e9ny \u00f6sszhangot teremtett a magyar munkaer\u0151piac \u00e1llami \u00e9s mag\u00e1nszektorbeli szerepl\u0151i k\u00f6z\u00f6tt annak \u00e9rdek\u00e9ben, hogy val\u00f3ban biztos\u00edthat\u00f3 legyen a nyolc \u00f3r\u00e1s munkav\u00e9gz\u00e9s id\u0151tartama. A f\u0151v\u00e1rosi \u00e9s megyei korm\u00e1nyhivatalok korm\u00e1nytisztvisel\u0151i 2016-ban b\u00e9remel\u00e9si program keretein bel\u00fcl magasabb\" \/>\n\t\t<meta name=\"twitter:image\" content=\"https:\/\/allasorias.hu\/hirek\/wp-content\/uploads\/2019\/03\/hammer-802302_640.jpg\" \/>\n\t\t<meta name=\"twitter:label1\" content=\"Written by\" \/>\n\t\t<meta name=\"twitter:data1\" content=\"Juh\u00e1sz P\u00e9ter\" \/>\n\t\t<meta name=\"twitter:label2\" content=\"Est. reading time\" \/>\n\t\t<meta name=\"twitter:data2\" content=\"2 minutes\" \/>\n\t\t<script type=\"application\/ld+json\" class=\"aioseo-schema\">\n\t\t\t{\"@context\":\"https:\\\/\\\/schema.org\",\"@graph\":[{\"@type\":\"Article\",\"@id\":\"https:\\\/\\\/allasorias.hu\\\/hirek\\\/azonos-feltetelek-az-allami-alkalmazottaknak-es-versenyszferaban-dolgozoknak\\\/#article\",\"name\":\"Azonos felt\\u00e9telek az \\u00e1llami alkalmazottaknak \\u00e9s versenyszf\\u00e9r\\u00e1ban dolgoz\\u00f3knak | AllasOrias.hu | H\\u00edrek-lapszemle\",\"headline\":\"Azonos felt\\u00e9telek az \\u00e1llami alkalmazottaknak \\u00e9s versenyszf\\u00e9r\\u00e1ban dolgoz\\u00f3knak\",\"author\":{\"@id\":\"https:\\\/\\\/allasorias.hu\\\/hirek\\\/author\\\/admin-allasorias\\\/#author\"},\"publisher\":{\"@id\":\"https:\\\/\\\/allasorias.hu\\\/hirek\\\/#organization\"},\"image\":{\"@type\":\"ImageObject\",\"url\":\"https:\\\/\\\/allasorias.hu\\\/hirek\\\/wp-content\\\/uploads\\\/2019\\\/03\\\/hammer-802302_640.jpg\",\"width\":640,\"height\":480},\"datePublished\":\"2019-03-07T09:04:16+02:00\",\"dateModified\":\"2019-03-07T09:04:16+02:00\",\"inLanguage\":\"hu-HU\",\"mainEntityOfPage\":{\"@id\":\"https:\\\/\\\/allasorias.hu\\\/hirek\\\/azonos-feltetelek-az-allami-alkalmazottaknak-es-versenyszferaban-dolgozoknak\\\/#webpage\"},\"isPartOf\":{\"@id\":\"https:\\\/\\\/allasorias.hu\\\/hirek\\\/azonos-feltetelek-az-allami-alkalmazottaknak-es-versenyszferaban-dolgozoknak\\\/#webpage\"},\"articleSection\":\"Gazdas\\u00e1g, Munkaer\\u0151piac\"},{\"@type\":\"BreadcrumbList\",\"@id\":\"https:\\\/\\\/allasorias.hu\\\/hirek\\\/azonos-feltetelek-az-allami-alkalmazottaknak-es-versenyszferaban-dolgozoknak\\\/#breadcrumblist\",\"itemListElement\":[{\"@type\":\"ListItem\",\"@id\":\"https:\\\/\\\/allasorias.hu\\\/hirek#listItem\",\"position\":1,\"name\":\"Home\",\"item\":\"https:\\\/\\\/allasorias.hu\\\/hirek\",\"nextItem\":{\"@type\":\"ListItem\",\"@id\":\"https:\\\/\\\/allasorias.hu\\\/hirek\\\/temak\\\/gazdasag\\\/#listItem\",\"name\":\"Gazdas\\u00e1g\"}},{\"@type\":\"ListItem\",\"@id\":\"https:\\\/\\\/allasorias.hu\\\/hirek\\\/temak\\\/gazdasag\\\/#listItem\",\"position\":2,\"name\":\"Gazdas\\u00e1g\",\"item\":\"https:\\\/\\\/allasorias.hu\\\/hirek\\\/temak\\\/gazdasag\\\/\",\"nextItem\":{\"@type\":\"ListItem\",\"@id\":\"https:\\\/\\\/allasorias.hu\\\/hirek\\\/azonos-feltetelek-az-allami-alkalmazottaknak-es-versenyszferaban-dolgozoknak\\\/#listItem\",\"name\":\"Azonos felt\\u00e9telek az \\u00e1llami alkalmazottaknak \\u00e9s versenyszf\\u00e9r\\u00e1ban dolgoz\\u00f3knak\"},\"previousItem\":{\"@type\":\"ListItem\",\"@id\":\"https:\\\/\\\/allasorias.hu\\\/hirek#listItem\",\"name\":\"Home\"}},{\"@type\":\"ListItem\",\"@id\":\"https:\\\/\\\/allasorias.hu\\\/hirek\\\/azonos-feltetelek-az-allami-alkalmazottaknak-es-versenyszferaban-dolgozoknak\\\/#listItem\",\"position\":3,\"name\":\"Azonos felt\\u00e9telek az \\u00e1llami alkalmazottaknak \\u00e9s versenyszf\\u00e9r\\u00e1ban dolgoz\\u00f3knak\",\"previousItem\":{\"@type\":\"ListItem\",\"@id\":\"https:\\\/\\\/allasorias.hu\\\/hirek\\\/temak\\\/gazdasag\\\/#listItem\",\"name\":\"Gazdas\\u00e1g\"}}]},{\"@type\":\"Organization\",\"@id\":\"https:\\\/\\\/allasorias.hu\\\/hirek\\\/#organization\",\"name\":\"AllasOrias.hu | H\\u00edrek-lapszemle\",\"description\":\"\\u00dczleti h\\u00edrek az \\u00e1ll\\u00e1s \\u00e9s a munka vil\\u00e1g\\u00e1b\\u00f3l\",\"url\":\"https:\\\/\\\/allasorias.hu\\\/hirek\\\/\",\"logo\":{\"@type\":\"ImageObject\",\"url\":\"https:\\\/\\\/allasorias.hu\\\/hirek\\\/wp-content\\\/uploads\\\/2022\\\/10\\\/allasorias_site_facebok_logo.png\",\"@id\":\"https:\\\/\\\/allasorias.hu\\\/hirek\\\/azonos-feltetelek-az-allami-alkalmazottaknak-es-versenyszferaban-dolgozoknak\\\/#organizationLogo\"},\"image\":{\"@id\":\"https:\\\/\\\/allasorias.hu\\\/hirek\\\/azonos-feltetelek-az-allami-alkalmazottaknak-es-versenyszferaban-dolgozoknak\\\/#organizationLogo\"},\"sameAs\":[\"https:\\\/\\\/www.facebook.com\\\/allasorias\",\"https:\\\/\\\/www.linkedin.com\\\/company\\\/allasorias\"]},{\"@type\":\"Person\",\"@id\":\"https:\\\/\\\/allasorias.hu\\\/hirek\\\/author\\\/admin-allasorias\\\/#author\",\"url\":\"https:\\\/\\\/allasorias.hu\\\/hirek\\\/author\\\/admin-allasorias\\\/\",\"name\":\"Juh\\u00e1sz P\\u00e9ter\",\"image\":{\"@type\":\"ImageObject\",\"@id\":\"https:\\\/\\\/allasorias.hu\\\/hirek\\\/azonos-feltetelek-az-allami-alkalmazottaknak-es-versenyszferaban-dolgozoknak\\\/#authorImage\",\"url\":\"https:\\\/\\\/secure.gravatar.com\\\/avatar\\\/36e6bcb83148978b992977cb0f54d22feb0cce8a0a849a9410532bb2623ba4c6?s=96&d=mm&r=g\",\"width\":96,\"height\":96,\"caption\":\"Juh\\u00e1sz P\\u00e9ter\"}},{\"@type\":\"WebPage\",\"@id\":\"https:\\\/\\\/allasorias.hu\\\/hirek\\\/azonos-feltetelek-az-allami-alkalmazottaknak-es-versenyszferaban-dolgozoknak\\\/#webpage\",\"url\":\"https:\\\/\\\/allasorias.hu\\\/hirek\\\/azonos-feltetelek-az-allami-alkalmazottaknak-es-versenyszferaban-dolgozoknak\\\/\",\"name\":\"Azonos felt\\u00e9telek az \\u00e1llami alkalmazottaknak \\u00e9s versenyszf\\u00e9r\\u00e1ban dolgoz\\u00f3knak | AllasOrias.hu | H\\u00edrek-lapszemle\",\"description\":\"A Korm\\u00e1nyzati igazgat\\u00e1sr\\u00f3l sz\\u00f3l\\u00f3 t\\u00f6rv\\u00e9ny szerint a k\\u00f6ztisztvisel\\u0151kre ugyanazok a szab\\u00e1lyok lesznek \\u00e9rv\\u00e9nyesek, mint minden m\\u00e1s emberre a munkaer\\u0151piacon. Ugyanis a t\\u00f6rv\\u00e9ny \\u00f6sszhangot teremtett a magyar munkaer\\u0151piac \\u00e1llami \\u00e9s mag\\u00e1nszektorbeli szerepl\\u0151i k\\u00f6z\\u00f6tt annak \\u00e9rdek\\u00e9ben, hogy val\\u00f3ban biztos\\u00edthat\\u00f3 legyen a nyolc \\u00f3r\\u00e1s munkav\\u00e9gz\\u00e9s id\\u0151tartama. A f\\u0151v\\u00e1rosi \\u00e9s megyei korm\\u00e1nyhivatalok korm\\u00e1nytisztvisel\\u0151i 2016-ban b\\u00e9remel\\u00e9si program keretein bel\\u00fcl magasabb\",\"inLanguage\":\"hu-HU\",\"isPartOf\":{\"@id\":\"https:\\\/\\\/allasorias.hu\\\/hirek\\\/#website\"},\"breadcrumb\":{\"@id\":\"https:\\\/\\\/allasorias.hu\\\/hirek\\\/azonos-feltetelek-az-allami-alkalmazottaknak-es-versenyszferaban-dolgozoknak\\\/#breadcrumblist\"},\"author\":{\"@id\":\"https:\\\/\\\/allasorias.hu\\\/hirek\\\/author\\\/admin-allasorias\\\/#author\"},\"creator\":{\"@id\":\"https:\\\/\\\/allasorias.hu\\\/hirek\\\/author\\\/admin-allasorias\\\/#author\"},\"image\":{\"@type\":\"ImageObject\",\"url\":\"https:\\\/\\\/allasorias.hu\\\/hirek\\\/wp-content\\\/uploads\\\/2019\\\/03\\\/hammer-802302_640.jpg\",\"@id\":\"https:\\\/\\\/allasorias.hu\\\/hirek\\\/azonos-feltetelek-az-allami-alkalmazottaknak-es-versenyszferaban-dolgozoknak\\\/#mainImage\",\"width\":640,\"height\":480},\"primaryImageOfPage\":{\"@id\":\"https:\\\/\\\/allasorias.hu\\\/hirek\\\/azonos-feltetelek-az-allami-alkalmazottaknak-es-versenyszferaban-dolgozoknak\\\/#mainImage\"},\"datePublished\":\"2019-03-07T09:04:16+02:00\",\"dateModified\":\"2019-03-07T09:04:16+02:00\"},{\"@type\":\"WebSite\",\"@id\":\"https:\\\/\\\/allasorias.hu\\\/hirek\\\/#website\",\"url\":\"https:\\\/\\\/allasorias.hu\\\/hirek\\\/\",\"name\":\"AllasOrias.hu | H\\u00edrek-lapszemle\",\"description\":\"\\u00dczleti h\\u00edrek az \\u00e1ll\\u00e1s \\u00e9s a munka vil\\u00e1g\\u00e1b\\u00f3l\",\"inLanguage\":\"hu-HU\",\"publisher\":{\"@id\":\"https:\\\/\\\/allasorias.hu\\\/hirek\\\/#organization\"}}]}\n\t\t<\/script>\n\t\t<!-- All in One SEO -->\n\n","aioseo_head_json":{"title":"Azonos felt\u00e9telek az \u00e1llami alkalmazottaknak \u00e9s versenyszf\u00e9r\u00e1ban dolgoz\u00f3knak | AllasOrias.hu | H\u00edrek-lapszemle","description":"A Korm\u00e1nyzati igazgat\u00e1sr\u00f3l sz\u00f3l\u00f3 t\u00f6rv\u00e9ny szerint a k\u00f6ztisztvisel\u0151kre ugyanazok a szab\u00e1lyok lesznek \u00e9rv\u00e9nyesek, mint minden m\u00e1s emberre a munkaer\u0151piacon. Ugyanis a t\u00f6rv\u00e9ny \u00f6sszhangot teremtett a magyar munkaer\u0151piac \u00e1llami \u00e9s mag\u00e1nszektorbeli szerepl\u0151i k\u00f6z\u00f6tt annak \u00e9rdek\u00e9ben, hogy val\u00f3ban biztos\u00edthat\u00f3 legyen a nyolc \u00f3r\u00e1s munkav\u00e9gz\u00e9s id\u0151tartama. A f\u0151v\u00e1rosi \u00e9s megyei korm\u00e1nyhivatalok korm\u00e1nytisztvisel\u0151i 2016-ban b\u00e9remel\u00e9si program keretein bel\u00fcl magasabb","canonical_url":"https:\/\/allasorias.hu\/hirek\/azonos-feltetelek-az-allami-alkalmazottaknak-es-versenyszferaban-dolgozoknak\/","robots":"max-image-preview:large","keywords":"","webmasterTools":{"miscellaneous":""},"schema":{"@context":"https:\/\/schema.org","@graph":[{"@type":"Article","@id":"https:\/\/allasorias.hu\/hirek\/azonos-feltetelek-az-allami-alkalmazottaknak-es-versenyszferaban-dolgozoknak\/#article","name":"Azonos felt\u00e9telek az \u00e1llami alkalmazottaknak \u00e9s versenyszf\u00e9r\u00e1ban dolgoz\u00f3knak | AllasOrias.hu | H\u00edrek-lapszemle","headline":"Azonos felt\u00e9telek az \u00e1llami alkalmazottaknak \u00e9s versenyszf\u00e9r\u00e1ban dolgoz\u00f3knak","author":{"@id":"https:\/\/allasorias.hu\/hirek\/author\/admin-allasorias\/#author"},"publisher":{"@id":"https:\/\/allasorias.hu\/hirek\/#organization"},"image":{"@type":"ImageObject","url":"https:\/\/allasorias.hu\/hirek\/wp-content\/uploads\/2019\/03\/hammer-802302_640.jpg","width":640,"height":480},"datePublished":"2019-03-07T09:04:16+02:00","dateModified":"2019-03-07T09:04:16+02:00","inLanguage":"hu-HU","mainEntityOfPage":{"@id":"https:\/\/allasorias.hu\/hirek\/azonos-feltetelek-az-allami-alkalmazottaknak-es-versenyszferaban-dolgozoknak\/#webpage"},"isPartOf":{"@id":"https:\/\/allasorias.hu\/hirek\/azonos-feltetelek-az-allami-alkalmazottaknak-es-versenyszferaban-dolgozoknak\/#webpage"},"articleSection":"Gazdas\u00e1g, Munkaer\u0151piac"},{"@type":"BreadcrumbList","@id":"https:\/\/allasorias.hu\/hirek\/azonos-feltetelek-az-allami-alkalmazottaknak-es-versenyszferaban-dolgozoknak\/#breadcrumblist","itemListElement":[{"@type":"ListItem","@id":"https:\/\/allasorias.hu\/hirek#listItem","position":1,"name":"Home","item":"https:\/\/allasorias.hu\/hirek","nextItem":{"@type":"ListItem","@id":"https:\/\/allasorias.hu\/hirek\/temak\/gazdasag\/#listItem","name":"Gazdas\u00e1g"}},{"@type":"ListItem","@id":"https:\/\/allasorias.hu\/hirek\/temak\/gazdasag\/#listItem","position":2,"name":"Gazdas\u00e1g","item":"https:\/\/allasorias.hu\/hirek\/temak\/gazdasag\/","nextItem":{"@type":"ListItem","@id":"https:\/\/allasorias.hu\/hirek\/azonos-feltetelek-az-allami-alkalmazottaknak-es-versenyszferaban-dolgozoknak\/#listItem","name":"Azonos felt\u00e9telek az \u00e1llami alkalmazottaknak \u00e9s versenyszf\u00e9r\u00e1ban dolgoz\u00f3knak"},"previousItem":{"@type":"ListItem","@id":"https:\/\/allasorias.hu\/hirek#listItem","name":"Home"}},{"@type":"ListItem","@id":"https:\/\/allasorias.hu\/hirek\/azonos-feltetelek-az-allami-alkalmazottaknak-es-versenyszferaban-dolgozoknak\/#listItem","position":3,"name":"Azonos felt\u00e9telek az \u00e1llami alkalmazottaknak \u00e9s versenyszf\u00e9r\u00e1ban dolgoz\u00f3knak","previousItem":{"@type":"ListItem","@id":"https:\/\/allasorias.hu\/hirek\/temak\/gazdasag\/#listItem","name":"Gazdas\u00e1g"}}]},{"@type":"Organization","@id":"https:\/\/allasorias.hu\/hirek\/#organization","name":"AllasOrias.hu | H\u00edrek-lapszemle","description":"\u00dczleti h\u00edrek az \u00e1ll\u00e1s \u00e9s a munka vil\u00e1g\u00e1b\u00f3l","url":"https:\/\/allasorias.hu\/hirek\/","logo":{"@type":"ImageObject","url":"https:\/\/allasorias.hu\/hirek\/wp-content\/uploads\/2022\/10\/allasorias_site_facebok_logo.png","@id":"https:\/\/allasorias.hu\/hirek\/azonos-feltetelek-az-allami-alkalmazottaknak-es-versenyszferaban-dolgozoknak\/#organizationLogo"},"image":{"@id":"https:\/\/allasorias.hu\/hirek\/azonos-feltetelek-az-allami-alkalmazottaknak-es-versenyszferaban-dolgozoknak\/#organizationLogo"},"sameAs":["https:\/\/www.facebook.com\/allasorias","https:\/\/www.linkedin.com\/company\/allasorias"]},{"@type":"Person","@id":"https:\/\/allasorias.hu\/hirek\/author\/admin-allasorias\/#author","url":"https:\/\/allasorias.hu\/hirek\/author\/admin-allasorias\/","name":"Juh\u00e1sz P\u00e9ter","image":{"@type":"ImageObject","@id":"https:\/\/allasorias.hu\/hirek\/azonos-feltetelek-az-allami-alkalmazottaknak-es-versenyszferaban-dolgozoknak\/#authorImage","url":"https:\/\/secure.gravatar.com\/avatar\/36e6bcb83148978b992977cb0f54d22feb0cce8a0a849a9410532bb2623ba4c6?s=96&d=mm&r=g","width":96,"height":96,"caption":"Juh\u00e1sz P\u00e9ter"}},{"@type":"WebPage","@id":"https:\/\/allasorias.hu\/hirek\/azonos-feltetelek-az-allami-alkalmazottaknak-es-versenyszferaban-dolgozoknak\/#webpage","url":"https:\/\/allasorias.hu\/hirek\/azonos-feltetelek-az-allami-alkalmazottaknak-es-versenyszferaban-dolgozoknak\/","name":"Azonos felt\u00e9telek az \u00e1llami alkalmazottaknak \u00e9s versenyszf\u00e9r\u00e1ban dolgoz\u00f3knak | AllasOrias.hu | H\u00edrek-lapszemle","description":"A Korm\u00e1nyzati igazgat\u00e1sr\u00f3l sz\u00f3l\u00f3 t\u00f6rv\u00e9ny szerint a k\u00f6ztisztvisel\u0151kre ugyanazok a szab\u00e1lyok lesznek \u00e9rv\u00e9nyesek, mint minden m\u00e1s emberre a munkaer\u0151piacon. Ugyanis a t\u00f6rv\u00e9ny \u00f6sszhangot teremtett a magyar munkaer\u0151piac \u00e1llami \u00e9s mag\u00e1nszektorbeli szerepl\u0151i k\u00f6z\u00f6tt annak \u00e9rdek\u00e9ben, hogy val\u00f3ban biztos\u00edthat\u00f3 legyen a nyolc \u00f3r\u00e1s munkav\u00e9gz\u00e9s id\u0151tartama. A f\u0151v\u00e1rosi \u00e9s megyei korm\u00e1nyhivatalok korm\u00e1nytisztvisel\u0151i 2016-ban b\u00e9remel\u00e9si program keretein bel\u00fcl magasabb","inLanguage":"hu-HU","isPartOf":{"@id":"https:\/\/allasorias.hu\/hirek\/#website"},"breadcrumb":{"@id":"https:\/\/allasorias.hu\/hirek\/azonos-feltetelek-az-allami-alkalmazottaknak-es-versenyszferaban-dolgozoknak\/#breadcrumblist"},"author":{"@id":"https:\/\/allasorias.hu\/hirek\/author\/admin-allasorias\/#author"},"creator":{"@id":"https:\/\/allasorias.hu\/hirek\/author\/admin-allasorias\/#author"},"image":{"@type":"ImageObject","url":"https:\/\/allasorias.hu\/hirek\/wp-content\/uploads\/2019\/03\/hammer-802302_640.jpg","@id":"https:\/\/allasorias.hu\/hirek\/azonos-feltetelek-az-allami-alkalmazottaknak-es-versenyszferaban-dolgozoknak\/#mainImage","width":640,"height":480},"primaryImageOfPage":{"@id":"https:\/\/allasorias.hu\/hirek\/azonos-feltetelek-az-allami-alkalmazottaknak-es-versenyszferaban-dolgozoknak\/#mainImage"},"datePublished":"2019-03-07T09:04:16+02:00","dateModified":"2019-03-07T09:04:16+02:00"},{"@type":"WebSite","@id":"https:\/\/allasorias.hu\/hirek\/#website","url":"https:\/\/allasorias.hu\/hirek\/","name":"AllasOrias.hu | H\u00edrek-lapszemle","description":"\u00dczleti h\u00edrek az \u00e1ll\u00e1s \u00e9s a munka vil\u00e1g\u00e1b\u00f3l","inLanguage":"hu-HU","publisher":{"@id":"https:\/\/allasorias.hu\/hirek\/#organization"}}]},"og:locale":"hu_HU","og:site_name":"AllasOrias.hu | H\u00edrek-lapszemle | \u00dczleti h\u00edrek az \u00e1ll\u00e1s \u00e9s a munka vil\u00e1g\u00e1b\u00f3l","og:type":"article","og:title":"Azonos felt\u00e9telek az \u00e1llami alkalmazottaknak \u00e9s versenyszf\u00e9r\u00e1ban dolgoz\u00f3knak | AllasOrias.hu | H\u00edrek-lapszemle","og:description":"A Korm\u00e1nyzati igazgat\u00e1sr\u00f3l sz\u00f3l\u00f3 t\u00f6rv\u00e9ny szerint a k\u00f6ztisztvisel\u0151kre ugyanazok a szab\u00e1lyok lesznek \u00e9rv\u00e9nyesek, mint minden m\u00e1s emberre a munkaer\u0151piacon. Ugyanis a t\u00f6rv\u00e9ny \u00f6sszhangot teremtett a magyar munkaer\u0151piac \u00e1llami \u00e9s mag\u00e1nszektorbeli szerepl\u0151i k\u00f6z\u00f6tt annak \u00e9rdek\u00e9ben, hogy val\u00f3ban biztos\u00edthat\u00f3 legyen a nyolc \u00f3r\u00e1s munkav\u00e9gz\u00e9s id\u0151tartama. A f\u0151v\u00e1rosi \u00e9s megyei korm\u00e1nyhivatalok korm\u00e1nytisztvisel\u0151i 2016-ban b\u00e9remel\u00e9si program keretein bel\u00fcl magasabb","og:url":"https:\/\/allasorias.hu\/hirek\/azonos-feltetelek-az-allami-alkalmazottaknak-es-versenyszferaban-dolgozoknak\/","og:image":"https:\/\/allasorias.hu\/hirek\/wp-content\/uploads\/2019\/03\/hammer-802302_640.jpg","og:image:secure_url":"https:\/\/allasorias.hu\/hirek\/wp-content\/uploads\/2019\/03\/hammer-802302_640.jpg","og:image:width":640,"og:image:height":480,"article:published_time":"2019-03-07T09:04:16+00:00","article:modified_time":"2019-03-07T09:04:16+00:00","article:publisher":"https:\/\/www.facebook.com\/allasorias","twitter:card":"summary_large_image","twitter:title":"Azonos felt\u00e9telek az \u00e1llami alkalmazottaknak \u00e9s versenyszf\u00e9r\u00e1ban dolgoz\u00f3knak | AllasOrias.hu | H\u00edrek-lapszemle","twitter:description":"A Korm\u00e1nyzati igazgat\u00e1sr\u00f3l sz\u00f3l\u00f3 t\u00f6rv\u00e9ny szerint a k\u00f6ztisztvisel\u0151kre ugyanazok a szab\u00e1lyok lesznek \u00e9rv\u00e9nyesek, mint minden m\u00e1s emberre a munkaer\u0151piacon. Ugyanis a t\u00f6rv\u00e9ny \u00f6sszhangot teremtett a magyar munkaer\u0151piac \u00e1llami \u00e9s mag\u00e1nszektorbeli szerepl\u0151i k\u00f6z\u00f6tt annak \u00e9rdek\u00e9ben, hogy val\u00f3ban biztos\u00edthat\u00f3 legyen a nyolc \u00f3r\u00e1s munkav\u00e9gz\u00e9s id\u0151tartama. A f\u0151v\u00e1rosi \u00e9s megyei korm\u00e1nyhivatalok korm\u00e1nytisztvisel\u0151i 2016-ban b\u00e9remel\u00e9si program keretein bel\u00fcl magasabb","twitter:image":"https:\/\/allasorias.hu\/hirek\/wp-content\/uploads\/2019\/03\/hammer-802302_640.jpg","twitter:label1":"Written by","twitter:data1":"Juh\u00e1sz P\u00e9ter","twitter:label2":"Est. reading time","twitter:data2":"2 minutes"},"aioseo_meta_data":{"post_id":"2630","title":null,"description":null,"keywords":null,"keyphrases":null,"primary_term":null,"canonical_url":null,"og_title":null,"og_description":null,"og_object_type":"default","og_image_type":"default","og_image_url":null,"og_image_width":null,"og_image_height":null,"og_image_custom_url":null,"og_image_custom_fields":null,"og_video":null,"og_custom_url":null,"og_article_section":null,"og_article_tags":null,"twitter_use_og":false,"twitter_card":"default","twitter_image_type":"default","twitter_image_url":null,"twitter_image_custom_url":null,"twitter_image_custom_fields":null,"twitter_title":null,"twitter_description":null,"schema":{"blockGraphs":[],"customGraphs":[],"default":{"data":{"Article":[],"Course":[],"Dataset":[],"FAQPage":[],"Movie":[],"Person":[],"Product":[],"ProductReview":[],"Car":[],"Recipe":[],"Service":[],"SoftwareApplication":[],"WebPage":[]},"graphName":"","isEnabled":true},"graphs":[],"defaultGraph":"","defaultPostTypeGraph":""},"schema_type":null,"schema_type_options":null,"pillar_content":false,"robots_default":true,"robots_noindex":false,"robots_noarchive":false,"robots_nosnippet":false,"robots_nofollow":false,"robots_noimageindex":false,"robots_noodp":false,"robots_notranslate":false,"robots_max_snippet":null,"robots_max_videopreview":null,"robots_max_imagepreview":"large","priority":null,"frequency":null,"location":null,"local_seo":null,"breadcrumb_settings":null,"limit_modified_date":false,"ai":null,"created":"2021-02-01 21:13:45","updated":"2025-10-02 10:11:45","seo_analyzer_scan_date":null,"focus_keyword":null,"additional_keywords":null,"truseo_locale":null},"aioseo_breadcrumb":"<div class=\"aioseo-breadcrumbs\"><span class=\"aioseo-breadcrumb\">\n\t\t\t<a href=\"https:\/\/allasorias.hu\/hirek\" title=\"Home\">Home<\/a>\n\t\t<\/span><span class=\"aioseo-breadcrumb-separator\">&raquo;<\/span><span class=\"aioseo-breadcrumb\">\n\t\t\t<a href=\"https:\/\/allasorias.hu\/hirek\/temak\/gazdasag\/\" title=\"Gazdas\u00e1g\">Gazdas\u00e1g<\/a>\n\t\t<\/span><span class=\"aioseo-breadcrumb-separator\">&raquo;<\/span><span class=\"aioseo-breadcrumb\">\n\t\t\tAzonos felt\u00e9telek az \u00e1llami alkalmazottaknak \u00e9s versenyszf\u00e9r\u00e1ban dolgoz\u00f3knak\n\t\t<\/span><\/div>","aioseo_breadcrumb_json":[{"label":"Home","link":"https:\/\/allasorias.hu\/hirek"},{"label":"Gazdas\u00e1g","link":"https:\/\/allasorias.hu\/hirek\/temak\/gazdasag\/"},{"label":"Azonos felt\u00e9telek az \u00e1llami alkalmazottaknak \u00e9s versenyszf\u00e9r\u00e1ban dolgoz\u00f3knak","link":"https:\/\/allasorias.hu\/hirek\/azonos-feltetelek-az-allami-alkalmazottaknak-es-versenyszferaban-dolgozoknak\/"}],"_links":{"self":[{"href":"https:\/\/allasorias.hu\/hirek\/wp-json\/wp\/v2\/posts\/2630","targetHints":{"allow":["GET"]}}],"collection":[{"href":"https:\/\/allasorias.hu\/hirek\/wp-json\/wp\/v2\/posts"}],"about":[{"href":"https:\/\/allasorias.hu\/hirek\/wp-json\/wp\/v2\/types\/post"}],"author":[{"embeddable":true,"href":"https:\/\/allasorias.hu\/hirek\/wp-json\/wp\/v2\/users\/1"}],"replies":[{"embeddable":true,"href":"https:\/\/allasorias.hu\/hirek\/wp-json\/wp\/v2\/comments?post=2630"}],"version-history":[{"count":1,"href":"https:\/\/allasorias.hu\/hirek\/wp-json\/wp\/v2\/posts\/2630\/revisions"}],"predecessor-version":[{"id":2632,"href":"https:\/\/allasorias.hu\/hirek\/wp-json\/wp\/v2\/posts\/2630\/revisions\/2632"}],"wp:featuredmedia":[{"embeddable":true,"href":"https:\/\/allasorias.hu\/hirek\/wp-json\/wp\/v2\/media\/2631"}],"wp:attachment":[{"href":"https:\/\/allasorias.hu\/hirek\/wp-json\/wp\/v2\/media?parent=2630"}],"wp:term":[{"taxonomy":"category","embeddable":true,"href":"https:\/\/allasorias.hu\/hirek\/wp-json\/wp\/v2\/categories?post=2630"},{"taxonomy":"post_tag","embeddable":true,"href":"https:\/\/allasorias.hu\/hirek\/wp-json\/wp\/v2\/tags?post=2630"}],"curies":[{"name":"wp","href":"https:\/\/api.w.org\/{rel}","templated":true}]}}