{"id":2628,"date":"2019-03-06T10:22:44","date_gmt":"2019-03-06T10:22:44","guid":{"rendered":"https:\/\/allasorias.hu\/hirek\/?p=2628"},"modified":"2019-03-06T10:22:44","modified_gmt":"2019-03-06T10:22:44","slug":"mi-hozhatja-meg-a-legnagyobb-gazdasagi-novekedest","status":"publish","type":"post","link":"https:\/\/allasorias.hu\/hirek\/mi-hozhatja-meg-a-legnagyobb-gazdasagi-novekedest\/","title":{"rendered":"Mi hozhatja meg a legnagyobb gazdas\u00e1gi n\u00f6veked\u00e9st?"},"content":{"rendered":"<p><strong>A Nemzeti Versenyk\u00e9pess\u00e9gi Tan\u00e1cs munkaer\u0151piaci versenyk\u00e9pess\u00e9gi csomagja hozhatja meg\u00a0 a legnagyobb GDP n\u00f6veked\u00e9st. A munkaer\u0151hi\u00e1nyra \u00e9s a vesz\u00e9lyeztetett csoportok foglalkoztat\u00e1s\u00e1nak n\u00f6veked\u00e9s\u00e9re igyekszik v\u00e1laszt tal\u00e1lni a csomag, \u00e9s a c\u00e9lok k\u00f6z\u00f6tt szerepel t\u00f6bbek k\u00f6z\u00f6tt a munka\u00fcgyi hivatalok fejleszt\u00e9se, a b\u00f6lcs\u0151dei \u00e9s \u00f3vodai f\u00e9r\u0151helyek sz\u00e1m\u00e1nak n\u00f6vel\u00e9se, vagy \u00e9ppen egy aut\u00f3p\u00e1lya-fejleszt\u00e9s.<\/strong><\/p>\n<p>A tervezett reformok azonban \u00fagy t\u0171nik, hogy hosszabb t\u00e1von nem adnak v\u00e1laszt a k\u00fcl\u00f6n\u00f6sen fontos munkaer\u0151piaci probl\u00e9m\u00e1kra, \u00edgy \u00e9rdemes lenne be\u00e9p\u00edteni az MNB javaslatait is a v\u00e9gs\u0151 csomagba. A munkaer\u0151piac egyre t\u00f6bb ter\u00fclet\u00e9n (mind f\u00f6ldrajzi, mind szektor\u00e1lis \u00e9rtelemben) alakult ki munkaer\u0151hi\u00e1ny, amelyben a mag\u00e1nszektor b\u0151v\u00fcl\u0151 munkaer\u0151-kereslete mellett fontos szerepet j\u00e1tszik a magasabb j\u00f6vedelmet k\u00edn\u00e1l\u00f3 nyugat-eur\u00f3pai munkaer\u0151piacok er\u0151s elsz\u00edv\u00f3 hat\u00e1sa is &#8211; ez a meg\u00e1llap\u00edt\u00e1s szerepel a P\u00e9nz\u00fcgyminiszt\u00e9rium Program a Versenyk\u00e9pesebb Magyarorsz\u00e1g\u00e9rt c\u00edm\u0171 elemz\u00e9s\u00e9ben, amely a Nemzeti Versenyk\u00e9pess\u00e9gi Tan\u00e1cs javaslatai alapj\u00e1n k\u00e9sz\u00fclt. Az elm\u00falt \u00e9vekben a foglalkoztat\u00e1s n\u00f6veked\u00e9se volt a legfontosabb t\u00e9nyez\u0151 a magyar gazdas\u00e1g n\u00f6veked\u00e9s\u00e9ben, mostanra azonban a b\u0151v\u00fcl\u00e9s megtorpanni l\u00e1tszik, miut\u00e1n a rendszerv\u00e1lt\u00e1s \u00f3ta nem l\u00e1tott magass\u00e1gba emelkedett a foglalkoztat\u00e1s. Az anyag meg\u00e1llap\u00edtja, hogy jelenleg egyre t\u00f6bb v\u00e1llalkoz\u00e1s tekint a megfelel\u0151 munkaer\u0151 hi\u00e1ny\u00e1ra termel\u00e9st korl\u00e1toz\u00f3 t\u00e9nyez\u0151k\u00e9nt. A nemzetk\u00f6zi \u00f6sszevet\u00e9s alapj\u00e1n v\u00e9gzett kalkul\u00e1ci\u00f3k szerint a jelenlegin\u00e9l ak\u00e1r 200-700 ezer f\u0151vel magasabb foglalkoztat\u00e1si szint is megval\u00f3s\u00edthat\u00f3 lenne. A n\u00f6veked\u00e9si k\u00e9pess\u00e9g szempontj\u00e1b\u00f3l kiemelt jelent\u0151s\u00e9ggel b\u00edr, hogy a hazai k\u00f6zszf\u00e9ra takar\u00e9kos m\u00f3don b\u00e1njon a v\u00e9ges hum\u00e1ner\u0151forr\u00e1sokkal. \u00cdgy biztos\u00edthatja, hogy rendelkez\u00e9sre \u00e1lljon a versenyszf\u00e9ra n\u00f6veked\u00e9si terveihez megfelel\u0151 mennyis\u00e9g\u0171 munkaer\u0151. Els\u0151sorban a vesz\u00e9lyeztetett korcsoportok (fiatalkor\u00faak, kismam\u00e1k, id\u0151sebb munkav\u00e1llal\u00f3k) eset\u00e9ben t\u0171nik lehets\u00e9gesnek az el\u0151rel\u00e9p\u00e9s &#8211; \u00e1llap\u00edtja meg az NVT javaslatai alapj\u00e1n k\u00e9sz\u00fclt jelent\u00e9s, \u00f6sszhangban azzal, amit a Magyar Nemzeti Bank (MNB) is t\u00e1mogat. A jegybank t\u00f6bbek k\u00f6z\u00f6tt a Munkahelyv\u00e9delmi Akci\u00f3terv kiterjeszt\u00e9s\u00e9t javasolta. A v\u00e1rhat\u00f3an a korm\u00e1nyzat el\u00e9 ker\u00fcl\u0151 javaslatcsomag szerint: A tanulm\u00e1nyokat folytat\u00f3 fiatal munkav\u00e1llal\u00f3 &#8211; hasonl\u00f3an a di\u00e1ksz\u00f6vetkezeteken kereszt\u00fcli munkav\u00e1llal\u00e1shoz &#8211; mentes\u00fclne a munkav\u00e1llal\u00f3i j\u00e1rul\u00e9kok megfizet\u00e9se al\u00f3l [nyugd\u00edjj\u00e1rul\u00e9k (10%), eg\u00e9szs\u00e9gbiztos\u00edt\u00e1si j\u00e1rul\u00e9kok (4+3%), munkaer\u0151piaci j\u00e1rul\u00e9k (1,5%)].A munk\u00e1ltat\u00f3 ezzel p\u00e1rhuzamosan mentes\u00fclne a szoci\u00e1lis hozz\u00e1j\u00e1rul\u00e1si ad\u00f3 (jelenleg 19,5%) megfizet\u00e9se al\u00f3l. Mivel a di\u00e1kok saj\u00e1t jogon ell\u00e1tottak nappali tagozaton, tanulm\u00e1nyok melletti foglalkoztat\u00e1suk eset\u00e9n a munk\u00e1ltat\u00f3 mentes\u00fclhetne a j\u00e1rul\u00e9kok megfizet\u00e9se al\u00f3l.<\/p>\n<p><em>Forr\u00e1s: portfolio.hu<\/em><\/p>\n","protected":false},"excerpt":{"rendered":"<p>A Nemzeti Versenyk\u00e9pess\u00e9gi Tan\u00e1cs munkaer\u0151piaci versenyk\u00e9pess\u00e9gi csomagja hozhatja meg\u00a0 a legnagyobb GDP n\u00f6veked\u00e9st. A munkaer\u0151hi\u00e1nyra \u00e9s a vesz\u00e9lyeztetett csoportok foglalkoztat\u00e1s\u00e1nak n\u00f6veked\u00e9s\u00e9re igyekszik v\u00e1laszt tal\u00e1lni a csomag, \u00e9s a c\u00e9lok k\u00f6z\u00f6tt szerepel t\u00f6bbek k\u00f6z\u00f6tt a munka\u00fcgyi hivatalok fejleszt\u00e9se, a b\u00f6lcs\u0151dei \u00e9s \u00f3vodai f\u00e9r\u0151helyek sz\u00e1m\u00e1nak n\u00f6vel\u00e9se, vagy \u00e9ppen egy aut\u00f3p\u00e1lya-fejleszt\u00e9s. A tervezett reformok azonban \u00fagy t\u0171nik, hogy [&hellip;]<\/p>\n","protected":false},"author":1,"featured_media":2456,"comment_status":"open","ping_status":"open","sticky":false,"template":"","format":"standard","meta":{"_monsterinsights_skip_tracking":false,"footnotes":""},"categories":[198],"tags":[],"class_list":["post-2628","post","type-post","status-publish","format-standard","has-post-thumbnail","hentry","category-gazdasag"],"aioseo_notices":[],"aioseo_head":"\n\t\t<!-- All in One SEO 5.0.0.1 - aioseo.com -->\n\t<meta name=\"description\" content=\"A Nemzeti Versenyk\u00e9pess\u00e9gi Tan\u00e1cs munkaer\u0151piaci versenyk\u00e9pess\u00e9gi csomagja hozhatja meg a legnagyobb GDP n\u00f6veked\u00e9st. A munkaer\u0151hi\u00e1nyra \u00e9s a vesz\u00e9lyeztetett csoportok foglalkoztat\u00e1s\u00e1nak n\u00f6veked\u00e9s\u00e9re igyekszik v\u00e1laszt tal\u00e1lni a csomag, \u00e9s a c\u00e9lok k\u00f6z\u00f6tt szerepel t\u00f6bbek k\u00f6z\u00f6tt a munka\u00fcgyi hivatalok fejleszt\u00e9se, a b\u00f6lcs\u0151dei \u00e9s \u00f3vodai f\u00e9r\u0151helyek sz\u00e1m\u00e1nak n\u00f6vel\u00e9se, vagy \u00e9ppen egy aut\u00f3p\u00e1lya-fejleszt\u00e9s. A tervezett reformok azonban \u00fagy t\u0171nik, hogy\" \/>\n\t<meta name=\"robots\" content=\"max-image-preview:large\" \/>\n\t<meta name=\"author\" content=\"Juh\u00e1sz P\u00e9ter\"\/>\n\t<link rel=\"canonical\" href=\"https:\/\/allasorias.hu\/hirek\/mi-hozhatja-meg-a-legnagyobb-gazdasagi-novekedest\/\" \/>\n\t<meta name=\"generator\" content=\"All in One SEO (AIOSEO) 5.0.0.1\" \/>\n\t\t<meta property=\"og:locale\" content=\"hu_HU\" \/>\n\t\t<meta property=\"og:site_name\" content=\"AllasOrias.hu | H\u00edrek-lapszemle | \u00dczleti h\u00edrek az \u00e1ll\u00e1s \u00e9s a munka vil\u00e1g\u00e1b\u00f3l\" \/>\n\t\t<meta property=\"og:type\" content=\"article\" \/>\n\t\t<meta property=\"og:title\" content=\"Mi hozhatja meg a legnagyobb gazdas\u00e1gi n\u00f6veked\u00e9st? | AllasOrias.hu | H\u00edrek-lapszemle\" \/>\n\t\t<meta property=\"og:description\" content=\"A Nemzeti Versenyk\u00e9pess\u00e9gi Tan\u00e1cs munkaer\u0151piaci versenyk\u00e9pess\u00e9gi csomagja hozhatja meg a legnagyobb GDP n\u00f6veked\u00e9st. A munkaer\u0151hi\u00e1nyra \u00e9s a vesz\u00e9lyeztetett csoportok foglalkoztat\u00e1s\u00e1nak n\u00f6veked\u00e9s\u00e9re igyekszik v\u00e1laszt tal\u00e1lni a csomag, \u00e9s a c\u00e9lok k\u00f6z\u00f6tt szerepel t\u00f6bbek k\u00f6z\u00f6tt a munka\u00fcgyi hivatalok fejleszt\u00e9se, a b\u00f6lcs\u0151dei \u00e9s \u00f3vodai f\u00e9r\u0151helyek sz\u00e1m\u00e1nak n\u00f6vel\u00e9se, vagy \u00e9ppen egy aut\u00f3p\u00e1lya-fejleszt\u00e9s. A tervezett reformok azonban \u00fagy t\u0171nik, hogy\" \/>\n\t\t<meta property=\"og:url\" content=\"https:\/\/allasorias.hu\/hirek\/mi-hozhatja-meg-a-legnagyobb-gazdasagi-novekedest\/\" \/>\n\t\t<meta property=\"og:image\" content=\"https:\/\/allasorias.hu\/hirek\/wp-content\/uploads\/2019\/01\/entrepreneur-1340649_640.jpg\" \/>\n\t\t<meta property=\"og:image:secure_url\" content=\"https:\/\/allasorias.hu\/hirek\/wp-content\/uploads\/2019\/01\/entrepreneur-1340649_640.jpg\" \/>\n\t\t<meta property=\"og:image:width\" content=\"640\" \/>\n\t\t<meta property=\"og:image:height\" content=\"452\" \/>\n\t\t<meta property=\"article:published_time\" content=\"2019-03-06T10:22:44+00:00\" \/>\n\t\t<meta property=\"article:modified_time\" content=\"2019-03-06T10:22:44+00:00\" \/>\n\t\t<meta property=\"article:publisher\" content=\"https:\/\/www.facebook.com\/allasorias\" \/>\n\t\t<meta name=\"twitter:card\" content=\"summary_large_image\" \/>\n\t\t<meta name=\"twitter:title\" content=\"Mi hozhatja meg a legnagyobb gazdas\u00e1gi n\u00f6veked\u00e9st? | AllasOrias.hu | H\u00edrek-lapszemle\" \/>\n\t\t<meta name=\"twitter:description\" content=\"A Nemzeti Versenyk\u00e9pess\u00e9gi Tan\u00e1cs munkaer\u0151piaci versenyk\u00e9pess\u00e9gi csomagja hozhatja meg a legnagyobb GDP n\u00f6veked\u00e9st. A munkaer\u0151hi\u00e1nyra \u00e9s a vesz\u00e9lyeztetett csoportok foglalkoztat\u00e1s\u00e1nak n\u00f6veked\u00e9s\u00e9re igyekszik v\u00e1laszt tal\u00e1lni a csomag, \u00e9s a c\u00e9lok k\u00f6z\u00f6tt szerepel t\u00f6bbek k\u00f6z\u00f6tt a munka\u00fcgyi hivatalok fejleszt\u00e9se, a b\u00f6lcs\u0151dei \u00e9s \u00f3vodai f\u00e9r\u0151helyek sz\u00e1m\u00e1nak n\u00f6vel\u00e9se, vagy \u00e9ppen egy aut\u00f3p\u00e1lya-fejleszt\u00e9s. A tervezett reformok azonban \u00fagy t\u0171nik, hogy\" \/>\n\t\t<meta name=\"twitter:image\" content=\"https:\/\/allasorias.hu\/hirek\/wp-content\/uploads\/2019\/01\/entrepreneur-1340649_640.jpg\" \/>\n\t\t<meta name=\"twitter:label1\" content=\"Written by\" \/>\n\t\t<meta name=\"twitter:data1\" content=\"Juh\u00e1sz P\u00e9ter\" \/>\n\t\t<meta name=\"twitter:label2\" content=\"Est. reading time\" \/>\n\t\t<meta name=\"twitter:data2\" content=\"3 minutes\" \/>\n\t\t<script type=\"application\/ld+json\" class=\"aioseo-schema\">\n\t\t\t{\"@context\":\"https:\\\/\\\/schema.org\",\"@graph\":[{\"@type\":\"Article\",\"@id\":\"https:\\\/\\\/allasorias.hu\\\/hirek\\\/mi-hozhatja-meg-a-legnagyobb-gazdasagi-novekedest\\\/#article\",\"name\":\"Mi hozhatja meg a legnagyobb gazdas\\u00e1gi n\\u00f6veked\\u00e9st? | AllasOrias.hu | H\\u00edrek-lapszemle\",\"headline\":\"Mi hozhatja meg a legnagyobb gazdas\\u00e1gi n\\u00f6veked\\u00e9st?\",\"author\":{\"@id\":\"https:\\\/\\\/allasorias.hu\\\/hirek\\\/author\\\/admin-allasorias\\\/#author\"},\"publisher\":{\"@id\":\"https:\\\/\\\/allasorias.hu\\\/hirek\\\/#organization\"},\"image\":{\"@type\":\"ImageObject\",\"url\":\"https:\\\/\\\/allasorias.hu\\\/hirek\\\/wp-content\\\/uploads\\\/2019\\\/01\\\/entrepreneur-1340649_640.jpg\",\"width\":640,\"height\":452},\"datePublished\":\"2019-03-06T10:22:44+02:00\",\"dateModified\":\"2019-03-06T10:22:44+02:00\",\"inLanguage\":\"hu-HU\",\"mainEntityOfPage\":{\"@id\":\"https:\\\/\\\/allasorias.hu\\\/hirek\\\/mi-hozhatja-meg-a-legnagyobb-gazdasagi-novekedest\\\/#webpage\"},\"isPartOf\":{\"@id\":\"https:\\\/\\\/allasorias.hu\\\/hirek\\\/mi-hozhatja-meg-a-legnagyobb-gazdasagi-novekedest\\\/#webpage\"},\"articleSection\":\"Gazdas\\u00e1g\"},{\"@type\":\"BreadcrumbList\",\"@id\":\"https:\\\/\\\/allasorias.hu\\\/hirek\\\/mi-hozhatja-meg-a-legnagyobb-gazdasagi-novekedest\\\/#breadcrumblist\",\"itemListElement\":[{\"@type\":\"ListItem\",\"@id\":\"https:\\\/\\\/allasorias.hu\\\/hirek#listItem\",\"position\":1,\"name\":\"Home\",\"item\":\"https:\\\/\\\/allasorias.hu\\\/hirek\",\"nextItem\":{\"@type\":\"ListItem\",\"@id\":\"https:\\\/\\\/allasorias.hu\\\/hirek\\\/temak\\\/gazdasag\\\/#listItem\",\"name\":\"Gazdas\\u00e1g\"}},{\"@type\":\"ListItem\",\"@id\":\"https:\\\/\\\/allasorias.hu\\\/hirek\\\/temak\\\/gazdasag\\\/#listItem\",\"position\":2,\"name\":\"Gazdas\\u00e1g\",\"item\":\"https:\\\/\\\/allasorias.hu\\\/hirek\\\/temak\\\/gazdasag\\\/\",\"nextItem\":{\"@type\":\"ListItem\",\"@id\":\"https:\\\/\\\/allasorias.hu\\\/hirek\\\/mi-hozhatja-meg-a-legnagyobb-gazdasagi-novekedest\\\/#listItem\",\"name\":\"Mi hozhatja meg a legnagyobb gazdas\\u00e1gi n\\u00f6veked\\u00e9st?\"},\"previousItem\":{\"@type\":\"ListItem\",\"@id\":\"https:\\\/\\\/allasorias.hu\\\/hirek#listItem\",\"name\":\"Home\"}},{\"@type\":\"ListItem\",\"@id\":\"https:\\\/\\\/allasorias.hu\\\/hirek\\\/mi-hozhatja-meg-a-legnagyobb-gazdasagi-novekedest\\\/#listItem\",\"position\":3,\"name\":\"Mi hozhatja meg a legnagyobb gazdas\\u00e1gi n\\u00f6veked\\u00e9st?\",\"previousItem\":{\"@type\":\"ListItem\",\"@id\":\"https:\\\/\\\/allasorias.hu\\\/hirek\\\/temak\\\/gazdasag\\\/#listItem\",\"name\":\"Gazdas\\u00e1g\"}}]},{\"@type\":\"Organization\",\"@id\":\"https:\\\/\\\/allasorias.hu\\\/hirek\\\/#organization\",\"name\":\"AllasOrias.hu | H\\u00edrek-lapszemle\",\"description\":\"\\u00dczleti h\\u00edrek az \\u00e1ll\\u00e1s \\u00e9s a munka vil\\u00e1g\\u00e1b\\u00f3l\",\"url\":\"https:\\\/\\\/allasorias.hu\\\/hirek\\\/\",\"logo\":{\"@type\":\"ImageObject\",\"url\":\"https:\\\/\\\/allasorias.hu\\\/hirek\\\/wp-content\\\/uploads\\\/2022\\\/10\\\/allasorias_site_facebok_logo.png\",\"@id\":\"https:\\\/\\\/allasorias.hu\\\/hirek\\\/mi-hozhatja-meg-a-legnagyobb-gazdasagi-novekedest\\\/#organizationLogo\"},\"image\":{\"@id\":\"https:\\\/\\\/allasorias.hu\\\/hirek\\\/mi-hozhatja-meg-a-legnagyobb-gazdasagi-novekedest\\\/#organizationLogo\"},\"sameAs\":[\"https:\\\/\\\/www.facebook.com\\\/allasorias\",\"https:\\\/\\\/www.linkedin.com\\\/company\\\/allasorias\"]},{\"@type\":\"Person\",\"@id\":\"https:\\\/\\\/allasorias.hu\\\/hirek\\\/author\\\/admin-allasorias\\\/#author\",\"url\":\"https:\\\/\\\/allasorias.hu\\\/hirek\\\/author\\\/admin-allasorias\\\/\",\"name\":\"Juh\\u00e1sz P\\u00e9ter\",\"image\":{\"@type\":\"ImageObject\",\"@id\":\"https:\\\/\\\/allasorias.hu\\\/hirek\\\/mi-hozhatja-meg-a-legnagyobb-gazdasagi-novekedest\\\/#authorImage\",\"url\":\"https:\\\/\\\/secure.gravatar.com\\\/avatar\\\/36e6bcb83148978b992977cb0f54d22feb0cce8a0a849a9410532bb2623ba4c6?s=96&d=mm&r=g\",\"width\":96,\"height\":96,\"caption\":\"Juh\\u00e1sz P\\u00e9ter\"}},{\"@type\":\"WebPage\",\"@id\":\"https:\\\/\\\/allasorias.hu\\\/hirek\\\/mi-hozhatja-meg-a-legnagyobb-gazdasagi-novekedest\\\/#webpage\",\"url\":\"https:\\\/\\\/allasorias.hu\\\/hirek\\\/mi-hozhatja-meg-a-legnagyobb-gazdasagi-novekedest\\\/\",\"name\":\"Mi hozhatja meg a legnagyobb gazdas\\u00e1gi n\\u00f6veked\\u00e9st? | AllasOrias.hu | H\\u00edrek-lapszemle\",\"description\":\"A Nemzeti Versenyk\\u00e9pess\\u00e9gi Tan\\u00e1cs munkaer\\u0151piaci versenyk\\u00e9pess\\u00e9gi csomagja hozhatja meg a legnagyobb GDP n\\u00f6veked\\u00e9st. A munkaer\\u0151hi\\u00e1nyra \\u00e9s a vesz\\u00e9lyeztetett csoportok foglalkoztat\\u00e1s\\u00e1nak n\\u00f6veked\\u00e9s\\u00e9re igyekszik v\\u00e1laszt tal\\u00e1lni a csomag, \\u00e9s a c\\u00e9lok k\\u00f6z\\u00f6tt szerepel t\\u00f6bbek k\\u00f6z\\u00f6tt a munka\\u00fcgyi hivatalok fejleszt\\u00e9se, a b\\u00f6lcs\\u0151dei \\u00e9s \\u00f3vodai f\\u00e9r\\u0151helyek sz\\u00e1m\\u00e1nak n\\u00f6vel\\u00e9se, vagy \\u00e9ppen egy aut\\u00f3p\\u00e1lya-fejleszt\\u00e9s. A tervezett reformok azonban \\u00fagy t\\u0171nik, hogy\",\"inLanguage\":\"hu-HU\",\"isPartOf\":{\"@id\":\"https:\\\/\\\/allasorias.hu\\\/hirek\\\/#website\"},\"breadcrumb\":{\"@id\":\"https:\\\/\\\/allasorias.hu\\\/hirek\\\/mi-hozhatja-meg-a-legnagyobb-gazdasagi-novekedest\\\/#breadcrumblist\"},\"author\":{\"@id\":\"https:\\\/\\\/allasorias.hu\\\/hirek\\\/author\\\/admin-allasorias\\\/#author\"},\"creator\":{\"@id\":\"https:\\\/\\\/allasorias.hu\\\/hirek\\\/author\\\/admin-allasorias\\\/#author\"},\"image\":{\"@type\":\"ImageObject\",\"url\":\"https:\\\/\\\/allasorias.hu\\\/hirek\\\/wp-content\\\/uploads\\\/2019\\\/01\\\/entrepreneur-1340649_640.jpg\",\"@id\":\"https:\\\/\\\/allasorias.hu\\\/hirek\\\/mi-hozhatja-meg-a-legnagyobb-gazdasagi-novekedest\\\/#mainImage\",\"width\":640,\"height\":452},\"primaryImageOfPage\":{\"@id\":\"https:\\\/\\\/allasorias.hu\\\/hirek\\\/mi-hozhatja-meg-a-legnagyobb-gazdasagi-novekedest\\\/#mainImage\"},\"datePublished\":\"2019-03-06T10:22:44+02:00\",\"dateModified\":\"2019-03-06T10:22:44+02:00\"},{\"@type\":\"WebSite\",\"@id\":\"https:\\\/\\\/allasorias.hu\\\/hirek\\\/#website\",\"url\":\"https:\\\/\\\/allasorias.hu\\\/hirek\\\/\",\"name\":\"AllasOrias.hu | H\\u00edrek-lapszemle\",\"description\":\"\\u00dczleti h\\u00edrek az \\u00e1ll\\u00e1s \\u00e9s a munka vil\\u00e1g\\u00e1b\\u00f3l\",\"inLanguage\":\"hu-HU\",\"publisher\":{\"@id\":\"https:\\\/\\\/allasorias.hu\\\/hirek\\\/#organization\"}}]}\n\t\t<\/script>\n\t\t<!-- All in One SEO -->\n\n","aioseo_head_json":{"title":"Mi hozhatja meg a legnagyobb gazdas\u00e1gi n\u00f6veked\u00e9st? | AllasOrias.hu | H\u00edrek-lapszemle","description":"A Nemzeti Versenyk\u00e9pess\u00e9gi Tan\u00e1cs munkaer\u0151piaci versenyk\u00e9pess\u00e9gi csomagja hozhatja meg a legnagyobb GDP n\u00f6veked\u00e9st. A munkaer\u0151hi\u00e1nyra \u00e9s a vesz\u00e9lyeztetett csoportok foglalkoztat\u00e1s\u00e1nak n\u00f6veked\u00e9s\u00e9re igyekszik v\u00e1laszt tal\u00e1lni a csomag, \u00e9s a c\u00e9lok k\u00f6z\u00f6tt szerepel t\u00f6bbek k\u00f6z\u00f6tt a munka\u00fcgyi hivatalok fejleszt\u00e9se, a b\u00f6lcs\u0151dei \u00e9s \u00f3vodai f\u00e9r\u0151helyek sz\u00e1m\u00e1nak n\u00f6vel\u00e9se, vagy \u00e9ppen egy aut\u00f3p\u00e1lya-fejleszt\u00e9s. A tervezett reformok azonban \u00fagy t\u0171nik, hogy","canonical_url":"https:\/\/allasorias.hu\/hirek\/mi-hozhatja-meg-a-legnagyobb-gazdasagi-novekedest\/","robots":"max-image-preview:large","keywords":"","webmasterTools":{"miscellaneous":""},"schema":{"@context":"https:\/\/schema.org","@graph":[{"@type":"Article","@id":"https:\/\/allasorias.hu\/hirek\/mi-hozhatja-meg-a-legnagyobb-gazdasagi-novekedest\/#article","name":"Mi hozhatja meg a legnagyobb gazdas\u00e1gi n\u00f6veked\u00e9st? | AllasOrias.hu | H\u00edrek-lapszemle","headline":"Mi hozhatja meg a legnagyobb gazdas\u00e1gi n\u00f6veked\u00e9st?","author":{"@id":"https:\/\/allasorias.hu\/hirek\/author\/admin-allasorias\/#author"},"publisher":{"@id":"https:\/\/allasorias.hu\/hirek\/#organization"},"image":{"@type":"ImageObject","url":"https:\/\/allasorias.hu\/hirek\/wp-content\/uploads\/2019\/01\/entrepreneur-1340649_640.jpg","width":640,"height":452},"datePublished":"2019-03-06T10:22:44+02:00","dateModified":"2019-03-06T10:22:44+02:00","inLanguage":"hu-HU","mainEntityOfPage":{"@id":"https:\/\/allasorias.hu\/hirek\/mi-hozhatja-meg-a-legnagyobb-gazdasagi-novekedest\/#webpage"},"isPartOf":{"@id":"https:\/\/allasorias.hu\/hirek\/mi-hozhatja-meg-a-legnagyobb-gazdasagi-novekedest\/#webpage"},"articleSection":"Gazdas\u00e1g"},{"@type":"BreadcrumbList","@id":"https:\/\/allasorias.hu\/hirek\/mi-hozhatja-meg-a-legnagyobb-gazdasagi-novekedest\/#breadcrumblist","itemListElement":[{"@type":"ListItem","@id":"https:\/\/allasorias.hu\/hirek#listItem","position":1,"name":"Home","item":"https:\/\/allasorias.hu\/hirek","nextItem":{"@type":"ListItem","@id":"https:\/\/allasorias.hu\/hirek\/temak\/gazdasag\/#listItem","name":"Gazdas\u00e1g"}},{"@type":"ListItem","@id":"https:\/\/allasorias.hu\/hirek\/temak\/gazdasag\/#listItem","position":2,"name":"Gazdas\u00e1g","item":"https:\/\/allasorias.hu\/hirek\/temak\/gazdasag\/","nextItem":{"@type":"ListItem","@id":"https:\/\/allasorias.hu\/hirek\/mi-hozhatja-meg-a-legnagyobb-gazdasagi-novekedest\/#listItem","name":"Mi hozhatja meg a legnagyobb gazdas\u00e1gi n\u00f6veked\u00e9st?"},"previousItem":{"@type":"ListItem","@id":"https:\/\/allasorias.hu\/hirek#listItem","name":"Home"}},{"@type":"ListItem","@id":"https:\/\/allasorias.hu\/hirek\/mi-hozhatja-meg-a-legnagyobb-gazdasagi-novekedest\/#listItem","position":3,"name":"Mi hozhatja meg a legnagyobb gazdas\u00e1gi n\u00f6veked\u00e9st?","previousItem":{"@type":"ListItem","@id":"https:\/\/allasorias.hu\/hirek\/temak\/gazdasag\/#listItem","name":"Gazdas\u00e1g"}}]},{"@type":"Organization","@id":"https:\/\/allasorias.hu\/hirek\/#organization","name":"AllasOrias.hu | H\u00edrek-lapszemle","description":"\u00dczleti h\u00edrek az \u00e1ll\u00e1s \u00e9s a munka vil\u00e1g\u00e1b\u00f3l","url":"https:\/\/allasorias.hu\/hirek\/","logo":{"@type":"ImageObject","url":"https:\/\/allasorias.hu\/hirek\/wp-content\/uploads\/2022\/10\/allasorias_site_facebok_logo.png","@id":"https:\/\/allasorias.hu\/hirek\/mi-hozhatja-meg-a-legnagyobb-gazdasagi-novekedest\/#organizationLogo"},"image":{"@id":"https:\/\/allasorias.hu\/hirek\/mi-hozhatja-meg-a-legnagyobb-gazdasagi-novekedest\/#organizationLogo"},"sameAs":["https:\/\/www.facebook.com\/allasorias","https:\/\/www.linkedin.com\/company\/allasorias"]},{"@type":"Person","@id":"https:\/\/allasorias.hu\/hirek\/author\/admin-allasorias\/#author","url":"https:\/\/allasorias.hu\/hirek\/author\/admin-allasorias\/","name":"Juh\u00e1sz P\u00e9ter","image":{"@type":"ImageObject","@id":"https:\/\/allasorias.hu\/hirek\/mi-hozhatja-meg-a-legnagyobb-gazdasagi-novekedest\/#authorImage","url":"https:\/\/secure.gravatar.com\/avatar\/36e6bcb83148978b992977cb0f54d22feb0cce8a0a849a9410532bb2623ba4c6?s=96&d=mm&r=g","width":96,"height":96,"caption":"Juh\u00e1sz P\u00e9ter"}},{"@type":"WebPage","@id":"https:\/\/allasorias.hu\/hirek\/mi-hozhatja-meg-a-legnagyobb-gazdasagi-novekedest\/#webpage","url":"https:\/\/allasorias.hu\/hirek\/mi-hozhatja-meg-a-legnagyobb-gazdasagi-novekedest\/","name":"Mi hozhatja meg a legnagyobb gazdas\u00e1gi n\u00f6veked\u00e9st? | AllasOrias.hu | H\u00edrek-lapszemle","description":"A Nemzeti Versenyk\u00e9pess\u00e9gi Tan\u00e1cs munkaer\u0151piaci versenyk\u00e9pess\u00e9gi csomagja hozhatja meg a legnagyobb GDP n\u00f6veked\u00e9st. A munkaer\u0151hi\u00e1nyra \u00e9s a vesz\u00e9lyeztetett csoportok foglalkoztat\u00e1s\u00e1nak n\u00f6veked\u00e9s\u00e9re igyekszik v\u00e1laszt tal\u00e1lni a csomag, \u00e9s a c\u00e9lok k\u00f6z\u00f6tt szerepel t\u00f6bbek k\u00f6z\u00f6tt a munka\u00fcgyi hivatalok fejleszt\u00e9se, a b\u00f6lcs\u0151dei \u00e9s \u00f3vodai f\u00e9r\u0151helyek sz\u00e1m\u00e1nak n\u00f6vel\u00e9se, vagy \u00e9ppen egy aut\u00f3p\u00e1lya-fejleszt\u00e9s. A tervezett reformok azonban \u00fagy t\u0171nik, hogy","inLanguage":"hu-HU","isPartOf":{"@id":"https:\/\/allasorias.hu\/hirek\/#website"},"breadcrumb":{"@id":"https:\/\/allasorias.hu\/hirek\/mi-hozhatja-meg-a-legnagyobb-gazdasagi-novekedest\/#breadcrumblist"},"author":{"@id":"https:\/\/allasorias.hu\/hirek\/author\/admin-allasorias\/#author"},"creator":{"@id":"https:\/\/allasorias.hu\/hirek\/author\/admin-allasorias\/#author"},"image":{"@type":"ImageObject","url":"https:\/\/allasorias.hu\/hirek\/wp-content\/uploads\/2019\/01\/entrepreneur-1340649_640.jpg","@id":"https:\/\/allasorias.hu\/hirek\/mi-hozhatja-meg-a-legnagyobb-gazdasagi-novekedest\/#mainImage","width":640,"height":452},"primaryImageOfPage":{"@id":"https:\/\/allasorias.hu\/hirek\/mi-hozhatja-meg-a-legnagyobb-gazdasagi-novekedest\/#mainImage"},"datePublished":"2019-03-06T10:22:44+02:00","dateModified":"2019-03-06T10:22:44+02:00"},{"@type":"WebSite","@id":"https:\/\/allasorias.hu\/hirek\/#website","url":"https:\/\/allasorias.hu\/hirek\/","name":"AllasOrias.hu | H\u00edrek-lapszemle","description":"\u00dczleti h\u00edrek az \u00e1ll\u00e1s \u00e9s a munka vil\u00e1g\u00e1b\u00f3l","inLanguage":"hu-HU","publisher":{"@id":"https:\/\/allasorias.hu\/hirek\/#organization"}}]},"og:locale":"hu_HU","og:site_name":"AllasOrias.hu | H\u00edrek-lapszemle | \u00dczleti h\u00edrek az \u00e1ll\u00e1s \u00e9s a munka vil\u00e1g\u00e1b\u00f3l","og:type":"article","og:title":"Mi hozhatja meg a legnagyobb gazdas\u00e1gi n\u00f6veked\u00e9st? | AllasOrias.hu | H\u00edrek-lapszemle","og:description":"A Nemzeti Versenyk\u00e9pess\u00e9gi Tan\u00e1cs munkaer\u0151piaci versenyk\u00e9pess\u00e9gi csomagja hozhatja meg a legnagyobb GDP n\u00f6veked\u00e9st. A munkaer\u0151hi\u00e1nyra \u00e9s a vesz\u00e9lyeztetett csoportok foglalkoztat\u00e1s\u00e1nak n\u00f6veked\u00e9s\u00e9re igyekszik v\u00e1laszt tal\u00e1lni a csomag, \u00e9s a c\u00e9lok k\u00f6z\u00f6tt szerepel t\u00f6bbek k\u00f6z\u00f6tt a munka\u00fcgyi hivatalok fejleszt\u00e9se, a b\u00f6lcs\u0151dei \u00e9s \u00f3vodai f\u00e9r\u0151helyek sz\u00e1m\u00e1nak n\u00f6vel\u00e9se, vagy \u00e9ppen egy aut\u00f3p\u00e1lya-fejleszt\u00e9s. A tervezett reformok azonban \u00fagy t\u0171nik, hogy","og:url":"https:\/\/allasorias.hu\/hirek\/mi-hozhatja-meg-a-legnagyobb-gazdasagi-novekedest\/","og:image":"https:\/\/allasorias.hu\/hirek\/wp-content\/uploads\/2019\/01\/entrepreneur-1340649_640.jpg","og:image:secure_url":"https:\/\/allasorias.hu\/hirek\/wp-content\/uploads\/2019\/01\/entrepreneur-1340649_640.jpg","og:image:width":640,"og:image:height":452,"article:published_time":"2019-03-06T10:22:44+00:00","article:modified_time":"2019-03-06T10:22:44+00:00","article:publisher":"https:\/\/www.facebook.com\/allasorias","twitter:card":"summary_large_image","twitter:title":"Mi hozhatja meg a legnagyobb gazdas\u00e1gi n\u00f6veked\u00e9st? | AllasOrias.hu | H\u00edrek-lapszemle","twitter:description":"A Nemzeti Versenyk\u00e9pess\u00e9gi Tan\u00e1cs munkaer\u0151piaci versenyk\u00e9pess\u00e9gi csomagja hozhatja meg a legnagyobb GDP n\u00f6veked\u00e9st. A munkaer\u0151hi\u00e1nyra \u00e9s a vesz\u00e9lyeztetett csoportok foglalkoztat\u00e1s\u00e1nak n\u00f6veked\u00e9s\u00e9re igyekszik v\u00e1laszt tal\u00e1lni a csomag, \u00e9s a c\u00e9lok k\u00f6z\u00f6tt szerepel t\u00f6bbek k\u00f6z\u00f6tt a munka\u00fcgyi hivatalok fejleszt\u00e9se, a b\u00f6lcs\u0151dei \u00e9s \u00f3vodai f\u00e9r\u0151helyek sz\u00e1m\u00e1nak n\u00f6vel\u00e9se, vagy \u00e9ppen egy aut\u00f3p\u00e1lya-fejleszt\u00e9s. A tervezett reformok azonban \u00fagy t\u0171nik, hogy","twitter:image":"https:\/\/allasorias.hu\/hirek\/wp-content\/uploads\/2019\/01\/entrepreneur-1340649_640.jpg","twitter:label1":"Written by","twitter:data1":"Juh\u00e1sz P\u00e9ter","twitter:label2":"Est. reading time","twitter:data2":"3 minutes"},"aioseo_meta_data":{"post_id":"2628","title":null,"description":null,"keywords":null,"keyphrases":null,"primary_term":null,"canonical_url":null,"og_title":null,"og_description":null,"og_object_type":"default","og_image_type":"default","og_image_url":null,"og_image_width":null,"og_image_height":null,"og_image_custom_url":null,"og_image_custom_fields":null,"og_video":null,"og_custom_url":null,"og_article_section":null,"og_article_tags":null,"twitter_use_og":false,"twitter_card":"default","twitter_image_type":"default","twitter_image_url":null,"twitter_image_custom_url":null,"twitter_image_custom_fields":null,"twitter_title":null,"twitter_description":null,"schema":{"blockGraphs":[],"customGraphs":[],"default":{"data":{"Article":[],"Course":[],"Dataset":[],"FAQPage":[],"Movie":[],"Person":[],"Product":[],"ProductReview":[],"Car":[],"Recipe":[],"Service":[],"SoftwareApplication":[],"WebPage":[]},"graphName":"","isEnabled":true},"graphs":[],"defaultGraph":"","defaultPostTypeGraph":""},"schema_type":null,"schema_type_options":null,"pillar_content":false,"robots_default":true,"robots_noindex":false,"robots_noarchive":false,"robots_nosnippet":false,"robots_nofollow":false,"robots_noimageindex":false,"robots_noodp":false,"robots_notranslate":false,"robots_max_snippet":null,"robots_max_videopreview":null,"robots_max_imagepreview":"large","priority":null,"frequency":null,"location":null,"local_seo":null,"breadcrumb_settings":null,"limit_modified_date":false,"ai":null,"created":"2021-02-01 21:13:45","updated":"2025-10-02 10:11:45","seo_analyzer_scan_date":null,"focus_keyword":null,"additional_keywords":null,"truseo_locale":null},"aioseo_breadcrumb":"<div class=\"aioseo-breadcrumbs\"><span class=\"aioseo-breadcrumb\">\n\t\t\t<a href=\"https:\/\/allasorias.hu\/hirek\" title=\"Home\">Home<\/a>\n\t\t<\/span><span class=\"aioseo-breadcrumb-separator\">&raquo;<\/span><span class=\"aioseo-breadcrumb\">\n\t\t\t<a href=\"https:\/\/allasorias.hu\/hirek\/temak\/gazdasag\/\" title=\"Gazdas\u00e1g\">Gazdas\u00e1g<\/a>\n\t\t<\/span><span class=\"aioseo-breadcrumb-separator\">&raquo;<\/span><span class=\"aioseo-breadcrumb\">\n\t\t\tMi hozhatja meg a legnagyobb gazdas\u00e1gi n\u00f6veked\u00e9st?\n\t\t<\/span><\/div>","aioseo_breadcrumb_json":[{"label":"Home","link":"https:\/\/allasorias.hu\/hirek"},{"label":"Gazdas\u00e1g","link":"https:\/\/allasorias.hu\/hirek\/temak\/gazdasag\/"},{"label":"Mi hozhatja meg a legnagyobb gazdas\u00e1gi n\u00f6veked\u00e9st?","link":"https:\/\/allasorias.hu\/hirek\/mi-hozhatja-meg-a-legnagyobb-gazdasagi-novekedest\/"}],"_links":{"self":[{"href":"https:\/\/allasorias.hu\/hirek\/wp-json\/wp\/v2\/posts\/2628","targetHints":{"allow":["GET"]}}],"collection":[{"href":"https:\/\/allasorias.hu\/hirek\/wp-json\/wp\/v2\/posts"}],"about":[{"href":"https:\/\/allasorias.hu\/hirek\/wp-json\/wp\/v2\/types\/post"}],"author":[{"embeddable":true,"href":"https:\/\/allasorias.hu\/hirek\/wp-json\/wp\/v2\/users\/1"}],"replies":[{"embeddable":true,"href":"https:\/\/allasorias.hu\/hirek\/wp-json\/wp\/v2\/comments?post=2628"}],"version-history":[{"count":1,"href":"https:\/\/allasorias.hu\/hirek\/wp-json\/wp\/v2\/posts\/2628\/revisions"}],"predecessor-version":[{"id":2629,"href":"https:\/\/allasorias.hu\/hirek\/wp-json\/wp\/v2\/posts\/2628\/revisions\/2629"}],"wp:featuredmedia":[{"embeddable":true,"href":"https:\/\/allasorias.hu\/hirek\/wp-json\/wp\/v2\/media\/2456"}],"wp:attachment":[{"href":"https:\/\/allasorias.hu\/hirek\/wp-json\/wp\/v2\/media?parent=2628"}],"wp:term":[{"taxonomy":"category","embeddable":true,"href":"https:\/\/allasorias.hu\/hirek\/wp-json\/wp\/v2\/categories?post=2628"},{"taxonomy":"post_tag","embeddable":true,"href":"https:\/\/allasorias.hu\/hirek\/wp-json\/wp\/v2\/tags?post=2628"}],"curies":[{"name":"wp","href":"https:\/\/api.w.org\/{rel}","templated":true}]}}