{"id":2622,"date":"2019-03-05T09:42:07","date_gmt":"2019-03-05T09:42:07","guid":{"rendered":"https:\/\/allasorias.hu\/hirek\/?p=2622"},"modified":"2019-03-05T09:42:07","modified_gmt":"2019-03-05T09:42:07","slug":"az-allami-egeszsegugyben-is-piaci-berek-kellenek","status":"publish","type":"post","link":"https:\/\/allasorias.hu\/hirek\/az-allami-egeszsegugyben-is-piaci-berek-kellenek\/","title":{"rendered":"Az \u00e1llami eg\u00e9szs\u00e9g\u00fcgyben is piaci b\u00e9rek kellenek"},"content":{"rendered":"<p><strong>Piaci alap\u00fa b\u00e9rez\u00e9s bevezet\u00e9s\u00e9t is megfontoland\u00f3nak tartja az \u00e1gazatban a Magyar Nemzeti Bank. De nem csak a fizet\u00e9seket, hanem a munkak\u00f6r\u00fclm\u00e9nyeket \u00e9s -felt\u00e9teleket is sz\u00fcks\u00e9gesnek tartj\u00e1k jav\u00edtani a jegybank szak\u00e9rt\u0151i.<\/strong><\/p>\n<p>A szakemberek \u00fagy gondolj\u00e1k, az eg\u00e9szs\u00e9g\u00fcgyi ell\u00e1t\u00f3rendszer fenntarthat\u00f3s\u00e1ga szempontj\u00e1b\u00f3l elengedhetetlen, hogy az orvosi mellett a szakdolgoz\u00f3i p\u00e1lya is vonz\u00f3bb\u00e1 v\u00e1ljon. Nincsenek megb\u00edzhat\u00f3 inform\u00e1ci\u00f3k Magyarorsz\u00e1gon arr\u00f3l, hogy mennyi orvos dolgozik a hazai ell\u00e1t\u00f3rendszerben, illetve hogy mennyien hi\u00e1nyoznak onnan. Az \u00e1llami eg\u00e9szs\u00e9g\u00fcgy a szakmai szerepl\u0151k besz\u00e1mol\u00f3i alapj\u00e1n jelent\u0151s szakemberhi\u00e1nnyal k\u00fczd, az orvosi \u00e9s a szakdolgoz\u00f3i kar el\u00f6regedett. Haz\u00e1nkban az orvosok 42 sz\u00e1zal\u00e9ka id\u0151sebb 55 \u00e9vn\u00e9l, 17 sz\u00e1zal\u00e9ka pedig m\u00e1r a 65-\u00f6t is bet\u00f6lt\u00f6tte \u2013 \u00e1llap\u00edtja meg Versenyk\u00e9pess\u00e9gi programj\u00e1ban a Magyar Nemzeti Bank. Szak\u00e9rt\u0151ik szerint az \u00e1llami eg\u00e9szs\u00e9g\u00fcgyi rendszer m\u00e1r nem vonz\u00f3, ennek pedig az egyik oka, hogy eg\u00e9szen az elm\u00falt \u00e9vekig elmaradtak a b\u00e9rfejleszt\u00e9sek. A jegybank anyaga arra is felh\u00edvja a figyelmet, hogy jelent\u0151s a k\u00fclf\u00f6ldi \u00e9s a mag\u00e1nint\u00e9zm\u00e9nyek elsz\u00edv\u00f3 hat\u00e1sa, els\u0151sorban nem is a magasabb fizet\u00e9sek, hanem a kellemesebb munkak\u00f6rnyezet ok\u00e1n. Balogh Zolt\u00e1n, a Magyar Eg\u00e9szs\u00e9g\u00fcgyi Szakdolgoz\u00f3i Kamara eln\u00f6ke konkr\u00e9t p\u00e9ld\u00e1kkal illusztr\u00e1lta, mennyi fizet\u00e9sre sz\u00e1m\u00edthat ma a k\u00f6zalkalmazotti rendszerben egy \u00e1pol\u00f3. Egy kezd\u0151 \u00e9retts\u00e9gizett \u00e1pol\u00f3 besorol\u00e1si b\u00e9re 191 865 forint, egy h\u00fasz\u00e9ves tapasztalattal rendelkez\u0151\u00e9 226 599 forint, m\u00edg egy m\u00e1r 35 \u00e9ve a p\u00e1ly\u00e1n l\u00e9v\u0151\u00e9 255 544 forint. Diplom\u00e1val kezd\u0151k\u00e9nt 237 500 forintos alapb\u00e9rt lehet kapni, h\u00fasz\u00e9ves tapasztalattal 286 970 forintot, egy m\u00e1r 35 \u00e9ve a p\u00e1ly\u00e1n l\u00e9v\u0151 diplom\u00e1s \u00e1pol\u00f3 besorol\u00e1si b\u00e9re pedig 328 320 forint. A besorol\u00e1si illetm\u00e9nyhez j\u00f6n m\u00e9g az \u00e1gymelletti p\u00f3tl\u00e9k, ami 24, illetve 30 ezer forint az oszt\u00e1ly specialit\u00e1s\u00e1t\u00f3l f\u00fcgg\u0151en, valamit a m\u0171szakp\u00f3tl\u00e9k, ami \u00e1tlagosan tov\u00e1bbi 25-40 ezer forintot jelent havi szinten. Mindez brutt\u00f3ban. Ausztri\u00e1ba 2000-2100, N\u00e9metorsz\u00e1gba 2400-2700 eur\u00f3\u00e9rt toboroznak szakk\u00e9pzett n\u0151v\u00e9reket, ami k\u00e9tszerese az itthoni fizet\u00e9seknek.<\/p>\n<p><em>Forr\u00e1s: echotv.hu<\/em><\/p>\n","protected":false},"excerpt":{"rendered":"<p>Piaci alap\u00fa b\u00e9rez\u00e9s bevezet\u00e9s\u00e9t is megfontoland\u00f3nak tartja az \u00e1gazatban a Magyar Nemzeti Bank. De nem csak a fizet\u00e9seket, hanem a munkak\u00f6r\u00fclm\u00e9nyeket \u00e9s -felt\u00e9teleket is sz\u00fcks\u00e9gesnek tartj\u00e1k jav\u00edtani a jegybank szak\u00e9rt\u0151i. A szakemberek \u00fagy gondolj\u00e1k, az eg\u00e9szs\u00e9g\u00fcgyi ell\u00e1t\u00f3rendszer fenntarthat\u00f3s\u00e1ga szempontj\u00e1b\u00f3l elengedhetetlen, hogy az orvosi mellett a szakdolgoz\u00f3i p\u00e1lya is vonz\u00f3bb\u00e1 v\u00e1ljon. Nincsenek megb\u00edzhat\u00f3 inform\u00e1ci\u00f3k Magyarorsz\u00e1gon arr\u00f3l, [&hellip;]<\/p>\n","protected":false},"author":1,"featured_media":2623,"comment_status":"open","ping_status":"open","sticky":false,"template":"","format":"standard","meta":{"_monsterinsights_skip_tracking":false,"footnotes":""},"categories":[198,203,200],"tags":[],"class_list":["post-2622","post","type-post","status-publish","format-standard","has-post-thumbnail","hentry","category-gazdasag","category-hianyszakmak","category-munkaeropiac"],"aioseo_notices":[],"aioseo_head":"\n\t\t<!-- All in One SEO 5.0.0.1 - aioseo.com -->\n\t<meta name=\"description\" content=\"Piaci alap\u00fa b\u00e9rez\u00e9s bevezet\u00e9s\u00e9t is megfontoland\u00f3nak tartja az \u00e1gazatban a Magyar Nemzeti Bank. De nem csak a fizet\u00e9seket, hanem a munkak\u00f6r\u00fclm\u00e9nyeket \u00e9s -felt\u00e9teleket is sz\u00fcks\u00e9gesnek tartj\u00e1k jav\u00edtani a jegybank szak\u00e9rt\u0151i. A szakemberek \u00fagy gondolj\u00e1k, az eg\u00e9szs\u00e9g\u00fcgyi ell\u00e1t\u00f3rendszer fenntarthat\u00f3s\u00e1ga szempontj\u00e1b\u00f3l elengedhetetlen, hogy az orvosi mellett a szakdolgoz\u00f3i p\u00e1lya is vonz\u00f3bb\u00e1 v\u00e1ljon. Nincsenek megb\u00edzhat\u00f3 inform\u00e1ci\u00f3k Magyarorsz\u00e1gon arr\u00f3l,\" \/>\n\t<meta name=\"robots\" content=\"max-image-preview:large\" \/>\n\t<meta name=\"author\" content=\"Juh\u00e1sz P\u00e9ter\"\/>\n\t<link rel=\"canonical\" href=\"https:\/\/allasorias.hu\/hirek\/az-allami-egeszsegugyben-is-piaci-berek-kellenek\/\" \/>\n\t<meta name=\"generator\" content=\"All in One SEO (AIOSEO) 5.0.0.1\" \/>\n\t\t<meta property=\"og:locale\" content=\"hu_HU\" \/>\n\t\t<meta property=\"og:site_name\" content=\"AllasOrias.hu | H\u00edrek-lapszemle | \u00dczleti h\u00edrek az \u00e1ll\u00e1s \u00e9s a munka vil\u00e1g\u00e1b\u00f3l\" \/>\n\t\t<meta property=\"og:type\" content=\"article\" \/>\n\t\t<meta property=\"og:title\" content=\"Az \u00e1llami eg\u00e9szs\u00e9g\u00fcgyben is piaci b\u00e9rek kellenek | AllasOrias.hu | H\u00edrek-lapszemle\" \/>\n\t\t<meta property=\"og:description\" content=\"Piaci alap\u00fa b\u00e9rez\u00e9s bevezet\u00e9s\u00e9t is megfontoland\u00f3nak tartja az \u00e1gazatban a Magyar Nemzeti Bank. De nem csak a fizet\u00e9seket, hanem a munkak\u00f6r\u00fclm\u00e9nyeket \u00e9s -felt\u00e9teleket is sz\u00fcks\u00e9gesnek tartj\u00e1k jav\u00edtani a jegybank szak\u00e9rt\u0151i. A szakemberek \u00fagy gondolj\u00e1k, az eg\u00e9szs\u00e9g\u00fcgyi ell\u00e1t\u00f3rendszer fenntarthat\u00f3s\u00e1ga szempontj\u00e1b\u00f3l elengedhetetlen, hogy az orvosi mellett a szakdolgoz\u00f3i p\u00e1lya is vonz\u00f3bb\u00e1 v\u00e1ljon. Nincsenek megb\u00edzhat\u00f3 inform\u00e1ci\u00f3k Magyarorsz\u00e1gon arr\u00f3l,\" \/>\n\t\t<meta property=\"og:url\" content=\"https:\/\/allasorias.hu\/hirek\/az-allami-egeszsegugyben-is-piaci-berek-kellenek\/\" \/>\n\t\t<meta property=\"og:image\" content=\"https:\/\/allasorias.hu\/hirek\/wp-content\/uploads\/2019\/03\/clinic-1807543_640.jpg\" \/>\n\t\t<meta property=\"og:image:secure_url\" content=\"https:\/\/allasorias.hu\/hirek\/wp-content\/uploads\/2019\/03\/clinic-1807543_640.jpg\" \/>\n\t\t<meta property=\"og:image:width\" content=\"640\" \/>\n\t\t<meta property=\"og:image:height\" content=\"461\" \/>\n\t\t<meta property=\"article:published_time\" content=\"2019-03-05T09:42:07+00:00\" \/>\n\t\t<meta property=\"article:modified_time\" content=\"2019-03-05T09:42:07+00:00\" \/>\n\t\t<meta property=\"article:publisher\" content=\"https:\/\/www.facebook.com\/allasorias\" \/>\n\t\t<meta name=\"twitter:card\" content=\"summary_large_image\" \/>\n\t\t<meta name=\"twitter:title\" content=\"Az \u00e1llami eg\u00e9szs\u00e9g\u00fcgyben is piaci b\u00e9rek kellenek | AllasOrias.hu | H\u00edrek-lapszemle\" \/>\n\t\t<meta name=\"twitter:description\" content=\"Piaci alap\u00fa b\u00e9rez\u00e9s bevezet\u00e9s\u00e9t is megfontoland\u00f3nak tartja az \u00e1gazatban a Magyar Nemzeti Bank. De nem csak a fizet\u00e9seket, hanem a munkak\u00f6r\u00fclm\u00e9nyeket \u00e9s -felt\u00e9teleket is sz\u00fcks\u00e9gesnek tartj\u00e1k jav\u00edtani a jegybank szak\u00e9rt\u0151i. A szakemberek \u00fagy gondolj\u00e1k, az eg\u00e9szs\u00e9g\u00fcgyi ell\u00e1t\u00f3rendszer fenntarthat\u00f3s\u00e1ga szempontj\u00e1b\u00f3l elengedhetetlen, hogy az orvosi mellett a szakdolgoz\u00f3i p\u00e1lya is vonz\u00f3bb\u00e1 v\u00e1ljon. Nincsenek megb\u00edzhat\u00f3 inform\u00e1ci\u00f3k Magyarorsz\u00e1gon arr\u00f3l,\" \/>\n\t\t<meta name=\"twitter:image\" content=\"https:\/\/allasorias.hu\/hirek\/wp-content\/uploads\/2019\/03\/clinic-1807543_640.jpg\" \/>\n\t\t<meta name=\"twitter:label1\" content=\"Written by\" \/>\n\t\t<meta name=\"twitter:data1\" content=\"Juh\u00e1sz P\u00e9ter\" \/>\n\t\t<meta name=\"twitter:label2\" content=\"Est. reading time\" \/>\n\t\t<meta name=\"twitter:data2\" content=\"2 minutes\" \/>\n\t\t<script type=\"application\/ld+json\" class=\"aioseo-schema\">\n\t\t\t{\"@context\":\"https:\\\/\\\/schema.org\",\"@graph\":[{\"@type\":\"Article\",\"@id\":\"https:\\\/\\\/allasorias.hu\\\/hirek\\\/az-allami-egeszsegugyben-is-piaci-berek-kellenek\\\/#article\",\"name\":\"Az \\u00e1llami eg\\u00e9szs\\u00e9g\\u00fcgyben is piaci b\\u00e9rek kellenek | AllasOrias.hu | H\\u00edrek-lapszemle\",\"headline\":\"Az \\u00e1llami eg\\u00e9szs\\u00e9g\\u00fcgyben is piaci b\\u00e9rek kellenek\",\"author\":{\"@id\":\"https:\\\/\\\/allasorias.hu\\\/hirek\\\/author\\\/admin-allasorias\\\/#author\"},\"publisher\":{\"@id\":\"https:\\\/\\\/allasorias.hu\\\/hirek\\\/#organization\"},\"image\":{\"@type\":\"ImageObject\",\"url\":\"https:\\\/\\\/allasorias.hu\\\/hirek\\\/wp-content\\\/uploads\\\/2019\\\/03\\\/clinic-1807543_640.jpg\",\"width\":640,\"height\":461},\"datePublished\":\"2019-03-05T09:42:07+02:00\",\"dateModified\":\"2019-03-05T09:42:07+02:00\",\"inLanguage\":\"hu-HU\",\"mainEntityOfPage\":{\"@id\":\"https:\\\/\\\/allasorias.hu\\\/hirek\\\/az-allami-egeszsegugyben-is-piaci-berek-kellenek\\\/#webpage\"},\"isPartOf\":{\"@id\":\"https:\\\/\\\/allasorias.hu\\\/hirek\\\/az-allami-egeszsegugyben-is-piaci-berek-kellenek\\\/#webpage\"},\"articleSection\":\"Gazdas\\u00e1g, Hi\\u00e1nyszakm\\u00e1k, Munkaer\\u0151piac\"},{\"@type\":\"BreadcrumbList\",\"@id\":\"https:\\\/\\\/allasorias.hu\\\/hirek\\\/az-allami-egeszsegugyben-is-piaci-berek-kellenek\\\/#breadcrumblist\",\"itemListElement\":[{\"@type\":\"ListItem\",\"@id\":\"https:\\\/\\\/allasorias.hu\\\/hirek#listItem\",\"position\":1,\"name\":\"Home\",\"item\":\"https:\\\/\\\/allasorias.hu\\\/hirek\",\"nextItem\":{\"@type\":\"ListItem\",\"@id\":\"https:\\\/\\\/allasorias.hu\\\/hirek\\\/temak\\\/gazdasag\\\/#listItem\",\"name\":\"Gazdas\\u00e1g\"}},{\"@type\":\"ListItem\",\"@id\":\"https:\\\/\\\/allasorias.hu\\\/hirek\\\/temak\\\/gazdasag\\\/#listItem\",\"position\":2,\"name\":\"Gazdas\\u00e1g\",\"item\":\"https:\\\/\\\/allasorias.hu\\\/hirek\\\/temak\\\/gazdasag\\\/\",\"nextItem\":{\"@type\":\"ListItem\",\"@id\":\"https:\\\/\\\/allasorias.hu\\\/hirek\\\/az-allami-egeszsegugyben-is-piaci-berek-kellenek\\\/#listItem\",\"name\":\"Az \\u00e1llami eg\\u00e9szs\\u00e9g\\u00fcgyben is piaci b\\u00e9rek kellenek\"},\"previousItem\":{\"@type\":\"ListItem\",\"@id\":\"https:\\\/\\\/allasorias.hu\\\/hirek#listItem\",\"name\":\"Home\"}},{\"@type\":\"ListItem\",\"@id\":\"https:\\\/\\\/allasorias.hu\\\/hirek\\\/az-allami-egeszsegugyben-is-piaci-berek-kellenek\\\/#listItem\",\"position\":3,\"name\":\"Az \\u00e1llami eg\\u00e9szs\\u00e9g\\u00fcgyben is piaci b\\u00e9rek kellenek\",\"previousItem\":{\"@type\":\"ListItem\",\"@id\":\"https:\\\/\\\/allasorias.hu\\\/hirek\\\/temak\\\/gazdasag\\\/#listItem\",\"name\":\"Gazdas\\u00e1g\"}}]},{\"@type\":\"Organization\",\"@id\":\"https:\\\/\\\/allasorias.hu\\\/hirek\\\/#organization\",\"name\":\"AllasOrias.hu | H\\u00edrek-lapszemle\",\"description\":\"\\u00dczleti h\\u00edrek az \\u00e1ll\\u00e1s \\u00e9s a munka vil\\u00e1g\\u00e1b\\u00f3l\",\"url\":\"https:\\\/\\\/allasorias.hu\\\/hirek\\\/\",\"logo\":{\"@type\":\"ImageObject\",\"url\":\"https:\\\/\\\/allasorias.hu\\\/hirek\\\/wp-content\\\/uploads\\\/2022\\\/10\\\/allasorias_site_facebok_logo.png\",\"@id\":\"https:\\\/\\\/allasorias.hu\\\/hirek\\\/az-allami-egeszsegugyben-is-piaci-berek-kellenek\\\/#organizationLogo\"},\"image\":{\"@id\":\"https:\\\/\\\/allasorias.hu\\\/hirek\\\/az-allami-egeszsegugyben-is-piaci-berek-kellenek\\\/#organizationLogo\"},\"sameAs\":[\"https:\\\/\\\/www.facebook.com\\\/allasorias\",\"https:\\\/\\\/www.linkedin.com\\\/company\\\/allasorias\"]},{\"@type\":\"Person\",\"@id\":\"https:\\\/\\\/allasorias.hu\\\/hirek\\\/author\\\/admin-allasorias\\\/#author\",\"url\":\"https:\\\/\\\/allasorias.hu\\\/hirek\\\/author\\\/admin-allasorias\\\/\",\"name\":\"Juh\\u00e1sz P\\u00e9ter\",\"image\":{\"@type\":\"ImageObject\",\"@id\":\"https:\\\/\\\/allasorias.hu\\\/hirek\\\/az-allami-egeszsegugyben-is-piaci-berek-kellenek\\\/#authorImage\",\"url\":\"https:\\\/\\\/secure.gravatar.com\\\/avatar\\\/36e6bcb83148978b992977cb0f54d22feb0cce8a0a849a9410532bb2623ba4c6?s=96&d=mm&r=g\",\"width\":96,\"height\":96,\"caption\":\"Juh\\u00e1sz P\\u00e9ter\"}},{\"@type\":\"WebPage\",\"@id\":\"https:\\\/\\\/allasorias.hu\\\/hirek\\\/az-allami-egeszsegugyben-is-piaci-berek-kellenek\\\/#webpage\",\"url\":\"https:\\\/\\\/allasorias.hu\\\/hirek\\\/az-allami-egeszsegugyben-is-piaci-berek-kellenek\\\/\",\"name\":\"Az \\u00e1llami eg\\u00e9szs\\u00e9g\\u00fcgyben is piaci b\\u00e9rek kellenek | AllasOrias.hu | H\\u00edrek-lapszemle\",\"description\":\"Piaci alap\\u00fa b\\u00e9rez\\u00e9s bevezet\\u00e9s\\u00e9t is megfontoland\\u00f3nak tartja az \\u00e1gazatban a Magyar Nemzeti Bank. De nem csak a fizet\\u00e9seket, hanem a munkak\\u00f6r\\u00fclm\\u00e9nyeket \\u00e9s -felt\\u00e9teleket is sz\\u00fcks\\u00e9gesnek tartj\\u00e1k jav\\u00edtani a jegybank szak\\u00e9rt\\u0151i. A szakemberek \\u00fagy gondolj\\u00e1k, az eg\\u00e9szs\\u00e9g\\u00fcgyi ell\\u00e1t\\u00f3rendszer fenntarthat\\u00f3s\\u00e1ga szempontj\\u00e1b\\u00f3l elengedhetetlen, hogy az orvosi mellett a szakdolgoz\\u00f3i p\\u00e1lya is vonz\\u00f3bb\\u00e1 v\\u00e1ljon. Nincsenek megb\\u00edzhat\\u00f3 inform\\u00e1ci\\u00f3k Magyarorsz\\u00e1gon arr\\u00f3l,\",\"inLanguage\":\"hu-HU\",\"isPartOf\":{\"@id\":\"https:\\\/\\\/allasorias.hu\\\/hirek\\\/#website\"},\"breadcrumb\":{\"@id\":\"https:\\\/\\\/allasorias.hu\\\/hirek\\\/az-allami-egeszsegugyben-is-piaci-berek-kellenek\\\/#breadcrumblist\"},\"author\":{\"@id\":\"https:\\\/\\\/allasorias.hu\\\/hirek\\\/author\\\/admin-allasorias\\\/#author\"},\"creator\":{\"@id\":\"https:\\\/\\\/allasorias.hu\\\/hirek\\\/author\\\/admin-allasorias\\\/#author\"},\"image\":{\"@type\":\"ImageObject\",\"url\":\"https:\\\/\\\/allasorias.hu\\\/hirek\\\/wp-content\\\/uploads\\\/2019\\\/03\\\/clinic-1807543_640.jpg\",\"@id\":\"https:\\\/\\\/allasorias.hu\\\/hirek\\\/az-allami-egeszsegugyben-is-piaci-berek-kellenek\\\/#mainImage\",\"width\":640,\"height\":461},\"primaryImageOfPage\":{\"@id\":\"https:\\\/\\\/allasorias.hu\\\/hirek\\\/az-allami-egeszsegugyben-is-piaci-berek-kellenek\\\/#mainImage\"},\"datePublished\":\"2019-03-05T09:42:07+02:00\",\"dateModified\":\"2019-03-05T09:42:07+02:00\"},{\"@type\":\"WebSite\",\"@id\":\"https:\\\/\\\/allasorias.hu\\\/hirek\\\/#website\",\"url\":\"https:\\\/\\\/allasorias.hu\\\/hirek\\\/\",\"name\":\"AllasOrias.hu | H\\u00edrek-lapszemle\",\"description\":\"\\u00dczleti h\\u00edrek az \\u00e1ll\\u00e1s \\u00e9s a munka vil\\u00e1g\\u00e1b\\u00f3l\",\"inLanguage\":\"hu-HU\",\"publisher\":{\"@id\":\"https:\\\/\\\/allasorias.hu\\\/hirek\\\/#organization\"}}]}\n\t\t<\/script>\n\t\t<!-- All in One SEO -->\n\n","aioseo_head_json":{"title":"Az \u00e1llami eg\u00e9szs\u00e9g\u00fcgyben is piaci b\u00e9rek kellenek | AllasOrias.hu | H\u00edrek-lapszemle","description":"Piaci alap\u00fa b\u00e9rez\u00e9s bevezet\u00e9s\u00e9t is megfontoland\u00f3nak tartja az \u00e1gazatban a Magyar Nemzeti Bank. De nem csak a fizet\u00e9seket, hanem a munkak\u00f6r\u00fclm\u00e9nyeket \u00e9s -felt\u00e9teleket is sz\u00fcks\u00e9gesnek tartj\u00e1k jav\u00edtani a jegybank szak\u00e9rt\u0151i. A szakemberek \u00fagy gondolj\u00e1k, az eg\u00e9szs\u00e9g\u00fcgyi ell\u00e1t\u00f3rendszer fenntarthat\u00f3s\u00e1ga szempontj\u00e1b\u00f3l elengedhetetlen, hogy az orvosi mellett a szakdolgoz\u00f3i p\u00e1lya is vonz\u00f3bb\u00e1 v\u00e1ljon. Nincsenek megb\u00edzhat\u00f3 inform\u00e1ci\u00f3k Magyarorsz\u00e1gon arr\u00f3l,","canonical_url":"https:\/\/allasorias.hu\/hirek\/az-allami-egeszsegugyben-is-piaci-berek-kellenek\/","robots":"max-image-preview:large","keywords":"","webmasterTools":{"miscellaneous":""},"schema":{"@context":"https:\/\/schema.org","@graph":[{"@type":"Article","@id":"https:\/\/allasorias.hu\/hirek\/az-allami-egeszsegugyben-is-piaci-berek-kellenek\/#article","name":"Az \u00e1llami eg\u00e9szs\u00e9g\u00fcgyben is piaci b\u00e9rek kellenek | AllasOrias.hu | H\u00edrek-lapszemle","headline":"Az \u00e1llami eg\u00e9szs\u00e9g\u00fcgyben is piaci b\u00e9rek kellenek","author":{"@id":"https:\/\/allasorias.hu\/hirek\/author\/admin-allasorias\/#author"},"publisher":{"@id":"https:\/\/allasorias.hu\/hirek\/#organization"},"image":{"@type":"ImageObject","url":"https:\/\/allasorias.hu\/hirek\/wp-content\/uploads\/2019\/03\/clinic-1807543_640.jpg","width":640,"height":461},"datePublished":"2019-03-05T09:42:07+02:00","dateModified":"2019-03-05T09:42:07+02:00","inLanguage":"hu-HU","mainEntityOfPage":{"@id":"https:\/\/allasorias.hu\/hirek\/az-allami-egeszsegugyben-is-piaci-berek-kellenek\/#webpage"},"isPartOf":{"@id":"https:\/\/allasorias.hu\/hirek\/az-allami-egeszsegugyben-is-piaci-berek-kellenek\/#webpage"},"articleSection":"Gazdas\u00e1g, Hi\u00e1nyszakm\u00e1k, Munkaer\u0151piac"},{"@type":"BreadcrumbList","@id":"https:\/\/allasorias.hu\/hirek\/az-allami-egeszsegugyben-is-piaci-berek-kellenek\/#breadcrumblist","itemListElement":[{"@type":"ListItem","@id":"https:\/\/allasorias.hu\/hirek#listItem","position":1,"name":"Home","item":"https:\/\/allasorias.hu\/hirek","nextItem":{"@type":"ListItem","@id":"https:\/\/allasorias.hu\/hirek\/temak\/gazdasag\/#listItem","name":"Gazdas\u00e1g"}},{"@type":"ListItem","@id":"https:\/\/allasorias.hu\/hirek\/temak\/gazdasag\/#listItem","position":2,"name":"Gazdas\u00e1g","item":"https:\/\/allasorias.hu\/hirek\/temak\/gazdasag\/","nextItem":{"@type":"ListItem","@id":"https:\/\/allasorias.hu\/hirek\/az-allami-egeszsegugyben-is-piaci-berek-kellenek\/#listItem","name":"Az \u00e1llami eg\u00e9szs\u00e9g\u00fcgyben is piaci b\u00e9rek kellenek"},"previousItem":{"@type":"ListItem","@id":"https:\/\/allasorias.hu\/hirek#listItem","name":"Home"}},{"@type":"ListItem","@id":"https:\/\/allasorias.hu\/hirek\/az-allami-egeszsegugyben-is-piaci-berek-kellenek\/#listItem","position":3,"name":"Az \u00e1llami eg\u00e9szs\u00e9g\u00fcgyben is piaci b\u00e9rek kellenek","previousItem":{"@type":"ListItem","@id":"https:\/\/allasorias.hu\/hirek\/temak\/gazdasag\/#listItem","name":"Gazdas\u00e1g"}}]},{"@type":"Organization","@id":"https:\/\/allasorias.hu\/hirek\/#organization","name":"AllasOrias.hu | H\u00edrek-lapszemle","description":"\u00dczleti h\u00edrek az \u00e1ll\u00e1s \u00e9s a munka vil\u00e1g\u00e1b\u00f3l","url":"https:\/\/allasorias.hu\/hirek\/","logo":{"@type":"ImageObject","url":"https:\/\/allasorias.hu\/hirek\/wp-content\/uploads\/2022\/10\/allasorias_site_facebok_logo.png","@id":"https:\/\/allasorias.hu\/hirek\/az-allami-egeszsegugyben-is-piaci-berek-kellenek\/#organizationLogo"},"image":{"@id":"https:\/\/allasorias.hu\/hirek\/az-allami-egeszsegugyben-is-piaci-berek-kellenek\/#organizationLogo"},"sameAs":["https:\/\/www.facebook.com\/allasorias","https:\/\/www.linkedin.com\/company\/allasorias"]},{"@type":"Person","@id":"https:\/\/allasorias.hu\/hirek\/author\/admin-allasorias\/#author","url":"https:\/\/allasorias.hu\/hirek\/author\/admin-allasorias\/","name":"Juh\u00e1sz P\u00e9ter","image":{"@type":"ImageObject","@id":"https:\/\/allasorias.hu\/hirek\/az-allami-egeszsegugyben-is-piaci-berek-kellenek\/#authorImage","url":"https:\/\/secure.gravatar.com\/avatar\/36e6bcb83148978b992977cb0f54d22feb0cce8a0a849a9410532bb2623ba4c6?s=96&d=mm&r=g","width":96,"height":96,"caption":"Juh\u00e1sz P\u00e9ter"}},{"@type":"WebPage","@id":"https:\/\/allasorias.hu\/hirek\/az-allami-egeszsegugyben-is-piaci-berek-kellenek\/#webpage","url":"https:\/\/allasorias.hu\/hirek\/az-allami-egeszsegugyben-is-piaci-berek-kellenek\/","name":"Az \u00e1llami eg\u00e9szs\u00e9g\u00fcgyben is piaci b\u00e9rek kellenek | AllasOrias.hu | H\u00edrek-lapszemle","description":"Piaci alap\u00fa b\u00e9rez\u00e9s bevezet\u00e9s\u00e9t is megfontoland\u00f3nak tartja az \u00e1gazatban a Magyar Nemzeti Bank. De nem csak a fizet\u00e9seket, hanem a munkak\u00f6r\u00fclm\u00e9nyeket \u00e9s -felt\u00e9teleket is sz\u00fcks\u00e9gesnek tartj\u00e1k jav\u00edtani a jegybank szak\u00e9rt\u0151i. A szakemberek \u00fagy gondolj\u00e1k, az eg\u00e9szs\u00e9g\u00fcgyi ell\u00e1t\u00f3rendszer fenntarthat\u00f3s\u00e1ga szempontj\u00e1b\u00f3l elengedhetetlen, hogy az orvosi mellett a szakdolgoz\u00f3i p\u00e1lya is vonz\u00f3bb\u00e1 v\u00e1ljon. Nincsenek megb\u00edzhat\u00f3 inform\u00e1ci\u00f3k Magyarorsz\u00e1gon arr\u00f3l,","inLanguage":"hu-HU","isPartOf":{"@id":"https:\/\/allasorias.hu\/hirek\/#website"},"breadcrumb":{"@id":"https:\/\/allasorias.hu\/hirek\/az-allami-egeszsegugyben-is-piaci-berek-kellenek\/#breadcrumblist"},"author":{"@id":"https:\/\/allasorias.hu\/hirek\/author\/admin-allasorias\/#author"},"creator":{"@id":"https:\/\/allasorias.hu\/hirek\/author\/admin-allasorias\/#author"},"image":{"@type":"ImageObject","url":"https:\/\/allasorias.hu\/hirek\/wp-content\/uploads\/2019\/03\/clinic-1807543_640.jpg","@id":"https:\/\/allasorias.hu\/hirek\/az-allami-egeszsegugyben-is-piaci-berek-kellenek\/#mainImage","width":640,"height":461},"primaryImageOfPage":{"@id":"https:\/\/allasorias.hu\/hirek\/az-allami-egeszsegugyben-is-piaci-berek-kellenek\/#mainImage"},"datePublished":"2019-03-05T09:42:07+02:00","dateModified":"2019-03-05T09:42:07+02:00"},{"@type":"WebSite","@id":"https:\/\/allasorias.hu\/hirek\/#website","url":"https:\/\/allasorias.hu\/hirek\/","name":"AllasOrias.hu | H\u00edrek-lapszemle","description":"\u00dczleti h\u00edrek az \u00e1ll\u00e1s \u00e9s a munka vil\u00e1g\u00e1b\u00f3l","inLanguage":"hu-HU","publisher":{"@id":"https:\/\/allasorias.hu\/hirek\/#organization"}}]},"og:locale":"hu_HU","og:site_name":"AllasOrias.hu | H\u00edrek-lapszemle | \u00dczleti h\u00edrek az \u00e1ll\u00e1s \u00e9s a munka vil\u00e1g\u00e1b\u00f3l","og:type":"article","og:title":"Az \u00e1llami eg\u00e9szs\u00e9g\u00fcgyben is piaci b\u00e9rek kellenek | AllasOrias.hu | H\u00edrek-lapszemle","og:description":"Piaci alap\u00fa b\u00e9rez\u00e9s bevezet\u00e9s\u00e9t is megfontoland\u00f3nak tartja az \u00e1gazatban a Magyar Nemzeti Bank. De nem csak a fizet\u00e9seket, hanem a munkak\u00f6r\u00fclm\u00e9nyeket \u00e9s -felt\u00e9teleket is sz\u00fcks\u00e9gesnek tartj\u00e1k jav\u00edtani a jegybank szak\u00e9rt\u0151i. A szakemberek \u00fagy gondolj\u00e1k, az eg\u00e9szs\u00e9g\u00fcgyi ell\u00e1t\u00f3rendszer fenntarthat\u00f3s\u00e1ga szempontj\u00e1b\u00f3l elengedhetetlen, hogy az orvosi mellett a szakdolgoz\u00f3i p\u00e1lya is vonz\u00f3bb\u00e1 v\u00e1ljon. Nincsenek megb\u00edzhat\u00f3 inform\u00e1ci\u00f3k Magyarorsz\u00e1gon arr\u00f3l,","og:url":"https:\/\/allasorias.hu\/hirek\/az-allami-egeszsegugyben-is-piaci-berek-kellenek\/","og:image":"https:\/\/allasorias.hu\/hirek\/wp-content\/uploads\/2019\/03\/clinic-1807543_640.jpg","og:image:secure_url":"https:\/\/allasorias.hu\/hirek\/wp-content\/uploads\/2019\/03\/clinic-1807543_640.jpg","og:image:width":640,"og:image:height":461,"article:published_time":"2019-03-05T09:42:07+00:00","article:modified_time":"2019-03-05T09:42:07+00:00","article:publisher":"https:\/\/www.facebook.com\/allasorias","twitter:card":"summary_large_image","twitter:title":"Az \u00e1llami eg\u00e9szs\u00e9g\u00fcgyben is piaci b\u00e9rek kellenek | AllasOrias.hu | H\u00edrek-lapszemle","twitter:description":"Piaci alap\u00fa b\u00e9rez\u00e9s bevezet\u00e9s\u00e9t is megfontoland\u00f3nak tartja az \u00e1gazatban a Magyar Nemzeti Bank. De nem csak a fizet\u00e9seket, hanem a munkak\u00f6r\u00fclm\u00e9nyeket \u00e9s -felt\u00e9teleket is sz\u00fcks\u00e9gesnek tartj\u00e1k jav\u00edtani a jegybank szak\u00e9rt\u0151i. A szakemberek \u00fagy gondolj\u00e1k, az eg\u00e9szs\u00e9g\u00fcgyi ell\u00e1t\u00f3rendszer fenntarthat\u00f3s\u00e1ga szempontj\u00e1b\u00f3l elengedhetetlen, hogy az orvosi mellett a szakdolgoz\u00f3i p\u00e1lya is vonz\u00f3bb\u00e1 v\u00e1ljon. Nincsenek megb\u00edzhat\u00f3 inform\u00e1ci\u00f3k Magyarorsz\u00e1gon arr\u00f3l,","twitter:image":"https:\/\/allasorias.hu\/hirek\/wp-content\/uploads\/2019\/03\/clinic-1807543_640.jpg","twitter:label1":"Written by","twitter:data1":"Juh\u00e1sz P\u00e9ter","twitter:label2":"Est. reading time","twitter:data2":"2 minutes"},"aioseo_meta_data":{"post_id":"2622","title":null,"description":null,"keywords":null,"keyphrases":null,"primary_term":null,"canonical_url":null,"og_title":null,"og_description":null,"og_object_type":"default","og_image_type":"default","og_image_url":null,"og_image_width":null,"og_image_height":null,"og_image_custom_url":null,"og_image_custom_fields":null,"og_video":null,"og_custom_url":null,"og_article_section":null,"og_article_tags":null,"twitter_use_og":false,"twitter_card":"default","twitter_image_type":"default","twitter_image_url":null,"twitter_image_custom_url":null,"twitter_image_custom_fields":null,"twitter_title":null,"twitter_description":null,"schema":{"blockGraphs":[],"customGraphs":[],"default":{"data":{"Article":[],"Course":[],"Dataset":[],"FAQPage":[],"Movie":[],"Person":[],"Product":[],"ProductReview":[],"Car":[],"Recipe":[],"Service":[],"SoftwareApplication":[],"WebPage":[]},"graphName":"","isEnabled":true},"graphs":[],"defaultGraph":"","defaultPostTypeGraph":""},"schema_type":null,"schema_type_options":null,"pillar_content":false,"robots_default":true,"robots_noindex":false,"robots_noarchive":false,"robots_nosnippet":false,"robots_nofollow":false,"robots_noimageindex":false,"robots_noodp":false,"robots_notranslate":false,"robots_max_snippet":null,"robots_max_videopreview":null,"robots_max_imagepreview":"large","priority":null,"frequency":null,"location":null,"local_seo":null,"breadcrumb_settings":null,"limit_modified_date":false,"ai":null,"created":"2021-02-01 21:13:45","updated":"2025-10-02 10:09:12","seo_analyzer_scan_date":null,"focus_keyword":null,"additional_keywords":null,"truseo_locale":null},"aioseo_breadcrumb":"<div class=\"aioseo-breadcrumbs\"><span class=\"aioseo-breadcrumb\">\n\t\t\t<a href=\"https:\/\/allasorias.hu\/hirek\" title=\"Home\">Home<\/a>\n\t\t<\/span><span class=\"aioseo-breadcrumb-separator\">&raquo;<\/span><span class=\"aioseo-breadcrumb\">\n\t\t\t<a href=\"https:\/\/allasorias.hu\/hirek\/temak\/gazdasag\/\" title=\"Gazdas\u00e1g\">Gazdas\u00e1g<\/a>\n\t\t<\/span><span class=\"aioseo-breadcrumb-separator\">&raquo;<\/span><span class=\"aioseo-breadcrumb\">\n\t\t\tAz \u00e1llami eg\u00e9szs\u00e9g\u00fcgyben is piaci b\u00e9rek kellenek\n\t\t<\/span><\/div>","aioseo_breadcrumb_json":[{"label":"Home","link":"https:\/\/allasorias.hu\/hirek"},{"label":"Gazdas\u00e1g","link":"https:\/\/allasorias.hu\/hirek\/temak\/gazdasag\/"},{"label":"Az \u00e1llami eg\u00e9szs\u00e9g\u00fcgyben is piaci b\u00e9rek kellenek","link":"https:\/\/allasorias.hu\/hirek\/az-allami-egeszsegugyben-is-piaci-berek-kellenek\/"}],"_links":{"self":[{"href":"https:\/\/allasorias.hu\/hirek\/wp-json\/wp\/v2\/posts\/2622","targetHints":{"allow":["GET"]}}],"collection":[{"href":"https:\/\/allasorias.hu\/hirek\/wp-json\/wp\/v2\/posts"}],"about":[{"href":"https:\/\/allasorias.hu\/hirek\/wp-json\/wp\/v2\/types\/post"}],"author":[{"embeddable":true,"href":"https:\/\/allasorias.hu\/hirek\/wp-json\/wp\/v2\/users\/1"}],"replies":[{"embeddable":true,"href":"https:\/\/allasorias.hu\/hirek\/wp-json\/wp\/v2\/comments?post=2622"}],"version-history":[{"count":1,"href":"https:\/\/allasorias.hu\/hirek\/wp-json\/wp\/v2\/posts\/2622\/revisions"}],"predecessor-version":[{"id":2624,"href":"https:\/\/allasorias.hu\/hirek\/wp-json\/wp\/v2\/posts\/2622\/revisions\/2624"}],"wp:featuredmedia":[{"embeddable":true,"href":"https:\/\/allasorias.hu\/hirek\/wp-json\/wp\/v2\/media\/2623"}],"wp:attachment":[{"href":"https:\/\/allasorias.hu\/hirek\/wp-json\/wp\/v2\/media?parent=2622"}],"wp:term":[{"taxonomy":"category","embeddable":true,"href":"https:\/\/allasorias.hu\/hirek\/wp-json\/wp\/v2\/categories?post=2622"},{"taxonomy":"post_tag","embeddable":true,"href":"https:\/\/allasorias.hu\/hirek\/wp-json\/wp\/v2\/tags?post=2622"}],"curies":[{"name":"wp","href":"https:\/\/api.w.org\/{rel}","templated":true}]}}