{"id":2616,"date":"2019-03-04T13:11:20","date_gmt":"2019-03-04T13:11:20","guid":{"rendered":"https:\/\/allasorias.hu\/hirek\/?p=2616"},"modified":"2019-03-04T13:11:20","modified_gmt":"2019-03-04T13:11:20","slug":"furcsa-a-cafeteria-az-iden","status":"publish","type":"post","link":"https:\/\/allasorias.hu\/hirek\/furcsa-a-cafeteria-az-iden\/","title":{"rendered":"Furcsa a cafeteria az id\u00e9n"},"content":{"rendered":"<p><strong>Az idei cafeteria \u00a0keret alig t\u00f6bb mint a fel\u00e9re is olvadhat, mire a dolgoz\u00f3 zseb\u00e9be jut \u2013 sz\u00e1molta ki az Az\u00e9np\u00e9nzem.hu. A gond az, hogy ezzel a v\u00e1laszt\u00e1s sor\u00e1n esetenk\u00e9nt nincs is tiszt\u00e1ban a munkav\u00e1llal\u00f3. A c\u00e9gekn\u00e9l ugyanis furcsa kalkul\u00e1torok \u00a0m\u0171k\u00f6dnek.<\/strong><\/p>\n<p>Az alapjaiban \u00e1talak\u00edtott cafeteria rendszer a gyakorlatban el\u00e9g becsap\u00f3s lehet. A c\u00e9gek is kapkodt\u00e1k az id\u00e9n a fej\u00fcket, ez\u00e9rt sz\u00e1mos helyen csak mostan\u00e1ban lehet a felk\u00edn\u00e1lt palett\u00e1r\u00f3l v\u00e1lasztani. A gond az, hogy els\u0151re \u00e1ltal\u00e1ban nem l\u00e1tszik, val\u00f3j\u00e1ban mi mennyi lesz. T\u00f6bb v\u00e1llalat is k\u00edn\u00e1l kalkul\u00e1tort a v\u00e1laszt\u00e1shoz, de ezek baja \u00e1ltal\u00e1ban az, hogy a b\u00e9rk\u00e9nt ad\u00f3z\u00f3 juttat\u00e1sokn\u00e1l a cafeteria brutt\u00f3 keret\u00e9b\u0151l csak a munk\u00e1ltat\u00f3i k\u00f6zterhek levon\u00e1s\u00e1t t\u00fcntetik fel. A b\u00e9rsz\u00e1mfejt\u0151k azonban a dolgoz\u00f3i k\u00f6zterheket (ami nem csek\u00e9ly, hiszen 33,5 sz\u00e1zal\u00e9kra r\u00fag) is kegyetlen\u00fcl levonj\u00e1k. Az indokl\u00e1s szerint ez az\u00e9rt van \u00edgy, mert a val\u00f3di nett\u00f3 kialak\u00edt\u00e1s\u00e1ba bej\u00e1tszik m\u00e9g a csal\u00e1di kedvezm\u00e9ny (vagy ak\u00e1r valamilyen letilt\u00e1s). Tipikus elj\u00e1r\u00e1s, hogy az \u00f6nk\u00e9ntes nyugd\u00edj-, illetve eg\u00e9szs\u00e9gp\u00e9nzt\u00e1ri juttat\u00e1st \u00fagy t\u00fcntetik fel, mintha az egy\u00e9ni befizet\u00e9shez j\u00e1r\u00f3 20 sz\u00e1zal\u00e9kos ad\u00f3kedvezm\u00e9ny minden h\u00f3napban landolna a munkav\u00e1llal\u00f3n\u00e1l. Val\u00f3j\u00e1ban ez nincs \u00edgy, hiszen az ad\u00f3j\u00f3v\u00e1\u00edr\u00e1s ut\u00f3lag, a k\u00f6vetkez\u0151 \u00e9vi ad\u00f3bevall\u00e1s alapj\u00e1n kaphat\u00f3 meg. M\u00e1r ha van elegend\u0151 fizetett ad\u00f3. Az id\u00e9n janu\u00e1rban a Cafeteriatrend 295 munk\u00e1ltat\u00f3 megk\u00e9rdez\u00e9s\u00e9vel vizsg\u00e1lta, hogy mik\u00e9nt alakulnak a 2019-es b\u00e9ren k\u00edv\u00fcli juttat\u00e1si keret\u00f6sszegek. A brutt\u00f3 \u00e9rtekre vet\u00edtett keret\u00f6sszeg \u2013 der\u00fclt ki a kutat\u00e1sb\u00f3l \u2013 a tavalyi \u00e9vi \u00e1tlagos 390 ezer forintr\u00f3l az id\u00e9n 375 ezer forintra cs\u00f6kkent (kor\u00e1bban \u00e9vr\u0151l \u00e9vre emelkedett a cafetera keret\u00e9ben kiosztott \u00f6sszeg).<\/p>\n<p>B\u0151vebben:<\/p>\n<p>Forr\u00e1s: azenpenzem.hu<\/p>\n<p>&nbsp;<\/p>\n","protected":false},"excerpt":{"rendered":"<p>Az idei cafeteria \u00a0keret alig t\u00f6bb mint a fel\u00e9re is olvadhat, mire a dolgoz\u00f3 zseb\u00e9be jut \u2013 sz\u00e1molta ki az Az\u00e9np\u00e9nzem.hu. A gond az, hogy ezzel a v\u00e1laszt\u00e1s sor\u00e1n esetenk\u00e9nt nincs is tiszt\u00e1ban a munkav\u00e1llal\u00f3. A c\u00e9gekn\u00e9l ugyanis furcsa kalkul\u00e1torok \u00a0m\u0171k\u00f6dnek. Az alapjaiban \u00e1talak\u00edtott cafeteria rendszer a gyakorlatban el\u00e9g becsap\u00f3s lehet. A c\u00e9gek is kapkodt\u00e1k [&hellip;]<\/p>\n","protected":false},"author":1,"featured_media":2617,"comment_status":"open","ping_status":"open","sticky":false,"template":"","format":"standard","meta":{"_monsterinsights_skip_tracking":false,"footnotes":""},"categories":[198],"tags":[],"class_list":["post-2616","post","type-post","status-publish","format-standard","has-post-thumbnail","hentry","category-gazdasag"],"aioseo_notices":[],"aioseo_head":"\n\t\t<!-- All in One SEO 5.0.0.1 - aioseo.com -->\n\t<meta name=\"description\" content=\"Az idei cafeteria keret alig t\u00f6bb mint a fel\u00e9re is olvadhat, mire a dolgoz\u00f3 zseb\u00e9be jut \u2013 sz\u00e1molta ki az Az\u00e9np\u00e9nzem.hu. A gond az, hogy ezzel a v\u00e1laszt\u00e1s sor\u00e1n esetenk\u00e9nt nincs is tiszt\u00e1ban a munkav\u00e1llal\u00f3. A c\u00e9gekn\u00e9l ugyanis furcsa kalkul\u00e1torok m\u0171k\u00f6dnek. Az alapjaiban \u00e1talak\u00edtott cafeteria rendszer a gyakorlatban el\u00e9g becsap\u00f3s lehet. A c\u00e9gek is kapkodt\u00e1k\" \/>\n\t<meta name=\"robots\" content=\"max-image-preview:large\" \/>\n\t<meta name=\"author\" content=\"Juh\u00e1sz P\u00e9ter\"\/>\n\t<link rel=\"canonical\" href=\"https:\/\/allasorias.hu\/hirek\/furcsa-a-cafeteria-az-iden\/\" \/>\n\t<meta name=\"generator\" content=\"All in One SEO (AIOSEO) 5.0.0.1\" \/>\n\t\t<meta property=\"og:locale\" content=\"hu_HU\" \/>\n\t\t<meta property=\"og:site_name\" content=\"AllasOrias.hu | H\u00edrek-lapszemle | \u00dczleti h\u00edrek az \u00e1ll\u00e1s \u00e9s a munka vil\u00e1g\u00e1b\u00f3l\" \/>\n\t\t<meta property=\"og:type\" content=\"article\" \/>\n\t\t<meta property=\"og:title\" content=\"Furcsa a cafeteria az id\u00e9n | AllasOrias.hu | H\u00edrek-lapszemle\" \/>\n\t\t<meta property=\"og:description\" content=\"Az idei cafeteria keret alig t\u00f6bb mint a fel\u00e9re is olvadhat, mire a dolgoz\u00f3 zseb\u00e9be jut \u2013 sz\u00e1molta ki az Az\u00e9np\u00e9nzem.hu. A gond az, hogy ezzel a v\u00e1laszt\u00e1s sor\u00e1n esetenk\u00e9nt nincs is tiszt\u00e1ban a munkav\u00e1llal\u00f3. A c\u00e9gekn\u00e9l ugyanis furcsa kalkul\u00e1torok m\u0171k\u00f6dnek. Az alapjaiban \u00e1talak\u00edtott cafeteria rendszer a gyakorlatban el\u00e9g becsap\u00f3s lehet. A c\u00e9gek is kapkodt\u00e1k\" \/>\n\t\t<meta property=\"og:url\" content=\"https:\/\/allasorias.hu\/hirek\/furcsa-a-cafeteria-az-iden\/\" \/>\n\t\t<meta property=\"og:image\" content=\"https:\/\/allasorias.hu\/hirek\/wp-content\/uploads\/2019\/03\/doors-1690423_640.jpg\" \/>\n\t\t<meta property=\"og:image:secure_url\" content=\"https:\/\/allasorias.hu\/hirek\/wp-content\/uploads\/2019\/03\/doors-1690423_640.jpg\" \/>\n\t\t<meta property=\"og:image:width\" content=\"640\" \/>\n\t\t<meta property=\"og:image:height\" content=\"341\" \/>\n\t\t<meta property=\"article:published_time\" content=\"2019-03-04T13:11:20+00:00\" \/>\n\t\t<meta property=\"article:modified_time\" content=\"2019-03-04T13:11:20+00:00\" \/>\n\t\t<meta property=\"article:publisher\" content=\"https:\/\/www.facebook.com\/allasorias\" \/>\n\t\t<meta name=\"twitter:card\" content=\"summary_large_image\" \/>\n\t\t<meta name=\"twitter:title\" content=\"Furcsa a cafeteria az id\u00e9n | AllasOrias.hu | H\u00edrek-lapszemle\" \/>\n\t\t<meta name=\"twitter:description\" content=\"Az idei cafeteria keret alig t\u00f6bb mint a fel\u00e9re is olvadhat, mire a dolgoz\u00f3 zseb\u00e9be jut \u2013 sz\u00e1molta ki az Az\u00e9np\u00e9nzem.hu. A gond az, hogy ezzel a v\u00e1laszt\u00e1s sor\u00e1n esetenk\u00e9nt nincs is tiszt\u00e1ban a munkav\u00e1llal\u00f3. A c\u00e9gekn\u00e9l ugyanis furcsa kalkul\u00e1torok m\u0171k\u00f6dnek. Az alapjaiban \u00e1talak\u00edtott cafeteria rendszer a gyakorlatban el\u00e9g becsap\u00f3s lehet. A c\u00e9gek is kapkodt\u00e1k\" \/>\n\t\t<meta name=\"twitter:image\" content=\"https:\/\/allasorias.hu\/hirek\/wp-content\/uploads\/2019\/03\/doors-1690423_640.jpg\" \/>\n\t\t<meta name=\"twitter:label1\" content=\"Written by\" \/>\n\t\t<meta name=\"twitter:data1\" content=\"Juh\u00e1sz P\u00e9ter\" \/>\n\t\t<meta name=\"twitter:label2\" content=\"Est. reading time\" \/>\n\t\t<meta name=\"twitter:data2\" content=\"2 minutes\" \/>\n\t\t<script type=\"application\/ld+json\" class=\"aioseo-schema\">\n\t\t\t{\"@context\":\"https:\\\/\\\/schema.org\",\"@graph\":[{\"@type\":\"Article\",\"@id\":\"https:\\\/\\\/allasorias.hu\\\/hirek\\\/furcsa-a-cafeteria-az-iden\\\/#article\",\"name\":\"Furcsa a cafeteria az id\\u00e9n | AllasOrias.hu | H\\u00edrek-lapszemle\",\"headline\":\"Furcsa a cafeteria az id\\u00e9n\",\"author\":{\"@id\":\"https:\\\/\\\/allasorias.hu\\\/hirek\\\/author\\\/admin-allasorias\\\/#author\"},\"publisher\":{\"@id\":\"https:\\\/\\\/allasorias.hu\\\/hirek\\\/#organization\"},\"image\":{\"@type\":\"ImageObject\",\"url\":\"https:\\\/\\\/allasorias.hu\\\/hirek\\\/wp-content\\\/uploads\\\/2019\\\/03\\\/doors-1690423_640.jpg\",\"width\":640,\"height\":341},\"datePublished\":\"2019-03-04T13:11:20+02:00\",\"dateModified\":\"2019-03-04T13:11:20+02:00\",\"inLanguage\":\"hu-HU\",\"mainEntityOfPage\":{\"@id\":\"https:\\\/\\\/allasorias.hu\\\/hirek\\\/furcsa-a-cafeteria-az-iden\\\/#webpage\"},\"isPartOf\":{\"@id\":\"https:\\\/\\\/allasorias.hu\\\/hirek\\\/furcsa-a-cafeteria-az-iden\\\/#webpage\"},\"articleSection\":\"Gazdas\\u00e1g\"},{\"@type\":\"BreadcrumbList\",\"@id\":\"https:\\\/\\\/allasorias.hu\\\/hirek\\\/furcsa-a-cafeteria-az-iden\\\/#breadcrumblist\",\"itemListElement\":[{\"@type\":\"ListItem\",\"@id\":\"https:\\\/\\\/allasorias.hu\\\/hirek#listItem\",\"position\":1,\"name\":\"Home\",\"item\":\"https:\\\/\\\/allasorias.hu\\\/hirek\",\"nextItem\":{\"@type\":\"ListItem\",\"@id\":\"https:\\\/\\\/allasorias.hu\\\/hirek\\\/temak\\\/gazdasag\\\/#listItem\",\"name\":\"Gazdas\\u00e1g\"}},{\"@type\":\"ListItem\",\"@id\":\"https:\\\/\\\/allasorias.hu\\\/hirek\\\/temak\\\/gazdasag\\\/#listItem\",\"position\":2,\"name\":\"Gazdas\\u00e1g\",\"item\":\"https:\\\/\\\/allasorias.hu\\\/hirek\\\/temak\\\/gazdasag\\\/\",\"nextItem\":{\"@type\":\"ListItem\",\"@id\":\"https:\\\/\\\/allasorias.hu\\\/hirek\\\/furcsa-a-cafeteria-az-iden\\\/#listItem\",\"name\":\"Furcsa a cafeteria az id\\u00e9n\"},\"previousItem\":{\"@type\":\"ListItem\",\"@id\":\"https:\\\/\\\/allasorias.hu\\\/hirek#listItem\",\"name\":\"Home\"}},{\"@type\":\"ListItem\",\"@id\":\"https:\\\/\\\/allasorias.hu\\\/hirek\\\/furcsa-a-cafeteria-az-iden\\\/#listItem\",\"position\":3,\"name\":\"Furcsa a cafeteria az id\\u00e9n\",\"previousItem\":{\"@type\":\"ListItem\",\"@id\":\"https:\\\/\\\/allasorias.hu\\\/hirek\\\/temak\\\/gazdasag\\\/#listItem\",\"name\":\"Gazdas\\u00e1g\"}}]},{\"@type\":\"Organization\",\"@id\":\"https:\\\/\\\/allasorias.hu\\\/hirek\\\/#organization\",\"name\":\"AllasOrias.hu | H\\u00edrek-lapszemle\",\"description\":\"\\u00dczleti h\\u00edrek az \\u00e1ll\\u00e1s \\u00e9s a munka vil\\u00e1g\\u00e1b\\u00f3l\",\"url\":\"https:\\\/\\\/allasorias.hu\\\/hirek\\\/\",\"logo\":{\"@type\":\"ImageObject\",\"url\":\"https:\\\/\\\/allasorias.hu\\\/hirek\\\/wp-content\\\/uploads\\\/2022\\\/10\\\/allasorias_site_facebok_logo.png\",\"@id\":\"https:\\\/\\\/allasorias.hu\\\/hirek\\\/furcsa-a-cafeteria-az-iden\\\/#organizationLogo\"},\"image\":{\"@id\":\"https:\\\/\\\/allasorias.hu\\\/hirek\\\/furcsa-a-cafeteria-az-iden\\\/#organizationLogo\"},\"sameAs\":[\"https:\\\/\\\/www.facebook.com\\\/allasorias\",\"https:\\\/\\\/www.linkedin.com\\\/company\\\/allasorias\"]},{\"@type\":\"Person\",\"@id\":\"https:\\\/\\\/allasorias.hu\\\/hirek\\\/author\\\/admin-allasorias\\\/#author\",\"url\":\"https:\\\/\\\/allasorias.hu\\\/hirek\\\/author\\\/admin-allasorias\\\/\",\"name\":\"Juh\\u00e1sz P\\u00e9ter\",\"image\":{\"@type\":\"ImageObject\",\"@id\":\"https:\\\/\\\/allasorias.hu\\\/hirek\\\/furcsa-a-cafeteria-az-iden\\\/#authorImage\",\"url\":\"https:\\\/\\\/secure.gravatar.com\\\/avatar\\\/36e6bcb83148978b992977cb0f54d22feb0cce8a0a849a9410532bb2623ba4c6?s=96&d=mm&r=g\",\"width\":96,\"height\":96,\"caption\":\"Juh\\u00e1sz P\\u00e9ter\"}},{\"@type\":\"WebPage\",\"@id\":\"https:\\\/\\\/allasorias.hu\\\/hirek\\\/furcsa-a-cafeteria-az-iden\\\/#webpage\",\"url\":\"https:\\\/\\\/allasorias.hu\\\/hirek\\\/furcsa-a-cafeteria-az-iden\\\/\",\"name\":\"Furcsa a cafeteria az id\\u00e9n | AllasOrias.hu | H\\u00edrek-lapszemle\",\"description\":\"Az idei cafeteria keret alig t\\u00f6bb mint a fel\\u00e9re is olvadhat, mire a dolgoz\\u00f3 zseb\\u00e9be jut \\u2013 sz\\u00e1molta ki az Az\\u00e9np\\u00e9nzem.hu. A gond az, hogy ezzel a v\\u00e1laszt\\u00e1s sor\\u00e1n esetenk\\u00e9nt nincs is tiszt\\u00e1ban a munkav\\u00e1llal\\u00f3. A c\\u00e9gekn\\u00e9l ugyanis furcsa kalkul\\u00e1torok m\\u0171k\\u00f6dnek. Az alapjaiban \\u00e1talak\\u00edtott cafeteria rendszer a gyakorlatban el\\u00e9g becsap\\u00f3s lehet. A c\\u00e9gek is kapkodt\\u00e1k\",\"inLanguage\":\"hu-HU\",\"isPartOf\":{\"@id\":\"https:\\\/\\\/allasorias.hu\\\/hirek\\\/#website\"},\"breadcrumb\":{\"@id\":\"https:\\\/\\\/allasorias.hu\\\/hirek\\\/furcsa-a-cafeteria-az-iden\\\/#breadcrumblist\"},\"author\":{\"@id\":\"https:\\\/\\\/allasorias.hu\\\/hirek\\\/author\\\/admin-allasorias\\\/#author\"},\"creator\":{\"@id\":\"https:\\\/\\\/allasorias.hu\\\/hirek\\\/author\\\/admin-allasorias\\\/#author\"},\"image\":{\"@type\":\"ImageObject\",\"url\":\"https:\\\/\\\/allasorias.hu\\\/hirek\\\/wp-content\\\/uploads\\\/2019\\\/03\\\/doors-1690423_640.jpg\",\"@id\":\"https:\\\/\\\/allasorias.hu\\\/hirek\\\/furcsa-a-cafeteria-az-iden\\\/#mainImage\",\"width\":640,\"height\":341},\"primaryImageOfPage\":{\"@id\":\"https:\\\/\\\/allasorias.hu\\\/hirek\\\/furcsa-a-cafeteria-az-iden\\\/#mainImage\"},\"datePublished\":\"2019-03-04T13:11:20+02:00\",\"dateModified\":\"2019-03-04T13:11:20+02:00\"},{\"@type\":\"WebSite\",\"@id\":\"https:\\\/\\\/allasorias.hu\\\/hirek\\\/#website\",\"url\":\"https:\\\/\\\/allasorias.hu\\\/hirek\\\/\",\"name\":\"AllasOrias.hu | H\\u00edrek-lapszemle\",\"description\":\"\\u00dczleti h\\u00edrek az \\u00e1ll\\u00e1s \\u00e9s a munka vil\\u00e1g\\u00e1b\\u00f3l\",\"inLanguage\":\"hu-HU\",\"publisher\":{\"@id\":\"https:\\\/\\\/allasorias.hu\\\/hirek\\\/#organization\"}}]}\n\t\t<\/script>\n\t\t<!-- All in One SEO -->\n\n","aioseo_head_json":{"title":"Furcsa a cafeteria az id\u00e9n | AllasOrias.hu | H\u00edrek-lapszemle","description":"Az idei cafeteria keret alig t\u00f6bb mint a fel\u00e9re is olvadhat, mire a dolgoz\u00f3 zseb\u00e9be jut \u2013 sz\u00e1molta ki az Az\u00e9np\u00e9nzem.hu. A gond az, hogy ezzel a v\u00e1laszt\u00e1s sor\u00e1n esetenk\u00e9nt nincs is tiszt\u00e1ban a munkav\u00e1llal\u00f3. A c\u00e9gekn\u00e9l ugyanis furcsa kalkul\u00e1torok m\u0171k\u00f6dnek. Az alapjaiban \u00e1talak\u00edtott cafeteria rendszer a gyakorlatban el\u00e9g becsap\u00f3s lehet. A c\u00e9gek is kapkodt\u00e1k","canonical_url":"https:\/\/allasorias.hu\/hirek\/furcsa-a-cafeteria-az-iden\/","robots":"max-image-preview:large","keywords":"","webmasterTools":{"miscellaneous":""},"schema":{"@context":"https:\/\/schema.org","@graph":[{"@type":"Article","@id":"https:\/\/allasorias.hu\/hirek\/furcsa-a-cafeteria-az-iden\/#article","name":"Furcsa a cafeteria az id\u00e9n | AllasOrias.hu | H\u00edrek-lapszemle","headline":"Furcsa a cafeteria az id\u00e9n","author":{"@id":"https:\/\/allasorias.hu\/hirek\/author\/admin-allasorias\/#author"},"publisher":{"@id":"https:\/\/allasorias.hu\/hirek\/#organization"},"image":{"@type":"ImageObject","url":"https:\/\/allasorias.hu\/hirek\/wp-content\/uploads\/2019\/03\/doors-1690423_640.jpg","width":640,"height":341},"datePublished":"2019-03-04T13:11:20+02:00","dateModified":"2019-03-04T13:11:20+02:00","inLanguage":"hu-HU","mainEntityOfPage":{"@id":"https:\/\/allasorias.hu\/hirek\/furcsa-a-cafeteria-az-iden\/#webpage"},"isPartOf":{"@id":"https:\/\/allasorias.hu\/hirek\/furcsa-a-cafeteria-az-iden\/#webpage"},"articleSection":"Gazdas\u00e1g"},{"@type":"BreadcrumbList","@id":"https:\/\/allasorias.hu\/hirek\/furcsa-a-cafeteria-az-iden\/#breadcrumblist","itemListElement":[{"@type":"ListItem","@id":"https:\/\/allasorias.hu\/hirek#listItem","position":1,"name":"Home","item":"https:\/\/allasorias.hu\/hirek","nextItem":{"@type":"ListItem","@id":"https:\/\/allasorias.hu\/hirek\/temak\/gazdasag\/#listItem","name":"Gazdas\u00e1g"}},{"@type":"ListItem","@id":"https:\/\/allasorias.hu\/hirek\/temak\/gazdasag\/#listItem","position":2,"name":"Gazdas\u00e1g","item":"https:\/\/allasorias.hu\/hirek\/temak\/gazdasag\/","nextItem":{"@type":"ListItem","@id":"https:\/\/allasorias.hu\/hirek\/furcsa-a-cafeteria-az-iden\/#listItem","name":"Furcsa a cafeteria az id\u00e9n"},"previousItem":{"@type":"ListItem","@id":"https:\/\/allasorias.hu\/hirek#listItem","name":"Home"}},{"@type":"ListItem","@id":"https:\/\/allasorias.hu\/hirek\/furcsa-a-cafeteria-az-iden\/#listItem","position":3,"name":"Furcsa a cafeteria az id\u00e9n","previousItem":{"@type":"ListItem","@id":"https:\/\/allasorias.hu\/hirek\/temak\/gazdasag\/#listItem","name":"Gazdas\u00e1g"}}]},{"@type":"Organization","@id":"https:\/\/allasorias.hu\/hirek\/#organization","name":"AllasOrias.hu | H\u00edrek-lapszemle","description":"\u00dczleti h\u00edrek az \u00e1ll\u00e1s \u00e9s a munka vil\u00e1g\u00e1b\u00f3l","url":"https:\/\/allasorias.hu\/hirek\/","logo":{"@type":"ImageObject","url":"https:\/\/allasorias.hu\/hirek\/wp-content\/uploads\/2022\/10\/allasorias_site_facebok_logo.png","@id":"https:\/\/allasorias.hu\/hirek\/furcsa-a-cafeteria-az-iden\/#organizationLogo"},"image":{"@id":"https:\/\/allasorias.hu\/hirek\/furcsa-a-cafeteria-az-iden\/#organizationLogo"},"sameAs":["https:\/\/www.facebook.com\/allasorias","https:\/\/www.linkedin.com\/company\/allasorias"]},{"@type":"Person","@id":"https:\/\/allasorias.hu\/hirek\/author\/admin-allasorias\/#author","url":"https:\/\/allasorias.hu\/hirek\/author\/admin-allasorias\/","name":"Juh\u00e1sz P\u00e9ter","image":{"@type":"ImageObject","@id":"https:\/\/allasorias.hu\/hirek\/furcsa-a-cafeteria-az-iden\/#authorImage","url":"https:\/\/secure.gravatar.com\/avatar\/36e6bcb83148978b992977cb0f54d22feb0cce8a0a849a9410532bb2623ba4c6?s=96&d=mm&r=g","width":96,"height":96,"caption":"Juh\u00e1sz P\u00e9ter"}},{"@type":"WebPage","@id":"https:\/\/allasorias.hu\/hirek\/furcsa-a-cafeteria-az-iden\/#webpage","url":"https:\/\/allasorias.hu\/hirek\/furcsa-a-cafeteria-az-iden\/","name":"Furcsa a cafeteria az id\u00e9n | AllasOrias.hu | H\u00edrek-lapszemle","description":"Az idei cafeteria keret alig t\u00f6bb mint a fel\u00e9re is olvadhat, mire a dolgoz\u00f3 zseb\u00e9be jut \u2013 sz\u00e1molta ki az Az\u00e9np\u00e9nzem.hu. A gond az, hogy ezzel a v\u00e1laszt\u00e1s sor\u00e1n esetenk\u00e9nt nincs is tiszt\u00e1ban a munkav\u00e1llal\u00f3. A c\u00e9gekn\u00e9l ugyanis furcsa kalkul\u00e1torok m\u0171k\u00f6dnek. Az alapjaiban \u00e1talak\u00edtott cafeteria rendszer a gyakorlatban el\u00e9g becsap\u00f3s lehet. A c\u00e9gek is kapkodt\u00e1k","inLanguage":"hu-HU","isPartOf":{"@id":"https:\/\/allasorias.hu\/hirek\/#website"},"breadcrumb":{"@id":"https:\/\/allasorias.hu\/hirek\/furcsa-a-cafeteria-az-iden\/#breadcrumblist"},"author":{"@id":"https:\/\/allasorias.hu\/hirek\/author\/admin-allasorias\/#author"},"creator":{"@id":"https:\/\/allasorias.hu\/hirek\/author\/admin-allasorias\/#author"},"image":{"@type":"ImageObject","url":"https:\/\/allasorias.hu\/hirek\/wp-content\/uploads\/2019\/03\/doors-1690423_640.jpg","@id":"https:\/\/allasorias.hu\/hirek\/furcsa-a-cafeteria-az-iden\/#mainImage","width":640,"height":341},"primaryImageOfPage":{"@id":"https:\/\/allasorias.hu\/hirek\/furcsa-a-cafeteria-az-iden\/#mainImage"},"datePublished":"2019-03-04T13:11:20+02:00","dateModified":"2019-03-04T13:11:20+02:00"},{"@type":"WebSite","@id":"https:\/\/allasorias.hu\/hirek\/#website","url":"https:\/\/allasorias.hu\/hirek\/","name":"AllasOrias.hu | H\u00edrek-lapszemle","description":"\u00dczleti h\u00edrek az \u00e1ll\u00e1s \u00e9s a munka vil\u00e1g\u00e1b\u00f3l","inLanguage":"hu-HU","publisher":{"@id":"https:\/\/allasorias.hu\/hirek\/#organization"}}]},"og:locale":"hu_HU","og:site_name":"AllasOrias.hu | H\u00edrek-lapszemle | \u00dczleti h\u00edrek az \u00e1ll\u00e1s \u00e9s a munka vil\u00e1g\u00e1b\u00f3l","og:type":"article","og:title":"Furcsa a cafeteria az id\u00e9n | AllasOrias.hu | H\u00edrek-lapszemle","og:description":"Az idei cafeteria keret alig t\u00f6bb mint a fel\u00e9re is olvadhat, mire a dolgoz\u00f3 zseb\u00e9be jut \u2013 sz\u00e1molta ki az Az\u00e9np\u00e9nzem.hu. A gond az, hogy ezzel a v\u00e1laszt\u00e1s sor\u00e1n esetenk\u00e9nt nincs is tiszt\u00e1ban a munkav\u00e1llal\u00f3. A c\u00e9gekn\u00e9l ugyanis furcsa kalkul\u00e1torok m\u0171k\u00f6dnek. Az alapjaiban \u00e1talak\u00edtott cafeteria rendszer a gyakorlatban el\u00e9g becsap\u00f3s lehet. A c\u00e9gek is kapkodt\u00e1k","og:url":"https:\/\/allasorias.hu\/hirek\/furcsa-a-cafeteria-az-iden\/","og:image":"https:\/\/allasorias.hu\/hirek\/wp-content\/uploads\/2019\/03\/doors-1690423_640.jpg","og:image:secure_url":"https:\/\/allasorias.hu\/hirek\/wp-content\/uploads\/2019\/03\/doors-1690423_640.jpg","og:image:width":640,"og:image:height":341,"article:published_time":"2019-03-04T13:11:20+00:00","article:modified_time":"2019-03-04T13:11:20+00:00","article:publisher":"https:\/\/www.facebook.com\/allasorias","twitter:card":"summary_large_image","twitter:title":"Furcsa a cafeteria az id\u00e9n | AllasOrias.hu | H\u00edrek-lapszemle","twitter:description":"Az idei cafeteria keret alig t\u00f6bb mint a fel\u00e9re is olvadhat, mire a dolgoz\u00f3 zseb\u00e9be jut \u2013 sz\u00e1molta ki az Az\u00e9np\u00e9nzem.hu. A gond az, hogy ezzel a v\u00e1laszt\u00e1s sor\u00e1n esetenk\u00e9nt nincs is tiszt\u00e1ban a munkav\u00e1llal\u00f3. A c\u00e9gekn\u00e9l ugyanis furcsa kalkul\u00e1torok m\u0171k\u00f6dnek. Az alapjaiban \u00e1talak\u00edtott cafeteria rendszer a gyakorlatban el\u00e9g becsap\u00f3s lehet. A c\u00e9gek is kapkodt\u00e1k","twitter:image":"https:\/\/allasorias.hu\/hirek\/wp-content\/uploads\/2019\/03\/doors-1690423_640.jpg","twitter:label1":"Written by","twitter:data1":"Juh\u00e1sz P\u00e9ter","twitter:label2":"Est. reading time","twitter:data2":"2 minutes"},"aioseo_meta_data":{"post_id":"2616","title":null,"description":null,"keywords":null,"keyphrases":null,"primary_term":null,"canonical_url":null,"og_title":null,"og_description":null,"og_object_type":"default","og_image_type":"default","og_image_url":null,"og_image_width":null,"og_image_height":null,"og_image_custom_url":null,"og_image_custom_fields":null,"og_video":null,"og_custom_url":null,"og_article_section":null,"og_article_tags":null,"twitter_use_og":false,"twitter_card":"default","twitter_image_type":"default","twitter_image_url":null,"twitter_image_custom_url":null,"twitter_image_custom_fields":null,"twitter_title":null,"twitter_description":null,"schema":{"blockGraphs":[],"customGraphs":[],"default":{"data":{"Article":[],"Course":[],"Dataset":[],"FAQPage":[],"Movie":[],"Person":[],"Product":[],"ProductReview":[],"Car":[],"Recipe":[],"Service":[],"SoftwareApplication":[],"WebPage":[]},"graphName":"","isEnabled":true},"graphs":[],"defaultGraph":"","defaultPostTypeGraph":""},"schema_type":null,"schema_type_options":null,"pillar_content":false,"robots_default":true,"robots_noindex":false,"robots_noarchive":false,"robots_nosnippet":false,"robots_nofollow":false,"robots_noimageindex":false,"robots_noodp":false,"robots_notranslate":false,"robots_max_snippet":null,"robots_max_videopreview":null,"robots_max_imagepreview":"large","priority":null,"frequency":null,"location":null,"local_seo":null,"breadcrumb_settings":null,"limit_modified_date":false,"ai":null,"created":"2021-02-01 21:13:45","updated":"2025-10-02 10:09:12","seo_analyzer_scan_date":null,"focus_keyword":null,"additional_keywords":null,"truseo_locale":null},"aioseo_breadcrumb":"<div class=\"aioseo-breadcrumbs\"><span class=\"aioseo-breadcrumb\">\n\t\t\t<a href=\"https:\/\/allasorias.hu\/hirek\" title=\"Home\">Home<\/a>\n\t\t<\/span><span class=\"aioseo-breadcrumb-separator\">&raquo;<\/span><span class=\"aioseo-breadcrumb\">\n\t\t\t<a href=\"https:\/\/allasorias.hu\/hirek\/temak\/gazdasag\/\" title=\"Gazdas\u00e1g\">Gazdas\u00e1g<\/a>\n\t\t<\/span><span class=\"aioseo-breadcrumb-separator\">&raquo;<\/span><span class=\"aioseo-breadcrumb\">\n\t\t\tFurcsa a cafeteria az id\u00e9n\n\t\t<\/span><\/div>","aioseo_breadcrumb_json":[{"label":"Home","link":"https:\/\/allasorias.hu\/hirek"},{"label":"Gazdas\u00e1g","link":"https:\/\/allasorias.hu\/hirek\/temak\/gazdasag\/"},{"label":"Furcsa a cafeteria az id\u00e9n","link":"https:\/\/allasorias.hu\/hirek\/furcsa-a-cafeteria-az-iden\/"}],"_links":{"self":[{"href":"https:\/\/allasorias.hu\/hirek\/wp-json\/wp\/v2\/posts\/2616","targetHints":{"allow":["GET"]}}],"collection":[{"href":"https:\/\/allasorias.hu\/hirek\/wp-json\/wp\/v2\/posts"}],"about":[{"href":"https:\/\/allasorias.hu\/hirek\/wp-json\/wp\/v2\/types\/post"}],"author":[{"embeddable":true,"href":"https:\/\/allasorias.hu\/hirek\/wp-json\/wp\/v2\/users\/1"}],"replies":[{"embeddable":true,"href":"https:\/\/allasorias.hu\/hirek\/wp-json\/wp\/v2\/comments?post=2616"}],"version-history":[{"count":1,"href":"https:\/\/allasorias.hu\/hirek\/wp-json\/wp\/v2\/posts\/2616\/revisions"}],"predecessor-version":[{"id":2618,"href":"https:\/\/allasorias.hu\/hirek\/wp-json\/wp\/v2\/posts\/2616\/revisions\/2618"}],"wp:featuredmedia":[{"embeddable":true,"href":"https:\/\/allasorias.hu\/hirek\/wp-json\/wp\/v2\/media\/2617"}],"wp:attachment":[{"href":"https:\/\/allasorias.hu\/hirek\/wp-json\/wp\/v2\/media?parent=2616"}],"wp:term":[{"taxonomy":"category","embeddable":true,"href":"https:\/\/allasorias.hu\/hirek\/wp-json\/wp\/v2\/categories?post=2616"},{"taxonomy":"post_tag","embeddable":true,"href":"https:\/\/allasorias.hu\/hirek\/wp-json\/wp\/v2\/tags?post=2616"}],"curies":[{"name":"wp","href":"https:\/\/api.w.org\/{rel}","templated":true}]}}