{"id":2613,"date":"2019-03-04T13:07:20","date_gmt":"2019-03-04T13:07:20","guid":{"rendered":"https:\/\/allasorias.hu\/hirek\/?p=2613"},"modified":"2019-03-04T13:07:20","modified_gmt":"2019-03-04T13:07:20","slug":"legyen-kreativ-a-dolgozo","status":"publish","type":"post","link":"https:\/\/allasorias.hu\/hirek\/legyen-kreativ-a-dolgozo\/","title":{"rendered":"Legyen kreat\u00edv a dolgoz\u00f3"},"content":{"rendered":"<p><strong>A Magyar nemzeti bank versenyk\u00e9pess\u00e9gi programot fogalmazott meg: a h\u00e1ztart\u00e1sok megtakar\u00edt\u00e1s\u00e1nak aktiviz\u00e1l\u00e1s\u00e1ra, a k\u00fclgazdas\u00e1gi, a munkaer\u0151piaci \u00e9s a demogr\u00e1fiai fordulat mellett a kis- \u00e9s k\u00f6z\u00e9pv\u00e1llalkoz\u00e1sok (kkv-k) versenyk\u00e9pess\u00e9g\u00e9nek jav\u00edt\u00e1s\u00e1ra. A Kossuth R\u00e1di\u00f3 \u00dctk\u00f6z\u0151 c\u00edm\u0171 m\u0171sor\u00e1ban Matolcsy Gy\u00f6rgy, a Magyar Nemzeti Bank \u00fajrav\u00e1lasztott eln\u00f6ke \u00e9vi 7 sz\u00e1zal\u00e9kos termel\u00e9kenys\u00e9gn\u00f6veked\u00e9st fogalmazott meg a kkv-szektorban, egy m\u00e1sik pontban pedig \u00e9vi 5 sz\u00e1zal\u00e9kos re\u00e1lb\u00e9r-n\u00f6veked\u00e9st. <\/strong><\/p>\n<p>Csath Magdolna k\u00f6zgazd\u00e1sz, a Nemzeti K\u00f6zszolg\u00e1lati Egyetem egyetemi tan\u00e1ra, k\u00f6zgazd\u00e1sz a m\u0171sorban elmondta: a termel\u00e9kenys\u00e9g n\u00f6vel\u00e9s\u00e9re sz\u00fcks\u00e9g van az eg\u00e9sz magyar gazdas\u00e1gban, mert az Eurostat legfrissebb elemz\u00e9se szerint 2008 \u00e9s 2017 k\u00f6z\u00f6tt a gazdas\u00e1gi termel\u00e9kenys\u00e9g 1,8 sz\u00e1zal\u00e9kkal cs\u00f6kkent, ugyanakkor a mikro- \u00e9s kisv\u00e1llalkoz\u00e1sok\u00e9 n\u0151tt. A k\u00f6zgazd\u00e1sz hangs\u00falyozta: a termel\u00e9kenys\u00e9g fontos t\u00e9nyez\u0151, de r\u00e9szletekbe men\u0151en tanulm\u00e1nyozni kell a v\u00e1llalatok m\u0171k\u00f6d\u00e9s\u00e9t, hogy ter\u00e1pi\u00e1t lehessen kidolgozni. A b\u00e9rn\u00f6veked\u00e9ssel kapcsolatban Csath Magdolna Orb\u00e1n Viktor minisztereln\u00f6k szavaira hivatkozott: az a c\u00e9g, amely hossz\u00fa t\u00e1von nem tud olyan innovat\u00edv lenni, hogy kigazd\u00e1lkodja a b\u00e9rn\u00f6veked\u00e9st, k\u00e9s\u0151bb \u00fagysem tud a piacon maradni, azaz, ha egy v\u00e1llalat j\u00f3 term\u00e9ket vagy szolg\u00e1ltat\u00e1st k\u00edn\u00e1l, b\u0151v\u00edteni tudja a piac\u00e1t, j\u00f3l szervezi meg a munk\u00e1t, \u00e9s j\u00f3 eszk\u00f6z\u00f6ket haszn\u00e1l, az el\u00e9g termel\u00e9keny lesz, hogy n\u00f6velni tudja a dolgoz\u00f3i b\u00e9r\u00e9t. Az eg\u00e9sz magyar gazdas\u00e1got egy magasabb hozz\u00e1adott \u00e9rt\u00e9ket el\u0151\u00e1ll\u00edt\u00f3, innovat\u00edvabb \u00e9s termel\u00e9kenyebb \u00fatra kell \u00e1ll\u00edtani, \u00e9s akkor nem lesz gond a b\u00e9remel\u00e9ssel \u2013 foglalta \u00f6ssze. Csath Magdolna felh\u00edvta a figyelmet arra is, hogy Magyarorsz\u00e1gon m\u00e9g \u00f3ri\u00e1si gondot jelent, hogy a munkaad\u00f3k mik\u00e9nt tudnak egy munkav\u00e1llal\u00f3t kreativit\u00e1sra \u00f6szt\u00f6n\u00f6zni. Hatalmi \u00e9s parancsuralmi kult\u00far\u00e1k vannak \u00e9rv\u00e9nyben a c\u00e9gekn\u00e9l, ami azt jelenti, hogy a munkav\u00e1llal\u00f3 nem boldogan j\u00e1r be dolgozni. A boldogtalan dolgoz\u00f3 pedig termel\u00e9kenys\u00e9gi tartal\u00e9k, hiszen nem \u00fagy lehet jobb teljes\u00edtm\u00e9nyre sarkallni, ha jobban meghajtj\u00e1k, hanem ha \u00f6szt\u00f6nzik. Ez a mindennapok gyakorlat\u00e1r\u00f3l sz\u00f3l, a v\u00e1llalatok m\u00e9gis keveset foglalkoznak ezzel a k\u00e9rd\u00e9ssel \u2013 fogalmazott az NKE egyetemi tan\u00e1ra.<\/p>\n<p><em>Forr\u00e1s: szakszervezetek.hu<\/em><\/p>\n","protected":false},"excerpt":{"rendered":"<p>A Magyar nemzeti bank versenyk\u00e9pess\u00e9gi programot fogalmazott meg: a h\u00e1ztart\u00e1sok megtakar\u00edt\u00e1s\u00e1nak aktiviz\u00e1l\u00e1s\u00e1ra, a k\u00fclgazdas\u00e1gi, a munkaer\u0151piaci \u00e9s a demogr\u00e1fiai fordulat mellett a kis- \u00e9s k\u00f6z\u00e9pv\u00e1llalkoz\u00e1sok (kkv-k) versenyk\u00e9pess\u00e9g\u00e9nek jav\u00edt\u00e1s\u00e1ra. A Kossuth R\u00e1di\u00f3 \u00dctk\u00f6z\u0151 c\u00edm\u0171 m\u0171sor\u00e1ban Matolcsy Gy\u00f6rgy, a Magyar Nemzeti Bank \u00fajrav\u00e1lasztott eln\u00f6ke \u00e9vi 7 sz\u00e1zal\u00e9kos termel\u00e9kenys\u00e9gn\u00f6veked\u00e9st fogalmazott meg a kkv-szektorban, egy m\u00e1sik pontban pedig \u00e9vi [&hellip;]<\/p>\n","protected":false},"author":1,"featured_media":2614,"comment_status":"open","ping_status":"open","sticky":false,"template":"","format":"standard","meta":{"_monsterinsights_skip_tracking":false,"footnotes":""},"categories":[1,200],"tags":[],"class_list":["post-2613","post","type-post","status-publish","format-standard","has-post-thumbnail","hentry","category-allaskereses","category-munkaeropiac"],"aioseo_notices":[],"aioseo_head":"\n\t\t<!-- All in One SEO 5.0.0.1 - aioseo.com -->\n\t<meta name=\"description\" content=\"A Magyar nemzeti bank versenyk\u00e9pess\u00e9gi programot fogalmazott meg: a h\u00e1ztart\u00e1sok megtakar\u00edt\u00e1s\u00e1nak aktiviz\u00e1l\u00e1s\u00e1ra, a k\u00fclgazdas\u00e1gi, a munkaer\u0151piaci \u00e9s a demogr\u00e1fiai fordulat mellett a kis- \u00e9s k\u00f6z\u00e9pv\u00e1llalkoz\u00e1sok (kkv-k) versenyk\u00e9pess\u00e9g\u00e9nek jav\u00edt\u00e1s\u00e1ra. A Kossuth R\u00e1di\u00f3 \u00dctk\u00f6z\u0151 c\u00edm\u0171 m\u0171sor\u00e1ban Matolcsy Gy\u00f6rgy, a Magyar Nemzeti Bank \u00fajrav\u00e1lasztott eln\u00f6ke \u00e9vi 7 sz\u00e1zal\u00e9kos termel\u00e9kenys\u00e9gn\u00f6veked\u00e9st fogalmazott meg a kkv-szektorban, egy m\u00e1sik pontban pedig \u00e9vi\" \/>\n\t<meta name=\"robots\" content=\"max-image-preview:large\" \/>\n\t<meta name=\"author\" content=\"Juh\u00e1sz P\u00e9ter\"\/>\n\t<link rel=\"canonical\" href=\"https:\/\/allasorias.hu\/hirek\/legyen-kreativ-a-dolgozo\/\" \/>\n\t<meta name=\"generator\" content=\"All in One SEO (AIOSEO) 5.0.0.1\" \/>\n\t\t<meta property=\"og:locale\" content=\"hu_HU\" \/>\n\t\t<meta property=\"og:site_name\" content=\"AllasOrias.hu | H\u00edrek-lapszemle | \u00dczleti h\u00edrek az \u00e1ll\u00e1s \u00e9s a munka vil\u00e1g\u00e1b\u00f3l\" \/>\n\t\t<meta property=\"og:type\" content=\"article\" \/>\n\t\t<meta property=\"og:title\" content=\"Legyen kreat\u00edv a dolgoz\u00f3 | AllasOrias.hu | H\u00edrek-lapszemle\" \/>\n\t\t<meta property=\"og:description\" content=\"A Magyar nemzeti bank versenyk\u00e9pess\u00e9gi programot fogalmazott meg: a h\u00e1ztart\u00e1sok megtakar\u00edt\u00e1s\u00e1nak aktiviz\u00e1l\u00e1s\u00e1ra, a k\u00fclgazdas\u00e1gi, a munkaer\u0151piaci \u00e9s a demogr\u00e1fiai fordulat mellett a kis- \u00e9s k\u00f6z\u00e9pv\u00e1llalkoz\u00e1sok (kkv-k) versenyk\u00e9pess\u00e9g\u00e9nek jav\u00edt\u00e1s\u00e1ra. A Kossuth R\u00e1di\u00f3 \u00dctk\u00f6z\u0151 c\u00edm\u0171 m\u0171sor\u00e1ban Matolcsy Gy\u00f6rgy, a Magyar Nemzeti Bank \u00fajrav\u00e1lasztott eln\u00f6ke \u00e9vi 7 sz\u00e1zal\u00e9kos termel\u00e9kenys\u00e9gn\u00f6veked\u00e9st fogalmazott meg a kkv-szektorban, egy m\u00e1sik pontban pedig \u00e9vi\" \/>\n\t\t<meta property=\"og:url\" content=\"https:\/\/allasorias.hu\/hirek\/legyen-kreativ-a-dolgozo\/\" \/>\n\t\t<meta property=\"og:image\" content=\"https:\/\/allasorias.hu\/hirek\/wp-content\/uploads\/2019\/03\/pexels-photo-1270951.jpeg\" \/>\n\t\t<meta property=\"og:image:secure_url\" content=\"https:\/\/allasorias.hu\/hirek\/wp-content\/uploads\/2019\/03\/pexels-photo-1270951.jpeg\" \/>\n\t\t<meta property=\"og:image:width\" content=\"640\" \/>\n\t\t<meta property=\"og:image:height\" content=\"497\" \/>\n\t\t<meta property=\"article:published_time\" content=\"2019-03-04T13:07:20+00:00\" \/>\n\t\t<meta property=\"article:modified_time\" content=\"2019-03-04T13:07:20+00:00\" \/>\n\t\t<meta property=\"article:publisher\" content=\"https:\/\/www.facebook.com\/allasorias\" \/>\n\t\t<meta name=\"twitter:card\" content=\"summary_large_image\" \/>\n\t\t<meta name=\"twitter:title\" content=\"Legyen kreat\u00edv a dolgoz\u00f3 | AllasOrias.hu | H\u00edrek-lapszemle\" \/>\n\t\t<meta name=\"twitter:description\" content=\"A Magyar nemzeti bank versenyk\u00e9pess\u00e9gi programot fogalmazott meg: a h\u00e1ztart\u00e1sok megtakar\u00edt\u00e1s\u00e1nak aktiviz\u00e1l\u00e1s\u00e1ra, a k\u00fclgazdas\u00e1gi, a munkaer\u0151piaci \u00e9s a demogr\u00e1fiai fordulat mellett a kis- \u00e9s k\u00f6z\u00e9pv\u00e1llalkoz\u00e1sok (kkv-k) versenyk\u00e9pess\u00e9g\u00e9nek jav\u00edt\u00e1s\u00e1ra. A Kossuth R\u00e1di\u00f3 \u00dctk\u00f6z\u0151 c\u00edm\u0171 m\u0171sor\u00e1ban Matolcsy Gy\u00f6rgy, a Magyar Nemzeti Bank \u00fajrav\u00e1lasztott eln\u00f6ke \u00e9vi 7 sz\u00e1zal\u00e9kos termel\u00e9kenys\u00e9gn\u00f6veked\u00e9st fogalmazott meg a kkv-szektorban, egy m\u00e1sik pontban pedig \u00e9vi\" \/>\n\t\t<meta name=\"twitter:image\" content=\"https:\/\/allasorias.hu\/hirek\/wp-content\/uploads\/2019\/03\/pexels-photo-1270951.jpeg\" \/>\n\t\t<meta name=\"twitter:label1\" content=\"Written by\" \/>\n\t\t<meta name=\"twitter:data1\" content=\"Juh\u00e1sz P\u00e9ter\" \/>\n\t\t<meta name=\"twitter:label2\" content=\"Est. reading time\" \/>\n\t\t<meta name=\"twitter:data2\" content=\"2 minutes\" \/>\n\t\t<script type=\"application\/ld+json\" class=\"aioseo-schema\">\n\t\t\t{\"@context\":\"https:\\\/\\\/schema.org\",\"@graph\":[{\"@type\":\"Article\",\"@id\":\"https:\\\/\\\/allasorias.hu\\\/hirek\\\/legyen-kreativ-a-dolgozo\\\/#article\",\"name\":\"Legyen kreat\\u00edv a dolgoz\\u00f3 | AllasOrias.hu | H\\u00edrek-lapszemle\",\"headline\":\"Legyen kreat\\u00edv a dolgoz\\u00f3\",\"author\":{\"@id\":\"https:\\\/\\\/allasorias.hu\\\/hirek\\\/author\\\/admin-allasorias\\\/#author\"},\"publisher\":{\"@id\":\"https:\\\/\\\/allasorias.hu\\\/hirek\\\/#organization\"},\"image\":{\"@type\":\"ImageObject\",\"url\":\"https:\\\/\\\/allasorias.hu\\\/hirek\\\/wp-content\\\/uploads\\\/2019\\\/03\\\/pexels-photo-1270951.jpeg\",\"width\":640,\"height\":497},\"datePublished\":\"2019-03-04T13:07:20+02:00\",\"dateModified\":\"2019-03-04T13:07:20+02:00\",\"inLanguage\":\"hu-HU\",\"mainEntityOfPage\":{\"@id\":\"https:\\\/\\\/allasorias.hu\\\/hirek\\\/legyen-kreativ-a-dolgozo\\\/#webpage\"},\"isPartOf\":{\"@id\":\"https:\\\/\\\/allasorias.hu\\\/hirek\\\/legyen-kreativ-a-dolgozo\\\/#webpage\"},\"articleSection\":\"\\u00c1ll\\u00e1skeres\\u00e9s, Munkaer\\u0151piac\"},{\"@type\":\"BreadcrumbList\",\"@id\":\"https:\\\/\\\/allasorias.hu\\\/hirek\\\/legyen-kreativ-a-dolgozo\\\/#breadcrumblist\",\"itemListElement\":[{\"@type\":\"ListItem\",\"@id\":\"https:\\\/\\\/allasorias.hu\\\/hirek#listItem\",\"position\":1,\"name\":\"Home\",\"item\":\"https:\\\/\\\/allasorias.hu\\\/hirek\",\"nextItem\":{\"@type\":\"ListItem\",\"@id\":\"https:\\\/\\\/allasorias.hu\\\/hirek\\\/temak\\\/allaskereses\\\/#listItem\",\"name\":\"\\u00c1ll\\u00e1skeres\\u00e9s\"}},{\"@type\":\"ListItem\",\"@id\":\"https:\\\/\\\/allasorias.hu\\\/hirek\\\/temak\\\/allaskereses\\\/#listItem\",\"position\":2,\"name\":\"\\u00c1ll\\u00e1skeres\\u00e9s\",\"item\":\"https:\\\/\\\/allasorias.hu\\\/hirek\\\/temak\\\/allaskereses\\\/\",\"nextItem\":{\"@type\":\"ListItem\",\"@id\":\"https:\\\/\\\/allasorias.hu\\\/hirek\\\/legyen-kreativ-a-dolgozo\\\/#listItem\",\"name\":\"Legyen kreat\\u00edv a dolgoz\\u00f3\"},\"previousItem\":{\"@type\":\"ListItem\",\"@id\":\"https:\\\/\\\/allasorias.hu\\\/hirek#listItem\",\"name\":\"Home\"}},{\"@type\":\"ListItem\",\"@id\":\"https:\\\/\\\/allasorias.hu\\\/hirek\\\/legyen-kreativ-a-dolgozo\\\/#listItem\",\"position\":3,\"name\":\"Legyen kreat\\u00edv a dolgoz\\u00f3\",\"previousItem\":{\"@type\":\"ListItem\",\"@id\":\"https:\\\/\\\/allasorias.hu\\\/hirek\\\/temak\\\/allaskereses\\\/#listItem\",\"name\":\"\\u00c1ll\\u00e1skeres\\u00e9s\"}}]},{\"@type\":\"Organization\",\"@id\":\"https:\\\/\\\/allasorias.hu\\\/hirek\\\/#organization\",\"name\":\"AllasOrias.hu | H\\u00edrek-lapszemle\",\"description\":\"\\u00dczleti h\\u00edrek az \\u00e1ll\\u00e1s \\u00e9s a munka vil\\u00e1g\\u00e1b\\u00f3l\",\"url\":\"https:\\\/\\\/allasorias.hu\\\/hirek\\\/\",\"logo\":{\"@type\":\"ImageObject\",\"url\":\"https:\\\/\\\/allasorias.hu\\\/hirek\\\/wp-content\\\/uploads\\\/2022\\\/10\\\/allasorias_site_facebok_logo.png\",\"@id\":\"https:\\\/\\\/allasorias.hu\\\/hirek\\\/legyen-kreativ-a-dolgozo\\\/#organizationLogo\"},\"image\":{\"@id\":\"https:\\\/\\\/allasorias.hu\\\/hirek\\\/legyen-kreativ-a-dolgozo\\\/#organizationLogo\"},\"sameAs\":[\"https:\\\/\\\/www.facebook.com\\\/allasorias\",\"https:\\\/\\\/www.linkedin.com\\\/company\\\/allasorias\"]},{\"@type\":\"Person\",\"@id\":\"https:\\\/\\\/allasorias.hu\\\/hirek\\\/author\\\/admin-allasorias\\\/#author\",\"url\":\"https:\\\/\\\/allasorias.hu\\\/hirek\\\/author\\\/admin-allasorias\\\/\",\"name\":\"Juh\\u00e1sz P\\u00e9ter\",\"image\":{\"@type\":\"ImageObject\",\"@id\":\"https:\\\/\\\/allasorias.hu\\\/hirek\\\/legyen-kreativ-a-dolgozo\\\/#authorImage\",\"url\":\"https:\\\/\\\/secure.gravatar.com\\\/avatar\\\/36e6bcb83148978b992977cb0f54d22feb0cce8a0a849a9410532bb2623ba4c6?s=96&d=mm&r=g\",\"width\":96,\"height\":96,\"caption\":\"Juh\\u00e1sz P\\u00e9ter\"}},{\"@type\":\"WebPage\",\"@id\":\"https:\\\/\\\/allasorias.hu\\\/hirek\\\/legyen-kreativ-a-dolgozo\\\/#webpage\",\"url\":\"https:\\\/\\\/allasorias.hu\\\/hirek\\\/legyen-kreativ-a-dolgozo\\\/\",\"name\":\"Legyen kreat\\u00edv a dolgoz\\u00f3 | AllasOrias.hu | H\\u00edrek-lapszemle\",\"description\":\"A Magyar nemzeti bank versenyk\\u00e9pess\\u00e9gi programot fogalmazott meg: a h\\u00e1ztart\\u00e1sok megtakar\\u00edt\\u00e1s\\u00e1nak aktiviz\\u00e1l\\u00e1s\\u00e1ra, a k\\u00fclgazdas\\u00e1gi, a munkaer\\u0151piaci \\u00e9s a demogr\\u00e1fiai fordulat mellett a kis- \\u00e9s k\\u00f6z\\u00e9pv\\u00e1llalkoz\\u00e1sok (kkv-k) versenyk\\u00e9pess\\u00e9g\\u00e9nek jav\\u00edt\\u00e1s\\u00e1ra. A Kossuth R\\u00e1di\\u00f3 \\u00dctk\\u00f6z\\u0151 c\\u00edm\\u0171 m\\u0171sor\\u00e1ban Matolcsy Gy\\u00f6rgy, a Magyar Nemzeti Bank \\u00fajrav\\u00e1lasztott eln\\u00f6ke \\u00e9vi 7 sz\\u00e1zal\\u00e9kos termel\\u00e9kenys\\u00e9gn\\u00f6veked\\u00e9st fogalmazott meg a kkv-szektorban, egy m\\u00e1sik pontban pedig \\u00e9vi\",\"inLanguage\":\"hu-HU\",\"isPartOf\":{\"@id\":\"https:\\\/\\\/allasorias.hu\\\/hirek\\\/#website\"},\"breadcrumb\":{\"@id\":\"https:\\\/\\\/allasorias.hu\\\/hirek\\\/legyen-kreativ-a-dolgozo\\\/#breadcrumblist\"},\"author\":{\"@id\":\"https:\\\/\\\/allasorias.hu\\\/hirek\\\/author\\\/admin-allasorias\\\/#author\"},\"creator\":{\"@id\":\"https:\\\/\\\/allasorias.hu\\\/hirek\\\/author\\\/admin-allasorias\\\/#author\"},\"image\":{\"@type\":\"ImageObject\",\"url\":\"https:\\\/\\\/allasorias.hu\\\/hirek\\\/wp-content\\\/uploads\\\/2019\\\/03\\\/pexels-photo-1270951.jpeg\",\"@id\":\"https:\\\/\\\/allasorias.hu\\\/hirek\\\/legyen-kreativ-a-dolgozo\\\/#mainImage\",\"width\":640,\"height\":497},\"primaryImageOfPage\":{\"@id\":\"https:\\\/\\\/allasorias.hu\\\/hirek\\\/legyen-kreativ-a-dolgozo\\\/#mainImage\"},\"datePublished\":\"2019-03-04T13:07:20+02:00\",\"dateModified\":\"2019-03-04T13:07:20+02:00\"},{\"@type\":\"WebSite\",\"@id\":\"https:\\\/\\\/allasorias.hu\\\/hirek\\\/#website\",\"url\":\"https:\\\/\\\/allasorias.hu\\\/hirek\\\/\",\"name\":\"AllasOrias.hu | H\\u00edrek-lapszemle\",\"description\":\"\\u00dczleti h\\u00edrek az \\u00e1ll\\u00e1s \\u00e9s a munka vil\\u00e1g\\u00e1b\\u00f3l\",\"inLanguage\":\"hu-HU\",\"publisher\":{\"@id\":\"https:\\\/\\\/allasorias.hu\\\/hirek\\\/#organization\"}}]}\n\t\t<\/script>\n\t\t<!-- All in One SEO -->\n\n","aioseo_head_json":{"title":"Legyen kreat\u00edv a dolgoz\u00f3 | AllasOrias.hu | H\u00edrek-lapszemle","description":"A Magyar nemzeti bank versenyk\u00e9pess\u00e9gi programot fogalmazott meg: a h\u00e1ztart\u00e1sok megtakar\u00edt\u00e1s\u00e1nak aktiviz\u00e1l\u00e1s\u00e1ra, a k\u00fclgazdas\u00e1gi, a munkaer\u0151piaci \u00e9s a demogr\u00e1fiai fordulat mellett a kis- \u00e9s k\u00f6z\u00e9pv\u00e1llalkoz\u00e1sok (kkv-k) versenyk\u00e9pess\u00e9g\u00e9nek jav\u00edt\u00e1s\u00e1ra. A Kossuth R\u00e1di\u00f3 \u00dctk\u00f6z\u0151 c\u00edm\u0171 m\u0171sor\u00e1ban Matolcsy Gy\u00f6rgy, a Magyar Nemzeti Bank \u00fajrav\u00e1lasztott eln\u00f6ke \u00e9vi 7 sz\u00e1zal\u00e9kos termel\u00e9kenys\u00e9gn\u00f6veked\u00e9st fogalmazott meg a kkv-szektorban, egy m\u00e1sik pontban pedig \u00e9vi","canonical_url":"https:\/\/allasorias.hu\/hirek\/legyen-kreativ-a-dolgozo\/","robots":"max-image-preview:large","keywords":"","webmasterTools":{"miscellaneous":""},"schema":{"@context":"https:\/\/schema.org","@graph":[{"@type":"Article","@id":"https:\/\/allasorias.hu\/hirek\/legyen-kreativ-a-dolgozo\/#article","name":"Legyen kreat\u00edv a dolgoz\u00f3 | AllasOrias.hu | H\u00edrek-lapszemle","headline":"Legyen kreat\u00edv a dolgoz\u00f3","author":{"@id":"https:\/\/allasorias.hu\/hirek\/author\/admin-allasorias\/#author"},"publisher":{"@id":"https:\/\/allasorias.hu\/hirek\/#organization"},"image":{"@type":"ImageObject","url":"https:\/\/allasorias.hu\/hirek\/wp-content\/uploads\/2019\/03\/pexels-photo-1270951.jpeg","width":640,"height":497},"datePublished":"2019-03-04T13:07:20+02:00","dateModified":"2019-03-04T13:07:20+02:00","inLanguage":"hu-HU","mainEntityOfPage":{"@id":"https:\/\/allasorias.hu\/hirek\/legyen-kreativ-a-dolgozo\/#webpage"},"isPartOf":{"@id":"https:\/\/allasorias.hu\/hirek\/legyen-kreativ-a-dolgozo\/#webpage"},"articleSection":"\u00c1ll\u00e1skeres\u00e9s, Munkaer\u0151piac"},{"@type":"BreadcrumbList","@id":"https:\/\/allasorias.hu\/hirek\/legyen-kreativ-a-dolgozo\/#breadcrumblist","itemListElement":[{"@type":"ListItem","@id":"https:\/\/allasorias.hu\/hirek#listItem","position":1,"name":"Home","item":"https:\/\/allasorias.hu\/hirek","nextItem":{"@type":"ListItem","@id":"https:\/\/allasorias.hu\/hirek\/temak\/allaskereses\/#listItem","name":"\u00c1ll\u00e1skeres\u00e9s"}},{"@type":"ListItem","@id":"https:\/\/allasorias.hu\/hirek\/temak\/allaskereses\/#listItem","position":2,"name":"\u00c1ll\u00e1skeres\u00e9s","item":"https:\/\/allasorias.hu\/hirek\/temak\/allaskereses\/","nextItem":{"@type":"ListItem","@id":"https:\/\/allasorias.hu\/hirek\/legyen-kreativ-a-dolgozo\/#listItem","name":"Legyen kreat\u00edv a dolgoz\u00f3"},"previousItem":{"@type":"ListItem","@id":"https:\/\/allasorias.hu\/hirek#listItem","name":"Home"}},{"@type":"ListItem","@id":"https:\/\/allasorias.hu\/hirek\/legyen-kreativ-a-dolgozo\/#listItem","position":3,"name":"Legyen kreat\u00edv a dolgoz\u00f3","previousItem":{"@type":"ListItem","@id":"https:\/\/allasorias.hu\/hirek\/temak\/allaskereses\/#listItem","name":"\u00c1ll\u00e1skeres\u00e9s"}}]},{"@type":"Organization","@id":"https:\/\/allasorias.hu\/hirek\/#organization","name":"AllasOrias.hu | H\u00edrek-lapszemle","description":"\u00dczleti h\u00edrek az \u00e1ll\u00e1s \u00e9s a munka vil\u00e1g\u00e1b\u00f3l","url":"https:\/\/allasorias.hu\/hirek\/","logo":{"@type":"ImageObject","url":"https:\/\/allasorias.hu\/hirek\/wp-content\/uploads\/2022\/10\/allasorias_site_facebok_logo.png","@id":"https:\/\/allasorias.hu\/hirek\/legyen-kreativ-a-dolgozo\/#organizationLogo"},"image":{"@id":"https:\/\/allasorias.hu\/hirek\/legyen-kreativ-a-dolgozo\/#organizationLogo"},"sameAs":["https:\/\/www.facebook.com\/allasorias","https:\/\/www.linkedin.com\/company\/allasorias"]},{"@type":"Person","@id":"https:\/\/allasorias.hu\/hirek\/author\/admin-allasorias\/#author","url":"https:\/\/allasorias.hu\/hirek\/author\/admin-allasorias\/","name":"Juh\u00e1sz P\u00e9ter","image":{"@type":"ImageObject","@id":"https:\/\/allasorias.hu\/hirek\/legyen-kreativ-a-dolgozo\/#authorImage","url":"https:\/\/secure.gravatar.com\/avatar\/36e6bcb83148978b992977cb0f54d22feb0cce8a0a849a9410532bb2623ba4c6?s=96&d=mm&r=g","width":96,"height":96,"caption":"Juh\u00e1sz P\u00e9ter"}},{"@type":"WebPage","@id":"https:\/\/allasorias.hu\/hirek\/legyen-kreativ-a-dolgozo\/#webpage","url":"https:\/\/allasorias.hu\/hirek\/legyen-kreativ-a-dolgozo\/","name":"Legyen kreat\u00edv a dolgoz\u00f3 | AllasOrias.hu | H\u00edrek-lapszemle","description":"A Magyar nemzeti bank versenyk\u00e9pess\u00e9gi programot fogalmazott meg: a h\u00e1ztart\u00e1sok megtakar\u00edt\u00e1s\u00e1nak aktiviz\u00e1l\u00e1s\u00e1ra, a k\u00fclgazdas\u00e1gi, a munkaer\u0151piaci \u00e9s a demogr\u00e1fiai fordulat mellett a kis- \u00e9s k\u00f6z\u00e9pv\u00e1llalkoz\u00e1sok (kkv-k) versenyk\u00e9pess\u00e9g\u00e9nek jav\u00edt\u00e1s\u00e1ra. A Kossuth R\u00e1di\u00f3 \u00dctk\u00f6z\u0151 c\u00edm\u0171 m\u0171sor\u00e1ban Matolcsy Gy\u00f6rgy, a Magyar Nemzeti Bank \u00fajrav\u00e1lasztott eln\u00f6ke \u00e9vi 7 sz\u00e1zal\u00e9kos termel\u00e9kenys\u00e9gn\u00f6veked\u00e9st fogalmazott meg a kkv-szektorban, egy m\u00e1sik pontban pedig \u00e9vi","inLanguage":"hu-HU","isPartOf":{"@id":"https:\/\/allasorias.hu\/hirek\/#website"},"breadcrumb":{"@id":"https:\/\/allasorias.hu\/hirek\/legyen-kreativ-a-dolgozo\/#breadcrumblist"},"author":{"@id":"https:\/\/allasorias.hu\/hirek\/author\/admin-allasorias\/#author"},"creator":{"@id":"https:\/\/allasorias.hu\/hirek\/author\/admin-allasorias\/#author"},"image":{"@type":"ImageObject","url":"https:\/\/allasorias.hu\/hirek\/wp-content\/uploads\/2019\/03\/pexels-photo-1270951.jpeg","@id":"https:\/\/allasorias.hu\/hirek\/legyen-kreativ-a-dolgozo\/#mainImage","width":640,"height":497},"primaryImageOfPage":{"@id":"https:\/\/allasorias.hu\/hirek\/legyen-kreativ-a-dolgozo\/#mainImage"},"datePublished":"2019-03-04T13:07:20+02:00","dateModified":"2019-03-04T13:07:20+02:00"},{"@type":"WebSite","@id":"https:\/\/allasorias.hu\/hirek\/#website","url":"https:\/\/allasorias.hu\/hirek\/","name":"AllasOrias.hu | H\u00edrek-lapszemle","description":"\u00dczleti h\u00edrek az \u00e1ll\u00e1s \u00e9s a munka vil\u00e1g\u00e1b\u00f3l","inLanguage":"hu-HU","publisher":{"@id":"https:\/\/allasorias.hu\/hirek\/#organization"}}]},"og:locale":"hu_HU","og:site_name":"AllasOrias.hu | H\u00edrek-lapszemle | \u00dczleti h\u00edrek az \u00e1ll\u00e1s \u00e9s a munka vil\u00e1g\u00e1b\u00f3l","og:type":"article","og:title":"Legyen kreat\u00edv a dolgoz\u00f3 | AllasOrias.hu | H\u00edrek-lapszemle","og:description":"A Magyar nemzeti bank versenyk\u00e9pess\u00e9gi programot fogalmazott meg: a h\u00e1ztart\u00e1sok megtakar\u00edt\u00e1s\u00e1nak aktiviz\u00e1l\u00e1s\u00e1ra, a k\u00fclgazdas\u00e1gi, a munkaer\u0151piaci \u00e9s a demogr\u00e1fiai fordulat mellett a kis- \u00e9s k\u00f6z\u00e9pv\u00e1llalkoz\u00e1sok (kkv-k) versenyk\u00e9pess\u00e9g\u00e9nek jav\u00edt\u00e1s\u00e1ra. A Kossuth R\u00e1di\u00f3 \u00dctk\u00f6z\u0151 c\u00edm\u0171 m\u0171sor\u00e1ban Matolcsy Gy\u00f6rgy, a Magyar Nemzeti Bank \u00fajrav\u00e1lasztott eln\u00f6ke \u00e9vi 7 sz\u00e1zal\u00e9kos termel\u00e9kenys\u00e9gn\u00f6veked\u00e9st fogalmazott meg a kkv-szektorban, egy m\u00e1sik pontban pedig \u00e9vi","og:url":"https:\/\/allasorias.hu\/hirek\/legyen-kreativ-a-dolgozo\/","og:image":"https:\/\/allasorias.hu\/hirek\/wp-content\/uploads\/2019\/03\/pexels-photo-1270951.jpeg","og:image:secure_url":"https:\/\/allasorias.hu\/hirek\/wp-content\/uploads\/2019\/03\/pexels-photo-1270951.jpeg","og:image:width":640,"og:image:height":497,"article:published_time":"2019-03-04T13:07:20+00:00","article:modified_time":"2019-03-04T13:07:20+00:00","article:publisher":"https:\/\/www.facebook.com\/allasorias","twitter:card":"summary_large_image","twitter:title":"Legyen kreat\u00edv a dolgoz\u00f3 | AllasOrias.hu | H\u00edrek-lapszemle","twitter:description":"A Magyar nemzeti bank versenyk\u00e9pess\u00e9gi programot fogalmazott meg: a h\u00e1ztart\u00e1sok megtakar\u00edt\u00e1s\u00e1nak aktiviz\u00e1l\u00e1s\u00e1ra, a k\u00fclgazdas\u00e1gi, a munkaer\u0151piaci \u00e9s a demogr\u00e1fiai fordulat mellett a kis- \u00e9s k\u00f6z\u00e9pv\u00e1llalkoz\u00e1sok (kkv-k) versenyk\u00e9pess\u00e9g\u00e9nek jav\u00edt\u00e1s\u00e1ra. A Kossuth R\u00e1di\u00f3 \u00dctk\u00f6z\u0151 c\u00edm\u0171 m\u0171sor\u00e1ban Matolcsy Gy\u00f6rgy, a Magyar Nemzeti Bank \u00fajrav\u00e1lasztott eln\u00f6ke \u00e9vi 7 sz\u00e1zal\u00e9kos termel\u00e9kenys\u00e9gn\u00f6veked\u00e9st fogalmazott meg a kkv-szektorban, egy m\u00e1sik pontban pedig \u00e9vi","twitter:image":"https:\/\/allasorias.hu\/hirek\/wp-content\/uploads\/2019\/03\/pexels-photo-1270951.jpeg","twitter:label1":"Written by","twitter:data1":"Juh\u00e1sz P\u00e9ter","twitter:label2":"Est. reading time","twitter:data2":"2 minutes"},"aioseo_meta_data":{"post_id":"2613","title":null,"description":null,"keywords":null,"keyphrases":null,"primary_term":null,"canonical_url":null,"og_title":null,"og_description":null,"og_object_type":"default","og_image_type":"default","og_image_url":null,"og_image_width":null,"og_image_height":null,"og_image_custom_url":null,"og_image_custom_fields":null,"og_video":null,"og_custom_url":null,"og_article_section":null,"og_article_tags":null,"twitter_use_og":false,"twitter_card":"default","twitter_image_type":"default","twitter_image_url":null,"twitter_image_custom_url":null,"twitter_image_custom_fields":null,"twitter_title":null,"twitter_description":null,"schema":{"blockGraphs":[],"customGraphs":[],"default":{"data":{"Article":[],"Course":[],"Dataset":[],"FAQPage":[],"Movie":[],"Person":[],"Product":[],"ProductReview":[],"Car":[],"Recipe":[],"Service":[],"SoftwareApplication":[],"WebPage":[]},"graphName":"","isEnabled":true},"graphs":[],"defaultGraph":"","defaultPostTypeGraph":""},"schema_type":null,"schema_type_options":null,"pillar_content":false,"robots_default":true,"robots_noindex":false,"robots_noarchive":false,"robots_nosnippet":false,"robots_nofollow":false,"robots_noimageindex":false,"robots_noodp":false,"robots_notranslate":false,"robots_max_snippet":null,"robots_max_videopreview":null,"robots_max_imagepreview":"large","priority":null,"frequency":null,"location":null,"local_seo":null,"breadcrumb_settings":null,"limit_modified_date":false,"ai":null,"created":"2021-02-01 21:13:45","updated":"2025-10-02 10:09:12","seo_analyzer_scan_date":null,"focus_keyword":null,"additional_keywords":null,"truseo_locale":null},"aioseo_breadcrumb":"<div class=\"aioseo-breadcrumbs\"><span class=\"aioseo-breadcrumb\">\n\t\t\t<a href=\"https:\/\/allasorias.hu\/hirek\" title=\"Home\">Home<\/a>\n\t\t<\/span><span class=\"aioseo-breadcrumb-separator\">&raquo;<\/span><span class=\"aioseo-breadcrumb\">\n\t\t\t<a href=\"https:\/\/allasorias.hu\/hirek\/temak\/allaskereses\/\" title=\"\u00c1ll\u00e1skeres\u00e9s\">\u00c1ll\u00e1skeres\u00e9s<\/a>\n\t\t<\/span><span class=\"aioseo-breadcrumb-separator\">&raquo;<\/span><span class=\"aioseo-breadcrumb\">\n\t\t\tLegyen kreat\u00edv a dolgoz\u00f3\n\t\t<\/span><\/div>","aioseo_breadcrumb_json":[{"label":"Home","link":"https:\/\/allasorias.hu\/hirek"},{"label":"\u00c1ll\u00e1skeres\u00e9s","link":"https:\/\/allasorias.hu\/hirek\/temak\/allaskereses\/"},{"label":"Legyen kreat\u00edv a dolgoz\u00f3","link":"https:\/\/allasorias.hu\/hirek\/legyen-kreativ-a-dolgozo\/"}],"_links":{"self":[{"href":"https:\/\/allasorias.hu\/hirek\/wp-json\/wp\/v2\/posts\/2613","targetHints":{"allow":["GET"]}}],"collection":[{"href":"https:\/\/allasorias.hu\/hirek\/wp-json\/wp\/v2\/posts"}],"about":[{"href":"https:\/\/allasorias.hu\/hirek\/wp-json\/wp\/v2\/types\/post"}],"author":[{"embeddable":true,"href":"https:\/\/allasorias.hu\/hirek\/wp-json\/wp\/v2\/users\/1"}],"replies":[{"embeddable":true,"href":"https:\/\/allasorias.hu\/hirek\/wp-json\/wp\/v2\/comments?post=2613"}],"version-history":[{"count":1,"href":"https:\/\/allasorias.hu\/hirek\/wp-json\/wp\/v2\/posts\/2613\/revisions"}],"predecessor-version":[{"id":2615,"href":"https:\/\/allasorias.hu\/hirek\/wp-json\/wp\/v2\/posts\/2613\/revisions\/2615"}],"wp:featuredmedia":[{"embeddable":true,"href":"https:\/\/allasorias.hu\/hirek\/wp-json\/wp\/v2\/media\/2614"}],"wp:attachment":[{"href":"https:\/\/allasorias.hu\/hirek\/wp-json\/wp\/v2\/media?parent=2613"}],"wp:term":[{"taxonomy":"category","embeddable":true,"href":"https:\/\/allasorias.hu\/hirek\/wp-json\/wp\/v2\/categories?post=2613"},{"taxonomy":"post_tag","embeddable":true,"href":"https:\/\/allasorias.hu\/hirek\/wp-json\/wp\/v2\/tags?post=2613"}],"curies":[{"name":"wp","href":"https:\/\/api.w.org\/{rel}","templated":true}]}}