{"id":2575,"date":"2019-02-21T08:28:44","date_gmt":"2019-02-21T08:28:44","guid":{"rendered":"https:\/\/allasorias.hu\/hirek\/?p=2575"},"modified":"2019-02-21T08:28:44","modified_gmt":"2019-02-21T08:28:44","slug":"hazankban-a-felnottkepzes-elkerulhetetlen","status":"publish","type":"post","link":"https:\/\/allasorias.hu\/hirek\/hazankban-a-felnottkepzes-elkerulhetetlen\/","title":{"rendered":"Haz\u00e1nkban a feln\u0151ttk\u00e9pz\u00e9s elker\u00fclhetetlen"},"content":{"rendered":"<p><strong>Kiszor\u00edthatj\u00e1k a robotok a munkav\u00e1llal\u00f3kat a munkaer\u0151piacr\u00f3l, amennyiben nem tartanak l\u00e9p\u00e9st az ig\u00e9nyekkel \u2013 ez der\u00fcl ki Az OECD friss jelent\u00e9s\u00e9b\u0151l. Amikor a jelenlegi dolgoz\u00f3kat k\u00e9pezt\u00e9k nem voltak m\u00e9g olyan munkak\u00f6r\u00f6k, amelyek id\u0151k\u00f6zben megjelentek, \u00edgy egyre ink\u00e1bb arra lenne sz\u00fcks\u00e9g, hogy a munkav\u00e1llal\u00f3k folytass\u00e1k a tanul\u00e1st a p\u00e1ly\u00e1juk sor\u00e1n is. <\/strong><\/p>\n<p>A szakemberek szerint aki nem k\u00e9pzi mag\u00e1t folyamatosan, kiszorul a piacr\u00f3l. A kutat\u00e1s szerint \u00f6tb\u0151l csak k\u00e9t feln\u0151tt vesz r\u00e9szt k\u00e9pz\u00e9sben, a diplom\u00e1sok azonban h\u00e1romszor sz\u00edvesebben tr\u00e9ningezik magukat tov\u00e1bb, mint az alulk\u00e9pzett munkav\u00e1llal\u00f3k. Az OECD elemz\u00e9se szerint h\u00e9tb\u0151l egyel\u0151re csak egy munkak\u00f6rt fenyeget az, hogy a robotok teljesen \u00e1tveszik az emberek hely\u00e9t. K\u00fcl\u00f6n\u00f6sen az eur\u00f3pai orsz\u00e1gokban probl\u00e9ma az, hogy a tov\u00e1bbk\u00e9pz\u00e9s, ami k\u00f6telez\u0151en be van \u00e9p\u00edtve a munkav\u00e1llal\u00f3k \u00e9let\u00e9be, nem fedi a munkaer\u0151piaci ig\u00e9nyeket. Magyarorsz\u00e1g egyel\u0151re m\u00e9g nincsen azok k\u00f6z\u00f6tt az orsz\u00e1gok k\u00f6zt, ahol a munkav\u00e1llal\u00f3kat a fenyegetn\u00e9 az, hogy nem tudnak l\u00e9p\u00e9st tartani az elv\u00e1r\u00e1sokkal.<\/p>\n<p>&nbsp;<\/p>\n<p><em>Forr\u00e1s: hrportal.hu<\/em><\/p>\n","protected":false},"excerpt":{"rendered":"<p>Kiszor\u00edthatj\u00e1k a robotok a munkav\u00e1llal\u00f3kat a munkaer\u0151piacr\u00f3l, amennyiben nem tartanak l\u00e9p\u00e9st az ig\u00e9nyekkel \u2013 ez der\u00fcl ki Az OECD friss jelent\u00e9s\u00e9b\u0151l. Amikor a jelenlegi dolgoz\u00f3kat k\u00e9pezt\u00e9k nem voltak m\u00e9g olyan munkak\u00f6r\u00f6k, amelyek id\u0151k\u00f6zben megjelentek, \u00edgy egyre ink\u00e1bb arra lenne sz\u00fcks\u00e9g, hogy a munkav\u00e1llal\u00f3k folytass\u00e1k a tanul\u00e1st a p\u00e1ly\u00e1juk sor\u00e1n is. A szakemberek szerint aki nem [&hellip;]<\/p>\n","protected":false},"author":1,"featured_media":2576,"comment_status":"open","ping_status":"open","sticky":false,"template":"","format":"standard","meta":{"_monsterinsights_skip_tracking":false,"footnotes":""},"categories":[198,200],"tags":[],"class_list":["post-2575","post","type-post","status-publish","format-standard","has-post-thumbnail","hentry","category-gazdasag","category-munkaeropiac"],"aioseo_notices":[],"aioseo_head":"\n\t\t<!-- All in One SEO 5.0.0.1 - aioseo.com -->\n\t<meta name=\"description\" content=\"Kiszor\u00edthatj\u00e1k a robotok a munkav\u00e1llal\u00f3kat a munkaer\u0151piacr\u00f3l, amennyiben nem tartanak l\u00e9p\u00e9st az ig\u00e9nyekkel \u2013 ez der\u00fcl ki Az OECD friss jelent\u00e9s\u00e9b\u0151l. Amikor a jelenlegi dolgoz\u00f3kat k\u00e9pezt\u00e9k nem voltak m\u00e9g olyan munkak\u00f6r\u00f6k, amelyek id\u0151k\u00f6zben megjelentek, \u00edgy egyre ink\u00e1bb arra lenne sz\u00fcks\u00e9g, hogy a munkav\u00e1llal\u00f3k folytass\u00e1k a tanul\u00e1st a p\u00e1ly\u00e1juk sor\u00e1n is. A szakemberek szerint aki nem\" \/>\n\t<meta name=\"robots\" content=\"max-image-preview:large\" \/>\n\t<meta name=\"author\" content=\"Juh\u00e1sz P\u00e9ter\"\/>\n\t<link rel=\"canonical\" href=\"https:\/\/allasorias.hu\/hirek\/hazankban-a-felnottkepzes-elkerulhetetlen\/\" \/>\n\t<meta name=\"generator\" content=\"All in One SEO (AIOSEO) 5.0.0.1\" \/>\n\t\t<meta property=\"og:locale\" content=\"hu_HU\" \/>\n\t\t<meta property=\"og:site_name\" content=\"AllasOrias.hu | H\u00edrek-lapszemle | \u00dczleti h\u00edrek az \u00e1ll\u00e1s \u00e9s a munka vil\u00e1g\u00e1b\u00f3l\" \/>\n\t\t<meta property=\"og:type\" content=\"article\" \/>\n\t\t<meta property=\"og:title\" content=\"Haz\u00e1nkban a feln\u0151ttk\u00e9pz\u00e9s elker\u00fclhetetlen | AllasOrias.hu | H\u00edrek-lapszemle\" \/>\n\t\t<meta property=\"og:description\" content=\"Kiszor\u00edthatj\u00e1k a robotok a munkav\u00e1llal\u00f3kat a munkaer\u0151piacr\u00f3l, amennyiben nem tartanak l\u00e9p\u00e9st az ig\u00e9nyekkel \u2013 ez der\u00fcl ki Az OECD friss jelent\u00e9s\u00e9b\u0151l. Amikor a jelenlegi dolgoz\u00f3kat k\u00e9pezt\u00e9k nem voltak m\u00e9g olyan munkak\u00f6r\u00f6k, amelyek id\u0151k\u00f6zben megjelentek, \u00edgy egyre ink\u00e1bb arra lenne sz\u00fcks\u00e9g, hogy a munkav\u00e1llal\u00f3k folytass\u00e1k a tanul\u00e1st a p\u00e1ly\u00e1juk sor\u00e1n is. A szakemberek szerint aki nem\" \/>\n\t\t<meta property=\"og:url\" content=\"https:\/\/allasorias.hu\/hirek\/hazankban-a-felnottkepzes-elkerulhetetlen\/\" \/>\n\t\t<meta property=\"og:image\" content=\"https:\/\/allasorias.hu\/hirek\/wp-content\/uploads\/2019\/02\/pexels-photo-942419.jpeg\" \/>\n\t\t<meta property=\"og:image:secure_url\" content=\"https:\/\/allasorias.hu\/hirek\/wp-content\/uploads\/2019\/02\/pexels-photo-942419.jpeg\" \/>\n\t\t<meta property=\"og:image:width\" content=\"640\" \/>\n\t\t<meta property=\"og:image:height\" content=\"425\" \/>\n\t\t<meta property=\"article:published_time\" content=\"2019-02-21T08:28:44+00:00\" \/>\n\t\t<meta property=\"article:modified_time\" content=\"2019-02-21T08:28:44+00:00\" \/>\n\t\t<meta property=\"article:publisher\" content=\"https:\/\/www.facebook.com\/allasorias\" \/>\n\t\t<meta name=\"twitter:card\" content=\"summary_large_image\" \/>\n\t\t<meta name=\"twitter:title\" content=\"Haz\u00e1nkban a feln\u0151ttk\u00e9pz\u00e9s elker\u00fclhetetlen | AllasOrias.hu | H\u00edrek-lapszemle\" \/>\n\t\t<meta name=\"twitter:description\" content=\"Kiszor\u00edthatj\u00e1k a robotok a munkav\u00e1llal\u00f3kat a munkaer\u0151piacr\u00f3l, amennyiben nem tartanak l\u00e9p\u00e9st az ig\u00e9nyekkel \u2013 ez der\u00fcl ki Az OECD friss jelent\u00e9s\u00e9b\u0151l. Amikor a jelenlegi dolgoz\u00f3kat k\u00e9pezt\u00e9k nem voltak m\u00e9g olyan munkak\u00f6r\u00f6k, amelyek id\u0151k\u00f6zben megjelentek, \u00edgy egyre ink\u00e1bb arra lenne sz\u00fcks\u00e9g, hogy a munkav\u00e1llal\u00f3k folytass\u00e1k a tanul\u00e1st a p\u00e1ly\u00e1juk sor\u00e1n is. A szakemberek szerint aki nem\" \/>\n\t\t<meta name=\"twitter:image\" content=\"https:\/\/allasorias.hu\/hirek\/wp-content\/uploads\/2019\/02\/pexels-photo-942419.jpeg\" \/>\n\t\t<meta name=\"twitter:label1\" content=\"Written by\" \/>\n\t\t<meta name=\"twitter:data1\" content=\"Juh\u00e1sz P\u00e9ter\" \/>\n\t\t<meta name=\"twitter:label2\" content=\"Est. reading time\" \/>\n\t\t<meta name=\"twitter:data2\" content=\"1 minute\" \/>\n\t\t<script type=\"application\/ld+json\" class=\"aioseo-schema\">\n\t\t\t{\"@context\":\"https:\\\/\\\/schema.org\",\"@graph\":[{\"@type\":\"Article\",\"@id\":\"https:\\\/\\\/allasorias.hu\\\/hirek\\\/hazankban-a-felnottkepzes-elkerulhetetlen\\\/#article\",\"name\":\"Haz\\u00e1nkban a feln\\u0151ttk\\u00e9pz\\u00e9s elker\\u00fclhetetlen | AllasOrias.hu | H\\u00edrek-lapszemle\",\"headline\":\"Haz\\u00e1nkban a feln\\u0151ttk\\u00e9pz\\u00e9s elker\\u00fclhetetlen\",\"author\":{\"@id\":\"https:\\\/\\\/allasorias.hu\\\/hirek\\\/author\\\/admin-allasorias\\\/#author\"},\"publisher\":{\"@id\":\"https:\\\/\\\/allasorias.hu\\\/hirek\\\/#organization\"},\"image\":{\"@type\":\"ImageObject\",\"url\":\"https:\\\/\\\/allasorias.hu\\\/hirek\\\/wp-content\\\/uploads\\\/2019\\\/02\\\/pexels-photo-942419.jpeg\",\"width\":640,\"height\":425},\"datePublished\":\"2019-02-21T08:28:44+02:00\",\"dateModified\":\"2019-02-21T08:28:44+02:00\",\"inLanguage\":\"hu-HU\",\"mainEntityOfPage\":{\"@id\":\"https:\\\/\\\/allasorias.hu\\\/hirek\\\/hazankban-a-felnottkepzes-elkerulhetetlen\\\/#webpage\"},\"isPartOf\":{\"@id\":\"https:\\\/\\\/allasorias.hu\\\/hirek\\\/hazankban-a-felnottkepzes-elkerulhetetlen\\\/#webpage\"},\"articleSection\":\"Gazdas\\u00e1g, Munkaer\\u0151piac\"},{\"@type\":\"BreadcrumbList\",\"@id\":\"https:\\\/\\\/allasorias.hu\\\/hirek\\\/hazankban-a-felnottkepzes-elkerulhetetlen\\\/#breadcrumblist\",\"itemListElement\":[{\"@type\":\"ListItem\",\"@id\":\"https:\\\/\\\/allasorias.hu\\\/hirek#listItem\",\"position\":1,\"name\":\"Home\",\"item\":\"https:\\\/\\\/allasorias.hu\\\/hirek\",\"nextItem\":{\"@type\":\"ListItem\",\"@id\":\"https:\\\/\\\/allasorias.hu\\\/hirek\\\/temak\\\/gazdasag\\\/#listItem\",\"name\":\"Gazdas\\u00e1g\"}},{\"@type\":\"ListItem\",\"@id\":\"https:\\\/\\\/allasorias.hu\\\/hirek\\\/temak\\\/gazdasag\\\/#listItem\",\"position\":2,\"name\":\"Gazdas\\u00e1g\",\"item\":\"https:\\\/\\\/allasorias.hu\\\/hirek\\\/temak\\\/gazdasag\\\/\",\"nextItem\":{\"@type\":\"ListItem\",\"@id\":\"https:\\\/\\\/allasorias.hu\\\/hirek\\\/hazankban-a-felnottkepzes-elkerulhetetlen\\\/#listItem\",\"name\":\"Haz\\u00e1nkban a feln\\u0151ttk\\u00e9pz\\u00e9s elker\\u00fclhetetlen\"},\"previousItem\":{\"@type\":\"ListItem\",\"@id\":\"https:\\\/\\\/allasorias.hu\\\/hirek#listItem\",\"name\":\"Home\"}},{\"@type\":\"ListItem\",\"@id\":\"https:\\\/\\\/allasorias.hu\\\/hirek\\\/hazankban-a-felnottkepzes-elkerulhetetlen\\\/#listItem\",\"position\":3,\"name\":\"Haz\\u00e1nkban a feln\\u0151ttk\\u00e9pz\\u00e9s elker\\u00fclhetetlen\",\"previousItem\":{\"@type\":\"ListItem\",\"@id\":\"https:\\\/\\\/allasorias.hu\\\/hirek\\\/temak\\\/gazdasag\\\/#listItem\",\"name\":\"Gazdas\\u00e1g\"}}]},{\"@type\":\"Organization\",\"@id\":\"https:\\\/\\\/allasorias.hu\\\/hirek\\\/#organization\",\"name\":\"AllasOrias.hu | H\\u00edrek-lapszemle\",\"description\":\"\\u00dczleti h\\u00edrek az \\u00e1ll\\u00e1s \\u00e9s a munka vil\\u00e1g\\u00e1b\\u00f3l\",\"url\":\"https:\\\/\\\/allasorias.hu\\\/hirek\\\/\",\"logo\":{\"@type\":\"ImageObject\",\"url\":\"https:\\\/\\\/allasorias.hu\\\/hirek\\\/wp-content\\\/uploads\\\/2022\\\/10\\\/allasorias_site_facebok_logo.png\",\"@id\":\"https:\\\/\\\/allasorias.hu\\\/hirek\\\/hazankban-a-felnottkepzes-elkerulhetetlen\\\/#organizationLogo\"},\"image\":{\"@id\":\"https:\\\/\\\/allasorias.hu\\\/hirek\\\/hazankban-a-felnottkepzes-elkerulhetetlen\\\/#organizationLogo\"},\"sameAs\":[\"https:\\\/\\\/www.facebook.com\\\/allasorias\",\"https:\\\/\\\/www.linkedin.com\\\/company\\\/allasorias\"]},{\"@type\":\"Person\",\"@id\":\"https:\\\/\\\/allasorias.hu\\\/hirek\\\/author\\\/admin-allasorias\\\/#author\",\"url\":\"https:\\\/\\\/allasorias.hu\\\/hirek\\\/author\\\/admin-allasorias\\\/\",\"name\":\"Juh\\u00e1sz P\\u00e9ter\",\"image\":{\"@type\":\"ImageObject\",\"@id\":\"https:\\\/\\\/allasorias.hu\\\/hirek\\\/hazankban-a-felnottkepzes-elkerulhetetlen\\\/#authorImage\",\"url\":\"https:\\\/\\\/secure.gravatar.com\\\/avatar\\\/36e6bcb83148978b992977cb0f54d22feb0cce8a0a849a9410532bb2623ba4c6?s=96&d=mm&r=g\",\"width\":96,\"height\":96,\"caption\":\"Juh\\u00e1sz P\\u00e9ter\"}},{\"@type\":\"WebPage\",\"@id\":\"https:\\\/\\\/allasorias.hu\\\/hirek\\\/hazankban-a-felnottkepzes-elkerulhetetlen\\\/#webpage\",\"url\":\"https:\\\/\\\/allasorias.hu\\\/hirek\\\/hazankban-a-felnottkepzes-elkerulhetetlen\\\/\",\"name\":\"Haz\\u00e1nkban a feln\\u0151ttk\\u00e9pz\\u00e9s elker\\u00fclhetetlen | AllasOrias.hu | H\\u00edrek-lapszemle\",\"description\":\"Kiszor\\u00edthatj\\u00e1k a robotok a munkav\\u00e1llal\\u00f3kat a munkaer\\u0151piacr\\u00f3l, amennyiben nem tartanak l\\u00e9p\\u00e9st az ig\\u00e9nyekkel \\u2013 ez der\\u00fcl ki Az OECD friss jelent\\u00e9s\\u00e9b\\u0151l. Amikor a jelenlegi dolgoz\\u00f3kat k\\u00e9pezt\\u00e9k nem voltak m\\u00e9g olyan munkak\\u00f6r\\u00f6k, amelyek id\\u0151k\\u00f6zben megjelentek, \\u00edgy egyre ink\\u00e1bb arra lenne sz\\u00fcks\\u00e9g, hogy a munkav\\u00e1llal\\u00f3k folytass\\u00e1k a tanul\\u00e1st a p\\u00e1ly\\u00e1juk sor\\u00e1n is. A szakemberek szerint aki nem\",\"inLanguage\":\"hu-HU\",\"isPartOf\":{\"@id\":\"https:\\\/\\\/allasorias.hu\\\/hirek\\\/#website\"},\"breadcrumb\":{\"@id\":\"https:\\\/\\\/allasorias.hu\\\/hirek\\\/hazankban-a-felnottkepzes-elkerulhetetlen\\\/#breadcrumblist\"},\"author\":{\"@id\":\"https:\\\/\\\/allasorias.hu\\\/hirek\\\/author\\\/admin-allasorias\\\/#author\"},\"creator\":{\"@id\":\"https:\\\/\\\/allasorias.hu\\\/hirek\\\/author\\\/admin-allasorias\\\/#author\"},\"image\":{\"@type\":\"ImageObject\",\"url\":\"https:\\\/\\\/allasorias.hu\\\/hirek\\\/wp-content\\\/uploads\\\/2019\\\/02\\\/pexels-photo-942419.jpeg\",\"@id\":\"https:\\\/\\\/allasorias.hu\\\/hirek\\\/hazankban-a-felnottkepzes-elkerulhetetlen\\\/#mainImage\",\"width\":640,\"height\":425},\"primaryImageOfPage\":{\"@id\":\"https:\\\/\\\/allasorias.hu\\\/hirek\\\/hazankban-a-felnottkepzes-elkerulhetetlen\\\/#mainImage\"},\"datePublished\":\"2019-02-21T08:28:44+02:00\",\"dateModified\":\"2019-02-21T08:28:44+02:00\"},{\"@type\":\"WebSite\",\"@id\":\"https:\\\/\\\/allasorias.hu\\\/hirek\\\/#website\",\"url\":\"https:\\\/\\\/allasorias.hu\\\/hirek\\\/\",\"name\":\"AllasOrias.hu | H\\u00edrek-lapszemle\",\"description\":\"\\u00dczleti h\\u00edrek az \\u00e1ll\\u00e1s \\u00e9s a munka vil\\u00e1g\\u00e1b\\u00f3l\",\"inLanguage\":\"hu-HU\",\"publisher\":{\"@id\":\"https:\\\/\\\/allasorias.hu\\\/hirek\\\/#organization\"}}]}\n\t\t<\/script>\n\t\t<!-- All in One SEO -->\n\n","aioseo_head_json":{"title":"Haz\u00e1nkban a feln\u0151ttk\u00e9pz\u00e9s elker\u00fclhetetlen | AllasOrias.hu | H\u00edrek-lapszemle","description":"Kiszor\u00edthatj\u00e1k a robotok a munkav\u00e1llal\u00f3kat a munkaer\u0151piacr\u00f3l, amennyiben nem tartanak l\u00e9p\u00e9st az ig\u00e9nyekkel \u2013 ez der\u00fcl ki Az OECD friss jelent\u00e9s\u00e9b\u0151l. Amikor a jelenlegi dolgoz\u00f3kat k\u00e9pezt\u00e9k nem voltak m\u00e9g olyan munkak\u00f6r\u00f6k, amelyek id\u0151k\u00f6zben megjelentek, \u00edgy egyre ink\u00e1bb arra lenne sz\u00fcks\u00e9g, hogy a munkav\u00e1llal\u00f3k folytass\u00e1k a tanul\u00e1st a p\u00e1ly\u00e1juk sor\u00e1n is. A szakemberek szerint aki nem","canonical_url":"https:\/\/allasorias.hu\/hirek\/hazankban-a-felnottkepzes-elkerulhetetlen\/","robots":"max-image-preview:large","keywords":"","webmasterTools":{"miscellaneous":""},"schema":{"@context":"https:\/\/schema.org","@graph":[{"@type":"Article","@id":"https:\/\/allasorias.hu\/hirek\/hazankban-a-felnottkepzes-elkerulhetetlen\/#article","name":"Haz\u00e1nkban a feln\u0151ttk\u00e9pz\u00e9s elker\u00fclhetetlen | AllasOrias.hu | H\u00edrek-lapszemle","headline":"Haz\u00e1nkban a feln\u0151ttk\u00e9pz\u00e9s elker\u00fclhetetlen","author":{"@id":"https:\/\/allasorias.hu\/hirek\/author\/admin-allasorias\/#author"},"publisher":{"@id":"https:\/\/allasorias.hu\/hirek\/#organization"},"image":{"@type":"ImageObject","url":"https:\/\/allasorias.hu\/hirek\/wp-content\/uploads\/2019\/02\/pexels-photo-942419.jpeg","width":640,"height":425},"datePublished":"2019-02-21T08:28:44+02:00","dateModified":"2019-02-21T08:28:44+02:00","inLanguage":"hu-HU","mainEntityOfPage":{"@id":"https:\/\/allasorias.hu\/hirek\/hazankban-a-felnottkepzes-elkerulhetetlen\/#webpage"},"isPartOf":{"@id":"https:\/\/allasorias.hu\/hirek\/hazankban-a-felnottkepzes-elkerulhetetlen\/#webpage"},"articleSection":"Gazdas\u00e1g, Munkaer\u0151piac"},{"@type":"BreadcrumbList","@id":"https:\/\/allasorias.hu\/hirek\/hazankban-a-felnottkepzes-elkerulhetetlen\/#breadcrumblist","itemListElement":[{"@type":"ListItem","@id":"https:\/\/allasorias.hu\/hirek#listItem","position":1,"name":"Home","item":"https:\/\/allasorias.hu\/hirek","nextItem":{"@type":"ListItem","@id":"https:\/\/allasorias.hu\/hirek\/temak\/gazdasag\/#listItem","name":"Gazdas\u00e1g"}},{"@type":"ListItem","@id":"https:\/\/allasorias.hu\/hirek\/temak\/gazdasag\/#listItem","position":2,"name":"Gazdas\u00e1g","item":"https:\/\/allasorias.hu\/hirek\/temak\/gazdasag\/","nextItem":{"@type":"ListItem","@id":"https:\/\/allasorias.hu\/hirek\/hazankban-a-felnottkepzes-elkerulhetetlen\/#listItem","name":"Haz\u00e1nkban a feln\u0151ttk\u00e9pz\u00e9s elker\u00fclhetetlen"},"previousItem":{"@type":"ListItem","@id":"https:\/\/allasorias.hu\/hirek#listItem","name":"Home"}},{"@type":"ListItem","@id":"https:\/\/allasorias.hu\/hirek\/hazankban-a-felnottkepzes-elkerulhetetlen\/#listItem","position":3,"name":"Haz\u00e1nkban a feln\u0151ttk\u00e9pz\u00e9s elker\u00fclhetetlen","previousItem":{"@type":"ListItem","@id":"https:\/\/allasorias.hu\/hirek\/temak\/gazdasag\/#listItem","name":"Gazdas\u00e1g"}}]},{"@type":"Organization","@id":"https:\/\/allasorias.hu\/hirek\/#organization","name":"AllasOrias.hu | H\u00edrek-lapszemle","description":"\u00dczleti h\u00edrek az \u00e1ll\u00e1s \u00e9s a munka vil\u00e1g\u00e1b\u00f3l","url":"https:\/\/allasorias.hu\/hirek\/","logo":{"@type":"ImageObject","url":"https:\/\/allasorias.hu\/hirek\/wp-content\/uploads\/2022\/10\/allasorias_site_facebok_logo.png","@id":"https:\/\/allasorias.hu\/hirek\/hazankban-a-felnottkepzes-elkerulhetetlen\/#organizationLogo"},"image":{"@id":"https:\/\/allasorias.hu\/hirek\/hazankban-a-felnottkepzes-elkerulhetetlen\/#organizationLogo"},"sameAs":["https:\/\/www.facebook.com\/allasorias","https:\/\/www.linkedin.com\/company\/allasorias"]},{"@type":"Person","@id":"https:\/\/allasorias.hu\/hirek\/author\/admin-allasorias\/#author","url":"https:\/\/allasorias.hu\/hirek\/author\/admin-allasorias\/","name":"Juh\u00e1sz P\u00e9ter","image":{"@type":"ImageObject","@id":"https:\/\/allasorias.hu\/hirek\/hazankban-a-felnottkepzes-elkerulhetetlen\/#authorImage","url":"https:\/\/secure.gravatar.com\/avatar\/36e6bcb83148978b992977cb0f54d22feb0cce8a0a849a9410532bb2623ba4c6?s=96&d=mm&r=g","width":96,"height":96,"caption":"Juh\u00e1sz P\u00e9ter"}},{"@type":"WebPage","@id":"https:\/\/allasorias.hu\/hirek\/hazankban-a-felnottkepzes-elkerulhetetlen\/#webpage","url":"https:\/\/allasorias.hu\/hirek\/hazankban-a-felnottkepzes-elkerulhetetlen\/","name":"Haz\u00e1nkban a feln\u0151ttk\u00e9pz\u00e9s elker\u00fclhetetlen | AllasOrias.hu | H\u00edrek-lapszemle","description":"Kiszor\u00edthatj\u00e1k a robotok a munkav\u00e1llal\u00f3kat a munkaer\u0151piacr\u00f3l, amennyiben nem tartanak l\u00e9p\u00e9st az ig\u00e9nyekkel \u2013 ez der\u00fcl ki Az OECD friss jelent\u00e9s\u00e9b\u0151l. Amikor a jelenlegi dolgoz\u00f3kat k\u00e9pezt\u00e9k nem voltak m\u00e9g olyan munkak\u00f6r\u00f6k, amelyek id\u0151k\u00f6zben megjelentek, \u00edgy egyre ink\u00e1bb arra lenne sz\u00fcks\u00e9g, hogy a munkav\u00e1llal\u00f3k folytass\u00e1k a tanul\u00e1st a p\u00e1ly\u00e1juk sor\u00e1n is. A szakemberek szerint aki nem","inLanguage":"hu-HU","isPartOf":{"@id":"https:\/\/allasorias.hu\/hirek\/#website"},"breadcrumb":{"@id":"https:\/\/allasorias.hu\/hirek\/hazankban-a-felnottkepzes-elkerulhetetlen\/#breadcrumblist"},"author":{"@id":"https:\/\/allasorias.hu\/hirek\/author\/admin-allasorias\/#author"},"creator":{"@id":"https:\/\/allasorias.hu\/hirek\/author\/admin-allasorias\/#author"},"image":{"@type":"ImageObject","url":"https:\/\/allasorias.hu\/hirek\/wp-content\/uploads\/2019\/02\/pexels-photo-942419.jpeg","@id":"https:\/\/allasorias.hu\/hirek\/hazankban-a-felnottkepzes-elkerulhetetlen\/#mainImage","width":640,"height":425},"primaryImageOfPage":{"@id":"https:\/\/allasorias.hu\/hirek\/hazankban-a-felnottkepzes-elkerulhetetlen\/#mainImage"},"datePublished":"2019-02-21T08:28:44+02:00","dateModified":"2019-02-21T08:28:44+02:00"},{"@type":"WebSite","@id":"https:\/\/allasorias.hu\/hirek\/#website","url":"https:\/\/allasorias.hu\/hirek\/","name":"AllasOrias.hu | H\u00edrek-lapszemle","description":"\u00dczleti h\u00edrek az \u00e1ll\u00e1s \u00e9s a munka vil\u00e1g\u00e1b\u00f3l","inLanguage":"hu-HU","publisher":{"@id":"https:\/\/allasorias.hu\/hirek\/#organization"}}]},"og:locale":"hu_HU","og:site_name":"AllasOrias.hu | H\u00edrek-lapszemle | \u00dczleti h\u00edrek az \u00e1ll\u00e1s \u00e9s a munka vil\u00e1g\u00e1b\u00f3l","og:type":"article","og:title":"Haz\u00e1nkban a feln\u0151ttk\u00e9pz\u00e9s elker\u00fclhetetlen | AllasOrias.hu | H\u00edrek-lapszemle","og:description":"Kiszor\u00edthatj\u00e1k a robotok a munkav\u00e1llal\u00f3kat a munkaer\u0151piacr\u00f3l, amennyiben nem tartanak l\u00e9p\u00e9st az ig\u00e9nyekkel \u2013 ez der\u00fcl ki Az OECD friss jelent\u00e9s\u00e9b\u0151l. Amikor a jelenlegi dolgoz\u00f3kat k\u00e9pezt\u00e9k nem voltak m\u00e9g olyan munkak\u00f6r\u00f6k, amelyek id\u0151k\u00f6zben megjelentek, \u00edgy egyre ink\u00e1bb arra lenne sz\u00fcks\u00e9g, hogy a munkav\u00e1llal\u00f3k folytass\u00e1k a tanul\u00e1st a p\u00e1ly\u00e1juk sor\u00e1n is. A szakemberek szerint aki nem","og:url":"https:\/\/allasorias.hu\/hirek\/hazankban-a-felnottkepzes-elkerulhetetlen\/","og:image":"https:\/\/allasorias.hu\/hirek\/wp-content\/uploads\/2019\/02\/pexels-photo-942419.jpeg","og:image:secure_url":"https:\/\/allasorias.hu\/hirek\/wp-content\/uploads\/2019\/02\/pexels-photo-942419.jpeg","og:image:width":640,"og:image:height":425,"article:published_time":"2019-02-21T08:28:44+00:00","article:modified_time":"2019-02-21T08:28:44+00:00","article:publisher":"https:\/\/www.facebook.com\/allasorias","twitter:card":"summary_large_image","twitter:title":"Haz\u00e1nkban a feln\u0151ttk\u00e9pz\u00e9s elker\u00fclhetetlen | AllasOrias.hu | H\u00edrek-lapszemle","twitter:description":"Kiszor\u00edthatj\u00e1k a robotok a munkav\u00e1llal\u00f3kat a munkaer\u0151piacr\u00f3l, amennyiben nem tartanak l\u00e9p\u00e9st az ig\u00e9nyekkel \u2013 ez der\u00fcl ki Az OECD friss jelent\u00e9s\u00e9b\u0151l. Amikor a jelenlegi dolgoz\u00f3kat k\u00e9pezt\u00e9k nem voltak m\u00e9g olyan munkak\u00f6r\u00f6k, amelyek id\u0151k\u00f6zben megjelentek, \u00edgy egyre ink\u00e1bb arra lenne sz\u00fcks\u00e9g, hogy a munkav\u00e1llal\u00f3k folytass\u00e1k a tanul\u00e1st a p\u00e1ly\u00e1juk sor\u00e1n is. A szakemberek szerint aki nem","twitter:image":"https:\/\/allasorias.hu\/hirek\/wp-content\/uploads\/2019\/02\/pexels-photo-942419.jpeg","twitter:label1":"Written by","twitter:data1":"Juh\u00e1sz P\u00e9ter","twitter:label2":"Est. reading time","twitter:data2":"1 minute"},"aioseo_meta_data":{"post_id":"2575","title":null,"description":null,"keywords":null,"keyphrases":null,"primary_term":null,"canonical_url":null,"og_title":null,"og_description":null,"og_object_type":"default","og_image_type":"default","og_image_url":null,"og_image_width":null,"og_image_height":null,"og_image_custom_url":null,"og_image_custom_fields":null,"og_video":null,"og_custom_url":null,"og_article_section":null,"og_article_tags":null,"twitter_use_og":false,"twitter_card":"default","twitter_image_type":"default","twitter_image_url":null,"twitter_image_custom_url":null,"twitter_image_custom_fields":null,"twitter_title":null,"twitter_description":null,"schema":{"blockGraphs":[],"customGraphs":[],"default":{"data":{"Article":[],"Course":[],"Dataset":[],"FAQPage":[],"Movie":[],"Person":[],"Product":[],"ProductReview":[],"Car":[],"Recipe":[],"Service":[],"SoftwareApplication":[],"WebPage":[]},"graphName":"","isEnabled":true},"graphs":[],"defaultGraph":"","defaultPostTypeGraph":""},"schema_type":null,"schema_type_options":null,"pillar_content":false,"robots_default":true,"robots_noindex":false,"robots_noarchive":false,"robots_nosnippet":false,"robots_nofollow":false,"robots_noimageindex":false,"robots_noodp":false,"robots_notranslate":false,"robots_max_snippet":null,"robots_max_videopreview":null,"robots_max_imagepreview":"large","priority":null,"frequency":null,"location":null,"local_seo":null,"breadcrumb_settings":null,"limit_modified_date":false,"ai":null,"created":"2021-02-01 20:46:57","updated":"2025-10-02 10:03:27","seo_analyzer_scan_date":null,"focus_keyword":null,"additional_keywords":null,"truseo_locale":null},"aioseo_breadcrumb":"<div class=\"aioseo-breadcrumbs\"><span class=\"aioseo-breadcrumb\">\n\t\t\t<a href=\"https:\/\/allasorias.hu\/hirek\" title=\"Home\">Home<\/a>\n\t\t<\/span><span class=\"aioseo-breadcrumb-separator\">&raquo;<\/span><span class=\"aioseo-breadcrumb\">\n\t\t\t<a href=\"https:\/\/allasorias.hu\/hirek\/temak\/gazdasag\/\" title=\"Gazdas\u00e1g\">Gazdas\u00e1g<\/a>\n\t\t<\/span><span class=\"aioseo-breadcrumb-separator\">&raquo;<\/span><span class=\"aioseo-breadcrumb\">\n\t\t\tHaz\u00e1nkban a feln\u0151ttk\u00e9pz\u00e9s elker\u00fclhetetlen\n\t\t<\/span><\/div>","aioseo_breadcrumb_json":[{"label":"Home","link":"https:\/\/allasorias.hu\/hirek"},{"label":"Gazdas\u00e1g","link":"https:\/\/allasorias.hu\/hirek\/temak\/gazdasag\/"},{"label":"Haz\u00e1nkban a feln\u0151ttk\u00e9pz\u00e9s elker\u00fclhetetlen","link":"https:\/\/allasorias.hu\/hirek\/hazankban-a-felnottkepzes-elkerulhetetlen\/"}],"_links":{"self":[{"href":"https:\/\/allasorias.hu\/hirek\/wp-json\/wp\/v2\/posts\/2575","targetHints":{"allow":["GET"]}}],"collection":[{"href":"https:\/\/allasorias.hu\/hirek\/wp-json\/wp\/v2\/posts"}],"about":[{"href":"https:\/\/allasorias.hu\/hirek\/wp-json\/wp\/v2\/types\/post"}],"author":[{"embeddable":true,"href":"https:\/\/allasorias.hu\/hirek\/wp-json\/wp\/v2\/users\/1"}],"replies":[{"embeddable":true,"href":"https:\/\/allasorias.hu\/hirek\/wp-json\/wp\/v2\/comments?post=2575"}],"version-history":[{"count":1,"href":"https:\/\/allasorias.hu\/hirek\/wp-json\/wp\/v2\/posts\/2575\/revisions"}],"predecessor-version":[{"id":2577,"href":"https:\/\/allasorias.hu\/hirek\/wp-json\/wp\/v2\/posts\/2575\/revisions\/2577"}],"wp:featuredmedia":[{"embeddable":true,"href":"https:\/\/allasorias.hu\/hirek\/wp-json\/wp\/v2\/media\/2576"}],"wp:attachment":[{"href":"https:\/\/allasorias.hu\/hirek\/wp-json\/wp\/v2\/media?parent=2575"}],"wp:term":[{"taxonomy":"category","embeddable":true,"href":"https:\/\/allasorias.hu\/hirek\/wp-json\/wp\/v2\/categories?post=2575"},{"taxonomy":"post_tag","embeddable":true,"href":"https:\/\/allasorias.hu\/hirek\/wp-json\/wp\/v2\/tags?post=2575"}],"curies":[{"name":"wp","href":"https:\/\/api.w.org\/{rel}","templated":true}]}}