{"id":2572,"date":"2019-02-20T12:53:44","date_gmt":"2019-02-20T12:53:44","guid":{"rendered":"https:\/\/allasorias.hu\/hirek\/?p=2572"},"modified":"2019-02-20T12:53:44","modified_gmt":"2019-02-20T12:53:44","slug":"meg-targyalnak-a-beremelesekrol-az-allami-cegeknel","status":"publish","type":"post","link":"https:\/\/allasorias.hu\/hirek\/meg-targyalnak-a-beremelesekrol-az-allami-cegeknel\/","title":{"rendered":"M\u00e9g t\u00e1rgyalnak a  b\u00e9remel\u00e9sekr\u0151l az \u00e1llami c\u00e9gekn\u00e9l"},"content":{"rendered":"<p><strong>\u00dagy t\u0171nik, hogy m\u00e9g t\u00e1rgyal\u00e1sok kezd\u0151dhetnek az \u00e1llami c\u00e9gek munkav\u00e1llal\u00f3inak kereset\u00e9r\u0151l, ha a kor\u00e1bbi meg\u00e1llapod\u00e1s lez\u00e1rult, teh\u00e1t a 2019-re tervezett, \u00e1tlagosan \u00f6tsz\u00e1zal\u00e9kos b\u00e9remel\u00e9s differenci\u00e1l\u00e1s\u00e1r\u00f3l megegyeztek a szakszervezetek \u00e9s a v\u00e1llalatok \u2014 \u00e9rtes\u00fclt a Magyar Nemzet. <\/strong><\/p>\n<p>A szakszervezetek szerint a munkaer\u0151piaci helyzet miatt n\u00e9lk\u00fcl\u00f6zhetetlen \u00faj b\u00e9rmeg\u00e1llapod\u00e1sr\u00f3l t\u00e1rgyalni az \u00e1llami fenntart\u00e1s\u00fa k\u00f6zszolg\u00e1ltat\u00f3kn\u00e1l. A k\u00e9s\u0151bbiekben m\u00e1r meg\u00e1llapodhatnak az idei \u00e9vre tervezett, \u00e1tlagosan \u00f6tsz\u00e1zal\u00e9kos b\u00e9rfelz\u00e1rk\u00f3ztat\u00e1son fel\u00fcl tov\u00e1bbi keresetrendez\u00e9sr\u0151l a munkaad\u00f3i \u00e9s a munkav\u00e1llal\u00f3i oldal k\u00e9pvisel\u0151i az \u00e1llami v\u00e1llalatokn\u00e1l. Inform\u00e1ci\u00f3k szerint a k\u00f6zszolg\u00e1ltat\u00f3 c\u00e9gekn\u00e9l \u2013 a post\u00e1n\u00e1l, a vas\u00fatn\u00e1l, a Vol\u00e1nokn\u00e1l \u00e9s a v\u00edzik\u00f6zm\u0171-szolg\u00e1ltat\u00f3kn\u00e1l \u2013 azt k\u00f6vet\u0151en ny\u00edlna lehet\u0151s\u00e9g a tov\u00e1bbi egyeztet\u00e9sekre, ha meg\u00e1llapodtak a munkaad\u00f3k \u00e9s a munkav\u00e1llal\u00f3i k\u00e9pviseletek a 2019-re el\u0151\u00edrt, \u00e1tlagos \u00f6tsz\u00e1zal\u00e9kos emel\u00e9s differenci\u00e1l\u00e1s\u00e1r\u00f3l, teh\u00e1t ha minden munkav\u00e1llal\u00f3 havi munkab\u00e9r\u00e9t pontosan meghat\u00e1rozt\u00e1k. A szakszervezetek tov\u00e1bbi b\u00e9remel\u00e9st tartanak sz\u00fcks\u00e9gesnek, \u00e1ll\u00e1spontjuk szerint az idei \u00f6tsz\u00e1zal\u00e9kos keresetfejleszt\u00e9s kev\u00e9s a munkaer\u0151 megtart\u00e1s\u00e1hoz \u00e9s a szakemberhi\u00e1ny kezel\u00e9se \u00e9rdek\u00e9ben. Palkovics Imre, a Munk\u00e1stan\u00e1csok Orsz\u00e1gos Sz\u00f6vets\u00e9g\u00e9nek eln\u00f6ke \u00fagy fogalmazott, sikeres volt a 2017-ben k\u00f6t\u00f6tt, h\u00e1rom \u00e9vre sz\u00f3l\u00f3, \u00e1tlagosan harmincsz\u00e1zal\u00e9kos b\u00e9remel\u00e9si program, \u00e1m a konf\u00f6der\u00e1ci\u00f3 \u00e9s a helyi szakszervezetek ezzel p\u00e1rhuzamosan \u2013 az idei \u00e9vet is mag\u00e1ban foglalva \u2013 \u00faj meg\u00e1llapod\u00e1s kidolgoz\u00e1s\u00e1t is szorgalmazz\u00e1k.<\/p>\n<p><em>Forr\u00e1s: szakszervezetek.hu<\/em><\/p>\n","protected":false},"excerpt":{"rendered":"<p>\u00dagy t\u0171nik, hogy m\u00e9g t\u00e1rgyal\u00e1sok kezd\u0151dhetnek az \u00e1llami c\u00e9gek munkav\u00e1llal\u00f3inak kereset\u00e9r\u0151l, ha a kor\u00e1bbi meg\u00e1llapod\u00e1s lez\u00e1rult, teh\u00e1t a 2019-re tervezett, \u00e1tlagosan \u00f6tsz\u00e1zal\u00e9kos b\u00e9remel\u00e9s differenci\u00e1l\u00e1s\u00e1r\u00f3l megegyeztek a szakszervezetek \u00e9s a v\u00e1llalatok \u2014 \u00e9rtes\u00fclt a Magyar Nemzet. A szakszervezetek szerint a munkaer\u0151piaci helyzet miatt n\u00e9lk\u00fcl\u00f6zhetetlen \u00faj b\u00e9rmeg\u00e1llapod\u00e1sr\u00f3l t\u00e1rgyalni az \u00e1llami fenntart\u00e1s\u00fa k\u00f6zszolg\u00e1ltat\u00f3kn\u00e1l. A k\u00e9s\u0151bbiekben m\u00e1r meg\u00e1llapodhatnak az [&hellip;]<\/p>\n","protected":false},"author":1,"featured_media":2573,"comment_status":"open","ping_status":"open","sticky":false,"template":"","format":"standard","meta":{"_monsterinsights_skip_tracking":false,"footnotes":""},"categories":[198,200],"tags":[],"class_list":["post-2572","post","type-post","status-publish","format-standard","has-post-thumbnail","hentry","category-gazdasag","category-munkaeropiac"],"aioseo_notices":[],"aioseo_head":"\n\t\t<!-- All in One SEO 5.0.0.1 - aioseo.com -->\n\t<meta name=\"description\" content=\"\u00dagy t\u0171nik, hogy m\u00e9g t\u00e1rgyal\u00e1sok kezd\u0151dhetnek az \u00e1llami c\u00e9gek munkav\u00e1llal\u00f3inak kereset\u00e9r\u0151l, ha a kor\u00e1bbi meg\u00e1llapod\u00e1s lez\u00e1rult, teh\u00e1t a 2019-re tervezett, \u00e1tlagosan \u00f6tsz\u00e1zal\u00e9kos b\u00e9remel\u00e9s differenci\u00e1l\u00e1s\u00e1r\u00f3l megegyeztek a szakszervezetek \u00e9s a v\u00e1llalatok \u2014 \u00e9rtes\u00fclt a Magyar Nemzet. A szakszervezetek szerint a munkaer\u0151piaci helyzet miatt n\u00e9lk\u00fcl\u00f6zhetetlen \u00faj b\u00e9rmeg\u00e1llapod\u00e1sr\u00f3l t\u00e1rgyalni az \u00e1llami fenntart\u00e1s\u00fa k\u00f6zszolg\u00e1ltat\u00f3kn\u00e1l. A k\u00e9s\u0151bbiekben m\u00e1r meg\u00e1llapodhatnak az\" \/>\n\t<meta name=\"robots\" content=\"max-image-preview:large\" \/>\n\t<meta name=\"author\" content=\"Juh\u00e1sz P\u00e9ter\"\/>\n\t<link rel=\"canonical\" href=\"https:\/\/allasorias.hu\/hirek\/meg-targyalnak-a-beremelesekrol-az-allami-cegeknel\/\" \/>\n\t<meta name=\"generator\" content=\"All in One SEO (AIOSEO) 5.0.0.1\" \/>\n\t\t<meta property=\"og:locale\" content=\"hu_HU\" \/>\n\t\t<meta property=\"og:site_name\" content=\"AllasOrias.hu | H\u00edrek-lapszemle | \u00dczleti h\u00edrek az \u00e1ll\u00e1s \u00e9s a munka vil\u00e1g\u00e1b\u00f3l\" \/>\n\t\t<meta property=\"og:type\" content=\"article\" \/>\n\t\t<meta property=\"og:title\" content=\"M\u00e9g t\u00e1rgyalnak a b\u00e9remel\u00e9sekr\u0151l az \u00e1llami c\u00e9gekn\u00e9l | AllasOrias.hu | H\u00edrek-lapszemle\" \/>\n\t\t<meta property=\"og:description\" content=\"\u00dagy t\u0171nik, hogy m\u00e9g t\u00e1rgyal\u00e1sok kezd\u0151dhetnek az \u00e1llami c\u00e9gek munkav\u00e1llal\u00f3inak kereset\u00e9r\u0151l, ha a kor\u00e1bbi meg\u00e1llapod\u00e1s lez\u00e1rult, teh\u00e1t a 2019-re tervezett, \u00e1tlagosan \u00f6tsz\u00e1zal\u00e9kos b\u00e9remel\u00e9s differenci\u00e1l\u00e1s\u00e1r\u00f3l megegyeztek a szakszervezetek \u00e9s a v\u00e1llalatok \u2014 \u00e9rtes\u00fclt a Magyar Nemzet. A szakszervezetek szerint a munkaer\u0151piaci helyzet miatt n\u00e9lk\u00fcl\u00f6zhetetlen \u00faj b\u00e9rmeg\u00e1llapod\u00e1sr\u00f3l t\u00e1rgyalni az \u00e1llami fenntart\u00e1s\u00fa k\u00f6zszolg\u00e1ltat\u00f3kn\u00e1l. A k\u00e9s\u0151bbiekben m\u00e1r meg\u00e1llapodhatnak az\" \/>\n\t\t<meta property=\"og:url\" content=\"https:\/\/allasorias.hu\/hirek\/meg-targyalnak-a-beremelesekrol-az-allami-cegeknel\/\" \/>\n\t\t<meta property=\"og:image\" content=\"https:\/\/allasorias.hu\/hirek\/wp-content\/uploads\/2019\/02\/pexels-photo-1059109.jpeg\" \/>\n\t\t<meta property=\"og:image:secure_url\" content=\"https:\/\/allasorias.hu\/hirek\/wp-content\/uploads\/2019\/02\/pexels-photo-1059109.jpeg\" \/>\n\t\t<meta property=\"og:image:width\" content=\"640\" \/>\n\t\t<meta property=\"og:image:height\" content=\"426\" \/>\n\t\t<meta property=\"article:published_time\" content=\"2019-02-20T12:53:44+00:00\" \/>\n\t\t<meta property=\"article:modified_time\" content=\"2019-02-20T12:53:44+00:00\" \/>\n\t\t<meta property=\"article:publisher\" content=\"https:\/\/www.facebook.com\/allasorias\" \/>\n\t\t<meta name=\"twitter:card\" content=\"summary_large_image\" \/>\n\t\t<meta name=\"twitter:title\" content=\"M\u00e9g t\u00e1rgyalnak a b\u00e9remel\u00e9sekr\u0151l az \u00e1llami c\u00e9gekn\u00e9l | AllasOrias.hu | H\u00edrek-lapszemle\" \/>\n\t\t<meta name=\"twitter:description\" content=\"\u00dagy t\u0171nik, hogy m\u00e9g t\u00e1rgyal\u00e1sok kezd\u0151dhetnek az \u00e1llami c\u00e9gek munkav\u00e1llal\u00f3inak kereset\u00e9r\u0151l, ha a kor\u00e1bbi meg\u00e1llapod\u00e1s lez\u00e1rult, teh\u00e1t a 2019-re tervezett, \u00e1tlagosan \u00f6tsz\u00e1zal\u00e9kos b\u00e9remel\u00e9s differenci\u00e1l\u00e1s\u00e1r\u00f3l megegyeztek a szakszervezetek \u00e9s a v\u00e1llalatok \u2014 \u00e9rtes\u00fclt a Magyar Nemzet. A szakszervezetek szerint a munkaer\u0151piaci helyzet miatt n\u00e9lk\u00fcl\u00f6zhetetlen \u00faj b\u00e9rmeg\u00e1llapod\u00e1sr\u00f3l t\u00e1rgyalni az \u00e1llami fenntart\u00e1s\u00fa k\u00f6zszolg\u00e1ltat\u00f3kn\u00e1l. A k\u00e9s\u0151bbiekben m\u00e1r meg\u00e1llapodhatnak az\" \/>\n\t\t<meta name=\"twitter:image\" content=\"https:\/\/allasorias.hu\/hirek\/wp-content\/uploads\/2019\/02\/pexels-photo-1059109.jpeg\" \/>\n\t\t<meta name=\"twitter:label1\" content=\"Written by\" \/>\n\t\t<meta name=\"twitter:data1\" content=\"Juh\u00e1sz P\u00e9ter\" \/>\n\t\t<meta name=\"twitter:label2\" content=\"Est. reading time\" \/>\n\t\t<meta name=\"twitter:data2\" content=\"2 minutes\" \/>\n\t\t<script type=\"application\/ld+json\" class=\"aioseo-schema\">\n\t\t\t{\"@context\":\"https:\\\/\\\/schema.org\",\"@graph\":[{\"@type\":\"Article\",\"@id\":\"https:\\\/\\\/allasorias.hu\\\/hirek\\\/meg-targyalnak-a-beremelesekrol-az-allami-cegeknel\\\/#article\",\"name\":\"M\\u00e9g t\\u00e1rgyalnak a b\\u00e9remel\\u00e9sekr\\u0151l az \\u00e1llami c\\u00e9gekn\\u00e9l | AllasOrias.hu | H\\u00edrek-lapszemle\",\"headline\":\"M\\u00e9g t\\u00e1rgyalnak a  b\\u00e9remel\\u00e9sekr\\u0151l az \\u00e1llami c\\u00e9gekn\\u00e9l\",\"author\":{\"@id\":\"https:\\\/\\\/allasorias.hu\\\/hirek\\\/author\\\/admin-allasorias\\\/#author\"},\"publisher\":{\"@id\":\"https:\\\/\\\/allasorias.hu\\\/hirek\\\/#organization\"},\"image\":{\"@type\":\"ImageObject\",\"url\":\"https:\\\/\\\/allasorias.hu\\\/hirek\\\/wp-content\\\/uploads\\\/2019\\\/02\\\/pexels-photo-1059109.jpeg\",\"width\":640,\"height\":426},\"datePublished\":\"2019-02-20T12:53:44+02:00\",\"dateModified\":\"2019-02-20T12:53:44+02:00\",\"inLanguage\":\"hu-HU\",\"mainEntityOfPage\":{\"@id\":\"https:\\\/\\\/allasorias.hu\\\/hirek\\\/meg-targyalnak-a-beremelesekrol-az-allami-cegeknel\\\/#webpage\"},\"isPartOf\":{\"@id\":\"https:\\\/\\\/allasorias.hu\\\/hirek\\\/meg-targyalnak-a-beremelesekrol-az-allami-cegeknel\\\/#webpage\"},\"articleSection\":\"Gazdas\\u00e1g, Munkaer\\u0151piac\"},{\"@type\":\"BreadcrumbList\",\"@id\":\"https:\\\/\\\/allasorias.hu\\\/hirek\\\/meg-targyalnak-a-beremelesekrol-az-allami-cegeknel\\\/#breadcrumblist\",\"itemListElement\":[{\"@type\":\"ListItem\",\"@id\":\"https:\\\/\\\/allasorias.hu\\\/hirek#listItem\",\"position\":1,\"name\":\"Home\",\"item\":\"https:\\\/\\\/allasorias.hu\\\/hirek\",\"nextItem\":{\"@type\":\"ListItem\",\"@id\":\"https:\\\/\\\/allasorias.hu\\\/hirek\\\/temak\\\/gazdasag\\\/#listItem\",\"name\":\"Gazdas\\u00e1g\"}},{\"@type\":\"ListItem\",\"@id\":\"https:\\\/\\\/allasorias.hu\\\/hirek\\\/temak\\\/gazdasag\\\/#listItem\",\"position\":2,\"name\":\"Gazdas\\u00e1g\",\"item\":\"https:\\\/\\\/allasorias.hu\\\/hirek\\\/temak\\\/gazdasag\\\/\",\"nextItem\":{\"@type\":\"ListItem\",\"@id\":\"https:\\\/\\\/allasorias.hu\\\/hirek\\\/meg-targyalnak-a-beremelesekrol-az-allami-cegeknel\\\/#listItem\",\"name\":\"M\\u00e9g t\\u00e1rgyalnak a  b\\u00e9remel\\u00e9sekr\\u0151l az \\u00e1llami c\\u00e9gekn\\u00e9l\"},\"previousItem\":{\"@type\":\"ListItem\",\"@id\":\"https:\\\/\\\/allasorias.hu\\\/hirek#listItem\",\"name\":\"Home\"}},{\"@type\":\"ListItem\",\"@id\":\"https:\\\/\\\/allasorias.hu\\\/hirek\\\/meg-targyalnak-a-beremelesekrol-az-allami-cegeknel\\\/#listItem\",\"position\":3,\"name\":\"M\\u00e9g t\\u00e1rgyalnak a  b\\u00e9remel\\u00e9sekr\\u0151l az \\u00e1llami c\\u00e9gekn\\u00e9l\",\"previousItem\":{\"@type\":\"ListItem\",\"@id\":\"https:\\\/\\\/allasorias.hu\\\/hirek\\\/temak\\\/gazdasag\\\/#listItem\",\"name\":\"Gazdas\\u00e1g\"}}]},{\"@type\":\"Organization\",\"@id\":\"https:\\\/\\\/allasorias.hu\\\/hirek\\\/#organization\",\"name\":\"AllasOrias.hu | H\\u00edrek-lapszemle\",\"description\":\"\\u00dczleti h\\u00edrek az \\u00e1ll\\u00e1s \\u00e9s a munka vil\\u00e1g\\u00e1b\\u00f3l\",\"url\":\"https:\\\/\\\/allasorias.hu\\\/hirek\\\/\",\"logo\":{\"@type\":\"ImageObject\",\"url\":\"https:\\\/\\\/allasorias.hu\\\/hirek\\\/wp-content\\\/uploads\\\/2022\\\/10\\\/allasorias_site_facebok_logo.png\",\"@id\":\"https:\\\/\\\/allasorias.hu\\\/hirek\\\/meg-targyalnak-a-beremelesekrol-az-allami-cegeknel\\\/#organizationLogo\"},\"image\":{\"@id\":\"https:\\\/\\\/allasorias.hu\\\/hirek\\\/meg-targyalnak-a-beremelesekrol-az-allami-cegeknel\\\/#organizationLogo\"},\"sameAs\":[\"https:\\\/\\\/www.facebook.com\\\/allasorias\",\"https:\\\/\\\/www.linkedin.com\\\/company\\\/allasorias\"]},{\"@type\":\"Person\",\"@id\":\"https:\\\/\\\/allasorias.hu\\\/hirek\\\/author\\\/admin-allasorias\\\/#author\",\"url\":\"https:\\\/\\\/allasorias.hu\\\/hirek\\\/author\\\/admin-allasorias\\\/\",\"name\":\"Juh\\u00e1sz P\\u00e9ter\",\"image\":{\"@type\":\"ImageObject\",\"@id\":\"https:\\\/\\\/allasorias.hu\\\/hirek\\\/meg-targyalnak-a-beremelesekrol-az-allami-cegeknel\\\/#authorImage\",\"url\":\"https:\\\/\\\/secure.gravatar.com\\\/avatar\\\/36e6bcb83148978b992977cb0f54d22feb0cce8a0a849a9410532bb2623ba4c6?s=96&d=mm&r=g\",\"width\":96,\"height\":96,\"caption\":\"Juh\\u00e1sz P\\u00e9ter\"}},{\"@type\":\"WebPage\",\"@id\":\"https:\\\/\\\/allasorias.hu\\\/hirek\\\/meg-targyalnak-a-beremelesekrol-az-allami-cegeknel\\\/#webpage\",\"url\":\"https:\\\/\\\/allasorias.hu\\\/hirek\\\/meg-targyalnak-a-beremelesekrol-az-allami-cegeknel\\\/\",\"name\":\"M\\u00e9g t\\u00e1rgyalnak a b\\u00e9remel\\u00e9sekr\\u0151l az \\u00e1llami c\\u00e9gekn\\u00e9l | AllasOrias.hu | H\\u00edrek-lapszemle\",\"description\":\"\\u00dagy t\\u0171nik, hogy m\\u00e9g t\\u00e1rgyal\\u00e1sok kezd\\u0151dhetnek az \\u00e1llami c\\u00e9gek munkav\\u00e1llal\\u00f3inak kereset\\u00e9r\\u0151l, ha a kor\\u00e1bbi meg\\u00e1llapod\\u00e1s lez\\u00e1rult, teh\\u00e1t a 2019-re tervezett, \\u00e1tlagosan \\u00f6tsz\\u00e1zal\\u00e9kos b\\u00e9remel\\u00e9s differenci\\u00e1l\\u00e1s\\u00e1r\\u00f3l megegyeztek a szakszervezetek \\u00e9s a v\\u00e1llalatok \\u2014 \\u00e9rtes\\u00fclt a Magyar Nemzet. A szakszervezetek szerint a munkaer\\u0151piaci helyzet miatt n\\u00e9lk\\u00fcl\\u00f6zhetetlen \\u00faj b\\u00e9rmeg\\u00e1llapod\\u00e1sr\\u00f3l t\\u00e1rgyalni az \\u00e1llami fenntart\\u00e1s\\u00fa k\\u00f6zszolg\\u00e1ltat\\u00f3kn\\u00e1l. A k\\u00e9s\\u0151bbiekben m\\u00e1r meg\\u00e1llapodhatnak az\",\"inLanguage\":\"hu-HU\",\"isPartOf\":{\"@id\":\"https:\\\/\\\/allasorias.hu\\\/hirek\\\/#website\"},\"breadcrumb\":{\"@id\":\"https:\\\/\\\/allasorias.hu\\\/hirek\\\/meg-targyalnak-a-beremelesekrol-az-allami-cegeknel\\\/#breadcrumblist\"},\"author\":{\"@id\":\"https:\\\/\\\/allasorias.hu\\\/hirek\\\/author\\\/admin-allasorias\\\/#author\"},\"creator\":{\"@id\":\"https:\\\/\\\/allasorias.hu\\\/hirek\\\/author\\\/admin-allasorias\\\/#author\"},\"image\":{\"@type\":\"ImageObject\",\"url\":\"https:\\\/\\\/allasorias.hu\\\/hirek\\\/wp-content\\\/uploads\\\/2019\\\/02\\\/pexels-photo-1059109.jpeg\",\"@id\":\"https:\\\/\\\/allasorias.hu\\\/hirek\\\/meg-targyalnak-a-beremelesekrol-az-allami-cegeknel\\\/#mainImage\",\"width\":640,\"height\":426},\"primaryImageOfPage\":{\"@id\":\"https:\\\/\\\/allasorias.hu\\\/hirek\\\/meg-targyalnak-a-beremelesekrol-az-allami-cegeknel\\\/#mainImage\"},\"datePublished\":\"2019-02-20T12:53:44+02:00\",\"dateModified\":\"2019-02-20T12:53:44+02:00\"},{\"@type\":\"WebSite\",\"@id\":\"https:\\\/\\\/allasorias.hu\\\/hirek\\\/#website\",\"url\":\"https:\\\/\\\/allasorias.hu\\\/hirek\\\/\",\"name\":\"AllasOrias.hu | H\\u00edrek-lapszemle\",\"description\":\"\\u00dczleti h\\u00edrek az \\u00e1ll\\u00e1s \\u00e9s a munka vil\\u00e1g\\u00e1b\\u00f3l\",\"inLanguage\":\"hu-HU\",\"publisher\":{\"@id\":\"https:\\\/\\\/allasorias.hu\\\/hirek\\\/#organization\"}}]}\n\t\t<\/script>\n\t\t<!-- All in One SEO -->\n\n","aioseo_head_json":{"title":"M\u00e9g t\u00e1rgyalnak a b\u00e9remel\u00e9sekr\u0151l az \u00e1llami c\u00e9gekn\u00e9l | AllasOrias.hu | H\u00edrek-lapszemle","description":"\u00dagy t\u0171nik, hogy m\u00e9g t\u00e1rgyal\u00e1sok kezd\u0151dhetnek az \u00e1llami c\u00e9gek munkav\u00e1llal\u00f3inak kereset\u00e9r\u0151l, ha a kor\u00e1bbi meg\u00e1llapod\u00e1s lez\u00e1rult, teh\u00e1t a 2019-re tervezett, \u00e1tlagosan \u00f6tsz\u00e1zal\u00e9kos b\u00e9remel\u00e9s differenci\u00e1l\u00e1s\u00e1r\u00f3l megegyeztek a szakszervezetek \u00e9s a v\u00e1llalatok \u2014 \u00e9rtes\u00fclt a Magyar Nemzet. A szakszervezetek szerint a munkaer\u0151piaci helyzet miatt n\u00e9lk\u00fcl\u00f6zhetetlen \u00faj b\u00e9rmeg\u00e1llapod\u00e1sr\u00f3l t\u00e1rgyalni az \u00e1llami fenntart\u00e1s\u00fa k\u00f6zszolg\u00e1ltat\u00f3kn\u00e1l. A k\u00e9s\u0151bbiekben m\u00e1r meg\u00e1llapodhatnak az","canonical_url":"https:\/\/allasorias.hu\/hirek\/meg-targyalnak-a-beremelesekrol-az-allami-cegeknel\/","robots":"max-image-preview:large","keywords":"","webmasterTools":{"miscellaneous":""},"schema":{"@context":"https:\/\/schema.org","@graph":[{"@type":"Article","@id":"https:\/\/allasorias.hu\/hirek\/meg-targyalnak-a-beremelesekrol-az-allami-cegeknel\/#article","name":"M\u00e9g t\u00e1rgyalnak a b\u00e9remel\u00e9sekr\u0151l az \u00e1llami c\u00e9gekn\u00e9l | AllasOrias.hu | H\u00edrek-lapszemle","headline":"M\u00e9g t\u00e1rgyalnak a  b\u00e9remel\u00e9sekr\u0151l az \u00e1llami c\u00e9gekn\u00e9l","author":{"@id":"https:\/\/allasorias.hu\/hirek\/author\/admin-allasorias\/#author"},"publisher":{"@id":"https:\/\/allasorias.hu\/hirek\/#organization"},"image":{"@type":"ImageObject","url":"https:\/\/allasorias.hu\/hirek\/wp-content\/uploads\/2019\/02\/pexels-photo-1059109.jpeg","width":640,"height":426},"datePublished":"2019-02-20T12:53:44+02:00","dateModified":"2019-02-20T12:53:44+02:00","inLanguage":"hu-HU","mainEntityOfPage":{"@id":"https:\/\/allasorias.hu\/hirek\/meg-targyalnak-a-beremelesekrol-az-allami-cegeknel\/#webpage"},"isPartOf":{"@id":"https:\/\/allasorias.hu\/hirek\/meg-targyalnak-a-beremelesekrol-az-allami-cegeknel\/#webpage"},"articleSection":"Gazdas\u00e1g, Munkaer\u0151piac"},{"@type":"BreadcrumbList","@id":"https:\/\/allasorias.hu\/hirek\/meg-targyalnak-a-beremelesekrol-az-allami-cegeknel\/#breadcrumblist","itemListElement":[{"@type":"ListItem","@id":"https:\/\/allasorias.hu\/hirek#listItem","position":1,"name":"Home","item":"https:\/\/allasorias.hu\/hirek","nextItem":{"@type":"ListItem","@id":"https:\/\/allasorias.hu\/hirek\/temak\/gazdasag\/#listItem","name":"Gazdas\u00e1g"}},{"@type":"ListItem","@id":"https:\/\/allasorias.hu\/hirek\/temak\/gazdasag\/#listItem","position":2,"name":"Gazdas\u00e1g","item":"https:\/\/allasorias.hu\/hirek\/temak\/gazdasag\/","nextItem":{"@type":"ListItem","@id":"https:\/\/allasorias.hu\/hirek\/meg-targyalnak-a-beremelesekrol-az-allami-cegeknel\/#listItem","name":"M\u00e9g t\u00e1rgyalnak a  b\u00e9remel\u00e9sekr\u0151l az \u00e1llami c\u00e9gekn\u00e9l"},"previousItem":{"@type":"ListItem","@id":"https:\/\/allasorias.hu\/hirek#listItem","name":"Home"}},{"@type":"ListItem","@id":"https:\/\/allasorias.hu\/hirek\/meg-targyalnak-a-beremelesekrol-az-allami-cegeknel\/#listItem","position":3,"name":"M\u00e9g t\u00e1rgyalnak a  b\u00e9remel\u00e9sekr\u0151l az \u00e1llami c\u00e9gekn\u00e9l","previousItem":{"@type":"ListItem","@id":"https:\/\/allasorias.hu\/hirek\/temak\/gazdasag\/#listItem","name":"Gazdas\u00e1g"}}]},{"@type":"Organization","@id":"https:\/\/allasorias.hu\/hirek\/#organization","name":"AllasOrias.hu | H\u00edrek-lapszemle","description":"\u00dczleti h\u00edrek az \u00e1ll\u00e1s \u00e9s a munka vil\u00e1g\u00e1b\u00f3l","url":"https:\/\/allasorias.hu\/hirek\/","logo":{"@type":"ImageObject","url":"https:\/\/allasorias.hu\/hirek\/wp-content\/uploads\/2022\/10\/allasorias_site_facebok_logo.png","@id":"https:\/\/allasorias.hu\/hirek\/meg-targyalnak-a-beremelesekrol-az-allami-cegeknel\/#organizationLogo"},"image":{"@id":"https:\/\/allasorias.hu\/hirek\/meg-targyalnak-a-beremelesekrol-az-allami-cegeknel\/#organizationLogo"},"sameAs":["https:\/\/www.facebook.com\/allasorias","https:\/\/www.linkedin.com\/company\/allasorias"]},{"@type":"Person","@id":"https:\/\/allasorias.hu\/hirek\/author\/admin-allasorias\/#author","url":"https:\/\/allasorias.hu\/hirek\/author\/admin-allasorias\/","name":"Juh\u00e1sz P\u00e9ter","image":{"@type":"ImageObject","@id":"https:\/\/allasorias.hu\/hirek\/meg-targyalnak-a-beremelesekrol-az-allami-cegeknel\/#authorImage","url":"https:\/\/secure.gravatar.com\/avatar\/36e6bcb83148978b992977cb0f54d22feb0cce8a0a849a9410532bb2623ba4c6?s=96&d=mm&r=g","width":96,"height":96,"caption":"Juh\u00e1sz P\u00e9ter"}},{"@type":"WebPage","@id":"https:\/\/allasorias.hu\/hirek\/meg-targyalnak-a-beremelesekrol-az-allami-cegeknel\/#webpage","url":"https:\/\/allasorias.hu\/hirek\/meg-targyalnak-a-beremelesekrol-az-allami-cegeknel\/","name":"M\u00e9g t\u00e1rgyalnak a b\u00e9remel\u00e9sekr\u0151l az \u00e1llami c\u00e9gekn\u00e9l | AllasOrias.hu | H\u00edrek-lapszemle","description":"\u00dagy t\u0171nik, hogy m\u00e9g t\u00e1rgyal\u00e1sok kezd\u0151dhetnek az \u00e1llami c\u00e9gek munkav\u00e1llal\u00f3inak kereset\u00e9r\u0151l, ha a kor\u00e1bbi meg\u00e1llapod\u00e1s lez\u00e1rult, teh\u00e1t a 2019-re tervezett, \u00e1tlagosan \u00f6tsz\u00e1zal\u00e9kos b\u00e9remel\u00e9s differenci\u00e1l\u00e1s\u00e1r\u00f3l megegyeztek a szakszervezetek \u00e9s a v\u00e1llalatok \u2014 \u00e9rtes\u00fclt a Magyar Nemzet. A szakszervezetek szerint a munkaer\u0151piaci helyzet miatt n\u00e9lk\u00fcl\u00f6zhetetlen \u00faj b\u00e9rmeg\u00e1llapod\u00e1sr\u00f3l t\u00e1rgyalni az \u00e1llami fenntart\u00e1s\u00fa k\u00f6zszolg\u00e1ltat\u00f3kn\u00e1l. A k\u00e9s\u0151bbiekben m\u00e1r meg\u00e1llapodhatnak az","inLanguage":"hu-HU","isPartOf":{"@id":"https:\/\/allasorias.hu\/hirek\/#website"},"breadcrumb":{"@id":"https:\/\/allasorias.hu\/hirek\/meg-targyalnak-a-beremelesekrol-az-allami-cegeknel\/#breadcrumblist"},"author":{"@id":"https:\/\/allasorias.hu\/hirek\/author\/admin-allasorias\/#author"},"creator":{"@id":"https:\/\/allasorias.hu\/hirek\/author\/admin-allasorias\/#author"},"image":{"@type":"ImageObject","url":"https:\/\/allasorias.hu\/hirek\/wp-content\/uploads\/2019\/02\/pexels-photo-1059109.jpeg","@id":"https:\/\/allasorias.hu\/hirek\/meg-targyalnak-a-beremelesekrol-az-allami-cegeknel\/#mainImage","width":640,"height":426},"primaryImageOfPage":{"@id":"https:\/\/allasorias.hu\/hirek\/meg-targyalnak-a-beremelesekrol-az-allami-cegeknel\/#mainImage"},"datePublished":"2019-02-20T12:53:44+02:00","dateModified":"2019-02-20T12:53:44+02:00"},{"@type":"WebSite","@id":"https:\/\/allasorias.hu\/hirek\/#website","url":"https:\/\/allasorias.hu\/hirek\/","name":"AllasOrias.hu | H\u00edrek-lapszemle","description":"\u00dczleti h\u00edrek az \u00e1ll\u00e1s \u00e9s a munka vil\u00e1g\u00e1b\u00f3l","inLanguage":"hu-HU","publisher":{"@id":"https:\/\/allasorias.hu\/hirek\/#organization"}}]},"og:locale":"hu_HU","og:site_name":"AllasOrias.hu | H\u00edrek-lapszemle | \u00dczleti h\u00edrek az \u00e1ll\u00e1s \u00e9s a munka vil\u00e1g\u00e1b\u00f3l","og:type":"article","og:title":"M\u00e9g t\u00e1rgyalnak a b\u00e9remel\u00e9sekr\u0151l az \u00e1llami c\u00e9gekn\u00e9l | AllasOrias.hu | H\u00edrek-lapszemle","og:description":"\u00dagy t\u0171nik, hogy m\u00e9g t\u00e1rgyal\u00e1sok kezd\u0151dhetnek az \u00e1llami c\u00e9gek munkav\u00e1llal\u00f3inak kereset\u00e9r\u0151l, ha a kor\u00e1bbi meg\u00e1llapod\u00e1s lez\u00e1rult, teh\u00e1t a 2019-re tervezett, \u00e1tlagosan \u00f6tsz\u00e1zal\u00e9kos b\u00e9remel\u00e9s differenci\u00e1l\u00e1s\u00e1r\u00f3l megegyeztek a szakszervezetek \u00e9s a v\u00e1llalatok \u2014 \u00e9rtes\u00fclt a Magyar Nemzet. A szakszervezetek szerint a munkaer\u0151piaci helyzet miatt n\u00e9lk\u00fcl\u00f6zhetetlen \u00faj b\u00e9rmeg\u00e1llapod\u00e1sr\u00f3l t\u00e1rgyalni az \u00e1llami fenntart\u00e1s\u00fa k\u00f6zszolg\u00e1ltat\u00f3kn\u00e1l. A k\u00e9s\u0151bbiekben m\u00e1r meg\u00e1llapodhatnak az","og:url":"https:\/\/allasorias.hu\/hirek\/meg-targyalnak-a-beremelesekrol-az-allami-cegeknel\/","og:image":"https:\/\/allasorias.hu\/hirek\/wp-content\/uploads\/2019\/02\/pexels-photo-1059109.jpeg","og:image:secure_url":"https:\/\/allasorias.hu\/hirek\/wp-content\/uploads\/2019\/02\/pexels-photo-1059109.jpeg","og:image:width":640,"og:image:height":426,"article:published_time":"2019-02-20T12:53:44+00:00","article:modified_time":"2019-02-20T12:53:44+00:00","article:publisher":"https:\/\/www.facebook.com\/allasorias","twitter:card":"summary_large_image","twitter:title":"M\u00e9g t\u00e1rgyalnak a b\u00e9remel\u00e9sekr\u0151l az \u00e1llami c\u00e9gekn\u00e9l | AllasOrias.hu | H\u00edrek-lapszemle","twitter:description":"\u00dagy t\u0171nik, hogy m\u00e9g t\u00e1rgyal\u00e1sok kezd\u0151dhetnek az \u00e1llami c\u00e9gek munkav\u00e1llal\u00f3inak kereset\u00e9r\u0151l, ha a kor\u00e1bbi meg\u00e1llapod\u00e1s lez\u00e1rult, teh\u00e1t a 2019-re tervezett, \u00e1tlagosan \u00f6tsz\u00e1zal\u00e9kos b\u00e9remel\u00e9s differenci\u00e1l\u00e1s\u00e1r\u00f3l megegyeztek a szakszervezetek \u00e9s a v\u00e1llalatok \u2014 \u00e9rtes\u00fclt a Magyar Nemzet. A szakszervezetek szerint a munkaer\u0151piaci helyzet miatt n\u00e9lk\u00fcl\u00f6zhetetlen \u00faj b\u00e9rmeg\u00e1llapod\u00e1sr\u00f3l t\u00e1rgyalni az \u00e1llami fenntart\u00e1s\u00fa k\u00f6zszolg\u00e1ltat\u00f3kn\u00e1l. A k\u00e9s\u0151bbiekben m\u00e1r meg\u00e1llapodhatnak az","twitter:image":"https:\/\/allasorias.hu\/hirek\/wp-content\/uploads\/2019\/02\/pexels-photo-1059109.jpeg","twitter:label1":"Written by","twitter:data1":"Juh\u00e1sz P\u00e9ter","twitter:label2":"Est. reading time","twitter:data2":"2 minutes"},"aioseo_meta_data":{"post_id":"2572","title":null,"description":null,"keywords":null,"keyphrases":null,"primary_term":null,"canonical_url":null,"og_title":null,"og_description":null,"og_object_type":"default","og_image_type":"default","og_image_url":null,"og_image_width":null,"og_image_height":null,"og_image_custom_url":null,"og_image_custom_fields":null,"og_video":null,"og_custom_url":null,"og_article_section":null,"og_article_tags":null,"twitter_use_og":false,"twitter_card":"default","twitter_image_type":"default","twitter_image_url":null,"twitter_image_custom_url":null,"twitter_image_custom_fields":null,"twitter_title":null,"twitter_description":null,"schema":{"blockGraphs":[],"customGraphs":[],"default":{"data":{"Article":[],"Course":[],"Dataset":[],"FAQPage":[],"Movie":[],"Person":[],"Product":[],"ProductReview":[],"Car":[],"Recipe":[],"Service":[],"SoftwareApplication":[],"WebPage":[]},"graphName":"","isEnabled":true},"graphs":[],"defaultGraph":"","defaultPostTypeGraph":""},"schema_type":null,"schema_type_options":null,"pillar_content":false,"robots_default":true,"robots_noindex":false,"robots_noarchive":false,"robots_nosnippet":false,"robots_nofollow":false,"robots_noimageindex":false,"robots_noodp":false,"robots_notranslate":false,"robots_max_snippet":null,"robots_max_videopreview":null,"robots_max_imagepreview":"large","priority":null,"frequency":null,"location":null,"local_seo":null,"breadcrumb_settings":null,"limit_modified_date":false,"ai":null,"created":"2021-02-01 20:46:57","updated":"2025-10-02 10:01:57","seo_analyzer_scan_date":null,"focus_keyword":null,"additional_keywords":null,"truseo_locale":null},"aioseo_breadcrumb":"<div class=\"aioseo-breadcrumbs\"><span class=\"aioseo-breadcrumb\">\n\t\t\t<a href=\"https:\/\/allasorias.hu\/hirek\" title=\"Home\">Home<\/a>\n\t\t<\/span><span class=\"aioseo-breadcrumb-separator\">&raquo;<\/span><span class=\"aioseo-breadcrumb\">\n\t\t\t<a href=\"https:\/\/allasorias.hu\/hirek\/temak\/gazdasag\/\" title=\"Gazdas\u00e1g\">Gazdas\u00e1g<\/a>\n\t\t<\/span><span class=\"aioseo-breadcrumb-separator\">&raquo;<\/span><span class=\"aioseo-breadcrumb\">\n\t\t\tM\u00e9g t\u00e1rgyalnak a  b\u00e9remel\u00e9sekr\u0151l az \u00e1llami c\u00e9gekn\u00e9l\n\t\t<\/span><\/div>","aioseo_breadcrumb_json":[{"label":"Home","link":"https:\/\/allasorias.hu\/hirek"},{"label":"Gazdas\u00e1g","link":"https:\/\/allasorias.hu\/hirek\/temak\/gazdasag\/"},{"label":"M\u00e9g t\u00e1rgyalnak a  b\u00e9remel\u00e9sekr\u0151l az \u00e1llami c\u00e9gekn\u00e9l","link":"https:\/\/allasorias.hu\/hirek\/meg-targyalnak-a-beremelesekrol-az-allami-cegeknel\/"}],"_links":{"self":[{"href":"https:\/\/allasorias.hu\/hirek\/wp-json\/wp\/v2\/posts\/2572","targetHints":{"allow":["GET"]}}],"collection":[{"href":"https:\/\/allasorias.hu\/hirek\/wp-json\/wp\/v2\/posts"}],"about":[{"href":"https:\/\/allasorias.hu\/hirek\/wp-json\/wp\/v2\/types\/post"}],"author":[{"embeddable":true,"href":"https:\/\/allasorias.hu\/hirek\/wp-json\/wp\/v2\/users\/1"}],"replies":[{"embeddable":true,"href":"https:\/\/allasorias.hu\/hirek\/wp-json\/wp\/v2\/comments?post=2572"}],"version-history":[{"count":1,"href":"https:\/\/allasorias.hu\/hirek\/wp-json\/wp\/v2\/posts\/2572\/revisions"}],"predecessor-version":[{"id":2574,"href":"https:\/\/allasorias.hu\/hirek\/wp-json\/wp\/v2\/posts\/2572\/revisions\/2574"}],"wp:featuredmedia":[{"embeddable":true,"href":"https:\/\/allasorias.hu\/hirek\/wp-json\/wp\/v2\/media\/2573"}],"wp:attachment":[{"href":"https:\/\/allasorias.hu\/hirek\/wp-json\/wp\/v2\/media?parent=2572"}],"wp:term":[{"taxonomy":"category","embeddable":true,"href":"https:\/\/allasorias.hu\/hirek\/wp-json\/wp\/v2\/categories?post=2572"},{"taxonomy":"post_tag","embeddable":true,"href":"https:\/\/allasorias.hu\/hirek\/wp-json\/wp\/v2\/tags?post=2572"}],"curies":[{"name":"wp","href":"https:\/\/api.w.org\/{rel}","templated":true}]}}