{"id":2550,"date":"2019-02-13T10:18:48","date_gmt":"2019-02-13T10:18:48","guid":{"rendered":"https:\/\/allasorias.hu\/hirek\/?p=2550"},"modified":"2019-02-13T10:49:05","modified_gmt":"2019-02-13T10:49:05","slug":"gazdasagi-migracio-mikor-lesz-vege","status":"publish","type":"post","link":"https:\/\/allasorias.hu\/hirek\/gazdasagi-migracio-mikor-lesz-vege\/","title":{"rendered":"Gazdas\u00e1gi migr\u00e1ci\u00f3 \u2013 Mikor lesz v\u00e9ge?"},"content":{"rendered":"<p><strong>R\u00e9gi\u00f3nkban a gazdas\u00e1gi migr\u00e1ci\u00f3 m\u00e1r eddig is \u00f3ri\u00e1si probl\u00e9m\u00e1kat okozott, s Zoran Dordevic szerb szoci\u00e1lis miniszter m\u00e1r ny\u00edltan besz\u00e9l arr\u00f3l, hogy sok szerb ugyan turistak\u00e9nt utazik k\u00fclf\u00f6ldre, v\u00e9g\u00fcl m\u00e9gis ott v\u00e1llal munk\u00e1t.<\/strong><\/p>\n<p>A szerbek egy koordin\u00e1ci\u00f3s csoportot hoztak l\u00e9tre, amely figyelemmel k\u00eds\u00e9ri a Szerbi\u00e1b\u00f3l kiindul\u00f3 gazdas\u00e1gi migr\u00e1ci\u00f3t, hogy ezut\u00e1n akci\u00f3tervet dolgozzanak ki az elv\u00e1ndorl\u00e1s okozta probl\u00e9m\u00e1k orvosl\u00e1s\u00e1ra. Jelenleg ugyanis m\u00e9g pontos felm\u00e9r\u00e9sek sincsenek az elv\u00e1ndorl\u00e1sr\u00f3l, a becsl\u00e9sek szerint \u00e9vente 40 \u00e9s 70 ezer k\u00f6z\u00f6tt mozog azok sz\u00e1ma, akik Nyugat-Eur\u00f3p\u00e1ban pr\u00f3b\u00e1lnak szerencs\u00e9t. K\u00f6zeleg \u00a0\u00a0az a d\u00e1tum, amikort\u00f3l nem uni\u00f3s \u00e1llampolg\u00e1rok szabadon v\u00e1llalhatnak munk\u00e1t N\u00e9metorsz\u00e1gban. Berlin ugyanis decemberben elfogadta azt a t\u00f6rv\u00e9nyt, amelynek \u00e9rtelm\u00e9ben 2020-t\u00f3l lehet\u0151v\u00e9 teszik a nem eur\u00f3pai uni\u00f3s orsz\u00e1gokb\u00f3l \u00e9rkez\u0151, k\u00e9pzett munkaer\u0151 alkalmaz\u00e1s\u00e1t. Az \u00faj szab\u00e1lyoz\u00e1s \u00e9rtelm\u00e9ben a j\u00f6v\u0151ben a n\u00e9metorsz\u00e1gi munkaad\u00f3knak m\u00e1r nem kell bizony\u00edtaniuk, hogy az adott munkahelyre nem tal\u00e1ltak megfelel\u0151 munkaer\u0151t odahaza vagy az Eur\u00f3pai Uni\u00f3ban. Emellett a v\u00e1rosoknak \u00e9s \u00f6nkorm\u00e1nyzatoknak is adott a lehet\u0151s\u00e9g, hogy maguk v\u00e1ltoztass\u00e1k meg az el\u0151\u00edr\u00e1sokat a munkaer\u0151piac v\u00e1ltoz\u00e1saival \u00f6sszhangban. N\u00e9metorsz\u00e1gban m\u00e1r 1,2 milli\u00f3 szabad munkahely van, ahov\u00e1 nem tal\u00e1lnak dolgoz\u00f3t. A j\u00f6v\u0151re \u00e9letbe l\u00e9p\u0151 v\u00e1ltoztat\u00e1soknak k\u00f6sz\u00f6nhet\u0151en azonban rengeteg nyugat-balk\u00e1ni orsz\u00e1gb\u00f3l \u00e9rkez\u0151 munk\u00e1s sz\u00e1m\u00e1ra v\u00e1lik lehet\u0151v\u00e9 a munkav\u00e1llal\u00e1s \u00e9s a leteleped\u00e9s. Nem csak Szerbia n\u00e9z szembe hasonl\u00f3 elv\u00e1ndorl\u00e1si hull\u00e1mmal. Horv\u00e1torsz\u00e1g m\u00e9g hat \u00e9vvel ezel\u0151tt csatlakozott az Eur\u00f3pai Uni\u00f3hoz, az\u00f3ta egyre nagyobb \u00fctemben fogy a lakoss\u00e1g. Csak 2017-ben 47 ezren t\u00e1voztak az orsz\u00e1gb\u00f3l. Rosszabb a helyzet Ukrajn\u00e1ban. A Geopolitical Futures elemz\u00e9se szerint az egyre m\u00e9lyebb szeg\u00e9nys\u00e9g \u00e9s a katonai beavatkoz\u00e1st\u00f3l val\u00f3 f\u00e9lelem \u00faj migr\u00e1ci\u00f3s hull\u00e1mot ind\u00edthat el Ukrajn\u00e1b\u00f3l. Az IMF szerint 2 \u00e9s 3 milli\u00f3 k\u00f6z\u00e9 tehet\u0151 azon ukr\u00e1nok sz\u00e1ma, akik k\u00fclf\u00f6ld\u00f6n dolgoznak. Ez pedig cseppet sem meglep\u0151 egy olyan orsz\u00e1gban, ahol 8 sz\u00e1zal\u00e9kr\u00f3l 55 sz\u00e1zal\u00e9kra n\u0151tt a szeg\u00e9nys\u00e9g 2014 \u00e9s 2017 k\u00f6z\u00f6tt. Sokan att\u00f3l tartanak, a j\u00f6v\u0151 \u00e9vt\u0151l m\u00e9g ink\u00e1bb felgyorsul a nem uni\u00f3s eur\u00f3pai orsz\u00e1gokb\u00f3l az elv\u00e1ndorl\u00e1s. Hab\u00e1r az egymilli\u00f3n\u00e1l is t\u00f6bb szabad n\u00e9metorsz\u00e1gi munkahely rendk\u00edv\u00fcl vonz\u00f3 az uni\u00f3s integr\u00e1ci\u00f3b\u00f3l kimaradt \u2013 vagy abban megrekedt \u2013 r\u00e9gi\u00f3s orsz\u00e1gok lak\u00f3inak, a munkaer\u0151 elsz\u00edv\u00e1sa minden eddigin\u00e9l nehezebb helyzetbe sodorhatja r\u00e9gi\u00f3nk gazdas\u00e1gait. Olyannyira, hogy ma m\u00e1r, amikor cs\u00f6kken\u0151 munkan\u00e9lk\u00fclis\u00e9gr\u0151l besz\u00e9lnek a statisztik\u00e1k, mindenki tudja, val\u00f3j\u00e1ban csak a gazdas\u00e1gi migr\u00e1ci\u00f3 gyorsult fel.<\/p>\n<p>Forr\u00e1s:magyarhang.org<\/p>\n","protected":false},"excerpt":{"rendered":"<p>R\u00e9gi\u00f3nkban a gazdas\u00e1gi migr\u00e1ci\u00f3 m\u00e1r eddig is \u00f3ri\u00e1si probl\u00e9m\u00e1kat okozott, s Zoran Dordevic szerb szoci\u00e1lis miniszter m\u00e1r ny\u00edltan besz\u00e9l arr\u00f3l, hogy sok szerb ugyan turistak\u00e9nt utazik k\u00fclf\u00f6ldre, v\u00e9g\u00fcl m\u00e9gis ott v\u00e1llal munk\u00e1t. A szerbek egy koordin\u00e1ci\u00f3s csoportot hoztak l\u00e9tre, amely figyelemmel k\u00eds\u00e9ri a Szerbi\u00e1b\u00f3l kiindul\u00f3 gazdas\u00e1gi migr\u00e1ci\u00f3t, hogy ezut\u00e1n akci\u00f3tervet dolgozzanak ki az elv\u00e1ndorl\u00e1s okozta [&hellip;]<\/p>\n","protected":false},"author":1,"featured_media":2351,"comment_status":"open","ping_status":"open","sticky":false,"template":"","format":"standard","meta":{"_monsterinsights_skip_tracking":false,"footnotes":""},"categories":[198,201],"tags":[],"class_list":["post-2550","post","type-post","status-publish","format-standard","has-post-thumbnail","hentry","category-gazdasag","category-kulfold"],"aioseo_notices":[],"aioseo_head":"\n\t\t<!-- All in One SEO 5.0.0.1 - aioseo.com -->\n\t<meta name=\"description\" content=\"R\u00e9gi\u00f3nkban a gazdas\u00e1gi migr\u00e1ci\u00f3 m\u00e1r eddig is \u00f3ri\u00e1si probl\u00e9m\u00e1kat okozott, s Zoran Dordevic szerb szoci\u00e1lis miniszter m\u00e1r ny\u00edltan besz\u00e9l arr\u00f3l, hogy sok szerb ugyan turistak\u00e9nt utazik k\u00fclf\u00f6ldre, v\u00e9g\u00fcl m\u00e9gis ott v\u00e1llal munk\u00e1t. A szerbek egy koordin\u00e1ci\u00f3s csoportot hoztak l\u00e9tre, amely figyelemmel k\u00eds\u00e9ri a Szerbi\u00e1b\u00f3l kiindul\u00f3 gazdas\u00e1gi migr\u00e1ci\u00f3t, hogy ezut\u00e1n akci\u00f3tervet dolgozzanak ki az elv\u00e1ndorl\u00e1s okozta\" \/>\n\t<meta name=\"robots\" content=\"max-image-preview:large\" \/>\n\t<meta name=\"author\" content=\"Juh\u00e1sz P\u00e9ter\"\/>\n\t<link rel=\"canonical\" href=\"https:\/\/allasorias.hu\/hirek\/gazdasagi-migracio-mikor-lesz-vege\/\" \/>\n\t<meta name=\"generator\" content=\"All in One SEO (AIOSEO) 5.0.0.1\" \/>\n\t\t<meta property=\"og:locale\" content=\"hu_HU\" \/>\n\t\t<meta property=\"og:site_name\" content=\"AllasOrias.hu | H\u00edrek-lapszemle | \u00dczleti h\u00edrek az \u00e1ll\u00e1s \u00e9s a munka vil\u00e1g\u00e1b\u00f3l\" \/>\n\t\t<meta property=\"og:type\" content=\"article\" \/>\n\t\t<meta property=\"og:title\" content=\"Gazdas\u00e1gi migr\u00e1ci\u00f3 \u2013 Mikor lesz v\u00e9ge? | AllasOrias.hu | H\u00edrek-lapszemle\" \/>\n\t\t<meta property=\"og:description\" content=\"R\u00e9gi\u00f3nkban a gazdas\u00e1gi migr\u00e1ci\u00f3 m\u00e1r eddig is \u00f3ri\u00e1si probl\u00e9m\u00e1kat okozott, s Zoran Dordevic szerb szoci\u00e1lis miniszter m\u00e1r ny\u00edltan besz\u00e9l arr\u00f3l, hogy sok szerb ugyan turistak\u00e9nt utazik k\u00fclf\u00f6ldre, v\u00e9g\u00fcl m\u00e9gis ott v\u00e1llal munk\u00e1t. A szerbek egy koordin\u00e1ci\u00f3s csoportot hoztak l\u00e9tre, amely figyelemmel k\u00eds\u00e9ri a Szerbi\u00e1b\u00f3l kiindul\u00f3 gazdas\u00e1gi migr\u00e1ci\u00f3t, hogy ezut\u00e1n akci\u00f3tervet dolgozzanak ki az elv\u00e1ndorl\u00e1s okozta\" \/>\n\t\t<meta property=\"og:url\" content=\"https:\/\/allasorias.hu\/hirek\/gazdasagi-migracio-mikor-lesz-vege\/\" \/>\n\t\t<meta property=\"og:image\" content=\"https:\/\/allasorias.hu\/hirek\/wp-content\/uploads\/2018\/12\/pexels-photo-356079.jpeg\" \/>\n\t\t<meta property=\"og:image:secure_url\" content=\"https:\/\/allasorias.hu\/hirek\/wp-content\/uploads\/2018\/12\/pexels-photo-356079.jpeg\" \/>\n\t\t<meta property=\"og:image:width\" content=\"640\" \/>\n\t\t<meta property=\"og:image:height\" content=\"387\" \/>\n\t\t<meta property=\"article:published_time\" content=\"2019-02-13T10:18:48+00:00\" \/>\n\t\t<meta property=\"article:modified_time\" content=\"2019-02-13T10:49:05+00:00\" \/>\n\t\t<meta property=\"article:publisher\" content=\"https:\/\/www.facebook.com\/allasorias\" \/>\n\t\t<meta name=\"twitter:card\" content=\"summary_large_image\" \/>\n\t\t<meta name=\"twitter:title\" content=\"Gazdas\u00e1gi migr\u00e1ci\u00f3 \u2013 Mikor lesz v\u00e9ge? | AllasOrias.hu | H\u00edrek-lapszemle\" \/>\n\t\t<meta name=\"twitter:description\" content=\"R\u00e9gi\u00f3nkban a gazdas\u00e1gi migr\u00e1ci\u00f3 m\u00e1r eddig is \u00f3ri\u00e1si probl\u00e9m\u00e1kat okozott, s Zoran Dordevic szerb szoci\u00e1lis miniszter m\u00e1r ny\u00edltan besz\u00e9l arr\u00f3l, hogy sok szerb ugyan turistak\u00e9nt utazik k\u00fclf\u00f6ldre, v\u00e9g\u00fcl m\u00e9gis ott v\u00e1llal munk\u00e1t. A szerbek egy koordin\u00e1ci\u00f3s csoportot hoztak l\u00e9tre, amely figyelemmel k\u00eds\u00e9ri a Szerbi\u00e1b\u00f3l kiindul\u00f3 gazdas\u00e1gi migr\u00e1ci\u00f3t, hogy ezut\u00e1n akci\u00f3tervet dolgozzanak ki az elv\u00e1ndorl\u00e1s okozta\" \/>\n\t\t<meta name=\"twitter:image\" content=\"https:\/\/allasorias.hu\/hirek\/wp-content\/uploads\/2018\/12\/pexels-photo-356079.jpeg\" \/>\n\t\t<meta name=\"twitter:label1\" content=\"Written by\" \/>\n\t\t<meta name=\"twitter:data1\" content=\"Juh\u00e1sz P\u00e9ter\" \/>\n\t\t<meta name=\"twitter:label2\" content=\"Est. reading time\" \/>\n\t\t<meta name=\"twitter:data2\" content=\"3 minutes\" \/>\n\t\t<script type=\"application\/ld+json\" class=\"aioseo-schema\">\n\t\t\t{\"@context\":\"https:\\\/\\\/schema.org\",\"@graph\":[{\"@type\":\"Article\",\"@id\":\"https:\\\/\\\/allasorias.hu\\\/hirek\\\/gazdasagi-migracio-mikor-lesz-vege\\\/#article\",\"name\":\"Gazdas\\u00e1gi migr\\u00e1ci\\u00f3 \\u2013 Mikor lesz v\\u00e9ge? | AllasOrias.hu | H\\u00edrek-lapszemle\",\"headline\":\"Gazdas\\u00e1gi migr\\u00e1ci\\u00f3 \\u2013 Mikor lesz v\\u00e9ge?\",\"author\":{\"@id\":\"https:\\\/\\\/allasorias.hu\\\/hirek\\\/author\\\/admin-allasorias\\\/#author\"},\"publisher\":{\"@id\":\"https:\\\/\\\/allasorias.hu\\\/hirek\\\/#organization\"},\"image\":{\"@type\":\"ImageObject\",\"url\":\"https:\\\/\\\/allasorias.hu\\\/hirek\\\/wp-content\\\/uploads\\\/2018\\\/12\\\/pexels-photo-356079.jpeg\",\"width\":640,\"height\":387},\"datePublished\":\"2019-02-13T10:18:48+02:00\",\"dateModified\":\"2019-02-13T10:49:05+02:00\",\"inLanguage\":\"hu-HU\",\"mainEntityOfPage\":{\"@id\":\"https:\\\/\\\/allasorias.hu\\\/hirek\\\/gazdasagi-migracio-mikor-lesz-vege\\\/#webpage\"},\"isPartOf\":{\"@id\":\"https:\\\/\\\/allasorias.hu\\\/hirek\\\/gazdasagi-migracio-mikor-lesz-vege\\\/#webpage\"},\"articleSection\":\"Gazdas\\u00e1g, K\\u00fclf\\u00f6ld\"},{\"@type\":\"BreadcrumbList\",\"@id\":\"https:\\\/\\\/allasorias.hu\\\/hirek\\\/gazdasagi-migracio-mikor-lesz-vege\\\/#breadcrumblist\",\"itemListElement\":[{\"@type\":\"ListItem\",\"@id\":\"https:\\\/\\\/allasorias.hu\\\/hirek#listItem\",\"position\":1,\"name\":\"Home\",\"item\":\"https:\\\/\\\/allasorias.hu\\\/hirek\",\"nextItem\":{\"@type\":\"ListItem\",\"@id\":\"https:\\\/\\\/allasorias.hu\\\/hirek\\\/temak\\\/gazdasag\\\/#listItem\",\"name\":\"Gazdas\\u00e1g\"}},{\"@type\":\"ListItem\",\"@id\":\"https:\\\/\\\/allasorias.hu\\\/hirek\\\/temak\\\/gazdasag\\\/#listItem\",\"position\":2,\"name\":\"Gazdas\\u00e1g\",\"item\":\"https:\\\/\\\/allasorias.hu\\\/hirek\\\/temak\\\/gazdasag\\\/\",\"nextItem\":{\"@type\":\"ListItem\",\"@id\":\"https:\\\/\\\/allasorias.hu\\\/hirek\\\/gazdasagi-migracio-mikor-lesz-vege\\\/#listItem\",\"name\":\"Gazdas\\u00e1gi migr\\u00e1ci\\u00f3 \\u2013 Mikor lesz v\\u00e9ge?\"},\"previousItem\":{\"@type\":\"ListItem\",\"@id\":\"https:\\\/\\\/allasorias.hu\\\/hirek#listItem\",\"name\":\"Home\"}},{\"@type\":\"ListItem\",\"@id\":\"https:\\\/\\\/allasorias.hu\\\/hirek\\\/gazdasagi-migracio-mikor-lesz-vege\\\/#listItem\",\"position\":3,\"name\":\"Gazdas\\u00e1gi migr\\u00e1ci\\u00f3 \\u2013 Mikor lesz v\\u00e9ge?\",\"previousItem\":{\"@type\":\"ListItem\",\"@id\":\"https:\\\/\\\/allasorias.hu\\\/hirek\\\/temak\\\/gazdasag\\\/#listItem\",\"name\":\"Gazdas\\u00e1g\"}}]},{\"@type\":\"Organization\",\"@id\":\"https:\\\/\\\/allasorias.hu\\\/hirek\\\/#organization\",\"name\":\"AllasOrias.hu | H\\u00edrek-lapszemle\",\"description\":\"\\u00dczleti h\\u00edrek az \\u00e1ll\\u00e1s \\u00e9s a munka vil\\u00e1g\\u00e1b\\u00f3l\",\"url\":\"https:\\\/\\\/allasorias.hu\\\/hirek\\\/\",\"logo\":{\"@type\":\"ImageObject\",\"url\":\"https:\\\/\\\/allasorias.hu\\\/hirek\\\/wp-content\\\/uploads\\\/2022\\\/10\\\/allasorias_site_facebok_logo.png\",\"@id\":\"https:\\\/\\\/allasorias.hu\\\/hirek\\\/gazdasagi-migracio-mikor-lesz-vege\\\/#organizationLogo\"},\"image\":{\"@id\":\"https:\\\/\\\/allasorias.hu\\\/hirek\\\/gazdasagi-migracio-mikor-lesz-vege\\\/#organizationLogo\"},\"sameAs\":[\"https:\\\/\\\/www.facebook.com\\\/allasorias\",\"https:\\\/\\\/www.linkedin.com\\\/company\\\/allasorias\"]},{\"@type\":\"Person\",\"@id\":\"https:\\\/\\\/allasorias.hu\\\/hirek\\\/author\\\/admin-allasorias\\\/#author\",\"url\":\"https:\\\/\\\/allasorias.hu\\\/hirek\\\/author\\\/admin-allasorias\\\/\",\"name\":\"Juh\\u00e1sz P\\u00e9ter\",\"image\":{\"@type\":\"ImageObject\",\"@id\":\"https:\\\/\\\/allasorias.hu\\\/hirek\\\/gazdasagi-migracio-mikor-lesz-vege\\\/#authorImage\",\"url\":\"https:\\\/\\\/secure.gravatar.com\\\/avatar\\\/36e6bcb83148978b992977cb0f54d22feb0cce8a0a849a9410532bb2623ba4c6?s=96&d=mm&r=g\",\"width\":96,\"height\":96,\"caption\":\"Juh\\u00e1sz P\\u00e9ter\"}},{\"@type\":\"WebPage\",\"@id\":\"https:\\\/\\\/allasorias.hu\\\/hirek\\\/gazdasagi-migracio-mikor-lesz-vege\\\/#webpage\",\"url\":\"https:\\\/\\\/allasorias.hu\\\/hirek\\\/gazdasagi-migracio-mikor-lesz-vege\\\/\",\"name\":\"Gazdas\\u00e1gi migr\\u00e1ci\\u00f3 \\u2013 Mikor lesz v\\u00e9ge? | AllasOrias.hu | H\\u00edrek-lapszemle\",\"description\":\"R\\u00e9gi\\u00f3nkban a gazdas\\u00e1gi migr\\u00e1ci\\u00f3 m\\u00e1r eddig is \\u00f3ri\\u00e1si probl\\u00e9m\\u00e1kat okozott, s Zoran Dordevic szerb szoci\\u00e1lis miniszter m\\u00e1r ny\\u00edltan besz\\u00e9l arr\\u00f3l, hogy sok szerb ugyan turistak\\u00e9nt utazik k\\u00fclf\\u00f6ldre, v\\u00e9g\\u00fcl m\\u00e9gis ott v\\u00e1llal munk\\u00e1t. A szerbek egy koordin\\u00e1ci\\u00f3s csoportot hoztak l\\u00e9tre, amely figyelemmel k\\u00eds\\u00e9ri a Szerbi\\u00e1b\\u00f3l kiindul\\u00f3 gazdas\\u00e1gi migr\\u00e1ci\\u00f3t, hogy ezut\\u00e1n akci\\u00f3tervet dolgozzanak ki az elv\\u00e1ndorl\\u00e1s okozta\",\"inLanguage\":\"hu-HU\",\"isPartOf\":{\"@id\":\"https:\\\/\\\/allasorias.hu\\\/hirek\\\/#website\"},\"breadcrumb\":{\"@id\":\"https:\\\/\\\/allasorias.hu\\\/hirek\\\/gazdasagi-migracio-mikor-lesz-vege\\\/#breadcrumblist\"},\"author\":{\"@id\":\"https:\\\/\\\/allasorias.hu\\\/hirek\\\/author\\\/admin-allasorias\\\/#author\"},\"creator\":{\"@id\":\"https:\\\/\\\/allasorias.hu\\\/hirek\\\/author\\\/admin-allasorias\\\/#author\"},\"image\":{\"@type\":\"ImageObject\",\"url\":\"https:\\\/\\\/allasorias.hu\\\/hirek\\\/wp-content\\\/uploads\\\/2018\\\/12\\\/pexels-photo-356079.jpeg\",\"@id\":\"https:\\\/\\\/allasorias.hu\\\/hirek\\\/gazdasagi-migracio-mikor-lesz-vege\\\/#mainImage\",\"width\":640,\"height\":387},\"primaryImageOfPage\":{\"@id\":\"https:\\\/\\\/allasorias.hu\\\/hirek\\\/gazdasagi-migracio-mikor-lesz-vege\\\/#mainImage\"},\"datePublished\":\"2019-02-13T10:18:48+02:00\",\"dateModified\":\"2019-02-13T10:49:05+02:00\"},{\"@type\":\"WebSite\",\"@id\":\"https:\\\/\\\/allasorias.hu\\\/hirek\\\/#website\",\"url\":\"https:\\\/\\\/allasorias.hu\\\/hirek\\\/\",\"name\":\"AllasOrias.hu | H\\u00edrek-lapszemle\",\"description\":\"\\u00dczleti h\\u00edrek az \\u00e1ll\\u00e1s \\u00e9s a munka vil\\u00e1g\\u00e1b\\u00f3l\",\"inLanguage\":\"hu-HU\",\"publisher\":{\"@id\":\"https:\\\/\\\/allasorias.hu\\\/hirek\\\/#organization\"}}]}\n\t\t<\/script>\n\t\t<!-- All in One SEO -->\n\n","aioseo_head_json":{"title":"Gazdas\u00e1gi migr\u00e1ci\u00f3 \u2013 Mikor lesz v\u00e9ge? | AllasOrias.hu | H\u00edrek-lapszemle","description":"R\u00e9gi\u00f3nkban a gazdas\u00e1gi migr\u00e1ci\u00f3 m\u00e1r eddig is \u00f3ri\u00e1si probl\u00e9m\u00e1kat okozott, s Zoran Dordevic szerb szoci\u00e1lis miniszter m\u00e1r ny\u00edltan besz\u00e9l arr\u00f3l, hogy sok szerb ugyan turistak\u00e9nt utazik k\u00fclf\u00f6ldre, v\u00e9g\u00fcl m\u00e9gis ott v\u00e1llal munk\u00e1t. A szerbek egy koordin\u00e1ci\u00f3s csoportot hoztak l\u00e9tre, amely figyelemmel k\u00eds\u00e9ri a Szerbi\u00e1b\u00f3l kiindul\u00f3 gazdas\u00e1gi migr\u00e1ci\u00f3t, hogy ezut\u00e1n akci\u00f3tervet dolgozzanak ki az elv\u00e1ndorl\u00e1s okozta","canonical_url":"https:\/\/allasorias.hu\/hirek\/gazdasagi-migracio-mikor-lesz-vege\/","robots":"max-image-preview:large","keywords":"","webmasterTools":{"miscellaneous":""},"schema":{"@context":"https:\/\/schema.org","@graph":[{"@type":"Article","@id":"https:\/\/allasorias.hu\/hirek\/gazdasagi-migracio-mikor-lesz-vege\/#article","name":"Gazdas\u00e1gi migr\u00e1ci\u00f3 \u2013 Mikor lesz v\u00e9ge? | AllasOrias.hu | H\u00edrek-lapszemle","headline":"Gazdas\u00e1gi migr\u00e1ci\u00f3 \u2013 Mikor lesz v\u00e9ge?","author":{"@id":"https:\/\/allasorias.hu\/hirek\/author\/admin-allasorias\/#author"},"publisher":{"@id":"https:\/\/allasorias.hu\/hirek\/#organization"},"image":{"@type":"ImageObject","url":"https:\/\/allasorias.hu\/hirek\/wp-content\/uploads\/2018\/12\/pexels-photo-356079.jpeg","width":640,"height":387},"datePublished":"2019-02-13T10:18:48+02:00","dateModified":"2019-02-13T10:49:05+02:00","inLanguage":"hu-HU","mainEntityOfPage":{"@id":"https:\/\/allasorias.hu\/hirek\/gazdasagi-migracio-mikor-lesz-vege\/#webpage"},"isPartOf":{"@id":"https:\/\/allasorias.hu\/hirek\/gazdasagi-migracio-mikor-lesz-vege\/#webpage"},"articleSection":"Gazdas\u00e1g, K\u00fclf\u00f6ld"},{"@type":"BreadcrumbList","@id":"https:\/\/allasorias.hu\/hirek\/gazdasagi-migracio-mikor-lesz-vege\/#breadcrumblist","itemListElement":[{"@type":"ListItem","@id":"https:\/\/allasorias.hu\/hirek#listItem","position":1,"name":"Home","item":"https:\/\/allasorias.hu\/hirek","nextItem":{"@type":"ListItem","@id":"https:\/\/allasorias.hu\/hirek\/temak\/gazdasag\/#listItem","name":"Gazdas\u00e1g"}},{"@type":"ListItem","@id":"https:\/\/allasorias.hu\/hirek\/temak\/gazdasag\/#listItem","position":2,"name":"Gazdas\u00e1g","item":"https:\/\/allasorias.hu\/hirek\/temak\/gazdasag\/","nextItem":{"@type":"ListItem","@id":"https:\/\/allasorias.hu\/hirek\/gazdasagi-migracio-mikor-lesz-vege\/#listItem","name":"Gazdas\u00e1gi migr\u00e1ci\u00f3 \u2013 Mikor lesz v\u00e9ge?"},"previousItem":{"@type":"ListItem","@id":"https:\/\/allasorias.hu\/hirek#listItem","name":"Home"}},{"@type":"ListItem","@id":"https:\/\/allasorias.hu\/hirek\/gazdasagi-migracio-mikor-lesz-vege\/#listItem","position":3,"name":"Gazdas\u00e1gi migr\u00e1ci\u00f3 \u2013 Mikor lesz v\u00e9ge?","previousItem":{"@type":"ListItem","@id":"https:\/\/allasorias.hu\/hirek\/temak\/gazdasag\/#listItem","name":"Gazdas\u00e1g"}}]},{"@type":"Organization","@id":"https:\/\/allasorias.hu\/hirek\/#organization","name":"AllasOrias.hu | H\u00edrek-lapszemle","description":"\u00dczleti h\u00edrek az \u00e1ll\u00e1s \u00e9s a munka vil\u00e1g\u00e1b\u00f3l","url":"https:\/\/allasorias.hu\/hirek\/","logo":{"@type":"ImageObject","url":"https:\/\/allasorias.hu\/hirek\/wp-content\/uploads\/2022\/10\/allasorias_site_facebok_logo.png","@id":"https:\/\/allasorias.hu\/hirek\/gazdasagi-migracio-mikor-lesz-vege\/#organizationLogo"},"image":{"@id":"https:\/\/allasorias.hu\/hirek\/gazdasagi-migracio-mikor-lesz-vege\/#organizationLogo"},"sameAs":["https:\/\/www.facebook.com\/allasorias","https:\/\/www.linkedin.com\/company\/allasorias"]},{"@type":"Person","@id":"https:\/\/allasorias.hu\/hirek\/author\/admin-allasorias\/#author","url":"https:\/\/allasorias.hu\/hirek\/author\/admin-allasorias\/","name":"Juh\u00e1sz P\u00e9ter","image":{"@type":"ImageObject","@id":"https:\/\/allasorias.hu\/hirek\/gazdasagi-migracio-mikor-lesz-vege\/#authorImage","url":"https:\/\/secure.gravatar.com\/avatar\/36e6bcb83148978b992977cb0f54d22feb0cce8a0a849a9410532bb2623ba4c6?s=96&d=mm&r=g","width":96,"height":96,"caption":"Juh\u00e1sz P\u00e9ter"}},{"@type":"WebPage","@id":"https:\/\/allasorias.hu\/hirek\/gazdasagi-migracio-mikor-lesz-vege\/#webpage","url":"https:\/\/allasorias.hu\/hirek\/gazdasagi-migracio-mikor-lesz-vege\/","name":"Gazdas\u00e1gi migr\u00e1ci\u00f3 \u2013 Mikor lesz v\u00e9ge? | AllasOrias.hu | H\u00edrek-lapszemle","description":"R\u00e9gi\u00f3nkban a gazdas\u00e1gi migr\u00e1ci\u00f3 m\u00e1r eddig is \u00f3ri\u00e1si probl\u00e9m\u00e1kat okozott, s Zoran Dordevic szerb szoci\u00e1lis miniszter m\u00e1r ny\u00edltan besz\u00e9l arr\u00f3l, hogy sok szerb ugyan turistak\u00e9nt utazik k\u00fclf\u00f6ldre, v\u00e9g\u00fcl m\u00e9gis ott v\u00e1llal munk\u00e1t. A szerbek egy koordin\u00e1ci\u00f3s csoportot hoztak l\u00e9tre, amely figyelemmel k\u00eds\u00e9ri a Szerbi\u00e1b\u00f3l kiindul\u00f3 gazdas\u00e1gi migr\u00e1ci\u00f3t, hogy ezut\u00e1n akci\u00f3tervet dolgozzanak ki az elv\u00e1ndorl\u00e1s okozta","inLanguage":"hu-HU","isPartOf":{"@id":"https:\/\/allasorias.hu\/hirek\/#website"},"breadcrumb":{"@id":"https:\/\/allasorias.hu\/hirek\/gazdasagi-migracio-mikor-lesz-vege\/#breadcrumblist"},"author":{"@id":"https:\/\/allasorias.hu\/hirek\/author\/admin-allasorias\/#author"},"creator":{"@id":"https:\/\/allasorias.hu\/hirek\/author\/admin-allasorias\/#author"},"image":{"@type":"ImageObject","url":"https:\/\/allasorias.hu\/hirek\/wp-content\/uploads\/2018\/12\/pexels-photo-356079.jpeg","@id":"https:\/\/allasorias.hu\/hirek\/gazdasagi-migracio-mikor-lesz-vege\/#mainImage","width":640,"height":387},"primaryImageOfPage":{"@id":"https:\/\/allasorias.hu\/hirek\/gazdasagi-migracio-mikor-lesz-vege\/#mainImage"},"datePublished":"2019-02-13T10:18:48+02:00","dateModified":"2019-02-13T10:49:05+02:00"},{"@type":"WebSite","@id":"https:\/\/allasorias.hu\/hirek\/#website","url":"https:\/\/allasorias.hu\/hirek\/","name":"AllasOrias.hu | H\u00edrek-lapszemle","description":"\u00dczleti h\u00edrek az \u00e1ll\u00e1s \u00e9s a munka vil\u00e1g\u00e1b\u00f3l","inLanguage":"hu-HU","publisher":{"@id":"https:\/\/allasorias.hu\/hirek\/#organization"}}]},"og:locale":"hu_HU","og:site_name":"AllasOrias.hu | H\u00edrek-lapszemle | \u00dczleti h\u00edrek az \u00e1ll\u00e1s \u00e9s a munka vil\u00e1g\u00e1b\u00f3l","og:type":"article","og:title":"Gazdas\u00e1gi migr\u00e1ci\u00f3 \u2013 Mikor lesz v\u00e9ge? | AllasOrias.hu | H\u00edrek-lapszemle","og:description":"R\u00e9gi\u00f3nkban a gazdas\u00e1gi migr\u00e1ci\u00f3 m\u00e1r eddig is \u00f3ri\u00e1si probl\u00e9m\u00e1kat okozott, s Zoran Dordevic szerb szoci\u00e1lis miniszter m\u00e1r ny\u00edltan besz\u00e9l arr\u00f3l, hogy sok szerb ugyan turistak\u00e9nt utazik k\u00fclf\u00f6ldre, v\u00e9g\u00fcl m\u00e9gis ott v\u00e1llal munk\u00e1t. A szerbek egy koordin\u00e1ci\u00f3s csoportot hoztak l\u00e9tre, amely figyelemmel k\u00eds\u00e9ri a Szerbi\u00e1b\u00f3l kiindul\u00f3 gazdas\u00e1gi migr\u00e1ci\u00f3t, hogy ezut\u00e1n akci\u00f3tervet dolgozzanak ki az elv\u00e1ndorl\u00e1s okozta","og:url":"https:\/\/allasorias.hu\/hirek\/gazdasagi-migracio-mikor-lesz-vege\/","og:image":"https:\/\/allasorias.hu\/hirek\/wp-content\/uploads\/2018\/12\/pexels-photo-356079.jpeg","og:image:secure_url":"https:\/\/allasorias.hu\/hirek\/wp-content\/uploads\/2018\/12\/pexels-photo-356079.jpeg","og:image:width":640,"og:image:height":387,"article:published_time":"2019-02-13T10:18:48+00:00","article:modified_time":"2019-02-13T10:49:05+00:00","article:publisher":"https:\/\/www.facebook.com\/allasorias","twitter:card":"summary_large_image","twitter:title":"Gazdas\u00e1gi migr\u00e1ci\u00f3 \u2013 Mikor lesz v\u00e9ge? | AllasOrias.hu | H\u00edrek-lapszemle","twitter:description":"R\u00e9gi\u00f3nkban a gazdas\u00e1gi migr\u00e1ci\u00f3 m\u00e1r eddig is \u00f3ri\u00e1si probl\u00e9m\u00e1kat okozott, s Zoran Dordevic szerb szoci\u00e1lis miniszter m\u00e1r ny\u00edltan besz\u00e9l arr\u00f3l, hogy sok szerb ugyan turistak\u00e9nt utazik k\u00fclf\u00f6ldre, v\u00e9g\u00fcl m\u00e9gis ott v\u00e1llal munk\u00e1t. A szerbek egy koordin\u00e1ci\u00f3s csoportot hoztak l\u00e9tre, amely figyelemmel k\u00eds\u00e9ri a Szerbi\u00e1b\u00f3l kiindul\u00f3 gazdas\u00e1gi migr\u00e1ci\u00f3t, hogy ezut\u00e1n akci\u00f3tervet dolgozzanak ki az elv\u00e1ndorl\u00e1s okozta","twitter:image":"https:\/\/allasorias.hu\/hirek\/wp-content\/uploads\/2018\/12\/pexels-photo-356079.jpeg","twitter:label1":"Written by","twitter:data1":"Juh\u00e1sz P\u00e9ter","twitter:label2":"Est. reading time","twitter:data2":"3 minutes"},"aioseo_meta_data":{"post_id":"2550","title":null,"description":null,"keywords":null,"keyphrases":null,"primary_term":null,"canonical_url":null,"og_title":null,"og_description":null,"og_object_type":"default","og_image_type":"default","og_image_url":null,"og_image_width":null,"og_image_height":null,"og_image_custom_url":null,"og_image_custom_fields":null,"og_video":null,"og_custom_url":null,"og_article_section":null,"og_article_tags":null,"twitter_use_og":false,"twitter_card":"default","twitter_image_type":"default","twitter_image_url":null,"twitter_image_custom_url":null,"twitter_image_custom_fields":null,"twitter_title":null,"twitter_description":null,"schema":{"blockGraphs":[],"customGraphs":[],"default":{"data":{"Article":[],"Course":[],"Dataset":[],"FAQPage":[],"Movie":[],"Person":[],"Product":[],"ProductReview":[],"Car":[],"Recipe":[],"Service":[],"SoftwareApplication":[],"WebPage":[]},"graphName":"","isEnabled":true},"graphs":[],"defaultGraph":"","defaultPostTypeGraph":""},"schema_type":null,"schema_type_options":null,"pillar_content":false,"robots_default":true,"robots_noindex":false,"robots_noarchive":false,"robots_nosnippet":false,"robots_nofollow":false,"robots_noimageindex":false,"robots_noodp":false,"robots_notranslate":false,"robots_max_snippet":null,"robots_max_videopreview":null,"robots_max_imagepreview":"large","priority":null,"frequency":null,"location":null,"local_seo":null,"breadcrumb_settings":null,"limit_modified_date":false,"ai":null,"created":"2021-02-01 20:46:57","updated":"2025-10-02 10:00:48","seo_analyzer_scan_date":null,"focus_keyword":null,"additional_keywords":null,"truseo_locale":null},"aioseo_breadcrumb":"<div class=\"aioseo-breadcrumbs\"><span class=\"aioseo-breadcrumb\">\n\t\t\t<a href=\"https:\/\/allasorias.hu\/hirek\" title=\"Home\">Home<\/a>\n\t\t<\/span><span class=\"aioseo-breadcrumb-separator\">&raquo;<\/span><span class=\"aioseo-breadcrumb\">\n\t\t\t<a href=\"https:\/\/allasorias.hu\/hirek\/temak\/gazdasag\/\" title=\"Gazdas\u00e1g\">Gazdas\u00e1g<\/a>\n\t\t<\/span><span class=\"aioseo-breadcrumb-separator\">&raquo;<\/span><span class=\"aioseo-breadcrumb\">\n\t\t\tGazdas\u00e1gi migr\u00e1ci\u00f3 \u2013 Mikor lesz v\u00e9ge?\n\t\t<\/span><\/div>","aioseo_breadcrumb_json":[{"label":"Home","link":"https:\/\/allasorias.hu\/hirek"},{"label":"Gazdas\u00e1g","link":"https:\/\/allasorias.hu\/hirek\/temak\/gazdasag\/"},{"label":"Gazdas\u00e1gi migr\u00e1ci\u00f3 \u2013 Mikor lesz v\u00e9ge?","link":"https:\/\/allasorias.hu\/hirek\/gazdasagi-migracio-mikor-lesz-vege\/"}],"_links":{"self":[{"href":"https:\/\/allasorias.hu\/hirek\/wp-json\/wp\/v2\/posts\/2550","targetHints":{"allow":["GET"]}}],"collection":[{"href":"https:\/\/allasorias.hu\/hirek\/wp-json\/wp\/v2\/posts"}],"about":[{"href":"https:\/\/allasorias.hu\/hirek\/wp-json\/wp\/v2\/types\/post"}],"author":[{"embeddable":true,"href":"https:\/\/allasorias.hu\/hirek\/wp-json\/wp\/v2\/users\/1"}],"replies":[{"embeddable":true,"href":"https:\/\/allasorias.hu\/hirek\/wp-json\/wp\/v2\/comments?post=2550"}],"version-history":[{"count":1,"href":"https:\/\/allasorias.hu\/hirek\/wp-json\/wp\/v2\/posts\/2550\/revisions"}],"predecessor-version":[{"id":2551,"href":"https:\/\/allasorias.hu\/hirek\/wp-json\/wp\/v2\/posts\/2550\/revisions\/2551"}],"wp:featuredmedia":[{"embeddable":true,"href":"https:\/\/allasorias.hu\/hirek\/wp-json\/wp\/v2\/media\/2351"}],"wp:attachment":[{"href":"https:\/\/allasorias.hu\/hirek\/wp-json\/wp\/v2\/media?parent=2550"}],"wp:term":[{"taxonomy":"category","embeddable":true,"href":"https:\/\/allasorias.hu\/hirek\/wp-json\/wp\/v2\/categories?post=2550"},{"taxonomy":"post_tag","embeddable":true,"href":"https:\/\/allasorias.hu\/hirek\/wp-json\/wp\/v2\/tags?post=2550"}],"curies":[{"name":"wp","href":"https:\/\/api.w.org\/{rel}","templated":true}]}}