{"id":2540,"date":"2019-02-11T09:25:42","date_gmt":"2019-02-11T09:25:42","guid":{"rendered":"https:\/\/allasorias.hu\/hirek\/?p=2540"},"modified":"2019-02-11T10:26:03","modified_gmt":"2019-02-11T10:26:03","slug":"sulyos-munkaerohiany-az-osztrakoknal","status":"publish","type":"post","link":"https:\/\/allasorias.hu\/hirek\/sulyos-munkaerohiany-az-osztrakoknal\/","title":{"rendered":"S\u00falyos munkaer\u0151hi\u00e1ny az osztr\u00e1kokn\u00e1l"},"content":{"rendered":"<p><strong>Ausztri\u00e1ban j\u00f3 fizet\u00e9ssel keresik a munkaer\u0151t, m\u00e9gis nehezen tal\u00e1lnak. Havi k\u00f6zel 800 ezer Ft fizet\u00e9s\u00e9rt sem tal\u00e1lnak embert. jelenleg 130 ezer ember hi\u00e1nyzik az osztr\u00e1k munkaer\u0151piacr\u00f3l, negyed\u00e9vel t\u00f6bb, mint 2017-ben, ez\u00e9rt lehets\u00e9ges, hogy m\u00e9g jobban \u00e9rv\u00e9nyes\u00fcl a munkaer\u0151 elsz\u00edv\u00f3 er\u0151 Magyarorsz\u00e1gr\u00f3l.<\/strong><\/p>\n<p>A legt\u00f6bb hi\u00e1nyz\u00f3 munk\u00e1sk\u00e9z a szolg\u00e1ltat\u00e1si \u00e9s elad\u00f3i ter\u00fcleteken hi\u00e1nyzik, itt 26 ezerrel kellene t\u00f6bb dolgoz\u00f3 a mostanihoz k\u00e9pest, de szakmunk\u00e1sb\u00f3l is 23 ezer hi\u00e1nyzik. A n\u00f6veked\u00e9s m\u00e9rt\u00e9ke \u00e9s \u00fcteme is \u00e9rdekes: m\u00edg a 2. negyed\u00e9vben 110 700 \u00fcres \u00e1ll\u00e1shely volt Ausztri\u00e1ban, a negyedi negyed\u00e9vre 130 900-ra n\u0151tt a sz\u00e1muk. Az \u00e1tlagos \u00e9ves m\u00e9rt\u00e9k 120 800 f\u0151. A fizet\u00e9seket tekintve a meghirdetett \u00e1ll\u00e1sok k\u00f6zel negyede, 24,7 sz\u00e1zal\u00e9ka havonta brutt\u00f3 1000-1700 eur\u00f3 k\u00f6z\u00f6tti, 35,8 sz\u00e1zal\u00e9ka pedig 1700-2400 eur\u00f3 k\u00f6z\u00f6tti j\u00f6vedelmet k\u00edn\u00e1lt. A meghirdetett \u00e1ll\u00e1sok 22,6 sz\u00e1zal\u00e9ka k\u00edn\u00e1lt 2400 eur\u00f3t meghalad\u00f3, m\u00edg 14,5 sz\u00e1zal\u00e9ka 1000 eur\u00f3t el nem \u00e9r\u0151 fizet\u00e9st.<\/p>\n<p><em>Forr\u00e1s: hvg.hu<\/em><\/p>\n","protected":false},"excerpt":{"rendered":"<p>Ausztri\u00e1ban j\u00f3 fizet\u00e9ssel keresik a munkaer\u0151t, m\u00e9gis nehezen tal\u00e1lnak. Havi k\u00f6zel 800 ezer Ft fizet\u00e9s\u00e9rt sem tal\u00e1lnak embert. jelenleg 130 ezer ember hi\u00e1nyzik az osztr\u00e1k munkaer\u0151piacr\u00f3l, negyed\u00e9vel t\u00f6bb, mint 2017-ben, ez\u00e9rt lehets\u00e9ges, hogy m\u00e9g jobban \u00e9rv\u00e9nyes\u00fcl a munkaer\u0151 elsz\u00edv\u00f3 er\u0151 Magyarorsz\u00e1gr\u00f3l. A legt\u00f6bb hi\u00e1nyz\u00f3 munk\u00e1sk\u00e9z a szolg\u00e1ltat\u00e1si \u00e9s elad\u00f3i ter\u00fcleteken hi\u00e1nyzik, itt 26 ezerrel kellene [&hellip;]<\/p>\n","protected":false},"author":1,"featured_media":2301,"comment_status":"open","ping_status":"open","sticky":false,"template":"","format":"standard","meta":{"_monsterinsights_skip_tracking":false,"footnotes":""},"categories":[1,201,200],"tags":[],"class_list":["post-2540","post","type-post","status-publish","format-standard","has-post-thumbnail","hentry","category-allaskereses","category-kulfold","category-munkaeropiac"],"aioseo_notices":[],"aioseo_head":"\n\t\t<!-- All in One SEO 5.0.0.1 - aioseo.com -->\n\t<meta name=\"description\" content=\"Ausztri\u00e1ban j\u00f3 fizet\u00e9ssel keresik a munkaer\u0151t, m\u00e9gis nehezen tal\u00e1lnak. Havi k\u00f6zel 800 ezer Ft fizet\u00e9s\u00e9rt sem tal\u00e1lnak embert. jelenleg 130 ezer ember hi\u00e1nyzik az osztr\u00e1k munkaer\u0151piacr\u00f3l, negyed\u00e9vel t\u00f6bb, mint 2017-ben, ez\u00e9rt lehets\u00e9ges, hogy m\u00e9g jobban \u00e9rv\u00e9nyes\u00fcl a munkaer\u0151 elsz\u00edv\u00f3 er\u0151 Magyarorsz\u00e1gr\u00f3l. A legt\u00f6bb hi\u00e1nyz\u00f3 munk\u00e1sk\u00e9z a szolg\u00e1ltat\u00e1si \u00e9s elad\u00f3i ter\u00fcleteken hi\u00e1nyzik, itt 26 ezerrel kellene\" \/>\n\t<meta name=\"robots\" content=\"max-image-preview:large\" \/>\n\t<meta name=\"author\" content=\"Juh\u00e1sz P\u00e9ter\"\/>\n\t<link rel=\"canonical\" href=\"https:\/\/allasorias.hu\/hirek\/sulyos-munkaerohiany-az-osztrakoknal\/\" \/>\n\t<meta name=\"generator\" content=\"All in One SEO (AIOSEO) 5.0.0.1\" \/>\n\t\t<meta property=\"og:locale\" content=\"hu_HU\" \/>\n\t\t<meta property=\"og:site_name\" content=\"AllasOrias.hu | H\u00edrek-lapszemle | \u00dczleti h\u00edrek az \u00e1ll\u00e1s \u00e9s a munka vil\u00e1g\u00e1b\u00f3l\" \/>\n\t\t<meta property=\"og:type\" content=\"article\" \/>\n\t\t<meta property=\"og:title\" content=\"S\u00falyos munkaer\u0151hi\u00e1ny az osztr\u00e1kokn\u00e1l | AllasOrias.hu | H\u00edrek-lapszemle\" \/>\n\t\t<meta property=\"og:description\" content=\"Ausztri\u00e1ban j\u00f3 fizet\u00e9ssel keresik a munkaer\u0151t, m\u00e9gis nehezen tal\u00e1lnak. Havi k\u00f6zel 800 ezer Ft fizet\u00e9s\u00e9rt sem tal\u00e1lnak embert. jelenleg 130 ezer ember hi\u00e1nyzik az osztr\u00e1k munkaer\u0151piacr\u00f3l, negyed\u00e9vel t\u00f6bb, mint 2017-ben, ez\u00e9rt lehets\u00e9ges, hogy m\u00e9g jobban \u00e9rv\u00e9nyes\u00fcl a munkaer\u0151 elsz\u00edv\u00f3 er\u0151 Magyarorsz\u00e1gr\u00f3l. A legt\u00f6bb hi\u00e1nyz\u00f3 munk\u00e1sk\u00e9z a szolg\u00e1ltat\u00e1si \u00e9s elad\u00f3i ter\u00fcleteken hi\u00e1nyzik, itt 26 ezerrel kellene\" \/>\n\t\t<meta property=\"og:url\" content=\"https:\/\/allasorias.hu\/hirek\/sulyos-munkaerohiany-az-osztrakoknal\/\" \/>\n\t\t<meta property=\"og:image\" content=\"https:\/\/allasorias.hu\/hirek\/wp-content\/uploads\/2018\/12\/flaga-austrii_1401-60.jpg\" \/>\n\t\t<meta property=\"og:image:secure_url\" content=\"https:\/\/allasorias.hu\/hirek\/wp-content\/uploads\/2018\/12\/flaga-austrii_1401-60.jpg\" \/>\n\t\t<meta property=\"og:image:width\" content=\"626\" \/>\n\t\t<meta property=\"og:image:height\" content=\"417\" \/>\n\t\t<meta property=\"article:published_time\" content=\"2019-02-11T09:25:42+00:00\" \/>\n\t\t<meta property=\"article:modified_time\" content=\"2019-02-11T10:26:03+00:00\" \/>\n\t\t<meta property=\"article:publisher\" content=\"https:\/\/www.facebook.com\/allasorias\" \/>\n\t\t<meta name=\"twitter:card\" content=\"summary_large_image\" \/>\n\t\t<meta name=\"twitter:title\" content=\"S\u00falyos munkaer\u0151hi\u00e1ny az osztr\u00e1kokn\u00e1l | AllasOrias.hu | H\u00edrek-lapszemle\" \/>\n\t\t<meta name=\"twitter:description\" content=\"Ausztri\u00e1ban j\u00f3 fizet\u00e9ssel keresik a munkaer\u0151t, m\u00e9gis nehezen tal\u00e1lnak. Havi k\u00f6zel 800 ezer Ft fizet\u00e9s\u00e9rt sem tal\u00e1lnak embert. jelenleg 130 ezer ember hi\u00e1nyzik az osztr\u00e1k munkaer\u0151piacr\u00f3l, negyed\u00e9vel t\u00f6bb, mint 2017-ben, ez\u00e9rt lehets\u00e9ges, hogy m\u00e9g jobban \u00e9rv\u00e9nyes\u00fcl a munkaer\u0151 elsz\u00edv\u00f3 er\u0151 Magyarorsz\u00e1gr\u00f3l. A legt\u00f6bb hi\u00e1nyz\u00f3 munk\u00e1sk\u00e9z a szolg\u00e1ltat\u00e1si \u00e9s elad\u00f3i ter\u00fcleteken hi\u00e1nyzik, itt 26 ezerrel kellene\" \/>\n\t\t<meta name=\"twitter:image\" content=\"https:\/\/allasorias.hu\/hirek\/wp-content\/uploads\/2018\/12\/flaga-austrii_1401-60.jpg\" \/>\n\t\t<meta name=\"twitter:label1\" content=\"Written by\" \/>\n\t\t<meta name=\"twitter:data1\" content=\"Juh\u00e1sz P\u00e9ter\" \/>\n\t\t<meta name=\"twitter:label2\" content=\"Est. reading time\" \/>\n\t\t<meta name=\"twitter:data2\" content=\"1 minute\" \/>\n\t\t<script type=\"application\/ld+json\" class=\"aioseo-schema\">\n\t\t\t{\"@context\":\"https:\\\/\\\/schema.org\",\"@graph\":[{\"@type\":\"Article\",\"@id\":\"https:\\\/\\\/allasorias.hu\\\/hirek\\\/sulyos-munkaerohiany-az-osztrakoknal\\\/#article\",\"name\":\"S\\u00falyos munkaer\\u0151hi\\u00e1ny az osztr\\u00e1kokn\\u00e1l | AllasOrias.hu | H\\u00edrek-lapszemle\",\"headline\":\"S\\u00falyos munkaer\\u0151hi\\u00e1ny az osztr\\u00e1kokn\\u00e1l\",\"author\":{\"@id\":\"https:\\\/\\\/allasorias.hu\\\/hirek\\\/author\\\/admin-allasorias\\\/#author\"},\"publisher\":{\"@id\":\"https:\\\/\\\/allasorias.hu\\\/hirek\\\/#organization\"},\"image\":{\"@type\":\"ImageObject\",\"url\":\"https:\\\/\\\/allasorias.hu\\\/hirek\\\/wp-content\\\/uploads\\\/2018\\\/12\\\/flaga-austrii_1401-60.jpg\",\"width\":626,\"height\":417},\"datePublished\":\"2019-02-11T09:25:42+02:00\",\"dateModified\":\"2019-02-11T10:26:03+02:00\",\"inLanguage\":\"hu-HU\",\"mainEntityOfPage\":{\"@id\":\"https:\\\/\\\/allasorias.hu\\\/hirek\\\/sulyos-munkaerohiany-az-osztrakoknal\\\/#webpage\"},\"isPartOf\":{\"@id\":\"https:\\\/\\\/allasorias.hu\\\/hirek\\\/sulyos-munkaerohiany-az-osztrakoknal\\\/#webpage\"},\"articleSection\":\"\\u00c1ll\\u00e1skeres\\u00e9s, K\\u00fclf\\u00f6ld, Munkaer\\u0151piac\"},{\"@type\":\"BreadcrumbList\",\"@id\":\"https:\\\/\\\/allasorias.hu\\\/hirek\\\/sulyos-munkaerohiany-az-osztrakoknal\\\/#breadcrumblist\",\"itemListElement\":[{\"@type\":\"ListItem\",\"@id\":\"https:\\\/\\\/allasorias.hu\\\/hirek#listItem\",\"position\":1,\"name\":\"Home\",\"item\":\"https:\\\/\\\/allasorias.hu\\\/hirek\",\"nextItem\":{\"@type\":\"ListItem\",\"@id\":\"https:\\\/\\\/allasorias.hu\\\/hirek\\\/temak\\\/allaskereses\\\/#listItem\",\"name\":\"\\u00c1ll\\u00e1skeres\\u00e9s\"}},{\"@type\":\"ListItem\",\"@id\":\"https:\\\/\\\/allasorias.hu\\\/hirek\\\/temak\\\/allaskereses\\\/#listItem\",\"position\":2,\"name\":\"\\u00c1ll\\u00e1skeres\\u00e9s\",\"item\":\"https:\\\/\\\/allasorias.hu\\\/hirek\\\/temak\\\/allaskereses\\\/\",\"nextItem\":{\"@type\":\"ListItem\",\"@id\":\"https:\\\/\\\/allasorias.hu\\\/hirek\\\/sulyos-munkaerohiany-az-osztrakoknal\\\/#listItem\",\"name\":\"S\\u00falyos munkaer\\u0151hi\\u00e1ny az osztr\\u00e1kokn\\u00e1l\"},\"previousItem\":{\"@type\":\"ListItem\",\"@id\":\"https:\\\/\\\/allasorias.hu\\\/hirek#listItem\",\"name\":\"Home\"}},{\"@type\":\"ListItem\",\"@id\":\"https:\\\/\\\/allasorias.hu\\\/hirek\\\/sulyos-munkaerohiany-az-osztrakoknal\\\/#listItem\",\"position\":3,\"name\":\"S\\u00falyos munkaer\\u0151hi\\u00e1ny az osztr\\u00e1kokn\\u00e1l\",\"previousItem\":{\"@type\":\"ListItem\",\"@id\":\"https:\\\/\\\/allasorias.hu\\\/hirek\\\/temak\\\/allaskereses\\\/#listItem\",\"name\":\"\\u00c1ll\\u00e1skeres\\u00e9s\"}}]},{\"@type\":\"Organization\",\"@id\":\"https:\\\/\\\/allasorias.hu\\\/hirek\\\/#organization\",\"name\":\"AllasOrias.hu | H\\u00edrek-lapszemle\",\"description\":\"\\u00dczleti h\\u00edrek az \\u00e1ll\\u00e1s \\u00e9s a munka vil\\u00e1g\\u00e1b\\u00f3l\",\"url\":\"https:\\\/\\\/allasorias.hu\\\/hirek\\\/\",\"logo\":{\"@type\":\"ImageObject\",\"url\":\"https:\\\/\\\/allasorias.hu\\\/hirek\\\/wp-content\\\/uploads\\\/2022\\\/10\\\/allasorias_site_facebok_logo.png\",\"@id\":\"https:\\\/\\\/allasorias.hu\\\/hirek\\\/sulyos-munkaerohiany-az-osztrakoknal\\\/#organizationLogo\"},\"image\":{\"@id\":\"https:\\\/\\\/allasorias.hu\\\/hirek\\\/sulyos-munkaerohiany-az-osztrakoknal\\\/#organizationLogo\"},\"sameAs\":[\"https:\\\/\\\/www.facebook.com\\\/allasorias\",\"https:\\\/\\\/www.linkedin.com\\\/company\\\/allasorias\"]},{\"@type\":\"Person\",\"@id\":\"https:\\\/\\\/allasorias.hu\\\/hirek\\\/author\\\/admin-allasorias\\\/#author\",\"url\":\"https:\\\/\\\/allasorias.hu\\\/hirek\\\/author\\\/admin-allasorias\\\/\",\"name\":\"Juh\\u00e1sz P\\u00e9ter\",\"image\":{\"@type\":\"ImageObject\",\"@id\":\"https:\\\/\\\/allasorias.hu\\\/hirek\\\/sulyos-munkaerohiany-az-osztrakoknal\\\/#authorImage\",\"url\":\"https:\\\/\\\/secure.gravatar.com\\\/avatar\\\/36e6bcb83148978b992977cb0f54d22feb0cce8a0a849a9410532bb2623ba4c6?s=96&d=mm&r=g\",\"width\":96,\"height\":96,\"caption\":\"Juh\\u00e1sz P\\u00e9ter\"}},{\"@type\":\"WebPage\",\"@id\":\"https:\\\/\\\/allasorias.hu\\\/hirek\\\/sulyos-munkaerohiany-az-osztrakoknal\\\/#webpage\",\"url\":\"https:\\\/\\\/allasorias.hu\\\/hirek\\\/sulyos-munkaerohiany-az-osztrakoknal\\\/\",\"name\":\"S\\u00falyos munkaer\\u0151hi\\u00e1ny az osztr\\u00e1kokn\\u00e1l | AllasOrias.hu | H\\u00edrek-lapszemle\",\"description\":\"Ausztri\\u00e1ban j\\u00f3 fizet\\u00e9ssel keresik a munkaer\\u0151t, m\\u00e9gis nehezen tal\\u00e1lnak. Havi k\\u00f6zel 800 ezer Ft fizet\\u00e9s\\u00e9rt sem tal\\u00e1lnak embert. jelenleg 130 ezer ember hi\\u00e1nyzik az osztr\\u00e1k munkaer\\u0151piacr\\u00f3l, negyed\\u00e9vel t\\u00f6bb, mint 2017-ben, ez\\u00e9rt lehets\\u00e9ges, hogy m\\u00e9g jobban \\u00e9rv\\u00e9nyes\\u00fcl a munkaer\\u0151 elsz\\u00edv\\u00f3 er\\u0151 Magyarorsz\\u00e1gr\\u00f3l. A legt\\u00f6bb hi\\u00e1nyz\\u00f3 munk\\u00e1sk\\u00e9z a szolg\\u00e1ltat\\u00e1si \\u00e9s elad\\u00f3i ter\\u00fcleteken hi\\u00e1nyzik, itt 26 ezerrel kellene\",\"inLanguage\":\"hu-HU\",\"isPartOf\":{\"@id\":\"https:\\\/\\\/allasorias.hu\\\/hirek\\\/#website\"},\"breadcrumb\":{\"@id\":\"https:\\\/\\\/allasorias.hu\\\/hirek\\\/sulyos-munkaerohiany-az-osztrakoknal\\\/#breadcrumblist\"},\"author\":{\"@id\":\"https:\\\/\\\/allasorias.hu\\\/hirek\\\/author\\\/admin-allasorias\\\/#author\"},\"creator\":{\"@id\":\"https:\\\/\\\/allasorias.hu\\\/hirek\\\/author\\\/admin-allasorias\\\/#author\"},\"image\":{\"@type\":\"ImageObject\",\"url\":\"https:\\\/\\\/allasorias.hu\\\/hirek\\\/wp-content\\\/uploads\\\/2018\\\/12\\\/flaga-austrii_1401-60.jpg\",\"@id\":\"https:\\\/\\\/allasorias.hu\\\/hirek\\\/sulyos-munkaerohiany-az-osztrakoknal\\\/#mainImage\",\"width\":626,\"height\":417},\"primaryImageOfPage\":{\"@id\":\"https:\\\/\\\/allasorias.hu\\\/hirek\\\/sulyos-munkaerohiany-az-osztrakoknal\\\/#mainImage\"},\"datePublished\":\"2019-02-11T09:25:42+02:00\",\"dateModified\":\"2019-02-11T10:26:03+02:00\"},{\"@type\":\"WebSite\",\"@id\":\"https:\\\/\\\/allasorias.hu\\\/hirek\\\/#website\",\"url\":\"https:\\\/\\\/allasorias.hu\\\/hirek\\\/\",\"name\":\"AllasOrias.hu | H\\u00edrek-lapszemle\",\"description\":\"\\u00dczleti h\\u00edrek az \\u00e1ll\\u00e1s \\u00e9s a munka vil\\u00e1g\\u00e1b\\u00f3l\",\"inLanguage\":\"hu-HU\",\"publisher\":{\"@id\":\"https:\\\/\\\/allasorias.hu\\\/hirek\\\/#organization\"}}]}\n\t\t<\/script>\n\t\t<!-- All in One SEO -->\n\n","aioseo_head_json":{"title":"S\u00falyos munkaer\u0151hi\u00e1ny az osztr\u00e1kokn\u00e1l | AllasOrias.hu | H\u00edrek-lapszemle","description":"Ausztri\u00e1ban j\u00f3 fizet\u00e9ssel keresik a munkaer\u0151t, m\u00e9gis nehezen tal\u00e1lnak. Havi k\u00f6zel 800 ezer Ft fizet\u00e9s\u00e9rt sem tal\u00e1lnak embert. jelenleg 130 ezer ember hi\u00e1nyzik az osztr\u00e1k munkaer\u0151piacr\u00f3l, negyed\u00e9vel t\u00f6bb, mint 2017-ben, ez\u00e9rt lehets\u00e9ges, hogy m\u00e9g jobban \u00e9rv\u00e9nyes\u00fcl a munkaer\u0151 elsz\u00edv\u00f3 er\u0151 Magyarorsz\u00e1gr\u00f3l. A legt\u00f6bb hi\u00e1nyz\u00f3 munk\u00e1sk\u00e9z a szolg\u00e1ltat\u00e1si \u00e9s elad\u00f3i ter\u00fcleteken hi\u00e1nyzik, itt 26 ezerrel kellene","canonical_url":"https:\/\/allasorias.hu\/hirek\/sulyos-munkaerohiany-az-osztrakoknal\/","robots":"max-image-preview:large","keywords":"","webmasterTools":{"miscellaneous":""},"schema":{"@context":"https:\/\/schema.org","@graph":[{"@type":"Article","@id":"https:\/\/allasorias.hu\/hirek\/sulyos-munkaerohiany-az-osztrakoknal\/#article","name":"S\u00falyos munkaer\u0151hi\u00e1ny az osztr\u00e1kokn\u00e1l | AllasOrias.hu | H\u00edrek-lapszemle","headline":"S\u00falyos munkaer\u0151hi\u00e1ny az osztr\u00e1kokn\u00e1l","author":{"@id":"https:\/\/allasorias.hu\/hirek\/author\/admin-allasorias\/#author"},"publisher":{"@id":"https:\/\/allasorias.hu\/hirek\/#organization"},"image":{"@type":"ImageObject","url":"https:\/\/allasorias.hu\/hirek\/wp-content\/uploads\/2018\/12\/flaga-austrii_1401-60.jpg","width":626,"height":417},"datePublished":"2019-02-11T09:25:42+02:00","dateModified":"2019-02-11T10:26:03+02:00","inLanguage":"hu-HU","mainEntityOfPage":{"@id":"https:\/\/allasorias.hu\/hirek\/sulyos-munkaerohiany-az-osztrakoknal\/#webpage"},"isPartOf":{"@id":"https:\/\/allasorias.hu\/hirek\/sulyos-munkaerohiany-az-osztrakoknal\/#webpage"},"articleSection":"\u00c1ll\u00e1skeres\u00e9s, K\u00fclf\u00f6ld, Munkaer\u0151piac"},{"@type":"BreadcrumbList","@id":"https:\/\/allasorias.hu\/hirek\/sulyos-munkaerohiany-az-osztrakoknal\/#breadcrumblist","itemListElement":[{"@type":"ListItem","@id":"https:\/\/allasorias.hu\/hirek#listItem","position":1,"name":"Home","item":"https:\/\/allasorias.hu\/hirek","nextItem":{"@type":"ListItem","@id":"https:\/\/allasorias.hu\/hirek\/temak\/allaskereses\/#listItem","name":"\u00c1ll\u00e1skeres\u00e9s"}},{"@type":"ListItem","@id":"https:\/\/allasorias.hu\/hirek\/temak\/allaskereses\/#listItem","position":2,"name":"\u00c1ll\u00e1skeres\u00e9s","item":"https:\/\/allasorias.hu\/hirek\/temak\/allaskereses\/","nextItem":{"@type":"ListItem","@id":"https:\/\/allasorias.hu\/hirek\/sulyos-munkaerohiany-az-osztrakoknal\/#listItem","name":"S\u00falyos munkaer\u0151hi\u00e1ny az osztr\u00e1kokn\u00e1l"},"previousItem":{"@type":"ListItem","@id":"https:\/\/allasorias.hu\/hirek#listItem","name":"Home"}},{"@type":"ListItem","@id":"https:\/\/allasorias.hu\/hirek\/sulyos-munkaerohiany-az-osztrakoknal\/#listItem","position":3,"name":"S\u00falyos munkaer\u0151hi\u00e1ny az osztr\u00e1kokn\u00e1l","previousItem":{"@type":"ListItem","@id":"https:\/\/allasorias.hu\/hirek\/temak\/allaskereses\/#listItem","name":"\u00c1ll\u00e1skeres\u00e9s"}}]},{"@type":"Organization","@id":"https:\/\/allasorias.hu\/hirek\/#organization","name":"AllasOrias.hu | H\u00edrek-lapszemle","description":"\u00dczleti h\u00edrek az \u00e1ll\u00e1s \u00e9s a munka vil\u00e1g\u00e1b\u00f3l","url":"https:\/\/allasorias.hu\/hirek\/","logo":{"@type":"ImageObject","url":"https:\/\/allasorias.hu\/hirek\/wp-content\/uploads\/2022\/10\/allasorias_site_facebok_logo.png","@id":"https:\/\/allasorias.hu\/hirek\/sulyos-munkaerohiany-az-osztrakoknal\/#organizationLogo"},"image":{"@id":"https:\/\/allasorias.hu\/hirek\/sulyos-munkaerohiany-az-osztrakoknal\/#organizationLogo"},"sameAs":["https:\/\/www.facebook.com\/allasorias","https:\/\/www.linkedin.com\/company\/allasorias"]},{"@type":"Person","@id":"https:\/\/allasorias.hu\/hirek\/author\/admin-allasorias\/#author","url":"https:\/\/allasorias.hu\/hirek\/author\/admin-allasorias\/","name":"Juh\u00e1sz P\u00e9ter","image":{"@type":"ImageObject","@id":"https:\/\/allasorias.hu\/hirek\/sulyos-munkaerohiany-az-osztrakoknal\/#authorImage","url":"https:\/\/secure.gravatar.com\/avatar\/36e6bcb83148978b992977cb0f54d22feb0cce8a0a849a9410532bb2623ba4c6?s=96&d=mm&r=g","width":96,"height":96,"caption":"Juh\u00e1sz P\u00e9ter"}},{"@type":"WebPage","@id":"https:\/\/allasorias.hu\/hirek\/sulyos-munkaerohiany-az-osztrakoknal\/#webpage","url":"https:\/\/allasorias.hu\/hirek\/sulyos-munkaerohiany-az-osztrakoknal\/","name":"S\u00falyos munkaer\u0151hi\u00e1ny az osztr\u00e1kokn\u00e1l | AllasOrias.hu | H\u00edrek-lapszemle","description":"Ausztri\u00e1ban j\u00f3 fizet\u00e9ssel keresik a munkaer\u0151t, m\u00e9gis nehezen tal\u00e1lnak. Havi k\u00f6zel 800 ezer Ft fizet\u00e9s\u00e9rt sem tal\u00e1lnak embert. jelenleg 130 ezer ember hi\u00e1nyzik az osztr\u00e1k munkaer\u0151piacr\u00f3l, negyed\u00e9vel t\u00f6bb, mint 2017-ben, ez\u00e9rt lehets\u00e9ges, hogy m\u00e9g jobban \u00e9rv\u00e9nyes\u00fcl a munkaer\u0151 elsz\u00edv\u00f3 er\u0151 Magyarorsz\u00e1gr\u00f3l. A legt\u00f6bb hi\u00e1nyz\u00f3 munk\u00e1sk\u00e9z a szolg\u00e1ltat\u00e1si \u00e9s elad\u00f3i ter\u00fcleteken hi\u00e1nyzik, itt 26 ezerrel kellene","inLanguage":"hu-HU","isPartOf":{"@id":"https:\/\/allasorias.hu\/hirek\/#website"},"breadcrumb":{"@id":"https:\/\/allasorias.hu\/hirek\/sulyos-munkaerohiany-az-osztrakoknal\/#breadcrumblist"},"author":{"@id":"https:\/\/allasorias.hu\/hirek\/author\/admin-allasorias\/#author"},"creator":{"@id":"https:\/\/allasorias.hu\/hirek\/author\/admin-allasorias\/#author"},"image":{"@type":"ImageObject","url":"https:\/\/allasorias.hu\/hirek\/wp-content\/uploads\/2018\/12\/flaga-austrii_1401-60.jpg","@id":"https:\/\/allasorias.hu\/hirek\/sulyos-munkaerohiany-az-osztrakoknal\/#mainImage","width":626,"height":417},"primaryImageOfPage":{"@id":"https:\/\/allasorias.hu\/hirek\/sulyos-munkaerohiany-az-osztrakoknal\/#mainImage"},"datePublished":"2019-02-11T09:25:42+02:00","dateModified":"2019-02-11T10:26:03+02:00"},{"@type":"WebSite","@id":"https:\/\/allasorias.hu\/hirek\/#website","url":"https:\/\/allasorias.hu\/hirek\/","name":"AllasOrias.hu | H\u00edrek-lapszemle","description":"\u00dczleti h\u00edrek az \u00e1ll\u00e1s \u00e9s a munka vil\u00e1g\u00e1b\u00f3l","inLanguage":"hu-HU","publisher":{"@id":"https:\/\/allasorias.hu\/hirek\/#organization"}}]},"og:locale":"hu_HU","og:site_name":"AllasOrias.hu | H\u00edrek-lapszemle | \u00dczleti h\u00edrek az \u00e1ll\u00e1s \u00e9s a munka vil\u00e1g\u00e1b\u00f3l","og:type":"article","og:title":"S\u00falyos munkaer\u0151hi\u00e1ny az osztr\u00e1kokn\u00e1l | AllasOrias.hu | H\u00edrek-lapszemle","og:description":"Ausztri\u00e1ban j\u00f3 fizet\u00e9ssel keresik a munkaer\u0151t, m\u00e9gis nehezen tal\u00e1lnak. Havi k\u00f6zel 800 ezer Ft fizet\u00e9s\u00e9rt sem tal\u00e1lnak embert. jelenleg 130 ezer ember hi\u00e1nyzik az osztr\u00e1k munkaer\u0151piacr\u00f3l, negyed\u00e9vel t\u00f6bb, mint 2017-ben, ez\u00e9rt lehets\u00e9ges, hogy m\u00e9g jobban \u00e9rv\u00e9nyes\u00fcl a munkaer\u0151 elsz\u00edv\u00f3 er\u0151 Magyarorsz\u00e1gr\u00f3l. A legt\u00f6bb hi\u00e1nyz\u00f3 munk\u00e1sk\u00e9z a szolg\u00e1ltat\u00e1si \u00e9s elad\u00f3i ter\u00fcleteken hi\u00e1nyzik, itt 26 ezerrel kellene","og:url":"https:\/\/allasorias.hu\/hirek\/sulyos-munkaerohiany-az-osztrakoknal\/","og:image":"https:\/\/allasorias.hu\/hirek\/wp-content\/uploads\/2018\/12\/flaga-austrii_1401-60.jpg","og:image:secure_url":"https:\/\/allasorias.hu\/hirek\/wp-content\/uploads\/2018\/12\/flaga-austrii_1401-60.jpg","og:image:width":626,"og:image:height":417,"article:published_time":"2019-02-11T09:25:42+00:00","article:modified_time":"2019-02-11T10:26:03+00:00","article:publisher":"https:\/\/www.facebook.com\/allasorias","twitter:card":"summary_large_image","twitter:title":"S\u00falyos munkaer\u0151hi\u00e1ny az osztr\u00e1kokn\u00e1l | AllasOrias.hu | H\u00edrek-lapszemle","twitter:description":"Ausztri\u00e1ban j\u00f3 fizet\u00e9ssel keresik a munkaer\u0151t, m\u00e9gis nehezen tal\u00e1lnak. Havi k\u00f6zel 800 ezer Ft fizet\u00e9s\u00e9rt sem tal\u00e1lnak embert. jelenleg 130 ezer ember hi\u00e1nyzik az osztr\u00e1k munkaer\u0151piacr\u00f3l, negyed\u00e9vel t\u00f6bb, mint 2017-ben, ez\u00e9rt lehets\u00e9ges, hogy m\u00e9g jobban \u00e9rv\u00e9nyes\u00fcl a munkaer\u0151 elsz\u00edv\u00f3 er\u0151 Magyarorsz\u00e1gr\u00f3l. A legt\u00f6bb hi\u00e1nyz\u00f3 munk\u00e1sk\u00e9z a szolg\u00e1ltat\u00e1si \u00e9s elad\u00f3i ter\u00fcleteken hi\u00e1nyzik, itt 26 ezerrel kellene","twitter:image":"https:\/\/allasorias.hu\/hirek\/wp-content\/uploads\/2018\/12\/flaga-austrii_1401-60.jpg","twitter:label1":"Written by","twitter:data1":"Juh\u00e1sz P\u00e9ter","twitter:label2":"Est. reading time","twitter:data2":"1 minute"},"aioseo_meta_data":{"post_id":"2540","title":null,"description":null,"keywords":null,"keyphrases":null,"primary_term":null,"canonical_url":null,"og_title":null,"og_description":null,"og_object_type":"default","og_image_type":"default","og_image_url":null,"og_image_width":null,"og_image_height":null,"og_image_custom_url":null,"og_image_custom_fields":null,"og_video":null,"og_custom_url":null,"og_article_section":null,"og_article_tags":null,"twitter_use_og":false,"twitter_card":"default","twitter_image_type":"default","twitter_image_url":null,"twitter_image_custom_url":null,"twitter_image_custom_fields":null,"twitter_title":null,"twitter_description":null,"schema":{"blockGraphs":[],"customGraphs":[],"default":{"data":{"Article":[],"Course":[],"Dataset":[],"FAQPage":[],"Movie":[],"Person":[],"Product":[],"ProductReview":[],"Car":[],"Recipe":[],"Service":[],"SoftwareApplication":[],"WebPage":[]},"graphName":"","isEnabled":true},"graphs":[],"defaultGraph":"","defaultPostTypeGraph":""},"schema_type":null,"schema_type_options":null,"pillar_content":false,"robots_default":true,"robots_noindex":false,"robots_noarchive":false,"robots_nosnippet":false,"robots_nofollow":false,"robots_noimageindex":false,"robots_noodp":false,"robots_notranslate":false,"robots_max_snippet":null,"robots_max_videopreview":null,"robots_max_imagepreview":"large","priority":null,"frequency":null,"location":null,"local_seo":null,"breadcrumb_settings":null,"limit_modified_date":false,"ai":null,"created":"2021-02-01 20:46:57","updated":"2025-10-02 10:00:48","seo_analyzer_scan_date":null,"focus_keyword":null,"additional_keywords":null,"truseo_locale":null},"aioseo_breadcrumb":"<div class=\"aioseo-breadcrumbs\"><span class=\"aioseo-breadcrumb\">\n\t\t\t<a href=\"https:\/\/allasorias.hu\/hirek\" title=\"Home\">Home<\/a>\n\t\t<\/span><span class=\"aioseo-breadcrumb-separator\">&raquo;<\/span><span class=\"aioseo-breadcrumb\">\n\t\t\t<a href=\"https:\/\/allasorias.hu\/hirek\/temak\/allaskereses\/\" title=\"\u00c1ll\u00e1skeres\u00e9s\">\u00c1ll\u00e1skeres\u00e9s<\/a>\n\t\t<\/span><span class=\"aioseo-breadcrumb-separator\">&raquo;<\/span><span class=\"aioseo-breadcrumb\">\n\t\t\tS\u00falyos munkaer\u0151hi\u00e1ny az osztr\u00e1kokn\u00e1l\n\t\t<\/span><\/div>","aioseo_breadcrumb_json":[{"label":"Home","link":"https:\/\/allasorias.hu\/hirek"},{"label":"\u00c1ll\u00e1skeres\u00e9s","link":"https:\/\/allasorias.hu\/hirek\/temak\/allaskereses\/"},{"label":"S\u00falyos munkaer\u0151hi\u00e1ny az osztr\u00e1kokn\u00e1l","link":"https:\/\/allasorias.hu\/hirek\/sulyos-munkaerohiany-az-osztrakoknal\/"}],"_links":{"self":[{"href":"https:\/\/allasorias.hu\/hirek\/wp-json\/wp\/v2\/posts\/2540","targetHints":{"allow":["GET"]}}],"collection":[{"href":"https:\/\/allasorias.hu\/hirek\/wp-json\/wp\/v2\/posts"}],"about":[{"href":"https:\/\/allasorias.hu\/hirek\/wp-json\/wp\/v2\/types\/post"}],"author":[{"embeddable":true,"href":"https:\/\/allasorias.hu\/hirek\/wp-json\/wp\/v2\/users\/1"}],"replies":[{"embeddable":true,"href":"https:\/\/allasorias.hu\/hirek\/wp-json\/wp\/v2\/comments?post=2540"}],"version-history":[{"count":1,"href":"https:\/\/allasorias.hu\/hirek\/wp-json\/wp\/v2\/posts\/2540\/revisions"}],"predecessor-version":[{"id":2541,"href":"https:\/\/allasorias.hu\/hirek\/wp-json\/wp\/v2\/posts\/2540\/revisions\/2541"}],"wp:featuredmedia":[{"embeddable":true,"href":"https:\/\/allasorias.hu\/hirek\/wp-json\/wp\/v2\/media\/2301"}],"wp:attachment":[{"href":"https:\/\/allasorias.hu\/hirek\/wp-json\/wp\/v2\/media?parent=2540"}],"wp:term":[{"taxonomy":"category","embeddable":true,"href":"https:\/\/allasorias.hu\/hirek\/wp-json\/wp\/v2\/categories?post=2540"},{"taxonomy":"post_tag","embeddable":true,"href":"https:\/\/allasorias.hu\/hirek\/wp-json\/wp\/v2\/tags?post=2540"}],"curies":[{"name":"wp","href":"https:\/\/api.w.org\/{rel}","templated":true}]}}