{"id":2537,"date":"2019-02-11T10:12:52","date_gmt":"2019-02-11T10:12:52","guid":{"rendered":"https:\/\/allasorias.hu\/hirek\/?p=2537"},"modified":"2019-02-11T10:12:52","modified_gmt":"2019-02-11T10:12:52","slug":"evertekelo-utan-a-szulesosztonzo-program-hatasarol","status":"publish","type":"post","link":"https:\/\/allasorias.hu\/hirek\/evertekelo-utan-a-szulesosztonzo-program-hatasarol\/","title":{"rendered":"\u00c9v\u00e9rt\u00e9kel\u0151 ut\u00e1n a sz\u00fcl\u00e9s\u00f6szt\u00f6nz\u0151 program hat\u00e1s\u00e1r\u00f3l"},"content":{"rendered":"<p><strong>Orb\u00e1n Viktor minisztereln\u00f6k tegnapi \u00e9v\u00e9rt\u00e9kel\u0151 el\u0151ad\u00e1s\u00e1ban bejelentette, hogy a korm\u00e1ny milyen int\u00e9zked\u00e9sekkel pr\u00f3b\u00e1l jav\u00edtani a demogr\u00e1fiai helyzeten. A c\u00e9l, hogy a n\u0151k min\u00e9l hamarabb \u00e9s min\u00e9l t\u00f6bb gyermeket sz\u00fcljenek: ennek \u00e9rdek\u00e9ben t\u00f6bbf\u00e9le p\u00e9nz\u00fcgyi t\u00e1mogat\u00e1st ind\u00edtanak el, vagy b\u0151v\u00edtenek ki. Elemz\u0151k szerint, ha a n\u0151k t\u00f6megesen v\u00e1llaln\u00e1nak t\u00f6bb gyermeket, munkaer\u0151piaci fesz\u00fclts\u00e9g keletkezne.<\/strong><\/p>\n<p>A legfrissebb el\u00e9rhet\u0151 adatok szerint a munkaer\u0151piacon 993 ezer 25 \u00e9s 40 \u00e9v k\u00f6z\u00f6tti n\u0151 dolgozik. K\u00f6zel 380 ezer dolgoz\u00f3 h\u00f6lgy gyermektelen \u00e9s 40 \u00e9vn\u00e9l fiatalabb. A K\u00f6zponti Statisztikai Hivatal 2016-os mikrocenzusa szerint a 25 \u00e9s 35 \u00e9v k\u00f6z\u00f6ttiek 56, a 35-44 \u00e9v k\u00f6z\u00f6ttiek 20 sz\u00e1zal\u00e9k\u00e1nak nincs m\u00e9g gyermeke. Vagyis, ha felt\u00e9telezz\u00fck, hogy ez az ar\u00e1ny a foglalkoztatottakra vet\u00edtve is helyt\u00e1ll\u00f3, akkor a dolgoz\u00f3 n\u0151k k\u00f6r\u00e9ben 377 ezren vannak gyermektelenek \u00e9s 40 \u00e9vn\u00e9l fiatalabbak. Ez a teljes foglalkoztatotti l\u00e9tsz\u00e1m 8,4 sz\u00e1zal\u00e9k\u00e1nak felel meg. Abban az extr\u00e9m esetben, ha a bejelentett akci\u00f3terv nagyon j\u00f3l s\u00fclne el \u00e9s az \u00e9rintett n\u0151k nagy sz\u00e1mban d\u00f6nten\u00e9nek a gyermekv\u00e1llal\u00e1s mellett, a munkaad\u00f3knak \u00e9s a v\u00e1llalati szektornak j\u00f3kora fejt\u00f6r\u00e9st okozhatna az \u00faj helyzet, az \u00edgy kies\u0151 munkaer\u0151 p\u00f3tl\u00e1sa. M\u00e1r csak az\u00e9rt is, mert jelenleg is a munkaer\u0151hi\u00e1ny jelenti a piac egyik legs\u00falyosabb gondja.A kismam\u00e1k a piac inakt\u00edv csoportj\u00e1ba tartoznak, \u00edgy nem n\u00f6vekedne a munkan\u00e9lk\u00fclis\u00e9g azzal, hogy a foglalkoztatottak k\u00f6r\u00e9b\u0151l kiker\u00fclnek. Ugyanakkor a bejelentett akci\u00f3terv munkaer\u0151piaci l\u00e1ba rettent\u0151en hi\u00e1nyzik. B\u00e1r a be\u00edg\u00e9rt t\u00e1mogat\u00e1sok jelent\u0151sek, a mindennapokhoz is sz\u00fcks\u00e9ges anyagi fedezet nem l\u00e1tszik, azt a sz\u00fcl\u00e9si szabads\u00e1gra vonul\u00f3 n\u0151 cs\u00f6kkentett j\u00f6vedelme nem biztos, hogy megfelel\u0151en tudja fedezni. Illetve t\u00f6bben lehetnek olyanok is, akik egy bizonyos id\u0151 eltelte ut\u00e1n a gyermek mellett is v\u00e1llaln\u00e1nak munk\u00e1t. Erre lehet\u0151s\u00e9get adna, hogy a nagysz\u00fcl\u0151k is elmehetn\u00e9nek gyedre, de ett\u0151l m\u00e9g a gyermek\u00fckkel ink\u00e1bb maradni akar\u00f3 fiatal any\u00e1k foglalkoztat\u00e1s\u00e1ra m\u00e1s megold\u00e1st kell tal\u00e1lni. Ezt pedig a jelenlegi munkaer\u0151piac nem t\u00e1mogatja: hi\u00e1nyzik a r\u00e9szmunka, a t\u00e1vmunka nagyobb fok\u00fa korm\u00e1nyzati \u00f6szt\u00f6nz\u00e9se. Orb\u00e1n Viktor t\u00e1j\u00e9koztat\u00e1sa szerint a 7 pontos akci\u00f3terv teljes\u00fcl\u00e9se eset\u00e9n egy 3 gyermekes csal\u00e1d \u00f6sszesen 37,5 milli\u00f3, m\u00edg egy 2 gyermekes 22 milli\u00f3 forint t\u00e1mogat\u00e1st kaphat az \u00e1llamt\u00f3l \u2013 ahogy a korm\u00e1nyf\u0151 fogalmazott \u2013 az \u00e9letkezd\u00e9shez \u00e9s az otthonteremt\u00e9shez. Ez a 3 gyermekesekn\u00e9l \u00fagy j\u00f6n ki, hogy \u00faj \u00e9s imm\u00e1r haszn\u00e1lt lak\u00e1sra is kaphatnak 10 milli\u00f3 forint vissza nem t\u00e9r\u00edtend\u0151 t\u00e1mogat\u00e1st, a Csal\u00e1di Otthonteremt\u00e9si Kedvezm\u00e9nyt (CSOK), valamint 15 milli\u00f3 forint\u00e9rt ig\u00e9nyelhet\u0151 kamatt\u00e1mogatott hitelt, ezt fejeli meg az \u00fajabb 10 milli\u00f3s kedvezm\u00e9nyes k\u00f6lcs\u00f6n, b\u00e1r a minisztereln\u00f6k azt nem r\u00e9szletezte, hogy azt milyen c\u00e9lra lehet felvenni.<\/p>\n<p><em>Forr\u00e1s: mfor.hu<\/em><\/p>\n","protected":false},"excerpt":{"rendered":"<p>Orb\u00e1n Viktor minisztereln\u00f6k tegnapi \u00e9v\u00e9rt\u00e9kel\u0151 el\u0151ad\u00e1s\u00e1ban bejelentette, hogy a korm\u00e1ny milyen int\u00e9zked\u00e9sekkel pr\u00f3b\u00e1l jav\u00edtani a demogr\u00e1fiai helyzeten. A c\u00e9l, hogy a n\u0151k min\u00e9l hamarabb \u00e9s min\u00e9l t\u00f6bb gyermeket sz\u00fcljenek: ennek \u00e9rdek\u00e9ben t\u00f6bbf\u00e9le p\u00e9nz\u00fcgyi t\u00e1mogat\u00e1st ind\u00edtanak el, vagy b\u0151v\u00edtenek ki. Elemz\u0151k szerint, ha a n\u0151k t\u00f6megesen v\u00e1llaln\u00e1nak t\u00f6bb gyermeket, munkaer\u0151piaci fesz\u00fclts\u00e9g keletkezne. A legfrissebb el\u00e9rhet\u0151 adatok [&hellip;]<\/p>\n","protected":false},"author":1,"featured_media":2538,"comment_status":"open","ping_status":"open","sticky":false,"template":"","format":"standard","meta":{"_monsterinsights_skip_tracking":false,"footnotes":""},"categories":[198,200],"tags":[],"class_list":["post-2537","post","type-post","status-publish","format-standard","has-post-thumbnail","hentry","category-gazdasag","category-munkaeropiac"],"aioseo_notices":[],"aioseo_head":"\n\t\t<!-- All in One SEO 5.0.0.1 - aioseo.com -->\n\t<meta name=\"description\" content=\"Orb\u00e1n Viktor minisztereln\u00f6k tegnapi \u00e9v\u00e9rt\u00e9kel\u0151 el\u0151ad\u00e1s\u00e1ban bejelentette, hogy a korm\u00e1ny milyen int\u00e9zked\u00e9sekkel pr\u00f3b\u00e1l jav\u00edtani a demogr\u00e1fiai helyzeten. A c\u00e9l, hogy a n\u0151k min\u00e9l hamarabb \u00e9s min\u00e9l t\u00f6bb gyermeket sz\u00fcljenek: ennek \u00e9rdek\u00e9ben t\u00f6bbf\u00e9le p\u00e9nz\u00fcgyi t\u00e1mogat\u00e1st ind\u00edtanak el, vagy b\u0151v\u00edtenek ki. Elemz\u0151k szerint, ha a n\u0151k t\u00f6megesen v\u00e1llaln\u00e1nak t\u00f6bb gyermeket, munkaer\u0151piaci fesz\u00fclts\u00e9g keletkezne. A legfrissebb el\u00e9rhet\u0151 adatok\" \/>\n\t<meta name=\"robots\" content=\"max-image-preview:large\" \/>\n\t<meta name=\"author\" content=\"Juh\u00e1sz P\u00e9ter\"\/>\n\t<link rel=\"canonical\" href=\"https:\/\/allasorias.hu\/hirek\/evertekelo-utan-a-szulesosztonzo-program-hatasarol\/\" \/>\n\t<meta name=\"generator\" content=\"All in One SEO (AIOSEO) 5.0.0.1\" \/>\n\t\t<meta property=\"og:locale\" content=\"hu_HU\" \/>\n\t\t<meta property=\"og:site_name\" content=\"AllasOrias.hu | H\u00edrek-lapszemle | \u00dczleti h\u00edrek az \u00e1ll\u00e1s \u00e9s a munka vil\u00e1g\u00e1b\u00f3l\" \/>\n\t\t<meta property=\"og:type\" content=\"article\" \/>\n\t\t<meta property=\"og:title\" content=\"\u00c9v\u00e9rt\u00e9kel\u0151 ut\u00e1n a sz\u00fcl\u00e9s\u00f6szt\u00f6nz\u0151 program hat\u00e1s\u00e1r\u00f3l | AllasOrias.hu | H\u00edrek-lapszemle\" \/>\n\t\t<meta property=\"og:description\" content=\"Orb\u00e1n Viktor minisztereln\u00f6k tegnapi \u00e9v\u00e9rt\u00e9kel\u0151 el\u0151ad\u00e1s\u00e1ban bejelentette, hogy a korm\u00e1ny milyen int\u00e9zked\u00e9sekkel pr\u00f3b\u00e1l jav\u00edtani a demogr\u00e1fiai helyzeten. A c\u00e9l, hogy a n\u0151k min\u00e9l hamarabb \u00e9s min\u00e9l t\u00f6bb gyermeket sz\u00fcljenek: ennek \u00e9rdek\u00e9ben t\u00f6bbf\u00e9le p\u00e9nz\u00fcgyi t\u00e1mogat\u00e1st ind\u00edtanak el, vagy b\u0151v\u00edtenek ki. Elemz\u0151k szerint, ha a n\u0151k t\u00f6megesen v\u00e1llaln\u00e1nak t\u00f6bb gyermeket, munkaer\u0151piaci fesz\u00fclts\u00e9g keletkezne. A legfrissebb el\u00e9rhet\u0151 adatok\" \/>\n\t\t<meta property=\"og:url\" content=\"https:\/\/allasorias.hu\/hirek\/evertekelo-utan-a-szulesosztonzo-program-hatasarol\/\" \/>\n\t\t<meta property=\"og:image\" content=\"https:\/\/allasorias.hu\/hirek\/wp-content\/uploads\/2019\/02\/pexels-photo-132730.jpeg\" \/>\n\t\t<meta property=\"og:image:secure_url\" content=\"https:\/\/allasorias.hu\/hirek\/wp-content\/uploads\/2019\/02\/pexels-photo-132730.jpeg\" \/>\n\t\t<meta property=\"og:image:width\" content=\"640\" \/>\n\t\t<meta property=\"og:image:height\" content=\"426\" \/>\n\t\t<meta property=\"article:published_time\" content=\"2019-02-11T10:12:52+00:00\" \/>\n\t\t<meta property=\"article:modified_time\" content=\"2019-02-11T10:12:52+00:00\" \/>\n\t\t<meta property=\"article:publisher\" content=\"https:\/\/www.facebook.com\/allasorias\" \/>\n\t\t<meta name=\"twitter:card\" content=\"summary_large_image\" \/>\n\t\t<meta name=\"twitter:title\" content=\"\u00c9v\u00e9rt\u00e9kel\u0151 ut\u00e1n a sz\u00fcl\u00e9s\u00f6szt\u00f6nz\u0151 program hat\u00e1s\u00e1r\u00f3l | AllasOrias.hu | H\u00edrek-lapszemle\" \/>\n\t\t<meta name=\"twitter:description\" content=\"Orb\u00e1n Viktor minisztereln\u00f6k tegnapi \u00e9v\u00e9rt\u00e9kel\u0151 el\u0151ad\u00e1s\u00e1ban bejelentette, hogy a korm\u00e1ny milyen int\u00e9zked\u00e9sekkel pr\u00f3b\u00e1l jav\u00edtani a demogr\u00e1fiai helyzeten. A c\u00e9l, hogy a n\u0151k min\u00e9l hamarabb \u00e9s min\u00e9l t\u00f6bb gyermeket sz\u00fcljenek: ennek \u00e9rdek\u00e9ben t\u00f6bbf\u00e9le p\u00e9nz\u00fcgyi t\u00e1mogat\u00e1st ind\u00edtanak el, vagy b\u0151v\u00edtenek ki. Elemz\u0151k szerint, ha a n\u0151k t\u00f6megesen v\u00e1llaln\u00e1nak t\u00f6bb gyermeket, munkaer\u0151piaci fesz\u00fclts\u00e9g keletkezne. A legfrissebb el\u00e9rhet\u0151 adatok\" \/>\n\t\t<meta name=\"twitter:image\" content=\"https:\/\/allasorias.hu\/hirek\/wp-content\/uploads\/2019\/02\/pexels-photo-132730.jpeg\" \/>\n\t\t<meta name=\"twitter:label1\" content=\"Written by\" \/>\n\t\t<meta name=\"twitter:data1\" content=\"Juh\u00e1sz P\u00e9ter\" \/>\n\t\t<meta name=\"twitter:label2\" content=\"Est. reading time\" \/>\n\t\t<meta name=\"twitter:data2\" content=\"3 minutes\" \/>\n\t\t<script type=\"application\/ld+json\" class=\"aioseo-schema\">\n\t\t\t{\"@context\":\"https:\\\/\\\/schema.org\",\"@graph\":[{\"@type\":\"Article\",\"@id\":\"https:\\\/\\\/allasorias.hu\\\/hirek\\\/evertekelo-utan-a-szulesosztonzo-program-hatasarol\\\/#article\",\"name\":\"\\u00c9v\\u00e9rt\\u00e9kel\\u0151 ut\\u00e1n a sz\\u00fcl\\u00e9s\\u00f6szt\\u00f6nz\\u0151 program hat\\u00e1s\\u00e1r\\u00f3l | AllasOrias.hu | H\\u00edrek-lapszemle\",\"headline\":\"\\u00c9v\\u00e9rt\\u00e9kel\\u0151 ut\\u00e1n a sz\\u00fcl\\u00e9s\\u00f6szt\\u00f6nz\\u0151 program hat\\u00e1s\\u00e1r\\u00f3l\",\"author\":{\"@id\":\"https:\\\/\\\/allasorias.hu\\\/hirek\\\/author\\\/admin-allasorias\\\/#author\"},\"publisher\":{\"@id\":\"https:\\\/\\\/allasorias.hu\\\/hirek\\\/#organization\"},\"image\":{\"@type\":\"ImageObject\",\"url\":\"https:\\\/\\\/allasorias.hu\\\/hirek\\\/wp-content\\\/uploads\\\/2019\\\/02\\\/pexels-photo-132730.jpeg\",\"width\":640,\"height\":426},\"datePublished\":\"2019-02-11T10:12:52+02:00\",\"dateModified\":\"2019-02-11T10:12:52+02:00\",\"inLanguage\":\"hu-HU\",\"mainEntityOfPage\":{\"@id\":\"https:\\\/\\\/allasorias.hu\\\/hirek\\\/evertekelo-utan-a-szulesosztonzo-program-hatasarol\\\/#webpage\"},\"isPartOf\":{\"@id\":\"https:\\\/\\\/allasorias.hu\\\/hirek\\\/evertekelo-utan-a-szulesosztonzo-program-hatasarol\\\/#webpage\"},\"articleSection\":\"Gazdas\\u00e1g, Munkaer\\u0151piac\"},{\"@type\":\"BreadcrumbList\",\"@id\":\"https:\\\/\\\/allasorias.hu\\\/hirek\\\/evertekelo-utan-a-szulesosztonzo-program-hatasarol\\\/#breadcrumblist\",\"itemListElement\":[{\"@type\":\"ListItem\",\"@id\":\"https:\\\/\\\/allasorias.hu\\\/hirek#listItem\",\"position\":1,\"name\":\"Home\",\"item\":\"https:\\\/\\\/allasorias.hu\\\/hirek\",\"nextItem\":{\"@type\":\"ListItem\",\"@id\":\"https:\\\/\\\/allasorias.hu\\\/hirek\\\/temak\\\/gazdasag\\\/#listItem\",\"name\":\"Gazdas\\u00e1g\"}},{\"@type\":\"ListItem\",\"@id\":\"https:\\\/\\\/allasorias.hu\\\/hirek\\\/temak\\\/gazdasag\\\/#listItem\",\"position\":2,\"name\":\"Gazdas\\u00e1g\",\"item\":\"https:\\\/\\\/allasorias.hu\\\/hirek\\\/temak\\\/gazdasag\\\/\",\"nextItem\":{\"@type\":\"ListItem\",\"@id\":\"https:\\\/\\\/allasorias.hu\\\/hirek\\\/evertekelo-utan-a-szulesosztonzo-program-hatasarol\\\/#listItem\",\"name\":\"\\u00c9v\\u00e9rt\\u00e9kel\\u0151 ut\\u00e1n a sz\\u00fcl\\u00e9s\\u00f6szt\\u00f6nz\\u0151 program hat\\u00e1s\\u00e1r\\u00f3l\"},\"previousItem\":{\"@type\":\"ListItem\",\"@id\":\"https:\\\/\\\/allasorias.hu\\\/hirek#listItem\",\"name\":\"Home\"}},{\"@type\":\"ListItem\",\"@id\":\"https:\\\/\\\/allasorias.hu\\\/hirek\\\/evertekelo-utan-a-szulesosztonzo-program-hatasarol\\\/#listItem\",\"position\":3,\"name\":\"\\u00c9v\\u00e9rt\\u00e9kel\\u0151 ut\\u00e1n a sz\\u00fcl\\u00e9s\\u00f6szt\\u00f6nz\\u0151 program hat\\u00e1s\\u00e1r\\u00f3l\",\"previousItem\":{\"@type\":\"ListItem\",\"@id\":\"https:\\\/\\\/allasorias.hu\\\/hirek\\\/temak\\\/gazdasag\\\/#listItem\",\"name\":\"Gazdas\\u00e1g\"}}]},{\"@type\":\"Organization\",\"@id\":\"https:\\\/\\\/allasorias.hu\\\/hirek\\\/#organization\",\"name\":\"AllasOrias.hu | H\\u00edrek-lapszemle\",\"description\":\"\\u00dczleti h\\u00edrek az \\u00e1ll\\u00e1s \\u00e9s a munka vil\\u00e1g\\u00e1b\\u00f3l\",\"url\":\"https:\\\/\\\/allasorias.hu\\\/hirek\\\/\",\"logo\":{\"@type\":\"ImageObject\",\"url\":\"https:\\\/\\\/allasorias.hu\\\/hirek\\\/wp-content\\\/uploads\\\/2022\\\/10\\\/allasorias_site_facebok_logo.png\",\"@id\":\"https:\\\/\\\/allasorias.hu\\\/hirek\\\/evertekelo-utan-a-szulesosztonzo-program-hatasarol\\\/#organizationLogo\"},\"image\":{\"@id\":\"https:\\\/\\\/allasorias.hu\\\/hirek\\\/evertekelo-utan-a-szulesosztonzo-program-hatasarol\\\/#organizationLogo\"},\"sameAs\":[\"https:\\\/\\\/www.facebook.com\\\/allasorias\",\"https:\\\/\\\/www.linkedin.com\\\/company\\\/allasorias\"]},{\"@type\":\"Person\",\"@id\":\"https:\\\/\\\/allasorias.hu\\\/hirek\\\/author\\\/admin-allasorias\\\/#author\",\"url\":\"https:\\\/\\\/allasorias.hu\\\/hirek\\\/author\\\/admin-allasorias\\\/\",\"name\":\"Juh\\u00e1sz P\\u00e9ter\",\"image\":{\"@type\":\"ImageObject\",\"@id\":\"https:\\\/\\\/allasorias.hu\\\/hirek\\\/evertekelo-utan-a-szulesosztonzo-program-hatasarol\\\/#authorImage\",\"url\":\"https:\\\/\\\/secure.gravatar.com\\\/avatar\\\/36e6bcb83148978b992977cb0f54d22feb0cce8a0a849a9410532bb2623ba4c6?s=96&d=mm&r=g\",\"width\":96,\"height\":96,\"caption\":\"Juh\\u00e1sz P\\u00e9ter\"}},{\"@type\":\"WebPage\",\"@id\":\"https:\\\/\\\/allasorias.hu\\\/hirek\\\/evertekelo-utan-a-szulesosztonzo-program-hatasarol\\\/#webpage\",\"url\":\"https:\\\/\\\/allasorias.hu\\\/hirek\\\/evertekelo-utan-a-szulesosztonzo-program-hatasarol\\\/\",\"name\":\"\\u00c9v\\u00e9rt\\u00e9kel\\u0151 ut\\u00e1n a sz\\u00fcl\\u00e9s\\u00f6szt\\u00f6nz\\u0151 program hat\\u00e1s\\u00e1r\\u00f3l | AllasOrias.hu | H\\u00edrek-lapszemle\",\"description\":\"Orb\\u00e1n Viktor minisztereln\\u00f6k tegnapi \\u00e9v\\u00e9rt\\u00e9kel\\u0151 el\\u0151ad\\u00e1s\\u00e1ban bejelentette, hogy a korm\\u00e1ny milyen int\\u00e9zked\\u00e9sekkel pr\\u00f3b\\u00e1l jav\\u00edtani a demogr\\u00e1fiai helyzeten. A c\\u00e9l, hogy a n\\u0151k min\\u00e9l hamarabb \\u00e9s min\\u00e9l t\\u00f6bb gyermeket sz\\u00fcljenek: ennek \\u00e9rdek\\u00e9ben t\\u00f6bbf\\u00e9le p\\u00e9nz\\u00fcgyi t\\u00e1mogat\\u00e1st ind\\u00edtanak el, vagy b\\u0151v\\u00edtenek ki. Elemz\\u0151k szerint, ha a n\\u0151k t\\u00f6megesen v\\u00e1llaln\\u00e1nak t\\u00f6bb gyermeket, munkaer\\u0151piaci fesz\\u00fclts\\u00e9g keletkezne. A legfrissebb el\\u00e9rhet\\u0151 adatok\",\"inLanguage\":\"hu-HU\",\"isPartOf\":{\"@id\":\"https:\\\/\\\/allasorias.hu\\\/hirek\\\/#website\"},\"breadcrumb\":{\"@id\":\"https:\\\/\\\/allasorias.hu\\\/hirek\\\/evertekelo-utan-a-szulesosztonzo-program-hatasarol\\\/#breadcrumblist\"},\"author\":{\"@id\":\"https:\\\/\\\/allasorias.hu\\\/hirek\\\/author\\\/admin-allasorias\\\/#author\"},\"creator\":{\"@id\":\"https:\\\/\\\/allasorias.hu\\\/hirek\\\/author\\\/admin-allasorias\\\/#author\"},\"image\":{\"@type\":\"ImageObject\",\"url\":\"https:\\\/\\\/allasorias.hu\\\/hirek\\\/wp-content\\\/uploads\\\/2019\\\/02\\\/pexels-photo-132730.jpeg\",\"@id\":\"https:\\\/\\\/allasorias.hu\\\/hirek\\\/evertekelo-utan-a-szulesosztonzo-program-hatasarol\\\/#mainImage\",\"width\":640,\"height\":426},\"primaryImageOfPage\":{\"@id\":\"https:\\\/\\\/allasorias.hu\\\/hirek\\\/evertekelo-utan-a-szulesosztonzo-program-hatasarol\\\/#mainImage\"},\"datePublished\":\"2019-02-11T10:12:52+02:00\",\"dateModified\":\"2019-02-11T10:12:52+02:00\"},{\"@type\":\"WebSite\",\"@id\":\"https:\\\/\\\/allasorias.hu\\\/hirek\\\/#website\",\"url\":\"https:\\\/\\\/allasorias.hu\\\/hirek\\\/\",\"name\":\"AllasOrias.hu | H\\u00edrek-lapszemle\",\"description\":\"\\u00dczleti h\\u00edrek az \\u00e1ll\\u00e1s \\u00e9s a munka vil\\u00e1g\\u00e1b\\u00f3l\",\"inLanguage\":\"hu-HU\",\"publisher\":{\"@id\":\"https:\\\/\\\/allasorias.hu\\\/hirek\\\/#organization\"}}]}\n\t\t<\/script>\n\t\t<!-- All in One SEO -->\n\n","aioseo_head_json":{"title":"\u00c9v\u00e9rt\u00e9kel\u0151 ut\u00e1n a sz\u00fcl\u00e9s\u00f6szt\u00f6nz\u0151 program hat\u00e1s\u00e1r\u00f3l | AllasOrias.hu | H\u00edrek-lapszemle","description":"Orb\u00e1n Viktor minisztereln\u00f6k tegnapi \u00e9v\u00e9rt\u00e9kel\u0151 el\u0151ad\u00e1s\u00e1ban bejelentette, hogy a korm\u00e1ny milyen int\u00e9zked\u00e9sekkel pr\u00f3b\u00e1l jav\u00edtani a demogr\u00e1fiai helyzeten. A c\u00e9l, hogy a n\u0151k min\u00e9l hamarabb \u00e9s min\u00e9l t\u00f6bb gyermeket sz\u00fcljenek: ennek \u00e9rdek\u00e9ben t\u00f6bbf\u00e9le p\u00e9nz\u00fcgyi t\u00e1mogat\u00e1st ind\u00edtanak el, vagy b\u0151v\u00edtenek ki. Elemz\u0151k szerint, ha a n\u0151k t\u00f6megesen v\u00e1llaln\u00e1nak t\u00f6bb gyermeket, munkaer\u0151piaci fesz\u00fclts\u00e9g keletkezne. A legfrissebb el\u00e9rhet\u0151 adatok","canonical_url":"https:\/\/allasorias.hu\/hirek\/evertekelo-utan-a-szulesosztonzo-program-hatasarol\/","robots":"max-image-preview:large","keywords":"","webmasterTools":{"miscellaneous":""},"schema":{"@context":"https:\/\/schema.org","@graph":[{"@type":"Article","@id":"https:\/\/allasorias.hu\/hirek\/evertekelo-utan-a-szulesosztonzo-program-hatasarol\/#article","name":"\u00c9v\u00e9rt\u00e9kel\u0151 ut\u00e1n a sz\u00fcl\u00e9s\u00f6szt\u00f6nz\u0151 program hat\u00e1s\u00e1r\u00f3l | AllasOrias.hu | H\u00edrek-lapszemle","headline":"\u00c9v\u00e9rt\u00e9kel\u0151 ut\u00e1n a sz\u00fcl\u00e9s\u00f6szt\u00f6nz\u0151 program hat\u00e1s\u00e1r\u00f3l","author":{"@id":"https:\/\/allasorias.hu\/hirek\/author\/admin-allasorias\/#author"},"publisher":{"@id":"https:\/\/allasorias.hu\/hirek\/#organization"},"image":{"@type":"ImageObject","url":"https:\/\/allasorias.hu\/hirek\/wp-content\/uploads\/2019\/02\/pexels-photo-132730.jpeg","width":640,"height":426},"datePublished":"2019-02-11T10:12:52+02:00","dateModified":"2019-02-11T10:12:52+02:00","inLanguage":"hu-HU","mainEntityOfPage":{"@id":"https:\/\/allasorias.hu\/hirek\/evertekelo-utan-a-szulesosztonzo-program-hatasarol\/#webpage"},"isPartOf":{"@id":"https:\/\/allasorias.hu\/hirek\/evertekelo-utan-a-szulesosztonzo-program-hatasarol\/#webpage"},"articleSection":"Gazdas\u00e1g, Munkaer\u0151piac"},{"@type":"BreadcrumbList","@id":"https:\/\/allasorias.hu\/hirek\/evertekelo-utan-a-szulesosztonzo-program-hatasarol\/#breadcrumblist","itemListElement":[{"@type":"ListItem","@id":"https:\/\/allasorias.hu\/hirek#listItem","position":1,"name":"Home","item":"https:\/\/allasorias.hu\/hirek","nextItem":{"@type":"ListItem","@id":"https:\/\/allasorias.hu\/hirek\/temak\/gazdasag\/#listItem","name":"Gazdas\u00e1g"}},{"@type":"ListItem","@id":"https:\/\/allasorias.hu\/hirek\/temak\/gazdasag\/#listItem","position":2,"name":"Gazdas\u00e1g","item":"https:\/\/allasorias.hu\/hirek\/temak\/gazdasag\/","nextItem":{"@type":"ListItem","@id":"https:\/\/allasorias.hu\/hirek\/evertekelo-utan-a-szulesosztonzo-program-hatasarol\/#listItem","name":"\u00c9v\u00e9rt\u00e9kel\u0151 ut\u00e1n a sz\u00fcl\u00e9s\u00f6szt\u00f6nz\u0151 program hat\u00e1s\u00e1r\u00f3l"},"previousItem":{"@type":"ListItem","@id":"https:\/\/allasorias.hu\/hirek#listItem","name":"Home"}},{"@type":"ListItem","@id":"https:\/\/allasorias.hu\/hirek\/evertekelo-utan-a-szulesosztonzo-program-hatasarol\/#listItem","position":3,"name":"\u00c9v\u00e9rt\u00e9kel\u0151 ut\u00e1n a sz\u00fcl\u00e9s\u00f6szt\u00f6nz\u0151 program hat\u00e1s\u00e1r\u00f3l","previousItem":{"@type":"ListItem","@id":"https:\/\/allasorias.hu\/hirek\/temak\/gazdasag\/#listItem","name":"Gazdas\u00e1g"}}]},{"@type":"Organization","@id":"https:\/\/allasorias.hu\/hirek\/#organization","name":"AllasOrias.hu | H\u00edrek-lapszemle","description":"\u00dczleti h\u00edrek az \u00e1ll\u00e1s \u00e9s a munka vil\u00e1g\u00e1b\u00f3l","url":"https:\/\/allasorias.hu\/hirek\/","logo":{"@type":"ImageObject","url":"https:\/\/allasorias.hu\/hirek\/wp-content\/uploads\/2022\/10\/allasorias_site_facebok_logo.png","@id":"https:\/\/allasorias.hu\/hirek\/evertekelo-utan-a-szulesosztonzo-program-hatasarol\/#organizationLogo"},"image":{"@id":"https:\/\/allasorias.hu\/hirek\/evertekelo-utan-a-szulesosztonzo-program-hatasarol\/#organizationLogo"},"sameAs":["https:\/\/www.facebook.com\/allasorias","https:\/\/www.linkedin.com\/company\/allasorias"]},{"@type":"Person","@id":"https:\/\/allasorias.hu\/hirek\/author\/admin-allasorias\/#author","url":"https:\/\/allasorias.hu\/hirek\/author\/admin-allasorias\/","name":"Juh\u00e1sz P\u00e9ter","image":{"@type":"ImageObject","@id":"https:\/\/allasorias.hu\/hirek\/evertekelo-utan-a-szulesosztonzo-program-hatasarol\/#authorImage","url":"https:\/\/secure.gravatar.com\/avatar\/36e6bcb83148978b992977cb0f54d22feb0cce8a0a849a9410532bb2623ba4c6?s=96&d=mm&r=g","width":96,"height":96,"caption":"Juh\u00e1sz P\u00e9ter"}},{"@type":"WebPage","@id":"https:\/\/allasorias.hu\/hirek\/evertekelo-utan-a-szulesosztonzo-program-hatasarol\/#webpage","url":"https:\/\/allasorias.hu\/hirek\/evertekelo-utan-a-szulesosztonzo-program-hatasarol\/","name":"\u00c9v\u00e9rt\u00e9kel\u0151 ut\u00e1n a sz\u00fcl\u00e9s\u00f6szt\u00f6nz\u0151 program hat\u00e1s\u00e1r\u00f3l | AllasOrias.hu | H\u00edrek-lapszemle","description":"Orb\u00e1n Viktor minisztereln\u00f6k tegnapi \u00e9v\u00e9rt\u00e9kel\u0151 el\u0151ad\u00e1s\u00e1ban bejelentette, hogy a korm\u00e1ny milyen int\u00e9zked\u00e9sekkel pr\u00f3b\u00e1l jav\u00edtani a demogr\u00e1fiai helyzeten. A c\u00e9l, hogy a n\u0151k min\u00e9l hamarabb \u00e9s min\u00e9l t\u00f6bb gyermeket sz\u00fcljenek: ennek \u00e9rdek\u00e9ben t\u00f6bbf\u00e9le p\u00e9nz\u00fcgyi t\u00e1mogat\u00e1st ind\u00edtanak el, vagy b\u0151v\u00edtenek ki. Elemz\u0151k szerint, ha a n\u0151k t\u00f6megesen v\u00e1llaln\u00e1nak t\u00f6bb gyermeket, munkaer\u0151piaci fesz\u00fclts\u00e9g keletkezne. A legfrissebb el\u00e9rhet\u0151 adatok","inLanguage":"hu-HU","isPartOf":{"@id":"https:\/\/allasorias.hu\/hirek\/#website"},"breadcrumb":{"@id":"https:\/\/allasorias.hu\/hirek\/evertekelo-utan-a-szulesosztonzo-program-hatasarol\/#breadcrumblist"},"author":{"@id":"https:\/\/allasorias.hu\/hirek\/author\/admin-allasorias\/#author"},"creator":{"@id":"https:\/\/allasorias.hu\/hirek\/author\/admin-allasorias\/#author"},"image":{"@type":"ImageObject","url":"https:\/\/allasorias.hu\/hirek\/wp-content\/uploads\/2019\/02\/pexels-photo-132730.jpeg","@id":"https:\/\/allasorias.hu\/hirek\/evertekelo-utan-a-szulesosztonzo-program-hatasarol\/#mainImage","width":640,"height":426},"primaryImageOfPage":{"@id":"https:\/\/allasorias.hu\/hirek\/evertekelo-utan-a-szulesosztonzo-program-hatasarol\/#mainImage"},"datePublished":"2019-02-11T10:12:52+02:00","dateModified":"2019-02-11T10:12:52+02:00"},{"@type":"WebSite","@id":"https:\/\/allasorias.hu\/hirek\/#website","url":"https:\/\/allasorias.hu\/hirek\/","name":"AllasOrias.hu | H\u00edrek-lapszemle","description":"\u00dczleti h\u00edrek az \u00e1ll\u00e1s \u00e9s a munka vil\u00e1g\u00e1b\u00f3l","inLanguage":"hu-HU","publisher":{"@id":"https:\/\/allasorias.hu\/hirek\/#organization"}}]},"og:locale":"hu_HU","og:site_name":"AllasOrias.hu | H\u00edrek-lapszemle | \u00dczleti h\u00edrek az \u00e1ll\u00e1s \u00e9s a munka vil\u00e1g\u00e1b\u00f3l","og:type":"article","og:title":"\u00c9v\u00e9rt\u00e9kel\u0151 ut\u00e1n a sz\u00fcl\u00e9s\u00f6szt\u00f6nz\u0151 program hat\u00e1s\u00e1r\u00f3l | AllasOrias.hu | H\u00edrek-lapszemle","og:description":"Orb\u00e1n Viktor minisztereln\u00f6k tegnapi \u00e9v\u00e9rt\u00e9kel\u0151 el\u0151ad\u00e1s\u00e1ban bejelentette, hogy a korm\u00e1ny milyen int\u00e9zked\u00e9sekkel pr\u00f3b\u00e1l jav\u00edtani a demogr\u00e1fiai helyzeten. A c\u00e9l, hogy a n\u0151k min\u00e9l hamarabb \u00e9s min\u00e9l t\u00f6bb gyermeket sz\u00fcljenek: ennek \u00e9rdek\u00e9ben t\u00f6bbf\u00e9le p\u00e9nz\u00fcgyi t\u00e1mogat\u00e1st ind\u00edtanak el, vagy b\u0151v\u00edtenek ki. Elemz\u0151k szerint, ha a n\u0151k t\u00f6megesen v\u00e1llaln\u00e1nak t\u00f6bb gyermeket, munkaer\u0151piaci fesz\u00fclts\u00e9g keletkezne. A legfrissebb el\u00e9rhet\u0151 adatok","og:url":"https:\/\/allasorias.hu\/hirek\/evertekelo-utan-a-szulesosztonzo-program-hatasarol\/","og:image":"https:\/\/allasorias.hu\/hirek\/wp-content\/uploads\/2019\/02\/pexels-photo-132730.jpeg","og:image:secure_url":"https:\/\/allasorias.hu\/hirek\/wp-content\/uploads\/2019\/02\/pexels-photo-132730.jpeg","og:image:width":640,"og:image:height":426,"article:published_time":"2019-02-11T10:12:52+00:00","article:modified_time":"2019-02-11T10:12:52+00:00","article:publisher":"https:\/\/www.facebook.com\/allasorias","twitter:card":"summary_large_image","twitter:title":"\u00c9v\u00e9rt\u00e9kel\u0151 ut\u00e1n a sz\u00fcl\u00e9s\u00f6szt\u00f6nz\u0151 program hat\u00e1s\u00e1r\u00f3l | AllasOrias.hu | H\u00edrek-lapszemle","twitter:description":"Orb\u00e1n Viktor minisztereln\u00f6k tegnapi \u00e9v\u00e9rt\u00e9kel\u0151 el\u0151ad\u00e1s\u00e1ban bejelentette, hogy a korm\u00e1ny milyen int\u00e9zked\u00e9sekkel pr\u00f3b\u00e1l jav\u00edtani a demogr\u00e1fiai helyzeten. A c\u00e9l, hogy a n\u0151k min\u00e9l hamarabb \u00e9s min\u00e9l t\u00f6bb gyermeket sz\u00fcljenek: ennek \u00e9rdek\u00e9ben t\u00f6bbf\u00e9le p\u00e9nz\u00fcgyi t\u00e1mogat\u00e1st ind\u00edtanak el, vagy b\u0151v\u00edtenek ki. Elemz\u0151k szerint, ha a n\u0151k t\u00f6megesen v\u00e1llaln\u00e1nak t\u00f6bb gyermeket, munkaer\u0151piaci fesz\u00fclts\u00e9g keletkezne. A legfrissebb el\u00e9rhet\u0151 adatok","twitter:image":"https:\/\/allasorias.hu\/hirek\/wp-content\/uploads\/2019\/02\/pexels-photo-132730.jpeg","twitter:label1":"Written by","twitter:data1":"Juh\u00e1sz P\u00e9ter","twitter:label2":"Est. reading time","twitter:data2":"3 minutes"},"aioseo_meta_data":{"post_id":"2537","title":null,"description":null,"keywords":null,"keyphrases":null,"primary_term":null,"canonical_url":null,"og_title":null,"og_description":null,"og_object_type":"default","og_image_type":"default","og_image_url":null,"og_image_width":null,"og_image_height":null,"og_image_custom_url":null,"og_image_custom_fields":null,"og_video":null,"og_custom_url":null,"og_article_section":null,"og_article_tags":null,"twitter_use_og":false,"twitter_card":"default","twitter_image_type":"default","twitter_image_url":null,"twitter_image_custom_url":null,"twitter_image_custom_fields":null,"twitter_title":null,"twitter_description":null,"schema":{"blockGraphs":[],"customGraphs":[],"default":{"data":{"Article":[],"Course":[],"Dataset":[],"FAQPage":[],"Movie":[],"Person":[],"Product":[],"ProductReview":[],"Car":[],"Recipe":[],"Service":[],"SoftwareApplication":[],"WebPage":[]},"graphName":"","isEnabled":true},"graphs":[],"defaultGraph":"","defaultPostTypeGraph":""},"schema_type":null,"schema_type_options":null,"pillar_content":false,"robots_default":true,"robots_noindex":false,"robots_noarchive":false,"robots_nosnippet":false,"robots_nofollow":false,"robots_noimageindex":false,"robots_noodp":false,"robots_notranslate":false,"robots_max_snippet":null,"robots_max_videopreview":null,"robots_max_imagepreview":"large","priority":null,"frequency":null,"location":null,"local_seo":null,"breadcrumb_settings":null,"limit_modified_date":false,"ai":null,"created":"2021-02-01 20:46:57","updated":"2025-10-02 09:57:51","seo_analyzer_scan_date":null,"focus_keyword":null,"additional_keywords":null,"truseo_locale":null},"aioseo_breadcrumb":"<div class=\"aioseo-breadcrumbs\"><span class=\"aioseo-breadcrumb\">\n\t\t\t<a href=\"https:\/\/allasorias.hu\/hirek\" title=\"Home\">Home<\/a>\n\t\t<\/span><span class=\"aioseo-breadcrumb-separator\">&raquo;<\/span><span class=\"aioseo-breadcrumb\">\n\t\t\t<a href=\"https:\/\/allasorias.hu\/hirek\/temak\/gazdasag\/\" title=\"Gazdas\u00e1g\">Gazdas\u00e1g<\/a>\n\t\t<\/span><span class=\"aioseo-breadcrumb-separator\">&raquo;<\/span><span class=\"aioseo-breadcrumb\">\n\t\t\t\u00c9v\u00e9rt\u00e9kel\u0151 ut\u00e1n a sz\u00fcl\u00e9s\u00f6szt\u00f6nz\u0151 program hat\u00e1s\u00e1r\u00f3l\n\t\t<\/span><\/div>","aioseo_breadcrumb_json":[{"label":"Home","link":"https:\/\/allasorias.hu\/hirek"},{"label":"Gazdas\u00e1g","link":"https:\/\/allasorias.hu\/hirek\/temak\/gazdasag\/"},{"label":"\u00c9v\u00e9rt\u00e9kel\u0151 ut\u00e1n a sz\u00fcl\u00e9s\u00f6szt\u00f6nz\u0151 program hat\u00e1s\u00e1r\u00f3l","link":"https:\/\/allasorias.hu\/hirek\/evertekelo-utan-a-szulesosztonzo-program-hatasarol\/"}],"_links":{"self":[{"href":"https:\/\/allasorias.hu\/hirek\/wp-json\/wp\/v2\/posts\/2537","targetHints":{"allow":["GET"]}}],"collection":[{"href":"https:\/\/allasorias.hu\/hirek\/wp-json\/wp\/v2\/posts"}],"about":[{"href":"https:\/\/allasorias.hu\/hirek\/wp-json\/wp\/v2\/types\/post"}],"author":[{"embeddable":true,"href":"https:\/\/allasorias.hu\/hirek\/wp-json\/wp\/v2\/users\/1"}],"replies":[{"embeddable":true,"href":"https:\/\/allasorias.hu\/hirek\/wp-json\/wp\/v2\/comments?post=2537"}],"version-history":[{"count":1,"href":"https:\/\/allasorias.hu\/hirek\/wp-json\/wp\/v2\/posts\/2537\/revisions"}],"predecessor-version":[{"id":2539,"href":"https:\/\/allasorias.hu\/hirek\/wp-json\/wp\/v2\/posts\/2537\/revisions\/2539"}],"wp:featuredmedia":[{"embeddable":true,"href":"https:\/\/allasorias.hu\/hirek\/wp-json\/wp\/v2\/media\/2538"}],"wp:attachment":[{"href":"https:\/\/allasorias.hu\/hirek\/wp-json\/wp\/v2\/media?parent=2537"}],"wp:term":[{"taxonomy":"category","embeddable":true,"href":"https:\/\/allasorias.hu\/hirek\/wp-json\/wp\/v2\/categories?post=2537"},{"taxonomy":"post_tag","embeddable":true,"href":"https:\/\/allasorias.hu\/hirek\/wp-json\/wp\/v2\/tags?post=2537"}],"curies":[{"name":"wp","href":"https:\/\/api.w.org\/{rel}","templated":true}]}}