{"id":2534,"date":"2019-02-08T09:20:44","date_gmt":"2019-02-08T09:20:44","guid":{"rendered":"https:\/\/allasorias.hu\/hirek\/?p=2534"},"modified":"2019-02-08T09:20:44","modified_gmt":"2019-02-08T09:20:44","slug":"kellenek-a-digitalisan-kepzett-szakemberek-ettol-fugg-a-jovo","status":"publish","type":"post","link":"https:\/\/allasorias.hu\/hirek\/kellenek-a-digitalisan-kepzett-szakemberek-ettol-fugg-a-jovo\/","title":{"rendered":"Kellenek a digit\u00e1lisan k\u00e9pzett szakemberek, ett\u0151l f\u00fcgg a j\u00f6v\u0151"},"content":{"rendered":"<p>A szakemberek szerint Eur\u00f3pa t\u0151kevonz\u00f3 k\u00e9pess\u00e9g\u00e9nek meg\u0151rz\u00e9s\u00e9hez digit\u00e1lisan k\u00e9pzett munkaer\u0151re van sz\u00fcks\u00e9g. Az EY 200 HR vezet\u0151 k\u00f6r\u00e9ben v\u00e9gzett Building a Better Working Europe felm\u00e9r\u00e9se azt mutatja, a digit\u00e1lisan k\u00e9pzett szakembereken m\u00falik az eur\u00f3pai c\u00e9gek tov\u00e1bbi n\u00f6veked\u00e9se.<\/p>\n<p>A megk\u00e9rdezett vezet\u0151k 34 sz\u00e1zal\u00e9ka szerint Eur\u00f3pa gazdas\u00e1gi j\u00f6v\u0151j\u00e9t az hat\u00e1rozza meg, milyen eredm\u00e9nyesen tudja kihaszn\u00e1lni a digitaliz\u00e1ci\u00f3 t\u00e9rh\u00f3d\u00edt\u00e1s\u00e1t. Az \u00faj technol\u00f3gi\u00e1k elterjed\u00e9se azonban t\u00fal gyorsan t\u00f6rt\u00e9nik. Minden m\u00e1sodik v\u00e1laszad\u00f3 \u00fagy l\u00e1tja, hogy a c\u00e9gek nem k\u00e9pesek id\u0151ben felvenni a megfelel\u0151 tehets\u00e9geket ahhoz, hogy fejleszteni tudjanak. A nemzetk\u00f6zi tendenci\u00e1k itthon is \u00e9rv\u00e9nyesek. A magyar c\u00e9gek relat\u00edv versenyk\u00e9pess\u00e9g\u00e9nek kulcsa, hogy k\u00e9pesek-e els\u0151sz\u00e1m\u00fa priorit\u00e1sk\u00e9nt kezelni a digitaliz\u00e1ci\u00f3t. Meg tudj\u00e1k-e teremteni a nyitotts\u00e1g \u00e9s tanul\u00e1s kult\u00far\u00e1j\u00e1t a szervezetben, illetve, hogy megvan-e az a munkaer\u0151 bevonz\u00f3 k\u00e9pess\u00e9g\u00fck, amely r\u00e9v\u00e9n felvehetik az \u00faj technol\u00f3gi\u00e1k szak\u00e9rt\u0151it. A befektet\u0151k elv\u00e1r\u00e1sainak teljes\u00edt\u00e9s\u00e9hez elengedhetetlen a dolgoz\u00f3k digit\u00e1lis k\u00e9szs\u00e9geinek fejleszt\u00e9se. Az emberi er\u0151forr\u00e1st vezet\u0151i szinten menedzsel\u0151, technol\u00f3giailag \u00e9rett szervezetek \u00e1ltal\u00e1ban hat\u00e9konyabban m\u0171k\u00f6dnek \u00e9s a fluktu\u00e1ci\u00f3 is l\u00e1tv\u00e1nyosan alacsonyabb ezekn\u00e9l a c\u00e9gekn\u00e9l. Ugyanakkor a t\u00e1rsas\u00e1goknak alig fele rendelkezik h\u00e1rom \u00e9vn\u00e9l messzebbre tekint\u0151 HR-strat\u00e9gi\u00e1val \u2013 hangs\u00falyozta Farkas Margit, az EY Szem\u00e9ly\u00fcgyi tan\u00e1csad\u00e1ssal foglalkoz\u00f3 \u00fczlet\u00e1g\u00e1nak partnere. Az eur\u00f3pai v\u00e1llalatok k\u00f6zel fele (48%) jelenleg nem rendelkezik megfelel\u0151 szak\u00e9rtelemmel a kiberbiztons\u00e1g, a mesters\u00e9ges intelligencia \u00e9s a robotika ter\u00fclet\u00e9n. A korl\u00e1tozott technol\u00f3giai k\u00e9szs\u00e9gek rontj\u00e1k a t\u00e1rsas\u00e1gok n\u00f6veked\u00e9si kil\u00e1t\u00e1sait, \u00e9s negat\u00edv hat\u00e1ssal vannak az \u00e1rbev\u00e9telre.<\/p>\n<p><em>Forr\u00e1s: profitline.hu<\/em><\/p>\n","protected":false},"excerpt":{"rendered":"<p>A szakemberek szerint Eur\u00f3pa t\u0151kevonz\u00f3 k\u00e9pess\u00e9g\u00e9nek meg\u0151rz\u00e9s\u00e9hez digit\u00e1lisan k\u00e9pzett munkaer\u0151re van sz\u00fcks\u00e9g. Az EY 200 HR vezet\u0151 k\u00f6r\u00e9ben v\u00e9gzett Building a Better Working Europe felm\u00e9r\u00e9se azt mutatja, a digit\u00e1lisan k\u00e9pzett szakembereken m\u00falik az eur\u00f3pai c\u00e9gek tov\u00e1bbi n\u00f6veked\u00e9se. A megk\u00e9rdezett vezet\u0151k 34 sz\u00e1zal\u00e9ka szerint Eur\u00f3pa gazdas\u00e1gi j\u00f6v\u0151j\u00e9t az hat\u00e1rozza meg, milyen eredm\u00e9nyesen tudja kihaszn\u00e1lni a digitaliz\u00e1ci\u00f3 [&hellip;]<\/p>\n","protected":false},"author":1,"featured_media":2535,"comment_status":"open","ping_status":"open","sticky":false,"template":"","format":"standard","meta":{"_monsterinsights_skip_tracking":false,"footnotes":""},"categories":[1,203,200],"tags":[],"class_list":["post-2534","post","type-post","status-publish","format-standard","has-post-thumbnail","hentry","category-allaskereses","category-hianyszakmak","category-munkaeropiac"],"aioseo_notices":[],"aioseo_head":"\n\t\t<!-- All in One SEO 5.0.0.1 - aioseo.com -->\n\t<meta name=\"description\" content=\"A szakemberek szerint Eur\u00f3pa t\u0151kevonz\u00f3 k\u00e9pess\u00e9g\u00e9nek meg\u0151rz\u00e9s\u00e9hez digit\u00e1lisan k\u00e9pzett munkaer\u0151re van sz\u00fcks\u00e9g. Az EY 200 HR vezet\u0151 k\u00f6r\u00e9ben v\u00e9gzett Building a Better Working Europe felm\u00e9r\u00e9se azt mutatja, a digit\u00e1lisan k\u00e9pzett szakembereken m\u00falik az eur\u00f3pai c\u00e9gek tov\u00e1bbi n\u00f6veked\u00e9se. A megk\u00e9rdezett vezet\u0151k 34 sz\u00e1zal\u00e9ka szerint Eur\u00f3pa gazdas\u00e1gi j\u00f6v\u0151j\u00e9t az hat\u00e1rozza meg, milyen eredm\u00e9nyesen tudja kihaszn\u00e1lni a digitaliz\u00e1ci\u00f3\" \/>\n\t<meta name=\"robots\" content=\"max-image-preview:large\" \/>\n\t<meta name=\"author\" content=\"Juh\u00e1sz P\u00e9ter\"\/>\n\t<link rel=\"canonical\" href=\"https:\/\/allasorias.hu\/hirek\/kellenek-a-digitalisan-kepzett-szakemberek-ettol-fugg-a-jovo\/\" \/>\n\t<meta name=\"generator\" content=\"All in One SEO (AIOSEO) 5.0.0.1\" \/>\n\t\t<meta property=\"og:locale\" content=\"hu_HU\" \/>\n\t\t<meta property=\"og:site_name\" content=\"AllasOrias.hu | H\u00edrek-lapszemle | \u00dczleti h\u00edrek az \u00e1ll\u00e1s \u00e9s a munka vil\u00e1g\u00e1b\u00f3l\" \/>\n\t\t<meta property=\"og:type\" content=\"article\" \/>\n\t\t<meta property=\"og:title\" content=\"Kellenek a digit\u00e1lisan k\u00e9pzett szakemberek, ett\u0151l f\u00fcgg a j\u00f6v\u0151 | AllasOrias.hu | H\u00edrek-lapszemle\" \/>\n\t\t<meta property=\"og:description\" content=\"A szakemberek szerint Eur\u00f3pa t\u0151kevonz\u00f3 k\u00e9pess\u00e9g\u00e9nek meg\u0151rz\u00e9s\u00e9hez digit\u00e1lisan k\u00e9pzett munkaer\u0151re van sz\u00fcks\u00e9g. Az EY 200 HR vezet\u0151 k\u00f6r\u00e9ben v\u00e9gzett Building a Better Working Europe felm\u00e9r\u00e9se azt mutatja, a digit\u00e1lisan k\u00e9pzett szakembereken m\u00falik az eur\u00f3pai c\u00e9gek tov\u00e1bbi n\u00f6veked\u00e9se. A megk\u00e9rdezett vezet\u0151k 34 sz\u00e1zal\u00e9ka szerint Eur\u00f3pa gazdas\u00e1gi j\u00f6v\u0151j\u00e9t az hat\u00e1rozza meg, milyen eredm\u00e9nyesen tudja kihaszn\u00e1lni a digitaliz\u00e1ci\u00f3\" \/>\n\t\t<meta property=\"og:url\" content=\"https:\/\/allasorias.hu\/hirek\/kellenek-a-digitalisan-kepzett-szakemberek-ettol-fugg-a-jovo\/\" \/>\n\t\t<meta property=\"og:image\" content=\"https:\/\/allasorias.hu\/hirek\/wp-content\/uploads\/2019\/02\/pexels-photo-373543.jpeg\" \/>\n\t\t<meta property=\"og:image:secure_url\" content=\"https:\/\/allasorias.hu\/hirek\/wp-content\/uploads\/2019\/02\/pexels-photo-373543.jpeg\" \/>\n\t\t<meta property=\"og:image:width\" content=\"640\" \/>\n\t\t<meta property=\"og:image:height\" content=\"426\" \/>\n\t\t<meta property=\"article:published_time\" content=\"2019-02-08T09:20:44+00:00\" \/>\n\t\t<meta property=\"article:modified_time\" content=\"2019-02-08T09:20:44+00:00\" \/>\n\t\t<meta property=\"article:publisher\" content=\"https:\/\/www.facebook.com\/allasorias\" \/>\n\t\t<meta name=\"twitter:card\" content=\"summary_large_image\" \/>\n\t\t<meta name=\"twitter:title\" content=\"Kellenek a digit\u00e1lisan k\u00e9pzett szakemberek, ett\u0151l f\u00fcgg a j\u00f6v\u0151 | AllasOrias.hu | H\u00edrek-lapszemle\" \/>\n\t\t<meta name=\"twitter:description\" content=\"A szakemberek szerint Eur\u00f3pa t\u0151kevonz\u00f3 k\u00e9pess\u00e9g\u00e9nek meg\u0151rz\u00e9s\u00e9hez digit\u00e1lisan k\u00e9pzett munkaer\u0151re van sz\u00fcks\u00e9g. Az EY 200 HR vezet\u0151 k\u00f6r\u00e9ben v\u00e9gzett Building a Better Working Europe felm\u00e9r\u00e9se azt mutatja, a digit\u00e1lisan k\u00e9pzett szakembereken m\u00falik az eur\u00f3pai c\u00e9gek tov\u00e1bbi n\u00f6veked\u00e9se. A megk\u00e9rdezett vezet\u0151k 34 sz\u00e1zal\u00e9ka szerint Eur\u00f3pa gazdas\u00e1gi j\u00f6v\u0151j\u00e9t az hat\u00e1rozza meg, milyen eredm\u00e9nyesen tudja kihaszn\u00e1lni a digitaliz\u00e1ci\u00f3\" \/>\n\t\t<meta name=\"twitter:image\" content=\"https:\/\/allasorias.hu\/hirek\/wp-content\/uploads\/2019\/02\/pexels-photo-373543.jpeg\" \/>\n\t\t<meta name=\"twitter:label1\" content=\"Written by\" \/>\n\t\t<meta name=\"twitter:data1\" content=\"Juh\u00e1sz P\u00e9ter\" \/>\n\t\t<meta name=\"twitter:label2\" content=\"Est. reading time\" \/>\n\t\t<meta name=\"twitter:data2\" content=\"2 minutes\" \/>\n\t\t<script type=\"application\/ld+json\" class=\"aioseo-schema\">\n\t\t\t{\"@context\":\"https:\\\/\\\/schema.org\",\"@graph\":[{\"@type\":\"Article\",\"@id\":\"https:\\\/\\\/allasorias.hu\\\/hirek\\\/kellenek-a-digitalisan-kepzett-szakemberek-ettol-fugg-a-jovo\\\/#article\",\"name\":\"Kellenek a digit\\u00e1lisan k\\u00e9pzett szakemberek, ett\\u0151l f\\u00fcgg a j\\u00f6v\\u0151 | AllasOrias.hu | H\\u00edrek-lapszemle\",\"headline\":\"Kellenek a digit\\u00e1lisan k\\u00e9pzett szakemberek, ett\\u0151l f\\u00fcgg a j\\u00f6v\\u0151\",\"author\":{\"@id\":\"https:\\\/\\\/allasorias.hu\\\/hirek\\\/author\\\/admin-allasorias\\\/#author\"},\"publisher\":{\"@id\":\"https:\\\/\\\/allasorias.hu\\\/hirek\\\/#organization\"},\"image\":{\"@type\":\"ImageObject\",\"url\":\"https:\\\/\\\/allasorias.hu\\\/hirek\\\/wp-content\\\/uploads\\\/2019\\\/02\\\/pexels-photo-373543.jpeg\",\"width\":640,\"height\":426},\"datePublished\":\"2019-02-08T09:20:44+02:00\",\"dateModified\":\"2019-02-08T09:20:44+02:00\",\"inLanguage\":\"hu-HU\",\"mainEntityOfPage\":{\"@id\":\"https:\\\/\\\/allasorias.hu\\\/hirek\\\/kellenek-a-digitalisan-kepzett-szakemberek-ettol-fugg-a-jovo\\\/#webpage\"},\"isPartOf\":{\"@id\":\"https:\\\/\\\/allasorias.hu\\\/hirek\\\/kellenek-a-digitalisan-kepzett-szakemberek-ettol-fugg-a-jovo\\\/#webpage\"},\"articleSection\":\"\\u00c1ll\\u00e1skeres\\u00e9s, Hi\\u00e1nyszakm\\u00e1k, Munkaer\\u0151piac\"},{\"@type\":\"BreadcrumbList\",\"@id\":\"https:\\\/\\\/allasorias.hu\\\/hirek\\\/kellenek-a-digitalisan-kepzett-szakemberek-ettol-fugg-a-jovo\\\/#breadcrumblist\",\"itemListElement\":[{\"@type\":\"ListItem\",\"@id\":\"https:\\\/\\\/allasorias.hu\\\/hirek#listItem\",\"position\":1,\"name\":\"Home\",\"item\":\"https:\\\/\\\/allasorias.hu\\\/hirek\",\"nextItem\":{\"@type\":\"ListItem\",\"@id\":\"https:\\\/\\\/allasorias.hu\\\/hirek\\\/temak\\\/allaskereses\\\/#listItem\",\"name\":\"\\u00c1ll\\u00e1skeres\\u00e9s\"}},{\"@type\":\"ListItem\",\"@id\":\"https:\\\/\\\/allasorias.hu\\\/hirek\\\/temak\\\/allaskereses\\\/#listItem\",\"position\":2,\"name\":\"\\u00c1ll\\u00e1skeres\\u00e9s\",\"item\":\"https:\\\/\\\/allasorias.hu\\\/hirek\\\/temak\\\/allaskereses\\\/\",\"nextItem\":{\"@type\":\"ListItem\",\"@id\":\"https:\\\/\\\/allasorias.hu\\\/hirek\\\/kellenek-a-digitalisan-kepzett-szakemberek-ettol-fugg-a-jovo\\\/#listItem\",\"name\":\"Kellenek a digit\\u00e1lisan k\\u00e9pzett szakemberek, ett\\u0151l f\\u00fcgg a j\\u00f6v\\u0151\"},\"previousItem\":{\"@type\":\"ListItem\",\"@id\":\"https:\\\/\\\/allasorias.hu\\\/hirek#listItem\",\"name\":\"Home\"}},{\"@type\":\"ListItem\",\"@id\":\"https:\\\/\\\/allasorias.hu\\\/hirek\\\/kellenek-a-digitalisan-kepzett-szakemberek-ettol-fugg-a-jovo\\\/#listItem\",\"position\":3,\"name\":\"Kellenek a digit\\u00e1lisan k\\u00e9pzett szakemberek, ett\\u0151l f\\u00fcgg a j\\u00f6v\\u0151\",\"previousItem\":{\"@type\":\"ListItem\",\"@id\":\"https:\\\/\\\/allasorias.hu\\\/hirek\\\/temak\\\/allaskereses\\\/#listItem\",\"name\":\"\\u00c1ll\\u00e1skeres\\u00e9s\"}}]},{\"@type\":\"Organization\",\"@id\":\"https:\\\/\\\/allasorias.hu\\\/hirek\\\/#organization\",\"name\":\"AllasOrias.hu | H\\u00edrek-lapszemle\",\"description\":\"\\u00dczleti h\\u00edrek az \\u00e1ll\\u00e1s \\u00e9s a munka vil\\u00e1g\\u00e1b\\u00f3l\",\"url\":\"https:\\\/\\\/allasorias.hu\\\/hirek\\\/\",\"logo\":{\"@type\":\"ImageObject\",\"url\":\"https:\\\/\\\/allasorias.hu\\\/hirek\\\/wp-content\\\/uploads\\\/2022\\\/10\\\/allasorias_site_facebok_logo.png\",\"@id\":\"https:\\\/\\\/allasorias.hu\\\/hirek\\\/kellenek-a-digitalisan-kepzett-szakemberek-ettol-fugg-a-jovo\\\/#organizationLogo\"},\"image\":{\"@id\":\"https:\\\/\\\/allasorias.hu\\\/hirek\\\/kellenek-a-digitalisan-kepzett-szakemberek-ettol-fugg-a-jovo\\\/#organizationLogo\"},\"sameAs\":[\"https:\\\/\\\/www.facebook.com\\\/allasorias\",\"https:\\\/\\\/www.linkedin.com\\\/company\\\/allasorias\"]},{\"@type\":\"Person\",\"@id\":\"https:\\\/\\\/allasorias.hu\\\/hirek\\\/author\\\/admin-allasorias\\\/#author\",\"url\":\"https:\\\/\\\/allasorias.hu\\\/hirek\\\/author\\\/admin-allasorias\\\/\",\"name\":\"Juh\\u00e1sz P\\u00e9ter\",\"image\":{\"@type\":\"ImageObject\",\"@id\":\"https:\\\/\\\/allasorias.hu\\\/hirek\\\/kellenek-a-digitalisan-kepzett-szakemberek-ettol-fugg-a-jovo\\\/#authorImage\",\"url\":\"https:\\\/\\\/secure.gravatar.com\\\/avatar\\\/36e6bcb83148978b992977cb0f54d22feb0cce8a0a849a9410532bb2623ba4c6?s=96&d=mm&r=g\",\"width\":96,\"height\":96,\"caption\":\"Juh\\u00e1sz P\\u00e9ter\"}},{\"@type\":\"WebPage\",\"@id\":\"https:\\\/\\\/allasorias.hu\\\/hirek\\\/kellenek-a-digitalisan-kepzett-szakemberek-ettol-fugg-a-jovo\\\/#webpage\",\"url\":\"https:\\\/\\\/allasorias.hu\\\/hirek\\\/kellenek-a-digitalisan-kepzett-szakemberek-ettol-fugg-a-jovo\\\/\",\"name\":\"Kellenek a digit\\u00e1lisan k\\u00e9pzett szakemberek, ett\\u0151l f\\u00fcgg a j\\u00f6v\\u0151 | AllasOrias.hu | H\\u00edrek-lapszemle\",\"description\":\"A szakemberek szerint Eur\\u00f3pa t\\u0151kevonz\\u00f3 k\\u00e9pess\\u00e9g\\u00e9nek meg\\u0151rz\\u00e9s\\u00e9hez digit\\u00e1lisan k\\u00e9pzett munkaer\\u0151re van sz\\u00fcks\\u00e9g. Az EY 200 HR vezet\\u0151 k\\u00f6r\\u00e9ben v\\u00e9gzett Building a Better Working Europe felm\\u00e9r\\u00e9se azt mutatja, a digit\\u00e1lisan k\\u00e9pzett szakembereken m\\u00falik az eur\\u00f3pai c\\u00e9gek tov\\u00e1bbi n\\u00f6veked\\u00e9se. A megk\\u00e9rdezett vezet\\u0151k 34 sz\\u00e1zal\\u00e9ka szerint Eur\\u00f3pa gazdas\\u00e1gi j\\u00f6v\\u0151j\\u00e9t az hat\\u00e1rozza meg, milyen eredm\\u00e9nyesen tudja kihaszn\\u00e1lni a digitaliz\\u00e1ci\\u00f3\",\"inLanguage\":\"hu-HU\",\"isPartOf\":{\"@id\":\"https:\\\/\\\/allasorias.hu\\\/hirek\\\/#website\"},\"breadcrumb\":{\"@id\":\"https:\\\/\\\/allasorias.hu\\\/hirek\\\/kellenek-a-digitalisan-kepzett-szakemberek-ettol-fugg-a-jovo\\\/#breadcrumblist\"},\"author\":{\"@id\":\"https:\\\/\\\/allasorias.hu\\\/hirek\\\/author\\\/admin-allasorias\\\/#author\"},\"creator\":{\"@id\":\"https:\\\/\\\/allasorias.hu\\\/hirek\\\/author\\\/admin-allasorias\\\/#author\"},\"image\":{\"@type\":\"ImageObject\",\"url\":\"https:\\\/\\\/allasorias.hu\\\/hirek\\\/wp-content\\\/uploads\\\/2019\\\/02\\\/pexels-photo-373543.jpeg\",\"@id\":\"https:\\\/\\\/allasorias.hu\\\/hirek\\\/kellenek-a-digitalisan-kepzett-szakemberek-ettol-fugg-a-jovo\\\/#mainImage\",\"width\":640,\"height\":426},\"primaryImageOfPage\":{\"@id\":\"https:\\\/\\\/allasorias.hu\\\/hirek\\\/kellenek-a-digitalisan-kepzett-szakemberek-ettol-fugg-a-jovo\\\/#mainImage\"},\"datePublished\":\"2019-02-08T09:20:44+02:00\",\"dateModified\":\"2019-02-08T09:20:44+02:00\"},{\"@type\":\"WebSite\",\"@id\":\"https:\\\/\\\/allasorias.hu\\\/hirek\\\/#website\",\"url\":\"https:\\\/\\\/allasorias.hu\\\/hirek\\\/\",\"name\":\"AllasOrias.hu | H\\u00edrek-lapszemle\",\"description\":\"\\u00dczleti h\\u00edrek az \\u00e1ll\\u00e1s \\u00e9s a munka vil\\u00e1g\\u00e1b\\u00f3l\",\"inLanguage\":\"hu-HU\",\"publisher\":{\"@id\":\"https:\\\/\\\/allasorias.hu\\\/hirek\\\/#organization\"}}]}\n\t\t<\/script>\n\t\t<!-- All in One SEO -->\n\n","aioseo_head_json":{"title":"Kellenek a digit\u00e1lisan k\u00e9pzett szakemberek, ett\u0151l f\u00fcgg a j\u00f6v\u0151 | AllasOrias.hu | H\u00edrek-lapszemle","description":"A szakemberek szerint Eur\u00f3pa t\u0151kevonz\u00f3 k\u00e9pess\u00e9g\u00e9nek meg\u0151rz\u00e9s\u00e9hez digit\u00e1lisan k\u00e9pzett munkaer\u0151re van sz\u00fcks\u00e9g. Az EY 200 HR vezet\u0151 k\u00f6r\u00e9ben v\u00e9gzett Building a Better Working Europe felm\u00e9r\u00e9se azt mutatja, a digit\u00e1lisan k\u00e9pzett szakembereken m\u00falik az eur\u00f3pai c\u00e9gek tov\u00e1bbi n\u00f6veked\u00e9se. A megk\u00e9rdezett vezet\u0151k 34 sz\u00e1zal\u00e9ka szerint Eur\u00f3pa gazdas\u00e1gi j\u00f6v\u0151j\u00e9t az hat\u00e1rozza meg, milyen eredm\u00e9nyesen tudja kihaszn\u00e1lni a digitaliz\u00e1ci\u00f3","canonical_url":"https:\/\/allasorias.hu\/hirek\/kellenek-a-digitalisan-kepzett-szakemberek-ettol-fugg-a-jovo\/","robots":"max-image-preview:large","keywords":"","webmasterTools":{"miscellaneous":""},"schema":{"@context":"https:\/\/schema.org","@graph":[{"@type":"Article","@id":"https:\/\/allasorias.hu\/hirek\/kellenek-a-digitalisan-kepzett-szakemberek-ettol-fugg-a-jovo\/#article","name":"Kellenek a digit\u00e1lisan k\u00e9pzett szakemberek, ett\u0151l f\u00fcgg a j\u00f6v\u0151 | AllasOrias.hu | H\u00edrek-lapszemle","headline":"Kellenek a digit\u00e1lisan k\u00e9pzett szakemberek, ett\u0151l f\u00fcgg a j\u00f6v\u0151","author":{"@id":"https:\/\/allasorias.hu\/hirek\/author\/admin-allasorias\/#author"},"publisher":{"@id":"https:\/\/allasorias.hu\/hirek\/#organization"},"image":{"@type":"ImageObject","url":"https:\/\/allasorias.hu\/hirek\/wp-content\/uploads\/2019\/02\/pexels-photo-373543.jpeg","width":640,"height":426},"datePublished":"2019-02-08T09:20:44+02:00","dateModified":"2019-02-08T09:20:44+02:00","inLanguage":"hu-HU","mainEntityOfPage":{"@id":"https:\/\/allasorias.hu\/hirek\/kellenek-a-digitalisan-kepzett-szakemberek-ettol-fugg-a-jovo\/#webpage"},"isPartOf":{"@id":"https:\/\/allasorias.hu\/hirek\/kellenek-a-digitalisan-kepzett-szakemberek-ettol-fugg-a-jovo\/#webpage"},"articleSection":"\u00c1ll\u00e1skeres\u00e9s, Hi\u00e1nyszakm\u00e1k, Munkaer\u0151piac"},{"@type":"BreadcrumbList","@id":"https:\/\/allasorias.hu\/hirek\/kellenek-a-digitalisan-kepzett-szakemberek-ettol-fugg-a-jovo\/#breadcrumblist","itemListElement":[{"@type":"ListItem","@id":"https:\/\/allasorias.hu\/hirek#listItem","position":1,"name":"Home","item":"https:\/\/allasorias.hu\/hirek","nextItem":{"@type":"ListItem","@id":"https:\/\/allasorias.hu\/hirek\/temak\/allaskereses\/#listItem","name":"\u00c1ll\u00e1skeres\u00e9s"}},{"@type":"ListItem","@id":"https:\/\/allasorias.hu\/hirek\/temak\/allaskereses\/#listItem","position":2,"name":"\u00c1ll\u00e1skeres\u00e9s","item":"https:\/\/allasorias.hu\/hirek\/temak\/allaskereses\/","nextItem":{"@type":"ListItem","@id":"https:\/\/allasorias.hu\/hirek\/kellenek-a-digitalisan-kepzett-szakemberek-ettol-fugg-a-jovo\/#listItem","name":"Kellenek a digit\u00e1lisan k\u00e9pzett szakemberek, ett\u0151l f\u00fcgg a j\u00f6v\u0151"},"previousItem":{"@type":"ListItem","@id":"https:\/\/allasorias.hu\/hirek#listItem","name":"Home"}},{"@type":"ListItem","@id":"https:\/\/allasorias.hu\/hirek\/kellenek-a-digitalisan-kepzett-szakemberek-ettol-fugg-a-jovo\/#listItem","position":3,"name":"Kellenek a digit\u00e1lisan k\u00e9pzett szakemberek, ett\u0151l f\u00fcgg a j\u00f6v\u0151","previousItem":{"@type":"ListItem","@id":"https:\/\/allasorias.hu\/hirek\/temak\/allaskereses\/#listItem","name":"\u00c1ll\u00e1skeres\u00e9s"}}]},{"@type":"Organization","@id":"https:\/\/allasorias.hu\/hirek\/#organization","name":"AllasOrias.hu | H\u00edrek-lapszemle","description":"\u00dczleti h\u00edrek az \u00e1ll\u00e1s \u00e9s a munka vil\u00e1g\u00e1b\u00f3l","url":"https:\/\/allasorias.hu\/hirek\/","logo":{"@type":"ImageObject","url":"https:\/\/allasorias.hu\/hirek\/wp-content\/uploads\/2022\/10\/allasorias_site_facebok_logo.png","@id":"https:\/\/allasorias.hu\/hirek\/kellenek-a-digitalisan-kepzett-szakemberek-ettol-fugg-a-jovo\/#organizationLogo"},"image":{"@id":"https:\/\/allasorias.hu\/hirek\/kellenek-a-digitalisan-kepzett-szakemberek-ettol-fugg-a-jovo\/#organizationLogo"},"sameAs":["https:\/\/www.facebook.com\/allasorias","https:\/\/www.linkedin.com\/company\/allasorias"]},{"@type":"Person","@id":"https:\/\/allasorias.hu\/hirek\/author\/admin-allasorias\/#author","url":"https:\/\/allasorias.hu\/hirek\/author\/admin-allasorias\/","name":"Juh\u00e1sz P\u00e9ter","image":{"@type":"ImageObject","@id":"https:\/\/allasorias.hu\/hirek\/kellenek-a-digitalisan-kepzett-szakemberek-ettol-fugg-a-jovo\/#authorImage","url":"https:\/\/secure.gravatar.com\/avatar\/36e6bcb83148978b992977cb0f54d22feb0cce8a0a849a9410532bb2623ba4c6?s=96&d=mm&r=g","width":96,"height":96,"caption":"Juh\u00e1sz P\u00e9ter"}},{"@type":"WebPage","@id":"https:\/\/allasorias.hu\/hirek\/kellenek-a-digitalisan-kepzett-szakemberek-ettol-fugg-a-jovo\/#webpage","url":"https:\/\/allasorias.hu\/hirek\/kellenek-a-digitalisan-kepzett-szakemberek-ettol-fugg-a-jovo\/","name":"Kellenek a digit\u00e1lisan k\u00e9pzett szakemberek, ett\u0151l f\u00fcgg a j\u00f6v\u0151 | AllasOrias.hu | H\u00edrek-lapszemle","description":"A szakemberek szerint Eur\u00f3pa t\u0151kevonz\u00f3 k\u00e9pess\u00e9g\u00e9nek meg\u0151rz\u00e9s\u00e9hez digit\u00e1lisan k\u00e9pzett munkaer\u0151re van sz\u00fcks\u00e9g. Az EY 200 HR vezet\u0151 k\u00f6r\u00e9ben v\u00e9gzett Building a Better Working Europe felm\u00e9r\u00e9se azt mutatja, a digit\u00e1lisan k\u00e9pzett szakembereken m\u00falik az eur\u00f3pai c\u00e9gek tov\u00e1bbi n\u00f6veked\u00e9se. A megk\u00e9rdezett vezet\u0151k 34 sz\u00e1zal\u00e9ka szerint Eur\u00f3pa gazdas\u00e1gi j\u00f6v\u0151j\u00e9t az hat\u00e1rozza meg, milyen eredm\u00e9nyesen tudja kihaszn\u00e1lni a digitaliz\u00e1ci\u00f3","inLanguage":"hu-HU","isPartOf":{"@id":"https:\/\/allasorias.hu\/hirek\/#website"},"breadcrumb":{"@id":"https:\/\/allasorias.hu\/hirek\/kellenek-a-digitalisan-kepzett-szakemberek-ettol-fugg-a-jovo\/#breadcrumblist"},"author":{"@id":"https:\/\/allasorias.hu\/hirek\/author\/admin-allasorias\/#author"},"creator":{"@id":"https:\/\/allasorias.hu\/hirek\/author\/admin-allasorias\/#author"},"image":{"@type":"ImageObject","url":"https:\/\/allasorias.hu\/hirek\/wp-content\/uploads\/2019\/02\/pexels-photo-373543.jpeg","@id":"https:\/\/allasorias.hu\/hirek\/kellenek-a-digitalisan-kepzett-szakemberek-ettol-fugg-a-jovo\/#mainImage","width":640,"height":426},"primaryImageOfPage":{"@id":"https:\/\/allasorias.hu\/hirek\/kellenek-a-digitalisan-kepzett-szakemberek-ettol-fugg-a-jovo\/#mainImage"},"datePublished":"2019-02-08T09:20:44+02:00","dateModified":"2019-02-08T09:20:44+02:00"},{"@type":"WebSite","@id":"https:\/\/allasorias.hu\/hirek\/#website","url":"https:\/\/allasorias.hu\/hirek\/","name":"AllasOrias.hu | H\u00edrek-lapszemle","description":"\u00dczleti h\u00edrek az \u00e1ll\u00e1s \u00e9s a munka vil\u00e1g\u00e1b\u00f3l","inLanguage":"hu-HU","publisher":{"@id":"https:\/\/allasorias.hu\/hirek\/#organization"}}]},"og:locale":"hu_HU","og:site_name":"AllasOrias.hu | H\u00edrek-lapszemle | \u00dczleti h\u00edrek az \u00e1ll\u00e1s \u00e9s a munka vil\u00e1g\u00e1b\u00f3l","og:type":"article","og:title":"Kellenek a digit\u00e1lisan k\u00e9pzett szakemberek, ett\u0151l f\u00fcgg a j\u00f6v\u0151 | AllasOrias.hu | H\u00edrek-lapszemle","og:description":"A szakemberek szerint Eur\u00f3pa t\u0151kevonz\u00f3 k\u00e9pess\u00e9g\u00e9nek meg\u0151rz\u00e9s\u00e9hez digit\u00e1lisan k\u00e9pzett munkaer\u0151re van sz\u00fcks\u00e9g. Az EY 200 HR vezet\u0151 k\u00f6r\u00e9ben v\u00e9gzett Building a Better Working Europe felm\u00e9r\u00e9se azt mutatja, a digit\u00e1lisan k\u00e9pzett szakembereken m\u00falik az eur\u00f3pai c\u00e9gek tov\u00e1bbi n\u00f6veked\u00e9se. A megk\u00e9rdezett vezet\u0151k 34 sz\u00e1zal\u00e9ka szerint Eur\u00f3pa gazdas\u00e1gi j\u00f6v\u0151j\u00e9t az hat\u00e1rozza meg, milyen eredm\u00e9nyesen tudja kihaszn\u00e1lni a digitaliz\u00e1ci\u00f3","og:url":"https:\/\/allasorias.hu\/hirek\/kellenek-a-digitalisan-kepzett-szakemberek-ettol-fugg-a-jovo\/","og:image":"https:\/\/allasorias.hu\/hirek\/wp-content\/uploads\/2019\/02\/pexels-photo-373543.jpeg","og:image:secure_url":"https:\/\/allasorias.hu\/hirek\/wp-content\/uploads\/2019\/02\/pexels-photo-373543.jpeg","og:image:width":640,"og:image:height":426,"article:published_time":"2019-02-08T09:20:44+00:00","article:modified_time":"2019-02-08T09:20:44+00:00","article:publisher":"https:\/\/www.facebook.com\/allasorias","twitter:card":"summary_large_image","twitter:title":"Kellenek a digit\u00e1lisan k\u00e9pzett szakemberek, ett\u0151l f\u00fcgg a j\u00f6v\u0151 | AllasOrias.hu | H\u00edrek-lapszemle","twitter:description":"A szakemberek szerint Eur\u00f3pa t\u0151kevonz\u00f3 k\u00e9pess\u00e9g\u00e9nek meg\u0151rz\u00e9s\u00e9hez digit\u00e1lisan k\u00e9pzett munkaer\u0151re van sz\u00fcks\u00e9g. Az EY 200 HR vezet\u0151 k\u00f6r\u00e9ben v\u00e9gzett Building a Better Working Europe felm\u00e9r\u00e9se azt mutatja, a digit\u00e1lisan k\u00e9pzett szakembereken m\u00falik az eur\u00f3pai c\u00e9gek tov\u00e1bbi n\u00f6veked\u00e9se. A megk\u00e9rdezett vezet\u0151k 34 sz\u00e1zal\u00e9ka szerint Eur\u00f3pa gazdas\u00e1gi j\u00f6v\u0151j\u00e9t az hat\u00e1rozza meg, milyen eredm\u00e9nyesen tudja kihaszn\u00e1lni a digitaliz\u00e1ci\u00f3","twitter:image":"https:\/\/allasorias.hu\/hirek\/wp-content\/uploads\/2019\/02\/pexels-photo-373543.jpeg","twitter:label1":"Written by","twitter:data1":"Juh\u00e1sz P\u00e9ter","twitter:label2":"Est. reading time","twitter:data2":"2 minutes"},"aioseo_meta_data":{"post_id":"2534","title":null,"description":null,"keywords":null,"keyphrases":null,"primary_term":null,"canonical_url":null,"og_title":null,"og_description":null,"og_object_type":"default","og_image_type":"default","og_image_url":null,"og_image_width":null,"og_image_height":null,"og_image_custom_url":null,"og_image_custom_fields":null,"og_video":null,"og_custom_url":null,"og_article_section":null,"og_article_tags":null,"twitter_use_og":false,"twitter_card":"default","twitter_image_type":"default","twitter_image_url":null,"twitter_image_custom_url":null,"twitter_image_custom_fields":null,"twitter_title":null,"twitter_description":null,"schema":{"blockGraphs":[],"customGraphs":[],"default":{"data":{"Article":[],"Course":[],"Dataset":[],"FAQPage":[],"Movie":[],"Person":[],"Product":[],"ProductReview":[],"Car":[],"Recipe":[],"Service":[],"SoftwareApplication":[],"WebPage":[]},"graphName":"","isEnabled":true},"graphs":[],"defaultGraph":"","defaultPostTypeGraph":""},"schema_type":null,"schema_type_options":null,"pillar_content":false,"robots_default":true,"robots_noindex":false,"robots_noarchive":false,"robots_nosnippet":false,"robots_nofollow":false,"robots_noimageindex":false,"robots_noodp":false,"robots_notranslate":false,"robots_max_snippet":null,"robots_max_videopreview":null,"robots_max_imagepreview":"large","priority":null,"frequency":null,"location":null,"local_seo":null,"breadcrumb_settings":null,"limit_modified_date":false,"ai":null,"created":"2021-02-01 20:46:57","updated":"2025-10-02 09:57:51","seo_analyzer_scan_date":null,"focus_keyword":null,"additional_keywords":null,"truseo_locale":null},"aioseo_breadcrumb":"<div class=\"aioseo-breadcrumbs\"><span class=\"aioseo-breadcrumb\">\n\t\t\t<a href=\"https:\/\/allasorias.hu\/hirek\" title=\"Home\">Home<\/a>\n\t\t<\/span><span class=\"aioseo-breadcrumb-separator\">&raquo;<\/span><span class=\"aioseo-breadcrumb\">\n\t\t\t<a href=\"https:\/\/allasorias.hu\/hirek\/temak\/allaskereses\/\" title=\"\u00c1ll\u00e1skeres\u00e9s\">\u00c1ll\u00e1skeres\u00e9s<\/a>\n\t\t<\/span><span class=\"aioseo-breadcrumb-separator\">&raquo;<\/span><span class=\"aioseo-breadcrumb\">\n\t\t\tKellenek a digit\u00e1lisan k\u00e9pzett szakemberek, ett\u0151l f\u00fcgg a j\u00f6v\u0151\n\t\t<\/span><\/div>","aioseo_breadcrumb_json":[{"label":"Home","link":"https:\/\/allasorias.hu\/hirek"},{"label":"\u00c1ll\u00e1skeres\u00e9s","link":"https:\/\/allasorias.hu\/hirek\/temak\/allaskereses\/"},{"label":"Kellenek a digit\u00e1lisan k\u00e9pzett szakemberek, ett\u0151l f\u00fcgg a j\u00f6v\u0151","link":"https:\/\/allasorias.hu\/hirek\/kellenek-a-digitalisan-kepzett-szakemberek-ettol-fugg-a-jovo\/"}],"_links":{"self":[{"href":"https:\/\/allasorias.hu\/hirek\/wp-json\/wp\/v2\/posts\/2534","targetHints":{"allow":["GET"]}}],"collection":[{"href":"https:\/\/allasorias.hu\/hirek\/wp-json\/wp\/v2\/posts"}],"about":[{"href":"https:\/\/allasorias.hu\/hirek\/wp-json\/wp\/v2\/types\/post"}],"author":[{"embeddable":true,"href":"https:\/\/allasorias.hu\/hirek\/wp-json\/wp\/v2\/users\/1"}],"replies":[{"embeddable":true,"href":"https:\/\/allasorias.hu\/hirek\/wp-json\/wp\/v2\/comments?post=2534"}],"version-history":[{"count":1,"href":"https:\/\/allasorias.hu\/hirek\/wp-json\/wp\/v2\/posts\/2534\/revisions"}],"predecessor-version":[{"id":2536,"href":"https:\/\/allasorias.hu\/hirek\/wp-json\/wp\/v2\/posts\/2534\/revisions\/2536"}],"wp:featuredmedia":[{"embeddable":true,"href":"https:\/\/allasorias.hu\/hirek\/wp-json\/wp\/v2\/media\/2535"}],"wp:attachment":[{"href":"https:\/\/allasorias.hu\/hirek\/wp-json\/wp\/v2\/media?parent=2534"}],"wp:term":[{"taxonomy":"category","embeddable":true,"href":"https:\/\/allasorias.hu\/hirek\/wp-json\/wp\/v2\/categories?post=2534"},{"taxonomy":"post_tag","embeddable":true,"href":"https:\/\/allasorias.hu\/hirek\/wp-json\/wp\/v2\/tags?post=2534"}],"curies":[{"name":"wp","href":"https:\/\/api.w.org\/{rel}","templated":true}]}}