{"id":2528,"date":"2019-02-07T15:19:03","date_gmt":"2019-02-07T15:19:03","guid":{"rendered":"https:\/\/allasorias.hu\/hirek\/?p=2528"},"modified":"2019-02-07T15:19:03","modified_gmt":"2019-02-07T15:19:03","slug":"kellenek-a-kulfoldiek-a-munkaeropiacra","status":"publish","type":"post","link":"https:\/\/allasorias.hu\/hirek\/kellenek-a-kulfoldiek-a-munkaeropiacra\/","title":{"rendered":"Kellenek a k\u00fclf\u00f6ldiek a munkaer\u0151piacra"},"content":{"rendered":"<p><strong>Haz\u00e1nkban minden ter\u00fcleten van munkaer\u0151hi\u00e1ny. Ez\u00e9rt is sok c\u00e9g a k\u00fclf\u00f6ldi munkav\u00e1llal\u00f3k alkalmaz\u00e1s\u00e1ban l\u00e1tja a megold\u00e1st: \u00edgy h\u00e1rom \u00e9v alatt megh\u00e1romszoroz\u00f3dott a k\u00fclf\u00f6ldi dolgoz\u00f3k sz\u00e1ma. Azokon a ter\u00fcleteken alkalmazz\u00e1k \u0151ket els\u0151sorban, ahol a magyar nyelv\u0171 kommunik\u00e1ci\u00f3 hi\u00e1nya nem befoly\u00e1solja alapvet\u0151en a teljes\u00edtm\u00e9nyt, vagyis legink\u00e1bb betan\u00edtott vagy szakmunk\u00e1t v\u00e9geznek.<\/strong><\/p>\n<p>Mintegy 300 ezer munkav\u00e1llal\u00f3ra lenne sz\u00fcks\u00e9g\u00a0 Magyarorsz\u00e1gon. A Bev\u00e1ndorl\u00e1si \u00e9s Menek\u00fclt\u00fcgyi Hivatal t\u00e1j\u00e9koztat\u00e1sa szerint \u0151k nem rendelkeznek adatokkal a k\u00fclf\u00f6ldi munkaer\u0151t illet\u0151en. Az viszont t\u00e9ny, hogy h\u00e1rom \u00e9v alatt megh\u00e1romszoroz\u00f3dott a munkav\u00e1llal\u00e1si c\u00e9llal beadott tart\u00f3zkod\u00e1si enged\u00e9lyk\u00e9relmek sz\u00e1ma. A 2015-\u00f6s \u00e9s 2016-os adatok a keres\u0151tev\u00e9kenys\u00e9g, munkav\u00e1llal\u00e1s, j\u00f6vedelemszerz\u00e9s c\u00e9lj\u00e1b\u00f3l beadott k\u00e9rv\u00e9nyek sz\u00e1m\u00e1t mutatj\u00e1k, viszont 2017-ben \u00e9s 2018-ban m\u00e1r a j\u00f6vedelemszerz\u00e9st ( 2017-ben 1098, 2018-ban 1066 k\u00e9relem)\u00a0 \u00e9s a munkav\u00e1llal\u00e1st k\u00fcl\u00f6n kezelte a Bev\u00e1ndorl\u00e1si \u00e9s Menek\u00fclt\u00fcgyi Hivatal. Az adatok szerint \u00e9vr\u0151l \u00e9vre egyre nagyobb sz\u00e1mban \u00e9rkeznek a k\u00fclf\u00f6ldi munkav\u00e1llal\u00f3k Magyarorsz\u00e1gra. Megd\u00f6bbent\u0151 adat, hogy 2018. els\u0151 n\u00e9gy h\u00f3napj\u00e1ban 13 701 munkav\u00e1llal\u00e1s c\u00e9lj\u00e1b\u00f3l beadott tart\u00f3zkod\u00e1si enged\u00e9lyk\u00e9relmet adtak be, \u00e1prilis \u00e9s szeptember k\u00f6z\u00f6tt pedig 29 850-et, ami meghaladja a 2017-es \u00e9vben beadott munkav\u00e1llal\u00e1si c\u00e9llal beadott tart\u00f3zkod\u00e1si enged\u00e9lyk\u00e9relmek sz\u00e1m\u00e1t. A hazai \u00e9p\u00edt\u00e9si piacon er\u0151teljesebben 2016.\u00e9v v\u00e9g\u00e9t\u0151l figyelhet\u0151 meg k\u00fclf\u00f6ldi \u00e1llampolg\u00e1rok foglalkoztat\u00e1sa. Jelenleg, mintegy 3500 &#8211; 4000 f\u0151 lehet foglalkoztatva &#8211; mondta a P\u00e9nzcentrumnak Koji L\u00e1szl\u00f3, az \u00c9p\u00edt\u00e9si V\u00e1llalkoz\u00f3k Orsz\u00e1gos Szaksz\u00f6vets\u00e9g\u00e9nek (\u00c9VOSZ) eln\u00f6ke. Jellemz\u0151en szerb, ukr\u00e1n, rom\u00e1n \u00e1llampolg\u00e1rs\u00e1g\u00faak a k\u00fclf\u00f6ldi foglalkoztatottak \u00e9s fizikai munkak\u00f6r\u00f6kben dolgoznak seg\u00e9d-, betan\u00edtott-, \u00e9s szakmunk\u00e1k ter\u00fclet\u00e9n. 2016-ban a Munkaad\u00f3k \u00e9s Gy\u00e1riparosok Orsz\u00e1gos Sz\u00f6vets\u00e9ge (MGYOSZ) h\u00edvta fel a figyelmet: elker\u00fclhetetlen a harmadik orsz\u00e1gbeli munkav\u00e1llal\u00f3k foglalkoztat\u00e1sa. Akkor javaslatot is tettek a korm\u00e1nynak a k\u00fclf\u00f6ldi munkav\u00e1llal\u00f3k alkalmaz\u00e1s\u00e1nak k\u00f6nny\u00edt\u00e9s\u00e9re. Sok-sok ezer, els\u0151sorban ukr\u00e1n munkav\u00e1llal\u00f3 dolgozik jelenleg els\u0151sorban a feldolgoz\u00f3iparban, m\u00e1sodsorban az \u00e9p\u00edt\u0151iparban. Ezen t\u00fal szerb, vietnami, \u00e9s indiai munkav\u00e1llal\u00f3kr\u00f3l hallottunk, de ut\u00f3bbiakr\u00f3l ink\u00e1bb az el\u0151k\u00e9sz\u00edt\u00e9s f\u00e1zis\u00e1ban &#8211; mondta a P\u00e9nzcentrumnak Lakatos P\u00e9ter, a Munkaad\u00f3k \u00e9s Gy\u00e1riparosok Orsz\u00e1gos Sz\u00f6vets\u00e9g\u00e9nek (MGYOSZ) t\u00e1rseln\u00f6ke, aki \u00fagy fogalmazott, t\u00f6bbs\u00e9g\u00e9ben olyan munkak\u00f6r\u00f6kben alkalmazz\u00e1k a k\u00fclf\u00f6ldieket, ahol a magyar nyelv\u0171 kommunik\u00e1ci\u00f3 hi\u00e1nya nem befoly\u00e1solja alapvet\u0151en a teljes\u00edtm\u00e9nyt, vagyis els\u0151sorban betan\u00edtott vagy szakmunka j\u00f6het sz\u00f3ba. Az MGYOSZ t\u00e1rseln\u00f6ke \u00fagy fogalmazott, a nem magyar munkav\u00e1llal\u00f3k fizet\u00e9se nem k\u00fcl\u00f6nb\u00f6zhet a vel\u00fck minden szempontb\u00f3l \u00f6sszehasonl\u00edthat\u00f3 azonos poz\u00edci\u00f3ban dolgoz\u00f3 magyarok\u00e9t\u00f3l, hiszen azonos munk\u00e1\u00e9rt azonos b\u00e9r illeti meg a munkav\u00e1llal\u00f3kat.<\/p>\n<p><em>Forr\u00e1s: penzcentrum.hu<\/em><\/p>\n","protected":false},"excerpt":{"rendered":"<p>Haz\u00e1nkban minden ter\u00fcleten van munkaer\u0151hi\u00e1ny. Ez\u00e9rt is sok c\u00e9g a k\u00fclf\u00f6ldi munkav\u00e1llal\u00f3k alkalmaz\u00e1s\u00e1ban l\u00e1tja a megold\u00e1st: \u00edgy h\u00e1rom \u00e9v alatt megh\u00e1romszoroz\u00f3dott a k\u00fclf\u00f6ldi dolgoz\u00f3k sz\u00e1ma. Azokon a ter\u00fcleteken alkalmazz\u00e1k \u0151ket els\u0151sorban, ahol a magyar nyelv\u0171 kommunik\u00e1ci\u00f3 hi\u00e1nya nem befoly\u00e1solja alapvet\u0151en a teljes\u00edtm\u00e9nyt, vagyis legink\u00e1bb betan\u00edtott vagy szakmunk\u00e1t v\u00e9geznek. Mintegy 300 ezer munkav\u00e1llal\u00f3ra lenne sz\u00fcks\u00e9g\u00a0 Magyarorsz\u00e1gon. [&hellip;]<\/p>\n","protected":false},"author":1,"featured_media":2529,"comment_status":"open","ping_status":"open","sticky":false,"template":"","format":"standard","meta":{"_monsterinsights_skip_tracking":false,"footnotes":""},"categories":[1,201,200],"tags":[],"class_list":["post-2528","post","type-post","status-publish","format-standard","has-post-thumbnail","hentry","category-allaskereses","category-kulfold","category-munkaeropiac"],"aioseo_notices":[],"aioseo_head":"\n\t\t<!-- All in One SEO 5.0.0.1 - aioseo.com -->\n\t<meta name=\"description\" content=\"Haz\u00e1nkban minden ter\u00fcleten van munkaer\u0151hi\u00e1ny. Ez\u00e9rt is sok c\u00e9g a k\u00fclf\u00f6ldi munkav\u00e1llal\u00f3k alkalmaz\u00e1s\u00e1ban l\u00e1tja a megold\u00e1st: \u00edgy h\u00e1rom \u00e9v alatt megh\u00e1romszoroz\u00f3dott a k\u00fclf\u00f6ldi dolgoz\u00f3k sz\u00e1ma. Azokon a ter\u00fcleteken alkalmazz\u00e1k \u0151ket els\u0151sorban, ahol a magyar nyelv\u0171 kommunik\u00e1ci\u00f3 hi\u00e1nya nem befoly\u00e1solja alapvet\u0151en a teljes\u00edtm\u00e9nyt, vagyis legink\u00e1bb betan\u00edtott vagy szakmunk\u00e1t v\u00e9geznek. Mintegy 300 ezer munkav\u00e1llal\u00f3ra lenne sz\u00fcks\u00e9g Magyarorsz\u00e1gon.\" \/>\n\t<meta name=\"robots\" content=\"max-image-preview:large\" \/>\n\t<meta name=\"author\" content=\"Juh\u00e1sz P\u00e9ter\"\/>\n\t<link rel=\"canonical\" href=\"https:\/\/allasorias.hu\/hirek\/kellenek-a-kulfoldiek-a-munkaeropiacra\/\" \/>\n\t<meta name=\"generator\" content=\"All in One SEO (AIOSEO) 5.0.0.1\" \/>\n\t\t<meta property=\"og:locale\" content=\"hu_HU\" \/>\n\t\t<meta property=\"og:site_name\" content=\"AllasOrias.hu | H\u00edrek-lapszemle | \u00dczleti h\u00edrek az \u00e1ll\u00e1s \u00e9s a munka vil\u00e1g\u00e1b\u00f3l\" \/>\n\t\t<meta property=\"og:type\" content=\"article\" \/>\n\t\t<meta property=\"og:title\" content=\"Kellenek a k\u00fclf\u00f6ldiek a munkaer\u0151piacra | AllasOrias.hu | H\u00edrek-lapszemle\" \/>\n\t\t<meta property=\"og:description\" content=\"Haz\u00e1nkban minden ter\u00fcleten van munkaer\u0151hi\u00e1ny. Ez\u00e9rt is sok c\u00e9g a k\u00fclf\u00f6ldi munkav\u00e1llal\u00f3k alkalmaz\u00e1s\u00e1ban l\u00e1tja a megold\u00e1st: \u00edgy h\u00e1rom \u00e9v alatt megh\u00e1romszoroz\u00f3dott a k\u00fclf\u00f6ldi dolgoz\u00f3k sz\u00e1ma. Azokon a ter\u00fcleteken alkalmazz\u00e1k \u0151ket els\u0151sorban, ahol a magyar nyelv\u0171 kommunik\u00e1ci\u00f3 hi\u00e1nya nem befoly\u00e1solja alapvet\u0151en a teljes\u00edtm\u00e9nyt, vagyis legink\u00e1bb betan\u00edtott vagy szakmunk\u00e1t v\u00e9geznek. Mintegy 300 ezer munkav\u00e1llal\u00f3ra lenne sz\u00fcks\u00e9g Magyarorsz\u00e1gon.\" \/>\n\t\t<meta property=\"og:url\" content=\"https:\/\/allasorias.hu\/hirek\/kellenek-a-kulfoldiek-a-munkaeropiacra\/\" \/>\n\t\t<meta property=\"og:image\" content=\"https:\/\/allasorias.hu\/hirek\/wp-content\/uploads\/2019\/02\/pexels-photo-583392.jpeg\" \/>\n\t\t<meta property=\"og:image:secure_url\" content=\"https:\/\/allasorias.hu\/hirek\/wp-content\/uploads\/2019\/02\/pexels-photo-583392.jpeg\" \/>\n\t\t<meta property=\"og:image:width\" content=\"640\" \/>\n\t\t<meta property=\"og:image:height\" content=\"960\" \/>\n\t\t<meta property=\"article:published_time\" content=\"2019-02-07T15:19:03+00:00\" \/>\n\t\t<meta property=\"article:modified_time\" content=\"2019-02-07T15:19:03+00:00\" \/>\n\t\t<meta property=\"article:publisher\" content=\"https:\/\/www.facebook.com\/allasorias\" \/>\n\t\t<meta name=\"twitter:card\" content=\"summary_large_image\" \/>\n\t\t<meta name=\"twitter:title\" content=\"Kellenek a k\u00fclf\u00f6ldiek a munkaer\u0151piacra | AllasOrias.hu | H\u00edrek-lapszemle\" \/>\n\t\t<meta name=\"twitter:description\" content=\"Haz\u00e1nkban minden ter\u00fcleten van munkaer\u0151hi\u00e1ny. Ez\u00e9rt is sok c\u00e9g a k\u00fclf\u00f6ldi munkav\u00e1llal\u00f3k alkalmaz\u00e1s\u00e1ban l\u00e1tja a megold\u00e1st: \u00edgy h\u00e1rom \u00e9v alatt megh\u00e1romszoroz\u00f3dott a k\u00fclf\u00f6ldi dolgoz\u00f3k sz\u00e1ma. Azokon a ter\u00fcleteken alkalmazz\u00e1k \u0151ket els\u0151sorban, ahol a magyar nyelv\u0171 kommunik\u00e1ci\u00f3 hi\u00e1nya nem befoly\u00e1solja alapvet\u0151en a teljes\u00edtm\u00e9nyt, vagyis legink\u00e1bb betan\u00edtott vagy szakmunk\u00e1t v\u00e9geznek. Mintegy 300 ezer munkav\u00e1llal\u00f3ra lenne sz\u00fcks\u00e9g Magyarorsz\u00e1gon.\" \/>\n\t\t<meta name=\"twitter:image\" content=\"https:\/\/allasorias.hu\/hirek\/wp-content\/uploads\/2019\/02\/pexels-photo-583392.jpeg\" \/>\n\t\t<meta name=\"twitter:label1\" content=\"Written by\" \/>\n\t\t<meta name=\"twitter:data1\" content=\"Juh\u00e1sz P\u00e9ter\" \/>\n\t\t<meta name=\"twitter:label2\" content=\"Est. reading time\" \/>\n\t\t<meta name=\"twitter:data2\" content=\"3 minutes\" \/>\n\t\t<script type=\"application\/ld+json\" class=\"aioseo-schema\">\n\t\t\t{\"@context\":\"https:\\\/\\\/schema.org\",\"@graph\":[{\"@type\":\"Article\",\"@id\":\"https:\\\/\\\/allasorias.hu\\\/hirek\\\/kellenek-a-kulfoldiek-a-munkaeropiacra\\\/#article\",\"name\":\"Kellenek a k\\u00fclf\\u00f6ldiek a munkaer\\u0151piacra | AllasOrias.hu | H\\u00edrek-lapszemle\",\"headline\":\"Kellenek a k\\u00fclf\\u00f6ldiek a munkaer\\u0151piacra\",\"author\":{\"@id\":\"https:\\\/\\\/allasorias.hu\\\/hirek\\\/author\\\/admin-allasorias\\\/#author\"},\"publisher\":{\"@id\":\"https:\\\/\\\/allasorias.hu\\\/hirek\\\/#organization\"},\"image\":{\"@type\":\"ImageObject\",\"url\":\"https:\\\/\\\/allasorias.hu\\\/hirek\\\/wp-content\\\/uploads\\\/2019\\\/02\\\/pexels-photo-583392.jpeg\",\"width\":640,\"height\":960},\"datePublished\":\"2019-02-07T15:19:03+02:00\",\"dateModified\":\"2019-02-07T15:19:03+02:00\",\"inLanguage\":\"hu-HU\",\"mainEntityOfPage\":{\"@id\":\"https:\\\/\\\/allasorias.hu\\\/hirek\\\/kellenek-a-kulfoldiek-a-munkaeropiacra\\\/#webpage\"},\"isPartOf\":{\"@id\":\"https:\\\/\\\/allasorias.hu\\\/hirek\\\/kellenek-a-kulfoldiek-a-munkaeropiacra\\\/#webpage\"},\"articleSection\":\"\\u00c1ll\\u00e1skeres\\u00e9s, K\\u00fclf\\u00f6ld, Munkaer\\u0151piac\"},{\"@type\":\"BreadcrumbList\",\"@id\":\"https:\\\/\\\/allasorias.hu\\\/hirek\\\/kellenek-a-kulfoldiek-a-munkaeropiacra\\\/#breadcrumblist\",\"itemListElement\":[{\"@type\":\"ListItem\",\"@id\":\"https:\\\/\\\/allasorias.hu\\\/hirek#listItem\",\"position\":1,\"name\":\"Home\",\"item\":\"https:\\\/\\\/allasorias.hu\\\/hirek\",\"nextItem\":{\"@type\":\"ListItem\",\"@id\":\"https:\\\/\\\/allasorias.hu\\\/hirek\\\/temak\\\/allaskereses\\\/#listItem\",\"name\":\"\\u00c1ll\\u00e1skeres\\u00e9s\"}},{\"@type\":\"ListItem\",\"@id\":\"https:\\\/\\\/allasorias.hu\\\/hirek\\\/temak\\\/allaskereses\\\/#listItem\",\"position\":2,\"name\":\"\\u00c1ll\\u00e1skeres\\u00e9s\",\"item\":\"https:\\\/\\\/allasorias.hu\\\/hirek\\\/temak\\\/allaskereses\\\/\",\"nextItem\":{\"@type\":\"ListItem\",\"@id\":\"https:\\\/\\\/allasorias.hu\\\/hirek\\\/kellenek-a-kulfoldiek-a-munkaeropiacra\\\/#listItem\",\"name\":\"Kellenek a k\\u00fclf\\u00f6ldiek a munkaer\\u0151piacra\"},\"previousItem\":{\"@type\":\"ListItem\",\"@id\":\"https:\\\/\\\/allasorias.hu\\\/hirek#listItem\",\"name\":\"Home\"}},{\"@type\":\"ListItem\",\"@id\":\"https:\\\/\\\/allasorias.hu\\\/hirek\\\/kellenek-a-kulfoldiek-a-munkaeropiacra\\\/#listItem\",\"position\":3,\"name\":\"Kellenek a k\\u00fclf\\u00f6ldiek a munkaer\\u0151piacra\",\"previousItem\":{\"@type\":\"ListItem\",\"@id\":\"https:\\\/\\\/allasorias.hu\\\/hirek\\\/temak\\\/allaskereses\\\/#listItem\",\"name\":\"\\u00c1ll\\u00e1skeres\\u00e9s\"}}]},{\"@type\":\"Organization\",\"@id\":\"https:\\\/\\\/allasorias.hu\\\/hirek\\\/#organization\",\"name\":\"AllasOrias.hu | H\\u00edrek-lapszemle\",\"description\":\"\\u00dczleti h\\u00edrek az \\u00e1ll\\u00e1s \\u00e9s a munka vil\\u00e1g\\u00e1b\\u00f3l\",\"url\":\"https:\\\/\\\/allasorias.hu\\\/hirek\\\/\",\"logo\":{\"@type\":\"ImageObject\",\"url\":\"https:\\\/\\\/allasorias.hu\\\/hirek\\\/wp-content\\\/uploads\\\/2022\\\/10\\\/allasorias_site_facebok_logo.png\",\"@id\":\"https:\\\/\\\/allasorias.hu\\\/hirek\\\/kellenek-a-kulfoldiek-a-munkaeropiacra\\\/#organizationLogo\"},\"image\":{\"@id\":\"https:\\\/\\\/allasorias.hu\\\/hirek\\\/kellenek-a-kulfoldiek-a-munkaeropiacra\\\/#organizationLogo\"},\"sameAs\":[\"https:\\\/\\\/www.facebook.com\\\/allasorias\",\"https:\\\/\\\/www.linkedin.com\\\/company\\\/allasorias\"]},{\"@type\":\"Person\",\"@id\":\"https:\\\/\\\/allasorias.hu\\\/hirek\\\/author\\\/admin-allasorias\\\/#author\",\"url\":\"https:\\\/\\\/allasorias.hu\\\/hirek\\\/author\\\/admin-allasorias\\\/\",\"name\":\"Juh\\u00e1sz P\\u00e9ter\",\"image\":{\"@type\":\"ImageObject\",\"@id\":\"https:\\\/\\\/allasorias.hu\\\/hirek\\\/kellenek-a-kulfoldiek-a-munkaeropiacra\\\/#authorImage\",\"url\":\"https:\\\/\\\/secure.gravatar.com\\\/avatar\\\/36e6bcb83148978b992977cb0f54d22feb0cce8a0a849a9410532bb2623ba4c6?s=96&d=mm&r=g\",\"width\":96,\"height\":96,\"caption\":\"Juh\\u00e1sz P\\u00e9ter\"}},{\"@type\":\"WebPage\",\"@id\":\"https:\\\/\\\/allasorias.hu\\\/hirek\\\/kellenek-a-kulfoldiek-a-munkaeropiacra\\\/#webpage\",\"url\":\"https:\\\/\\\/allasorias.hu\\\/hirek\\\/kellenek-a-kulfoldiek-a-munkaeropiacra\\\/\",\"name\":\"Kellenek a k\\u00fclf\\u00f6ldiek a munkaer\\u0151piacra | AllasOrias.hu | H\\u00edrek-lapszemle\",\"description\":\"Haz\\u00e1nkban minden ter\\u00fcleten van munkaer\\u0151hi\\u00e1ny. Ez\\u00e9rt is sok c\\u00e9g a k\\u00fclf\\u00f6ldi munkav\\u00e1llal\\u00f3k alkalmaz\\u00e1s\\u00e1ban l\\u00e1tja a megold\\u00e1st: \\u00edgy h\\u00e1rom \\u00e9v alatt megh\\u00e1romszoroz\\u00f3dott a k\\u00fclf\\u00f6ldi dolgoz\\u00f3k sz\\u00e1ma. Azokon a ter\\u00fcleteken alkalmazz\\u00e1k \\u0151ket els\\u0151sorban, ahol a magyar nyelv\\u0171 kommunik\\u00e1ci\\u00f3 hi\\u00e1nya nem befoly\\u00e1solja alapvet\\u0151en a teljes\\u00edtm\\u00e9nyt, vagyis legink\\u00e1bb betan\\u00edtott vagy szakmunk\\u00e1t v\\u00e9geznek. Mintegy 300 ezer munkav\\u00e1llal\\u00f3ra lenne sz\\u00fcks\\u00e9g Magyarorsz\\u00e1gon.\",\"inLanguage\":\"hu-HU\",\"isPartOf\":{\"@id\":\"https:\\\/\\\/allasorias.hu\\\/hirek\\\/#website\"},\"breadcrumb\":{\"@id\":\"https:\\\/\\\/allasorias.hu\\\/hirek\\\/kellenek-a-kulfoldiek-a-munkaeropiacra\\\/#breadcrumblist\"},\"author\":{\"@id\":\"https:\\\/\\\/allasorias.hu\\\/hirek\\\/author\\\/admin-allasorias\\\/#author\"},\"creator\":{\"@id\":\"https:\\\/\\\/allasorias.hu\\\/hirek\\\/author\\\/admin-allasorias\\\/#author\"},\"image\":{\"@type\":\"ImageObject\",\"url\":\"https:\\\/\\\/allasorias.hu\\\/hirek\\\/wp-content\\\/uploads\\\/2019\\\/02\\\/pexels-photo-583392.jpeg\",\"@id\":\"https:\\\/\\\/allasorias.hu\\\/hirek\\\/kellenek-a-kulfoldiek-a-munkaeropiacra\\\/#mainImage\",\"width\":640,\"height\":960},\"primaryImageOfPage\":{\"@id\":\"https:\\\/\\\/allasorias.hu\\\/hirek\\\/kellenek-a-kulfoldiek-a-munkaeropiacra\\\/#mainImage\"},\"datePublished\":\"2019-02-07T15:19:03+02:00\",\"dateModified\":\"2019-02-07T15:19:03+02:00\"},{\"@type\":\"WebSite\",\"@id\":\"https:\\\/\\\/allasorias.hu\\\/hirek\\\/#website\",\"url\":\"https:\\\/\\\/allasorias.hu\\\/hirek\\\/\",\"name\":\"AllasOrias.hu | H\\u00edrek-lapszemle\",\"description\":\"\\u00dczleti h\\u00edrek az \\u00e1ll\\u00e1s \\u00e9s a munka vil\\u00e1g\\u00e1b\\u00f3l\",\"inLanguage\":\"hu-HU\",\"publisher\":{\"@id\":\"https:\\\/\\\/allasorias.hu\\\/hirek\\\/#organization\"}}]}\n\t\t<\/script>\n\t\t<!-- All in One SEO -->\n\n","aioseo_head_json":{"title":"Kellenek a k\u00fclf\u00f6ldiek a munkaer\u0151piacra | AllasOrias.hu | H\u00edrek-lapszemle","description":"Haz\u00e1nkban minden ter\u00fcleten van munkaer\u0151hi\u00e1ny. Ez\u00e9rt is sok c\u00e9g a k\u00fclf\u00f6ldi munkav\u00e1llal\u00f3k alkalmaz\u00e1s\u00e1ban l\u00e1tja a megold\u00e1st: \u00edgy h\u00e1rom \u00e9v alatt megh\u00e1romszoroz\u00f3dott a k\u00fclf\u00f6ldi dolgoz\u00f3k sz\u00e1ma. Azokon a ter\u00fcleteken alkalmazz\u00e1k \u0151ket els\u0151sorban, ahol a magyar nyelv\u0171 kommunik\u00e1ci\u00f3 hi\u00e1nya nem befoly\u00e1solja alapvet\u0151en a teljes\u00edtm\u00e9nyt, vagyis legink\u00e1bb betan\u00edtott vagy szakmunk\u00e1t v\u00e9geznek. Mintegy 300 ezer munkav\u00e1llal\u00f3ra lenne sz\u00fcks\u00e9g Magyarorsz\u00e1gon.","canonical_url":"https:\/\/allasorias.hu\/hirek\/kellenek-a-kulfoldiek-a-munkaeropiacra\/","robots":"max-image-preview:large","keywords":"","webmasterTools":{"miscellaneous":""},"schema":{"@context":"https:\/\/schema.org","@graph":[{"@type":"Article","@id":"https:\/\/allasorias.hu\/hirek\/kellenek-a-kulfoldiek-a-munkaeropiacra\/#article","name":"Kellenek a k\u00fclf\u00f6ldiek a munkaer\u0151piacra | AllasOrias.hu | H\u00edrek-lapszemle","headline":"Kellenek a k\u00fclf\u00f6ldiek a munkaer\u0151piacra","author":{"@id":"https:\/\/allasorias.hu\/hirek\/author\/admin-allasorias\/#author"},"publisher":{"@id":"https:\/\/allasorias.hu\/hirek\/#organization"},"image":{"@type":"ImageObject","url":"https:\/\/allasorias.hu\/hirek\/wp-content\/uploads\/2019\/02\/pexels-photo-583392.jpeg","width":640,"height":960},"datePublished":"2019-02-07T15:19:03+02:00","dateModified":"2019-02-07T15:19:03+02:00","inLanguage":"hu-HU","mainEntityOfPage":{"@id":"https:\/\/allasorias.hu\/hirek\/kellenek-a-kulfoldiek-a-munkaeropiacra\/#webpage"},"isPartOf":{"@id":"https:\/\/allasorias.hu\/hirek\/kellenek-a-kulfoldiek-a-munkaeropiacra\/#webpage"},"articleSection":"\u00c1ll\u00e1skeres\u00e9s, K\u00fclf\u00f6ld, Munkaer\u0151piac"},{"@type":"BreadcrumbList","@id":"https:\/\/allasorias.hu\/hirek\/kellenek-a-kulfoldiek-a-munkaeropiacra\/#breadcrumblist","itemListElement":[{"@type":"ListItem","@id":"https:\/\/allasorias.hu\/hirek#listItem","position":1,"name":"Home","item":"https:\/\/allasorias.hu\/hirek","nextItem":{"@type":"ListItem","@id":"https:\/\/allasorias.hu\/hirek\/temak\/allaskereses\/#listItem","name":"\u00c1ll\u00e1skeres\u00e9s"}},{"@type":"ListItem","@id":"https:\/\/allasorias.hu\/hirek\/temak\/allaskereses\/#listItem","position":2,"name":"\u00c1ll\u00e1skeres\u00e9s","item":"https:\/\/allasorias.hu\/hirek\/temak\/allaskereses\/","nextItem":{"@type":"ListItem","@id":"https:\/\/allasorias.hu\/hirek\/kellenek-a-kulfoldiek-a-munkaeropiacra\/#listItem","name":"Kellenek a k\u00fclf\u00f6ldiek a munkaer\u0151piacra"},"previousItem":{"@type":"ListItem","@id":"https:\/\/allasorias.hu\/hirek#listItem","name":"Home"}},{"@type":"ListItem","@id":"https:\/\/allasorias.hu\/hirek\/kellenek-a-kulfoldiek-a-munkaeropiacra\/#listItem","position":3,"name":"Kellenek a k\u00fclf\u00f6ldiek a munkaer\u0151piacra","previousItem":{"@type":"ListItem","@id":"https:\/\/allasorias.hu\/hirek\/temak\/allaskereses\/#listItem","name":"\u00c1ll\u00e1skeres\u00e9s"}}]},{"@type":"Organization","@id":"https:\/\/allasorias.hu\/hirek\/#organization","name":"AllasOrias.hu | H\u00edrek-lapszemle","description":"\u00dczleti h\u00edrek az \u00e1ll\u00e1s \u00e9s a munka vil\u00e1g\u00e1b\u00f3l","url":"https:\/\/allasorias.hu\/hirek\/","logo":{"@type":"ImageObject","url":"https:\/\/allasorias.hu\/hirek\/wp-content\/uploads\/2022\/10\/allasorias_site_facebok_logo.png","@id":"https:\/\/allasorias.hu\/hirek\/kellenek-a-kulfoldiek-a-munkaeropiacra\/#organizationLogo"},"image":{"@id":"https:\/\/allasorias.hu\/hirek\/kellenek-a-kulfoldiek-a-munkaeropiacra\/#organizationLogo"},"sameAs":["https:\/\/www.facebook.com\/allasorias","https:\/\/www.linkedin.com\/company\/allasorias"]},{"@type":"Person","@id":"https:\/\/allasorias.hu\/hirek\/author\/admin-allasorias\/#author","url":"https:\/\/allasorias.hu\/hirek\/author\/admin-allasorias\/","name":"Juh\u00e1sz P\u00e9ter","image":{"@type":"ImageObject","@id":"https:\/\/allasorias.hu\/hirek\/kellenek-a-kulfoldiek-a-munkaeropiacra\/#authorImage","url":"https:\/\/secure.gravatar.com\/avatar\/36e6bcb83148978b992977cb0f54d22feb0cce8a0a849a9410532bb2623ba4c6?s=96&d=mm&r=g","width":96,"height":96,"caption":"Juh\u00e1sz P\u00e9ter"}},{"@type":"WebPage","@id":"https:\/\/allasorias.hu\/hirek\/kellenek-a-kulfoldiek-a-munkaeropiacra\/#webpage","url":"https:\/\/allasorias.hu\/hirek\/kellenek-a-kulfoldiek-a-munkaeropiacra\/","name":"Kellenek a k\u00fclf\u00f6ldiek a munkaer\u0151piacra | AllasOrias.hu | H\u00edrek-lapszemle","description":"Haz\u00e1nkban minden ter\u00fcleten van munkaer\u0151hi\u00e1ny. Ez\u00e9rt is sok c\u00e9g a k\u00fclf\u00f6ldi munkav\u00e1llal\u00f3k alkalmaz\u00e1s\u00e1ban l\u00e1tja a megold\u00e1st: \u00edgy h\u00e1rom \u00e9v alatt megh\u00e1romszoroz\u00f3dott a k\u00fclf\u00f6ldi dolgoz\u00f3k sz\u00e1ma. Azokon a ter\u00fcleteken alkalmazz\u00e1k \u0151ket els\u0151sorban, ahol a magyar nyelv\u0171 kommunik\u00e1ci\u00f3 hi\u00e1nya nem befoly\u00e1solja alapvet\u0151en a teljes\u00edtm\u00e9nyt, vagyis legink\u00e1bb betan\u00edtott vagy szakmunk\u00e1t v\u00e9geznek. Mintegy 300 ezer munkav\u00e1llal\u00f3ra lenne sz\u00fcks\u00e9g Magyarorsz\u00e1gon.","inLanguage":"hu-HU","isPartOf":{"@id":"https:\/\/allasorias.hu\/hirek\/#website"},"breadcrumb":{"@id":"https:\/\/allasorias.hu\/hirek\/kellenek-a-kulfoldiek-a-munkaeropiacra\/#breadcrumblist"},"author":{"@id":"https:\/\/allasorias.hu\/hirek\/author\/admin-allasorias\/#author"},"creator":{"@id":"https:\/\/allasorias.hu\/hirek\/author\/admin-allasorias\/#author"},"image":{"@type":"ImageObject","url":"https:\/\/allasorias.hu\/hirek\/wp-content\/uploads\/2019\/02\/pexels-photo-583392.jpeg","@id":"https:\/\/allasorias.hu\/hirek\/kellenek-a-kulfoldiek-a-munkaeropiacra\/#mainImage","width":640,"height":960},"primaryImageOfPage":{"@id":"https:\/\/allasorias.hu\/hirek\/kellenek-a-kulfoldiek-a-munkaeropiacra\/#mainImage"},"datePublished":"2019-02-07T15:19:03+02:00","dateModified":"2019-02-07T15:19:03+02:00"},{"@type":"WebSite","@id":"https:\/\/allasorias.hu\/hirek\/#website","url":"https:\/\/allasorias.hu\/hirek\/","name":"AllasOrias.hu | H\u00edrek-lapszemle","description":"\u00dczleti h\u00edrek az \u00e1ll\u00e1s \u00e9s a munka vil\u00e1g\u00e1b\u00f3l","inLanguage":"hu-HU","publisher":{"@id":"https:\/\/allasorias.hu\/hirek\/#organization"}}]},"og:locale":"hu_HU","og:site_name":"AllasOrias.hu | H\u00edrek-lapszemle | \u00dczleti h\u00edrek az \u00e1ll\u00e1s \u00e9s a munka vil\u00e1g\u00e1b\u00f3l","og:type":"article","og:title":"Kellenek a k\u00fclf\u00f6ldiek a munkaer\u0151piacra | AllasOrias.hu | H\u00edrek-lapszemle","og:description":"Haz\u00e1nkban minden ter\u00fcleten van munkaer\u0151hi\u00e1ny. Ez\u00e9rt is sok c\u00e9g a k\u00fclf\u00f6ldi munkav\u00e1llal\u00f3k alkalmaz\u00e1s\u00e1ban l\u00e1tja a megold\u00e1st: \u00edgy h\u00e1rom \u00e9v alatt megh\u00e1romszoroz\u00f3dott a k\u00fclf\u00f6ldi dolgoz\u00f3k sz\u00e1ma. Azokon a ter\u00fcleteken alkalmazz\u00e1k \u0151ket els\u0151sorban, ahol a magyar nyelv\u0171 kommunik\u00e1ci\u00f3 hi\u00e1nya nem befoly\u00e1solja alapvet\u0151en a teljes\u00edtm\u00e9nyt, vagyis legink\u00e1bb betan\u00edtott vagy szakmunk\u00e1t v\u00e9geznek. Mintegy 300 ezer munkav\u00e1llal\u00f3ra lenne sz\u00fcks\u00e9g Magyarorsz\u00e1gon.","og:url":"https:\/\/allasorias.hu\/hirek\/kellenek-a-kulfoldiek-a-munkaeropiacra\/","og:image":"https:\/\/allasorias.hu\/hirek\/wp-content\/uploads\/2019\/02\/pexels-photo-583392.jpeg","og:image:secure_url":"https:\/\/allasorias.hu\/hirek\/wp-content\/uploads\/2019\/02\/pexels-photo-583392.jpeg","og:image:width":640,"og:image:height":960,"article:published_time":"2019-02-07T15:19:03+00:00","article:modified_time":"2019-02-07T15:19:03+00:00","article:publisher":"https:\/\/www.facebook.com\/allasorias","twitter:card":"summary_large_image","twitter:title":"Kellenek a k\u00fclf\u00f6ldiek a munkaer\u0151piacra | AllasOrias.hu | H\u00edrek-lapszemle","twitter:description":"Haz\u00e1nkban minden ter\u00fcleten van munkaer\u0151hi\u00e1ny. Ez\u00e9rt is sok c\u00e9g a k\u00fclf\u00f6ldi munkav\u00e1llal\u00f3k alkalmaz\u00e1s\u00e1ban l\u00e1tja a megold\u00e1st: \u00edgy h\u00e1rom \u00e9v alatt megh\u00e1romszoroz\u00f3dott a k\u00fclf\u00f6ldi dolgoz\u00f3k sz\u00e1ma. Azokon a ter\u00fcleteken alkalmazz\u00e1k \u0151ket els\u0151sorban, ahol a magyar nyelv\u0171 kommunik\u00e1ci\u00f3 hi\u00e1nya nem befoly\u00e1solja alapvet\u0151en a teljes\u00edtm\u00e9nyt, vagyis legink\u00e1bb betan\u00edtott vagy szakmunk\u00e1t v\u00e9geznek. Mintegy 300 ezer munkav\u00e1llal\u00f3ra lenne sz\u00fcks\u00e9g Magyarorsz\u00e1gon.","twitter:image":"https:\/\/allasorias.hu\/hirek\/wp-content\/uploads\/2019\/02\/pexels-photo-583392.jpeg","twitter:label1":"Written by","twitter:data1":"Juh\u00e1sz P\u00e9ter","twitter:label2":"Est. reading time","twitter:data2":"3 minutes"},"aioseo_meta_data":{"post_id":"2528","title":null,"description":null,"keywords":null,"keyphrases":null,"primary_term":null,"canonical_url":null,"og_title":null,"og_description":null,"og_object_type":"default","og_image_type":"default","og_image_url":null,"og_image_width":null,"og_image_height":null,"og_image_custom_url":null,"og_image_custom_fields":null,"og_video":null,"og_custom_url":null,"og_article_section":null,"og_article_tags":null,"twitter_use_og":false,"twitter_card":"default","twitter_image_type":"default","twitter_image_url":null,"twitter_image_custom_url":null,"twitter_image_custom_fields":null,"twitter_title":null,"twitter_description":null,"schema":{"blockGraphs":[],"customGraphs":[],"default":{"data":{"Article":[],"Course":[],"Dataset":[],"FAQPage":[],"Movie":[],"Person":[],"Product":[],"ProductReview":[],"Car":[],"Recipe":[],"Service":[],"SoftwareApplication":[],"WebPage":[]},"graphName":"","isEnabled":true},"graphs":[],"defaultGraph":"","defaultPostTypeGraph":""},"schema_type":null,"schema_type_options":null,"pillar_content":false,"robots_default":true,"robots_noindex":false,"robots_noarchive":false,"robots_nosnippet":false,"robots_nofollow":false,"robots_noimageindex":false,"robots_noodp":false,"robots_notranslate":false,"robots_max_snippet":null,"robots_max_videopreview":null,"robots_max_imagepreview":"large","priority":null,"frequency":null,"location":null,"local_seo":null,"breadcrumb_settings":null,"limit_modified_date":false,"ai":null,"created":"2021-02-01 20:46:57","updated":"2025-10-02 09:57:51","seo_analyzer_scan_date":null,"focus_keyword":null,"additional_keywords":null,"truseo_locale":null},"aioseo_breadcrumb":"<div class=\"aioseo-breadcrumbs\"><span class=\"aioseo-breadcrumb\">\n\t\t\t<a href=\"https:\/\/allasorias.hu\/hirek\" title=\"Home\">Home<\/a>\n\t\t<\/span><span class=\"aioseo-breadcrumb-separator\">&raquo;<\/span><span class=\"aioseo-breadcrumb\">\n\t\t\t<a href=\"https:\/\/allasorias.hu\/hirek\/temak\/allaskereses\/\" title=\"\u00c1ll\u00e1skeres\u00e9s\">\u00c1ll\u00e1skeres\u00e9s<\/a>\n\t\t<\/span><span class=\"aioseo-breadcrumb-separator\">&raquo;<\/span><span class=\"aioseo-breadcrumb\">\n\t\t\tKellenek a k\u00fclf\u00f6ldiek a munkaer\u0151piacra\n\t\t<\/span><\/div>","aioseo_breadcrumb_json":[{"label":"Home","link":"https:\/\/allasorias.hu\/hirek"},{"label":"\u00c1ll\u00e1skeres\u00e9s","link":"https:\/\/allasorias.hu\/hirek\/temak\/allaskereses\/"},{"label":"Kellenek a k\u00fclf\u00f6ldiek a munkaer\u0151piacra","link":"https:\/\/allasorias.hu\/hirek\/kellenek-a-kulfoldiek-a-munkaeropiacra\/"}],"_links":{"self":[{"href":"https:\/\/allasorias.hu\/hirek\/wp-json\/wp\/v2\/posts\/2528","targetHints":{"allow":["GET"]}}],"collection":[{"href":"https:\/\/allasorias.hu\/hirek\/wp-json\/wp\/v2\/posts"}],"about":[{"href":"https:\/\/allasorias.hu\/hirek\/wp-json\/wp\/v2\/types\/post"}],"author":[{"embeddable":true,"href":"https:\/\/allasorias.hu\/hirek\/wp-json\/wp\/v2\/users\/1"}],"replies":[{"embeddable":true,"href":"https:\/\/allasorias.hu\/hirek\/wp-json\/wp\/v2\/comments?post=2528"}],"version-history":[{"count":1,"href":"https:\/\/allasorias.hu\/hirek\/wp-json\/wp\/v2\/posts\/2528\/revisions"}],"predecessor-version":[{"id":2530,"href":"https:\/\/allasorias.hu\/hirek\/wp-json\/wp\/v2\/posts\/2528\/revisions\/2530"}],"wp:featuredmedia":[{"embeddable":true,"href":"https:\/\/allasorias.hu\/hirek\/wp-json\/wp\/v2\/media\/2529"}],"wp:attachment":[{"href":"https:\/\/allasorias.hu\/hirek\/wp-json\/wp\/v2\/media?parent=2528"}],"wp:term":[{"taxonomy":"category","embeddable":true,"href":"https:\/\/allasorias.hu\/hirek\/wp-json\/wp\/v2\/categories?post=2528"},{"taxonomy":"post_tag","embeddable":true,"href":"https:\/\/allasorias.hu\/hirek\/wp-json\/wp\/v2\/tags?post=2528"}],"curies":[{"name":"wp","href":"https:\/\/api.w.org\/{rel}","templated":true}]}}