{"id":2518,"date":"2019-02-06T10:16:48","date_gmt":"2019-02-06T10:16:48","guid":{"rendered":"https:\/\/allasorias.hu\/hirek\/?p=2518"},"modified":"2019-02-06T10:16:48","modified_gmt":"2019-02-06T10:16:48","slug":"a-cafeteria-valtozasok-tapasztalatai","status":"publish","type":"post","link":"https:\/\/allasorias.hu\/hirek\/a-cafeteria-valtozasok-tapasztalatai\/","title":{"rendered":"A cafet\u00e9ria v\u00e1ltoz\u00e1sok tapasztalatai"},"content":{"rendered":"<p><strong>A Szent Istv\u00e1n Egyetem Menedzsment \u00e9s HR Kutat\u00f3 K\u00f6zpontja a Cafeteria TREND Magazin t\u00e1mogat\u00e1s\u00e1val vizsg\u00e1lta, mik\u00e9nt alakul a munk\u00e1ltat\u00f3k juttat\u00e1si gyakorlata az id\u00e9n. A kutat\u00e1sban 401 munk\u00e1ltat\u00f3 adatait dolgozt\u00e1k fel. A v\u00e1laszthat\u00f3 juttat\u00e1sok k\u00edn\u00e1lat\u00e1n j\u00f3l l\u00e1tszik az ad\u00f3t\u00f6rv\u00e9nyek v\u00e1ltoz\u00e1s\u00e1nak hat\u00e1sa. <\/strong><\/p>\n<p>A Sz\u00e9chenyi Pihen\u0151 K\u00e1rtya mindh\u00e1rom alsz\u00e1ml\u00e1j\u00e1t biztos\u00edtja szinte minden v\u00e1laszad\u00f3 munk\u00e1ltat\u00f3 a k\u00edn\u00e1lat\u00e1ban. Fata L\u00e1szl\u00f3 juttat\u00e1si szak\u00e9rt\u0151 elmondta: a kult\u00fara- \u00e9s sportbel\u00e9p\u0151k megtartott ad\u00f3mentess\u00e9ge ellen\u00e9re, ar\u00e1nyaiban nem k\u00edn\u00e1lja ezeket a juttat\u00e1sokat a 2019-es rendszer\u00e9ben t\u00f6bb munk\u00e1ltat\u00f3, viszont mivel t\u00f6bb elem kiker\u00fclt a k\u00edn\u00e1lati list\u00e1b\u00f3l, \u00edgy a bel\u00e9p\u0151k el\u0151kel\u0151bb helyen szerepelnek. A kutat\u00e1sban r\u00e9sztvev\u0151 c\u00e9gek 51 sz\u00e1zal\u00e9k\u00e1n\u00e1l v\u00e1laszthat\u00f3 elem az, hogy b\u00e9rk\u00e9nt ad\u00f3zva a fizet\u00e9s r\u00e9sz\u00e9v\u00e9 tegy\u00e9k a kor\u00e1bbi cafeteria keretet, azaz a munkav\u00e1llal\u00f3k d\u00f6nthetnek \u00fagy is, hogy ak\u00e1r a teljes keret\u00fcket p\u00e9nzben kapj\u00e1k meg. A szak\u00e9rt\u0151 szerint a juttat\u00e1si keretek alapvet\u0151en v\u00e1ltozatlanul megmaradtak, ugyanakkor \u00e9ves szinten enyhe cs\u00f6kken\u00e9s az\u00e9rt l\u00e1tszik a keretben, mivel az ad\u00f3t\u00f6rv\u00e9nyek v\u00e1ltoz\u00e1s\u00e1nak k\u00f6sz\u00f6nhet\u0151en n\u00e9h\u00e1nyan megsz\u00fcntett\u00e9k cafeteria csomagjaikat. Kardos Gy\u00f6rgy, a Bonus-Cafeteria \u00fcgyvezet\u0151 igazgat\u00f3ja szerint d\u00f6nt\u0151 t\u00f6bbs\u00e9gben a SZ\u00c9P-k\u00e1rty\u00e1t v\u00e1lasztj\u00e1k a munkav\u00e1llal\u00f3k, m\u00edg m\u00e1sodik helyen a cafeteria elemek k\u00f6z\u00fcl az eg\u00e9szs\u00e9gp\u00e9nzt\u00e1r \u00e1ll. Mint mondta, a legt\u00f6bb \u00e1ltaluk \u00fczemeltetett c\u00e9gn\u00e9l alapvet\u0151en a cafeteria v\u00e1ltoztat\u00e1sok ut\u00e1n is megmaradtak a nett\u00f3 b\u00e9rek, de el\u0151fordul, hogy a fizet\u00e9sek cs\u00f6kkentek. A szakember m\u00e1r kor\u00e1bban is eml\u00edtette, hogy alapvet\u0151en az utalv\u00e1nyos rendszert most m\u00e1r nem \u00e9ri meg megtartani a c\u00e9geknek, \u00edgy nem javasolj\u00e1k az \u00fcgyfeleiknek sem, hogy pl. \u00e9telutalv\u00e1nyokat adjanak, mindez gyakorlatilag elt\u0171nt a gyakorlatb\u00f3l.<\/p>\n<p><em>Forr\u00e1s: mfor.hu<\/em><\/p>\n","protected":false},"excerpt":{"rendered":"<p>A Szent Istv\u00e1n Egyetem Menedzsment \u00e9s HR Kutat\u00f3 K\u00f6zpontja a Cafeteria TREND Magazin t\u00e1mogat\u00e1s\u00e1val vizsg\u00e1lta, mik\u00e9nt alakul a munk\u00e1ltat\u00f3k juttat\u00e1si gyakorlata az id\u00e9n. A kutat\u00e1sban 401 munk\u00e1ltat\u00f3 adatait dolgozt\u00e1k fel. A v\u00e1laszthat\u00f3 juttat\u00e1sok k\u00edn\u00e1lat\u00e1n j\u00f3l l\u00e1tszik az ad\u00f3t\u00f6rv\u00e9nyek v\u00e1ltoz\u00e1s\u00e1nak hat\u00e1sa. A Sz\u00e9chenyi Pihen\u0151 K\u00e1rtya mindh\u00e1rom alsz\u00e1ml\u00e1j\u00e1t biztos\u00edtja szinte minden v\u00e1laszad\u00f3 munk\u00e1ltat\u00f3 a k\u00edn\u00e1lat\u00e1ban. Fata L\u00e1szl\u00f3 [&hellip;]<\/p>\n","protected":false},"author":1,"featured_media":2519,"comment_status":"open","ping_status":"open","sticky":false,"template":"","format":"standard","meta":{"_monsterinsights_skip_tracking":false,"footnotes":""},"categories":[198],"tags":[],"class_list":["post-2518","post","type-post","status-publish","format-standard","has-post-thumbnail","hentry","category-gazdasag"],"aioseo_notices":[],"aioseo_head":"\n\t\t<!-- All in One SEO 5.0.0.1 - aioseo.com -->\n\t<meta name=\"description\" content=\"A Szent Istv\u00e1n Egyetem Menedzsment \u00e9s HR Kutat\u00f3 K\u00f6zpontja a Cafeteria TREND Magazin t\u00e1mogat\u00e1s\u00e1val vizsg\u00e1lta, mik\u00e9nt alakul a munk\u00e1ltat\u00f3k juttat\u00e1si gyakorlata az id\u00e9n. A kutat\u00e1sban 401 munk\u00e1ltat\u00f3 adatait dolgozt\u00e1k fel. A v\u00e1laszthat\u00f3 juttat\u00e1sok k\u00edn\u00e1lat\u00e1n j\u00f3l l\u00e1tszik az ad\u00f3t\u00f6rv\u00e9nyek v\u00e1ltoz\u00e1s\u00e1nak hat\u00e1sa. A Sz\u00e9chenyi Pihen\u0151 K\u00e1rtya mindh\u00e1rom alsz\u00e1ml\u00e1j\u00e1t biztos\u00edtja szinte minden v\u00e1laszad\u00f3 munk\u00e1ltat\u00f3 a k\u00edn\u00e1lat\u00e1ban. Fata L\u00e1szl\u00f3\" \/>\n\t<meta name=\"robots\" content=\"max-image-preview:large\" \/>\n\t<meta name=\"author\" content=\"Juh\u00e1sz P\u00e9ter\"\/>\n\t<link rel=\"canonical\" href=\"https:\/\/allasorias.hu\/hirek\/a-cafeteria-valtozasok-tapasztalatai\/\" \/>\n\t<meta name=\"generator\" content=\"All in One SEO (AIOSEO) 5.0.0.1\" \/>\n\t\t<meta property=\"og:locale\" content=\"hu_HU\" \/>\n\t\t<meta property=\"og:site_name\" content=\"AllasOrias.hu | H\u00edrek-lapszemle | \u00dczleti h\u00edrek az \u00e1ll\u00e1s \u00e9s a munka vil\u00e1g\u00e1b\u00f3l\" \/>\n\t\t<meta property=\"og:type\" content=\"article\" \/>\n\t\t<meta property=\"og:title\" content=\"A cafet\u00e9ria v\u00e1ltoz\u00e1sok tapasztalatai | AllasOrias.hu | H\u00edrek-lapszemle\" \/>\n\t\t<meta property=\"og:description\" content=\"A Szent Istv\u00e1n Egyetem Menedzsment \u00e9s HR Kutat\u00f3 K\u00f6zpontja a Cafeteria TREND Magazin t\u00e1mogat\u00e1s\u00e1val vizsg\u00e1lta, mik\u00e9nt alakul a munk\u00e1ltat\u00f3k juttat\u00e1si gyakorlata az id\u00e9n. A kutat\u00e1sban 401 munk\u00e1ltat\u00f3 adatait dolgozt\u00e1k fel. A v\u00e1laszthat\u00f3 juttat\u00e1sok k\u00edn\u00e1lat\u00e1n j\u00f3l l\u00e1tszik az ad\u00f3t\u00f6rv\u00e9nyek v\u00e1ltoz\u00e1s\u00e1nak hat\u00e1sa. A Sz\u00e9chenyi Pihen\u0151 K\u00e1rtya mindh\u00e1rom alsz\u00e1ml\u00e1j\u00e1t biztos\u00edtja szinte minden v\u00e1laszad\u00f3 munk\u00e1ltat\u00f3 a k\u00edn\u00e1lat\u00e1ban. Fata L\u00e1szl\u00f3\" \/>\n\t\t<meta property=\"og:url\" content=\"https:\/\/allasorias.hu\/hirek\/a-cafeteria-valtozasok-tapasztalatai\/\" \/>\n\t\t<meta property=\"og:image\" content=\"https:\/\/allasorias.hu\/hirek\/wp-content\/uploads\/2019\/02\/szep-kartya.jpg\" \/>\n\t\t<meta property=\"og:image:secure_url\" content=\"https:\/\/allasorias.hu\/hirek\/wp-content\/uploads\/2019\/02\/szep-kartya.jpg\" \/>\n\t\t<meta property=\"og:image:width\" content=\"640\" \/>\n\t\t<meta property=\"og:image:height\" content=\"300\" \/>\n\t\t<meta property=\"article:published_time\" content=\"2019-02-06T10:16:48+00:00\" \/>\n\t\t<meta property=\"article:modified_time\" content=\"2019-02-06T10:16:48+00:00\" \/>\n\t\t<meta property=\"article:publisher\" content=\"https:\/\/www.facebook.com\/allasorias\" \/>\n\t\t<meta name=\"twitter:card\" content=\"summary_large_image\" \/>\n\t\t<meta name=\"twitter:title\" content=\"A cafet\u00e9ria v\u00e1ltoz\u00e1sok tapasztalatai | AllasOrias.hu | H\u00edrek-lapszemle\" \/>\n\t\t<meta name=\"twitter:description\" content=\"A Szent Istv\u00e1n Egyetem Menedzsment \u00e9s HR Kutat\u00f3 K\u00f6zpontja a Cafeteria TREND Magazin t\u00e1mogat\u00e1s\u00e1val vizsg\u00e1lta, mik\u00e9nt alakul a munk\u00e1ltat\u00f3k juttat\u00e1si gyakorlata az id\u00e9n. A kutat\u00e1sban 401 munk\u00e1ltat\u00f3 adatait dolgozt\u00e1k fel. A v\u00e1laszthat\u00f3 juttat\u00e1sok k\u00edn\u00e1lat\u00e1n j\u00f3l l\u00e1tszik az ad\u00f3t\u00f6rv\u00e9nyek v\u00e1ltoz\u00e1s\u00e1nak hat\u00e1sa. A Sz\u00e9chenyi Pihen\u0151 K\u00e1rtya mindh\u00e1rom alsz\u00e1ml\u00e1j\u00e1t biztos\u00edtja szinte minden v\u00e1laszad\u00f3 munk\u00e1ltat\u00f3 a k\u00edn\u00e1lat\u00e1ban. Fata L\u00e1szl\u00f3\" \/>\n\t\t<meta name=\"twitter:image\" content=\"https:\/\/allasorias.hu\/hirek\/wp-content\/uploads\/2019\/02\/szep-kartya.jpg\" \/>\n\t\t<meta name=\"twitter:label1\" content=\"Written by\" \/>\n\t\t<meta name=\"twitter:data1\" content=\"Juh\u00e1sz P\u00e9ter\" \/>\n\t\t<meta name=\"twitter:label2\" content=\"Est. reading time\" \/>\n\t\t<meta name=\"twitter:data2\" content=\"2 minutes\" \/>\n\t\t<script type=\"application\/ld+json\" class=\"aioseo-schema\">\n\t\t\t{\"@context\":\"https:\\\/\\\/schema.org\",\"@graph\":[{\"@type\":\"Article\",\"@id\":\"https:\\\/\\\/allasorias.hu\\\/hirek\\\/a-cafeteria-valtozasok-tapasztalatai\\\/#article\",\"name\":\"A cafet\\u00e9ria v\\u00e1ltoz\\u00e1sok tapasztalatai | AllasOrias.hu | H\\u00edrek-lapszemle\",\"headline\":\"A cafet\\u00e9ria v\\u00e1ltoz\\u00e1sok tapasztalatai\",\"author\":{\"@id\":\"https:\\\/\\\/allasorias.hu\\\/hirek\\\/author\\\/admin-allasorias\\\/#author\"},\"publisher\":{\"@id\":\"https:\\\/\\\/allasorias.hu\\\/hirek\\\/#organization\"},\"image\":{\"@type\":\"ImageObject\",\"url\":\"https:\\\/\\\/allasorias.hu\\\/hirek\\\/wp-content\\\/uploads\\\/2019\\\/02\\\/szep-kartya.jpg\",\"width\":640,\"height\":300},\"datePublished\":\"2019-02-06T10:16:48+02:00\",\"dateModified\":\"2019-02-06T10:16:48+02:00\",\"inLanguage\":\"hu-HU\",\"mainEntityOfPage\":{\"@id\":\"https:\\\/\\\/allasorias.hu\\\/hirek\\\/a-cafeteria-valtozasok-tapasztalatai\\\/#webpage\"},\"isPartOf\":{\"@id\":\"https:\\\/\\\/allasorias.hu\\\/hirek\\\/a-cafeteria-valtozasok-tapasztalatai\\\/#webpage\"},\"articleSection\":\"Gazdas\\u00e1g\"},{\"@type\":\"BreadcrumbList\",\"@id\":\"https:\\\/\\\/allasorias.hu\\\/hirek\\\/a-cafeteria-valtozasok-tapasztalatai\\\/#breadcrumblist\",\"itemListElement\":[{\"@type\":\"ListItem\",\"@id\":\"https:\\\/\\\/allasorias.hu\\\/hirek#listItem\",\"position\":1,\"name\":\"Home\",\"item\":\"https:\\\/\\\/allasorias.hu\\\/hirek\",\"nextItem\":{\"@type\":\"ListItem\",\"@id\":\"https:\\\/\\\/allasorias.hu\\\/hirek\\\/temak\\\/gazdasag\\\/#listItem\",\"name\":\"Gazdas\\u00e1g\"}},{\"@type\":\"ListItem\",\"@id\":\"https:\\\/\\\/allasorias.hu\\\/hirek\\\/temak\\\/gazdasag\\\/#listItem\",\"position\":2,\"name\":\"Gazdas\\u00e1g\",\"item\":\"https:\\\/\\\/allasorias.hu\\\/hirek\\\/temak\\\/gazdasag\\\/\",\"nextItem\":{\"@type\":\"ListItem\",\"@id\":\"https:\\\/\\\/allasorias.hu\\\/hirek\\\/a-cafeteria-valtozasok-tapasztalatai\\\/#listItem\",\"name\":\"A cafet\\u00e9ria v\\u00e1ltoz\\u00e1sok tapasztalatai\"},\"previousItem\":{\"@type\":\"ListItem\",\"@id\":\"https:\\\/\\\/allasorias.hu\\\/hirek#listItem\",\"name\":\"Home\"}},{\"@type\":\"ListItem\",\"@id\":\"https:\\\/\\\/allasorias.hu\\\/hirek\\\/a-cafeteria-valtozasok-tapasztalatai\\\/#listItem\",\"position\":3,\"name\":\"A cafet\\u00e9ria v\\u00e1ltoz\\u00e1sok tapasztalatai\",\"previousItem\":{\"@type\":\"ListItem\",\"@id\":\"https:\\\/\\\/allasorias.hu\\\/hirek\\\/temak\\\/gazdasag\\\/#listItem\",\"name\":\"Gazdas\\u00e1g\"}}]},{\"@type\":\"Organization\",\"@id\":\"https:\\\/\\\/allasorias.hu\\\/hirek\\\/#organization\",\"name\":\"AllasOrias.hu | H\\u00edrek-lapszemle\",\"description\":\"\\u00dczleti h\\u00edrek az \\u00e1ll\\u00e1s \\u00e9s a munka vil\\u00e1g\\u00e1b\\u00f3l\",\"url\":\"https:\\\/\\\/allasorias.hu\\\/hirek\\\/\",\"logo\":{\"@type\":\"ImageObject\",\"url\":\"https:\\\/\\\/allasorias.hu\\\/hirek\\\/wp-content\\\/uploads\\\/2022\\\/10\\\/allasorias_site_facebok_logo.png\",\"@id\":\"https:\\\/\\\/allasorias.hu\\\/hirek\\\/a-cafeteria-valtozasok-tapasztalatai\\\/#organizationLogo\"},\"image\":{\"@id\":\"https:\\\/\\\/allasorias.hu\\\/hirek\\\/a-cafeteria-valtozasok-tapasztalatai\\\/#organizationLogo\"},\"sameAs\":[\"https:\\\/\\\/www.facebook.com\\\/allasorias\",\"https:\\\/\\\/www.linkedin.com\\\/company\\\/allasorias\"]},{\"@type\":\"Person\",\"@id\":\"https:\\\/\\\/allasorias.hu\\\/hirek\\\/author\\\/admin-allasorias\\\/#author\",\"url\":\"https:\\\/\\\/allasorias.hu\\\/hirek\\\/author\\\/admin-allasorias\\\/\",\"name\":\"Juh\\u00e1sz P\\u00e9ter\",\"image\":{\"@type\":\"ImageObject\",\"@id\":\"https:\\\/\\\/allasorias.hu\\\/hirek\\\/a-cafeteria-valtozasok-tapasztalatai\\\/#authorImage\",\"url\":\"https:\\\/\\\/secure.gravatar.com\\\/avatar\\\/36e6bcb83148978b992977cb0f54d22feb0cce8a0a849a9410532bb2623ba4c6?s=96&d=mm&r=g\",\"width\":96,\"height\":96,\"caption\":\"Juh\\u00e1sz P\\u00e9ter\"}},{\"@type\":\"WebPage\",\"@id\":\"https:\\\/\\\/allasorias.hu\\\/hirek\\\/a-cafeteria-valtozasok-tapasztalatai\\\/#webpage\",\"url\":\"https:\\\/\\\/allasorias.hu\\\/hirek\\\/a-cafeteria-valtozasok-tapasztalatai\\\/\",\"name\":\"A cafet\\u00e9ria v\\u00e1ltoz\\u00e1sok tapasztalatai | AllasOrias.hu | H\\u00edrek-lapszemle\",\"description\":\"A Szent Istv\\u00e1n Egyetem Menedzsment \\u00e9s HR Kutat\\u00f3 K\\u00f6zpontja a Cafeteria TREND Magazin t\\u00e1mogat\\u00e1s\\u00e1val vizsg\\u00e1lta, mik\\u00e9nt alakul a munk\\u00e1ltat\\u00f3k juttat\\u00e1si gyakorlata az id\\u00e9n. A kutat\\u00e1sban 401 munk\\u00e1ltat\\u00f3 adatait dolgozt\\u00e1k fel. A v\\u00e1laszthat\\u00f3 juttat\\u00e1sok k\\u00edn\\u00e1lat\\u00e1n j\\u00f3l l\\u00e1tszik az ad\\u00f3t\\u00f6rv\\u00e9nyek v\\u00e1ltoz\\u00e1s\\u00e1nak hat\\u00e1sa. A Sz\\u00e9chenyi Pihen\\u0151 K\\u00e1rtya mindh\\u00e1rom alsz\\u00e1ml\\u00e1j\\u00e1t biztos\\u00edtja szinte minden v\\u00e1laszad\\u00f3 munk\\u00e1ltat\\u00f3 a k\\u00edn\\u00e1lat\\u00e1ban. Fata L\\u00e1szl\\u00f3\",\"inLanguage\":\"hu-HU\",\"isPartOf\":{\"@id\":\"https:\\\/\\\/allasorias.hu\\\/hirek\\\/#website\"},\"breadcrumb\":{\"@id\":\"https:\\\/\\\/allasorias.hu\\\/hirek\\\/a-cafeteria-valtozasok-tapasztalatai\\\/#breadcrumblist\"},\"author\":{\"@id\":\"https:\\\/\\\/allasorias.hu\\\/hirek\\\/author\\\/admin-allasorias\\\/#author\"},\"creator\":{\"@id\":\"https:\\\/\\\/allasorias.hu\\\/hirek\\\/author\\\/admin-allasorias\\\/#author\"},\"image\":{\"@type\":\"ImageObject\",\"url\":\"https:\\\/\\\/allasorias.hu\\\/hirek\\\/wp-content\\\/uploads\\\/2019\\\/02\\\/szep-kartya.jpg\",\"@id\":\"https:\\\/\\\/allasorias.hu\\\/hirek\\\/a-cafeteria-valtozasok-tapasztalatai\\\/#mainImage\",\"width\":640,\"height\":300},\"primaryImageOfPage\":{\"@id\":\"https:\\\/\\\/allasorias.hu\\\/hirek\\\/a-cafeteria-valtozasok-tapasztalatai\\\/#mainImage\"},\"datePublished\":\"2019-02-06T10:16:48+02:00\",\"dateModified\":\"2019-02-06T10:16:48+02:00\"},{\"@type\":\"WebSite\",\"@id\":\"https:\\\/\\\/allasorias.hu\\\/hirek\\\/#website\",\"url\":\"https:\\\/\\\/allasorias.hu\\\/hirek\\\/\",\"name\":\"AllasOrias.hu | H\\u00edrek-lapszemle\",\"description\":\"\\u00dczleti h\\u00edrek az \\u00e1ll\\u00e1s \\u00e9s a munka vil\\u00e1g\\u00e1b\\u00f3l\",\"inLanguage\":\"hu-HU\",\"publisher\":{\"@id\":\"https:\\\/\\\/allasorias.hu\\\/hirek\\\/#organization\"}}]}\n\t\t<\/script>\n\t\t<!-- All in One SEO -->\n\n","aioseo_head_json":{"title":"A cafet\u00e9ria v\u00e1ltoz\u00e1sok tapasztalatai | AllasOrias.hu | H\u00edrek-lapszemle","description":"A Szent Istv\u00e1n Egyetem Menedzsment \u00e9s HR Kutat\u00f3 K\u00f6zpontja a Cafeteria TREND Magazin t\u00e1mogat\u00e1s\u00e1val vizsg\u00e1lta, mik\u00e9nt alakul a munk\u00e1ltat\u00f3k juttat\u00e1si gyakorlata az id\u00e9n. A kutat\u00e1sban 401 munk\u00e1ltat\u00f3 adatait dolgozt\u00e1k fel. A v\u00e1laszthat\u00f3 juttat\u00e1sok k\u00edn\u00e1lat\u00e1n j\u00f3l l\u00e1tszik az ad\u00f3t\u00f6rv\u00e9nyek v\u00e1ltoz\u00e1s\u00e1nak hat\u00e1sa. A Sz\u00e9chenyi Pihen\u0151 K\u00e1rtya mindh\u00e1rom alsz\u00e1ml\u00e1j\u00e1t biztos\u00edtja szinte minden v\u00e1laszad\u00f3 munk\u00e1ltat\u00f3 a k\u00edn\u00e1lat\u00e1ban. Fata L\u00e1szl\u00f3","canonical_url":"https:\/\/allasorias.hu\/hirek\/a-cafeteria-valtozasok-tapasztalatai\/","robots":"max-image-preview:large","keywords":"","webmasterTools":{"miscellaneous":""},"schema":{"@context":"https:\/\/schema.org","@graph":[{"@type":"Article","@id":"https:\/\/allasorias.hu\/hirek\/a-cafeteria-valtozasok-tapasztalatai\/#article","name":"A cafet\u00e9ria v\u00e1ltoz\u00e1sok tapasztalatai | AllasOrias.hu | H\u00edrek-lapszemle","headline":"A cafet\u00e9ria v\u00e1ltoz\u00e1sok tapasztalatai","author":{"@id":"https:\/\/allasorias.hu\/hirek\/author\/admin-allasorias\/#author"},"publisher":{"@id":"https:\/\/allasorias.hu\/hirek\/#organization"},"image":{"@type":"ImageObject","url":"https:\/\/allasorias.hu\/hirek\/wp-content\/uploads\/2019\/02\/szep-kartya.jpg","width":640,"height":300},"datePublished":"2019-02-06T10:16:48+02:00","dateModified":"2019-02-06T10:16:48+02:00","inLanguage":"hu-HU","mainEntityOfPage":{"@id":"https:\/\/allasorias.hu\/hirek\/a-cafeteria-valtozasok-tapasztalatai\/#webpage"},"isPartOf":{"@id":"https:\/\/allasorias.hu\/hirek\/a-cafeteria-valtozasok-tapasztalatai\/#webpage"},"articleSection":"Gazdas\u00e1g"},{"@type":"BreadcrumbList","@id":"https:\/\/allasorias.hu\/hirek\/a-cafeteria-valtozasok-tapasztalatai\/#breadcrumblist","itemListElement":[{"@type":"ListItem","@id":"https:\/\/allasorias.hu\/hirek#listItem","position":1,"name":"Home","item":"https:\/\/allasorias.hu\/hirek","nextItem":{"@type":"ListItem","@id":"https:\/\/allasorias.hu\/hirek\/temak\/gazdasag\/#listItem","name":"Gazdas\u00e1g"}},{"@type":"ListItem","@id":"https:\/\/allasorias.hu\/hirek\/temak\/gazdasag\/#listItem","position":2,"name":"Gazdas\u00e1g","item":"https:\/\/allasorias.hu\/hirek\/temak\/gazdasag\/","nextItem":{"@type":"ListItem","@id":"https:\/\/allasorias.hu\/hirek\/a-cafeteria-valtozasok-tapasztalatai\/#listItem","name":"A cafet\u00e9ria v\u00e1ltoz\u00e1sok tapasztalatai"},"previousItem":{"@type":"ListItem","@id":"https:\/\/allasorias.hu\/hirek#listItem","name":"Home"}},{"@type":"ListItem","@id":"https:\/\/allasorias.hu\/hirek\/a-cafeteria-valtozasok-tapasztalatai\/#listItem","position":3,"name":"A cafet\u00e9ria v\u00e1ltoz\u00e1sok tapasztalatai","previousItem":{"@type":"ListItem","@id":"https:\/\/allasorias.hu\/hirek\/temak\/gazdasag\/#listItem","name":"Gazdas\u00e1g"}}]},{"@type":"Organization","@id":"https:\/\/allasorias.hu\/hirek\/#organization","name":"AllasOrias.hu | H\u00edrek-lapszemle","description":"\u00dczleti h\u00edrek az \u00e1ll\u00e1s \u00e9s a munka vil\u00e1g\u00e1b\u00f3l","url":"https:\/\/allasorias.hu\/hirek\/","logo":{"@type":"ImageObject","url":"https:\/\/allasorias.hu\/hirek\/wp-content\/uploads\/2022\/10\/allasorias_site_facebok_logo.png","@id":"https:\/\/allasorias.hu\/hirek\/a-cafeteria-valtozasok-tapasztalatai\/#organizationLogo"},"image":{"@id":"https:\/\/allasorias.hu\/hirek\/a-cafeteria-valtozasok-tapasztalatai\/#organizationLogo"},"sameAs":["https:\/\/www.facebook.com\/allasorias","https:\/\/www.linkedin.com\/company\/allasorias"]},{"@type":"Person","@id":"https:\/\/allasorias.hu\/hirek\/author\/admin-allasorias\/#author","url":"https:\/\/allasorias.hu\/hirek\/author\/admin-allasorias\/","name":"Juh\u00e1sz P\u00e9ter","image":{"@type":"ImageObject","@id":"https:\/\/allasorias.hu\/hirek\/a-cafeteria-valtozasok-tapasztalatai\/#authorImage","url":"https:\/\/secure.gravatar.com\/avatar\/36e6bcb83148978b992977cb0f54d22feb0cce8a0a849a9410532bb2623ba4c6?s=96&d=mm&r=g","width":96,"height":96,"caption":"Juh\u00e1sz P\u00e9ter"}},{"@type":"WebPage","@id":"https:\/\/allasorias.hu\/hirek\/a-cafeteria-valtozasok-tapasztalatai\/#webpage","url":"https:\/\/allasorias.hu\/hirek\/a-cafeteria-valtozasok-tapasztalatai\/","name":"A cafet\u00e9ria v\u00e1ltoz\u00e1sok tapasztalatai | AllasOrias.hu | H\u00edrek-lapszemle","description":"A Szent Istv\u00e1n Egyetem Menedzsment \u00e9s HR Kutat\u00f3 K\u00f6zpontja a Cafeteria TREND Magazin t\u00e1mogat\u00e1s\u00e1val vizsg\u00e1lta, mik\u00e9nt alakul a munk\u00e1ltat\u00f3k juttat\u00e1si gyakorlata az id\u00e9n. A kutat\u00e1sban 401 munk\u00e1ltat\u00f3 adatait dolgozt\u00e1k fel. A v\u00e1laszthat\u00f3 juttat\u00e1sok k\u00edn\u00e1lat\u00e1n j\u00f3l l\u00e1tszik az ad\u00f3t\u00f6rv\u00e9nyek v\u00e1ltoz\u00e1s\u00e1nak hat\u00e1sa. A Sz\u00e9chenyi Pihen\u0151 K\u00e1rtya mindh\u00e1rom alsz\u00e1ml\u00e1j\u00e1t biztos\u00edtja szinte minden v\u00e1laszad\u00f3 munk\u00e1ltat\u00f3 a k\u00edn\u00e1lat\u00e1ban. Fata L\u00e1szl\u00f3","inLanguage":"hu-HU","isPartOf":{"@id":"https:\/\/allasorias.hu\/hirek\/#website"},"breadcrumb":{"@id":"https:\/\/allasorias.hu\/hirek\/a-cafeteria-valtozasok-tapasztalatai\/#breadcrumblist"},"author":{"@id":"https:\/\/allasorias.hu\/hirek\/author\/admin-allasorias\/#author"},"creator":{"@id":"https:\/\/allasorias.hu\/hirek\/author\/admin-allasorias\/#author"},"image":{"@type":"ImageObject","url":"https:\/\/allasorias.hu\/hirek\/wp-content\/uploads\/2019\/02\/szep-kartya.jpg","@id":"https:\/\/allasorias.hu\/hirek\/a-cafeteria-valtozasok-tapasztalatai\/#mainImage","width":640,"height":300},"primaryImageOfPage":{"@id":"https:\/\/allasorias.hu\/hirek\/a-cafeteria-valtozasok-tapasztalatai\/#mainImage"},"datePublished":"2019-02-06T10:16:48+02:00","dateModified":"2019-02-06T10:16:48+02:00"},{"@type":"WebSite","@id":"https:\/\/allasorias.hu\/hirek\/#website","url":"https:\/\/allasorias.hu\/hirek\/","name":"AllasOrias.hu | H\u00edrek-lapszemle","description":"\u00dczleti h\u00edrek az \u00e1ll\u00e1s \u00e9s a munka vil\u00e1g\u00e1b\u00f3l","inLanguage":"hu-HU","publisher":{"@id":"https:\/\/allasorias.hu\/hirek\/#organization"}}]},"og:locale":"hu_HU","og:site_name":"AllasOrias.hu | H\u00edrek-lapszemle | \u00dczleti h\u00edrek az \u00e1ll\u00e1s \u00e9s a munka vil\u00e1g\u00e1b\u00f3l","og:type":"article","og:title":"A cafet\u00e9ria v\u00e1ltoz\u00e1sok tapasztalatai | AllasOrias.hu | H\u00edrek-lapszemle","og:description":"A Szent Istv\u00e1n Egyetem Menedzsment \u00e9s HR Kutat\u00f3 K\u00f6zpontja a Cafeteria TREND Magazin t\u00e1mogat\u00e1s\u00e1val vizsg\u00e1lta, mik\u00e9nt alakul a munk\u00e1ltat\u00f3k juttat\u00e1si gyakorlata az id\u00e9n. A kutat\u00e1sban 401 munk\u00e1ltat\u00f3 adatait dolgozt\u00e1k fel. A v\u00e1laszthat\u00f3 juttat\u00e1sok k\u00edn\u00e1lat\u00e1n j\u00f3l l\u00e1tszik az ad\u00f3t\u00f6rv\u00e9nyek v\u00e1ltoz\u00e1s\u00e1nak hat\u00e1sa. A Sz\u00e9chenyi Pihen\u0151 K\u00e1rtya mindh\u00e1rom alsz\u00e1ml\u00e1j\u00e1t biztos\u00edtja szinte minden v\u00e1laszad\u00f3 munk\u00e1ltat\u00f3 a k\u00edn\u00e1lat\u00e1ban. Fata L\u00e1szl\u00f3","og:url":"https:\/\/allasorias.hu\/hirek\/a-cafeteria-valtozasok-tapasztalatai\/","og:image":"https:\/\/allasorias.hu\/hirek\/wp-content\/uploads\/2019\/02\/szep-kartya.jpg","og:image:secure_url":"https:\/\/allasorias.hu\/hirek\/wp-content\/uploads\/2019\/02\/szep-kartya.jpg","og:image:width":640,"og:image:height":300,"article:published_time":"2019-02-06T10:16:48+00:00","article:modified_time":"2019-02-06T10:16:48+00:00","article:publisher":"https:\/\/www.facebook.com\/allasorias","twitter:card":"summary_large_image","twitter:title":"A cafet\u00e9ria v\u00e1ltoz\u00e1sok tapasztalatai | AllasOrias.hu | H\u00edrek-lapszemle","twitter:description":"A Szent Istv\u00e1n Egyetem Menedzsment \u00e9s HR Kutat\u00f3 K\u00f6zpontja a Cafeteria TREND Magazin t\u00e1mogat\u00e1s\u00e1val vizsg\u00e1lta, mik\u00e9nt alakul a munk\u00e1ltat\u00f3k juttat\u00e1si gyakorlata az id\u00e9n. A kutat\u00e1sban 401 munk\u00e1ltat\u00f3 adatait dolgozt\u00e1k fel. A v\u00e1laszthat\u00f3 juttat\u00e1sok k\u00edn\u00e1lat\u00e1n j\u00f3l l\u00e1tszik az ad\u00f3t\u00f6rv\u00e9nyek v\u00e1ltoz\u00e1s\u00e1nak hat\u00e1sa. A Sz\u00e9chenyi Pihen\u0151 K\u00e1rtya mindh\u00e1rom alsz\u00e1ml\u00e1j\u00e1t biztos\u00edtja szinte minden v\u00e1laszad\u00f3 munk\u00e1ltat\u00f3 a k\u00edn\u00e1lat\u00e1ban. Fata L\u00e1szl\u00f3","twitter:image":"https:\/\/allasorias.hu\/hirek\/wp-content\/uploads\/2019\/02\/szep-kartya.jpg","twitter:label1":"Written by","twitter:data1":"Juh\u00e1sz P\u00e9ter","twitter:label2":"Est. reading time","twitter:data2":"2 minutes"},"aioseo_meta_data":{"post_id":"2518","title":null,"description":null,"keywords":null,"keyphrases":null,"primary_term":null,"canonical_url":null,"og_title":null,"og_description":null,"og_object_type":"default","og_image_type":"default","og_image_url":null,"og_image_width":null,"og_image_height":null,"og_image_custom_url":null,"og_image_custom_fields":null,"og_video":null,"og_custom_url":null,"og_article_section":null,"og_article_tags":null,"twitter_use_og":false,"twitter_card":"default","twitter_image_type":"default","twitter_image_url":null,"twitter_image_custom_url":null,"twitter_image_custom_fields":null,"twitter_title":null,"twitter_description":null,"schema":{"blockGraphs":[],"customGraphs":[],"default":{"data":{"Article":[],"Course":[],"Dataset":[],"FAQPage":[],"Movie":[],"Person":[],"Product":[],"ProductReview":[],"Car":[],"Recipe":[],"Service":[],"SoftwareApplication":[],"WebPage":[]},"graphName":"","isEnabled":true},"graphs":[]},"schema_type":null,"schema_type_options":null,"pillar_content":false,"robots_default":true,"robots_noindex":false,"robots_noarchive":false,"robots_nosnippet":false,"robots_nofollow":false,"robots_noimageindex":false,"robots_noodp":false,"robots_notranslate":false,"robots_max_snippet":null,"robots_max_videopreview":null,"robots_max_imagepreview":"large","priority":null,"frequency":null,"location":null,"local_seo":null,"breadcrumb_settings":null,"limit_modified_date":false,"ai":null,"created":"2021-02-01 20:46:57","updated":"2025-10-02 09:57:00","seo_analyzer_scan_date":null,"focus_keyword":null,"additional_keywords":null,"truseo_locale":null},"aioseo_breadcrumb":"<div class=\"aioseo-breadcrumbs\"><span class=\"aioseo-breadcrumb\">\n\t\t\t<a href=\"https:\/\/allasorias.hu\/hirek\" title=\"Home\">Home<\/a>\n\t\t<\/span><span class=\"aioseo-breadcrumb-separator\">&raquo;<\/span><span class=\"aioseo-breadcrumb\">\n\t\t\t<a href=\"https:\/\/allasorias.hu\/hirek\/temak\/gazdasag\/\" title=\"Gazdas\u00e1g\">Gazdas\u00e1g<\/a>\n\t\t<\/span><span class=\"aioseo-breadcrumb-separator\">&raquo;<\/span><span class=\"aioseo-breadcrumb\">\n\t\t\tA cafet\u00e9ria v\u00e1ltoz\u00e1sok tapasztalatai\n\t\t<\/span><\/div>","aioseo_breadcrumb_json":[{"label":"Home","link":"https:\/\/allasorias.hu\/hirek"},{"label":"Gazdas\u00e1g","link":"https:\/\/allasorias.hu\/hirek\/temak\/gazdasag\/"},{"label":"A cafet\u00e9ria v\u00e1ltoz\u00e1sok tapasztalatai","link":"https:\/\/allasorias.hu\/hirek\/a-cafeteria-valtozasok-tapasztalatai\/"}],"_links":{"self":[{"href":"https:\/\/allasorias.hu\/hirek\/wp-json\/wp\/v2\/posts\/2518","targetHints":{"allow":["GET"]}}],"collection":[{"href":"https:\/\/allasorias.hu\/hirek\/wp-json\/wp\/v2\/posts"}],"about":[{"href":"https:\/\/allasorias.hu\/hirek\/wp-json\/wp\/v2\/types\/post"}],"author":[{"embeddable":true,"href":"https:\/\/allasorias.hu\/hirek\/wp-json\/wp\/v2\/users\/1"}],"replies":[{"embeddable":true,"href":"https:\/\/allasorias.hu\/hirek\/wp-json\/wp\/v2\/comments?post=2518"}],"version-history":[{"count":1,"href":"https:\/\/allasorias.hu\/hirek\/wp-json\/wp\/v2\/posts\/2518\/revisions"}],"predecessor-version":[{"id":2520,"href":"https:\/\/allasorias.hu\/hirek\/wp-json\/wp\/v2\/posts\/2518\/revisions\/2520"}],"wp:featuredmedia":[{"embeddable":true,"href":"https:\/\/allasorias.hu\/hirek\/wp-json\/wp\/v2\/media\/2519"}],"wp:attachment":[{"href":"https:\/\/allasorias.hu\/hirek\/wp-json\/wp\/v2\/media?parent=2518"}],"wp:term":[{"taxonomy":"category","embeddable":true,"href":"https:\/\/allasorias.hu\/hirek\/wp-json\/wp\/v2\/categories?post=2518"},{"taxonomy":"post_tag","embeddable":true,"href":"https:\/\/allasorias.hu\/hirek\/wp-json\/wp\/v2\/tags?post=2518"}],"curies":[{"name":"wp","href":"https:\/\/api.w.org\/{rel}","templated":true}]}}