{"id":2513,"date":"2019-02-05T12:43:50","date_gmt":"2019-02-05T12:43:50","guid":{"rendered":"https:\/\/allasorias.hu\/hirek\/?p=2513"},"modified":"2019-02-05T12:43:50","modified_gmt":"2019-02-05T12:43:50","slug":"tamogato-kozponti-program-a-munkaugyi-kirendeltsegeken","status":"publish","type":"post","link":"https:\/\/allasorias.hu\/hirek\/tamogato-kozponti-program-a-munkaugyi-kirendeltsegeken\/","title":{"rendered":"T\u00e1mogat\u00f3 k\u00f6zponti program a munka\u00fcgyi kirendelts\u00e9geken"},"content":{"rendered":"<p><strong>A munkaer\u0151 kereslet \u00e9s k\u00edn\u00e1lat \u00f6sszehangol\u00e1s\u00e1t t\u00e1mogat\u00f3 k\u00f6zponti program\u00a0 Borsod-Aba\u00faj-Zempl\u00e9n megy\u00e9ben folytat\u00f3dik \u2013 jelentette ki \u00a0Bod\u00f3 S\u00e1ndor, a P\u00e9nz\u00fcgyminiszt\u00e9rium foglalkoztat\u00e1spolitik\u00e1\u00e9rt \u00e9s v\u00e1llalati kapcsolatok\u00e9rt felel\u0151s \u00e1llamtitk\u00e1ra Miskolcon. <\/strong><\/p>\n<p>Az elm\u00falt \u00e9vben Szabolcs-Szatm\u00e1r-Bereg \u00e9s Hajd\u00fa-Bihar megy\u00e9kben kezd\u0151d\u00f6tt el ez a program, mivel ezeken a ter\u00fcleteken volt a legmagasabb a munkan\u00e9lk\u00fclis\u00e9g. Az \u00e1llamtitk\u00e1r kijelentette: a magyar gazdas\u00e1g jobban teljes\u00edt ezen a ter\u00fcleten is, ma m\u00e1r csaknem 4,5 milli\u00f3 munkav\u00e1llal\u00f3 van Magyarorsz\u00e1gon a versenyszf\u00e9r\u00e1ban \u00e9s a k\u00f6zszf\u00e9r\u00e1ban. A k\u00f6vetkez\u0151 id\u0151szak legfontosabb feladata, hogy az inakt\u00edv \u00e1ll\u00e1skeres\u0151ket &#8211; akiknek sz\u00e1ma megk\u00f6zel\u00edti a f\u00e9lmilli\u00f3t &#8211; min\u00e9l hamarabb a versenyszf\u00e9r\u00e1ban juttass\u00e1k munk\u00e1hoz. A munkan\u00e9lk\u00fclis\u00e9ggel p\u00e1rhuzamosan egyre t\u00f6bb c\u00e9g keres munkav\u00e1llal\u00f3t, a c\u00e9l az \u00e9rdekek \u00f6sszehangol\u00e1sa, a munk\u00e1t keres\u0151k \u00e9s a munk\u00e1t ad\u00f3k \u00f6sszehoz\u00e1sa. Ennek \u00e9rdek\u00e9ben a munka\u00fcgyi kirendelts\u00e9geken dolgoz\u00f3k szem\u00e9lyesen, illetve telefonon keresik meg mindazokat, akik m\u00e9g nem tudtak elhelyezkedni, felm\u00e9rik terveiket, elgondol\u00e1saikat, \u00edgy mindenkir\u0151l egy friss adatb\u00e1zis j\u00f6het l\u00e9tre. Ennek birtok\u00e1ban k\u00f6zvet\u00edtik ki \u0151ket a munkaad\u00f3khoz, \u00edgy megsz\u0171nik az, hogy egy adott \u00e1ll\u00e1sra ak\u00e1r sok tucat embert k\u00f6zvet\u00edtsenek ki. A v\u00e1rakoz\u00e1sok szerint Borsodban 7-8 ezer ember juthat \u00e1ll\u00e1shoz a program seg\u00edts\u00e9g\u00e9vel. Demeter Ervin, Borsod-Aba\u00faj-Zempl\u00e9n megye korm\u00e1nymegb\u00edzottja arr\u00f3l sz\u00e1molt be, hogy a megy\u00e9ben 2010-ben m\u00e9g 75-80 ezer \u00e1ll\u00e1skeres\u0151t regisztr\u00e1ltak, m\u00e1ra ez a sz\u00e1m 34 ezerre cs\u00f6kkent, mik\u00f6zben a foglalkoztatottak sz\u00e1ma 220 ezerr\u0151l 274 ezerre emelkedett, ami azt jelenti, hogy a munkak\u00e9pesek a kor\u00e1bbi 47 sz\u00e1zal\u00e9k helyett 65 sz\u00e1zal\u00e9kban jutnak munk\u00e1hoz. A munkan\u00e9lk\u00fclis\u00e9gi r\u00e1ta a kor\u00e1bbi 17 sz\u00e1zal\u00e9kr\u00f3l 5,2 sz\u00e1zal\u00e9kra m\u00e9rs\u00e9kl\u0151d\u00f6tt a megy\u00e9ben, ez f\u0151leg az \u00faj munkahelyeknek k\u00f6sz\u00f6nhet\u0151, amelyek els\u0151sorban a j\u00e1rm\u0171ipar \u00e9s a vegyipar ter\u00fclet\u00e9n j\u00f6ttek l\u00e9tre, ugyanakkor sok helyen megjelent a munkaer\u0151hi\u00e1ny is. A megy\u00e9ben t\u00f6bb mint h\u00e1romezer munkahelyre keresnek embert, a k\u00f6zfoglalkoztatottakb\u00f3l \u00e9s regisztr\u00e1lt \u00e1ll\u00e1skeres\u0151kb\u0151l \u00e1ll\u00f3 munkaer\u0151-tartal\u00e9k pedig 58 ezerre tehet\u0151.<\/p>\n<p>&nbsp;<\/p>\n<p>Forr\u00e1s: magyarhirlap.hu<\/p>\n","protected":false},"excerpt":{"rendered":"<p>A munkaer\u0151 kereslet \u00e9s k\u00edn\u00e1lat \u00f6sszehangol\u00e1s\u00e1t t\u00e1mogat\u00f3 k\u00f6zponti program\u00a0 Borsod-Aba\u00faj-Zempl\u00e9n megy\u00e9ben folytat\u00f3dik \u2013 jelentette ki \u00a0Bod\u00f3 S\u00e1ndor, a P\u00e9nz\u00fcgyminiszt\u00e9rium foglalkoztat\u00e1spolitik\u00e1\u00e9rt \u00e9s v\u00e1llalati kapcsolatok\u00e9rt felel\u0151s \u00e1llamtitk\u00e1ra Miskolcon. Az elm\u00falt \u00e9vben Szabolcs-Szatm\u00e1r-Bereg \u00e9s Hajd\u00fa-Bihar megy\u00e9kben kezd\u0151d\u00f6tt el ez a program, mivel ezeken a ter\u00fcleteken volt a legmagasabb a munkan\u00e9lk\u00fclis\u00e9g. Az \u00e1llamtitk\u00e1r kijelentette: a magyar gazdas\u00e1g jobban teljes\u00edt [&hellip;]<\/p>\n","protected":false},"author":1,"featured_media":2331,"comment_status":"open","ping_status":"open","sticky":false,"template":"","format":"standard","meta":{"_monsterinsights_skip_tracking":false,"footnotes":""},"categories":[1,200],"tags":[],"class_list":["post-2513","post","type-post","status-publish","format-standard","has-post-thumbnail","hentry","category-allaskereses","category-munkaeropiac"],"aioseo_notices":[],"aioseo_head":"\n\t\t<!-- All in One SEO 5.0.0.1 - aioseo.com -->\n\t<meta name=\"description\" content=\"A munkaer\u0151 kereslet \u00e9s k\u00edn\u00e1lat \u00f6sszehangol\u00e1s\u00e1t t\u00e1mogat\u00f3 k\u00f6zponti program Borsod-Aba\u00faj-Zempl\u00e9n megy\u00e9ben folytat\u00f3dik \u2013 jelentette ki Bod\u00f3 S\u00e1ndor, a P\u00e9nz\u00fcgyminiszt\u00e9rium foglalkoztat\u00e1spolitik\u00e1\u00e9rt \u00e9s v\u00e1llalati kapcsolatok\u00e9rt felel\u0151s \u00e1llamtitk\u00e1ra Miskolcon. Az elm\u00falt \u00e9vben Szabolcs-Szatm\u00e1r-Bereg \u00e9s Hajd\u00fa-Bihar megy\u00e9kben kezd\u0151d\u00f6tt el ez a program, mivel ezeken a ter\u00fcleteken volt a legmagasabb a munkan\u00e9lk\u00fclis\u00e9g. Az \u00e1llamtitk\u00e1r kijelentette: a magyar gazdas\u00e1g jobban teljes\u00edt\" \/>\n\t<meta name=\"robots\" content=\"max-image-preview:large\" \/>\n\t<meta name=\"author\" content=\"Juh\u00e1sz P\u00e9ter\"\/>\n\t<link rel=\"canonical\" href=\"https:\/\/allasorias.hu\/hirek\/tamogato-kozponti-program-a-munkaugyi-kirendeltsegeken\/\" \/>\n\t<meta name=\"generator\" content=\"All in One SEO (AIOSEO) 5.0.0.1\" \/>\n\t\t<meta property=\"og:locale\" content=\"hu_HU\" \/>\n\t\t<meta property=\"og:site_name\" content=\"AllasOrias.hu | H\u00edrek-lapszemle | \u00dczleti h\u00edrek az \u00e1ll\u00e1s \u00e9s a munka vil\u00e1g\u00e1b\u00f3l\" \/>\n\t\t<meta property=\"og:type\" content=\"article\" \/>\n\t\t<meta property=\"og:title\" content=\"T\u00e1mogat\u00f3 k\u00f6zponti program a munka\u00fcgyi kirendelts\u00e9geken | AllasOrias.hu | H\u00edrek-lapszemle\" \/>\n\t\t<meta property=\"og:description\" content=\"A munkaer\u0151 kereslet \u00e9s k\u00edn\u00e1lat \u00f6sszehangol\u00e1s\u00e1t t\u00e1mogat\u00f3 k\u00f6zponti program Borsod-Aba\u00faj-Zempl\u00e9n megy\u00e9ben folytat\u00f3dik \u2013 jelentette ki Bod\u00f3 S\u00e1ndor, a P\u00e9nz\u00fcgyminiszt\u00e9rium foglalkoztat\u00e1spolitik\u00e1\u00e9rt \u00e9s v\u00e1llalati kapcsolatok\u00e9rt felel\u0151s \u00e1llamtitk\u00e1ra Miskolcon. Az elm\u00falt \u00e9vben Szabolcs-Szatm\u00e1r-Bereg \u00e9s Hajd\u00fa-Bihar megy\u00e9kben kezd\u0151d\u00f6tt el ez a program, mivel ezeken a ter\u00fcleteken volt a legmagasabb a munkan\u00e9lk\u00fclis\u00e9g. Az \u00e1llamtitk\u00e1r kijelentette: a magyar gazdas\u00e1g jobban teljes\u00edt\" \/>\n\t\t<meta property=\"og:url\" content=\"https:\/\/allasorias.hu\/hirek\/tamogato-kozponti-program-a-munkaugyi-kirendeltsegeken\/\" \/>\n\t\t<meta property=\"og:image\" content=\"https:\/\/allasorias.hu\/hirek\/wp-content\/uploads\/2018\/12\/pexels-photo-886465.jpeg\" \/>\n\t\t<meta property=\"og:image:secure_url\" content=\"https:\/\/allasorias.hu\/hirek\/wp-content\/uploads\/2018\/12\/pexels-photo-886465.jpeg\" \/>\n\t\t<meta property=\"og:image:width\" content=\"640\" \/>\n\t\t<meta property=\"og:image:height\" content=\"426\" \/>\n\t\t<meta property=\"article:published_time\" content=\"2019-02-05T12:43:50+00:00\" \/>\n\t\t<meta property=\"article:modified_time\" content=\"2019-02-05T12:43:50+00:00\" \/>\n\t\t<meta property=\"article:publisher\" content=\"https:\/\/www.facebook.com\/allasorias\" \/>\n\t\t<meta name=\"twitter:card\" content=\"summary_large_image\" \/>\n\t\t<meta name=\"twitter:title\" content=\"T\u00e1mogat\u00f3 k\u00f6zponti program a munka\u00fcgyi kirendelts\u00e9geken | AllasOrias.hu | H\u00edrek-lapszemle\" \/>\n\t\t<meta name=\"twitter:description\" content=\"A munkaer\u0151 kereslet \u00e9s k\u00edn\u00e1lat \u00f6sszehangol\u00e1s\u00e1t t\u00e1mogat\u00f3 k\u00f6zponti program Borsod-Aba\u00faj-Zempl\u00e9n megy\u00e9ben folytat\u00f3dik \u2013 jelentette ki Bod\u00f3 S\u00e1ndor, a P\u00e9nz\u00fcgyminiszt\u00e9rium foglalkoztat\u00e1spolitik\u00e1\u00e9rt \u00e9s v\u00e1llalati kapcsolatok\u00e9rt felel\u0151s \u00e1llamtitk\u00e1ra Miskolcon. Az elm\u00falt \u00e9vben Szabolcs-Szatm\u00e1r-Bereg \u00e9s Hajd\u00fa-Bihar megy\u00e9kben kezd\u0151d\u00f6tt el ez a program, mivel ezeken a ter\u00fcleteken volt a legmagasabb a munkan\u00e9lk\u00fclis\u00e9g. Az \u00e1llamtitk\u00e1r kijelentette: a magyar gazdas\u00e1g jobban teljes\u00edt\" \/>\n\t\t<meta name=\"twitter:image\" content=\"https:\/\/allasorias.hu\/hirek\/wp-content\/uploads\/2018\/12\/pexels-photo-886465.jpeg\" \/>\n\t\t<meta name=\"twitter:label1\" content=\"Written by\" \/>\n\t\t<meta name=\"twitter:data1\" content=\"Juh\u00e1sz P\u00e9ter\" \/>\n\t\t<meta name=\"twitter:label2\" content=\"Est. reading time\" \/>\n\t\t<meta name=\"twitter:data2\" content=\"2 minutes\" \/>\n\t\t<script type=\"application\/ld+json\" class=\"aioseo-schema\">\n\t\t\t{\"@context\":\"https:\\\/\\\/schema.org\",\"@graph\":[{\"@type\":\"Article\",\"@id\":\"https:\\\/\\\/allasorias.hu\\\/hirek\\\/tamogato-kozponti-program-a-munkaugyi-kirendeltsegeken\\\/#article\",\"name\":\"T\\u00e1mogat\\u00f3 k\\u00f6zponti program a munka\\u00fcgyi kirendelts\\u00e9geken | AllasOrias.hu | H\\u00edrek-lapszemle\",\"headline\":\"T\\u00e1mogat\\u00f3 k\\u00f6zponti program a munka\\u00fcgyi kirendelts\\u00e9geken\",\"author\":{\"@id\":\"https:\\\/\\\/allasorias.hu\\\/hirek\\\/author\\\/admin-allasorias\\\/#author\"},\"publisher\":{\"@id\":\"https:\\\/\\\/allasorias.hu\\\/hirek\\\/#organization\"},\"image\":{\"@type\":\"ImageObject\",\"url\":\"https:\\\/\\\/allasorias.hu\\\/hirek\\\/wp-content\\\/uploads\\\/2018\\\/12\\\/pexels-photo-886465.jpeg\",\"width\":640,\"height\":426},\"datePublished\":\"2019-02-05T12:43:50+02:00\",\"dateModified\":\"2019-02-05T12:43:50+02:00\",\"inLanguage\":\"hu-HU\",\"mainEntityOfPage\":{\"@id\":\"https:\\\/\\\/allasorias.hu\\\/hirek\\\/tamogato-kozponti-program-a-munkaugyi-kirendeltsegeken\\\/#webpage\"},\"isPartOf\":{\"@id\":\"https:\\\/\\\/allasorias.hu\\\/hirek\\\/tamogato-kozponti-program-a-munkaugyi-kirendeltsegeken\\\/#webpage\"},\"articleSection\":\"\\u00c1ll\\u00e1skeres\\u00e9s, Munkaer\\u0151piac\"},{\"@type\":\"BreadcrumbList\",\"@id\":\"https:\\\/\\\/allasorias.hu\\\/hirek\\\/tamogato-kozponti-program-a-munkaugyi-kirendeltsegeken\\\/#breadcrumblist\",\"itemListElement\":[{\"@type\":\"ListItem\",\"@id\":\"https:\\\/\\\/allasorias.hu\\\/hirek#listItem\",\"position\":1,\"name\":\"Home\",\"item\":\"https:\\\/\\\/allasorias.hu\\\/hirek\",\"nextItem\":{\"@type\":\"ListItem\",\"@id\":\"https:\\\/\\\/allasorias.hu\\\/hirek\\\/temak\\\/allaskereses\\\/#listItem\",\"name\":\"\\u00c1ll\\u00e1skeres\\u00e9s\"}},{\"@type\":\"ListItem\",\"@id\":\"https:\\\/\\\/allasorias.hu\\\/hirek\\\/temak\\\/allaskereses\\\/#listItem\",\"position\":2,\"name\":\"\\u00c1ll\\u00e1skeres\\u00e9s\",\"item\":\"https:\\\/\\\/allasorias.hu\\\/hirek\\\/temak\\\/allaskereses\\\/\",\"nextItem\":{\"@type\":\"ListItem\",\"@id\":\"https:\\\/\\\/allasorias.hu\\\/hirek\\\/tamogato-kozponti-program-a-munkaugyi-kirendeltsegeken\\\/#listItem\",\"name\":\"T\\u00e1mogat\\u00f3 k\\u00f6zponti program a munka\\u00fcgyi kirendelts\\u00e9geken\"},\"previousItem\":{\"@type\":\"ListItem\",\"@id\":\"https:\\\/\\\/allasorias.hu\\\/hirek#listItem\",\"name\":\"Home\"}},{\"@type\":\"ListItem\",\"@id\":\"https:\\\/\\\/allasorias.hu\\\/hirek\\\/tamogato-kozponti-program-a-munkaugyi-kirendeltsegeken\\\/#listItem\",\"position\":3,\"name\":\"T\\u00e1mogat\\u00f3 k\\u00f6zponti program a munka\\u00fcgyi kirendelts\\u00e9geken\",\"previousItem\":{\"@type\":\"ListItem\",\"@id\":\"https:\\\/\\\/allasorias.hu\\\/hirek\\\/temak\\\/allaskereses\\\/#listItem\",\"name\":\"\\u00c1ll\\u00e1skeres\\u00e9s\"}}]},{\"@type\":\"Organization\",\"@id\":\"https:\\\/\\\/allasorias.hu\\\/hirek\\\/#organization\",\"name\":\"AllasOrias.hu | H\\u00edrek-lapszemle\",\"description\":\"\\u00dczleti h\\u00edrek az \\u00e1ll\\u00e1s \\u00e9s a munka vil\\u00e1g\\u00e1b\\u00f3l\",\"url\":\"https:\\\/\\\/allasorias.hu\\\/hirek\\\/\",\"logo\":{\"@type\":\"ImageObject\",\"url\":\"https:\\\/\\\/allasorias.hu\\\/hirek\\\/wp-content\\\/uploads\\\/2022\\\/10\\\/allasorias_site_facebok_logo.png\",\"@id\":\"https:\\\/\\\/allasorias.hu\\\/hirek\\\/tamogato-kozponti-program-a-munkaugyi-kirendeltsegeken\\\/#organizationLogo\"},\"image\":{\"@id\":\"https:\\\/\\\/allasorias.hu\\\/hirek\\\/tamogato-kozponti-program-a-munkaugyi-kirendeltsegeken\\\/#organizationLogo\"},\"sameAs\":[\"https:\\\/\\\/www.facebook.com\\\/allasorias\",\"https:\\\/\\\/www.linkedin.com\\\/company\\\/allasorias\"]},{\"@type\":\"Person\",\"@id\":\"https:\\\/\\\/allasorias.hu\\\/hirek\\\/author\\\/admin-allasorias\\\/#author\",\"url\":\"https:\\\/\\\/allasorias.hu\\\/hirek\\\/author\\\/admin-allasorias\\\/\",\"name\":\"Juh\\u00e1sz P\\u00e9ter\",\"image\":{\"@type\":\"ImageObject\",\"@id\":\"https:\\\/\\\/allasorias.hu\\\/hirek\\\/tamogato-kozponti-program-a-munkaugyi-kirendeltsegeken\\\/#authorImage\",\"url\":\"https:\\\/\\\/secure.gravatar.com\\\/avatar\\\/36e6bcb83148978b992977cb0f54d22feb0cce8a0a849a9410532bb2623ba4c6?s=96&d=mm&r=g\",\"width\":96,\"height\":96,\"caption\":\"Juh\\u00e1sz P\\u00e9ter\"}},{\"@type\":\"WebPage\",\"@id\":\"https:\\\/\\\/allasorias.hu\\\/hirek\\\/tamogato-kozponti-program-a-munkaugyi-kirendeltsegeken\\\/#webpage\",\"url\":\"https:\\\/\\\/allasorias.hu\\\/hirek\\\/tamogato-kozponti-program-a-munkaugyi-kirendeltsegeken\\\/\",\"name\":\"T\\u00e1mogat\\u00f3 k\\u00f6zponti program a munka\\u00fcgyi kirendelts\\u00e9geken | AllasOrias.hu | H\\u00edrek-lapszemle\",\"description\":\"A munkaer\\u0151 kereslet \\u00e9s k\\u00edn\\u00e1lat \\u00f6sszehangol\\u00e1s\\u00e1t t\\u00e1mogat\\u00f3 k\\u00f6zponti program Borsod-Aba\\u00faj-Zempl\\u00e9n megy\\u00e9ben folytat\\u00f3dik \\u2013 jelentette ki Bod\\u00f3 S\\u00e1ndor, a P\\u00e9nz\\u00fcgyminiszt\\u00e9rium foglalkoztat\\u00e1spolitik\\u00e1\\u00e9rt \\u00e9s v\\u00e1llalati kapcsolatok\\u00e9rt felel\\u0151s \\u00e1llamtitk\\u00e1ra Miskolcon. Az elm\\u00falt \\u00e9vben Szabolcs-Szatm\\u00e1r-Bereg \\u00e9s Hajd\\u00fa-Bihar megy\\u00e9kben kezd\\u0151d\\u00f6tt el ez a program, mivel ezeken a ter\\u00fcleteken volt a legmagasabb a munkan\\u00e9lk\\u00fclis\\u00e9g. Az \\u00e1llamtitk\\u00e1r kijelentette: a magyar gazdas\\u00e1g jobban teljes\\u00edt\",\"inLanguage\":\"hu-HU\",\"isPartOf\":{\"@id\":\"https:\\\/\\\/allasorias.hu\\\/hirek\\\/#website\"},\"breadcrumb\":{\"@id\":\"https:\\\/\\\/allasorias.hu\\\/hirek\\\/tamogato-kozponti-program-a-munkaugyi-kirendeltsegeken\\\/#breadcrumblist\"},\"author\":{\"@id\":\"https:\\\/\\\/allasorias.hu\\\/hirek\\\/author\\\/admin-allasorias\\\/#author\"},\"creator\":{\"@id\":\"https:\\\/\\\/allasorias.hu\\\/hirek\\\/author\\\/admin-allasorias\\\/#author\"},\"image\":{\"@type\":\"ImageObject\",\"url\":\"https:\\\/\\\/allasorias.hu\\\/hirek\\\/wp-content\\\/uploads\\\/2018\\\/12\\\/pexels-photo-886465.jpeg\",\"@id\":\"https:\\\/\\\/allasorias.hu\\\/hirek\\\/tamogato-kozponti-program-a-munkaugyi-kirendeltsegeken\\\/#mainImage\",\"width\":640,\"height\":426},\"primaryImageOfPage\":{\"@id\":\"https:\\\/\\\/allasorias.hu\\\/hirek\\\/tamogato-kozponti-program-a-munkaugyi-kirendeltsegeken\\\/#mainImage\"},\"datePublished\":\"2019-02-05T12:43:50+02:00\",\"dateModified\":\"2019-02-05T12:43:50+02:00\"},{\"@type\":\"WebSite\",\"@id\":\"https:\\\/\\\/allasorias.hu\\\/hirek\\\/#website\",\"url\":\"https:\\\/\\\/allasorias.hu\\\/hirek\\\/\",\"name\":\"AllasOrias.hu | H\\u00edrek-lapszemle\",\"description\":\"\\u00dczleti h\\u00edrek az \\u00e1ll\\u00e1s \\u00e9s a munka vil\\u00e1g\\u00e1b\\u00f3l\",\"inLanguage\":\"hu-HU\",\"publisher\":{\"@id\":\"https:\\\/\\\/allasorias.hu\\\/hirek\\\/#organization\"}}]}\n\t\t<\/script>\n\t\t<!-- All in One SEO -->\n\n","aioseo_head_json":{"title":"T\u00e1mogat\u00f3 k\u00f6zponti program a munka\u00fcgyi kirendelts\u00e9geken | AllasOrias.hu | H\u00edrek-lapszemle","description":"A munkaer\u0151 kereslet \u00e9s k\u00edn\u00e1lat \u00f6sszehangol\u00e1s\u00e1t t\u00e1mogat\u00f3 k\u00f6zponti program Borsod-Aba\u00faj-Zempl\u00e9n megy\u00e9ben folytat\u00f3dik \u2013 jelentette ki Bod\u00f3 S\u00e1ndor, a P\u00e9nz\u00fcgyminiszt\u00e9rium foglalkoztat\u00e1spolitik\u00e1\u00e9rt \u00e9s v\u00e1llalati kapcsolatok\u00e9rt felel\u0151s \u00e1llamtitk\u00e1ra Miskolcon. Az elm\u00falt \u00e9vben Szabolcs-Szatm\u00e1r-Bereg \u00e9s Hajd\u00fa-Bihar megy\u00e9kben kezd\u0151d\u00f6tt el ez a program, mivel ezeken a ter\u00fcleteken volt a legmagasabb a munkan\u00e9lk\u00fclis\u00e9g. Az \u00e1llamtitk\u00e1r kijelentette: a magyar gazdas\u00e1g jobban teljes\u00edt","canonical_url":"https:\/\/allasorias.hu\/hirek\/tamogato-kozponti-program-a-munkaugyi-kirendeltsegeken\/","robots":"max-image-preview:large","keywords":"","webmasterTools":{"miscellaneous":""},"schema":{"@context":"https:\/\/schema.org","@graph":[{"@type":"Article","@id":"https:\/\/allasorias.hu\/hirek\/tamogato-kozponti-program-a-munkaugyi-kirendeltsegeken\/#article","name":"T\u00e1mogat\u00f3 k\u00f6zponti program a munka\u00fcgyi kirendelts\u00e9geken | AllasOrias.hu | H\u00edrek-lapszemle","headline":"T\u00e1mogat\u00f3 k\u00f6zponti program a munka\u00fcgyi kirendelts\u00e9geken","author":{"@id":"https:\/\/allasorias.hu\/hirek\/author\/admin-allasorias\/#author"},"publisher":{"@id":"https:\/\/allasorias.hu\/hirek\/#organization"},"image":{"@type":"ImageObject","url":"https:\/\/allasorias.hu\/hirek\/wp-content\/uploads\/2018\/12\/pexels-photo-886465.jpeg","width":640,"height":426},"datePublished":"2019-02-05T12:43:50+02:00","dateModified":"2019-02-05T12:43:50+02:00","inLanguage":"hu-HU","mainEntityOfPage":{"@id":"https:\/\/allasorias.hu\/hirek\/tamogato-kozponti-program-a-munkaugyi-kirendeltsegeken\/#webpage"},"isPartOf":{"@id":"https:\/\/allasorias.hu\/hirek\/tamogato-kozponti-program-a-munkaugyi-kirendeltsegeken\/#webpage"},"articleSection":"\u00c1ll\u00e1skeres\u00e9s, Munkaer\u0151piac"},{"@type":"BreadcrumbList","@id":"https:\/\/allasorias.hu\/hirek\/tamogato-kozponti-program-a-munkaugyi-kirendeltsegeken\/#breadcrumblist","itemListElement":[{"@type":"ListItem","@id":"https:\/\/allasorias.hu\/hirek#listItem","position":1,"name":"Home","item":"https:\/\/allasorias.hu\/hirek","nextItem":{"@type":"ListItem","@id":"https:\/\/allasorias.hu\/hirek\/temak\/allaskereses\/#listItem","name":"\u00c1ll\u00e1skeres\u00e9s"}},{"@type":"ListItem","@id":"https:\/\/allasorias.hu\/hirek\/temak\/allaskereses\/#listItem","position":2,"name":"\u00c1ll\u00e1skeres\u00e9s","item":"https:\/\/allasorias.hu\/hirek\/temak\/allaskereses\/","nextItem":{"@type":"ListItem","@id":"https:\/\/allasorias.hu\/hirek\/tamogato-kozponti-program-a-munkaugyi-kirendeltsegeken\/#listItem","name":"T\u00e1mogat\u00f3 k\u00f6zponti program a munka\u00fcgyi kirendelts\u00e9geken"},"previousItem":{"@type":"ListItem","@id":"https:\/\/allasorias.hu\/hirek#listItem","name":"Home"}},{"@type":"ListItem","@id":"https:\/\/allasorias.hu\/hirek\/tamogato-kozponti-program-a-munkaugyi-kirendeltsegeken\/#listItem","position":3,"name":"T\u00e1mogat\u00f3 k\u00f6zponti program a munka\u00fcgyi kirendelts\u00e9geken","previousItem":{"@type":"ListItem","@id":"https:\/\/allasorias.hu\/hirek\/temak\/allaskereses\/#listItem","name":"\u00c1ll\u00e1skeres\u00e9s"}}]},{"@type":"Organization","@id":"https:\/\/allasorias.hu\/hirek\/#organization","name":"AllasOrias.hu | H\u00edrek-lapszemle","description":"\u00dczleti h\u00edrek az \u00e1ll\u00e1s \u00e9s a munka vil\u00e1g\u00e1b\u00f3l","url":"https:\/\/allasorias.hu\/hirek\/","logo":{"@type":"ImageObject","url":"https:\/\/allasorias.hu\/hirek\/wp-content\/uploads\/2022\/10\/allasorias_site_facebok_logo.png","@id":"https:\/\/allasorias.hu\/hirek\/tamogato-kozponti-program-a-munkaugyi-kirendeltsegeken\/#organizationLogo"},"image":{"@id":"https:\/\/allasorias.hu\/hirek\/tamogato-kozponti-program-a-munkaugyi-kirendeltsegeken\/#organizationLogo"},"sameAs":["https:\/\/www.facebook.com\/allasorias","https:\/\/www.linkedin.com\/company\/allasorias"]},{"@type":"Person","@id":"https:\/\/allasorias.hu\/hirek\/author\/admin-allasorias\/#author","url":"https:\/\/allasorias.hu\/hirek\/author\/admin-allasorias\/","name":"Juh\u00e1sz P\u00e9ter","image":{"@type":"ImageObject","@id":"https:\/\/allasorias.hu\/hirek\/tamogato-kozponti-program-a-munkaugyi-kirendeltsegeken\/#authorImage","url":"https:\/\/secure.gravatar.com\/avatar\/36e6bcb83148978b992977cb0f54d22feb0cce8a0a849a9410532bb2623ba4c6?s=96&d=mm&r=g","width":96,"height":96,"caption":"Juh\u00e1sz P\u00e9ter"}},{"@type":"WebPage","@id":"https:\/\/allasorias.hu\/hirek\/tamogato-kozponti-program-a-munkaugyi-kirendeltsegeken\/#webpage","url":"https:\/\/allasorias.hu\/hirek\/tamogato-kozponti-program-a-munkaugyi-kirendeltsegeken\/","name":"T\u00e1mogat\u00f3 k\u00f6zponti program a munka\u00fcgyi kirendelts\u00e9geken | AllasOrias.hu | H\u00edrek-lapszemle","description":"A munkaer\u0151 kereslet \u00e9s k\u00edn\u00e1lat \u00f6sszehangol\u00e1s\u00e1t t\u00e1mogat\u00f3 k\u00f6zponti program Borsod-Aba\u00faj-Zempl\u00e9n megy\u00e9ben folytat\u00f3dik \u2013 jelentette ki Bod\u00f3 S\u00e1ndor, a P\u00e9nz\u00fcgyminiszt\u00e9rium foglalkoztat\u00e1spolitik\u00e1\u00e9rt \u00e9s v\u00e1llalati kapcsolatok\u00e9rt felel\u0151s \u00e1llamtitk\u00e1ra Miskolcon. Az elm\u00falt \u00e9vben Szabolcs-Szatm\u00e1r-Bereg \u00e9s Hajd\u00fa-Bihar megy\u00e9kben kezd\u0151d\u00f6tt el ez a program, mivel ezeken a ter\u00fcleteken volt a legmagasabb a munkan\u00e9lk\u00fclis\u00e9g. Az \u00e1llamtitk\u00e1r kijelentette: a magyar gazdas\u00e1g jobban teljes\u00edt","inLanguage":"hu-HU","isPartOf":{"@id":"https:\/\/allasorias.hu\/hirek\/#website"},"breadcrumb":{"@id":"https:\/\/allasorias.hu\/hirek\/tamogato-kozponti-program-a-munkaugyi-kirendeltsegeken\/#breadcrumblist"},"author":{"@id":"https:\/\/allasorias.hu\/hirek\/author\/admin-allasorias\/#author"},"creator":{"@id":"https:\/\/allasorias.hu\/hirek\/author\/admin-allasorias\/#author"},"image":{"@type":"ImageObject","url":"https:\/\/allasorias.hu\/hirek\/wp-content\/uploads\/2018\/12\/pexels-photo-886465.jpeg","@id":"https:\/\/allasorias.hu\/hirek\/tamogato-kozponti-program-a-munkaugyi-kirendeltsegeken\/#mainImage","width":640,"height":426},"primaryImageOfPage":{"@id":"https:\/\/allasorias.hu\/hirek\/tamogato-kozponti-program-a-munkaugyi-kirendeltsegeken\/#mainImage"},"datePublished":"2019-02-05T12:43:50+02:00","dateModified":"2019-02-05T12:43:50+02:00"},{"@type":"WebSite","@id":"https:\/\/allasorias.hu\/hirek\/#website","url":"https:\/\/allasorias.hu\/hirek\/","name":"AllasOrias.hu | H\u00edrek-lapszemle","description":"\u00dczleti h\u00edrek az \u00e1ll\u00e1s \u00e9s a munka vil\u00e1g\u00e1b\u00f3l","inLanguage":"hu-HU","publisher":{"@id":"https:\/\/allasorias.hu\/hirek\/#organization"}}]},"og:locale":"hu_HU","og:site_name":"AllasOrias.hu | H\u00edrek-lapszemle | \u00dczleti h\u00edrek az \u00e1ll\u00e1s \u00e9s a munka vil\u00e1g\u00e1b\u00f3l","og:type":"article","og:title":"T\u00e1mogat\u00f3 k\u00f6zponti program a munka\u00fcgyi kirendelts\u00e9geken | AllasOrias.hu | H\u00edrek-lapszemle","og:description":"A munkaer\u0151 kereslet \u00e9s k\u00edn\u00e1lat \u00f6sszehangol\u00e1s\u00e1t t\u00e1mogat\u00f3 k\u00f6zponti program Borsod-Aba\u00faj-Zempl\u00e9n megy\u00e9ben folytat\u00f3dik \u2013 jelentette ki Bod\u00f3 S\u00e1ndor, a P\u00e9nz\u00fcgyminiszt\u00e9rium foglalkoztat\u00e1spolitik\u00e1\u00e9rt \u00e9s v\u00e1llalati kapcsolatok\u00e9rt felel\u0151s \u00e1llamtitk\u00e1ra Miskolcon. Az elm\u00falt \u00e9vben Szabolcs-Szatm\u00e1r-Bereg \u00e9s Hajd\u00fa-Bihar megy\u00e9kben kezd\u0151d\u00f6tt el ez a program, mivel ezeken a ter\u00fcleteken volt a legmagasabb a munkan\u00e9lk\u00fclis\u00e9g. Az \u00e1llamtitk\u00e1r kijelentette: a magyar gazdas\u00e1g jobban teljes\u00edt","og:url":"https:\/\/allasorias.hu\/hirek\/tamogato-kozponti-program-a-munkaugyi-kirendeltsegeken\/","og:image":"https:\/\/allasorias.hu\/hirek\/wp-content\/uploads\/2018\/12\/pexels-photo-886465.jpeg","og:image:secure_url":"https:\/\/allasorias.hu\/hirek\/wp-content\/uploads\/2018\/12\/pexels-photo-886465.jpeg","og:image:width":640,"og:image:height":426,"article:published_time":"2019-02-05T12:43:50+00:00","article:modified_time":"2019-02-05T12:43:50+00:00","article:publisher":"https:\/\/www.facebook.com\/allasorias","twitter:card":"summary_large_image","twitter:title":"T\u00e1mogat\u00f3 k\u00f6zponti program a munka\u00fcgyi kirendelts\u00e9geken | AllasOrias.hu | H\u00edrek-lapszemle","twitter:description":"A munkaer\u0151 kereslet \u00e9s k\u00edn\u00e1lat \u00f6sszehangol\u00e1s\u00e1t t\u00e1mogat\u00f3 k\u00f6zponti program Borsod-Aba\u00faj-Zempl\u00e9n megy\u00e9ben folytat\u00f3dik \u2013 jelentette ki Bod\u00f3 S\u00e1ndor, a P\u00e9nz\u00fcgyminiszt\u00e9rium foglalkoztat\u00e1spolitik\u00e1\u00e9rt \u00e9s v\u00e1llalati kapcsolatok\u00e9rt felel\u0151s \u00e1llamtitk\u00e1ra Miskolcon. Az elm\u00falt \u00e9vben Szabolcs-Szatm\u00e1r-Bereg \u00e9s Hajd\u00fa-Bihar megy\u00e9kben kezd\u0151d\u00f6tt el ez a program, mivel ezeken a ter\u00fcleteken volt a legmagasabb a munkan\u00e9lk\u00fclis\u00e9g. Az \u00e1llamtitk\u00e1r kijelentette: a magyar gazdas\u00e1g jobban teljes\u00edt","twitter:image":"https:\/\/allasorias.hu\/hirek\/wp-content\/uploads\/2018\/12\/pexels-photo-886465.jpeg","twitter:label1":"Written by","twitter:data1":"Juh\u00e1sz P\u00e9ter","twitter:label2":"Est. reading time","twitter:data2":"2 minutes"},"aioseo_meta_data":{"post_id":"2513","title":null,"description":null,"keywords":null,"keyphrases":null,"primary_term":null,"canonical_url":null,"og_title":null,"og_description":null,"og_object_type":"default","og_image_type":"default","og_image_url":null,"og_image_width":null,"og_image_height":null,"og_image_custom_url":null,"og_image_custom_fields":null,"og_video":null,"og_custom_url":null,"og_article_section":null,"og_article_tags":null,"twitter_use_og":false,"twitter_card":"default","twitter_image_type":"default","twitter_image_url":null,"twitter_image_custom_url":null,"twitter_image_custom_fields":null,"twitter_title":null,"twitter_description":null,"schema":{"blockGraphs":[],"customGraphs":[],"default":{"data":{"Article":[],"Course":[],"Dataset":[],"FAQPage":[],"Movie":[],"Person":[],"Product":[],"ProductReview":[],"Car":[],"Recipe":[],"Service":[],"SoftwareApplication":[],"WebPage":[]},"graphName":"","isEnabled":true},"graphs":[],"defaultGraph":"","defaultPostTypeGraph":""},"schema_type":null,"schema_type_options":null,"pillar_content":false,"robots_default":true,"robots_noindex":false,"robots_noarchive":false,"robots_nosnippet":false,"robots_nofollow":false,"robots_noimageindex":false,"robots_noodp":false,"robots_notranslate":false,"robots_max_snippet":null,"robots_max_videopreview":null,"robots_max_imagepreview":"large","priority":null,"frequency":null,"location":null,"local_seo":null,"breadcrumb_settings":null,"limit_modified_date":false,"ai":null,"created":"2021-02-01 20:46:57","updated":"2025-10-02 09:57:00","seo_analyzer_scan_date":null,"focus_keyword":null,"additional_keywords":null,"truseo_locale":null},"aioseo_breadcrumb":"<div class=\"aioseo-breadcrumbs\"><span class=\"aioseo-breadcrumb\">\n\t\t\t<a href=\"https:\/\/allasorias.hu\/hirek\" title=\"Home\">Home<\/a>\n\t\t<\/span><span class=\"aioseo-breadcrumb-separator\">&raquo;<\/span><span class=\"aioseo-breadcrumb\">\n\t\t\t<a href=\"https:\/\/allasorias.hu\/hirek\/temak\/allaskereses\/\" title=\"\u00c1ll\u00e1skeres\u00e9s\">\u00c1ll\u00e1skeres\u00e9s<\/a>\n\t\t<\/span><span class=\"aioseo-breadcrumb-separator\">&raquo;<\/span><span class=\"aioseo-breadcrumb\">\n\t\t\tT\u00e1mogat\u00f3 k\u00f6zponti program a munka\u00fcgyi kirendelts\u00e9geken\n\t\t<\/span><\/div>","aioseo_breadcrumb_json":[{"label":"Home","link":"https:\/\/allasorias.hu\/hirek"},{"label":"\u00c1ll\u00e1skeres\u00e9s","link":"https:\/\/allasorias.hu\/hirek\/temak\/allaskereses\/"},{"label":"T\u00e1mogat\u00f3 k\u00f6zponti program a munka\u00fcgyi kirendelts\u00e9geken","link":"https:\/\/allasorias.hu\/hirek\/tamogato-kozponti-program-a-munkaugyi-kirendeltsegeken\/"}],"_links":{"self":[{"href":"https:\/\/allasorias.hu\/hirek\/wp-json\/wp\/v2\/posts\/2513","targetHints":{"allow":["GET"]}}],"collection":[{"href":"https:\/\/allasorias.hu\/hirek\/wp-json\/wp\/v2\/posts"}],"about":[{"href":"https:\/\/allasorias.hu\/hirek\/wp-json\/wp\/v2\/types\/post"}],"author":[{"embeddable":true,"href":"https:\/\/allasorias.hu\/hirek\/wp-json\/wp\/v2\/users\/1"}],"replies":[{"embeddable":true,"href":"https:\/\/allasorias.hu\/hirek\/wp-json\/wp\/v2\/comments?post=2513"}],"version-history":[{"count":1,"href":"https:\/\/allasorias.hu\/hirek\/wp-json\/wp\/v2\/posts\/2513\/revisions"}],"predecessor-version":[{"id":2514,"href":"https:\/\/allasorias.hu\/hirek\/wp-json\/wp\/v2\/posts\/2513\/revisions\/2514"}],"wp:featuredmedia":[{"embeddable":true,"href":"https:\/\/allasorias.hu\/hirek\/wp-json\/wp\/v2\/media\/2331"}],"wp:attachment":[{"href":"https:\/\/allasorias.hu\/hirek\/wp-json\/wp\/v2\/media?parent=2513"}],"wp:term":[{"taxonomy":"category","embeddable":true,"href":"https:\/\/allasorias.hu\/hirek\/wp-json\/wp\/v2\/categories?post=2513"},{"taxonomy":"post_tag","embeddable":true,"href":"https:\/\/allasorias.hu\/hirek\/wp-json\/wp\/v2\/tags?post=2513"}],"curies":[{"name":"wp","href":"https:\/\/api.w.org\/{rel}","templated":true}]}}