{"id":2507,"date":"2019-02-04T10:56:04","date_gmt":"2019-02-04T10:56:04","guid":{"rendered":"https:\/\/allasorias.hu\/hirek\/?p=2507"},"modified":"2019-02-04T10:56:04","modified_gmt":"2019-02-04T10:56:04","slug":"hogyan-esznek-a-munkavallalok","status":"publish","type":"post","link":"https:\/\/allasorias.hu\/hirek\/hogyan-esznek-a-munkavallalok\/","title":{"rendered":"Hogyan esznek a munkav\u00e1llal\u00f3k?"},"content":{"rendered":"<p><strong>Egyre fontosabb szerepet kap az eg\u00e9szs\u00e9ges munkahely, egyre t\u00f6bb helyen ismerik f\u00f6l, hogy a dolgoz\u00f3k sz\u00e1m\u00e1ra ez fontos t\u00e9nyez\u0151, hogy a globaliz\u00e1l\u00f3d\u00f3 piacon az \u00fczleti siker csakis eg\u00e9szs\u00e9ges, k\u00e9pzett \u00e9s motiv\u00e1lt munkaer\u0151vel \u00e9rhet\u0151 el. Sz\u00e1mtalan pozit\u00edv p\u00e9lda van erre a vil\u00e1gban.<\/strong><\/p>\n<p>A munkahelyi eg\u00e9szs\u00e9gmeg\u0151rz\u0151 programok\u00a0 sokr\u00e9t\u0171ek lehetnek, a t\u00e1pl\u00e1lkoz\u00e1s fontos szerepet t\u00f6lt be, term\u00e9szetesen. Ez m\u00e1r csak az\u00e9rt is lenne els\u0151dleges, ugyanis az OECD tavalyi jelent\u00e9se szerint Magyarorsz\u00e1g lett Eur\u00f3pa legelh\u00edzottabb nemzete, vil\u00e1gviszonylatban pedig a negyedik helyen \u00e1llunk: a feln\u0151tt magyar lakoss\u00e1g k\u00f6r\u00e9ben kiemelked\u0151en nagy az elh\u00edz\u00e1s m\u00e9rt\u00e9ke (28-31 sz\u00e1zal\u00e9k). Az Eg\u00e9szs\u00e9g\u00fcgyi Vil\u00e1gszervezet, a WHO adatai sem festenek t\u00fal j\u00f3 k\u00e9pet a helyzet\u00fcnkr\u0151l: a 13-15 \u00e9vesek 80 sz\u00e1zal\u00e9ka kor\u00e1hoz k\u00e9pest keveset mozog, a feln\u0151tteknek pedig 30 sz\u00e1zal\u00e9ka nem v\u00e9gez semmilyen fizikai tev\u00e9kenys\u00e9get munkav\u00e9gz\u00e9s, k\u00f6zleked\u00e9s vagy szabadideje k\u00f6zben. A Quantum Workplace jelent\u00e9se szerint a munkav\u00e1llal\u00f3k 10 sz\u00e1zal\u00e9kkal t\u00f6bbet v\u00e1llalnak, ha eg\u00e9szs\u00e9ges t\u00e1pl\u00e1lkoz\u00e1si lehet\u0151s\u00e9geket k\u00edn\u00e1lnak sz\u00e1mukra a munkahelyen. A munkahely k\u00f6zponti szerepet j\u00e1tszik az \u00e9trenddel kapcsolatos viselked\u00e9s\u00fcnk befoly\u00e1sol\u00e1s\u00e1ban, ez\u00e9rt a munkahelyi \u00e9trend-intervenci\u00f3k \u00e1ltal\u00e1ban hat\u00e9konyak, k\u00fcl\u00f6n\u00f6sen a z\u00f6lds\u00e9g- \u00e9s gy\u00fcm\u00f6lcsfogyaszt\u00e1sra ir\u00e1nyul\u00f3 kezdem\u00e9nyez\u00e9sek. Kutat\u00e1sok azt mutatj\u00e1k, hogy a vezet\u0151k nagyban tudj\u00e1k befoly\u00e1solni alkalmazottaik \u00e9tkez\u00e9si szok\u00e1sait, ez\u00e9rt \u00e9rdemes ellesn\u00fcnk n\u00e9h\u00e1ny j\u00f3 gyakorlatot m\u00e1sokt\u00f3l. A munkav\u00e1llal\u00f3k t\u00f6bb mint fele nem hagyja el az irod\u00e1t eb\u00e9did\u0151ben, ami nemcsak azt teszi sz\u00fcks\u00e9gszer\u0171v\u00e9, hogy el\u00e9rhet\u0151v\u00e9 v\u00e1ljanak az eg\u00e9szs\u00e9ges \u00e9telek \u00e9s italok k\u00f6zvetlen\u00fcl az irod\u00e1kban, de a c\u00e9geknek \u00e9rdemes \u00e1tgondolniuk a hosszabb eb\u00e9did\u0151 biztos\u00edt\u00e1s\u00e1t is. Az \u00e1tlagosan 30 perces eb\u00e9did\u0151 miatt a munkav\u00e1llal\u00f3k egyr\u00e9szt \u00fagy \u00e9rezhetik, hogy gyors\u00e9teleket kell venni\u00fck, m\u00e1sr\u00e9szt az \u00e9telt kapkodva fogj\u00e1k elfogyasztani. A Bandwidth nev\u0171 kommunik\u00e1ci\u00f3s c\u00e9g p\u00e9ld\u00e1ul m\u00e1sf\u00e9l \u00f3r\u00e1n kereszt\u00fcl engedi eb\u00e9delni a munkav\u00e1llal\u00f3it, r\u00e1ad\u00e1sul \u201efitnesz eb\u00e9det\u201d k\u00edn\u00e1l nekik. Sziesztaid\u0151 k\u00e1v\u00e9 helyett: Az olyan innovat\u00edv c\u00e9gek, mint a Zappos, a Facebook vagy az Asana speci\u00e1lis pihen\u0151szob\u00e1kat biztos\u00edtanak azoknak az alkalmazottaknak, akik szeretn\u00e9nek eb\u00e9d ut\u00e1n kicsit szuny\u00f3k\u00e1lni. Szak\u00e9rt\u0151k szerint a d\u00e9lut\u00e1ni pihen\u0151id\u0151 seg\u00edthet jav\u00edtani a teljes\u00edtm\u00e9nyt an\u00e9lk\u00fcl, hogy befoly\u00e1ssal lenne az \u00e9jszakai alv\u00e1smin\u0151s\u00e9gre, \u00e9s sz\u00e1mos kutat\u00e1s mutatja azt, hogy kb. 20 perc d\u00e9lut\u00e1ni ejt\u0151z\u00e9s a figyelemre \u00e9s az \u00e9bers\u00e9gre is pozit\u00edv befoly\u00e1ssal van, jav\u00edtja a verb\u00e1lis mem\u00f3ri\u00e1t, a motoros k\u00e9szs\u00e9geket \u00e9s az \u00e9rz\u00e9kszervi tanul\u00e1st. Egyre t\u00f6bb v\u00e1llalat csatlakozik a Meatless Monday nev\u0171 kezdem\u00e9nyez\u00e9shez, melynek keret\u00e9ben a dolgoz\u00f3k v\u00e1llalj\u00e1k, hogy a h\u00e9t els\u0151 napj\u00e1n n\u00f6v\u00e9nyi \u00e9trendet k\u00f6vetnek.<\/p>\n<p><em>Forr\u00e1s: hrportal.hu<\/em><\/p>\n","protected":false},"excerpt":{"rendered":"<p>Egyre fontosabb szerepet kap az eg\u00e9szs\u00e9ges munkahely, egyre t\u00f6bb helyen ismerik f\u00f6l, hogy a dolgoz\u00f3k sz\u00e1m\u00e1ra ez fontos t\u00e9nyez\u0151, hogy a globaliz\u00e1l\u00f3d\u00f3 piacon az \u00fczleti siker csakis eg\u00e9szs\u00e9ges, k\u00e9pzett \u00e9s motiv\u00e1lt munkaer\u0151vel \u00e9rhet\u0151 el. Sz\u00e1mtalan pozit\u00edv p\u00e9lda van erre a vil\u00e1gban. A munkahelyi eg\u00e9szs\u00e9gmeg\u0151rz\u0151 programok\u00a0 sokr\u00e9t\u0171ek lehetnek, a t\u00e1pl\u00e1lkoz\u00e1s fontos szerepet t\u00f6lt be, term\u00e9szetesen. Ez [&hellip;]<\/p>\n","protected":false},"author":1,"featured_media":2508,"comment_status":"open","ping_status":"open","sticky":false,"template":"","format":"standard","meta":{"_monsterinsights_skip_tracking":false,"footnotes":""},"categories":[200],"tags":[],"class_list":["post-2507","post","type-post","status-publish","format-standard","has-post-thumbnail","hentry","category-munkaeropiac"],"aioseo_notices":[],"aioseo_head":"\n\t\t<!-- All in One SEO 5.0.0.1 - aioseo.com -->\n\t<meta name=\"description\" content=\"Egyre fontosabb szerepet kap az eg\u00e9szs\u00e9ges munkahely, egyre t\u00f6bb helyen ismerik f\u00f6l, hogy a dolgoz\u00f3k sz\u00e1m\u00e1ra ez fontos t\u00e9nyez\u0151, hogy a globaliz\u00e1l\u00f3d\u00f3 piacon az \u00fczleti siker csakis eg\u00e9szs\u00e9ges, k\u00e9pzett \u00e9s motiv\u00e1lt munkaer\u0151vel \u00e9rhet\u0151 el. Sz\u00e1mtalan pozit\u00edv p\u00e9lda van erre a vil\u00e1gban. A munkahelyi eg\u00e9szs\u00e9gmeg\u0151rz\u0151 programok sokr\u00e9t\u0171ek lehetnek, a t\u00e1pl\u00e1lkoz\u00e1s fontos szerepet t\u00f6lt be, term\u00e9szetesen. Ez\" \/>\n\t<meta name=\"robots\" content=\"max-image-preview:large\" \/>\n\t<meta name=\"author\" content=\"Juh\u00e1sz P\u00e9ter\"\/>\n\t<link rel=\"canonical\" href=\"https:\/\/allasorias.hu\/hirek\/hogyan-esznek-a-munkavallalok\/\" \/>\n\t<meta name=\"generator\" content=\"All in One SEO (AIOSEO) 5.0.0.1\" \/>\n\t\t<meta property=\"og:locale\" content=\"hu_HU\" \/>\n\t\t<meta property=\"og:site_name\" content=\"AllasOrias.hu | H\u00edrek-lapszemle | \u00dczleti h\u00edrek az \u00e1ll\u00e1s \u00e9s a munka vil\u00e1g\u00e1b\u00f3l\" \/>\n\t\t<meta property=\"og:type\" content=\"article\" \/>\n\t\t<meta property=\"og:title\" content=\"Hogyan esznek a munkav\u00e1llal\u00f3k? | AllasOrias.hu | H\u00edrek-lapszemle\" \/>\n\t\t<meta property=\"og:description\" content=\"Egyre fontosabb szerepet kap az eg\u00e9szs\u00e9ges munkahely, egyre t\u00f6bb helyen ismerik f\u00f6l, hogy a dolgoz\u00f3k sz\u00e1m\u00e1ra ez fontos t\u00e9nyez\u0151, hogy a globaliz\u00e1l\u00f3d\u00f3 piacon az \u00fczleti siker csakis eg\u00e9szs\u00e9ges, k\u00e9pzett \u00e9s motiv\u00e1lt munkaer\u0151vel \u00e9rhet\u0151 el. Sz\u00e1mtalan pozit\u00edv p\u00e9lda van erre a vil\u00e1gban. A munkahelyi eg\u00e9szs\u00e9gmeg\u0151rz\u0151 programok sokr\u00e9t\u0171ek lehetnek, a t\u00e1pl\u00e1lkoz\u00e1s fontos szerepet t\u00f6lt be, term\u00e9szetesen. Ez\" \/>\n\t\t<meta property=\"og:url\" content=\"https:\/\/allasorias.hu\/hirek\/hogyan-esznek-a-munkavallalok\/\" \/>\n\t\t<meta property=\"og:image\" content=\"https:\/\/allasorias.hu\/hirek\/wp-content\/uploads\/2019\/02\/91226_article.jpg\" \/>\n\t\t<meta property=\"og:image:secure_url\" content=\"https:\/\/allasorias.hu\/hirek\/wp-content\/uploads\/2019\/02\/91226_article.jpg\" \/>\n\t\t<meta property=\"og:image:width\" content=\"450\" \/>\n\t\t<meta property=\"og:image:height\" content=\"250\" \/>\n\t\t<meta property=\"article:published_time\" content=\"2019-02-04T10:56:04+00:00\" \/>\n\t\t<meta property=\"article:modified_time\" content=\"2019-02-04T10:56:04+00:00\" \/>\n\t\t<meta property=\"article:publisher\" content=\"https:\/\/www.facebook.com\/allasorias\" \/>\n\t\t<meta name=\"twitter:card\" content=\"summary_large_image\" \/>\n\t\t<meta name=\"twitter:title\" content=\"Hogyan esznek a munkav\u00e1llal\u00f3k? | AllasOrias.hu | H\u00edrek-lapszemle\" \/>\n\t\t<meta name=\"twitter:description\" content=\"Egyre fontosabb szerepet kap az eg\u00e9szs\u00e9ges munkahely, egyre t\u00f6bb helyen ismerik f\u00f6l, hogy a dolgoz\u00f3k sz\u00e1m\u00e1ra ez fontos t\u00e9nyez\u0151, hogy a globaliz\u00e1l\u00f3d\u00f3 piacon az \u00fczleti siker csakis eg\u00e9szs\u00e9ges, k\u00e9pzett \u00e9s motiv\u00e1lt munkaer\u0151vel \u00e9rhet\u0151 el. Sz\u00e1mtalan pozit\u00edv p\u00e9lda van erre a vil\u00e1gban. A munkahelyi eg\u00e9szs\u00e9gmeg\u0151rz\u0151 programok sokr\u00e9t\u0171ek lehetnek, a t\u00e1pl\u00e1lkoz\u00e1s fontos szerepet t\u00f6lt be, term\u00e9szetesen. Ez\" \/>\n\t\t<meta name=\"twitter:image\" content=\"https:\/\/allasorias.hu\/hirek\/wp-content\/uploads\/2019\/02\/91226_article.jpg\" \/>\n\t\t<meta name=\"twitter:label1\" content=\"Written by\" \/>\n\t\t<meta name=\"twitter:data1\" content=\"Juh\u00e1sz P\u00e9ter\" \/>\n\t\t<meta name=\"twitter:label2\" content=\"Est. reading time\" \/>\n\t\t<meta name=\"twitter:data2\" content=\"3 minutes\" \/>\n\t\t<script type=\"application\/ld+json\" class=\"aioseo-schema\">\n\t\t\t{\"@context\":\"https:\\\/\\\/schema.org\",\"@graph\":[{\"@type\":\"Article\",\"@id\":\"https:\\\/\\\/allasorias.hu\\\/hirek\\\/hogyan-esznek-a-munkavallalok\\\/#article\",\"name\":\"Hogyan esznek a munkav\\u00e1llal\\u00f3k? | AllasOrias.hu | H\\u00edrek-lapszemle\",\"headline\":\"Hogyan esznek a munkav\\u00e1llal\\u00f3k?\",\"author\":{\"@id\":\"https:\\\/\\\/allasorias.hu\\\/hirek\\\/author\\\/admin-allasorias\\\/#author\"},\"publisher\":{\"@id\":\"https:\\\/\\\/allasorias.hu\\\/hirek\\\/#organization\"},\"image\":{\"@type\":\"ImageObject\",\"url\":\"https:\\\/\\\/allasorias.hu\\\/hirek\\\/wp-content\\\/uploads\\\/2019\\\/02\\\/91226_article.jpg\",\"width\":450,\"height\":250},\"datePublished\":\"2019-02-04T10:56:04+02:00\",\"dateModified\":\"2019-02-04T10:56:04+02:00\",\"inLanguage\":\"hu-HU\",\"mainEntityOfPage\":{\"@id\":\"https:\\\/\\\/allasorias.hu\\\/hirek\\\/hogyan-esznek-a-munkavallalok\\\/#webpage\"},\"isPartOf\":{\"@id\":\"https:\\\/\\\/allasorias.hu\\\/hirek\\\/hogyan-esznek-a-munkavallalok\\\/#webpage\"},\"articleSection\":\"Munkaer\\u0151piac\"},{\"@type\":\"BreadcrumbList\",\"@id\":\"https:\\\/\\\/allasorias.hu\\\/hirek\\\/hogyan-esznek-a-munkavallalok\\\/#breadcrumblist\",\"itemListElement\":[{\"@type\":\"ListItem\",\"@id\":\"https:\\\/\\\/allasorias.hu\\\/hirek#listItem\",\"position\":1,\"name\":\"Home\",\"item\":\"https:\\\/\\\/allasorias.hu\\\/hirek\",\"nextItem\":{\"@type\":\"ListItem\",\"@id\":\"https:\\\/\\\/allasorias.hu\\\/hirek\\\/temak\\\/munkaeropiac\\\/#listItem\",\"name\":\"Munkaer\\u0151piac\"}},{\"@type\":\"ListItem\",\"@id\":\"https:\\\/\\\/allasorias.hu\\\/hirek\\\/temak\\\/munkaeropiac\\\/#listItem\",\"position\":2,\"name\":\"Munkaer\\u0151piac\",\"item\":\"https:\\\/\\\/allasorias.hu\\\/hirek\\\/temak\\\/munkaeropiac\\\/\",\"nextItem\":{\"@type\":\"ListItem\",\"@id\":\"https:\\\/\\\/allasorias.hu\\\/hirek\\\/hogyan-esznek-a-munkavallalok\\\/#listItem\",\"name\":\"Hogyan esznek a munkav\\u00e1llal\\u00f3k?\"},\"previousItem\":{\"@type\":\"ListItem\",\"@id\":\"https:\\\/\\\/allasorias.hu\\\/hirek#listItem\",\"name\":\"Home\"}},{\"@type\":\"ListItem\",\"@id\":\"https:\\\/\\\/allasorias.hu\\\/hirek\\\/hogyan-esznek-a-munkavallalok\\\/#listItem\",\"position\":3,\"name\":\"Hogyan esznek a munkav\\u00e1llal\\u00f3k?\",\"previousItem\":{\"@type\":\"ListItem\",\"@id\":\"https:\\\/\\\/allasorias.hu\\\/hirek\\\/temak\\\/munkaeropiac\\\/#listItem\",\"name\":\"Munkaer\\u0151piac\"}}]},{\"@type\":\"Organization\",\"@id\":\"https:\\\/\\\/allasorias.hu\\\/hirek\\\/#organization\",\"name\":\"AllasOrias.hu | H\\u00edrek-lapszemle\",\"description\":\"\\u00dczleti h\\u00edrek az \\u00e1ll\\u00e1s \\u00e9s a munka vil\\u00e1g\\u00e1b\\u00f3l\",\"url\":\"https:\\\/\\\/allasorias.hu\\\/hirek\\\/\",\"logo\":{\"@type\":\"ImageObject\",\"url\":\"https:\\\/\\\/allasorias.hu\\\/hirek\\\/wp-content\\\/uploads\\\/2022\\\/10\\\/allasorias_site_facebok_logo.png\",\"@id\":\"https:\\\/\\\/allasorias.hu\\\/hirek\\\/hogyan-esznek-a-munkavallalok\\\/#organizationLogo\"},\"image\":{\"@id\":\"https:\\\/\\\/allasorias.hu\\\/hirek\\\/hogyan-esznek-a-munkavallalok\\\/#organizationLogo\"},\"sameAs\":[\"https:\\\/\\\/www.facebook.com\\\/allasorias\",\"https:\\\/\\\/www.linkedin.com\\\/company\\\/allasorias\"]},{\"@type\":\"Person\",\"@id\":\"https:\\\/\\\/allasorias.hu\\\/hirek\\\/author\\\/admin-allasorias\\\/#author\",\"url\":\"https:\\\/\\\/allasorias.hu\\\/hirek\\\/author\\\/admin-allasorias\\\/\",\"name\":\"Juh\\u00e1sz P\\u00e9ter\",\"image\":{\"@type\":\"ImageObject\",\"@id\":\"https:\\\/\\\/allasorias.hu\\\/hirek\\\/hogyan-esznek-a-munkavallalok\\\/#authorImage\",\"url\":\"https:\\\/\\\/secure.gravatar.com\\\/avatar\\\/36e6bcb83148978b992977cb0f54d22feb0cce8a0a849a9410532bb2623ba4c6?s=96&d=mm&r=g\",\"width\":96,\"height\":96,\"caption\":\"Juh\\u00e1sz P\\u00e9ter\"}},{\"@type\":\"WebPage\",\"@id\":\"https:\\\/\\\/allasorias.hu\\\/hirek\\\/hogyan-esznek-a-munkavallalok\\\/#webpage\",\"url\":\"https:\\\/\\\/allasorias.hu\\\/hirek\\\/hogyan-esznek-a-munkavallalok\\\/\",\"name\":\"Hogyan esznek a munkav\\u00e1llal\\u00f3k? | AllasOrias.hu | H\\u00edrek-lapszemle\",\"description\":\"Egyre fontosabb szerepet kap az eg\\u00e9szs\\u00e9ges munkahely, egyre t\\u00f6bb helyen ismerik f\\u00f6l, hogy a dolgoz\\u00f3k sz\\u00e1m\\u00e1ra ez fontos t\\u00e9nyez\\u0151, hogy a globaliz\\u00e1l\\u00f3d\\u00f3 piacon az \\u00fczleti siker csakis eg\\u00e9szs\\u00e9ges, k\\u00e9pzett \\u00e9s motiv\\u00e1lt munkaer\\u0151vel \\u00e9rhet\\u0151 el. Sz\\u00e1mtalan pozit\\u00edv p\\u00e9lda van erre a vil\\u00e1gban. A munkahelyi eg\\u00e9szs\\u00e9gmeg\\u0151rz\\u0151 programok sokr\\u00e9t\\u0171ek lehetnek, a t\\u00e1pl\\u00e1lkoz\\u00e1s fontos szerepet t\\u00f6lt be, term\\u00e9szetesen. Ez\",\"inLanguage\":\"hu-HU\",\"isPartOf\":{\"@id\":\"https:\\\/\\\/allasorias.hu\\\/hirek\\\/#website\"},\"breadcrumb\":{\"@id\":\"https:\\\/\\\/allasorias.hu\\\/hirek\\\/hogyan-esznek-a-munkavallalok\\\/#breadcrumblist\"},\"author\":{\"@id\":\"https:\\\/\\\/allasorias.hu\\\/hirek\\\/author\\\/admin-allasorias\\\/#author\"},\"creator\":{\"@id\":\"https:\\\/\\\/allasorias.hu\\\/hirek\\\/author\\\/admin-allasorias\\\/#author\"},\"image\":{\"@type\":\"ImageObject\",\"url\":\"https:\\\/\\\/allasorias.hu\\\/hirek\\\/wp-content\\\/uploads\\\/2019\\\/02\\\/91226_article.jpg\",\"@id\":\"https:\\\/\\\/allasorias.hu\\\/hirek\\\/hogyan-esznek-a-munkavallalok\\\/#mainImage\",\"width\":450,\"height\":250},\"primaryImageOfPage\":{\"@id\":\"https:\\\/\\\/allasorias.hu\\\/hirek\\\/hogyan-esznek-a-munkavallalok\\\/#mainImage\"},\"datePublished\":\"2019-02-04T10:56:04+02:00\",\"dateModified\":\"2019-02-04T10:56:04+02:00\"},{\"@type\":\"WebSite\",\"@id\":\"https:\\\/\\\/allasorias.hu\\\/hirek\\\/#website\",\"url\":\"https:\\\/\\\/allasorias.hu\\\/hirek\\\/\",\"name\":\"AllasOrias.hu | H\\u00edrek-lapszemle\",\"description\":\"\\u00dczleti h\\u00edrek az \\u00e1ll\\u00e1s \\u00e9s a munka vil\\u00e1g\\u00e1b\\u00f3l\",\"inLanguage\":\"hu-HU\",\"publisher\":{\"@id\":\"https:\\\/\\\/allasorias.hu\\\/hirek\\\/#organization\"}}]}\n\t\t<\/script>\n\t\t<!-- All in One SEO -->\n\n","aioseo_head_json":{"title":"Hogyan esznek a munkav\u00e1llal\u00f3k? | AllasOrias.hu | H\u00edrek-lapszemle","description":"Egyre fontosabb szerepet kap az eg\u00e9szs\u00e9ges munkahely, egyre t\u00f6bb helyen ismerik f\u00f6l, hogy a dolgoz\u00f3k sz\u00e1m\u00e1ra ez fontos t\u00e9nyez\u0151, hogy a globaliz\u00e1l\u00f3d\u00f3 piacon az \u00fczleti siker csakis eg\u00e9szs\u00e9ges, k\u00e9pzett \u00e9s motiv\u00e1lt munkaer\u0151vel \u00e9rhet\u0151 el. Sz\u00e1mtalan pozit\u00edv p\u00e9lda van erre a vil\u00e1gban. A munkahelyi eg\u00e9szs\u00e9gmeg\u0151rz\u0151 programok sokr\u00e9t\u0171ek lehetnek, a t\u00e1pl\u00e1lkoz\u00e1s fontos szerepet t\u00f6lt be, term\u00e9szetesen. Ez","canonical_url":"https:\/\/allasorias.hu\/hirek\/hogyan-esznek-a-munkavallalok\/","robots":"max-image-preview:large","keywords":"","webmasterTools":{"miscellaneous":""},"schema":{"@context":"https:\/\/schema.org","@graph":[{"@type":"Article","@id":"https:\/\/allasorias.hu\/hirek\/hogyan-esznek-a-munkavallalok\/#article","name":"Hogyan esznek a munkav\u00e1llal\u00f3k? | AllasOrias.hu | H\u00edrek-lapszemle","headline":"Hogyan esznek a munkav\u00e1llal\u00f3k?","author":{"@id":"https:\/\/allasorias.hu\/hirek\/author\/admin-allasorias\/#author"},"publisher":{"@id":"https:\/\/allasorias.hu\/hirek\/#organization"},"image":{"@type":"ImageObject","url":"https:\/\/allasorias.hu\/hirek\/wp-content\/uploads\/2019\/02\/91226_article.jpg","width":450,"height":250},"datePublished":"2019-02-04T10:56:04+02:00","dateModified":"2019-02-04T10:56:04+02:00","inLanguage":"hu-HU","mainEntityOfPage":{"@id":"https:\/\/allasorias.hu\/hirek\/hogyan-esznek-a-munkavallalok\/#webpage"},"isPartOf":{"@id":"https:\/\/allasorias.hu\/hirek\/hogyan-esznek-a-munkavallalok\/#webpage"},"articleSection":"Munkaer\u0151piac"},{"@type":"BreadcrumbList","@id":"https:\/\/allasorias.hu\/hirek\/hogyan-esznek-a-munkavallalok\/#breadcrumblist","itemListElement":[{"@type":"ListItem","@id":"https:\/\/allasorias.hu\/hirek#listItem","position":1,"name":"Home","item":"https:\/\/allasorias.hu\/hirek","nextItem":{"@type":"ListItem","@id":"https:\/\/allasorias.hu\/hirek\/temak\/munkaeropiac\/#listItem","name":"Munkaer\u0151piac"}},{"@type":"ListItem","@id":"https:\/\/allasorias.hu\/hirek\/temak\/munkaeropiac\/#listItem","position":2,"name":"Munkaer\u0151piac","item":"https:\/\/allasorias.hu\/hirek\/temak\/munkaeropiac\/","nextItem":{"@type":"ListItem","@id":"https:\/\/allasorias.hu\/hirek\/hogyan-esznek-a-munkavallalok\/#listItem","name":"Hogyan esznek a munkav\u00e1llal\u00f3k?"},"previousItem":{"@type":"ListItem","@id":"https:\/\/allasorias.hu\/hirek#listItem","name":"Home"}},{"@type":"ListItem","@id":"https:\/\/allasorias.hu\/hirek\/hogyan-esznek-a-munkavallalok\/#listItem","position":3,"name":"Hogyan esznek a munkav\u00e1llal\u00f3k?","previousItem":{"@type":"ListItem","@id":"https:\/\/allasorias.hu\/hirek\/temak\/munkaeropiac\/#listItem","name":"Munkaer\u0151piac"}}]},{"@type":"Organization","@id":"https:\/\/allasorias.hu\/hirek\/#organization","name":"AllasOrias.hu | H\u00edrek-lapszemle","description":"\u00dczleti h\u00edrek az \u00e1ll\u00e1s \u00e9s a munka vil\u00e1g\u00e1b\u00f3l","url":"https:\/\/allasorias.hu\/hirek\/","logo":{"@type":"ImageObject","url":"https:\/\/allasorias.hu\/hirek\/wp-content\/uploads\/2022\/10\/allasorias_site_facebok_logo.png","@id":"https:\/\/allasorias.hu\/hirek\/hogyan-esznek-a-munkavallalok\/#organizationLogo"},"image":{"@id":"https:\/\/allasorias.hu\/hirek\/hogyan-esznek-a-munkavallalok\/#organizationLogo"},"sameAs":["https:\/\/www.facebook.com\/allasorias","https:\/\/www.linkedin.com\/company\/allasorias"]},{"@type":"Person","@id":"https:\/\/allasorias.hu\/hirek\/author\/admin-allasorias\/#author","url":"https:\/\/allasorias.hu\/hirek\/author\/admin-allasorias\/","name":"Juh\u00e1sz P\u00e9ter","image":{"@type":"ImageObject","@id":"https:\/\/allasorias.hu\/hirek\/hogyan-esznek-a-munkavallalok\/#authorImage","url":"https:\/\/secure.gravatar.com\/avatar\/36e6bcb83148978b992977cb0f54d22feb0cce8a0a849a9410532bb2623ba4c6?s=96&d=mm&r=g","width":96,"height":96,"caption":"Juh\u00e1sz P\u00e9ter"}},{"@type":"WebPage","@id":"https:\/\/allasorias.hu\/hirek\/hogyan-esznek-a-munkavallalok\/#webpage","url":"https:\/\/allasorias.hu\/hirek\/hogyan-esznek-a-munkavallalok\/","name":"Hogyan esznek a munkav\u00e1llal\u00f3k? | AllasOrias.hu | H\u00edrek-lapszemle","description":"Egyre fontosabb szerepet kap az eg\u00e9szs\u00e9ges munkahely, egyre t\u00f6bb helyen ismerik f\u00f6l, hogy a dolgoz\u00f3k sz\u00e1m\u00e1ra ez fontos t\u00e9nyez\u0151, hogy a globaliz\u00e1l\u00f3d\u00f3 piacon az \u00fczleti siker csakis eg\u00e9szs\u00e9ges, k\u00e9pzett \u00e9s motiv\u00e1lt munkaer\u0151vel \u00e9rhet\u0151 el. Sz\u00e1mtalan pozit\u00edv p\u00e9lda van erre a vil\u00e1gban. A munkahelyi eg\u00e9szs\u00e9gmeg\u0151rz\u0151 programok sokr\u00e9t\u0171ek lehetnek, a t\u00e1pl\u00e1lkoz\u00e1s fontos szerepet t\u00f6lt be, term\u00e9szetesen. Ez","inLanguage":"hu-HU","isPartOf":{"@id":"https:\/\/allasorias.hu\/hirek\/#website"},"breadcrumb":{"@id":"https:\/\/allasorias.hu\/hirek\/hogyan-esznek-a-munkavallalok\/#breadcrumblist"},"author":{"@id":"https:\/\/allasorias.hu\/hirek\/author\/admin-allasorias\/#author"},"creator":{"@id":"https:\/\/allasorias.hu\/hirek\/author\/admin-allasorias\/#author"},"image":{"@type":"ImageObject","url":"https:\/\/allasorias.hu\/hirek\/wp-content\/uploads\/2019\/02\/91226_article.jpg","@id":"https:\/\/allasorias.hu\/hirek\/hogyan-esznek-a-munkavallalok\/#mainImage","width":450,"height":250},"primaryImageOfPage":{"@id":"https:\/\/allasorias.hu\/hirek\/hogyan-esznek-a-munkavallalok\/#mainImage"},"datePublished":"2019-02-04T10:56:04+02:00","dateModified":"2019-02-04T10:56:04+02:00"},{"@type":"WebSite","@id":"https:\/\/allasorias.hu\/hirek\/#website","url":"https:\/\/allasorias.hu\/hirek\/","name":"AllasOrias.hu | H\u00edrek-lapszemle","description":"\u00dczleti h\u00edrek az \u00e1ll\u00e1s \u00e9s a munka vil\u00e1g\u00e1b\u00f3l","inLanguage":"hu-HU","publisher":{"@id":"https:\/\/allasorias.hu\/hirek\/#organization"}}]},"og:locale":"hu_HU","og:site_name":"AllasOrias.hu | H\u00edrek-lapszemle | \u00dczleti h\u00edrek az \u00e1ll\u00e1s \u00e9s a munka vil\u00e1g\u00e1b\u00f3l","og:type":"article","og:title":"Hogyan esznek a munkav\u00e1llal\u00f3k? | AllasOrias.hu | H\u00edrek-lapszemle","og:description":"Egyre fontosabb szerepet kap az eg\u00e9szs\u00e9ges munkahely, egyre t\u00f6bb helyen ismerik f\u00f6l, hogy a dolgoz\u00f3k sz\u00e1m\u00e1ra ez fontos t\u00e9nyez\u0151, hogy a globaliz\u00e1l\u00f3d\u00f3 piacon az \u00fczleti siker csakis eg\u00e9szs\u00e9ges, k\u00e9pzett \u00e9s motiv\u00e1lt munkaer\u0151vel \u00e9rhet\u0151 el. Sz\u00e1mtalan pozit\u00edv p\u00e9lda van erre a vil\u00e1gban. A munkahelyi eg\u00e9szs\u00e9gmeg\u0151rz\u0151 programok sokr\u00e9t\u0171ek lehetnek, a t\u00e1pl\u00e1lkoz\u00e1s fontos szerepet t\u00f6lt be, term\u00e9szetesen. Ez","og:url":"https:\/\/allasorias.hu\/hirek\/hogyan-esznek-a-munkavallalok\/","og:image":"https:\/\/allasorias.hu\/hirek\/wp-content\/uploads\/2019\/02\/91226_article.jpg","og:image:secure_url":"https:\/\/allasorias.hu\/hirek\/wp-content\/uploads\/2019\/02\/91226_article.jpg","og:image:width":450,"og:image:height":250,"article:published_time":"2019-02-04T10:56:04+00:00","article:modified_time":"2019-02-04T10:56:04+00:00","article:publisher":"https:\/\/www.facebook.com\/allasorias","twitter:card":"summary_large_image","twitter:title":"Hogyan esznek a munkav\u00e1llal\u00f3k? | AllasOrias.hu | H\u00edrek-lapszemle","twitter:description":"Egyre fontosabb szerepet kap az eg\u00e9szs\u00e9ges munkahely, egyre t\u00f6bb helyen ismerik f\u00f6l, hogy a dolgoz\u00f3k sz\u00e1m\u00e1ra ez fontos t\u00e9nyez\u0151, hogy a globaliz\u00e1l\u00f3d\u00f3 piacon az \u00fczleti siker csakis eg\u00e9szs\u00e9ges, k\u00e9pzett \u00e9s motiv\u00e1lt munkaer\u0151vel \u00e9rhet\u0151 el. Sz\u00e1mtalan pozit\u00edv p\u00e9lda van erre a vil\u00e1gban. A munkahelyi eg\u00e9szs\u00e9gmeg\u0151rz\u0151 programok sokr\u00e9t\u0171ek lehetnek, a t\u00e1pl\u00e1lkoz\u00e1s fontos szerepet t\u00f6lt be, term\u00e9szetesen. Ez","twitter:image":"https:\/\/allasorias.hu\/hirek\/wp-content\/uploads\/2019\/02\/91226_article.jpg","twitter:label1":"Written by","twitter:data1":"Juh\u00e1sz P\u00e9ter","twitter:label2":"Est. reading time","twitter:data2":"3 minutes"},"aioseo_meta_data":{"post_id":"2507","title":null,"description":null,"keywords":null,"keyphrases":null,"primary_term":null,"canonical_url":null,"og_title":null,"og_description":null,"og_object_type":"default","og_image_type":"default","og_image_url":null,"og_image_width":null,"og_image_height":null,"og_image_custom_url":null,"og_image_custom_fields":null,"og_video":null,"og_custom_url":null,"og_article_section":null,"og_article_tags":null,"twitter_use_og":false,"twitter_card":"default","twitter_image_type":"default","twitter_image_url":null,"twitter_image_custom_url":null,"twitter_image_custom_fields":null,"twitter_title":null,"twitter_description":null,"schema":{"blockGraphs":[],"customGraphs":[],"default":{"data":{"Article":[],"Course":[],"Dataset":[],"FAQPage":[],"Movie":[],"Person":[],"Product":[],"ProductReview":[],"Car":[],"Recipe":[],"Service":[],"SoftwareApplication":[],"WebPage":[]},"graphName":"","isEnabled":true},"graphs":[],"defaultGraph":"","defaultPostTypeGraph":""},"schema_type":null,"schema_type_options":null,"pillar_content":false,"robots_default":true,"robots_noindex":false,"robots_noarchive":false,"robots_nosnippet":false,"robots_nofollow":false,"robots_noimageindex":false,"robots_noodp":false,"robots_notranslate":false,"robots_max_snippet":null,"robots_max_videopreview":null,"robots_max_imagepreview":"large","priority":null,"frequency":null,"location":null,"local_seo":null,"breadcrumb_settings":null,"limit_modified_date":false,"ai":null,"created":"2021-02-01 20:46:57","updated":"2025-10-02 09:56:02","seo_analyzer_scan_date":null,"focus_keyword":null,"additional_keywords":null,"truseo_locale":null},"aioseo_breadcrumb":"<div class=\"aioseo-breadcrumbs\"><span class=\"aioseo-breadcrumb\">\n\t\t\t<a href=\"https:\/\/allasorias.hu\/hirek\" title=\"Home\">Home<\/a>\n\t\t<\/span><span class=\"aioseo-breadcrumb-separator\">&raquo;<\/span><span class=\"aioseo-breadcrumb\">\n\t\t\t<a href=\"https:\/\/allasorias.hu\/hirek\/temak\/munkaeropiac\/\" title=\"Munkaer\u0151piac\">Munkaer\u0151piac<\/a>\n\t\t<\/span><span class=\"aioseo-breadcrumb-separator\">&raquo;<\/span><span class=\"aioseo-breadcrumb\">\n\t\t\tHogyan esznek a munkav\u00e1llal\u00f3k?\n\t\t<\/span><\/div>","aioseo_breadcrumb_json":[{"label":"Home","link":"https:\/\/allasorias.hu\/hirek"},{"label":"Munkaer\u0151piac","link":"https:\/\/allasorias.hu\/hirek\/temak\/munkaeropiac\/"},{"label":"Hogyan esznek a munkav\u00e1llal\u00f3k?","link":"https:\/\/allasorias.hu\/hirek\/hogyan-esznek-a-munkavallalok\/"}],"_links":{"self":[{"href":"https:\/\/allasorias.hu\/hirek\/wp-json\/wp\/v2\/posts\/2507","targetHints":{"allow":["GET"]}}],"collection":[{"href":"https:\/\/allasorias.hu\/hirek\/wp-json\/wp\/v2\/posts"}],"about":[{"href":"https:\/\/allasorias.hu\/hirek\/wp-json\/wp\/v2\/types\/post"}],"author":[{"embeddable":true,"href":"https:\/\/allasorias.hu\/hirek\/wp-json\/wp\/v2\/users\/1"}],"replies":[{"embeddable":true,"href":"https:\/\/allasorias.hu\/hirek\/wp-json\/wp\/v2\/comments?post=2507"}],"version-history":[{"count":1,"href":"https:\/\/allasorias.hu\/hirek\/wp-json\/wp\/v2\/posts\/2507\/revisions"}],"predecessor-version":[{"id":2509,"href":"https:\/\/allasorias.hu\/hirek\/wp-json\/wp\/v2\/posts\/2507\/revisions\/2509"}],"wp:featuredmedia":[{"embeddable":true,"href":"https:\/\/allasorias.hu\/hirek\/wp-json\/wp\/v2\/media\/2508"}],"wp:attachment":[{"href":"https:\/\/allasorias.hu\/hirek\/wp-json\/wp\/v2\/media?parent=2507"}],"wp:term":[{"taxonomy":"category","embeddable":true,"href":"https:\/\/allasorias.hu\/hirek\/wp-json\/wp\/v2\/categories?post=2507"},{"taxonomy":"post_tag","embeddable":true,"href":"https:\/\/allasorias.hu\/hirek\/wp-json\/wp\/v2\/tags?post=2507"}],"curies":[{"name":"wp","href":"https:\/\/api.w.org\/{rel}","templated":true}]}}