{"id":2504,"date":"2019-02-01T08:05:22","date_gmt":"2019-02-01T08:05:22","guid":{"rendered":"https:\/\/allasorias.hu\/hirek\/?p=2504"},"modified":"2019-02-04T08:07:51","modified_gmt":"2019-02-04T08:07:51","slug":"a-munkaero-kolcsonzest-ellenorzi-a-nav","status":"publish","type":"post","link":"https:\/\/allasorias.hu\/hirek\/a-munkaero-kolcsonzest-ellenorzi-a-nav\/","title":{"rendered":"A munkaer\u0151 k\u00f6lcs\u00f6nz\u00e9st ellen\u0151rzi a NAV"},"content":{"rendered":"<p><strong>Tegnapt\u00f3l ellen\u0151rzi az ad\u00f3hat\u00f3s\u00e1g a munker\u0151k\u00f6lcs\u00f6nz\u00e9st. A NAV megyei \u00e9s f\u0151v\u00e1rosi igazgat\u00f3s\u00e1gai 2019. janu\u00e1r 31-t\u0151l vizsg\u00e1lj\u00e1k a\u00a0 munkaer\u0151-k\u00f6lcs\u00f6nz\u00e9si tev\u00e9kenys\u00e9get folytat\u00f3 ad\u00f3z\u00f3kat.<\/strong><\/p>\n<p>Els\u0151sorban azon ad\u00f3z\u00f3k sz\u00e1m\u00edthatnak ellen\u0151rz\u00e9sre, akik kor\u00e1bban megsz\u0171nt t\u00e1rsas\u00e1ggal \u00e1lltak kapcsolatban az \u00e1ltaluk foglalkoztatott mag\u00e1nszem\u00e9lyek tekintet\u00e9ben, tov\u00e1bb\u00e1 azon ad\u00f3z\u00f3k, akik a munkaer\u0151-k\u00f6lcs\u00f6nbead\u00f3i tev\u00e9kenys\u00e9g folytat\u00e1s\u00e1hoz sz\u00fcks\u00e9ges enged\u00e9llyel nem rendelkeznek, valamint azok, akik a foglalkoztat\u00e1ssal kapcsolatos bejelent\u00e9si, bevall\u00e1si, \u00e9s befizet\u00e9si k\u00f6telezetts\u00e9geiket nem teljes\u00edtett\u00e9k.<\/p>\n<p>Amennyiben az ellen\u0151rz\u00e9sek megkezd\u00e9s\u00e9ig az ad\u00f3z\u00f3 teljes\u00edti a jogszab\u00e1lyi k\u00f6telezetts\u00e9geit, abban az esetben mentes\u00fcl a jogk\u00f6vetkezm\u00e9nyek al\u00f3l.<\/p>\n<p>Forr\u00e1s: uzletem.hu<\/p>\n<p>&nbsp;<\/p>\n","protected":false},"excerpt":{"rendered":"<p>Tegnapt\u00f3l ellen\u0151rzi az ad\u00f3hat\u00f3s\u00e1g a munker\u0151k\u00f6lcs\u00f6nz\u00e9st. A NAV megyei \u00e9s f\u0151v\u00e1rosi igazgat\u00f3s\u00e1gai 2019. janu\u00e1r 31-t\u0151l vizsg\u00e1lj\u00e1k a\u00a0 munkaer\u0151-k\u00f6lcs\u00f6nz\u00e9si tev\u00e9kenys\u00e9get folytat\u00f3 ad\u00f3z\u00f3kat. Els\u0151sorban azon ad\u00f3z\u00f3k sz\u00e1m\u00edthatnak ellen\u0151rz\u00e9sre, akik kor\u00e1bban megsz\u0171nt t\u00e1rsas\u00e1ggal \u00e1lltak kapcsolatban az \u00e1ltaluk foglalkoztatott mag\u00e1nszem\u00e9lyek tekintet\u00e9ben, tov\u00e1bb\u00e1 azon ad\u00f3z\u00f3k, akik a munkaer\u0151-k\u00f6lcs\u00f6nbead\u00f3i tev\u00e9kenys\u00e9g folytat\u00e1s\u00e1hoz sz\u00fcks\u00e9ges enged\u00e9llyel nem rendelkeznek, valamint azok, akik a foglalkoztat\u00e1ssal kapcsolatos [&hellip;]<\/p>\n","protected":false},"author":1,"featured_media":2505,"comment_status":"open","ping_status":"open","sticky":false,"template":"","format":"standard","meta":{"_monsterinsights_skip_tracking":false,"footnotes":""},"categories":[198],"tags":[],"class_list":["post-2504","post","type-post","status-publish","format-standard","has-post-thumbnail","hentry","category-gazdasag"],"aioseo_notices":[],"aioseo_head":"\n\t\t<!-- All in One SEO 5.0.0.1 - aioseo.com -->\n\t<meta name=\"description\" content=\"Tegnapt\u00f3l ellen\u0151rzi az ad\u00f3hat\u00f3s\u00e1g a munker\u0151k\u00f6lcs\u00f6nz\u00e9st. A NAV megyei \u00e9s f\u0151v\u00e1rosi igazgat\u00f3s\u00e1gai 2019. janu\u00e1r 31-t\u0151l vizsg\u00e1lj\u00e1k a munkaer\u0151-k\u00f6lcs\u00f6nz\u00e9si tev\u00e9kenys\u00e9get folytat\u00f3 ad\u00f3z\u00f3kat. Els\u0151sorban azon ad\u00f3z\u00f3k sz\u00e1m\u00edthatnak ellen\u0151rz\u00e9sre, akik kor\u00e1bban megsz\u0171nt t\u00e1rsas\u00e1ggal \u00e1lltak kapcsolatban az \u00e1ltaluk foglalkoztatott mag\u00e1nszem\u00e9lyek tekintet\u00e9ben, tov\u00e1bb\u00e1 azon ad\u00f3z\u00f3k, akik a munkaer\u0151-k\u00f6lcs\u00f6nbead\u00f3i tev\u00e9kenys\u00e9g folytat\u00e1s\u00e1hoz sz\u00fcks\u00e9ges enged\u00e9llyel nem rendelkeznek, valamint azok, akik a foglalkoztat\u00e1ssal kapcsolatos\" \/>\n\t<meta name=\"robots\" content=\"max-image-preview:large\" \/>\n\t<meta name=\"author\" content=\"Juh\u00e1sz P\u00e9ter\"\/>\n\t<link rel=\"canonical\" href=\"https:\/\/allasorias.hu\/hirek\/a-munkaero-kolcsonzest-ellenorzi-a-nav\/\" \/>\n\t<meta name=\"generator\" content=\"All in One SEO (AIOSEO) 5.0.0.1\" \/>\n\t\t<meta property=\"og:locale\" content=\"hu_HU\" \/>\n\t\t<meta property=\"og:site_name\" content=\"AllasOrias.hu | H\u00edrek-lapszemle | \u00dczleti h\u00edrek az \u00e1ll\u00e1s \u00e9s a munka vil\u00e1g\u00e1b\u00f3l\" \/>\n\t\t<meta property=\"og:type\" content=\"article\" \/>\n\t\t<meta property=\"og:title\" content=\"A munkaer\u0151 k\u00f6lcs\u00f6nz\u00e9st ellen\u0151rzi a NAV | AllasOrias.hu | H\u00edrek-lapszemle\" \/>\n\t\t<meta property=\"og:description\" content=\"Tegnapt\u00f3l ellen\u0151rzi az ad\u00f3hat\u00f3s\u00e1g a munker\u0151k\u00f6lcs\u00f6nz\u00e9st. A NAV megyei \u00e9s f\u0151v\u00e1rosi igazgat\u00f3s\u00e1gai 2019. janu\u00e1r 31-t\u0151l vizsg\u00e1lj\u00e1k a munkaer\u0151-k\u00f6lcs\u00f6nz\u00e9si tev\u00e9kenys\u00e9get folytat\u00f3 ad\u00f3z\u00f3kat. Els\u0151sorban azon ad\u00f3z\u00f3k sz\u00e1m\u00edthatnak ellen\u0151rz\u00e9sre, akik kor\u00e1bban megsz\u0171nt t\u00e1rsas\u00e1ggal \u00e1lltak kapcsolatban az \u00e1ltaluk foglalkoztatott mag\u00e1nszem\u00e9lyek tekintet\u00e9ben, tov\u00e1bb\u00e1 azon ad\u00f3z\u00f3k, akik a munkaer\u0151-k\u00f6lcs\u00f6nbead\u00f3i tev\u00e9kenys\u00e9g folytat\u00e1s\u00e1hoz sz\u00fcks\u00e9ges enged\u00e9llyel nem rendelkeznek, valamint azok, akik a foglalkoztat\u00e1ssal kapcsolatos\" \/>\n\t\t<meta property=\"og:url\" content=\"https:\/\/allasorias.hu\/hirek\/a-munkaero-kolcsonzest-ellenorzi-a-nav\/\" \/>\n\t\t<meta property=\"og:image\" content=\"https:\/\/allasorias.hu\/hirek\/wp-content\/uploads\/2019\/02\/nav-1-1024x576.jpg\" \/>\n\t\t<meta property=\"og:image:secure_url\" content=\"https:\/\/allasorias.hu\/hirek\/wp-content\/uploads\/2019\/02\/nav-1-1024x576.jpg\" \/>\n\t\t<meta property=\"og:image:width\" content=\"1024\" \/>\n\t\t<meta property=\"og:image:height\" content=\"576\" \/>\n\t\t<meta property=\"article:published_time\" content=\"2019-02-01T08:05:22+00:00\" \/>\n\t\t<meta property=\"article:modified_time\" content=\"2019-02-04T08:07:51+00:00\" \/>\n\t\t<meta property=\"article:publisher\" content=\"https:\/\/www.facebook.com\/allasorias\" \/>\n\t\t<meta name=\"twitter:card\" content=\"summary_large_image\" \/>\n\t\t<meta name=\"twitter:title\" content=\"A munkaer\u0151 k\u00f6lcs\u00f6nz\u00e9st ellen\u0151rzi a NAV | AllasOrias.hu | H\u00edrek-lapszemle\" \/>\n\t\t<meta name=\"twitter:description\" content=\"Tegnapt\u00f3l ellen\u0151rzi az ad\u00f3hat\u00f3s\u00e1g a munker\u0151k\u00f6lcs\u00f6nz\u00e9st. A NAV megyei \u00e9s f\u0151v\u00e1rosi igazgat\u00f3s\u00e1gai 2019. janu\u00e1r 31-t\u0151l vizsg\u00e1lj\u00e1k a munkaer\u0151-k\u00f6lcs\u00f6nz\u00e9si tev\u00e9kenys\u00e9get folytat\u00f3 ad\u00f3z\u00f3kat. Els\u0151sorban azon ad\u00f3z\u00f3k sz\u00e1m\u00edthatnak ellen\u0151rz\u00e9sre, akik kor\u00e1bban megsz\u0171nt t\u00e1rsas\u00e1ggal \u00e1lltak kapcsolatban az \u00e1ltaluk foglalkoztatott mag\u00e1nszem\u00e9lyek tekintet\u00e9ben, tov\u00e1bb\u00e1 azon ad\u00f3z\u00f3k, akik a munkaer\u0151-k\u00f6lcs\u00f6nbead\u00f3i tev\u00e9kenys\u00e9g folytat\u00e1s\u00e1hoz sz\u00fcks\u00e9ges enged\u00e9llyel nem rendelkeznek, valamint azok, akik a foglalkoztat\u00e1ssal kapcsolatos\" \/>\n\t\t<meta name=\"twitter:image\" content=\"https:\/\/allasorias.hu\/hirek\/wp-content\/uploads\/2019\/02\/nav-1-1024x576.jpg\" \/>\n\t\t<meta name=\"twitter:label1\" content=\"Written by\" \/>\n\t\t<meta name=\"twitter:data1\" content=\"Juh\u00e1sz P\u00e9ter\" \/>\n\t\t<meta name=\"twitter:label2\" content=\"Est. reading time\" \/>\n\t\t<meta name=\"twitter:data2\" content=\"1 minute\" \/>\n\t\t<script type=\"application\/ld+json\" class=\"aioseo-schema\">\n\t\t\t{\"@context\":\"https:\\\/\\\/schema.org\",\"@graph\":[{\"@type\":\"Article\",\"@id\":\"https:\\\/\\\/allasorias.hu\\\/hirek\\\/a-munkaero-kolcsonzest-ellenorzi-a-nav\\\/#article\",\"name\":\"A munkaer\\u0151 k\\u00f6lcs\\u00f6nz\\u00e9st ellen\\u0151rzi a NAV | AllasOrias.hu | H\\u00edrek-lapszemle\",\"headline\":\"A munkaer\\u0151 k\\u00f6lcs\\u00f6nz\\u00e9st ellen\\u0151rzi a NAV\",\"author\":{\"@id\":\"https:\\\/\\\/allasorias.hu\\\/hirek\\\/author\\\/admin-allasorias\\\/#author\"},\"publisher\":{\"@id\":\"https:\\\/\\\/allasorias.hu\\\/hirek\\\/#organization\"},\"image\":{\"@type\":\"ImageObject\",\"url\":\"https:\\\/\\\/allasorias.hu\\\/hirek\\\/wp-content\\\/uploads\\\/2019\\\/02\\\/nav-1-1024x576.jpg\",\"width\":1024,\"height\":576},\"datePublished\":\"2019-02-01T08:05:22+02:00\",\"dateModified\":\"2019-02-04T08:07:51+02:00\",\"inLanguage\":\"hu-HU\",\"mainEntityOfPage\":{\"@id\":\"https:\\\/\\\/allasorias.hu\\\/hirek\\\/a-munkaero-kolcsonzest-ellenorzi-a-nav\\\/#webpage\"},\"isPartOf\":{\"@id\":\"https:\\\/\\\/allasorias.hu\\\/hirek\\\/a-munkaero-kolcsonzest-ellenorzi-a-nav\\\/#webpage\"},\"articleSection\":\"Gazdas\\u00e1g\"},{\"@type\":\"BreadcrumbList\",\"@id\":\"https:\\\/\\\/allasorias.hu\\\/hirek\\\/a-munkaero-kolcsonzest-ellenorzi-a-nav\\\/#breadcrumblist\",\"itemListElement\":[{\"@type\":\"ListItem\",\"@id\":\"https:\\\/\\\/allasorias.hu\\\/hirek#listItem\",\"position\":1,\"name\":\"Home\",\"item\":\"https:\\\/\\\/allasorias.hu\\\/hirek\",\"nextItem\":{\"@type\":\"ListItem\",\"@id\":\"https:\\\/\\\/allasorias.hu\\\/hirek\\\/temak\\\/gazdasag\\\/#listItem\",\"name\":\"Gazdas\\u00e1g\"}},{\"@type\":\"ListItem\",\"@id\":\"https:\\\/\\\/allasorias.hu\\\/hirek\\\/temak\\\/gazdasag\\\/#listItem\",\"position\":2,\"name\":\"Gazdas\\u00e1g\",\"item\":\"https:\\\/\\\/allasorias.hu\\\/hirek\\\/temak\\\/gazdasag\\\/\",\"nextItem\":{\"@type\":\"ListItem\",\"@id\":\"https:\\\/\\\/allasorias.hu\\\/hirek\\\/a-munkaero-kolcsonzest-ellenorzi-a-nav\\\/#listItem\",\"name\":\"A munkaer\\u0151 k\\u00f6lcs\\u00f6nz\\u00e9st ellen\\u0151rzi a NAV\"},\"previousItem\":{\"@type\":\"ListItem\",\"@id\":\"https:\\\/\\\/allasorias.hu\\\/hirek#listItem\",\"name\":\"Home\"}},{\"@type\":\"ListItem\",\"@id\":\"https:\\\/\\\/allasorias.hu\\\/hirek\\\/a-munkaero-kolcsonzest-ellenorzi-a-nav\\\/#listItem\",\"position\":3,\"name\":\"A munkaer\\u0151 k\\u00f6lcs\\u00f6nz\\u00e9st ellen\\u0151rzi a NAV\",\"previousItem\":{\"@type\":\"ListItem\",\"@id\":\"https:\\\/\\\/allasorias.hu\\\/hirek\\\/temak\\\/gazdasag\\\/#listItem\",\"name\":\"Gazdas\\u00e1g\"}}]},{\"@type\":\"Organization\",\"@id\":\"https:\\\/\\\/allasorias.hu\\\/hirek\\\/#organization\",\"name\":\"AllasOrias.hu | H\\u00edrek-lapszemle\",\"description\":\"\\u00dczleti h\\u00edrek az \\u00e1ll\\u00e1s \\u00e9s a munka vil\\u00e1g\\u00e1b\\u00f3l\",\"url\":\"https:\\\/\\\/allasorias.hu\\\/hirek\\\/\",\"logo\":{\"@type\":\"ImageObject\",\"url\":\"https:\\\/\\\/allasorias.hu\\\/hirek\\\/wp-content\\\/uploads\\\/2022\\\/10\\\/allasorias_site_facebok_logo.png\",\"@id\":\"https:\\\/\\\/allasorias.hu\\\/hirek\\\/a-munkaero-kolcsonzest-ellenorzi-a-nav\\\/#organizationLogo\"},\"image\":{\"@id\":\"https:\\\/\\\/allasorias.hu\\\/hirek\\\/a-munkaero-kolcsonzest-ellenorzi-a-nav\\\/#organizationLogo\"},\"sameAs\":[\"https:\\\/\\\/www.facebook.com\\\/allasorias\",\"https:\\\/\\\/www.linkedin.com\\\/company\\\/allasorias\"]},{\"@type\":\"Person\",\"@id\":\"https:\\\/\\\/allasorias.hu\\\/hirek\\\/author\\\/admin-allasorias\\\/#author\",\"url\":\"https:\\\/\\\/allasorias.hu\\\/hirek\\\/author\\\/admin-allasorias\\\/\",\"name\":\"Juh\\u00e1sz P\\u00e9ter\",\"image\":{\"@type\":\"ImageObject\",\"@id\":\"https:\\\/\\\/allasorias.hu\\\/hirek\\\/a-munkaero-kolcsonzest-ellenorzi-a-nav\\\/#authorImage\",\"url\":\"https:\\\/\\\/secure.gravatar.com\\\/avatar\\\/36e6bcb83148978b992977cb0f54d22feb0cce8a0a849a9410532bb2623ba4c6?s=96&d=mm&r=g\",\"width\":96,\"height\":96,\"caption\":\"Juh\\u00e1sz P\\u00e9ter\"}},{\"@type\":\"WebPage\",\"@id\":\"https:\\\/\\\/allasorias.hu\\\/hirek\\\/a-munkaero-kolcsonzest-ellenorzi-a-nav\\\/#webpage\",\"url\":\"https:\\\/\\\/allasorias.hu\\\/hirek\\\/a-munkaero-kolcsonzest-ellenorzi-a-nav\\\/\",\"name\":\"A munkaer\\u0151 k\\u00f6lcs\\u00f6nz\\u00e9st ellen\\u0151rzi a NAV | AllasOrias.hu | H\\u00edrek-lapszemle\",\"description\":\"Tegnapt\\u00f3l ellen\\u0151rzi az ad\\u00f3hat\\u00f3s\\u00e1g a munker\\u0151k\\u00f6lcs\\u00f6nz\\u00e9st. A NAV megyei \\u00e9s f\\u0151v\\u00e1rosi igazgat\\u00f3s\\u00e1gai 2019. janu\\u00e1r 31-t\\u0151l vizsg\\u00e1lj\\u00e1k a munkaer\\u0151-k\\u00f6lcs\\u00f6nz\\u00e9si tev\\u00e9kenys\\u00e9get folytat\\u00f3 ad\\u00f3z\\u00f3kat. Els\\u0151sorban azon ad\\u00f3z\\u00f3k sz\\u00e1m\\u00edthatnak ellen\\u0151rz\\u00e9sre, akik kor\\u00e1bban megsz\\u0171nt t\\u00e1rsas\\u00e1ggal \\u00e1lltak kapcsolatban az \\u00e1ltaluk foglalkoztatott mag\\u00e1nszem\\u00e9lyek tekintet\\u00e9ben, tov\\u00e1bb\\u00e1 azon ad\\u00f3z\\u00f3k, akik a munkaer\\u0151-k\\u00f6lcs\\u00f6nbead\\u00f3i tev\\u00e9kenys\\u00e9g folytat\\u00e1s\\u00e1hoz sz\\u00fcks\\u00e9ges enged\\u00e9llyel nem rendelkeznek, valamint azok, akik a foglalkoztat\\u00e1ssal kapcsolatos\",\"inLanguage\":\"hu-HU\",\"isPartOf\":{\"@id\":\"https:\\\/\\\/allasorias.hu\\\/hirek\\\/#website\"},\"breadcrumb\":{\"@id\":\"https:\\\/\\\/allasorias.hu\\\/hirek\\\/a-munkaero-kolcsonzest-ellenorzi-a-nav\\\/#breadcrumblist\"},\"author\":{\"@id\":\"https:\\\/\\\/allasorias.hu\\\/hirek\\\/author\\\/admin-allasorias\\\/#author\"},\"creator\":{\"@id\":\"https:\\\/\\\/allasorias.hu\\\/hirek\\\/author\\\/admin-allasorias\\\/#author\"},\"image\":{\"@type\":\"ImageObject\",\"url\":\"https:\\\/\\\/allasorias.hu\\\/hirek\\\/wp-content\\\/uploads\\\/2019\\\/02\\\/nav-1-1024x576.jpg\",\"@id\":\"https:\\\/\\\/allasorias.hu\\\/hirek\\\/a-munkaero-kolcsonzest-ellenorzi-a-nav\\\/#mainImage\",\"width\":1024,\"height\":576},\"primaryImageOfPage\":{\"@id\":\"https:\\\/\\\/allasorias.hu\\\/hirek\\\/a-munkaero-kolcsonzest-ellenorzi-a-nav\\\/#mainImage\"},\"datePublished\":\"2019-02-01T08:05:22+02:00\",\"dateModified\":\"2019-02-04T08:07:51+02:00\"},{\"@type\":\"WebSite\",\"@id\":\"https:\\\/\\\/allasorias.hu\\\/hirek\\\/#website\",\"url\":\"https:\\\/\\\/allasorias.hu\\\/hirek\\\/\",\"name\":\"AllasOrias.hu | H\\u00edrek-lapszemle\",\"description\":\"\\u00dczleti h\\u00edrek az \\u00e1ll\\u00e1s \\u00e9s a munka vil\\u00e1g\\u00e1b\\u00f3l\",\"inLanguage\":\"hu-HU\",\"publisher\":{\"@id\":\"https:\\\/\\\/allasorias.hu\\\/hirek\\\/#organization\"}}]}\n\t\t<\/script>\n\t\t<!-- All in One SEO -->\n\n","aioseo_head_json":{"title":"A munkaer\u0151 k\u00f6lcs\u00f6nz\u00e9st ellen\u0151rzi a NAV | AllasOrias.hu | H\u00edrek-lapszemle","description":"Tegnapt\u00f3l ellen\u0151rzi az ad\u00f3hat\u00f3s\u00e1g a munker\u0151k\u00f6lcs\u00f6nz\u00e9st. A NAV megyei \u00e9s f\u0151v\u00e1rosi igazgat\u00f3s\u00e1gai 2019. janu\u00e1r 31-t\u0151l vizsg\u00e1lj\u00e1k a munkaer\u0151-k\u00f6lcs\u00f6nz\u00e9si tev\u00e9kenys\u00e9get folytat\u00f3 ad\u00f3z\u00f3kat. Els\u0151sorban azon ad\u00f3z\u00f3k sz\u00e1m\u00edthatnak ellen\u0151rz\u00e9sre, akik kor\u00e1bban megsz\u0171nt t\u00e1rsas\u00e1ggal \u00e1lltak kapcsolatban az \u00e1ltaluk foglalkoztatott mag\u00e1nszem\u00e9lyek tekintet\u00e9ben, tov\u00e1bb\u00e1 azon ad\u00f3z\u00f3k, akik a munkaer\u0151-k\u00f6lcs\u00f6nbead\u00f3i tev\u00e9kenys\u00e9g folytat\u00e1s\u00e1hoz sz\u00fcks\u00e9ges enged\u00e9llyel nem rendelkeznek, valamint azok, akik a foglalkoztat\u00e1ssal kapcsolatos","canonical_url":"https:\/\/allasorias.hu\/hirek\/a-munkaero-kolcsonzest-ellenorzi-a-nav\/","robots":"max-image-preview:large","keywords":"","webmasterTools":{"miscellaneous":""},"schema":{"@context":"https:\/\/schema.org","@graph":[{"@type":"Article","@id":"https:\/\/allasorias.hu\/hirek\/a-munkaero-kolcsonzest-ellenorzi-a-nav\/#article","name":"A munkaer\u0151 k\u00f6lcs\u00f6nz\u00e9st ellen\u0151rzi a NAV | AllasOrias.hu | H\u00edrek-lapszemle","headline":"A munkaer\u0151 k\u00f6lcs\u00f6nz\u00e9st ellen\u0151rzi a NAV","author":{"@id":"https:\/\/allasorias.hu\/hirek\/author\/admin-allasorias\/#author"},"publisher":{"@id":"https:\/\/allasorias.hu\/hirek\/#organization"},"image":{"@type":"ImageObject","url":"https:\/\/allasorias.hu\/hirek\/wp-content\/uploads\/2019\/02\/nav-1-1024x576.jpg","width":1024,"height":576},"datePublished":"2019-02-01T08:05:22+02:00","dateModified":"2019-02-04T08:07:51+02:00","inLanguage":"hu-HU","mainEntityOfPage":{"@id":"https:\/\/allasorias.hu\/hirek\/a-munkaero-kolcsonzest-ellenorzi-a-nav\/#webpage"},"isPartOf":{"@id":"https:\/\/allasorias.hu\/hirek\/a-munkaero-kolcsonzest-ellenorzi-a-nav\/#webpage"},"articleSection":"Gazdas\u00e1g"},{"@type":"BreadcrumbList","@id":"https:\/\/allasorias.hu\/hirek\/a-munkaero-kolcsonzest-ellenorzi-a-nav\/#breadcrumblist","itemListElement":[{"@type":"ListItem","@id":"https:\/\/allasorias.hu\/hirek#listItem","position":1,"name":"Home","item":"https:\/\/allasorias.hu\/hirek","nextItem":{"@type":"ListItem","@id":"https:\/\/allasorias.hu\/hirek\/temak\/gazdasag\/#listItem","name":"Gazdas\u00e1g"}},{"@type":"ListItem","@id":"https:\/\/allasorias.hu\/hirek\/temak\/gazdasag\/#listItem","position":2,"name":"Gazdas\u00e1g","item":"https:\/\/allasorias.hu\/hirek\/temak\/gazdasag\/","nextItem":{"@type":"ListItem","@id":"https:\/\/allasorias.hu\/hirek\/a-munkaero-kolcsonzest-ellenorzi-a-nav\/#listItem","name":"A munkaer\u0151 k\u00f6lcs\u00f6nz\u00e9st ellen\u0151rzi a NAV"},"previousItem":{"@type":"ListItem","@id":"https:\/\/allasorias.hu\/hirek#listItem","name":"Home"}},{"@type":"ListItem","@id":"https:\/\/allasorias.hu\/hirek\/a-munkaero-kolcsonzest-ellenorzi-a-nav\/#listItem","position":3,"name":"A munkaer\u0151 k\u00f6lcs\u00f6nz\u00e9st ellen\u0151rzi a NAV","previousItem":{"@type":"ListItem","@id":"https:\/\/allasorias.hu\/hirek\/temak\/gazdasag\/#listItem","name":"Gazdas\u00e1g"}}]},{"@type":"Organization","@id":"https:\/\/allasorias.hu\/hirek\/#organization","name":"AllasOrias.hu | H\u00edrek-lapszemle","description":"\u00dczleti h\u00edrek az \u00e1ll\u00e1s \u00e9s a munka vil\u00e1g\u00e1b\u00f3l","url":"https:\/\/allasorias.hu\/hirek\/","logo":{"@type":"ImageObject","url":"https:\/\/allasorias.hu\/hirek\/wp-content\/uploads\/2022\/10\/allasorias_site_facebok_logo.png","@id":"https:\/\/allasorias.hu\/hirek\/a-munkaero-kolcsonzest-ellenorzi-a-nav\/#organizationLogo"},"image":{"@id":"https:\/\/allasorias.hu\/hirek\/a-munkaero-kolcsonzest-ellenorzi-a-nav\/#organizationLogo"},"sameAs":["https:\/\/www.facebook.com\/allasorias","https:\/\/www.linkedin.com\/company\/allasorias"]},{"@type":"Person","@id":"https:\/\/allasorias.hu\/hirek\/author\/admin-allasorias\/#author","url":"https:\/\/allasorias.hu\/hirek\/author\/admin-allasorias\/","name":"Juh\u00e1sz P\u00e9ter","image":{"@type":"ImageObject","@id":"https:\/\/allasorias.hu\/hirek\/a-munkaero-kolcsonzest-ellenorzi-a-nav\/#authorImage","url":"https:\/\/secure.gravatar.com\/avatar\/36e6bcb83148978b992977cb0f54d22feb0cce8a0a849a9410532bb2623ba4c6?s=96&d=mm&r=g","width":96,"height":96,"caption":"Juh\u00e1sz P\u00e9ter"}},{"@type":"WebPage","@id":"https:\/\/allasorias.hu\/hirek\/a-munkaero-kolcsonzest-ellenorzi-a-nav\/#webpage","url":"https:\/\/allasorias.hu\/hirek\/a-munkaero-kolcsonzest-ellenorzi-a-nav\/","name":"A munkaer\u0151 k\u00f6lcs\u00f6nz\u00e9st ellen\u0151rzi a NAV | AllasOrias.hu | H\u00edrek-lapszemle","description":"Tegnapt\u00f3l ellen\u0151rzi az ad\u00f3hat\u00f3s\u00e1g a munker\u0151k\u00f6lcs\u00f6nz\u00e9st. A NAV megyei \u00e9s f\u0151v\u00e1rosi igazgat\u00f3s\u00e1gai 2019. janu\u00e1r 31-t\u0151l vizsg\u00e1lj\u00e1k a munkaer\u0151-k\u00f6lcs\u00f6nz\u00e9si tev\u00e9kenys\u00e9get folytat\u00f3 ad\u00f3z\u00f3kat. Els\u0151sorban azon ad\u00f3z\u00f3k sz\u00e1m\u00edthatnak ellen\u0151rz\u00e9sre, akik kor\u00e1bban megsz\u0171nt t\u00e1rsas\u00e1ggal \u00e1lltak kapcsolatban az \u00e1ltaluk foglalkoztatott mag\u00e1nszem\u00e9lyek tekintet\u00e9ben, tov\u00e1bb\u00e1 azon ad\u00f3z\u00f3k, akik a munkaer\u0151-k\u00f6lcs\u00f6nbead\u00f3i tev\u00e9kenys\u00e9g folytat\u00e1s\u00e1hoz sz\u00fcks\u00e9ges enged\u00e9llyel nem rendelkeznek, valamint azok, akik a foglalkoztat\u00e1ssal kapcsolatos","inLanguage":"hu-HU","isPartOf":{"@id":"https:\/\/allasorias.hu\/hirek\/#website"},"breadcrumb":{"@id":"https:\/\/allasorias.hu\/hirek\/a-munkaero-kolcsonzest-ellenorzi-a-nav\/#breadcrumblist"},"author":{"@id":"https:\/\/allasorias.hu\/hirek\/author\/admin-allasorias\/#author"},"creator":{"@id":"https:\/\/allasorias.hu\/hirek\/author\/admin-allasorias\/#author"},"image":{"@type":"ImageObject","url":"https:\/\/allasorias.hu\/hirek\/wp-content\/uploads\/2019\/02\/nav-1-1024x576.jpg","@id":"https:\/\/allasorias.hu\/hirek\/a-munkaero-kolcsonzest-ellenorzi-a-nav\/#mainImage","width":1024,"height":576},"primaryImageOfPage":{"@id":"https:\/\/allasorias.hu\/hirek\/a-munkaero-kolcsonzest-ellenorzi-a-nav\/#mainImage"},"datePublished":"2019-02-01T08:05:22+02:00","dateModified":"2019-02-04T08:07:51+02:00"},{"@type":"WebSite","@id":"https:\/\/allasorias.hu\/hirek\/#website","url":"https:\/\/allasorias.hu\/hirek\/","name":"AllasOrias.hu | H\u00edrek-lapszemle","description":"\u00dczleti h\u00edrek az \u00e1ll\u00e1s \u00e9s a munka vil\u00e1g\u00e1b\u00f3l","inLanguage":"hu-HU","publisher":{"@id":"https:\/\/allasorias.hu\/hirek\/#organization"}}]},"og:locale":"hu_HU","og:site_name":"AllasOrias.hu | H\u00edrek-lapszemle | \u00dczleti h\u00edrek az \u00e1ll\u00e1s \u00e9s a munka vil\u00e1g\u00e1b\u00f3l","og:type":"article","og:title":"A munkaer\u0151 k\u00f6lcs\u00f6nz\u00e9st ellen\u0151rzi a NAV | AllasOrias.hu | H\u00edrek-lapszemle","og:description":"Tegnapt\u00f3l ellen\u0151rzi az ad\u00f3hat\u00f3s\u00e1g a munker\u0151k\u00f6lcs\u00f6nz\u00e9st. A NAV megyei \u00e9s f\u0151v\u00e1rosi igazgat\u00f3s\u00e1gai 2019. janu\u00e1r 31-t\u0151l vizsg\u00e1lj\u00e1k a munkaer\u0151-k\u00f6lcs\u00f6nz\u00e9si tev\u00e9kenys\u00e9get folytat\u00f3 ad\u00f3z\u00f3kat. Els\u0151sorban azon ad\u00f3z\u00f3k sz\u00e1m\u00edthatnak ellen\u0151rz\u00e9sre, akik kor\u00e1bban megsz\u0171nt t\u00e1rsas\u00e1ggal \u00e1lltak kapcsolatban az \u00e1ltaluk foglalkoztatott mag\u00e1nszem\u00e9lyek tekintet\u00e9ben, tov\u00e1bb\u00e1 azon ad\u00f3z\u00f3k, akik a munkaer\u0151-k\u00f6lcs\u00f6nbead\u00f3i tev\u00e9kenys\u00e9g folytat\u00e1s\u00e1hoz sz\u00fcks\u00e9ges enged\u00e9llyel nem rendelkeznek, valamint azok, akik a foglalkoztat\u00e1ssal kapcsolatos","og:url":"https:\/\/allasorias.hu\/hirek\/a-munkaero-kolcsonzest-ellenorzi-a-nav\/","og:image":"https:\/\/allasorias.hu\/hirek\/wp-content\/uploads\/2019\/02\/nav-1-1024x576.jpg","og:image:secure_url":"https:\/\/allasorias.hu\/hirek\/wp-content\/uploads\/2019\/02\/nav-1-1024x576.jpg","og:image:width":1024,"og:image:height":576,"article:published_time":"2019-02-01T08:05:22+00:00","article:modified_time":"2019-02-04T08:07:51+00:00","article:publisher":"https:\/\/www.facebook.com\/allasorias","twitter:card":"summary_large_image","twitter:title":"A munkaer\u0151 k\u00f6lcs\u00f6nz\u00e9st ellen\u0151rzi a NAV | AllasOrias.hu | H\u00edrek-lapszemle","twitter:description":"Tegnapt\u00f3l ellen\u0151rzi az ad\u00f3hat\u00f3s\u00e1g a munker\u0151k\u00f6lcs\u00f6nz\u00e9st. A NAV megyei \u00e9s f\u0151v\u00e1rosi igazgat\u00f3s\u00e1gai 2019. janu\u00e1r 31-t\u0151l vizsg\u00e1lj\u00e1k a munkaer\u0151-k\u00f6lcs\u00f6nz\u00e9si tev\u00e9kenys\u00e9get folytat\u00f3 ad\u00f3z\u00f3kat. Els\u0151sorban azon ad\u00f3z\u00f3k sz\u00e1m\u00edthatnak ellen\u0151rz\u00e9sre, akik kor\u00e1bban megsz\u0171nt t\u00e1rsas\u00e1ggal \u00e1lltak kapcsolatban az \u00e1ltaluk foglalkoztatott mag\u00e1nszem\u00e9lyek tekintet\u00e9ben, tov\u00e1bb\u00e1 azon ad\u00f3z\u00f3k, akik a munkaer\u0151-k\u00f6lcs\u00f6nbead\u00f3i tev\u00e9kenys\u00e9g folytat\u00e1s\u00e1hoz sz\u00fcks\u00e9ges enged\u00e9llyel nem rendelkeznek, valamint azok, akik a foglalkoztat\u00e1ssal kapcsolatos","twitter:image":"https:\/\/allasorias.hu\/hirek\/wp-content\/uploads\/2019\/02\/nav-1-1024x576.jpg","twitter:label1":"Written by","twitter:data1":"Juh\u00e1sz P\u00e9ter","twitter:label2":"Est. reading time","twitter:data2":"1 minute"},"aioseo_meta_data":{"post_id":"2504","title":null,"description":null,"keywords":null,"keyphrases":null,"primary_term":null,"canonical_url":null,"og_title":null,"og_description":null,"og_object_type":"default","og_image_type":"default","og_image_url":null,"og_image_width":null,"og_image_height":null,"og_image_custom_url":null,"og_image_custom_fields":null,"og_video":null,"og_custom_url":null,"og_article_section":null,"og_article_tags":null,"twitter_use_og":false,"twitter_card":"default","twitter_image_type":"default","twitter_image_url":null,"twitter_image_custom_url":null,"twitter_image_custom_fields":null,"twitter_title":null,"twitter_description":null,"schema":{"blockGraphs":[],"customGraphs":[],"default":{"data":{"Article":[],"Course":[],"Dataset":[],"FAQPage":[],"Movie":[],"Person":[],"Product":[],"ProductReview":[],"Car":[],"Recipe":[],"Service":[],"SoftwareApplication":[],"WebPage":[]},"graphName":"","isEnabled":true},"graphs":[],"defaultGraph":"","defaultPostTypeGraph":""},"schema_type":null,"schema_type_options":null,"pillar_content":false,"robots_default":true,"robots_noindex":false,"robots_noarchive":false,"robots_nosnippet":false,"robots_nofollow":false,"robots_noimageindex":false,"robots_noodp":false,"robots_notranslate":false,"robots_max_snippet":null,"robots_max_videopreview":null,"robots_max_imagepreview":"large","priority":null,"frequency":null,"location":null,"local_seo":null,"breadcrumb_settings":null,"limit_modified_date":false,"ai":null,"created":"2021-02-01 20:46:57","updated":"2025-10-02 09:56:02","seo_analyzer_scan_date":null,"focus_keyword":null,"additional_keywords":null,"truseo_locale":null},"aioseo_breadcrumb":"<div class=\"aioseo-breadcrumbs\"><span class=\"aioseo-breadcrumb\">\n\t\t\t<a href=\"https:\/\/allasorias.hu\/hirek\" title=\"Home\">Home<\/a>\n\t\t<\/span><span class=\"aioseo-breadcrumb-separator\">&raquo;<\/span><span class=\"aioseo-breadcrumb\">\n\t\t\t<a href=\"https:\/\/allasorias.hu\/hirek\/temak\/gazdasag\/\" title=\"Gazdas\u00e1g\">Gazdas\u00e1g<\/a>\n\t\t<\/span><span class=\"aioseo-breadcrumb-separator\">&raquo;<\/span><span class=\"aioseo-breadcrumb\">\n\t\t\tA munkaer\u0151 k\u00f6lcs\u00f6nz\u00e9st ellen\u0151rzi a NAV\n\t\t<\/span><\/div>","aioseo_breadcrumb_json":[{"label":"Home","link":"https:\/\/allasorias.hu\/hirek"},{"label":"Gazdas\u00e1g","link":"https:\/\/allasorias.hu\/hirek\/temak\/gazdasag\/"},{"label":"A munkaer\u0151 k\u00f6lcs\u00f6nz\u00e9st ellen\u0151rzi a NAV","link":"https:\/\/allasorias.hu\/hirek\/a-munkaero-kolcsonzest-ellenorzi-a-nav\/"}],"_links":{"self":[{"href":"https:\/\/allasorias.hu\/hirek\/wp-json\/wp\/v2\/posts\/2504","targetHints":{"allow":["GET"]}}],"collection":[{"href":"https:\/\/allasorias.hu\/hirek\/wp-json\/wp\/v2\/posts"}],"about":[{"href":"https:\/\/allasorias.hu\/hirek\/wp-json\/wp\/v2\/types\/post"}],"author":[{"embeddable":true,"href":"https:\/\/allasorias.hu\/hirek\/wp-json\/wp\/v2\/users\/1"}],"replies":[{"embeddable":true,"href":"https:\/\/allasorias.hu\/hirek\/wp-json\/wp\/v2\/comments?post=2504"}],"version-history":[{"count":1,"href":"https:\/\/allasorias.hu\/hirek\/wp-json\/wp\/v2\/posts\/2504\/revisions"}],"predecessor-version":[{"id":2506,"href":"https:\/\/allasorias.hu\/hirek\/wp-json\/wp\/v2\/posts\/2504\/revisions\/2506"}],"wp:featuredmedia":[{"embeddable":true,"href":"https:\/\/allasorias.hu\/hirek\/wp-json\/wp\/v2\/media\/2505"}],"wp:attachment":[{"href":"https:\/\/allasorias.hu\/hirek\/wp-json\/wp\/v2\/media?parent=2504"}],"wp:term":[{"taxonomy":"category","embeddable":true,"href":"https:\/\/allasorias.hu\/hirek\/wp-json\/wp\/v2\/categories?post=2504"},{"taxonomy":"post_tag","embeddable":true,"href":"https:\/\/allasorias.hu\/hirek\/wp-json\/wp\/v2\/tags?post=2504"}],"curies":[{"name":"wp","href":"https:\/\/api.w.org\/{rel}","templated":true}]}}