{"id":2495,"date":"2019-01-31T09:25:06","date_gmt":"2019-01-31T09:25:06","guid":{"rendered":"https:\/\/allasorias.hu\/hirek\/?p=2495"},"modified":"2019-01-31T09:25:06","modified_gmt":"2019-01-31T09:25:06","slug":"vege-a-sztrajknak-az-audinal","status":"publish","type":"post","link":"https:\/\/allasorias.hu\/hirek\/vege-a-sztrajknak-az-audinal\/","title":{"rendered":"V\u00e9ge a sztr\u00e1jknak az Audin\u00e1l"},"content":{"rendered":"<p><strong>Megegyez\u00e9s sz\u00fcletett az Audi Hungaria Zrt. \u00e9s az Audi Hung\u00e1ria F\u00fcggetlen Szakszervezet (AHFSZ) k\u00f6z\u00f6tt az idei \u00e9vi b\u00e9rekr\u0151l. A sztr\u00e1jk a szerda esti \u00f3r\u00e1kban befejez\u0151d\u00f6tt, a termel\u00e9s minden gy\u00e1rt\u00f3 ter\u00fcleten elindul. Az AHFSZ a honlapj\u00e1n k\u00f6z\u00f6lte, hogy a v\u00e1llalat 18 sz\u00e1zal\u00e9kkal, de minimum 75 ezer forinttal emeli a dolgoz\u00f3k alapb\u00e9r\u00e9t janu\u00e1r 1-t\u0151l 15 h\u00f3napra, a v\u00e1laszthat\u00f3 b\u00e9ren k\u00edv\u00fcli juttat\u00e1s m\u00e9rt\u00e9k\u00e9t pedig 400 ezer forintra emeli id\u00e9n, \u00e9s ez az \u00e9rt\u00e9k marad 2020-ban is.<\/strong><\/p>\n<p>Az AHFSZ felh\u00edv\u00e1s\u00e1ra a gy\u0151ri Audi-gy\u00e1r dolgoz\u00f3i m\u00falt h\u00e9t cs\u00fct\u00f6rt\u00f6k\u00f6n l\u00e9ptek sztr\u00e1jkba. A szakszervezet legf\u0151bb k\u00f6vetel\u00e9se 18 sz\u00e1zal\u00e9kos b\u00e9remel\u00e9s az idei \u00e9vre, illetve a t\u00f6bbi k\u00f6z\u00e9p- \u00e9s kelet-eur\u00f3pai \u00fczemhez hasonl\u00f3 b\u00e9rez\u00e9st k\u00f6veteltek. Az Audi vezet\u00e9se k\u00e9t \u00e9v alatt h\u00fasz sz\u00e1zal\u00e9kos b\u00e9remel\u00e9st javasolt.<\/p>\n<p>Forr\u00e1s:\u00a0 Audi Hung\u00e1ria F\u00fcggetlen Szakszervezet<\/p>\n","protected":false},"excerpt":{"rendered":"<p>Megegyez\u00e9s sz\u00fcletett az Audi Hungaria Zrt. \u00e9s az Audi Hung\u00e1ria F\u00fcggetlen Szakszervezet (AHFSZ) k\u00f6z\u00f6tt az idei \u00e9vi b\u00e9rekr\u0151l. A sztr\u00e1jk a szerda esti \u00f3r\u00e1kban befejez\u0151d\u00f6tt, a termel\u00e9s minden gy\u00e1rt\u00f3 ter\u00fcleten elindul. Az AHFSZ a honlapj\u00e1n k\u00f6z\u00f6lte, hogy a v\u00e1llalat 18 sz\u00e1zal\u00e9kkal, de minimum 75 ezer forinttal emeli a dolgoz\u00f3k alapb\u00e9r\u00e9t janu\u00e1r 1-t\u0151l 15 h\u00f3napra, a [&hellip;]<\/p>\n","protected":false},"author":1,"featured_media":2496,"comment_status":"open","ping_status":"open","sticky":false,"template":"","format":"standard","meta":{"_monsterinsights_skip_tracking":false,"footnotes":""},"categories":[198,200],"tags":[],"class_list":["post-2495","post","type-post","status-publish","format-standard","has-post-thumbnail","hentry","category-gazdasag","category-munkaeropiac"],"aioseo_notices":[],"aioseo_head":"\n\t\t<!-- All in One SEO 5.0.0.1 - aioseo.com -->\n\t<meta name=\"description\" content=\"Megegyez\u00e9s sz\u00fcletett az Audi Hungaria Zrt. \u00e9s az Audi Hung\u00e1ria F\u00fcggetlen Szakszervezet (AHFSZ) k\u00f6z\u00f6tt az idei \u00e9vi b\u00e9rekr\u0151l. A sztr\u00e1jk a szerda esti \u00f3r\u00e1kban befejez\u0151d\u00f6tt, a termel\u00e9s minden gy\u00e1rt\u00f3 ter\u00fcleten elindul. Az AHFSZ a honlapj\u00e1n k\u00f6z\u00f6lte, hogy a v\u00e1llalat 18 sz\u00e1zal\u00e9kkal, de minimum 75 ezer forinttal emeli a dolgoz\u00f3k alapb\u00e9r\u00e9t janu\u00e1r 1-t\u0151l 15 h\u00f3napra, a\" \/>\n\t<meta name=\"robots\" content=\"max-image-preview:large\" \/>\n\t<meta name=\"author\" content=\"Juh\u00e1sz P\u00e9ter\"\/>\n\t<link rel=\"canonical\" href=\"https:\/\/allasorias.hu\/hirek\/vege-a-sztrajknak-az-audinal\/\" \/>\n\t<meta name=\"generator\" content=\"All in One SEO (AIOSEO) 5.0.0.1\" \/>\n\t\t<meta property=\"og:locale\" content=\"hu_HU\" \/>\n\t\t<meta property=\"og:site_name\" content=\"AllasOrias.hu | H\u00edrek-lapszemle | \u00dczleti h\u00edrek az \u00e1ll\u00e1s \u00e9s a munka vil\u00e1g\u00e1b\u00f3l\" \/>\n\t\t<meta property=\"og:type\" content=\"article\" \/>\n\t\t<meta property=\"og:title\" content=\"V\u00e9ge a sztr\u00e1jknak az Audin\u00e1l | AllasOrias.hu | H\u00edrek-lapszemle\" \/>\n\t\t<meta property=\"og:description\" content=\"Megegyez\u00e9s sz\u00fcletett az Audi Hungaria Zrt. \u00e9s az Audi Hung\u00e1ria F\u00fcggetlen Szakszervezet (AHFSZ) k\u00f6z\u00f6tt az idei \u00e9vi b\u00e9rekr\u0151l. A sztr\u00e1jk a szerda esti \u00f3r\u00e1kban befejez\u0151d\u00f6tt, a termel\u00e9s minden gy\u00e1rt\u00f3 ter\u00fcleten elindul. Az AHFSZ a honlapj\u00e1n k\u00f6z\u00f6lte, hogy a v\u00e1llalat 18 sz\u00e1zal\u00e9kkal, de minimum 75 ezer forinttal emeli a dolgoz\u00f3k alapb\u00e9r\u00e9t janu\u00e1r 1-t\u0151l 15 h\u00f3napra, a\" \/>\n\t\t<meta property=\"og:url\" content=\"https:\/\/allasorias.hu\/hirek\/vege-a-sztrajknak-az-audinal\/\" \/>\n\t\t<meta property=\"og:image\" content=\"https:\/\/allasorias.hu\/hirek\/wp-content\/uploads\/2019\/01\/audi-q7-suv-white-159181.jpeg\" \/>\n\t\t<meta property=\"og:image:secure_url\" content=\"https:\/\/allasorias.hu\/hirek\/wp-content\/uploads\/2019\/01\/audi-q7-suv-white-159181.jpeg\" \/>\n\t\t<meta property=\"og:image:width\" content=\"640\" \/>\n\t\t<meta property=\"og:image:height\" content=\"426\" \/>\n\t\t<meta property=\"article:published_time\" content=\"2019-01-31T09:25:06+00:00\" \/>\n\t\t<meta property=\"article:modified_time\" content=\"2019-01-31T09:25:06+00:00\" \/>\n\t\t<meta property=\"article:publisher\" content=\"https:\/\/www.facebook.com\/allasorias\" \/>\n\t\t<meta name=\"twitter:card\" content=\"summary_large_image\" \/>\n\t\t<meta name=\"twitter:title\" content=\"V\u00e9ge a sztr\u00e1jknak az Audin\u00e1l | AllasOrias.hu | H\u00edrek-lapszemle\" \/>\n\t\t<meta name=\"twitter:description\" content=\"Megegyez\u00e9s sz\u00fcletett az Audi Hungaria Zrt. \u00e9s az Audi Hung\u00e1ria F\u00fcggetlen Szakszervezet (AHFSZ) k\u00f6z\u00f6tt az idei \u00e9vi b\u00e9rekr\u0151l. A sztr\u00e1jk a szerda esti \u00f3r\u00e1kban befejez\u0151d\u00f6tt, a termel\u00e9s minden gy\u00e1rt\u00f3 ter\u00fcleten elindul. Az AHFSZ a honlapj\u00e1n k\u00f6z\u00f6lte, hogy a v\u00e1llalat 18 sz\u00e1zal\u00e9kkal, de minimum 75 ezer forinttal emeli a dolgoz\u00f3k alapb\u00e9r\u00e9t janu\u00e1r 1-t\u0151l 15 h\u00f3napra, a\" \/>\n\t\t<meta name=\"twitter:image\" content=\"https:\/\/allasorias.hu\/hirek\/wp-content\/uploads\/2019\/01\/audi-q7-suv-white-159181.jpeg\" \/>\n\t\t<meta name=\"twitter:label1\" content=\"Written by\" \/>\n\t\t<meta name=\"twitter:data1\" content=\"Juh\u00e1sz P\u00e9ter\" \/>\n\t\t<meta name=\"twitter:label2\" content=\"Est. reading time\" \/>\n\t\t<meta name=\"twitter:data2\" content=\"1 minute\" \/>\n\t\t<script type=\"application\/ld+json\" class=\"aioseo-schema\">\n\t\t\t{\"@context\":\"https:\\\/\\\/schema.org\",\"@graph\":[{\"@type\":\"Article\",\"@id\":\"https:\\\/\\\/allasorias.hu\\\/hirek\\\/vege-a-sztrajknak-az-audinal\\\/#article\",\"name\":\"V\\u00e9ge a sztr\\u00e1jknak az Audin\\u00e1l | AllasOrias.hu | H\\u00edrek-lapszemle\",\"headline\":\"V\\u00e9ge a sztr\\u00e1jknak az Audin\\u00e1l\",\"author\":{\"@id\":\"https:\\\/\\\/allasorias.hu\\\/hirek\\\/author\\\/admin-allasorias\\\/#author\"},\"publisher\":{\"@id\":\"https:\\\/\\\/allasorias.hu\\\/hirek\\\/#organization\"},\"image\":{\"@type\":\"ImageObject\",\"url\":\"https:\\\/\\\/allasorias.hu\\\/hirek\\\/wp-content\\\/uploads\\\/2019\\\/01\\\/audi-q7-suv-white-159181.jpeg\",\"width\":640,\"height\":426},\"datePublished\":\"2019-01-31T09:25:06+02:00\",\"dateModified\":\"2019-01-31T09:25:06+02:00\",\"inLanguage\":\"hu-HU\",\"mainEntityOfPage\":{\"@id\":\"https:\\\/\\\/allasorias.hu\\\/hirek\\\/vege-a-sztrajknak-az-audinal\\\/#webpage\"},\"isPartOf\":{\"@id\":\"https:\\\/\\\/allasorias.hu\\\/hirek\\\/vege-a-sztrajknak-az-audinal\\\/#webpage\"},\"articleSection\":\"Gazdas\\u00e1g, Munkaer\\u0151piac\"},{\"@type\":\"BreadcrumbList\",\"@id\":\"https:\\\/\\\/allasorias.hu\\\/hirek\\\/vege-a-sztrajknak-az-audinal\\\/#breadcrumblist\",\"itemListElement\":[{\"@type\":\"ListItem\",\"@id\":\"https:\\\/\\\/allasorias.hu\\\/hirek#listItem\",\"position\":1,\"name\":\"Home\",\"item\":\"https:\\\/\\\/allasorias.hu\\\/hirek\",\"nextItem\":{\"@type\":\"ListItem\",\"@id\":\"https:\\\/\\\/allasorias.hu\\\/hirek\\\/temak\\\/gazdasag\\\/#listItem\",\"name\":\"Gazdas\\u00e1g\"}},{\"@type\":\"ListItem\",\"@id\":\"https:\\\/\\\/allasorias.hu\\\/hirek\\\/temak\\\/gazdasag\\\/#listItem\",\"position\":2,\"name\":\"Gazdas\\u00e1g\",\"item\":\"https:\\\/\\\/allasorias.hu\\\/hirek\\\/temak\\\/gazdasag\\\/\",\"nextItem\":{\"@type\":\"ListItem\",\"@id\":\"https:\\\/\\\/allasorias.hu\\\/hirek\\\/vege-a-sztrajknak-az-audinal\\\/#listItem\",\"name\":\"V\\u00e9ge a sztr\\u00e1jknak az Audin\\u00e1l\"},\"previousItem\":{\"@type\":\"ListItem\",\"@id\":\"https:\\\/\\\/allasorias.hu\\\/hirek#listItem\",\"name\":\"Home\"}},{\"@type\":\"ListItem\",\"@id\":\"https:\\\/\\\/allasorias.hu\\\/hirek\\\/vege-a-sztrajknak-az-audinal\\\/#listItem\",\"position\":3,\"name\":\"V\\u00e9ge a sztr\\u00e1jknak az Audin\\u00e1l\",\"previousItem\":{\"@type\":\"ListItem\",\"@id\":\"https:\\\/\\\/allasorias.hu\\\/hirek\\\/temak\\\/gazdasag\\\/#listItem\",\"name\":\"Gazdas\\u00e1g\"}}]},{\"@type\":\"Organization\",\"@id\":\"https:\\\/\\\/allasorias.hu\\\/hirek\\\/#organization\",\"name\":\"AllasOrias.hu | H\\u00edrek-lapszemle\",\"description\":\"\\u00dczleti h\\u00edrek az \\u00e1ll\\u00e1s \\u00e9s a munka vil\\u00e1g\\u00e1b\\u00f3l\",\"url\":\"https:\\\/\\\/allasorias.hu\\\/hirek\\\/\",\"logo\":{\"@type\":\"ImageObject\",\"url\":\"https:\\\/\\\/allasorias.hu\\\/hirek\\\/wp-content\\\/uploads\\\/2022\\\/10\\\/allasorias_site_facebok_logo.png\",\"@id\":\"https:\\\/\\\/allasorias.hu\\\/hirek\\\/vege-a-sztrajknak-az-audinal\\\/#organizationLogo\"},\"image\":{\"@id\":\"https:\\\/\\\/allasorias.hu\\\/hirek\\\/vege-a-sztrajknak-az-audinal\\\/#organizationLogo\"},\"sameAs\":[\"https:\\\/\\\/www.facebook.com\\\/allasorias\",\"https:\\\/\\\/www.linkedin.com\\\/company\\\/allasorias\"]},{\"@type\":\"Person\",\"@id\":\"https:\\\/\\\/allasorias.hu\\\/hirek\\\/author\\\/admin-allasorias\\\/#author\",\"url\":\"https:\\\/\\\/allasorias.hu\\\/hirek\\\/author\\\/admin-allasorias\\\/\",\"name\":\"Juh\\u00e1sz P\\u00e9ter\",\"image\":{\"@type\":\"ImageObject\",\"@id\":\"https:\\\/\\\/allasorias.hu\\\/hirek\\\/vege-a-sztrajknak-az-audinal\\\/#authorImage\",\"url\":\"https:\\\/\\\/secure.gravatar.com\\\/avatar\\\/36e6bcb83148978b992977cb0f54d22feb0cce8a0a849a9410532bb2623ba4c6?s=96&d=mm&r=g\",\"width\":96,\"height\":96,\"caption\":\"Juh\\u00e1sz P\\u00e9ter\"}},{\"@type\":\"WebPage\",\"@id\":\"https:\\\/\\\/allasorias.hu\\\/hirek\\\/vege-a-sztrajknak-az-audinal\\\/#webpage\",\"url\":\"https:\\\/\\\/allasorias.hu\\\/hirek\\\/vege-a-sztrajknak-az-audinal\\\/\",\"name\":\"V\\u00e9ge a sztr\\u00e1jknak az Audin\\u00e1l | AllasOrias.hu | H\\u00edrek-lapszemle\",\"description\":\"Megegyez\\u00e9s sz\\u00fcletett az Audi Hungaria Zrt. \\u00e9s az Audi Hung\\u00e1ria F\\u00fcggetlen Szakszervezet (AHFSZ) k\\u00f6z\\u00f6tt az idei \\u00e9vi b\\u00e9rekr\\u0151l. A sztr\\u00e1jk a szerda esti \\u00f3r\\u00e1kban befejez\\u0151d\\u00f6tt, a termel\\u00e9s minden gy\\u00e1rt\\u00f3 ter\\u00fcleten elindul. Az AHFSZ a honlapj\\u00e1n k\\u00f6z\\u00f6lte, hogy a v\\u00e1llalat 18 sz\\u00e1zal\\u00e9kkal, de minimum 75 ezer forinttal emeli a dolgoz\\u00f3k alapb\\u00e9r\\u00e9t janu\\u00e1r 1-t\\u0151l 15 h\\u00f3napra, a\",\"inLanguage\":\"hu-HU\",\"isPartOf\":{\"@id\":\"https:\\\/\\\/allasorias.hu\\\/hirek\\\/#website\"},\"breadcrumb\":{\"@id\":\"https:\\\/\\\/allasorias.hu\\\/hirek\\\/vege-a-sztrajknak-az-audinal\\\/#breadcrumblist\"},\"author\":{\"@id\":\"https:\\\/\\\/allasorias.hu\\\/hirek\\\/author\\\/admin-allasorias\\\/#author\"},\"creator\":{\"@id\":\"https:\\\/\\\/allasorias.hu\\\/hirek\\\/author\\\/admin-allasorias\\\/#author\"},\"image\":{\"@type\":\"ImageObject\",\"url\":\"https:\\\/\\\/allasorias.hu\\\/hirek\\\/wp-content\\\/uploads\\\/2019\\\/01\\\/audi-q7-suv-white-159181.jpeg\",\"@id\":\"https:\\\/\\\/allasorias.hu\\\/hirek\\\/vege-a-sztrajknak-az-audinal\\\/#mainImage\",\"width\":640,\"height\":426},\"primaryImageOfPage\":{\"@id\":\"https:\\\/\\\/allasorias.hu\\\/hirek\\\/vege-a-sztrajknak-az-audinal\\\/#mainImage\"},\"datePublished\":\"2019-01-31T09:25:06+02:00\",\"dateModified\":\"2019-01-31T09:25:06+02:00\"},{\"@type\":\"WebSite\",\"@id\":\"https:\\\/\\\/allasorias.hu\\\/hirek\\\/#website\",\"url\":\"https:\\\/\\\/allasorias.hu\\\/hirek\\\/\",\"name\":\"AllasOrias.hu | H\\u00edrek-lapszemle\",\"description\":\"\\u00dczleti h\\u00edrek az \\u00e1ll\\u00e1s \\u00e9s a munka vil\\u00e1g\\u00e1b\\u00f3l\",\"inLanguage\":\"hu-HU\",\"publisher\":{\"@id\":\"https:\\\/\\\/allasorias.hu\\\/hirek\\\/#organization\"}}]}\n\t\t<\/script>\n\t\t<!-- All in One SEO -->\n\n","aioseo_head_json":{"title":"V\u00e9ge a sztr\u00e1jknak az Audin\u00e1l | AllasOrias.hu | H\u00edrek-lapszemle","description":"Megegyez\u00e9s sz\u00fcletett az Audi Hungaria Zrt. \u00e9s az Audi Hung\u00e1ria F\u00fcggetlen Szakszervezet (AHFSZ) k\u00f6z\u00f6tt az idei \u00e9vi b\u00e9rekr\u0151l. A sztr\u00e1jk a szerda esti \u00f3r\u00e1kban befejez\u0151d\u00f6tt, a termel\u00e9s minden gy\u00e1rt\u00f3 ter\u00fcleten elindul. Az AHFSZ a honlapj\u00e1n k\u00f6z\u00f6lte, hogy a v\u00e1llalat 18 sz\u00e1zal\u00e9kkal, de minimum 75 ezer forinttal emeli a dolgoz\u00f3k alapb\u00e9r\u00e9t janu\u00e1r 1-t\u0151l 15 h\u00f3napra, a","canonical_url":"https:\/\/allasorias.hu\/hirek\/vege-a-sztrajknak-az-audinal\/","robots":"max-image-preview:large","keywords":"","webmasterTools":{"miscellaneous":""},"schema":{"@context":"https:\/\/schema.org","@graph":[{"@type":"Article","@id":"https:\/\/allasorias.hu\/hirek\/vege-a-sztrajknak-az-audinal\/#article","name":"V\u00e9ge a sztr\u00e1jknak az Audin\u00e1l | AllasOrias.hu | H\u00edrek-lapszemle","headline":"V\u00e9ge a sztr\u00e1jknak az Audin\u00e1l","author":{"@id":"https:\/\/allasorias.hu\/hirek\/author\/admin-allasorias\/#author"},"publisher":{"@id":"https:\/\/allasorias.hu\/hirek\/#organization"},"image":{"@type":"ImageObject","url":"https:\/\/allasorias.hu\/hirek\/wp-content\/uploads\/2019\/01\/audi-q7-suv-white-159181.jpeg","width":640,"height":426},"datePublished":"2019-01-31T09:25:06+02:00","dateModified":"2019-01-31T09:25:06+02:00","inLanguage":"hu-HU","mainEntityOfPage":{"@id":"https:\/\/allasorias.hu\/hirek\/vege-a-sztrajknak-az-audinal\/#webpage"},"isPartOf":{"@id":"https:\/\/allasorias.hu\/hirek\/vege-a-sztrajknak-az-audinal\/#webpage"},"articleSection":"Gazdas\u00e1g, Munkaer\u0151piac"},{"@type":"BreadcrumbList","@id":"https:\/\/allasorias.hu\/hirek\/vege-a-sztrajknak-az-audinal\/#breadcrumblist","itemListElement":[{"@type":"ListItem","@id":"https:\/\/allasorias.hu\/hirek#listItem","position":1,"name":"Home","item":"https:\/\/allasorias.hu\/hirek","nextItem":{"@type":"ListItem","@id":"https:\/\/allasorias.hu\/hirek\/temak\/gazdasag\/#listItem","name":"Gazdas\u00e1g"}},{"@type":"ListItem","@id":"https:\/\/allasorias.hu\/hirek\/temak\/gazdasag\/#listItem","position":2,"name":"Gazdas\u00e1g","item":"https:\/\/allasorias.hu\/hirek\/temak\/gazdasag\/","nextItem":{"@type":"ListItem","@id":"https:\/\/allasorias.hu\/hirek\/vege-a-sztrajknak-az-audinal\/#listItem","name":"V\u00e9ge a sztr\u00e1jknak az Audin\u00e1l"},"previousItem":{"@type":"ListItem","@id":"https:\/\/allasorias.hu\/hirek#listItem","name":"Home"}},{"@type":"ListItem","@id":"https:\/\/allasorias.hu\/hirek\/vege-a-sztrajknak-az-audinal\/#listItem","position":3,"name":"V\u00e9ge a sztr\u00e1jknak az Audin\u00e1l","previousItem":{"@type":"ListItem","@id":"https:\/\/allasorias.hu\/hirek\/temak\/gazdasag\/#listItem","name":"Gazdas\u00e1g"}}]},{"@type":"Organization","@id":"https:\/\/allasorias.hu\/hirek\/#organization","name":"AllasOrias.hu | H\u00edrek-lapszemle","description":"\u00dczleti h\u00edrek az \u00e1ll\u00e1s \u00e9s a munka vil\u00e1g\u00e1b\u00f3l","url":"https:\/\/allasorias.hu\/hirek\/","logo":{"@type":"ImageObject","url":"https:\/\/allasorias.hu\/hirek\/wp-content\/uploads\/2022\/10\/allasorias_site_facebok_logo.png","@id":"https:\/\/allasorias.hu\/hirek\/vege-a-sztrajknak-az-audinal\/#organizationLogo"},"image":{"@id":"https:\/\/allasorias.hu\/hirek\/vege-a-sztrajknak-az-audinal\/#organizationLogo"},"sameAs":["https:\/\/www.facebook.com\/allasorias","https:\/\/www.linkedin.com\/company\/allasorias"]},{"@type":"Person","@id":"https:\/\/allasorias.hu\/hirek\/author\/admin-allasorias\/#author","url":"https:\/\/allasorias.hu\/hirek\/author\/admin-allasorias\/","name":"Juh\u00e1sz P\u00e9ter","image":{"@type":"ImageObject","@id":"https:\/\/allasorias.hu\/hirek\/vege-a-sztrajknak-az-audinal\/#authorImage","url":"https:\/\/secure.gravatar.com\/avatar\/36e6bcb83148978b992977cb0f54d22feb0cce8a0a849a9410532bb2623ba4c6?s=96&d=mm&r=g","width":96,"height":96,"caption":"Juh\u00e1sz P\u00e9ter"}},{"@type":"WebPage","@id":"https:\/\/allasorias.hu\/hirek\/vege-a-sztrajknak-az-audinal\/#webpage","url":"https:\/\/allasorias.hu\/hirek\/vege-a-sztrajknak-az-audinal\/","name":"V\u00e9ge a sztr\u00e1jknak az Audin\u00e1l | AllasOrias.hu | H\u00edrek-lapszemle","description":"Megegyez\u00e9s sz\u00fcletett az Audi Hungaria Zrt. \u00e9s az Audi Hung\u00e1ria F\u00fcggetlen Szakszervezet (AHFSZ) k\u00f6z\u00f6tt az idei \u00e9vi b\u00e9rekr\u0151l. A sztr\u00e1jk a szerda esti \u00f3r\u00e1kban befejez\u0151d\u00f6tt, a termel\u00e9s minden gy\u00e1rt\u00f3 ter\u00fcleten elindul. Az AHFSZ a honlapj\u00e1n k\u00f6z\u00f6lte, hogy a v\u00e1llalat 18 sz\u00e1zal\u00e9kkal, de minimum 75 ezer forinttal emeli a dolgoz\u00f3k alapb\u00e9r\u00e9t janu\u00e1r 1-t\u0151l 15 h\u00f3napra, a","inLanguage":"hu-HU","isPartOf":{"@id":"https:\/\/allasorias.hu\/hirek\/#website"},"breadcrumb":{"@id":"https:\/\/allasorias.hu\/hirek\/vege-a-sztrajknak-az-audinal\/#breadcrumblist"},"author":{"@id":"https:\/\/allasorias.hu\/hirek\/author\/admin-allasorias\/#author"},"creator":{"@id":"https:\/\/allasorias.hu\/hirek\/author\/admin-allasorias\/#author"},"image":{"@type":"ImageObject","url":"https:\/\/allasorias.hu\/hirek\/wp-content\/uploads\/2019\/01\/audi-q7-suv-white-159181.jpeg","@id":"https:\/\/allasorias.hu\/hirek\/vege-a-sztrajknak-az-audinal\/#mainImage","width":640,"height":426},"primaryImageOfPage":{"@id":"https:\/\/allasorias.hu\/hirek\/vege-a-sztrajknak-az-audinal\/#mainImage"},"datePublished":"2019-01-31T09:25:06+02:00","dateModified":"2019-01-31T09:25:06+02:00"},{"@type":"WebSite","@id":"https:\/\/allasorias.hu\/hirek\/#website","url":"https:\/\/allasorias.hu\/hirek\/","name":"AllasOrias.hu | H\u00edrek-lapszemle","description":"\u00dczleti h\u00edrek az \u00e1ll\u00e1s \u00e9s a munka vil\u00e1g\u00e1b\u00f3l","inLanguage":"hu-HU","publisher":{"@id":"https:\/\/allasorias.hu\/hirek\/#organization"}}]},"og:locale":"hu_HU","og:site_name":"AllasOrias.hu | H\u00edrek-lapszemle | \u00dczleti h\u00edrek az \u00e1ll\u00e1s \u00e9s a munka vil\u00e1g\u00e1b\u00f3l","og:type":"article","og:title":"V\u00e9ge a sztr\u00e1jknak az Audin\u00e1l | AllasOrias.hu | H\u00edrek-lapszemle","og:description":"Megegyez\u00e9s sz\u00fcletett az Audi Hungaria Zrt. \u00e9s az Audi Hung\u00e1ria F\u00fcggetlen Szakszervezet (AHFSZ) k\u00f6z\u00f6tt az idei \u00e9vi b\u00e9rekr\u0151l. A sztr\u00e1jk a szerda esti \u00f3r\u00e1kban befejez\u0151d\u00f6tt, a termel\u00e9s minden gy\u00e1rt\u00f3 ter\u00fcleten elindul. Az AHFSZ a honlapj\u00e1n k\u00f6z\u00f6lte, hogy a v\u00e1llalat 18 sz\u00e1zal\u00e9kkal, de minimum 75 ezer forinttal emeli a dolgoz\u00f3k alapb\u00e9r\u00e9t janu\u00e1r 1-t\u0151l 15 h\u00f3napra, a","og:url":"https:\/\/allasorias.hu\/hirek\/vege-a-sztrajknak-az-audinal\/","og:image":"https:\/\/allasorias.hu\/hirek\/wp-content\/uploads\/2019\/01\/audi-q7-suv-white-159181.jpeg","og:image:secure_url":"https:\/\/allasorias.hu\/hirek\/wp-content\/uploads\/2019\/01\/audi-q7-suv-white-159181.jpeg","og:image:width":640,"og:image:height":426,"article:published_time":"2019-01-31T09:25:06+00:00","article:modified_time":"2019-01-31T09:25:06+00:00","article:publisher":"https:\/\/www.facebook.com\/allasorias","twitter:card":"summary_large_image","twitter:title":"V\u00e9ge a sztr\u00e1jknak az Audin\u00e1l | AllasOrias.hu | H\u00edrek-lapszemle","twitter:description":"Megegyez\u00e9s sz\u00fcletett az Audi Hungaria Zrt. \u00e9s az Audi Hung\u00e1ria F\u00fcggetlen Szakszervezet (AHFSZ) k\u00f6z\u00f6tt az idei \u00e9vi b\u00e9rekr\u0151l. A sztr\u00e1jk a szerda esti \u00f3r\u00e1kban befejez\u0151d\u00f6tt, a termel\u00e9s minden gy\u00e1rt\u00f3 ter\u00fcleten elindul. Az AHFSZ a honlapj\u00e1n k\u00f6z\u00f6lte, hogy a v\u00e1llalat 18 sz\u00e1zal\u00e9kkal, de minimum 75 ezer forinttal emeli a dolgoz\u00f3k alapb\u00e9r\u00e9t janu\u00e1r 1-t\u0151l 15 h\u00f3napra, a","twitter:image":"https:\/\/allasorias.hu\/hirek\/wp-content\/uploads\/2019\/01\/audi-q7-suv-white-159181.jpeg","twitter:label1":"Written by","twitter:data1":"Juh\u00e1sz P\u00e9ter","twitter:label2":"Est. reading time","twitter:data2":"1 minute"},"aioseo_meta_data":{"post_id":"2495","title":null,"description":null,"keywords":null,"keyphrases":null,"primary_term":null,"canonical_url":null,"og_title":null,"og_description":null,"og_object_type":"default","og_image_type":"default","og_image_url":null,"og_image_width":null,"og_image_height":null,"og_image_custom_url":null,"og_image_custom_fields":null,"og_video":null,"og_custom_url":null,"og_article_section":null,"og_article_tags":null,"twitter_use_og":false,"twitter_card":"default","twitter_image_type":"default","twitter_image_url":null,"twitter_image_custom_url":null,"twitter_image_custom_fields":null,"twitter_title":null,"twitter_description":null,"schema":{"blockGraphs":[],"customGraphs":[],"default":{"data":{"Article":[],"Course":[],"Dataset":[],"FAQPage":[],"Movie":[],"Person":[],"Product":[],"ProductReview":[],"Car":[],"Recipe":[],"Service":[],"SoftwareApplication":[],"WebPage":[]},"graphName":"","isEnabled":true},"graphs":[]},"schema_type":null,"schema_type_options":null,"pillar_content":false,"robots_default":true,"robots_noindex":false,"robots_noarchive":false,"robots_nosnippet":false,"robots_nofollow":false,"robots_noimageindex":false,"robots_noodp":false,"robots_notranslate":false,"robots_max_snippet":null,"robots_max_videopreview":null,"robots_max_imagepreview":"large","priority":null,"frequency":null,"location":null,"local_seo":null,"breadcrumb_settings":null,"limit_modified_date":false,"ai":null,"created":"2021-02-01 20:46:57","updated":"2025-10-02 09:56:02","seo_analyzer_scan_date":null,"focus_keyword":null,"additional_keywords":null,"truseo_locale":null},"aioseo_breadcrumb":"<div class=\"aioseo-breadcrumbs\"><span class=\"aioseo-breadcrumb\">\n\t\t\t<a href=\"https:\/\/allasorias.hu\/hirek\" title=\"Home\">Home<\/a>\n\t\t<\/span><span class=\"aioseo-breadcrumb-separator\">&raquo;<\/span><span class=\"aioseo-breadcrumb\">\n\t\t\t<a href=\"https:\/\/allasorias.hu\/hirek\/temak\/gazdasag\/\" title=\"Gazdas\u00e1g\">Gazdas\u00e1g<\/a>\n\t\t<\/span><span class=\"aioseo-breadcrumb-separator\">&raquo;<\/span><span class=\"aioseo-breadcrumb\">\n\t\t\tV\u00e9ge a sztr\u00e1jknak az Audin\u00e1l\n\t\t<\/span><\/div>","aioseo_breadcrumb_json":[{"label":"Home","link":"https:\/\/allasorias.hu\/hirek"},{"label":"Gazdas\u00e1g","link":"https:\/\/allasorias.hu\/hirek\/temak\/gazdasag\/"},{"label":"V\u00e9ge a sztr\u00e1jknak az Audin\u00e1l","link":"https:\/\/allasorias.hu\/hirek\/vege-a-sztrajknak-az-audinal\/"}],"_links":{"self":[{"href":"https:\/\/allasorias.hu\/hirek\/wp-json\/wp\/v2\/posts\/2495","targetHints":{"allow":["GET"]}}],"collection":[{"href":"https:\/\/allasorias.hu\/hirek\/wp-json\/wp\/v2\/posts"}],"about":[{"href":"https:\/\/allasorias.hu\/hirek\/wp-json\/wp\/v2\/types\/post"}],"author":[{"embeddable":true,"href":"https:\/\/allasorias.hu\/hirek\/wp-json\/wp\/v2\/users\/1"}],"replies":[{"embeddable":true,"href":"https:\/\/allasorias.hu\/hirek\/wp-json\/wp\/v2\/comments?post=2495"}],"version-history":[{"count":1,"href":"https:\/\/allasorias.hu\/hirek\/wp-json\/wp\/v2\/posts\/2495\/revisions"}],"predecessor-version":[{"id":2497,"href":"https:\/\/allasorias.hu\/hirek\/wp-json\/wp\/v2\/posts\/2495\/revisions\/2497"}],"wp:featuredmedia":[{"embeddable":true,"href":"https:\/\/allasorias.hu\/hirek\/wp-json\/wp\/v2\/media\/2496"}],"wp:attachment":[{"href":"https:\/\/allasorias.hu\/hirek\/wp-json\/wp\/v2\/media?parent=2495"}],"wp:term":[{"taxonomy":"category","embeddable":true,"href":"https:\/\/allasorias.hu\/hirek\/wp-json\/wp\/v2\/categories?post=2495"},{"taxonomy":"post_tag","embeddable":true,"href":"https:\/\/allasorias.hu\/hirek\/wp-json\/wp\/v2\/tags?post=2495"}],"curies":[{"name":"wp","href":"https:\/\/api.w.org\/{rel}","templated":true}]}}