{"id":2492,"date":"2019-01-31T09:17:48","date_gmt":"2019-01-31T09:17:48","guid":{"rendered":"https:\/\/allasorias.hu\/hirek\/?p=2492"},"modified":"2019-01-31T09:17:48","modified_gmt":"2019-01-31T09:17:48","slug":"fellenduloben-a-magyar-munkaeropiac","status":"publish","type":"post","link":"https:\/\/allasorias.hu\/hirek\/fellenduloben-a-magyar-munkaeropiac\/","title":{"rendered":"Fellend\u00fcl\u0151ben a magyar munkaer\u0151piac"},"content":{"rendered":"<p><strong>A versenyszf\u00e9r\u00e1ban dolgoz\u00f3k sz\u00e1ma 2018-ban \u00a073 ezerrel emelkedett, ami azt jelzi, \u00a0hogy tart m\u00e9g a lend\u00fclet a munkaer\u0151piacon. Varga Mih\u00e1ly bejelentette, hogy Borsod-Aba\u00faj-Zempl\u00e9n megy\u00e9re is kiterjesztik a Kelet-Magyarorsz\u00e1gon tavaly elind\u00edtott munkaer\u0151piaci programot. A p\u00e9nz\u00fcgyminiszter elmondta: a<\/strong> <strong>magyar gazdas\u00e1gban 800 ezerrel dolgoznak t\u00f6bben, mint 2010-ben. A t\u00e1rcavezet\u0151 a K\u00f6zponti Statisztikai Hivatal (KSH) nap k\u00f6zben k\u00f6zz\u00e9tett adataira hivatkozva k\u00f6z\u00f6lte, 2018-ban 73 ezerrel emelkedett a versenyszf\u00e9r\u00e1ban dolgoz\u00f3k sz\u00e1ma, ami azt mutatja, hogy m\u00e9g mindig van lend\u00fclet a munkaer\u0151piacon.<\/strong><\/p>\n<p>Varga Mih\u00e1ly hangs\u00falyozta: a \u00a0munkan\u00e9lk\u00fcliek sz\u00e1ma mintegy f\u00e9lmilli\u00f3r\u00f3l 167 ezerre cs\u00f6kkent, amivel a munkan\u00e9lk\u00fclis\u00e9gi r\u00e1ta 11,5 sz\u00e1zal\u00e9kr\u00f3l 3,6 sz\u00e1zal\u00e9kra esett, ezzel a magyar foglalkoztat\u00e1si adatok uni\u00f3s \u00f6sszehasonl\u00edt\u00e1sban is kedvez\u0151ek, kiz\u00e1r\u00f3lag Csehorsz\u00e1gban, N\u00e9metorsz\u00e1gban \u00e9s Hollandi\u00e1ban jobb a munkan\u00e9lk\u00fclis\u00e9gi r\u00e1ta, Magyarorsz\u00e1g M\u00e1lt\u00e1hoz hasonl\u00f3 mutat\u00f3val rendelkezik. A t\u00e1rcavezet\u0151 kiemelte: a kabinet 4,6 sz\u00e1zal\u00e9kos gazdas\u00e1gi n\u00f6veked\u00e9st sz\u00e1mol a m\u00falt \u00e9vre. A \u00a0n\u00f6vekv\u0151 munkaer\u0151hi\u00e1nyt a munkan\u00e9lk\u00fclis\u00e9gn\u00e9l kedvez\u0151bb probl\u00e9m\u00e1nak nevezte, amire azonban szint\u00e9n megold\u00e1st kell tal\u00e1lni. A korm\u00e1ny \u00e9ppen ez\u00e9rt helyez nagy hangs\u00falyt az oktat\u00e1s, a szakk\u00e9pz\u00e9s \u00e9s a du\u00e1lis k\u00e9pz\u00e9s tov\u00e1bbi fejleszt\u00e9s\u00e9re, valamint a kabinet ez\u00e9rt szeretn\u00e9 \u00fagy \u00e1talak\u00edtani a munka\u00fcgyi kirendelts\u00e9geket, hogy azok a kor\u00e1bbi passz\u00edv attit\u0171d helyett akt\u00edvan v\u00e1llaljanak szerepet a munkaer\u0151-k\u00f6zvet\u00edt\u00e9sben. A munka\u00fcgyi kirendelts\u00e9geknek kiemelten seg\u00edteni\u00fck kell a p\u00e1lyakezd\u0151 fiatalok, a kisgyermekes any\u00e1k, a k\u00f6zfoglalkoztatottak, valamint a dolgozni v\u00e1gy\u00f3 inakt\u00edvak, illetve tart\u00f3s munkan\u00e9lk\u00fcliek elhelyezked\u00e9s\u00e9t. A kabinet tavaly augusztusban Szabolcs-Szatm\u00e1r-Bereg \u00e9s Hajd\u00fa-Bihar megy\u00e9ben kezdte el ezt a programot, mivel ezeken a ter\u00fcleteken volt a legmagasabb a munkan\u00e9lk\u00fclis\u00e9g. Az az\u00f3ta eltelt f\u00e9l \u00e9vben \u00f6sszesen \u00f6tezer \u00fcres \u00e1ll\u00e1shelyet siker\u00fclt felkutatni a k\u00e9t megy\u00e9ben, amelyekre mintegy 3700 munkav\u00e1llal\u00f3t aj\u00e1nlottak ki. Bejelentette: a program k\u00f6vetkez\u0151 \u00e1llom\u00e1sak\u00e9nt a Borsod-Aba\u00faj-Zempl\u00e9n megyei munka\u00fcgyi kirendelts\u00e9geket alak\u00edtj\u00e1k \u00e1t a k\u00f6vetkez\u0151 h\u00f3napokban, ahol a munkan\u00e9lk\u00fclis\u00e9gi r\u00e1ta magasabb az orsz\u00e1gos \u00e1tlagn\u00e1l, b\u00e1r 2010 \u00f3ta 17,5 sz\u00e1zal\u00e9kr\u00f3l 5,5 sz\u00e1zal\u00e9kra cs\u00f6kkent.<\/p>\n<p><em>Forr\u00e1s: magyarhirlap.hu<\/em><\/p>\n","protected":false},"excerpt":{"rendered":"<p>A versenyszf\u00e9r\u00e1ban dolgoz\u00f3k sz\u00e1ma 2018-ban \u00a073 ezerrel emelkedett, ami azt jelzi, \u00a0hogy tart m\u00e9g a lend\u00fclet a munkaer\u0151piacon. Varga Mih\u00e1ly bejelentette, hogy Borsod-Aba\u00faj-Zempl\u00e9n megy\u00e9re is kiterjesztik a Kelet-Magyarorsz\u00e1gon tavaly elind\u00edtott munkaer\u0151piaci programot. A p\u00e9nz\u00fcgyminiszter elmondta: a magyar gazdas\u00e1gban 800 ezerrel dolgoznak t\u00f6bben, mint 2010-ben. A t\u00e1rcavezet\u0151 a K\u00f6zponti Statisztikai Hivatal (KSH) nap k\u00f6zben k\u00f6zz\u00e9tett adataira [&hellip;]<\/p>\n","protected":false},"author":1,"featured_media":2493,"comment_status":"open","ping_status":"open","sticky":false,"template":"","format":"standard","meta":{"_monsterinsights_skip_tracking":false,"footnotes":""},"categories":[198,200],"tags":[],"class_list":["post-2492","post","type-post","status-publish","format-standard","has-post-thumbnail","hentry","category-gazdasag","category-munkaeropiac"],"aioseo_notices":[],"aioseo_head":"\n\t\t<!-- All in One SEO 5.0.0.1 - aioseo.com -->\n\t<meta name=\"description\" content=\"A versenyszf\u00e9r\u00e1ban dolgoz\u00f3k sz\u00e1ma 2018-ban 73 ezerrel emelkedett, ami azt jelzi, hogy tart m\u00e9g a lend\u00fclet a munkaer\u0151piacon. Varga Mih\u00e1ly bejelentette, hogy Borsod-Aba\u00faj-Zempl\u00e9n megy\u00e9re is kiterjesztik a Kelet-Magyarorsz\u00e1gon tavaly elind\u00edtott munkaer\u0151piaci programot. A p\u00e9nz\u00fcgyminiszter elmondta: a magyar gazdas\u00e1gban 800 ezerrel dolgoznak t\u00f6bben, mint 2010-ben. A t\u00e1rcavezet\u0151 a K\u00f6zponti Statisztikai Hivatal (KSH) nap k\u00f6zben k\u00f6zz\u00e9tett adataira\" \/>\n\t<meta name=\"robots\" content=\"max-image-preview:large\" \/>\n\t<meta name=\"author\" content=\"Juh\u00e1sz P\u00e9ter\"\/>\n\t<link rel=\"canonical\" href=\"https:\/\/allasorias.hu\/hirek\/fellenduloben-a-magyar-munkaeropiac\/\" \/>\n\t<meta name=\"generator\" content=\"All in One SEO (AIOSEO) 5.0.0.1\" \/>\n\t\t<meta property=\"og:locale\" content=\"hu_HU\" \/>\n\t\t<meta property=\"og:site_name\" content=\"AllasOrias.hu | H\u00edrek-lapszemle | \u00dczleti h\u00edrek az \u00e1ll\u00e1s \u00e9s a munka vil\u00e1g\u00e1b\u00f3l\" \/>\n\t\t<meta property=\"og:type\" content=\"article\" \/>\n\t\t<meta property=\"og:title\" content=\"Fellend\u00fcl\u0151ben a magyar munkaer\u0151piac | AllasOrias.hu | H\u00edrek-lapszemle\" \/>\n\t\t<meta property=\"og:description\" content=\"A versenyszf\u00e9r\u00e1ban dolgoz\u00f3k sz\u00e1ma 2018-ban 73 ezerrel emelkedett, ami azt jelzi, hogy tart m\u00e9g a lend\u00fclet a munkaer\u0151piacon. Varga Mih\u00e1ly bejelentette, hogy Borsod-Aba\u00faj-Zempl\u00e9n megy\u00e9re is kiterjesztik a Kelet-Magyarorsz\u00e1gon tavaly elind\u00edtott munkaer\u0151piaci programot. A p\u00e9nz\u00fcgyminiszter elmondta: a magyar gazdas\u00e1gban 800 ezerrel dolgoznak t\u00f6bben, mint 2010-ben. A t\u00e1rcavezet\u0151 a K\u00f6zponti Statisztikai Hivatal (KSH) nap k\u00f6zben k\u00f6zz\u00e9tett adataira\" \/>\n\t\t<meta property=\"og:url\" content=\"https:\/\/allasorias.hu\/hirek\/fellenduloben-a-magyar-munkaeropiac\/\" \/>\n\t\t<meta property=\"og:image\" content=\"https:\/\/allasorias.hu\/hirek\/wp-content\/uploads\/2019\/01\/pexels-photo-1483938.jpeg\" \/>\n\t\t<meta property=\"og:image:secure_url\" content=\"https:\/\/allasorias.hu\/hirek\/wp-content\/uploads\/2019\/01\/pexels-photo-1483938.jpeg\" \/>\n\t\t<meta property=\"og:image:width\" content=\"640\" \/>\n\t\t<meta property=\"og:image:height\" content=\"390\" \/>\n\t\t<meta property=\"article:published_time\" content=\"2019-01-31T09:17:48+00:00\" \/>\n\t\t<meta property=\"article:modified_time\" content=\"2019-01-31T09:17:48+00:00\" \/>\n\t\t<meta property=\"article:publisher\" content=\"https:\/\/www.facebook.com\/allasorias\" \/>\n\t\t<meta name=\"twitter:card\" content=\"summary_large_image\" \/>\n\t\t<meta name=\"twitter:title\" content=\"Fellend\u00fcl\u0151ben a magyar munkaer\u0151piac | AllasOrias.hu | H\u00edrek-lapszemle\" \/>\n\t\t<meta name=\"twitter:description\" content=\"A versenyszf\u00e9r\u00e1ban dolgoz\u00f3k sz\u00e1ma 2018-ban 73 ezerrel emelkedett, ami azt jelzi, hogy tart m\u00e9g a lend\u00fclet a munkaer\u0151piacon. Varga Mih\u00e1ly bejelentette, hogy Borsod-Aba\u00faj-Zempl\u00e9n megy\u00e9re is kiterjesztik a Kelet-Magyarorsz\u00e1gon tavaly elind\u00edtott munkaer\u0151piaci programot. A p\u00e9nz\u00fcgyminiszter elmondta: a magyar gazdas\u00e1gban 800 ezerrel dolgoznak t\u00f6bben, mint 2010-ben. A t\u00e1rcavezet\u0151 a K\u00f6zponti Statisztikai Hivatal (KSH) nap k\u00f6zben k\u00f6zz\u00e9tett adataira\" \/>\n\t\t<meta name=\"twitter:image\" content=\"https:\/\/allasorias.hu\/hirek\/wp-content\/uploads\/2019\/01\/pexels-photo-1483938.jpeg\" \/>\n\t\t<meta name=\"twitter:label1\" content=\"Written by\" \/>\n\t\t<meta name=\"twitter:data1\" content=\"Juh\u00e1sz P\u00e9ter\" \/>\n\t\t<meta name=\"twitter:label2\" content=\"Est. reading time\" \/>\n\t\t<meta name=\"twitter:data2\" content=\"2 minutes\" \/>\n\t\t<script type=\"application\/ld+json\" class=\"aioseo-schema\">\n\t\t\t{\"@context\":\"https:\\\/\\\/schema.org\",\"@graph\":[{\"@type\":\"Article\",\"@id\":\"https:\\\/\\\/allasorias.hu\\\/hirek\\\/fellenduloben-a-magyar-munkaeropiac\\\/#article\",\"name\":\"Fellend\\u00fcl\\u0151ben a magyar munkaer\\u0151piac | AllasOrias.hu | H\\u00edrek-lapszemle\",\"headline\":\"Fellend\\u00fcl\\u0151ben a magyar munkaer\\u0151piac\",\"author\":{\"@id\":\"https:\\\/\\\/allasorias.hu\\\/hirek\\\/author\\\/admin-allasorias\\\/#author\"},\"publisher\":{\"@id\":\"https:\\\/\\\/allasorias.hu\\\/hirek\\\/#organization\"},\"image\":{\"@type\":\"ImageObject\",\"url\":\"https:\\\/\\\/allasorias.hu\\\/hirek\\\/wp-content\\\/uploads\\\/2019\\\/01\\\/pexels-photo-1483938.jpeg\",\"width\":640,\"height\":390},\"datePublished\":\"2019-01-31T09:17:48+02:00\",\"dateModified\":\"2019-01-31T09:17:48+02:00\",\"inLanguage\":\"hu-HU\",\"mainEntityOfPage\":{\"@id\":\"https:\\\/\\\/allasorias.hu\\\/hirek\\\/fellenduloben-a-magyar-munkaeropiac\\\/#webpage\"},\"isPartOf\":{\"@id\":\"https:\\\/\\\/allasorias.hu\\\/hirek\\\/fellenduloben-a-magyar-munkaeropiac\\\/#webpage\"},\"articleSection\":\"Gazdas\\u00e1g, Munkaer\\u0151piac\"},{\"@type\":\"BreadcrumbList\",\"@id\":\"https:\\\/\\\/allasorias.hu\\\/hirek\\\/fellenduloben-a-magyar-munkaeropiac\\\/#breadcrumblist\",\"itemListElement\":[{\"@type\":\"ListItem\",\"@id\":\"https:\\\/\\\/allasorias.hu\\\/hirek#listItem\",\"position\":1,\"name\":\"Home\",\"item\":\"https:\\\/\\\/allasorias.hu\\\/hirek\",\"nextItem\":{\"@type\":\"ListItem\",\"@id\":\"https:\\\/\\\/allasorias.hu\\\/hirek\\\/temak\\\/gazdasag\\\/#listItem\",\"name\":\"Gazdas\\u00e1g\"}},{\"@type\":\"ListItem\",\"@id\":\"https:\\\/\\\/allasorias.hu\\\/hirek\\\/temak\\\/gazdasag\\\/#listItem\",\"position\":2,\"name\":\"Gazdas\\u00e1g\",\"item\":\"https:\\\/\\\/allasorias.hu\\\/hirek\\\/temak\\\/gazdasag\\\/\",\"nextItem\":{\"@type\":\"ListItem\",\"@id\":\"https:\\\/\\\/allasorias.hu\\\/hirek\\\/fellenduloben-a-magyar-munkaeropiac\\\/#listItem\",\"name\":\"Fellend\\u00fcl\\u0151ben a magyar munkaer\\u0151piac\"},\"previousItem\":{\"@type\":\"ListItem\",\"@id\":\"https:\\\/\\\/allasorias.hu\\\/hirek#listItem\",\"name\":\"Home\"}},{\"@type\":\"ListItem\",\"@id\":\"https:\\\/\\\/allasorias.hu\\\/hirek\\\/fellenduloben-a-magyar-munkaeropiac\\\/#listItem\",\"position\":3,\"name\":\"Fellend\\u00fcl\\u0151ben a magyar munkaer\\u0151piac\",\"previousItem\":{\"@type\":\"ListItem\",\"@id\":\"https:\\\/\\\/allasorias.hu\\\/hirek\\\/temak\\\/gazdasag\\\/#listItem\",\"name\":\"Gazdas\\u00e1g\"}}]},{\"@type\":\"Organization\",\"@id\":\"https:\\\/\\\/allasorias.hu\\\/hirek\\\/#organization\",\"name\":\"AllasOrias.hu | H\\u00edrek-lapszemle\",\"description\":\"\\u00dczleti h\\u00edrek az \\u00e1ll\\u00e1s \\u00e9s a munka vil\\u00e1g\\u00e1b\\u00f3l\",\"url\":\"https:\\\/\\\/allasorias.hu\\\/hirek\\\/\",\"logo\":{\"@type\":\"ImageObject\",\"url\":\"https:\\\/\\\/allasorias.hu\\\/hirek\\\/wp-content\\\/uploads\\\/2022\\\/10\\\/allasorias_site_facebok_logo.png\",\"@id\":\"https:\\\/\\\/allasorias.hu\\\/hirek\\\/fellenduloben-a-magyar-munkaeropiac\\\/#organizationLogo\"},\"image\":{\"@id\":\"https:\\\/\\\/allasorias.hu\\\/hirek\\\/fellenduloben-a-magyar-munkaeropiac\\\/#organizationLogo\"},\"sameAs\":[\"https:\\\/\\\/www.facebook.com\\\/allasorias\",\"https:\\\/\\\/www.linkedin.com\\\/company\\\/allasorias\"]},{\"@type\":\"Person\",\"@id\":\"https:\\\/\\\/allasorias.hu\\\/hirek\\\/author\\\/admin-allasorias\\\/#author\",\"url\":\"https:\\\/\\\/allasorias.hu\\\/hirek\\\/author\\\/admin-allasorias\\\/\",\"name\":\"Juh\\u00e1sz P\\u00e9ter\",\"image\":{\"@type\":\"ImageObject\",\"@id\":\"https:\\\/\\\/allasorias.hu\\\/hirek\\\/fellenduloben-a-magyar-munkaeropiac\\\/#authorImage\",\"url\":\"https:\\\/\\\/secure.gravatar.com\\\/avatar\\\/36e6bcb83148978b992977cb0f54d22feb0cce8a0a849a9410532bb2623ba4c6?s=96&d=mm&r=g\",\"width\":96,\"height\":96,\"caption\":\"Juh\\u00e1sz P\\u00e9ter\"}},{\"@type\":\"WebPage\",\"@id\":\"https:\\\/\\\/allasorias.hu\\\/hirek\\\/fellenduloben-a-magyar-munkaeropiac\\\/#webpage\",\"url\":\"https:\\\/\\\/allasorias.hu\\\/hirek\\\/fellenduloben-a-magyar-munkaeropiac\\\/\",\"name\":\"Fellend\\u00fcl\\u0151ben a magyar munkaer\\u0151piac | AllasOrias.hu | H\\u00edrek-lapszemle\",\"description\":\"A versenyszf\\u00e9r\\u00e1ban dolgoz\\u00f3k sz\\u00e1ma 2018-ban 73 ezerrel emelkedett, ami azt jelzi, hogy tart m\\u00e9g a lend\\u00fclet a munkaer\\u0151piacon. Varga Mih\\u00e1ly bejelentette, hogy Borsod-Aba\\u00faj-Zempl\\u00e9n megy\\u00e9re is kiterjesztik a Kelet-Magyarorsz\\u00e1gon tavaly elind\\u00edtott munkaer\\u0151piaci programot. A p\\u00e9nz\\u00fcgyminiszter elmondta: a magyar gazdas\\u00e1gban 800 ezerrel dolgoznak t\\u00f6bben, mint 2010-ben. A t\\u00e1rcavezet\\u0151 a K\\u00f6zponti Statisztikai Hivatal (KSH) nap k\\u00f6zben k\\u00f6zz\\u00e9tett adataira\",\"inLanguage\":\"hu-HU\",\"isPartOf\":{\"@id\":\"https:\\\/\\\/allasorias.hu\\\/hirek\\\/#website\"},\"breadcrumb\":{\"@id\":\"https:\\\/\\\/allasorias.hu\\\/hirek\\\/fellenduloben-a-magyar-munkaeropiac\\\/#breadcrumblist\"},\"author\":{\"@id\":\"https:\\\/\\\/allasorias.hu\\\/hirek\\\/author\\\/admin-allasorias\\\/#author\"},\"creator\":{\"@id\":\"https:\\\/\\\/allasorias.hu\\\/hirek\\\/author\\\/admin-allasorias\\\/#author\"},\"image\":{\"@type\":\"ImageObject\",\"url\":\"https:\\\/\\\/allasorias.hu\\\/hirek\\\/wp-content\\\/uploads\\\/2019\\\/01\\\/pexels-photo-1483938.jpeg\",\"@id\":\"https:\\\/\\\/allasorias.hu\\\/hirek\\\/fellenduloben-a-magyar-munkaeropiac\\\/#mainImage\",\"width\":640,\"height\":390},\"primaryImageOfPage\":{\"@id\":\"https:\\\/\\\/allasorias.hu\\\/hirek\\\/fellenduloben-a-magyar-munkaeropiac\\\/#mainImage\"},\"datePublished\":\"2019-01-31T09:17:48+02:00\",\"dateModified\":\"2019-01-31T09:17:48+02:00\"},{\"@type\":\"WebSite\",\"@id\":\"https:\\\/\\\/allasorias.hu\\\/hirek\\\/#website\",\"url\":\"https:\\\/\\\/allasorias.hu\\\/hirek\\\/\",\"name\":\"AllasOrias.hu | H\\u00edrek-lapszemle\",\"description\":\"\\u00dczleti h\\u00edrek az \\u00e1ll\\u00e1s \\u00e9s a munka vil\\u00e1g\\u00e1b\\u00f3l\",\"inLanguage\":\"hu-HU\",\"publisher\":{\"@id\":\"https:\\\/\\\/allasorias.hu\\\/hirek\\\/#organization\"}}]}\n\t\t<\/script>\n\t\t<!-- All in One SEO -->\n\n","aioseo_head_json":{"title":"Fellend\u00fcl\u0151ben a magyar munkaer\u0151piac | AllasOrias.hu | H\u00edrek-lapszemle","description":"A versenyszf\u00e9r\u00e1ban dolgoz\u00f3k sz\u00e1ma 2018-ban 73 ezerrel emelkedett, ami azt jelzi, hogy tart m\u00e9g a lend\u00fclet a munkaer\u0151piacon. Varga Mih\u00e1ly bejelentette, hogy Borsod-Aba\u00faj-Zempl\u00e9n megy\u00e9re is kiterjesztik a Kelet-Magyarorsz\u00e1gon tavaly elind\u00edtott munkaer\u0151piaci programot. A p\u00e9nz\u00fcgyminiszter elmondta: a magyar gazdas\u00e1gban 800 ezerrel dolgoznak t\u00f6bben, mint 2010-ben. A t\u00e1rcavezet\u0151 a K\u00f6zponti Statisztikai Hivatal (KSH) nap k\u00f6zben k\u00f6zz\u00e9tett adataira","canonical_url":"https:\/\/allasorias.hu\/hirek\/fellenduloben-a-magyar-munkaeropiac\/","robots":"max-image-preview:large","keywords":"","webmasterTools":{"miscellaneous":""},"schema":{"@context":"https:\/\/schema.org","@graph":[{"@type":"Article","@id":"https:\/\/allasorias.hu\/hirek\/fellenduloben-a-magyar-munkaeropiac\/#article","name":"Fellend\u00fcl\u0151ben a magyar munkaer\u0151piac | AllasOrias.hu | H\u00edrek-lapszemle","headline":"Fellend\u00fcl\u0151ben a magyar munkaer\u0151piac","author":{"@id":"https:\/\/allasorias.hu\/hirek\/author\/admin-allasorias\/#author"},"publisher":{"@id":"https:\/\/allasorias.hu\/hirek\/#organization"},"image":{"@type":"ImageObject","url":"https:\/\/allasorias.hu\/hirek\/wp-content\/uploads\/2019\/01\/pexels-photo-1483938.jpeg","width":640,"height":390},"datePublished":"2019-01-31T09:17:48+02:00","dateModified":"2019-01-31T09:17:48+02:00","inLanguage":"hu-HU","mainEntityOfPage":{"@id":"https:\/\/allasorias.hu\/hirek\/fellenduloben-a-magyar-munkaeropiac\/#webpage"},"isPartOf":{"@id":"https:\/\/allasorias.hu\/hirek\/fellenduloben-a-magyar-munkaeropiac\/#webpage"},"articleSection":"Gazdas\u00e1g, Munkaer\u0151piac"},{"@type":"BreadcrumbList","@id":"https:\/\/allasorias.hu\/hirek\/fellenduloben-a-magyar-munkaeropiac\/#breadcrumblist","itemListElement":[{"@type":"ListItem","@id":"https:\/\/allasorias.hu\/hirek#listItem","position":1,"name":"Home","item":"https:\/\/allasorias.hu\/hirek","nextItem":{"@type":"ListItem","@id":"https:\/\/allasorias.hu\/hirek\/temak\/gazdasag\/#listItem","name":"Gazdas\u00e1g"}},{"@type":"ListItem","@id":"https:\/\/allasorias.hu\/hirek\/temak\/gazdasag\/#listItem","position":2,"name":"Gazdas\u00e1g","item":"https:\/\/allasorias.hu\/hirek\/temak\/gazdasag\/","nextItem":{"@type":"ListItem","@id":"https:\/\/allasorias.hu\/hirek\/fellenduloben-a-magyar-munkaeropiac\/#listItem","name":"Fellend\u00fcl\u0151ben a magyar munkaer\u0151piac"},"previousItem":{"@type":"ListItem","@id":"https:\/\/allasorias.hu\/hirek#listItem","name":"Home"}},{"@type":"ListItem","@id":"https:\/\/allasorias.hu\/hirek\/fellenduloben-a-magyar-munkaeropiac\/#listItem","position":3,"name":"Fellend\u00fcl\u0151ben a magyar munkaer\u0151piac","previousItem":{"@type":"ListItem","@id":"https:\/\/allasorias.hu\/hirek\/temak\/gazdasag\/#listItem","name":"Gazdas\u00e1g"}}]},{"@type":"Organization","@id":"https:\/\/allasorias.hu\/hirek\/#organization","name":"AllasOrias.hu | H\u00edrek-lapszemle","description":"\u00dczleti h\u00edrek az \u00e1ll\u00e1s \u00e9s a munka vil\u00e1g\u00e1b\u00f3l","url":"https:\/\/allasorias.hu\/hirek\/","logo":{"@type":"ImageObject","url":"https:\/\/allasorias.hu\/hirek\/wp-content\/uploads\/2022\/10\/allasorias_site_facebok_logo.png","@id":"https:\/\/allasorias.hu\/hirek\/fellenduloben-a-magyar-munkaeropiac\/#organizationLogo"},"image":{"@id":"https:\/\/allasorias.hu\/hirek\/fellenduloben-a-magyar-munkaeropiac\/#organizationLogo"},"sameAs":["https:\/\/www.facebook.com\/allasorias","https:\/\/www.linkedin.com\/company\/allasorias"]},{"@type":"Person","@id":"https:\/\/allasorias.hu\/hirek\/author\/admin-allasorias\/#author","url":"https:\/\/allasorias.hu\/hirek\/author\/admin-allasorias\/","name":"Juh\u00e1sz P\u00e9ter","image":{"@type":"ImageObject","@id":"https:\/\/allasorias.hu\/hirek\/fellenduloben-a-magyar-munkaeropiac\/#authorImage","url":"https:\/\/secure.gravatar.com\/avatar\/36e6bcb83148978b992977cb0f54d22feb0cce8a0a849a9410532bb2623ba4c6?s=96&d=mm&r=g","width":96,"height":96,"caption":"Juh\u00e1sz P\u00e9ter"}},{"@type":"WebPage","@id":"https:\/\/allasorias.hu\/hirek\/fellenduloben-a-magyar-munkaeropiac\/#webpage","url":"https:\/\/allasorias.hu\/hirek\/fellenduloben-a-magyar-munkaeropiac\/","name":"Fellend\u00fcl\u0151ben a magyar munkaer\u0151piac | AllasOrias.hu | H\u00edrek-lapszemle","description":"A versenyszf\u00e9r\u00e1ban dolgoz\u00f3k sz\u00e1ma 2018-ban 73 ezerrel emelkedett, ami azt jelzi, hogy tart m\u00e9g a lend\u00fclet a munkaer\u0151piacon. Varga Mih\u00e1ly bejelentette, hogy Borsod-Aba\u00faj-Zempl\u00e9n megy\u00e9re is kiterjesztik a Kelet-Magyarorsz\u00e1gon tavaly elind\u00edtott munkaer\u0151piaci programot. A p\u00e9nz\u00fcgyminiszter elmondta: a magyar gazdas\u00e1gban 800 ezerrel dolgoznak t\u00f6bben, mint 2010-ben. A t\u00e1rcavezet\u0151 a K\u00f6zponti Statisztikai Hivatal (KSH) nap k\u00f6zben k\u00f6zz\u00e9tett adataira","inLanguage":"hu-HU","isPartOf":{"@id":"https:\/\/allasorias.hu\/hirek\/#website"},"breadcrumb":{"@id":"https:\/\/allasorias.hu\/hirek\/fellenduloben-a-magyar-munkaeropiac\/#breadcrumblist"},"author":{"@id":"https:\/\/allasorias.hu\/hirek\/author\/admin-allasorias\/#author"},"creator":{"@id":"https:\/\/allasorias.hu\/hirek\/author\/admin-allasorias\/#author"},"image":{"@type":"ImageObject","url":"https:\/\/allasorias.hu\/hirek\/wp-content\/uploads\/2019\/01\/pexels-photo-1483938.jpeg","@id":"https:\/\/allasorias.hu\/hirek\/fellenduloben-a-magyar-munkaeropiac\/#mainImage","width":640,"height":390},"primaryImageOfPage":{"@id":"https:\/\/allasorias.hu\/hirek\/fellenduloben-a-magyar-munkaeropiac\/#mainImage"},"datePublished":"2019-01-31T09:17:48+02:00","dateModified":"2019-01-31T09:17:48+02:00"},{"@type":"WebSite","@id":"https:\/\/allasorias.hu\/hirek\/#website","url":"https:\/\/allasorias.hu\/hirek\/","name":"AllasOrias.hu | H\u00edrek-lapszemle","description":"\u00dczleti h\u00edrek az \u00e1ll\u00e1s \u00e9s a munka vil\u00e1g\u00e1b\u00f3l","inLanguage":"hu-HU","publisher":{"@id":"https:\/\/allasorias.hu\/hirek\/#organization"}}]},"og:locale":"hu_HU","og:site_name":"AllasOrias.hu | H\u00edrek-lapszemle | \u00dczleti h\u00edrek az \u00e1ll\u00e1s \u00e9s a munka vil\u00e1g\u00e1b\u00f3l","og:type":"article","og:title":"Fellend\u00fcl\u0151ben a magyar munkaer\u0151piac | AllasOrias.hu | H\u00edrek-lapszemle","og:description":"A versenyszf\u00e9r\u00e1ban dolgoz\u00f3k sz\u00e1ma 2018-ban 73 ezerrel emelkedett, ami azt jelzi, hogy tart m\u00e9g a lend\u00fclet a munkaer\u0151piacon. Varga Mih\u00e1ly bejelentette, hogy Borsod-Aba\u00faj-Zempl\u00e9n megy\u00e9re is kiterjesztik a Kelet-Magyarorsz\u00e1gon tavaly elind\u00edtott munkaer\u0151piaci programot. A p\u00e9nz\u00fcgyminiszter elmondta: a magyar gazdas\u00e1gban 800 ezerrel dolgoznak t\u00f6bben, mint 2010-ben. A t\u00e1rcavezet\u0151 a K\u00f6zponti Statisztikai Hivatal (KSH) nap k\u00f6zben k\u00f6zz\u00e9tett adataira","og:url":"https:\/\/allasorias.hu\/hirek\/fellenduloben-a-magyar-munkaeropiac\/","og:image":"https:\/\/allasorias.hu\/hirek\/wp-content\/uploads\/2019\/01\/pexels-photo-1483938.jpeg","og:image:secure_url":"https:\/\/allasorias.hu\/hirek\/wp-content\/uploads\/2019\/01\/pexels-photo-1483938.jpeg","og:image:width":640,"og:image:height":390,"article:published_time":"2019-01-31T09:17:48+00:00","article:modified_time":"2019-01-31T09:17:48+00:00","article:publisher":"https:\/\/www.facebook.com\/allasorias","twitter:card":"summary_large_image","twitter:title":"Fellend\u00fcl\u0151ben a magyar munkaer\u0151piac | AllasOrias.hu | H\u00edrek-lapszemle","twitter:description":"A versenyszf\u00e9r\u00e1ban dolgoz\u00f3k sz\u00e1ma 2018-ban 73 ezerrel emelkedett, ami azt jelzi, hogy tart m\u00e9g a lend\u00fclet a munkaer\u0151piacon. Varga Mih\u00e1ly bejelentette, hogy Borsod-Aba\u00faj-Zempl\u00e9n megy\u00e9re is kiterjesztik a Kelet-Magyarorsz\u00e1gon tavaly elind\u00edtott munkaer\u0151piaci programot. A p\u00e9nz\u00fcgyminiszter elmondta: a magyar gazdas\u00e1gban 800 ezerrel dolgoznak t\u00f6bben, mint 2010-ben. A t\u00e1rcavezet\u0151 a K\u00f6zponti Statisztikai Hivatal (KSH) nap k\u00f6zben k\u00f6zz\u00e9tett adataira","twitter:image":"https:\/\/allasorias.hu\/hirek\/wp-content\/uploads\/2019\/01\/pexels-photo-1483938.jpeg","twitter:label1":"Written by","twitter:data1":"Juh\u00e1sz P\u00e9ter","twitter:label2":"Est. reading time","twitter:data2":"2 minutes"},"aioseo_meta_data":{"post_id":"2492","title":null,"description":null,"keywords":null,"keyphrases":null,"primary_term":null,"canonical_url":null,"og_title":null,"og_description":null,"og_object_type":"default","og_image_type":"default","og_image_url":null,"og_image_width":null,"og_image_height":null,"og_image_custom_url":null,"og_image_custom_fields":null,"og_video":null,"og_custom_url":null,"og_article_section":null,"og_article_tags":null,"twitter_use_og":false,"twitter_card":"default","twitter_image_type":"default","twitter_image_url":null,"twitter_image_custom_url":null,"twitter_image_custom_fields":null,"twitter_title":null,"twitter_description":null,"schema":{"blockGraphs":[],"customGraphs":[],"default":{"data":{"Article":[],"Course":[],"Dataset":[],"FAQPage":[],"Movie":[],"Person":[],"Product":[],"ProductReview":[],"Car":[],"Recipe":[],"Service":[],"SoftwareApplication":[],"WebPage":[]},"graphName":"","isEnabled":true},"graphs":[]},"schema_type":null,"schema_type_options":null,"pillar_content":false,"robots_default":true,"robots_noindex":false,"robots_noarchive":false,"robots_nosnippet":false,"robots_nofollow":false,"robots_noimageindex":false,"robots_noodp":false,"robots_notranslate":false,"robots_max_snippet":null,"robots_max_videopreview":null,"robots_max_imagepreview":"large","priority":null,"frequency":null,"location":null,"local_seo":null,"breadcrumb_settings":null,"limit_modified_date":false,"ai":null,"created":"2021-02-01 20:46:57","updated":"2025-10-02 09:56:02","seo_analyzer_scan_date":null,"focus_keyword":null,"additional_keywords":null,"truseo_locale":null},"aioseo_breadcrumb":"<div class=\"aioseo-breadcrumbs\"><span class=\"aioseo-breadcrumb\">\n\t\t\t<a href=\"https:\/\/allasorias.hu\/hirek\" title=\"Home\">Home<\/a>\n\t\t<\/span><span class=\"aioseo-breadcrumb-separator\">&raquo;<\/span><span class=\"aioseo-breadcrumb\">\n\t\t\t<a href=\"https:\/\/allasorias.hu\/hirek\/temak\/gazdasag\/\" title=\"Gazdas\u00e1g\">Gazdas\u00e1g<\/a>\n\t\t<\/span><span class=\"aioseo-breadcrumb-separator\">&raquo;<\/span><span class=\"aioseo-breadcrumb\">\n\t\t\tFellend\u00fcl\u0151ben a magyar munkaer\u0151piac\n\t\t<\/span><\/div>","aioseo_breadcrumb_json":[{"label":"Home","link":"https:\/\/allasorias.hu\/hirek"},{"label":"Gazdas\u00e1g","link":"https:\/\/allasorias.hu\/hirek\/temak\/gazdasag\/"},{"label":"Fellend\u00fcl\u0151ben a magyar munkaer\u0151piac","link":"https:\/\/allasorias.hu\/hirek\/fellenduloben-a-magyar-munkaeropiac\/"}],"_links":{"self":[{"href":"https:\/\/allasorias.hu\/hirek\/wp-json\/wp\/v2\/posts\/2492","targetHints":{"allow":["GET"]}}],"collection":[{"href":"https:\/\/allasorias.hu\/hirek\/wp-json\/wp\/v2\/posts"}],"about":[{"href":"https:\/\/allasorias.hu\/hirek\/wp-json\/wp\/v2\/types\/post"}],"author":[{"embeddable":true,"href":"https:\/\/allasorias.hu\/hirek\/wp-json\/wp\/v2\/users\/1"}],"replies":[{"embeddable":true,"href":"https:\/\/allasorias.hu\/hirek\/wp-json\/wp\/v2\/comments?post=2492"}],"version-history":[{"count":1,"href":"https:\/\/allasorias.hu\/hirek\/wp-json\/wp\/v2\/posts\/2492\/revisions"}],"predecessor-version":[{"id":2494,"href":"https:\/\/allasorias.hu\/hirek\/wp-json\/wp\/v2\/posts\/2492\/revisions\/2494"}],"wp:featuredmedia":[{"embeddable":true,"href":"https:\/\/allasorias.hu\/hirek\/wp-json\/wp\/v2\/media\/2493"}],"wp:attachment":[{"href":"https:\/\/allasorias.hu\/hirek\/wp-json\/wp\/v2\/media?parent=2492"}],"wp:term":[{"taxonomy":"category","embeddable":true,"href":"https:\/\/allasorias.hu\/hirek\/wp-json\/wp\/v2\/categories?post=2492"},{"taxonomy":"post_tag","embeddable":true,"href":"https:\/\/allasorias.hu\/hirek\/wp-json\/wp\/v2\/tags?post=2492"}],"curies":[{"name":"wp","href":"https:\/\/api.w.org\/{rel}","templated":true}]}}