{"id":2479,"date":"2019-01-29T10:49:30","date_gmt":"2019-01-29T10:49:30","guid":{"rendered":"https:\/\/allasorias.hu\/hirek\/?p=2479"},"modified":"2022-12-23T09:30:49","modified_gmt":"2022-12-23T09:30:49","slug":"szeretik-a-boscht-az-allaskeresok","status":"publish","type":"post","link":"https:\/\/allasorias.hu\/hirek\/szeretik-a-boscht-az-allaskeresok\/","title":{"rendered":"Szeretik a Boscht az \u00e1ll\u00e1skeres\u0151k"},"content":{"rendered":"<p><strong>Gyakran keresik f\u00f6l a Bosch \u00e1ll\u00e1shirdet\u00e9seit tartalmaz\u00f3 oldalakat az \u00e1ll\u00e1skeres\u0151k. Sokan \u00e9rdekl\u0151dnek a n\u00e9met \u00e1ll\u00e1slehet\u0151s\u00e9gek ir\u00e1nt, \u00e9s sok a tengerent\u00fali p\u00e1ly\u00e1z\u00f3 is. A brexit is j\u00f3l j\u00f6tt a n\u00e9met munkaer\u0151piac fellend\u00fcl\u00e9s\u00e9nek.\u00a0 A Bosch \u00e9s a Continental a legkeresettebb aut\u00f3ipari v\u00e1llalat N\u00e9metorsz\u00e1gban, m\u00edg a legvonz\u00f3bb ter\u00fclet a marketing, az \u00e9rt\u00e9kes\u00edt\u00e9s \u00e9s a szem\u00e9ly\u00fcgy, der\u00fclt ki a Stepstone nemzetk\u00f6zi \u00e1ll\u00e1sport\u00e1l adataib\u00f3l. <\/strong><\/p>\n<p>A Bosch, a Lidl, a Daimler, a Siemens \u00e9s a Continental nev\u00e9t \u00fctik be leggyakrabban N\u00e9metorsz\u00e1gban az \u00e1ll\u00e1sport\u00e1lok keres\u0151mez\u0151j\u00e9be. A legt\u00f6bb n\u00e9met \u00e1ll\u00e1skeres\u0151 a marketing, az \u00e9rt\u00e9kes\u00edt\u00e9si \u00e9s a HR-es poz\u00edci\u00f3k ir\u00e1nt \u00e9rdekl\u0151dik. Ezeket r\u00f6gt\u00f6n a logisztikai, a kontrolling \u00e9s a m\u00e9rn\u00f6ki munk\u00e1k k\u00f6vetik. B\u00e1r a rangsor elej\u00e9r\u0151l elt\u0171nt, a kor\u00e1bban szint\u00e9n n\u00e9pszer\u0171 IT-s poz\u00edci\u00f3k ir\u00e1nti kereslet nem apadt, csak \u00e1talakult: a keres\u0151ben m\u00e1r sokkal r\u00e9szletesebben, p\u00e9ld\u00e1ul SAP, Java, vagy a j\u00f3l cseng\u0151 Data Scientist kulcsszavakkal pr\u00f3b\u00e1lnak \u00faj munkahely\u00fckre akadni a p\u00e1ly\u00e1z\u00f3k. N\u0151tt a n\u00e9metorsz\u00e1gi \u00e1ll\u00e1sok ir\u00e1nti \u00e9rdekl\u0151d\u0151 k\u00fclf\u00f6ldiek sz\u00e1ma is. Legnagyobb m\u00e9rt\u00e9kben a britek telepedn\u00e9nek \u00e1t N\u00e9metorsz\u00e1gba, sz\u00e1muk a 2016-oshoz k\u00e9pest 92 sz\u00e1zal\u00e9kkal n\u00f6vekedett, rajtuk k\u00edv\u00fcl sokan k\u00edv\u00e1nkoznak a n\u00e9met munkaer\u0151-piacra Sv\u00e1jcb\u00f3l, Ausztri\u00e1b\u00f3l, Hollandi\u00e1b\u00f3l \u00e9s Franciaorsz\u00e1gb\u00f3l is. Az \u00f6reg kontinensen k\u00edv\u00fclr\u0151l az USA, K\u00edna \u00e9s India lak\u00f3i keresik fel leggyakrabban a Stepstone port\u00e1lt. A n\u00e9met munkaer\u0151piac kor\u00e1bban is nagy vonzerej\u00e9t csak tov\u00e1bb n\u00f6velte a brexit, hiszen K\u00edna \u00e9s Indon\u00e9zia eur\u00f3pai munk\u00e1ra v\u00e1gy\u00f3 polg\u00e1rai k\u00f6z\u00f6tt is m\u00e1r N\u00e9metorsz\u00e1g a n\u00e9pszer\u0171bb, holott a m\u00e9rleg nyelve 2014-ben m\u00e9g a britek ir\u00e1ny\u00e1ba mutatott.<\/p>\n<p><em>Forr\u00e1s: autopro.hu<\/em><\/p>\n","protected":false},"excerpt":{"rendered":"<p>Gyakran keresik f\u00f6l a Bosch \u00e1ll\u00e1shirdet\u00e9seit tartalmaz\u00f3 oldalakat az \u00e1ll\u00e1skeres\u0151k. Sokan \u00e9rdekl\u0151dnek a n\u00e9met \u00e1ll\u00e1slehet\u0151s\u00e9gek ir\u00e1nt, \u00e9s sok a tengerent\u00fali p\u00e1ly\u00e1z\u00f3 is. A brexit is j\u00f3l j\u00f6tt a n\u00e9met munkaer\u0151piac fellend\u00fcl\u00e9s\u00e9nek.\u00a0 A Bosch \u00e9s a Continental a legkeresettebb aut\u00f3ipari v\u00e1llalat N\u00e9metorsz\u00e1gban, m\u00edg a legvonz\u00f3bb ter\u00fclet a marketing, az \u00e9rt\u00e9kes\u00edt\u00e9s \u00e9s a szem\u00e9ly\u00fcgy, der\u00fclt ki a [&hellip;]<\/p>\n","protected":false},"author":1,"featured_media":6080,"comment_status":"open","ping_status":"open","sticky":false,"template":"","format":"standard","meta":{"_monsterinsights_skip_tracking":false,"footnotes":""},"categories":[1,201,200],"tags":[],"class_list":["post-2479","post","type-post","status-publish","format-standard","has-post-thumbnail","hentry","category-allaskereses","category-kulfold","category-munkaeropiac"],"aioseo_notices":[],"aioseo_head":"\n\t\t<!-- All in One SEO 5.0.0.1 - aioseo.com -->\n\t<meta name=\"description\" content=\"Gyakran keresik f\u00f6l a Bosch \u00e1ll\u00e1shirdet\u00e9seit tartalmaz\u00f3 oldalakat az \u00e1ll\u00e1skeres\u0151k. Sokan \u00e9rdekl\u0151dnek a n\u00e9met \u00e1ll\u00e1slehet\u0151s\u00e9gek ir\u00e1nt, \u00e9s sok a tengerent\u00fali p\u00e1ly\u00e1z\u00f3 is. A brexit is j\u00f3l j\u00f6tt a n\u00e9met munkaer\u0151piac fellend\u00fcl\u00e9s\u00e9nek. A Bosch \u00e9s a Continental a legkeresettebb aut\u00f3ipari v\u00e1llalat N\u00e9metorsz\u00e1gban, m\u00edg a legvonz\u00f3bb ter\u00fclet a marketing, az \u00e9rt\u00e9kes\u00edt\u00e9s \u00e9s a szem\u00e9ly\u00fcgy, der\u00fclt ki a\" \/>\n\t<meta name=\"robots\" content=\"max-image-preview:large\" \/>\n\t<meta name=\"author\" content=\"Juh\u00e1sz P\u00e9ter\"\/>\n\t<link rel=\"canonical\" href=\"https:\/\/allasorias.hu\/hirek\/szeretik-a-boscht-az-allaskeresok\/\" \/>\n\t<meta name=\"generator\" content=\"All in One SEO (AIOSEO) 5.0.0.1\" \/>\n\t\t<meta property=\"og:locale\" content=\"hu_HU\" \/>\n\t\t<meta property=\"og:site_name\" content=\"AllasOrias.hu | H\u00edrek-lapszemle | \u00dczleti h\u00edrek az \u00e1ll\u00e1s \u00e9s a munka vil\u00e1g\u00e1b\u00f3l\" \/>\n\t\t<meta property=\"og:type\" content=\"article\" \/>\n\t\t<meta property=\"og:title\" content=\"Szeretik a Boscht az \u00e1ll\u00e1skeres\u0151k | AllasOrias.hu | H\u00edrek-lapszemle\" \/>\n\t\t<meta property=\"og:description\" content=\"Gyakran keresik f\u00f6l a Bosch \u00e1ll\u00e1shirdet\u00e9seit tartalmaz\u00f3 oldalakat az \u00e1ll\u00e1skeres\u0151k. Sokan \u00e9rdekl\u0151dnek a n\u00e9met \u00e1ll\u00e1slehet\u0151s\u00e9gek ir\u00e1nt, \u00e9s sok a tengerent\u00fali p\u00e1ly\u00e1z\u00f3 is. A brexit is j\u00f3l j\u00f6tt a n\u00e9met munkaer\u0151piac fellend\u00fcl\u00e9s\u00e9nek. A Bosch \u00e9s a Continental a legkeresettebb aut\u00f3ipari v\u00e1llalat N\u00e9metorsz\u00e1gban, m\u00edg a legvonz\u00f3bb ter\u00fclet a marketing, az \u00e9rt\u00e9kes\u00edt\u00e9s \u00e9s a szem\u00e9ly\u00fcgy, der\u00fclt ki a\" \/>\n\t\t<meta property=\"og:url\" content=\"https:\/\/allasorias.hu\/hirek\/szeretik-a-boscht-az-allaskeresok\/\" \/>\n\t\t<meta property=\"og:image\" content=\"https:\/\/allasorias.hu\/hirek\/wp-content\/uploads\/2019\/01\/Bosch-Parkhaus.jpg\" \/>\n\t\t<meta property=\"og:image:secure_url\" content=\"https:\/\/allasorias.hu\/hirek\/wp-content\/uploads\/2019\/01\/Bosch-Parkhaus.jpg\" \/>\n\t\t<meta property=\"og:image:width\" content=\"1000\" \/>\n\t\t<meta property=\"og:image:height\" content=\"347\" \/>\n\t\t<meta property=\"article:published_time\" content=\"2019-01-29T10:49:30+00:00\" \/>\n\t\t<meta property=\"article:modified_time\" content=\"2022-12-23T09:30:49+00:00\" \/>\n\t\t<meta property=\"article:publisher\" content=\"https:\/\/www.facebook.com\/allasorias\" \/>\n\t\t<meta name=\"twitter:card\" content=\"summary_large_image\" \/>\n\t\t<meta name=\"twitter:title\" content=\"Szeretik a Boscht az \u00e1ll\u00e1skeres\u0151k | AllasOrias.hu | H\u00edrek-lapszemle\" \/>\n\t\t<meta name=\"twitter:description\" content=\"Gyakran keresik f\u00f6l a Bosch \u00e1ll\u00e1shirdet\u00e9seit tartalmaz\u00f3 oldalakat az \u00e1ll\u00e1skeres\u0151k. Sokan \u00e9rdekl\u0151dnek a n\u00e9met \u00e1ll\u00e1slehet\u0151s\u00e9gek ir\u00e1nt, \u00e9s sok a tengerent\u00fali p\u00e1ly\u00e1z\u00f3 is. A brexit is j\u00f3l j\u00f6tt a n\u00e9met munkaer\u0151piac fellend\u00fcl\u00e9s\u00e9nek. A Bosch \u00e9s a Continental a legkeresettebb aut\u00f3ipari v\u00e1llalat N\u00e9metorsz\u00e1gban, m\u00edg a legvonz\u00f3bb ter\u00fclet a marketing, az \u00e9rt\u00e9kes\u00edt\u00e9s \u00e9s a szem\u00e9ly\u00fcgy, der\u00fclt ki a\" \/>\n\t\t<meta name=\"twitter:image\" content=\"https:\/\/allasorias.hu\/hirek\/wp-content\/uploads\/2019\/01\/Bosch-Parkhaus.jpg\" \/>\n\t\t<meta name=\"twitter:label1\" content=\"Written by\" \/>\n\t\t<meta name=\"twitter:data1\" content=\"Juh\u00e1sz P\u00e9ter\" \/>\n\t\t<meta name=\"twitter:label2\" content=\"Est. reading time\" \/>\n\t\t<meta name=\"twitter:data2\" content=\"2 minutes\" \/>\n\t\t<script type=\"application\/ld+json\" class=\"aioseo-schema\">\n\t\t\t{\"@context\":\"https:\\\/\\\/schema.org\",\"@graph\":[{\"@type\":\"Article\",\"@id\":\"https:\\\/\\\/allasorias.hu\\\/hirek\\\/szeretik-a-boscht-az-allaskeresok\\\/#article\",\"name\":\"Szeretik a Boscht az \\u00e1ll\\u00e1skeres\\u0151k | AllasOrias.hu | H\\u00edrek-lapszemle\",\"headline\":\"Szeretik a Boscht az \\u00e1ll\\u00e1skeres\\u0151k\",\"author\":{\"@id\":\"https:\\\/\\\/allasorias.hu\\\/hirek\\\/author\\\/admin-allasorias\\\/#author\"},\"publisher\":{\"@id\":\"https:\\\/\\\/allasorias.hu\\\/hirek\\\/#organization\"},\"image\":{\"@type\":\"ImageObject\",\"url\":\"https:\\\/\\\/allasorias.hu\\\/hirek\\\/wp-content\\\/uploads\\\/2019\\\/01\\\/Bosch-Parkhaus.jpg\",\"width\":1000,\"height\":347},\"datePublished\":\"2019-01-29T10:49:30+02:00\",\"dateModified\":\"2022-12-23T09:30:49+02:00\",\"inLanguage\":\"hu-HU\",\"mainEntityOfPage\":{\"@id\":\"https:\\\/\\\/allasorias.hu\\\/hirek\\\/szeretik-a-boscht-az-allaskeresok\\\/#webpage\"},\"isPartOf\":{\"@id\":\"https:\\\/\\\/allasorias.hu\\\/hirek\\\/szeretik-a-boscht-az-allaskeresok\\\/#webpage\"},\"articleSection\":\"\\u00c1ll\\u00e1skeres\\u00e9s, K\\u00fclf\\u00f6ld, Munkaer\\u0151piac\"},{\"@type\":\"BreadcrumbList\",\"@id\":\"https:\\\/\\\/allasorias.hu\\\/hirek\\\/szeretik-a-boscht-az-allaskeresok\\\/#breadcrumblist\",\"itemListElement\":[{\"@type\":\"ListItem\",\"@id\":\"https:\\\/\\\/allasorias.hu\\\/hirek#listItem\",\"position\":1,\"name\":\"Home\",\"item\":\"https:\\\/\\\/allasorias.hu\\\/hirek\",\"nextItem\":{\"@type\":\"ListItem\",\"@id\":\"https:\\\/\\\/allasorias.hu\\\/hirek\\\/temak\\\/allaskereses\\\/#listItem\",\"name\":\"\\u00c1ll\\u00e1skeres\\u00e9s\"}},{\"@type\":\"ListItem\",\"@id\":\"https:\\\/\\\/allasorias.hu\\\/hirek\\\/temak\\\/allaskereses\\\/#listItem\",\"position\":2,\"name\":\"\\u00c1ll\\u00e1skeres\\u00e9s\",\"item\":\"https:\\\/\\\/allasorias.hu\\\/hirek\\\/temak\\\/allaskereses\\\/\",\"nextItem\":{\"@type\":\"ListItem\",\"@id\":\"https:\\\/\\\/allasorias.hu\\\/hirek\\\/szeretik-a-boscht-az-allaskeresok\\\/#listItem\",\"name\":\"Szeretik a Boscht az \\u00e1ll\\u00e1skeres\\u0151k\"},\"previousItem\":{\"@type\":\"ListItem\",\"@id\":\"https:\\\/\\\/allasorias.hu\\\/hirek#listItem\",\"name\":\"Home\"}},{\"@type\":\"ListItem\",\"@id\":\"https:\\\/\\\/allasorias.hu\\\/hirek\\\/szeretik-a-boscht-az-allaskeresok\\\/#listItem\",\"position\":3,\"name\":\"Szeretik a Boscht az \\u00e1ll\\u00e1skeres\\u0151k\",\"previousItem\":{\"@type\":\"ListItem\",\"@id\":\"https:\\\/\\\/allasorias.hu\\\/hirek\\\/temak\\\/allaskereses\\\/#listItem\",\"name\":\"\\u00c1ll\\u00e1skeres\\u00e9s\"}}]},{\"@type\":\"Organization\",\"@id\":\"https:\\\/\\\/allasorias.hu\\\/hirek\\\/#organization\",\"name\":\"AllasOrias.hu | H\\u00edrek-lapszemle\",\"description\":\"\\u00dczleti h\\u00edrek az \\u00e1ll\\u00e1s \\u00e9s a munka vil\\u00e1g\\u00e1b\\u00f3l\",\"url\":\"https:\\\/\\\/allasorias.hu\\\/hirek\\\/\",\"logo\":{\"@type\":\"ImageObject\",\"url\":\"https:\\\/\\\/allasorias.hu\\\/hirek\\\/wp-content\\\/uploads\\\/2022\\\/10\\\/allasorias_site_facebok_logo.png\",\"@id\":\"https:\\\/\\\/allasorias.hu\\\/hirek\\\/szeretik-a-boscht-az-allaskeresok\\\/#organizationLogo\"},\"image\":{\"@id\":\"https:\\\/\\\/allasorias.hu\\\/hirek\\\/szeretik-a-boscht-az-allaskeresok\\\/#organizationLogo\"},\"sameAs\":[\"https:\\\/\\\/www.facebook.com\\\/allasorias\",\"https:\\\/\\\/www.linkedin.com\\\/company\\\/allasorias\"]},{\"@type\":\"Person\",\"@id\":\"https:\\\/\\\/allasorias.hu\\\/hirek\\\/author\\\/admin-allasorias\\\/#author\",\"url\":\"https:\\\/\\\/allasorias.hu\\\/hirek\\\/author\\\/admin-allasorias\\\/\",\"name\":\"Juh\\u00e1sz P\\u00e9ter\",\"image\":{\"@type\":\"ImageObject\",\"@id\":\"https:\\\/\\\/allasorias.hu\\\/hirek\\\/szeretik-a-boscht-az-allaskeresok\\\/#authorImage\",\"url\":\"https:\\\/\\\/secure.gravatar.com\\\/avatar\\\/36e6bcb83148978b992977cb0f54d22feb0cce8a0a849a9410532bb2623ba4c6?s=96&d=mm&r=g\",\"width\":96,\"height\":96,\"caption\":\"Juh\\u00e1sz P\\u00e9ter\"}},{\"@type\":\"WebPage\",\"@id\":\"https:\\\/\\\/allasorias.hu\\\/hirek\\\/szeretik-a-boscht-az-allaskeresok\\\/#webpage\",\"url\":\"https:\\\/\\\/allasorias.hu\\\/hirek\\\/szeretik-a-boscht-az-allaskeresok\\\/\",\"name\":\"Szeretik a Boscht az \\u00e1ll\\u00e1skeres\\u0151k | AllasOrias.hu | H\\u00edrek-lapszemle\",\"description\":\"Gyakran keresik f\\u00f6l a Bosch \\u00e1ll\\u00e1shirdet\\u00e9seit tartalmaz\\u00f3 oldalakat az \\u00e1ll\\u00e1skeres\\u0151k. Sokan \\u00e9rdekl\\u0151dnek a n\\u00e9met \\u00e1ll\\u00e1slehet\\u0151s\\u00e9gek ir\\u00e1nt, \\u00e9s sok a tengerent\\u00fali p\\u00e1ly\\u00e1z\\u00f3 is. A brexit is j\\u00f3l j\\u00f6tt a n\\u00e9met munkaer\\u0151piac fellend\\u00fcl\\u00e9s\\u00e9nek. A Bosch \\u00e9s a Continental a legkeresettebb aut\\u00f3ipari v\\u00e1llalat N\\u00e9metorsz\\u00e1gban, m\\u00edg a legvonz\\u00f3bb ter\\u00fclet a marketing, az \\u00e9rt\\u00e9kes\\u00edt\\u00e9s \\u00e9s a szem\\u00e9ly\\u00fcgy, der\\u00fclt ki a\",\"inLanguage\":\"hu-HU\",\"isPartOf\":{\"@id\":\"https:\\\/\\\/allasorias.hu\\\/hirek\\\/#website\"},\"breadcrumb\":{\"@id\":\"https:\\\/\\\/allasorias.hu\\\/hirek\\\/szeretik-a-boscht-az-allaskeresok\\\/#breadcrumblist\"},\"author\":{\"@id\":\"https:\\\/\\\/allasorias.hu\\\/hirek\\\/author\\\/admin-allasorias\\\/#author\"},\"creator\":{\"@id\":\"https:\\\/\\\/allasorias.hu\\\/hirek\\\/author\\\/admin-allasorias\\\/#author\"},\"image\":{\"@type\":\"ImageObject\",\"url\":\"https:\\\/\\\/allasorias.hu\\\/hirek\\\/wp-content\\\/uploads\\\/2019\\\/01\\\/Bosch-Parkhaus.jpg\",\"@id\":\"https:\\\/\\\/allasorias.hu\\\/hirek\\\/szeretik-a-boscht-az-allaskeresok\\\/#mainImage\",\"width\":1000,\"height\":347},\"primaryImageOfPage\":{\"@id\":\"https:\\\/\\\/allasorias.hu\\\/hirek\\\/szeretik-a-boscht-az-allaskeresok\\\/#mainImage\"},\"datePublished\":\"2019-01-29T10:49:30+02:00\",\"dateModified\":\"2022-12-23T09:30:49+02:00\"},{\"@type\":\"WebSite\",\"@id\":\"https:\\\/\\\/allasorias.hu\\\/hirek\\\/#website\",\"url\":\"https:\\\/\\\/allasorias.hu\\\/hirek\\\/\",\"name\":\"AllasOrias.hu | H\\u00edrek-lapszemle\",\"description\":\"\\u00dczleti h\\u00edrek az \\u00e1ll\\u00e1s \\u00e9s a munka vil\\u00e1g\\u00e1b\\u00f3l\",\"inLanguage\":\"hu-HU\",\"publisher\":{\"@id\":\"https:\\\/\\\/allasorias.hu\\\/hirek\\\/#organization\"}}]}\n\t\t<\/script>\n\t\t<!-- All in One SEO -->\n\n","aioseo_head_json":{"title":"Szeretik a Boscht az \u00e1ll\u00e1skeres\u0151k | AllasOrias.hu | H\u00edrek-lapszemle","description":"Gyakran keresik f\u00f6l a Bosch \u00e1ll\u00e1shirdet\u00e9seit tartalmaz\u00f3 oldalakat az \u00e1ll\u00e1skeres\u0151k. Sokan \u00e9rdekl\u0151dnek a n\u00e9met \u00e1ll\u00e1slehet\u0151s\u00e9gek ir\u00e1nt, \u00e9s sok a tengerent\u00fali p\u00e1ly\u00e1z\u00f3 is. A brexit is j\u00f3l j\u00f6tt a n\u00e9met munkaer\u0151piac fellend\u00fcl\u00e9s\u00e9nek. A Bosch \u00e9s a Continental a legkeresettebb aut\u00f3ipari v\u00e1llalat N\u00e9metorsz\u00e1gban, m\u00edg a legvonz\u00f3bb ter\u00fclet a marketing, az \u00e9rt\u00e9kes\u00edt\u00e9s \u00e9s a szem\u00e9ly\u00fcgy, der\u00fclt ki a","canonical_url":"https:\/\/allasorias.hu\/hirek\/szeretik-a-boscht-az-allaskeresok\/","robots":"max-image-preview:large","keywords":"","webmasterTools":{"miscellaneous":""},"schema":{"@context":"https:\/\/schema.org","@graph":[{"@type":"Article","@id":"https:\/\/allasorias.hu\/hirek\/szeretik-a-boscht-az-allaskeresok\/#article","name":"Szeretik a Boscht az \u00e1ll\u00e1skeres\u0151k | AllasOrias.hu | H\u00edrek-lapszemle","headline":"Szeretik a Boscht az \u00e1ll\u00e1skeres\u0151k","author":{"@id":"https:\/\/allasorias.hu\/hirek\/author\/admin-allasorias\/#author"},"publisher":{"@id":"https:\/\/allasorias.hu\/hirek\/#organization"},"image":{"@type":"ImageObject","url":"https:\/\/allasorias.hu\/hirek\/wp-content\/uploads\/2019\/01\/Bosch-Parkhaus.jpg","width":1000,"height":347},"datePublished":"2019-01-29T10:49:30+02:00","dateModified":"2022-12-23T09:30:49+02:00","inLanguage":"hu-HU","mainEntityOfPage":{"@id":"https:\/\/allasorias.hu\/hirek\/szeretik-a-boscht-az-allaskeresok\/#webpage"},"isPartOf":{"@id":"https:\/\/allasorias.hu\/hirek\/szeretik-a-boscht-az-allaskeresok\/#webpage"},"articleSection":"\u00c1ll\u00e1skeres\u00e9s, K\u00fclf\u00f6ld, Munkaer\u0151piac"},{"@type":"BreadcrumbList","@id":"https:\/\/allasorias.hu\/hirek\/szeretik-a-boscht-az-allaskeresok\/#breadcrumblist","itemListElement":[{"@type":"ListItem","@id":"https:\/\/allasorias.hu\/hirek#listItem","position":1,"name":"Home","item":"https:\/\/allasorias.hu\/hirek","nextItem":{"@type":"ListItem","@id":"https:\/\/allasorias.hu\/hirek\/temak\/allaskereses\/#listItem","name":"\u00c1ll\u00e1skeres\u00e9s"}},{"@type":"ListItem","@id":"https:\/\/allasorias.hu\/hirek\/temak\/allaskereses\/#listItem","position":2,"name":"\u00c1ll\u00e1skeres\u00e9s","item":"https:\/\/allasorias.hu\/hirek\/temak\/allaskereses\/","nextItem":{"@type":"ListItem","@id":"https:\/\/allasorias.hu\/hirek\/szeretik-a-boscht-az-allaskeresok\/#listItem","name":"Szeretik a Boscht az \u00e1ll\u00e1skeres\u0151k"},"previousItem":{"@type":"ListItem","@id":"https:\/\/allasorias.hu\/hirek#listItem","name":"Home"}},{"@type":"ListItem","@id":"https:\/\/allasorias.hu\/hirek\/szeretik-a-boscht-az-allaskeresok\/#listItem","position":3,"name":"Szeretik a Boscht az \u00e1ll\u00e1skeres\u0151k","previousItem":{"@type":"ListItem","@id":"https:\/\/allasorias.hu\/hirek\/temak\/allaskereses\/#listItem","name":"\u00c1ll\u00e1skeres\u00e9s"}}]},{"@type":"Organization","@id":"https:\/\/allasorias.hu\/hirek\/#organization","name":"AllasOrias.hu | H\u00edrek-lapszemle","description":"\u00dczleti h\u00edrek az \u00e1ll\u00e1s \u00e9s a munka vil\u00e1g\u00e1b\u00f3l","url":"https:\/\/allasorias.hu\/hirek\/","logo":{"@type":"ImageObject","url":"https:\/\/allasorias.hu\/hirek\/wp-content\/uploads\/2022\/10\/allasorias_site_facebok_logo.png","@id":"https:\/\/allasorias.hu\/hirek\/szeretik-a-boscht-az-allaskeresok\/#organizationLogo"},"image":{"@id":"https:\/\/allasorias.hu\/hirek\/szeretik-a-boscht-az-allaskeresok\/#organizationLogo"},"sameAs":["https:\/\/www.facebook.com\/allasorias","https:\/\/www.linkedin.com\/company\/allasorias"]},{"@type":"Person","@id":"https:\/\/allasorias.hu\/hirek\/author\/admin-allasorias\/#author","url":"https:\/\/allasorias.hu\/hirek\/author\/admin-allasorias\/","name":"Juh\u00e1sz P\u00e9ter","image":{"@type":"ImageObject","@id":"https:\/\/allasorias.hu\/hirek\/szeretik-a-boscht-az-allaskeresok\/#authorImage","url":"https:\/\/secure.gravatar.com\/avatar\/36e6bcb83148978b992977cb0f54d22feb0cce8a0a849a9410532bb2623ba4c6?s=96&d=mm&r=g","width":96,"height":96,"caption":"Juh\u00e1sz P\u00e9ter"}},{"@type":"WebPage","@id":"https:\/\/allasorias.hu\/hirek\/szeretik-a-boscht-az-allaskeresok\/#webpage","url":"https:\/\/allasorias.hu\/hirek\/szeretik-a-boscht-az-allaskeresok\/","name":"Szeretik a Boscht az \u00e1ll\u00e1skeres\u0151k | AllasOrias.hu | H\u00edrek-lapszemle","description":"Gyakran keresik f\u00f6l a Bosch \u00e1ll\u00e1shirdet\u00e9seit tartalmaz\u00f3 oldalakat az \u00e1ll\u00e1skeres\u0151k. Sokan \u00e9rdekl\u0151dnek a n\u00e9met \u00e1ll\u00e1slehet\u0151s\u00e9gek ir\u00e1nt, \u00e9s sok a tengerent\u00fali p\u00e1ly\u00e1z\u00f3 is. A brexit is j\u00f3l j\u00f6tt a n\u00e9met munkaer\u0151piac fellend\u00fcl\u00e9s\u00e9nek. A Bosch \u00e9s a Continental a legkeresettebb aut\u00f3ipari v\u00e1llalat N\u00e9metorsz\u00e1gban, m\u00edg a legvonz\u00f3bb ter\u00fclet a marketing, az \u00e9rt\u00e9kes\u00edt\u00e9s \u00e9s a szem\u00e9ly\u00fcgy, der\u00fclt ki a","inLanguage":"hu-HU","isPartOf":{"@id":"https:\/\/allasorias.hu\/hirek\/#website"},"breadcrumb":{"@id":"https:\/\/allasorias.hu\/hirek\/szeretik-a-boscht-az-allaskeresok\/#breadcrumblist"},"author":{"@id":"https:\/\/allasorias.hu\/hirek\/author\/admin-allasorias\/#author"},"creator":{"@id":"https:\/\/allasorias.hu\/hirek\/author\/admin-allasorias\/#author"},"image":{"@type":"ImageObject","url":"https:\/\/allasorias.hu\/hirek\/wp-content\/uploads\/2019\/01\/Bosch-Parkhaus.jpg","@id":"https:\/\/allasorias.hu\/hirek\/szeretik-a-boscht-az-allaskeresok\/#mainImage","width":1000,"height":347},"primaryImageOfPage":{"@id":"https:\/\/allasorias.hu\/hirek\/szeretik-a-boscht-az-allaskeresok\/#mainImage"},"datePublished":"2019-01-29T10:49:30+02:00","dateModified":"2022-12-23T09:30:49+02:00"},{"@type":"WebSite","@id":"https:\/\/allasorias.hu\/hirek\/#website","url":"https:\/\/allasorias.hu\/hirek\/","name":"AllasOrias.hu | H\u00edrek-lapszemle","description":"\u00dczleti h\u00edrek az \u00e1ll\u00e1s \u00e9s a munka vil\u00e1g\u00e1b\u00f3l","inLanguage":"hu-HU","publisher":{"@id":"https:\/\/allasorias.hu\/hirek\/#organization"}}]},"og:locale":"hu_HU","og:site_name":"AllasOrias.hu | H\u00edrek-lapszemle | \u00dczleti h\u00edrek az \u00e1ll\u00e1s \u00e9s a munka vil\u00e1g\u00e1b\u00f3l","og:type":"article","og:title":"Szeretik a Boscht az \u00e1ll\u00e1skeres\u0151k | AllasOrias.hu | H\u00edrek-lapszemle","og:description":"Gyakran keresik f\u00f6l a Bosch \u00e1ll\u00e1shirdet\u00e9seit tartalmaz\u00f3 oldalakat az \u00e1ll\u00e1skeres\u0151k. Sokan \u00e9rdekl\u0151dnek a n\u00e9met \u00e1ll\u00e1slehet\u0151s\u00e9gek ir\u00e1nt, \u00e9s sok a tengerent\u00fali p\u00e1ly\u00e1z\u00f3 is. A brexit is j\u00f3l j\u00f6tt a n\u00e9met munkaer\u0151piac fellend\u00fcl\u00e9s\u00e9nek. A Bosch \u00e9s a Continental a legkeresettebb aut\u00f3ipari v\u00e1llalat N\u00e9metorsz\u00e1gban, m\u00edg a legvonz\u00f3bb ter\u00fclet a marketing, az \u00e9rt\u00e9kes\u00edt\u00e9s \u00e9s a szem\u00e9ly\u00fcgy, der\u00fclt ki a","og:url":"https:\/\/allasorias.hu\/hirek\/szeretik-a-boscht-az-allaskeresok\/","og:image":"https:\/\/allasorias.hu\/hirek\/wp-content\/uploads\/2019\/01\/Bosch-Parkhaus.jpg","og:image:secure_url":"https:\/\/allasorias.hu\/hirek\/wp-content\/uploads\/2019\/01\/Bosch-Parkhaus.jpg","og:image:width":1000,"og:image:height":347,"article:published_time":"2019-01-29T10:49:30+00:00","article:modified_time":"2022-12-23T09:30:49+00:00","article:publisher":"https:\/\/www.facebook.com\/allasorias","twitter:card":"summary_large_image","twitter:title":"Szeretik a Boscht az \u00e1ll\u00e1skeres\u0151k | AllasOrias.hu | H\u00edrek-lapszemle","twitter:description":"Gyakran keresik f\u00f6l a Bosch \u00e1ll\u00e1shirdet\u00e9seit tartalmaz\u00f3 oldalakat az \u00e1ll\u00e1skeres\u0151k. Sokan \u00e9rdekl\u0151dnek a n\u00e9met \u00e1ll\u00e1slehet\u0151s\u00e9gek ir\u00e1nt, \u00e9s sok a tengerent\u00fali p\u00e1ly\u00e1z\u00f3 is. A brexit is j\u00f3l j\u00f6tt a n\u00e9met munkaer\u0151piac fellend\u00fcl\u00e9s\u00e9nek. A Bosch \u00e9s a Continental a legkeresettebb aut\u00f3ipari v\u00e1llalat N\u00e9metorsz\u00e1gban, m\u00edg a legvonz\u00f3bb ter\u00fclet a marketing, az \u00e9rt\u00e9kes\u00edt\u00e9s \u00e9s a szem\u00e9ly\u00fcgy, der\u00fclt ki a","twitter:image":"https:\/\/allasorias.hu\/hirek\/wp-content\/uploads\/2019\/01\/Bosch-Parkhaus.jpg","twitter:label1":"Written by","twitter:data1":"Juh\u00e1sz P\u00e9ter","twitter:label2":"Est. reading time","twitter:data2":"2 minutes"},"aioseo_meta_data":{"post_id":"2479","title":null,"description":null,"keywords":[],"keyphrases":{"focus":{"keyphrase":"","score":0,"analysis":{"keyphraseInTitle":{"score":0,"maxScore":9,"error":1}}},"additional":[]},"primary_term":null,"canonical_url":null,"og_title":null,"og_description":null,"og_object_type":"default","og_image_type":"default","og_image_url":null,"og_image_width":null,"og_image_height":null,"og_image_custom_url":null,"og_image_custom_fields":null,"og_video":"","og_custom_url":null,"og_article_section":null,"og_article_tags":[],"twitter_use_og":false,"twitter_card":"default","twitter_image_type":"default","twitter_image_url":null,"twitter_image_custom_url":null,"twitter_image_custom_fields":null,"twitter_title":null,"twitter_description":null,"schema":{"blockGraphs":[],"customGraphs":[],"default":{"data":{"Article":[],"Course":[],"Dataset":[],"FAQPage":[],"Movie":[],"Person":[],"Product":[],"ProductReview":[],"Car":[],"Recipe":[],"Service":[],"SoftwareApplication":[],"WebPage":[]},"graphName":"Article","isEnabled":true},"graphs":[]},"schema_type":null,"schema_type_options":null,"pillar_content":false,"robots_default":true,"robots_noindex":false,"robots_noarchive":false,"robots_nosnippet":false,"robots_nofollow":false,"robots_noimageindex":false,"robots_noodp":false,"robots_notranslate":false,"robots_max_snippet":"-1","robots_max_videopreview":"-1","robots_max_imagepreview":"large","priority":null,"frequency":"default","location":null,"local_seo":null,"breadcrumb_settings":null,"limit_modified_date":false,"ai":null,"created":"2021-02-01 20:46:57","updated":"2025-10-02 09:54:44","seo_analyzer_scan_date":null,"focus_keyword":null,"additional_keywords":null,"truseo_locale":null},"aioseo_breadcrumb":"<div class=\"aioseo-breadcrumbs\"><span class=\"aioseo-breadcrumb\">\n\t\t\t<a href=\"https:\/\/allasorias.hu\/hirek\" title=\"Home\">Home<\/a>\n\t\t<\/span><span class=\"aioseo-breadcrumb-separator\">&raquo;<\/span><span class=\"aioseo-breadcrumb\">\n\t\t\t<a href=\"https:\/\/allasorias.hu\/hirek\/temak\/allaskereses\/\" title=\"\u00c1ll\u00e1skeres\u00e9s\">\u00c1ll\u00e1skeres\u00e9s<\/a>\n\t\t<\/span><span class=\"aioseo-breadcrumb-separator\">&raquo;<\/span><span class=\"aioseo-breadcrumb\">\n\t\t\tSzeretik a Boscht az \u00e1ll\u00e1skeres\u0151k\n\t\t<\/span><\/div>","aioseo_breadcrumb_json":[{"label":"Home","link":"https:\/\/allasorias.hu\/hirek"},{"label":"\u00c1ll\u00e1skeres\u00e9s","link":"https:\/\/allasorias.hu\/hirek\/temak\/allaskereses\/"},{"label":"Szeretik a Boscht az \u00e1ll\u00e1skeres\u0151k","link":"https:\/\/allasorias.hu\/hirek\/szeretik-a-boscht-az-allaskeresok\/"}],"_links":{"self":[{"href":"https:\/\/allasorias.hu\/hirek\/wp-json\/wp\/v2\/posts\/2479","targetHints":{"allow":["GET"]}}],"collection":[{"href":"https:\/\/allasorias.hu\/hirek\/wp-json\/wp\/v2\/posts"}],"about":[{"href":"https:\/\/allasorias.hu\/hirek\/wp-json\/wp\/v2\/types\/post"}],"author":[{"embeddable":true,"href":"https:\/\/allasorias.hu\/hirek\/wp-json\/wp\/v2\/users\/1"}],"replies":[{"embeddable":true,"href":"https:\/\/allasorias.hu\/hirek\/wp-json\/wp\/v2\/comments?post=2479"}],"version-history":[{"count":1,"href":"https:\/\/allasorias.hu\/hirek\/wp-json\/wp\/v2\/posts\/2479\/revisions"}],"predecessor-version":[{"id":2481,"href":"https:\/\/allasorias.hu\/hirek\/wp-json\/wp\/v2\/posts\/2479\/revisions\/2481"}],"wp:featuredmedia":[{"embeddable":true,"href":"https:\/\/allasorias.hu\/hirek\/wp-json\/wp\/v2\/media\/6080"}],"wp:attachment":[{"href":"https:\/\/allasorias.hu\/hirek\/wp-json\/wp\/v2\/media?parent=2479"}],"wp:term":[{"taxonomy":"category","embeddable":true,"href":"https:\/\/allasorias.hu\/hirek\/wp-json\/wp\/v2\/categories?post=2479"},{"taxonomy":"post_tag","embeddable":true,"href":"https:\/\/allasorias.hu\/hirek\/wp-json\/wp\/v2\/tags?post=2479"}],"curies":[{"name":"wp","href":"https:\/\/api.w.org\/{rel}","templated":true}]}}