{"id":2461,"date":"2019-01-24T12:21:58","date_gmt":"2019-01-24T12:21:58","guid":{"rendered":"https:\/\/allasorias.hu\/hirek\/?p=2461"},"modified":"2019-01-24T12:21:58","modified_gmt":"2019-01-24T12:21:58","slug":"a-penny-marketnel-engedelyezik-a-400-oras-tulmunkat","status":"publish","type":"post","link":"https:\/\/allasorias.hu\/hirek\/a-penny-marketnel-engedelyezik-a-400-oras-tulmunkat\/","title":{"rendered":"A Penny marketn\u00e9l enged\u00e9lyezik a 400 \u00f3r\u00e1s t\u00falmunk\u00e1t"},"content":{"rendered":"<p><strong>Meg\u00e1llapodott a Kereskedelmi Alkalmazottak Szakszervezete \u00e9s a Penny Market Kft. \u00dczemi Tan\u00e1csa a t\u00fal\u00f3rat\u00f6rv\u00e9nyr\u0151l. A Penny Market k\u00f6zlem\u00e9ny\u00e9ben \u00fagy fogalmazott: tov\u00e1bb er\u0151s\u00edtik a munkat\u00e1rsakkal val\u00f3 egy\u00fcttm\u0171k\u00f6d\u00e9st. <\/strong><\/p>\n<p>A meg\u00e1llapod\u00e1s \u00e9rtelm\u00e9ben a Penny Market Kft. a kollekt\u00edv szerz\u0151d\u00e9sben meghat\u00e1rozott \u00e9vi t\u00falmunkakeret m\u00e9rt\u00e9k\u00e9t nem emeli. Viszont azok sz\u00e1m\u00e1ra, akik \u00e9lni k\u00edv\u00e1nnak ezzel a lehet\u0151s\u00e9ggel, a c\u00e9g lehet\u0151v\u00e9 teszi a magasabb, \u00e9vente ak\u00e1r 400 \u00f3ra t\u00falmunk\u00e1t. Mint megjegyzik egy\u00fattal, erre kiz\u00e1r\u00f3lag val\u00f3di \u00f6nk\u00e9ntess\u00e9g alapj\u00e1n van lehet\u0151s\u00e9g, valamint egy k\u00fcl\u00f6n meg\u00e1llapod\u00e1s megk\u00f6t\u00e9se is sz\u00fcks\u00e9ges a munkav\u00e1llal\u00f3i \u00e9rdekk\u00e9pviseletek k\u00f6zrem\u0171k\u00f6d\u00e9s\u00e9vel. Eddig a Spar, a Tesco \u00e9s a Media Markt jelezte, nem \u00e9lnek a t\u00falmunk\u00e1val.<\/p>\n<p>Forr\u00e1s: privatbankar.hu<\/p>\n","protected":false},"excerpt":{"rendered":"<p>Meg\u00e1llapodott a Kereskedelmi Alkalmazottak Szakszervezete \u00e9s a Penny Market Kft. \u00dczemi Tan\u00e1csa a t\u00fal\u00f3rat\u00f6rv\u00e9nyr\u0151l. A Penny Market k\u00f6zlem\u00e9ny\u00e9ben \u00fagy fogalmazott: tov\u00e1bb er\u0151s\u00edtik a munkat\u00e1rsakkal val\u00f3 egy\u00fcttm\u0171k\u00f6d\u00e9st. A meg\u00e1llapod\u00e1s \u00e9rtelm\u00e9ben a Penny Market Kft. a kollekt\u00edv szerz\u0151d\u00e9sben meghat\u00e1rozott \u00e9vi t\u00falmunkakeret m\u00e9rt\u00e9k\u00e9t nem emeli. Viszont azok sz\u00e1m\u00e1ra, akik \u00e9lni k\u00edv\u00e1nnak ezzel a lehet\u0151s\u00e9ggel, a c\u00e9g lehet\u0151v\u00e9 teszi [&hellip;]<\/p>\n","protected":false},"author":1,"featured_media":2462,"comment_status":"open","ping_status":"open","sticky":false,"template":"","format":"standard","meta":{"_monsterinsights_skip_tracking":false,"footnotes":""},"categories":[198,200],"tags":[],"class_list":["post-2461","post","type-post","status-publish","format-standard","has-post-thumbnail","hentry","category-gazdasag","category-munkaeropiac"],"aioseo_notices":[],"aioseo_head":"\n\t\t<!-- All in One SEO 5.0.0.1 - aioseo.com -->\n\t<meta name=\"description\" content=\"Meg\u00e1llapodott a Kereskedelmi Alkalmazottak Szakszervezete \u00e9s a Penny Market Kft. \u00dczemi Tan\u00e1csa a t\u00fal\u00f3rat\u00f6rv\u00e9nyr\u0151l. A Penny Market k\u00f6zlem\u00e9ny\u00e9ben \u00fagy fogalmazott: tov\u00e1bb er\u0151s\u00edtik a munkat\u00e1rsakkal val\u00f3 egy\u00fcttm\u0171k\u00f6d\u00e9st. A meg\u00e1llapod\u00e1s \u00e9rtelm\u00e9ben a Penny Market Kft. a kollekt\u00edv szerz\u0151d\u00e9sben meghat\u00e1rozott \u00e9vi t\u00falmunkakeret m\u00e9rt\u00e9k\u00e9t nem emeli. Viszont azok sz\u00e1m\u00e1ra, akik \u00e9lni k\u00edv\u00e1nnak ezzel a lehet\u0151s\u00e9ggel, a c\u00e9g lehet\u0151v\u00e9 teszi\" \/>\n\t<meta name=\"robots\" content=\"max-image-preview:large\" \/>\n\t<meta name=\"author\" content=\"Juh\u00e1sz P\u00e9ter\"\/>\n\t<link rel=\"canonical\" href=\"https:\/\/allasorias.hu\/hirek\/a-penny-marketnel-engedelyezik-a-400-oras-tulmunkat\/\" \/>\n\t<meta name=\"generator\" content=\"All in One SEO (AIOSEO) 5.0.0.1\" \/>\n\t\t<meta property=\"og:locale\" content=\"hu_HU\" \/>\n\t\t<meta property=\"og:site_name\" content=\"AllasOrias.hu | H\u00edrek-lapszemle | \u00dczleti h\u00edrek az \u00e1ll\u00e1s \u00e9s a munka vil\u00e1g\u00e1b\u00f3l\" \/>\n\t\t<meta property=\"og:type\" content=\"article\" \/>\n\t\t<meta property=\"og:title\" content=\"A Penny marketn\u00e9l enged\u00e9lyezik a 400 \u00f3r\u00e1s t\u00falmunk\u00e1t | AllasOrias.hu | H\u00edrek-lapszemle\" \/>\n\t\t<meta property=\"og:description\" content=\"Meg\u00e1llapodott a Kereskedelmi Alkalmazottak Szakszervezete \u00e9s a Penny Market Kft. \u00dczemi Tan\u00e1csa a t\u00fal\u00f3rat\u00f6rv\u00e9nyr\u0151l. A Penny Market k\u00f6zlem\u00e9ny\u00e9ben \u00fagy fogalmazott: tov\u00e1bb er\u0151s\u00edtik a munkat\u00e1rsakkal val\u00f3 egy\u00fcttm\u0171k\u00f6d\u00e9st. A meg\u00e1llapod\u00e1s \u00e9rtelm\u00e9ben a Penny Market Kft. a kollekt\u00edv szerz\u0151d\u00e9sben meghat\u00e1rozott \u00e9vi t\u00falmunkakeret m\u00e9rt\u00e9k\u00e9t nem emeli. Viszont azok sz\u00e1m\u00e1ra, akik \u00e9lni k\u00edv\u00e1nnak ezzel a lehet\u0151s\u00e9ggel, a c\u00e9g lehet\u0151v\u00e9 teszi\" \/>\n\t\t<meta property=\"og:url\" content=\"https:\/\/allasorias.hu\/hirek\/a-penny-marketnel-engedelyezik-a-400-oras-tulmunkat\/\" \/>\n\t\t<meta property=\"og:image\" content=\"https:\/\/allasorias.hu\/hirek\/wp-content\/uploads\/2019\/01\/penny.jpeg\" \/>\n\t\t<meta property=\"og:image:secure_url\" content=\"https:\/\/allasorias.hu\/hirek\/wp-content\/uploads\/2019\/01\/penny.jpeg\" \/>\n\t\t<meta property=\"og:image:width\" content=\"640\" \/>\n\t\t<meta property=\"og:image:height\" content=\"426\" \/>\n\t\t<meta property=\"article:published_time\" content=\"2019-01-24T12:21:58+00:00\" \/>\n\t\t<meta property=\"article:modified_time\" content=\"2019-01-24T12:21:58+00:00\" \/>\n\t\t<meta property=\"article:publisher\" content=\"https:\/\/www.facebook.com\/allasorias\" \/>\n\t\t<meta name=\"twitter:card\" content=\"summary_large_image\" \/>\n\t\t<meta name=\"twitter:title\" content=\"A Penny marketn\u00e9l enged\u00e9lyezik a 400 \u00f3r\u00e1s t\u00falmunk\u00e1t | AllasOrias.hu | H\u00edrek-lapszemle\" \/>\n\t\t<meta name=\"twitter:description\" content=\"Meg\u00e1llapodott a Kereskedelmi Alkalmazottak Szakszervezete \u00e9s a Penny Market Kft. \u00dczemi Tan\u00e1csa a t\u00fal\u00f3rat\u00f6rv\u00e9nyr\u0151l. A Penny Market k\u00f6zlem\u00e9ny\u00e9ben \u00fagy fogalmazott: tov\u00e1bb er\u0151s\u00edtik a munkat\u00e1rsakkal val\u00f3 egy\u00fcttm\u0171k\u00f6d\u00e9st. A meg\u00e1llapod\u00e1s \u00e9rtelm\u00e9ben a Penny Market Kft. a kollekt\u00edv szerz\u0151d\u00e9sben meghat\u00e1rozott \u00e9vi t\u00falmunkakeret m\u00e9rt\u00e9k\u00e9t nem emeli. Viszont azok sz\u00e1m\u00e1ra, akik \u00e9lni k\u00edv\u00e1nnak ezzel a lehet\u0151s\u00e9ggel, a c\u00e9g lehet\u0151v\u00e9 teszi\" \/>\n\t\t<meta name=\"twitter:image\" content=\"https:\/\/allasorias.hu\/hirek\/wp-content\/uploads\/2019\/01\/penny.jpeg\" \/>\n\t\t<meta name=\"twitter:label1\" content=\"Written by\" \/>\n\t\t<meta name=\"twitter:data1\" content=\"Juh\u00e1sz P\u00e9ter\" \/>\n\t\t<meta name=\"twitter:label2\" content=\"Est. reading time\" \/>\n\t\t<meta name=\"twitter:data2\" content=\"1 minute\" \/>\n\t\t<script type=\"application\/ld+json\" class=\"aioseo-schema\">\n\t\t\t{\"@context\":\"https:\\\/\\\/schema.org\",\"@graph\":[{\"@type\":\"Article\",\"@id\":\"https:\\\/\\\/allasorias.hu\\\/hirek\\\/a-penny-marketnel-engedelyezik-a-400-oras-tulmunkat\\\/#article\",\"name\":\"A Penny marketn\\u00e9l enged\\u00e9lyezik a 400 \\u00f3r\\u00e1s t\\u00falmunk\\u00e1t | AllasOrias.hu | H\\u00edrek-lapszemle\",\"headline\":\"A Penny marketn\\u00e9l enged\\u00e9lyezik a 400 \\u00f3r\\u00e1s t\\u00falmunk\\u00e1t\",\"author\":{\"@id\":\"https:\\\/\\\/allasorias.hu\\\/hirek\\\/author\\\/admin-allasorias\\\/#author\"},\"publisher\":{\"@id\":\"https:\\\/\\\/allasorias.hu\\\/hirek\\\/#organization\"},\"image\":{\"@type\":\"ImageObject\",\"url\":\"https:\\\/\\\/allasorias.hu\\\/hirek\\\/wp-content\\\/uploads\\\/2019\\\/01\\\/penny.jpeg\",\"width\":640,\"height\":426},\"datePublished\":\"2019-01-24T12:21:58+02:00\",\"dateModified\":\"2019-01-24T12:21:58+02:00\",\"inLanguage\":\"hu-HU\",\"mainEntityOfPage\":{\"@id\":\"https:\\\/\\\/allasorias.hu\\\/hirek\\\/a-penny-marketnel-engedelyezik-a-400-oras-tulmunkat\\\/#webpage\"},\"isPartOf\":{\"@id\":\"https:\\\/\\\/allasorias.hu\\\/hirek\\\/a-penny-marketnel-engedelyezik-a-400-oras-tulmunkat\\\/#webpage\"},\"articleSection\":\"Gazdas\\u00e1g, Munkaer\\u0151piac\"},{\"@type\":\"BreadcrumbList\",\"@id\":\"https:\\\/\\\/allasorias.hu\\\/hirek\\\/a-penny-marketnel-engedelyezik-a-400-oras-tulmunkat\\\/#breadcrumblist\",\"itemListElement\":[{\"@type\":\"ListItem\",\"@id\":\"https:\\\/\\\/allasorias.hu\\\/hirek#listItem\",\"position\":1,\"name\":\"Home\",\"item\":\"https:\\\/\\\/allasorias.hu\\\/hirek\",\"nextItem\":{\"@type\":\"ListItem\",\"@id\":\"https:\\\/\\\/allasorias.hu\\\/hirek\\\/temak\\\/gazdasag\\\/#listItem\",\"name\":\"Gazdas\\u00e1g\"}},{\"@type\":\"ListItem\",\"@id\":\"https:\\\/\\\/allasorias.hu\\\/hirek\\\/temak\\\/gazdasag\\\/#listItem\",\"position\":2,\"name\":\"Gazdas\\u00e1g\",\"item\":\"https:\\\/\\\/allasorias.hu\\\/hirek\\\/temak\\\/gazdasag\\\/\",\"nextItem\":{\"@type\":\"ListItem\",\"@id\":\"https:\\\/\\\/allasorias.hu\\\/hirek\\\/a-penny-marketnel-engedelyezik-a-400-oras-tulmunkat\\\/#listItem\",\"name\":\"A Penny marketn\\u00e9l enged\\u00e9lyezik a 400 \\u00f3r\\u00e1s t\\u00falmunk\\u00e1t\"},\"previousItem\":{\"@type\":\"ListItem\",\"@id\":\"https:\\\/\\\/allasorias.hu\\\/hirek#listItem\",\"name\":\"Home\"}},{\"@type\":\"ListItem\",\"@id\":\"https:\\\/\\\/allasorias.hu\\\/hirek\\\/a-penny-marketnel-engedelyezik-a-400-oras-tulmunkat\\\/#listItem\",\"position\":3,\"name\":\"A Penny marketn\\u00e9l enged\\u00e9lyezik a 400 \\u00f3r\\u00e1s t\\u00falmunk\\u00e1t\",\"previousItem\":{\"@type\":\"ListItem\",\"@id\":\"https:\\\/\\\/allasorias.hu\\\/hirek\\\/temak\\\/gazdasag\\\/#listItem\",\"name\":\"Gazdas\\u00e1g\"}}]},{\"@type\":\"Organization\",\"@id\":\"https:\\\/\\\/allasorias.hu\\\/hirek\\\/#organization\",\"name\":\"AllasOrias.hu | H\\u00edrek-lapszemle\",\"description\":\"\\u00dczleti h\\u00edrek az \\u00e1ll\\u00e1s \\u00e9s a munka vil\\u00e1g\\u00e1b\\u00f3l\",\"url\":\"https:\\\/\\\/allasorias.hu\\\/hirek\\\/\",\"logo\":{\"@type\":\"ImageObject\",\"url\":\"https:\\\/\\\/allasorias.hu\\\/hirek\\\/wp-content\\\/uploads\\\/2022\\\/10\\\/allasorias_site_facebok_logo.png\",\"@id\":\"https:\\\/\\\/allasorias.hu\\\/hirek\\\/a-penny-marketnel-engedelyezik-a-400-oras-tulmunkat\\\/#organizationLogo\"},\"image\":{\"@id\":\"https:\\\/\\\/allasorias.hu\\\/hirek\\\/a-penny-marketnel-engedelyezik-a-400-oras-tulmunkat\\\/#organizationLogo\"},\"sameAs\":[\"https:\\\/\\\/www.facebook.com\\\/allasorias\",\"https:\\\/\\\/www.linkedin.com\\\/company\\\/allasorias\"]},{\"@type\":\"Person\",\"@id\":\"https:\\\/\\\/allasorias.hu\\\/hirek\\\/author\\\/admin-allasorias\\\/#author\",\"url\":\"https:\\\/\\\/allasorias.hu\\\/hirek\\\/author\\\/admin-allasorias\\\/\",\"name\":\"Juh\\u00e1sz P\\u00e9ter\",\"image\":{\"@type\":\"ImageObject\",\"@id\":\"https:\\\/\\\/allasorias.hu\\\/hirek\\\/a-penny-marketnel-engedelyezik-a-400-oras-tulmunkat\\\/#authorImage\",\"url\":\"https:\\\/\\\/secure.gravatar.com\\\/avatar\\\/36e6bcb83148978b992977cb0f54d22feb0cce8a0a849a9410532bb2623ba4c6?s=96&d=mm&r=g\",\"width\":96,\"height\":96,\"caption\":\"Juh\\u00e1sz P\\u00e9ter\"}},{\"@type\":\"WebPage\",\"@id\":\"https:\\\/\\\/allasorias.hu\\\/hirek\\\/a-penny-marketnel-engedelyezik-a-400-oras-tulmunkat\\\/#webpage\",\"url\":\"https:\\\/\\\/allasorias.hu\\\/hirek\\\/a-penny-marketnel-engedelyezik-a-400-oras-tulmunkat\\\/\",\"name\":\"A Penny marketn\\u00e9l enged\\u00e9lyezik a 400 \\u00f3r\\u00e1s t\\u00falmunk\\u00e1t | AllasOrias.hu | H\\u00edrek-lapszemle\",\"description\":\"Meg\\u00e1llapodott a Kereskedelmi Alkalmazottak Szakszervezete \\u00e9s a Penny Market Kft. \\u00dczemi Tan\\u00e1csa a t\\u00fal\\u00f3rat\\u00f6rv\\u00e9nyr\\u0151l. A Penny Market k\\u00f6zlem\\u00e9ny\\u00e9ben \\u00fagy fogalmazott: tov\\u00e1bb er\\u0151s\\u00edtik a munkat\\u00e1rsakkal val\\u00f3 egy\\u00fcttm\\u0171k\\u00f6d\\u00e9st. A meg\\u00e1llapod\\u00e1s \\u00e9rtelm\\u00e9ben a Penny Market Kft. a kollekt\\u00edv szerz\\u0151d\\u00e9sben meghat\\u00e1rozott \\u00e9vi t\\u00falmunkakeret m\\u00e9rt\\u00e9k\\u00e9t nem emeli. Viszont azok sz\\u00e1m\\u00e1ra, akik \\u00e9lni k\\u00edv\\u00e1nnak ezzel a lehet\\u0151s\\u00e9ggel, a c\\u00e9g lehet\\u0151v\\u00e9 teszi\",\"inLanguage\":\"hu-HU\",\"isPartOf\":{\"@id\":\"https:\\\/\\\/allasorias.hu\\\/hirek\\\/#website\"},\"breadcrumb\":{\"@id\":\"https:\\\/\\\/allasorias.hu\\\/hirek\\\/a-penny-marketnel-engedelyezik-a-400-oras-tulmunkat\\\/#breadcrumblist\"},\"author\":{\"@id\":\"https:\\\/\\\/allasorias.hu\\\/hirek\\\/author\\\/admin-allasorias\\\/#author\"},\"creator\":{\"@id\":\"https:\\\/\\\/allasorias.hu\\\/hirek\\\/author\\\/admin-allasorias\\\/#author\"},\"image\":{\"@type\":\"ImageObject\",\"url\":\"https:\\\/\\\/allasorias.hu\\\/hirek\\\/wp-content\\\/uploads\\\/2019\\\/01\\\/penny.jpeg\",\"@id\":\"https:\\\/\\\/allasorias.hu\\\/hirek\\\/a-penny-marketnel-engedelyezik-a-400-oras-tulmunkat\\\/#mainImage\",\"width\":640,\"height\":426},\"primaryImageOfPage\":{\"@id\":\"https:\\\/\\\/allasorias.hu\\\/hirek\\\/a-penny-marketnel-engedelyezik-a-400-oras-tulmunkat\\\/#mainImage\"},\"datePublished\":\"2019-01-24T12:21:58+02:00\",\"dateModified\":\"2019-01-24T12:21:58+02:00\"},{\"@type\":\"WebSite\",\"@id\":\"https:\\\/\\\/allasorias.hu\\\/hirek\\\/#website\",\"url\":\"https:\\\/\\\/allasorias.hu\\\/hirek\\\/\",\"name\":\"AllasOrias.hu | H\\u00edrek-lapszemle\",\"description\":\"\\u00dczleti h\\u00edrek az \\u00e1ll\\u00e1s \\u00e9s a munka vil\\u00e1g\\u00e1b\\u00f3l\",\"inLanguage\":\"hu-HU\",\"publisher\":{\"@id\":\"https:\\\/\\\/allasorias.hu\\\/hirek\\\/#organization\"}}]}\n\t\t<\/script>\n\t\t<!-- All in One SEO -->\n\n","aioseo_head_json":{"title":"A Penny marketn\u00e9l enged\u00e9lyezik a 400 \u00f3r\u00e1s t\u00falmunk\u00e1t | AllasOrias.hu | H\u00edrek-lapszemle","description":"Meg\u00e1llapodott a Kereskedelmi Alkalmazottak Szakszervezete \u00e9s a Penny Market Kft. \u00dczemi Tan\u00e1csa a t\u00fal\u00f3rat\u00f6rv\u00e9nyr\u0151l. A Penny Market k\u00f6zlem\u00e9ny\u00e9ben \u00fagy fogalmazott: tov\u00e1bb er\u0151s\u00edtik a munkat\u00e1rsakkal val\u00f3 egy\u00fcttm\u0171k\u00f6d\u00e9st. A meg\u00e1llapod\u00e1s \u00e9rtelm\u00e9ben a Penny Market Kft. a kollekt\u00edv szerz\u0151d\u00e9sben meghat\u00e1rozott \u00e9vi t\u00falmunkakeret m\u00e9rt\u00e9k\u00e9t nem emeli. Viszont azok sz\u00e1m\u00e1ra, akik \u00e9lni k\u00edv\u00e1nnak ezzel a lehet\u0151s\u00e9ggel, a c\u00e9g lehet\u0151v\u00e9 teszi","canonical_url":"https:\/\/allasorias.hu\/hirek\/a-penny-marketnel-engedelyezik-a-400-oras-tulmunkat\/","robots":"max-image-preview:large","keywords":"","webmasterTools":{"miscellaneous":""},"schema":{"@context":"https:\/\/schema.org","@graph":[{"@type":"Article","@id":"https:\/\/allasorias.hu\/hirek\/a-penny-marketnel-engedelyezik-a-400-oras-tulmunkat\/#article","name":"A Penny marketn\u00e9l enged\u00e9lyezik a 400 \u00f3r\u00e1s t\u00falmunk\u00e1t | AllasOrias.hu | H\u00edrek-lapszemle","headline":"A Penny marketn\u00e9l enged\u00e9lyezik a 400 \u00f3r\u00e1s t\u00falmunk\u00e1t","author":{"@id":"https:\/\/allasorias.hu\/hirek\/author\/admin-allasorias\/#author"},"publisher":{"@id":"https:\/\/allasorias.hu\/hirek\/#organization"},"image":{"@type":"ImageObject","url":"https:\/\/allasorias.hu\/hirek\/wp-content\/uploads\/2019\/01\/penny.jpeg","width":640,"height":426},"datePublished":"2019-01-24T12:21:58+02:00","dateModified":"2019-01-24T12:21:58+02:00","inLanguage":"hu-HU","mainEntityOfPage":{"@id":"https:\/\/allasorias.hu\/hirek\/a-penny-marketnel-engedelyezik-a-400-oras-tulmunkat\/#webpage"},"isPartOf":{"@id":"https:\/\/allasorias.hu\/hirek\/a-penny-marketnel-engedelyezik-a-400-oras-tulmunkat\/#webpage"},"articleSection":"Gazdas\u00e1g, Munkaer\u0151piac"},{"@type":"BreadcrumbList","@id":"https:\/\/allasorias.hu\/hirek\/a-penny-marketnel-engedelyezik-a-400-oras-tulmunkat\/#breadcrumblist","itemListElement":[{"@type":"ListItem","@id":"https:\/\/allasorias.hu\/hirek#listItem","position":1,"name":"Home","item":"https:\/\/allasorias.hu\/hirek","nextItem":{"@type":"ListItem","@id":"https:\/\/allasorias.hu\/hirek\/temak\/gazdasag\/#listItem","name":"Gazdas\u00e1g"}},{"@type":"ListItem","@id":"https:\/\/allasorias.hu\/hirek\/temak\/gazdasag\/#listItem","position":2,"name":"Gazdas\u00e1g","item":"https:\/\/allasorias.hu\/hirek\/temak\/gazdasag\/","nextItem":{"@type":"ListItem","@id":"https:\/\/allasorias.hu\/hirek\/a-penny-marketnel-engedelyezik-a-400-oras-tulmunkat\/#listItem","name":"A Penny marketn\u00e9l enged\u00e9lyezik a 400 \u00f3r\u00e1s t\u00falmunk\u00e1t"},"previousItem":{"@type":"ListItem","@id":"https:\/\/allasorias.hu\/hirek#listItem","name":"Home"}},{"@type":"ListItem","@id":"https:\/\/allasorias.hu\/hirek\/a-penny-marketnel-engedelyezik-a-400-oras-tulmunkat\/#listItem","position":3,"name":"A Penny marketn\u00e9l enged\u00e9lyezik a 400 \u00f3r\u00e1s t\u00falmunk\u00e1t","previousItem":{"@type":"ListItem","@id":"https:\/\/allasorias.hu\/hirek\/temak\/gazdasag\/#listItem","name":"Gazdas\u00e1g"}}]},{"@type":"Organization","@id":"https:\/\/allasorias.hu\/hirek\/#organization","name":"AllasOrias.hu | H\u00edrek-lapszemle","description":"\u00dczleti h\u00edrek az \u00e1ll\u00e1s \u00e9s a munka vil\u00e1g\u00e1b\u00f3l","url":"https:\/\/allasorias.hu\/hirek\/","logo":{"@type":"ImageObject","url":"https:\/\/allasorias.hu\/hirek\/wp-content\/uploads\/2022\/10\/allasorias_site_facebok_logo.png","@id":"https:\/\/allasorias.hu\/hirek\/a-penny-marketnel-engedelyezik-a-400-oras-tulmunkat\/#organizationLogo"},"image":{"@id":"https:\/\/allasorias.hu\/hirek\/a-penny-marketnel-engedelyezik-a-400-oras-tulmunkat\/#organizationLogo"},"sameAs":["https:\/\/www.facebook.com\/allasorias","https:\/\/www.linkedin.com\/company\/allasorias"]},{"@type":"Person","@id":"https:\/\/allasorias.hu\/hirek\/author\/admin-allasorias\/#author","url":"https:\/\/allasorias.hu\/hirek\/author\/admin-allasorias\/","name":"Juh\u00e1sz P\u00e9ter","image":{"@type":"ImageObject","@id":"https:\/\/allasorias.hu\/hirek\/a-penny-marketnel-engedelyezik-a-400-oras-tulmunkat\/#authorImage","url":"https:\/\/secure.gravatar.com\/avatar\/36e6bcb83148978b992977cb0f54d22feb0cce8a0a849a9410532bb2623ba4c6?s=96&d=mm&r=g","width":96,"height":96,"caption":"Juh\u00e1sz P\u00e9ter"}},{"@type":"WebPage","@id":"https:\/\/allasorias.hu\/hirek\/a-penny-marketnel-engedelyezik-a-400-oras-tulmunkat\/#webpage","url":"https:\/\/allasorias.hu\/hirek\/a-penny-marketnel-engedelyezik-a-400-oras-tulmunkat\/","name":"A Penny marketn\u00e9l enged\u00e9lyezik a 400 \u00f3r\u00e1s t\u00falmunk\u00e1t | AllasOrias.hu | H\u00edrek-lapszemle","description":"Meg\u00e1llapodott a Kereskedelmi Alkalmazottak Szakszervezete \u00e9s a Penny Market Kft. \u00dczemi Tan\u00e1csa a t\u00fal\u00f3rat\u00f6rv\u00e9nyr\u0151l. A Penny Market k\u00f6zlem\u00e9ny\u00e9ben \u00fagy fogalmazott: tov\u00e1bb er\u0151s\u00edtik a munkat\u00e1rsakkal val\u00f3 egy\u00fcttm\u0171k\u00f6d\u00e9st. A meg\u00e1llapod\u00e1s \u00e9rtelm\u00e9ben a Penny Market Kft. a kollekt\u00edv szerz\u0151d\u00e9sben meghat\u00e1rozott \u00e9vi t\u00falmunkakeret m\u00e9rt\u00e9k\u00e9t nem emeli. Viszont azok sz\u00e1m\u00e1ra, akik \u00e9lni k\u00edv\u00e1nnak ezzel a lehet\u0151s\u00e9ggel, a c\u00e9g lehet\u0151v\u00e9 teszi","inLanguage":"hu-HU","isPartOf":{"@id":"https:\/\/allasorias.hu\/hirek\/#website"},"breadcrumb":{"@id":"https:\/\/allasorias.hu\/hirek\/a-penny-marketnel-engedelyezik-a-400-oras-tulmunkat\/#breadcrumblist"},"author":{"@id":"https:\/\/allasorias.hu\/hirek\/author\/admin-allasorias\/#author"},"creator":{"@id":"https:\/\/allasorias.hu\/hirek\/author\/admin-allasorias\/#author"},"image":{"@type":"ImageObject","url":"https:\/\/allasorias.hu\/hirek\/wp-content\/uploads\/2019\/01\/penny.jpeg","@id":"https:\/\/allasorias.hu\/hirek\/a-penny-marketnel-engedelyezik-a-400-oras-tulmunkat\/#mainImage","width":640,"height":426},"primaryImageOfPage":{"@id":"https:\/\/allasorias.hu\/hirek\/a-penny-marketnel-engedelyezik-a-400-oras-tulmunkat\/#mainImage"},"datePublished":"2019-01-24T12:21:58+02:00","dateModified":"2019-01-24T12:21:58+02:00"},{"@type":"WebSite","@id":"https:\/\/allasorias.hu\/hirek\/#website","url":"https:\/\/allasorias.hu\/hirek\/","name":"AllasOrias.hu | H\u00edrek-lapszemle","description":"\u00dczleti h\u00edrek az \u00e1ll\u00e1s \u00e9s a munka vil\u00e1g\u00e1b\u00f3l","inLanguage":"hu-HU","publisher":{"@id":"https:\/\/allasorias.hu\/hirek\/#organization"}}]},"og:locale":"hu_HU","og:site_name":"AllasOrias.hu | H\u00edrek-lapszemle | \u00dczleti h\u00edrek az \u00e1ll\u00e1s \u00e9s a munka vil\u00e1g\u00e1b\u00f3l","og:type":"article","og:title":"A Penny marketn\u00e9l enged\u00e9lyezik a 400 \u00f3r\u00e1s t\u00falmunk\u00e1t | AllasOrias.hu | H\u00edrek-lapszemle","og:description":"Meg\u00e1llapodott a Kereskedelmi Alkalmazottak Szakszervezete \u00e9s a Penny Market Kft. \u00dczemi Tan\u00e1csa a t\u00fal\u00f3rat\u00f6rv\u00e9nyr\u0151l. A Penny Market k\u00f6zlem\u00e9ny\u00e9ben \u00fagy fogalmazott: tov\u00e1bb er\u0151s\u00edtik a munkat\u00e1rsakkal val\u00f3 egy\u00fcttm\u0171k\u00f6d\u00e9st. A meg\u00e1llapod\u00e1s \u00e9rtelm\u00e9ben a Penny Market Kft. a kollekt\u00edv szerz\u0151d\u00e9sben meghat\u00e1rozott \u00e9vi t\u00falmunkakeret m\u00e9rt\u00e9k\u00e9t nem emeli. Viszont azok sz\u00e1m\u00e1ra, akik \u00e9lni k\u00edv\u00e1nnak ezzel a lehet\u0151s\u00e9ggel, a c\u00e9g lehet\u0151v\u00e9 teszi","og:url":"https:\/\/allasorias.hu\/hirek\/a-penny-marketnel-engedelyezik-a-400-oras-tulmunkat\/","og:image":"https:\/\/allasorias.hu\/hirek\/wp-content\/uploads\/2019\/01\/penny.jpeg","og:image:secure_url":"https:\/\/allasorias.hu\/hirek\/wp-content\/uploads\/2019\/01\/penny.jpeg","og:image:width":640,"og:image:height":426,"article:published_time":"2019-01-24T12:21:58+00:00","article:modified_time":"2019-01-24T12:21:58+00:00","article:publisher":"https:\/\/www.facebook.com\/allasorias","twitter:card":"summary_large_image","twitter:title":"A Penny marketn\u00e9l enged\u00e9lyezik a 400 \u00f3r\u00e1s t\u00falmunk\u00e1t | AllasOrias.hu | H\u00edrek-lapszemle","twitter:description":"Meg\u00e1llapodott a Kereskedelmi Alkalmazottak Szakszervezete \u00e9s a Penny Market Kft. \u00dczemi Tan\u00e1csa a t\u00fal\u00f3rat\u00f6rv\u00e9nyr\u0151l. A Penny Market k\u00f6zlem\u00e9ny\u00e9ben \u00fagy fogalmazott: tov\u00e1bb er\u0151s\u00edtik a munkat\u00e1rsakkal val\u00f3 egy\u00fcttm\u0171k\u00f6d\u00e9st. A meg\u00e1llapod\u00e1s \u00e9rtelm\u00e9ben a Penny Market Kft. a kollekt\u00edv szerz\u0151d\u00e9sben meghat\u00e1rozott \u00e9vi t\u00falmunkakeret m\u00e9rt\u00e9k\u00e9t nem emeli. Viszont azok sz\u00e1m\u00e1ra, akik \u00e9lni k\u00edv\u00e1nnak ezzel a lehet\u0151s\u00e9ggel, a c\u00e9g lehet\u0151v\u00e9 teszi","twitter:image":"https:\/\/allasorias.hu\/hirek\/wp-content\/uploads\/2019\/01\/penny.jpeg","twitter:label1":"Written by","twitter:data1":"Juh\u00e1sz P\u00e9ter","twitter:label2":"Est. reading time","twitter:data2":"1 minute"},"aioseo_meta_data":{"post_id":"2461","title":null,"description":null,"keywords":null,"keyphrases":null,"primary_term":null,"canonical_url":null,"og_title":null,"og_description":null,"og_object_type":"default","og_image_type":"default","og_image_url":null,"og_image_width":null,"og_image_height":null,"og_image_custom_url":null,"og_image_custom_fields":null,"og_video":null,"og_custom_url":null,"og_article_section":null,"og_article_tags":null,"twitter_use_og":false,"twitter_card":"default","twitter_image_type":"default","twitter_image_url":null,"twitter_image_custom_url":null,"twitter_image_custom_fields":null,"twitter_title":null,"twitter_description":null,"schema":{"blockGraphs":[],"customGraphs":[],"default":{"data":{"Article":[],"Course":[],"Dataset":[],"FAQPage":[],"Movie":[],"Person":[],"Product":[],"ProductReview":[],"Car":[],"Recipe":[],"Service":[],"SoftwareApplication":[],"WebPage":[]},"graphName":"","isEnabled":true},"graphs":[],"defaultGraph":"","defaultPostTypeGraph":""},"schema_type":null,"schema_type_options":null,"pillar_content":false,"robots_default":true,"robots_noindex":false,"robots_noarchive":false,"robots_nosnippet":false,"robots_nofollow":false,"robots_noimageindex":false,"robots_noodp":false,"robots_notranslate":false,"robots_max_snippet":null,"robots_max_videopreview":null,"robots_max_imagepreview":"large","priority":null,"frequency":null,"location":null,"local_seo":null,"breadcrumb_settings":null,"limit_modified_date":false,"ai":null,"created":"2021-02-01 20:46:01","updated":"2025-10-02 09:52:52","seo_analyzer_scan_date":null,"focus_keyword":null,"additional_keywords":null,"truseo_locale":null},"aioseo_breadcrumb":"<div class=\"aioseo-breadcrumbs\"><span class=\"aioseo-breadcrumb\">\n\t\t\t<a href=\"https:\/\/allasorias.hu\/hirek\" title=\"Home\">Home<\/a>\n\t\t<\/span><span class=\"aioseo-breadcrumb-separator\">&raquo;<\/span><span class=\"aioseo-breadcrumb\">\n\t\t\t<a href=\"https:\/\/allasorias.hu\/hirek\/temak\/gazdasag\/\" title=\"Gazdas\u00e1g\">Gazdas\u00e1g<\/a>\n\t\t<\/span><span class=\"aioseo-breadcrumb-separator\">&raquo;<\/span><span class=\"aioseo-breadcrumb\">\n\t\t\tA Penny marketn\u00e9l enged\u00e9lyezik a 400 \u00f3r\u00e1s t\u00falmunk\u00e1t\n\t\t<\/span><\/div>","aioseo_breadcrumb_json":[{"label":"Home","link":"https:\/\/allasorias.hu\/hirek"},{"label":"Gazdas\u00e1g","link":"https:\/\/allasorias.hu\/hirek\/temak\/gazdasag\/"},{"label":"A Penny marketn\u00e9l enged\u00e9lyezik a 400 \u00f3r\u00e1s t\u00falmunk\u00e1t","link":"https:\/\/allasorias.hu\/hirek\/a-penny-marketnel-engedelyezik-a-400-oras-tulmunkat\/"}],"_links":{"self":[{"href":"https:\/\/allasorias.hu\/hirek\/wp-json\/wp\/v2\/posts\/2461","targetHints":{"allow":["GET"]}}],"collection":[{"href":"https:\/\/allasorias.hu\/hirek\/wp-json\/wp\/v2\/posts"}],"about":[{"href":"https:\/\/allasorias.hu\/hirek\/wp-json\/wp\/v2\/types\/post"}],"author":[{"embeddable":true,"href":"https:\/\/allasorias.hu\/hirek\/wp-json\/wp\/v2\/users\/1"}],"replies":[{"embeddable":true,"href":"https:\/\/allasorias.hu\/hirek\/wp-json\/wp\/v2\/comments?post=2461"}],"version-history":[{"count":1,"href":"https:\/\/allasorias.hu\/hirek\/wp-json\/wp\/v2\/posts\/2461\/revisions"}],"predecessor-version":[{"id":2463,"href":"https:\/\/allasorias.hu\/hirek\/wp-json\/wp\/v2\/posts\/2461\/revisions\/2463"}],"wp:featuredmedia":[{"embeddable":true,"href":"https:\/\/allasorias.hu\/hirek\/wp-json\/wp\/v2\/media\/2462"}],"wp:attachment":[{"href":"https:\/\/allasorias.hu\/hirek\/wp-json\/wp\/v2\/media?parent=2461"}],"wp:term":[{"taxonomy":"category","embeddable":true,"href":"https:\/\/allasorias.hu\/hirek\/wp-json\/wp\/v2\/categories?post=2461"},{"taxonomy":"post_tag","embeddable":true,"href":"https:\/\/allasorias.hu\/hirek\/wp-json\/wp\/v2\/tags?post=2461"}],"curies":[{"name":"wp","href":"https:\/\/api.w.org\/{rel}","templated":true}]}}