{"id":2453,"date":"2019-01-22T11:56:26","date_gmt":"2019-01-22T11:56:26","guid":{"rendered":"https:\/\/allasorias.hu\/hirek\/?p=2453"},"modified":"2019-01-22T11:56:26","modified_gmt":"2019-01-22T11:56:26","slug":"csokkent-magyarorszagon-az-allaskeresok-szama","status":"publish","type":"post","link":"https:\/\/allasorias.hu\/hirek\/csokkent-magyarorszagon-az-allaskeresok-szama\/","title":{"rendered":"Cs\u00f6kkent Magyarorsz\u00e1gon az \u00e1ll\u00e1skeres\u0151k sz\u00e1ma"},"content":{"rendered":"<p><strong>A Nemzeti Foglalkoztat\u00e1si Szolg\u00e1lat (NFSZ) adatai szerint a 2018. december v\u00e9g\u00e9n \u00a0241 900 \u00e1ll\u00e1skeres\u0151t tartottak nyilv\u00e1n, ami mintegy 13 ezerrel kevesebb az egy \u00e9vvel kor\u00e1bbin\u00e1l. 2018. utols\u00f3 h\u00f3napj\u00e1ban a nyilv\u00e1ntartott \u00e1ll\u00e1skeres\u0151k ar\u00e1nya a gazdas\u00e1gilag akt\u00edv n\u00e9pess\u00e9ghez viszony\u00edtva 5,2 sz\u00e1zal\u00e9k volt, a munkav\u00e1llal\u00e1si kor\u00fa n\u00e9pess\u00e9ghez m\u00e9rt relat\u00edv r\u00e1ta pedig 3,6 sz\u00e1zal\u00e9k.<\/strong><\/p>\n<p>Legkevesebb az \u00e1ll\u00e1skeres\u0151 Gy\u0151r-Moson-Sopron megy\u00e9ben, az Iskolai v\u00e9gzetts\u00e9get tekintve decemberben az \u00e1ll\u00e1skeres\u0151k 43,8 sz\u00e1zal\u00e9ka legfeljebb \u00e1ltal\u00e1nos iskolai, 50,3 sz\u00e1zal\u00e9kuk k\u00f6z\u00e9pfok\u00fa, 5,9 sz\u00e1zal\u00e9kuk pedig fels\u0151fok\u00fa v\u00e9gzetts\u00e9ggel rendelkezett. Decemberben 39 200 \u00e1ll\u00e1skeres\u0151 k\u00e9rte nyilv\u00e1ntart\u00e1sba v\u00e9tel\u00e9t a kirendelts\u00e9geken, 8,8 sz\u00e1zal\u00e9kuk els\u0151 alkalommal regisztr\u00e1lt. Az \u00faj bel\u00e9p\u0151k sz\u00e1ma az el\u0151z\u0151 \u00e9vin\u00e9l 5,3 sz\u00e1zal\u00e9kkal kevesebb volt. Az \u00e1ll\u00e1skeres\u0151k 8,8 sz\u00e1zal\u00e9ka, 21 500 volt p\u00e1lyakezd\u0151. A legt\u00f6bb p\u00e1lyakezd\u0151 fiatalt Borsod-Aba\u00faj-Zempl\u00e9n \u00e9s Szabolcs-Szatm\u00e1r-Bereg megy\u00e9ben tartott\u00e1k nyilv\u00e1n, de Hajd\u00fa-Bihar \u00e9s Baranya megy\u00e9ben is jelent\u0151s a regisztr\u00e1lt p\u00e1lyakezd\u0151 \u00e1ll\u00e1skeres\u0151k sz\u00e1ma. Az \u00e1ll\u00e1skeres\u0151k 27,4 sz\u00e1zal\u00e9ka, 66 200 ember tart\u00f3san, t\u00f6bb mint egy \u00e9ve keresett munk\u00e1t, ez 7,1 sz\u00e1zal\u00e9kponttal jobb ar\u00e1ny az egy \u00e9vvel kor\u00e1bbin\u00e1l.<\/p>\n<p><em>Forr\u00e1s: autopro.hu<\/em><\/p>\n","protected":false},"excerpt":{"rendered":"<p>A Nemzeti Foglalkoztat\u00e1si Szolg\u00e1lat (NFSZ) adatai szerint a 2018. december v\u00e9g\u00e9n \u00a0241 900 \u00e1ll\u00e1skeres\u0151t tartottak nyilv\u00e1n, ami mintegy 13 ezerrel kevesebb az egy \u00e9vvel kor\u00e1bbin\u00e1l. 2018. utols\u00f3 h\u00f3napj\u00e1ban a nyilv\u00e1ntartott \u00e1ll\u00e1skeres\u0151k ar\u00e1nya a gazdas\u00e1gilag akt\u00edv n\u00e9pess\u00e9ghez viszony\u00edtva 5,2 sz\u00e1zal\u00e9k volt, a munkav\u00e1llal\u00e1si kor\u00fa n\u00e9pess\u00e9ghez m\u00e9rt relat\u00edv r\u00e1ta pedig 3,6 sz\u00e1zal\u00e9k. Legkevesebb az \u00e1ll\u00e1skeres\u0151 Gy\u0151r-Moson-Sopron megy\u00e9ben, [&hellip;]<\/p>\n","protected":false},"author":1,"featured_media":2440,"comment_status":"open","ping_status":"open","sticky":false,"template":"","format":"standard","meta":{"_monsterinsights_skip_tracking":false,"footnotes":""},"categories":[1,200],"tags":[],"class_list":["post-2453","post","type-post","status-publish","format-standard","has-post-thumbnail","hentry","category-allaskereses","category-munkaeropiac"],"aioseo_notices":[],"aioseo_head":"\n\t\t<!-- All in One SEO 5.0.0.1 - aioseo.com -->\n\t<meta name=\"description\" content=\"A Nemzeti Foglalkoztat\u00e1si Szolg\u00e1lat (NFSZ) adatai szerint a 2018. december v\u00e9g\u00e9n 241 900 \u00e1ll\u00e1skeres\u0151t tartottak nyilv\u00e1n, ami mintegy 13 ezerrel kevesebb az egy \u00e9vvel kor\u00e1bbin\u00e1l. 2018. utols\u00f3 h\u00f3napj\u00e1ban a nyilv\u00e1ntartott \u00e1ll\u00e1skeres\u0151k ar\u00e1nya a gazdas\u00e1gilag akt\u00edv n\u00e9pess\u00e9ghez viszony\u00edtva 5,2 sz\u00e1zal\u00e9k volt, a munkav\u00e1llal\u00e1si kor\u00fa n\u00e9pess\u00e9ghez m\u00e9rt relat\u00edv r\u00e1ta pedig 3,6 sz\u00e1zal\u00e9k. Legkevesebb az \u00e1ll\u00e1skeres\u0151 Gy\u0151r-Moson-Sopron megy\u00e9ben,\" \/>\n\t<meta name=\"robots\" content=\"max-image-preview:large\" \/>\n\t<meta name=\"author\" content=\"Juh\u00e1sz P\u00e9ter\"\/>\n\t<link rel=\"canonical\" href=\"https:\/\/allasorias.hu\/hirek\/csokkent-magyarorszagon-az-allaskeresok-szama\/\" \/>\n\t<meta name=\"generator\" content=\"All in One SEO (AIOSEO) 5.0.0.1\" \/>\n\t\t<meta property=\"og:locale\" content=\"hu_HU\" \/>\n\t\t<meta property=\"og:site_name\" content=\"AllasOrias.hu | H\u00edrek-lapszemle | \u00dczleti h\u00edrek az \u00e1ll\u00e1s \u00e9s a munka vil\u00e1g\u00e1b\u00f3l\" \/>\n\t\t<meta property=\"og:type\" content=\"article\" \/>\n\t\t<meta property=\"og:title\" content=\"Cs\u00f6kkent Magyarorsz\u00e1gon az \u00e1ll\u00e1skeres\u0151k sz\u00e1ma | AllasOrias.hu | H\u00edrek-lapszemle\" \/>\n\t\t<meta property=\"og:description\" content=\"A Nemzeti Foglalkoztat\u00e1si Szolg\u00e1lat (NFSZ) adatai szerint a 2018. december v\u00e9g\u00e9n 241 900 \u00e1ll\u00e1skeres\u0151t tartottak nyilv\u00e1n, ami mintegy 13 ezerrel kevesebb az egy \u00e9vvel kor\u00e1bbin\u00e1l. 2018. utols\u00f3 h\u00f3napj\u00e1ban a nyilv\u00e1ntartott \u00e1ll\u00e1skeres\u0151k ar\u00e1nya a gazdas\u00e1gilag akt\u00edv n\u00e9pess\u00e9ghez viszony\u00edtva 5,2 sz\u00e1zal\u00e9k volt, a munkav\u00e1llal\u00e1si kor\u00fa n\u00e9pess\u00e9ghez m\u00e9rt relat\u00edv r\u00e1ta pedig 3,6 sz\u00e1zal\u00e9k. Legkevesebb az \u00e1ll\u00e1skeres\u0151 Gy\u0151r-Moson-Sopron megy\u00e9ben,\" \/>\n\t\t<meta property=\"og:url\" content=\"https:\/\/allasorias.hu\/hirek\/csokkent-magyarorszagon-az-allaskeresok-szama\/\" \/>\n\t\t<meta property=\"og:image\" content=\"https:\/\/allasorias.hu\/hirek\/wp-content\/uploads\/2019\/01\/pexels-photo-590022.jpeg\" \/>\n\t\t<meta property=\"og:image:secure_url\" content=\"https:\/\/allasorias.hu\/hirek\/wp-content\/uploads\/2019\/01\/pexels-photo-590022.jpeg\" \/>\n\t\t<meta property=\"og:image:width\" content=\"640\" \/>\n\t\t<meta property=\"og:image:height\" content=\"423\" \/>\n\t\t<meta property=\"article:published_time\" content=\"2019-01-22T11:56:26+00:00\" \/>\n\t\t<meta property=\"article:modified_time\" content=\"2019-01-22T11:56:26+00:00\" \/>\n\t\t<meta property=\"article:publisher\" content=\"https:\/\/www.facebook.com\/allasorias\" \/>\n\t\t<meta name=\"twitter:card\" content=\"summary_large_image\" \/>\n\t\t<meta name=\"twitter:title\" content=\"Cs\u00f6kkent Magyarorsz\u00e1gon az \u00e1ll\u00e1skeres\u0151k sz\u00e1ma | AllasOrias.hu | H\u00edrek-lapszemle\" \/>\n\t\t<meta name=\"twitter:description\" content=\"A Nemzeti Foglalkoztat\u00e1si Szolg\u00e1lat (NFSZ) adatai szerint a 2018. december v\u00e9g\u00e9n 241 900 \u00e1ll\u00e1skeres\u0151t tartottak nyilv\u00e1n, ami mintegy 13 ezerrel kevesebb az egy \u00e9vvel kor\u00e1bbin\u00e1l. 2018. utols\u00f3 h\u00f3napj\u00e1ban a nyilv\u00e1ntartott \u00e1ll\u00e1skeres\u0151k ar\u00e1nya a gazdas\u00e1gilag akt\u00edv n\u00e9pess\u00e9ghez viszony\u00edtva 5,2 sz\u00e1zal\u00e9k volt, a munkav\u00e1llal\u00e1si kor\u00fa n\u00e9pess\u00e9ghez m\u00e9rt relat\u00edv r\u00e1ta pedig 3,6 sz\u00e1zal\u00e9k. Legkevesebb az \u00e1ll\u00e1skeres\u0151 Gy\u0151r-Moson-Sopron megy\u00e9ben,\" \/>\n\t\t<meta name=\"twitter:image\" content=\"https:\/\/allasorias.hu\/hirek\/wp-content\/uploads\/2019\/01\/pexels-photo-590022.jpeg\" \/>\n\t\t<meta name=\"twitter:label1\" content=\"Written by\" \/>\n\t\t<meta name=\"twitter:data1\" content=\"Juh\u00e1sz P\u00e9ter\" \/>\n\t\t<meta name=\"twitter:label2\" content=\"Est. reading time\" \/>\n\t\t<meta name=\"twitter:data2\" content=\"1 minute\" \/>\n\t\t<script type=\"application\/ld+json\" class=\"aioseo-schema\">\n\t\t\t{\"@context\":\"https:\\\/\\\/schema.org\",\"@graph\":[{\"@type\":\"Article\",\"@id\":\"https:\\\/\\\/allasorias.hu\\\/hirek\\\/csokkent-magyarorszagon-az-allaskeresok-szama\\\/#article\",\"name\":\"Cs\\u00f6kkent Magyarorsz\\u00e1gon az \\u00e1ll\\u00e1skeres\\u0151k sz\\u00e1ma | AllasOrias.hu | H\\u00edrek-lapszemle\",\"headline\":\"Cs\\u00f6kkent Magyarorsz\\u00e1gon az \\u00e1ll\\u00e1skeres\\u0151k sz\\u00e1ma\",\"author\":{\"@id\":\"https:\\\/\\\/allasorias.hu\\\/hirek\\\/author\\\/admin-allasorias\\\/#author\"},\"publisher\":{\"@id\":\"https:\\\/\\\/allasorias.hu\\\/hirek\\\/#organization\"},\"image\":{\"@type\":\"ImageObject\",\"url\":\"https:\\\/\\\/allasorias.hu\\\/hirek\\\/wp-content\\\/uploads\\\/2019\\\/01\\\/pexels-photo-590022.jpeg\",\"width\":640,\"height\":423},\"datePublished\":\"2019-01-22T11:56:26+02:00\",\"dateModified\":\"2019-01-22T11:56:26+02:00\",\"inLanguage\":\"hu-HU\",\"mainEntityOfPage\":{\"@id\":\"https:\\\/\\\/allasorias.hu\\\/hirek\\\/csokkent-magyarorszagon-az-allaskeresok-szama\\\/#webpage\"},\"isPartOf\":{\"@id\":\"https:\\\/\\\/allasorias.hu\\\/hirek\\\/csokkent-magyarorszagon-az-allaskeresok-szama\\\/#webpage\"},\"articleSection\":\"\\u00c1ll\\u00e1skeres\\u00e9s, Munkaer\\u0151piac\"},{\"@type\":\"BreadcrumbList\",\"@id\":\"https:\\\/\\\/allasorias.hu\\\/hirek\\\/csokkent-magyarorszagon-az-allaskeresok-szama\\\/#breadcrumblist\",\"itemListElement\":[{\"@type\":\"ListItem\",\"@id\":\"https:\\\/\\\/allasorias.hu\\\/hirek#listItem\",\"position\":1,\"name\":\"Home\",\"item\":\"https:\\\/\\\/allasorias.hu\\\/hirek\",\"nextItem\":{\"@type\":\"ListItem\",\"@id\":\"https:\\\/\\\/allasorias.hu\\\/hirek\\\/temak\\\/allaskereses\\\/#listItem\",\"name\":\"\\u00c1ll\\u00e1skeres\\u00e9s\"}},{\"@type\":\"ListItem\",\"@id\":\"https:\\\/\\\/allasorias.hu\\\/hirek\\\/temak\\\/allaskereses\\\/#listItem\",\"position\":2,\"name\":\"\\u00c1ll\\u00e1skeres\\u00e9s\",\"item\":\"https:\\\/\\\/allasorias.hu\\\/hirek\\\/temak\\\/allaskereses\\\/\",\"nextItem\":{\"@type\":\"ListItem\",\"@id\":\"https:\\\/\\\/allasorias.hu\\\/hirek\\\/csokkent-magyarorszagon-az-allaskeresok-szama\\\/#listItem\",\"name\":\"Cs\\u00f6kkent Magyarorsz\\u00e1gon az \\u00e1ll\\u00e1skeres\\u0151k sz\\u00e1ma\"},\"previousItem\":{\"@type\":\"ListItem\",\"@id\":\"https:\\\/\\\/allasorias.hu\\\/hirek#listItem\",\"name\":\"Home\"}},{\"@type\":\"ListItem\",\"@id\":\"https:\\\/\\\/allasorias.hu\\\/hirek\\\/csokkent-magyarorszagon-az-allaskeresok-szama\\\/#listItem\",\"position\":3,\"name\":\"Cs\\u00f6kkent Magyarorsz\\u00e1gon az \\u00e1ll\\u00e1skeres\\u0151k sz\\u00e1ma\",\"previousItem\":{\"@type\":\"ListItem\",\"@id\":\"https:\\\/\\\/allasorias.hu\\\/hirek\\\/temak\\\/allaskereses\\\/#listItem\",\"name\":\"\\u00c1ll\\u00e1skeres\\u00e9s\"}}]},{\"@type\":\"Organization\",\"@id\":\"https:\\\/\\\/allasorias.hu\\\/hirek\\\/#organization\",\"name\":\"AllasOrias.hu | H\\u00edrek-lapszemle\",\"description\":\"\\u00dczleti h\\u00edrek az \\u00e1ll\\u00e1s \\u00e9s a munka vil\\u00e1g\\u00e1b\\u00f3l\",\"url\":\"https:\\\/\\\/allasorias.hu\\\/hirek\\\/\",\"logo\":{\"@type\":\"ImageObject\",\"url\":\"https:\\\/\\\/allasorias.hu\\\/hirek\\\/wp-content\\\/uploads\\\/2022\\\/10\\\/allasorias_site_facebok_logo.png\",\"@id\":\"https:\\\/\\\/allasorias.hu\\\/hirek\\\/csokkent-magyarorszagon-az-allaskeresok-szama\\\/#organizationLogo\"},\"image\":{\"@id\":\"https:\\\/\\\/allasorias.hu\\\/hirek\\\/csokkent-magyarorszagon-az-allaskeresok-szama\\\/#organizationLogo\"},\"sameAs\":[\"https:\\\/\\\/www.facebook.com\\\/allasorias\",\"https:\\\/\\\/www.linkedin.com\\\/company\\\/allasorias\"]},{\"@type\":\"Person\",\"@id\":\"https:\\\/\\\/allasorias.hu\\\/hirek\\\/author\\\/admin-allasorias\\\/#author\",\"url\":\"https:\\\/\\\/allasorias.hu\\\/hirek\\\/author\\\/admin-allasorias\\\/\",\"name\":\"Juh\\u00e1sz P\\u00e9ter\",\"image\":{\"@type\":\"ImageObject\",\"@id\":\"https:\\\/\\\/allasorias.hu\\\/hirek\\\/csokkent-magyarorszagon-az-allaskeresok-szama\\\/#authorImage\",\"url\":\"https:\\\/\\\/secure.gravatar.com\\\/avatar\\\/36e6bcb83148978b992977cb0f54d22feb0cce8a0a849a9410532bb2623ba4c6?s=96&d=mm&r=g\",\"width\":96,\"height\":96,\"caption\":\"Juh\\u00e1sz P\\u00e9ter\"}},{\"@type\":\"WebPage\",\"@id\":\"https:\\\/\\\/allasorias.hu\\\/hirek\\\/csokkent-magyarorszagon-az-allaskeresok-szama\\\/#webpage\",\"url\":\"https:\\\/\\\/allasorias.hu\\\/hirek\\\/csokkent-magyarorszagon-az-allaskeresok-szama\\\/\",\"name\":\"Cs\\u00f6kkent Magyarorsz\\u00e1gon az \\u00e1ll\\u00e1skeres\\u0151k sz\\u00e1ma | AllasOrias.hu | H\\u00edrek-lapszemle\",\"description\":\"A Nemzeti Foglalkoztat\\u00e1si Szolg\\u00e1lat (NFSZ) adatai szerint a 2018. december v\\u00e9g\\u00e9n 241 900 \\u00e1ll\\u00e1skeres\\u0151t tartottak nyilv\\u00e1n, ami mintegy 13 ezerrel kevesebb az egy \\u00e9vvel kor\\u00e1bbin\\u00e1l. 2018. utols\\u00f3 h\\u00f3napj\\u00e1ban a nyilv\\u00e1ntartott \\u00e1ll\\u00e1skeres\\u0151k ar\\u00e1nya a gazdas\\u00e1gilag akt\\u00edv n\\u00e9pess\\u00e9ghez viszony\\u00edtva 5,2 sz\\u00e1zal\\u00e9k volt, a munkav\\u00e1llal\\u00e1si kor\\u00fa n\\u00e9pess\\u00e9ghez m\\u00e9rt relat\\u00edv r\\u00e1ta pedig 3,6 sz\\u00e1zal\\u00e9k. Legkevesebb az \\u00e1ll\\u00e1skeres\\u0151 Gy\\u0151r-Moson-Sopron megy\\u00e9ben,\",\"inLanguage\":\"hu-HU\",\"isPartOf\":{\"@id\":\"https:\\\/\\\/allasorias.hu\\\/hirek\\\/#website\"},\"breadcrumb\":{\"@id\":\"https:\\\/\\\/allasorias.hu\\\/hirek\\\/csokkent-magyarorszagon-az-allaskeresok-szama\\\/#breadcrumblist\"},\"author\":{\"@id\":\"https:\\\/\\\/allasorias.hu\\\/hirek\\\/author\\\/admin-allasorias\\\/#author\"},\"creator\":{\"@id\":\"https:\\\/\\\/allasorias.hu\\\/hirek\\\/author\\\/admin-allasorias\\\/#author\"},\"image\":{\"@type\":\"ImageObject\",\"url\":\"https:\\\/\\\/allasorias.hu\\\/hirek\\\/wp-content\\\/uploads\\\/2019\\\/01\\\/pexels-photo-590022.jpeg\",\"@id\":\"https:\\\/\\\/allasorias.hu\\\/hirek\\\/csokkent-magyarorszagon-az-allaskeresok-szama\\\/#mainImage\",\"width\":640,\"height\":423},\"primaryImageOfPage\":{\"@id\":\"https:\\\/\\\/allasorias.hu\\\/hirek\\\/csokkent-magyarorszagon-az-allaskeresok-szama\\\/#mainImage\"},\"datePublished\":\"2019-01-22T11:56:26+02:00\",\"dateModified\":\"2019-01-22T11:56:26+02:00\"},{\"@type\":\"WebSite\",\"@id\":\"https:\\\/\\\/allasorias.hu\\\/hirek\\\/#website\",\"url\":\"https:\\\/\\\/allasorias.hu\\\/hirek\\\/\",\"name\":\"AllasOrias.hu | H\\u00edrek-lapszemle\",\"description\":\"\\u00dczleti h\\u00edrek az \\u00e1ll\\u00e1s \\u00e9s a munka vil\\u00e1g\\u00e1b\\u00f3l\",\"inLanguage\":\"hu-HU\",\"publisher\":{\"@id\":\"https:\\\/\\\/allasorias.hu\\\/hirek\\\/#organization\"}}]}\n\t\t<\/script>\n\t\t<!-- All in One SEO -->\n\n","aioseo_head_json":{"title":"Cs\u00f6kkent Magyarorsz\u00e1gon az \u00e1ll\u00e1skeres\u0151k sz\u00e1ma | AllasOrias.hu | H\u00edrek-lapszemle","description":"A Nemzeti Foglalkoztat\u00e1si Szolg\u00e1lat (NFSZ) adatai szerint a 2018. december v\u00e9g\u00e9n 241 900 \u00e1ll\u00e1skeres\u0151t tartottak nyilv\u00e1n, ami mintegy 13 ezerrel kevesebb az egy \u00e9vvel kor\u00e1bbin\u00e1l. 2018. utols\u00f3 h\u00f3napj\u00e1ban a nyilv\u00e1ntartott \u00e1ll\u00e1skeres\u0151k ar\u00e1nya a gazdas\u00e1gilag akt\u00edv n\u00e9pess\u00e9ghez viszony\u00edtva 5,2 sz\u00e1zal\u00e9k volt, a munkav\u00e1llal\u00e1si kor\u00fa n\u00e9pess\u00e9ghez m\u00e9rt relat\u00edv r\u00e1ta pedig 3,6 sz\u00e1zal\u00e9k. Legkevesebb az \u00e1ll\u00e1skeres\u0151 Gy\u0151r-Moson-Sopron megy\u00e9ben,","canonical_url":"https:\/\/allasorias.hu\/hirek\/csokkent-magyarorszagon-az-allaskeresok-szama\/","robots":"max-image-preview:large","keywords":"","webmasterTools":{"miscellaneous":""},"schema":{"@context":"https:\/\/schema.org","@graph":[{"@type":"Article","@id":"https:\/\/allasorias.hu\/hirek\/csokkent-magyarorszagon-az-allaskeresok-szama\/#article","name":"Cs\u00f6kkent Magyarorsz\u00e1gon az \u00e1ll\u00e1skeres\u0151k sz\u00e1ma | AllasOrias.hu | H\u00edrek-lapszemle","headline":"Cs\u00f6kkent Magyarorsz\u00e1gon az \u00e1ll\u00e1skeres\u0151k sz\u00e1ma","author":{"@id":"https:\/\/allasorias.hu\/hirek\/author\/admin-allasorias\/#author"},"publisher":{"@id":"https:\/\/allasorias.hu\/hirek\/#organization"},"image":{"@type":"ImageObject","url":"https:\/\/allasorias.hu\/hirek\/wp-content\/uploads\/2019\/01\/pexels-photo-590022.jpeg","width":640,"height":423},"datePublished":"2019-01-22T11:56:26+02:00","dateModified":"2019-01-22T11:56:26+02:00","inLanguage":"hu-HU","mainEntityOfPage":{"@id":"https:\/\/allasorias.hu\/hirek\/csokkent-magyarorszagon-az-allaskeresok-szama\/#webpage"},"isPartOf":{"@id":"https:\/\/allasorias.hu\/hirek\/csokkent-magyarorszagon-az-allaskeresok-szama\/#webpage"},"articleSection":"\u00c1ll\u00e1skeres\u00e9s, Munkaer\u0151piac"},{"@type":"BreadcrumbList","@id":"https:\/\/allasorias.hu\/hirek\/csokkent-magyarorszagon-az-allaskeresok-szama\/#breadcrumblist","itemListElement":[{"@type":"ListItem","@id":"https:\/\/allasorias.hu\/hirek#listItem","position":1,"name":"Home","item":"https:\/\/allasorias.hu\/hirek","nextItem":{"@type":"ListItem","@id":"https:\/\/allasorias.hu\/hirek\/temak\/allaskereses\/#listItem","name":"\u00c1ll\u00e1skeres\u00e9s"}},{"@type":"ListItem","@id":"https:\/\/allasorias.hu\/hirek\/temak\/allaskereses\/#listItem","position":2,"name":"\u00c1ll\u00e1skeres\u00e9s","item":"https:\/\/allasorias.hu\/hirek\/temak\/allaskereses\/","nextItem":{"@type":"ListItem","@id":"https:\/\/allasorias.hu\/hirek\/csokkent-magyarorszagon-az-allaskeresok-szama\/#listItem","name":"Cs\u00f6kkent Magyarorsz\u00e1gon az \u00e1ll\u00e1skeres\u0151k sz\u00e1ma"},"previousItem":{"@type":"ListItem","@id":"https:\/\/allasorias.hu\/hirek#listItem","name":"Home"}},{"@type":"ListItem","@id":"https:\/\/allasorias.hu\/hirek\/csokkent-magyarorszagon-az-allaskeresok-szama\/#listItem","position":3,"name":"Cs\u00f6kkent Magyarorsz\u00e1gon az \u00e1ll\u00e1skeres\u0151k sz\u00e1ma","previousItem":{"@type":"ListItem","@id":"https:\/\/allasorias.hu\/hirek\/temak\/allaskereses\/#listItem","name":"\u00c1ll\u00e1skeres\u00e9s"}}]},{"@type":"Organization","@id":"https:\/\/allasorias.hu\/hirek\/#organization","name":"AllasOrias.hu | H\u00edrek-lapszemle","description":"\u00dczleti h\u00edrek az \u00e1ll\u00e1s \u00e9s a munka vil\u00e1g\u00e1b\u00f3l","url":"https:\/\/allasorias.hu\/hirek\/","logo":{"@type":"ImageObject","url":"https:\/\/allasorias.hu\/hirek\/wp-content\/uploads\/2022\/10\/allasorias_site_facebok_logo.png","@id":"https:\/\/allasorias.hu\/hirek\/csokkent-magyarorszagon-az-allaskeresok-szama\/#organizationLogo"},"image":{"@id":"https:\/\/allasorias.hu\/hirek\/csokkent-magyarorszagon-az-allaskeresok-szama\/#organizationLogo"},"sameAs":["https:\/\/www.facebook.com\/allasorias","https:\/\/www.linkedin.com\/company\/allasorias"]},{"@type":"Person","@id":"https:\/\/allasorias.hu\/hirek\/author\/admin-allasorias\/#author","url":"https:\/\/allasorias.hu\/hirek\/author\/admin-allasorias\/","name":"Juh\u00e1sz P\u00e9ter","image":{"@type":"ImageObject","@id":"https:\/\/allasorias.hu\/hirek\/csokkent-magyarorszagon-az-allaskeresok-szama\/#authorImage","url":"https:\/\/secure.gravatar.com\/avatar\/36e6bcb83148978b992977cb0f54d22feb0cce8a0a849a9410532bb2623ba4c6?s=96&d=mm&r=g","width":96,"height":96,"caption":"Juh\u00e1sz P\u00e9ter"}},{"@type":"WebPage","@id":"https:\/\/allasorias.hu\/hirek\/csokkent-magyarorszagon-az-allaskeresok-szama\/#webpage","url":"https:\/\/allasorias.hu\/hirek\/csokkent-magyarorszagon-az-allaskeresok-szama\/","name":"Cs\u00f6kkent Magyarorsz\u00e1gon az \u00e1ll\u00e1skeres\u0151k sz\u00e1ma | AllasOrias.hu | H\u00edrek-lapszemle","description":"A Nemzeti Foglalkoztat\u00e1si Szolg\u00e1lat (NFSZ) adatai szerint a 2018. december v\u00e9g\u00e9n 241 900 \u00e1ll\u00e1skeres\u0151t tartottak nyilv\u00e1n, ami mintegy 13 ezerrel kevesebb az egy \u00e9vvel kor\u00e1bbin\u00e1l. 2018. utols\u00f3 h\u00f3napj\u00e1ban a nyilv\u00e1ntartott \u00e1ll\u00e1skeres\u0151k ar\u00e1nya a gazdas\u00e1gilag akt\u00edv n\u00e9pess\u00e9ghez viszony\u00edtva 5,2 sz\u00e1zal\u00e9k volt, a munkav\u00e1llal\u00e1si kor\u00fa n\u00e9pess\u00e9ghez m\u00e9rt relat\u00edv r\u00e1ta pedig 3,6 sz\u00e1zal\u00e9k. Legkevesebb az \u00e1ll\u00e1skeres\u0151 Gy\u0151r-Moson-Sopron megy\u00e9ben,","inLanguage":"hu-HU","isPartOf":{"@id":"https:\/\/allasorias.hu\/hirek\/#website"},"breadcrumb":{"@id":"https:\/\/allasorias.hu\/hirek\/csokkent-magyarorszagon-az-allaskeresok-szama\/#breadcrumblist"},"author":{"@id":"https:\/\/allasorias.hu\/hirek\/author\/admin-allasorias\/#author"},"creator":{"@id":"https:\/\/allasorias.hu\/hirek\/author\/admin-allasorias\/#author"},"image":{"@type":"ImageObject","url":"https:\/\/allasorias.hu\/hirek\/wp-content\/uploads\/2019\/01\/pexels-photo-590022.jpeg","@id":"https:\/\/allasorias.hu\/hirek\/csokkent-magyarorszagon-az-allaskeresok-szama\/#mainImage","width":640,"height":423},"primaryImageOfPage":{"@id":"https:\/\/allasorias.hu\/hirek\/csokkent-magyarorszagon-az-allaskeresok-szama\/#mainImage"},"datePublished":"2019-01-22T11:56:26+02:00","dateModified":"2019-01-22T11:56:26+02:00"},{"@type":"WebSite","@id":"https:\/\/allasorias.hu\/hirek\/#website","url":"https:\/\/allasorias.hu\/hirek\/","name":"AllasOrias.hu | H\u00edrek-lapszemle","description":"\u00dczleti h\u00edrek az \u00e1ll\u00e1s \u00e9s a munka vil\u00e1g\u00e1b\u00f3l","inLanguage":"hu-HU","publisher":{"@id":"https:\/\/allasorias.hu\/hirek\/#organization"}}]},"og:locale":"hu_HU","og:site_name":"AllasOrias.hu | H\u00edrek-lapszemle | \u00dczleti h\u00edrek az \u00e1ll\u00e1s \u00e9s a munka vil\u00e1g\u00e1b\u00f3l","og:type":"article","og:title":"Cs\u00f6kkent Magyarorsz\u00e1gon az \u00e1ll\u00e1skeres\u0151k sz\u00e1ma | AllasOrias.hu | H\u00edrek-lapszemle","og:description":"A Nemzeti Foglalkoztat\u00e1si Szolg\u00e1lat (NFSZ) adatai szerint a 2018. december v\u00e9g\u00e9n 241 900 \u00e1ll\u00e1skeres\u0151t tartottak nyilv\u00e1n, ami mintegy 13 ezerrel kevesebb az egy \u00e9vvel kor\u00e1bbin\u00e1l. 2018. utols\u00f3 h\u00f3napj\u00e1ban a nyilv\u00e1ntartott \u00e1ll\u00e1skeres\u0151k ar\u00e1nya a gazdas\u00e1gilag akt\u00edv n\u00e9pess\u00e9ghez viszony\u00edtva 5,2 sz\u00e1zal\u00e9k volt, a munkav\u00e1llal\u00e1si kor\u00fa n\u00e9pess\u00e9ghez m\u00e9rt relat\u00edv r\u00e1ta pedig 3,6 sz\u00e1zal\u00e9k. Legkevesebb az \u00e1ll\u00e1skeres\u0151 Gy\u0151r-Moson-Sopron megy\u00e9ben,","og:url":"https:\/\/allasorias.hu\/hirek\/csokkent-magyarorszagon-az-allaskeresok-szama\/","og:image":"https:\/\/allasorias.hu\/hirek\/wp-content\/uploads\/2019\/01\/pexels-photo-590022.jpeg","og:image:secure_url":"https:\/\/allasorias.hu\/hirek\/wp-content\/uploads\/2019\/01\/pexels-photo-590022.jpeg","og:image:width":640,"og:image:height":423,"article:published_time":"2019-01-22T11:56:26+00:00","article:modified_time":"2019-01-22T11:56:26+00:00","article:publisher":"https:\/\/www.facebook.com\/allasorias","twitter:card":"summary_large_image","twitter:title":"Cs\u00f6kkent Magyarorsz\u00e1gon az \u00e1ll\u00e1skeres\u0151k sz\u00e1ma | AllasOrias.hu | H\u00edrek-lapszemle","twitter:description":"A Nemzeti Foglalkoztat\u00e1si Szolg\u00e1lat (NFSZ) adatai szerint a 2018. december v\u00e9g\u00e9n 241 900 \u00e1ll\u00e1skeres\u0151t tartottak nyilv\u00e1n, ami mintegy 13 ezerrel kevesebb az egy \u00e9vvel kor\u00e1bbin\u00e1l. 2018. utols\u00f3 h\u00f3napj\u00e1ban a nyilv\u00e1ntartott \u00e1ll\u00e1skeres\u0151k ar\u00e1nya a gazdas\u00e1gilag akt\u00edv n\u00e9pess\u00e9ghez viszony\u00edtva 5,2 sz\u00e1zal\u00e9k volt, a munkav\u00e1llal\u00e1si kor\u00fa n\u00e9pess\u00e9ghez m\u00e9rt relat\u00edv r\u00e1ta pedig 3,6 sz\u00e1zal\u00e9k. Legkevesebb az \u00e1ll\u00e1skeres\u0151 Gy\u0151r-Moson-Sopron megy\u00e9ben,","twitter:image":"https:\/\/allasorias.hu\/hirek\/wp-content\/uploads\/2019\/01\/pexels-photo-590022.jpeg","twitter:label1":"Written by","twitter:data1":"Juh\u00e1sz P\u00e9ter","twitter:label2":"Est. reading time","twitter:data2":"1 minute"},"aioseo_meta_data":{"post_id":"2453","title":null,"description":null,"keywords":null,"keyphrases":null,"primary_term":null,"canonical_url":null,"og_title":null,"og_description":null,"og_object_type":"default","og_image_type":"default","og_image_url":null,"og_image_width":null,"og_image_height":null,"og_image_custom_url":null,"og_image_custom_fields":null,"og_video":null,"og_custom_url":null,"og_article_section":null,"og_article_tags":null,"twitter_use_og":false,"twitter_card":"default","twitter_image_type":"default","twitter_image_url":null,"twitter_image_custom_url":null,"twitter_image_custom_fields":null,"twitter_title":null,"twitter_description":null,"schema":{"blockGraphs":[],"customGraphs":[],"default":{"data":{"Article":[],"Course":[],"Dataset":[],"FAQPage":[],"Movie":[],"Person":[],"Product":[],"ProductReview":[],"Car":[],"Recipe":[],"Service":[],"SoftwareApplication":[],"WebPage":[]},"graphName":"","isEnabled":true},"graphs":[],"defaultGraph":"","defaultPostTypeGraph":""},"schema_type":null,"schema_type_options":null,"pillar_content":false,"robots_default":true,"robots_noindex":false,"robots_noarchive":false,"robots_nosnippet":false,"robots_nofollow":false,"robots_noimageindex":false,"robots_noodp":false,"robots_notranslate":false,"robots_max_snippet":null,"robots_max_videopreview":null,"robots_max_imagepreview":"large","priority":null,"frequency":null,"location":null,"local_seo":null,"breadcrumb_settings":null,"limit_modified_date":false,"ai":null,"created":"2021-02-01 20:46:01","updated":"2025-10-02 09:51:25","seo_analyzer_scan_date":null,"focus_keyword":null,"additional_keywords":null,"truseo_locale":null},"aioseo_breadcrumb":"<div class=\"aioseo-breadcrumbs\"><span class=\"aioseo-breadcrumb\">\n\t\t\t<a href=\"https:\/\/allasorias.hu\/hirek\" title=\"Home\">Home<\/a>\n\t\t<\/span><span class=\"aioseo-breadcrumb-separator\">&raquo;<\/span><span class=\"aioseo-breadcrumb\">\n\t\t\t<a href=\"https:\/\/allasorias.hu\/hirek\/temak\/allaskereses\/\" title=\"\u00c1ll\u00e1skeres\u00e9s\">\u00c1ll\u00e1skeres\u00e9s<\/a>\n\t\t<\/span><span class=\"aioseo-breadcrumb-separator\">&raquo;<\/span><span class=\"aioseo-breadcrumb\">\n\t\t\tCs\u00f6kkent Magyarorsz\u00e1gon az \u00e1ll\u00e1skeres\u0151k sz\u00e1ma\n\t\t<\/span><\/div>","aioseo_breadcrumb_json":[{"label":"Home","link":"https:\/\/allasorias.hu\/hirek"},{"label":"\u00c1ll\u00e1skeres\u00e9s","link":"https:\/\/allasorias.hu\/hirek\/temak\/allaskereses\/"},{"label":"Cs\u00f6kkent Magyarorsz\u00e1gon az \u00e1ll\u00e1skeres\u0151k sz\u00e1ma","link":"https:\/\/allasorias.hu\/hirek\/csokkent-magyarorszagon-az-allaskeresok-szama\/"}],"_links":{"self":[{"href":"https:\/\/allasorias.hu\/hirek\/wp-json\/wp\/v2\/posts\/2453","targetHints":{"allow":["GET"]}}],"collection":[{"href":"https:\/\/allasorias.hu\/hirek\/wp-json\/wp\/v2\/posts"}],"about":[{"href":"https:\/\/allasorias.hu\/hirek\/wp-json\/wp\/v2\/types\/post"}],"author":[{"embeddable":true,"href":"https:\/\/allasorias.hu\/hirek\/wp-json\/wp\/v2\/users\/1"}],"replies":[{"embeddable":true,"href":"https:\/\/allasorias.hu\/hirek\/wp-json\/wp\/v2\/comments?post=2453"}],"version-history":[{"count":1,"href":"https:\/\/allasorias.hu\/hirek\/wp-json\/wp\/v2\/posts\/2453\/revisions"}],"predecessor-version":[{"id":2454,"href":"https:\/\/allasorias.hu\/hirek\/wp-json\/wp\/v2\/posts\/2453\/revisions\/2454"}],"wp:featuredmedia":[{"embeddable":true,"href":"https:\/\/allasorias.hu\/hirek\/wp-json\/wp\/v2\/media\/2440"}],"wp:attachment":[{"href":"https:\/\/allasorias.hu\/hirek\/wp-json\/wp\/v2\/media?parent=2453"}],"wp:term":[{"taxonomy":"category","embeddable":true,"href":"https:\/\/allasorias.hu\/hirek\/wp-json\/wp\/v2\/categories?post=2453"},{"taxonomy":"post_tag","embeddable":true,"href":"https:\/\/allasorias.hu\/hirek\/wp-json\/wp\/v2\/tags?post=2453"}],"curies":[{"name":"wp","href":"https:\/\/api.w.org\/{rel}","templated":true}]}}