{"id":2447,"date":"2019-01-21T13:00:18","date_gmt":"2019-01-21T13:00:18","guid":{"rendered":"https:\/\/allasorias.hu\/hirek\/?p=2447"},"modified":"2019-01-21T13:00:18","modified_gmt":"2019-01-21T13:00:18","slug":"nem-javul-a-fizetesi-hajlandosag-az-epitoiparban","status":"publish","type":"post","link":"https:\/\/allasorias.hu\/hirek\/nem-javul-a-fizetesi-hajlandosag-az-epitoiparban\/","title":{"rendered":"Nem javul a fizet\u00e9si hajland\u00f3s\u00e1g az \u00e9p\u00edt\u0151iparban"},"content":{"rendered":"<p><strong>A Bisnode adataib\u00f3l kider\u00fcl, hogy a legt\u00f6bb ipar\u00e1gban javul a c\u00e9gek fizet\u00e9si hajland\u00f3s\u00e1ga, viszont ez nem jellemz\u0151 az \u00e9p\u00edt\u0151iparra, ahol a sz\u00e1ml\u00e1k k\u00e9snek.\u00a0 A vizsg\u00e1lt c\u00e9ges sz\u00e1ml\u00e1k t\u00f6bb mint 72 sz\u00e1zal\u00e9k\u00e1t hat\u00e1rid\u0151re kifizett\u00e9k, emellett az \u00e1tlagos k\u00e9sedelem 18-r\u00f3l 16 napra, az \u00e1tlagos fizet\u00e9si hat\u00e1rid\u0151 pedig 29 napr\u00f3l 27 napra cs\u00f6kkent. Javult az extr\u00e9m k\u00e9s\u00e9sek mutat\u00f3ja is, 60 napon t\u00fali k\u00e9s\u00e9s 3,77 sz\u00e1zal\u00e9kkal kevesebbszer fordult el\u0151, mint tavaly. A 90 napon t\u00fal rendezett sz\u00e1ml\u00e1k ar\u00e1nya 1 sz\u00e1zal\u00e9k alatt maradt, 0,66 sz\u00e1zal\u00e9kos volt, ami l\u00e9nyeg\u00e9ben megegyezik a tavalyi \u00e9rt\u00e9kkel.<\/strong><\/p>\n<p>A nagyon k\u00e9s\u0151n kifizetett sz\u00e1ml\u00e1k ar\u00e1nya k\u00e9t \u00e1gazatban volt kiugr\u00f3an magas, a pap\u00edriparban \u00e9s az \u00e9p\u00edt\u0151iparban. Mindk\u00e9t ipar\u00e1g rontott is a tavalyi \u00e9rt\u00e9kein, az el\u0151bbin\u00e9l az \u00f6sszes sz\u00e1mla \u00e9rt\u00e9k\u00e9nek 4,11, ut\u00f3bbin\u00e1l 4,72 sz\u00e1zal\u00e9k\u00e1nak kifizet\u00e9s\u00e9re v\u00e1rhattak ak\u00e1r h\u00e1rom h\u00f3napon t\u00fal is a sz\u00e1ll\u00edt\u00f3k. Az ipar\u00e1gak k\u00f6z\u00fcl a fizet\u00e9si hajland\u00f3s\u00e1gban egy\u00e9rtelm\u0171 a kiskereskedelem f\u00f6l\u00e9nye, itt a sz\u00e1ml\u00e1k \u00e9rt\u00e9k\u00e9nek csaknem 85 sz\u00e1zal\u00e9k\u00e1t rendezt\u00e9k hat\u00e1rid\u0151re. A sereghajt\u00f3 az inform\u00e1ci\u00f3, kommunik\u00e1ci\u00f3 \u00e1gazat volt, ahol az \u00f6sszes ki\u00e1ll\u00edtott sz\u00e1mla 46,83 sz\u00e1zal\u00e9k\u00e1nak ellen\u00e9rt\u00e9ke \u00e9rkezett be id\u0151ben, de az \u00e9p\u00edt\u0151iparban \u00e9s a pap\u00edriparban sem \u00e9rte el az id\u0151ben rendezett ellen\u00e9rt\u00e9k az 50 sz\u00e1zal\u00e9kot. A p\u00e9nz\u00fckh\u00f6z leghamarabb a b\u00fatoripari \u00e1gazatban m\u0171k\u00f6d\u0151 c\u00e9gek juthattak, a Bisnode adatai szerint az el\u0151z\u0151 \u00e9vhez k\u00e9pest 10 napot jav\u00edtva \u00e1tlagosan 29 nap alatt kapt\u00e1k meg sz\u00e1ml\u00e1ik ellen\u00e9rt\u00e9k\u00e9t. A leghosszabb ideig a g\u00e9pipari c\u00e9gek v\u00e1rhattak, sz\u00e1mszer\u0171s\u00edtve 55 napot. A not\u00f3rius k\u00e9s\u0151k a m\u0171v\u00e9szet, sz\u00f3rakoztat\u00e1s, szabad id\u0151 ter\u00fclet\u00e9n m\u0171k\u00f6dtek, ahol 25 nap, az ingatlan\u00fcgyletek ter\u00fclet\u00e9n, ahol 24 nap, illetve a hum\u00e1n-eg\u00e9szs\u00e9g\u00fcgyi, szoci\u00e1lis ell\u00e1t\u00e1sban, ahol 23 nap volt az \u00e1tlagos k\u00e9sedelem.<\/p>\n<p><em>Forr\u00e1s: hvg.hu<\/em><\/p>\n","protected":false},"excerpt":{"rendered":"<p>A Bisnode adataib\u00f3l kider\u00fcl, hogy a legt\u00f6bb ipar\u00e1gban javul a c\u00e9gek fizet\u00e9si hajland\u00f3s\u00e1ga, viszont ez nem jellemz\u0151 az \u00e9p\u00edt\u0151iparra, ahol a sz\u00e1ml\u00e1k k\u00e9snek.\u00a0 A vizsg\u00e1lt c\u00e9ges sz\u00e1ml\u00e1k t\u00f6bb mint 72 sz\u00e1zal\u00e9k\u00e1t hat\u00e1rid\u0151re kifizett\u00e9k, emellett az \u00e1tlagos k\u00e9sedelem 18-r\u00f3l 16 napra, az \u00e1tlagos fizet\u00e9si hat\u00e1rid\u0151 pedig 29 napr\u00f3l 27 napra cs\u00f6kkent. Javult az extr\u00e9m k\u00e9s\u00e9sek mutat\u00f3ja [&hellip;]<\/p>\n","protected":false},"author":1,"featured_media":2448,"comment_status":"open","ping_status":"open","sticky":false,"template":"","format":"standard","meta":{"_monsterinsights_skip_tracking":false,"footnotes":""},"categories":[198],"tags":[],"class_list":["post-2447","post","type-post","status-publish","format-standard","has-post-thumbnail","hentry","category-gazdasag"],"aioseo_notices":[],"aioseo_head":"\n\t\t<!-- All in One SEO 5.0.0.1 - aioseo.com -->\n\t<meta name=\"description\" content=\"A Bisnode adataib\u00f3l kider\u00fcl, hogy a legt\u00f6bb ipar\u00e1gban javul a c\u00e9gek fizet\u00e9si hajland\u00f3s\u00e1ga, viszont ez nem jellemz\u0151 az \u00e9p\u00edt\u0151iparra, ahol a sz\u00e1ml\u00e1k k\u00e9snek. A vizsg\u00e1lt c\u00e9ges sz\u00e1ml\u00e1k t\u00f6bb mint 72 sz\u00e1zal\u00e9k\u00e1t hat\u00e1rid\u0151re kifizett\u00e9k, emellett az \u00e1tlagos k\u00e9sedelem 18-r\u00f3l 16 napra, az \u00e1tlagos fizet\u00e9si hat\u00e1rid\u0151 pedig 29 napr\u00f3l 27 napra cs\u00f6kkent. Javult az extr\u00e9m k\u00e9s\u00e9sek mutat\u00f3ja\" \/>\n\t<meta name=\"robots\" content=\"max-image-preview:large\" \/>\n\t<meta name=\"author\" content=\"Juh\u00e1sz P\u00e9ter\"\/>\n\t<link rel=\"canonical\" href=\"https:\/\/allasorias.hu\/hirek\/nem-javul-a-fizetesi-hajlandosag-az-epitoiparban\/\" \/>\n\t<meta name=\"generator\" content=\"All in One SEO (AIOSEO) 5.0.0.1\" \/>\n\t\t<meta property=\"og:locale\" content=\"hu_HU\" \/>\n\t\t<meta property=\"og:site_name\" content=\"AllasOrias.hu | H\u00edrek-lapszemle | \u00dczleti h\u00edrek az \u00e1ll\u00e1s \u00e9s a munka vil\u00e1g\u00e1b\u00f3l\" \/>\n\t\t<meta property=\"og:type\" content=\"article\" \/>\n\t\t<meta property=\"og:title\" content=\"Nem javul a fizet\u00e9si hajland\u00f3s\u00e1g az \u00e9p\u00edt\u0151iparban | AllasOrias.hu | H\u00edrek-lapszemle\" \/>\n\t\t<meta property=\"og:description\" content=\"A Bisnode adataib\u00f3l kider\u00fcl, hogy a legt\u00f6bb ipar\u00e1gban javul a c\u00e9gek fizet\u00e9si hajland\u00f3s\u00e1ga, viszont ez nem jellemz\u0151 az \u00e9p\u00edt\u0151iparra, ahol a sz\u00e1ml\u00e1k k\u00e9snek. A vizsg\u00e1lt c\u00e9ges sz\u00e1ml\u00e1k t\u00f6bb mint 72 sz\u00e1zal\u00e9k\u00e1t hat\u00e1rid\u0151re kifizett\u00e9k, emellett az \u00e1tlagos k\u00e9sedelem 18-r\u00f3l 16 napra, az \u00e1tlagos fizet\u00e9si hat\u00e1rid\u0151 pedig 29 napr\u00f3l 27 napra cs\u00f6kkent. Javult az extr\u00e9m k\u00e9s\u00e9sek mutat\u00f3ja\" \/>\n\t\t<meta property=\"og:url\" content=\"https:\/\/allasorias.hu\/hirek\/nem-javul-a-fizetesi-hajlandosag-az-epitoiparban\/\" \/>\n\t\t<meta property=\"og:image\" content=\"https:\/\/allasorias.hu\/hirek\/wp-content\/uploads\/2019\/01\/pexels-photo-1329061.jpeg\" \/>\n\t\t<meta property=\"og:image:secure_url\" content=\"https:\/\/allasorias.hu\/hirek\/wp-content\/uploads\/2019\/01\/pexels-photo-1329061.jpeg\" \/>\n\t\t<meta property=\"og:image:width\" content=\"640\" \/>\n\t\t<meta property=\"og:image:height\" content=\"427\" \/>\n\t\t<meta property=\"article:published_time\" content=\"2019-01-21T13:00:18+00:00\" \/>\n\t\t<meta property=\"article:modified_time\" content=\"2019-01-21T13:00:18+00:00\" \/>\n\t\t<meta property=\"article:publisher\" content=\"https:\/\/www.facebook.com\/allasorias\" \/>\n\t\t<meta name=\"twitter:card\" content=\"summary_large_image\" \/>\n\t\t<meta name=\"twitter:title\" content=\"Nem javul a fizet\u00e9si hajland\u00f3s\u00e1g az \u00e9p\u00edt\u0151iparban | AllasOrias.hu | H\u00edrek-lapszemle\" \/>\n\t\t<meta name=\"twitter:description\" content=\"A Bisnode adataib\u00f3l kider\u00fcl, hogy a legt\u00f6bb ipar\u00e1gban javul a c\u00e9gek fizet\u00e9si hajland\u00f3s\u00e1ga, viszont ez nem jellemz\u0151 az \u00e9p\u00edt\u0151iparra, ahol a sz\u00e1ml\u00e1k k\u00e9snek. A vizsg\u00e1lt c\u00e9ges sz\u00e1ml\u00e1k t\u00f6bb mint 72 sz\u00e1zal\u00e9k\u00e1t hat\u00e1rid\u0151re kifizett\u00e9k, emellett az \u00e1tlagos k\u00e9sedelem 18-r\u00f3l 16 napra, az \u00e1tlagos fizet\u00e9si hat\u00e1rid\u0151 pedig 29 napr\u00f3l 27 napra cs\u00f6kkent. Javult az extr\u00e9m k\u00e9s\u00e9sek mutat\u00f3ja\" \/>\n\t\t<meta name=\"twitter:image\" content=\"https:\/\/allasorias.hu\/hirek\/wp-content\/uploads\/2019\/01\/pexels-photo-1329061.jpeg\" \/>\n\t\t<meta name=\"twitter:label1\" content=\"Written by\" \/>\n\t\t<meta name=\"twitter:data1\" content=\"Juh\u00e1sz P\u00e9ter\" \/>\n\t\t<meta name=\"twitter:label2\" content=\"Est. reading time\" \/>\n\t\t<meta name=\"twitter:data2\" content=\"2 minutes\" \/>\n\t\t<script type=\"application\/ld+json\" class=\"aioseo-schema\">\n\t\t\t{\"@context\":\"https:\\\/\\\/schema.org\",\"@graph\":[{\"@type\":\"Article\",\"@id\":\"https:\\\/\\\/allasorias.hu\\\/hirek\\\/nem-javul-a-fizetesi-hajlandosag-az-epitoiparban\\\/#article\",\"name\":\"Nem javul a fizet\\u00e9si hajland\\u00f3s\\u00e1g az \\u00e9p\\u00edt\\u0151iparban | AllasOrias.hu | H\\u00edrek-lapszemle\",\"headline\":\"Nem javul a fizet\\u00e9si hajland\\u00f3s\\u00e1g az \\u00e9p\\u00edt\\u0151iparban\",\"author\":{\"@id\":\"https:\\\/\\\/allasorias.hu\\\/hirek\\\/author\\\/admin-allasorias\\\/#author\"},\"publisher\":{\"@id\":\"https:\\\/\\\/allasorias.hu\\\/hirek\\\/#organization\"},\"image\":{\"@type\":\"ImageObject\",\"url\":\"https:\\\/\\\/allasorias.hu\\\/hirek\\\/wp-content\\\/uploads\\\/2019\\\/01\\\/pexels-photo-1329061.jpeg\",\"width\":640,\"height\":427},\"datePublished\":\"2019-01-21T13:00:18+02:00\",\"dateModified\":\"2019-01-21T13:00:18+02:00\",\"inLanguage\":\"hu-HU\",\"mainEntityOfPage\":{\"@id\":\"https:\\\/\\\/allasorias.hu\\\/hirek\\\/nem-javul-a-fizetesi-hajlandosag-az-epitoiparban\\\/#webpage\"},\"isPartOf\":{\"@id\":\"https:\\\/\\\/allasorias.hu\\\/hirek\\\/nem-javul-a-fizetesi-hajlandosag-az-epitoiparban\\\/#webpage\"},\"articleSection\":\"Gazdas\\u00e1g\"},{\"@type\":\"BreadcrumbList\",\"@id\":\"https:\\\/\\\/allasorias.hu\\\/hirek\\\/nem-javul-a-fizetesi-hajlandosag-az-epitoiparban\\\/#breadcrumblist\",\"itemListElement\":[{\"@type\":\"ListItem\",\"@id\":\"https:\\\/\\\/allasorias.hu\\\/hirek#listItem\",\"position\":1,\"name\":\"Home\",\"item\":\"https:\\\/\\\/allasorias.hu\\\/hirek\",\"nextItem\":{\"@type\":\"ListItem\",\"@id\":\"https:\\\/\\\/allasorias.hu\\\/hirek\\\/temak\\\/gazdasag\\\/#listItem\",\"name\":\"Gazdas\\u00e1g\"}},{\"@type\":\"ListItem\",\"@id\":\"https:\\\/\\\/allasorias.hu\\\/hirek\\\/temak\\\/gazdasag\\\/#listItem\",\"position\":2,\"name\":\"Gazdas\\u00e1g\",\"item\":\"https:\\\/\\\/allasorias.hu\\\/hirek\\\/temak\\\/gazdasag\\\/\",\"nextItem\":{\"@type\":\"ListItem\",\"@id\":\"https:\\\/\\\/allasorias.hu\\\/hirek\\\/nem-javul-a-fizetesi-hajlandosag-az-epitoiparban\\\/#listItem\",\"name\":\"Nem javul a fizet\\u00e9si hajland\\u00f3s\\u00e1g az \\u00e9p\\u00edt\\u0151iparban\"},\"previousItem\":{\"@type\":\"ListItem\",\"@id\":\"https:\\\/\\\/allasorias.hu\\\/hirek#listItem\",\"name\":\"Home\"}},{\"@type\":\"ListItem\",\"@id\":\"https:\\\/\\\/allasorias.hu\\\/hirek\\\/nem-javul-a-fizetesi-hajlandosag-az-epitoiparban\\\/#listItem\",\"position\":3,\"name\":\"Nem javul a fizet\\u00e9si hajland\\u00f3s\\u00e1g az \\u00e9p\\u00edt\\u0151iparban\",\"previousItem\":{\"@type\":\"ListItem\",\"@id\":\"https:\\\/\\\/allasorias.hu\\\/hirek\\\/temak\\\/gazdasag\\\/#listItem\",\"name\":\"Gazdas\\u00e1g\"}}]},{\"@type\":\"Organization\",\"@id\":\"https:\\\/\\\/allasorias.hu\\\/hirek\\\/#organization\",\"name\":\"AllasOrias.hu | H\\u00edrek-lapszemle\",\"description\":\"\\u00dczleti h\\u00edrek az \\u00e1ll\\u00e1s \\u00e9s a munka vil\\u00e1g\\u00e1b\\u00f3l\",\"url\":\"https:\\\/\\\/allasorias.hu\\\/hirek\\\/\",\"logo\":{\"@type\":\"ImageObject\",\"url\":\"https:\\\/\\\/allasorias.hu\\\/hirek\\\/wp-content\\\/uploads\\\/2022\\\/10\\\/allasorias_site_facebok_logo.png\",\"@id\":\"https:\\\/\\\/allasorias.hu\\\/hirek\\\/nem-javul-a-fizetesi-hajlandosag-az-epitoiparban\\\/#organizationLogo\"},\"image\":{\"@id\":\"https:\\\/\\\/allasorias.hu\\\/hirek\\\/nem-javul-a-fizetesi-hajlandosag-az-epitoiparban\\\/#organizationLogo\"},\"sameAs\":[\"https:\\\/\\\/www.facebook.com\\\/allasorias\",\"https:\\\/\\\/www.linkedin.com\\\/company\\\/allasorias\"]},{\"@type\":\"Person\",\"@id\":\"https:\\\/\\\/allasorias.hu\\\/hirek\\\/author\\\/admin-allasorias\\\/#author\",\"url\":\"https:\\\/\\\/allasorias.hu\\\/hirek\\\/author\\\/admin-allasorias\\\/\",\"name\":\"Juh\\u00e1sz P\\u00e9ter\",\"image\":{\"@type\":\"ImageObject\",\"@id\":\"https:\\\/\\\/allasorias.hu\\\/hirek\\\/nem-javul-a-fizetesi-hajlandosag-az-epitoiparban\\\/#authorImage\",\"url\":\"https:\\\/\\\/secure.gravatar.com\\\/avatar\\\/36e6bcb83148978b992977cb0f54d22feb0cce8a0a849a9410532bb2623ba4c6?s=96&d=mm&r=g\",\"width\":96,\"height\":96,\"caption\":\"Juh\\u00e1sz P\\u00e9ter\"}},{\"@type\":\"WebPage\",\"@id\":\"https:\\\/\\\/allasorias.hu\\\/hirek\\\/nem-javul-a-fizetesi-hajlandosag-az-epitoiparban\\\/#webpage\",\"url\":\"https:\\\/\\\/allasorias.hu\\\/hirek\\\/nem-javul-a-fizetesi-hajlandosag-az-epitoiparban\\\/\",\"name\":\"Nem javul a fizet\\u00e9si hajland\\u00f3s\\u00e1g az \\u00e9p\\u00edt\\u0151iparban | AllasOrias.hu | H\\u00edrek-lapszemle\",\"description\":\"A Bisnode adataib\\u00f3l kider\\u00fcl, hogy a legt\\u00f6bb ipar\\u00e1gban javul a c\\u00e9gek fizet\\u00e9si hajland\\u00f3s\\u00e1ga, viszont ez nem jellemz\\u0151 az \\u00e9p\\u00edt\\u0151iparra, ahol a sz\\u00e1ml\\u00e1k k\\u00e9snek. A vizsg\\u00e1lt c\\u00e9ges sz\\u00e1ml\\u00e1k t\\u00f6bb mint 72 sz\\u00e1zal\\u00e9k\\u00e1t hat\\u00e1rid\\u0151re kifizett\\u00e9k, emellett az \\u00e1tlagos k\\u00e9sedelem 18-r\\u00f3l 16 napra, az \\u00e1tlagos fizet\\u00e9si hat\\u00e1rid\\u0151 pedig 29 napr\\u00f3l 27 napra cs\\u00f6kkent. Javult az extr\\u00e9m k\\u00e9s\\u00e9sek mutat\\u00f3ja\",\"inLanguage\":\"hu-HU\",\"isPartOf\":{\"@id\":\"https:\\\/\\\/allasorias.hu\\\/hirek\\\/#website\"},\"breadcrumb\":{\"@id\":\"https:\\\/\\\/allasorias.hu\\\/hirek\\\/nem-javul-a-fizetesi-hajlandosag-az-epitoiparban\\\/#breadcrumblist\"},\"author\":{\"@id\":\"https:\\\/\\\/allasorias.hu\\\/hirek\\\/author\\\/admin-allasorias\\\/#author\"},\"creator\":{\"@id\":\"https:\\\/\\\/allasorias.hu\\\/hirek\\\/author\\\/admin-allasorias\\\/#author\"},\"image\":{\"@type\":\"ImageObject\",\"url\":\"https:\\\/\\\/allasorias.hu\\\/hirek\\\/wp-content\\\/uploads\\\/2019\\\/01\\\/pexels-photo-1329061.jpeg\",\"@id\":\"https:\\\/\\\/allasorias.hu\\\/hirek\\\/nem-javul-a-fizetesi-hajlandosag-az-epitoiparban\\\/#mainImage\",\"width\":640,\"height\":427},\"primaryImageOfPage\":{\"@id\":\"https:\\\/\\\/allasorias.hu\\\/hirek\\\/nem-javul-a-fizetesi-hajlandosag-az-epitoiparban\\\/#mainImage\"},\"datePublished\":\"2019-01-21T13:00:18+02:00\",\"dateModified\":\"2019-01-21T13:00:18+02:00\"},{\"@type\":\"WebSite\",\"@id\":\"https:\\\/\\\/allasorias.hu\\\/hirek\\\/#website\",\"url\":\"https:\\\/\\\/allasorias.hu\\\/hirek\\\/\",\"name\":\"AllasOrias.hu | H\\u00edrek-lapszemle\",\"description\":\"\\u00dczleti h\\u00edrek az \\u00e1ll\\u00e1s \\u00e9s a munka vil\\u00e1g\\u00e1b\\u00f3l\",\"inLanguage\":\"hu-HU\",\"publisher\":{\"@id\":\"https:\\\/\\\/allasorias.hu\\\/hirek\\\/#organization\"}}]}\n\t\t<\/script>\n\t\t<!-- All in One SEO -->\n\n","aioseo_head_json":{"title":"Nem javul a fizet\u00e9si hajland\u00f3s\u00e1g az \u00e9p\u00edt\u0151iparban | AllasOrias.hu | H\u00edrek-lapszemle","description":"A Bisnode adataib\u00f3l kider\u00fcl, hogy a legt\u00f6bb ipar\u00e1gban javul a c\u00e9gek fizet\u00e9si hajland\u00f3s\u00e1ga, viszont ez nem jellemz\u0151 az \u00e9p\u00edt\u0151iparra, ahol a sz\u00e1ml\u00e1k k\u00e9snek. A vizsg\u00e1lt c\u00e9ges sz\u00e1ml\u00e1k t\u00f6bb mint 72 sz\u00e1zal\u00e9k\u00e1t hat\u00e1rid\u0151re kifizett\u00e9k, emellett az \u00e1tlagos k\u00e9sedelem 18-r\u00f3l 16 napra, az \u00e1tlagos fizet\u00e9si hat\u00e1rid\u0151 pedig 29 napr\u00f3l 27 napra cs\u00f6kkent. Javult az extr\u00e9m k\u00e9s\u00e9sek mutat\u00f3ja","canonical_url":"https:\/\/allasorias.hu\/hirek\/nem-javul-a-fizetesi-hajlandosag-az-epitoiparban\/","robots":"max-image-preview:large","keywords":"","webmasterTools":{"miscellaneous":""},"schema":{"@context":"https:\/\/schema.org","@graph":[{"@type":"Article","@id":"https:\/\/allasorias.hu\/hirek\/nem-javul-a-fizetesi-hajlandosag-az-epitoiparban\/#article","name":"Nem javul a fizet\u00e9si hajland\u00f3s\u00e1g az \u00e9p\u00edt\u0151iparban | AllasOrias.hu | H\u00edrek-lapszemle","headline":"Nem javul a fizet\u00e9si hajland\u00f3s\u00e1g az \u00e9p\u00edt\u0151iparban","author":{"@id":"https:\/\/allasorias.hu\/hirek\/author\/admin-allasorias\/#author"},"publisher":{"@id":"https:\/\/allasorias.hu\/hirek\/#organization"},"image":{"@type":"ImageObject","url":"https:\/\/allasorias.hu\/hirek\/wp-content\/uploads\/2019\/01\/pexels-photo-1329061.jpeg","width":640,"height":427},"datePublished":"2019-01-21T13:00:18+02:00","dateModified":"2019-01-21T13:00:18+02:00","inLanguage":"hu-HU","mainEntityOfPage":{"@id":"https:\/\/allasorias.hu\/hirek\/nem-javul-a-fizetesi-hajlandosag-az-epitoiparban\/#webpage"},"isPartOf":{"@id":"https:\/\/allasorias.hu\/hirek\/nem-javul-a-fizetesi-hajlandosag-az-epitoiparban\/#webpage"},"articleSection":"Gazdas\u00e1g"},{"@type":"BreadcrumbList","@id":"https:\/\/allasorias.hu\/hirek\/nem-javul-a-fizetesi-hajlandosag-az-epitoiparban\/#breadcrumblist","itemListElement":[{"@type":"ListItem","@id":"https:\/\/allasorias.hu\/hirek#listItem","position":1,"name":"Home","item":"https:\/\/allasorias.hu\/hirek","nextItem":{"@type":"ListItem","@id":"https:\/\/allasorias.hu\/hirek\/temak\/gazdasag\/#listItem","name":"Gazdas\u00e1g"}},{"@type":"ListItem","@id":"https:\/\/allasorias.hu\/hirek\/temak\/gazdasag\/#listItem","position":2,"name":"Gazdas\u00e1g","item":"https:\/\/allasorias.hu\/hirek\/temak\/gazdasag\/","nextItem":{"@type":"ListItem","@id":"https:\/\/allasorias.hu\/hirek\/nem-javul-a-fizetesi-hajlandosag-az-epitoiparban\/#listItem","name":"Nem javul a fizet\u00e9si hajland\u00f3s\u00e1g az \u00e9p\u00edt\u0151iparban"},"previousItem":{"@type":"ListItem","@id":"https:\/\/allasorias.hu\/hirek#listItem","name":"Home"}},{"@type":"ListItem","@id":"https:\/\/allasorias.hu\/hirek\/nem-javul-a-fizetesi-hajlandosag-az-epitoiparban\/#listItem","position":3,"name":"Nem javul a fizet\u00e9si hajland\u00f3s\u00e1g az \u00e9p\u00edt\u0151iparban","previousItem":{"@type":"ListItem","@id":"https:\/\/allasorias.hu\/hirek\/temak\/gazdasag\/#listItem","name":"Gazdas\u00e1g"}}]},{"@type":"Organization","@id":"https:\/\/allasorias.hu\/hirek\/#organization","name":"AllasOrias.hu | H\u00edrek-lapszemle","description":"\u00dczleti h\u00edrek az \u00e1ll\u00e1s \u00e9s a munka vil\u00e1g\u00e1b\u00f3l","url":"https:\/\/allasorias.hu\/hirek\/","logo":{"@type":"ImageObject","url":"https:\/\/allasorias.hu\/hirek\/wp-content\/uploads\/2022\/10\/allasorias_site_facebok_logo.png","@id":"https:\/\/allasorias.hu\/hirek\/nem-javul-a-fizetesi-hajlandosag-az-epitoiparban\/#organizationLogo"},"image":{"@id":"https:\/\/allasorias.hu\/hirek\/nem-javul-a-fizetesi-hajlandosag-az-epitoiparban\/#organizationLogo"},"sameAs":["https:\/\/www.facebook.com\/allasorias","https:\/\/www.linkedin.com\/company\/allasorias"]},{"@type":"Person","@id":"https:\/\/allasorias.hu\/hirek\/author\/admin-allasorias\/#author","url":"https:\/\/allasorias.hu\/hirek\/author\/admin-allasorias\/","name":"Juh\u00e1sz P\u00e9ter","image":{"@type":"ImageObject","@id":"https:\/\/allasorias.hu\/hirek\/nem-javul-a-fizetesi-hajlandosag-az-epitoiparban\/#authorImage","url":"https:\/\/secure.gravatar.com\/avatar\/36e6bcb83148978b992977cb0f54d22feb0cce8a0a849a9410532bb2623ba4c6?s=96&d=mm&r=g","width":96,"height":96,"caption":"Juh\u00e1sz P\u00e9ter"}},{"@type":"WebPage","@id":"https:\/\/allasorias.hu\/hirek\/nem-javul-a-fizetesi-hajlandosag-az-epitoiparban\/#webpage","url":"https:\/\/allasorias.hu\/hirek\/nem-javul-a-fizetesi-hajlandosag-az-epitoiparban\/","name":"Nem javul a fizet\u00e9si hajland\u00f3s\u00e1g az \u00e9p\u00edt\u0151iparban | AllasOrias.hu | H\u00edrek-lapszemle","description":"A Bisnode adataib\u00f3l kider\u00fcl, hogy a legt\u00f6bb ipar\u00e1gban javul a c\u00e9gek fizet\u00e9si hajland\u00f3s\u00e1ga, viszont ez nem jellemz\u0151 az \u00e9p\u00edt\u0151iparra, ahol a sz\u00e1ml\u00e1k k\u00e9snek. A vizsg\u00e1lt c\u00e9ges sz\u00e1ml\u00e1k t\u00f6bb mint 72 sz\u00e1zal\u00e9k\u00e1t hat\u00e1rid\u0151re kifizett\u00e9k, emellett az \u00e1tlagos k\u00e9sedelem 18-r\u00f3l 16 napra, az \u00e1tlagos fizet\u00e9si hat\u00e1rid\u0151 pedig 29 napr\u00f3l 27 napra cs\u00f6kkent. Javult az extr\u00e9m k\u00e9s\u00e9sek mutat\u00f3ja","inLanguage":"hu-HU","isPartOf":{"@id":"https:\/\/allasorias.hu\/hirek\/#website"},"breadcrumb":{"@id":"https:\/\/allasorias.hu\/hirek\/nem-javul-a-fizetesi-hajlandosag-az-epitoiparban\/#breadcrumblist"},"author":{"@id":"https:\/\/allasorias.hu\/hirek\/author\/admin-allasorias\/#author"},"creator":{"@id":"https:\/\/allasorias.hu\/hirek\/author\/admin-allasorias\/#author"},"image":{"@type":"ImageObject","url":"https:\/\/allasorias.hu\/hirek\/wp-content\/uploads\/2019\/01\/pexels-photo-1329061.jpeg","@id":"https:\/\/allasorias.hu\/hirek\/nem-javul-a-fizetesi-hajlandosag-az-epitoiparban\/#mainImage","width":640,"height":427},"primaryImageOfPage":{"@id":"https:\/\/allasorias.hu\/hirek\/nem-javul-a-fizetesi-hajlandosag-az-epitoiparban\/#mainImage"},"datePublished":"2019-01-21T13:00:18+02:00","dateModified":"2019-01-21T13:00:18+02:00"},{"@type":"WebSite","@id":"https:\/\/allasorias.hu\/hirek\/#website","url":"https:\/\/allasorias.hu\/hirek\/","name":"AllasOrias.hu | H\u00edrek-lapszemle","description":"\u00dczleti h\u00edrek az \u00e1ll\u00e1s \u00e9s a munka vil\u00e1g\u00e1b\u00f3l","inLanguage":"hu-HU","publisher":{"@id":"https:\/\/allasorias.hu\/hirek\/#organization"}}]},"og:locale":"hu_HU","og:site_name":"AllasOrias.hu | H\u00edrek-lapszemle | \u00dczleti h\u00edrek az \u00e1ll\u00e1s \u00e9s a munka vil\u00e1g\u00e1b\u00f3l","og:type":"article","og:title":"Nem javul a fizet\u00e9si hajland\u00f3s\u00e1g az \u00e9p\u00edt\u0151iparban | AllasOrias.hu | H\u00edrek-lapszemle","og:description":"A Bisnode adataib\u00f3l kider\u00fcl, hogy a legt\u00f6bb ipar\u00e1gban javul a c\u00e9gek fizet\u00e9si hajland\u00f3s\u00e1ga, viszont ez nem jellemz\u0151 az \u00e9p\u00edt\u0151iparra, ahol a sz\u00e1ml\u00e1k k\u00e9snek. A vizsg\u00e1lt c\u00e9ges sz\u00e1ml\u00e1k t\u00f6bb mint 72 sz\u00e1zal\u00e9k\u00e1t hat\u00e1rid\u0151re kifizett\u00e9k, emellett az \u00e1tlagos k\u00e9sedelem 18-r\u00f3l 16 napra, az \u00e1tlagos fizet\u00e9si hat\u00e1rid\u0151 pedig 29 napr\u00f3l 27 napra cs\u00f6kkent. Javult az extr\u00e9m k\u00e9s\u00e9sek mutat\u00f3ja","og:url":"https:\/\/allasorias.hu\/hirek\/nem-javul-a-fizetesi-hajlandosag-az-epitoiparban\/","og:image":"https:\/\/allasorias.hu\/hirek\/wp-content\/uploads\/2019\/01\/pexels-photo-1329061.jpeg","og:image:secure_url":"https:\/\/allasorias.hu\/hirek\/wp-content\/uploads\/2019\/01\/pexels-photo-1329061.jpeg","og:image:width":640,"og:image:height":427,"article:published_time":"2019-01-21T13:00:18+00:00","article:modified_time":"2019-01-21T13:00:18+00:00","article:publisher":"https:\/\/www.facebook.com\/allasorias","twitter:card":"summary_large_image","twitter:title":"Nem javul a fizet\u00e9si hajland\u00f3s\u00e1g az \u00e9p\u00edt\u0151iparban | AllasOrias.hu | H\u00edrek-lapszemle","twitter:description":"A Bisnode adataib\u00f3l kider\u00fcl, hogy a legt\u00f6bb ipar\u00e1gban javul a c\u00e9gek fizet\u00e9si hajland\u00f3s\u00e1ga, viszont ez nem jellemz\u0151 az \u00e9p\u00edt\u0151iparra, ahol a sz\u00e1ml\u00e1k k\u00e9snek. A vizsg\u00e1lt c\u00e9ges sz\u00e1ml\u00e1k t\u00f6bb mint 72 sz\u00e1zal\u00e9k\u00e1t hat\u00e1rid\u0151re kifizett\u00e9k, emellett az \u00e1tlagos k\u00e9sedelem 18-r\u00f3l 16 napra, az \u00e1tlagos fizet\u00e9si hat\u00e1rid\u0151 pedig 29 napr\u00f3l 27 napra cs\u00f6kkent. Javult az extr\u00e9m k\u00e9s\u00e9sek mutat\u00f3ja","twitter:image":"https:\/\/allasorias.hu\/hirek\/wp-content\/uploads\/2019\/01\/pexels-photo-1329061.jpeg","twitter:label1":"Written by","twitter:data1":"Juh\u00e1sz P\u00e9ter","twitter:label2":"Est. reading time","twitter:data2":"2 minutes"},"aioseo_meta_data":{"post_id":"2447","title":null,"description":null,"keywords":null,"keyphrases":null,"primary_term":null,"canonical_url":null,"og_title":null,"og_description":null,"og_object_type":"default","og_image_type":"default","og_image_url":null,"og_image_width":null,"og_image_height":null,"og_image_custom_url":null,"og_image_custom_fields":null,"og_video":null,"og_custom_url":null,"og_article_section":null,"og_article_tags":null,"twitter_use_og":false,"twitter_card":"default","twitter_image_type":"default","twitter_image_url":null,"twitter_image_custom_url":null,"twitter_image_custom_fields":null,"twitter_title":null,"twitter_description":null,"schema":{"blockGraphs":[],"customGraphs":[],"default":{"data":{"Article":[],"Course":[],"Dataset":[],"FAQPage":[],"Movie":[],"Person":[],"Product":[],"ProductReview":[],"Car":[],"Recipe":[],"Service":[],"SoftwareApplication":[],"WebPage":[]},"graphName":"","isEnabled":true},"graphs":[],"defaultGraph":"","defaultPostTypeGraph":""},"schema_type":null,"schema_type_options":null,"pillar_content":false,"robots_default":true,"robots_noindex":false,"robots_noarchive":false,"robots_nosnippet":false,"robots_nofollow":false,"robots_noimageindex":false,"robots_noodp":false,"robots_notranslate":false,"robots_max_snippet":null,"robots_max_videopreview":null,"robots_max_imagepreview":"large","priority":null,"frequency":null,"location":null,"local_seo":null,"breadcrumb_settings":null,"limit_modified_date":false,"ai":null,"created":"2021-02-01 20:46:01","updated":"2025-10-02 09:51:25","seo_analyzer_scan_date":null,"focus_keyword":null,"additional_keywords":null,"truseo_locale":null},"aioseo_breadcrumb":"<div class=\"aioseo-breadcrumbs\"><span class=\"aioseo-breadcrumb\">\n\t\t\t<a href=\"https:\/\/allasorias.hu\/hirek\" title=\"Home\">Home<\/a>\n\t\t<\/span><span class=\"aioseo-breadcrumb-separator\">&raquo;<\/span><span class=\"aioseo-breadcrumb\">\n\t\t\t<a href=\"https:\/\/allasorias.hu\/hirek\/temak\/gazdasag\/\" title=\"Gazdas\u00e1g\">Gazdas\u00e1g<\/a>\n\t\t<\/span><span class=\"aioseo-breadcrumb-separator\">&raquo;<\/span><span class=\"aioseo-breadcrumb\">\n\t\t\tNem javul a fizet\u00e9si hajland\u00f3s\u00e1g az \u00e9p\u00edt\u0151iparban\n\t\t<\/span><\/div>","aioseo_breadcrumb_json":[{"label":"Home","link":"https:\/\/allasorias.hu\/hirek"},{"label":"Gazdas\u00e1g","link":"https:\/\/allasorias.hu\/hirek\/temak\/gazdasag\/"},{"label":"Nem javul a fizet\u00e9si hajland\u00f3s\u00e1g az \u00e9p\u00edt\u0151iparban","link":"https:\/\/allasorias.hu\/hirek\/nem-javul-a-fizetesi-hajlandosag-az-epitoiparban\/"}],"_links":{"self":[{"href":"https:\/\/allasorias.hu\/hirek\/wp-json\/wp\/v2\/posts\/2447","targetHints":{"allow":["GET"]}}],"collection":[{"href":"https:\/\/allasorias.hu\/hirek\/wp-json\/wp\/v2\/posts"}],"about":[{"href":"https:\/\/allasorias.hu\/hirek\/wp-json\/wp\/v2\/types\/post"}],"author":[{"embeddable":true,"href":"https:\/\/allasorias.hu\/hirek\/wp-json\/wp\/v2\/users\/1"}],"replies":[{"embeddable":true,"href":"https:\/\/allasorias.hu\/hirek\/wp-json\/wp\/v2\/comments?post=2447"}],"version-history":[{"count":1,"href":"https:\/\/allasorias.hu\/hirek\/wp-json\/wp\/v2\/posts\/2447\/revisions"}],"predecessor-version":[{"id":2449,"href":"https:\/\/allasorias.hu\/hirek\/wp-json\/wp\/v2\/posts\/2447\/revisions\/2449"}],"wp:featuredmedia":[{"embeddable":true,"href":"https:\/\/allasorias.hu\/hirek\/wp-json\/wp\/v2\/media\/2448"}],"wp:attachment":[{"href":"https:\/\/allasorias.hu\/hirek\/wp-json\/wp\/v2\/media?parent=2447"}],"wp:term":[{"taxonomy":"category","embeddable":true,"href":"https:\/\/allasorias.hu\/hirek\/wp-json\/wp\/v2\/categories?post=2447"},{"taxonomy":"post_tag","embeddable":true,"href":"https:\/\/allasorias.hu\/hirek\/wp-json\/wp\/v2\/tags?post=2447"}],"curies":[{"name":"wp","href":"https:\/\/api.w.org\/{rel}","templated":true}]}}