{"id":2445,"date":"2019-01-21T12:56:38","date_gmt":"2019-01-21T12:56:38","guid":{"rendered":"https:\/\/allasorias.hu\/hirek\/?p=2445"},"modified":"2019-01-21T12:56:38","modified_gmt":"2019-01-21T12:56:38","slug":"ratalaltak-a-dolgozo-kozmunkasokra","status":"publish","type":"post","link":"https:\/\/allasorias.hu\/hirek\/ratalaltak-a-dolgozo-kozmunkasokra\/","title":{"rendered":"R\u00e1tal\u00e1ltak a dolgoz\u00f3 k\u00f6zmunk\u00e1sokra?"},"content":{"rendered":"<p><strong>A korm\u00e1ny eredeti c\u00e9lja az volt, hogy a k\u00f6zmunk\u00e1sokat a t\u00e9nyleges munkaer\u0151piacra terelje vissza. A Bel\u00fcgyminiszt\u00e9rium k\u00f6zfoglalkoztat\u00e1si honlapj\u00e1n most megjelent, 2017-re vonatkoz\u00f3 adatok szerint \u00a0az eddig ismertn\u00e9l nagyobb sz\u00e1mban tudnak elhelyezkedni a k\u00f6zmunk\u00e1sok. 2017-re a r\u00e9gi m\u00f3dszertan szerint ugyanis 13,7 sz\u00e1zal\u00e9k volt az ar\u00e1ny, az \u00faj m\u00f3dszertan szerint viszont 18,1 sz\u00e1zal\u00e9k. Vagyis az \u00faj adatfelv\u00e9teli m\u00f3dszernek k\u00f6sz\u00f6nhet\u0151en t\u00f6bb mint 16 ezer dolgoz\u00f3 ex-k\u00f6zmunk\u00e1st tal\u00e1lt a korm\u00e1ny.<\/strong><\/p>\n<p>A legf\u0151bb k\u00fcl\u00f6nbs\u00e9g a k\u00e9t adatfelv\u00e9tel k\u00f6z\u00f6tt, hogy r\u00e9gen a k\u00f6zfoglalkoztat\u00e1si szerz\u0151d\u00e9seket, azok lej\u00e1rt\u00e1t figyelt\u00e9k egy-egy szem\u00e9lyn\u00e9l, most azonban m\u00e1r a programb\u00f3l val\u00f3 kil\u00e9p\u00e9st, ami ak\u00e1r h\u00f3napokkal kor\u00e1bban is megt\u00f6rt\u00e9nhet a program v\u00e9ge el\u0151tt. 2017-ben egy\u00e9bk\u00e9nt 351 643 szem\u00e9ly volt k\u00f6zmunk\u00e1ban, 20 ezerrel kevesebben, mint egy \u00e9vvel kor\u00e1bban. A programb\u00f3l kil\u00e9p\u0151k k\u00f6z\u00fcl a kil\u00e9p\u00e9st\u0151l sz\u00e1m\u00edtott 180. napon 63 814-en az els\u0151dleges munkaer\u0151piacon dolgoztak (18,1 sz\u00e1zal\u00e9k),183 612-en \u00fajra k\u00f6zmunk\u00e1sok voltak, 59 367-en \u00e1ll\u00e1skeres\u0151k\u00e9nt volt jelen a piacon,44 850 szem\u00e9ly st\u00e1tusza pedig nem ismert. Megyei lebont\u00e1s alapj\u00e1n a legnagyobb ar\u00e1nyban a f\u0151v\u00e1rosban tudtak elhelyezkedni a k\u00f6zmunk\u00e1sok, 31,3 sz\u00e1zal\u00e9k volt az ar\u00e1nyuk,\u00a0 itt viszonylag alacsony a r\u00e9sztvev\u0151k sz\u00e1ma. Budapest ut\u00e1n a legmagasabb volt az elhelyezked\u0151k ar\u00e1nya Gy\u0151r-Moson-Sopron megy\u00e9ben, 26,7 sz\u00e1zal\u00e9k, Veszpr\u00e9m megy\u00e9ben 25,3,Fej\u00e9r megy\u00e9ben pedig 25,2 sz\u00e1zal\u00e9k. A legkisebb ar\u00e1nyban Borsod-Aba\u00faj-Zempl\u00e9n megy\u00e9ben tal\u00e1ltak munk\u00e1t maguknak a kil\u00e9p\u0151 k\u00f6zmunk\u00e1sok, 12,5 sz\u00e1zal\u00e9k, Szabolcs-Szatm\u00e1r-Bereg megy\u00e9ben 14,5, Hajd\u00fa-Bihar megy\u00e9ben pedig 17,2 sz\u00e1zal\u00e9k volt az ar\u00e1ny. A megyei adatokb\u00f3l is j\u00f3l l\u00e1tszik az orsz\u00e1g kett\u00e9szakad\u00e1sa: m\u00edg nyugaton sokkal eg\u00e9szs\u00e9gesebb k\u00e9pet mutat a munkaer\u0151piac, addig a keleti megy\u00e9kben igen er\u0151s l\u00e1b\u00e1t k\u00e9pezi a foglalkoztat\u00e1snak a k\u00f6zmunka.<\/p>\n<p><em>Forr\u00e1s: mfor.hu<\/em><\/p>\n","protected":false},"excerpt":{"rendered":"<p>A korm\u00e1ny eredeti c\u00e9lja az volt, hogy a k\u00f6zmunk\u00e1sokat a t\u00e9nyleges munkaer\u0151piacra terelje vissza. A Bel\u00fcgyminiszt\u00e9rium k\u00f6zfoglalkoztat\u00e1si honlapj\u00e1n most megjelent, 2017-re vonatkoz\u00f3 adatok szerint \u00a0az eddig ismertn\u00e9l nagyobb sz\u00e1mban tudnak elhelyezkedni a k\u00f6zmunk\u00e1sok. 2017-re a r\u00e9gi m\u00f3dszertan szerint ugyanis 13,7 sz\u00e1zal\u00e9k volt az ar\u00e1ny, az \u00faj m\u00f3dszertan szerint viszont 18,1 sz\u00e1zal\u00e9k. Vagyis az \u00faj adatfelv\u00e9teli [&hellip;]<\/p>\n","protected":false},"author":1,"featured_media":0,"comment_status":"open","ping_status":"open","sticky":false,"template":"","format":"standard","meta":{"_monsterinsights_skip_tracking":false,"footnotes":""},"categories":[198,200],"tags":[],"class_list":["post-2445","post","type-post","status-publish","format-standard","hentry","category-gazdasag","category-munkaeropiac"],"aioseo_notices":[],"aioseo_head":"\n\t\t<!-- All in One SEO 5.0.0.1 - aioseo.com -->\n\t<meta name=\"description\" content=\"A korm\u00e1ny eredeti c\u00e9lja az volt, hogy a k\u00f6zmunk\u00e1sokat a t\u00e9nyleges munkaer\u0151piacra terelje vissza. A Bel\u00fcgyminiszt\u00e9rium k\u00f6zfoglalkoztat\u00e1si honlapj\u00e1n most megjelent, 2017-re vonatkoz\u00f3 adatok szerint az eddig ismertn\u00e9l nagyobb sz\u00e1mban tudnak elhelyezkedni a k\u00f6zmunk\u00e1sok. 2017-re a r\u00e9gi m\u00f3dszertan szerint ugyanis 13,7 sz\u00e1zal\u00e9k volt az ar\u00e1ny, az \u00faj m\u00f3dszertan szerint viszont 18,1 sz\u00e1zal\u00e9k. Vagyis az \u00faj adatfelv\u00e9teli\" \/>\n\t<meta name=\"robots\" content=\"max-image-preview:large\" \/>\n\t<meta name=\"author\" content=\"Juh\u00e1sz P\u00e9ter\"\/>\n\t<link rel=\"canonical\" href=\"https:\/\/allasorias.hu\/hirek\/ratalaltak-a-dolgozo-kozmunkasokra\/\" \/>\n\t<meta name=\"generator\" content=\"All in One SEO (AIOSEO) 5.0.0.1\" \/>\n\t\t<meta property=\"og:locale\" content=\"hu_HU\" \/>\n\t\t<meta property=\"og:site_name\" content=\"AllasOrias.hu | H\u00edrek-lapszemle | \u00dczleti h\u00edrek az \u00e1ll\u00e1s \u00e9s a munka vil\u00e1g\u00e1b\u00f3l\" \/>\n\t\t<meta property=\"og:type\" content=\"article\" \/>\n\t\t<meta property=\"og:title\" content=\"R\u00e1tal\u00e1ltak a dolgoz\u00f3 k\u00f6zmunk\u00e1sokra? | AllasOrias.hu | H\u00edrek-lapszemle\" \/>\n\t\t<meta property=\"og:description\" content=\"A korm\u00e1ny eredeti c\u00e9lja az volt, hogy a k\u00f6zmunk\u00e1sokat a t\u00e9nyleges munkaer\u0151piacra terelje vissza. A Bel\u00fcgyminiszt\u00e9rium k\u00f6zfoglalkoztat\u00e1si honlapj\u00e1n most megjelent, 2017-re vonatkoz\u00f3 adatok szerint az eddig ismertn\u00e9l nagyobb sz\u00e1mban tudnak elhelyezkedni a k\u00f6zmunk\u00e1sok. 2017-re a r\u00e9gi m\u00f3dszertan szerint ugyanis 13,7 sz\u00e1zal\u00e9k volt az ar\u00e1ny, az \u00faj m\u00f3dszertan szerint viszont 18,1 sz\u00e1zal\u00e9k. Vagyis az \u00faj adatfelv\u00e9teli\" \/>\n\t\t<meta property=\"og:url\" content=\"https:\/\/allasorias.hu\/hirek\/ratalaltak-a-dolgozo-kozmunkasokra\/\" \/>\n\t\t<meta property=\"og:image\" content=\"https:\/\/allasorias.hu\/hirek\/wp-content\/uploads\/2022\/10\/allasorias-fb-logo.png\" \/>\n\t\t<meta property=\"og:image:secure_url\" content=\"https:\/\/allasorias.hu\/hirek\/wp-content\/uploads\/2022\/10\/allasorias-fb-logo.png\" \/>\n\t\t<meta property=\"og:image:width\" content=\"437\" \/>\n\t\t<meta property=\"og:image:height\" content=\"200\" \/>\n\t\t<meta property=\"article:published_time\" content=\"2019-01-21T12:56:38+00:00\" \/>\n\t\t<meta property=\"article:modified_time\" content=\"2019-01-21T12:56:38+00:00\" \/>\n\t\t<meta property=\"article:publisher\" content=\"https:\/\/www.facebook.com\/allasorias\" \/>\n\t\t<meta name=\"twitter:card\" content=\"summary_large_image\" \/>\n\t\t<meta name=\"twitter:title\" content=\"R\u00e1tal\u00e1ltak a dolgoz\u00f3 k\u00f6zmunk\u00e1sokra? | AllasOrias.hu | H\u00edrek-lapszemle\" \/>\n\t\t<meta name=\"twitter:description\" content=\"A korm\u00e1ny eredeti c\u00e9lja az volt, hogy a k\u00f6zmunk\u00e1sokat a t\u00e9nyleges munkaer\u0151piacra terelje vissza. A Bel\u00fcgyminiszt\u00e9rium k\u00f6zfoglalkoztat\u00e1si honlapj\u00e1n most megjelent, 2017-re vonatkoz\u00f3 adatok szerint az eddig ismertn\u00e9l nagyobb sz\u00e1mban tudnak elhelyezkedni a k\u00f6zmunk\u00e1sok. 2017-re a r\u00e9gi m\u00f3dszertan szerint ugyanis 13,7 sz\u00e1zal\u00e9k volt az ar\u00e1ny, az \u00faj m\u00f3dszertan szerint viszont 18,1 sz\u00e1zal\u00e9k. Vagyis az \u00faj adatfelv\u00e9teli\" \/>\n\t\t<meta name=\"twitter:image\" content=\"https:\/\/allasorias.hu\/hirek\/wp-content\/uploads\/2022\/10\/allasorias-fb-logo.png\" \/>\n\t\t<meta name=\"twitter:label1\" content=\"Written by\" \/>\n\t\t<meta name=\"twitter:data1\" content=\"Juh\u00e1sz P\u00e9ter\" \/>\n\t\t<meta name=\"twitter:label2\" content=\"Est. reading time\" \/>\n\t\t<meta name=\"twitter:data2\" content=\"2 minutes\" \/>\n\t\t<script type=\"application\/ld+json\" class=\"aioseo-schema\">\n\t\t\t{\"@context\":\"https:\\\/\\\/schema.org\",\"@graph\":[{\"@type\":\"Article\",\"@id\":\"https:\\\/\\\/allasorias.hu\\\/hirek\\\/ratalaltak-a-dolgozo-kozmunkasokra\\\/#article\",\"name\":\"R\\u00e1tal\\u00e1ltak a dolgoz\\u00f3 k\\u00f6zmunk\\u00e1sokra? | AllasOrias.hu | H\\u00edrek-lapszemle\",\"headline\":\"R\\u00e1tal\\u00e1ltak a dolgoz\\u00f3 k\\u00f6zmunk\\u00e1sokra?\",\"author\":{\"@id\":\"https:\\\/\\\/allasorias.hu\\\/hirek\\\/author\\\/admin-allasorias\\\/#author\"},\"publisher\":{\"@id\":\"https:\\\/\\\/allasorias.hu\\\/hirek\\\/#organization\"},\"image\":{\"@type\":\"ImageObject\",\"url\":\"https:\\\/\\\/allasorias.hu\\\/hirek\\\/wp-content\\\/uploads\\\/2022\\\/10\\\/allasorias_site_facebok_logo.png\",\"@id\":\"https:\\\/\\\/allasorias.hu\\\/hirek\\\/#articleImage\"},\"datePublished\":\"2019-01-21T12:56:38+02:00\",\"dateModified\":\"2019-01-21T12:56:38+02:00\",\"inLanguage\":\"hu-HU\",\"mainEntityOfPage\":{\"@id\":\"https:\\\/\\\/allasorias.hu\\\/hirek\\\/ratalaltak-a-dolgozo-kozmunkasokra\\\/#webpage\"},\"isPartOf\":{\"@id\":\"https:\\\/\\\/allasorias.hu\\\/hirek\\\/ratalaltak-a-dolgozo-kozmunkasokra\\\/#webpage\"},\"articleSection\":\"Gazdas\\u00e1g, Munkaer\\u0151piac\"},{\"@type\":\"BreadcrumbList\",\"@id\":\"https:\\\/\\\/allasorias.hu\\\/hirek\\\/ratalaltak-a-dolgozo-kozmunkasokra\\\/#breadcrumblist\",\"itemListElement\":[{\"@type\":\"ListItem\",\"@id\":\"https:\\\/\\\/allasorias.hu\\\/hirek#listItem\",\"position\":1,\"name\":\"Home\",\"item\":\"https:\\\/\\\/allasorias.hu\\\/hirek\",\"nextItem\":{\"@type\":\"ListItem\",\"@id\":\"https:\\\/\\\/allasorias.hu\\\/hirek\\\/temak\\\/gazdasag\\\/#listItem\",\"name\":\"Gazdas\\u00e1g\"}},{\"@type\":\"ListItem\",\"@id\":\"https:\\\/\\\/allasorias.hu\\\/hirek\\\/temak\\\/gazdasag\\\/#listItem\",\"position\":2,\"name\":\"Gazdas\\u00e1g\",\"item\":\"https:\\\/\\\/allasorias.hu\\\/hirek\\\/temak\\\/gazdasag\\\/\",\"nextItem\":{\"@type\":\"ListItem\",\"@id\":\"https:\\\/\\\/allasorias.hu\\\/hirek\\\/ratalaltak-a-dolgozo-kozmunkasokra\\\/#listItem\",\"name\":\"R\\u00e1tal\\u00e1ltak a dolgoz\\u00f3 k\\u00f6zmunk\\u00e1sokra?\"},\"previousItem\":{\"@type\":\"ListItem\",\"@id\":\"https:\\\/\\\/allasorias.hu\\\/hirek#listItem\",\"name\":\"Home\"}},{\"@type\":\"ListItem\",\"@id\":\"https:\\\/\\\/allasorias.hu\\\/hirek\\\/ratalaltak-a-dolgozo-kozmunkasokra\\\/#listItem\",\"position\":3,\"name\":\"R\\u00e1tal\\u00e1ltak a dolgoz\\u00f3 k\\u00f6zmunk\\u00e1sokra?\",\"previousItem\":{\"@type\":\"ListItem\",\"@id\":\"https:\\\/\\\/allasorias.hu\\\/hirek\\\/temak\\\/gazdasag\\\/#listItem\",\"name\":\"Gazdas\\u00e1g\"}}]},{\"@type\":\"Organization\",\"@id\":\"https:\\\/\\\/allasorias.hu\\\/hirek\\\/#organization\",\"name\":\"AllasOrias.hu | H\\u00edrek-lapszemle\",\"description\":\"\\u00dczleti h\\u00edrek az \\u00e1ll\\u00e1s \\u00e9s a munka vil\\u00e1g\\u00e1b\\u00f3l\",\"url\":\"https:\\\/\\\/allasorias.hu\\\/hirek\\\/\",\"logo\":{\"@type\":\"ImageObject\",\"url\":\"https:\\\/\\\/allasorias.hu\\\/hirek\\\/wp-content\\\/uploads\\\/2022\\\/10\\\/allasorias_site_facebok_logo.png\",\"@id\":\"https:\\\/\\\/allasorias.hu\\\/hirek\\\/ratalaltak-a-dolgozo-kozmunkasokra\\\/#organizationLogo\"},\"image\":{\"@id\":\"https:\\\/\\\/allasorias.hu\\\/hirek\\\/ratalaltak-a-dolgozo-kozmunkasokra\\\/#organizationLogo\"},\"sameAs\":[\"https:\\\/\\\/www.facebook.com\\\/allasorias\",\"https:\\\/\\\/www.linkedin.com\\\/company\\\/allasorias\"]},{\"@type\":\"Person\",\"@id\":\"https:\\\/\\\/allasorias.hu\\\/hirek\\\/author\\\/admin-allasorias\\\/#author\",\"url\":\"https:\\\/\\\/allasorias.hu\\\/hirek\\\/author\\\/admin-allasorias\\\/\",\"name\":\"Juh\\u00e1sz P\\u00e9ter\",\"image\":{\"@type\":\"ImageObject\",\"@id\":\"https:\\\/\\\/allasorias.hu\\\/hirek\\\/ratalaltak-a-dolgozo-kozmunkasokra\\\/#authorImage\",\"url\":\"https:\\\/\\\/secure.gravatar.com\\\/avatar\\\/36e6bcb83148978b992977cb0f54d22feb0cce8a0a849a9410532bb2623ba4c6?s=96&d=mm&r=g\",\"width\":96,\"height\":96,\"caption\":\"Juh\\u00e1sz P\\u00e9ter\"}},{\"@type\":\"WebPage\",\"@id\":\"https:\\\/\\\/allasorias.hu\\\/hirek\\\/ratalaltak-a-dolgozo-kozmunkasokra\\\/#webpage\",\"url\":\"https:\\\/\\\/allasorias.hu\\\/hirek\\\/ratalaltak-a-dolgozo-kozmunkasokra\\\/\",\"name\":\"R\\u00e1tal\\u00e1ltak a dolgoz\\u00f3 k\\u00f6zmunk\\u00e1sokra? | AllasOrias.hu | H\\u00edrek-lapszemle\",\"description\":\"A korm\\u00e1ny eredeti c\\u00e9lja az volt, hogy a k\\u00f6zmunk\\u00e1sokat a t\\u00e9nyleges munkaer\\u0151piacra terelje vissza. A Bel\\u00fcgyminiszt\\u00e9rium k\\u00f6zfoglalkoztat\\u00e1si honlapj\\u00e1n most megjelent, 2017-re vonatkoz\\u00f3 adatok szerint az eddig ismertn\\u00e9l nagyobb sz\\u00e1mban tudnak elhelyezkedni a k\\u00f6zmunk\\u00e1sok. 2017-re a r\\u00e9gi m\\u00f3dszertan szerint ugyanis 13,7 sz\\u00e1zal\\u00e9k volt az ar\\u00e1ny, az \\u00faj m\\u00f3dszertan szerint viszont 18,1 sz\\u00e1zal\\u00e9k. Vagyis az \\u00faj adatfelv\\u00e9teli\",\"inLanguage\":\"hu-HU\",\"isPartOf\":{\"@id\":\"https:\\\/\\\/allasorias.hu\\\/hirek\\\/#website\"},\"breadcrumb\":{\"@id\":\"https:\\\/\\\/allasorias.hu\\\/hirek\\\/ratalaltak-a-dolgozo-kozmunkasokra\\\/#breadcrumblist\"},\"author\":{\"@id\":\"https:\\\/\\\/allasorias.hu\\\/hirek\\\/author\\\/admin-allasorias\\\/#author\"},\"creator\":{\"@id\":\"https:\\\/\\\/allasorias.hu\\\/hirek\\\/author\\\/admin-allasorias\\\/#author\"},\"datePublished\":\"2019-01-21T12:56:38+02:00\",\"dateModified\":\"2019-01-21T12:56:38+02:00\"},{\"@type\":\"WebSite\",\"@id\":\"https:\\\/\\\/allasorias.hu\\\/hirek\\\/#website\",\"url\":\"https:\\\/\\\/allasorias.hu\\\/hirek\\\/\",\"name\":\"AllasOrias.hu | H\\u00edrek-lapszemle\",\"description\":\"\\u00dczleti h\\u00edrek az \\u00e1ll\\u00e1s \\u00e9s a munka vil\\u00e1g\\u00e1b\\u00f3l\",\"inLanguage\":\"hu-HU\",\"publisher\":{\"@id\":\"https:\\\/\\\/allasorias.hu\\\/hirek\\\/#organization\"}}]}\n\t\t<\/script>\n\t\t<!-- All in One SEO -->\n\n","aioseo_head_json":{"title":"R\u00e1tal\u00e1ltak a dolgoz\u00f3 k\u00f6zmunk\u00e1sokra? | AllasOrias.hu | H\u00edrek-lapszemle","description":"A korm\u00e1ny eredeti c\u00e9lja az volt, hogy a k\u00f6zmunk\u00e1sokat a t\u00e9nyleges munkaer\u0151piacra terelje vissza. A Bel\u00fcgyminiszt\u00e9rium k\u00f6zfoglalkoztat\u00e1si honlapj\u00e1n most megjelent, 2017-re vonatkoz\u00f3 adatok szerint az eddig ismertn\u00e9l nagyobb sz\u00e1mban tudnak elhelyezkedni a k\u00f6zmunk\u00e1sok. 2017-re a r\u00e9gi m\u00f3dszertan szerint ugyanis 13,7 sz\u00e1zal\u00e9k volt az ar\u00e1ny, az \u00faj m\u00f3dszertan szerint viszont 18,1 sz\u00e1zal\u00e9k. Vagyis az \u00faj adatfelv\u00e9teli","canonical_url":"https:\/\/allasorias.hu\/hirek\/ratalaltak-a-dolgozo-kozmunkasokra\/","robots":"max-image-preview:large","keywords":"","webmasterTools":{"miscellaneous":""},"schema":{"@context":"https:\/\/schema.org","@graph":[{"@type":"Article","@id":"https:\/\/allasorias.hu\/hirek\/ratalaltak-a-dolgozo-kozmunkasokra\/#article","name":"R\u00e1tal\u00e1ltak a dolgoz\u00f3 k\u00f6zmunk\u00e1sokra? | AllasOrias.hu | H\u00edrek-lapszemle","headline":"R\u00e1tal\u00e1ltak a dolgoz\u00f3 k\u00f6zmunk\u00e1sokra?","author":{"@id":"https:\/\/allasorias.hu\/hirek\/author\/admin-allasorias\/#author"},"publisher":{"@id":"https:\/\/allasorias.hu\/hirek\/#organization"},"image":{"@type":"ImageObject","url":"https:\/\/allasorias.hu\/hirek\/wp-content\/uploads\/2022\/10\/allasorias_site_facebok_logo.png","@id":"https:\/\/allasorias.hu\/hirek\/#articleImage"},"datePublished":"2019-01-21T12:56:38+02:00","dateModified":"2019-01-21T12:56:38+02:00","inLanguage":"hu-HU","mainEntityOfPage":{"@id":"https:\/\/allasorias.hu\/hirek\/ratalaltak-a-dolgozo-kozmunkasokra\/#webpage"},"isPartOf":{"@id":"https:\/\/allasorias.hu\/hirek\/ratalaltak-a-dolgozo-kozmunkasokra\/#webpage"},"articleSection":"Gazdas\u00e1g, Munkaer\u0151piac"},{"@type":"BreadcrumbList","@id":"https:\/\/allasorias.hu\/hirek\/ratalaltak-a-dolgozo-kozmunkasokra\/#breadcrumblist","itemListElement":[{"@type":"ListItem","@id":"https:\/\/allasorias.hu\/hirek#listItem","position":1,"name":"Home","item":"https:\/\/allasorias.hu\/hirek","nextItem":{"@type":"ListItem","@id":"https:\/\/allasorias.hu\/hirek\/temak\/gazdasag\/#listItem","name":"Gazdas\u00e1g"}},{"@type":"ListItem","@id":"https:\/\/allasorias.hu\/hirek\/temak\/gazdasag\/#listItem","position":2,"name":"Gazdas\u00e1g","item":"https:\/\/allasorias.hu\/hirek\/temak\/gazdasag\/","nextItem":{"@type":"ListItem","@id":"https:\/\/allasorias.hu\/hirek\/ratalaltak-a-dolgozo-kozmunkasokra\/#listItem","name":"R\u00e1tal\u00e1ltak a dolgoz\u00f3 k\u00f6zmunk\u00e1sokra?"},"previousItem":{"@type":"ListItem","@id":"https:\/\/allasorias.hu\/hirek#listItem","name":"Home"}},{"@type":"ListItem","@id":"https:\/\/allasorias.hu\/hirek\/ratalaltak-a-dolgozo-kozmunkasokra\/#listItem","position":3,"name":"R\u00e1tal\u00e1ltak a dolgoz\u00f3 k\u00f6zmunk\u00e1sokra?","previousItem":{"@type":"ListItem","@id":"https:\/\/allasorias.hu\/hirek\/temak\/gazdasag\/#listItem","name":"Gazdas\u00e1g"}}]},{"@type":"Organization","@id":"https:\/\/allasorias.hu\/hirek\/#organization","name":"AllasOrias.hu | H\u00edrek-lapszemle","description":"\u00dczleti h\u00edrek az \u00e1ll\u00e1s \u00e9s a munka vil\u00e1g\u00e1b\u00f3l","url":"https:\/\/allasorias.hu\/hirek\/","logo":{"@type":"ImageObject","url":"https:\/\/allasorias.hu\/hirek\/wp-content\/uploads\/2022\/10\/allasorias_site_facebok_logo.png","@id":"https:\/\/allasorias.hu\/hirek\/ratalaltak-a-dolgozo-kozmunkasokra\/#organizationLogo"},"image":{"@id":"https:\/\/allasorias.hu\/hirek\/ratalaltak-a-dolgozo-kozmunkasokra\/#organizationLogo"},"sameAs":["https:\/\/www.facebook.com\/allasorias","https:\/\/www.linkedin.com\/company\/allasorias"]},{"@type":"Person","@id":"https:\/\/allasorias.hu\/hirek\/author\/admin-allasorias\/#author","url":"https:\/\/allasorias.hu\/hirek\/author\/admin-allasorias\/","name":"Juh\u00e1sz P\u00e9ter","image":{"@type":"ImageObject","@id":"https:\/\/allasorias.hu\/hirek\/ratalaltak-a-dolgozo-kozmunkasokra\/#authorImage","url":"https:\/\/secure.gravatar.com\/avatar\/36e6bcb83148978b992977cb0f54d22feb0cce8a0a849a9410532bb2623ba4c6?s=96&d=mm&r=g","width":96,"height":96,"caption":"Juh\u00e1sz P\u00e9ter"}},{"@type":"WebPage","@id":"https:\/\/allasorias.hu\/hirek\/ratalaltak-a-dolgozo-kozmunkasokra\/#webpage","url":"https:\/\/allasorias.hu\/hirek\/ratalaltak-a-dolgozo-kozmunkasokra\/","name":"R\u00e1tal\u00e1ltak a dolgoz\u00f3 k\u00f6zmunk\u00e1sokra? | AllasOrias.hu | H\u00edrek-lapszemle","description":"A korm\u00e1ny eredeti c\u00e9lja az volt, hogy a k\u00f6zmunk\u00e1sokat a t\u00e9nyleges munkaer\u0151piacra terelje vissza. A Bel\u00fcgyminiszt\u00e9rium k\u00f6zfoglalkoztat\u00e1si honlapj\u00e1n most megjelent, 2017-re vonatkoz\u00f3 adatok szerint az eddig ismertn\u00e9l nagyobb sz\u00e1mban tudnak elhelyezkedni a k\u00f6zmunk\u00e1sok. 2017-re a r\u00e9gi m\u00f3dszertan szerint ugyanis 13,7 sz\u00e1zal\u00e9k volt az ar\u00e1ny, az \u00faj m\u00f3dszertan szerint viszont 18,1 sz\u00e1zal\u00e9k. Vagyis az \u00faj adatfelv\u00e9teli","inLanguage":"hu-HU","isPartOf":{"@id":"https:\/\/allasorias.hu\/hirek\/#website"},"breadcrumb":{"@id":"https:\/\/allasorias.hu\/hirek\/ratalaltak-a-dolgozo-kozmunkasokra\/#breadcrumblist"},"author":{"@id":"https:\/\/allasorias.hu\/hirek\/author\/admin-allasorias\/#author"},"creator":{"@id":"https:\/\/allasorias.hu\/hirek\/author\/admin-allasorias\/#author"},"datePublished":"2019-01-21T12:56:38+02:00","dateModified":"2019-01-21T12:56:38+02:00"},{"@type":"WebSite","@id":"https:\/\/allasorias.hu\/hirek\/#website","url":"https:\/\/allasorias.hu\/hirek\/","name":"AllasOrias.hu | H\u00edrek-lapszemle","description":"\u00dczleti h\u00edrek az \u00e1ll\u00e1s \u00e9s a munka vil\u00e1g\u00e1b\u00f3l","inLanguage":"hu-HU","publisher":{"@id":"https:\/\/allasorias.hu\/hirek\/#organization"}}]},"og:locale":"hu_HU","og:site_name":"AllasOrias.hu | H\u00edrek-lapszemle | \u00dczleti h\u00edrek az \u00e1ll\u00e1s \u00e9s a munka vil\u00e1g\u00e1b\u00f3l","og:type":"article","og:title":"R\u00e1tal\u00e1ltak a dolgoz\u00f3 k\u00f6zmunk\u00e1sokra? | AllasOrias.hu | H\u00edrek-lapszemle","og:description":"A korm\u00e1ny eredeti c\u00e9lja az volt, hogy a k\u00f6zmunk\u00e1sokat a t\u00e9nyleges munkaer\u0151piacra terelje vissza. A Bel\u00fcgyminiszt\u00e9rium k\u00f6zfoglalkoztat\u00e1si honlapj\u00e1n most megjelent, 2017-re vonatkoz\u00f3 adatok szerint az eddig ismertn\u00e9l nagyobb sz\u00e1mban tudnak elhelyezkedni a k\u00f6zmunk\u00e1sok. 2017-re a r\u00e9gi m\u00f3dszertan szerint ugyanis 13,7 sz\u00e1zal\u00e9k volt az ar\u00e1ny, az \u00faj m\u00f3dszertan szerint viszont 18,1 sz\u00e1zal\u00e9k. Vagyis az \u00faj adatfelv\u00e9teli","og:url":"https:\/\/allasorias.hu\/hirek\/ratalaltak-a-dolgozo-kozmunkasokra\/","og:image":"https:\/\/allasorias.hu\/hirek\/wp-content\/uploads\/2022\/10\/allasorias-fb-logo.png","og:image:secure_url":"https:\/\/allasorias.hu\/hirek\/wp-content\/uploads\/2022\/10\/allasorias-fb-logo.png","og:image:width":437,"og:image:height":200,"article:published_time":"2019-01-21T12:56:38+00:00","article:modified_time":"2019-01-21T12:56:38+00:00","article:publisher":"https:\/\/www.facebook.com\/allasorias","twitter:card":"summary_large_image","twitter:title":"R\u00e1tal\u00e1ltak a dolgoz\u00f3 k\u00f6zmunk\u00e1sokra? | AllasOrias.hu | H\u00edrek-lapszemle","twitter:description":"A korm\u00e1ny eredeti c\u00e9lja az volt, hogy a k\u00f6zmunk\u00e1sokat a t\u00e9nyleges munkaer\u0151piacra terelje vissza. A Bel\u00fcgyminiszt\u00e9rium k\u00f6zfoglalkoztat\u00e1si honlapj\u00e1n most megjelent, 2017-re vonatkoz\u00f3 adatok szerint az eddig ismertn\u00e9l nagyobb sz\u00e1mban tudnak elhelyezkedni a k\u00f6zmunk\u00e1sok. 2017-re a r\u00e9gi m\u00f3dszertan szerint ugyanis 13,7 sz\u00e1zal\u00e9k volt az ar\u00e1ny, az \u00faj m\u00f3dszertan szerint viszont 18,1 sz\u00e1zal\u00e9k. Vagyis az \u00faj adatfelv\u00e9teli","twitter:image":"https:\/\/allasorias.hu\/hirek\/wp-content\/uploads\/2022\/10\/allasorias-fb-logo.png","twitter:label1":"Written by","twitter:data1":"Juh\u00e1sz P\u00e9ter","twitter:label2":"Est. reading time","twitter:data2":"2 minutes"},"aioseo_meta_data":{"post_id":"2445","title":null,"description":null,"keywords":null,"keyphrases":null,"primary_term":null,"canonical_url":null,"og_title":null,"og_description":null,"og_object_type":"default","og_image_type":"default","og_image_url":null,"og_image_width":null,"og_image_height":null,"og_image_custom_url":null,"og_image_custom_fields":null,"og_video":null,"og_custom_url":null,"og_article_section":null,"og_article_tags":null,"twitter_use_og":false,"twitter_card":"default","twitter_image_type":"default","twitter_image_url":null,"twitter_image_custom_url":null,"twitter_image_custom_fields":null,"twitter_title":null,"twitter_description":null,"schema":{"blockGraphs":[],"customGraphs":[],"default":{"data":{"Article":[],"Course":[],"Dataset":[],"FAQPage":[],"Movie":[],"Person":[],"Product":[],"ProductReview":[],"Car":[],"Recipe":[],"Service":[],"SoftwareApplication":[],"WebPage":[]},"graphName":"","isEnabled":true},"graphs":[],"defaultGraph":"","defaultPostTypeGraph":""},"schema_type":null,"schema_type_options":null,"pillar_content":false,"robots_default":true,"robots_noindex":false,"robots_noarchive":false,"robots_nosnippet":false,"robots_nofollow":false,"robots_noimageindex":false,"robots_noodp":false,"robots_notranslate":false,"robots_max_snippet":null,"robots_max_videopreview":null,"robots_max_imagepreview":"large","priority":null,"frequency":null,"location":null,"local_seo":null,"breadcrumb_settings":null,"limit_modified_date":false,"ai":null,"created":"2021-02-01 20:46:01","updated":"2025-10-02 09:51:25","seo_analyzer_scan_date":null,"focus_keyword":null,"additional_keywords":null,"truseo_locale":null},"aioseo_breadcrumb":"<div class=\"aioseo-breadcrumbs\"><span class=\"aioseo-breadcrumb\">\n\t\t\t<a href=\"https:\/\/allasorias.hu\/hirek\" title=\"Home\">Home<\/a>\n\t\t<\/span><span class=\"aioseo-breadcrumb-separator\">&raquo;<\/span><span class=\"aioseo-breadcrumb\">\n\t\t\t<a href=\"https:\/\/allasorias.hu\/hirek\/temak\/gazdasag\/\" title=\"Gazdas\u00e1g\">Gazdas\u00e1g<\/a>\n\t\t<\/span><span class=\"aioseo-breadcrumb-separator\">&raquo;<\/span><span class=\"aioseo-breadcrumb\">\n\t\t\tR\u00e1tal\u00e1ltak a dolgoz\u00f3 k\u00f6zmunk\u00e1sokra?\n\t\t<\/span><\/div>","aioseo_breadcrumb_json":[{"label":"Home","link":"https:\/\/allasorias.hu\/hirek"},{"label":"Gazdas\u00e1g","link":"https:\/\/allasorias.hu\/hirek\/temak\/gazdasag\/"},{"label":"R\u00e1tal\u00e1ltak a dolgoz\u00f3 k\u00f6zmunk\u00e1sokra?","link":"https:\/\/allasorias.hu\/hirek\/ratalaltak-a-dolgozo-kozmunkasokra\/"}],"_links":{"self":[{"href":"https:\/\/allasorias.hu\/hirek\/wp-json\/wp\/v2\/posts\/2445","targetHints":{"allow":["GET"]}}],"collection":[{"href":"https:\/\/allasorias.hu\/hirek\/wp-json\/wp\/v2\/posts"}],"about":[{"href":"https:\/\/allasorias.hu\/hirek\/wp-json\/wp\/v2\/types\/post"}],"author":[{"embeddable":true,"href":"https:\/\/allasorias.hu\/hirek\/wp-json\/wp\/v2\/users\/1"}],"replies":[{"embeddable":true,"href":"https:\/\/allasorias.hu\/hirek\/wp-json\/wp\/v2\/comments?post=2445"}],"version-history":[{"count":1,"href":"https:\/\/allasorias.hu\/hirek\/wp-json\/wp\/v2\/posts\/2445\/revisions"}],"predecessor-version":[{"id":2446,"href":"https:\/\/allasorias.hu\/hirek\/wp-json\/wp\/v2\/posts\/2445\/revisions\/2446"}],"wp:attachment":[{"href":"https:\/\/allasorias.hu\/hirek\/wp-json\/wp\/v2\/media?parent=2445"}],"wp:term":[{"taxonomy":"category","embeddable":true,"href":"https:\/\/allasorias.hu\/hirek\/wp-json\/wp\/v2\/categories?post=2445"},{"taxonomy":"post_tag","embeddable":true,"href":"https:\/\/allasorias.hu\/hirek\/wp-json\/wp\/v2\/tags?post=2445"}],"curies":[{"name":"wp","href":"https:\/\/api.w.org\/{rel}","templated":true}]}}