{"id":2434,"date":"2019-01-17T08:33:40","date_gmt":"2019-01-17T08:33:40","guid":{"rendered":"https:\/\/allasorias.hu\/hirek\/?p=2434"},"modified":"2019-01-17T08:33:40","modified_gmt":"2019-01-17T08:33:40","slug":"beremeles-lesz-a-kozszolgaltato-vallalatoknal","status":"publish","type":"post","link":"https:\/\/allasorias.hu\/hirek\/beremeles-lesz-a-kozszolgaltato-vallalatoknal\/","title":{"rendered":"B\u00e9remel\u00e9s lesz a k\u00f6zszolg\u00e1ltat\u00f3 v\u00e1llalatokn\u00e1l?"},"content":{"rendered":"<p><strong>Zajlanak az egyeztet\u00e9sek az \u00e1llami k\u00f6zszolg\u00e1ltat\u00f3 v\u00e1llalatokn\u00e1l a b\u00e9remel\u00e9sekr\u0151l. A kor\u00e1bban k\u00f6t\u00f6tt b\u00e9rmeg\u00e1llapod\u00e1s szerint \u00f6t sz\u00e1zal\u00e9k lenne id\u00e9n a n\u00f6vel\u00e9s, ezt a munkaer\u0151piaci helyzet miatt m\u00e1r nem tartj\u00e1k el\u00e9gs\u00e9gesnek a felek, ez\u00e9rt \u00fajabb meg\u00e1llapod\u00e1s j\u00f6het, ami a 2020-as sz\u00e1mokat is tartalmazhatja &#8211; \u00edrta a Magyar Id\u0151k. <\/strong><\/p>\n<p>2019-ben \u00e9s 2020-ban k\u00e9t sz\u00e1mjegy\u0171 keresetemel\u00e9st tartalmaz\u00f3\u00a0 b\u00e9rmeg\u00e1llapod\u00e1s megk\u00f6t\u00e9s\u00e9t tartan\u00e1k el\u0151ny\u00f6snek az \u00e1llami v\u00e1llalatokn\u00e1l &#8211; a post\u00e1n\u00e1l, a vas\u00fatn\u00e1l, a Vol\u00e1nn\u00e1l, a v\u00edzik\u00f6zm\u0171-szolg\u00e1ltat\u00f3kn\u00e1l \u00e9s a villamosenergia-szektorban &#8211; a szakszervezetek, valamint a munkaad\u00f3k. Egyet\u00e9rtenek abban, hogy a dolgoz\u00f3k megtart\u00e1sa \u00e9s a fluktu\u00e1ci\u00f3 cs\u00f6kkent\u00e9se \u00e9rdek\u00e9ben a 2017-ben megk\u00f6t\u00f6tt, h\u00e1rom \u00e9vre sz\u00f3l\u00f3 meg\u00e1llapod\u00e1s utols\u00f3, idei \u00e9v\u00e9ben \u00e1tlagosan \u00f6t sz\u00e1zal\u00e9kn\u00e1l nagyobb keresetemel\u00e9sre van sz\u00fcks\u00e9g. Emiatt a felek \u00fajabb, a minim\u00e1lb\u00e9rekhez hasonl\u00f3, k\u00e9t \u00e9vre sz\u00f3l\u00f3 b\u00e9rmeg\u00e1llapod\u00e1s megk\u00f6t\u00e9s\u00e9t tartj\u00e1k indokoltnak. A k\u00e9t sz\u00e1mjegy\u0171 keresetfelz\u00e1rk\u00f3ztat\u00e1s \u00e9rdek\u00e9ben \u2013 miut\u00e1n \u00a0\u00e9rv\u00e9nyben van a kor\u00e1bbi egyezs\u00e9g is &#8211; legal\u00e1bb \u00f6tsz\u00e1zal\u00e9kos, de az \u00e9ves b\u00e9raj\u00e1nl\u00e1s szerint ak\u00e1r nyolcsz\u00e1zal\u00e9kos emel\u00e9st kell tartalmaznia az \u00faj meg\u00e1llapod\u00e1snak, m\u00edg 2020-ra pontos m\u00e9rt\u00e9ket kell meghat\u00e1rozni.<\/p>\n<p><em>Forr\u00e1s: napi.hu-Magyar Id\u0151k<\/em><\/p>\n","protected":false},"excerpt":{"rendered":"<p>Zajlanak az egyeztet\u00e9sek az \u00e1llami k\u00f6zszolg\u00e1ltat\u00f3 v\u00e1llalatokn\u00e1l a b\u00e9remel\u00e9sekr\u0151l. A kor\u00e1bban k\u00f6t\u00f6tt b\u00e9rmeg\u00e1llapod\u00e1s szerint \u00f6t sz\u00e1zal\u00e9k lenne id\u00e9n a n\u00f6vel\u00e9s, ezt a munkaer\u0151piaci helyzet miatt m\u00e1r nem tartj\u00e1k el\u00e9gs\u00e9gesnek a felek, ez\u00e9rt \u00fajabb meg\u00e1llapod\u00e1s j\u00f6het, ami a 2020-as sz\u00e1mokat is tartalmazhatja &#8211; \u00edrta a Magyar Id\u0151k. 2019-ben \u00e9s 2020-ban k\u00e9t sz\u00e1mjegy\u0171 keresetemel\u00e9st tartalmaz\u00f3\u00a0 b\u00e9rmeg\u00e1llapod\u00e1s megk\u00f6t\u00e9s\u00e9t [&hellip;]<\/p>\n","protected":false},"author":1,"featured_media":2435,"comment_status":"open","ping_status":"open","sticky":false,"template":"","format":"standard","meta":{"_monsterinsights_skip_tracking":false,"_monsterinsights_sitenote_active":false,"_monsterinsights_sitenote_note":"","_monsterinsights_sitenote_category":0,"footnotes":""},"categories":[198,199],"tags":[],"class_list":["post-2434","post","type-post","status-publish","format-standard","has-post-thumbnail","hentry","category-gazdasag","category-karrier"],"aioseo_notices":[],"_links":{"self":[{"href":"https:\/\/allasorias.hu\/hirek\/wp-json\/wp\/v2\/posts\/2434","targetHints":{"allow":["GET"]}}],"collection":[{"href":"https:\/\/allasorias.hu\/hirek\/wp-json\/wp\/v2\/posts"}],"about":[{"href":"https:\/\/allasorias.hu\/hirek\/wp-json\/wp\/v2\/types\/post"}],"author":[{"embeddable":true,"href":"https:\/\/allasorias.hu\/hirek\/wp-json\/wp\/v2\/users\/1"}],"replies":[{"embeddable":true,"href":"https:\/\/allasorias.hu\/hirek\/wp-json\/wp\/v2\/comments?post=2434"}],"version-history":[{"count":1,"href":"https:\/\/allasorias.hu\/hirek\/wp-json\/wp\/v2\/posts\/2434\/revisions"}],"predecessor-version":[{"id":2436,"href":"https:\/\/allasorias.hu\/hirek\/wp-json\/wp\/v2\/posts\/2434\/revisions\/2436"}],"wp:featuredmedia":[{"embeddable":true,"href":"https:\/\/allasorias.hu\/hirek\/wp-json\/wp\/v2\/media\/2435"}],"wp:attachment":[{"href":"https:\/\/allasorias.hu\/hirek\/wp-json\/wp\/v2\/media?parent=2434"}],"wp:term":[{"taxonomy":"category","embeddable":true,"href":"https:\/\/allasorias.hu\/hirek\/wp-json\/wp\/v2\/categories?post=2434"},{"taxonomy":"post_tag","embeddable":true,"href":"https:\/\/allasorias.hu\/hirek\/wp-json\/wp\/v2\/tags?post=2434"}],"curies":[{"name":"wp","href":"https:\/\/api.w.org\/{rel}","templated":true}]}}