{"id":2428,"date":"2019-01-16T09:26:17","date_gmt":"2019-01-16T09:26:17","guid":{"rendered":"https:\/\/allasorias.hu\/hirek\/?p=2428"},"modified":"2019-01-16T09:26:17","modified_gmt":"2019-01-16T09:26:17","slug":"nincs-brexit-megallapodas-oriasi-kormanyzati-vereseg-londonban","status":"publish","type":"post","link":"https:\/\/allasorias.hu\/hirek\/nincs-brexit-megallapodas-oriasi-kormanyzati-vereseg-londonban\/","title":{"rendered":"Nincs Brexit meg\u00e1llapod\u00e1s \u2013 \u00f3ri\u00e1si korm\u00e1nyzati veres\u00e9g Londonban"},"content":{"rendered":"<p><strong>Nagy ar\u00e1nyban utas\u00edtotta el a londoni als\u00f3h\u00e1z a brit EU-tags\u00e1g megsz\u0171n\u00e9s\u00e9nek felt\u00e9telrendszer\u00e9t tartalmaz\u00f3 meg\u00e1llapod\u00e1st. Theresa May konzervat\u00edv p\u00e1rti minisztereln\u00f6k nem mond le, viszont az ellenz\u00e9ki Munk\u00e1sp\u00e1rt bizalmatlans\u00e1gi ind\u00edtv\u00e1nyt terjesztett be korm\u00e1nya ellen, \u00e9s ezt az als\u00f3h\u00e1z m\u00e1r szerd\u00e1n t\u00e1rgyalja is. <\/strong><\/p>\n<p>Egyes elemz\u0151k szerint m\u00e9g mindig annak van a legnagyobb es\u00e9lye, hogy a kil\u00e9p\u00e9si meg\u00e1llapod\u00e1st valamilyen form\u00e1ban a parlament k\u00e9s\u0151bb elfogadja. Az el\u0151zetes kimutat\u00e1sok szerint a korm\u00e1nyz\u00f3 Konzervat\u00edv P\u00e1rt 316 f\u0151s frakci\u00f3j\u00e1b\u00f3l 118 k\u00e9pvisel\u0151 szavazott az ellenz\u00e9kkel az 585 oldalas Brexit-meg\u00e1llapod\u00e1s ellen. Ez a modern brit parlamentarizmus t\u00f6rt\u00e9net\u00e9nek legnagyobb ar\u00e1ny\u00fa korm\u00e1nyzati veres\u00e9ge. Ha a bizalmatlans\u00e1gi ind\u00edtv\u00e1nyt az als\u00f3h\u00e1z egyszer\u0171 t\u00f6bbs\u00e9ggel megszavazza, akkor a Konzervat\u00edv P\u00e1rtnak, vagy b\u00e1rmely m\u00e1s parlamenti frakci\u00f3nak 14 napja van arra, hogy egy \u00e1ltala m\u0171k\u00f6d\u0151k\u00e9pesnek tartott korm\u00e1nyt vagy korm\u00e1nykoal\u00edci\u00f3t \u00f6ssze\u00e1ll\u00edtson, \u00e9s ekkor \u00fajabb bizalmi szavaz\u00e1st kell tartani. Ha a korm\u00e1nyalak\u00edt\u00e1ssal pr\u00f3b\u00e1lkoz\u00f3 p\u00e1rt a m\u00e1sodik bizalmi szavaz\u00e1son nem tud t\u00f6bbs\u00e9get szerezni az als\u00f3h\u00e1zban, parlamenti v\u00e1laszt\u00e1sokat kell ki\u00edrni. Az egyik legtekint\u00e9lyesebb londoni gazdas\u00e1gi-politikai elemz\u0151m\u0171hely, az Oxford Economics kedd esti helyzet\u00e9rt\u00e9kel\u00e9s\u00e9ben mindazon\u00e1ltal hangs\u00falyozta: az als\u00f3h\u00e1zban a k\u00e9pvisel\u0151k \u2013 egy csek\u00e9ly kisebbs\u00e9get kiv\u00e9ve \u2013 ellenzik a meg\u00e1llapod\u00e1s n\u00e9lk\u00fcli Brexitet. M\u00e1rpedig az hamar ki fog der\u00fclni, hogy ha a t\u00f6rv\u00e9nyhoz\u00f3k tov\u00e1bbra is folyamatosan a meg\u00e1llapod\u00e1s ellen szavaznak, az szinte biztos garanci\u00e1ja lenne a meg\u00e1llapod\u00e1s n\u00e9lk\u00fcli Brexitnek, \u00e9s ennek k\u00f6vetkezm\u00e9nyeit a v\u00e1laszt\u00f3k sz\u00e1mon k\u00e9rik majd rajtuk. A h\u00e1z v\u00e9lem\u00e9nye szerint ebben a helyzetben a meg\u00e1llapod\u00e1ssal szembeni ellen\u00e1ll\u00e1s id\u0151vel eleny\u00e9szik. Az Oxfored Economics szak\u00e9rt\u0151i mindezek alapj\u00e1n 60 sz\u00e1zal\u00e9kos es\u00e9lyt adnak a meg\u00e1llapod\u00e1s \u00e9letbe l\u00e9ptet\u00e9s\u00e9nek, 35 sz\u00e1zal\u00e9kra taks\u00e1lj\u00e1k annak a val\u00f3sz\u00edn\u0171s\u00e9g\u00e9t, hogy a brit EU-tags\u00e1g meg\u00e1llapod\u00e1s n\u00e9lk\u00fcl sz\u0171nik meg, \u00e9s mind\u00f6ssze 5 sz\u00e1zal\u00e9kra teszik az \u00fajabb n\u00e9pszavaz\u00e1s es\u00e9ly\u00e9t.<\/p>\n<p><em>Forr\u00e1s: ado.hu<\/em><\/p>\n","protected":false},"excerpt":{"rendered":"<p>Nagy ar\u00e1nyban utas\u00edtotta el a londoni als\u00f3h\u00e1z a brit EU-tags\u00e1g megsz\u0171n\u00e9s\u00e9nek felt\u00e9telrendszer\u00e9t tartalmaz\u00f3 meg\u00e1llapod\u00e1st. Theresa May konzervat\u00edv p\u00e1rti minisztereln\u00f6k nem mond le, viszont az ellenz\u00e9ki Munk\u00e1sp\u00e1rt bizalmatlans\u00e1gi ind\u00edtv\u00e1nyt terjesztett be korm\u00e1nya ellen, \u00e9s ezt az als\u00f3h\u00e1z m\u00e1r szerd\u00e1n t\u00e1rgyalja is. Egyes elemz\u0151k szerint m\u00e9g mindig annak van a legnagyobb es\u00e9lye, hogy a kil\u00e9p\u00e9si meg\u00e1llapod\u00e1st valamilyen [&hellip;]<\/p>\n","protected":false},"author":1,"featured_media":2180,"comment_status":"open","ping_status":"open","sticky":false,"template":"","format":"standard","meta":{"_monsterinsights_skip_tracking":false,"footnotes":""},"categories":[198,201],"tags":[],"class_list":["post-2428","post","type-post","status-publish","format-standard","has-post-thumbnail","hentry","category-gazdasag","category-kulfold"],"aioseo_notices":[],"aioseo_head":"\n\t\t<!-- All in One SEO 5.0.0.1 - aioseo.com -->\n\t<meta name=\"description\" content=\"Nagy ar\u00e1nyban utas\u00edtotta el a londoni als\u00f3h\u00e1z a brit EU-tags\u00e1g megsz\u0171n\u00e9s\u00e9nek felt\u00e9telrendszer\u00e9t tartalmaz\u00f3 meg\u00e1llapod\u00e1st. Theresa May konzervat\u00edv p\u00e1rti minisztereln\u00f6k nem mond le, viszont az ellenz\u00e9ki Munk\u00e1sp\u00e1rt bizalmatlans\u00e1gi ind\u00edtv\u00e1nyt terjesztett be korm\u00e1nya ellen, \u00e9s ezt az als\u00f3h\u00e1z m\u00e1r szerd\u00e1n t\u00e1rgyalja is. Egyes elemz\u0151k szerint m\u00e9g mindig annak van a legnagyobb es\u00e9lye, hogy a kil\u00e9p\u00e9si meg\u00e1llapod\u00e1st valamilyen\" \/>\n\t<meta name=\"robots\" content=\"max-image-preview:large\" \/>\n\t<meta name=\"author\" content=\"Juh\u00e1sz P\u00e9ter\"\/>\n\t<link rel=\"canonical\" href=\"https:\/\/allasorias.hu\/hirek\/nincs-brexit-megallapodas-oriasi-kormanyzati-vereseg-londonban\/\" \/>\n\t<meta name=\"generator\" content=\"All in One SEO (AIOSEO) 5.0.0.1\" \/>\n\t\t<meta property=\"og:locale\" content=\"hu_HU\" \/>\n\t\t<meta property=\"og:site_name\" content=\"AllasOrias.hu | H\u00edrek-lapszemle | \u00dczleti h\u00edrek az \u00e1ll\u00e1s \u00e9s a munka vil\u00e1g\u00e1b\u00f3l\" \/>\n\t\t<meta property=\"og:type\" content=\"article\" \/>\n\t\t<meta property=\"og:title\" content=\"Nincs Brexit meg\u00e1llapod\u00e1s \u2013 \u00f3ri\u00e1si korm\u00e1nyzati veres\u00e9g Londonban | AllasOrias.hu | H\u00edrek-lapszemle\" \/>\n\t\t<meta property=\"og:description\" content=\"Nagy ar\u00e1nyban utas\u00edtotta el a londoni als\u00f3h\u00e1z a brit EU-tags\u00e1g megsz\u0171n\u00e9s\u00e9nek felt\u00e9telrendszer\u00e9t tartalmaz\u00f3 meg\u00e1llapod\u00e1st. Theresa May konzervat\u00edv p\u00e1rti minisztereln\u00f6k nem mond le, viszont az ellenz\u00e9ki Munk\u00e1sp\u00e1rt bizalmatlans\u00e1gi ind\u00edtv\u00e1nyt terjesztett be korm\u00e1nya ellen, \u00e9s ezt az als\u00f3h\u00e1z m\u00e1r szerd\u00e1n t\u00e1rgyalja is. Egyes elemz\u0151k szerint m\u00e9g mindig annak van a legnagyobb es\u00e9lye, hogy a kil\u00e9p\u00e9si meg\u00e1llapod\u00e1st valamilyen\" \/>\n\t\t<meta property=\"og:url\" content=\"https:\/\/allasorias.hu\/hirek\/nincs-brexit-megallapodas-oriasi-kormanyzati-vereseg-londonban\/\" \/>\n\t\t<meta property=\"og:image\" content=\"https:\/\/allasorias.hu\/hirek\/wp-content\/uploads\/2018\/11\/brexit-referendum-uk-1468255044bIX.jpg\" \/>\n\t\t<meta property=\"og:image:secure_url\" content=\"https:\/\/allasorias.hu\/hirek\/wp-content\/uploads\/2018\/11\/brexit-referendum-uk-1468255044bIX.jpg\" \/>\n\t\t<meta property=\"og:image:width\" content=\"615\" \/>\n\t\t<meta property=\"og:image:height\" content=\"407\" \/>\n\t\t<meta property=\"article:published_time\" content=\"2019-01-16T09:26:17+00:00\" \/>\n\t\t<meta property=\"article:modified_time\" content=\"2019-01-16T09:26:17+00:00\" \/>\n\t\t<meta property=\"article:publisher\" content=\"https:\/\/www.facebook.com\/allasorias\" \/>\n\t\t<meta name=\"twitter:card\" content=\"summary_large_image\" \/>\n\t\t<meta name=\"twitter:title\" content=\"Nincs Brexit meg\u00e1llapod\u00e1s \u2013 \u00f3ri\u00e1si korm\u00e1nyzati veres\u00e9g Londonban | AllasOrias.hu | H\u00edrek-lapszemle\" \/>\n\t\t<meta name=\"twitter:description\" content=\"Nagy ar\u00e1nyban utas\u00edtotta el a londoni als\u00f3h\u00e1z a brit EU-tags\u00e1g megsz\u0171n\u00e9s\u00e9nek felt\u00e9telrendszer\u00e9t tartalmaz\u00f3 meg\u00e1llapod\u00e1st. Theresa May konzervat\u00edv p\u00e1rti minisztereln\u00f6k nem mond le, viszont az ellenz\u00e9ki Munk\u00e1sp\u00e1rt bizalmatlans\u00e1gi ind\u00edtv\u00e1nyt terjesztett be korm\u00e1nya ellen, \u00e9s ezt az als\u00f3h\u00e1z m\u00e1r szerd\u00e1n t\u00e1rgyalja is. Egyes elemz\u0151k szerint m\u00e9g mindig annak van a legnagyobb es\u00e9lye, hogy a kil\u00e9p\u00e9si meg\u00e1llapod\u00e1st valamilyen\" \/>\n\t\t<meta name=\"twitter:image\" content=\"https:\/\/allasorias.hu\/hirek\/wp-content\/uploads\/2018\/11\/brexit-referendum-uk-1468255044bIX.jpg\" \/>\n\t\t<meta name=\"twitter:label1\" content=\"Written by\" \/>\n\t\t<meta name=\"twitter:data1\" content=\"Juh\u00e1sz P\u00e9ter\" \/>\n\t\t<meta name=\"twitter:label2\" content=\"Est. reading time\" \/>\n\t\t<meta name=\"twitter:data2\" content=\"2 minutes\" \/>\n\t\t<script type=\"application\/ld+json\" class=\"aioseo-schema\">\n\t\t\t{\"@context\":\"https:\\\/\\\/schema.org\",\"@graph\":[{\"@type\":\"Article\",\"@id\":\"https:\\\/\\\/allasorias.hu\\\/hirek\\\/nincs-brexit-megallapodas-oriasi-kormanyzati-vereseg-londonban\\\/#article\",\"name\":\"Nincs Brexit meg\\u00e1llapod\\u00e1s \\u2013 \\u00f3ri\\u00e1si korm\\u00e1nyzati veres\\u00e9g Londonban | AllasOrias.hu | H\\u00edrek-lapszemle\",\"headline\":\"Nincs Brexit meg\\u00e1llapod\\u00e1s \\u2013 \\u00f3ri\\u00e1si korm\\u00e1nyzati veres\\u00e9g Londonban\",\"author\":{\"@id\":\"https:\\\/\\\/allasorias.hu\\\/hirek\\\/author\\\/admin-allasorias\\\/#author\"},\"publisher\":{\"@id\":\"https:\\\/\\\/allasorias.hu\\\/hirek\\\/#organization\"},\"image\":{\"@type\":\"ImageObject\",\"url\":\"https:\\\/\\\/allasorias.hu\\\/hirek\\\/wp-content\\\/uploads\\\/2018\\\/11\\\/brexit-referendum-uk-1468255044bIX.jpg\",\"width\":615,\"height\":407},\"datePublished\":\"2019-01-16T09:26:17+02:00\",\"dateModified\":\"2019-01-16T09:26:17+02:00\",\"inLanguage\":\"hu-HU\",\"mainEntityOfPage\":{\"@id\":\"https:\\\/\\\/allasorias.hu\\\/hirek\\\/nincs-brexit-megallapodas-oriasi-kormanyzati-vereseg-londonban\\\/#webpage\"},\"isPartOf\":{\"@id\":\"https:\\\/\\\/allasorias.hu\\\/hirek\\\/nincs-brexit-megallapodas-oriasi-kormanyzati-vereseg-londonban\\\/#webpage\"},\"articleSection\":\"Gazdas\\u00e1g, K\\u00fclf\\u00f6ld\"},{\"@type\":\"BreadcrumbList\",\"@id\":\"https:\\\/\\\/allasorias.hu\\\/hirek\\\/nincs-brexit-megallapodas-oriasi-kormanyzati-vereseg-londonban\\\/#breadcrumblist\",\"itemListElement\":[{\"@type\":\"ListItem\",\"@id\":\"https:\\\/\\\/allasorias.hu\\\/hirek#listItem\",\"position\":1,\"name\":\"Home\",\"item\":\"https:\\\/\\\/allasorias.hu\\\/hirek\",\"nextItem\":{\"@type\":\"ListItem\",\"@id\":\"https:\\\/\\\/allasorias.hu\\\/hirek\\\/temak\\\/gazdasag\\\/#listItem\",\"name\":\"Gazdas\\u00e1g\"}},{\"@type\":\"ListItem\",\"@id\":\"https:\\\/\\\/allasorias.hu\\\/hirek\\\/temak\\\/gazdasag\\\/#listItem\",\"position\":2,\"name\":\"Gazdas\\u00e1g\",\"item\":\"https:\\\/\\\/allasorias.hu\\\/hirek\\\/temak\\\/gazdasag\\\/\",\"nextItem\":{\"@type\":\"ListItem\",\"@id\":\"https:\\\/\\\/allasorias.hu\\\/hirek\\\/nincs-brexit-megallapodas-oriasi-kormanyzati-vereseg-londonban\\\/#listItem\",\"name\":\"Nincs Brexit meg\\u00e1llapod\\u00e1s \\u2013 \\u00f3ri\\u00e1si korm\\u00e1nyzati veres\\u00e9g Londonban\"},\"previousItem\":{\"@type\":\"ListItem\",\"@id\":\"https:\\\/\\\/allasorias.hu\\\/hirek#listItem\",\"name\":\"Home\"}},{\"@type\":\"ListItem\",\"@id\":\"https:\\\/\\\/allasorias.hu\\\/hirek\\\/nincs-brexit-megallapodas-oriasi-kormanyzati-vereseg-londonban\\\/#listItem\",\"position\":3,\"name\":\"Nincs Brexit meg\\u00e1llapod\\u00e1s \\u2013 \\u00f3ri\\u00e1si korm\\u00e1nyzati veres\\u00e9g Londonban\",\"previousItem\":{\"@type\":\"ListItem\",\"@id\":\"https:\\\/\\\/allasorias.hu\\\/hirek\\\/temak\\\/gazdasag\\\/#listItem\",\"name\":\"Gazdas\\u00e1g\"}}]},{\"@type\":\"Organization\",\"@id\":\"https:\\\/\\\/allasorias.hu\\\/hirek\\\/#organization\",\"name\":\"AllasOrias.hu | H\\u00edrek-lapszemle\",\"description\":\"\\u00dczleti h\\u00edrek az \\u00e1ll\\u00e1s \\u00e9s a munka vil\\u00e1g\\u00e1b\\u00f3l\",\"url\":\"https:\\\/\\\/allasorias.hu\\\/hirek\\\/\",\"logo\":{\"@type\":\"ImageObject\",\"url\":\"https:\\\/\\\/allasorias.hu\\\/hirek\\\/wp-content\\\/uploads\\\/2022\\\/10\\\/allasorias_site_facebok_logo.png\",\"@id\":\"https:\\\/\\\/allasorias.hu\\\/hirek\\\/nincs-brexit-megallapodas-oriasi-kormanyzati-vereseg-londonban\\\/#organizationLogo\"},\"image\":{\"@id\":\"https:\\\/\\\/allasorias.hu\\\/hirek\\\/nincs-brexit-megallapodas-oriasi-kormanyzati-vereseg-londonban\\\/#organizationLogo\"},\"sameAs\":[\"https:\\\/\\\/www.facebook.com\\\/allasorias\",\"https:\\\/\\\/www.linkedin.com\\\/company\\\/allasorias\"]},{\"@type\":\"Person\",\"@id\":\"https:\\\/\\\/allasorias.hu\\\/hirek\\\/author\\\/admin-allasorias\\\/#author\",\"url\":\"https:\\\/\\\/allasorias.hu\\\/hirek\\\/author\\\/admin-allasorias\\\/\",\"name\":\"Juh\\u00e1sz P\\u00e9ter\",\"image\":{\"@type\":\"ImageObject\",\"@id\":\"https:\\\/\\\/allasorias.hu\\\/hirek\\\/nincs-brexit-megallapodas-oriasi-kormanyzati-vereseg-londonban\\\/#authorImage\",\"url\":\"https:\\\/\\\/secure.gravatar.com\\\/avatar\\\/36e6bcb83148978b992977cb0f54d22feb0cce8a0a849a9410532bb2623ba4c6?s=96&d=mm&r=g\",\"width\":96,\"height\":96,\"caption\":\"Juh\\u00e1sz P\\u00e9ter\"}},{\"@type\":\"WebPage\",\"@id\":\"https:\\\/\\\/allasorias.hu\\\/hirek\\\/nincs-brexit-megallapodas-oriasi-kormanyzati-vereseg-londonban\\\/#webpage\",\"url\":\"https:\\\/\\\/allasorias.hu\\\/hirek\\\/nincs-brexit-megallapodas-oriasi-kormanyzati-vereseg-londonban\\\/\",\"name\":\"Nincs Brexit meg\\u00e1llapod\\u00e1s \\u2013 \\u00f3ri\\u00e1si korm\\u00e1nyzati veres\\u00e9g Londonban | AllasOrias.hu | H\\u00edrek-lapszemle\",\"description\":\"Nagy ar\\u00e1nyban utas\\u00edtotta el a londoni als\\u00f3h\\u00e1z a brit EU-tags\\u00e1g megsz\\u0171n\\u00e9s\\u00e9nek felt\\u00e9telrendszer\\u00e9t tartalmaz\\u00f3 meg\\u00e1llapod\\u00e1st. Theresa May konzervat\\u00edv p\\u00e1rti minisztereln\\u00f6k nem mond le, viszont az ellenz\\u00e9ki Munk\\u00e1sp\\u00e1rt bizalmatlans\\u00e1gi ind\\u00edtv\\u00e1nyt terjesztett be korm\\u00e1nya ellen, \\u00e9s ezt az als\\u00f3h\\u00e1z m\\u00e1r szerd\\u00e1n t\\u00e1rgyalja is. Egyes elemz\\u0151k szerint m\\u00e9g mindig annak van a legnagyobb es\\u00e9lye, hogy a kil\\u00e9p\\u00e9si meg\\u00e1llapod\\u00e1st valamilyen\",\"inLanguage\":\"hu-HU\",\"isPartOf\":{\"@id\":\"https:\\\/\\\/allasorias.hu\\\/hirek\\\/#website\"},\"breadcrumb\":{\"@id\":\"https:\\\/\\\/allasorias.hu\\\/hirek\\\/nincs-brexit-megallapodas-oriasi-kormanyzati-vereseg-londonban\\\/#breadcrumblist\"},\"author\":{\"@id\":\"https:\\\/\\\/allasorias.hu\\\/hirek\\\/author\\\/admin-allasorias\\\/#author\"},\"creator\":{\"@id\":\"https:\\\/\\\/allasorias.hu\\\/hirek\\\/author\\\/admin-allasorias\\\/#author\"},\"image\":{\"@type\":\"ImageObject\",\"url\":\"https:\\\/\\\/allasorias.hu\\\/hirek\\\/wp-content\\\/uploads\\\/2018\\\/11\\\/brexit-referendum-uk-1468255044bIX.jpg\",\"@id\":\"https:\\\/\\\/allasorias.hu\\\/hirek\\\/nincs-brexit-megallapodas-oriasi-kormanyzati-vereseg-londonban\\\/#mainImage\",\"width\":615,\"height\":407},\"primaryImageOfPage\":{\"@id\":\"https:\\\/\\\/allasorias.hu\\\/hirek\\\/nincs-brexit-megallapodas-oriasi-kormanyzati-vereseg-londonban\\\/#mainImage\"},\"datePublished\":\"2019-01-16T09:26:17+02:00\",\"dateModified\":\"2019-01-16T09:26:17+02:00\"},{\"@type\":\"WebSite\",\"@id\":\"https:\\\/\\\/allasorias.hu\\\/hirek\\\/#website\",\"url\":\"https:\\\/\\\/allasorias.hu\\\/hirek\\\/\",\"name\":\"AllasOrias.hu | H\\u00edrek-lapszemle\",\"description\":\"\\u00dczleti h\\u00edrek az \\u00e1ll\\u00e1s \\u00e9s a munka vil\\u00e1g\\u00e1b\\u00f3l\",\"inLanguage\":\"hu-HU\",\"publisher\":{\"@id\":\"https:\\\/\\\/allasorias.hu\\\/hirek\\\/#organization\"}}]}\n\t\t<\/script>\n\t\t<!-- All in One SEO -->\n\n","aioseo_head_json":{"title":"Nincs Brexit meg\u00e1llapod\u00e1s \u2013 \u00f3ri\u00e1si korm\u00e1nyzati veres\u00e9g Londonban | AllasOrias.hu | H\u00edrek-lapszemle","description":"Nagy ar\u00e1nyban utas\u00edtotta el a londoni als\u00f3h\u00e1z a brit EU-tags\u00e1g megsz\u0171n\u00e9s\u00e9nek felt\u00e9telrendszer\u00e9t tartalmaz\u00f3 meg\u00e1llapod\u00e1st. Theresa May konzervat\u00edv p\u00e1rti minisztereln\u00f6k nem mond le, viszont az ellenz\u00e9ki Munk\u00e1sp\u00e1rt bizalmatlans\u00e1gi ind\u00edtv\u00e1nyt terjesztett be korm\u00e1nya ellen, \u00e9s ezt az als\u00f3h\u00e1z m\u00e1r szerd\u00e1n t\u00e1rgyalja is. Egyes elemz\u0151k szerint m\u00e9g mindig annak van a legnagyobb es\u00e9lye, hogy a kil\u00e9p\u00e9si meg\u00e1llapod\u00e1st valamilyen","canonical_url":"https:\/\/allasorias.hu\/hirek\/nincs-brexit-megallapodas-oriasi-kormanyzati-vereseg-londonban\/","robots":"max-image-preview:large","keywords":"","webmasterTools":{"miscellaneous":""},"schema":{"@context":"https:\/\/schema.org","@graph":[{"@type":"Article","@id":"https:\/\/allasorias.hu\/hirek\/nincs-brexit-megallapodas-oriasi-kormanyzati-vereseg-londonban\/#article","name":"Nincs Brexit meg\u00e1llapod\u00e1s \u2013 \u00f3ri\u00e1si korm\u00e1nyzati veres\u00e9g Londonban | AllasOrias.hu | H\u00edrek-lapszemle","headline":"Nincs Brexit meg\u00e1llapod\u00e1s \u2013 \u00f3ri\u00e1si korm\u00e1nyzati veres\u00e9g Londonban","author":{"@id":"https:\/\/allasorias.hu\/hirek\/author\/admin-allasorias\/#author"},"publisher":{"@id":"https:\/\/allasorias.hu\/hirek\/#organization"},"image":{"@type":"ImageObject","url":"https:\/\/allasorias.hu\/hirek\/wp-content\/uploads\/2018\/11\/brexit-referendum-uk-1468255044bIX.jpg","width":615,"height":407},"datePublished":"2019-01-16T09:26:17+02:00","dateModified":"2019-01-16T09:26:17+02:00","inLanguage":"hu-HU","mainEntityOfPage":{"@id":"https:\/\/allasorias.hu\/hirek\/nincs-brexit-megallapodas-oriasi-kormanyzati-vereseg-londonban\/#webpage"},"isPartOf":{"@id":"https:\/\/allasorias.hu\/hirek\/nincs-brexit-megallapodas-oriasi-kormanyzati-vereseg-londonban\/#webpage"},"articleSection":"Gazdas\u00e1g, K\u00fclf\u00f6ld"},{"@type":"BreadcrumbList","@id":"https:\/\/allasorias.hu\/hirek\/nincs-brexit-megallapodas-oriasi-kormanyzati-vereseg-londonban\/#breadcrumblist","itemListElement":[{"@type":"ListItem","@id":"https:\/\/allasorias.hu\/hirek#listItem","position":1,"name":"Home","item":"https:\/\/allasorias.hu\/hirek","nextItem":{"@type":"ListItem","@id":"https:\/\/allasorias.hu\/hirek\/temak\/gazdasag\/#listItem","name":"Gazdas\u00e1g"}},{"@type":"ListItem","@id":"https:\/\/allasorias.hu\/hirek\/temak\/gazdasag\/#listItem","position":2,"name":"Gazdas\u00e1g","item":"https:\/\/allasorias.hu\/hirek\/temak\/gazdasag\/","nextItem":{"@type":"ListItem","@id":"https:\/\/allasorias.hu\/hirek\/nincs-brexit-megallapodas-oriasi-kormanyzati-vereseg-londonban\/#listItem","name":"Nincs Brexit meg\u00e1llapod\u00e1s \u2013 \u00f3ri\u00e1si korm\u00e1nyzati veres\u00e9g Londonban"},"previousItem":{"@type":"ListItem","@id":"https:\/\/allasorias.hu\/hirek#listItem","name":"Home"}},{"@type":"ListItem","@id":"https:\/\/allasorias.hu\/hirek\/nincs-brexit-megallapodas-oriasi-kormanyzati-vereseg-londonban\/#listItem","position":3,"name":"Nincs Brexit meg\u00e1llapod\u00e1s \u2013 \u00f3ri\u00e1si korm\u00e1nyzati veres\u00e9g Londonban","previousItem":{"@type":"ListItem","@id":"https:\/\/allasorias.hu\/hirek\/temak\/gazdasag\/#listItem","name":"Gazdas\u00e1g"}}]},{"@type":"Organization","@id":"https:\/\/allasorias.hu\/hirek\/#organization","name":"AllasOrias.hu | H\u00edrek-lapszemle","description":"\u00dczleti h\u00edrek az \u00e1ll\u00e1s \u00e9s a munka vil\u00e1g\u00e1b\u00f3l","url":"https:\/\/allasorias.hu\/hirek\/","logo":{"@type":"ImageObject","url":"https:\/\/allasorias.hu\/hirek\/wp-content\/uploads\/2022\/10\/allasorias_site_facebok_logo.png","@id":"https:\/\/allasorias.hu\/hirek\/nincs-brexit-megallapodas-oriasi-kormanyzati-vereseg-londonban\/#organizationLogo"},"image":{"@id":"https:\/\/allasorias.hu\/hirek\/nincs-brexit-megallapodas-oriasi-kormanyzati-vereseg-londonban\/#organizationLogo"},"sameAs":["https:\/\/www.facebook.com\/allasorias","https:\/\/www.linkedin.com\/company\/allasorias"]},{"@type":"Person","@id":"https:\/\/allasorias.hu\/hirek\/author\/admin-allasorias\/#author","url":"https:\/\/allasorias.hu\/hirek\/author\/admin-allasorias\/","name":"Juh\u00e1sz P\u00e9ter","image":{"@type":"ImageObject","@id":"https:\/\/allasorias.hu\/hirek\/nincs-brexit-megallapodas-oriasi-kormanyzati-vereseg-londonban\/#authorImage","url":"https:\/\/secure.gravatar.com\/avatar\/36e6bcb83148978b992977cb0f54d22feb0cce8a0a849a9410532bb2623ba4c6?s=96&d=mm&r=g","width":96,"height":96,"caption":"Juh\u00e1sz P\u00e9ter"}},{"@type":"WebPage","@id":"https:\/\/allasorias.hu\/hirek\/nincs-brexit-megallapodas-oriasi-kormanyzati-vereseg-londonban\/#webpage","url":"https:\/\/allasorias.hu\/hirek\/nincs-brexit-megallapodas-oriasi-kormanyzati-vereseg-londonban\/","name":"Nincs Brexit meg\u00e1llapod\u00e1s \u2013 \u00f3ri\u00e1si korm\u00e1nyzati veres\u00e9g Londonban | AllasOrias.hu | H\u00edrek-lapszemle","description":"Nagy ar\u00e1nyban utas\u00edtotta el a londoni als\u00f3h\u00e1z a brit EU-tags\u00e1g megsz\u0171n\u00e9s\u00e9nek felt\u00e9telrendszer\u00e9t tartalmaz\u00f3 meg\u00e1llapod\u00e1st. Theresa May konzervat\u00edv p\u00e1rti minisztereln\u00f6k nem mond le, viszont az ellenz\u00e9ki Munk\u00e1sp\u00e1rt bizalmatlans\u00e1gi ind\u00edtv\u00e1nyt terjesztett be korm\u00e1nya ellen, \u00e9s ezt az als\u00f3h\u00e1z m\u00e1r szerd\u00e1n t\u00e1rgyalja is. Egyes elemz\u0151k szerint m\u00e9g mindig annak van a legnagyobb es\u00e9lye, hogy a kil\u00e9p\u00e9si meg\u00e1llapod\u00e1st valamilyen","inLanguage":"hu-HU","isPartOf":{"@id":"https:\/\/allasorias.hu\/hirek\/#website"},"breadcrumb":{"@id":"https:\/\/allasorias.hu\/hirek\/nincs-brexit-megallapodas-oriasi-kormanyzati-vereseg-londonban\/#breadcrumblist"},"author":{"@id":"https:\/\/allasorias.hu\/hirek\/author\/admin-allasorias\/#author"},"creator":{"@id":"https:\/\/allasorias.hu\/hirek\/author\/admin-allasorias\/#author"},"image":{"@type":"ImageObject","url":"https:\/\/allasorias.hu\/hirek\/wp-content\/uploads\/2018\/11\/brexit-referendum-uk-1468255044bIX.jpg","@id":"https:\/\/allasorias.hu\/hirek\/nincs-brexit-megallapodas-oriasi-kormanyzati-vereseg-londonban\/#mainImage","width":615,"height":407},"primaryImageOfPage":{"@id":"https:\/\/allasorias.hu\/hirek\/nincs-brexit-megallapodas-oriasi-kormanyzati-vereseg-londonban\/#mainImage"},"datePublished":"2019-01-16T09:26:17+02:00","dateModified":"2019-01-16T09:26:17+02:00"},{"@type":"WebSite","@id":"https:\/\/allasorias.hu\/hirek\/#website","url":"https:\/\/allasorias.hu\/hirek\/","name":"AllasOrias.hu | H\u00edrek-lapszemle","description":"\u00dczleti h\u00edrek az \u00e1ll\u00e1s \u00e9s a munka vil\u00e1g\u00e1b\u00f3l","inLanguage":"hu-HU","publisher":{"@id":"https:\/\/allasorias.hu\/hirek\/#organization"}}]},"og:locale":"hu_HU","og:site_name":"AllasOrias.hu | H\u00edrek-lapszemle | \u00dczleti h\u00edrek az \u00e1ll\u00e1s \u00e9s a munka vil\u00e1g\u00e1b\u00f3l","og:type":"article","og:title":"Nincs Brexit meg\u00e1llapod\u00e1s \u2013 \u00f3ri\u00e1si korm\u00e1nyzati veres\u00e9g Londonban | AllasOrias.hu | H\u00edrek-lapszemle","og:description":"Nagy ar\u00e1nyban utas\u00edtotta el a londoni als\u00f3h\u00e1z a brit EU-tags\u00e1g megsz\u0171n\u00e9s\u00e9nek felt\u00e9telrendszer\u00e9t tartalmaz\u00f3 meg\u00e1llapod\u00e1st. Theresa May konzervat\u00edv p\u00e1rti minisztereln\u00f6k nem mond le, viszont az ellenz\u00e9ki Munk\u00e1sp\u00e1rt bizalmatlans\u00e1gi ind\u00edtv\u00e1nyt terjesztett be korm\u00e1nya ellen, \u00e9s ezt az als\u00f3h\u00e1z m\u00e1r szerd\u00e1n t\u00e1rgyalja is. Egyes elemz\u0151k szerint m\u00e9g mindig annak van a legnagyobb es\u00e9lye, hogy a kil\u00e9p\u00e9si meg\u00e1llapod\u00e1st valamilyen","og:url":"https:\/\/allasorias.hu\/hirek\/nincs-brexit-megallapodas-oriasi-kormanyzati-vereseg-londonban\/","og:image":"https:\/\/allasorias.hu\/hirek\/wp-content\/uploads\/2018\/11\/brexit-referendum-uk-1468255044bIX.jpg","og:image:secure_url":"https:\/\/allasorias.hu\/hirek\/wp-content\/uploads\/2018\/11\/brexit-referendum-uk-1468255044bIX.jpg","og:image:width":615,"og:image:height":407,"article:published_time":"2019-01-16T09:26:17+00:00","article:modified_time":"2019-01-16T09:26:17+00:00","article:publisher":"https:\/\/www.facebook.com\/allasorias","twitter:card":"summary_large_image","twitter:title":"Nincs Brexit meg\u00e1llapod\u00e1s \u2013 \u00f3ri\u00e1si korm\u00e1nyzati veres\u00e9g Londonban | AllasOrias.hu | H\u00edrek-lapszemle","twitter:description":"Nagy ar\u00e1nyban utas\u00edtotta el a londoni als\u00f3h\u00e1z a brit EU-tags\u00e1g megsz\u0171n\u00e9s\u00e9nek felt\u00e9telrendszer\u00e9t tartalmaz\u00f3 meg\u00e1llapod\u00e1st. Theresa May konzervat\u00edv p\u00e1rti minisztereln\u00f6k nem mond le, viszont az ellenz\u00e9ki Munk\u00e1sp\u00e1rt bizalmatlans\u00e1gi ind\u00edtv\u00e1nyt terjesztett be korm\u00e1nya ellen, \u00e9s ezt az als\u00f3h\u00e1z m\u00e1r szerd\u00e1n t\u00e1rgyalja is. Egyes elemz\u0151k szerint m\u00e9g mindig annak van a legnagyobb es\u00e9lye, hogy a kil\u00e9p\u00e9si meg\u00e1llapod\u00e1st valamilyen","twitter:image":"https:\/\/allasorias.hu\/hirek\/wp-content\/uploads\/2018\/11\/brexit-referendum-uk-1468255044bIX.jpg","twitter:label1":"Written by","twitter:data1":"Juh\u00e1sz P\u00e9ter","twitter:label2":"Est. reading time","twitter:data2":"2 minutes"},"aioseo_meta_data":{"post_id":"2428","title":null,"description":null,"keywords":null,"keyphrases":null,"primary_term":null,"canonical_url":null,"og_title":null,"og_description":null,"og_object_type":"default","og_image_type":"default","og_image_url":null,"og_image_width":null,"og_image_height":null,"og_image_custom_url":null,"og_image_custom_fields":null,"og_video":null,"og_custom_url":null,"og_article_section":null,"og_article_tags":null,"twitter_use_og":false,"twitter_card":"default","twitter_image_type":"default","twitter_image_url":null,"twitter_image_custom_url":null,"twitter_image_custom_fields":null,"twitter_title":null,"twitter_description":null,"schema":{"blockGraphs":[],"customGraphs":[],"default":{"data":{"Article":[],"Course":[],"Dataset":[],"FAQPage":[],"Movie":[],"Person":[],"Product":[],"ProductReview":[],"Car":[],"Recipe":[],"Service":[],"SoftwareApplication":[],"WebPage":[]},"graphName":"","isEnabled":true},"graphs":[],"defaultGraph":"","defaultPostTypeGraph":""},"schema_type":null,"schema_type_options":null,"pillar_content":false,"robots_default":true,"robots_noindex":false,"robots_noarchive":false,"robots_nosnippet":false,"robots_nofollow":false,"robots_noimageindex":false,"robots_noodp":false,"robots_notranslate":false,"robots_max_snippet":null,"robots_max_videopreview":null,"robots_max_imagepreview":"large","priority":null,"frequency":null,"location":null,"local_seo":null,"breadcrumb_settings":null,"limit_modified_date":false,"ai":null,"created":"2021-02-01 20:46:01","updated":"2025-10-02 09:50:12","seo_analyzer_scan_date":null,"focus_keyword":null,"additional_keywords":null,"truseo_locale":null},"aioseo_breadcrumb":"<div class=\"aioseo-breadcrumbs\"><span class=\"aioseo-breadcrumb\">\n\t\t\t<a href=\"https:\/\/allasorias.hu\/hirek\" title=\"Home\">Home<\/a>\n\t\t<\/span><span class=\"aioseo-breadcrumb-separator\">&raquo;<\/span><span class=\"aioseo-breadcrumb\">\n\t\t\t<a href=\"https:\/\/allasorias.hu\/hirek\/temak\/gazdasag\/\" title=\"Gazdas\u00e1g\">Gazdas\u00e1g<\/a>\n\t\t<\/span><span class=\"aioseo-breadcrumb-separator\">&raquo;<\/span><span class=\"aioseo-breadcrumb\">\n\t\t\tNincs Brexit meg\u00e1llapod\u00e1s \u2013 \u00f3ri\u00e1si korm\u00e1nyzati veres\u00e9g Londonban\n\t\t<\/span><\/div>","aioseo_breadcrumb_json":[{"label":"Home","link":"https:\/\/allasorias.hu\/hirek"},{"label":"Gazdas\u00e1g","link":"https:\/\/allasorias.hu\/hirek\/temak\/gazdasag\/"},{"label":"Nincs Brexit meg\u00e1llapod\u00e1s \u2013 \u00f3ri\u00e1si korm\u00e1nyzati veres\u00e9g Londonban","link":"https:\/\/allasorias.hu\/hirek\/nincs-brexit-megallapodas-oriasi-kormanyzati-vereseg-londonban\/"}],"_links":{"self":[{"href":"https:\/\/allasorias.hu\/hirek\/wp-json\/wp\/v2\/posts\/2428","targetHints":{"allow":["GET"]}}],"collection":[{"href":"https:\/\/allasorias.hu\/hirek\/wp-json\/wp\/v2\/posts"}],"about":[{"href":"https:\/\/allasorias.hu\/hirek\/wp-json\/wp\/v2\/types\/post"}],"author":[{"embeddable":true,"href":"https:\/\/allasorias.hu\/hirek\/wp-json\/wp\/v2\/users\/1"}],"replies":[{"embeddable":true,"href":"https:\/\/allasorias.hu\/hirek\/wp-json\/wp\/v2\/comments?post=2428"}],"version-history":[{"count":2,"href":"https:\/\/allasorias.hu\/hirek\/wp-json\/wp\/v2\/posts\/2428\/revisions"}],"predecessor-version":[{"id":2430,"href":"https:\/\/allasorias.hu\/hirek\/wp-json\/wp\/v2\/posts\/2428\/revisions\/2430"}],"wp:featuredmedia":[{"embeddable":true,"href":"https:\/\/allasorias.hu\/hirek\/wp-json\/wp\/v2\/media\/2180"}],"wp:attachment":[{"href":"https:\/\/allasorias.hu\/hirek\/wp-json\/wp\/v2\/media?parent=2428"}],"wp:term":[{"taxonomy":"category","embeddable":true,"href":"https:\/\/allasorias.hu\/hirek\/wp-json\/wp\/v2\/categories?post=2428"},{"taxonomy":"post_tag","embeddable":true,"href":"https:\/\/allasorias.hu\/hirek\/wp-json\/wp\/v2\/tags?post=2428"}],"curies":[{"name":"wp","href":"https:\/\/api.w.org\/{rel}","templated":true}]}}