{"id":2423,"date":"2019-01-15T13:40:03","date_gmt":"2019-01-15T13:40:03","guid":{"rendered":"https:\/\/allasorias.hu\/hirek\/?p=2423"},"modified":"2019-01-15T13:40:03","modified_gmt":"2019-01-15T13:40:03","slug":"lassul-a-gazdasagi-fellendules-az-uj-evben","status":"publish","type":"post","link":"https:\/\/allasorias.hu\/hirek\/lassul-a-gazdasagi-fellendules-az-uj-evben\/","title":{"rendered":"Lassul a gazdas\u00e1gi fellend\u00fcl\u00e9s az \u00faj \u00e9vben"},"content":{"rendered":"<p><strong>A szakemberek el\u0151re jelz\u00e9sei szerint lassul a vil\u00e1ggazdas\u00e1g eg\u00e9sze 2019-ben az\u00e1ltal, hogy a G7 orsz\u00e1gokban hossz\u00fa t\u00e1von vissza\u00e1ll az \u00e1tlagos n\u00f6veked\u00e9si \u00fctem. A PwC Global Economy Watch el\u0151rejelz\u00e9se azt mutatja, hogy m\u00e9rs\u00e9kl\u0151dik Amerika \u00e9s K\u00edna n\u00f6veked\u00e9se, a fejlett gazdas\u00e1gok munkaer\u0151piacai tov\u00e1bbra is sz\u0171k\u00fclnek, India pedig a k\u00f6vetkez\u0151 \u00e9vtizedekben tov\u00e1bb jav\u00edthatja helyez\u00e9s\u00e9t a glob\u00e1lis GDP-tabell\u00e1n. <\/strong><\/p>\n<p>A PwC el\u0151rejelz\u00e9se szerint Amerika n\u00f6veked\u00e9se a 2018-ban becs\u00fclt 2,8%-r\u00f3l 2019-ben v\u00e1rhat\u00f3an k\u00f6r\u00fclbel\u00fcl 2,3%-ra fog m\u00e9rs\u00e9kl\u0151dni. K\u00edna n\u00f6veked\u00e9se is lassulni fog 2018-hoz k\u00e9pest. J\u00f3llehet a korm\u00e1ny arra fog t\u00f6rekedni, hogy a lassul\u00e1st minim\u00e1lisra cs\u00f6kkentse, az amerikai v\u00e1mok hat\u00e1sa, illetve az ad\u00f3ss\u00e1gszintek f\u00e9ken tart\u00e1s\u00e1nak sz\u00fcks\u00e9ge miatt a n\u00f6veked\u00e9s 2019-ben val\u00f3sz\u00edn\u0171leg valamelyest lassulni fog. A fejlett gazdas\u00e1gok munkaer\u0151piacai v\u00e1rhat\u00f3an tov\u00e1bbra is sz\u0171k\u00fclni fognak, a munkan\u00e9lk\u00fclis\u00e9g pedig a munkahelyteremt\u00e9s lassul\u00e1sa mellett is tov\u00e1bb fog cs\u00f6kkenni. Ez a b\u00e9rek emelked\u00e9s\u00e9t eredm\u00e9nyezi, ami gondot okoz azoknak a v\u00e1llalkoz\u00e1soknak, amelyek a tehets\u00e9ges munkaer\u0151 ter\u00e9n fenn\u00e1ll\u00f3 hi\u00e1nyt szeretn\u00e9k orvosolni. Az el\u0151rejelz\u00e9sek szerint 2019-ben valamelyest tov\u00e1bb cs\u00f6kken a munkan\u00e9lk\u00fclis\u00e9g az USA-ban \u00e9s N\u00e9metorsz\u00e1gban, ahol a munkahelyteremt\u00e9s tov\u00e1bbra is jelent\u0151s m\u00e9rt\u00e9k\u0171. Polacsek Csaba, a PwC Magyarorsz\u00e1g \u00dczleti tan\u00e1csad\u00e1s \u00fczlet\u00e1g\u00e1nak c\u00e9gt\u00e1rsa szerint az Egyes\u00fclt Kir\u00e1lys\u00e1g v\u00e1rhat\u00f3an vissza fog esni a vil\u00e1g legjelent\u0151sebb gazdas\u00e1gainak rangsoraiban. 2019-ben India \u00e9s Franciaorsz\u00e1g is val\u00f3sz\u00edn\u0171leg t\u00fal fogja sz\u00e1rnyalni, \u00e9s a vil\u00e1granglista \u00f6t\u00f6dik hely\u00e9r\u0151l a hetedik helyre fogja k\u00e9nyszer\u00edteni. M\u00edg az Egyes\u00fclt Kir\u00e1lys\u00e1g \u00e9s Franciaorsz\u00e1g a hasonl\u00f3 szint\u0171 fejl\u0151d\u00e9s \u00e9s a nagyj\u00e1b\u00f3l azonos l\u00e9leksz\u00e1m\u00fa n\u00e9pess\u00e9g miatt rendszeresen egym\u00e1st el\u0151zte a rangsorban, India jobb helyez\u00e9se val\u00f3sz\u00edn\u0171leg \u00e1lland\u00f3sulni fog. A PwC el\u0151rejelz\u00e9se szerint 2019-ben a re\u00e1l GDP az Egyes\u00fclt Kir\u00e1lys\u00e1gban 1,6%-kal, Franciaorsz\u00e1gban 1,7%-kal, Indi\u00e1ban 7,6%-kal fog n\u00f6vekedni. \u201eIndia a vil\u00e1g leggyorsabban n\u00f6vekv\u0151, \u00f3ri\u00e1si n\u00e9pess\u00e9g\u0171, kedvez\u0151 demogr\u00e1fiai jellemz\u0151kkel \u00e9s az egy f\u0151re jut\u00f3 GDP alacsony kezdeti szintje miatt gyors felz\u00e1rk\u00f3z\u00e1si potenci\u00e1llal rendelkez\u0151 meghat\u00e1roz\u00f3 gazdas\u00e1ga, ami a k\u00f6vetkez\u0151 \u00e9vtizedekben minden bizonnyal tov\u00e1bb fogja jav\u00edtani helyez\u00e9s\u00e9t a glob\u00e1lis GDP tabell\u00e1n. Eddig az Egyes\u00fclt Kir\u00e1lys\u00e1g \u00e9s Franciaorsz\u00e1g rendszerint felv\u00e1ltva mondhatta mag\u00e1\u00e9nak a nagyobb gazdas\u00e1got, az Egyes\u00fclt Kir\u00e1lys\u00e1g 2018-ban, majd 2019-ben ism\u00e9telten visszafogott n\u00f6veked\u00e9se azonban val\u00f3sz\u00edn\u0171leg Franciaorsz\u00e1g jav\u00e1ra fogja billenteni a m\u00e9rleg nyelv\u00e9t. Ennek fontos t\u00e9nyez\u0151je a fonttal szemben viszonylag er\u0151s eur\u00f3\u201d \u2013 foglalta \u00f6ssze Polacsek Csaba.<\/p>\n<p><em>Forr\u00e1s: profitline.hu<\/em><\/p>\n","protected":false},"excerpt":{"rendered":"<p>A szakemberek el\u0151re jelz\u00e9sei szerint lassul a vil\u00e1ggazdas\u00e1g eg\u00e9sze 2019-ben az\u00e1ltal, hogy a G7 orsz\u00e1gokban hossz\u00fa t\u00e1von vissza\u00e1ll az \u00e1tlagos n\u00f6veked\u00e9si \u00fctem. A PwC Global Economy Watch el\u0151rejelz\u00e9se azt mutatja, hogy m\u00e9rs\u00e9kl\u0151dik Amerika \u00e9s K\u00edna n\u00f6veked\u00e9se, a fejlett gazdas\u00e1gok munkaer\u0151piacai tov\u00e1bbra is sz\u0171k\u00fclnek, India pedig a k\u00f6vetkez\u0151 \u00e9vtizedekben tov\u00e1bb jav\u00edthatja helyez\u00e9s\u00e9t a glob\u00e1lis GDP-tabell\u00e1n. A [&hellip;]<\/p>\n","protected":false},"author":1,"featured_media":2424,"comment_status":"open","ping_status":"open","sticky":false,"template":"","format":"standard","meta":{"_monsterinsights_skip_tracking":false,"footnotes":""},"categories":[198,201],"tags":[],"class_list":["post-2423","post","type-post","status-publish","format-standard","has-post-thumbnail","hentry","category-gazdasag","category-kulfold"],"aioseo_notices":[],"aioseo_head":"\n\t\t<!-- All in One SEO 5.0.0.1 - aioseo.com -->\n\t<meta name=\"description\" content=\"A szakemberek el\u0151re jelz\u00e9sei szerint lassul a vil\u00e1ggazdas\u00e1g eg\u00e9sze 2019-ben az\u00e1ltal, hogy a G7 orsz\u00e1gokban hossz\u00fa t\u00e1von vissza\u00e1ll az \u00e1tlagos n\u00f6veked\u00e9si \u00fctem. A PwC Global Economy Watch el\u0151rejelz\u00e9se azt mutatja, hogy m\u00e9rs\u00e9kl\u0151dik Amerika \u00e9s K\u00edna n\u00f6veked\u00e9se, a fejlett gazdas\u00e1gok munkaer\u0151piacai tov\u00e1bbra is sz\u0171k\u00fclnek, India pedig a k\u00f6vetkez\u0151 \u00e9vtizedekben tov\u00e1bb jav\u00edthatja helyez\u00e9s\u00e9t a glob\u00e1lis GDP-tabell\u00e1n. A\" \/>\n\t<meta name=\"robots\" content=\"max-image-preview:large\" \/>\n\t<meta name=\"author\" content=\"Juh\u00e1sz P\u00e9ter\"\/>\n\t<link rel=\"canonical\" href=\"https:\/\/allasorias.hu\/hirek\/lassul-a-gazdasagi-fellendules-az-uj-evben\/\" \/>\n\t<meta name=\"generator\" content=\"All in One SEO (AIOSEO) 5.0.0.1\" \/>\n\t\t<meta property=\"og:locale\" content=\"hu_HU\" \/>\n\t\t<meta property=\"og:site_name\" content=\"AllasOrias.hu | H\u00edrek-lapszemle | \u00dczleti h\u00edrek az \u00e1ll\u00e1s \u00e9s a munka vil\u00e1g\u00e1b\u00f3l\" \/>\n\t\t<meta property=\"og:type\" content=\"article\" \/>\n\t\t<meta property=\"og:title\" content=\"Lassul a gazdas\u00e1gi fellend\u00fcl\u00e9s az \u00faj \u00e9vben | AllasOrias.hu | H\u00edrek-lapszemle\" \/>\n\t\t<meta property=\"og:description\" content=\"A szakemberek el\u0151re jelz\u00e9sei szerint lassul a vil\u00e1ggazdas\u00e1g eg\u00e9sze 2019-ben az\u00e1ltal, hogy a G7 orsz\u00e1gokban hossz\u00fa t\u00e1von vissza\u00e1ll az \u00e1tlagos n\u00f6veked\u00e9si \u00fctem. A PwC Global Economy Watch el\u0151rejelz\u00e9se azt mutatja, hogy m\u00e9rs\u00e9kl\u0151dik Amerika \u00e9s K\u00edna n\u00f6veked\u00e9se, a fejlett gazdas\u00e1gok munkaer\u0151piacai tov\u00e1bbra is sz\u0171k\u00fclnek, India pedig a k\u00f6vetkez\u0151 \u00e9vtizedekben tov\u00e1bb jav\u00edthatja helyez\u00e9s\u00e9t a glob\u00e1lis GDP-tabell\u00e1n. A\" \/>\n\t\t<meta property=\"og:url\" content=\"https:\/\/allasorias.hu\/hirek\/lassul-a-gazdasagi-fellendules-az-uj-evben\/\" \/>\n\t\t<meta property=\"og:image\" content=\"https:\/\/allasorias.hu\/hirek\/wp-content\/uploads\/2019\/01\/trend-1445464_640.jpg\" \/>\n\t\t<meta property=\"og:image:secure_url\" content=\"https:\/\/allasorias.hu\/hirek\/wp-content\/uploads\/2019\/01\/trend-1445464_640.jpg\" \/>\n\t\t<meta property=\"og:image:width\" content=\"640\" \/>\n\t\t<meta property=\"og:image:height\" content=\"426\" \/>\n\t\t<meta property=\"article:published_time\" content=\"2019-01-15T13:40:03+00:00\" \/>\n\t\t<meta property=\"article:modified_time\" content=\"2019-01-15T13:40:03+00:00\" \/>\n\t\t<meta property=\"article:publisher\" content=\"https:\/\/www.facebook.com\/allasorias\" \/>\n\t\t<meta name=\"twitter:card\" content=\"summary_large_image\" \/>\n\t\t<meta name=\"twitter:title\" content=\"Lassul a gazdas\u00e1gi fellend\u00fcl\u00e9s az \u00faj \u00e9vben | AllasOrias.hu | H\u00edrek-lapszemle\" \/>\n\t\t<meta name=\"twitter:description\" content=\"A szakemberek el\u0151re jelz\u00e9sei szerint lassul a vil\u00e1ggazdas\u00e1g eg\u00e9sze 2019-ben az\u00e1ltal, hogy a G7 orsz\u00e1gokban hossz\u00fa t\u00e1von vissza\u00e1ll az \u00e1tlagos n\u00f6veked\u00e9si \u00fctem. A PwC Global Economy Watch el\u0151rejelz\u00e9se azt mutatja, hogy m\u00e9rs\u00e9kl\u0151dik Amerika \u00e9s K\u00edna n\u00f6veked\u00e9se, a fejlett gazdas\u00e1gok munkaer\u0151piacai tov\u00e1bbra is sz\u0171k\u00fclnek, India pedig a k\u00f6vetkez\u0151 \u00e9vtizedekben tov\u00e1bb jav\u00edthatja helyez\u00e9s\u00e9t a glob\u00e1lis GDP-tabell\u00e1n. A\" \/>\n\t\t<meta name=\"twitter:image\" content=\"https:\/\/allasorias.hu\/hirek\/wp-content\/uploads\/2019\/01\/trend-1445464_640.jpg\" \/>\n\t\t<meta name=\"twitter:label1\" content=\"Written by\" \/>\n\t\t<meta name=\"twitter:data1\" content=\"Juh\u00e1sz P\u00e9ter\" \/>\n\t\t<meta name=\"twitter:label2\" content=\"Est. reading time\" \/>\n\t\t<meta name=\"twitter:data2\" content=\"3 minutes\" \/>\n\t\t<script type=\"application\/ld+json\" class=\"aioseo-schema\">\n\t\t\t{\"@context\":\"https:\\\/\\\/schema.org\",\"@graph\":[{\"@type\":\"Article\",\"@id\":\"https:\\\/\\\/allasorias.hu\\\/hirek\\\/lassul-a-gazdasagi-fellendules-az-uj-evben\\\/#article\",\"name\":\"Lassul a gazdas\\u00e1gi fellend\\u00fcl\\u00e9s az \\u00faj \\u00e9vben | AllasOrias.hu | H\\u00edrek-lapszemle\",\"headline\":\"Lassul a gazdas\\u00e1gi fellend\\u00fcl\\u00e9s az \\u00faj \\u00e9vben\",\"author\":{\"@id\":\"https:\\\/\\\/allasorias.hu\\\/hirek\\\/author\\\/admin-allasorias\\\/#author\"},\"publisher\":{\"@id\":\"https:\\\/\\\/allasorias.hu\\\/hirek\\\/#organization\"},\"image\":{\"@type\":\"ImageObject\",\"url\":\"https:\\\/\\\/allasorias.hu\\\/hirek\\\/wp-content\\\/uploads\\\/2019\\\/01\\\/trend-1445464_640.jpg\",\"width\":640,\"height\":426},\"datePublished\":\"2019-01-15T13:40:03+02:00\",\"dateModified\":\"2019-01-15T13:40:03+02:00\",\"inLanguage\":\"hu-HU\",\"mainEntityOfPage\":{\"@id\":\"https:\\\/\\\/allasorias.hu\\\/hirek\\\/lassul-a-gazdasagi-fellendules-az-uj-evben\\\/#webpage\"},\"isPartOf\":{\"@id\":\"https:\\\/\\\/allasorias.hu\\\/hirek\\\/lassul-a-gazdasagi-fellendules-az-uj-evben\\\/#webpage\"},\"articleSection\":\"Gazdas\\u00e1g, K\\u00fclf\\u00f6ld\"},{\"@type\":\"BreadcrumbList\",\"@id\":\"https:\\\/\\\/allasorias.hu\\\/hirek\\\/lassul-a-gazdasagi-fellendules-az-uj-evben\\\/#breadcrumblist\",\"itemListElement\":[{\"@type\":\"ListItem\",\"@id\":\"https:\\\/\\\/allasorias.hu\\\/hirek#listItem\",\"position\":1,\"name\":\"Home\",\"item\":\"https:\\\/\\\/allasorias.hu\\\/hirek\",\"nextItem\":{\"@type\":\"ListItem\",\"@id\":\"https:\\\/\\\/allasorias.hu\\\/hirek\\\/temak\\\/gazdasag\\\/#listItem\",\"name\":\"Gazdas\\u00e1g\"}},{\"@type\":\"ListItem\",\"@id\":\"https:\\\/\\\/allasorias.hu\\\/hirek\\\/temak\\\/gazdasag\\\/#listItem\",\"position\":2,\"name\":\"Gazdas\\u00e1g\",\"item\":\"https:\\\/\\\/allasorias.hu\\\/hirek\\\/temak\\\/gazdasag\\\/\",\"nextItem\":{\"@type\":\"ListItem\",\"@id\":\"https:\\\/\\\/allasorias.hu\\\/hirek\\\/lassul-a-gazdasagi-fellendules-az-uj-evben\\\/#listItem\",\"name\":\"Lassul a gazdas\\u00e1gi fellend\\u00fcl\\u00e9s az \\u00faj \\u00e9vben\"},\"previousItem\":{\"@type\":\"ListItem\",\"@id\":\"https:\\\/\\\/allasorias.hu\\\/hirek#listItem\",\"name\":\"Home\"}},{\"@type\":\"ListItem\",\"@id\":\"https:\\\/\\\/allasorias.hu\\\/hirek\\\/lassul-a-gazdasagi-fellendules-az-uj-evben\\\/#listItem\",\"position\":3,\"name\":\"Lassul a gazdas\\u00e1gi fellend\\u00fcl\\u00e9s az \\u00faj \\u00e9vben\",\"previousItem\":{\"@type\":\"ListItem\",\"@id\":\"https:\\\/\\\/allasorias.hu\\\/hirek\\\/temak\\\/gazdasag\\\/#listItem\",\"name\":\"Gazdas\\u00e1g\"}}]},{\"@type\":\"Organization\",\"@id\":\"https:\\\/\\\/allasorias.hu\\\/hirek\\\/#organization\",\"name\":\"AllasOrias.hu | H\\u00edrek-lapszemle\",\"description\":\"\\u00dczleti h\\u00edrek az \\u00e1ll\\u00e1s \\u00e9s a munka vil\\u00e1g\\u00e1b\\u00f3l\",\"url\":\"https:\\\/\\\/allasorias.hu\\\/hirek\\\/\",\"logo\":{\"@type\":\"ImageObject\",\"url\":\"https:\\\/\\\/allasorias.hu\\\/hirek\\\/wp-content\\\/uploads\\\/2022\\\/10\\\/allasorias_site_facebok_logo.png\",\"@id\":\"https:\\\/\\\/allasorias.hu\\\/hirek\\\/lassul-a-gazdasagi-fellendules-az-uj-evben\\\/#organizationLogo\"},\"image\":{\"@id\":\"https:\\\/\\\/allasorias.hu\\\/hirek\\\/lassul-a-gazdasagi-fellendules-az-uj-evben\\\/#organizationLogo\"},\"sameAs\":[\"https:\\\/\\\/www.facebook.com\\\/allasorias\",\"https:\\\/\\\/www.linkedin.com\\\/company\\\/allasorias\"]},{\"@type\":\"Person\",\"@id\":\"https:\\\/\\\/allasorias.hu\\\/hirek\\\/author\\\/admin-allasorias\\\/#author\",\"url\":\"https:\\\/\\\/allasorias.hu\\\/hirek\\\/author\\\/admin-allasorias\\\/\",\"name\":\"Juh\\u00e1sz P\\u00e9ter\",\"image\":{\"@type\":\"ImageObject\",\"@id\":\"https:\\\/\\\/allasorias.hu\\\/hirek\\\/lassul-a-gazdasagi-fellendules-az-uj-evben\\\/#authorImage\",\"url\":\"https:\\\/\\\/secure.gravatar.com\\\/avatar\\\/36e6bcb83148978b992977cb0f54d22feb0cce8a0a849a9410532bb2623ba4c6?s=96&d=mm&r=g\",\"width\":96,\"height\":96,\"caption\":\"Juh\\u00e1sz P\\u00e9ter\"}},{\"@type\":\"WebPage\",\"@id\":\"https:\\\/\\\/allasorias.hu\\\/hirek\\\/lassul-a-gazdasagi-fellendules-az-uj-evben\\\/#webpage\",\"url\":\"https:\\\/\\\/allasorias.hu\\\/hirek\\\/lassul-a-gazdasagi-fellendules-az-uj-evben\\\/\",\"name\":\"Lassul a gazdas\\u00e1gi fellend\\u00fcl\\u00e9s az \\u00faj \\u00e9vben | AllasOrias.hu | H\\u00edrek-lapszemle\",\"description\":\"A szakemberek el\\u0151re jelz\\u00e9sei szerint lassul a vil\\u00e1ggazdas\\u00e1g eg\\u00e9sze 2019-ben az\\u00e1ltal, hogy a G7 orsz\\u00e1gokban hossz\\u00fa t\\u00e1von vissza\\u00e1ll az \\u00e1tlagos n\\u00f6veked\\u00e9si \\u00fctem. A PwC Global Economy Watch el\\u0151rejelz\\u00e9se azt mutatja, hogy m\\u00e9rs\\u00e9kl\\u0151dik Amerika \\u00e9s K\\u00edna n\\u00f6veked\\u00e9se, a fejlett gazdas\\u00e1gok munkaer\\u0151piacai tov\\u00e1bbra is sz\\u0171k\\u00fclnek, India pedig a k\\u00f6vetkez\\u0151 \\u00e9vtizedekben tov\\u00e1bb jav\\u00edthatja helyez\\u00e9s\\u00e9t a glob\\u00e1lis GDP-tabell\\u00e1n. A\",\"inLanguage\":\"hu-HU\",\"isPartOf\":{\"@id\":\"https:\\\/\\\/allasorias.hu\\\/hirek\\\/#website\"},\"breadcrumb\":{\"@id\":\"https:\\\/\\\/allasorias.hu\\\/hirek\\\/lassul-a-gazdasagi-fellendules-az-uj-evben\\\/#breadcrumblist\"},\"author\":{\"@id\":\"https:\\\/\\\/allasorias.hu\\\/hirek\\\/author\\\/admin-allasorias\\\/#author\"},\"creator\":{\"@id\":\"https:\\\/\\\/allasorias.hu\\\/hirek\\\/author\\\/admin-allasorias\\\/#author\"},\"image\":{\"@type\":\"ImageObject\",\"url\":\"https:\\\/\\\/allasorias.hu\\\/hirek\\\/wp-content\\\/uploads\\\/2019\\\/01\\\/trend-1445464_640.jpg\",\"@id\":\"https:\\\/\\\/allasorias.hu\\\/hirek\\\/lassul-a-gazdasagi-fellendules-az-uj-evben\\\/#mainImage\",\"width\":640,\"height\":426},\"primaryImageOfPage\":{\"@id\":\"https:\\\/\\\/allasorias.hu\\\/hirek\\\/lassul-a-gazdasagi-fellendules-az-uj-evben\\\/#mainImage\"},\"datePublished\":\"2019-01-15T13:40:03+02:00\",\"dateModified\":\"2019-01-15T13:40:03+02:00\"},{\"@type\":\"WebSite\",\"@id\":\"https:\\\/\\\/allasorias.hu\\\/hirek\\\/#website\",\"url\":\"https:\\\/\\\/allasorias.hu\\\/hirek\\\/\",\"name\":\"AllasOrias.hu | H\\u00edrek-lapszemle\",\"description\":\"\\u00dczleti h\\u00edrek az \\u00e1ll\\u00e1s \\u00e9s a munka vil\\u00e1g\\u00e1b\\u00f3l\",\"inLanguage\":\"hu-HU\",\"publisher\":{\"@id\":\"https:\\\/\\\/allasorias.hu\\\/hirek\\\/#organization\"}}]}\n\t\t<\/script>\n\t\t<!-- All in One SEO -->\n\n","aioseo_head_json":{"title":"Lassul a gazdas\u00e1gi fellend\u00fcl\u00e9s az \u00faj \u00e9vben | AllasOrias.hu | H\u00edrek-lapszemle","description":"A szakemberek el\u0151re jelz\u00e9sei szerint lassul a vil\u00e1ggazdas\u00e1g eg\u00e9sze 2019-ben az\u00e1ltal, hogy a G7 orsz\u00e1gokban hossz\u00fa t\u00e1von vissza\u00e1ll az \u00e1tlagos n\u00f6veked\u00e9si \u00fctem. A PwC Global Economy Watch el\u0151rejelz\u00e9se azt mutatja, hogy m\u00e9rs\u00e9kl\u0151dik Amerika \u00e9s K\u00edna n\u00f6veked\u00e9se, a fejlett gazdas\u00e1gok munkaer\u0151piacai tov\u00e1bbra is sz\u0171k\u00fclnek, India pedig a k\u00f6vetkez\u0151 \u00e9vtizedekben tov\u00e1bb jav\u00edthatja helyez\u00e9s\u00e9t a glob\u00e1lis GDP-tabell\u00e1n. A","canonical_url":"https:\/\/allasorias.hu\/hirek\/lassul-a-gazdasagi-fellendules-az-uj-evben\/","robots":"max-image-preview:large","keywords":"","webmasterTools":{"miscellaneous":""},"schema":{"@context":"https:\/\/schema.org","@graph":[{"@type":"Article","@id":"https:\/\/allasorias.hu\/hirek\/lassul-a-gazdasagi-fellendules-az-uj-evben\/#article","name":"Lassul a gazdas\u00e1gi fellend\u00fcl\u00e9s az \u00faj \u00e9vben | AllasOrias.hu | H\u00edrek-lapszemle","headline":"Lassul a gazdas\u00e1gi fellend\u00fcl\u00e9s az \u00faj \u00e9vben","author":{"@id":"https:\/\/allasorias.hu\/hirek\/author\/admin-allasorias\/#author"},"publisher":{"@id":"https:\/\/allasorias.hu\/hirek\/#organization"},"image":{"@type":"ImageObject","url":"https:\/\/allasorias.hu\/hirek\/wp-content\/uploads\/2019\/01\/trend-1445464_640.jpg","width":640,"height":426},"datePublished":"2019-01-15T13:40:03+02:00","dateModified":"2019-01-15T13:40:03+02:00","inLanguage":"hu-HU","mainEntityOfPage":{"@id":"https:\/\/allasorias.hu\/hirek\/lassul-a-gazdasagi-fellendules-az-uj-evben\/#webpage"},"isPartOf":{"@id":"https:\/\/allasorias.hu\/hirek\/lassul-a-gazdasagi-fellendules-az-uj-evben\/#webpage"},"articleSection":"Gazdas\u00e1g, K\u00fclf\u00f6ld"},{"@type":"BreadcrumbList","@id":"https:\/\/allasorias.hu\/hirek\/lassul-a-gazdasagi-fellendules-az-uj-evben\/#breadcrumblist","itemListElement":[{"@type":"ListItem","@id":"https:\/\/allasorias.hu\/hirek#listItem","position":1,"name":"Home","item":"https:\/\/allasorias.hu\/hirek","nextItem":{"@type":"ListItem","@id":"https:\/\/allasorias.hu\/hirek\/temak\/gazdasag\/#listItem","name":"Gazdas\u00e1g"}},{"@type":"ListItem","@id":"https:\/\/allasorias.hu\/hirek\/temak\/gazdasag\/#listItem","position":2,"name":"Gazdas\u00e1g","item":"https:\/\/allasorias.hu\/hirek\/temak\/gazdasag\/","nextItem":{"@type":"ListItem","@id":"https:\/\/allasorias.hu\/hirek\/lassul-a-gazdasagi-fellendules-az-uj-evben\/#listItem","name":"Lassul a gazdas\u00e1gi fellend\u00fcl\u00e9s az \u00faj \u00e9vben"},"previousItem":{"@type":"ListItem","@id":"https:\/\/allasorias.hu\/hirek#listItem","name":"Home"}},{"@type":"ListItem","@id":"https:\/\/allasorias.hu\/hirek\/lassul-a-gazdasagi-fellendules-az-uj-evben\/#listItem","position":3,"name":"Lassul a gazdas\u00e1gi fellend\u00fcl\u00e9s az \u00faj \u00e9vben","previousItem":{"@type":"ListItem","@id":"https:\/\/allasorias.hu\/hirek\/temak\/gazdasag\/#listItem","name":"Gazdas\u00e1g"}}]},{"@type":"Organization","@id":"https:\/\/allasorias.hu\/hirek\/#organization","name":"AllasOrias.hu | H\u00edrek-lapszemle","description":"\u00dczleti h\u00edrek az \u00e1ll\u00e1s \u00e9s a munka vil\u00e1g\u00e1b\u00f3l","url":"https:\/\/allasorias.hu\/hirek\/","logo":{"@type":"ImageObject","url":"https:\/\/allasorias.hu\/hirek\/wp-content\/uploads\/2022\/10\/allasorias_site_facebok_logo.png","@id":"https:\/\/allasorias.hu\/hirek\/lassul-a-gazdasagi-fellendules-az-uj-evben\/#organizationLogo"},"image":{"@id":"https:\/\/allasorias.hu\/hirek\/lassul-a-gazdasagi-fellendules-az-uj-evben\/#organizationLogo"},"sameAs":["https:\/\/www.facebook.com\/allasorias","https:\/\/www.linkedin.com\/company\/allasorias"]},{"@type":"Person","@id":"https:\/\/allasorias.hu\/hirek\/author\/admin-allasorias\/#author","url":"https:\/\/allasorias.hu\/hirek\/author\/admin-allasorias\/","name":"Juh\u00e1sz P\u00e9ter","image":{"@type":"ImageObject","@id":"https:\/\/allasorias.hu\/hirek\/lassul-a-gazdasagi-fellendules-az-uj-evben\/#authorImage","url":"https:\/\/secure.gravatar.com\/avatar\/36e6bcb83148978b992977cb0f54d22feb0cce8a0a849a9410532bb2623ba4c6?s=96&d=mm&r=g","width":96,"height":96,"caption":"Juh\u00e1sz P\u00e9ter"}},{"@type":"WebPage","@id":"https:\/\/allasorias.hu\/hirek\/lassul-a-gazdasagi-fellendules-az-uj-evben\/#webpage","url":"https:\/\/allasorias.hu\/hirek\/lassul-a-gazdasagi-fellendules-az-uj-evben\/","name":"Lassul a gazdas\u00e1gi fellend\u00fcl\u00e9s az \u00faj \u00e9vben | AllasOrias.hu | H\u00edrek-lapszemle","description":"A szakemberek el\u0151re jelz\u00e9sei szerint lassul a vil\u00e1ggazdas\u00e1g eg\u00e9sze 2019-ben az\u00e1ltal, hogy a G7 orsz\u00e1gokban hossz\u00fa t\u00e1von vissza\u00e1ll az \u00e1tlagos n\u00f6veked\u00e9si \u00fctem. A PwC Global Economy Watch el\u0151rejelz\u00e9se azt mutatja, hogy m\u00e9rs\u00e9kl\u0151dik Amerika \u00e9s K\u00edna n\u00f6veked\u00e9se, a fejlett gazdas\u00e1gok munkaer\u0151piacai tov\u00e1bbra is sz\u0171k\u00fclnek, India pedig a k\u00f6vetkez\u0151 \u00e9vtizedekben tov\u00e1bb jav\u00edthatja helyez\u00e9s\u00e9t a glob\u00e1lis GDP-tabell\u00e1n. A","inLanguage":"hu-HU","isPartOf":{"@id":"https:\/\/allasorias.hu\/hirek\/#website"},"breadcrumb":{"@id":"https:\/\/allasorias.hu\/hirek\/lassul-a-gazdasagi-fellendules-az-uj-evben\/#breadcrumblist"},"author":{"@id":"https:\/\/allasorias.hu\/hirek\/author\/admin-allasorias\/#author"},"creator":{"@id":"https:\/\/allasorias.hu\/hirek\/author\/admin-allasorias\/#author"},"image":{"@type":"ImageObject","url":"https:\/\/allasorias.hu\/hirek\/wp-content\/uploads\/2019\/01\/trend-1445464_640.jpg","@id":"https:\/\/allasorias.hu\/hirek\/lassul-a-gazdasagi-fellendules-az-uj-evben\/#mainImage","width":640,"height":426},"primaryImageOfPage":{"@id":"https:\/\/allasorias.hu\/hirek\/lassul-a-gazdasagi-fellendules-az-uj-evben\/#mainImage"},"datePublished":"2019-01-15T13:40:03+02:00","dateModified":"2019-01-15T13:40:03+02:00"},{"@type":"WebSite","@id":"https:\/\/allasorias.hu\/hirek\/#website","url":"https:\/\/allasorias.hu\/hirek\/","name":"AllasOrias.hu | H\u00edrek-lapszemle","description":"\u00dczleti h\u00edrek az \u00e1ll\u00e1s \u00e9s a munka vil\u00e1g\u00e1b\u00f3l","inLanguage":"hu-HU","publisher":{"@id":"https:\/\/allasorias.hu\/hirek\/#organization"}}]},"og:locale":"hu_HU","og:site_name":"AllasOrias.hu | H\u00edrek-lapszemle | \u00dczleti h\u00edrek az \u00e1ll\u00e1s \u00e9s a munka vil\u00e1g\u00e1b\u00f3l","og:type":"article","og:title":"Lassul a gazdas\u00e1gi fellend\u00fcl\u00e9s az \u00faj \u00e9vben | AllasOrias.hu | H\u00edrek-lapszemle","og:description":"A szakemberek el\u0151re jelz\u00e9sei szerint lassul a vil\u00e1ggazdas\u00e1g eg\u00e9sze 2019-ben az\u00e1ltal, hogy a G7 orsz\u00e1gokban hossz\u00fa t\u00e1von vissza\u00e1ll az \u00e1tlagos n\u00f6veked\u00e9si \u00fctem. A PwC Global Economy Watch el\u0151rejelz\u00e9se azt mutatja, hogy m\u00e9rs\u00e9kl\u0151dik Amerika \u00e9s K\u00edna n\u00f6veked\u00e9se, a fejlett gazdas\u00e1gok munkaer\u0151piacai tov\u00e1bbra is sz\u0171k\u00fclnek, India pedig a k\u00f6vetkez\u0151 \u00e9vtizedekben tov\u00e1bb jav\u00edthatja helyez\u00e9s\u00e9t a glob\u00e1lis GDP-tabell\u00e1n. A","og:url":"https:\/\/allasorias.hu\/hirek\/lassul-a-gazdasagi-fellendules-az-uj-evben\/","og:image":"https:\/\/allasorias.hu\/hirek\/wp-content\/uploads\/2019\/01\/trend-1445464_640.jpg","og:image:secure_url":"https:\/\/allasorias.hu\/hirek\/wp-content\/uploads\/2019\/01\/trend-1445464_640.jpg","og:image:width":640,"og:image:height":426,"article:published_time":"2019-01-15T13:40:03+00:00","article:modified_time":"2019-01-15T13:40:03+00:00","article:publisher":"https:\/\/www.facebook.com\/allasorias","twitter:card":"summary_large_image","twitter:title":"Lassul a gazdas\u00e1gi fellend\u00fcl\u00e9s az \u00faj \u00e9vben | AllasOrias.hu | H\u00edrek-lapszemle","twitter:description":"A szakemberek el\u0151re jelz\u00e9sei szerint lassul a vil\u00e1ggazdas\u00e1g eg\u00e9sze 2019-ben az\u00e1ltal, hogy a G7 orsz\u00e1gokban hossz\u00fa t\u00e1von vissza\u00e1ll az \u00e1tlagos n\u00f6veked\u00e9si \u00fctem. A PwC Global Economy Watch el\u0151rejelz\u00e9se azt mutatja, hogy m\u00e9rs\u00e9kl\u0151dik Amerika \u00e9s K\u00edna n\u00f6veked\u00e9se, a fejlett gazdas\u00e1gok munkaer\u0151piacai tov\u00e1bbra is sz\u0171k\u00fclnek, India pedig a k\u00f6vetkez\u0151 \u00e9vtizedekben tov\u00e1bb jav\u00edthatja helyez\u00e9s\u00e9t a glob\u00e1lis GDP-tabell\u00e1n. A","twitter:image":"https:\/\/allasorias.hu\/hirek\/wp-content\/uploads\/2019\/01\/trend-1445464_640.jpg","twitter:label1":"Written by","twitter:data1":"Juh\u00e1sz P\u00e9ter","twitter:label2":"Est. reading time","twitter:data2":"3 minutes"},"aioseo_meta_data":{"post_id":"2423","title":null,"description":null,"keywords":null,"keyphrases":null,"primary_term":null,"canonical_url":null,"og_title":null,"og_description":null,"og_object_type":"default","og_image_type":"default","og_image_url":null,"og_image_width":null,"og_image_height":null,"og_image_custom_url":null,"og_image_custom_fields":null,"og_video":null,"og_custom_url":null,"og_article_section":null,"og_article_tags":null,"twitter_use_og":false,"twitter_card":"default","twitter_image_type":"default","twitter_image_url":null,"twitter_image_custom_url":null,"twitter_image_custom_fields":null,"twitter_title":null,"twitter_description":null,"schema":{"blockGraphs":[],"customGraphs":[],"default":{"data":{"Article":[],"Course":[],"Dataset":[],"FAQPage":[],"Movie":[],"Person":[],"Product":[],"ProductReview":[],"Car":[],"Recipe":[],"Service":[],"SoftwareApplication":[],"WebPage":[]},"graphName":"","isEnabled":true},"graphs":[]},"schema_type":null,"schema_type_options":null,"pillar_content":false,"robots_default":true,"robots_noindex":false,"robots_noarchive":false,"robots_nosnippet":false,"robots_nofollow":false,"robots_noimageindex":false,"robots_noodp":false,"robots_notranslate":false,"robots_max_snippet":null,"robots_max_videopreview":null,"robots_max_imagepreview":"large","priority":null,"frequency":null,"location":null,"local_seo":null,"breadcrumb_settings":null,"limit_modified_date":false,"ai":null,"created":"2021-02-01 20:46:01","updated":"2025-10-02 09:50:12","seo_analyzer_scan_date":null,"focus_keyword":null,"additional_keywords":null,"truseo_locale":null},"aioseo_breadcrumb":"<div class=\"aioseo-breadcrumbs\"><span class=\"aioseo-breadcrumb\">\n\t\t\t<a href=\"https:\/\/allasorias.hu\/hirek\" title=\"Home\">Home<\/a>\n\t\t<\/span><span class=\"aioseo-breadcrumb-separator\">&raquo;<\/span><span class=\"aioseo-breadcrumb\">\n\t\t\t<a href=\"https:\/\/allasorias.hu\/hirek\/temak\/gazdasag\/\" title=\"Gazdas\u00e1g\">Gazdas\u00e1g<\/a>\n\t\t<\/span><span class=\"aioseo-breadcrumb-separator\">&raquo;<\/span><span class=\"aioseo-breadcrumb\">\n\t\t\tLassul a gazdas\u00e1gi fellend\u00fcl\u00e9s az \u00faj \u00e9vben\n\t\t<\/span><\/div>","aioseo_breadcrumb_json":[{"label":"Home","link":"https:\/\/allasorias.hu\/hirek"},{"label":"Gazdas\u00e1g","link":"https:\/\/allasorias.hu\/hirek\/temak\/gazdasag\/"},{"label":"Lassul a gazdas\u00e1gi fellend\u00fcl\u00e9s az \u00faj \u00e9vben","link":"https:\/\/allasorias.hu\/hirek\/lassul-a-gazdasagi-fellendules-az-uj-evben\/"}],"_links":{"self":[{"href":"https:\/\/allasorias.hu\/hirek\/wp-json\/wp\/v2\/posts\/2423","targetHints":{"allow":["GET"]}}],"collection":[{"href":"https:\/\/allasorias.hu\/hirek\/wp-json\/wp\/v2\/posts"}],"about":[{"href":"https:\/\/allasorias.hu\/hirek\/wp-json\/wp\/v2\/types\/post"}],"author":[{"embeddable":true,"href":"https:\/\/allasorias.hu\/hirek\/wp-json\/wp\/v2\/users\/1"}],"replies":[{"embeddable":true,"href":"https:\/\/allasorias.hu\/hirek\/wp-json\/wp\/v2\/comments?post=2423"}],"version-history":[{"count":1,"href":"https:\/\/allasorias.hu\/hirek\/wp-json\/wp\/v2\/posts\/2423\/revisions"}],"predecessor-version":[{"id":2425,"href":"https:\/\/allasorias.hu\/hirek\/wp-json\/wp\/v2\/posts\/2423\/revisions\/2425"}],"wp:featuredmedia":[{"embeddable":true,"href":"https:\/\/allasorias.hu\/hirek\/wp-json\/wp\/v2\/media\/2424"}],"wp:attachment":[{"href":"https:\/\/allasorias.hu\/hirek\/wp-json\/wp\/v2\/media?parent=2423"}],"wp:term":[{"taxonomy":"category","embeddable":true,"href":"https:\/\/allasorias.hu\/hirek\/wp-json\/wp\/v2\/categories?post=2423"},{"taxonomy":"post_tag","embeddable":true,"href":"https:\/\/allasorias.hu\/hirek\/wp-json\/wp\/v2\/tags?post=2423"}],"curies":[{"name":"wp","href":"https:\/\/api.w.org\/{rel}","templated":true}]}}