{"id":2417,"date":"2019-01-14T12:11:42","date_gmt":"2019-01-14T12:11:42","guid":{"rendered":"https:\/\/allasorias.hu\/hirek\/?p=2417"},"modified":"2019-01-14T12:11:42","modified_gmt":"2019-01-14T12:11:42","slug":"nagy-az-erdeklodes-az-ingyenes-soforkepzes-irant","status":"publish","type":"post","link":"https:\/\/allasorias.hu\/hirek\/nagy-az-erdeklodes-az-ingyenes-soforkepzes-irant\/","title":{"rendered":"Nagy az \u00e9rdekl\u0151d\u00e9s az ingyenes sof\u0151rk\u00e9pz\u00e9s ir\u00e1nt"},"content":{"rendered":"<p><strong>Sokan \u00e9rdekl\u0151dnek az ingyenes sof\u0151rk\u00e9pz\u00e9s ir\u00e1nt. Varga Mih\u00e1ly p\u00e9nz\u00fcgyminiszter elmondta: a munkaer\u0151-ut\u00e1np\u00f3tl\u00e1s miatt \u00e9vente \u00f6tsz\u00e1z\u2013ezer \u00faj g\u00e9pj\u00e1rm\u0171vezet\u0151 munk\u00e1ba \u00e1ll\u00e1sa sz\u00fcks\u00e9ges a megl\u00e9v\u0151 hi\u00e1ny p\u00f3tl\u00e1sa mellett. <\/strong><\/p>\n<p>N\u00e9gyezren szerezhetnek t\u00e9r\u00edt\u00e9smentesen neh\u00e9zg\u00e9pj\u00e1rm\u0171re sz\u00f3l\u00f3 jogos\u00edtv\u00e1nyt, a mintegy n\u00e9gymilli\u00e1rd forintos belf\u00f6ldi forr\u00e1sb\u00f3l 2400 teherg\u00e9pj\u00e1rm\u0171-vezet\u0151 \u00e9s 1600 aut\u00f3\u00adbusz-vezet\u0151 k\u00e9pz\u00e9se val\u00f3sulhat meg a k\u00f6vetkez\u0151 \u00e9vekben \u2013 jelentette ki\u00a0 a p\u00e9nz\u00fcgyminiszter. A Magyar T\u00e1virati Irod\u00e1nak adott interj\u00faben elmondta: \u00a0a programban r\u00e9szt vev\u0151k a k\u00e9pz\u00e9st k\u00f6vet\u0151en nagyobb hozz\u00e1adott \u00e9rt\u00e9ket ad\u00f3 munkak\u00f6r\u00f6ket is bet\u00f6lthetnek, ami a k\u00f6z\u00fati \u00e1rusz\u00e1ll\u00edt\u00e1s versenyk\u00e9pess\u00e9g\u00e9t is nagym\u00e9rt\u00e9kben n\u00f6velheti. A gazdas\u00e1g n\u00f6veked\u00e9s\u00e9nek k\u00f6sz\u00f6nhet\u0151en az ut\u00f3bbi id\u0151szakban jelent\u0151sen n\u0151tt a foglalkoztat\u00e1s a versenyszf\u00e9r\u00e1ban, mik\u00f6zben az orsz\u00e1g egyes ter\u00fcletein, bizonyos \u00e1gazatokban \u00e9s munkak\u00f6r\u00f6kben munkaer\u0151hi\u00e1ny alakult ki. A korm\u00e1ny ezzel a programmal is t\u00e1mogatja a logisztikai \u00e1gazat fejl\u0151d\u00e9s\u00e9t, hiszen a szektor folyamatos munkaer\u0151-ut\u00e1np\u00f3tl\u00e1s\u00e1t biztos\u00edtani kell, \u00e9vente \u00f6tsz\u00e1z\u2013ezer \u00faj g\u00e9pj\u00e1rm\u0171vezet\u0151 munk\u00e1ba \u00e1ll\u00e1sa sz\u00fcks\u00e9ges a megl\u00e9v\u0151 hi\u00e1ny p\u00f3tl\u00e1sa mellett. A t\u00e1mogat\u00e1s k\u00f6zvetlen c\u00e9lcsoportj\u00e1ba a magyarorsz\u00e1gi sz\u00e9khely\u0171 logisztikai, k\u00f6z\u00fati \u00e1rufuvaroz\u00e1si \u00e9s szem\u00e9lysz\u00e1ll\u00edt\u00e1si v\u00e1llalkoz\u00e1sok, fuvaroz\u00f3k tartoznak, ennek megfelel\u0151en C, C+E, D \u00e9s GKI kateg\u00f3ri\u00e1s jogos\u00edtv\u00e1ny megszerz\u00e9s\u00e9t t\u00e1mogatj\u00e1k a tanfolyamok. A jelentkez\u0151k k\u00e9pz\u00e9se a munk\u00e1ltat\u00f3i sz\u00e1nd\u00e9knyilatkozatok vagy tanulm\u00e1nyi szerz\u0151d\u00e9sek beny\u00fajt\u00e1sa \u00e9s megk\u00f6t\u00e9se ut\u00e1n indulhat, a program hozz\u00e1j\u00e1rul a foglalkoztat\u00e1s b\u0151v\u00edt\u00e9s\u00e9hez, hiszen konkr\u00e9t ig\u00e9nyekre alapozott k\u00e9pz\u00e9sekkel biztos\u00edtja a v\u00e1llalatok n\u00f6veked\u00e9s\u00e9hez sz\u00fcks\u00e9ges munkaer\u0151t \u2013 tette hozz\u00e1 a p\u00e9nz\u00fcgyminiszter. A hat\u00f3s\u00e1gi k\u00e9pz\u00e9seket az OFA Orsz\u00e1gos Foglalkoztat\u00e1si K\u00f6zhaszn\u00fa Nonprofit Kft. val\u00f3s\u00edtja meg. A program 2022. december 31-ig tart, jelentkezni a www.ofa.hu honlapon lehet. Mintegy t\u00edzezren csatlakoztak tavaly az ECDL-programhoz, ennyien kezdtek az egys\u00e9ges, eur\u00f3pai sz\u00e1m\u00edt\u00f3g\u00e9p-haszn\u00e1l\u00f3i jogos\u00edtv\u00e1ny megszerz\u00e9s\u00e9be, d\u00f6nt\u0151 t\u00f6bbs\u00e9g\u00fck, csaknem 75 sz\u00e1zal\u00e9kuk di\u00e1kk\u00e9nt \u2013 der\u00fclt ki a programot koordin\u00e1l\u00f3 Neumann J\u00e1nos Sz\u00e1m\u00edt\u00f3g\u00e9p-tudom\u00e1nyi T\u00e1rsas\u00e1g (NJSZT) besz\u00e1mol\u00f3j\u00e1b\u00f3l. A t\u00e1rsas\u00e1g a t\u00e1virati irod\u00e1val k\u00f6z\u00f6lte, az Eur\u00f3pai Uni\u00f3 \u00e1ltal is t\u00e1mogatott ECDL birtokosai az informatikai \u00edr\u00e1stud\u00e1sukat a jogos\u00edtv\u00e1nnyal a vil\u00e1g k\u00f6zel 150 orsz\u00e1g\u00e1ban igazolhatj\u00e1k. Orsz\u00e1gszerte mintegy k\u00e9tsz\u00e1z vizsgak\u00f6zpontban lehet ECDL-vizsg\u00e1t tenni, a k\u00e9pz\u00e9s r\u00e9sztvev\u0151i b\u00e1rmelyik akkredit\u00e1lt vizsgak\u00f6zpont \u00e1ltal meghirdetett vizsg\u00e1ra jelentkezhetnek. A Magyarorsz\u00e1gon ki\u00e1ll\u00edtott ECDL-bizony\u00edtv\u00e1nyok k\u00fclf\u00f6ld\u00f6n is k\u00fcl\u00f6n honos\u00edt\u00e1s n\u00e9lk\u00fcl \u00e9rv\u00e9nyesek.<\/p>\n<p><em>Forr\u00e1s: magyarhirlap.hu<\/em><\/p>\n","protected":false},"excerpt":{"rendered":"<p>Sokan \u00e9rdekl\u0151dnek az ingyenes sof\u0151rk\u00e9pz\u00e9s ir\u00e1nt. Varga Mih\u00e1ly p\u00e9nz\u00fcgyminiszter elmondta: a munkaer\u0151-ut\u00e1np\u00f3tl\u00e1s miatt \u00e9vente \u00f6tsz\u00e1z\u2013ezer \u00faj g\u00e9pj\u00e1rm\u0171vezet\u0151 munk\u00e1ba \u00e1ll\u00e1sa sz\u00fcks\u00e9ges a megl\u00e9v\u0151 hi\u00e1ny p\u00f3tl\u00e1sa mellett. N\u00e9gyezren szerezhetnek t\u00e9r\u00edt\u00e9smentesen neh\u00e9zg\u00e9pj\u00e1rm\u0171re sz\u00f3l\u00f3 jogos\u00edtv\u00e1nyt, a mintegy n\u00e9gymilli\u00e1rd forintos belf\u00f6ldi forr\u00e1sb\u00f3l 2400 teherg\u00e9pj\u00e1rm\u0171-vezet\u0151 \u00e9s 1600 aut\u00f3\u00adbusz-vezet\u0151 k\u00e9pz\u00e9se val\u00f3sulhat meg a k\u00f6vetkez\u0151 \u00e9vekben \u2013 jelentette ki\u00a0 a p\u00e9nz\u00fcgyminiszter. A Magyar [&hellip;]<\/p>\n","protected":false},"author":1,"featured_media":2418,"comment_status":"open","ping_status":"open","sticky":false,"template":"","format":"standard","meta":{"_monsterinsights_skip_tracking":false,"footnotes":""},"categories":[1,203,200],"tags":[],"class_list":["post-2417","post","type-post","status-publish","format-standard","has-post-thumbnail","hentry","category-allaskereses","category-hianyszakmak","category-munkaeropiac"],"aioseo_notices":[],"aioseo_head":"\n\t\t<!-- All in One SEO 5.0.0.1 - aioseo.com -->\n\t<meta name=\"description\" content=\"Sokan \u00e9rdekl\u0151dnek az ingyenes sof\u0151rk\u00e9pz\u00e9s ir\u00e1nt. Varga Mih\u00e1ly p\u00e9nz\u00fcgyminiszter elmondta: a munkaer\u0151-ut\u00e1np\u00f3tl\u00e1s miatt \u00e9vente \u00f6tsz\u00e1z\u2013ezer \u00faj g\u00e9pj\u00e1rm\u0171vezet\u0151 munk\u00e1ba \u00e1ll\u00e1sa sz\u00fcks\u00e9ges a megl\u00e9v\u0151 hi\u00e1ny p\u00f3tl\u00e1sa mellett. N\u00e9gyezren szerezhetnek t\u00e9r\u00edt\u00e9smentesen neh\u00e9zg\u00e9pj\u00e1rm\u0171re sz\u00f3l\u00f3 jogos\u00edtv\u00e1nyt, a mintegy n\u00e9gymilli\u00e1rd forintos belf\u00f6ldi forr\u00e1sb\u00f3l 2400 teherg\u00e9pj\u00e1rm\u0171-vezet\u0151 \u00e9s 1600 aut\u00f3\u00adbusz-vezet\u0151 k\u00e9pz\u00e9se val\u00f3sulhat meg a k\u00f6vetkez\u0151 \u00e9vekben \u2013 jelentette ki a p\u00e9nz\u00fcgyminiszter. A Magyar\" \/>\n\t<meta name=\"robots\" content=\"max-image-preview:large\" \/>\n\t<meta name=\"author\" content=\"Juh\u00e1sz P\u00e9ter\"\/>\n\t<link rel=\"canonical\" href=\"https:\/\/allasorias.hu\/hirek\/nagy-az-erdeklodes-az-ingyenes-soforkepzes-irant\/\" \/>\n\t<meta name=\"generator\" content=\"All in One SEO (AIOSEO) 5.0.0.1\" \/>\n\t\t<meta property=\"og:locale\" content=\"hu_HU\" \/>\n\t\t<meta property=\"og:site_name\" content=\"AllasOrias.hu | H\u00edrek-lapszemle | \u00dczleti h\u00edrek az \u00e1ll\u00e1s \u00e9s a munka vil\u00e1g\u00e1b\u00f3l\" \/>\n\t\t<meta property=\"og:type\" content=\"article\" \/>\n\t\t<meta property=\"og:title\" content=\"Nagy az \u00e9rdekl\u0151d\u00e9s az ingyenes sof\u0151rk\u00e9pz\u00e9s ir\u00e1nt | AllasOrias.hu | H\u00edrek-lapszemle\" \/>\n\t\t<meta property=\"og:description\" content=\"Sokan \u00e9rdekl\u0151dnek az ingyenes sof\u0151rk\u00e9pz\u00e9s ir\u00e1nt. Varga Mih\u00e1ly p\u00e9nz\u00fcgyminiszter elmondta: a munkaer\u0151-ut\u00e1np\u00f3tl\u00e1s miatt \u00e9vente \u00f6tsz\u00e1z\u2013ezer \u00faj g\u00e9pj\u00e1rm\u0171vezet\u0151 munk\u00e1ba \u00e1ll\u00e1sa sz\u00fcks\u00e9ges a megl\u00e9v\u0151 hi\u00e1ny p\u00f3tl\u00e1sa mellett. N\u00e9gyezren szerezhetnek t\u00e9r\u00edt\u00e9smentesen neh\u00e9zg\u00e9pj\u00e1rm\u0171re sz\u00f3l\u00f3 jogos\u00edtv\u00e1nyt, a mintegy n\u00e9gymilli\u00e1rd forintos belf\u00f6ldi forr\u00e1sb\u00f3l 2400 teherg\u00e9pj\u00e1rm\u0171-vezet\u0151 \u00e9s 1600 aut\u00f3\u00adbusz-vezet\u0151 k\u00e9pz\u00e9se val\u00f3sulhat meg a k\u00f6vetkez\u0151 \u00e9vekben \u2013 jelentette ki a p\u00e9nz\u00fcgyminiszter. A Magyar\" \/>\n\t\t<meta property=\"og:url\" content=\"https:\/\/allasorias.hu\/hirek\/nagy-az-erdeklodes-az-ingyenes-soforkepzes-irant\/\" \/>\n\t\t<meta property=\"og:image\" content=\"https:\/\/allasorias.hu\/hirek\/wp-content\/uploads\/2019\/01\/pexels-photo-620332.jpeg\" \/>\n\t\t<meta property=\"og:image:secure_url\" content=\"https:\/\/allasorias.hu\/hirek\/wp-content\/uploads\/2019\/01\/pexels-photo-620332.jpeg\" \/>\n\t\t<meta property=\"og:image:width\" content=\"640\" \/>\n\t\t<meta property=\"og:image:height\" content=\"425\" \/>\n\t\t<meta property=\"article:published_time\" content=\"2019-01-14T12:11:42+00:00\" \/>\n\t\t<meta property=\"article:modified_time\" content=\"2019-01-14T12:11:42+00:00\" \/>\n\t\t<meta property=\"article:publisher\" content=\"https:\/\/www.facebook.com\/allasorias\" \/>\n\t\t<meta name=\"twitter:card\" content=\"summary_large_image\" \/>\n\t\t<meta name=\"twitter:title\" content=\"Nagy az \u00e9rdekl\u0151d\u00e9s az ingyenes sof\u0151rk\u00e9pz\u00e9s ir\u00e1nt | AllasOrias.hu | H\u00edrek-lapszemle\" \/>\n\t\t<meta name=\"twitter:description\" content=\"Sokan \u00e9rdekl\u0151dnek az ingyenes sof\u0151rk\u00e9pz\u00e9s ir\u00e1nt. Varga Mih\u00e1ly p\u00e9nz\u00fcgyminiszter elmondta: a munkaer\u0151-ut\u00e1np\u00f3tl\u00e1s miatt \u00e9vente \u00f6tsz\u00e1z\u2013ezer \u00faj g\u00e9pj\u00e1rm\u0171vezet\u0151 munk\u00e1ba \u00e1ll\u00e1sa sz\u00fcks\u00e9ges a megl\u00e9v\u0151 hi\u00e1ny p\u00f3tl\u00e1sa mellett. N\u00e9gyezren szerezhetnek t\u00e9r\u00edt\u00e9smentesen neh\u00e9zg\u00e9pj\u00e1rm\u0171re sz\u00f3l\u00f3 jogos\u00edtv\u00e1nyt, a mintegy n\u00e9gymilli\u00e1rd forintos belf\u00f6ldi forr\u00e1sb\u00f3l 2400 teherg\u00e9pj\u00e1rm\u0171-vezet\u0151 \u00e9s 1600 aut\u00f3\u00adbusz-vezet\u0151 k\u00e9pz\u00e9se val\u00f3sulhat meg a k\u00f6vetkez\u0151 \u00e9vekben \u2013 jelentette ki a p\u00e9nz\u00fcgyminiszter. A Magyar\" \/>\n\t\t<meta name=\"twitter:image\" content=\"https:\/\/allasorias.hu\/hirek\/wp-content\/uploads\/2019\/01\/pexels-photo-620332.jpeg\" \/>\n\t\t<meta name=\"twitter:label1\" content=\"Written by\" \/>\n\t\t<meta name=\"twitter:data1\" content=\"Juh\u00e1sz P\u00e9ter\" \/>\n\t\t<meta name=\"twitter:label2\" content=\"Est. reading time\" \/>\n\t\t<meta name=\"twitter:data2\" content=\"3 minutes\" \/>\n\t\t<script type=\"application\/ld+json\" class=\"aioseo-schema\">\n\t\t\t{\"@context\":\"https:\\\/\\\/schema.org\",\"@graph\":[{\"@type\":\"Article\",\"@id\":\"https:\\\/\\\/allasorias.hu\\\/hirek\\\/nagy-az-erdeklodes-az-ingyenes-soforkepzes-irant\\\/#article\",\"name\":\"Nagy az \\u00e9rdekl\\u0151d\\u00e9s az ingyenes sof\\u0151rk\\u00e9pz\\u00e9s ir\\u00e1nt | AllasOrias.hu | H\\u00edrek-lapszemle\",\"headline\":\"Nagy az \\u00e9rdekl\\u0151d\\u00e9s az ingyenes sof\\u0151rk\\u00e9pz\\u00e9s ir\\u00e1nt\",\"author\":{\"@id\":\"https:\\\/\\\/allasorias.hu\\\/hirek\\\/author\\\/admin-allasorias\\\/#author\"},\"publisher\":{\"@id\":\"https:\\\/\\\/allasorias.hu\\\/hirek\\\/#organization\"},\"image\":{\"@type\":\"ImageObject\",\"url\":\"https:\\\/\\\/allasorias.hu\\\/hirek\\\/wp-content\\\/uploads\\\/2019\\\/01\\\/pexels-photo-620332.jpeg\",\"width\":640,\"height\":425},\"datePublished\":\"2019-01-14T12:11:42+02:00\",\"dateModified\":\"2019-01-14T12:11:42+02:00\",\"inLanguage\":\"hu-HU\",\"mainEntityOfPage\":{\"@id\":\"https:\\\/\\\/allasorias.hu\\\/hirek\\\/nagy-az-erdeklodes-az-ingyenes-soforkepzes-irant\\\/#webpage\"},\"isPartOf\":{\"@id\":\"https:\\\/\\\/allasorias.hu\\\/hirek\\\/nagy-az-erdeklodes-az-ingyenes-soforkepzes-irant\\\/#webpage\"},\"articleSection\":\"\\u00c1ll\\u00e1skeres\\u00e9s, Hi\\u00e1nyszakm\\u00e1k, Munkaer\\u0151piac\"},{\"@type\":\"BreadcrumbList\",\"@id\":\"https:\\\/\\\/allasorias.hu\\\/hirek\\\/nagy-az-erdeklodes-az-ingyenes-soforkepzes-irant\\\/#breadcrumblist\",\"itemListElement\":[{\"@type\":\"ListItem\",\"@id\":\"https:\\\/\\\/allasorias.hu\\\/hirek#listItem\",\"position\":1,\"name\":\"Home\",\"item\":\"https:\\\/\\\/allasorias.hu\\\/hirek\",\"nextItem\":{\"@type\":\"ListItem\",\"@id\":\"https:\\\/\\\/allasorias.hu\\\/hirek\\\/temak\\\/allaskereses\\\/#listItem\",\"name\":\"\\u00c1ll\\u00e1skeres\\u00e9s\"}},{\"@type\":\"ListItem\",\"@id\":\"https:\\\/\\\/allasorias.hu\\\/hirek\\\/temak\\\/allaskereses\\\/#listItem\",\"position\":2,\"name\":\"\\u00c1ll\\u00e1skeres\\u00e9s\",\"item\":\"https:\\\/\\\/allasorias.hu\\\/hirek\\\/temak\\\/allaskereses\\\/\",\"nextItem\":{\"@type\":\"ListItem\",\"@id\":\"https:\\\/\\\/allasorias.hu\\\/hirek\\\/nagy-az-erdeklodes-az-ingyenes-soforkepzes-irant\\\/#listItem\",\"name\":\"Nagy az \\u00e9rdekl\\u0151d\\u00e9s az ingyenes sof\\u0151rk\\u00e9pz\\u00e9s ir\\u00e1nt\"},\"previousItem\":{\"@type\":\"ListItem\",\"@id\":\"https:\\\/\\\/allasorias.hu\\\/hirek#listItem\",\"name\":\"Home\"}},{\"@type\":\"ListItem\",\"@id\":\"https:\\\/\\\/allasorias.hu\\\/hirek\\\/nagy-az-erdeklodes-az-ingyenes-soforkepzes-irant\\\/#listItem\",\"position\":3,\"name\":\"Nagy az \\u00e9rdekl\\u0151d\\u00e9s az ingyenes sof\\u0151rk\\u00e9pz\\u00e9s ir\\u00e1nt\",\"previousItem\":{\"@type\":\"ListItem\",\"@id\":\"https:\\\/\\\/allasorias.hu\\\/hirek\\\/temak\\\/allaskereses\\\/#listItem\",\"name\":\"\\u00c1ll\\u00e1skeres\\u00e9s\"}}]},{\"@type\":\"Organization\",\"@id\":\"https:\\\/\\\/allasorias.hu\\\/hirek\\\/#organization\",\"name\":\"AllasOrias.hu | H\\u00edrek-lapszemle\",\"description\":\"\\u00dczleti h\\u00edrek az \\u00e1ll\\u00e1s \\u00e9s a munka vil\\u00e1g\\u00e1b\\u00f3l\",\"url\":\"https:\\\/\\\/allasorias.hu\\\/hirek\\\/\",\"logo\":{\"@type\":\"ImageObject\",\"url\":\"https:\\\/\\\/allasorias.hu\\\/hirek\\\/wp-content\\\/uploads\\\/2022\\\/10\\\/allasorias_site_facebok_logo.png\",\"@id\":\"https:\\\/\\\/allasorias.hu\\\/hirek\\\/nagy-az-erdeklodes-az-ingyenes-soforkepzes-irant\\\/#organizationLogo\"},\"image\":{\"@id\":\"https:\\\/\\\/allasorias.hu\\\/hirek\\\/nagy-az-erdeklodes-az-ingyenes-soforkepzes-irant\\\/#organizationLogo\"},\"sameAs\":[\"https:\\\/\\\/www.facebook.com\\\/allasorias\",\"https:\\\/\\\/www.linkedin.com\\\/company\\\/allasorias\"]},{\"@type\":\"Person\",\"@id\":\"https:\\\/\\\/allasorias.hu\\\/hirek\\\/author\\\/admin-allasorias\\\/#author\",\"url\":\"https:\\\/\\\/allasorias.hu\\\/hirek\\\/author\\\/admin-allasorias\\\/\",\"name\":\"Juh\\u00e1sz P\\u00e9ter\",\"image\":{\"@type\":\"ImageObject\",\"@id\":\"https:\\\/\\\/allasorias.hu\\\/hirek\\\/nagy-az-erdeklodes-az-ingyenes-soforkepzes-irant\\\/#authorImage\",\"url\":\"https:\\\/\\\/secure.gravatar.com\\\/avatar\\\/36e6bcb83148978b992977cb0f54d22feb0cce8a0a849a9410532bb2623ba4c6?s=96&d=mm&r=g\",\"width\":96,\"height\":96,\"caption\":\"Juh\\u00e1sz P\\u00e9ter\"}},{\"@type\":\"WebPage\",\"@id\":\"https:\\\/\\\/allasorias.hu\\\/hirek\\\/nagy-az-erdeklodes-az-ingyenes-soforkepzes-irant\\\/#webpage\",\"url\":\"https:\\\/\\\/allasorias.hu\\\/hirek\\\/nagy-az-erdeklodes-az-ingyenes-soforkepzes-irant\\\/\",\"name\":\"Nagy az \\u00e9rdekl\\u0151d\\u00e9s az ingyenes sof\\u0151rk\\u00e9pz\\u00e9s ir\\u00e1nt | AllasOrias.hu | H\\u00edrek-lapszemle\",\"description\":\"Sokan \\u00e9rdekl\\u0151dnek az ingyenes sof\\u0151rk\\u00e9pz\\u00e9s ir\\u00e1nt. Varga Mih\\u00e1ly p\\u00e9nz\\u00fcgyminiszter elmondta: a munkaer\\u0151-ut\\u00e1np\\u00f3tl\\u00e1s miatt \\u00e9vente \\u00f6tsz\\u00e1z\\u2013ezer \\u00faj g\\u00e9pj\\u00e1rm\\u0171vezet\\u0151 munk\\u00e1ba \\u00e1ll\\u00e1sa sz\\u00fcks\\u00e9ges a megl\\u00e9v\\u0151 hi\\u00e1ny p\\u00f3tl\\u00e1sa mellett. N\\u00e9gyezren szerezhetnek t\\u00e9r\\u00edt\\u00e9smentesen neh\\u00e9zg\\u00e9pj\\u00e1rm\\u0171re sz\\u00f3l\\u00f3 jogos\\u00edtv\\u00e1nyt, a mintegy n\\u00e9gymilli\\u00e1rd forintos belf\\u00f6ldi forr\\u00e1sb\\u00f3l 2400 teherg\\u00e9pj\\u00e1rm\\u0171-vezet\\u0151 \\u00e9s 1600 aut\\u00f3\\u00adbusz-vezet\\u0151 k\\u00e9pz\\u00e9se val\\u00f3sulhat meg a k\\u00f6vetkez\\u0151 \\u00e9vekben \\u2013 jelentette ki a p\\u00e9nz\\u00fcgyminiszter. A Magyar\",\"inLanguage\":\"hu-HU\",\"isPartOf\":{\"@id\":\"https:\\\/\\\/allasorias.hu\\\/hirek\\\/#website\"},\"breadcrumb\":{\"@id\":\"https:\\\/\\\/allasorias.hu\\\/hirek\\\/nagy-az-erdeklodes-az-ingyenes-soforkepzes-irant\\\/#breadcrumblist\"},\"author\":{\"@id\":\"https:\\\/\\\/allasorias.hu\\\/hirek\\\/author\\\/admin-allasorias\\\/#author\"},\"creator\":{\"@id\":\"https:\\\/\\\/allasorias.hu\\\/hirek\\\/author\\\/admin-allasorias\\\/#author\"},\"image\":{\"@type\":\"ImageObject\",\"url\":\"https:\\\/\\\/allasorias.hu\\\/hirek\\\/wp-content\\\/uploads\\\/2019\\\/01\\\/pexels-photo-620332.jpeg\",\"@id\":\"https:\\\/\\\/allasorias.hu\\\/hirek\\\/nagy-az-erdeklodes-az-ingyenes-soforkepzes-irant\\\/#mainImage\",\"width\":640,\"height\":425},\"primaryImageOfPage\":{\"@id\":\"https:\\\/\\\/allasorias.hu\\\/hirek\\\/nagy-az-erdeklodes-az-ingyenes-soforkepzes-irant\\\/#mainImage\"},\"datePublished\":\"2019-01-14T12:11:42+02:00\",\"dateModified\":\"2019-01-14T12:11:42+02:00\"},{\"@type\":\"WebSite\",\"@id\":\"https:\\\/\\\/allasorias.hu\\\/hirek\\\/#website\",\"url\":\"https:\\\/\\\/allasorias.hu\\\/hirek\\\/\",\"name\":\"AllasOrias.hu | H\\u00edrek-lapszemle\",\"description\":\"\\u00dczleti h\\u00edrek az \\u00e1ll\\u00e1s \\u00e9s a munka vil\\u00e1g\\u00e1b\\u00f3l\",\"inLanguage\":\"hu-HU\",\"publisher\":{\"@id\":\"https:\\\/\\\/allasorias.hu\\\/hirek\\\/#organization\"}}]}\n\t\t<\/script>\n\t\t<!-- All in One SEO -->\n\n","aioseo_head_json":{"title":"Nagy az \u00e9rdekl\u0151d\u00e9s az ingyenes sof\u0151rk\u00e9pz\u00e9s ir\u00e1nt | AllasOrias.hu | H\u00edrek-lapszemle","description":"Sokan \u00e9rdekl\u0151dnek az ingyenes sof\u0151rk\u00e9pz\u00e9s ir\u00e1nt. Varga Mih\u00e1ly p\u00e9nz\u00fcgyminiszter elmondta: a munkaer\u0151-ut\u00e1np\u00f3tl\u00e1s miatt \u00e9vente \u00f6tsz\u00e1z\u2013ezer \u00faj g\u00e9pj\u00e1rm\u0171vezet\u0151 munk\u00e1ba \u00e1ll\u00e1sa sz\u00fcks\u00e9ges a megl\u00e9v\u0151 hi\u00e1ny p\u00f3tl\u00e1sa mellett. N\u00e9gyezren szerezhetnek t\u00e9r\u00edt\u00e9smentesen neh\u00e9zg\u00e9pj\u00e1rm\u0171re sz\u00f3l\u00f3 jogos\u00edtv\u00e1nyt, a mintegy n\u00e9gymilli\u00e1rd forintos belf\u00f6ldi forr\u00e1sb\u00f3l 2400 teherg\u00e9pj\u00e1rm\u0171-vezet\u0151 \u00e9s 1600 aut\u00f3\u00adbusz-vezet\u0151 k\u00e9pz\u00e9se val\u00f3sulhat meg a k\u00f6vetkez\u0151 \u00e9vekben \u2013 jelentette ki a p\u00e9nz\u00fcgyminiszter. A Magyar","canonical_url":"https:\/\/allasorias.hu\/hirek\/nagy-az-erdeklodes-az-ingyenes-soforkepzes-irant\/","robots":"max-image-preview:large","keywords":"","webmasterTools":{"miscellaneous":""},"schema":{"@context":"https:\/\/schema.org","@graph":[{"@type":"Article","@id":"https:\/\/allasorias.hu\/hirek\/nagy-az-erdeklodes-az-ingyenes-soforkepzes-irant\/#article","name":"Nagy az \u00e9rdekl\u0151d\u00e9s az ingyenes sof\u0151rk\u00e9pz\u00e9s ir\u00e1nt | AllasOrias.hu | H\u00edrek-lapszemle","headline":"Nagy az \u00e9rdekl\u0151d\u00e9s az ingyenes sof\u0151rk\u00e9pz\u00e9s ir\u00e1nt","author":{"@id":"https:\/\/allasorias.hu\/hirek\/author\/admin-allasorias\/#author"},"publisher":{"@id":"https:\/\/allasorias.hu\/hirek\/#organization"},"image":{"@type":"ImageObject","url":"https:\/\/allasorias.hu\/hirek\/wp-content\/uploads\/2019\/01\/pexels-photo-620332.jpeg","width":640,"height":425},"datePublished":"2019-01-14T12:11:42+02:00","dateModified":"2019-01-14T12:11:42+02:00","inLanguage":"hu-HU","mainEntityOfPage":{"@id":"https:\/\/allasorias.hu\/hirek\/nagy-az-erdeklodes-az-ingyenes-soforkepzes-irant\/#webpage"},"isPartOf":{"@id":"https:\/\/allasorias.hu\/hirek\/nagy-az-erdeklodes-az-ingyenes-soforkepzes-irant\/#webpage"},"articleSection":"\u00c1ll\u00e1skeres\u00e9s, Hi\u00e1nyszakm\u00e1k, Munkaer\u0151piac"},{"@type":"BreadcrumbList","@id":"https:\/\/allasorias.hu\/hirek\/nagy-az-erdeklodes-az-ingyenes-soforkepzes-irant\/#breadcrumblist","itemListElement":[{"@type":"ListItem","@id":"https:\/\/allasorias.hu\/hirek#listItem","position":1,"name":"Home","item":"https:\/\/allasorias.hu\/hirek","nextItem":{"@type":"ListItem","@id":"https:\/\/allasorias.hu\/hirek\/temak\/allaskereses\/#listItem","name":"\u00c1ll\u00e1skeres\u00e9s"}},{"@type":"ListItem","@id":"https:\/\/allasorias.hu\/hirek\/temak\/allaskereses\/#listItem","position":2,"name":"\u00c1ll\u00e1skeres\u00e9s","item":"https:\/\/allasorias.hu\/hirek\/temak\/allaskereses\/","nextItem":{"@type":"ListItem","@id":"https:\/\/allasorias.hu\/hirek\/nagy-az-erdeklodes-az-ingyenes-soforkepzes-irant\/#listItem","name":"Nagy az \u00e9rdekl\u0151d\u00e9s az ingyenes sof\u0151rk\u00e9pz\u00e9s ir\u00e1nt"},"previousItem":{"@type":"ListItem","@id":"https:\/\/allasorias.hu\/hirek#listItem","name":"Home"}},{"@type":"ListItem","@id":"https:\/\/allasorias.hu\/hirek\/nagy-az-erdeklodes-az-ingyenes-soforkepzes-irant\/#listItem","position":3,"name":"Nagy az \u00e9rdekl\u0151d\u00e9s az ingyenes sof\u0151rk\u00e9pz\u00e9s ir\u00e1nt","previousItem":{"@type":"ListItem","@id":"https:\/\/allasorias.hu\/hirek\/temak\/allaskereses\/#listItem","name":"\u00c1ll\u00e1skeres\u00e9s"}}]},{"@type":"Organization","@id":"https:\/\/allasorias.hu\/hirek\/#organization","name":"AllasOrias.hu | H\u00edrek-lapszemle","description":"\u00dczleti h\u00edrek az \u00e1ll\u00e1s \u00e9s a munka vil\u00e1g\u00e1b\u00f3l","url":"https:\/\/allasorias.hu\/hirek\/","logo":{"@type":"ImageObject","url":"https:\/\/allasorias.hu\/hirek\/wp-content\/uploads\/2022\/10\/allasorias_site_facebok_logo.png","@id":"https:\/\/allasorias.hu\/hirek\/nagy-az-erdeklodes-az-ingyenes-soforkepzes-irant\/#organizationLogo"},"image":{"@id":"https:\/\/allasorias.hu\/hirek\/nagy-az-erdeklodes-az-ingyenes-soforkepzes-irant\/#organizationLogo"},"sameAs":["https:\/\/www.facebook.com\/allasorias","https:\/\/www.linkedin.com\/company\/allasorias"]},{"@type":"Person","@id":"https:\/\/allasorias.hu\/hirek\/author\/admin-allasorias\/#author","url":"https:\/\/allasorias.hu\/hirek\/author\/admin-allasorias\/","name":"Juh\u00e1sz P\u00e9ter","image":{"@type":"ImageObject","@id":"https:\/\/allasorias.hu\/hirek\/nagy-az-erdeklodes-az-ingyenes-soforkepzes-irant\/#authorImage","url":"https:\/\/secure.gravatar.com\/avatar\/36e6bcb83148978b992977cb0f54d22feb0cce8a0a849a9410532bb2623ba4c6?s=96&d=mm&r=g","width":96,"height":96,"caption":"Juh\u00e1sz P\u00e9ter"}},{"@type":"WebPage","@id":"https:\/\/allasorias.hu\/hirek\/nagy-az-erdeklodes-az-ingyenes-soforkepzes-irant\/#webpage","url":"https:\/\/allasorias.hu\/hirek\/nagy-az-erdeklodes-az-ingyenes-soforkepzes-irant\/","name":"Nagy az \u00e9rdekl\u0151d\u00e9s az ingyenes sof\u0151rk\u00e9pz\u00e9s ir\u00e1nt | AllasOrias.hu | H\u00edrek-lapszemle","description":"Sokan \u00e9rdekl\u0151dnek az ingyenes sof\u0151rk\u00e9pz\u00e9s ir\u00e1nt. Varga Mih\u00e1ly p\u00e9nz\u00fcgyminiszter elmondta: a munkaer\u0151-ut\u00e1np\u00f3tl\u00e1s miatt \u00e9vente \u00f6tsz\u00e1z\u2013ezer \u00faj g\u00e9pj\u00e1rm\u0171vezet\u0151 munk\u00e1ba \u00e1ll\u00e1sa sz\u00fcks\u00e9ges a megl\u00e9v\u0151 hi\u00e1ny p\u00f3tl\u00e1sa mellett. N\u00e9gyezren szerezhetnek t\u00e9r\u00edt\u00e9smentesen neh\u00e9zg\u00e9pj\u00e1rm\u0171re sz\u00f3l\u00f3 jogos\u00edtv\u00e1nyt, a mintegy n\u00e9gymilli\u00e1rd forintos belf\u00f6ldi forr\u00e1sb\u00f3l 2400 teherg\u00e9pj\u00e1rm\u0171-vezet\u0151 \u00e9s 1600 aut\u00f3\u00adbusz-vezet\u0151 k\u00e9pz\u00e9se val\u00f3sulhat meg a k\u00f6vetkez\u0151 \u00e9vekben \u2013 jelentette ki a p\u00e9nz\u00fcgyminiszter. A Magyar","inLanguage":"hu-HU","isPartOf":{"@id":"https:\/\/allasorias.hu\/hirek\/#website"},"breadcrumb":{"@id":"https:\/\/allasorias.hu\/hirek\/nagy-az-erdeklodes-az-ingyenes-soforkepzes-irant\/#breadcrumblist"},"author":{"@id":"https:\/\/allasorias.hu\/hirek\/author\/admin-allasorias\/#author"},"creator":{"@id":"https:\/\/allasorias.hu\/hirek\/author\/admin-allasorias\/#author"},"image":{"@type":"ImageObject","url":"https:\/\/allasorias.hu\/hirek\/wp-content\/uploads\/2019\/01\/pexels-photo-620332.jpeg","@id":"https:\/\/allasorias.hu\/hirek\/nagy-az-erdeklodes-az-ingyenes-soforkepzes-irant\/#mainImage","width":640,"height":425},"primaryImageOfPage":{"@id":"https:\/\/allasorias.hu\/hirek\/nagy-az-erdeklodes-az-ingyenes-soforkepzes-irant\/#mainImage"},"datePublished":"2019-01-14T12:11:42+02:00","dateModified":"2019-01-14T12:11:42+02:00"},{"@type":"WebSite","@id":"https:\/\/allasorias.hu\/hirek\/#website","url":"https:\/\/allasorias.hu\/hirek\/","name":"AllasOrias.hu | H\u00edrek-lapszemle","description":"\u00dczleti h\u00edrek az \u00e1ll\u00e1s \u00e9s a munka vil\u00e1g\u00e1b\u00f3l","inLanguage":"hu-HU","publisher":{"@id":"https:\/\/allasorias.hu\/hirek\/#organization"}}]},"og:locale":"hu_HU","og:site_name":"AllasOrias.hu | H\u00edrek-lapszemle | \u00dczleti h\u00edrek az \u00e1ll\u00e1s \u00e9s a munka vil\u00e1g\u00e1b\u00f3l","og:type":"article","og:title":"Nagy az \u00e9rdekl\u0151d\u00e9s az ingyenes sof\u0151rk\u00e9pz\u00e9s ir\u00e1nt | AllasOrias.hu | H\u00edrek-lapszemle","og:description":"Sokan \u00e9rdekl\u0151dnek az ingyenes sof\u0151rk\u00e9pz\u00e9s ir\u00e1nt. Varga Mih\u00e1ly p\u00e9nz\u00fcgyminiszter elmondta: a munkaer\u0151-ut\u00e1np\u00f3tl\u00e1s miatt \u00e9vente \u00f6tsz\u00e1z\u2013ezer \u00faj g\u00e9pj\u00e1rm\u0171vezet\u0151 munk\u00e1ba \u00e1ll\u00e1sa sz\u00fcks\u00e9ges a megl\u00e9v\u0151 hi\u00e1ny p\u00f3tl\u00e1sa mellett. N\u00e9gyezren szerezhetnek t\u00e9r\u00edt\u00e9smentesen neh\u00e9zg\u00e9pj\u00e1rm\u0171re sz\u00f3l\u00f3 jogos\u00edtv\u00e1nyt, a mintegy n\u00e9gymilli\u00e1rd forintos belf\u00f6ldi forr\u00e1sb\u00f3l 2400 teherg\u00e9pj\u00e1rm\u0171-vezet\u0151 \u00e9s 1600 aut\u00f3\u00adbusz-vezet\u0151 k\u00e9pz\u00e9se val\u00f3sulhat meg a k\u00f6vetkez\u0151 \u00e9vekben \u2013 jelentette ki a p\u00e9nz\u00fcgyminiszter. A Magyar","og:url":"https:\/\/allasorias.hu\/hirek\/nagy-az-erdeklodes-az-ingyenes-soforkepzes-irant\/","og:image":"https:\/\/allasorias.hu\/hirek\/wp-content\/uploads\/2019\/01\/pexels-photo-620332.jpeg","og:image:secure_url":"https:\/\/allasorias.hu\/hirek\/wp-content\/uploads\/2019\/01\/pexels-photo-620332.jpeg","og:image:width":640,"og:image:height":425,"article:published_time":"2019-01-14T12:11:42+00:00","article:modified_time":"2019-01-14T12:11:42+00:00","article:publisher":"https:\/\/www.facebook.com\/allasorias","twitter:card":"summary_large_image","twitter:title":"Nagy az \u00e9rdekl\u0151d\u00e9s az ingyenes sof\u0151rk\u00e9pz\u00e9s ir\u00e1nt | AllasOrias.hu | H\u00edrek-lapszemle","twitter:description":"Sokan \u00e9rdekl\u0151dnek az ingyenes sof\u0151rk\u00e9pz\u00e9s ir\u00e1nt. Varga Mih\u00e1ly p\u00e9nz\u00fcgyminiszter elmondta: a munkaer\u0151-ut\u00e1np\u00f3tl\u00e1s miatt \u00e9vente \u00f6tsz\u00e1z\u2013ezer \u00faj g\u00e9pj\u00e1rm\u0171vezet\u0151 munk\u00e1ba \u00e1ll\u00e1sa sz\u00fcks\u00e9ges a megl\u00e9v\u0151 hi\u00e1ny p\u00f3tl\u00e1sa mellett. N\u00e9gyezren szerezhetnek t\u00e9r\u00edt\u00e9smentesen neh\u00e9zg\u00e9pj\u00e1rm\u0171re sz\u00f3l\u00f3 jogos\u00edtv\u00e1nyt, a mintegy n\u00e9gymilli\u00e1rd forintos belf\u00f6ldi forr\u00e1sb\u00f3l 2400 teherg\u00e9pj\u00e1rm\u0171-vezet\u0151 \u00e9s 1600 aut\u00f3\u00adbusz-vezet\u0151 k\u00e9pz\u00e9se val\u00f3sulhat meg a k\u00f6vetkez\u0151 \u00e9vekben \u2013 jelentette ki a p\u00e9nz\u00fcgyminiszter. A Magyar","twitter:image":"https:\/\/allasorias.hu\/hirek\/wp-content\/uploads\/2019\/01\/pexels-photo-620332.jpeg","twitter:label1":"Written by","twitter:data1":"Juh\u00e1sz P\u00e9ter","twitter:label2":"Est. reading time","twitter:data2":"3 minutes"},"aioseo_meta_data":{"post_id":"2417","title":null,"description":null,"keywords":null,"keyphrases":null,"primary_term":null,"canonical_url":null,"og_title":null,"og_description":null,"og_object_type":"default","og_image_type":"default","og_image_url":null,"og_image_width":null,"og_image_height":null,"og_image_custom_url":null,"og_image_custom_fields":null,"og_video":null,"og_custom_url":null,"og_article_section":null,"og_article_tags":null,"twitter_use_og":false,"twitter_card":"default","twitter_image_type":"default","twitter_image_url":null,"twitter_image_custom_url":null,"twitter_image_custom_fields":null,"twitter_title":null,"twitter_description":null,"schema":{"blockGraphs":[],"customGraphs":[],"default":{"data":{"Article":[],"Course":[],"Dataset":[],"FAQPage":[],"Movie":[],"Person":[],"Product":[],"ProductReview":[],"Car":[],"Recipe":[],"Service":[],"SoftwareApplication":[],"WebPage":[]},"graphName":"","isEnabled":true},"graphs":[],"defaultGraph":"","defaultPostTypeGraph":""},"schema_type":null,"schema_type_options":null,"pillar_content":false,"robots_default":true,"robots_noindex":false,"robots_noarchive":false,"robots_nosnippet":false,"robots_nofollow":false,"robots_noimageindex":false,"robots_noodp":false,"robots_notranslate":false,"robots_max_snippet":null,"robots_max_videopreview":null,"robots_max_imagepreview":"large","priority":null,"frequency":null,"location":null,"local_seo":null,"breadcrumb_settings":null,"limit_modified_date":false,"ai":null,"created":"2021-02-01 20:46:01","updated":"2025-10-02 09:48:35","seo_analyzer_scan_date":null,"focus_keyword":null,"additional_keywords":null,"truseo_locale":null},"aioseo_breadcrumb":"<div class=\"aioseo-breadcrumbs\"><span class=\"aioseo-breadcrumb\">\n\t\t\t<a href=\"https:\/\/allasorias.hu\/hirek\" title=\"Home\">Home<\/a>\n\t\t<\/span><span class=\"aioseo-breadcrumb-separator\">&raquo;<\/span><span class=\"aioseo-breadcrumb\">\n\t\t\t<a href=\"https:\/\/allasorias.hu\/hirek\/temak\/allaskereses\/\" title=\"\u00c1ll\u00e1skeres\u00e9s\">\u00c1ll\u00e1skeres\u00e9s<\/a>\n\t\t<\/span><span class=\"aioseo-breadcrumb-separator\">&raquo;<\/span><span class=\"aioseo-breadcrumb\">\n\t\t\tNagy az \u00e9rdekl\u0151d\u00e9s az ingyenes sof\u0151rk\u00e9pz\u00e9s ir\u00e1nt\n\t\t<\/span><\/div>","aioseo_breadcrumb_json":[{"label":"Home","link":"https:\/\/allasorias.hu\/hirek"},{"label":"\u00c1ll\u00e1skeres\u00e9s","link":"https:\/\/allasorias.hu\/hirek\/temak\/allaskereses\/"},{"label":"Nagy az \u00e9rdekl\u0151d\u00e9s az ingyenes sof\u0151rk\u00e9pz\u00e9s ir\u00e1nt","link":"https:\/\/allasorias.hu\/hirek\/nagy-az-erdeklodes-az-ingyenes-soforkepzes-irant\/"}],"_links":{"self":[{"href":"https:\/\/allasorias.hu\/hirek\/wp-json\/wp\/v2\/posts\/2417","targetHints":{"allow":["GET"]}}],"collection":[{"href":"https:\/\/allasorias.hu\/hirek\/wp-json\/wp\/v2\/posts"}],"about":[{"href":"https:\/\/allasorias.hu\/hirek\/wp-json\/wp\/v2\/types\/post"}],"author":[{"embeddable":true,"href":"https:\/\/allasorias.hu\/hirek\/wp-json\/wp\/v2\/users\/1"}],"replies":[{"embeddable":true,"href":"https:\/\/allasorias.hu\/hirek\/wp-json\/wp\/v2\/comments?post=2417"}],"version-history":[{"count":1,"href":"https:\/\/allasorias.hu\/hirek\/wp-json\/wp\/v2\/posts\/2417\/revisions"}],"predecessor-version":[{"id":2419,"href":"https:\/\/allasorias.hu\/hirek\/wp-json\/wp\/v2\/posts\/2417\/revisions\/2419"}],"wp:featuredmedia":[{"embeddable":true,"href":"https:\/\/allasorias.hu\/hirek\/wp-json\/wp\/v2\/media\/2418"}],"wp:attachment":[{"href":"https:\/\/allasorias.hu\/hirek\/wp-json\/wp\/v2\/media?parent=2417"}],"wp:term":[{"taxonomy":"category","embeddable":true,"href":"https:\/\/allasorias.hu\/hirek\/wp-json\/wp\/v2\/categories?post=2417"},{"taxonomy":"post_tag","embeddable":true,"href":"https:\/\/allasorias.hu\/hirek\/wp-json\/wp\/v2\/tags?post=2417"}],"curies":[{"name":"wp","href":"https:\/\/api.w.org\/{rel}","templated":true}]}}